{"id":594370,"date":"2025-02-11T16:54:33","date_gmt":"2025-02-11T19:54:33","guid":{"rendered":"https:\/\/www.suno.com.br\/noticias\/?p=594370"},"modified":"2025-02-11T16:54:33","modified_gmt":"2025-02-11T19:54:33","slug":"inflacao-alimentos-menos-oferta-ibge-ab-gss","status":"publish","type":"post","link":"https:\/\/www.suno.com.br\/noticias\/inflacao-alimentos-menos-oferta-ibge-ab-gss\/","title":{"rendered":"Infla\u00e7\u00e3o dos alimentos \u00e9 explicada por menos oferta, diz IBGE"},"content":{"rendered":"<p class=\"has-text-align-center\">A menor oferta de produtos aliment\u00edcios como o tomate e a cenoura explicam a alta da <strong>infla\u00e7\u00e3o<\/strong> de alimentos apurada pelo <a class=\"suno-keyword\" data-force=\"no\" data-priority=\"2\" href=\"https:\/\/www.suno.com.br\/guias\/ipca\/\" target=\"_blank\" rel=\"noopener\">\u00cdndice Nacional de Pre\u00e7os ao Consumidor Amplo (IPCA)<\/a> de janeiro.<img decoding=\"async\" style=\"width: 1px; height: 1px; display: inline;\" src=\"https:\/\/agenciabrasil.ebc.com.br\/ebc.png?id=1629852&amp;o=rss\"><img decoding=\"async\" style=\"width: 1px; height: 1px; display: inline;\" src=\"https:\/\/agenciabrasil.ebc.com.br\/ebc.gif?id=1629852&amp;o=rss\"><\/p>\t<div class=\"wrapper-featured-image\">\n\t\t<figure class=\"spotlightImg\">\n\n\t\t\t<picture>\n\t\t\t\t<source media=\"(max-width: 768px)\" srcset=\"https:\/\/files.sunoresearch.com.br\/n\/uploads\/2024\/01\/inflacao-alimentos-comida-supermercado-400x200.jpg\">\n\t\t\t\t<img loading=\"lazy\" decoding=\"async\" class=\"newsContent__article__imgCapa lazyloadDisabled \" src=\"https:\/\/files.sunoresearch.com.br\/n\/uploads\/2024\/01\/inflacao-alimentos-comida-supermercado-800x450.jpg\" width=\"800\" height=\"450\" alt=\"Infla\u00e7\u00e3o dos alimentos \u00e9 explicada por menos oferta, diz IBGE\" fetchpriority=high \/>\n\t\t\t<\/picture>\n\n\t\t\t<figcaption class=\"wp-caption-text wp-caption-text--show\">Foto: Freepik\/ RawPixel<\/figcaption>\n\t\t<\/figure>\n\t<\/div>\n\n\n<p class=\"has-text-align-center\">A menor oferta de produtos aliment\u00edcios como o tomate e a cenoura explicam a alta da <strong>infla\u00e7\u00e3o<\/strong> de alimentos apurada pelo <a class=\"suno-keyword\" data-force=\"no\" data-priority=\"2\" href=\"https:\/\/www.suno.com.br\/guias\/ipca\/\" target=\"_blank\" rel=\"noopener\">\u00cdndice Nacional de Pre\u00e7os ao Consumidor Amplo (IPCA)<\/a> de janeiro.<img decoding=\"async\" style=\"width: 1px; height: 1px; display: inline;\" src=\"https:\/\/agenciabrasil.ebc.com.br\/ebc.png?id=1629852&amp;o=rss\"><img decoding=\"async\" style=\"width: 1px; height: 1px; display: inline;\" src=\"https:\/\/agenciabrasil.ebc.com.br\/ebc.gif?id=1629852&amp;o=rss\"><\/p>\n\n\n\n\n\t<p>\n\t\t<a href=\"\" target=\"_blank\" data-element=\"shortcode-suno-banner\" title=\"Banner SUNO, clique e saiba mais\">\n\t\t\t<picture>\n\t\t\t\t<source media=\"(max-width: 500px)\" srcset=\"\">\n\t\t\t\t<img class=\"newsContent__article__imgCapa newsContent__article__imgCapa--banner\"\n\t\t\t\t\tsrc=\"\"\n\t\t\t\t\tdata-promo-id=\"240038\"\t\t\t\t\t\t\t\t\t\t\t\t\t\t\talt=\"\"\n\t\t\t\t>\n\t\t\t<\/picture>\n\t\t<\/a>\n\t<\/p>\n\n\n\n\n\n\n\n\n\n<p>Apesar da alta, o resultado \u00e9 uma desacelera\u00e7\u00e3o. Em dezembro, o grupo teve expans\u00e3o nos pre\u00e7os de 1,18%.<\/p>\n\n\n\n<p>Em janeiro, s\u00f3 o grupo transportes (alta de 1,3% e peso de 0,27 p.p.) subiu mais que os alimentos e bebidas. O IPCA como um todo fechou o primeiro m\u00eas do ano em 0,16%, o menor para o m\u00eas desde 1994, quando come\u00e7ou o Plano Real.<\/p>\n\n\n\n<h2 class=\"wp-block-heading\">Preocupa\u00e7\u00e3o com pre\u00e7os<\/h2>\n\n\n\n<p>A <strong>infla\u00e7\u00e3o dos alimentos<\/strong> \u00e9 um dos principais focos de preocupa\u00e7\u00e3o do governo. Na semana passada, o presidente Luiz In\u00e1cio Lula da Silva disse querer baixar o <a class=\"suno-keyword\" target=\"_blank\" data-force=\"no\" data-priority=\"1\" href=\"https:\/\/www.suno.com.br\/artigos\/custo-vida\/\" rel=\"noopener\">custo de vida<\/a> da popula\u00e7\u00e3o.<\/p>\n\n\n\n<p>De acordo com o IBGE, o grupo alimenta\u00e7\u00e3o e bebida tem um peso mensal de 21,69% no custo de vida da popula\u00e7\u00e3o com rendimento at\u00e9 40 sal\u00e1rios m\u00ednimos. &nbsp;<\/p>\n\n\n\n<p>O governo estuda tamb\u00e9m reduzir tarifa de importa\u00e7\u00e3o para <strong>baratear alimentos<\/strong>.<\/p>\n\n\n\n<h2 class=\"wp-block-heading\">Produtos<\/h2>\n\n\n\n<p>Entre os itens apurados pelo IBGE, o que mais subiu em janeiro foi o de tub\u00e9rculos, ra\u00edzes e legumes, 8,19%. Em seguida figuram bebidas e infus\u00f5es (2,96%), pescados (1,71%) e aves e ovos (1,69%).<\/p>\n\n\n\n<p>O \u00edndice de difus\u00e3o dos produtos aliment\u00edcios no <strong>IPCA de janeiro<\/strong> foi de 71%. Isso representa que de todos os subitens pesquisados, 71% tiveram aumento de pre\u00e7o.<\/p>\n\n\n\n<p>Os pesquisadores do IBGE encontraram os maiores impactos no caf\u00e9 mo\u00eddo (8,56% e impacto de 0,04 p.p.), tomate (20,27% e 0,04 p.p.) e cenoura (36,14% e 0,02 p.p.).<\/p>\n\n\n\n<p>O gerente da pesquisa, Fernando Gon\u00e7alves, explica que as altas desses produtos s\u00e3o explicadas por quest\u00f5es ligadas \u00e0 quantidade produzida pelos agricultores.<\/p>\n\n\n\n<p>\u201cA cenoura tem uma concentra\u00e7\u00e3o de produ\u00e7\u00e3o em Minas Gerais, Bahia e Goi\u00e1s enviando menos produto para o mercado, ent\u00e3o teve uma redu\u00e7\u00e3o na oferta\u201d.<\/p>\n\n\n\n<p>Quando um produto diminui a disponibilidade no mercado, e a procura por parte dos consumidores continua a mesma, a tend\u00eancia \u00e9 aumento do pre\u00e7o, efeito da chamada \u201clei de oferta e procura\u201d.<\/p>\n\n\n\n<h2 class=\"wp-block-heading\">Clima<\/h2>\n\n\n\n<p>Gon\u00e7alves explicou que a produ\u00e7\u00e3o de tomate foi influenciada ainda por quest\u00e3o clim\u00e1tica.<\/p>\n\n\n\n<p>\u201cO tomate tamb\u00e9m teve problema de chuva muito intensa. Isso limitou um pouco a produ\u00e7\u00e3o. Alguns frutos ficaram manchados, e janeiro teve esse problema de redu\u00e7\u00e3o da produ\u00e7\u00e3o\u201d, afirmou o gerente da pesquisa.<\/p>\n\n\n\n<p>Somado a isso, ele destaca que o produto est\u00e1 em per\u00edodo de fim de safra. \u201cIsso j\u00e1 come\u00e7a a trazer uma redu\u00e7\u00e3o de oferta\u201d.<\/p>\n\n\n\t<p>\n\t\t<a href=\"https:\/\/lp.suno.com.br\/ebook-gratuito-investindo-no-exterior\/\" target=\"_blank\" data-element=\"shortcode-suno-banner\" title=\"Banner SUNO, clique e saiba mais\">\n\t\t\t<picture>\n\t\t\t\t<source media=\"(max-width: 500px)\" srcset=\"https:\/\/files.sunoresearch.com.br\/n\/uploads\/2023\/03\/400x300-Investindo-no-exterior.png\">\n\t\t\t\t<img class=\"newsContent__article__imgCapa newsContent__article__imgCapa--banner\"\n\t\t\t\t\tsrc=\"https:\/\/files.sunoresearch.com.br\/n\/uploads\/2023\/03\/1420x240-Investindo-no-exterior.png\"\n\t\t\t\t\tdata-promo-id=\"383161\"\t\t\t\t\t\t\t\t\t\twidth='1420' height='240'\t\t\t\t\talt=\"https:\/\/files.sunoresearch.com.br\/n\/uploads\/2023\/03\/1420x240-Investindo-no-exterior.png\"\n\t\t\t\t>\n\t\t\t<\/picture>\n\t\t<\/a>\n\t<\/p>\n\n\n\n\n\n<p>Contextualizando que algumas culturas sofreram com problemas clim\u00e1ticos no ano passado, Gon\u00e7alves acrescenta que produtores que tiveram perdas podem tamb\u00e9m optar por n\u00e3o insistir no cultivo dos mesmos alimentos, diminuindo a oferta. \u201c\u00c0s vezes os produtores t\u00eam preju\u00edzo em algum tipo de cultura, ent\u00e3o reduzem as produ\u00e7\u00f5es nas pr\u00f3ximas planta\u00e7\u00f5es\u201d, ressalta.<\/p>\n\n\n\n<p>O caf\u00e9, subitem aliment\u00edcio que mais pressionou para cima a infla\u00e7\u00e3o, deve manter o pre\u00e7o em alta, de acordo com produtores.&nbsp;Nesse caso, al\u00e9m do clima ter afetado a produ\u00e7\u00e3o, a maior demanda global tamb\u00e9m empurra os pre\u00e7os para o alto.<\/p>\n\n\n\n<h2 class=\"wp-block-heading\">Carnes sobem menos<\/h2>\n\n\n\n<p>Em rela\u00e7\u00e3o \u00e0s carnes, que subiram 0,36% em janeiro, patamar bem abaixo de meses anteriores, Fernando Gon\u00e7alves fez uma rela\u00e7\u00e3o com a chegada do per\u00edodo de chuvas.<\/p>\n\n\n\n<p>\u201cChuvas vieram, ent\u00e3o come\u00e7a a melhorar o pasto, isso tudo traz redu\u00e7\u00f5es no <a class=\"suno-keyword\" target=\"_blank\" data-force=\"no\" data-priority=\"1\" href=\"https:\/\/www.suno.com.br\/artigos\/custo-producao\/\" rel=\"noopener\">custo de produ\u00e7\u00e3o<\/a>, que podem influenciar nesse custo final da prote\u00edna\u201d.<\/p>\n\n\n\n<p>Em dezembro de 2024, a infla\u00e7\u00e3o das carnes tinha sido de 5,26%. Em novembro chegou a 8,02%.<\/p>\n\n\n\n<p>O ministro da Fazenda, Fernando Haddad, tem dito que a <a href=\"https:\/\/agenciabrasil.ebc.com.br\/economia\/noticia\/2025-02\/dolar-cai-para-r-578-apesar-de-tarifa-de-trump-sobre-aco-e-aluminio#\" target=\"_top\" rel=\"noopener\">queda recente do d\u00f3lar<\/a>&nbsp;e a safra recorde de 2025 v\u00e3o contribuir para conter a <a href=\"https:\/\/agenciabrasil.ebc.com.br\/economia\/noticia\/2025-02\/haddad-diz-que-queda-do-dolar-e-safra-devem-conter-preco-dos-alimentos\" target=\"_blank\" rel=\"noopener\">infla\u00e7\u00e3o dos alimentos<\/a>.<\/p>\n\n\n\n<p>De acordo com estimativas do IBGE, ap\u00f3s redu\u00e7\u00e3o em 2024, a safra nacional deve <a href=\"https:\/\/agenciabrasil.ebc.com.br\/economia\/noticia\/2025-01\/producao-da-safra-brasileira-caiu-72-em-2024-estima-ibge\" target=\"_blank\" rel=\"noopener\">apresentar expans\u00e3o de 10,2% em 2025<\/a>.<\/p>\n\n\n\n<p><em>Com Ag\u00eancia Brasil<\/em><\/p>\n\n\n\t<p>\n\t\t<a href=\"https:\/\/lp.suno.com.br\/planilha-da-vida-financeira\/\" target=\"_blank\" data-element=\"shortcode-suno-banner\" title=\"Banner SUNO, clique e saiba mais\">\n\t\t\t<picture>\n\t\t\t\t<source media=\"(max-width: 500px)\" srcset=\"https:\/\/files.sunoresearch.com.br\/n\/uploads\/2023\/04\/400x300-Planilha-vida-financeira-true.png\">\n\t\t\t\t<img class=\"newsContent__article__imgCapa newsContent__article__imgCapa--banner\"\n\t\t\t\t\tsrc=\"https:\/\/files.sunoresearch.com.br\/n\/uploads\/2023\/04\/1420x240-Planilha-vida-financeira-true.png\"\n\t\t\t\t\tdata-promo-id=\"383123\"\t\t\t\t\t\t\t\t\t\twidth='1420' height='240'\t\t\t\t\talt=\"https:\/\/files.sunoresearch.com.br\/n\/uploads\/2023\/04\/1420x240-Planilha-vida-financeira-true.png\"\n\t\t\t\t>\n\t\t\t<\/picture>\n\t\t<\/a>\n\t<\/p>\n\n\n","protected":false},"excerpt":{"rendered":"<p>A menor oferta de produtos aliment\u00edcios como o tomate e a cenoura explicam a alta da infla\u00e7\u00e3o de alimentos apurada pelo \u00cdndice Nacional de Pre\u00e7os ao Consumidor Amplo (IPCA) de janeiro. Foto: Freepik\/ RawPixel A menor oferta de produtos aliment\u00edcios como o tomate e a cenoura explicam a alta da infla\u00e7\u00e3o de alimentos apurada pelo [&hellip;]<\/p>\n","protected":false},"author":43,"featured_media":509318,"comment_status":"closed","ping_status":"closed","sticky":false,"template":"","format":"standard","meta":[],"categories":[62],"tags":[],"suno_strategy":[],"class_list":["post-594370","post","type-post","status-publish","format-standard","has-post-thumbnail","hentry","category-economia"],"yoast_head":"<!-- This site is optimized with the Yoast SEO plugin v24.4 - https:\/\/yoast.com\/wordpress\/plugins\/seo\/ -->\n<title>Infla\u00e7\u00e3o dos alimentos \u00e9 explicada por menos oferta, diz IBGE<\/title>\n<meta name=\"robots\" content=\"index, follow, max-snippet:-1, max-image-preview:large, max-video-preview:-1\" \/>\n<link rel=\"canonical\" href=\"https:\/\/www.suno.com.br\/noticias\/inflacao-alimentos-menos-oferta-ibge-ab-gss\/\" \/>\n<meta property=\"og:locale\" content=\"pt_BR\" \/>\n<meta property=\"og:type\" content=\"article\" \/>\n<meta property=\"og:title\" content=\"Infla\u00e7\u00e3o dos alimentos \u00e9 explicada por menos oferta, diz IBGE\" \/>\n<meta property=\"og:description\" content=\"A menor oferta de produtos aliment\u00edcios como o tomate e a cenoura explicam a alta da infla\u00e7\u00e3o de alimentos apurada pelo \u00cdndice Nacional de Pre\u00e7os ao Consumidor Amplo (IPCA) de janeiro. Foto: Freepik\/ RawPixel A menor oferta de produtos aliment\u00edcios como o tomate e a cenoura explicam a alta da infla\u00e7\u00e3o de alimentos apurada pelo [&hellip;]\" \/>\n<meta property=\"og:url\" content=\"https:\/\/www.suno.com.br\/noticias\/inflacao-alimentos-menos-oferta-ibge-ab-gss\/\" \/>\n<meta property=\"og:site_name\" content=\"Suno Not\u00edcias\" \/>\n<meta property=\"article:publisher\" content=\"https:\/\/facebook.com\/sunoresearch\" \/>\n<meta property=\"article:author\" content=\"https:\/\/www.facebook.com\/sunonoticias\/\" \/>\n<meta property=\"og:image\" content=\"https:\/\/agenciabrasil.ebc.com.br\/ebc.png?id=1629852&amp;o=rss\" \/>\n<meta name=\"author\" content=\"Reda\u00e7\u00e3o Suno Not\u00edcias\" \/>\n<meta name=\"twitter:card\" content=\"summary_large_image\" \/>\n<meta name=\"twitter:creator\" content=\"@https:\/\/twitter.com\/sunoresearch\" \/>\n<meta name=\"twitter:site\" content=\"@sunoresearch\" \/>\n<meta name=\"twitter:label1\" content=\"Escrito por\" \/>\n\t<meta name=\"twitter:data1\" content=\"Reda\u00e7\u00e3o Suno Not\u00edcias\" \/>\n\t<meta name=\"twitter:label2\" content=\"Est. tempo de leitura\" \/>\n\t<meta name=\"twitter:data2\" content=\"4 minutos\" \/>\n<script type=\"application\/ld+json\" class=\"yoast-schema-graph\">{\"@context\":\"https:\/\/schema.org\",\"@graph\":[{\"@type\":\"NewsArticle\",\"@id\":\"https:\/\/www.suno.com.br\/noticias\/inflacao-alimentos-menos-oferta-ibge-ab-gss\/#article\",\"isPartOf\":{\"@id\":\"https:\/\/www.suno.com.br\/noticias\/inflacao-alimentos-menos-oferta-ibge-ab-gss\/\"},\"author\":{\"name\":\"Reda\u00e7\u00e3o Suno Not\u00edcias\",\"@id\":\"https:\/\/www.suno.com.br\/noticias\/#\/schema\/person\/c1b1bd3727fa852bd045e9dbff3673ea\"},\"headline\":\"Infla\u00e7\u00e3o dos alimentos \u00e9 explicada por menos oferta, diz IBGE\",\"datePublished\":\"2025-02-11T19:54:33+00:00\",\"mainEntityOfPage\":{\"@id\":\"https:\/\/www.suno.com.br\/noticias\/inflacao-alimentos-menos-oferta-ibge-ab-gss\/\"},\"wordCount\":736,\"publisher\":{\"@id\":\"https:\/\/www.suno.com.br\/noticias\/#organization\"},\"image\":{\"@id\":\"https:\/\/www.suno.com.br\/noticias\/inflacao-alimentos-menos-oferta-ibge-ab-gss\/#primaryimage\"},\"thumbnailUrl\":\"https:\/\/files.sunoresearch.com.br\/n\/uploads\/2024\/01\/inflacao-alimentos-comida-supermercado.jpg\",\"articleSection\":[\"Economia\"],\"inLanguage\":\"pt-BR\"},{\"@type\":\"WebPage\",\"@id\":\"https:\/\/www.suno.com.br\/noticias\/inflacao-alimentos-menos-oferta-ibge-ab-gss\/\",\"url\":\"https:\/\/www.suno.com.br\/noticias\/inflacao-alimentos-menos-oferta-ibge-ab-gss\/\",\"name\":\"Infla\u00e7\u00e3o dos alimentos \u00e9 explicada por menos oferta, diz IBGE\",\"isPartOf\":{\"@id\":\"https:\/\/www.suno.com.br\/noticias\/#website\"},\"primaryImageOfPage\":{\"@id\":\"https:\/\/www.suno.com.br\/noticias\/inflacao-alimentos-menos-oferta-ibge-ab-gss\/#primaryimage\"},\"image\":{\"@id\":\"https:\/\/www.suno.com.br\/noticias\/inflacao-alimentos-menos-oferta-ibge-ab-gss\/#primaryimage\"},\"thumbnailUrl\":\"https:\/\/files.sunoresearch.com.br\/n\/uploads\/2024\/01\/inflacao-alimentos-comida-supermercado.jpg\",\"datePublished\":\"2025-02-11T19:54:33+00:00\",\"breadcrumb\":{\"@id\":\"https:\/\/www.suno.com.br\/noticias\/inflacao-alimentos-menos-oferta-ibge-ab-gss\/#breadcrumb\"},\"inLanguage\":\"pt-BR\",\"potentialAction\":[{\"@type\":\"ReadAction\",\"target\":[\"https:\/\/www.suno.com.br\/noticias\/inflacao-alimentos-menos-oferta-ibge-ab-gss\/\"]}]},{\"@type\":\"ImageObject\",\"inLanguage\":\"pt-BR\",\"@id\":\"https:\/\/www.suno.com.br\/noticias\/inflacao-alimentos-menos-oferta-ibge-ab-gss\/#primaryimage\",\"url\":\"https:\/\/files.sunoresearch.com.br\/n\/uploads\/2024\/01\/inflacao-alimentos-comida-supermercado.jpg\",\"contentUrl\":\"https:\/\/files.sunoresearch.com.br\/n\/uploads\/2024\/01\/inflacao-alimentos-comida-supermercado.jpg\",\"width\":1200,\"height\":800,\"caption\":\"Foto: Freepik\/ RawPixel\"},{\"@type\":\"BreadcrumbList\",\"@id\":\"https:\/\/www.suno.com.br\/noticias\/inflacao-alimentos-menos-oferta-ibge-ab-gss\/#breadcrumb\",\"itemListElement\":[{\"@type\":\"ListItem\",\"position\":1,\"name\":\"Not\u00edcias\",\"item\":\"https:\/\/www.suno.com.br\/noticias\/\"},{\"@type\":\"ListItem\",\"position\":2,\"name\":\"Economia\",\"item\":\"https:\/\/www.suno.com.br\/noticias\/economia\/\"},{\"@type\":\"ListItem\",\"position\":3,\"name\":\"Infla\u00e7\u00e3o dos alimentos \u00e9 explicada por menos oferta, diz IBGE\"}]},{\"@type\":\"WebSite\",\"@id\":\"https:\/\/www.suno.com.br\/noticias\/#website\",\"url\":\"https:\/\/www.suno.com.br\/noticias\/\",\"name\":\"Suno Not\u00edcias\",\"description\":\"Seu portal de informa\u00e7\u00e3o sobre o mundo dos investimentos\",\"publisher\":{\"@id\":\"https:\/\/www.suno.com.br\/noticias\/#organization\"},\"potentialAction\":[{\"@type\":\"SearchAction\",\"target\":{\"@type\":\"EntryPoint\",\"urlTemplate\":\"https:\/\/www.suno.com.br\/noticias\/?s={search_term_string}\"},\"query-input\":{\"@type\":\"PropertyValueSpecification\",\"valueRequired\":true,\"valueName\":\"search_term_string\"}}],\"inLanguage\":\"pt-BR\"},{\"@type\":\"Organization\",\"@id\":\"https:\/\/www.suno.com.br\/noticias\/#organization\",\"name\":\"Suno Not\u00edcias\",\"url\":\"https:\/\/www.suno.com.br\/noticias\/\",\"logo\":{\"@type\":\"ImageObject\",\"inLanguage\":\"pt-BR\",\"@id\":\"https:\/\/www.suno.com.br\/noticias\/#\/schema\/logo\/image\/\",\"url\":\"https:\/\/files.sunoresearch.com.br\/n\/uploads\/2021\/09\/suno-logo.png\",\"contentUrl\":\"https:\/\/files.sunoresearch.com.br\/n\/uploads\/2021\/09\/suno-logo.png\",\"width\":180,\"height\":180,\"caption\":\"Suno Not\u00edcias\"},\"image\":{\"@id\":\"https:\/\/www.suno.com.br\/noticias\/#\/schema\/logo\/image\/\"},\"sameAs\":[\"https:\/\/facebook.com\/sunoresearch\",\"https:\/\/x.com\/sunoresearch\",\"https:\/\/www.instagram.com\/suno\",\"https:\/\/www.linkedin.com\/company\/suno-research\/\",\"https:\/\/www.youtube.com\/c\/sunoresearch\"]},{\"@type\":\"Person\",\"@id\":\"https:\/\/www.suno.com.br\/noticias\/#\/schema\/person\/c1b1bd3727fa852bd045e9dbff3673ea\",\"name\":\"Reda\u00e7\u00e3o Suno Not\u00edcias\",\"image\":{\"@type\":\"ImageObject\",\"inLanguage\":\"pt-BR\",\"@id\":\"https:\/\/www.suno.com.br\/noticias\/#\/schema\/person\/image\/\",\"url\":\"https:\/\/secure.gravatar.com\/avatar\/b8104b9b5a71985d5238ee59fbe418af?s=96&r=g\",\"contentUrl\":\"https:\/\/secure.gravatar.com\/avatar\/b8104b9b5a71985d5238ee59fbe418af?s=96&r=g\",\"caption\":\"Reda\u00e7\u00e3o Suno Not\u00edcias\"},\"description\":\"O Suno Not\u00edcias \u00e9 um portal de informa\u00e7\u00f5es sobre Mercado Financeiro, Pol\u00edtica, Neg\u00f3cios, Economia e Finan\u00e7as Pessoais.\",\"sameAs\":[\"https:\/\/www.suno.com.br\/noticias\",\"https:\/\/www.facebook.com\/sunonoticias\/\",\"https:\/\/www.instagram.com\/sunonoticias\/\",\"https:\/\/x.com\/https:\/\/twitter.com\/sunoresearch\",\"https:\/\/www.youtube.com\/sunonoticias\"],\"url\":\"https:\/\/www.suno.com.br\/noticias\/author\/redacao-suno\/\"}]}<\/script>\n<!-- \/ Yoast SEO plugin. -->","yoast_head_json":{"title":"Infla\u00e7\u00e3o dos alimentos \u00e9 explicada por menos oferta, diz IBGE","robots":{"index":"index","follow":"follow","max-snippet":"max-snippet:-1","max-image-preview":"max-image-preview:large","max-video-preview":"max-video-preview:-1"},"canonical":"https:\/\/www.suno.com.br\/noticias\/inflacao-alimentos-menos-oferta-ibge-ab-gss\/","og_locale":"pt_BR","og_type":"article","og_title":"Infla\u00e7\u00e3o dos alimentos \u00e9 explicada por menos oferta, diz IBGE","og_description":"A menor oferta de produtos aliment\u00edcios como o tomate e a cenoura explicam a alta da infla\u00e7\u00e3o de alimentos apurada pelo \u00cdndice Nacional de Pre\u00e7os ao Consumidor Amplo (IPCA) de janeiro. Foto: Freepik\/ RawPixel A menor oferta de produtos aliment\u00edcios como o tomate e a cenoura explicam a alta da infla\u00e7\u00e3o de alimentos apurada pelo [&hellip;]","og_url":"https:\/\/www.suno.com.br\/noticias\/inflacao-alimentos-menos-oferta-ibge-ab-gss\/","og_site_name":"Suno Not\u00edcias","article_publisher":"https:\/\/facebook.com\/sunoresearch","article_author":"https:\/\/www.facebook.com\/sunonoticias\/","og_image":[{"url":"https:\/\/agenciabrasil.ebc.com.br\/ebc.png?id=1629852&amp;o=rss","type":"","width":"","height":""}],"author":"Reda\u00e7\u00e3o Suno Not\u00edcias","twitter_card":"summary_large_image","twitter_creator":"@https:\/\/twitter.com\/sunoresearch","twitter_site":"@sunoresearch","twitter_misc":{"Escrito por":"Reda\u00e7\u00e3o Suno Not\u00edcias","Est. tempo de leitura":"4 minutos"},"schema":{"@context":"https:\/\/schema.org","@graph":[{"@type":"NewsArticle","@id":"https:\/\/www.suno.com.br\/noticias\/inflacao-alimentos-menos-oferta-ibge-ab-gss\/#article","isPartOf":{"@id":"https:\/\/www.suno.com.br\/noticias\/inflacao-alimentos-menos-oferta-ibge-ab-gss\/"},"author":{"name":"Reda\u00e7\u00e3o Suno Not\u00edcias","@id":"https:\/\/www.suno.com.br\/noticias\/#\/schema\/person\/c1b1bd3727fa852bd045e9dbff3673ea"},"headline":"Infla\u00e7\u00e3o dos alimentos \u00e9 explicada por menos oferta, diz IBGE","datePublished":"2025-02-11T19:54:33+00:00","mainEntityOfPage":{"@id":"https:\/\/www.suno.com.br\/noticias\/inflacao-alimentos-menos-oferta-ibge-ab-gss\/"},"wordCount":736,"publisher":{"@id":"https:\/\/www.suno.com.br\/noticias\/#organization"},"image":{"@id":"https:\/\/www.suno.com.br\/noticias\/inflacao-alimentos-menos-oferta-ibge-ab-gss\/#primaryimage"},"thumbnailUrl":"https:\/\/files.sunoresearch.com.br\/n\/uploads\/2024\/01\/inflacao-alimentos-comida-supermercado.jpg","articleSection":["Economia"],"inLanguage":"pt-BR"},{"@type":"WebPage","@id":"https:\/\/www.suno.com.br\/noticias\/inflacao-alimentos-menos-oferta-ibge-ab-gss\/","url":"https:\/\/www.suno.com.br\/noticias\/inflacao-alimentos-menos-oferta-ibge-ab-gss\/","name":"Infla\u00e7\u00e3o dos alimentos \u00e9 explicada por menos oferta, diz IBGE","isPartOf":{"@id":"https:\/\/www.suno.com.br\/noticias\/#website"},"primaryImageOfPage":{"@id":"https:\/\/www.suno.com.br\/noticias\/inflacao-alimentos-menos-oferta-ibge-ab-gss\/#primaryimage"},"image":{"@id":"https:\/\/www.suno.com.br\/noticias\/inflacao-alimentos-menos-oferta-ibge-ab-gss\/#primaryimage"},"thumbnailUrl":"https:\/\/files.sunoresearch.com.br\/n\/uploads\/2024\/01\/inflacao-alimentos-comida-supermercado.jpg","datePublished":"2025-02-11T19:54:33+00:00","breadcrumb":{"@id":"https:\/\/www.suno.com.br\/noticias\/inflacao-alimentos-menos-oferta-ibge-ab-gss\/#breadcrumb"},"inLanguage":"pt-BR","potentialAction":[{"@type":"ReadAction","target":["https:\/\/www.suno.com.br\/noticias\/inflacao-alimentos-menos-oferta-ibge-ab-gss\/"]}]},{"@type":"ImageObject","inLanguage":"pt-BR","@id":"https:\/\/www.suno.com.br\/noticias\/inflacao-alimentos-menos-oferta-ibge-ab-gss\/#primaryimage","url":"https:\/\/files.sunoresearch.com.br\/n\/uploads\/2024\/01\/inflacao-alimentos-comida-supermercado.jpg","contentUrl":"https:\/\/files.sunoresearch.com.br\/n\/uploads\/2024\/01\/inflacao-alimentos-comida-supermercado.jpg","width":1200,"height":800,"caption":"Foto: Freepik\/ RawPixel"},{"@type":"BreadcrumbList","@id":"https:\/\/www.suno.com.br\/noticias\/inflacao-alimentos-menos-oferta-ibge-ab-gss\/#breadcrumb","itemListElement":[{"@type":"ListItem","position":1,"name":"Not\u00edcias","item":"https:\/\/www.suno.com.br\/noticias\/"},{"@type":"ListItem","position":2,"name":"Economia","item":"https:\/\/www.suno.com.br\/noticias\/economia\/"},{"@type":"ListItem","position":3,"name":"Infla\u00e7\u00e3o dos alimentos \u00e9 explicada por menos oferta, diz IBGE"}]},{"@type":"WebSite","@id":"https:\/\/www.suno.com.br\/noticias\/#website","url":"https:\/\/www.suno.com.br\/noticias\/","name":"Suno Not\u00edcias","description":"Seu portal de informa\u00e7\u00e3o sobre o mundo dos investimentos","publisher":{"@id":"https:\/\/www.suno.com.br\/noticias\/#organization"},"potentialAction":[{"@type":"SearchAction","target":{"@type":"EntryPoint","urlTemplate":"https:\/\/www.suno.com.br\/noticias\/?s={search_term_string}"},"query-input":{"@type":"PropertyValueSpecification","valueRequired":true,"valueName":"search_term_string"}}],"inLanguage":"pt-BR"},{"@type":"Organization","@id":"https:\/\/www.suno.com.br\/noticias\/#organization","name":"Suno Not\u00edcias","url":"https:\/\/www.suno.com.br\/noticias\/","logo":{"@type":"ImageObject","inLanguage":"pt-BR","@id":"https:\/\/www.suno.com.br\/noticias\/#\/schema\/logo\/image\/","url":"https:\/\/files.sunoresearch.com.br\/n\/uploads\/2021\/09\/suno-logo.png","contentUrl":"https:\/\/files.sunoresearch.com.br\/n\/uploads\/2021\/09\/suno-logo.png","width":180,"height":180,"caption":"Suno Not\u00edcias"},"image":{"@id":"https:\/\/www.suno.com.br\/noticias\/#\/schema\/logo\/image\/"},"sameAs":["https:\/\/facebook.com\/sunoresearch","https:\/\/x.com\/sunoresearch","https:\/\/www.instagram.com\/suno","https:\/\/www.linkedin.com\/company\/suno-research\/","https:\/\/www.youtube.com\/c\/sunoresearch"]},{"@type":"Person","@id":"https:\/\/www.suno.com.br\/noticias\/#\/schema\/person\/c1b1bd3727fa852bd045e9dbff3673ea","name":"Reda\u00e7\u00e3o Suno Not\u00edcias","image":{"@type":"ImageObject","inLanguage":"pt-BR","@id":"https:\/\/www.suno.com.br\/noticias\/#\/schema\/person\/image\/","url":"https:\/\/secure.gravatar.com\/avatar\/b8104b9b5a71985d5238ee59fbe418af?s=96&r=g","contentUrl":"https:\/\/secure.gravatar.com\/avatar\/b8104b9b5a71985d5238ee59fbe418af?s=96&r=g","caption":"Reda\u00e7\u00e3o Suno Not\u00edcias"},"description":"O Suno Not\u00edcias \u00e9 um portal de informa\u00e7\u00f5es sobre Mercado Financeiro, Pol\u00edtica, Neg\u00f3cios, Economia e Finan\u00e7as Pessoais.","sameAs":["https:\/\/www.suno.com.br\/noticias","https:\/\/www.facebook.com\/sunonoticias\/","https:\/\/www.instagram.com\/sunonoticias\/","https:\/\/x.com\/https:\/\/twitter.com\/sunoresearch","https:\/\/www.youtube.com\/sunonoticias"],"url":"https:\/\/www.suno.com.br\/noticias\/author\/redacao-suno\/"}]}},"default_loop_html":"<div class=\"cardsPage__listCard__boxs\"><div class=\"cardsPage__listCard__boxs__img\"><a href=\"https:\/\/www.suno.com.br\/noticias\/inflacao-alimentos-menos-oferta-ibge-ab-gss\/\"><img class=\"mask\" src=\"https:\/\/www.suno.com.br\/noticias\/wp-content\/themes\/suno\/resources\/images\/spotlight\/spotlight1img\/bg-mask.png\" alt=\"Image Mask\"\/><img src=\"https:\/\/files.sunoresearch.com.br\/n\/uploads\/2024\/01\/inflacao-alimentos-comida-supermercado-400x200.jpg\" alt=\"Infla\u00e7\u00e3o dos alimentos \u00e9 explicada por menos oferta, diz IBGE\"\/><\/a><span class=\"spotlightCategory\"><a href=\"https:\/\/www.suno.com.br\/noticias\/economia\/\">Economia<\/a><\/span><\/div><div class=\"cardsPage__listCard__boxs__content\"><a href=\"https:\/\/www.suno.com.br\/noticias\/inflacao-alimentos-menos-oferta-ibge-ab-gss\/\"><h2 class=\"content__title\">Infla\u00e7\u00e3o dos alimentos \u00e9 explicada por menos oferta, diz IBGE<\/h2><\/a><div class=\"newsContent__article__meta\"><div class=\"newsContent__article__meta__authorBox\"><a href=\"https:\/\/www.suno.com.br\/noticias\/author\/redacao-suno\/\" class=\"authorBox__avatar noMobi\"><img src=\"https:\/\/files.sunoresearch.com.br\/n\/uploads\/2020\/08\/0ace682d-redacao-1-150x150.webp\" alt=\"Reda\u00e7\u00e3o Suno Not\u00edcias\"><\/a><div class=\"authorBox__name\"><span>por\n\t\t\t<a href=\"https:\/\/www.suno.com.br\/noticias\/author\/redacao-suno\/\"><span itemprop=\"author\">Reda\u00e7\u00e3o Suno Not\u00edcias<\/span><\/a><\/span><time datetime=\"2025-02-11T16:54:33-03:00\" itemprop=\"datePublished\">11\/02\/2025 16:54<\/time><\/div><\/div><\/div><\/div><\/div>","single_layout":"posts","amp_enabled":true,"_links":{"self":[{"href":"https:\/\/www.suno.com.br\/noticias\/wp-json\/wp\/v2\/posts\/594370"}],"collection":[{"href":"https:\/\/www.suno.com.br\/noticias\/wp-json\/wp\/v2\/posts"}],"about":[{"href":"https:\/\/www.suno.com.br\/noticias\/wp-json\/wp\/v2\/types\/post"}],"author":[{"embeddable":true,"href":"https:\/\/www.suno.com.br\/noticias\/wp-json\/wp\/v2\/users\/43"}],"replies":[{"embeddable":true,"href":"https:\/\/www.suno.com.br\/noticias\/wp-json\/wp\/v2\/comments?post=594370"}],"version-history":[{"count":2,"href":"https:\/\/www.suno.com.br\/noticias\/wp-json\/wp\/v2\/posts\/594370\/revisions"}],"predecessor-version":[{"id":594410,"href":"https:\/\/www.suno.com.br\/noticias\/wp-json\/wp\/v2\/posts\/594370\/revisions\/594410"}],"wp:featuredmedia":[{"embeddable":true,"href":"https:\/\/www.suno.com.br\/noticias\/wp-json\/wp\/v2\/media\/509318"}],"wp:attachment":[{"href":"https:\/\/www.suno.com.br\/noticias\/wp-json\/wp\/v2\/media?parent=594370"}],"wp:term":[{"taxonomy":"category","embeddable":true,"href":"https:\/\/www.suno.com.br\/noticias\/wp-json\/wp\/v2\/categories?post=594370"},{"taxonomy":"post_tag","embeddable":true,"href":"https:\/\/www.suno.com.br\/noticias\/wp-json\/wp\/v2\/tags?post=594370"},{"taxonomy":"suno_strategy","embeddable":true,"href":"https:\/\/www.suno.com.br\/noticias\/wp-json\/wp\/v2\/suno_strategy?post=594370"}],"curies":[{"name":"wp","href":"https:\/\/api.w.org\/{rel}","templated":true}]}}