{"id":594325,"date":"2025-02-11T11:29:51","date_gmt":"2025-02-11T14:29:51","guid":{"rendered":"https:\/\/www.suno.com.br\/noticias\/?p=594325"},"modified":"2025-02-11T15:52:19","modified_gmt":"2025-02-11T18:52:19","slug":"aco-empresas-beneficiadas-prejudicadas-itau-bba-gss","status":"publish","type":"post","link":"https:\/\/www.suno.com.br\/noticias\/aco-empresas-beneficiadas-prejudicadas-itau-bba-gss\/","title":{"rendered":"Veja empresas beneficiadas e prejudicadas pela taxa\u00e7\u00e3o do a\u00e7o"},"content":{"rendered":"<p>Os Estados Unidos anunciaram a imposi\u00e7\u00e3o de tarifas de 25% sobre todas as importa\u00e7\u00f5es de <strong>a\u00e7o<\/strong> e alum\u00ednio, e em relat\u00f3rio, o Ita\u00fa BBA avalia os <a href=\"https:\/\/www.suno.com.br\/noticias\/taxaca-aco-contexto-impactos-gss\/\">impactos da medida para o mercado<\/a> brasileiro, que \u00e9 o segundo maior exportador da commodity para os EUA. <\/p>\t<div class=\"wrapper-featured-image\">\n\t\t<figure class=\"spotlightImg\">\n\n\t\t\t<picture>\n\t\t\t\t<source media=\"(max-width: 768px)\" srcset=\"https:\/\/files.sunoresearch.com.br\/n\/uploads\/2025\/02\/daniel-wiadro-GAEvM4qvlBk-unsplash-400x200.jpg\">\n\t\t\t\t<img loading=\"lazy\" decoding=\"async\" class=\"newsContent__article__imgCapa lazyloadDisabled \" src=\"https:\/\/files.sunoresearch.com.br\/n\/uploads\/2025\/02\/daniel-wiadro-GAEvM4qvlBk-unsplash-800x450.jpg\" width=\"800\" height=\"450\" alt=\"Veja empresas beneficiadas e prejudicadas pela taxa\u00e7\u00e3o do a\u00e7o\" fetchpriority=high \/>\n\t\t\t<\/picture>\n\n\t\t\t<figcaption class=\"wp-caption-text wp-caption-text--show\">Foto: Unsplash<\/figcaption>\n\t\t<\/figure>\n\t<\/div>\n\n\n\n\n\n\n\n\t<p>\n\t\t<a href=\"\" target=\"_blank\" data-element=\"shortcode-suno-banner\" title=\"Banner SUNO, clique e saiba mais\">\n\t\t\t<picture>\n\t\t\t\t<source media=\"(max-width: 500px)\" srcset=\"\">\n\t\t\t\t<img class=\"newsContent__article__imgCapa newsContent__article__imgCapa--banner\"\n\t\t\t\t\tsrc=\"\"\n\t\t\t\t\tdata-promo-id=\"240038\"\t\t\t\t\t\t\t\t\t\t\t\t\t\t\talt=\"\"\n\t\t\t\t>\n\t\t\t<\/picture>\n\t\t<\/a>\n\t<\/p>\n\n\n\n\n\n<p>De acordo com a Nucor, uma das principais sider\u00fargicas dos EUA, cerca de 82% do volume de <strong>a\u00e7o importado<\/strong> para o pa\u00eds em 2024 se beneficiava de isen\u00e7\u00f5es ou cotas isentas de impostos. <\/p>\n\n\n\n<p>Com a mudan\u00e7a, os produtores locais devem aumentar suas taxas de utiliza\u00e7\u00e3o da capacidade e ganhar poder de precifica\u00e7\u00e3o, diz o relat\u00f3rio. <\/p>\n\n\n\n<p>No mercado latino-americano, a <strong>Gerdau<\/strong> (<a class=\"suno-keyword\" target=\"_blank\" data-force=\"yes\" data-priority=\"2\" href=\"https:\/\/www.suno.com.br\/analitica\/acoes\/ggbr4\/\" rel=\"noopener\">GGBR4<\/a>) desponta como a grande benefici\u00e1ria da medida, segundo os analistas, enquanto exportadores brasileiros de semiacabados, como <strong>Ternium Brasil<\/strong> e <strong>ArcelorMittal<\/strong>, est\u00e3o entre os mais impactados negativamente.<\/p>\n\n\n\n<p>O Brasil \u00e9 o segundo maior exportador de ferro e <strong>a\u00e7o para os EUA<\/strong>, representando cerca de 15% das importa\u00e7\u00f5es norte-americanas. <\/p>\n\n\n\n<p>Em 2024, o pa\u00eds exportou 9,6 milh\u00f5es de toneladas de a\u00e7o, sendo que 60% desse volume teve os EUA como destino. <\/p>\n\n\n\n\t<div data-element=\"shortcode-read-more\" class=\"readToo\">\n\t\t\t\t<span class=\"readToo__title\">Leia mais<\/span>\n\t\t\t\t<ul class=\"readToo__list\">\n\t\t\t<li><a href=\"https:\/\/www.suno.com.br\/noticias\/aco-aluminio-impactos-taxacao-goldman-sachs-gss\/\">Entenda impactos no mercado de a\u00e7o e alum\u00ednio ap\u00f3s taxa\u00e7\u00e3o dos EUA<\/a><\/li><li><a href=\"https:\/\/www.suno.com.br\/noticias\/gerdau-ggbr4-taxacao-aco-btg-gss\/\">Gerdau (GGBR4) pode se beneficiar de taxa\u00e7\u00e3o sobre o a\u00e7o?<\/a><\/li>\t\t<\/ul>\n\t<\/div>\n\n\n\n\n<p>A grande maioria dessas exporta\u00e7\u00f5es (76%) consiste em produtos semiacabados, como <strong>placas de a\u00e7o<\/strong> (<strong>slabs<\/strong>), que s\u00e3o processados e utilizados internamente pelos norte-americanos.<\/p>\n\n\n\n<p>Com a nova <strong>tarifa do a\u00e7o<\/strong>, os produtores n\u00e3o listados na <a class=\"suno-keyword\" target=\"_blank\" data-force=\"no\" data-priority=\"3\" href=\"https:\/\/www.suno.com.br\/guias\/bolsa-de-valores\/\" rel=\"noopener\">Bolsa de valores<\/a> ser\u00e3o os mais afetados, diz o BBA, j\u00e1 que representam mais de 80% das exporta\u00e7\u00f5es de a\u00e7o do Brasil. <\/p>\n\n\n\n<p>Empresas como a ArcelorMittal, que adquiriu a Companhia Sider\u00fargica do Pec\u00e9m (CSP) em 2023, e a Ternium Brasil podem enfrentar dificuldades significativas devido \u00e0 depend\u00eancia do mercado norte-americano, explica o relat\u00f3rio.<\/p>\n\n\n\n<p>A exposi\u00e7\u00e3o das empresas <strong>sider\u00fargicas brasileiras<\/strong> ao mercado norte-americano varia de acordo com seus modelos de neg\u00f3cio. Veja como cada uma pode ser impactada:<\/p>\n\n\n\t<p>\n\t\t<a href=\"https:\/\/lp.suno.com.br\/ebook-gratuito-investindo-no-exterior\/\" target=\"_blank\" data-element=\"shortcode-suno-banner\" title=\"Banner SUNO, clique e saiba mais\">\n\t\t\t<picture>\n\t\t\t\t<source media=\"(max-width: 500px)\" srcset=\"https:\/\/files.sunoresearch.com.br\/n\/uploads\/2023\/03\/400x300-Investindo-no-exterior.png\">\n\t\t\t\t<img class=\"newsContent__article__imgCapa newsContent__article__imgCapa--banner\"\n\t\t\t\t\tsrc=\"https:\/\/files.sunoresearch.com.br\/n\/uploads\/2023\/03\/1420x240-Investindo-no-exterior.png\"\n\t\t\t\t\tdata-promo-id=\"383161\"\t\t\t\t\t\t\t\t\t\twidth='1420' height='240'\t\t\t\t\talt=\"https:\/\/files.sunoresearch.com.br\/n\/uploads\/2023\/03\/1420x240-Investindo-no-exterior.png\"\n\t\t\t\t>\n\t\t\t<\/picture>\n\t\t<\/a>\n\t<\/p>\n\n\n\n\n\n<ul class=\"wp-block-list\">\n<li>Gerdau (GGBR4)<strong>:<\/strong> As exporta\u00e7\u00f5es brasileiras representam cerca de 4% da receita consolidada da companhia, com apenas 1-2% vindos do mercado norte-americano.<\/li>\n\n\n\n<li>Usiminas (USIM5)<strong>:<\/strong> Aproximadamente 3% de sua receita vem da Am\u00e9rica do Norte, majoritariamente dos EUA.<\/li>\n\n\n\n<li>CSN (CSNA3)<strong>:<\/strong> Cerca de 4% da receita da empresa est\u00e1 vinculada ao mercado norte-americano.<\/li>\n<\/ul>\n\n\n\n<p>Segundo a casa, entre as empresas da Am\u00e9rica Latina, a <strong>GGBR4<\/strong> \u00e9 a principal benefici\u00e1ria das novas <strong>tarifas sobre o a\u00e7o<\/strong>. <\/p>\n\n\n\n<p>A empresa possui uma <a class=\"suno-keyword\" target=\"_blank\" data-force=\"no\" data-priority=\"1\" href=\"https:\/\/www.suno.com.br\/artigos\/capacidade-instalada\/\" rel=\"noopener\">capacidade instalada<\/a> de 4,8 milh\u00f5es de toneladas por ano na Am\u00e9rica do Norte, sendo 3,8 milh\u00f5es de toneladas apenas nos EUA. <\/p>\n\n\n\n<p>Segundo estimativas preliminares, a Gerdau exporta aproximadamente 300 mil toneladas por ano do Canad\u00e1 para os EUA, mas tem flexibilidade para deslocar parte dessa produ\u00e7\u00e3o para o territ\u00f3rio norte-americano, caso seus clientes resistam ao repasse do custo da tarifa.<\/p>\n\n\n\n\t<div data-element=\"shortcode-read-more\" class=\"readToo\">\n\t\t\t\t<span class=\"readToo__title\">Leia mais<\/span>\n\t\t\t\t<ul class=\"readToo__list\">\n\t\t\t<li><a href=\"https:\/\/www.suno.com.br\/noticias\/usiminas-usim5-previa-4t24-gss\/\">A\u00e7o deve impactar resultado da Usiminas (USIM5), diz Genial<\/a><\/li><li><a href=\"https:\/\/www.suno.com.br\/noticias\/petrobras-petr4-impacto-taxacao-genial-gss\/\">Petrobras (PETR4) seria impactada por tarifa nas exporta\u00e7\u00f5es?<\/a><\/li>\t\t<\/ul>\n\t<\/div>\n\n\n\n\n<p>Com base nos novos cen\u00e1rios, um aumento de 5% nos <strong>pre\u00e7os do a\u00e7o<\/strong> nos EUA pode resultar em um crescimento de 12% no EBITDA da Gerdau, impulsionando suas margens e competitividade no mercado, afirma o Ita\u00fa BBA.<\/p>\n\n\n\n<p>A casa completa dizendo que a imposi\u00e7\u00e3o da tarifa deve elevar os pre\u00e7os do <strong>a\u00e7o<\/strong> nos EUA e aumentar a demanda pela produ\u00e7\u00e3o dom\u00e9stica. Entretanto, a capacidade de produ\u00e7\u00e3o interna norte-americana pode n\u00e3o ser suficiente para substituir totalmente as importa\u00e7\u00f5es. Dessa forma, o impacto das novas tarifas pode ser sentido no <a class=\"suno-keyword\" target=\"_blank\" data-force=\"no\" data-priority=\"1\" href=\"https:\/\/www.suno.com.br\/artigos\/longo-prazo\/\" rel=\"noopener\">longo prazo<\/a>, com um potencial aumento nos custos da ind\u00fastria e consequ\u00eancias para os consumidores finais.<\/p>\n\n\n\t<p>\n\t\t<a href=\"https:\/\/lp.suno.com.br\/planilha-da-vida-financeira\/\" target=\"_blank\" data-element=\"shortcode-suno-banner\" title=\"Banner SUNO, clique e saiba mais\">\n\t\t\t<picture>\n\t\t\t\t<source media=\"(max-width: 500px)\" srcset=\"https:\/\/files.sunoresearch.com.br\/n\/uploads\/2023\/04\/400x300-Planilha-vida-financeira-true.png\">\n\t\t\t\t<img class=\"newsContent__article__imgCapa newsContent__article__imgCapa--banner\"\n\t\t\t\t\tsrc=\"https:\/\/files.sunoresearch.com.br\/n\/uploads\/2023\/04\/1420x240-Planilha-vida-financeira-true.png\"\n\t\t\t\t\tdata-promo-id=\"383123\"\t\t\t\t\t\t\t\t\t\twidth='1420' height='240'\t\t\t\t\talt=\"https:\/\/files.sunoresearch.com.br\/n\/uploads\/2023\/04\/1420x240-Planilha-vida-financeira-true.png\"\n\t\t\t\t>\n\t\t\t<\/picture>\n\t\t<\/a>\n\t<\/p>\n\n\n","protected":false},"excerpt":{"rendered":"<p>Os Estados Unidos anunciaram a imposi\u00e7\u00e3o de tarifas de 25% sobre todas as importa\u00e7\u00f5es de a\u00e7o e alum\u00ednio, e em relat\u00f3rio, o Ita\u00fa BBA avalia os impactos da medida para o mercado brasileiro, que \u00e9 o segundo maior exportador da commodity para os EUA. Foto: Unsplash De acordo com a Nucor, uma das principais sider\u00fargicas [&hellip;]<\/p>\n","protected":false},"author":376,"featured_media":594326,"comment_status":"closed","ping_status":"closed","sticky":false,"template":"","format":"standard","meta":[],"categories":[64],"tags":[],"suno_strategy":[],"class_list":["post-594325","post","type-post","status-publish","format-standard","has-post-thumbnail","hentry","category-negocios"],"yoast_head":"<!-- This site is optimized with the Yoast SEO plugin v24.4 - https:\/\/yoast.com\/wordpress\/plugins\/seo\/ -->\n<title>Veja empresas beneficiadas e prejudicadas pela taxa\u00e7\u00e3o do a\u00e7o<\/title>\n<meta name=\"description\" content=\"Entenda quais empresas brasileiras devem ser mais beneficiadas e quais ser\u00e3o prejudicadas pela taxa\u00e7\u00e3o do a\u00e7o nos Estados Unidos.\" \/>\n<meta name=\"robots\" content=\"index, follow, max-snippet:-1, max-image-preview:large, max-video-preview:-1\" \/>\n<link rel=\"canonical\" href=\"https:\/\/www.suno.com.br\/noticias\/aco-empresas-beneficiadas-prejudicadas-itau-bba-gss\/\" \/>\n<meta property=\"og:locale\" content=\"pt_BR\" \/>\n<meta property=\"og:type\" content=\"article\" \/>\n<meta property=\"og:title\" content=\"Veja empresas beneficiadas e prejudicadas pela taxa\u00e7\u00e3o do a\u00e7o\" \/>\n<meta property=\"og:description\" content=\"Entenda quais empresas brasileiras devem ser mais beneficiadas e quais ser\u00e3o prejudicadas pela taxa\u00e7\u00e3o do a\u00e7o nos Estados Unidos.\" \/>\n<meta property=\"og:url\" content=\"https:\/\/www.suno.com.br\/noticias\/aco-empresas-beneficiadas-prejudicadas-itau-bba-gss\/\" \/>\n<meta property=\"og:site_name\" content=\"Suno Not\u00edcias\" \/>\n<meta property=\"article:publisher\" content=\"https:\/\/facebook.com\/sunoresearch\" \/>\n<meta property=\"og:image\" content=\"https:\/\/files.sunoresearch.com.br\/n\/uploads\/2025\/02\/daniel-wiadro-GAEvM4qvlBk-unsplash.jpg\" \/>\n\t<meta property=\"og:image:width\" content=\"1920\" \/>\n\t<meta property=\"og:image:height\" content=\"1280\" \/>\n\t<meta property=\"og:image:type\" content=\"image\/jpeg\" \/>\n<meta name=\"author\" content=\"Guilherme Serrano\" \/>\n<meta name=\"twitter:card\" content=\"summary_large_image\" \/>\n<meta name=\"twitter:creator\" content=\"@sunoresearch\" \/>\n<meta name=\"twitter:site\" content=\"@sunoresearch\" \/>\n<meta name=\"twitter:label1\" content=\"Escrito por\" \/>\n\t<meta name=\"twitter:data1\" content=\"Guilherme Serrano\" \/>\n\t<meta name=\"twitter:label2\" content=\"Est. tempo de leitura\" \/>\n\t<meta name=\"twitter:data2\" content=\"3 minutos\" \/>\n<script type=\"application\/ld+json\" class=\"yoast-schema-graph\">{\"@context\":\"https:\/\/schema.org\",\"@graph\":[{\"@type\":\"NewsArticle\",\"@id\":\"https:\/\/www.suno.com.br\/noticias\/aco-empresas-beneficiadas-prejudicadas-itau-bba-gss\/#article\",\"isPartOf\":{\"@id\":\"https:\/\/www.suno.com.br\/noticias\/aco-empresas-beneficiadas-prejudicadas-itau-bba-gss\/\"},\"author\":{\"name\":\"Guilherme Serrano\",\"@id\":\"https:\/\/www.suno.com.br\/noticias\/#\/schema\/person\/d0f07e64bce64aa671feadfb844f04ca\"},\"headline\":\"Veja empresas beneficiadas e prejudicadas pela taxa\u00e7\u00e3o do a\u00e7o\",\"datePublished\":\"2025-02-11T14:29:51+00:00\",\"dateModified\":\"2025-02-11T18:52:19+00:00\",\"mainEntityOfPage\":{\"@id\":\"https:\/\/www.suno.com.br\/noticias\/aco-empresas-beneficiadas-prejudicadas-itau-bba-gss\/\"},\"wordCount\":579,\"publisher\":{\"@id\":\"https:\/\/www.suno.com.br\/noticias\/#organization\"},\"image\":{\"@id\":\"https:\/\/www.suno.com.br\/noticias\/aco-empresas-beneficiadas-prejudicadas-itau-bba-gss\/#primaryimage\"},\"thumbnailUrl\":\"https:\/\/files.sunoresearch.com.br\/n\/uploads\/2025\/02\/daniel-wiadro-GAEvM4qvlBk-unsplash.jpg\",\"articleSection\":[\"Neg\u00f3cios\"],\"inLanguage\":\"pt-BR\"},{\"@type\":\"WebPage\",\"@id\":\"https:\/\/www.suno.com.br\/noticias\/aco-empresas-beneficiadas-prejudicadas-itau-bba-gss\/\",\"url\":\"https:\/\/www.suno.com.br\/noticias\/aco-empresas-beneficiadas-prejudicadas-itau-bba-gss\/\",\"name\":\"Veja empresas beneficiadas e prejudicadas pela taxa\u00e7\u00e3o do a\u00e7o\",\"isPartOf\":{\"@id\":\"https:\/\/www.suno.com.br\/noticias\/#website\"},\"primaryImageOfPage\":{\"@id\":\"https:\/\/www.suno.com.br\/noticias\/aco-empresas-beneficiadas-prejudicadas-itau-bba-gss\/#primaryimage\"},\"image\":{\"@id\":\"https:\/\/www.suno.com.br\/noticias\/aco-empresas-beneficiadas-prejudicadas-itau-bba-gss\/#primaryimage\"},\"thumbnailUrl\":\"https:\/\/files.sunoresearch.com.br\/n\/uploads\/2025\/02\/daniel-wiadro-GAEvM4qvlBk-unsplash.jpg\",\"datePublished\":\"2025-02-11T14:29:51+00:00\",\"dateModified\":\"2025-02-11T18:52:19+00:00\",\"description\":\"Entenda quais empresas brasileiras devem ser mais beneficiadas e quais ser\u00e3o prejudicadas pela taxa\u00e7\u00e3o do a\u00e7o nos Estados Unidos.\",\"breadcrumb\":{\"@id\":\"https:\/\/www.suno.com.br\/noticias\/aco-empresas-beneficiadas-prejudicadas-itau-bba-gss\/#breadcrumb\"},\"inLanguage\":\"pt-BR\",\"potentialAction\":[{\"@type\":\"ReadAction\",\"target\":[\"https:\/\/www.suno.com.br\/noticias\/aco-empresas-beneficiadas-prejudicadas-itau-bba-gss\/\"]}]},{\"@type\":\"ImageObject\",\"inLanguage\":\"pt-BR\",\"@id\":\"https:\/\/www.suno.com.br\/noticias\/aco-empresas-beneficiadas-prejudicadas-itau-bba-gss\/#primaryimage\",\"url\":\"https:\/\/files.sunoresearch.com.br\/n\/uploads\/2025\/02\/daniel-wiadro-GAEvM4qvlBk-unsplash.jpg\",\"contentUrl\":\"https:\/\/files.sunoresearch.com.br\/n\/uploads\/2025\/02\/daniel-wiadro-GAEvM4qvlBk-unsplash.jpg\",\"width\":1920,\"height\":1280,\"caption\":\"Foto: Unsplash\"},{\"@type\":\"BreadcrumbList\",\"@id\":\"https:\/\/www.suno.com.br\/noticias\/aco-empresas-beneficiadas-prejudicadas-itau-bba-gss\/#breadcrumb\",\"itemListElement\":[{\"@type\":\"ListItem\",\"position\":1,\"name\":\"Not\u00edcias\",\"item\":\"https:\/\/www.suno.com.br\/noticias\/\"},{\"@type\":\"ListItem\",\"position\":2,\"name\":\"Neg\u00f3cios\",\"item\":\"https:\/\/www.suno.com.br\/noticias\/negocios\/\"},{\"@type\":\"ListItem\",\"position\":3,\"name\":\"Veja empresas beneficiadas e prejudicadas pela taxa\u00e7\u00e3o do a\u00e7o\"}]},{\"@type\":\"WebSite\",\"@id\":\"https:\/\/www.suno.com.br\/noticias\/#website\",\"url\":\"https:\/\/www.suno.com.br\/noticias\/\",\"name\":\"Suno Not\u00edcias\",\"description\":\"Seu portal de informa\u00e7\u00e3o sobre o mundo dos investimentos\",\"publisher\":{\"@id\":\"https:\/\/www.suno.com.br\/noticias\/#organization\"},\"potentialAction\":[{\"@type\":\"SearchAction\",\"target\":{\"@type\":\"EntryPoint\",\"urlTemplate\":\"https:\/\/www.suno.com.br\/noticias\/?s={search_term_string}\"},\"query-input\":{\"@type\":\"PropertyValueSpecification\",\"valueRequired\":true,\"valueName\":\"search_term_string\"}}],\"inLanguage\":\"pt-BR\"},{\"@type\":\"Organization\",\"@id\":\"https:\/\/www.suno.com.br\/noticias\/#organization\",\"name\":\"Suno Not\u00edcias\",\"url\":\"https:\/\/www.suno.com.br\/noticias\/\",\"logo\":{\"@type\":\"ImageObject\",\"inLanguage\":\"pt-BR\",\"@id\":\"https:\/\/www.suno.com.br\/noticias\/#\/schema\/logo\/image\/\",\"url\":\"https:\/\/files.sunoresearch.com.br\/n\/uploads\/2021\/09\/suno-logo.png\",\"contentUrl\":\"https:\/\/files.sunoresearch.com.br\/n\/uploads\/2021\/09\/suno-logo.png\",\"width\":180,\"height\":180,\"caption\":\"Suno Not\u00edcias\"},\"image\":{\"@id\":\"https:\/\/www.suno.com.br\/noticias\/#\/schema\/logo\/image\/\"},\"sameAs\":[\"https:\/\/facebook.com\/sunoresearch\",\"https:\/\/x.com\/sunoresearch\",\"https:\/\/www.instagram.com\/suno\",\"https:\/\/www.linkedin.com\/company\/suno-research\/\",\"https:\/\/www.youtube.com\/c\/sunoresearch\"]},{\"@type\":\"Person\",\"@id\":\"https:\/\/www.suno.com.br\/noticias\/#\/schema\/person\/d0f07e64bce64aa671feadfb844f04ca\",\"name\":\"Guilherme Serrano\",\"image\":{\"@type\":\"ImageObject\",\"inLanguage\":\"pt-BR\",\"@id\":\"https:\/\/www.suno.com.br\/noticias\/#\/schema\/person\/image\/\",\"url\":\"https:\/\/secure.gravatar.com\/avatar\/a90be19d8c67bef61497e4522de30ac4?s=96&r=g\",\"contentUrl\":\"https:\/\/secure.gravatar.com\/avatar\/a90be19d8c67bef61497e4522de30ac4?s=96&r=g\",\"caption\":\"Guilherme Serrano\"},\"description\":\"Jornalista formado pela Faculdade C\u00e1sper L\u00edbero e p\u00f3s-graduado em Can\u00e7\u00e3o Popular pela Faculdade Santa Marcelina. Passagens por R\u00e1dio Gazeta AM, gazetaesportiva.com e TC R\u00e1dio.\",\"url\":\"https:\/\/www.suno.com.br\/noticias\/author\/guilherme-silvasuno-com-br\/\"}]}<\/script>\n<!-- \/ Yoast SEO plugin. -->","yoast_head_json":{"title":"Veja empresas beneficiadas e prejudicadas pela taxa\u00e7\u00e3o do a\u00e7o","description":"Entenda quais empresas brasileiras devem ser mais beneficiadas e quais ser\u00e3o prejudicadas pela taxa\u00e7\u00e3o do a\u00e7o nos Estados Unidos.","robots":{"index":"index","follow":"follow","max-snippet":"max-snippet:-1","max-image-preview":"max-image-preview:large","max-video-preview":"max-video-preview:-1"},"canonical":"https:\/\/www.suno.com.br\/noticias\/aco-empresas-beneficiadas-prejudicadas-itau-bba-gss\/","og_locale":"pt_BR","og_type":"article","og_title":"Veja empresas beneficiadas e prejudicadas pela taxa\u00e7\u00e3o do a\u00e7o","og_description":"Entenda quais empresas brasileiras devem ser mais beneficiadas e quais ser\u00e3o prejudicadas pela taxa\u00e7\u00e3o do a\u00e7o nos Estados Unidos.","og_url":"https:\/\/www.suno.com.br\/noticias\/aco-empresas-beneficiadas-prejudicadas-itau-bba-gss\/","og_site_name":"Suno Not\u00edcias","article_publisher":"https:\/\/facebook.com\/sunoresearch","og_image":[{"width":1920,"height":1280,"url":"https:\/\/files.sunoresearch.com.br\/n\/uploads\/2025\/02\/daniel-wiadro-GAEvM4qvlBk-unsplash.jpg","type":"image\/jpeg"}],"author":"Guilherme Serrano","twitter_card":"summary_large_image","twitter_creator":"@sunoresearch","twitter_site":"@sunoresearch","twitter_misc":{"Escrito por":"Guilherme Serrano","Est. tempo de leitura":"3 minutos"},"schema":{"@context":"https:\/\/schema.org","@graph":[{"@type":"NewsArticle","@id":"https:\/\/www.suno.com.br\/noticias\/aco-empresas-beneficiadas-prejudicadas-itau-bba-gss\/#article","isPartOf":{"@id":"https:\/\/www.suno.com.br\/noticias\/aco-empresas-beneficiadas-prejudicadas-itau-bba-gss\/"},"author":{"name":"Guilherme Serrano","@id":"https:\/\/www.suno.com.br\/noticias\/#\/schema\/person\/d0f07e64bce64aa671feadfb844f04ca"},"headline":"Veja empresas beneficiadas e prejudicadas pela taxa\u00e7\u00e3o do a\u00e7o","datePublished":"2025-02-11T14:29:51+00:00","dateModified":"2025-02-11T18:52:19+00:00","mainEntityOfPage":{"@id":"https:\/\/www.suno.com.br\/noticias\/aco-empresas-beneficiadas-prejudicadas-itau-bba-gss\/"},"wordCount":579,"publisher":{"@id":"https:\/\/www.suno.com.br\/noticias\/#organization"},"image":{"@id":"https:\/\/www.suno.com.br\/noticias\/aco-empresas-beneficiadas-prejudicadas-itau-bba-gss\/#primaryimage"},"thumbnailUrl":"https:\/\/files.sunoresearch.com.br\/n\/uploads\/2025\/02\/daniel-wiadro-GAEvM4qvlBk-unsplash.jpg","articleSection":["Neg\u00f3cios"],"inLanguage":"pt-BR"},{"@type":"WebPage","@id":"https:\/\/www.suno.com.br\/noticias\/aco-empresas-beneficiadas-prejudicadas-itau-bba-gss\/","url":"https:\/\/www.suno.com.br\/noticias\/aco-empresas-beneficiadas-prejudicadas-itau-bba-gss\/","name":"Veja empresas beneficiadas e prejudicadas pela taxa\u00e7\u00e3o do a\u00e7o","isPartOf":{"@id":"https:\/\/www.suno.com.br\/noticias\/#website"},"primaryImageOfPage":{"@id":"https:\/\/www.suno.com.br\/noticias\/aco-empresas-beneficiadas-prejudicadas-itau-bba-gss\/#primaryimage"},"image":{"@id":"https:\/\/www.suno.com.br\/noticias\/aco-empresas-beneficiadas-prejudicadas-itau-bba-gss\/#primaryimage"},"thumbnailUrl":"https:\/\/files.sunoresearch.com.br\/n\/uploads\/2025\/02\/daniel-wiadro-GAEvM4qvlBk-unsplash.jpg","datePublished":"2025-02-11T14:29:51+00:00","dateModified":"2025-02-11T18:52:19+00:00","description":"Entenda quais empresas brasileiras devem ser mais beneficiadas e quais ser\u00e3o prejudicadas pela taxa\u00e7\u00e3o do a\u00e7o nos Estados Unidos.","breadcrumb":{"@id":"https:\/\/www.suno.com.br\/noticias\/aco-empresas-beneficiadas-prejudicadas-itau-bba-gss\/#breadcrumb"},"inLanguage":"pt-BR","potentialAction":[{"@type":"ReadAction","target":["https:\/\/www.suno.com.br\/noticias\/aco-empresas-beneficiadas-prejudicadas-itau-bba-gss\/"]}]},{"@type":"ImageObject","inLanguage":"pt-BR","@id":"https:\/\/www.suno.com.br\/noticias\/aco-empresas-beneficiadas-prejudicadas-itau-bba-gss\/#primaryimage","url":"https:\/\/files.sunoresearch.com.br\/n\/uploads\/2025\/02\/daniel-wiadro-GAEvM4qvlBk-unsplash.jpg","contentUrl":"https:\/\/files.sunoresearch.com.br\/n\/uploads\/2025\/02\/daniel-wiadro-GAEvM4qvlBk-unsplash.jpg","width":1920,"height":1280,"caption":"Foto: Unsplash"},{"@type":"BreadcrumbList","@id":"https:\/\/www.suno.com.br\/noticias\/aco-empresas-beneficiadas-prejudicadas-itau-bba-gss\/#breadcrumb","itemListElement":[{"@type":"ListItem","position":1,"name":"Not\u00edcias","item":"https:\/\/www.suno.com.br\/noticias\/"},{"@type":"ListItem","position":2,"name":"Neg\u00f3cios","item":"https:\/\/www.suno.com.br\/noticias\/negocios\/"},{"@type":"ListItem","position":3,"name":"Veja empresas beneficiadas e prejudicadas pela taxa\u00e7\u00e3o do a\u00e7o"}]},{"@type":"WebSite","@id":"https:\/\/www.suno.com.br\/noticias\/#website","url":"https:\/\/www.suno.com.br\/noticias\/","name":"Suno Not\u00edcias","description":"Seu portal de informa\u00e7\u00e3o sobre o mundo dos investimentos","publisher":{"@id":"https:\/\/www.suno.com.br\/noticias\/#organization"},"potentialAction":[{"@type":"SearchAction","target":{"@type":"EntryPoint","urlTemplate":"https:\/\/www.suno.com.br\/noticias\/?s={search_term_string}"},"query-input":{"@type":"PropertyValueSpecification","valueRequired":true,"valueName":"search_term_string"}}],"inLanguage":"pt-BR"},{"@type":"Organization","@id":"https:\/\/www.suno.com.br\/noticias\/#organization","name":"Suno Not\u00edcias","url":"https:\/\/www.suno.com.br\/noticias\/","logo":{"@type":"ImageObject","inLanguage":"pt-BR","@id":"https:\/\/www.suno.com.br\/noticias\/#\/schema\/logo\/image\/","url":"https:\/\/files.sunoresearch.com.br\/n\/uploads\/2021\/09\/suno-logo.png","contentUrl":"https:\/\/files.sunoresearch.com.br\/n\/uploads\/2021\/09\/suno-logo.png","width":180,"height":180,"caption":"Suno Not\u00edcias"},"image":{"@id":"https:\/\/www.suno.com.br\/noticias\/#\/schema\/logo\/image\/"},"sameAs":["https:\/\/facebook.com\/sunoresearch","https:\/\/x.com\/sunoresearch","https:\/\/www.instagram.com\/suno","https:\/\/www.linkedin.com\/company\/suno-research\/","https:\/\/www.youtube.com\/c\/sunoresearch"]},{"@type":"Person","@id":"https:\/\/www.suno.com.br\/noticias\/#\/schema\/person\/d0f07e64bce64aa671feadfb844f04ca","name":"Guilherme Serrano","image":{"@type":"ImageObject","inLanguage":"pt-BR","@id":"https:\/\/www.suno.com.br\/noticias\/#\/schema\/person\/image\/","url":"https:\/\/secure.gravatar.com\/avatar\/a90be19d8c67bef61497e4522de30ac4?s=96&r=g","contentUrl":"https:\/\/secure.gravatar.com\/avatar\/a90be19d8c67bef61497e4522de30ac4?s=96&r=g","caption":"Guilherme Serrano"},"description":"Jornalista formado pela Faculdade C\u00e1sper L\u00edbero e p\u00f3s-graduado em Can\u00e7\u00e3o Popular pela Faculdade Santa Marcelina. Passagens por R\u00e1dio Gazeta AM, gazetaesportiva.com e TC R\u00e1dio.","url":"https:\/\/www.suno.com.br\/noticias\/author\/guilherme-silvasuno-com-br\/"}]}},"default_loop_html":"<div class=\"cardsPage__listCard__boxs\"><div class=\"cardsPage__listCard__boxs__img\"><a href=\"https:\/\/www.suno.com.br\/noticias\/aco-empresas-beneficiadas-prejudicadas-itau-bba-gss\/\"><img class=\"mask\" src=\"https:\/\/www.suno.com.br\/noticias\/wp-content\/themes\/suno\/resources\/images\/spotlight\/spotlight1img\/bg-mask.png\" alt=\"Image Mask\"\/><img src=\"https:\/\/files.sunoresearch.com.br\/n\/uploads\/2025\/02\/daniel-wiadro-GAEvM4qvlBk-unsplash-400x200.jpg\" alt=\"Veja empresas beneficiadas e prejudicadas pela taxa\u00e7\u00e3o do a\u00e7o\"\/><\/a><span class=\"spotlightCategory\"><a href=\"https:\/\/www.suno.com.br\/noticias\/negocios\/\">Neg\u00f3cios<\/a><\/span><\/div><div class=\"cardsPage__listCard__boxs__content\"><a href=\"https:\/\/www.suno.com.br\/noticias\/aco-empresas-beneficiadas-prejudicadas-itau-bba-gss\/\"><h2 class=\"content__title\">Veja empresas beneficiadas e prejudicadas pela taxa\u00e7\u00e3o do a\u00e7o<\/h2><\/a><div class=\"newsContent__article__meta\"><div class=\"newsContent__article__meta__authorBox\"><a href=\"https:\/\/www.suno.com.br\/noticias\/author\/guilherme-silvasuno-com-br\/\" class=\"authorBox__avatar noMobi\"><img src=\"https:\/\/secure.gravatar.com\/avatar\/a90be19d8c67bef61497e4522de30ac4?s=96&#038;r=g\" alt=\"Guilherme Serrano\"><\/a><div class=\"authorBox__name\"><span>por\n\t\t\t<a href=\"https:\/\/www.suno.com.br\/noticias\/author\/guilherme-silvasuno-com-br\/\"><span itemprop=\"author\">Guilherme Serrano<\/span><\/a><\/span><time datetime=\"2025-02-11T11:29:51-03:00\" itemprop=\"datePublished\">11\/02\/2025 11:29<\/time><\/div><\/div><\/div><\/div><\/div>","single_layout":"posts","amp_enabled":true,"_links":{"self":[{"href":"https:\/\/www.suno.com.br\/noticias\/wp-json\/wp\/v2\/posts\/594325"}],"collection":[{"href":"https:\/\/www.suno.com.br\/noticias\/wp-json\/wp\/v2\/posts"}],"about":[{"href":"https:\/\/www.suno.com.br\/noticias\/wp-json\/wp\/v2\/types\/post"}],"author":[{"embeddable":true,"href":"https:\/\/www.suno.com.br\/noticias\/wp-json\/wp\/v2\/users\/376"}],"replies":[{"embeddable":true,"href":"https:\/\/www.suno.com.br\/noticias\/wp-json\/wp\/v2\/comments?post=594325"}],"version-history":[{"count":3,"href":"https:\/\/www.suno.com.br\/noticias\/wp-json\/wp\/v2\/posts\/594325\/revisions"}],"predecessor-version":[{"id":594389,"href":"https:\/\/www.suno.com.br\/noticias\/wp-json\/wp\/v2\/posts\/594325\/revisions\/594389"}],"wp:featuredmedia":[{"embeddable":true,"href":"https:\/\/www.suno.com.br\/noticias\/wp-json\/wp\/v2\/media\/594326"}],"wp:attachment":[{"href":"https:\/\/www.suno.com.br\/noticias\/wp-json\/wp\/v2\/media?parent=594325"}],"wp:term":[{"taxonomy":"category","embeddable":true,"href":"https:\/\/www.suno.com.br\/noticias\/wp-json\/wp\/v2\/categories?post=594325"},{"taxonomy":"post_tag","embeddable":true,"href":"https:\/\/www.suno.com.br\/noticias\/wp-json\/wp\/v2\/tags?post=594325"},{"taxonomy":"suno_strategy","embeddable":true,"href":"https:\/\/www.suno.com.br\/noticias\/wp-json\/wp\/v2\/suno_strategy?post=594325"}],"curies":[{"name":"wp","href":"https:\/\/api.w.org\/{rel}","templated":true}]}}