{"id":59431,"date":"2020-03-30T11:39:20","date_gmt":"2020-03-30T14:39:20","guid":{"rendered":"https:\/\/www.suno.com.br\/noticias\/?p=59431"},"modified":"2020-04-01T11:13:45","modified_gmt":"2020-04-01T14:13:45","slug":"coronavirus-johnson-johnson-inicio-testes-vacina-setembro","status":"publish","type":"post","link":"https:\/\/www.suno.com.br\/noticias\/coronavirus-johnson-johnson-inicio-testes-vacina-setembro\/","title":{"rendered":"Coronav\u00edrus: Johnson &#038; Johnson dar\u00e1 in\u00edcio aos testes da vacina at\u00e9 setembro"},"content":{"rendered":"<p>A <strong>Johnson &amp; Johnson<\/strong> comunicou, nesta segunda-feira (30), que estuda dar in\u00edcio aos testes da vacina contra o <a href=\"https:\/\/www.suno.com.br\/noticias\/tags\/coronavirus\/\"><strong>coronav\u00edrus (Covid-19)<\/strong><\/a>, em humanos, at\u00e9 setembro deste ano. A empresa, no entanto, informou que ela s\u00f3 deve ficar pronta para uso emergencial no in\u00edcio de 2021.<\/p>\t<div class=\"wrapper-featured-image\">\n\t\t<figure class=\"spotlightImg\">\n\n\t\t\t<picture>\n\t\t\t\t<source media=\"(max-width: 768px)\" srcset=\"https:\/\/files.sunoresearch.com.br\/n\/uploads\/2020\/03\/a10df103-vacina-400x200.webp\">\n\t\t\t\t<img loading=\"lazy\" decoding=\"async\" class=\"newsContent__article__imgCapa lazyloadDisabled newsContent__article__imgCapa--noCaption\" src=\"https:\/\/files.sunoresearch.com.br\/n\/uploads\/2020\/03\/a10df103-vacina-jpg.webp\" width=\"800\" height=\"450\" alt=\"Coronav\u00edrus: Johnson &#038; Johnson dar\u00e1 in\u00edcio aos testes da vacina at\u00e9 setembro\" fetchpriority=high \/>\n\t\t\t<\/picture>\n\n\t\t\t<figcaption class=\"wp-caption-text wp-caption-text--hide\">O Minist\u00e9rio da Sa\u00fade comunicou que ainda \u00e9 cedo para falar de falhas na vacina<\/figcaption>\n\t\t<\/figure>\n\t<\/div>\n\n\n\n<p>A companhia do setor farmac\u00eautico investiu mais de US$ 1 bilh\u00e3o (cerca de R$ 5,2 bilh\u00f5es), junto a <strong>Biomedical Advanced Research and Development Authority<\/strong>, para financiar a pesquisa de vacinas contra o coronav\u00edrus.<\/p>\n<p>Especialistas acreditam que a vacina pode demorar mais de um ano para ficar pronta. Em contrapartida, diversos pa\u00edses est\u00e3o colaborando para que o desenvolvimento de uma vacina contra o <strong>Covid-19<\/strong>, que j\u00e1 fez mais de 34 mil v\u00edtimas fatais, fique pronta o quanto antes.<\/p>\n<p><a href=\"https:\/\/www.suno.com.br\/nossas-assinaturas\/suno-premium\/\">Saiba mais: Bolsa em queda livre!? Aproveita as maiores oportunidades da bolsa brasileira com nosso acesso Suno Premium<\/a><\/p>\n<p>A companhia norte-americana de biotecnologia, <strong>Moderna<\/strong>, aplicou, no dia 16 de mar\u00e7o, o primeiro teste de vacina contra o coronav\u00edrus em seres humanos. A empresa, ent\u00e3o, virou a principal candidata na corrida para o desenvolvimento de um tratamento para o Covid-19.<\/p>\n<p>Mais de 700 mil pessoas j\u00e1 foram infectadas pelo coronav\u00edrus no mundo. A doen\u00e7a j\u00e1 matou mais de 34.000 pessoas. A It\u00e1lia, pa\u00eds com maior n\u00famero de mortos pela doen\u00e7a, j\u00e1 registrou um total de 11 mil v\u00edtimas fatais at\u00e9 esta segunda-feira (30).<\/p>\n<p>Entretanto, Giulio Gallera, secret\u00e1rio de Sa\u00fade da regi\u00e3o da Lombardia, na It\u00e1lia, fez uma declara\u00e7\u00e3o positiva. \u201cEm todos os departamentos de emerg\u00eancia aconteceu uma redu\u00e7\u00e3o da entrada de pacientes\u201d, afirmou o pol\u00edtico italiano.<\/p>\n<p>O Reino Unido tamb\u00e9m sofre com o aumento acelerado do n\u00famero de casos. J\u00e1 s\u00e3o mais de 1.200 mortos e 20 mil pessoas infectadas. As autoridades admitiram que o pa\u00eds pode ter que esperar at\u00e9 seis meses para voltar a vida normal depois dessa pandemia.<\/p>\n<p>No Brasil, os casos de <a href=\"https:\/\/www.youtube.com\/watch?v=3isdrLdIEdM\"><strong>coronav\u00edrus<\/strong> <\/a>chegaram a 4.361, contabilizando 141 v\u00edtimas fatais da doen\u00e7a. Do total, 98 mortes foram em S\u00e3o Paulo.<\/p>\n\n","protected":false},"excerpt":{"rendered":"<p>A Johnson &amp; Johnson comunicou, nesta segunda-feira (30), que estuda dar in\u00edcio aos testes da vacina contra o coronav\u00edrus (Covid-19), em humanos, at\u00e9 setembro deste ano. A empresa, no entanto, informou que ela s\u00f3 deve ficar pronta para uso emergencial no in\u00edcio de 2021. O Minist\u00e9rio da Sa\u00fade comunicou que ainda \u00e9 cedo para falar [&hellip;]<\/p>\n","protected":false},"author":19,"featured_media":59444,"comment_status":"closed","ping_status":"closed","sticky":false,"template":"","format":"standard","meta":[],"categories":[64],"tags":[2487,869],"suno_strategy":[],"class_list":["post-59431","post","type-post","status-publish","format-standard","has-post-thumbnail","hentry","category-negocios","tag-coronavirus","tag-johnson-johnson-jnjb34"],"yoast_head":"<!-- This site is optimized with the Yoast SEO plugin v24.4 - https:\/\/yoast.com\/wordpress\/plugins\/seo\/ -->\n<title>Coronav\u00edrus: Johnson &amp; Johnson iniciar\u00e1 testes da vacina at\u00e9 setembro<\/title>\n<meta name=\"description\" content=\"A Johnson &amp; Johnson comunicou que estuda dar in\u00edcio aos testes da vacina contra o coronav\u00edrus, em humanos, at\u00e9 setembro deste ano. Saiba mais\" \/>\n<meta name=\"robots\" content=\"index, follow, max-snippet:-1, max-image-preview:large, max-video-preview:-1\" \/>\n<link rel=\"canonical\" href=\"https:\/\/www.suno.com.br\/noticias\/coronavirus-johnson-johnson-inicio-testes-vacina-setembro\/\" \/>\n<meta property=\"og:locale\" content=\"pt_BR\" \/>\n<meta property=\"og:type\" content=\"article\" \/>\n<meta property=\"og:title\" content=\"Coronav\u00edrus: Johnson &amp; Johnson iniciar\u00e1 testes da vacina at\u00e9 setembro\" \/>\n<meta property=\"og:description\" content=\"A Johnson &amp; Johnson comunicou que estuda dar in\u00edcio aos testes da vacina contra o coronav\u00edrus, em humanos, at\u00e9 setembro deste ano. Saiba mais\" \/>\n<meta property=\"og:url\" content=\"https:\/\/www.suno.com.br\/noticias\/coronavirus-johnson-johnson-inicio-testes-vacina-setembro\/\" \/>\n<meta property=\"og:site_name\" content=\"Suno Not\u00edcias\" \/>\n<meta property=\"article:publisher\" content=\"https:\/\/facebook.com\/sunoresearch\" \/>\n<meta property=\"og:image\" content=\"https:\/\/files.sunoresearch.com.br\/n\/uploads\/2020\/03\/a10df103-vacina.jpg\" \/>\n\t<meta property=\"og:image:width\" content=\"700\" \/>\n\t<meta property=\"og:image:height\" content=\"466\" \/>\n\t<meta property=\"og:image:type\" content=\"image\/jpeg\" \/>\n<meta name=\"author\" content=\"Juliano Passaro\" \/>\n<meta name=\"twitter:card\" content=\"summary_large_image\" \/>\n<meta name=\"twitter:creator\" content=\"@sunoresearch\" \/>\n<meta name=\"twitter:site\" content=\"@sunoresearch\" \/>\n<meta name=\"twitter:label1\" content=\"Escrito por\" \/>\n\t<meta name=\"twitter:data1\" content=\"Juliano Passaro\" \/>\n\t<meta name=\"twitter:label2\" content=\"Est. tempo de leitura\" \/>\n\t<meta name=\"twitter:data2\" content=\"2 minutos\" \/>\n<script type=\"application\/ld+json\" class=\"yoast-schema-graph\">{\"@context\":\"https:\/\/schema.org\",\"@graph\":[{\"@type\":\"NewsArticle\",\"@id\":\"https:\/\/www.suno.com.br\/noticias\/coronavirus-johnson-johnson-inicio-testes-vacina-setembro\/#article\",\"isPartOf\":{\"@id\":\"https:\/\/www.suno.com.br\/noticias\/coronavirus-johnson-johnson-inicio-testes-vacina-setembro\/\"},\"author\":{\"name\":\"Juliano Passaro\",\"@id\":\"https:\/\/www.suno.com.br\/noticias\/#\/schema\/person\/1db762f78ffd8919a648a63e425953e3\"},\"headline\":\"Coronav\u00edrus: Johnson &#038; Johnson dar\u00e1 in\u00edcio aos testes da vacina at\u00e9 setembro\",\"datePublished\":\"2020-03-30T14:39:20+00:00\",\"dateModified\":\"2020-04-01T14:13:45+00:00\",\"mainEntityOfPage\":{\"@id\":\"https:\/\/www.suno.com.br\/noticias\/coronavirus-johnson-johnson-inicio-testes-vacina-setembro\/\"},\"wordCount\":366,\"publisher\":{\"@id\":\"https:\/\/www.suno.com.br\/noticias\/#organization\"},\"image\":{\"@id\":\"https:\/\/www.suno.com.br\/noticias\/coronavirus-johnson-johnson-inicio-testes-vacina-setembro\/#primaryimage\"},\"thumbnailUrl\":\"https:\/\/files.sunoresearch.com.br\/n\/uploads\/2020\/03\/a10df103-vacina-jpg.webp\",\"keywords\":[\"coronav\u00edrus\",\"Johnson &amp; Johnson (JNJB34)\"],\"articleSection\":[\"Neg\u00f3cios\"],\"inLanguage\":\"pt-BR\"},{\"@type\":\"WebPage\",\"@id\":\"https:\/\/www.suno.com.br\/noticias\/coronavirus-johnson-johnson-inicio-testes-vacina-setembro\/\",\"url\":\"https:\/\/www.suno.com.br\/noticias\/coronavirus-johnson-johnson-inicio-testes-vacina-setembro\/\",\"name\":\"Coronav\u00edrus: Johnson & Johnson iniciar\u00e1 testes da vacina at\u00e9 setembro\",\"isPartOf\":{\"@id\":\"https:\/\/www.suno.com.br\/noticias\/#website\"},\"primaryImageOfPage\":{\"@id\":\"https:\/\/www.suno.com.br\/noticias\/coronavirus-johnson-johnson-inicio-testes-vacina-setembro\/#primaryimage\"},\"image\":{\"@id\":\"https:\/\/www.suno.com.br\/noticias\/coronavirus-johnson-johnson-inicio-testes-vacina-setembro\/#primaryimage\"},\"thumbnailUrl\":\"https:\/\/files.sunoresearch.com.br\/n\/uploads\/2020\/03\/a10df103-vacina-jpg.webp\",\"datePublished\":\"2020-03-30T14:39:20+00:00\",\"dateModified\":\"2020-04-01T14:13:45+00:00\",\"description\":\"A Johnson & Johnson comunicou que estuda dar in\u00edcio aos testes da vacina contra o coronav\u00edrus, em humanos, at\u00e9 setembro deste ano. Saiba mais\",\"breadcrumb\":{\"@id\":\"https:\/\/www.suno.com.br\/noticias\/coronavirus-johnson-johnson-inicio-testes-vacina-setembro\/#breadcrumb\"},\"inLanguage\":\"pt-BR\",\"potentialAction\":[{\"@type\":\"ReadAction\",\"target\":[\"https:\/\/www.suno.com.br\/noticias\/coronavirus-johnson-johnson-inicio-testes-vacina-setembro\/\"]}]},{\"@type\":\"ImageObject\",\"inLanguage\":\"pt-BR\",\"@id\":\"https:\/\/www.suno.com.br\/noticias\/coronavirus-johnson-johnson-inicio-testes-vacina-setembro\/#primaryimage\",\"url\":\"https:\/\/files.sunoresearch.com.br\/n\/uploads\/2020\/03\/a10df103-vacina-jpg.webp\",\"contentUrl\":\"https:\/\/files.sunoresearch.com.br\/n\/uploads\/2020\/03\/a10df103-vacina-jpg.webp\",\"width\":700,\"height\":466,\"caption\":\"O Minist\u00e9rio da Sa\u00fade comunicou que ainda \u00e9 cedo para falar de falhas na vacina\"},{\"@type\":\"BreadcrumbList\",\"@id\":\"https:\/\/www.suno.com.br\/noticias\/coronavirus-johnson-johnson-inicio-testes-vacina-setembro\/#breadcrumb\",\"itemListElement\":[{\"@type\":\"ListItem\",\"position\":1,\"name\":\"Not\u00edcias\",\"item\":\"https:\/\/www.suno.com.br\/noticias\/\"},{\"@type\":\"ListItem\",\"position\":2,\"name\":\"Neg\u00f3cios\",\"item\":\"https:\/\/www.suno.com.br\/noticias\/negocios\/\"},{\"@type\":\"ListItem\",\"position\":3,\"name\":\"Coronav\u00edrus: Johnson &#038; Johnson dar\u00e1 in\u00edcio aos testes da vacina at\u00e9 setembro\"}]},{\"@type\":\"WebSite\",\"@id\":\"https:\/\/www.suno.com.br\/noticias\/#website\",\"url\":\"https:\/\/www.suno.com.br\/noticias\/\",\"name\":\"Suno Not\u00edcias\",\"description\":\"Seu portal de informa\u00e7\u00e3o sobre o mundo dos investimentos\",\"publisher\":{\"@id\":\"https:\/\/www.suno.com.br\/noticias\/#organization\"},\"potentialAction\":[{\"@type\":\"SearchAction\",\"target\":{\"@type\":\"EntryPoint\",\"urlTemplate\":\"https:\/\/www.suno.com.br\/noticias\/?s={search_term_string}\"},\"query-input\":{\"@type\":\"PropertyValueSpecification\",\"valueRequired\":true,\"valueName\":\"search_term_string\"}}],\"inLanguage\":\"pt-BR\"},{\"@type\":\"Organization\",\"@id\":\"https:\/\/www.suno.com.br\/noticias\/#organization\",\"name\":\"Suno Not\u00edcias\",\"url\":\"https:\/\/www.suno.com.br\/noticias\/\",\"logo\":{\"@type\":\"ImageObject\",\"inLanguage\":\"pt-BR\",\"@id\":\"https:\/\/www.suno.com.br\/noticias\/#\/schema\/logo\/image\/\",\"url\":\"https:\/\/files.sunoresearch.com.br\/n\/uploads\/2021\/09\/suno-logo.png\",\"contentUrl\":\"https:\/\/files.sunoresearch.com.br\/n\/uploads\/2021\/09\/suno-logo.png\",\"width\":180,\"height\":180,\"caption\":\"Suno Not\u00edcias\"},\"image\":{\"@id\":\"https:\/\/www.suno.com.br\/noticias\/#\/schema\/logo\/image\/\"},\"sameAs\":[\"https:\/\/facebook.com\/sunoresearch\",\"https:\/\/x.com\/sunoresearch\",\"https:\/\/www.instagram.com\/suno\",\"https:\/\/www.linkedin.com\/company\/suno-research\/\",\"https:\/\/www.youtube.com\/c\/sunoresearch\"]},{\"@type\":\"Person\",\"@id\":\"https:\/\/www.suno.com.br\/noticias\/#\/schema\/person\/1db762f78ffd8919a648a63e425953e3\",\"name\":\"Juliano Passaro\",\"image\":{\"@type\":\"ImageObject\",\"inLanguage\":\"pt-BR\",\"@id\":\"https:\/\/www.suno.com.br\/noticias\/#\/schema\/person\/image\/\",\"url\":\"https:\/\/secure.gravatar.com\/avatar\/743d4df28eebf6dcc46b4ad03c319e92?s=96&r=g\",\"contentUrl\":\"https:\/\/secure.gravatar.com\/avatar\/743d4df28eebf6dcc46b4ad03c319e92?s=96&r=g\",\"caption\":\"Juliano Passaro\"},\"description\":\"Juliano Passaro escreve sobre pol\u00edtica, economia e neg\u00f3cios para o portal da Suno Research. Antes da Suno, trabalhou no Portal da Band. \u00c9 formado em jornalismo pela Universidade Presbiteriana Mackenzie.\",\"url\":\"https:\/\/www.suno.com.br\/noticias\/author\/juliano\/\"}]}<\/script>\n<!-- \/ Yoast SEO plugin. -->","yoast_head_json":{"title":"Coronav\u00edrus: Johnson & Johnson iniciar\u00e1 testes da vacina at\u00e9 setembro","description":"A Johnson & Johnson comunicou que estuda dar in\u00edcio aos testes da vacina contra o coronav\u00edrus, em humanos, at\u00e9 setembro deste ano. Saiba mais","robots":{"index":"index","follow":"follow","max-snippet":"max-snippet:-1","max-image-preview":"max-image-preview:large","max-video-preview":"max-video-preview:-1"},"canonical":"https:\/\/www.suno.com.br\/noticias\/coronavirus-johnson-johnson-inicio-testes-vacina-setembro\/","og_locale":"pt_BR","og_type":"article","og_title":"Coronav\u00edrus: Johnson & Johnson iniciar\u00e1 testes da vacina at\u00e9 setembro","og_description":"A Johnson & Johnson comunicou que estuda dar in\u00edcio aos testes da vacina contra o coronav\u00edrus, em humanos, at\u00e9 setembro deste ano. Saiba mais","og_url":"https:\/\/www.suno.com.br\/noticias\/coronavirus-johnson-johnson-inicio-testes-vacina-setembro\/","og_site_name":"Suno Not\u00edcias","article_publisher":"https:\/\/facebook.com\/sunoresearch","og_image":[{"width":700,"height":466,"url":"https:\/\/files.sunoresearch.com.br\/n\/uploads\/2020\/03\/a10df103-vacina.jpg","type":"image\/jpeg"}],"author":"Juliano Passaro","twitter_card":"summary_large_image","twitter_creator":"@sunoresearch","twitter_site":"@sunoresearch","twitter_misc":{"Escrito por":"Juliano Passaro","Est. tempo de leitura":"2 minutos"},"schema":{"@context":"https:\/\/schema.org","@graph":[{"@type":"NewsArticle","@id":"https:\/\/www.suno.com.br\/noticias\/coronavirus-johnson-johnson-inicio-testes-vacina-setembro\/#article","isPartOf":{"@id":"https:\/\/www.suno.com.br\/noticias\/coronavirus-johnson-johnson-inicio-testes-vacina-setembro\/"},"author":{"name":"Juliano Passaro","@id":"https:\/\/www.suno.com.br\/noticias\/#\/schema\/person\/1db762f78ffd8919a648a63e425953e3"},"headline":"Coronav\u00edrus: Johnson &#038; Johnson dar\u00e1 in\u00edcio aos testes da vacina at\u00e9 setembro","datePublished":"2020-03-30T14:39:20+00:00","dateModified":"2020-04-01T14:13:45+00:00","mainEntityOfPage":{"@id":"https:\/\/www.suno.com.br\/noticias\/coronavirus-johnson-johnson-inicio-testes-vacina-setembro\/"},"wordCount":366,"publisher":{"@id":"https:\/\/www.suno.com.br\/noticias\/#organization"},"image":{"@id":"https:\/\/www.suno.com.br\/noticias\/coronavirus-johnson-johnson-inicio-testes-vacina-setembro\/#primaryimage"},"thumbnailUrl":"https:\/\/files.sunoresearch.com.br\/n\/uploads\/2020\/03\/a10df103-vacina-jpg.webp","keywords":["coronav\u00edrus","Johnson &amp; Johnson (JNJB34)"],"articleSection":["Neg\u00f3cios"],"inLanguage":"pt-BR"},{"@type":"WebPage","@id":"https:\/\/www.suno.com.br\/noticias\/coronavirus-johnson-johnson-inicio-testes-vacina-setembro\/","url":"https:\/\/www.suno.com.br\/noticias\/coronavirus-johnson-johnson-inicio-testes-vacina-setembro\/","name":"Coronav\u00edrus: Johnson & Johnson iniciar\u00e1 testes da vacina at\u00e9 setembro","isPartOf":{"@id":"https:\/\/www.suno.com.br\/noticias\/#website"},"primaryImageOfPage":{"@id":"https:\/\/www.suno.com.br\/noticias\/coronavirus-johnson-johnson-inicio-testes-vacina-setembro\/#primaryimage"},"image":{"@id":"https:\/\/www.suno.com.br\/noticias\/coronavirus-johnson-johnson-inicio-testes-vacina-setembro\/#primaryimage"},"thumbnailUrl":"https:\/\/files.sunoresearch.com.br\/n\/uploads\/2020\/03\/a10df103-vacina-jpg.webp","datePublished":"2020-03-30T14:39:20+00:00","dateModified":"2020-04-01T14:13:45+00:00","description":"A Johnson & Johnson comunicou que estuda dar in\u00edcio aos testes da vacina contra o coronav\u00edrus, em humanos, at\u00e9 setembro deste ano. Saiba mais","breadcrumb":{"@id":"https:\/\/www.suno.com.br\/noticias\/coronavirus-johnson-johnson-inicio-testes-vacina-setembro\/#breadcrumb"},"inLanguage":"pt-BR","potentialAction":[{"@type":"ReadAction","target":["https:\/\/www.suno.com.br\/noticias\/coronavirus-johnson-johnson-inicio-testes-vacina-setembro\/"]}]},{"@type":"ImageObject","inLanguage":"pt-BR","@id":"https:\/\/www.suno.com.br\/noticias\/coronavirus-johnson-johnson-inicio-testes-vacina-setembro\/#primaryimage","url":"https:\/\/files.sunoresearch.com.br\/n\/uploads\/2020\/03\/a10df103-vacina-jpg.webp","contentUrl":"https:\/\/files.sunoresearch.com.br\/n\/uploads\/2020\/03\/a10df103-vacina-jpg.webp","width":700,"height":466,"caption":"O Minist\u00e9rio da Sa\u00fade comunicou que ainda \u00e9 cedo para falar de falhas na vacina"},{"@type":"BreadcrumbList","@id":"https:\/\/www.suno.com.br\/noticias\/coronavirus-johnson-johnson-inicio-testes-vacina-setembro\/#breadcrumb","itemListElement":[{"@type":"ListItem","position":1,"name":"Not\u00edcias","item":"https:\/\/www.suno.com.br\/noticias\/"},{"@type":"ListItem","position":2,"name":"Neg\u00f3cios","item":"https:\/\/www.suno.com.br\/noticias\/negocios\/"},{"@type":"ListItem","position":3,"name":"Coronav\u00edrus: Johnson &#038; Johnson dar\u00e1 in\u00edcio aos testes da vacina at\u00e9 setembro"}]},{"@type":"WebSite","@id":"https:\/\/www.suno.com.br\/noticias\/#website","url":"https:\/\/www.suno.com.br\/noticias\/","name":"Suno Not\u00edcias","description":"Seu portal de informa\u00e7\u00e3o sobre o mundo dos investimentos","publisher":{"@id":"https:\/\/www.suno.com.br\/noticias\/#organization"},"potentialAction":[{"@type":"SearchAction","target":{"@type":"EntryPoint","urlTemplate":"https:\/\/www.suno.com.br\/noticias\/?s={search_term_string}"},"query-input":{"@type":"PropertyValueSpecification","valueRequired":true,"valueName":"search_term_string"}}],"inLanguage":"pt-BR"},{"@type":"Organization","@id":"https:\/\/www.suno.com.br\/noticias\/#organization","name":"Suno Not\u00edcias","url":"https:\/\/www.suno.com.br\/noticias\/","logo":{"@type":"ImageObject","inLanguage":"pt-BR","@id":"https:\/\/www.suno.com.br\/noticias\/#\/schema\/logo\/image\/","url":"https:\/\/files.sunoresearch.com.br\/n\/uploads\/2021\/09\/suno-logo.png","contentUrl":"https:\/\/files.sunoresearch.com.br\/n\/uploads\/2021\/09\/suno-logo.png","width":180,"height":180,"caption":"Suno Not\u00edcias"},"image":{"@id":"https:\/\/www.suno.com.br\/noticias\/#\/schema\/logo\/image\/"},"sameAs":["https:\/\/facebook.com\/sunoresearch","https:\/\/x.com\/sunoresearch","https:\/\/www.instagram.com\/suno","https:\/\/www.linkedin.com\/company\/suno-research\/","https:\/\/www.youtube.com\/c\/sunoresearch"]},{"@type":"Person","@id":"https:\/\/www.suno.com.br\/noticias\/#\/schema\/person\/1db762f78ffd8919a648a63e425953e3","name":"Juliano Passaro","image":{"@type":"ImageObject","inLanguage":"pt-BR","@id":"https:\/\/www.suno.com.br\/noticias\/#\/schema\/person\/image\/","url":"https:\/\/secure.gravatar.com\/avatar\/743d4df28eebf6dcc46b4ad03c319e92?s=96&r=g","contentUrl":"https:\/\/secure.gravatar.com\/avatar\/743d4df28eebf6dcc46b4ad03c319e92?s=96&r=g","caption":"Juliano Passaro"},"description":"Juliano Passaro escreve sobre pol\u00edtica, economia e neg\u00f3cios para o portal da Suno Research. Antes da Suno, trabalhou no Portal da Band. \u00c9 formado em jornalismo pela Universidade Presbiteriana Mackenzie.","url":"https:\/\/www.suno.com.br\/noticias\/author\/juliano\/"}]}},"default_loop_html":"<div class=\"cardsPage__listCard__boxs\"><div class=\"cardsPage__listCard__boxs__img\"><a href=\"https:\/\/www.suno.com.br\/noticias\/coronavirus-johnson-johnson-inicio-testes-vacina-setembro\/\"><img class=\"mask\" src=\"https:\/\/www.suno.com.br\/noticias\/wp-content\/themes\/suno\/resources\/images\/spotlight\/spotlight1img\/bg-mask.png\" alt=\"Image Mask\"\/><img src=\"https:\/\/files.sunoresearch.com.br\/n\/uploads\/2020\/03\/a10df103-vacina-400x200.webp\" alt=\"Coronav\u00edrus: Johnson &#038; Johnson dar\u00e1 in\u00edcio aos testes da vacina at\u00e9 setembro\"\/><\/a><span class=\"spotlightCategory\"><a href=\"https:\/\/www.suno.com.br\/noticias\/negocios\/\">Neg\u00f3cios<\/a><\/span><\/div><div class=\"cardsPage__listCard__boxs__content\"><a href=\"https:\/\/www.suno.com.br\/noticias\/coronavirus-johnson-johnson-inicio-testes-vacina-setembro\/\"><h2 class=\"content__title\">Coronav\u00edrus: Johnson &#038; Johnson dar\u00e1 in\u00edcio aos testes da vacina at\u00e9 setembro<\/h2><\/a><div class=\"newsContent__article__meta\"><div class=\"newsContent__article__meta__authorBox\"><a href=\"https:\/\/www.suno.com.br\/noticias\/author\/juliano\/\" class=\"authorBox__avatar noMobi\"><img src=\"https:\/\/files.sunoresearch.com.br\/n\/uploads\/2019\/06\/7cc3efea-whatsapp-image-2019-07-18-at-21.59.33-e1563499821209-150x150.webp\" alt=\"Juliano Passaro\"><\/a><div class=\"authorBox__name\"><span>por\n\t\t\t<a href=\"https:\/\/www.suno.com.br\/noticias\/author\/juliano\/\"><span itemprop=\"author\">Juliano Passaro<\/span><\/a><\/span><time datetime=\"2020-03-30T11:39:20-03:00\" itemprop=\"datePublished\">30\/03\/2020 11:39<\/time><\/div><\/div><\/div><\/div><\/div>","single_layout":"posts","amp_enabled":true,"_links":{"self":[{"href":"https:\/\/www.suno.com.br\/noticias\/wp-json\/wp\/v2\/posts\/59431"}],"collection":[{"href":"https:\/\/www.suno.com.br\/noticias\/wp-json\/wp\/v2\/posts"}],"about":[{"href":"https:\/\/www.suno.com.br\/noticias\/wp-json\/wp\/v2\/types\/post"}],"author":[{"embeddable":true,"href":"https:\/\/www.suno.com.br\/noticias\/wp-json\/wp\/v2\/users\/19"}],"replies":[{"embeddable":true,"href":"https:\/\/www.suno.com.br\/noticias\/wp-json\/wp\/v2\/comments?post=59431"}],"version-history":[{"count":0,"href":"https:\/\/www.suno.com.br\/noticias\/wp-json\/wp\/v2\/posts\/59431\/revisions"}],"wp:featuredmedia":[{"embeddable":true,"href":"https:\/\/www.suno.com.br\/noticias\/wp-json\/wp\/v2\/media\/59444"}],"wp:attachment":[{"href":"https:\/\/www.suno.com.br\/noticias\/wp-json\/wp\/v2\/media?parent=59431"}],"wp:term":[{"taxonomy":"category","embeddable":true,"href":"https:\/\/www.suno.com.br\/noticias\/wp-json\/wp\/v2\/categories?post=59431"},{"taxonomy":"post_tag","embeddable":true,"href":"https:\/\/www.suno.com.br\/noticias\/wp-json\/wp\/v2\/tags?post=59431"},{"taxonomy":"suno_strategy","embeddable":true,"href":"https:\/\/www.suno.com.br\/noticias\/wp-json\/wp\/v2\/suno_strategy?post=59431"}],"curies":[{"name":"wp","href":"https:\/\/api.w.org\/{rel}","templated":true}]}}