{"id":594291,"date":"2025-02-11T09:57:11","date_gmt":"2025-02-11T12:57:11","guid":{"rendered":"https:\/\/www.suno.com.br\/noticias\/?p=594291"},"modified":"2025-02-11T09:57:14","modified_gmt":"2025-02-11T12:57:14","slug":"ipca-janeiro-2025-gss","status":"publish","type":"post","link":"https:\/\/www.suno.com.br\/noticias\/ipca-janeiro-2025-gss\/","title":{"rendered":"IPCA desacelera para 0,16% em janeiro, ante 0,52% em dezembro"},"content":{"rendered":"<p>O \u00cdndice Nacional de Pre\u00e7os ao Consumidor Amplo (<strong>IPCA<\/strong>), indicador oficial da infla\u00e7\u00e3o no Brasil, fechou o m\u00eas de janeiro de 2025 em alta de 0,16%, ante avan\u00e7o de 0,52% em dezembro, conforme informou nesta ter\u00e7a-feira (11) o <a class=\"suno-keyword\" data-force=\"no\" data-priority=\"3\" href=\"https:\/\/www.suno.com.br\/artigos\/ibge\/\" target=\"_blank\" rel=\"noopener\">Instituto Brasileiro de Geografia e Estat\u00edstica (IBGE)<\/a>.<\/p>\t<div class=\"wrapper-featured-image\">\n\t\t<figure class=\"spotlightImg\">\n\n\t\t\t<picture>\n\t\t\t\t<source media=\"(max-width: 768px)\" srcset=\"https:\/\/files.sunoresearch.com.br\/n\/uploads\/2024\/02\/iStock-1487850283-400x200.jpg\">\n\t\t\t\t<img loading=\"lazy\" decoding=\"async\" class=\"newsContent__article__imgCapa lazyloadDisabled \" src=\"https:\/\/files.sunoresearch.com.br\/n\/uploads\/2024\/02\/iStock-1487850283-800x450.jpg\" width=\"800\" height=\"450\" alt=\"IPCA desacelera para 0,16% em janeiro, ante 0,52% em dezembro\" fetchpriority=high \/>\n\t\t\t<\/picture>\n\n\t\t\t<figcaption class=\"wp-caption-text wp-caption-text--show\">Infla\u00e7\u00e3o IPCA. Foto: iStock.<\/figcaption>\n\t\t<\/figure>\n\t<\/div>\n\n\n\n\n\n\n\n\t<p>\n\t\t<a href=\"\" target=\"_blank\" data-element=\"shortcode-suno-banner\" title=\"Banner SUNO, clique e saiba mais\">\n\t\t\t<picture>\n\t\t\t\t<source media=\"(max-width: 500px)\" srcset=\"\">\n\t\t\t\t<img class=\"newsContent__article__imgCapa newsContent__article__imgCapa--banner\"\n\t\t\t\t\tsrc=\"\"\n\t\t\t\t\tdata-promo-id=\"240038\"\t\t\t\t\t\t\t\t\t\t\t\t\t\t\talt=\"\"\n\t\t\t\t>\n\t\t\t<\/picture>\n\t\t<\/a>\n\t<\/p>\n\n\n\n\n\n<p>Segundo o IBGE, essa \u00e9 a menor taxa para o <strong>IPCA de janeiro<\/strong> desde o in\u00edcio do Plano Real, em 1994.<\/p>\n\n\n\n<p>Com o n\u00famero divulgado nesta ter\u00e7a, a <strong>infla\u00e7\u00e3o<\/strong> no Brasil acumula uma alta de 4,56% em 12 meses, o que representa uma desacelera\u00e7\u00e3o frente a dezembro do ano passado, quando o <strong>IPCA acumulado<\/strong> era de 4,38%.<\/p>\n\n\n\n<p>Cinco dos nove <strong>grupos do IPCA<\/strong> tiveram alta nos pre\u00e7os em janeiro. Os grupos de Transportes e Alimenta\u00e7\u00e3o e Bebidas tiveram as maiores altas percentuais e os maiores impactos sobre a <strong>infla\u00e7\u00e3o de janeiro<\/strong>.<\/p>\n\n\n\n<p>Os <strong>pre\u00e7os de transportes<\/strong> tiveram alta de 1,30%, impactando o \u00edndice em 0,27 p.p. J\u00e1 o grupo de Alimenta\u00e7\u00e3o e Bebidas subiu 0,96% no per\u00edodo, com impacto de 0,21 p.p. sobre o \u00edndice.<\/p>\n\n\n\n<p>J\u00e1 o <a class=\"suno-keyword\" target=\"_blank\" data-force=\"no\" data-priority=\"1\" href=\"https:\/\/www.suno.com.br\/artigos\/preco-medio\/\" rel=\"noopener\">pre\u00e7o m\u00e9dio<\/a> da energia el\u00e9trica residencial caiu 14,21%, como resultado da incorpora\u00e7\u00e3o do b\u00f4nus de Itaipu que foi creditado nas faturas do m\u00eas.<\/p>\n\n\n\n<p>Assim, o grupo de Habita\u00e7\u00e3o, do qual a energia el\u00e9trica residencial faz parte, recuou 3% em janeiro, contribuindo para uma queda de 0,44 p.p. no IPCA.<\/p>\n\n\n\t<p>\n\t\t<a href=\"https:\/\/lp.suno.com.br\/ebook-gratuito-investindo-no-exterior\/\" target=\"_blank\" data-element=\"shortcode-suno-banner\" title=\"Banner SUNO, clique e saiba mais\">\n\t\t\t<picture>\n\t\t\t\t<source media=\"(max-width: 500px)\" srcset=\"https:\/\/files.sunoresearch.com.br\/n\/uploads\/2023\/03\/400x300-Investindo-no-exterior.png\">\n\t\t\t\t<img class=\"newsContent__article__imgCapa newsContent__article__imgCapa--banner\"\n\t\t\t\t\tsrc=\"https:\/\/files.sunoresearch.com.br\/n\/uploads\/2023\/03\/1420x240-Investindo-no-exterior.png\"\n\t\t\t\t\tdata-promo-id=\"383161\"\t\t\t\t\t\t\t\t\t\twidth='1420' height='240'\t\t\t\t\talt=\"https:\/\/files.sunoresearch.com.br\/n\/uploads\/2023\/03\/1420x240-Investindo-no-exterior.png\"\n\t\t\t\t>\n\t\t\t<\/picture>\n\t\t<\/a>\n\t<\/p>\n\n\n\n\n\n<p>&#8220;\u00c9 um desconto tempor\u00e1rio das tarifas de energia, principalmente em janeiro, mas que ainda trar\u00e1 um impacto em fevereiro. Ent\u00e3o, com essa queda, o IPCA acumulado de 12 meses fica 4,56%, ainda acima do teto da meta do Banco Central, que \u00e9 de 4,5%. Vale frisar que essa desacelera\u00e7\u00e3o j\u00e1 era amplamente aguardada, s\u00f3 que a gente n\u00e3o ter\u00e1 esse efeito para os pr\u00f3ximos meses. Ent\u00e3o, a gente deve ter uma acelera\u00e7\u00e3o da infla\u00e7\u00e3o daqui para frente&#8221;, afirma o planejador financeiro Marcelo Bolzan.<\/p>\n\n\n\n<h2 class=\"wp-block-heading\">Confira o resultado do IPCA de janeiro por grupos:<\/h2>\n\n\n\n<ul class=\"wp-block-list\">\n<li>Alimenta\u00e7\u00e3o e bebidas: 0,96%;<\/li>\n\n\n\n<li>Habita\u00e7\u00e3o: -3,08%;<\/li>\n\n\n\n<li>Artigos de resid\u00eancia: -0,09%;<\/li>\n\n\n\n<li>Vestu\u00e1rio: -0,14%;<\/li>\n\n\n\n<li>Transportes: 1,30%;<\/li>\n\n\n\n<li>Sa\u00fade e cuidados pessoais: 0,70%;<\/li>\n\n\n\n<li>Despesas pessoais: 0,51%;<\/li>\n\n\n\n<li>Educa\u00e7\u00e3o: 0,26%;<\/li>\n\n\n\n<li>Comunica\u00e7\u00e3o: -0,17%.<\/li>\n<\/ul>\n\n\n\n<p>&#8220;Diante desse resultado, n\u00e3o devemos ter mudan\u00e7a na trajet\u00f3ria de subida de juros pelo Banco Central para mar\u00e7o. O um guidance \u00e9 de mais uma subida de um ponto percentual, e o <strong>IPCA<\/strong> divulgado hoje n\u00e3o deve mudar isso. Ent\u00e3o o Copom deve fazer sim mais uma subida de juros de 13,25% para 14,25%&#8221;, completa Bolzan.<\/p>\n\n\n\t<p>\n\t\t<a href=\"https:\/\/lp.suno.com.br\/planilha-da-vida-financeira\/\" target=\"_blank\" data-element=\"shortcode-suno-banner\" title=\"Banner SUNO, clique e saiba mais\">\n\t\t\t<picture>\n\t\t\t\t<source media=\"(max-width: 500px)\" srcset=\"https:\/\/files.sunoresearch.com.br\/n\/uploads\/2023\/04\/400x300-Planilha-vida-financeira-true.png\">\n\t\t\t\t<img class=\"newsContent__article__imgCapa newsContent__article__imgCapa--banner\"\n\t\t\t\t\tsrc=\"https:\/\/files.sunoresearch.com.br\/n\/uploads\/2023\/04\/1420x240-Planilha-vida-financeira-true.png\"\n\t\t\t\t\tdata-promo-id=\"383123\"\t\t\t\t\t\t\t\t\t\twidth='1420' height='240'\t\t\t\t\talt=\"https:\/\/files.sunoresearch.com.br\/n\/uploads\/2023\/04\/1420x240-Planilha-vida-financeira-true.png\"\n\t\t\t\t>\n\t\t\t<\/picture>\n\t\t<\/a>\n\t<\/p>\n\n\n","protected":false},"excerpt":{"rendered":"<p>O \u00cdndice Nacional de Pre\u00e7os ao Consumidor Amplo (IPCA), indicador oficial da infla\u00e7\u00e3o no Brasil, fechou o m\u00eas de janeiro de 2025 em alta de 0,16%, ante avan\u00e7o de 0,52% em dezembro, conforme informou nesta ter\u00e7a-feira (11) o Instituto Brasileiro de Geografia e Estat\u00edstica (IBGE). Infla\u00e7\u00e3o IPCA. Foto: iStock. Segundo o IBGE, essa \u00e9 a [&hellip;]<\/p>\n","protected":false},"author":376,"featured_media":527031,"comment_status":"closed","ping_status":"closed","sticky":false,"template":"","format":"standard","meta":[],"categories":[64],"tags":[850,966],"suno_strategy":[],"class_list":["post-594291","post","type-post","status-publish","format-standard","has-post-thumbnail","hentry","category-negocios","tag-inflacao","tag-ipca"],"yoast_head":"<!-- This site is optimized with the Yoast SEO plugin v24.4 - https:\/\/yoast.com\/wordpress\/plugins\/seo\/ -->\n<title>IPCA desacelera para 0,16% em janeiro, ante 0,52% em dezembro<\/title>\n<meta name=\"description\" content=\"A queda do IPCA em janeiro de 2025 \u00e9 explicada, em grande medida, pelo recuo no pre\u00e7o da energia el\u00e9trica residencial. Clique e saiba mais.\" \/>\n<meta name=\"robots\" content=\"index, follow, max-snippet:-1, max-image-preview:large, max-video-preview:-1\" \/>\n<link rel=\"canonical\" href=\"https:\/\/www.suno.com.br\/noticias\/ipca-janeiro-2025-gss\/\" \/>\n<meta property=\"og:locale\" content=\"pt_BR\" \/>\n<meta property=\"og:type\" content=\"article\" \/>\n<meta property=\"og:title\" content=\"IPCA desacelera para 0,16% em janeiro, ante 0,52% em dezembro\" \/>\n<meta property=\"og:description\" content=\"A queda do IPCA em janeiro de 2025 \u00e9 explicada, em grande medida, pelo recuo no pre\u00e7o da energia el\u00e9trica residencial. Clique e saiba mais.\" \/>\n<meta property=\"og:url\" content=\"https:\/\/www.suno.com.br\/noticias\/ipca-janeiro-2025-gss\/\" \/>\n<meta property=\"og:site_name\" content=\"Suno Not\u00edcias\" \/>\n<meta property=\"article:publisher\" content=\"https:\/\/facebook.com\/sunoresearch\" \/>\n<meta property=\"og:image\" content=\"https:\/\/files.sunoresearch.com.br\/n\/uploads\/2024\/02\/iStock-1487850283.jpg\" \/>\n\t<meta property=\"og:image:width\" content=\"1272\" \/>\n\t<meta property=\"og:image:height\" content=\"825\" \/>\n\t<meta property=\"og:image:type\" content=\"image\/jpeg\" \/>\n<meta name=\"author\" content=\"Guilherme Serrano\" \/>\n<meta name=\"twitter:card\" content=\"summary_large_image\" \/>\n<meta name=\"twitter:creator\" content=\"@sunoresearch\" \/>\n<meta name=\"twitter:site\" content=\"@sunoresearch\" \/>\n<meta name=\"twitter:label1\" content=\"Escrito por\" \/>\n\t<meta name=\"twitter:data1\" content=\"Guilherme Serrano\" \/>\n\t<meta name=\"twitter:label2\" content=\"Est. tempo de leitura\" \/>\n\t<meta name=\"twitter:data2\" content=\"3 minutos\" \/>\n<script type=\"application\/ld+json\" class=\"yoast-schema-graph\">{\"@context\":\"https:\/\/schema.org\",\"@graph\":[{\"@type\":\"NewsArticle\",\"@id\":\"https:\/\/www.suno.com.br\/noticias\/ipca-janeiro-2025-gss\/#article\",\"isPartOf\":{\"@id\":\"https:\/\/www.suno.com.br\/noticias\/ipca-janeiro-2025-gss\/\"},\"author\":{\"name\":\"Guilherme Serrano\",\"@id\":\"https:\/\/www.suno.com.br\/noticias\/#\/schema\/person\/d0f07e64bce64aa671feadfb844f04ca\"},\"headline\":\"IPCA desacelera para 0,16% em janeiro, ante 0,52% em dezembro\",\"datePublished\":\"2025-02-11T12:57:11+00:00\",\"dateModified\":\"2025-02-11T12:57:14+00:00\",\"mainEntityOfPage\":{\"@id\":\"https:\/\/www.suno.com.br\/noticias\/ipca-janeiro-2025-gss\/\"},\"wordCount\":431,\"publisher\":{\"@id\":\"https:\/\/www.suno.com.br\/noticias\/#organization\"},\"image\":{\"@id\":\"https:\/\/www.suno.com.br\/noticias\/ipca-janeiro-2025-gss\/#primaryimage\"},\"thumbnailUrl\":\"https:\/\/files.sunoresearch.com.br\/n\/uploads\/2024\/02\/iStock-1487850283.jpg\",\"keywords\":[\"infla\u00e7\u00e3o\",\"IPCA\"],\"articleSection\":[\"Neg\u00f3cios\"],\"inLanguage\":\"pt-BR\"},{\"@type\":\"WebPage\",\"@id\":\"https:\/\/www.suno.com.br\/noticias\/ipca-janeiro-2025-gss\/\",\"url\":\"https:\/\/www.suno.com.br\/noticias\/ipca-janeiro-2025-gss\/\",\"name\":\"IPCA desacelera para 0,16% em janeiro, ante 0,52% em dezembro\",\"isPartOf\":{\"@id\":\"https:\/\/www.suno.com.br\/noticias\/#website\"},\"primaryImageOfPage\":{\"@id\":\"https:\/\/www.suno.com.br\/noticias\/ipca-janeiro-2025-gss\/#primaryimage\"},\"image\":{\"@id\":\"https:\/\/www.suno.com.br\/noticias\/ipca-janeiro-2025-gss\/#primaryimage\"},\"thumbnailUrl\":\"https:\/\/files.sunoresearch.com.br\/n\/uploads\/2024\/02\/iStock-1487850283.jpg\",\"datePublished\":\"2025-02-11T12:57:11+00:00\",\"dateModified\":\"2025-02-11T12:57:14+00:00\",\"description\":\"A queda do IPCA em janeiro de 2025 \u00e9 explicada, em grande medida, pelo recuo no pre\u00e7o da energia el\u00e9trica residencial. Clique e saiba mais.\",\"breadcrumb\":{\"@id\":\"https:\/\/www.suno.com.br\/noticias\/ipca-janeiro-2025-gss\/#breadcrumb\"},\"inLanguage\":\"pt-BR\",\"potentialAction\":[{\"@type\":\"ReadAction\",\"target\":[\"https:\/\/www.suno.com.br\/noticias\/ipca-janeiro-2025-gss\/\"]}]},{\"@type\":\"ImageObject\",\"inLanguage\":\"pt-BR\",\"@id\":\"https:\/\/www.suno.com.br\/noticias\/ipca-janeiro-2025-gss\/#primaryimage\",\"url\":\"https:\/\/files.sunoresearch.com.br\/n\/uploads\/2024\/02\/iStock-1487850283.jpg\",\"contentUrl\":\"https:\/\/files.sunoresearch.com.br\/n\/uploads\/2024\/02\/iStock-1487850283.jpg\",\"width\":1272,\"height\":825,\"caption\":\"Infla\u00e7\u00e3o IPCA. Foto: iStock.\"},{\"@type\":\"BreadcrumbList\",\"@id\":\"https:\/\/www.suno.com.br\/noticias\/ipca-janeiro-2025-gss\/#breadcrumb\",\"itemListElement\":[{\"@type\":\"ListItem\",\"position\":1,\"name\":\"Not\u00edcias\",\"item\":\"https:\/\/www.suno.com.br\/noticias\/\"},{\"@type\":\"ListItem\",\"position\":2,\"name\":\"Neg\u00f3cios\",\"item\":\"https:\/\/www.suno.com.br\/noticias\/negocios\/\"},{\"@type\":\"ListItem\",\"position\":3,\"name\":\"IPCA desacelera para 0,16% em janeiro, ante 0,52% em dezembro\"}]},{\"@type\":\"WebSite\",\"@id\":\"https:\/\/www.suno.com.br\/noticias\/#website\",\"url\":\"https:\/\/www.suno.com.br\/noticias\/\",\"name\":\"Suno Not\u00edcias\",\"description\":\"Seu portal de informa\u00e7\u00e3o sobre o mundo dos investimentos\",\"publisher\":{\"@id\":\"https:\/\/www.suno.com.br\/noticias\/#organization\"},\"potentialAction\":[{\"@type\":\"SearchAction\",\"target\":{\"@type\":\"EntryPoint\",\"urlTemplate\":\"https:\/\/www.suno.com.br\/noticias\/?s={search_term_string}\"},\"query-input\":{\"@type\":\"PropertyValueSpecification\",\"valueRequired\":true,\"valueName\":\"search_term_string\"}}],\"inLanguage\":\"pt-BR\"},{\"@type\":\"Organization\",\"@id\":\"https:\/\/www.suno.com.br\/noticias\/#organization\",\"name\":\"Suno Not\u00edcias\",\"url\":\"https:\/\/www.suno.com.br\/noticias\/\",\"logo\":{\"@type\":\"ImageObject\",\"inLanguage\":\"pt-BR\",\"@id\":\"https:\/\/www.suno.com.br\/noticias\/#\/schema\/logo\/image\/\",\"url\":\"https:\/\/files.sunoresearch.com.br\/n\/uploads\/2021\/09\/suno-logo.png\",\"contentUrl\":\"https:\/\/files.sunoresearch.com.br\/n\/uploads\/2021\/09\/suno-logo.png\",\"width\":180,\"height\":180,\"caption\":\"Suno Not\u00edcias\"},\"image\":{\"@id\":\"https:\/\/www.suno.com.br\/noticias\/#\/schema\/logo\/image\/\"},\"sameAs\":[\"https:\/\/facebook.com\/sunoresearch\",\"https:\/\/x.com\/sunoresearch\",\"https:\/\/www.instagram.com\/suno\",\"https:\/\/www.linkedin.com\/company\/suno-research\/\",\"https:\/\/www.youtube.com\/c\/sunoresearch\"]},{\"@type\":\"Person\",\"@id\":\"https:\/\/www.suno.com.br\/noticias\/#\/schema\/person\/d0f07e64bce64aa671feadfb844f04ca\",\"name\":\"Guilherme Serrano\",\"image\":{\"@type\":\"ImageObject\",\"inLanguage\":\"pt-BR\",\"@id\":\"https:\/\/www.suno.com.br\/noticias\/#\/schema\/person\/image\/\",\"url\":\"https:\/\/secure.gravatar.com\/avatar\/a90be19d8c67bef61497e4522de30ac4?s=96&r=g\",\"contentUrl\":\"https:\/\/secure.gravatar.com\/avatar\/a90be19d8c67bef61497e4522de30ac4?s=96&r=g\",\"caption\":\"Guilherme Serrano\"},\"description\":\"Jornalista formado pela Faculdade C\u00e1sper L\u00edbero e p\u00f3s-graduado em Can\u00e7\u00e3o Popular pela Faculdade Santa Marcelina. Passagens por R\u00e1dio Gazeta AM, gazetaesportiva.com e TC R\u00e1dio.\",\"url\":\"https:\/\/www.suno.com.br\/noticias\/author\/guilherme-silvasuno-com-br\/\"}]}<\/script>\n<!-- \/ Yoast SEO plugin. -->","yoast_head_json":{"title":"IPCA desacelera para 0,16% em janeiro, ante 0,52% em dezembro","description":"A queda do IPCA em janeiro de 2025 \u00e9 explicada, em grande medida, pelo recuo no pre\u00e7o da energia el\u00e9trica residencial. Clique e saiba mais.","robots":{"index":"index","follow":"follow","max-snippet":"max-snippet:-1","max-image-preview":"max-image-preview:large","max-video-preview":"max-video-preview:-1"},"canonical":"https:\/\/www.suno.com.br\/noticias\/ipca-janeiro-2025-gss\/","og_locale":"pt_BR","og_type":"article","og_title":"IPCA desacelera para 0,16% em janeiro, ante 0,52% em dezembro","og_description":"A queda do IPCA em janeiro de 2025 \u00e9 explicada, em grande medida, pelo recuo no pre\u00e7o da energia el\u00e9trica residencial. Clique e saiba mais.","og_url":"https:\/\/www.suno.com.br\/noticias\/ipca-janeiro-2025-gss\/","og_site_name":"Suno Not\u00edcias","article_publisher":"https:\/\/facebook.com\/sunoresearch","og_image":[{"width":1272,"height":825,"url":"https:\/\/files.sunoresearch.com.br\/n\/uploads\/2024\/02\/iStock-1487850283.jpg","type":"image\/jpeg"}],"author":"Guilherme Serrano","twitter_card":"summary_large_image","twitter_creator":"@sunoresearch","twitter_site":"@sunoresearch","twitter_misc":{"Escrito por":"Guilherme Serrano","Est. tempo de leitura":"3 minutos"},"schema":{"@context":"https:\/\/schema.org","@graph":[{"@type":"NewsArticle","@id":"https:\/\/www.suno.com.br\/noticias\/ipca-janeiro-2025-gss\/#article","isPartOf":{"@id":"https:\/\/www.suno.com.br\/noticias\/ipca-janeiro-2025-gss\/"},"author":{"name":"Guilherme Serrano","@id":"https:\/\/www.suno.com.br\/noticias\/#\/schema\/person\/d0f07e64bce64aa671feadfb844f04ca"},"headline":"IPCA desacelera para 0,16% em janeiro, ante 0,52% em dezembro","datePublished":"2025-02-11T12:57:11+00:00","dateModified":"2025-02-11T12:57:14+00:00","mainEntityOfPage":{"@id":"https:\/\/www.suno.com.br\/noticias\/ipca-janeiro-2025-gss\/"},"wordCount":431,"publisher":{"@id":"https:\/\/www.suno.com.br\/noticias\/#organization"},"image":{"@id":"https:\/\/www.suno.com.br\/noticias\/ipca-janeiro-2025-gss\/#primaryimage"},"thumbnailUrl":"https:\/\/files.sunoresearch.com.br\/n\/uploads\/2024\/02\/iStock-1487850283.jpg","keywords":["infla\u00e7\u00e3o","IPCA"],"articleSection":["Neg\u00f3cios"],"inLanguage":"pt-BR"},{"@type":"WebPage","@id":"https:\/\/www.suno.com.br\/noticias\/ipca-janeiro-2025-gss\/","url":"https:\/\/www.suno.com.br\/noticias\/ipca-janeiro-2025-gss\/","name":"IPCA desacelera para 0,16% em janeiro, ante 0,52% em dezembro","isPartOf":{"@id":"https:\/\/www.suno.com.br\/noticias\/#website"},"primaryImageOfPage":{"@id":"https:\/\/www.suno.com.br\/noticias\/ipca-janeiro-2025-gss\/#primaryimage"},"image":{"@id":"https:\/\/www.suno.com.br\/noticias\/ipca-janeiro-2025-gss\/#primaryimage"},"thumbnailUrl":"https:\/\/files.sunoresearch.com.br\/n\/uploads\/2024\/02\/iStock-1487850283.jpg","datePublished":"2025-02-11T12:57:11+00:00","dateModified":"2025-02-11T12:57:14+00:00","description":"A queda do IPCA em janeiro de 2025 \u00e9 explicada, em grande medida, pelo recuo no pre\u00e7o da energia el\u00e9trica residencial. Clique e saiba mais.","breadcrumb":{"@id":"https:\/\/www.suno.com.br\/noticias\/ipca-janeiro-2025-gss\/#breadcrumb"},"inLanguage":"pt-BR","potentialAction":[{"@type":"ReadAction","target":["https:\/\/www.suno.com.br\/noticias\/ipca-janeiro-2025-gss\/"]}]},{"@type":"ImageObject","inLanguage":"pt-BR","@id":"https:\/\/www.suno.com.br\/noticias\/ipca-janeiro-2025-gss\/#primaryimage","url":"https:\/\/files.sunoresearch.com.br\/n\/uploads\/2024\/02\/iStock-1487850283.jpg","contentUrl":"https:\/\/files.sunoresearch.com.br\/n\/uploads\/2024\/02\/iStock-1487850283.jpg","width":1272,"height":825,"caption":"Infla\u00e7\u00e3o IPCA. Foto: iStock."},{"@type":"BreadcrumbList","@id":"https:\/\/www.suno.com.br\/noticias\/ipca-janeiro-2025-gss\/#breadcrumb","itemListElement":[{"@type":"ListItem","position":1,"name":"Not\u00edcias","item":"https:\/\/www.suno.com.br\/noticias\/"},{"@type":"ListItem","position":2,"name":"Neg\u00f3cios","item":"https:\/\/www.suno.com.br\/noticias\/negocios\/"},{"@type":"ListItem","position":3,"name":"IPCA desacelera para 0,16% em janeiro, ante 0,52% em dezembro"}]},{"@type":"WebSite","@id":"https:\/\/www.suno.com.br\/noticias\/#website","url":"https:\/\/www.suno.com.br\/noticias\/","name":"Suno Not\u00edcias","description":"Seu portal de informa\u00e7\u00e3o sobre o mundo dos investimentos","publisher":{"@id":"https:\/\/www.suno.com.br\/noticias\/#organization"},"potentialAction":[{"@type":"SearchAction","target":{"@type":"EntryPoint","urlTemplate":"https:\/\/www.suno.com.br\/noticias\/?s={search_term_string}"},"query-input":{"@type":"PropertyValueSpecification","valueRequired":true,"valueName":"search_term_string"}}],"inLanguage":"pt-BR"},{"@type":"Organization","@id":"https:\/\/www.suno.com.br\/noticias\/#organization","name":"Suno Not\u00edcias","url":"https:\/\/www.suno.com.br\/noticias\/","logo":{"@type":"ImageObject","inLanguage":"pt-BR","@id":"https:\/\/www.suno.com.br\/noticias\/#\/schema\/logo\/image\/","url":"https:\/\/files.sunoresearch.com.br\/n\/uploads\/2021\/09\/suno-logo.png","contentUrl":"https:\/\/files.sunoresearch.com.br\/n\/uploads\/2021\/09\/suno-logo.png","width":180,"height":180,"caption":"Suno Not\u00edcias"},"image":{"@id":"https:\/\/www.suno.com.br\/noticias\/#\/schema\/logo\/image\/"},"sameAs":["https:\/\/facebook.com\/sunoresearch","https:\/\/x.com\/sunoresearch","https:\/\/www.instagram.com\/suno","https:\/\/www.linkedin.com\/company\/suno-research\/","https:\/\/www.youtube.com\/c\/sunoresearch"]},{"@type":"Person","@id":"https:\/\/www.suno.com.br\/noticias\/#\/schema\/person\/d0f07e64bce64aa671feadfb844f04ca","name":"Guilherme Serrano","image":{"@type":"ImageObject","inLanguage":"pt-BR","@id":"https:\/\/www.suno.com.br\/noticias\/#\/schema\/person\/image\/","url":"https:\/\/secure.gravatar.com\/avatar\/a90be19d8c67bef61497e4522de30ac4?s=96&r=g","contentUrl":"https:\/\/secure.gravatar.com\/avatar\/a90be19d8c67bef61497e4522de30ac4?s=96&r=g","caption":"Guilherme Serrano"},"description":"Jornalista formado pela Faculdade C\u00e1sper L\u00edbero e p\u00f3s-graduado em Can\u00e7\u00e3o Popular pela Faculdade Santa Marcelina. Passagens por R\u00e1dio Gazeta AM, gazetaesportiva.com e TC R\u00e1dio.","url":"https:\/\/www.suno.com.br\/noticias\/author\/guilherme-silvasuno-com-br\/"}]}},"default_loop_html":"<div class=\"cardsPage__listCard__boxs\"><div class=\"cardsPage__listCard__boxs__img\"><a href=\"https:\/\/www.suno.com.br\/noticias\/ipca-janeiro-2025-gss\/\"><img class=\"mask\" src=\"https:\/\/www.suno.com.br\/noticias\/wp-content\/themes\/suno\/resources\/images\/spotlight\/spotlight1img\/bg-mask.png\" alt=\"Image Mask\"\/><img src=\"https:\/\/files.sunoresearch.com.br\/n\/uploads\/2024\/02\/iStock-1487850283-400x200.jpg\" alt=\"IPCA desacelera para 0,16% em janeiro, ante 0,52% em dezembro\"\/><\/a><span class=\"spotlightCategory\"><a href=\"https:\/\/www.suno.com.br\/noticias\/negocios\/\">Neg\u00f3cios<\/a><\/span><\/div><div class=\"cardsPage__listCard__boxs__content\"><a href=\"https:\/\/www.suno.com.br\/noticias\/ipca-janeiro-2025-gss\/\"><h2 class=\"content__title\">IPCA desacelera para 0,16% em janeiro, ante 0,52% em dezembro<\/h2><\/a><div class=\"newsContent__article__meta\"><div class=\"newsContent__article__meta__authorBox\"><a href=\"https:\/\/www.suno.com.br\/noticias\/author\/guilherme-silvasuno-com-br\/\" class=\"authorBox__avatar noMobi\"><img src=\"https:\/\/secure.gravatar.com\/avatar\/a90be19d8c67bef61497e4522de30ac4?s=96&#038;r=g\" alt=\"Guilherme Serrano\"><\/a><div class=\"authorBox__name\"><span>por\n\t\t\t<a href=\"https:\/\/www.suno.com.br\/noticias\/author\/guilherme-silvasuno-com-br\/\"><span itemprop=\"author\">Guilherme Serrano<\/span><\/a><\/span><time datetime=\"2025-02-11T09:57:11-03:00\" itemprop=\"datePublished\">11\/02\/2025 09:57<\/time><\/div><\/div><\/div><\/div><\/div>","single_layout":"posts","amp_enabled":true,"_links":{"self":[{"href":"https:\/\/www.suno.com.br\/noticias\/wp-json\/wp\/v2\/posts\/594291"}],"collection":[{"href":"https:\/\/www.suno.com.br\/noticias\/wp-json\/wp\/v2\/posts"}],"about":[{"href":"https:\/\/www.suno.com.br\/noticias\/wp-json\/wp\/v2\/types\/post"}],"author":[{"embeddable":true,"href":"https:\/\/www.suno.com.br\/noticias\/wp-json\/wp\/v2\/users\/376"}],"replies":[{"embeddable":true,"href":"https:\/\/www.suno.com.br\/noticias\/wp-json\/wp\/v2\/comments?post=594291"}],"version-history":[{"count":2,"href":"https:\/\/www.suno.com.br\/noticias\/wp-json\/wp\/v2\/posts\/594291\/revisions"}],"predecessor-version":[{"id":594295,"href":"https:\/\/www.suno.com.br\/noticias\/wp-json\/wp\/v2\/posts\/594291\/revisions\/594295"}],"wp:featuredmedia":[{"embeddable":true,"href":"https:\/\/www.suno.com.br\/noticias\/wp-json\/wp\/v2\/media\/527031"}],"wp:attachment":[{"href":"https:\/\/www.suno.com.br\/noticias\/wp-json\/wp\/v2\/media?parent=594291"}],"wp:term":[{"taxonomy":"category","embeddable":true,"href":"https:\/\/www.suno.com.br\/noticias\/wp-json\/wp\/v2\/categories?post=594291"},{"taxonomy":"post_tag","embeddable":true,"href":"https:\/\/www.suno.com.br\/noticias\/wp-json\/wp\/v2\/tags?post=594291"},{"taxonomy":"suno_strategy","embeddable":true,"href":"https:\/\/www.suno.com.br\/noticias\/wp-json\/wp\/v2\/suno_strategy?post=594291"}],"curies":[{"name":"wp","href":"https:\/\/api.w.org\/{rel}","templated":true}]}}