{"id":594168,"date":"2025-02-10T14:30:19","date_gmt":"2025-02-10T17:30:19","guid":{"rendered":"https:\/\/www.suno.com.br\/noticias\/?p=594168"},"modified":"2025-02-11T15:51:50","modified_gmt":"2025-02-11T18:51:50","slug":"taxaca-aco-contexto-impactos-gss","status":"publish","type":"post","link":"https:\/\/www.suno.com.br\/noticias\/taxaca-aco-contexto-impactos-gss\/","title":{"rendered":"Taxa\u00e7\u00e3o do a\u00e7o: entenda contexto e impactos para o mercado"},"content":{"rendered":"<p>O presidente dos Estados Unidos, <a class=\"suno-keyword\" data-force=\"no\" data-priority=\"2\" href=\"https:\/\/www.suno.com.br\/tudo-sobre\/donald-trump\/\" target=\"_blank\" rel=\"noopener\">Donald Trump<\/a>, sinalizou que poderia estabelecer uma tarifa sobre o <strong>a\u00e7o<\/strong> e o alum\u00ednio que s\u00e3o importados pelo pa\u00eds, e a expectativa \u00e9 a de que a taxa\u00e7\u00e3o deva ser oficializada j\u00e1 nesta segunda-feira (10). Mas quais s\u00e3o as justificativas desse movimento? De que forma isso poderia impactar o mercado brasileiro? Confira a seguir essas e outras respostas sobre o assunto. <\/p>\t<div class=\"wrapper-featured-image\">\n\t\t<figure class=\"spotlightImg\">\n\n\t\t\t<picture>\n\t\t\t\t<source media=\"(max-width: 768px)\" srcset=\"https:\/\/files.sunoresearch.com.br\/n\/uploads\/2024\/02\/tube-898660_1920-400x200.jpg\">\n\t\t\t\t<img loading=\"lazy\" decoding=\"async\" class=\"newsContent__article__imgCapa lazyloadDisabled \" src=\"https:\/\/files.sunoresearch.com.br\/n\/uploads\/2024\/02\/tube-898660_1920-800x450.jpg\" width=\"800\" height=\"450\" alt=\"Taxa\u00e7\u00e3o do a\u00e7o: entenda contexto e impactos para o mercado\" fetchpriority=high \/>\n\t\t\t<\/picture>\n\n\t\t\t<figcaption class=\"wp-caption-text wp-caption-text--show\">Taxa\u00e7\u00e3o do a\u00e7o importado passa a valer no pr\u00f3ximo m\u00eas. Foto: Pixabay<\/figcaption>\n\t\t<\/figure>\n\t<\/div>\n\n\n\n\n\n\n\n\t<p>\n\t\t<a href=\"\" target=\"_blank\" data-element=\"shortcode-suno-banner\" title=\"Banner SUNO, clique e saiba mais\">\n\t\t\t<picture>\n\t\t\t\t<source media=\"(max-width: 500px)\" srcset=\"\">\n\t\t\t\t<img class=\"newsContent__article__imgCapa newsContent__article__imgCapa--banner\"\n\t\t\t\t\tsrc=\"\"\n\t\t\t\t\tdata-promo-id=\"240038\"\t\t\t\t\t\t\t\t\t\t\t\t\t\t\talt=\"\"\n\t\t\t\t>\n\t\t\t<\/picture>\n\t\t<\/a>\n\t<\/p>\n\n\n\n\n\n<p>Gustavo Sung, economista-chefe da <a href=\"https:\/\/www.suno.com.br\/research\/\">Suno Research<\/a>, relembra que, logo ap\u00f3s ser eleito, <strong>Donald Trump<\/strong> sinalizou um poss\u00edvel aumento de tarifas para todos os produtos, o que gerou stress no mercado. <\/p>\n\n\n\n<p>Posteriormente, o <strong>presidente dos EUA<\/strong> passou a adotar um tom mais ameno, sinalizando potenciais acordos com a China a fim de reduzir o d\u00e9ficit da <a class=\"suno-keyword\" target=\"_blank\" data-force=\"no\" data-priority=\"2\" href=\"https:\/\/www.suno.com.br\/artigos\/balanca-comercial\/\" rel=\"noopener\">balan\u00e7a comercial<\/a> entre as partes, o que voltou a &#8220;acalmar&#8221; os \u00edndices acion\u00e1rios<\/p>\n\n\n\n<p>&#8220;O <strong>Ibovespa<\/strong> se aproveitou desse movimento. Apesar do risco fiscal ainda continuar, e n\u00e3o vemos nenhuma melhora interna, \u00e9 fato que o \u00edndice se beneficiou de um sinal externo mais confort\u00e1vel&#8221;, afirma Sung. <\/p>\n\n\n\t<div data-element=\"shortcode-read-more\" class=\"knowMore\">\n\t\t\t\t<span class=\"knowMore__title\">Leia mais<\/span>\n\t\t\t\t<a class=\"knowMore__link\" href=\"https:\/\/www.suno.com.br\/noticias\/gerdau-ggbr4-taxacao-aco-btg-gss\/\">\n\t\t\tGerdau (GGBR4) pode se beneficiar de taxa\u00e7\u00e3o sobre o a\u00e7o?\t\t<\/a>\n\t<\/div>\n\n\n\n\n<p>Em seguida, relembra o economista, <strong>Trump<\/strong> negociou acordos com M\u00e9xico, Canad\u00e1 e China, e mais recentemente indicou uma <strong>taxa\u00e7\u00e3o do a\u00e7o<\/strong> que poderia ser de 25%. <\/p>\n\n\n\n<p>&#8220;Vale destacar que, at\u00e9 o momento, n\u00e3o h\u00e1 nada oficial. S\u00f3 foi feita uma sinaliza\u00e7\u00e3o. Ao meu ver, esse movimento visa diminuir a entrada do a\u00e7o e, de certa forma, afetar a China. Como a China tem crescido menos e injetado a\u00e7o e alum\u00ednio no mundo inteiro, os Estados Unidos tenta proteger sua pr\u00f3pria ind\u00fastria&#8221;, diz.<\/p>\n\n\n\t<p>\n\t\t<a href=\"https:\/\/lp.suno.com.br\/ebook-gratuito-investindo-no-exterior\/\" target=\"_blank\" data-element=\"shortcode-suno-banner\" title=\"Banner SUNO, clique e saiba mais\">\n\t\t\t<picture>\n\t\t\t\t<source media=\"(max-width: 500px)\" srcset=\"https:\/\/files.sunoresearch.com.br\/n\/uploads\/2023\/03\/400x300-Investindo-no-exterior.png\">\n\t\t\t\t<img class=\"newsContent__article__imgCapa newsContent__article__imgCapa--banner\"\n\t\t\t\t\tsrc=\"https:\/\/files.sunoresearch.com.br\/n\/uploads\/2023\/03\/1420x240-Investindo-no-exterior.png\"\n\t\t\t\t\tdata-promo-id=\"383161\"\t\t\t\t\t\t\t\t\t\twidth='1420' height='240'\t\t\t\t\talt=\"https:\/\/files.sunoresearch.com.br\/n\/uploads\/2023\/03\/1420x240-Investindo-no-exterior.png\"\n\t\t\t\t>\n\t\t\t<\/picture>\n\t\t<\/a>\n\t<\/p>\n\n\n\n\n\n<p>Sung explica que, consequentemente, essa <a href=\"https:\/\/www.suno.com.br\/noticias\/aco-empresas-beneficiadas-prejudicadas-itau-bba-gss\/\"><strong>taxa\u00e7\u00e3o sobre o a\u00e7o<\/strong> pode afetar o Brasil<\/a>, que \u00e9 um grande exportador da commodity para os Estados Unidos. Caso a tarifa seja confirmada, a expectativa \u00e9 a de que o Brasil fa\u00e7a uma retalia\u00e7\u00e3o, taxando as empresas norte-americanas de tecnologia.<\/p>\n\n\n\n<p>&#8220;A gente acredita que, ao longo de seu mandato, o Trump vai adotar uma pol\u00edtica mais protecionista, com cortes de impostos e redu\u00e7\u00e3o do tamanho do estado, por exemplo. Ao meu ver, contudo, n\u00e3o haver\u00e1 uma taxa\u00e7\u00e3o universal, mas, sim, movimentos pontuais para beneficiar a ind\u00fastria norte-americana, e a\u00ed o Brasil pode ser afetado&#8221;, afirma Sung.<\/p>\n\n\n\t<div data-element=\"shortcode-read-more\" class=\"knowMore\">\n\t\t\t\t<span class=\"knowMore__title\">Leia mais<\/span>\n\t\t\t\t<a class=\"knowMore__link\" href=\"https:\/\/www.suno.com.br\/noticias\/petrobras-petr4-impacto-taxacao-genial-gss\/\">\n\t\t\tPetrobras (PETR4) seria impactada por tarifa nas exporta\u00e7\u00f5es?\t\t<\/a>\n\t<\/div>\n\n\n\n\n<p>Ele relembra que, na primeira gest\u00e3o de Trump, o Brasil j\u00e1 foi afetado em rela\u00e7\u00e3o ao a\u00e7o e ao <strong>alum\u00ednio<\/strong>. Posteriormente, contudo, as partes chegaram a uma negocia\u00e7\u00e3o mais favor\u00e1vel e houve um acordo para cotas de importa\u00e7\u00e3o dos EUA, que \u00e9 o que o economista acredita que vai ocorrer desta vez.<\/p>\n\n\n\n<p>&#8220;Se a taxa\u00e7\u00e3o do <strong>a\u00e7o <\/strong>e do alum\u00ednio for oficializada, ao meu ver o Brasil vai se sentar para negociar e tentar melhores condi\u00e7\u00f5es. Mas isso j\u00e1 est\u00e1 um pouco no pre\u00e7o, pois o mercado j\u00e1 entende que o Trump vai adotar uma pol\u00edtica mais protecionista em alguns setores&#8221;, completa o economista-chefe da Suno Research.<\/p>\n\n\n\t<p>\n\t\t<a href=\"https:\/\/lp.suno.com.br\/planilha-da-vida-financeira\/\" target=\"_blank\" data-element=\"shortcode-suno-banner\" title=\"Banner SUNO, clique e saiba mais\">\n\t\t\t<picture>\n\t\t\t\t<source media=\"(max-width: 500px)\" srcset=\"https:\/\/files.sunoresearch.com.br\/n\/uploads\/2023\/04\/400x300-Planilha-vida-financeira-true.png\">\n\t\t\t\t<img class=\"newsContent__article__imgCapa newsContent__article__imgCapa--banner\"\n\t\t\t\t\tsrc=\"https:\/\/files.sunoresearch.com.br\/n\/uploads\/2023\/04\/1420x240-Planilha-vida-financeira-true.png\"\n\t\t\t\t\tdata-promo-id=\"383123\"\t\t\t\t\t\t\t\t\t\twidth='1420' height='240'\t\t\t\t\talt=\"https:\/\/files.sunoresearch.com.br\/n\/uploads\/2023\/04\/1420x240-Planilha-vida-financeira-true.png\"\n\t\t\t\t>\n\t\t\t<\/picture>\n\t\t<\/a>\n\t<\/p>\n\n\n","protected":false},"excerpt":{"rendered":"<p>O presidente dos Estados Unidos, Donald Trump, sinalizou que poderia estabelecer uma tarifa sobre o a\u00e7o e o alum\u00ednio que s\u00e3o importados pelo pa\u00eds, e a expectativa \u00e9 a de que a taxa\u00e7\u00e3o deva ser oficializada j\u00e1 nesta segunda-feira (10). Mas quais s\u00e3o as justificativas desse movimento? De que forma isso poderia impactar o mercado [&hellip;]<\/p>\n","protected":false},"author":376,"featured_media":525854,"comment_status":"closed","ping_status":"closed","sticky":false,"template":"","format":"standard","meta":[],"categories":[64],"tags":[],"suno_strategy":[],"class_list":["post-594168","post","type-post","status-publish","format-standard","has-post-thumbnail","hentry","category-negocios"],"yoast_head":"<!-- This site is optimized with the Yoast SEO plugin v24.4 - https:\/\/yoast.com\/wordpress\/plugins\/seo\/ -->\n<title>Taxa\u00e7\u00e3o do a\u00e7o: entenda contexto e impactos para o mercado<\/title>\n<meta name=\"description\" content=\"Gustavo Sung, economista-chefe da Suno Research, explica o contexto e os potenciais impactos de uma taxa\u00e7\u00e3o do a\u00e7o por parte dos EUA.\" \/>\n<meta name=\"robots\" content=\"index, follow, max-snippet:-1, max-image-preview:large, max-video-preview:-1\" \/>\n<link rel=\"canonical\" href=\"https:\/\/www.suno.com.br\/noticias\/taxaca-aco-contexto-impactos-gss\/\" \/>\n<meta property=\"og:locale\" content=\"pt_BR\" \/>\n<meta property=\"og:type\" content=\"article\" \/>\n<meta property=\"og:title\" content=\"Taxa\u00e7\u00e3o do a\u00e7o: entenda contexto e impactos para o mercado\" \/>\n<meta property=\"og:description\" content=\"Gustavo Sung, economista-chefe da Suno Research, explica o contexto e os potenciais impactos de uma taxa\u00e7\u00e3o do a\u00e7o por parte dos EUA.\" \/>\n<meta property=\"og:url\" content=\"https:\/\/www.suno.com.br\/noticias\/taxaca-aco-contexto-impactos-gss\/\" \/>\n<meta property=\"og:site_name\" content=\"Suno Not\u00edcias\" \/>\n<meta property=\"article:publisher\" content=\"https:\/\/facebook.com\/sunoresearch\" \/>\n<meta property=\"og:image\" content=\"https:\/\/files.sunoresearch.com.br\/n\/uploads\/2024\/02\/tube-898660_1920.jpg\" \/>\n\t<meta property=\"og:image:width\" content=\"1920\" \/>\n\t<meta property=\"og:image:height\" content=\"1198\" \/>\n\t<meta property=\"og:image:type\" content=\"image\/jpeg\" \/>\n<meta name=\"author\" content=\"Guilherme Serrano\" \/>\n<meta name=\"twitter:card\" content=\"summary_large_image\" \/>\n<meta name=\"twitter:creator\" content=\"@sunoresearch\" \/>\n<meta name=\"twitter:site\" content=\"@sunoresearch\" \/>\n<meta name=\"twitter:label1\" content=\"Escrito por\" \/>\n\t<meta name=\"twitter:data1\" content=\"Guilherme Serrano\" \/>\n\t<meta name=\"twitter:label2\" content=\"Est. tempo de leitura\" \/>\n\t<meta name=\"twitter:data2\" content=\"3 minutos\" \/>\n<script type=\"application\/ld+json\" class=\"yoast-schema-graph\">{\"@context\":\"https:\/\/schema.org\",\"@graph\":[{\"@type\":\"NewsArticle\",\"@id\":\"https:\/\/www.suno.com.br\/noticias\/taxaca-aco-contexto-impactos-gss\/#article\",\"isPartOf\":{\"@id\":\"https:\/\/www.suno.com.br\/noticias\/taxaca-aco-contexto-impactos-gss\/\"},\"author\":{\"name\":\"Guilherme Serrano\",\"@id\":\"https:\/\/www.suno.com.br\/noticias\/#\/schema\/person\/d0f07e64bce64aa671feadfb844f04ca\"},\"headline\":\"Taxa\u00e7\u00e3o do a\u00e7o: entenda contexto e impactos para o mercado\",\"datePublished\":\"2025-02-10T17:30:19+00:00\",\"dateModified\":\"2025-02-11T18:51:50+00:00\",\"mainEntityOfPage\":{\"@id\":\"https:\/\/www.suno.com.br\/noticias\/taxaca-aco-contexto-impactos-gss\/\"},\"wordCount\":517,\"publisher\":{\"@id\":\"https:\/\/www.suno.com.br\/noticias\/#organization\"},\"image\":{\"@id\":\"https:\/\/www.suno.com.br\/noticias\/taxaca-aco-contexto-impactos-gss\/#primaryimage\"},\"thumbnailUrl\":\"https:\/\/files.sunoresearch.com.br\/n\/uploads\/2024\/02\/tube-898660_1920.jpg\",\"articleSection\":[\"Neg\u00f3cios\"],\"inLanguage\":\"pt-BR\"},{\"@type\":\"WebPage\",\"@id\":\"https:\/\/www.suno.com.br\/noticias\/taxaca-aco-contexto-impactos-gss\/\",\"url\":\"https:\/\/www.suno.com.br\/noticias\/taxaca-aco-contexto-impactos-gss\/\",\"name\":\"Taxa\u00e7\u00e3o do a\u00e7o: entenda contexto e impactos para o mercado\",\"isPartOf\":{\"@id\":\"https:\/\/www.suno.com.br\/noticias\/#website\"},\"primaryImageOfPage\":{\"@id\":\"https:\/\/www.suno.com.br\/noticias\/taxaca-aco-contexto-impactos-gss\/#primaryimage\"},\"image\":{\"@id\":\"https:\/\/www.suno.com.br\/noticias\/taxaca-aco-contexto-impactos-gss\/#primaryimage\"},\"thumbnailUrl\":\"https:\/\/files.sunoresearch.com.br\/n\/uploads\/2024\/02\/tube-898660_1920.jpg\",\"datePublished\":\"2025-02-10T17:30:19+00:00\",\"dateModified\":\"2025-02-11T18:51:50+00:00\",\"description\":\"Gustavo Sung, economista-chefe da Suno Research, explica o contexto e os potenciais impactos de uma taxa\u00e7\u00e3o do a\u00e7o por parte dos EUA.\",\"breadcrumb\":{\"@id\":\"https:\/\/www.suno.com.br\/noticias\/taxaca-aco-contexto-impactos-gss\/#breadcrumb\"},\"inLanguage\":\"pt-BR\",\"potentialAction\":[{\"@type\":\"ReadAction\",\"target\":[\"https:\/\/www.suno.com.br\/noticias\/taxaca-aco-contexto-impactos-gss\/\"]}]},{\"@type\":\"ImageObject\",\"inLanguage\":\"pt-BR\",\"@id\":\"https:\/\/www.suno.com.br\/noticias\/taxaca-aco-contexto-impactos-gss\/#primaryimage\",\"url\":\"https:\/\/files.sunoresearch.com.br\/n\/uploads\/2024\/02\/tube-898660_1920.jpg\",\"contentUrl\":\"https:\/\/files.sunoresearch.com.br\/n\/uploads\/2024\/02\/tube-898660_1920.jpg\",\"width\":1920,\"height\":1198,\"caption\":\"Taxa\u00e7\u00e3o do a\u00e7o importado passa a valer no pr\u00f3ximo m\u00eas. Foto: Pixabay\"},{\"@type\":\"BreadcrumbList\",\"@id\":\"https:\/\/www.suno.com.br\/noticias\/taxaca-aco-contexto-impactos-gss\/#breadcrumb\",\"itemListElement\":[{\"@type\":\"ListItem\",\"position\":1,\"name\":\"Not\u00edcias\",\"item\":\"https:\/\/www.suno.com.br\/noticias\/\"},{\"@type\":\"ListItem\",\"position\":2,\"name\":\"Neg\u00f3cios\",\"item\":\"https:\/\/www.suno.com.br\/noticias\/negocios\/\"},{\"@type\":\"ListItem\",\"position\":3,\"name\":\"Taxa\u00e7\u00e3o do a\u00e7o: entenda contexto e impactos para o mercado\"}]},{\"@type\":\"WebSite\",\"@id\":\"https:\/\/www.suno.com.br\/noticias\/#website\",\"url\":\"https:\/\/www.suno.com.br\/noticias\/\",\"name\":\"Suno Not\u00edcias\",\"description\":\"Seu portal de informa\u00e7\u00e3o sobre o mundo dos investimentos\",\"publisher\":{\"@id\":\"https:\/\/www.suno.com.br\/noticias\/#organization\"},\"potentialAction\":[{\"@type\":\"SearchAction\",\"target\":{\"@type\":\"EntryPoint\",\"urlTemplate\":\"https:\/\/www.suno.com.br\/noticias\/?s={search_term_string}\"},\"query-input\":{\"@type\":\"PropertyValueSpecification\",\"valueRequired\":true,\"valueName\":\"search_term_string\"}}],\"inLanguage\":\"pt-BR\"},{\"@type\":\"Organization\",\"@id\":\"https:\/\/www.suno.com.br\/noticias\/#organization\",\"name\":\"Suno Not\u00edcias\",\"url\":\"https:\/\/www.suno.com.br\/noticias\/\",\"logo\":{\"@type\":\"ImageObject\",\"inLanguage\":\"pt-BR\",\"@id\":\"https:\/\/www.suno.com.br\/noticias\/#\/schema\/logo\/image\/\",\"url\":\"https:\/\/files.sunoresearch.com.br\/n\/uploads\/2021\/09\/suno-logo.png\",\"contentUrl\":\"https:\/\/files.sunoresearch.com.br\/n\/uploads\/2021\/09\/suno-logo.png\",\"width\":180,\"height\":180,\"caption\":\"Suno Not\u00edcias\"},\"image\":{\"@id\":\"https:\/\/www.suno.com.br\/noticias\/#\/schema\/logo\/image\/\"},\"sameAs\":[\"https:\/\/facebook.com\/sunoresearch\",\"https:\/\/x.com\/sunoresearch\",\"https:\/\/www.instagram.com\/suno\",\"https:\/\/www.linkedin.com\/company\/suno-research\/\",\"https:\/\/www.youtube.com\/c\/sunoresearch\"]},{\"@type\":\"Person\",\"@id\":\"https:\/\/www.suno.com.br\/noticias\/#\/schema\/person\/d0f07e64bce64aa671feadfb844f04ca\",\"name\":\"Guilherme Serrano\",\"image\":{\"@type\":\"ImageObject\",\"inLanguage\":\"pt-BR\",\"@id\":\"https:\/\/www.suno.com.br\/noticias\/#\/schema\/person\/image\/\",\"url\":\"https:\/\/secure.gravatar.com\/avatar\/a90be19d8c67bef61497e4522de30ac4?s=96&r=g\",\"contentUrl\":\"https:\/\/secure.gravatar.com\/avatar\/a90be19d8c67bef61497e4522de30ac4?s=96&r=g\",\"caption\":\"Guilherme Serrano\"},\"description\":\"Jornalista formado pela Faculdade C\u00e1sper L\u00edbero e p\u00f3s-graduado em Can\u00e7\u00e3o Popular pela Faculdade Santa Marcelina. Passagens por R\u00e1dio Gazeta AM, gazetaesportiva.com e TC R\u00e1dio.\",\"url\":\"https:\/\/www.suno.com.br\/noticias\/author\/guilherme-silvasuno-com-br\/\"}]}<\/script>\n<!-- \/ Yoast SEO plugin. -->","yoast_head_json":{"title":"Taxa\u00e7\u00e3o do a\u00e7o: entenda contexto e impactos para o mercado","description":"Gustavo Sung, economista-chefe da Suno Research, explica o contexto e os potenciais impactos de uma taxa\u00e7\u00e3o do a\u00e7o por parte dos EUA.","robots":{"index":"index","follow":"follow","max-snippet":"max-snippet:-1","max-image-preview":"max-image-preview:large","max-video-preview":"max-video-preview:-1"},"canonical":"https:\/\/www.suno.com.br\/noticias\/taxaca-aco-contexto-impactos-gss\/","og_locale":"pt_BR","og_type":"article","og_title":"Taxa\u00e7\u00e3o do a\u00e7o: entenda contexto e impactos para o mercado","og_description":"Gustavo Sung, economista-chefe da Suno Research, explica o contexto e os potenciais impactos de uma taxa\u00e7\u00e3o do a\u00e7o por parte dos EUA.","og_url":"https:\/\/www.suno.com.br\/noticias\/taxaca-aco-contexto-impactos-gss\/","og_site_name":"Suno Not\u00edcias","article_publisher":"https:\/\/facebook.com\/sunoresearch","og_image":[{"width":1920,"height":1198,"url":"https:\/\/files.sunoresearch.com.br\/n\/uploads\/2024\/02\/tube-898660_1920.jpg","type":"image\/jpeg"}],"author":"Guilherme Serrano","twitter_card":"summary_large_image","twitter_creator":"@sunoresearch","twitter_site":"@sunoresearch","twitter_misc":{"Escrito por":"Guilherme Serrano","Est. tempo de leitura":"3 minutos"},"schema":{"@context":"https:\/\/schema.org","@graph":[{"@type":"NewsArticle","@id":"https:\/\/www.suno.com.br\/noticias\/taxaca-aco-contexto-impactos-gss\/#article","isPartOf":{"@id":"https:\/\/www.suno.com.br\/noticias\/taxaca-aco-contexto-impactos-gss\/"},"author":{"name":"Guilherme Serrano","@id":"https:\/\/www.suno.com.br\/noticias\/#\/schema\/person\/d0f07e64bce64aa671feadfb844f04ca"},"headline":"Taxa\u00e7\u00e3o do a\u00e7o: entenda contexto e impactos para o mercado","datePublished":"2025-02-10T17:30:19+00:00","dateModified":"2025-02-11T18:51:50+00:00","mainEntityOfPage":{"@id":"https:\/\/www.suno.com.br\/noticias\/taxaca-aco-contexto-impactos-gss\/"},"wordCount":517,"publisher":{"@id":"https:\/\/www.suno.com.br\/noticias\/#organization"},"image":{"@id":"https:\/\/www.suno.com.br\/noticias\/taxaca-aco-contexto-impactos-gss\/#primaryimage"},"thumbnailUrl":"https:\/\/files.sunoresearch.com.br\/n\/uploads\/2024\/02\/tube-898660_1920.jpg","articleSection":["Neg\u00f3cios"],"inLanguage":"pt-BR"},{"@type":"WebPage","@id":"https:\/\/www.suno.com.br\/noticias\/taxaca-aco-contexto-impactos-gss\/","url":"https:\/\/www.suno.com.br\/noticias\/taxaca-aco-contexto-impactos-gss\/","name":"Taxa\u00e7\u00e3o do a\u00e7o: entenda contexto e impactos para o mercado","isPartOf":{"@id":"https:\/\/www.suno.com.br\/noticias\/#website"},"primaryImageOfPage":{"@id":"https:\/\/www.suno.com.br\/noticias\/taxaca-aco-contexto-impactos-gss\/#primaryimage"},"image":{"@id":"https:\/\/www.suno.com.br\/noticias\/taxaca-aco-contexto-impactos-gss\/#primaryimage"},"thumbnailUrl":"https:\/\/files.sunoresearch.com.br\/n\/uploads\/2024\/02\/tube-898660_1920.jpg","datePublished":"2025-02-10T17:30:19+00:00","dateModified":"2025-02-11T18:51:50+00:00","description":"Gustavo Sung, economista-chefe da Suno Research, explica o contexto e os potenciais impactos de uma taxa\u00e7\u00e3o do a\u00e7o por parte dos EUA.","breadcrumb":{"@id":"https:\/\/www.suno.com.br\/noticias\/taxaca-aco-contexto-impactos-gss\/#breadcrumb"},"inLanguage":"pt-BR","potentialAction":[{"@type":"ReadAction","target":["https:\/\/www.suno.com.br\/noticias\/taxaca-aco-contexto-impactos-gss\/"]}]},{"@type":"ImageObject","inLanguage":"pt-BR","@id":"https:\/\/www.suno.com.br\/noticias\/taxaca-aco-contexto-impactos-gss\/#primaryimage","url":"https:\/\/files.sunoresearch.com.br\/n\/uploads\/2024\/02\/tube-898660_1920.jpg","contentUrl":"https:\/\/files.sunoresearch.com.br\/n\/uploads\/2024\/02\/tube-898660_1920.jpg","width":1920,"height":1198,"caption":"Taxa\u00e7\u00e3o do a\u00e7o importado passa a valer no pr\u00f3ximo m\u00eas. Foto: Pixabay"},{"@type":"BreadcrumbList","@id":"https:\/\/www.suno.com.br\/noticias\/taxaca-aco-contexto-impactos-gss\/#breadcrumb","itemListElement":[{"@type":"ListItem","position":1,"name":"Not\u00edcias","item":"https:\/\/www.suno.com.br\/noticias\/"},{"@type":"ListItem","position":2,"name":"Neg\u00f3cios","item":"https:\/\/www.suno.com.br\/noticias\/negocios\/"},{"@type":"ListItem","position":3,"name":"Taxa\u00e7\u00e3o do a\u00e7o: entenda contexto e impactos para o mercado"}]},{"@type":"WebSite","@id":"https:\/\/www.suno.com.br\/noticias\/#website","url":"https:\/\/www.suno.com.br\/noticias\/","name":"Suno Not\u00edcias","description":"Seu portal de informa\u00e7\u00e3o sobre o mundo dos investimentos","publisher":{"@id":"https:\/\/www.suno.com.br\/noticias\/#organization"},"potentialAction":[{"@type":"SearchAction","target":{"@type":"EntryPoint","urlTemplate":"https:\/\/www.suno.com.br\/noticias\/?s={search_term_string}"},"query-input":{"@type":"PropertyValueSpecification","valueRequired":true,"valueName":"search_term_string"}}],"inLanguage":"pt-BR"},{"@type":"Organization","@id":"https:\/\/www.suno.com.br\/noticias\/#organization","name":"Suno Not\u00edcias","url":"https:\/\/www.suno.com.br\/noticias\/","logo":{"@type":"ImageObject","inLanguage":"pt-BR","@id":"https:\/\/www.suno.com.br\/noticias\/#\/schema\/logo\/image\/","url":"https:\/\/files.sunoresearch.com.br\/n\/uploads\/2021\/09\/suno-logo.png","contentUrl":"https:\/\/files.sunoresearch.com.br\/n\/uploads\/2021\/09\/suno-logo.png","width":180,"height":180,"caption":"Suno Not\u00edcias"},"image":{"@id":"https:\/\/www.suno.com.br\/noticias\/#\/schema\/logo\/image\/"},"sameAs":["https:\/\/facebook.com\/sunoresearch","https:\/\/x.com\/sunoresearch","https:\/\/www.instagram.com\/suno","https:\/\/www.linkedin.com\/company\/suno-research\/","https:\/\/www.youtube.com\/c\/sunoresearch"]},{"@type":"Person","@id":"https:\/\/www.suno.com.br\/noticias\/#\/schema\/person\/d0f07e64bce64aa671feadfb844f04ca","name":"Guilherme Serrano","image":{"@type":"ImageObject","inLanguage":"pt-BR","@id":"https:\/\/www.suno.com.br\/noticias\/#\/schema\/person\/image\/","url":"https:\/\/secure.gravatar.com\/avatar\/a90be19d8c67bef61497e4522de30ac4?s=96&r=g","contentUrl":"https:\/\/secure.gravatar.com\/avatar\/a90be19d8c67bef61497e4522de30ac4?s=96&r=g","caption":"Guilherme Serrano"},"description":"Jornalista formado pela Faculdade C\u00e1sper L\u00edbero e p\u00f3s-graduado em Can\u00e7\u00e3o Popular pela Faculdade Santa Marcelina. Passagens por R\u00e1dio Gazeta AM, gazetaesportiva.com e TC R\u00e1dio.","url":"https:\/\/www.suno.com.br\/noticias\/author\/guilherme-silvasuno-com-br\/"}]}},"default_loop_html":"<div class=\"cardsPage__listCard__boxs\"><div class=\"cardsPage__listCard__boxs__img\"><a href=\"https:\/\/www.suno.com.br\/noticias\/taxaca-aco-contexto-impactos-gss\/\"><img class=\"mask\" src=\"https:\/\/www.suno.com.br\/noticias\/wp-content\/themes\/suno\/resources\/images\/spotlight\/spotlight1img\/bg-mask.png\" alt=\"Image Mask\"\/><img src=\"https:\/\/files.sunoresearch.com.br\/n\/uploads\/2024\/02\/tube-898660_1920-400x200.jpg\" alt=\"Taxa\u00e7\u00e3o do a\u00e7o: entenda contexto e impactos para o mercado\"\/><\/a><span class=\"spotlightCategory\"><a href=\"https:\/\/www.suno.com.br\/noticias\/negocios\/\">Neg\u00f3cios<\/a><\/span><\/div><div class=\"cardsPage__listCard__boxs__content\"><a href=\"https:\/\/www.suno.com.br\/noticias\/taxaca-aco-contexto-impactos-gss\/\"><h2 class=\"content__title\">Taxa\u00e7\u00e3o do a\u00e7o: entenda contexto e impactos para o mercado<\/h2><\/a><div class=\"newsContent__article__meta\"><div class=\"newsContent__article__meta__authorBox\"><a href=\"https:\/\/www.suno.com.br\/noticias\/author\/guilherme-silvasuno-com-br\/\" class=\"authorBox__avatar noMobi\"><img src=\"https:\/\/secure.gravatar.com\/avatar\/a90be19d8c67bef61497e4522de30ac4?s=96&#038;r=g\" alt=\"Guilherme Serrano\"><\/a><div class=\"authorBox__name\"><span>por\n\t\t\t<a href=\"https:\/\/www.suno.com.br\/noticias\/author\/guilherme-silvasuno-com-br\/\"><span itemprop=\"author\">Guilherme Serrano<\/span><\/a><\/span><time datetime=\"2025-02-10T14:30:19-03:00\" itemprop=\"datePublished\">10\/02\/2025 14:30<\/time><\/div><\/div><\/div><\/div><\/div>","single_layout":"posts","amp_enabled":true,"_links":{"self":[{"href":"https:\/\/www.suno.com.br\/noticias\/wp-json\/wp\/v2\/posts\/594168"}],"collection":[{"href":"https:\/\/www.suno.com.br\/noticias\/wp-json\/wp\/v2\/posts"}],"about":[{"href":"https:\/\/www.suno.com.br\/noticias\/wp-json\/wp\/v2\/types\/post"}],"author":[{"embeddable":true,"href":"https:\/\/www.suno.com.br\/noticias\/wp-json\/wp\/v2\/users\/376"}],"replies":[{"embeddable":true,"href":"https:\/\/www.suno.com.br\/noticias\/wp-json\/wp\/v2\/comments?post=594168"}],"version-history":[{"count":3,"href":"https:\/\/www.suno.com.br\/noticias\/wp-json\/wp\/v2\/posts\/594168\/revisions"}],"predecessor-version":[{"id":594388,"href":"https:\/\/www.suno.com.br\/noticias\/wp-json\/wp\/v2\/posts\/594168\/revisions\/594388"}],"wp:featuredmedia":[{"embeddable":true,"href":"https:\/\/www.suno.com.br\/noticias\/wp-json\/wp\/v2\/media\/525854"}],"wp:attachment":[{"href":"https:\/\/www.suno.com.br\/noticias\/wp-json\/wp\/v2\/media?parent=594168"}],"wp:term":[{"taxonomy":"category","embeddable":true,"href":"https:\/\/www.suno.com.br\/noticias\/wp-json\/wp\/v2\/categories?post=594168"},{"taxonomy":"post_tag","embeddable":true,"href":"https:\/\/www.suno.com.br\/noticias\/wp-json\/wp\/v2\/tags?post=594168"},{"taxonomy":"suno_strategy","embeddable":true,"href":"https:\/\/www.suno.com.br\/noticias\/wp-json\/wp\/v2\/suno_strategy?post=594168"}],"curies":[{"name":"wp","href":"https:\/\/api.w.org\/{rel}","templated":true}]}}