{"id":59374,"date":"2020-03-30T08:01:16","date_gmt":"2020-03-30T11:01:16","guid":{"rendered":"https:\/\/www.suno.com.br\/noticias\/?p=59374"},"modified":"2021-02-17T22:43:37","modified_gmt":"2021-02-18T01:43:37","slug":"coronavirus-bce-ordena-suspensao-dividendos","status":"publish","type":"post","link":"https:\/\/www.suno.com.br\/noticias\/coronavirus-bce-ordena-suspensao-dividendos\/","title":{"rendered":"Coronav\u00edrus faz com que BCE ordene suspens\u00e3o de dividendos"},"content":{"rendered":"<p>Com o objetivo de evitar uma crise de cr\u00e9dito em meio \u00e0 pandemia do <a href=\"https:\/\/www.youtube.com\/watch?v=P9-AWj3d_IQ\">novo <strong>coronav\u00edrus<\/strong> (Covid-19)<\/a>, o <a href=\"https:\/\/www.suno.com.br\/artigos\/bce\/\">Banco Central Europeu (BCE)<\/a> ordenou, na noite da \u00faltima sexta-feira (27), que as institui\u00e7\u00f5es financeiras da <a href=\"https:\/\/www.suno.com.br\/artigos\/zona-do-euro\/\">zona do euro<\/a> bloqueiem o pagamento de dividendos e a recompra de a\u00e7\u00f5es.<\/p>\t<div class=\"wrapper-featured-image\">\n\t\t<figure class=\"spotlightImg\">\n\n\t\t\t<picture>\n\t\t\t\t<source media=\"(max-width: 768px)\" srcset=\"https:\/\/files.sunoresearch.com.br\/n\/uploads\/2019\/09\/22a9a642-bce-400x200.webp\">\n\t\t\t\t<img loading=\"lazy\" decoding=\"async\" class=\"newsContent__article__imgCapa lazyloadDisabled newsContent__article__imgCapa--noCaption\" src=\"https:\/\/files.sunoresearch.com.br\/n\/uploads\/2019\/09\/22a9a642-bce-800x450.webp\" width=\"800\" height=\"450\" alt=\"Coronav\u00edrus faz com que BCE ordene suspens\u00e3o de dividendos\" fetchpriority=high \/>\n\t\t\t<\/picture>\n\n\t\t\t<figcaption class=\"wp-caption-text wp-caption-text--hide\">BCE <\/figcaption>\n\t\t<\/figure>\n\t<\/div>\n\n\n\n<p>O BCE anunciou que os bancos &#8220;n\u00e3o devem pagar <strong><a href=\"https:\/\/www.suno.com.br\/dividendos\/\">dividendos<\/a><\/strong> para os anos cont\u00e1beis de 2019 e 2020 at\u00e9 pelo menos 1\u00ba de outubro de 2020&#8243;. De acordo com a <strong>autoridade monet\u00e1ria<\/strong> central europeia, a medida servir\u00e1 para &#8220;aumentar a capacidade dos bancos de absorver perdas e sustentar empr\u00e9stimos a fam\u00edlias, pequenas empresas e corpora\u00e7\u00f5es durante a pandemia do coronav\u00edrus&#8221;.<\/p>\n<p>Andrea Enria, presidente do <strong>Conselho de Supervis\u00e3o<\/strong> do BCE, afirmou que os bancos poupariam 30 bilh\u00f5es de euros (R$ 129,61 bilh\u00f5es) que seriam distribu\u00eddos por meio de dividendos.<\/p>\n<p>&#8220;Como tudo ao nosso redor est\u00e1 sendo suspenso para concentrar todos os esfor\u00e7os de nossas comunidades no combate ao coronav\u00edrus, tamb\u00e9m \u00e9 necess\u00e1ria uma contribui\u00e7\u00e3o dos bancos e de seus acionistas&#8221;, afirmou Enria. Os banco ter\u00e3o de &#8220;abster-se de <a href=\"https:\/\/www.suno.com.br\/artigos\/recompra-de-acoes\/\">recompra de a\u00e7\u00f5es<\/a> destinadas a remunerar acionistas&#8221;.<\/p>\n<h2>Perspectiva da atividade econ\u00f4mica p\u00f3s-coronav\u00edrus<\/h2>\n<p>Por mais que os bancos centrais de todo o mundo entendam que o sistema global est\u00e1 melhor alinhado do que na <a href=\"https:\/\/www.suno.com.br\/artigos\/crise-do-subprime\/\">crise do subprime, de 2008<\/a>, economistas est\u00e3o preocupados com as consequ\u00eancias da iminente desacelera\u00e7\u00e3o econ\u00f4mica.<\/p>\n\t<p>\n\t\t<a href=\"https:\/\/lp.statusinvest.com.br\/ao\/assessoria-status-invest\/\" target=\"_blank\" data-element=\"shortcode-suno-banner\" title=\"Banner SUNO, clique e saiba mais\">\n\t\t\t<picture>\n\t\t\t\t<source media=\"(max-width: 500px)\" srcset=\"https:\/\/files.sunoresearch.com.br\/n\/uploads\/2024\/03\/400x300-Mobile.png\">\n\t\t\t\t<img class=\"newsContent__article__imgCapa newsContent__article__imgCapa--banner\"\n\t\t\t\t\tsrc=\"https:\/\/files.sunoresearch.com.br\/n\/uploads\/2024\/03\/1420x240-Desktop.png\"\n\t\t\t\t\tdata-promo-id=\"537248\"\t\t\t\t\t\t\t\t\t\twidth='1400' height='240'\t\t\t\t\talt=\"https:\/\/files.sunoresearch.com.br\/n\/uploads\/2024\/03\/1420x240-Desktop.png\"\n\t\t\t\t>\n\t\t\t<\/picture>\n\t\t<\/a>\n\t<\/p>\n\n\n<p>Caso a previs\u00e3o de economistas se confirme, o BCE junto \u00e0 <strong>ag\u00eancias reguladoras<\/strong> querem fazer com que os <a href=\"https:\/\/www.suno.com.br\/artigos\/principios-sobre-como-analisar-o-balanco-de-uma-empresa\/\">balan\u00e7os das institui\u00e7\u00f5es financeiras<\/a> mantenham-se livres para continuar realizando empr\u00e9stimos a fam\u00edlias e empresas, evitando uma depress\u00e3o maior do que 2008.<\/p>\n<p>Como medida para conter os impactos econ\u00f4micas da pandemia, o BCE anunciou um afrouxamento dos requisitos de capital para o setor banc\u00e1rio. A autoridade monet\u00e1ria reduziu a exig\u00eancia de fundos pr\u00f3prios estimada em 120 bilh\u00f5es de euros (cerca de R$ 685,83 bilh\u00f5es), o que poderia financiar 1,8 trilh\u00e3o de euros em novos empr\u00e9stimos.<\/p>\n<p>No an\u00fancio do primeiro pacote de aux\u00edlio econ\u00f4mico, h\u00e1 duas semanas, o BCE informou que os bancos deveriam usar a redu\u00e7\u00e3o da exig\u00eancia de fundos pr\u00f3prios &#8220;para apoiar a economia e n\u00e3o para aumentar a distribui\u00e7\u00e3o de dividendos ou a remunera\u00e7\u00e3o vari\u00e1vel&#8221;.<\/p>\n<p><a href=\"https:\/\/www.suno.com.br\/nossas-assinaturas\/suno-premium\/\">Saiba mais: Bolsa em queda livre!? Aproveita as maiores oportunidades da bolsa brasileira com nosso acesso Suno Premium<\/a><\/p>\n<p>Segundo o jornal &#8220;Financial Times&#8221;, a press\u00e3o sobre as contas de institui\u00e7\u00f5es financeiras aumentou nos \u00faltimos 20 dias, quando mais de 130 empresas na Europa e na Am\u00e9rica resgataram ao menos US$ 124,1 bilh\u00f5es (R$ 632,96 trilh\u00f5es) de seus bancos.<\/p>\n<p>A decis\u00e3o do BCE foi tomada ap\u00f3s os presidentes de bancos centrais e os chefes de regulamenta\u00e7\u00e3o da zona do euro afirmarem que adiariam por um ano os novos e mais duros requisitos de capital banc\u00e1rio. Isso permitir\u00e1 que o setor banc\u00e1rio se concentre no combate ao <strong>coronav\u00edrus<\/strong>.<\/p>\n\n","protected":false},"excerpt":{"rendered":"<p>Com o objetivo de evitar uma crise de cr\u00e9dito em meio \u00e0 pandemia do novo coronav\u00edrus (Covid-19), o Banco Central Europeu (BCE) ordenou, na noite da \u00faltima sexta-feira (27), que as institui\u00e7\u00f5es financeiras da zona do euro bloqueiem o pagamento de dividendos e a recompra de a\u00e7\u00f5es. BCE O BCE anunciou que os bancos &#8220;n\u00e3o [&hellip;]<\/p>\n","protected":false},"author":24,"featured_media":37310,"comment_status":"closed","ping_status":"closed","sticky":false,"template":"","format":"standard","meta":[],"categories":[63],"tags":[863,2487,295],"suno_strategy":[],"class_list":["post-59374","post","type-post","status-publish","format-standard","has-post-thumbnail","hentry","category-internacional","tag-banco-central-europeu-bce","tag-coronavirus","tag-dividendos"],"yoast_head":"<!-- This site is optimized with the Yoast SEO plugin v24.4 - https:\/\/yoast.com\/wordpress\/plugins\/seo\/ -->\n<title>Coronav\u00edrus faz com que BCE ordene suspens\u00e3o de dividendos<\/title>\n<meta name=\"description\" content=\"Para evitar uma crise de cr\u00e9dito em meio \u00e0 pandemia do coronav\u00edrus, o BCE ordenou que bancos suspendam dividendos. Saiba mais.\" \/>\n<meta name=\"robots\" content=\"index, follow, max-snippet:-1, max-image-preview:large, max-video-preview:-1\" \/>\n<link rel=\"canonical\" href=\"https:\/\/www.suno.com.br\/noticias\/coronavirus-bce-ordena-suspensao-dividendos\/\" \/>\n<meta property=\"og:locale\" content=\"pt_BR\" \/>\n<meta property=\"og:type\" content=\"article\" \/>\n<meta property=\"og:title\" content=\"Coronav\u00edrus faz com que BCE ordene suspens\u00e3o de dividendos\" \/>\n<meta property=\"og:description\" content=\"Para evitar uma crise de cr\u00e9dito em meio \u00e0 pandemia do coronav\u00edrus, o BCE ordenou que bancos suspendam dividendos. Saiba mais.\" \/>\n<meta property=\"og:url\" content=\"https:\/\/www.suno.com.br\/noticias\/coronavirus-bce-ordena-suspensao-dividendos\/\" \/>\n<meta property=\"og:site_name\" content=\"Suno Not\u00edcias\" \/>\n<meta property=\"article:publisher\" content=\"https:\/\/facebook.com\/sunoresearch\" \/>\n<meta property=\"og:image\" content=\"https:\/\/files.sunoresearch.com.br\/n\/uploads\/2019\/09\/22a9a642-bce-1024x614.jpg\" \/>\n\t<meta property=\"og:image:width\" content=\"1024\" \/>\n\t<meta property=\"og:image:height\" content=\"614\" \/>\n\t<meta property=\"og:image:type\" content=\"image\/jpeg\" \/>\n<meta name=\"author\" content=\"Jader Lazarini\" \/>\n<meta name=\"twitter:card\" content=\"summary_large_image\" \/>\n<meta name=\"twitter:creator\" content=\"@sunoresearch\" \/>\n<meta name=\"twitter:site\" content=\"@sunoresearch\" \/>\n<meta name=\"twitter:label1\" content=\"Escrito por\" \/>\n\t<meta name=\"twitter:data1\" content=\"Jader Lazarini\" \/>\n\t<meta name=\"twitter:label2\" content=\"Est. tempo de leitura\" \/>\n\t<meta name=\"twitter:data2\" content=\"3 minutos\" \/>\n<script type=\"application\/ld+json\" class=\"yoast-schema-graph\">{\"@context\":\"https:\/\/schema.org\",\"@graph\":[{\"@type\":\"NewsArticle\",\"@id\":\"https:\/\/www.suno.com.br\/noticias\/coronavirus-bce-ordena-suspensao-dividendos\/#article\",\"isPartOf\":{\"@id\":\"https:\/\/www.suno.com.br\/noticias\/coronavirus-bce-ordena-suspensao-dividendos\/\"},\"author\":{\"name\":\"Jader Lazarini\",\"@id\":\"https:\/\/www.suno.com.br\/noticias\/#\/schema\/person\/918d79de1f0281f01599b93f9ea6e23f\"},\"headline\":\"Coronav\u00edrus faz com que BCE ordene suspens\u00e3o de dividendos\",\"datePublished\":\"2020-03-30T11:01:16+00:00\",\"dateModified\":\"2021-02-18T01:43:37+00:00\",\"mainEntityOfPage\":{\"@id\":\"https:\/\/www.suno.com.br\/noticias\/coronavirus-bce-ordena-suspensao-dividendos\/\"},\"wordCount\":531,\"publisher\":{\"@id\":\"https:\/\/www.suno.com.br\/noticias\/#organization\"},\"image\":{\"@id\":\"https:\/\/www.suno.com.br\/noticias\/coronavirus-bce-ordena-suspensao-dividendos\/#primaryimage\"},\"thumbnailUrl\":\"https:\/\/files.sunoresearch.com.br\/n\/uploads\/2019\/09\/22a9a642-bce-jpg.webp\",\"keywords\":[\"Banco Central Europeu (BCE)\",\"coronav\u00edrus\",\"dividendos\"],\"articleSection\":[\"Internacional\"],\"inLanguage\":\"pt-BR\"},{\"@type\":\"WebPage\",\"@id\":\"https:\/\/www.suno.com.br\/noticias\/coronavirus-bce-ordena-suspensao-dividendos\/\",\"url\":\"https:\/\/www.suno.com.br\/noticias\/coronavirus-bce-ordena-suspensao-dividendos\/\",\"name\":\"Coronav\u00edrus faz com que BCE ordene suspens\u00e3o de dividendos\",\"isPartOf\":{\"@id\":\"https:\/\/www.suno.com.br\/noticias\/#website\"},\"primaryImageOfPage\":{\"@id\":\"https:\/\/www.suno.com.br\/noticias\/coronavirus-bce-ordena-suspensao-dividendos\/#primaryimage\"},\"image\":{\"@id\":\"https:\/\/www.suno.com.br\/noticias\/coronavirus-bce-ordena-suspensao-dividendos\/#primaryimage\"},\"thumbnailUrl\":\"https:\/\/files.sunoresearch.com.br\/n\/uploads\/2019\/09\/22a9a642-bce-jpg.webp\",\"datePublished\":\"2020-03-30T11:01:16+00:00\",\"dateModified\":\"2021-02-18T01:43:37+00:00\",\"description\":\"Para evitar uma crise de cr\u00e9dito em meio \u00e0 pandemia do coronav\u00edrus, o BCE ordenou que bancos suspendam dividendos. Saiba mais.\",\"breadcrumb\":{\"@id\":\"https:\/\/www.suno.com.br\/noticias\/coronavirus-bce-ordena-suspensao-dividendos\/#breadcrumb\"},\"inLanguage\":\"pt-BR\",\"potentialAction\":[{\"@type\":\"ReadAction\",\"target\":[\"https:\/\/www.suno.com.br\/noticias\/coronavirus-bce-ordena-suspensao-dividendos\/\"]}]},{\"@type\":\"ImageObject\",\"inLanguage\":\"pt-BR\",\"@id\":\"https:\/\/www.suno.com.br\/noticias\/coronavirus-bce-ordena-suspensao-dividendos\/#primaryimage\",\"url\":\"https:\/\/files.sunoresearch.com.br\/n\/uploads\/2019\/09\/22a9a642-bce-jpg.webp\",\"contentUrl\":\"https:\/\/files.sunoresearch.com.br\/n\/uploads\/2019\/09\/22a9a642-bce-jpg.webp\",\"width\":2560,\"height\":1536,\"caption\":\"BCE\"},{\"@type\":\"BreadcrumbList\",\"@id\":\"https:\/\/www.suno.com.br\/noticias\/coronavirus-bce-ordena-suspensao-dividendos\/#breadcrumb\",\"itemListElement\":[{\"@type\":\"ListItem\",\"position\":1,\"name\":\"Not\u00edcias\",\"item\":\"https:\/\/www.suno.com.br\/noticias\/\"},{\"@type\":\"ListItem\",\"position\":2,\"name\":\"Internacional\",\"item\":\"https:\/\/www.suno.com.br\/noticias\/internacional\/\"},{\"@type\":\"ListItem\",\"position\":3,\"name\":\"Coronav\u00edrus faz com que BCE ordene suspens\u00e3o de dividendos\"}]},{\"@type\":\"WebSite\",\"@id\":\"https:\/\/www.suno.com.br\/noticias\/#website\",\"url\":\"https:\/\/www.suno.com.br\/noticias\/\",\"name\":\"Suno Not\u00edcias\",\"description\":\"Seu portal de informa\u00e7\u00e3o sobre o mundo dos investimentos\",\"publisher\":{\"@id\":\"https:\/\/www.suno.com.br\/noticias\/#organization\"},\"potentialAction\":[{\"@type\":\"SearchAction\",\"target\":{\"@type\":\"EntryPoint\",\"urlTemplate\":\"https:\/\/www.suno.com.br\/noticias\/?s={search_term_string}\"},\"query-input\":{\"@type\":\"PropertyValueSpecification\",\"valueRequired\":true,\"valueName\":\"search_term_string\"}}],\"inLanguage\":\"pt-BR\"},{\"@type\":\"Organization\",\"@id\":\"https:\/\/www.suno.com.br\/noticias\/#organization\",\"name\":\"Suno Not\u00edcias\",\"url\":\"https:\/\/www.suno.com.br\/noticias\/\",\"logo\":{\"@type\":\"ImageObject\",\"inLanguage\":\"pt-BR\",\"@id\":\"https:\/\/www.suno.com.br\/noticias\/#\/schema\/logo\/image\/\",\"url\":\"https:\/\/files.sunoresearch.com.br\/n\/uploads\/2021\/09\/suno-logo.png\",\"contentUrl\":\"https:\/\/files.sunoresearch.com.br\/n\/uploads\/2021\/09\/suno-logo.png\",\"width\":180,\"height\":180,\"caption\":\"Suno Not\u00edcias\"},\"image\":{\"@id\":\"https:\/\/www.suno.com.br\/noticias\/#\/schema\/logo\/image\/\"},\"sameAs\":[\"https:\/\/facebook.com\/sunoresearch\",\"https:\/\/x.com\/sunoresearch\",\"https:\/\/www.instagram.com\/suno\",\"https:\/\/www.linkedin.com\/company\/suno-research\/\",\"https:\/\/www.youtube.com\/c\/sunoresearch\"]},{\"@type\":\"Person\",\"@id\":\"https:\/\/www.suno.com.br\/noticias\/#\/schema\/person\/918d79de1f0281f01599b93f9ea6e23f\",\"name\":\"Jader Lazarini\",\"image\":{\"@type\":\"ImageObject\",\"inLanguage\":\"pt-BR\",\"@id\":\"https:\/\/www.suno.com.br\/noticias\/#\/schema\/person\/image\/\",\"url\":\"https:\/\/secure.gravatar.com\/avatar\/3c1ad8caa51589841baeb923fcddea97?s=96&r=g\",\"contentUrl\":\"https:\/\/secure.gravatar.com\/avatar\/3c1ad8caa51589841baeb923fcddea97?s=96&r=g\",\"caption\":\"Jader Lazarini\"},\"description\":\"Jader Lazarini escreve sobre investimentos, finan\u00e7as, economia e neg\u00f3cios. \u00c9 bacharel em Rela\u00e7\u00f5es Internacionais e analista CNPI (2619).\",\"url\":\"https:\/\/www.suno.com.br\/noticias\/author\/jader-lazarini\/\"}]}<\/script>\n<!-- \/ Yoast SEO plugin. -->","yoast_head_json":{"title":"Coronav\u00edrus faz com que BCE ordene suspens\u00e3o de dividendos","description":"Para evitar uma crise de cr\u00e9dito em meio \u00e0 pandemia do coronav\u00edrus, o BCE ordenou que bancos suspendam dividendos. Saiba mais.","robots":{"index":"index","follow":"follow","max-snippet":"max-snippet:-1","max-image-preview":"max-image-preview:large","max-video-preview":"max-video-preview:-1"},"canonical":"https:\/\/www.suno.com.br\/noticias\/coronavirus-bce-ordena-suspensao-dividendos\/","og_locale":"pt_BR","og_type":"article","og_title":"Coronav\u00edrus faz com que BCE ordene suspens\u00e3o de dividendos","og_description":"Para evitar uma crise de cr\u00e9dito em meio \u00e0 pandemia do coronav\u00edrus, o BCE ordenou que bancos suspendam dividendos. Saiba mais.","og_url":"https:\/\/www.suno.com.br\/noticias\/coronavirus-bce-ordena-suspensao-dividendos\/","og_site_name":"Suno Not\u00edcias","article_publisher":"https:\/\/facebook.com\/sunoresearch","og_image":[{"width":1024,"height":614,"url":"https:\/\/files.sunoresearch.com.br\/n\/uploads\/2019\/09\/22a9a642-bce-1024x614.jpg","type":"image\/jpeg"}],"author":"Jader Lazarini","twitter_card":"summary_large_image","twitter_creator":"@sunoresearch","twitter_site":"@sunoresearch","twitter_misc":{"Escrito por":"Jader Lazarini","Est. tempo de leitura":"3 minutos"},"schema":{"@context":"https:\/\/schema.org","@graph":[{"@type":"NewsArticle","@id":"https:\/\/www.suno.com.br\/noticias\/coronavirus-bce-ordena-suspensao-dividendos\/#article","isPartOf":{"@id":"https:\/\/www.suno.com.br\/noticias\/coronavirus-bce-ordena-suspensao-dividendos\/"},"author":{"name":"Jader Lazarini","@id":"https:\/\/www.suno.com.br\/noticias\/#\/schema\/person\/918d79de1f0281f01599b93f9ea6e23f"},"headline":"Coronav\u00edrus faz com que BCE ordene suspens\u00e3o de dividendos","datePublished":"2020-03-30T11:01:16+00:00","dateModified":"2021-02-18T01:43:37+00:00","mainEntityOfPage":{"@id":"https:\/\/www.suno.com.br\/noticias\/coronavirus-bce-ordena-suspensao-dividendos\/"},"wordCount":531,"publisher":{"@id":"https:\/\/www.suno.com.br\/noticias\/#organization"},"image":{"@id":"https:\/\/www.suno.com.br\/noticias\/coronavirus-bce-ordena-suspensao-dividendos\/#primaryimage"},"thumbnailUrl":"https:\/\/files.sunoresearch.com.br\/n\/uploads\/2019\/09\/22a9a642-bce-jpg.webp","keywords":["Banco Central Europeu (BCE)","coronav\u00edrus","dividendos"],"articleSection":["Internacional"],"inLanguage":"pt-BR"},{"@type":"WebPage","@id":"https:\/\/www.suno.com.br\/noticias\/coronavirus-bce-ordena-suspensao-dividendos\/","url":"https:\/\/www.suno.com.br\/noticias\/coronavirus-bce-ordena-suspensao-dividendos\/","name":"Coronav\u00edrus faz com que BCE ordene suspens\u00e3o de dividendos","isPartOf":{"@id":"https:\/\/www.suno.com.br\/noticias\/#website"},"primaryImageOfPage":{"@id":"https:\/\/www.suno.com.br\/noticias\/coronavirus-bce-ordena-suspensao-dividendos\/#primaryimage"},"image":{"@id":"https:\/\/www.suno.com.br\/noticias\/coronavirus-bce-ordena-suspensao-dividendos\/#primaryimage"},"thumbnailUrl":"https:\/\/files.sunoresearch.com.br\/n\/uploads\/2019\/09\/22a9a642-bce-jpg.webp","datePublished":"2020-03-30T11:01:16+00:00","dateModified":"2021-02-18T01:43:37+00:00","description":"Para evitar uma crise de cr\u00e9dito em meio \u00e0 pandemia do coronav\u00edrus, o BCE ordenou que bancos suspendam dividendos. Saiba mais.","breadcrumb":{"@id":"https:\/\/www.suno.com.br\/noticias\/coronavirus-bce-ordena-suspensao-dividendos\/#breadcrumb"},"inLanguage":"pt-BR","potentialAction":[{"@type":"ReadAction","target":["https:\/\/www.suno.com.br\/noticias\/coronavirus-bce-ordena-suspensao-dividendos\/"]}]},{"@type":"ImageObject","inLanguage":"pt-BR","@id":"https:\/\/www.suno.com.br\/noticias\/coronavirus-bce-ordena-suspensao-dividendos\/#primaryimage","url":"https:\/\/files.sunoresearch.com.br\/n\/uploads\/2019\/09\/22a9a642-bce-jpg.webp","contentUrl":"https:\/\/files.sunoresearch.com.br\/n\/uploads\/2019\/09\/22a9a642-bce-jpg.webp","width":2560,"height":1536,"caption":"BCE"},{"@type":"BreadcrumbList","@id":"https:\/\/www.suno.com.br\/noticias\/coronavirus-bce-ordena-suspensao-dividendos\/#breadcrumb","itemListElement":[{"@type":"ListItem","position":1,"name":"Not\u00edcias","item":"https:\/\/www.suno.com.br\/noticias\/"},{"@type":"ListItem","position":2,"name":"Internacional","item":"https:\/\/www.suno.com.br\/noticias\/internacional\/"},{"@type":"ListItem","position":3,"name":"Coronav\u00edrus faz com que BCE ordene suspens\u00e3o de dividendos"}]},{"@type":"WebSite","@id":"https:\/\/www.suno.com.br\/noticias\/#website","url":"https:\/\/www.suno.com.br\/noticias\/","name":"Suno Not\u00edcias","description":"Seu portal de informa\u00e7\u00e3o sobre o mundo dos investimentos","publisher":{"@id":"https:\/\/www.suno.com.br\/noticias\/#organization"},"potentialAction":[{"@type":"SearchAction","target":{"@type":"EntryPoint","urlTemplate":"https:\/\/www.suno.com.br\/noticias\/?s={search_term_string}"},"query-input":{"@type":"PropertyValueSpecification","valueRequired":true,"valueName":"search_term_string"}}],"inLanguage":"pt-BR"},{"@type":"Organization","@id":"https:\/\/www.suno.com.br\/noticias\/#organization","name":"Suno Not\u00edcias","url":"https:\/\/www.suno.com.br\/noticias\/","logo":{"@type":"ImageObject","inLanguage":"pt-BR","@id":"https:\/\/www.suno.com.br\/noticias\/#\/schema\/logo\/image\/","url":"https:\/\/files.sunoresearch.com.br\/n\/uploads\/2021\/09\/suno-logo.png","contentUrl":"https:\/\/files.sunoresearch.com.br\/n\/uploads\/2021\/09\/suno-logo.png","width":180,"height":180,"caption":"Suno Not\u00edcias"},"image":{"@id":"https:\/\/www.suno.com.br\/noticias\/#\/schema\/logo\/image\/"},"sameAs":["https:\/\/facebook.com\/sunoresearch","https:\/\/x.com\/sunoresearch","https:\/\/www.instagram.com\/suno","https:\/\/www.linkedin.com\/company\/suno-research\/","https:\/\/www.youtube.com\/c\/sunoresearch"]},{"@type":"Person","@id":"https:\/\/www.suno.com.br\/noticias\/#\/schema\/person\/918d79de1f0281f01599b93f9ea6e23f","name":"Jader Lazarini","image":{"@type":"ImageObject","inLanguage":"pt-BR","@id":"https:\/\/www.suno.com.br\/noticias\/#\/schema\/person\/image\/","url":"https:\/\/secure.gravatar.com\/avatar\/3c1ad8caa51589841baeb923fcddea97?s=96&r=g","contentUrl":"https:\/\/secure.gravatar.com\/avatar\/3c1ad8caa51589841baeb923fcddea97?s=96&r=g","caption":"Jader Lazarini"},"description":"Jader Lazarini escreve sobre investimentos, finan\u00e7as, economia e neg\u00f3cios. \u00c9 bacharel em Rela\u00e7\u00f5es Internacionais e analista CNPI (2619).","url":"https:\/\/www.suno.com.br\/noticias\/author\/jader-lazarini\/"}]}},"default_loop_html":"<div class=\"cardsPage__listCard__boxs\"><div class=\"cardsPage__listCard__boxs__img\"><a href=\"https:\/\/www.suno.com.br\/noticias\/coronavirus-bce-ordena-suspensao-dividendos\/\"><img class=\"mask\" src=\"https:\/\/www.suno.com.br\/noticias\/wp-content\/themes\/suno\/resources\/images\/spotlight\/spotlight1img\/bg-mask.png\" alt=\"Image Mask\"\/><img src=\"https:\/\/files.sunoresearch.com.br\/n\/uploads\/2019\/09\/22a9a642-bce-400x200.webp\" alt=\"Coronav\u00edrus faz com que BCE ordene suspens\u00e3o de dividendos\"\/><\/a><span class=\"spotlightCategory\"><a href=\"https:\/\/www.suno.com.br\/noticias\/internacional\/\">Internacional<\/a><\/span><\/div><div class=\"cardsPage__listCard__boxs__content\"><a href=\"https:\/\/www.suno.com.br\/noticias\/coronavirus-bce-ordena-suspensao-dividendos\/\"><h2 class=\"content__title\">Coronav\u00edrus faz com que BCE ordene suspens\u00e3o de dividendos<\/h2><\/a><div class=\"newsContent__article__meta\"><div class=\"newsContent__article__meta__authorBox\"><a href=\"https:\/\/www.suno.com.br\/noticias\/author\/jader-lazarini\/\" class=\"authorBox__avatar noMobi\"><img src=\"https:\/\/files.sunoresearch.com.br\/n\/uploads\/2021\/01\/178e6598-foto-perfil-2-150x150.jpg\" alt=\"Jader Lazarini\"><\/a><div class=\"authorBox__name\"><span>por\n\t\t\t<a href=\"https:\/\/www.suno.com.br\/noticias\/author\/jader-lazarini\/\"><span itemprop=\"author\">Jader Lazarini<\/span><\/a><\/span><time datetime=\"2020-03-30T08:01:16-03:00\" itemprop=\"datePublished\">30\/03\/2020 08:01<\/time><\/div><\/div><\/div><\/div><\/div>","single_layout":"posts","amp_enabled":true,"_links":{"self":[{"href":"https:\/\/www.suno.com.br\/noticias\/wp-json\/wp\/v2\/posts\/59374"}],"collection":[{"href":"https:\/\/www.suno.com.br\/noticias\/wp-json\/wp\/v2\/posts"}],"about":[{"href":"https:\/\/www.suno.com.br\/noticias\/wp-json\/wp\/v2\/types\/post"}],"author":[{"embeddable":true,"href":"https:\/\/www.suno.com.br\/noticias\/wp-json\/wp\/v2\/users\/24"}],"replies":[{"embeddable":true,"href":"https:\/\/www.suno.com.br\/noticias\/wp-json\/wp\/v2\/comments?post=59374"}],"version-history":[{"count":0,"href":"https:\/\/www.suno.com.br\/noticias\/wp-json\/wp\/v2\/posts\/59374\/revisions"}],"wp:featuredmedia":[{"embeddable":true,"href":"https:\/\/www.suno.com.br\/noticias\/wp-json\/wp\/v2\/media\/37310"}],"wp:attachment":[{"href":"https:\/\/www.suno.com.br\/noticias\/wp-json\/wp\/v2\/media?parent=59374"}],"wp:term":[{"taxonomy":"category","embeddable":true,"href":"https:\/\/www.suno.com.br\/noticias\/wp-json\/wp\/v2\/categories?post=59374"},{"taxonomy":"post_tag","embeddable":true,"href":"https:\/\/www.suno.com.br\/noticias\/wp-json\/wp\/v2\/tags?post=59374"},{"taxonomy":"suno_strategy","embeddable":true,"href":"https:\/\/www.suno.com.br\/noticias\/wp-json\/wp\/v2\/suno_strategy?post=59374"}],"curies":[{"name":"wp","href":"https:\/\/api.w.org\/{rel}","templated":true}]}}