{"id":59367,"date":"2020-03-29T16:48:52","date_gmt":"2020-03-29T19:48:52","guid":{"rendered":"https:\/\/www.suno.com.br\/noticias\/?p=59367"},"modified":"2020-03-29T16:56:27","modified_gmt":"2020-03-29T19:56:27","slug":"bndes-refinanciar-r-11-bilhoes-de-pme","status":"publish","type":"post","link":"https:\/\/www.suno.com.br\/noticias\/bndes-refinanciar-r-11-bilhoes-de-pme\/","title":{"rendered":"BNDES poder\u00e1 refinanciar at\u00e9 R$ 11 bilh\u00f5es de PMEs"},"content":{"rendered":"<p>Em teleconfer\u00eancia realizada na tarde deste domingo (29), o presidente do <strong><a href=\"https:\/\/www.suno.com.br\/artigos\/bndespar\/\">Banco Nacional de Desenvolvimento Econ\u00f4mico e Social (BNDES)<\/a><\/strong>, <a href=\"https:\/\/www.suno.com.br\/tudo-sobre\/gustavo-montezano\/\">Gustavo Montezano<\/a>, afirmou que a institui\u00e7\u00e3o poder\u00e1 refinanciar R$ 11 bilh\u00f5es de <strong>pequenas e m\u00e9dias empresas (PME)<\/strong>. A medida acontece em meio aos efeitos da pandemia de <strong>coronav\u00edrus<\/strong>, que fez com que as empresas, de v\u00e1rios setores e tamanhos, tivessem que fechar.<\/p>\t<div class=\"wrapper-featured-image\">\n\t\t<figure class=\"spotlightImg\">\n\n\t\t\t<picture>\n\t\t\t\t<source media=\"(max-width: 768px)\" srcset=\"https:\/\/files.sunoresearch.com.br\/n\/uploads\/2019\/11\/4d85d208-gustavo-montezano-400x200.webp\">\n\t\t\t\t<img loading=\"lazy\" decoding=\"async\" class=\"newsContent__article__imgCapa lazyloadDisabled newsContent__article__imgCapa--noCaption\" src=\"https:\/\/files.sunoresearch.com.br\/n\/uploads\/2019\/11\/4d85d208-gustavo-montezano-800x450.webp\" width=\"800\" height=\"450\" alt=\"BNDES poder\u00e1 refinanciar at\u00e9 R$ 11 bilh\u00f5es de PMEs\" fetchpriority=high \/>\n\t\t\t<\/picture>\n\n\t\t\t<figcaption class=\"wp-caption-text wp-caption-text--hide\">Gustavo Montezano - EBC<\/figcaption>\n\t\t<\/figure>\n\t<\/div>\n\n\n\n<p>\u201cA outra medida anunciada semana passada foi a interrup\u00e7\u00e3o de pagamentos de seis meses para opera\u00e7\u00f5es indiretas do <strong>BNDES<\/strong>, via agente financeiro. Na pr\u00f3xima semana, os sistemas estar\u00e3o prontos para que os clientes procurem os bancos privados\u201d, disse <strong>Montezano<\/strong>, destacando a suspens\u00e3o dos pagamentos de empr\u00e9stimos, no total de R$ 30 bilh\u00f5es, do BNDES pelo per\u00edodo de seis meses.<\/p>\n\t<p>\n\t\t<a href=\"https:\/\/lp.suno.com.br\/ebook-10-livros\/\" target=\"_blank\" data-element=\"shortcode-suno-banner\" title=\"Banner SUNO, clique e saiba mais\">\n\t\t\t<picture>\n\t\t\t\t<source media=\"(max-width: 500px)\" srcset=\"https:\/\/files.sunoresearch.com.br\/n\/uploads\/2023\/03\/400x300-10-livros.png\">\n\t\t\t\t<img class=\"newsContent__article__imgCapa newsContent__article__imgCapa--banner\"\n\t\t\t\t\tsrc=\"https:\/\/files.sunoresearch.com.br\/n\/uploads\/2023\/03\/1420x240-10-livros.png\"\n\t\t\t\t\tdata-promo-id=\"383159\"\t\t\t\t\t\t\t\t\t\twidth='1420' height='240'\t\t\t\t\talt=\"https:\/\/files.sunoresearch.com.br\/n\/uploads\/2023\/03\/1420x240-10-livros.png\"\n\t\t\t\t>\n\t\t\t<\/picture>\n\t\t<\/a>\n\t<\/p>\n\n\n<p>Outra medida anunciada pelo BNDES na \u00faltima semana foi o aumento do capital de giro, em R$ 5 bilh\u00f5es, para micro, pequenas e m\u00e9dias empresas. \u201cEsse produto foi disponibilizado operacionalmente esta semana. Tivemos demanda pelo produto, que envolve agentes financeiros\u201d, disse o executivo.<\/p>\n<h2>Resultados do BNDES em 2019<\/h2>\n<p>O <a href=\"https:\/\/www.suno.com.br\/artigos\/bndespar\/\">BNDES<\/a> registrou lucro l\u00edquido de R$ 17,7 bilh\u00f5es em 2019. O lucro do banco foi 164% maior do que o apresentado em 2018. De acordo com o presidente da institui\u00e7\u00e3o, <strong>Gustavo Montezano<\/strong>, esse valor foi recorde para o BNDES. \u201c\u00c9 um lucro l\u00edquido bem robusto. Um lucro recorde para o BNDES\u201d, disse Montezano.<\/p>\n<p><a href=\"https:\/\/www.suno.com.br\/nossas-assinaturas\/suno-premium\/\">Saiba mais: Bolsa em queda livre!? Aproveita as maiores oportunidades da bolsa brasileira com nosso acesso Suno Premium<\/a><\/p>\n<p>De acordo com Montezano, o resultado de 2019 foi puxado pela venda de participa\u00e7\u00f5es societ\u00e1rias do <strong>BNDESPar<\/strong>, <a href=\"https:\/\/www.suno.com.br\/artigos\/holding\/\">holding<\/a> ligada ao BNDES que investe diretamente em companhias particulares, por meio de compra de a\u00e7\u00f5es, t\u00edtulos e participa\u00e7\u00f5es societ\u00e1rias. Os resultados financeiros do banco foram divulgados no dia 11 de mar\u00e7o.<\/p>\n<p>O presidente da institui\u00e7\u00e3o tamb\u00e9m afirmou que o banco fechou o ano com uma carteira de 57 projetos, que podem acarretar a um investimento total de R$ 176 bilh\u00f5es na economia brasileira.<\/p>\n\t<p>\n\t\t<a href=\"https:\/\/www.seculus.com.br\/blackfriday\" target=\"_blank\" data-element=\"shortcode-suno-banner\" title=\"Banner SUNO, clique e saiba mais\">\n\t\t\t<picture>\n\t\t\t\t<source media=\"(max-width: 500px)\" srcset=\"https:\/\/files.sunoresearch.com.br\/n\/uploads\/2023\/11\/seculus_suno_mobile_2.jpg\">\n\t\t\t\t<img class=\"newsContent__article__imgCapa newsContent__article__imgCapa--banner\"\n\t\t\t\t\tsrc=\"https:\/\/files.sunoresearch.com.br\/n\/uploads\/2023\/11\/seculus_suno_desktop_2.jpg\"\n\t\t\t\t\tdata-promo-id=\"474123\"\t\t\t\t\t\t\t\t\t\twidth='1420' height='240'\t\t\t\t\talt=\"https:\/\/files.sunoresearch.com.br\/n\/uploads\/2023\/11\/seculus_suno_desktop_2.jpg\"\n\t\t\t\t>\n\t\t\t<\/picture>\n\t\t<\/a>\n\t<\/p>\n\n\n<p>A carteira de cr\u00e9dito do <strong>BNDES<\/strong> em dezembro do ano passado alcan\u00e7ou R$ 441,8 bilh\u00f5es. Houve uma redu\u00e7\u00e3o consider\u00e1vel de 0,84% da inadimpl\u00eancia no em 2019.<\/p>\n\n","protected":false},"excerpt":{"rendered":"<p>Em teleconfer\u00eancia realizada na tarde deste domingo (29), o presidente do Banco Nacional de Desenvolvimento Econ\u00f4mico e Social (BNDES), Gustavo Montezano, afirmou que a institui\u00e7\u00e3o poder\u00e1 refinanciar R$ 11 bilh\u00f5es de pequenas e m\u00e9dias empresas (PME). A medida acontece em meio aos efeitos da pandemia de coronav\u00edrus, que fez com que as empresas, de v\u00e1rios [&hellip;]<\/p>\n","protected":false},"author":19,"featured_media":45261,"comment_status":"closed","ping_status":"closed","sticky":false,"template":"","format":"standard","meta":[],"categories":[64],"tags":[757,2487,1457],"suno_strategy":[],"class_list":["post-59367","post","type-post","status-publish","format-standard","has-post-thumbnail","hentry","category-negocios","tag-bndes","tag-coronavirus","tag-gustavo-montezano"],"yoast_head":"<!-- This site is optimized with the Yoast SEO plugin v24.4 - https:\/\/yoast.com\/wordpress\/plugins\/seo\/ -->\n<title>BNDES poder\u00e1 refinanciar at\u00e9 R$ 11 bilh\u00f5es de PMEs<\/title>\n<meta name=\"description\" content=\"O presidente do BNDES, Gustavo Montezano, afirmou que a institui\u00e7\u00e3o poder\u00e1 refinanciar R$ 11 bilh\u00f5es de pequenas e m\u00e9dias empresas (PME).\" \/>\n<meta name=\"robots\" content=\"index, follow, max-snippet:-1, max-image-preview:large, max-video-preview:-1\" \/>\n<link rel=\"canonical\" href=\"https:\/\/www.suno.com.br\/noticias\/bndes-refinanciar-r-11-bilhoes-de-pme\/\" \/>\n<meta property=\"og:locale\" content=\"pt_BR\" \/>\n<meta property=\"og:type\" content=\"article\" \/>\n<meta property=\"og:title\" content=\"BNDES poder\u00e1 refinanciar at\u00e9 R$ 11 bilh\u00f5es de PMEs\" \/>\n<meta property=\"og:description\" content=\"O presidente do BNDES, Gustavo Montezano, afirmou que a institui\u00e7\u00e3o poder\u00e1 refinanciar R$ 11 bilh\u00f5es de pequenas e m\u00e9dias empresas (PME).\" \/>\n<meta property=\"og:url\" content=\"https:\/\/www.suno.com.br\/noticias\/bndes-refinanciar-r-11-bilhoes-de-pme\/\" \/>\n<meta property=\"og:site_name\" content=\"Suno Not\u00edcias\" \/>\n<meta property=\"article:publisher\" content=\"https:\/\/facebook.com\/sunoresearch\" \/>\n<meta property=\"og:image\" content=\"https:\/\/files.sunoresearch.com.br\/n\/uploads\/2019\/11\/4d85d208-gustavo-montezano.jpg\" \/>\n\t<meta property=\"og:image:width\" content=\"3162\" \/>\n\t<meta property=\"og:image:height\" content=\"2108\" \/>\n\t<meta property=\"og:image:type\" content=\"image\/jpeg\" \/>\n<meta name=\"author\" content=\"Juliano Passaro\" \/>\n<meta name=\"twitter:card\" content=\"summary_large_image\" \/>\n<meta name=\"twitter:creator\" content=\"@sunoresearch\" \/>\n<meta name=\"twitter:site\" content=\"@sunoresearch\" \/>\n<meta name=\"twitter:label1\" content=\"Escrito por\" \/>\n\t<meta name=\"twitter:data1\" content=\"Juliano Passaro\" \/>\n\t<meta name=\"twitter:label2\" content=\"Est. tempo de leitura\" \/>\n\t<meta name=\"twitter:data2\" content=\"2 minutos\" \/>\n<script type=\"application\/ld+json\" class=\"yoast-schema-graph\">{\"@context\":\"https:\/\/schema.org\",\"@graph\":[{\"@type\":\"NewsArticle\",\"@id\":\"https:\/\/www.suno.com.br\/noticias\/bndes-refinanciar-r-11-bilhoes-de-pme\/#article\",\"isPartOf\":{\"@id\":\"https:\/\/www.suno.com.br\/noticias\/bndes-refinanciar-r-11-bilhoes-de-pme\/\"},\"author\":{\"name\":\"Juliano Passaro\",\"@id\":\"https:\/\/www.suno.com.br\/noticias\/#\/schema\/person\/1db762f78ffd8919a648a63e425953e3\"},\"headline\":\"BNDES poder\u00e1 refinanciar at\u00e9 R$ 11 bilh\u00f5es de PMEs\",\"datePublished\":\"2020-03-29T19:48:52+00:00\",\"dateModified\":\"2020-03-29T19:56:27+00:00\",\"mainEntityOfPage\":{\"@id\":\"https:\/\/www.suno.com.br\/noticias\/bndes-refinanciar-r-11-bilhoes-de-pme\/\"},\"wordCount\":390,\"publisher\":{\"@id\":\"https:\/\/www.suno.com.br\/noticias\/#organization\"},\"image\":{\"@id\":\"https:\/\/www.suno.com.br\/noticias\/bndes-refinanciar-r-11-bilhoes-de-pme\/#primaryimage\"},\"thumbnailUrl\":\"https:\/\/files.sunoresearch.com.br\/n\/uploads\/2019\/11\/4d85d208-gustavo-montezano-scaled.webp\",\"keywords\":[\"BNDES\",\"coronav\u00edrus\",\"Gustavo Montezano\"],\"articleSection\":[\"Neg\u00f3cios\"],\"inLanguage\":\"pt-BR\"},{\"@type\":\"WebPage\",\"@id\":\"https:\/\/www.suno.com.br\/noticias\/bndes-refinanciar-r-11-bilhoes-de-pme\/\",\"url\":\"https:\/\/www.suno.com.br\/noticias\/bndes-refinanciar-r-11-bilhoes-de-pme\/\",\"name\":\"BNDES poder\u00e1 refinanciar at\u00e9 R$ 11 bilh\u00f5es de PMEs\",\"isPartOf\":{\"@id\":\"https:\/\/www.suno.com.br\/noticias\/#website\"},\"primaryImageOfPage\":{\"@id\":\"https:\/\/www.suno.com.br\/noticias\/bndes-refinanciar-r-11-bilhoes-de-pme\/#primaryimage\"},\"image\":{\"@id\":\"https:\/\/www.suno.com.br\/noticias\/bndes-refinanciar-r-11-bilhoes-de-pme\/#primaryimage\"},\"thumbnailUrl\":\"https:\/\/files.sunoresearch.com.br\/n\/uploads\/2019\/11\/4d85d208-gustavo-montezano-scaled.webp\",\"datePublished\":\"2020-03-29T19:48:52+00:00\",\"dateModified\":\"2020-03-29T19:56:27+00:00\",\"description\":\"O presidente do BNDES, Gustavo Montezano, afirmou que a institui\u00e7\u00e3o poder\u00e1 refinanciar R$ 11 bilh\u00f5es de pequenas e m\u00e9dias empresas (PME).\",\"breadcrumb\":{\"@id\":\"https:\/\/www.suno.com.br\/noticias\/bndes-refinanciar-r-11-bilhoes-de-pme\/#breadcrumb\"},\"inLanguage\":\"pt-BR\",\"potentialAction\":[{\"@type\":\"ReadAction\",\"target\":[\"https:\/\/www.suno.com.br\/noticias\/bndes-refinanciar-r-11-bilhoes-de-pme\/\"]}]},{\"@type\":\"ImageObject\",\"inLanguage\":\"pt-BR\",\"@id\":\"https:\/\/www.suno.com.br\/noticias\/bndes-refinanciar-r-11-bilhoes-de-pme\/#primaryimage\",\"url\":\"https:\/\/files.sunoresearch.com.br\/n\/uploads\/2019\/11\/4d85d208-gustavo-montezano-scaled.webp\",\"contentUrl\":\"https:\/\/files.sunoresearch.com.br\/n\/uploads\/2019\/11\/4d85d208-gustavo-montezano-scaled.webp\",\"width\":2560,\"height\":1707,\"caption\":\"Gustavo Montezano - EBC\"},{\"@type\":\"BreadcrumbList\",\"@id\":\"https:\/\/www.suno.com.br\/noticias\/bndes-refinanciar-r-11-bilhoes-de-pme\/#breadcrumb\",\"itemListElement\":[{\"@type\":\"ListItem\",\"position\":1,\"name\":\"Not\u00edcias\",\"item\":\"https:\/\/www.suno.com.br\/noticias\/\"},{\"@type\":\"ListItem\",\"position\":2,\"name\":\"Neg\u00f3cios\",\"item\":\"https:\/\/www.suno.com.br\/noticias\/negocios\/\"},{\"@type\":\"ListItem\",\"position\":3,\"name\":\"BNDES poder\u00e1 refinanciar at\u00e9 R$ 11 bilh\u00f5es de PMEs\"}]},{\"@type\":\"WebSite\",\"@id\":\"https:\/\/www.suno.com.br\/noticias\/#website\",\"url\":\"https:\/\/www.suno.com.br\/noticias\/\",\"name\":\"Suno Not\u00edcias\",\"description\":\"Seu portal de informa\u00e7\u00e3o sobre o mundo dos investimentos\",\"publisher\":{\"@id\":\"https:\/\/www.suno.com.br\/noticias\/#organization\"},\"potentialAction\":[{\"@type\":\"SearchAction\",\"target\":{\"@type\":\"EntryPoint\",\"urlTemplate\":\"https:\/\/www.suno.com.br\/noticias\/?s={search_term_string}\"},\"query-input\":{\"@type\":\"PropertyValueSpecification\",\"valueRequired\":true,\"valueName\":\"search_term_string\"}}],\"inLanguage\":\"pt-BR\"},{\"@type\":\"Organization\",\"@id\":\"https:\/\/www.suno.com.br\/noticias\/#organization\",\"name\":\"Suno Not\u00edcias\",\"url\":\"https:\/\/www.suno.com.br\/noticias\/\",\"logo\":{\"@type\":\"ImageObject\",\"inLanguage\":\"pt-BR\",\"@id\":\"https:\/\/www.suno.com.br\/noticias\/#\/schema\/logo\/image\/\",\"url\":\"https:\/\/files.sunoresearch.com.br\/n\/uploads\/2021\/09\/suno-logo.png\",\"contentUrl\":\"https:\/\/files.sunoresearch.com.br\/n\/uploads\/2021\/09\/suno-logo.png\",\"width\":180,\"height\":180,\"caption\":\"Suno Not\u00edcias\"},\"image\":{\"@id\":\"https:\/\/www.suno.com.br\/noticias\/#\/schema\/logo\/image\/\"},\"sameAs\":[\"https:\/\/facebook.com\/sunoresearch\",\"https:\/\/x.com\/sunoresearch\",\"https:\/\/www.instagram.com\/suno\",\"https:\/\/www.linkedin.com\/company\/suno-research\/\",\"https:\/\/www.youtube.com\/c\/sunoresearch\"]},{\"@type\":\"Person\",\"@id\":\"https:\/\/www.suno.com.br\/noticias\/#\/schema\/person\/1db762f78ffd8919a648a63e425953e3\",\"name\":\"Juliano Passaro\",\"image\":{\"@type\":\"ImageObject\",\"inLanguage\":\"pt-BR\",\"@id\":\"https:\/\/www.suno.com.br\/noticias\/#\/schema\/person\/image\/\",\"url\":\"https:\/\/secure.gravatar.com\/avatar\/743d4df28eebf6dcc46b4ad03c319e92?s=96&r=g\",\"contentUrl\":\"https:\/\/secure.gravatar.com\/avatar\/743d4df28eebf6dcc46b4ad03c319e92?s=96&r=g\",\"caption\":\"Juliano Passaro\"},\"description\":\"Juliano Passaro escreve sobre pol\u00edtica, economia e neg\u00f3cios para o portal da Suno Research. Antes da Suno, trabalhou no Portal da Band. \u00c9 formado em jornalismo pela Universidade Presbiteriana Mackenzie.\",\"url\":\"https:\/\/www.suno.com.br\/noticias\/author\/juliano\/\"}]}<\/script>\n<!-- \/ Yoast SEO plugin. -->","yoast_head_json":{"title":"BNDES poder\u00e1 refinanciar at\u00e9 R$ 11 bilh\u00f5es de PMEs","description":"O presidente do BNDES, Gustavo Montezano, afirmou que a institui\u00e7\u00e3o poder\u00e1 refinanciar R$ 11 bilh\u00f5es de pequenas e m\u00e9dias empresas (PME).","robots":{"index":"index","follow":"follow","max-snippet":"max-snippet:-1","max-image-preview":"max-image-preview:large","max-video-preview":"max-video-preview:-1"},"canonical":"https:\/\/www.suno.com.br\/noticias\/bndes-refinanciar-r-11-bilhoes-de-pme\/","og_locale":"pt_BR","og_type":"article","og_title":"BNDES poder\u00e1 refinanciar at\u00e9 R$ 11 bilh\u00f5es de PMEs","og_description":"O presidente do BNDES, Gustavo Montezano, afirmou que a institui\u00e7\u00e3o poder\u00e1 refinanciar R$ 11 bilh\u00f5es de pequenas e m\u00e9dias empresas (PME).","og_url":"https:\/\/www.suno.com.br\/noticias\/bndes-refinanciar-r-11-bilhoes-de-pme\/","og_site_name":"Suno Not\u00edcias","article_publisher":"https:\/\/facebook.com\/sunoresearch","og_image":[{"width":3162,"height":2108,"url":"https:\/\/files.sunoresearch.com.br\/n\/uploads\/2019\/11\/4d85d208-gustavo-montezano.jpg","type":"image\/jpeg"}],"author":"Juliano Passaro","twitter_card":"summary_large_image","twitter_creator":"@sunoresearch","twitter_site":"@sunoresearch","twitter_misc":{"Escrito por":"Juliano Passaro","Est. tempo de leitura":"2 minutos"},"schema":{"@context":"https:\/\/schema.org","@graph":[{"@type":"NewsArticle","@id":"https:\/\/www.suno.com.br\/noticias\/bndes-refinanciar-r-11-bilhoes-de-pme\/#article","isPartOf":{"@id":"https:\/\/www.suno.com.br\/noticias\/bndes-refinanciar-r-11-bilhoes-de-pme\/"},"author":{"name":"Juliano Passaro","@id":"https:\/\/www.suno.com.br\/noticias\/#\/schema\/person\/1db762f78ffd8919a648a63e425953e3"},"headline":"BNDES poder\u00e1 refinanciar at\u00e9 R$ 11 bilh\u00f5es de PMEs","datePublished":"2020-03-29T19:48:52+00:00","dateModified":"2020-03-29T19:56:27+00:00","mainEntityOfPage":{"@id":"https:\/\/www.suno.com.br\/noticias\/bndes-refinanciar-r-11-bilhoes-de-pme\/"},"wordCount":390,"publisher":{"@id":"https:\/\/www.suno.com.br\/noticias\/#organization"},"image":{"@id":"https:\/\/www.suno.com.br\/noticias\/bndes-refinanciar-r-11-bilhoes-de-pme\/#primaryimage"},"thumbnailUrl":"https:\/\/files.sunoresearch.com.br\/n\/uploads\/2019\/11\/4d85d208-gustavo-montezano-scaled.webp","keywords":["BNDES","coronav\u00edrus","Gustavo Montezano"],"articleSection":["Neg\u00f3cios"],"inLanguage":"pt-BR"},{"@type":"WebPage","@id":"https:\/\/www.suno.com.br\/noticias\/bndes-refinanciar-r-11-bilhoes-de-pme\/","url":"https:\/\/www.suno.com.br\/noticias\/bndes-refinanciar-r-11-bilhoes-de-pme\/","name":"BNDES poder\u00e1 refinanciar at\u00e9 R$ 11 bilh\u00f5es de PMEs","isPartOf":{"@id":"https:\/\/www.suno.com.br\/noticias\/#website"},"primaryImageOfPage":{"@id":"https:\/\/www.suno.com.br\/noticias\/bndes-refinanciar-r-11-bilhoes-de-pme\/#primaryimage"},"image":{"@id":"https:\/\/www.suno.com.br\/noticias\/bndes-refinanciar-r-11-bilhoes-de-pme\/#primaryimage"},"thumbnailUrl":"https:\/\/files.sunoresearch.com.br\/n\/uploads\/2019\/11\/4d85d208-gustavo-montezano-scaled.webp","datePublished":"2020-03-29T19:48:52+00:00","dateModified":"2020-03-29T19:56:27+00:00","description":"O presidente do BNDES, Gustavo Montezano, afirmou que a institui\u00e7\u00e3o poder\u00e1 refinanciar R$ 11 bilh\u00f5es de pequenas e m\u00e9dias empresas (PME).","breadcrumb":{"@id":"https:\/\/www.suno.com.br\/noticias\/bndes-refinanciar-r-11-bilhoes-de-pme\/#breadcrumb"},"inLanguage":"pt-BR","potentialAction":[{"@type":"ReadAction","target":["https:\/\/www.suno.com.br\/noticias\/bndes-refinanciar-r-11-bilhoes-de-pme\/"]}]},{"@type":"ImageObject","inLanguage":"pt-BR","@id":"https:\/\/www.suno.com.br\/noticias\/bndes-refinanciar-r-11-bilhoes-de-pme\/#primaryimage","url":"https:\/\/files.sunoresearch.com.br\/n\/uploads\/2019\/11\/4d85d208-gustavo-montezano-scaled.webp","contentUrl":"https:\/\/files.sunoresearch.com.br\/n\/uploads\/2019\/11\/4d85d208-gustavo-montezano-scaled.webp","width":2560,"height":1707,"caption":"Gustavo Montezano - EBC"},{"@type":"BreadcrumbList","@id":"https:\/\/www.suno.com.br\/noticias\/bndes-refinanciar-r-11-bilhoes-de-pme\/#breadcrumb","itemListElement":[{"@type":"ListItem","position":1,"name":"Not\u00edcias","item":"https:\/\/www.suno.com.br\/noticias\/"},{"@type":"ListItem","position":2,"name":"Neg\u00f3cios","item":"https:\/\/www.suno.com.br\/noticias\/negocios\/"},{"@type":"ListItem","position":3,"name":"BNDES poder\u00e1 refinanciar at\u00e9 R$ 11 bilh\u00f5es de PMEs"}]},{"@type":"WebSite","@id":"https:\/\/www.suno.com.br\/noticias\/#website","url":"https:\/\/www.suno.com.br\/noticias\/","name":"Suno Not\u00edcias","description":"Seu portal de informa\u00e7\u00e3o sobre o mundo dos investimentos","publisher":{"@id":"https:\/\/www.suno.com.br\/noticias\/#organization"},"potentialAction":[{"@type":"SearchAction","target":{"@type":"EntryPoint","urlTemplate":"https:\/\/www.suno.com.br\/noticias\/?s={search_term_string}"},"query-input":{"@type":"PropertyValueSpecification","valueRequired":true,"valueName":"search_term_string"}}],"inLanguage":"pt-BR"},{"@type":"Organization","@id":"https:\/\/www.suno.com.br\/noticias\/#organization","name":"Suno Not\u00edcias","url":"https:\/\/www.suno.com.br\/noticias\/","logo":{"@type":"ImageObject","inLanguage":"pt-BR","@id":"https:\/\/www.suno.com.br\/noticias\/#\/schema\/logo\/image\/","url":"https:\/\/files.sunoresearch.com.br\/n\/uploads\/2021\/09\/suno-logo.png","contentUrl":"https:\/\/files.sunoresearch.com.br\/n\/uploads\/2021\/09\/suno-logo.png","width":180,"height":180,"caption":"Suno Not\u00edcias"},"image":{"@id":"https:\/\/www.suno.com.br\/noticias\/#\/schema\/logo\/image\/"},"sameAs":["https:\/\/facebook.com\/sunoresearch","https:\/\/x.com\/sunoresearch","https:\/\/www.instagram.com\/suno","https:\/\/www.linkedin.com\/company\/suno-research\/","https:\/\/www.youtube.com\/c\/sunoresearch"]},{"@type":"Person","@id":"https:\/\/www.suno.com.br\/noticias\/#\/schema\/person\/1db762f78ffd8919a648a63e425953e3","name":"Juliano Passaro","image":{"@type":"ImageObject","inLanguage":"pt-BR","@id":"https:\/\/www.suno.com.br\/noticias\/#\/schema\/person\/image\/","url":"https:\/\/secure.gravatar.com\/avatar\/743d4df28eebf6dcc46b4ad03c319e92?s=96&r=g","contentUrl":"https:\/\/secure.gravatar.com\/avatar\/743d4df28eebf6dcc46b4ad03c319e92?s=96&r=g","caption":"Juliano Passaro"},"description":"Juliano Passaro escreve sobre pol\u00edtica, economia e neg\u00f3cios para o portal da Suno Research. Antes da Suno, trabalhou no Portal da Band. \u00c9 formado em jornalismo pela Universidade Presbiteriana Mackenzie.","url":"https:\/\/www.suno.com.br\/noticias\/author\/juliano\/"}]}},"default_loop_html":"<div class=\"cardsPage__listCard__boxs\"><div class=\"cardsPage__listCard__boxs__img\"><a href=\"https:\/\/www.suno.com.br\/noticias\/bndes-refinanciar-r-11-bilhoes-de-pme\/\"><img class=\"mask\" src=\"https:\/\/www.suno.com.br\/noticias\/wp-content\/themes\/suno\/resources\/images\/spotlight\/spotlight1img\/bg-mask.png\" alt=\"Image Mask\"\/><img src=\"https:\/\/files.sunoresearch.com.br\/n\/uploads\/2019\/11\/4d85d208-gustavo-montezano-400x200.webp\" alt=\"BNDES poder\u00e1 refinanciar at\u00e9 R$ 11 bilh\u00f5es de PMEs\"\/><\/a><span class=\"spotlightCategory\"><a href=\"https:\/\/www.suno.com.br\/noticias\/negocios\/\">Neg\u00f3cios<\/a><\/span><\/div><div class=\"cardsPage__listCard__boxs__content\"><a href=\"https:\/\/www.suno.com.br\/noticias\/bndes-refinanciar-r-11-bilhoes-de-pme\/\"><h2 class=\"content__title\">BNDES poder\u00e1 refinanciar at\u00e9 R$ 11 bilh\u00f5es de PMEs<\/h2><\/a><div class=\"newsContent__article__meta\"><div class=\"newsContent__article__meta__authorBox\"><a href=\"https:\/\/www.suno.com.br\/noticias\/author\/juliano\/\" class=\"authorBox__avatar noMobi\"><img src=\"https:\/\/files.sunoresearch.com.br\/n\/uploads\/2019\/06\/7cc3efea-whatsapp-image-2019-07-18-at-21.59.33-e1563499821209-150x150.webp\" alt=\"Juliano Passaro\"><\/a><div class=\"authorBox__name\"><span>por\n\t\t\t<a href=\"https:\/\/www.suno.com.br\/noticias\/author\/juliano\/\"><span itemprop=\"author\">Juliano Passaro<\/span><\/a><\/span><time datetime=\"2020-03-29T16:48:52-03:00\" itemprop=\"datePublished\">29\/03\/2020 16:48<\/time><\/div><\/div><\/div><\/div><\/div>","single_layout":"posts","amp_enabled":true,"_links":{"self":[{"href":"https:\/\/www.suno.com.br\/noticias\/wp-json\/wp\/v2\/posts\/59367"}],"collection":[{"href":"https:\/\/www.suno.com.br\/noticias\/wp-json\/wp\/v2\/posts"}],"about":[{"href":"https:\/\/www.suno.com.br\/noticias\/wp-json\/wp\/v2\/types\/post"}],"author":[{"embeddable":true,"href":"https:\/\/www.suno.com.br\/noticias\/wp-json\/wp\/v2\/users\/19"}],"replies":[{"embeddable":true,"href":"https:\/\/www.suno.com.br\/noticias\/wp-json\/wp\/v2\/comments?post=59367"}],"version-history":[{"count":0,"href":"https:\/\/www.suno.com.br\/noticias\/wp-json\/wp\/v2\/posts\/59367\/revisions"}],"wp:featuredmedia":[{"embeddable":true,"href":"https:\/\/www.suno.com.br\/noticias\/wp-json\/wp\/v2\/media\/45261"}],"wp:attachment":[{"href":"https:\/\/www.suno.com.br\/noticias\/wp-json\/wp\/v2\/media?parent=59367"}],"wp:term":[{"taxonomy":"category","embeddable":true,"href":"https:\/\/www.suno.com.br\/noticias\/wp-json\/wp\/v2\/categories?post=59367"},{"taxonomy":"post_tag","embeddable":true,"href":"https:\/\/www.suno.com.br\/noticias\/wp-json\/wp\/v2\/tags?post=59367"},{"taxonomy":"suno_strategy","embeddable":true,"href":"https:\/\/www.suno.com.br\/noticias\/wp-json\/wp\/v2\/suno_strategy?post=59367"}],"curies":[{"name":"wp","href":"https:\/\/api.w.org\/{rel}","templated":true}]}}