{"id":59364,"date":"2020-03-29T15:51:34","date_gmt":"2020-03-29T18:51:34","guid":{"rendered":"https:\/\/www.suno.com.br\/noticias\/?p=59364"},"modified":"2020-03-29T15:51:34","modified_gmt":"2020-03-29T18:51:34","slug":"fleury-flry3-assembleia-geral-ordinaria-adiada-30-abril","status":"publish","type":"post","link":"https:\/\/www.suno.com.br\/noticias\/fleury-flry3-assembleia-geral-ordinaria-adiada-30-abril\/","title":{"rendered":"Fleury (FLRY3): assembleia geral ordin\u00e1ria \u00e9 adiada para 30 de abril"},"content":{"rendered":"<p>O <a href=\"https:\/\/www.suno.com.br\/acoes\/flry3\/\"><strong>Grupo Fleury (FLRY3)<\/strong><\/a> comunicou ao mercado em geral e aos seus acionistas, na \u00faltima sexta-feira (27), que decidiu postergar a data da realiza\u00e7\u00e3o de sua <a href=\"https:\/\/www.suno.com.br\/artigos\/assembleia-geral-ordinaria\/\">Assembleia Geral Ordin\u00e1ria (AGO)<\/a> que estava programada para acontecer no dia 27 de abril. A assembleia ser\u00e1 realizada no dia 30 de abril.<\/p>\t<div class=\"wrapper-featured-image\">\n\t\t<figure class=\"spotlightImg\">\n\n\t\t\t<picture>\n\t\t\t\t<source media=\"(max-width: 768px)\" srcset=\"https:\/\/files.sunoresearch.com.br\/n\/uploads\/2019\/02\/0c63e59b-fleury-400x200.webp\">\n\t\t\t\t<img loading=\"lazy\" decoding=\"async\" class=\"newsContent__article__imgCapa lazyloadDisabled newsContent__article__imgCapa--noCaption\" src=\"https:\/\/files.sunoresearch.com.br\/n\/uploads\/2019\/02\/0c63e59b-fleury-jpg.webp\" width=\"800\" height=\"450\" alt=\"Fleury (FLRY3): assembleia geral ordin\u00e1ria \u00e9 adiada para 30 de abril\" fetchpriority=high \/>\n\t\t\t<\/picture>\n\n\t\t\t<figcaption class=\"wp-caption-text wp-caption-text--hide\">Fleury (FLRY3)<\/figcaption>\n\t\t<\/figure>\n\t<\/div>\n\n\n\n<p>A Fleury ainda informou que &#8220;a iniciativa da administra\u00e7\u00e3o est\u00e1 em linha com o comprometimento da Companhia com o bem estar da sociedade e mitiga\u00e7\u00e3o dos efeitos da pandemia do <strong>Covid-19<\/strong> e visa permitir que novas recomenda\u00e7\u00f5es dos \u00f3rg\u00e3os governamentais e reguladores sejam veiculadas quanto \u00e0s alternativas para realiza\u00e7\u00e3o da AGO que permitam a participa\u00e7\u00e3o integral dos acionistas de forma remota&#8221;.<\/p>\n<h2>Prorroga\u00e7\u00e3o do pagamento de dividendos da Fleury<\/h2>\n<p>O <strong>Grupo Fleury<\/strong>\u00a0comunicou na noite da \u00faltima quinta-feira (26) que aprovou a prorroga\u00e7\u00e3o do prazo para pagamento de dividendos, por meio de seu conselho de administra\u00e7\u00e3o. A raz\u00e3o para esta medida \u00e9 explicada pela maior volatilidade do mercado em meio a pandemia de coronav\u00edrus.<\/p>\n<p><a href=\"https:\/\/www.suno.com.br\/nossas-assinaturas\/suno-premium\/\">Saiba mais: Bolsa em queda livre!? Aproveita as maiores oportunidades da bolsa brasileira com nosso acesso Suno Premium<\/a><\/p>\n<p>Com a prorroga\u00e7\u00e3o da distribui\u00e7\u00e3o de parte do lucro da empresa, o pagamento dos dividendos da <strong>Fleury<\/strong> acontecer\u00e1 no dia 15 de dezembro de 2020, sem incid\u00eancia de corre\u00e7\u00e3o monet\u00e1ria ou remunera\u00e7\u00e3o. As demais condi\u00e7\u00f5es da distribui\u00e7\u00e3o de dividendos permanecer\u00e3o sem nenhuma altera\u00e7\u00e3o.<\/p>\n\t<p>\n\t\t<a href=\"https:\/\/lp.suno.com.br\/suno-one\/?utm_campaign=_SNC6964518A_\" target=\"_blank\" data-element=\"shortcode-suno-banner\" title=\"Banner SUNO, clique e saiba mais\">\n\t\t\t<picture>\n\t\t\t\t<source media=\"(max-width: 500px)\" srcset=\"https:\/\/files.sunoresearch.com.br\/n\/uploads\/2025\/09\/400x300-Suno-One-png.webp\">\n\t\t\t\t<img class=\"newsContent__article__imgCapa newsContent__article__imgCapa--banner\"\n\t\t\t\t\tsrc=\"https:\/\/files.sunoresearch.com.br\/n\/uploads\/2025\/09\/1420x240-Suno-One-png.webp\"\n\t\t\t\t\tdata-promo-id=\"85810\"\t\t\t\t\t\t\t\t\t\twidth='1420' height='240'\t\t\t\t\talt=\"https:\/\/files.sunoresearch.com.br\/n\/uploads\/2025\/09\/1420x240-Suno-One-png.webp\"\n\t\t\t\t>\n\t\t\t<\/picture>\n\t\t<\/a>\n\t<\/p>\n\n\n<p>A Fleury tamb\u00e9m comunicou que avalia ser necess\u00e1rio, al\u00e9m da prorroga\u00e7\u00e3o, realizar a capta\u00e7\u00e3o de recursos financeiros para refor\u00e7ar o capital de giro. Com isso, a companhia espera ter recurso para passar pelo momento turbulento que vive o mercado financeiro, em linha com o atual momento do Brasil e do mundo por conta do Covid-19.<\/p>\n<p>&#8220;A Companhia est\u00e1 em processo final para a contrata\u00e7\u00e3o de opera\u00e7\u00f5es de capta\u00e7\u00e3o nos mercados financeiro e de capitais no montante aproximado de R$ 550 milh\u00f5es&#8221;, informou a <strong>Fleury<\/strong> em seu fato relevante.<\/p>\n\n","protected":false},"excerpt":{"rendered":"<p>O Grupo Fleury (FLRY3) comunicou ao mercado em geral e aos seus acionistas, na \u00faltima sexta-feira (27), que decidiu postergar a data da realiza\u00e7\u00e3o de sua Assembleia Geral Ordin\u00e1ria (AGO) que estava programada para acontecer no dia 27 de abril. A assembleia ser\u00e1 realizada no dia 30 de abril. Fleury (FLRY3) A Fleury ainda informou [&hellip;]<\/p>\n","protected":false},"author":19,"featured_media":16915,"comment_status":"closed","ping_status":"closed","sticky":false,"template":"","format":"standard","meta":[],"categories":[64],"tags":[2487,479],"suno_strategy":[],"class_list":["post-59364","post","type-post","status-publish","format-standard","has-post-thumbnail","hentry","category-negocios","tag-coronavirus","tag-fleury-flry3"],"yoast_head":"<!-- This site is optimized with the Yoast SEO plugin v24.4 - https:\/\/yoast.com\/wordpress\/plugins\/seo\/ -->\n<title>Fleury (FLRY3): assembleia geral ordin\u00e1ria \u00e9 adiada para 30 de abril<\/title>\n<meta name=\"description\" content=\"O Grupo Fleury comunicou ao mercado que decidiu postergar a data da realiza\u00e7\u00e3o de sua Assembleia Geral Ordin\u00e1ria. Clique e saiba mais.\" \/>\n<meta name=\"robots\" content=\"index, follow, max-snippet:-1, max-image-preview:large, max-video-preview:-1\" \/>\n<link rel=\"canonical\" href=\"https:\/\/www.suno.com.br\/noticias\/fleury-flry3-assembleia-geral-ordinaria-adiada-30-abril\/\" \/>\n<meta property=\"og:locale\" content=\"pt_BR\" \/>\n<meta property=\"og:type\" content=\"article\" \/>\n<meta property=\"og:title\" content=\"Fleury (FLRY3): assembleia geral ordin\u00e1ria \u00e9 adiada para 30 de abril\" \/>\n<meta property=\"og:description\" content=\"O Grupo Fleury comunicou ao mercado que decidiu postergar a data da realiza\u00e7\u00e3o de sua Assembleia Geral Ordin\u00e1ria. Clique e saiba mais.\" \/>\n<meta property=\"og:url\" content=\"https:\/\/www.suno.com.br\/noticias\/fleury-flry3-assembleia-geral-ordinaria-adiada-30-abril\/\" \/>\n<meta property=\"og:site_name\" content=\"Suno Not\u00edcias\" \/>\n<meta property=\"article:publisher\" content=\"https:\/\/facebook.com\/sunoresearch\" \/>\n<meta property=\"og:image\" content=\"https:\/\/files.sunoresearch.com.br\/n\/uploads\/2019\/02\/0c63e59b-fleury.jpg\" \/>\n\t<meta property=\"og:image:width\" content=\"680\" \/>\n\t<meta property=\"og:image:height\" content=\"453\" \/>\n\t<meta property=\"og:image:type\" content=\"image\/jpeg\" \/>\n<meta name=\"author\" content=\"Juliano Passaro\" \/>\n<meta name=\"twitter:card\" content=\"summary_large_image\" \/>\n<meta name=\"twitter:creator\" content=\"@sunoresearch\" \/>\n<meta name=\"twitter:site\" content=\"@sunoresearch\" \/>\n<meta name=\"twitter:label1\" content=\"Escrito por\" \/>\n\t<meta name=\"twitter:data1\" content=\"Juliano Passaro\" \/>\n\t<meta name=\"twitter:label2\" content=\"Est. tempo de leitura\" \/>\n\t<meta name=\"twitter:data2\" content=\"2 minutos\" \/>\n<script type=\"application\/ld+json\" class=\"yoast-schema-graph\">{\"@context\":\"https:\/\/schema.org\",\"@graph\":[{\"@type\":\"NewsArticle\",\"@id\":\"https:\/\/www.suno.com.br\/noticias\/fleury-flry3-assembleia-geral-ordinaria-adiada-30-abril\/#article\",\"isPartOf\":{\"@id\":\"https:\/\/www.suno.com.br\/noticias\/fleury-flry3-assembleia-geral-ordinaria-adiada-30-abril\/\"},\"author\":{\"name\":\"Juliano Passaro\",\"@id\":\"https:\/\/www.suno.com.br\/noticias\/#\/schema\/person\/1db762f78ffd8919a648a63e425953e3\"},\"headline\":\"Fleury (FLRY3): assembleia geral ordin\u00e1ria \u00e9 adiada para 30 de abril\",\"datePublished\":\"2020-03-29T18:51:34+00:00\",\"mainEntityOfPage\":{\"@id\":\"https:\/\/www.suno.com.br\/noticias\/fleury-flry3-assembleia-geral-ordinaria-adiada-30-abril\/\"},\"wordCount\":357,\"publisher\":{\"@id\":\"https:\/\/www.suno.com.br\/noticias\/#organization\"},\"image\":{\"@id\":\"https:\/\/www.suno.com.br\/noticias\/fleury-flry3-assembleia-geral-ordinaria-adiada-30-abril\/#primaryimage\"},\"thumbnailUrl\":\"https:\/\/files.sunoresearch.com.br\/n\/uploads\/2019\/02\/0c63e59b-fleury-jpg.webp\",\"keywords\":[\"coronav\u00edrus\",\"Fleury (FLRY3)\"],\"articleSection\":[\"Neg\u00f3cios\"],\"inLanguage\":\"pt-BR\"},{\"@type\":\"WebPage\",\"@id\":\"https:\/\/www.suno.com.br\/noticias\/fleury-flry3-assembleia-geral-ordinaria-adiada-30-abril\/\",\"url\":\"https:\/\/www.suno.com.br\/noticias\/fleury-flry3-assembleia-geral-ordinaria-adiada-30-abril\/\",\"name\":\"Fleury (FLRY3): assembleia geral ordin\u00e1ria \u00e9 adiada para 30 de abril\",\"isPartOf\":{\"@id\":\"https:\/\/www.suno.com.br\/noticias\/#website\"},\"primaryImageOfPage\":{\"@id\":\"https:\/\/www.suno.com.br\/noticias\/fleury-flry3-assembleia-geral-ordinaria-adiada-30-abril\/#primaryimage\"},\"image\":{\"@id\":\"https:\/\/www.suno.com.br\/noticias\/fleury-flry3-assembleia-geral-ordinaria-adiada-30-abril\/#primaryimage\"},\"thumbnailUrl\":\"https:\/\/files.sunoresearch.com.br\/n\/uploads\/2019\/02\/0c63e59b-fleury-jpg.webp\",\"datePublished\":\"2020-03-29T18:51:34+00:00\",\"description\":\"O Grupo Fleury comunicou ao mercado que decidiu postergar a data da realiza\u00e7\u00e3o de sua Assembleia Geral Ordin\u00e1ria. Clique e saiba mais.\",\"breadcrumb\":{\"@id\":\"https:\/\/www.suno.com.br\/noticias\/fleury-flry3-assembleia-geral-ordinaria-adiada-30-abril\/#breadcrumb\"},\"inLanguage\":\"pt-BR\",\"potentialAction\":[{\"@type\":\"ReadAction\",\"target\":[\"https:\/\/www.suno.com.br\/noticias\/fleury-flry3-assembleia-geral-ordinaria-adiada-30-abril\/\"]}]},{\"@type\":\"ImageObject\",\"inLanguage\":\"pt-BR\",\"@id\":\"https:\/\/www.suno.com.br\/noticias\/fleury-flry3-assembleia-geral-ordinaria-adiada-30-abril\/#primaryimage\",\"url\":\"https:\/\/files.sunoresearch.com.br\/n\/uploads\/2019\/02\/0c63e59b-fleury-jpg.webp\",\"contentUrl\":\"https:\/\/files.sunoresearch.com.br\/n\/uploads\/2019\/02\/0c63e59b-fleury-jpg.webp\",\"width\":680,\"height\":453,\"caption\":\"Fleury (FLRY3)\"},{\"@type\":\"BreadcrumbList\",\"@id\":\"https:\/\/www.suno.com.br\/noticias\/fleury-flry3-assembleia-geral-ordinaria-adiada-30-abril\/#breadcrumb\",\"itemListElement\":[{\"@type\":\"ListItem\",\"position\":1,\"name\":\"Not\u00edcias\",\"item\":\"https:\/\/www.suno.com.br\/noticias\/\"},{\"@type\":\"ListItem\",\"position\":2,\"name\":\"Neg\u00f3cios\",\"item\":\"https:\/\/www.suno.com.br\/noticias\/negocios\/\"},{\"@type\":\"ListItem\",\"position\":3,\"name\":\"Fleury (FLRY3): assembleia geral ordin\u00e1ria \u00e9 adiada para 30 de abril\"}]},{\"@type\":\"WebSite\",\"@id\":\"https:\/\/www.suno.com.br\/noticias\/#website\",\"url\":\"https:\/\/www.suno.com.br\/noticias\/\",\"name\":\"Suno Not\u00edcias\",\"description\":\"Seu portal de informa\u00e7\u00e3o sobre o mundo dos investimentos\",\"publisher\":{\"@id\":\"https:\/\/www.suno.com.br\/noticias\/#organization\"},\"potentialAction\":[{\"@type\":\"SearchAction\",\"target\":{\"@type\":\"EntryPoint\",\"urlTemplate\":\"https:\/\/www.suno.com.br\/noticias\/?s={search_term_string}\"},\"query-input\":{\"@type\":\"PropertyValueSpecification\",\"valueRequired\":true,\"valueName\":\"search_term_string\"}}],\"inLanguage\":\"pt-BR\"},{\"@type\":\"Organization\",\"@id\":\"https:\/\/www.suno.com.br\/noticias\/#organization\",\"name\":\"Suno Not\u00edcias\",\"url\":\"https:\/\/www.suno.com.br\/noticias\/\",\"logo\":{\"@type\":\"ImageObject\",\"inLanguage\":\"pt-BR\",\"@id\":\"https:\/\/www.suno.com.br\/noticias\/#\/schema\/logo\/image\/\",\"url\":\"https:\/\/files.sunoresearch.com.br\/n\/uploads\/2021\/09\/suno-logo.png\",\"contentUrl\":\"https:\/\/files.sunoresearch.com.br\/n\/uploads\/2021\/09\/suno-logo.png\",\"width\":180,\"height\":180,\"caption\":\"Suno Not\u00edcias\"},\"image\":{\"@id\":\"https:\/\/www.suno.com.br\/noticias\/#\/schema\/logo\/image\/\"},\"sameAs\":[\"https:\/\/facebook.com\/sunoresearch\",\"https:\/\/x.com\/sunoresearch\",\"https:\/\/www.instagram.com\/suno\",\"https:\/\/www.linkedin.com\/company\/suno-research\/\",\"https:\/\/www.youtube.com\/c\/sunoresearch\"]},{\"@type\":\"Person\",\"@id\":\"https:\/\/www.suno.com.br\/noticias\/#\/schema\/person\/1db762f78ffd8919a648a63e425953e3\",\"name\":\"Juliano Passaro\",\"image\":{\"@type\":\"ImageObject\",\"inLanguage\":\"pt-BR\",\"@id\":\"https:\/\/www.suno.com.br\/noticias\/#\/schema\/person\/image\/\",\"url\":\"https:\/\/secure.gravatar.com\/avatar\/743d4df28eebf6dcc46b4ad03c319e92?s=96&r=g\",\"contentUrl\":\"https:\/\/secure.gravatar.com\/avatar\/743d4df28eebf6dcc46b4ad03c319e92?s=96&r=g\",\"caption\":\"Juliano Passaro\"},\"description\":\"Juliano Passaro escreve sobre pol\u00edtica, economia e neg\u00f3cios para o portal da Suno Research. Antes da Suno, trabalhou no Portal da Band. \u00c9 formado em jornalismo pela Universidade Presbiteriana Mackenzie.\",\"url\":\"https:\/\/www.suno.com.br\/noticias\/author\/juliano\/\"}]}<\/script>\n<!-- \/ Yoast SEO plugin. -->","yoast_head_json":{"title":"Fleury (FLRY3): assembleia geral ordin\u00e1ria \u00e9 adiada para 30 de abril","description":"O Grupo Fleury comunicou ao mercado que decidiu postergar a data da realiza\u00e7\u00e3o de sua Assembleia Geral Ordin\u00e1ria. Clique e saiba mais.","robots":{"index":"index","follow":"follow","max-snippet":"max-snippet:-1","max-image-preview":"max-image-preview:large","max-video-preview":"max-video-preview:-1"},"canonical":"https:\/\/www.suno.com.br\/noticias\/fleury-flry3-assembleia-geral-ordinaria-adiada-30-abril\/","og_locale":"pt_BR","og_type":"article","og_title":"Fleury (FLRY3): assembleia geral ordin\u00e1ria \u00e9 adiada para 30 de abril","og_description":"O Grupo Fleury comunicou ao mercado que decidiu postergar a data da realiza\u00e7\u00e3o de sua Assembleia Geral Ordin\u00e1ria. Clique e saiba mais.","og_url":"https:\/\/www.suno.com.br\/noticias\/fleury-flry3-assembleia-geral-ordinaria-adiada-30-abril\/","og_site_name":"Suno Not\u00edcias","article_publisher":"https:\/\/facebook.com\/sunoresearch","og_image":[{"width":680,"height":453,"url":"https:\/\/files.sunoresearch.com.br\/n\/uploads\/2019\/02\/0c63e59b-fleury.jpg","type":"image\/jpeg"}],"author":"Juliano Passaro","twitter_card":"summary_large_image","twitter_creator":"@sunoresearch","twitter_site":"@sunoresearch","twitter_misc":{"Escrito por":"Juliano Passaro","Est. tempo de leitura":"2 minutos"},"schema":{"@context":"https:\/\/schema.org","@graph":[{"@type":"NewsArticle","@id":"https:\/\/www.suno.com.br\/noticias\/fleury-flry3-assembleia-geral-ordinaria-adiada-30-abril\/#article","isPartOf":{"@id":"https:\/\/www.suno.com.br\/noticias\/fleury-flry3-assembleia-geral-ordinaria-adiada-30-abril\/"},"author":{"name":"Juliano Passaro","@id":"https:\/\/www.suno.com.br\/noticias\/#\/schema\/person\/1db762f78ffd8919a648a63e425953e3"},"headline":"Fleury (FLRY3): assembleia geral ordin\u00e1ria \u00e9 adiada para 30 de abril","datePublished":"2020-03-29T18:51:34+00:00","mainEntityOfPage":{"@id":"https:\/\/www.suno.com.br\/noticias\/fleury-flry3-assembleia-geral-ordinaria-adiada-30-abril\/"},"wordCount":357,"publisher":{"@id":"https:\/\/www.suno.com.br\/noticias\/#organization"},"image":{"@id":"https:\/\/www.suno.com.br\/noticias\/fleury-flry3-assembleia-geral-ordinaria-adiada-30-abril\/#primaryimage"},"thumbnailUrl":"https:\/\/files.sunoresearch.com.br\/n\/uploads\/2019\/02\/0c63e59b-fleury-jpg.webp","keywords":["coronav\u00edrus","Fleury (FLRY3)"],"articleSection":["Neg\u00f3cios"],"inLanguage":"pt-BR"},{"@type":"WebPage","@id":"https:\/\/www.suno.com.br\/noticias\/fleury-flry3-assembleia-geral-ordinaria-adiada-30-abril\/","url":"https:\/\/www.suno.com.br\/noticias\/fleury-flry3-assembleia-geral-ordinaria-adiada-30-abril\/","name":"Fleury (FLRY3): assembleia geral ordin\u00e1ria \u00e9 adiada para 30 de abril","isPartOf":{"@id":"https:\/\/www.suno.com.br\/noticias\/#website"},"primaryImageOfPage":{"@id":"https:\/\/www.suno.com.br\/noticias\/fleury-flry3-assembleia-geral-ordinaria-adiada-30-abril\/#primaryimage"},"image":{"@id":"https:\/\/www.suno.com.br\/noticias\/fleury-flry3-assembleia-geral-ordinaria-adiada-30-abril\/#primaryimage"},"thumbnailUrl":"https:\/\/files.sunoresearch.com.br\/n\/uploads\/2019\/02\/0c63e59b-fleury-jpg.webp","datePublished":"2020-03-29T18:51:34+00:00","description":"O Grupo Fleury comunicou ao mercado que decidiu postergar a data da realiza\u00e7\u00e3o de sua Assembleia Geral Ordin\u00e1ria. Clique e saiba mais.","breadcrumb":{"@id":"https:\/\/www.suno.com.br\/noticias\/fleury-flry3-assembleia-geral-ordinaria-adiada-30-abril\/#breadcrumb"},"inLanguage":"pt-BR","potentialAction":[{"@type":"ReadAction","target":["https:\/\/www.suno.com.br\/noticias\/fleury-flry3-assembleia-geral-ordinaria-adiada-30-abril\/"]}]},{"@type":"ImageObject","inLanguage":"pt-BR","@id":"https:\/\/www.suno.com.br\/noticias\/fleury-flry3-assembleia-geral-ordinaria-adiada-30-abril\/#primaryimage","url":"https:\/\/files.sunoresearch.com.br\/n\/uploads\/2019\/02\/0c63e59b-fleury-jpg.webp","contentUrl":"https:\/\/files.sunoresearch.com.br\/n\/uploads\/2019\/02\/0c63e59b-fleury-jpg.webp","width":680,"height":453,"caption":"Fleury (FLRY3)"},{"@type":"BreadcrumbList","@id":"https:\/\/www.suno.com.br\/noticias\/fleury-flry3-assembleia-geral-ordinaria-adiada-30-abril\/#breadcrumb","itemListElement":[{"@type":"ListItem","position":1,"name":"Not\u00edcias","item":"https:\/\/www.suno.com.br\/noticias\/"},{"@type":"ListItem","position":2,"name":"Neg\u00f3cios","item":"https:\/\/www.suno.com.br\/noticias\/negocios\/"},{"@type":"ListItem","position":3,"name":"Fleury (FLRY3): assembleia geral ordin\u00e1ria \u00e9 adiada para 30 de abril"}]},{"@type":"WebSite","@id":"https:\/\/www.suno.com.br\/noticias\/#website","url":"https:\/\/www.suno.com.br\/noticias\/","name":"Suno Not\u00edcias","description":"Seu portal de informa\u00e7\u00e3o sobre o mundo dos investimentos","publisher":{"@id":"https:\/\/www.suno.com.br\/noticias\/#organization"},"potentialAction":[{"@type":"SearchAction","target":{"@type":"EntryPoint","urlTemplate":"https:\/\/www.suno.com.br\/noticias\/?s={search_term_string}"},"query-input":{"@type":"PropertyValueSpecification","valueRequired":true,"valueName":"search_term_string"}}],"inLanguage":"pt-BR"},{"@type":"Organization","@id":"https:\/\/www.suno.com.br\/noticias\/#organization","name":"Suno Not\u00edcias","url":"https:\/\/www.suno.com.br\/noticias\/","logo":{"@type":"ImageObject","inLanguage":"pt-BR","@id":"https:\/\/www.suno.com.br\/noticias\/#\/schema\/logo\/image\/","url":"https:\/\/files.sunoresearch.com.br\/n\/uploads\/2021\/09\/suno-logo.png","contentUrl":"https:\/\/files.sunoresearch.com.br\/n\/uploads\/2021\/09\/suno-logo.png","width":180,"height":180,"caption":"Suno Not\u00edcias"},"image":{"@id":"https:\/\/www.suno.com.br\/noticias\/#\/schema\/logo\/image\/"},"sameAs":["https:\/\/facebook.com\/sunoresearch","https:\/\/x.com\/sunoresearch","https:\/\/www.instagram.com\/suno","https:\/\/www.linkedin.com\/company\/suno-research\/","https:\/\/www.youtube.com\/c\/sunoresearch"]},{"@type":"Person","@id":"https:\/\/www.suno.com.br\/noticias\/#\/schema\/person\/1db762f78ffd8919a648a63e425953e3","name":"Juliano Passaro","image":{"@type":"ImageObject","inLanguage":"pt-BR","@id":"https:\/\/www.suno.com.br\/noticias\/#\/schema\/person\/image\/","url":"https:\/\/secure.gravatar.com\/avatar\/743d4df28eebf6dcc46b4ad03c319e92?s=96&r=g","contentUrl":"https:\/\/secure.gravatar.com\/avatar\/743d4df28eebf6dcc46b4ad03c319e92?s=96&r=g","caption":"Juliano Passaro"},"description":"Juliano Passaro escreve sobre pol\u00edtica, economia e neg\u00f3cios para o portal da Suno Research. Antes da Suno, trabalhou no Portal da Band. \u00c9 formado em jornalismo pela Universidade Presbiteriana Mackenzie.","url":"https:\/\/www.suno.com.br\/noticias\/author\/juliano\/"}]}},"default_loop_html":"<div class=\"cardsPage__listCard__boxs\"><div class=\"cardsPage__listCard__boxs__img\"><a href=\"https:\/\/www.suno.com.br\/noticias\/fleury-flry3-assembleia-geral-ordinaria-adiada-30-abril\/\"><img class=\"mask\" src=\"https:\/\/www.suno.com.br\/noticias\/wp-content\/themes\/suno\/resources\/images\/spotlight\/spotlight1img\/bg-mask.png\" alt=\"Image Mask\"\/><img src=\"https:\/\/files.sunoresearch.com.br\/n\/uploads\/2019\/02\/0c63e59b-fleury-400x200.webp\" alt=\"Fleury (FLRY3): assembleia geral ordin\u00e1ria \u00e9 adiada para 30 de abril\"\/><\/a><span class=\"spotlightCategory\"><a href=\"https:\/\/www.suno.com.br\/noticias\/negocios\/\">Neg\u00f3cios<\/a><\/span><\/div><div class=\"cardsPage__listCard__boxs__content\"><a href=\"https:\/\/www.suno.com.br\/noticias\/fleury-flry3-assembleia-geral-ordinaria-adiada-30-abril\/\"><h2 class=\"content__title\">Fleury (FLRY3): assembleia geral ordin\u00e1ria \u00e9 adiada para 30 de abril<\/h2><\/a><div class=\"newsContent__article__meta\"><div class=\"newsContent__article__meta__authorBox\"><a href=\"https:\/\/www.suno.com.br\/noticias\/author\/juliano\/\" class=\"authorBox__avatar noMobi\"><img src=\"https:\/\/files.sunoresearch.com.br\/n\/uploads\/2019\/06\/7cc3efea-whatsapp-image-2019-07-18-at-21.59.33-e1563499821209-150x150.webp\" alt=\"Juliano Passaro\"><\/a><div class=\"authorBox__name\"><span>por\n\t\t\t<a href=\"https:\/\/www.suno.com.br\/noticias\/author\/juliano\/\"><span itemprop=\"author\">Juliano Passaro<\/span><\/a><\/span><time datetime=\"2020-03-29T15:51:34-03:00\" itemprop=\"datePublished\">29\/03\/2020 15:51<\/time><\/div><\/div><\/div><\/div><\/div>","single_layout":"posts","amp_enabled":true,"_links":{"self":[{"href":"https:\/\/www.suno.com.br\/noticias\/wp-json\/wp\/v2\/posts\/59364"}],"collection":[{"href":"https:\/\/www.suno.com.br\/noticias\/wp-json\/wp\/v2\/posts"}],"about":[{"href":"https:\/\/www.suno.com.br\/noticias\/wp-json\/wp\/v2\/types\/post"}],"author":[{"embeddable":true,"href":"https:\/\/www.suno.com.br\/noticias\/wp-json\/wp\/v2\/users\/19"}],"replies":[{"embeddable":true,"href":"https:\/\/www.suno.com.br\/noticias\/wp-json\/wp\/v2\/comments?post=59364"}],"version-history":[{"count":0,"href":"https:\/\/www.suno.com.br\/noticias\/wp-json\/wp\/v2\/posts\/59364\/revisions"}],"wp:featuredmedia":[{"embeddable":true,"href":"https:\/\/www.suno.com.br\/noticias\/wp-json\/wp\/v2\/media\/16915"}],"wp:attachment":[{"href":"https:\/\/www.suno.com.br\/noticias\/wp-json\/wp\/v2\/media?parent=59364"}],"wp:term":[{"taxonomy":"category","embeddable":true,"href":"https:\/\/www.suno.com.br\/noticias\/wp-json\/wp\/v2\/categories?post=59364"},{"taxonomy":"post_tag","embeddable":true,"href":"https:\/\/www.suno.com.br\/noticias\/wp-json\/wp\/v2\/tags?post=59364"},{"taxonomy":"suno_strategy","embeddable":true,"href":"https:\/\/www.suno.com.br\/noticias\/wp-json\/wp\/v2\/suno_strategy?post=59364"}],"curies":[{"name":"wp","href":"https:\/\/api.w.org\/{rel}","templated":true}]}}