{"id":59348,"date":"2020-03-29T10:34:42","date_gmt":"2020-03-29T13:34:42","guid":{"rendered":"https:\/\/www.suno.com.br\/noticias\/?p=59348"},"modified":"2020-03-29T10:34:42","modified_gmt":"2020-03-29T13:34:42","slug":"ccr-registra-queda-214-movimentacao-rodovias","status":"publish","type":"post","link":"https:\/\/www.suno.com.br\/noticias\/ccr-registra-queda-214-movimentacao-rodovias\/","title":{"rendered":"CCR (CCRO3) registra queda de 21,4% na movimenta\u00e7\u00e3o de suas rodovias"},"content":{"rendered":"<p>A <a href=\"https:\/\/www.suno.com.br\/acoes\/ccro3\/\"><strong>CCR<\/strong> (CCRO3)<\/a> divulgou, no \u00faltimo s\u00e1bado (28), um comunicado ao mercado informando que registrou uma queda de 21,4% no tr\u00e1fego das rodovias operadas por ela, na \u00faltima semana. A diminui\u00e7\u00e3o se deve, principalmente, as medidas adotadas pelas autoridades em raz\u00e3o da pandemia de coronav\u00edrus.<\/p>\t<div class=\"wrapper-featured-image\">\n\t\t<figure class=\"spotlightImg\">\n\n\t\t\t<picture>\n\t\t\t\t<source media=\"(max-width: 768px)\" srcset=\"https:\/\/files.sunoresearch.com.br\/n\/uploads\/2020\/01\/094e98b6-ccr-400x200.webp\">\n\t\t\t\t<img loading=\"lazy\" decoding=\"async\" class=\"newsContent__article__imgCapa lazyloadDisabled newsContent__article__imgCapa--noCaption\" src=\"https:\/\/files.sunoresearch.com.br\/n\/uploads\/2020\/01\/094e98b6-ccr-jpg.webp\" width=\"800\" height=\"450\" alt=\"CCR (CCRO3) registra queda de 21,4% na movimenta\u00e7\u00e3o de suas rodovias\" fetchpriority=high \/>\n\t\t\t<\/picture>\n\n\t\t\t<figcaption class=\"wp-caption-text wp-caption-text--hide\">CCR (CCRO3) registra queda de 65,2% no lucro l\u00edquido do 3T20<\/figcaption>\n\t\t<\/figure>\n\t<\/div>\n\n\n\n<p>Desconsiderando a <strong>ViaSul<\/strong>, a queda foi de 24,3% no per\u00edodo entre os dias 20 e 26 de mar\u00e7o. O <strong>Grupo CCR<\/strong> comunicou que &#8220;segue comprometido com a seguran\u00e7a de seus colaboradores e das comunidades das regi\u00f5es onde atua no combate da pandemia do Coronav\u00edrus&#8221;.<\/p>\n<h2>Resultado da CCR no quarto trimestre de 2019<\/h2>\n<p>O <strong>Grupo<\/strong> <strong>CCR<\/strong>\u00a0apresentou <strong>lucro<\/strong> de R$ 392,6 milh\u00f5es no quarto trimestre do ano passado. Assim, o preju\u00edzo de R$ 307,1 milh\u00f5es registrado no mesmo per\u00edodo de 2018 foi revertido. O resultado foi divulgado no dia 5 de mar\u00e7o.<\/p>\n<p>O<strong> lucro antes de juros, impostos, deprecia\u00e7\u00e3o e amortiza\u00e7\u00e3o<\/strong> (<a href=\"https:\/\/www.suno.com.br\/artigos\/ebitda\/\">Ebitda<\/a>) ajustado saiu 180,4% no \u00faltimo trimestre de 2019, para R$ 1,5 bilh\u00e3o, na compara\u00e7\u00e3o anual.<\/p>\n<p><a href=\"https:\/\/www.suno.com.br\/nossas-assinaturas\/suno-premium\/\">Saiba mais: Bolsa em queda livre!? Aproveita as maiores oportunidades da bolsa brasileira com nosso acesso Suno Premium<\/a><\/p>\n<p>A <a href=\"https:\/\/www.suno.com.br\/artigos\/o-que-receita-liquida\/\">receita l\u00edquida<\/a> teve alta de 18,4% no \u00faltimo trimestre de 2019 em compara\u00e7\u00e3o ao mesmo per\u00edodo de 2018, para R$ 2,645 bilh\u00f5es. Os dados s\u00e3o ajustados pelo crit\u00e9rio IFRS e levam em conta somente os ativos administrados pelo grupo.<\/p>\n<p>A empresa tamb\u00e9m divulgou dados \u201cmesma base\u201d, que n\u00e3o considera novos neg\u00f3cios, mudan\u00e7as de participa\u00e7\u00f5es e efeitos n\u00e3o recorrentes. Sendo assim, entre outubro e dezembro do ano passado, em rela\u00e7\u00e3o ao \u00faltimo trimestre de 2018, houve queda de 3% no lucro l\u00edquido, para R$ 499,2 milh\u00f5es. O Ebitda avan\u00e7ou 19,6%, para R$ 1,633 bilh\u00e3o. A <a href=\"https:\/\/www.suno.com.br\/artigos\/o-que-receita-liquida\/\">receita l\u00edquida<\/a> aumentou 14,4%, atingindo R$ 2,554 bilh\u00f5es.<\/p>\n<p><a href=\"https:\/\/www.suno.com.br\/noticias\/m-dias-branco-mdia3-assembleia-abril\/\">Veja tamb\u00e9m: M. Dias Branco (MDIA3) mant\u00e9m assembleia dos acionistas em abril<\/a><\/p>\n<p>De acordo com Marcus Macedo, l\u00edder de Rela\u00e7\u00f5es com Investidores da CCR, a queda no lucro no crit\u00e9rio mesma base tem influ\u00eancia da proximidade do fim de algumas concess\u00f5es. \u201cA curva de deprecia\u00e7\u00e3o dos ativos \u00e9 maior, apesar do bom resultado operacional\u201d, afirmou o executivo.<\/p>\n<p>Considerando o acumulado de 2019, a CCR registrou queda de 15,2% no lucro l\u00edquido<strong> &#8216;mesma base&#8217;<\/strong> em rela\u00e7\u00e3o a 2018, para R$ 1,382 bilh\u00e3o.<\/p>\n<p>O <a href=\"https:\/\/www.suno.com.br\/artigos\/ebitda\/\"><strong>Ebitda<\/strong> <\/a>de 2019, no mesmo crit\u00e9rio, teve alta de 12,7%, para R$ 5,511 bilh\u00f5es. Tamb\u00e9m em rela\u00e7\u00e3o a 2019, a receita l\u00edquida da <strong>CCR<\/strong> cresceu 8,8%, para R$ 8,656 bilh\u00f5es.<\/p>\n\n","protected":false},"excerpt":{"rendered":"<p>A CCR (CCRO3) divulgou, no \u00faltimo s\u00e1bado (28), um comunicado ao mercado informando que registrou uma queda de 21,4% no tr\u00e1fego das rodovias operadas por ela, na \u00faltima semana. A diminui\u00e7\u00e3o se deve, principalmente, as medidas adotadas pelas autoridades em raz\u00e3o da pandemia de coronav\u00edrus. CCR (CCRO3) registra queda de 65,2% no lucro l\u00edquido do [&hellip;]<\/p>\n","protected":false},"author":19,"featured_media":50276,"comment_status":"closed","ping_status":"closed","sticky":false,"template":"","format":"standard","meta":[],"categories":[64],"tags":[407,2487],"suno_strategy":[],"class_list":["post-59348","post","type-post","status-publish","format-standard","has-post-thumbnail","hentry","category-negocios","tag-ccr-ccro3","tag-coronavirus"],"yoast_head":"<!-- This site is optimized with the Yoast SEO plugin v24.4 - https:\/\/yoast.com\/wordpress\/plugins\/seo\/ -->\n<title>CCR (CCRO3) tem queda de 21,4% na movimenta\u00e7\u00e3o de suas rodovias<\/title>\n<meta name=\"description\" content=\"A CCR informou ao mercado que registrou uma queda de 21,4% no tr\u00e1fego das rodovias operadas por ela na \u00faltima semana. Clique e saiba mais.\" \/>\n<meta name=\"robots\" content=\"index, follow, max-snippet:-1, max-image-preview:large, max-video-preview:-1\" \/>\n<link rel=\"canonical\" href=\"https:\/\/www.suno.com.br\/noticias\/ccr-registra-queda-214-movimentacao-rodovias\/\" \/>\n<meta property=\"og:locale\" content=\"pt_BR\" \/>\n<meta property=\"og:type\" content=\"article\" \/>\n<meta property=\"og:title\" content=\"CCR (CCRO3) tem queda de 21,4% na movimenta\u00e7\u00e3o de suas rodovias\" \/>\n<meta property=\"og:description\" content=\"A CCR informou ao mercado que registrou uma queda de 21,4% no tr\u00e1fego das rodovias operadas por ela na \u00faltima semana. Clique e saiba mais.\" \/>\n<meta property=\"og:url\" content=\"https:\/\/www.suno.com.br\/noticias\/ccr-registra-queda-214-movimentacao-rodovias\/\" \/>\n<meta property=\"og:site_name\" content=\"Suno Not\u00edcias\" \/>\n<meta property=\"article:publisher\" content=\"https:\/\/facebook.com\/sunoresearch\" \/>\n<meta property=\"og:image\" content=\"https:\/\/files.sunoresearch.com.br\/n\/uploads\/2020\/01\/094e98b6-ccr.jpg\" \/>\n\t<meta property=\"og:image:width\" content=\"640\" \/>\n\t<meta property=\"og:image:height\" content=\"340\" \/>\n\t<meta property=\"og:image:type\" content=\"image\/jpeg\" \/>\n<meta name=\"author\" content=\"Juliano Passaro\" \/>\n<meta name=\"twitter:card\" content=\"summary_large_image\" \/>\n<meta name=\"twitter:creator\" content=\"@sunoresearch\" \/>\n<meta name=\"twitter:site\" content=\"@sunoresearch\" \/>\n<meta name=\"twitter:label1\" content=\"Escrito por\" \/>\n\t<meta name=\"twitter:data1\" content=\"Juliano Passaro\" \/>\n\t<meta name=\"twitter:label2\" content=\"Est. tempo de leitura\" \/>\n\t<meta name=\"twitter:data2\" content=\"2 minutos\" \/>\n<script type=\"application\/ld+json\" class=\"yoast-schema-graph\">{\"@context\":\"https:\/\/schema.org\",\"@graph\":[{\"@type\":\"NewsArticle\",\"@id\":\"https:\/\/www.suno.com.br\/noticias\/ccr-registra-queda-214-movimentacao-rodovias\/#article\",\"isPartOf\":{\"@id\":\"https:\/\/www.suno.com.br\/noticias\/ccr-registra-queda-214-movimentacao-rodovias\/\"},\"author\":{\"name\":\"Juliano Passaro\",\"@id\":\"https:\/\/www.suno.com.br\/noticias\/#\/schema\/person\/1db762f78ffd8919a648a63e425953e3\"},\"headline\":\"CCR (CCRO3) registra queda de 21,4% na movimenta\u00e7\u00e3o de suas rodovias\",\"datePublished\":\"2020-03-29T13:34:42+00:00\",\"mainEntityOfPage\":{\"@id\":\"https:\/\/www.suno.com.br\/noticias\/ccr-registra-queda-214-movimentacao-rodovias\/\"},\"wordCount\":433,\"publisher\":{\"@id\":\"https:\/\/www.suno.com.br\/noticias\/#organization\"},\"image\":{\"@id\":\"https:\/\/www.suno.com.br\/noticias\/ccr-registra-queda-214-movimentacao-rodovias\/#primaryimage\"},\"thumbnailUrl\":\"https:\/\/files.sunoresearch.com.br\/n\/uploads\/2020\/01\/094e98b6-ccr-jpg.webp\",\"keywords\":[\"CCR (CCRO3)\",\"coronav\u00edrus\"],\"articleSection\":[\"Neg\u00f3cios\"],\"inLanguage\":\"pt-BR\"},{\"@type\":\"WebPage\",\"@id\":\"https:\/\/www.suno.com.br\/noticias\/ccr-registra-queda-214-movimentacao-rodovias\/\",\"url\":\"https:\/\/www.suno.com.br\/noticias\/ccr-registra-queda-214-movimentacao-rodovias\/\",\"name\":\"CCR (CCRO3) tem queda de 21,4% na movimenta\u00e7\u00e3o de suas rodovias\",\"isPartOf\":{\"@id\":\"https:\/\/www.suno.com.br\/noticias\/#website\"},\"primaryImageOfPage\":{\"@id\":\"https:\/\/www.suno.com.br\/noticias\/ccr-registra-queda-214-movimentacao-rodovias\/#primaryimage\"},\"image\":{\"@id\":\"https:\/\/www.suno.com.br\/noticias\/ccr-registra-queda-214-movimentacao-rodovias\/#primaryimage\"},\"thumbnailUrl\":\"https:\/\/files.sunoresearch.com.br\/n\/uploads\/2020\/01\/094e98b6-ccr-jpg.webp\",\"datePublished\":\"2020-03-29T13:34:42+00:00\",\"description\":\"A CCR informou ao mercado que registrou uma queda de 21,4% no tr\u00e1fego das rodovias operadas por ela na \u00faltima semana. Clique e saiba mais.\",\"breadcrumb\":{\"@id\":\"https:\/\/www.suno.com.br\/noticias\/ccr-registra-queda-214-movimentacao-rodovias\/#breadcrumb\"},\"inLanguage\":\"pt-BR\",\"potentialAction\":[{\"@type\":\"ReadAction\",\"target\":[\"https:\/\/www.suno.com.br\/noticias\/ccr-registra-queda-214-movimentacao-rodovias\/\"]}]},{\"@type\":\"ImageObject\",\"inLanguage\":\"pt-BR\",\"@id\":\"https:\/\/www.suno.com.br\/noticias\/ccr-registra-queda-214-movimentacao-rodovias\/#primaryimage\",\"url\":\"https:\/\/files.sunoresearch.com.br\/n\/uploads\/2020\/01\/094e98b6-ccr-jpg.webp\",\"contentUrl\":\"https:\/\/files.sunoresearch.com.br\/n\/uploads\/2020\/01\/094e98b6-ccr-jpg.webp\",\"width\":640,\"height\":340,\"caption\":\"CCR (CCRO3) registra queda de 65,2% no lucro l\u00edquido do 3T20\"},{\"@type\":\"BreadcrumbList\",\"@id\":\"https:\/\/www.suno.com.br\/noticias\/ccr-registra-queda-214-movimentacao-rodovias\/#breadcrumb\",\"itemListElement\":[{\"@type\":\"ListItem\",\"position\":1,\"name\":\"Not\u00edcias\",\"item\":\"https:\/\/www.suno.com.br\/noticias\/\"},{\"@type\":\"ListItem\",\"position\":2,\"name\":\"Neg\u00f3cios\",\"item\":\"https:\/\/www.suno.com.br\/noticias\/negocios\/\"},{\"@type\":\"ListItem\",\"position\":3,\"name\":\"CCR (CCRO3) registra queda de 21,4% na movimenta\u00e7\u00e3o de suas rodovias\"}]},{\"@type\":\"WebSite\",\"@id\":\"https:\/\/www.suno.com.br\/noticias\/#website\",\"url\":\"https:\/\/www.suno.com.br\/noticias\/\",\"name\":\"Suno Not\u00edcias\",\"description\":\"Seu portal de informa\u00e7\u00e3o sobre o mundo dos investimentos\",\"publisher\":{\"@id\":\"https:\/\/www.suno.com.br\/noticias\/#organization\"},\"potentialAction\":[{\"@type\":\"SearchAction\",\"target\":{\"@type\":\"EntryPoint\",\"urlTemplate\":\"https:\/\/www.suno.com.br\/noticias\/?s={search_term_string}\"},\"query-input\":{\"@type\":\"PropertyValueSpecification\",\"valueRequired\":true,\"valueName\":\"search_term_string\"}}],\"inLanguage\":\"pt-BR\"},{\"@type\":\"Organization\",\"@id\":\"https:\/\/www.suno.com.br\/noticias\/#organization\",\"name\":\"Suno Not\u00edcias\",\"url\":\"https:\/\/www.suno.com.br\/noticias\/\",\"logo\":{\"@type\":\"ImageObject\",\"inLanguage\":\"pt-BR\",\"@id\":\"https:\/\/www.suno.com.br\/noticias\/#\/schema\/logo\/image\/\",\"url\":\"https:\/\/files.sunoresearch.com.br\/n\/uploads\/2021\/09\/suno-logo.png\",\"contentUrl\":\"https:\/\/files.sunoresearch.com.br\/n\/uploads\/2021\/09\/suno-logo.png\",\"width\":180,\"height\":180,\"caption\":\"Suno Not\u00edcias\"},\"image\":{\"@id\":\"https:\/\/www.suno.com.br\/noticias\/#\/schema\/logo\/image\/\"},\"sameAs\":[\"https:\/\/facebook.com\/sunoresearch\",\"https:\/\/x.com\/sunoresearch\",\"https:\/\/www.instagram.com\/suno\",\"https:\/\/www.linkedin.com\/company\/suno-research\/\",\"https:\/\/www.youtube.com\/c\/sunoresearch\"]},{\"@type\":\"Person\",\"@id\":\"https:\/\/www.suno.com.br\/noticias\/#\/schema\/person\/1db762f78ffd8919a648a63e425953e3\",\"name\":\"Juliano Passaro\",\"image\":{\"@type\":\"ImageObject\",\"inLanguage\":\"pt-BR\",\"@id\":\"https:\/\/www.suno.com.br\/noticias\/#\/schema\/person\/image\/\",\"url\":\"https:\/\/secure.gravatar.com\/avatar\/743d4df28eebf6dcc46b4ad03c319e92?s=96&r=g\",\"contentUrl\":\"https:\/\/secure.gravatar.com\/avatar\/743d4df28eebf6dcc46b4ad03c319e92?s=96&r=g\",\"caption\":\"Juliano Passaro\"},\"description\":\"Juliano Passaro escreve sobre pol\u00edtica, economia e neg\u00f3cios para o portal da Suno Research. Antes da Suno, trabalhou no Portal da Band. \u00c9 formado em jornalismo pela Universidade Presbiteriana Mackenzie.\",\"url\":\"https:\/\/www.suno.com.br\/noticias\/author\/juliano\/\"}]}<\/script>\n<!-- \/ Yoast SEO plugin. -->","yoast_head_json":{"title":"CCR (CCRO3) tem queda de 21,4% na movimenta\u00e7\u00e3o de suas rodovias","description":"A CCR informou ao mercado que registrou uma queda de 21,4% no tr\u00e1fego das rodovias operadas por ela na \u00faltima semana. Clique e saiba mais.","robots":{"index":"index","follow":"follow","max-snippet":"max-snippet:-1","max-image-preview":"max-image-preview:large","max-video-preview":"max-video-preview:-1"},"canonical":"https:\/\/www.suno.com.br\/noticias\/ccr-registra-queda-214-movimentacao-rodovias\/","og_locale":"pt_BR","og_type":"article","og_title":"CCR (CCRO3) tem queda de 21,4% na movimenta\u00e7\u00e3o de suas rodovias","og_description":"A CCR informou ao mercado que registrou uma queda de 21,4% no tr\u00e1fego das rodovias operadas por ela na \u00faltima semana. Clique e saiba mais.","og_url":"https:\/\/www.suno.com.br\/noticias\/ccr-registra-queda-214-movimentacao-rodovias\/","og_site_name":"Suno Not\u00edcias","article_publisher":"https:\/\/facebook.com\/sunoresearch","og_image":[{"width":640,"height":340,"url":"https:\/\/files.sunoresearch.com.br\/n\/uploads\/2020\/01\/094e98b6-ccr.jpg","type":"image\/jpeg"}],"author":"Juliano Passaro","twitter_card":"summary_large_image","twitter_creator":"@sunoresearch","twitter_site":"@sunoresearch","twitter_misc":{"Escrito por":"Juliano Passaro","Est. tempo de leitura":"2 minutos"},"schema":{"@context":"https:\/\/schema.org","@graph":[{"@type":"NewsArticle","@id":"https:\/\/www.suno.com.br\/noticias\/ccr-registra-queda-214-movimentacao-rodovias\/#article","isPartOf":{"@id":"https:\/\/www.suno.com.br\/noticias\/ccr-registra-queda-214-movimentacao-rodovias\/"},"author":{"name":"Juliano Passaro","@id":"https:\/\/www.suno.com.br\/noticias\/#\/schema\/person\/1db762f78ffd8919a648a63e425953e3"},"headline":"CCR (CCRO3) registra queda de 21,4% na movimenta\u00e7\u00e3o de suas rodovias","datePublished":"2020-03-29T13:34:42+00:00","mainEntityOfPage":{"@id":"https:\/\/www.suno.com.br\/noticias\/ccr-registra-queda-214-movimentacao-rodovias\/"},"wordCount":433,"publisher":{"@id":"https:\/\/www.suno.com.br\/noticias\/#organization"},"image":{"@id":"https:\/\/www.suno.com.br\/noticias\/ccr-registra-queda-214-movimentacao-rodovias\/#primaryimage"},"thumbnailUrl":"https:\/\/files.sunoresearch.com.br\/n\/uploads\/2020\/01\/094e98b6-ccr-jpg.webp","keywords":["CCR (CCRO3)","coronav\u00edrus"],"articleSection":["Neg\u00f3cios"],"inLanguage":"pt-BR"},{"@type":"WebPage","@id":"https:\/\/www.suno.com.br\/noticias\/ccr-registra-queda-214-movimentacao-rodovias\/","url":"https:\/\/www.suno.com.br\/noticias\/ccr-registra-queda-214-movimentacao-rodovias\/","name":"CCR (CCRO3) tem queda de 21,4% na movimenta\u00e7\u00e3o de suas rodovias","isPartOf":{"@id":"https:\/\/www.suno.com.br\/noticias\/#website"},"primaryImageOfPage":{"@id":"https:\/\/www.suno.com.br\/noticias\/ccr-registra-queda-214-movimentacao-rodovias\/#primaryimage"},"image":{"@id":"https:\/\/www.suno.com.br\/noticias\/ccr-registra-queda-214-movimentacao-rodovias\/#primaryimage"},"thumbnailUrl":"https:\/\/files.sunoresearch.com.br\/n\/uploads\/2020\/01\/094e98b6-ccr-jpg.webp","datePublished":"2020-03-29T13:34:42+00:00","description":"A CCR informou ao mercado que registrou uma queda de 21,4% no tr\u00e1fego das rodovias operadas por ela na \u00faltima semana. Clique e saiba mais.","breadcrumb":{"@id":"https:\/\/www.suno.com.br\/noticias\/ccr-registra-queda-214-movimentacao-rodovias\/#breadcrumb"},"inLanguage":"pt-BR","potentialAction":[{"@type":"ReadAction","target":["https:\/\/www.suno.com.br\/noticias\/ccr-registra-queda-214-movimentacao-rodovias\/"]}]},{"@type":"ImageObject","inLanguage":"pt-BR","@id":"https:\/\/www.suno.com.br\/noticias\/ccr-registra-queda-214-movimentacao-rodovias\/#primaryimage","url":"https:\/\/files.sunoresearch.com.br\/n\/uploads\/2020\/01\/094e98b6-ccr-jpg.webp","contentUrl":"https:\/\/files.sunoresearch.com.br\/n\/uploads\/2020\/01\/094e98b6-ccr-jpg.webp","width":640,"height":340,"caption":"CCR (CCRO3) registra queda de 65,2% no lucro l\u00edquido do 3T20"},{"@type":"BreadcrumbList","@id":"https:\/\/www.suno.com.br\/noticias\/ccr-registra-queda-214-movimentacao-rodovias\/#breadcrumb","itemListElement":[{"@type":"ListItem","position":1,"name":"Not\u00edcias","item":"https:\/\/www.suno.com.br\/noticias\/"},{"@type":"ListItem","position":2,"name":"Neg\u00f3cios","item":"https:\/\/www.suno.com.br\/noticias\/negocios\/"},{"@type":"ListItem","position":3,"name":"CCR (CCRO3) registra queda de 21,4% na movimenta\u00e7\u00e3o de suas rodovias"}]},{"@type":"WebSite","@id":"https:\/\/www.suno.com.br\/noticias\/#website","url":"https:\/\/www.suno.com.br\/noticias\/","name":"Suno Not\u00edcias","description":"Seu portal de informa\u00e7\u00e3o sobre o mundo dos investimentos","publisher":{"@id":"https:\/\/www.suno.com.br\/noticias\/#organization"},"potentialAction":[{"@type":"SearchAction","target":{"@type":"EntryPoint","urlTemplate":"https:\/\/www.suno.com.br\/noticias\/?s={search_term_string}"},"query-input":{"@type":"PropertyValueSpecification","valueRequired":true,"valueName":"search_term_string"}}],"inLanguage":"pt-BR"},{"@type":"Organization","@id":"https:\/\/www.suno.com.br\/noticias\/#organization","name":"Suno Not\u00edcias","url":"https:\/\/www.suno.com.br\/noticias\/","logo":{"@type":"ImageObject","inLanguage":"pt-BR","@id":"https:\/\/www.suno.com.br\/noticias\/#\/schema\/logo\/image\/","url":"https:\/\/files.sunoresearch.com.br\/n\/uploads\/2021\/09\/suno-logo.png","contentUrl":"https:\/\/files.sunoresearch.com.br\/n\/uploads\/2021\/09\/suno-logo.png","width":180,"height":180,"caption":"Suno Not\u00edcias"},"image":{"@id":"https:\/\/www.suno.com.br\/noticias\/#\/schema\/logo\/image\/"},"sameAs":["https:\/\/facebook.com\/sunoresearch","https:\/\/x.com\/sunoresearch","https:\/\/www.instagram.com\/suno","https:\/\/www.linkedin.com\/company\/suno-research\/","https:\/\/www.youtube.com\/c\/sunoresearch"]},{"@type":"Person","@id":"https:\/\/www.suno.com.br\/noticias\/#\/schema\/person\/1db762f78ffd8919a648a63e425953e3","name":"Juliano Passaro","image":{"@type":"ImageObject","inLanguage":"pt-BR","@id":"https:\/\/www.suno.com.br\/noticias\/#\/schema\/person\/image\/","url":"https:\/\/secure.gravatar.com\/avatar\/743d4df28eebf6dcc46b4ad03c319e92?s=96&r=g","contentUrl":"https:\/\/secure.gravatar.com\/avatar\/743d4df28eebf6dcc46b4ad03c319e92?s=96&r=g","caption":"Juliano Passaro"},"description":"Juliano Passaro escreve sobre pol\u00edtica, economia e neg\u00f3cios para o portal da Suno Research. Antes da Suno, trabalhou no Portal da Band. \u00c9 formado em jornalismo pela Universidade Presbiteriana Mackenzie.","url":"https:\/\/www.suno.com.br\/noticias\/author\/juliano\/"}]}},"default_loop_html":"<div class=\"cardsPage__listCard__boxs\"><div class=\"cardsPage__listCard__boxs__img\"><a href=\"https:\/\/www.suno.com.br\/noticias\/ccr-registra-queda-214-movimentacao-rodovias\/\"><img class=\"mask\" src=\"https:\/\/www.suno.com.br\/noticias\/wp-content\/themes\/suno\/resources\/images\/spotlight\/spotlight1img\/bg-mask.png\" alt=\"Image Mask\"\/><img src=\"https:\/\/files.sunoresearch.com.br\/n\/uploads\/2020\/01\/094e98b6-ccr-400x200.webp\" alt=\"CCR (CCRO3) registra queda de 21,4% na movimenta\u00e7\u00e3o de suas rodovias\"\/><\/a><span class=\"spotlightCategory\"><a href=\"https:\/\/www.suno.com.br\/noticias\/negocios\/\">Neg\u00f3cios<\/a><\/span><\/div><div class=\"cardsPage__listCard__boxs__content\"><a href=\"https:\/\/www.suno.com.br\/noticias\/ccr-registra-queda-214-movimentacao-rodovias\/\"><h2 class=\"content__title\">CCR (CCRO3) registra queda de 21,4% na movimenta\u00e7\u00e3o de suas rodovias<\/h2><\/a><div class=\"newsContent__article__meta\"><div class=\"newsContent__article__meta__authorBox\"><a href=\"https:\/\/www.suno.com.br\/noticias\/author\/juliano\/\" class=\"authorBox__avatar noMobi\"><img src=\"https:\/\/files.sunoresearch.com.br\/n\/uploads\/2019\/06\/7cc3efea-whatsapp-image-2019-07-18-at-21.59.33-e1563499821209-150x150.webp\" alt=\"Juliano Passaro\"><\/a><div class=\"authorBox__name\"><span>por\n\t\t\t<a href=\"https:\/\/www.suno.com.br\/noticias\/author\/juliano\/\"><span itemprop=\"author\">Juliano Passaro<\/span><\/a><\/span><time datetime=\"2020-03-29T10:34:42-03:00\" itemprop=\"datePublished\">29\/03\/2020 10:34<\/time><\/div><\/div><\/div><\/div><\/div>","single_layout":"posts","amp_enabled":true,"_links":{"self":[{"href":"https:\/\/www.suno.com.br\/noticias\/wp-json\/wp\/v2\/posts\/59348"}],"collection":[{"href":"https:\/\/www.suno.com.br\/noticias\/wp-json\/wp\/v2\/posts"}],"about":[{"href":"https:\/\/www.suno.com.br\/noticias\/wp-json\/wp\/v2\/types\/post"}],"author":[{"embeddable":true,"href":"https:\/\/www.suno.com.br\/noticias\/wp-json\/wp\/v2\/users\/19"}],"replies":[{"embeddable":true,"href":"https:\/\/www.suno.com.br\/noticias\/wp-json\/wp\/v2\/comments?post=59348"}],"version-history":[{"count":0,"href":"https:\/\/www.suno.com.br\/noticias\/wp-json\/wp\/v2\/posts\/59348\/revisions"}],"wp:featuredmedia":[{"embeddable":true,"href":"https:\/\/www.suno.com.br\/noticias\/wp-json\/wp\/v2\/media\/50276"}],"wp:attachment":[{"href":"https:\/\/www.suno.com.br\/noticias\/wp-json\/wp\/v2\/media?parent=59348"}],"wp:term":[{"taxonomy":"category","embeddable":true,"href":"https:\/\/www.suno.com.br\/noticias\/wp-json\/wp\/v2\/categories?post=59348"},{"taxonomy":"post_tag","embeddable":true,"href":"https:\/\/www.suno.com.br\/noticias\/wp-json\/wp\/v2\/tags?post=59348"},{"taxonomy":"suno_strategy","embeddable":true,"href":"https:\/\/www.suno.com.br\/noticias\/wp-json\/wp\/v2\/suno_strategy?post=59348"}],"curies":[{"name":"wp","href":"https:\/\/api.w.org\/{rel}","templated":true}]}}