{"id":593465,"date":"2025-02-05T09:41:48","date_gmt":"2025-02-05T12:41:48","guid":{"rendered":"https:\/\/www.suno.com.br\/noticias\/?p=593465"},"modified":"2025-02-05T09:41:55","modified_gmt":"2025-02-05T12:41:55","slug":"bolsas-mundiais-05022025-ec-gss","status":"publish","type":"post","link":"https:\/\/www.suno.com.br\/noticias\/bolsas-mundiais-05022025-ec-gss\/","title":{"rendered":"Bolsas mundiais: \u00c1sia fecha mista e Europa opera em baixa"},"content":{"rendered":"<p>Entre as <strong>bolsas mundiais<\/strong> hoje (05), as da \u00c1sia e do Pac\u00edfico fecharam sem dire\u00e7\u00e3o \u00fanica, enquanto investidores aguardavam novidades da disputa tarif\u00e1ria entre EUA e China.<\/p>\t<div class=\"wrapper-featured-image\">\n\t\t<figure class=\"spotlightImg\">\n\n\t\t\t<picture>\n\t\t\t\t<source media=\"(max-width: 768px)\" srcset=\"https:\/\/files.sunoresearch.com.br\/n\/uploads\/2024\/04\/iStock-1389093478-400x200.jpg\">\n\t\t\t\t<img loading=\"lazy\" decoding=\"async\" class=\"newsContent__article__imgCapa lazyloadDisabled \" src=\"https:\/\/files.sunoresearch.com.br\/n\/uploads\/2024\/04\/iStock-1389093478-800x450.jpg\" width=\"800\" height=\"450\" alt=\"Bolsas mundiais: \u00c1sia fecha mista e Europa opera em baixa\" fetchpriority=high \/>\n\t\t\t<\/picture>\n\n\t\t\t<figcaption class=\"wp-caption-text wp-caption-text--show\">ETFs da Investo. Foto: iStock.<\/figcaption>\n\t\t<\/figure>\n\t<\/div>\n\n\n\n\n\n\n\n\t<p>\n\t\t<a href=\"https:\/\/lp.suno.com.br\/planilha-da-vida-financeira\/\" target=\"_blank\" data-element=\"shortcode-suno-banner\" title=\"Banner SUNO, clique e saiba mais\">\n\t\t\t<picture>\n\t\t\t\t<source media=\"(max-width: 500px)\" srcset=\"https:\/\/files.sunoresearch.com.br\/n\/uploads\/2023\/04\/400x300-Planilha-vida-financeira-true.png\">\n\t\t\t\t<img class=\"newsContent__article__imgCapa newsContent__article__imgCapa--banner\"\n\t\t\t\t\tsrc=\"https:\/\/files.sunoresearch.com.br\/n\/uploads\/2023\/04\/1420x240-Planilha-vida-financeira-true.png\"\n\t\t\t\t\tdata-promo-id=\"106682\"\t\t\t\t\t\t\t\t\t\twidth='1420' height='240'\t\t\t\t\talt=\"https:\/\/files.sunoresearch.com.br\/n\/uploads\/2023\/04\/1420x240-Planilha-vida-financeira-true.png\"\n\t\t\t\t>\n\t\t\t<\/picture>\n\t\t<\/a>\n\t<\/p>\n\n\n\n\n\n<p>Na volta do feriado do ano-novo lunar, o principal \u00edndice acion\u00e1rio chin\u00eas, o <strong>Xangai Composto<\/strong>, caiu 0,65%, a 3.229,49 pontos, enquanto o menos abrangente<strong> Shenzhen Composto<\/strong> subiu 0,44%, a 1.919,59 pontos.<\/p>\n\n\n\n<p>Ontem (04), os EUA passaram a impor tarifas de 10% \u00e0s importa\u00e7\u00f5es chinesas. Em retalia\u00e7\u00e3o, Pequim prometeu tarifar alguns produtos americanos em at\u00e9 15%, a partir do dia 10. Para analistas, por\u00e9m, as tarifas s\u00e3o moderadas e abrem o caminho para que os dois lados negociem.<\/p>\n\n\n\n<p>Havia uma expectativa de que os presidentes dos EUA, <a class=\"suno-keyword\" target=\"_blank\" data-force=\"no\" data-priority=\"2\" href=\"https:\/\/www.suno.com.br\/tudo-sobre\/donald-trump\/\" rel=\"noopener\">Donald Trump<\/a>, e da China, Xi Jinping, discutissem o assunto ainda na ter\u00e7a-feira, mas o republicano disse &#8220;n\u00e3o ter pressa&#8221; e que conversar\u00e1 com Xi &#8220;no momento apropriado&#8221;.<\/p>\n\n\n\n<p>No come\u00e7o da semana, os EUA fecharam acordos provis\u00f3rios que adiaram a tarifa\u00e7\u00e3o de produtos do Canad\u00e1 e do M\u00e9xico em um m\u00eas.<\/p>\n\n\n\n<p>No notici\u00e1rio macroecon\u00f4mico, o PMI de servi\u00e7os chin\u00eas medido pela S&amp;P Global\/Caixin decepcionou ao cair mais do que o esperado em janeiro, para 51, aproximando-se da marca de 50 que indicaria estagna\u00e7\u00e3o da atividade.<\/p>\n\n\n\n<p>Em T\u00f3quio, o japon\u00eas <strong>Nikkei <\/strong>teve alta marginal de 0,09%, a 38.831,48 pontos, sustentado pelo setor automotivo. A Toyota avan\u00e7ou 3,1% ap\u00f3s elevar proje\u00e7\u00f5es de lucro em balan\u00e7o trimestral. J\u00e1 a Honda saltou 8,2% ap\u00f3s relatos de que a empresa desistiu de buscar uma fus\u00e3o com a Nissan, que reagiu negativamente, com queda de 4,9%.<\/p>\n\n\n\n<p>Em outras partes da \u00c1sia, o sul-coreano <strong>Kospi <\/strong>avan\u00e7ou 1,11% em Seul, a 2.509,27 pontos, o <strong>Hang Seng<\/strong> recuou 0,93% em Hong Kong, a 20.597,09 pontos, e o <strong>Taiex<\/strong> registrou ganho de 1,61% em Taiwan, a 23.161,58 pontos.<\/p>\n\n\n\n<p>Na Oceania, a bolsa australiana ficou no azul, depois de acumular perdas nos dois preg\u00f5es anteriores. O <strong>S&amp;P\/ASX 200<\/strong> subiu 0,51% em Sydney, a 8.416,90 pontos.<\/p>\n\n\n\t<p>\n\t\t<a href=\"https:\/\/lp.suno.com.br\/ebook-como-analisar-uma-acao\/\" target=\"_blank\" data-element=\"shortcode-suno-banner\" title=\"Banner SUNO, clique e saiba mais\">\n\t\t\t<picture>\n\t\t\t\t<source media=\"(max-width: 500px)\" srcset=\"https:\/\/files.sunoresearch.com.br\/n\/uploads\/2023\/03\/Ebook-Acoes-Mobile.jpg\">\n\t\t\t\t<img class=\"newsContent__article__imgCapa newsContent__article__imgCapa--banner\"\n\t\t\t\t\tsrc=\"https:\/\/files.sunoresearch.com.br\/n\/uploads\/2023\/03\/Ebook-Acoes-Desktop.jpg\"\n\t\t\t\t\tdata-promo-id=\"378302\"\t\t\t\t\t\t\t\t\t\twidth='1420' height='286'\t\t\t\t\talt=\"https:\/\/files.sunoresearch.com.br\/n\/uploads\/2023\/03\/Ebook-Acoes-Desktop.jpg\"\n\t\t\t\t>\n\t\t\t<\/picture>\n\t\t<\/a>\n\t<\/p>\n\n\n\n\n\n<h2 class=\"wp-block-heading\">Europa opera em baixa<\/h2>\n\n\n\n<p>As <strong>bolsas europeias<\/strong> operam majoritariamente em baixa na manh\u00e3 desta quarta-feira, enquanto investidores avaliam balan\u00e7os corporativos e dados de atividade de servi\u00e7os da regi\u00e3o. O desempenho do Santander, por\u00e9m, ajuda a impulsionar o mercado espanhol.<\/p>\n\n\n\n<p>Por volta das 7h10 (de Bras\u00edlia), o \u00edndice pan-europeu <strong>Stoxx 600<\/strong> tinha baixa marginal de 0,03%, a 535,90 pontos.<\/p>\n\n\n\n<p>O Santander era destaque positivo no notici\u00e1rio de balan\u00e7os, ap\u00f3s superar previs\u00f5es de lucro e receita no quarto trimestre e anunciar planos de recomprar 10 bilh\u00f5es de euros em a\u00e7\u00f5es pr\u00f3prias. Em Madri, o gigante banc\u00e1rio espanhol saltava 7,3% no hor\u00e1rio acima.<\/p>\n\n\n\n<p>O resultado do Cr\u00e9dit Agricole tamb\u00e9m agradou, e a a\u00e7\u00e3o do banco franc\u00eas avan\u00e7ava 1,6% em Paris.<\/p>\n\n\n\n<p>Em Amsterd\u00e3, por outro lado, a ASML &#8211; fabricante holandesa de equipamentos para a produ\u00e7\u00e3o de semicondutores, ca\u00eda 1%, ap\u00f3s balan\u00e7o decepcionante da americana AMD.<\/p>\n\n\n\n<p>No \u00e2mbito macroecon\u00f4mico, o PMI de servi\u00e7os da <a class=\"suno-keyword\" target=\"_blank\" data-force=\"no\" data-priority=\"1\" href=\"https:\/\/www.suno.com.br\/artigos\/zona-do-euro\/\" rel=\"noopener\">zona do euro<\/a> recuou a 51,3 em janeiro, ficando abaixo do c\u00e1lculo pr\u00e9vio, enquanto o do Reino Unido caiu a 50,8 em janeiro, contrariando estimativa inicial de alta.<\/p>\n\n\n\n<p>A quest\u00e3o tarif\u00e1ria dos EUA tamb\u00e9m segue no radar. Ontem, o presidente americano, Donald Trump, disse n\u00e3o ter pressa de conversar com o par chin\u00eas, Xi Jingping, sobre tarifas de 10% que Washington imp\u00f4s a produtos chineses. No come\u00e7o da semana, Trump fechou acordos provis\u00f3rios que adiaram a tarifa\u00e7\u00e3o de produtos do Canad\u00e1 e do M\u00e9xico em um m\u00eas.<\/p>\n\n\n\n<p>\u00c0s 7h27 (de Bras\u00edlia), a Bolsa de Londres ca\u00eda 0,07%, a de Paris recuava 0,20% e a de Frankfurt cedia 0,20%. J\u00e1 as de Mil\u00e3o e Lisboa perdiam 0,70 e 0,09%, respectivamente. A de Madri, por outro lado, avan\u00e7ava 0,84%, com a ajuda do Santander.<\/p>\n\n\n\n<p><em>Com Estad\u00e3o Conte\u00fado<\/em><\/p>\n\n\n\t<p>\n\t\t<a href=\"https:\/\/lp.suno.com.br\/planilha-da-vida-financeira\/\" target=\"_blank\" data-element=\"shortcode-suno-banner\" title=\"Banner SUNO, clique e saiba mais\">\n\t\t\t<picture>\n\t\t\t\t<source media=\"(max-width: 500px)\" srcset=\"https:\/\/files.sunoresearch.com.br\/n\/uploads\/2023\/04\/400x300-Planilha-vida-financeira-true.png\">\n\t\t\t\t<img class=\"newsContent__article__imgCapa newsContent__article__imgCapa--banner\"\n\t\t\t\t\tsrc=\"https:\/\/files.sunoresearch.com.br\/n\/uploads\/2023\/04\/1420x240-Planilha-vida-financeira-true.png\"\n\t\t\t\t\tdata-promo-id=\"383123\"\t\t\t\t\t\t\t\t\t\twidth='1420' height='240'\t\t\t\t\talt=\"https:\/\/files.sunoresearch.com.br\/n\/uploads\/2023\/04\/1420x240-Planilha-vida-financeira-true.png\"\n\t\t\t\t>\n\t\t\t<\/picture>\n\t\t<\/a>\n\t<\/p>\n\n\n","protected":false},"excerpt":{"rendered":"<p>Entre as bolsas mundiais hoje (05), as da \u00c1sia e do Pac\u00edfico fecharam sem dire\u00e7\u00e3o \u00fanica, enquanto investidores aguardavam novidades da disputa tarif\u00e1ria entre EUA e China. ETFs da Investo. Foto: iStock. Na volta do feriado do ano-novo lunar, o principal \u00edndice acion\u00e1rio chin\u00eas, o Xangai Composto, caiu 0,65%, a 3.229,49 pontos, enquanto o menos [&hellip;]<\/p>\n","protected":false},"author":43,"featured_media":540330,"comment_status":"closed","ping_status":"closed","sticky":false,"template":"","format":"standard","meta":[],"categories":[64],"tags":[104703],"suno_strategy":[],"class_list":["post-593465","post","type-post","status-publish","format-standard","has-post-thumbnail","hentry","category-negocios","tag-bolsas-mundiais"],"yoast_head":"<!-- This site is optimized with the Yoast SEO plugin v24.4 - https:\/\/yoast.com\/wordpress\/plugins\/seo\/ -->\n<title>Bolsas mundiais: \u00c1sia fecha mista e Europa opera em baixa<\/title>\n<meta name=\"description\" content=\"Entre as bolsas mundiais hoje (05), o tom foi misto na \u00c1sia, enquanto a Europa opera majoritariamente em baixa.\" \/>\n<meta name=\"robots\" content=\"index, follow, max-snippet:-1, max-image-preview:large, max-video-preview:-1\" \/>\n<link rel=\"canonical\" href=\"https:\/\/www.suno.com.br\/noticias\/bolsas-mundiais-05022025-ec-gss\/\" \/>\n<meta property=\"og:locale\" content=\"pt_BR\" \/>\n<meta property=\"og:type\" content=\"article\" \/>\n<meta property=\"og:title\" content=\"Bolsas mundiais: \u00c1sia fecha mista e Europa opera em baixa\" \/>\n<meta property=\"og:description\" content=\"Entre as bolsas mundiais hoje (05), o tom foi misto na \u00c1sia, enquanto a Europa opera majoritariamente em baixa.\" \/>\n<meta property=\"og:url\" content=\"https:\/\/www.suno.com.br\/noticias\/bolsas-mundiais-05022025-ec-gss\/\" \/>\n<meta property=\"og:site_name\" content=\"Suno Not\u00edcias\" \/>\n<meta property=\"article:publisher\" content=\"https:\/\/facebook.com\/sunoresearch\" \/>\n<meta property=\"article:author\" content=\"https:\/\/www.facebook.com\/sunonoticias\/\" \/>\n<meta property=\"og:image\" content=\"https:\/\/files.sunoresearch.com.br\/n\/uploads\/2024\/04\/iStock-1389093478.jpg\" \/>\n\t<meta property=\"og:image:width\" content=\"1254\" \/>\n\t<meta property=\"og:image:height\" content=\"836\" \/>\n\t<meta property=\"og:image:type\" content=\"image\/jpeg\" \/>\n<meta name=\"author\" content=\"Reda\u00e7\u00e3o Suno Not\u00edcias\" \/>\n<meta name=\"twitter:card\" content=\"summary_large_image\" \/>\n<meta name=\"twitter:creator\" content=\"@https:\/\/twitter.com\/sunoresearch\" \/>\n<meta name=\"twitter:site\" content=\"@sunoresearch\" \/>\n<meta name=\"twitter:label1\" content=\"Escrito por\" \/>\n\t<meta name=\"twitter:data1\" content=\"Reda\u00e7\u00e3o Suno Not\u00edcias\" \/>\n\t<meta name=\"twitter:label2\" content=\"Est. tempo de leitura\" \/>\n\t<meta name=\"twitter:data2\" content=\"4 minutos\" \/>\n<script type=\"application\/ld+json\" class=\"yoast-schema-graph\">{\"@context\":\"https:\/\/schema.org\",\"@graph\":[{\"@type\":\"NewsArticle\",\"@id\":\"https:\/\/www.suno.com.br\/noticias\/bolsas-mundiais-05022025-ec-gss\/#article\",\"isPartOf\":{\"@id\":\"https:\/\/www.suno.com.br\/noticias\/bolsas-mundiais-05022025-ec-gss\/\"},\"author\":{\"name\":\"Reda\u00e7\u00e3o Suno Not\u00edcias\",\"@id\":\"https:\/\/www.suno.com.br\/noticias\/#\/schema\/person\/c1b1bd3727fa852bd045e9dbff3673ea\"},\"headline\":\"Bolsas mundiais: \u00c1sia fecha mista e Europa opera em baixa\",\"datePublished\":\"2025-02-05T12:41:48+00:00\",\"dateModified\":\"2025-02-05T12:41:55+00:00\",\"mainEntityOfPage\":{\"@id\":\"https:\/\/www.suno.com.br\/noticias\/bolsas-mundiais-05022025-ec-gss\/\"},\"wordCount\":661,\"publisher\":{\"@id\":\"https:\/\/www.suno.com.br\/noticias\/#organization\"},\"image\":{\"@id\":\"https:\/\/www.suno.com.br\/noticias\/bolsas-mundiais-05022025-ec-gss\/#primaryimage\"},\"thumbnailUrl\":\"https:\/\/files.sunoresearch.com.br\/n\/uploads\/2024\/04\/iStock-1389093478.jpg\",\"keywords\":[\"Bolsas mundiais\"],\"articleSection\":[\"Neg\u00f3cios\"],\"inLanguage\":\"pt-BR\"},{\"@type\":\"WebPage\",\"@id\":\"https:\/\/www.suno.com.br\/noticias\/bolsas-mundiais-05022025-ec-gss\/\",\"url\":\"https:\/\/www.suno.com.br\/noticias\/bolsas-mundiais-05022025-ec-gss\/\",\"name\":\"Bolsas mundiais: \u00c1sia fecha mista e Europa opera em baixa\",\"isPartOf\":{\"@id\":\"https:\/\/www.suno.com.br\/noticias\/#website\"},\"primaryImageOfPage\":{\"@id\":\"https:\/\/www.suno.com.br\/noticias\/bolsas-mundiais-05022025-ec-gss\/#primaryimage\"},\"image\":{\"@id\":\"https:\/\/www.suno.com.br\/noticias\/bolsas-mundiais-05022025-ec-gss\/#primaryimage\"},\"thumbnailUrl\":\"https:\/\/files.sunoresearch.com.br\/n\/uploads\/2024\/04\/iStock-1389093478.jpg\",\"datePublished\":\"2025-02-05T12:41:48+00:00\",\"dateModified\":\"2025-02-05T12:41:55+00:00\",\"description\":\"Entre as bolsas mundiais hoje (05), o tom foi misto na \u00c1sia, enquanto a Europa opera majoritariamente em baixa.\",\"breadcrumb\":{\"@id\":\"https:\/\/www.suno.com.br\/noticias\/bolsas-mundiais-05022025-ec-gss\/#breadcrumb\"},\"inLanguage\":\"pt-BR\",\"potentialAction\":[{\"@type\":\"ReadAction\",\"target\":[\"https:\/\/www.suno.com.br\/noticias\/bolsas-mundiais-05022025-ec-gss\/\"]}]},{\"@type\":\"ImageObject\",\"inLanguage\":\"pt-BR\",\"@id\":\"https:\/\/www.suno.com.br\/noticias\/bolsas-mundiais-05022025-ec-gss\/#primaryimage\",\"url\":\"https:\/\/files.sunoresearch.com.br\/n\/uploads\/2024\/04\/iStock-1389093478.jpg\",\"contentUrl\":\"https:\/\/files.sunoresearch.com.br\/n\/uploads\/2024\/04\/iStock-1389093478.jpg\",\"width\":1254,\"height\":836,\"caption\":\"ETFs da Investo. Foto: iStock.\"},{\"@type\":\"BreadcrumbList\",\"@id\":\"https:\/\/www.suno.com.br\/noticias\/bolsas-mundiais-05022025-ec-gss\/#breadcrumb\",\"itemListElement\":[{\"@type\":\"ListItem\",\"position\":1,\"name\":\"Not\u00edcias\",\"item\":\"https:\/\/www.suno.com.br\/noticias\/\"},{\"@type\":\"ListItem\",\"position\":2,\"name\":\"Neg\u00f3cios\",\"item\":\"https:\/\/www.suno.com.br\/noticias\/negocios\/\"},{\"@type\":\"ListItem\",\"position\":3,\"name\":\"Bolsas mundiais: \u00c1sia fecha mista e Europa opera em baixa\"}]},{\"@type\":\"WebSite\",\"@id\":\"https:\/\/www.suno.com.br\/noticias\/#website\",\"url\":\"https:\/\/www.suno.com.br\/noticias\/\",\"name\":\"Suno Not\u00edcias\",\"description\":\"Seu portal de informa\u00e7\u00e3o sobre o mundo dos investimentos\",\"publisher\":{\"@id\":\"https:\/\/www.suno.com.br\/noticias\/#organization\"},\"potentialAction\":[{\"@type\":\"SearchAction\",\"target\":{\"@type\":\"EntryPoint\",\"urlTemplate\":\"https:\/\/www.suno.com.br\/noticias\/?s={search_term_string}\"},\"query-input\":{\"@type\":\"PropertyValueSpecification\",\"valueRequired\":true,\"valueName\":\"search_term_string\"}}],\"inLanguage\":\"pt-BR\"},{\"@type\":\"Organization\",\"@id\":\"https:\/\/www.suno.com.br\/noticias\/#organization\",\"name\":\"Suno Not\u00edcias\",\"url\":\"https:\/\/www.suno.com.br\/noticias\/\",\"logo\":{\"@type\":\"ImageObject\",\"inLanguage\":\"pt-BR\",\"@id\":\"https:\/\/www.suno.com.br\/noticias\/#\/schema\/logo\/image\/\",\"url\":\"https:\/\/files.sunoresearch.com.br\/n\/uploads\/2021\/09\/suno-logo.png\",\"contentUrl\":\"https:\/\/files.sunoresearch.com.br\/n\/uploads\/2021\/09\/suno-logo.png\",\"width\":180,\"height\":180,\"caption\":\"Suno Not\u00edcias\"},\"image\":{\"@id\":\"https:\/\/www.suno.com.br\/noticias\/#\/schema\/logo\/image\/\"},\"sameAs\":[\"https:\/\/facebook.com\/sunoresearch\",\"https:\/\/x.com\/sunoresearch\",\"https:\/\/www.instagram.com\/suno\",\"https:\/\/www.linkedin.com\/company\/suno-research\/\",\"https:\/\/www.youtube.com\/c\/sunoresearch\"]},{\"@type\":\"Person\",\"@id\":\"https:\/\/www.suno.com.br\/noticias\/#\/schema\/person\/c1b1bd3727fa852bd045e9dbff3673ea\",\"name\":\"Reda\u00e7\u00e3o Suno Not\u00edcias\",\"image\":{\"@type\":\"ImageObject\",\"inLanguage\":\"pt-BR\",\"@id\":\"https:\/\/www.suno.com.br\/noticias\/#\/schema\/person\/image\/\",\"url\":\"https:\/\/secure.gravatar.com\/avatar\/b8104b9b5a71985d5238ee59fbe418af?s=96&r=g\",\"contentUrl\":\"https:\/\/secure.gravatar.com\/avatar\/b8104b9b5a71985d5238ee59fbe418af?s=96&r=g\",\"caption\":\"Reda\u00e7\u00e3o Suno Not\u00edcias\"},\"description\":\"O Suno Not\u00edcias \u00e9 um portal de informa\u00e7\u00f5es sobre Mercado Financeiro, Pol\u00edtica, Neg\u00f3cios, Economia e Finan\u00e7as Pessoais.\",\"sameAs\":[\"https:\/\/www.suno.com.br\/noticias\",\"https:\/\/www.facebook.com\/sunonoticias\/\",\"https:\/\/www.instagram.com\/sunonoticias\/\",\"https:\/\/x.com\/https:\/\/twitter.com\/sunoresearch\",\"https:\/\/www.youtube.com\/sunonoticias\"],\"url\":\"https:\/\/www.suno.com.br\/noticias\/author\/redacao-suno\/\"}]}<\/script>\n<!-- \/ Yoast SEO plugin. -->","yoast_head_json":{"title":"Bolsas mundiais: \u00c1sia fecha mista e Europa opera em baixa","description":"Entre as bolsas mundiais hoje (05), o tom foi misto na \u00c1sia, enquanto a Europa opera majoritariamente em baixa.","robots":{"index":"index","follow":"follow","max-snippet":"max-snippet:-1","max-image-preview":"max-image-preview:large","max-video-preview":"max-video-preview:-1"},"canonical":"https:\/\/www.suno.com.br\/noticias\/bolsas-mundiais-05022025-ec-gss\/","og_locale":"pt_BR","og_type":"article","og_title":"Bolsas mundiais: \u00c1sia fecha mista e Europa opera em baixa","og_description":"Entre as bolsas mundiais hoje (05), o tom foi misto na \u00c1sia, enquanto a Europa opera majoritariamente em baixa.","og_url":"https:\/\/www.suno.com.br\/noticias\/bolsas-mundiais-05022025-ec-gss\/","og_site_name":"Suno Not\u00edcias","article_publisher":"https:\/\/facebook.com\/sunoresearch","article_author":"https:\/\/www.facebook.com\/sunonoticias\/","og_image":[{"width":1254,"height":836,"url":"https:\/\/files.sunoresearch.com.br\/n\/uploads\/2024\/04\/iStock-1389093478.jpg","type":"image\/jpeg"}],"author":"Reda\u00e7\u00e3o Suno Not\u00edcias","twitter_card":"summary_large_image","twitter_creator":"@https:\/\/twitter.com\/sunoresearch","twitter_site":"@sunoresearch","twitter_misc":{"Escrito por":"Reda\u00e7\u00e3o Suno Not\u00edcias","Est. tempo de leitura":"4 minutos"},"schema":{"@context":"https:\/\/schema.org","@graph":[{"@type":"NewsArticle","@id":"https:\/\/www.suno.com.br\/noticias\/bolsas-mundiais-05022025-ec-gss\/#article","isPartOf":{"@id":"https:\/\/www.suno.com.br\/noticias\/bolsas-mundiais-05022025-ec-gss\/"},"author":{"name":"Reda\u00e7\u00e3o Suno Not\u00edcias","@id":"https:\/\/www.suno.com.br\/noticias\/#\/schema\/person\/c1b1bd3727fa852bd045e9dbff3673ea"},"headline":"Bolsas mundiais: \u00c1sia fecha mista e Europa opera em baixa","datePublished":"2025-02-05T12:41:48+00:00","dateModified":"2025-02-05T12:41:55+00:00","mainEntityOfPage":{"@id":"https:\/\/www.suno.com.br\/noticias\/bolsas-mundiais-05022025-ec-gss\/"},"wordCount":661,"publisher":{"@id":"https:\/\/www.suno.com.br\/noticias\/#organization"},"image":{"@id":"https:\/\/www.suno.com.br\/noticias\/bolsas-mundiais-05022025-ec-gss\/#primaryimage"},"thumbnailUrl":"https:\/\/files.sunoresearch.com.br\/n\/uploads\/2024\/04\/iStock-1389093478.jpg","keywords":["Bolsas mundiais"],"articleSection":["Neg\u00f3cios"],"inLanguage":"pt-BR"},{"@type":"WebPage","@id":"https:\/\/www.suno.com.br\/noticias\/bolsas-mundiais-05022025-ec-gss\/","url":"https:\/\/www.suno.com.br\/noticias\/bolsas-mundiais-05022025-ec-gss\/","name":"Bolsas mundiais: \u00c1sia fecha mista e Europa opera em baixa","isPartOf":{"@id":"https:\/\/www.suno.com.br\/noticias\/#website"},"primaryImageOfPage":{"@id":"https:\/\/www.suno.com.br\/noticias\/bolsas-mundiais-05022025-ec-gss\/#primaryimage"},"image":{"@id":"https:\/\/www.suno.com.br\/noticias\/bolsas-mundiais-05022025-ec-gss\/#primaryimage"},"thumbnailUrl":"https:\/\/files.sunoresearch.com.br\/n\/uploads\/2024\/04\/iStock-1389093478.jpg","datePublished":"2025-02-05T12:41:48+00:00","dateModified":"2025-02-05T12:41:55+00:00","description":"Entre as bolsas mundiais hoje (05), o tom foi misto na \u00c1sia, enquanto a Europa opera majoritariamente em baixa.","breadcrumb":{"@id":"https:\/\/www.suno.com.br\/noticias\/bolsas-mundiais-05022025-ec-gss\/#breadcrumb"},"inLanguage":"pt-BR","potentialAction":[{"@type":"ReadAction","target":["https:\/\/www.suno.com.br\/noticias\/bolsas-mundiais-05022025-ec-gss\/"]}]},{"@type":"ImageObject","inLanguage":"pt-BR","@id":"https:\/\/www.suno.com.br\/noticias\/bolsas-mundiais-05022025-ec-gss\/#primaryimage","url":"https:\/\/files.sunoresearch.com.br\/n\/uploads\/2024\/04\/iStock-1389093478.jpg","contentUrl":"https:\/\/files.sunoresearch.com.br\/n\/uploads\/2024\/04\/iStock-1389093478.jpg","width":1254,"height":836,"caption":"ETFs da Investo. Foto: iStock."},{"@type":"BreadcrumbList","@id":"https:\/\/www.suno.com.br\/noticias\/bolsas-mundiais-05022025-ec-gss\/#breadcrumb","itemListElement":[{"@type":"ListItem","position":1,"name":"Not\u00edcias","item":"https:\/\/www.suno.com.br\/noticias\/"},{"@type":"ListItem","position":2,"name":"Neg\u00f3cios","item":"https:\/\/www.suno.com.br\/noticias\/negocios\/"},{"@type":"ListItem","position":3,"name":"Bolsas mundiais: \u00c1sia fecha mista e Europa opera em baixa"}]},{"@type":"WebSite","@id":"https:\/\/www.suno.com.br\/noticias\/#website","url":"https:\/\/www.suno.com.br\/noticias\/","name":"Suno Not\u00edcias","description":"Seu portal de informa\u00e7\u00e3o sobre o mundo dos investimentos","publisher":{"@id":"https:\/\/www.suno.com.br\/noticias\/#organization"},"potentialAction":[{"@type":"SearchAction","target":{"@type":"EntryPoint","urlTemplate":"https:\/\/www.suno.com.br\/noticias\/?s={search_term_string}"},"query-input":{"@type":"PropertyValueSpecification","valueRequired":true,"valueName":"search_term_string"}}],"inLanguage":"pt-BR"},{"@type":"Organization","@id":"https:\/\/www.suno.com.br\/noticias\/#organization","name":"Suno Not\u00edcias","url":"https:\/\/www.suno.com.br\/noticias\/","logo":{"@type":"ImageObject","inLanguage":"pt-BR","@id":"https:\/\/www.suno.com.br\/noticias\/#\/schema\/logo\/image\/","url":"https:\/\/files.sunoresearch.com.br\/n\/uploads\/2021\/09\/suno-logo.png","contentUrl":"https:\/\/files.sunoresearch.com.br\/n\/uploads\/2021\/09\/suno-logo.png","width":180,"height":180,"caption":"Suno Not\u00edcias"},"image":{"@id":"https:\/\/www.suno.com.br\/noticias\/#\/schema\/logo\/image\/"},"sameAs":["https:\/\/facebook.com\/sunoresearch","https:\/\/x.com\/sunoresearch","https:\/\/www.instagram.com\/suno","https:\/\/www.linkedin.com\/company\/suno-research\/","https:\/\/www.youtube.com\/c\/sunoresearch"]},{"@type":"Person","@id":"https:\/\/www.suno.com.br\/noticias\/#\/schema\/person\/c1b1bd3727fa852bd045e9dbff3673ea","name":"Reda\u00e7\u00e3o Suno Not\u00edcias","image":{"@type":"ImageObject","inLanguage":"pt-BR","@id":"https:\/\/www.suno.com.br\/noticias\/#\/schema\/person\/image\/","url":"https:\/\/secure.gravatar.com\/avatar\/b8104b9b5a71985d5238ee59fbe418af?s=96&r=g","contentUrl":"https:\/\/secure.gravatar.com\/avatar\/b8104b9b5a71985d5238ee59fbe418af?s=96&r=g","caption":"Reda\u00e7\u00e3o Suno Not\u00edcias"},"description":"O Suno Not\u00edcias \u00e9 um portal de informa\u00e7\u00f5es sobre Mercado Financeiro, Pol\u00edtica, Neg\u00f3cios, Economia e Finan\u00e7as Pessoais.","sameAs":["https:\/\/www.suno.com.br\/noticias","https:\/\/www.facebook.com\/sunonoticias\/","https:\/\/www.instagram.com\/sunonoticias\/","https:\/\/x.com\/https:\/\/twitter.com\/sunoresearch","https:\/\/www.youtube.com\/sunonoticias"],"url":"https:\/\/www.suno.com.br\/noticias\/author\/redacao-suno\/"}]}},"default_loop_html":"<div class=\"cardsPage__listCard__boxs\"><div class=\"cardsPage__listCard__boxs__img\"><a href=\"https:\/\/www.suno.com.br\/noticias\/bolsas-mundiais-05022025-ec-gss\/\"><img class=\"mask\" src=\"https:\/\/www.suno.com.br\/noticias\/wp-content\/themes\/suno\/resources\/images\/spotlight\/spotlight1img\/bg-mask.png\" alt=\"Image Mask\"\/><img src=\"https:\/\/files.sunoresearch.com.br\/n\/uploads\/2024\/04\/iStock-1389093478-400x200.jpg\" alt=\"Bolsas mundiais: \u00c1sia fecha mista e Europa opera em baixa\"\/><\/a><span class=\"spotlightCategory\"><a href=\"https:\/\/www.suno.com.br\/noticias\/negocios\/\">Neg\u00f3cios<\/a><\/span><\/div><div class=\"cardsPage__listCard__boxs__content\"><a href=\"https:\/\/www.suno.com.br\/noticias\/bolsas-mundiais-05022025-ec-gss\/\"><h2 class=\"content__title\">Bolsas mundiais: \u00c1sia fecha mista e Europa opera em baixa<\/h2><\/a><div class=\"newsContent__article__meta\"><div class=\"newsContent__article__meta__authorBox\"><a href=\"https:\/\/www.suno.com.br\/noticias\/author\/redacao-suno\/\" class=\"authorBox__avatar noMobi\"><img src=\"https:\/\/files.sunoresearch.com.br\/n\/uploads\/2020\/08\/0ace682d-redacao-1-150x150.webp\" alt=\"Reda\u00e7\u00e3o Suno Not\u00edcias\"><\/a><div class=\"authorBox__name\"><span>por\n\t\t\t<a href=\"https:\/\/www.suno.com.br\/noticias\/author\/redacao-suno\/\"><span itemprop=\"author\">Reda\u00e7\u00e3o Suno Not\u00edcias<\/span><\/a><\/span><time datetime=\"2025-02-05T09:41:48-03:00\" itemprop=\"datePublished\">05\/02\/2025 09:41<\/time><\/div><\/div><\/div><\/div><\/div>","single_layout":"posts","amp_enabled":true,"_links":{"self":[{"href":"https:\/\/www.suno.com.br\/noticias\/wp-json\/wp\/v2\/posts\/593465"}],"collection":[{"href":"https:\/\/www.suno.com.br\/noticias\/wp-json\/wp\/v2\/posts"}],"about":[{"href":"https:\/\/www.suno.com.br\/noticias\/wp-json\/wp\/v2\/types\/post"}],"author":[{"embeddable":true,"href":"https:\/\/www.suno.com.br\/noticias\/wp-json\/wp\/v2\/users\/43"}],"replies":[{"embeddable":true,"href":"https:\/\/www.suno.com.br\/noticias\/wp-json\/wp\/v2\/comments?post=593465"}],"version-history":[{"count":2,"href":"https:\/\/www.suno.com.br\/noticias\/wp-json\/wp\/v2\/posts\/593465\/revisions"}],"predecessor-version":[{"id":593491,"href":"https:\/\/www.suno.com.br\/noticias\/wp-json\/wp\/v2\/posts\/593465\/revisions\/593491"}],"wp:featuredmedia":[{"embeddable":true,"href":"https:\/\/www.suno.com.br\/noticias\/wp-json\/wp\/v2\/media\/540330"}],"wp:attachment":[{"href":"https:\/\/www.suno.com.br\/noticias\/wp-json\/wp\/v2\/media?parent=593465"}],"wp:term":[{"taxonomy":"category","embeddable":true,"href":"https:\/\/www.suno.com.br\/noticias\/wp-json\/wp\/v2\/categories?post=593465"},{"taxonomy":"post_tag","embeddable":true,"href":"https:\/\/www.suno.com.br\/noticias\/wp-json\/wp\/v2\/tags?post=593465"},{"taxonomy":"suno_strategy","embeddable":true,"href":"https:\/\/www.suno.com.br\/noticias\/wp-json\/wp\/v2\/suno_strategy?post=593465"}],"curies":[{"name":"wp","href":"https:\/\/api.w.org\/{rel}","templated":true}]}}