{"id":593383,"date":"2025-02-04T14:53:29","date_gmt":"2025-02-04T17:53:29","guid":{"rendered":"https:\/\/www.suno.com.br\/noticias\/?p=593383"},"modified":"2025-02-04T14:53:32","modified_gmt":"2025-02-04T17:53:32","slug":"itau-itub4-dividendos-crescer-btg-carteira-gss","status":"publish","type":"post","link":"https:\/\/www.suno.com.br\/noticias\/itau-itub4-dividendos-crescer-btg-carteira-gss\/","title":{"rendered":"Dividendos do Ita\u00fa (ITUB4) devem crescer?"},"content":{"rendered":"<p>O BTG Pactual divulgou sua <a class=\"suno-keyword\" data-force=\"no\" data-priority=\"1\" href=\"https:\/\/www.suno.com.br\/artigos\/carteira-recomendada\/\" target=\"_blank\" rel=\"noopener\">carteira recomendada<\/a> de <a class=\"suno-keyword\" data-force=\"no\" data-priority=\"1\" href=\"https:\/\/www.suno.com.br\/guias\/dividendos\/\" target=\"_blank\" rel=\"noopener\">dividendos<\/a> para o m\u00eas de fevereiro, e o <strong>Ita\u00fa<\/strong> (<a class=\"suno-keyword\" data-force=\"yes\" data-priority=\"2\" href=\"https:\/\/www.suno.com.br\/analitica\/acoes\/itub4\/\" target=\"_blank\" rel=\"noopener\">ITUB4<\/a>) est\u00e1 entre os destaques do portf\u00f3lio. No relat\u00f3rio, os analistas falam sobre a possibilidade de aumento nos proventos do banco.<\/p>\t<div class=\"wrapper-featured-image\">\n\t\t<figure class=\"spotlightImg\">\n\n\t\t\t<picture>\n\t\t\t\t<source media=\"(max-width: 768px)\" srcset=\"https:\/\/files.sunoresearch.com.br\/n\/uploads\/2022\/06\/IMAGEM_NOTICIA_0-400x200.jpg\">\n\t\t\t\t<img loading=\"lazy\" decoding=\"async\" class=\"newsContent__article__imgCapa lazyloadDisabled \" src=\"https:\/\/files.sunoresearch.com.br\/n\/uploads\/2022\/06\/IMAGEM_NOTICIA_0-800x450.jpg\" width=\"800\" height=\"450\" alt=\"Dividendos do Ita\u00fa (ITUB4) devem crescer?\" fetchpriority=high \/>\n\t\t\t<\/picture>\n\n\t\t\t<figcaption class=\"wp-caption-text wp-caption-text--show\">Temporada de balan\u00e7os. Foto: Ag\u00eancia Brasil.<\/figcaption>\n\t\t<\/figure>\n\t<\/div>\n\n\n\n\n\n\n\n\t<p>\n\t\t<a href=\"\" target=\"_blank\" data-element=\"shortcode-suno-banner\" title=\"Banner SUNO, clique e saiba mais\">\n\t\t\t<picture>\n\t\t\t\t<source media=\"(max-width: 500px)\" srcset=\"\">\n\t\t\t\t<img class=\"newsContent__article__imgCapa newsContent__article__imgCapa--banner\"\n\t\t\t\t\tsrc=\"\"\n\t\t\t\t\tdata-promo-id=\"89005\"\t\t\t\t\t\t\t\t\t\t\t\t\t\t\talt=\"\"\n\t\t\t\t>\n\t\t\t<\/picture>\n\t\t<\/a>\n\t<\/p>\n\n\n\n\n\n<p>Os analistas afirmam que o segmento banc\u00e1rio de varejo no Brasil mudou drasticamente, em especial no segmento de baixa renda. Dentro desse contexto, o BTG acredita que o <strong>ITUB4<\/strong> tem feito um \u00f3timo trabalho (o melhor entre os incumbentes) aceitando e se adaptando ao cen\u00e1rio de mudan\u00e7as.<\/p>\n\n\n\n<p>A casa acredita, ali\u00e1s, que isso permitir\u00e1 que o ROE sustent\u00e1vel do Ita\u00fa aumente a diferen\u00e7a em rela\u00e7\u00e3o aos pares. <\/p>\n\n\n\n<p>&#8220;No terceiro trimestre, o Ita\u00fa registrou outro trimestre forte, com ROE de 22,7%. O banco tamb\u00e9m est\u00e1 operando com excesso de capital, o que deve se traduzir em <strong>dividendos<\/strong> maiores \u00e0 frente&#8221;, projeta o relat\u00f3rio.<\/p>\n\n\n\n<p>O BTG tamb\u00e9m cita a iniciativa do <strong>One Ita\u00fa<\/strong> como um tema muito discutido, ainda que considere dif\u00edcil tangibilizar sua import\u00e2ncia para a tese de investimento. <\/p>\n\n\n\t<p>\n\t\t<a href=\"https:\/\/lp.suno.com.br\/minicurso-investindo-fiis\/\" target=\"_blank\" data-element=\"shortcode-suno-banner\" title=\"Banner SUNO, clique e saiba mais\">\n\t\t\t<picture>\n\t\t\t\t<source media=\"(max-width: 500px)\" srcset=\"https:\/\/files.sunoresearch.com.br\/n\/uploads\/2023\/03\/400x300-Minicurso-FIIS.png\">\n\t\t\t\t<img class=\"newsContent__article__imgCapa newsContent__article__imgCapa--banner\"\n\t\t\t\t\tsrc=\"https:\/\/files.sunoresearch.com.br\/n\/uploads\/2023\/03\/1420x240-Minicurso-FIIS.png\"\n\t\t\t\t\tdata-promo-id=\"383125\"\t\t\t\t\t\t\t\t\t\twidth='1420' height='240'\t\t\t\t\talt=\"https:\/\/files.sunoresearch.com.br\/n\/uploads\/2023\/03\/1420x240-Minicurso-FIIS.png\"\n\t\t\t\t>\n\t\t\t<\/picture>\n\t\t<\/a>\n\t<\/p>\n\n\n\n\n\n<p>&#8220;Com essa atualiza\u00e7\u00e3o da marca\/abordagem e o super aplicativo One Ita\u00fa, o banco tamb\u00e9m passou do modo de defesa para o modo de ataque. O banco n\u00e3o deseja seguir tend\u00eancias, mas ser um &#8220;pioneiro&#8221;, sempre orientado por uma vis\u00e3o que prioriza o cliente&#8221;, escrevem os analistas.<\/p>\n\n\n\n<p>A casa afirma que as <strong>a\u00e7\u00f5es do Ita\u00fa<\/strong> superaram o desempenho dos seus pares privados, <a class=\"suno-keyword\" target=\"_blank\" data-force=\"yes\" data-priority=\"2\" href=\"https:\/\/www.suno.com.br\/analitica\/acoes\/BBDC4\/\" rel=\"noopener\">Bradesco (BBDC4)<\/a> e <a class=\"suno-keyword\" target=\"_blank\" data-force=\"yes\" data-priority=\"2\" href=\"https:\/\/www.suno.com.br\/analitica\/acoes\/SANB11\/\" rel=\"noopener\">Santander (SANB11)<\/a> pelo terceiro ano consecutivo, e os analistas n\u00e3o acreditam que isso mude nos pr\u00f3ximos meses.<\/p>\n\n\n\n<p>&#8220;Negociadas a 6,6x P\/L para 2025 e 1,6x P\/VP, o valuation do Ita\u00fa \u00e9 atraente&#8221;, completa o BTG Pactual em relat\u00f3rio.<\/p>\n\n\n\n<p>Confira a <strong>carteira recomendada de dividendos <\/strong>do BTG Pactual para fevereiro:<\/p>\n\n\n\n<figure class=\"wp-block-table\"><table><thead><tr><th>Empresa<\/th><th>C\u00f3digo<\/th><th>Peso (%)<\/th><th>Dividend Yield 2025E (%)<\/th><\/tr><\/thead><tbody><tr><td>Petrobras<\/td><td>PETR4<\/td><td>10%<\/td><td>14,4%<\/td><\/tr><tr><td>Ita\u00fa Unibanco<\/td><td>ITUB4<\/td><td>10%<\/td><td>7,0%<\/td><\/tr><tr><td>Vale<\/td><td>VALE3<\/td><td>5%<\/td><td>9,2%<\/td><\/tr><tr><td>Banco do Brasil<\/td><td>BBAS3<\/td><td>10%<\/td><td>11,4%<\/td><\/tr><tr><td>Telef\u00f4nica<\/td><td>VIVT3<\/td><td>5%<\/td><td>7,4%<\/td><\/tr><tr><td>Eletrobras<\/td><td>ELET6<\/td><td>10%<\/td><td>4,8%<\/td><\/tr><tr><td>JBS<\/td><td>JBSS3<\/td><td>5%<\/td><td>3,1%<\/td><\/tr><tr><td>Equatorial<\/td><td>EQTL3<\/td><td>10%<\/td><td>2,5%<\/td><\/tr><tr><td>Tim<\/td><td>TIMS3<\/td><td>5%<\/td><td>8,9%<\/td><\/tr><tr><td>Klabin<\/td><td>KLBN11<\/td><td>10%<\/td><td>5,3%<\/td><\/tr><tr><td>Copel<\/td><td>CPLE6<\/td><td>10%<\/td><td>4,3%<\/td><\/tr><tr><td>Marcopolo<\/td><td>POMO4<\/td><td>5%<\/td><td>6,6%<\/td><\/tr><tr><td>Direcional<\/td><td>DIRR3<\/td><td>5%<\/td><td>3,2%<\/td><\/tr><\/tbody><\/table><\/figure>\n\n\n\n<p>Por volta das 14h35 desta ter\u00e7a-feira (04), o <strong>Ita\u00fa<\/strong> operava em alta de 0,78% no Ibovespa, com as a\u00e7\u00f5es ITUB4 cotadas a R$ 33,74.<\/p>\n\n\n\t<p>\n\t\t<a href=\"https:\/\/lp.suno.com.br\/planilha-da-vida-financeira\/\" target=\"_blank\" data-element=\"shortcode-suno-banner\" title=\"Banner SUNO, clique e saiba mais\">\n\t\t\t<picture>\n\t\t\t\t<source media=\"(max-width: 500px)\" srcset=\"https:\/\/files.sunoresearch.com.br\/n\/uploads\/2023\/04\/400x300-Planilha-vida-financeira-true.png\">\n\t\t\t\t<img class=\"newsContent__article__imgCapa newsContent__article__imgCapa--banner\"\n\t\t\t\t\tsrc=\"https:\/\/files.sunoresearch.com.br\/n\/uploads\/2023\/04\/1420x240-Planilha-vida-financeira-true.png\"\n\t\t\t\t\tdata-promo-id=\"383123\"\t\t\t\t\t\t\t\t\t\twidth='1420' height='240'\t\t\t\t\talt=\"https:\/\/files.sunoresearch.com.br\/n\/uploads\/2023\/04\/1420x240-Planilha-vida-financeira-true.png\"\n\t\t\t\t>\n\t\t\t<\/picture>\n\t\t<\/a>\n\t<\/p>\n\n\n","protected":false},"excerpt":{"rendered":"<p>O BTG Pactual divulgou sua carteira recomendada de dividendos para o m\u00eas de fevereiro, e o Ita\u00fa (ITUB4) est\u00e1 entre os destaques do portf\u00f3lio. No relat\u00f3rio, os analistas falam sobre a possibilidade de aumento nos proventos do banco. Temporada de balan\u00e7os. Foto: Ag\u00eancia Brasil. Os analistas afirmam que o segmento banc\u00e1rio de varejo no Brasil [&hellip;]<\/p>\n","protected":false},"author":376,"featured_media":266005,"comment_status":"closed","ping_status":"closed","sticky":false,"template":"","format":"standard","meta":[],"categories":[64],"tags":[519],"suno_strategy":[],"class_list":["post-593383","post","type-post","status-publish","format-standard","has-post-thumbnail","hentry","category-negocios","tag-itau-unibanco-itub3-itub4"],"yoast_head":"<!-- This site is optimized with the Yoast SEO plugin v24.4 - https:\/\/yoast.com\/wordpress\/plugins\/seo\/ -->\n<title>Dividendos do Ita\u00fa (ITUB4) devem crescer?<\/title>\n<meta name=\"description\" content=\"O BTG Pactual divulgou sua nova carteira recomendada de dividendos para fevereiro, e o Ita\u00fa consta no portf\u00f3lio. Clique e veja perspectivas.\" \/>\n<meta name=\"robots\" content=\"index, follow, max-snippet:-1, max-image-preview:large, max-video-preview:-1\" \/>\n<link rel=\"canonical\" href=\"https:\/\/www.suno.com.br\/noticias\/itau-itub4-dividendos-crescer-btg-carteira-gss\/\" \/>\n<meta property=\"og:locale\" content=\"pt_BR\" \/>\n<meta property=\"og:type\" content=\"article\" \/>\n<meta property=\"og:title\" content=\"Dividendos do Ita\u00fa (ITUB4) devem crescer?\" \/>\n<meta property=\"og:description\" content=\"O BTG Pactual divulgou sua nova carteira recomendada de dividendos para fevereiro, e o Ita\u00fa consta no portf\u00f3lio. Clique e veja perspectivas.\" \/>\n<meta property=\"og:url\" content=\"https:\/\/www.suno.com.br\/noticias\/itau-itub4-dividendos-crescer-btg-carteira-gss\/\" \/>\n<meta property=\"og:site_name\" content=\"Suno Not\u00edcias\" \/>\n<meta property=\"article:publisher\" content=\"https:\/\/facebook.com\/sunoresearch\" \/>\n<meta property=\"og:image\" content=\"https:\/\/files.sunoresearch.com.br\/n\/uploads\/2022\/06\/IMAGEM_NOTICIA_0.jpg\" \/>\n\t<meta property=\"og:image:width\" content=\"1200\" \/>\n\t<meta property=\"og:image:height\" content=\"800\" \/>\n\t<meta property=\"og:image:type\" content=\"image\/jpeg\" \/>\n<meta name=\"author\" content=\"Guilherme Serrano\" \/>\n<meta name=\"twitter:card\" content=\"summary_large_image\" \/>\n<meta name=\"twitter:creator\" content=\"@sunoresearch\" \/>\n<meta name=\"twitter:site\" content=\"@sunoresearch\" \/>\n<meta name=\"twitter:label1\" content=\"Escrito por\" \/>\n\t<meta name=\"twitter:data1\" content=\"Guilherme Serrano\" \/>\n\t<meta name=\"twitter:label2\" content=\"Est. tempo de leitura\" \/>\n\t<meta name=\"twitter:data2\" content=\"3 minutos\" \/>\n<script type=\"application\/ld+json\" class=\"yoast-schema-graph\">{\"@context\":\"https:\/\/schema.org\",\"@graph\":[{\"@type\":\"NewsArticle\",\"@id\":\"https:\/\/www.suno.com.br\/noticias\/itau-itub4-dividendos-crescer-btg-carteira-gss\/#article\",\"isPartOf\":{\"@id\":\"https:\/\/www.suno.com.br\/noticias\/itau-itub4-dividendos-crescer-btg-carteira-gss\/\"},\"author\":{\"name\":\"Guilherme Serrano\",\"@id\":\"https:\/\/www.suno.com.br\/noticias\/#\/schema\/person\/d0f07e64bce64aa671feadfb844f04ca\"},\"headline\":\"Dividendos do Ita\u00fa (ITUB4) devem crescer?\",\"datePublished\":\"2025-02-04T17:53:29+00:00\",\"dateModified\":\"2025-02-04T17:53:32+00:00\",\"mainEntityOfPage\":{\"@id\":\"https:\/\/www.suno.com.br\/noticias\/itau-itub4-dividendos-crescer-btg-carteira-gss\/\"},\"wordCount\":377,\"publisher\":{\"@id\":\"https:\/\/www.suno.com.br\/noticias\/#organization\"},\"image\":{\"@id\":\"https:\/\/www.suno.com.br\/noticias\/itau-itub4-dividendos-crescer-btg-carteira-gss\/#primaryimage\"},\"thumbnailUrl\":\"https:\/\/files.sunoresearch.com.br\/n\/uploads\/2022\/06\/IMAGEM_NOTICIA_0.jpg\",\"keywords\":[\"Ita\u00fa Unibanco (ITUB3\/ITUB4)\"],\"articleSection\":[\"Neg\u00f3cios\"],\"inLanguage\":\"pt-BR\"},{\"@type\":\"WebPage\",\"@id\":\"https:\/\/www.suno.com.br\/noticias\/itau-itub4-dividendos-crescer-btg-carteira-gss\/\",\"url\":\"https:\/\/www.suno.com.br\/noticias\/itau-itub4-dividendos-crescer-btg-carteira-gss\/\",\"name\":\"Dividendos do Ita\u00fa (ITUB4) devem crescer?\",\"isPartOf\":{\"@id\":\"https:\/\/www.suno.com.br\/noticias\/#website\"},\"primaryImageOfPage\":{\"@id\":\"https:\/\/www.suno.com.br\/noticias\/itau-itub4-dividendos-crescer-btg-carteira-gss\/#primaryimage\"},\"image\":{\"@id\":\"https:\/\/www.suno.com.br\/noticias\/itau-itub4-dividendos-crescer-btg-carteira-gss\/#primaryimage\"},\"thumbnailUrl\":\"https:\/\/files.sunoresearch.com.br\/n\/uploads\/2022\/06\/IMAGEM_NOTICIA_0.jpg\",\"datePublished\":\"2025-02-04T17:53:29+00:00\",\"dateModified\":\"2025-02-04T17:53:32+00:00\",\"description\":\"O BTG Pactual divulgou sua nova carteira recomendada de dividendos para fevereiro, e o Ita\u00fa consta no portf\u00f3lio. Clique e veja perspectivas.\",\"breadcrumb\":{\"@id\":\"https:\/\/www.suno.com.br\/noticias\/itau-itub4-dividendos-crescer-btg-carteira-gss\/#breadcrumb\"},\"inLanguage\":\"pt-BR\",\"potentialAction\":[{\"@type\":\"ReadAction\",\"target\":[\"https:\/\/www.suno.com.br\/noticias\/itau-itub4-dividendos-crescer-btg-carteira-gss\/\"]}]},{\"@type\":\"ImageObject\",\"inLanguage\":\"pt-BR\",\"@id\":\"https:\/\/www.suno.com.br\/noticias\/itau-itub4-dividendos-crescer-btg-carteira-gss\/#primaryimage\",\"url\":\"https:\/\/files.sunoresearch.com.br\/n\/uploads\/2022\/06\/IMAGEM_NOTICIA_0.jpg\",\"contentUrl\":\"https:\/\/files.sunoresearch.com.br\/n\/uploads\/2022\/06\/IMAGEM_NOTICIA_0.jpg\",\"width\":1200,\"height\":800,\"caption\":\"Temporada de balan\u00e7os. Foto: Ag\u00eancia Brasil.\"},{\"@type\":\"BreadcrumbList\",\"@id\":\"https:\/\/www.suno.com.br\/noticias\/itau-itub4-dividendos-crescer-btg-carteira-gss\/#breadcrumb\",\"itemListElement\":[{\"@type\":\"ListItem\",\"position\":1,\"name\":\"Not\u00edcias\",\"item\":\"https:\/\/www.suno.com.br\/noticias\/\"},{\"@type\":\"ListItem\",\"position\":2,\"name\":\"Neg\u00f3cios\",\"item\":\"https:\/\/www.suno.com.br\/noticias\/negocios\/\"},{\"@type\":\"ListItem\",\"position\":3,\"name\":\"Dividendos do Ita\u00fa (ITUB4) devem crescer?\"}]},{\"@type\":\"WebSite\",\"@id\":\"https:\/\/www.suno.com.br\/noticias\/#website\",\"url\":\"https:\/\/www.suno.com.br\/noticias\/\",\"name\":\"Suno Not\u00edcias\",\"description\":\"Seu portal de informa\u00e7\u00e3o sobre o mundo dos investimentos\",\"publisher\":{\"@id\":\"https:\/\/www.suno.com.br\/noticias\/#organization\"},\"potentialAction\":[{\"@type\":\"SearchAction\",\"target\":{\"@type\":\"EntryPoint\",\"urlTemplate\":\"https:\/\/www.suno.com.br\/noticias\/?s={search_term_string}\"},\"query-input\":{\"@type\":\"PropertyValueSpecification\",\"valueRequired\":true,\"valueName\":\"search_term_string\"}}],\"inLanguage\":\"pt-BR\"},{\"@type\":\"Organization\",\"@id\":\"https:\/\/www.suno.com.br\/noticias\/#organization\",\"name\":\"Suno Not\u00edcias\",\"url\":\"https:\/\/www.suno.com.br\/noticias\/\",\"logo\":{\"@type\":\"ImageObject\",\"inLanguage\":\"pt-BR\",\"@id\":\"https:\/\/www.suno.com.br\/noticias\/#\/schema\/logo\/image\/\",\"url\":\"https:\/\/files.sunoresearch.com.br\/n\/uploads\/2021\/09\/suno-logo.png\",\"contentUrl\":\"https:\/\/files.sunoresearch.com.br\/n\/uploads\/2021\/09\/suno-logo.png\",\"width\":180,\"height\":180,\"caption\":\"Suno Not\u00edcias\"},\"image\":{\"@id\":\"https:\/\/www.suno.com.br\/noticias\/#\/schema\/logo\/image\/\"},\"sameAs\":[\"https:\/\/facebook.com\/sunoresearch\",\"https:\/\/x.com\/sunoresearch\",\"https:\/\/www.instagram.com\/suno\",\"https:\/\/www.linkedin.com\/company\/suno-research\/\",\"https:\/\/www.youtube.com\/c\/sunoresearch\"]},{\"@type\":\"Person\",\"@id\":\"https:\/\/www.suno.com.br\/noticias\/#\/schema\/person\/d0f07e64bce64aa671feadfb844f04ca\",\"name\":\"Guilherme Serrano\",\"image\":{\"@type\":\"ImageObject\",\"inLanguage\":\"pt-BR\",\"@id\":\"https:\/\/www.suno.com.br\/noticias\/#\/schema\/person\/image\/\",\"url\":\"https:\/\/secure.gravatar.com\/avatar\/a90be19d8c67bef61497e4522de30ac4?s=96&r=g\",\"contentUrl\":\"https:\/\/secure.gravatar.com\/avatar\/a90be19d8c67bef61497e4522de30ac4?s=96&r=g\",\"caption\":\"Guilherme Serrano\"},\"description\":\"Jornalista formado pela Faculdade C\u00e1sper L\u00edbero e p\u00f3s-graduado em Can\u00e7\u00e3o Popular pela Faculdade Santa Marcelina. Passagens por R\u00e1dio Gazeta AM, gazetaesportiva.com e TC R\u00e1dio.\",\"url\":\"https:\/\/www.suno.com.br\/noticias\/author\/guilherme-silvasuno-com-br\/\"}]}<\/script>\n<!-- \/ Yoast SEO plugin. -->","yoast_head_json":{"title":"Dividendos do Ita\u00fa (ITUB4) devem crescer?","description":"O BTG Pactual divulgou sua nova carteira recomendada de dividendos para fevereiro, e o Ita\u00fa consta no portf\u00f3lio. Clique e veja perspectivas.","robots":{"index":"index","follow":"follow","max-snippet":"max-snippet:-1","max-image-preview":"max-image-preview:large","max-video-preview":"max-video-preview:-1"},"canonical":"https:\/\/www.suno.com.br\/noticias\/itau-itub4-dividendos-crescer-btg-carteira-gss\/","og_locale":"pt_BR","og_type":"article","og_title":"Dividendos do Ita\u00fa (ITUB4) devem crescer?","og_description":"O BTG Pactual divulgou sua nova carteira recomendada de dividendos para fevereiro, e o Ita\u00fa consta no portf\u00f3lio. Clique e veja perspectivas.","og_url":"https:\/\/www.suno.com.br\/noticias\/itau-itub4-dividendos-crescer-btg-carteira-gss\/","og_site_name":"Suno Not\u00edcias","article_publisher":"https:\/\/facebook.com\/sunoresearch","og_image":[{"width":1200,"height":800,"url":"https:\/\/files.sunoresearch.com.br\/n\/uploads\/2022\/06\/IMAGEM_NOTICIA_0.jpg","type":"image\/jpeg"}],"author":"Guilherme Serrano","twitter_card":"summary_large_image","twitter_creator":"@sunoresearch","twitter_site":"@sunoresearch","twitter_misc":{"Escrito por":"Guilherme Serrano","Est. tempo de leitura":"3 minutos"},"schema":{"@context":"https:\/\/schema.org","@graph":[{"@type":"NewsArticle","@id":"https:\/\/www.suno.com.br\/noticias\/itau-itub4-dividendos-crescer-btg-carteira-gss\/#article","isPartOf":{"@id":"https:\/\/www.suno.com.br\/noticias\/itau-itub4-dividendos-crescer-btg-carteira-gss\/"},"author":{"name":"Guilherme Serrano","@id":"https:\/\/www.suno.com.br\/noticias\/#\/schema\/person\/d0f07e64bce64aa671feadfb844f04ca"},"headline":"Dividendos do Ita\u00fa (ITUB4) devem crescer?","datePublished":"2025-02-04T17:53:29+00:00","dateModified":"2025-02-04T17:53:32+00:00","mainEntityOfPage":{"@id":"https:\/\/www.suno.com.br\/noticias\/itau-itub4-dividendos-crescer-btg-carteira-gss\/"},"wordCount":377,"publisher":{"@id":"https:\/\/www.suno.com.br\/noticias\/#organization"},"image":{"@id":"https:\/\/www.suno.com.br\/noticias\/itau-itub4-dividendos-crescer-btg-carteira-gss\/#primaryimage"},"thumbnailUrl":"https:\/\/files.sunoresearch.com.br\/n\/uploads\/2022\/06\/IMAGEM_NOTICIA_0.jpg","keywords":["Ita\u00fa Unibanco (ITUB3\/ITUB4)"],"articleSection":["Neg\u00f3cios"],"inLanguage":"pt-BR"},{"@type":"WebPage","@id":"https:\/\/www.suno.com.br\/noticias\/itau-itub4-dividendos-crescer-btg-carteira-gss\/","url":"https:\/\/www.suno.com.br\/noticias\/itau-itub4-dividendos-crescer-btg-carteira-gss\/","name":"Dividendos do Ita\u00fa (ITUB4) devem crescer?","isPartOf":{"@id":"https:\/\/www.suno.com.br\/noticias\/#website"},"primaryImageOfPage":{"@id":"https:\/\/www.suno.com.br\/noticias\/itau-itub4-dividendos-crescer-btg-carteira-gss\/#primaryimage"},"image":{"@id":"https:\/\/www.suno.com.br\/noticias\/itau-itub4-dividendos-crescer-btg-carteira-gss\/#primaryimage"},"thumbnailUrl":"https:\/\/files.sunoresearch.com.br\/n\/uploads\/2022\/06\/IMAGEM_NOTICIA_0.jpg","datePublished":"2025-02-04T17:53:29+00:00","dateModified":"2025-02-04T17:53:32+00:00","description":"O BTG Pactual divulgou sua nova carteira recomendada de dividendos para fevereiro, e o Ita\u00fa consta no portf\u00f3lio. Clique e veja perspectivas.","breadcrumb":{"@id":"https:\/\/www.suno.com.br\/noticias\/itau-itub4-dividendos-crescer-btg-carteira-gss\/#breadcrumb"},"inLanguage":"pt-BR","potentialAction":[{"@type":"ReadAction","target":["https:\/\/www.suno.com.br\/noticias\/itau-itub4-dividendos-crescer-btg-carteira-gss\/"]}]},{"@type":"ImageObject","inLanguage":"pt-BR","@id":"https:\/\/www.suno.com.br\/noticias\/itau-itub4-dividendos-crescer-btg-carteira-gss\/#primaryimage","url":"https:\/\/files.sunoresearch.com.br\/n\/uploads\/2022\/06\/IMAGEM_NOTICIA_0.jpg","contentUrl":"https:\/\/files.sunoresearch.com.br\/n\/uploads\/2022\/06\/IMAGEM_NOTICIA_0.jpg","width":1200,"height":800,"caption":"Temporada de balan\u00e7os. Foto: Ag\u00eancia Brasil."},{"@type":"BreadcrumbList","@id":"https:\/\/www.suno.com.br\/noticias\/itau-itub4-dividendos-crescer-btg-carteira-gss\/#breadcrumb","itemListElement":[{"@type":"ListItem","position":1,"name":"Not\u00edcias","item":"https:\/\/www.suno.com.br\/noticias\/"},{"@type":"ListItem","position":2,"name":"Neg\u00f3cios","item":"https:\/\/www.suno.com.br\/noticias\/negocios\/"},{"@type":"ListItem","position":3,"name":"Dividendos do Ita\u00fa (ITUB4) devem crescer?"}]},{"@type":"WebSite","@id":"https:\/\/www.suno.com.br\/noticias\/#website","url":"https:\/\/www.suno.com.br\/noticias\/","name":"Suno Not\u00edcias","description":"Seu portal de informa\u00e7\u00e3o sobre o mundo dos investimentos","publisher":{"@id":"https:\/\/www.suno.com.br\/noticias\/#organization"},"potentialAction":[{"@type":"SearchAction","target":{"@type":"EntryPoint","urlTemplate":"https:\/\/www.suno.com.br\/noticias\/?s={search_term_string}"},"query-input":{"@type":"PropertyValueSpecification","valueRequired":true,"valueName":"search_term_string"}}],"inLanguage":"pt-BR"},{"@type":"Organization","@id":"https:\/\/www.suno.com.br\/noticias\/#organization","name":"Suno Not\u00edcias","url":"https:\/\/www.suno.com.br\/noticias\/","logo":{"@type":"ImageObject","inLanguage":"pt-BR","@id":"https:\/\/www.suno.com.br\/noticias\/#\/schema\/logo\/image\/","url":"https:\/\/files.sunoresearch.com.br\/n\/uploads\/2021\/09\/suno-logo.png","contentUrl":"https:\/\/files.sunoresearch.com.br\/n\/uploads\/2021\/09\/suno-logo.png","width":180,"height":180,"caption":"Suno Not\u00edcias"},"image":{"@id":"https:\/\/www.suno.com.br\/noticias\/#\/schema\/logo\/image\/"},"sameAs":["https:\/\/facebook.com\/sunoresearch","https:\/\/x.com\/sunoresearch","https:\/\/www.instagram.com\/suno","https:\/\/www.linkedin.com\/company\/suno-research\/","https:\/\/www.youtube.com\/c\/sunoresearch"]},{"@type":"Person","@id":"https:\/\/www.suno.com.br\/noticias\/#\/schema\/person\/d0f07e64bce64aa671feadfb844f04ca","name":"Guilherme Serrano","image":{"@type":"ImageObject","inLanguage":"pt-BR","@id":"https:\/\/www.suno.com.br\/noticias\/#\/schema\/person\/image\/","url":"https:\/\/secure.gravatar.com\/avatar\/a90be19d8c67bef61497e4522de30ac4?s=96&r=g","contentUrl":"https:\/\/secure.gravatar.com\/avatar\/a90be19d8c67bef61497e4522de30ac4?s=96&r=g","caption":"Guilherme Serrano"},"description":"Jornalista formado pela Faculdade C\u00e1sper L\u00edbero e p\u00f3s-graduado em Can\u00e7\u00e3o Popular pela Faculdade Santa Marcelina. Passagens por R\u00e1dio Gazeta AM, gazetaesportiva.com e TC R\u00e1dio.","url":"https:\/\/www.suno.com.br\/noticias\/author\/guilherme-silvasuno-com-br\/"}]}},"default_loop_html":"<div class=\"cardsPage__listCard__boxs\"><div class=\"cardsPage__listCard__boxs__img\"><a href=\"https:\/\/www.suno.com.br\/noticias\/itau-itub4-dividendos-crescer-btg-carteira-gss\/\"><img class=\"mask\" src=\"https:\/\/www.suno.com.br\/noticias\/wp-content\/themes\/suno\/resources\/images\/spotlight\/spotlight1img\/bg-mask.png\" alt=\"Image Mask\"\/><img src=\"https:\/\/files.sunoresearch.com.br\/n\/uploads\/2022\/06\/IMAGEM_NOTICIA_0-400x200.jpg\" alt=\"Dividendos do Ita\u00fa (ITUB4) devem crescer?\"\/><\/a><span class=\"spotlightCategory\"><a href=\"https:\/\/www.suno.com.br\/noticias\/negocios\/\">Neg\u00f3cios<\/a><\/span><\/div><div class=\"cardsPage__listCard__boxs__content\"><a href=\"https:\/\/www.suno.com.br\/noticias\/itau-itub4-dividendos-crescer-btg-carteira-gss\/\"><h2 class=\"content__title\">Dividendos do Ita\u00fa (ITUB4) devem crescer?<\/h2><\/a><div class=\"newsContent__article__meta\"><div class=\"newsContent__article__meta__authorBox\"><a href=\"https:\/\/www.suno.com.br\/noticias\/author\/guilherme-silvasuno-com-br\/\" class=\"authorBox__avatar noMobi\"><img src=\"https:\/\/secure.gravatar.com\/avatar\/a90be19d8c67bef61497e4522de30ac4?s=96&#038;r=g\" alt=\"Guilherme Serrano\"><\/a><div class=\"authorBox__name\"><span>por\n\t\t\t<a href=\"https:\/\/www.suno.com.br\/noticias\/author\/guilherme-silvasuno-com-br\/\"><span itemprop=\"author\">Guilherme Serrano<\/span><\/a><\/span><time datetime=\"2025-02-04T14:53:29-03:00\" itemprop=\"datePublished\">04\/02\/2025 14:53<\/time><\/div><\/div><\/div><\/div><\/div>","single_layout":"posts","amp_enabled":true,"_links":{"self":[{"href":"https:\/\/www.suno.com.br\/noticias\/wp-json\/wp\/v2\/posts\/593383"}],"collection":[{"href":"https:\/\/www.suno.com.br\/noticias\/wp-json\/wp\/v2\/posts"}],"about":[{"href":"https:\/\/www.suno.com.br\/noticias\/wp-json\/wp\/v2\/types\/post"}],"author":[{"embeddable":true,"href":"https:\/\/www.suno.com.br\/noticias\/wp-json\/wp\/v2\/users\/376"}],"replies":[{"embeddable":true,"href":"https:\/\/www.suno.com.br\/noticias\/wp-json\/wp\/v2\/comments?post=593383"}],"version-history":[{"count":2,"href":"https:\/\/www.suno.com.br\/noticias\/wp-json\/wp\/v2\/posts\/593383\/revisions"}],"predecessor-version":[{"id":593385,"href":"https:\/\/www.suno.com.br\/noticias\/wp-json\/wp\/v2\/posts\/593383\/revisions\/593385"}],"wp:featuredmedia":[{"embeddable":true,"href":"https:\/\/www.suno.com.br\/noticias\/wp-json\/wp\/v2\/media\/266005"}],"wp:attachment":[{"href":"https:\/\/www.suno.com.br\/noticias\/wp-json\/wp\/v2\/media?parent=593383"}],"wp:term":[{"taxonomy":"category","embeddable":true,"href":"https:\/\/www.suno.com.br\/noticias\/wp-json\/wp\/v2\/categories?post=593383"},{"taxonomy":"post_tag","embeddable":true,"href":"https:\/\/www.suno.com.br\/noticias\/wp-json\/wp\/v2\/tags?post=593383"},{"taxonomy":"suno_strategy","embeddable":true,"href":"https:\/\/www.suno.com.br\/noticias\/wp-json\/wp\/v2\/suno_strategy?post=593383"}],"curies":[{"name":"wp","href":"https:\/\/api.w.org\/{rel}","templated":true}]}}