{"id":59337,"date":"2020-03-28T19:44:59","date_gmt":"2020-03-28T22:44:59","guid":{"rendered":"https:\/\/www.suno.com.br\/noticias\/?p=59337"},"modified":"2020-03-28T19:44:59","modified_gmt":"2020-03-28T22:44:59","slug":"m-dias-branco-mdia3-assembleia-abril","status":"publish","type":"post","link":"https:\/\/www.suno.com.br\/noticias\/m-dias-branco-mdia3-assembleia-abril\/","title":{"rendered":"M. Dias Branco (MDIA3) mant\u00e9m assembleia dos acionistas em abril"},"content":{"rendered":"<p>A empresa de alimentos <a href=\"https:\/\/www.suno.com.br\/acoes\/mdia3\/\"><strong>M. Dias Branco (MDIA3)<\/strong><\/a>\u00a0informou na \u00faltima sexta-feira (27) a manuten\u00e7\u00e3o da <strong><a href=\"https:\/\/www.suno.com.br\/artigos\/assembleia-geral-ordinaria\/\">assembleia geral de acionistas<\/a><\/strong> convocada para 9 de abril.<\/p>\t<div class=\"wrapper-featured-image\">\n\t\t<figure class=\"spotlightImg\">\n\n\t\t\t<picture>\n\t\t\t\t<source media=\"(max-width: 768px)\" srcset=\"https:\/\/files.sunoresearch.com.br\/n\/uploads\/2020\/01\/a58fae25-m.-dias-branco-400x200.webp\">\n\t\t\t\t<img loading=\"lazy\" decoding=\"async\" class=\"newsContent__article__imgCapa lazyloadDisabled newsContent__article__imgCapa--noCaption\" src=\"https:\/\/files.sunoresearch.com.br\/n\/uploads\/2020\/01\/a58fae25-m.-dias-branco-800x450.webp\" width=\"800\" height=\"450\" alt=\"M. Dias Branco (MDIA3) mant\u00e9m assembleia dos acionistas em abril\" fetchpriority=high \/>\n\t\t\t<\/picture>\n\n\t\t\t<figcaption class=\"wp-caption-text wp-caption-text--hide\">Segundo seu  vice-presidente de investimentos a da M. Dias Branco (MDIA3) est\u00e1 atenta \u00e0s oportunidades de fus\u00e3o e aquisi\u00e7\u00e3o.<\/figcaption>\n\t\t<\/figure>\n\t<\/div>\n\n\n\n<p>Todavia, a M. Dias Branco salientou como seria mais adequado que seus acionistas participem atrav\u00e9s de vota\u00e7\u00e3o a dist\u00e2ncia. Uma medida provocada pelo surto de <strong><a href=\"https:\/\/www.suno.com.br\/noticias\/coronavirus\/\">coronav\u00edrus (covid-19)<\/a><\/strong>.<\/p>\n<p>Al\u00e9m da assembleia dos acionistas, tamb\u00e9m as reuni\u00f5es j\u00e1 previstas dos \u00f3rg\u00e3os da administra\u00e7\u00e3o como:<\/p>\n<ul>\n<li>diretoria estatut\u00e1ria<\/li>\n<li><a href=\"https:\/\/www.suno.com.br\/artigos\/conselho-administracao\/\">conselho de administra\u00e7\u00e3o <\/a><\/li>\n<li>comit\u00eas de assessoramento<\/li>\n<\/ul>\n<p>tamb\u00e9m foram mantidas. Elas ser\u00e3o realizadas atrav\u00e9s de videoconfer\u00eancia nas datas programadas.<\/p>\n<p>Segundo a empresa, at\u00e9 o momento n\u00e3o foram registrados efeitos significativos em suas opera\u00e7\u00f5es provocados pela pandemia de coronav\u00edrus. Entretanto, salientou que vai manter\u00a0os acionistas e o mercado \u201cdevidamente informados em caso de mudan\u00e7as significativas do cen\u00e1rio e do consequente impacto em seus neg\u00f3cios\u201d.<\/p>\n<p><a href=\"https:\/\/www.suno.com.br\/noticias\/m-dias-branco-registra-alta-de-895-em-seu-lucro-liquido-no-4t19\/\">Saiba mais: M. Dias Branco (MDIA3) registra alta de 89,5% no lucro l\u00edquido do 4T19<\/a><\/p>\n<p>A empresa salientou em comunicado que \u201cvem adotando as medidas necess\u00e1rias e recomend\u00e1veis\u201d \u00e0 mitiga\u00e7\u00e3o dos efeitos decorrentes do avan\u00e7o da pandemia de coronav\u00edrus, com o objetivo de garantir a sa\u00fade de seus colaboradores e a manuten\u00e7\u00e3o do abastecimento de seus produtos.<\/p>\n<h2>M. Dias Branco cria comit\u00ea de crise contra coronav\u00edrus<\/h2>\n<p>No documento, a M. Dias Branco informou que foi criado um comit\u00ea de crise para enfrentar o surto de coronav\u00edrus e tratar das a\u00e7\u00f5es necess\u00e1rias nas \u00e1reas de:<\/p>\n<ul>\n<li>gest\u00e3o de pessoas<\/li>\n<li>clientes e marcas<\/li>\n<li>cadeia de suprimentos<\/li>\n<li>financeira<\/li>\n<\/ul>\n<p>Os funcion\u00e1rios da empresa agora t\u00eam a op\u00e7\u00e3o de trabalhar de home office e foram dispensados das atividades presenciais todos os que est\u00e3o no grupo de risco. A produtora de alimentos tamb\u00e9m cancelou viagens e participa\u00e7\u00e3o em eventos onde ocorrem aglomera\u00e7\u00f5es de pessoas.<\/p>\n\t<p>\n\t\t<a href=\"https:\/\/www.suno.com.br\/wealth\/\" target=\"_blank\" data-element=\"shortcode-suno-banner\" title=\"Banner SUNO, clique e saiba mais\">\n\t\t\t<picture>\n\t\t\t\t<source media=\"(max-width: 500px)\" srcset=\"https:\/\/files.sunoresearch.com.br\/n\/uploads\/2024\/01\/400x300-Mobile-WEALTH.png\">\n\t\t\t\t<img class=\"newsContent__article__imgCapa newsContent__article__imgCapa--banner\"\n\t\t\t\t\tsrc=\"https:\/\/files.sunoresearch.com.br\/n\/uploads\/2024\/01\/1420x240-Banner-Artigos-1-_-Banner-Materias-1-6.png\"\n\t\t\t\t\tdata-promo-id=\"512147\"\t\t\t\t\t\t\t\t\t\twidth='1420' height='240'\t\t\t\t\talt=\"https:\/\/files.sunoresearch.com.br\/n\/uploads\/2024\/01\/1420x240-Banner-Artigos-1-_-Banner-Materias-1-6.png\"\n\t\t\t\t>\n\t\t\t<\/picture>\n\t\t<\/a>\n\t<\/p>\n\n\n<p>Em \u00faltimo, foi criado um plano de conting\u00eancia com abertura de 500 vagas tempor\u00e1rias, \u201cpara manter o n\u00edvel de atendimento \u00e0s demandas do mercado sem comprometer a sa\u00fade dos funcion\u00e1rios\u201d.<\/p>\n<p>\u201cO acompanhamento para garantir o atendimento a nossos clientes e a continuidade de toda nossa cadeia de suprimento foi intensificado\u201d, informou a <strong>M. Dias Branco<\/strong>, explicado que foram criadas medidas para preserva\u00e7\u00e3o e potencializa\u00e7\u00e3o do caixa da empresa, \u201cde forma a manter a reconhecida solidez financeira da companhia\u201d.<\/p>\n\n<div id=\"njcdgcofcbnlbpkpdhmlmiblaglnkpnj\"><\/div>\n","protected":false},"excerpt":{"rendered":"<p>A empresa de alimentos M. Dias Branco (MDIA3)\u00a0informou na \u00faltima sexta-feira (27) a manuten\u00e7\u00e3o da assembleia geral de acionistas convocada para 9 de abril. Segundo seu vice-presidente de investimentos a da M. Dias Branco (MDIA3) est\u00e1 atenta \u00e0s oportunidades de fus\u00e3o e aquisi\u00e7\u00e3o. Todavia, a M. Dias Branco salientou como seria mais adequado que seus [&hellip;]<\/p>\n","protected":false},"author":9,"featured_media":50419,"comment_status":"closed","ping_status":"closed","sticky":false,"template":"","format":"standard","meta":[],"categories":[64],"tags":[2487,546],"suno_strategy":[],"class_list":["post-59337","post","type-post","status-publish","format-standard","has-post-thumbnail","hentry","category-negocios","tag-coronavirus","tag-m-dias-branco-mdia3"],"yoast_head":"<!-- This site is optimized with the Yoast SEO plugin v24.4 - https:\/\/yoast.com\/wordpress\/plugins\/seo\/ -->\n<title>M. Dias Branco (MDIA3) mant\u00e9m assembleia dos acionistas em abril<\/title>\n<meta name=\"description\" content=\"A M. Dias Branco (MDIA3)\u00a0informou a manuten\u00e7\u00e3o da assembleia geral de acionistas convocada para 9 de abril. Clique aqui e saiba mais.\" \/>\n<meta name=\"robots\" content=\"index, follow, max-snippet:-1, max-image-preview:large, max-video-preview:-1\" \/>\n<link rel=\"canonical\" href=\"https:\/\/www.suno.com.br\/noticias\/m-dias-branco-mdia3-assembleia-abril\/\" \/>\n<meta property=\"og:locale\" content=\"pt_BR\" \/>\n<meta property=\"og:type\" content=\"article\" \/>\n<meta property=\"og:title\" content=\"M. Dias Branco (MDIA3) mant\u00e9m assembleia dos acionistas em abril\" \/>\n<meta property=\"og:description\" content=\"A M. Dias Branco (MDIA3)\u00a0informou a manuten\u00e7\u00e3o da assembleia geral de acionistas convocada para 9 de abril. Clique aqui e saiba mais.\" \/>\n<meta property=\"og:url\" content=\"https:\/\/www.suno.com.br\/noticias\/m-dias-branco-mdia3-assembleia-abril\/\" \/>\n<meta property=\"og:site_name\" content=\"Suno Not\u00edcias\" \/>\n<meta property=\"article:publisher\" content=\"https:\/\/facebook.com\/sunoresearch\" \/>\n<meta property=\"og:image\" content=\"https:\/\/files.sunoresearch.com.br\/n\/uploads\/2020\/01\/a58fae25-m.-dias-branco.jpg\" \/>\n\t<meta property=\"og:image:width\" content=\"960\" \/>\n\t<meta property=\"og:image:height\" content=\"640\" \/>\n\t<meta property=\"og:image:type\" content=\"image\/jpeg\" \/>\n<meta name=\"author\" content=\"Carlo Cauti\" \/>\n<meta name=\"twitter:card\" content=\"summary_large_image\" \/>\n<meta name=\"twitter:creator\" content=\"@sunoresearch\" \/>\n<meta name=\"twitter:site\" content=\"@sunoresearch\" \/>\n<meta name=\"twitter:label1\" content=\"Escrito por\" \/>\n\t<meta name=\"twitter:data1\" content=\"Carlo Cauti\" \/>\n\t<meta name=\"twitter:label2\" content=\"Est. tempo de leitura\" \/>\n\t<meta name=\"twitter:data2\" content=\"2 minutos\" \/>\n<script type=\"application\/ld+json\" class=\"yoast-schema-graph\">{\"@context\":\"https:\/\/schema.org\",\"@graph\":[{\"@type\":\"NewsArticle\",\"@id\":\"https:\/\/www.suno.com.br\/noticias\/m-dias-branco-mdia3-assembleia-abril\/#article\",\"isPartOf\":{\"@id\":\"https:\/\/www.suno.com.br\/noticias\/m-dias-branco-mdia3-assembleia-abril\/\"},\"author\":{\"name\":\"Carlo Cauti\",\"@id\":\"https:\/\/www.suno.com.br\/noticias\/#\/schema\/person\/e6e0f723cc177805027f4566c1d5e0c8\"},\"headline\":\"M. Dias Branco (MDIA3) mant\u00e9m assembleia dos acionistas em abril\",\"datePublished\":\"2020-03-28T22:44:59+00:00\",\"mainEntityOfPage\":{\"@id\":\"https:\/\/www.suno.com.br\/noticias\/m-dias-branco-mdia3-assembleia-abril\/\"},\"wordCount\":424,\"publisher\":{\"@id\":\"https:\/\/www.suno.com.br\/noticias\/#organization\"},\"image\":{\"@id\":\"https:\/\/www.suno.com.br\/noticias\/m-dias-branco-mdia3-assembleia-abril\/#primaryimage\"},\"thumbnailUrl\":\"https:\/\/files.sunoresearch.com.br\/n\/uploads\/2020\/01\/a58fae25-m.-dias-branco-jpg.webp\",\"keywords\":[\"coronav\u00edrus\",\"M.Dias Branco (MDIA3)\"],\"articleSection\":[\"Neg\u00f3cios\"],\"inLanguage\":\"pt-BR\"},{\"@type\":\"WebPage\",\"@id\":\"https:\/\/www.suno.com.br\/noticias\/m-dias-branco-mdia3-assembleia-abril\/\",\"url\":\"https:\/\/www.suno.com.br\/noticias\/m-dias-branco-mdia3-assembleia-abril\/\",\"name\":\"M. Dias Branco (MDIA3) mant\u00e9m assembleia dos acionistas em abril\",\"isPartOf\":{\"@id\":\"https:\/\/www.suno.com.br\/noticias\/#website\"},\"primaryImageOfPage\":{\"@id\":\"https:\/\/www.suno.com.br\/noticias\/m-dias-branco-mdia3-assembleia-abril\/#primaryimage\"},\"image\":{\"@id\":\"https:\/\/www.suno.com.br\/noticias\/m-dias-branco-mdia3-assembleia-abril\/#primaryimage\"},\"thumbnailUrl\":\"https:\/\/files.sunoresearch.com.br\/n\/uploads\/2020\/01\/a58fae25-m.-dias-branco-jpg.webp\",\"datePublished\":\"2020-03-28T22:44:59+00:00\",\"description\":\"A M. Dias Branco (MDIA3)\u00a0informou a manuten\u00e7\u00e3o da assembleia geral de acionistas convocada para 9 de abril. Clique aqui e saiba mais.\",\"breadcrumb\":{\"@id\":\"https:\/\/www.suno.com.br\/noticias\/m-dias-branco-mdia3-assembleia-abril\/#breadcrumb\"},\"inLanguage\":\"pt-BR\",\"potentialAction\":[{\"@type\":\"ReadAction\",\"target\":[\"https:\/\/www.suno.com.br\/noticias\/m-dias-branco-mdia3-assembleia-abril\/\"]}]},{\"@type\":\"ImageObject\",\"inLanguage\":\"pt-BR\",\"@id\":\"https:\/\/www.suno.com.br\/noticias\/m-dias-branco-mdia3-assembleia-abril\/#primaryimage\",\"url\":\"https:\/\/files.sunoresearch.com.br\/n\/uploads\/2020\/01\/a58fae25-m.-dias-branco-jpg.webp\",\"contentUrl\":\"https:\/\/files.sunoresearch.com.br\/n\/uploads\/2020\/01\/a58fae25-m.-dias-branco-jpg.webp\",\"width\":960,\"height\":640,\"caption\":\"Segundo seu vice-presidente de investimentos a da M. Dias Branco (MDIA3) est\u00e1 atenta \u00e0s oportunidades de fus\u00e3o e aquisi\u00e7\u00e3o.\"},{\"@type\":\"BreadcrumbList\",\"@id\":\"https:\/\/www.suno.com.br\/noticias\/m-dias-branco-mdia3-assembleia-abril\/#breadcrumb\",\"itemListElement\":[{\"@type\":\"ListItem\",\"position\":1,\"name\":\"Not\u00edcias\",\"item\":\"https:\/\/www.suno.com.br\/noticias\/\"},{\"@type\":\"ListItem\",\"position\":2,\"name\":\"Neg\u00f3cios\",\"item\":\"https:\/\/www.suno.com.br\/noticias\/negocios\/\"},{\"@type\":\"ListItem\",\"position\":3,\"name\":\"M. Dias Branco (MDIA3) mant\u00e9m assembleia dos acionistas em abril\"}]},{\"@type\":\"WebSite\",\"@id\":\"https:\/\/www.suno.com.br\/noticias\/#website\",\"url\":\"https:\/\/www.suno.com.br\/noticias\/\",\"name\":\"Suno Not\u00edcias\",\"description\":\"Seu portal de informa\u00e7\u00e3o sobre o mundo dos investimentos\",\"publisher\":{\"@id\":\"https:\/\/www.suno.com.br\/noticias\/#organization\"},\"potentialAction\":[{\"@type\":\"SearchAction\",\"target\":{\"@type\":\"EntryPoint\",\"urlTemplate\":\"https:\/\/www.suno.com.br\/noticias\/?s={search_term_string}\"},\"query-input\":{\"@type\":\"PropertyValueSpecification\",\"valueRequired\":true,\"valueName\":\"search_term_string\"}}],\"inLanguage\":\"pt-BR\"},{\"@type\":\"Organization\",\"@id\":\"https:\/\/www.suno.com.br\/noticias\/#organization\",\"name\":\"Suno Not\u00edcias\",\"url\":\"https:\/\/www.suno.com.br\/noticias\/\",\"logo\":{\"@type\":\"ImageObject\",\"inLanguage\":\"pt-BR\",\"@id\":\"https:\/\/www.suno.com.br\/noticias\/#\/schema\/logo\/image\/\",\"url\":\"https:\/\/files.sunoresearch.com.br\/n\/uploads\/2021\/09\/suno-logo.png\",\"contentUrl\":\"https:\/\/files.sunoresearch.com.br\/n\/uploads\/2021\/09\/suno-logo.png\",\"width\":180,\"height\":180,\"caption\":\"Suno Not\u00edcias\"},\"image\":{\"@id\":\"https:\/\/www.suno.com.br\/noticias\/#\/schema\/logo\/image\/\"},\"sameAs\":[\"https:\/\/facebook.com\/sunoresearch\",\"https:\/\/x.com\/sunoresearch\",\"https:\/\/www.instagram.com\/suno\",\"https:\/\/www.linkedin.com\/company\/suno-research\/\",\"https:\/\/www.youtube.com\/c\/sunoresearch\"]},{\"@type\":\"Person\",\"@id\":\"https:\/\/www.suno.com.br\/noticias\/#\/schema\/person\/e6e0f723cc177805027f4566c1d5e0c8\",\"name\":\"Carlo Cauti\",\"image\":{\"@type\":\"ImageObject\",\"inLanguage\":\"pt-BR\",\"@id\":\"https:\/\/www.suno.com.br\/noticias\/#\/schema\/person\/image\/\",\"url\":\"https:\/\/secure.gravatar.com\/avatar\/3ada9e0bd164c23abd4792a9606d583c?s=96&r=g\",\"contentUrl\":\"https:\/\/secure.gravatar.com\/avatar\/3ada9e0bd164c23abd4792a9606d583c?s=96&r=g\",\"caption\":\"Carlo Cauti\"},\"description\":\"Editor multim\u00eddia do SUNO Not\u00edcias. Italiano, formado em Ci\u00eancias Pol\u00edticas pela universidade LUISS G. Carli de Roma e mestre cum laude em Rela\u00e7\u00f5es Internacionais, Jornalismo Internacional e de Guerra e em Economia Internacional. Concluiu tamb\u00e9m um MBA em Finan\u00e7as na B3. No Brasil, teve passagem por ve\u00edculos como Estad\u00e3o, Globo, Veja e EXAME. e nas ag\u00eancias de not\u00edcias italianas ANSA e NOVA.\",\"url\":\"https:\/\/www.suno.com.br\/noticias\/author\/carlo-cauti\/\"}]}<\/script>\n<!-- \/ Yoast SEO plugin. -->","yoast_head_json":{"title":"M. Dias Branco (MDIA3) mant\u00e9m assembleia dos acionistas em abril","description":"A M. Dias Branco (MDIA3)\u00a0informou a manuten\u00e7\u00e3o da assembleia geral de acionistas convocada para 9 de abril. Clique aqui e saiba mais.","robots":{"index":"index","follow":"follow","max-snippet":"max-snippet:-1","max-image-preview":"max-image-preview:large","max-video-preview":"max-video-preview:-1"},"canonical":"https:\/\/www.suno.com.br\/noticias\/m-dias-branco-mdia3-assembleia-abril\/","og_locale":"pt_BR","og_type":"article","og_title":"M. Dias Branco (MDIA3) mant\u00e9m assembleia dos acionistas em abril","og_description":"A M. Dias Branco (MDIA3)\u00a0informou a manuten\u00e7\u00e3o da assembleia geral de acionistas convocada para 9 de abril. Clique aqui e saiba mais.","og_url":"https:\/\/www.suno.com.br\/noticias\/m-dias-branco-mdia3-assembleia-abril\/","og_site_name":"Suno Not\u00edcias","article_publisher":"https:\/\/facebook.com\/sunoresearch","og_image":[{"width":960,"height":640,"url":"https:\/\/files.sunoresearch.com.br\/n\/uploads\/2020\/01\/a58fae25-m.-dias-branco.jpg","type":"image\/jpeg"}],"author":"Carlo Cauti","twitter_card":"summary_large_image","twitter_creator":"@sunoresearch","twitter_site":"@sunoresearch","twitter_misc":{"Escrito por":"Carlo Cauti","Est. tempo de leitura":"2 minutos"},"schema":{"@context":"https:\/\/schema.org","@graph":[{"@type":"NewsArticle","@id":"https:\/\/www.suno.com.br\/noticias\/m-dias-branco-mdia3-assembleia-abril\/#article","isPartOf":{"@id":"https:\/\/www.suno.com.br\/noticias\/m-dias-branco-mdia3-assembleia-abril\/"},"author":{"name":"Carlo Cauti","@id":"https:\/\/www.suno.com.br\/noticias\/#\/schema\/person\/e6e0f723cc177805027f4566c1d5e0c8"},"headline":"M. Dias Branco (MDIA3) mant\u00e9m assembleia dos acionistas em abril","datePublished":"2020-03-28T22:44:59+00:00","mainEntityOfPage":{"@id":"https:\/\/www.suno.com.br\/noticias\/m-dias-branco-mdia3-assembleia-abril\/"},"wordCount":424,"publisher":{"@id":"https:\/\/www.suno.com.br\/noticias\/#organization"},"image":{"@id":"https:\/\/www.suno.com.br\/noticias\/m-dias-branco-mdia3-assembleia-abril\/#primaryimage"},"thumbnailUrl":"https:\/\/files.sunoresearch.com.br\/n\/uploads\/2020\/01\/a58fae25-m.-dias-branco-jpg.webp","keywords":["coronav\u00edrus","M.Dias Branco (MDIA3)"],"articleSection":["Neg\u00f3cios"],"inLanguage":"pt-BR"},{"@type":"WebPage","@id":"https:\/\/www.suno.com.br\/noticias\/m-dias-branco-mdia3-assembleia-abril\/","url":"https:\/\/www.suno.com.br\/noticias\/m-dias-branco-mdia3-assembleia-abril\/","name":"M. Dias Branco (MDIA3) mant\u00e9m assembleia dos acionistas em abril","isPartOf":{"@id":"https:\/\/www.suno.com.br\/noticias\/#website"},"primaryImageOfPage":{"@id":"https:\/\/www.suno.com.br\/noticias\/m-dias-branco-mdia3-assembleia-abril\/#primaryimage"},"image":{"@id":"https:\/\/www.suno.com.br\/noticias\/m-dias-branco-mdia3-assembleia-abril\/#primaryimage"},"thumbnailUrl":"https:\/\/files.sunoresearch.com.br\/n\/uploads\/2020\/01\/a58fae25-m.-dias-branco-jpg.webp","datePublished":"2020-03-28T22:44:59+00:00","description":"A M. Dias Branco (MDIA3)\u00a0informou a manuten\u00e7\u00e3o da assembleia geral de acionistas convocada para 9 de abril. Clique aqui e saiba mais.","breadcrumb":{"@id":"https:\/\/www.suno.com.br\/noticias\/m-dias-branco-mdia3-assembleia-abril\/#breadcrumb"},"inLanguage":"pt-BR","potentialAction":[{"@type":"ReadAction","target":["https:\/\/www.suno.com.br\/noticias\/m-dias-branco-mdia3-assembleia-abril\/"]}]},{"@type":"ImageObject","inLanguage":"pt-BR","@id":"https:\/\/www.suno.com.br\/noticias\/m-dias-branco-mdia3-assembleia-abril\/#primaryimage","url":"https:\/\/files.sunoresearch.com.br\/n\/uploads\/2020\/01\/a58fae25-m.-dias-branco-jpg.webp","contentUrl":"https:\/\/files.sunoresearch.com.br\/n\/uploads\/2020\/01\/a58fae25-m.-dias-branco-jpg.webp","width":960,"height":640,"caption":"Segundo seu vice-presidente de investimentos a da M. Dias Branco (MDIA3) est\u00e1 atenta \u00e0s oportunidades de fus\u00e3o e aquisi\u00e7\u00e3o."},{"@type":"BreadcrumbList","@id":"https:\/\/www.suno.com.br\/noticias\/m-dias-branco-mdia3-assembleia-abril\/#breadcrumb","itemListElement":[{"@type":"ListItem","position":1,"name":"Not\u00edcias","item":"https:\/\/www.suno.com.br\/noticias\/"},{"@type":"ListItem","position":2,"name":"Neg\u00f3cios","item":"https:\/\/www.suno.com.br\/noticias\/negocios\/"},{"@type":"ListItem","position":3,"name":"M. Dias Branco (MDIA3) mant\u00e9m assembleia dos acionistas em abril"}]},{"@type":"WebSite","@id":"https:\/\/www.suno.com.br\/noticias\/#website","url":"https:\/\/www.suno.com.br\/noticias\/","name":"Suno Not\u00edcias","description":"Seu portal de informa\u00e7\u00e3o sobre o mundo dos investimentos","publisher":{"@id":"https:\/\/www.suno.com.br\/noticias\/#organization"},"potentialAction":[{"@type":"SearchAction","target":{"@type":"EntryPoint","urlTemplate":"https:\/\/www.suno.com.br\/noticias\/?s={search_term_string}"},"query-input":{"@type":"PropertyValueSpecification","valueRequired":true,"valueName":"search_term_string"}}],"inLanguage":"pt-BR"},{"@type":"Organization","@id":"https:\/\/www.suno.com.br\/noticias\/#organization","name":"Suno Not\u00edcias","url":"https:\/\/www.suno.com.br\/noticias\/","logo":{"@type":"ImageObject","inLanguage":"pt-BR","@id":"https:\/\/www.suno.com.br\/noticias\/#\/schema\/logo\/image\/","url":"https:\/\/files.sunoresearch.com.br\/n\/uploads\/2021\/09\/suno-logo.png","contentUrl":"https:\/\/files.sunoresearch.com.br\/n\/uploads\/2021\/09\/suno-logo.png","width":180,"height":180,"caption":"Suno Not\u00edcias"},"image":{"@id":"https:\/\/www.suno.com.br\/noticias\/#\/schema\/logo\/image\/"},"sameAs":["https:\/\/facebook.com\/sunoresearch","https:\/\/x.com\/sunoresearch","https:\/\/www.instagram.com\/suno","https:\/\/www.linkedin.com\/company\/suno-research\/","https:\/\/www.youtube.com\/c\/sunoresearch"]},{"@type":"Person","@id":"https:\/\/www.suno.com.br\/noticias\/#\/schema\/person\/e6e0f723cc177805027f4566c1d5e0c8","name":"Carlo Cauti","image":{"@type":"ImageObject","inLanguage":"pt-BR","@id":"https:\/\/www.suno.com.br\/noticias\/#\/schema\/person\/image\/","url":"https:\/\/secure.gravatar.com\/avatar\/3ada9e0bd164c23abd4792a9606d583c?s=96&r=g","contentUrl":"https:\/\/secure.gravatar.com\/avatar\/3ada9e0bd164c23abd4792a9606d583c?s=96&r=g","caption":"Carlo Cauti"},"description":"Editor multim\u00eddia do SUNO Not\u00edcias. Italiano, formado em Ci\u00eancias Pol\u00edticas pela universidade LUISS G. Carli de Roma e mestre cum laude em Rela\u00e7\u00f5es Internacionais, Jornalismo Internacional e de Guerra e em Economia Internacional. Concluiu tamb\u00e9m um MBA em Finan\u00e7as na B3. No Brasil, teve passagem por ve\u00edculos como Estad\u00e3o, Globo, Veja e EXAME. e nas ag\u00eancias de not\u00edcias italianas ANSA e NOVA.","url":"https:\/\/www.suno.com.br\/noticias\/author\/carlo-cauti\/"}]}},"default_loop_html":"<div class=\"cardsPage__listCard__boxs\"><div class=\"cardsPage__listCard__boxs__img\"><a href=\"https:\/\/www.suno.com.br\/noticias\/m-dias-branco-mdia3-assembleia-abril\/\"><img class=\"mask\" src=\"https:\/\/www.suno.com.br\/noticias\/wp-content\/themes\/suno\/resources\/images\/spotlight\/spotlight1img\/bg-mask.png\" alt=\"Image Mask\"\/><img src=\"https:\/\/files.sunoresearch.com.br\/n\/uploads\/2020\/01\/a58fae25-m.-dias-branco-400x200.webp\" alt=\"M. Dias Branco (MDIA3) mant\u00e9m assembleia dos acionistas em abril\"\/><\/a><span class=\"spotlightCategory\"><a href=\"https:\/\/www.suno.com.br\/noticias\/negocios\/\">Neg\u00f3cios<\/a><\/span><\/div><div class=\"cardsPage__listCard__boxs__content\"><a href=\"https:\/\/www.suno.com.br\/noticias\/m-dias-branco-mdia3-assembleia-abril\/\"><h2 class=\"content__title\">M. Dias Branco (MDIA3) mant\u00e9m assembleia dos acionistas em abril<\/h2><\/a><div class=\"newsContent__article__meta\"><div class=\"newsContent__article__meta__authorBox\"><a href=\"https:\/\/www.suno.com.br\/noticias\/author\/carlo-cauti\/\" class=\"authorBox__avatar noMobi\"><img src=\"https:\/\/files.sunoresearch.com.br\/n\/uploads\/2020\/08\/e3745f9a-perfil-carlo-cauti-150x150.webp\" alt=\"Carlo Cauti\"><\/a><div class=\"authorBox__name\"><span>por\n\t\t\t<a href=\"https:\/\/www.suno.com.br\/noticias\/author\/carlo-cauti\/\"><span itemprop=\"author\">Carlo Cauti<\/span><\/a><\/span><time datetime=\"2020-03-28T19:44:59-03:00\" itemprop=\"datePublished\">28\/03\/2020 19:44<\/time><\/div><\/div><\/div><\/div><\/div>","single_layout":"posts","amp_enabled":true,"_links":{"self":[{"href":"https:\/\/www.suno.com.br\/noticias\/wp-json\/wp\/v2\/posts\/59337"}],"collection":[{"href":"https:\/\/www.suno.com.br\/noticias\/wp-json\/wp\/v2\/posts"}],"about":[{"href":"https:\/\/www.suno.com.br\/noticias\/wp-json\/wp\/v2\/types\/post"}],"author":[{"embeddable":true,"href":"https:\/\/www.suno.com.br\/noticias\/wp-json\/wp\/v2\/users\/9"}],"replies":[{"embeddable":true,"href":"https:\/\/www.suno.com.br\/noticias\/wp-json\/wp\/v2\/comments?post=59337"}],"version-history":[{"count":0,"href":"https:\/\/www.suno.com.br\/noticias\/wp-json\/wp\/v2\/posts\/59337\/revisions"}],"wp:featuredmedia":[{"embeddable":true,"href":"https:\/\/www.suno.com.br\/noticias\/wp-json\/wp\/v2\/media\/50419"}],"wp:attachment":[{"href":"https:\/\/www.suno.com.br\/noticias\/wp-json\/wp\/v2\/media?parent=59337"}],"wp:term":[{"taxonomy":"category","embeddable":true,"href":"https:\/\/www.suno.com.br\/noticias\/wp-json\/wp\/v2\/categories?post=59337"},{"taxonomy":"post_tag","embeddable":true,"href":"https:\/\/www.suno.com.br\/noticias\/wp-json\/wp\/v2\/tags?post=59337"},{"taxonomy":"suno_strategy","embeddable":true,"href":"https:\/\/www.suno.com.br\/noticias\/wp-json\/wp\/v2\/suno_strategy?post=59337"}],"curies":[{"name":"wp","href":"https:\/\/api.w.org\/{rel}","templated":true}]}}