{"id":59334,"date":"2020-03-28T19:25:57","date_gmt":"2020-03-28T22:25:57","guid":{"rendered":"https:\/\/www.suno.com.br\/noticias\/?p=59334"},"modified":"2020-03-28T19:25:57","modified_gmt":"2020-03-28T22:25:57","slug":"banco-safra-aumenta-projecao-queda-pib","status":"publish","type":"post","link":"https:\/\/www.suno.com.br\/noticias\/banco-safra-aumenta-projecao-queda-pib\/","title":{"rendered":"Banco Safra aumenta proje\u00e7\u00e3o de queda do PIB para 2,8%"},"content":{"rendered":"<p>O <strong>banco Safra<\/strong> aumentou neste s\u00e1bado (28) a previs\u00e3o para a contra\u00e7\u00e3o do <strong><a href=\"https:\/\/www.suno.com.br\/artigos\/pib-produto-interno-bruto\/\">Produto Interno Bruto (PIB)<\/a><\/strong> do Brasil em 2020. A proje\u00e7\u00e3o anterior era de uma queda de 0,3%, e agora foi para uma redu\u00e7\u00e3o 2,8%.<\/p>\t<div class=\"wrapper-featured-image\">\n\t\t<figure class=\"spotlightImg\">\n\n\t\t\t<picture>\n\t\t\t\t<source media=\"(max-width: 768px)\" srcset=\"https:\/\/files.sunoresearch.com.br\/n\/uploads\/2019\/04\/00fd9396-banco-safra-400x200.webp\">\n\t\t\t\t<img loading=\"lazy\" decoding=\"async\" class=\"newsContent__article__imgCapa lazyloadDisabled newsContent__article__imgCapa--noCaption\" src=\"https:\/\/files.sunoresearch.com.br\/n\/uploads\/2019\/04\/00fd9396-banco-safra-800x450.webp\" width=\"800\" height=\"450\" alt=\"Banco Safra aumenta proje\u00e7\u00e3o de queda do PIB para 2,8%\" fetchpriority=high \/>\n\t\t\t<\/picture>\n\n\t\t\t<figcaption class=\"wp-caption-text wp-caption-text--hide\">Banco Safra recomenda a\u00e7\u00f5es para 2022, prevendo ano fraco para o Ibovespa. Foto: divulga\u00e7\u00e3o.<\/figcaption>\n\t\t<\/figure>\n\t<\/div>\n\n\n\n<p>Segundo o Safra, os analistas realizaram a revis\u00e3o &#8220;em virtude da forte paralisa\u00e7\u00e3o da atividade econ\u00f4mica&#8221; provocada pela pandemia de <strong><a href=\"https:\/\/www.suno.com.br\/noticias\/coronavirus\/\">coronav\u00edrus (covid-19)<\/a><\/strong>.<\/p>\n<p>No caso do resultado do segundo trimestre, o banco prev\u00ea uma queda do <strong>PIB<\/strong> de 10% em rela\u00e7\u00e3o aos primeiros tr\u00eas meses do ano, com ajuste sazonal.<\/p>\n<p>&#8220;Vale observar tamb\u00e9m que in\u00fameras pol\u00edticas de est\u00edmulo que est\u00e3o sendo anunciadas poder\u00e3o minimizar essa situa\u00e7\u00e3o e assim levar a uma contra\u00e7\u00e3o menor que os 2,8% aqui considerados&#8221;, informou o banco.<\/p>\n<p>Entretanto, segundo o Safra, \u00e9 &#8220;importante ressaltar que essa estimativa embute um grau de incerteza bem mais elevado que o usual&#8221;.<\/p>\n<h2>Safra rev\u00ea tamb\u00e9m outros indicadores<\/h2>\n<p>Al\u00e9m do <strong>PIB,<\/strong> o Safra tamb\u00e9m reavaliou outros indicadores macroecon\u00f4micos. Entre eles, o <a href=\"https:\/\/www.suno.com.br\/artigos\/ipca\/\"><strong>\u00cdndice de Pre\u00e7os ao Consumido Amplo (IPCA)<\/strong><\/a>, que caiu para 2,2% contra uma previs\u00e3o pr\u00e9via de 2,5%.<\/p>\n\t<p>\n\t\t<a href=\"https:\/\/lp.suno.com.br\/ao\/cadastro-whatsapp\/\" target=\"_blank\" data-element=\"shortcode-suno-banner\" title=\"Banner SUNO, clique e saiba mais\">\n\t\t\t<picture>\n\t\t\t\t<source media=\"(max-width: 500px)\" srcset=\"https:\/\/files.sunoresearch.com.br\/n\/uploads\/2024\/02\/400x300-Mobile-Artigos-7.png\">\n\t\t\t\t<img class=\"newsContent__article__imgCapa newsContent__article__imgCapa--banner\"\n\t\t\t\t\tsrc=\"https:\/\/files.sunoresearch.com.br\/n\/uploads\/2024\/01\/1420x240-Banner-Artigos-1-_-Banner-Materias-8.png\"\n\t\t\t\t\tdata-promo-id=\"517344\"\t\t\t\t\t\t\t\t\t\twidth='1420' height='240'\t\t\t\t\talt=\"https:\/\/files.sunoresearch.com.br\/n\/uploads\/2024\/01\/1420x240-Banner-Artigos-1-_-Banner-Materias-8.png\"\n\t\t\t\t>\n\t\t\t<\/picture>\n\t\t<\/a>\n\t<\/p>\n\n\n<p>Por outro lado, a previs\u00e3o de <strong>d\u00edvida p\u00fablica bruta<\/strong> em rela\u00e7\u00e3o ao PIB aumentou, passando de 75,2% para 83,1% at\u00e9 o final de 2020. Em 2019 essa porcentagem foi de 75,8%.<\/p>\n<p><a href=\"https:\/\/www.suno.com.br\/noticias\/barclays-revisa-pib-queda\/\">Saiba mais: Barclays revisa proje\u00e7\u00e3o do PIB de 2020 e passa a ver queda de 0,5%<\/a><\/p>\n<p>Al\u00e9m disso, o <strong>d\u00e9ficit prim\u00e1rio<\/strong> das contas p\u00fablica dever\u00e1 superar os R$ 199,8 bilh\u00f5es, chegando at\u00e9 R$ 343 bilh\u00f5es. Por \u00faltimo, o <strong>desemprego<\/strong> chegar\u00e1 at\u00e9 13% no final do ano. Nos primeiros tr\u00eas meses do ano essa porcentagem foi de 11,2%, segundo dados do <strong>Instituto Brasileiro de Geografia e Estat\u00edstica (IBGE).<\/strong><\/p>\n<h2>Barclays tamb\u00e9m cortou previs\u00e3o do PIB<\/h2>\n<p>Na \u00faltima semana outras institui\u00e7\u00f5es financeiras tamb\u00e9m cortaram suas previs\u00f5es para o PIB desse ano. Por exemplo, o banco brit\u00e2nico <strong>Barclays<\/strong> prev\u00ea que a atividade econ\u00f4mica no Pa\u00eds caia de\u00a00,5%.<\/p>\n\t<p>\n\t\t<a href=\"https:\/\/lp.suno.com.br\/plataforma-de-controle-de-investimentos\/\" target=\"_blank\" data-element=\"shortcode-suno-banner\" title=\"Banner SUNO, clique e saiba mais\">\n\t\t\t<picture>\n\t\t\t\t<source media=\"(max-width: 500px)\" srcset=\"https:\/\/files.sunoresearch.com.br\/n\/uploads\/2023\/03\/400x300-Controle-de-Investimentos.png\">\n\t\t\t\t<img class=\"newsContent__article__imgCapa newsContent__article__imgCapa--banner\"\n\t\t\t\t\tsrc=\"https:\/\/files.sunoresearch.com.br\/n\/uploads\/2023\/03\/1420x240-Controle-de-Investimentos.png\"\n\t\t\t\t\tdata-promo-id=\"383162\"\t\t\t\t\t\t\t\t\t\twidth='1420' height='240'\t\t\t\t\talt=\"https:\/\/files.sunoresearch.com.br\/n\/uploads\/2023\/03\/1420x240-Controle-de-Investimentos.png\"\n\t\t\t\t>\n\t\t\t<\/picture>\n\t\t<\/a>\n\t<\/p>\n\n\n<p>No dia 20 o <strong>Barclays<\/strong> havia cortado sua proje\u00e7\u00e3o de aumento de 1,7% para uma alta de 0,4%. As novas estimativas contemplam os 15 dias de quarentena no estado de S\u00e3o Paulo, no entanto o economista-chefe do banco no Brasil, Roberto Secemki, afirmou que o\u00a0 <strong>PIB<\/strong> poderia recuar 3% em 2020, a depender da extens\u00e3o das paralisa\u00e7\u00f5es.<\/p>\n<p>No in\u00edcio deste ano, o banco brit\u00e2nico projetava uma expans\u00e3o de 2,3% da economia do Brasil. Em seguida, no m\u00eas de fevereiro, o institui\u00e7\u00e3o financeira cortou a previs\u00e3o para 2%, ap\u00f3s considerar os efeitos do novo <strong>coronav\u00edrus<\/strong> para a China e a, consequente, redu\u00e7\u00e3o da <a href=\"https:\/\/www.suno.com.br\/artigos\/oferta-demanda\/\">demanda<\/a> por importa\u00e7\u00f5es.<\/p>\n<p><a href=\"https:\/\/www.suno.com.br\/noticias\/moodys-preve-queda-pib-brasil-2020\/\">Saiba mais: Moody&#8217;s prev\u00ea queda de 1,6% do PIB do Brasil em 2020<\/a><\/p>\n<p>Segundo o banco, a dissemina\u00e7\u00e3o do novo <strong>coronav\u00edrus<\/strong> em escala global levou a tomada de medidas preventivas e a queda da confian\u00e7a dos investidores. Da mesma forma, as reocupa\u00e7\u00f5es acerca da pandemia levaram a piora das condi\u00e7\u00f5es financeiras globais e as incertezas pol\u00edticas dom\u00e9sticas no Brasil contribu\u00edram para a proje\u00e7\u00e3o.<\/p>\n<p>Assim como o banco <strong>Safra,<\/strong> o <strong>Barclays<\/strong> estima que o governo federal registrar\u00e1 um aumento do <a href=\"https:\/\/www.suno.com.br\/artigos\/deficit-primario\/\">d\u00e9ficit p\u00fablico<\/a>, que chegar\u00e1 a R$ 204,5 bilh\u00f5es. O valor representa 2,7% do PIB total do Brasil, frente aos R$ 100 bilh\u00f5es anteriormente.<\/p>\n\n<div id=\"njcdgcofcbnlbpkpdhmlmiblaglnkpnj\"><\/div>\n","protected":false},"excerpt":{"rendered":"<p>O banco Safra aumentou neste s\u00e1bado (28) a previs\u00e3o para a contra\u00e7\u00e3o do Produto Interno Bruto (PIB) do Brasil em 2020. A proje\u00e7\u00e3o anterior era de uma queda de 0,3%, e agora foi para uma redu\u00e7\u00e3o 2,8%. Banco Safra recomenda a\u00e7\u00f5es para 2022, prevendo ano fraco para o Ibovespa. Foto: divulga\u00e7\u00e3o. Segundo o Safra, os [&hellip;]<\/p>\n","protected":false},"author":9,"featured_media":20226,"comment_status":"closed","ping_status":"closed","sticky":false,"template":"","format":"standard","meta":[],"categories":[64],"tags":[1518,2487,807],"suno_strategy":[],"class_list":["post-59334","post","type-post","status-publish","format-standard","has-post-thumbnail","hentry","category-negocios","tag-banco-safra","tag-coronavirus","tag-produto-interno-bruto-pib"],"yoast_head":"<!-- This site is optimized with the Yoast SEO plugin v24.4 - https:\/\/yoast.com\/wordpress\/plugins\/seo\/ -->\n<title>Banco Safra aumenta proje\u00e7\u00e3o de queda do PIB para 2,8%<\/title>\n<meta name=\"description\" content=\"O banco Safra aumentou a previs\u00e3o para a contra\u00e7\u00e3o do Produto Interno Bruto (PIB) do Brasil em 2020. Clique aqui para saber mais.\" \/>\n<meta name=\"robots\" content=\"index, follow, max-snippet:-1, max-image-preview:large, max-video-preview:-1\" \/>\n<link rel=\"canonical\" href=\"https:\/\/www.suno.com.br\/noticias\/banco-safra-aumenta-projecao-queda-pib\/\" \/>\n<meta property=\"og:locale\" content=\"pt_BR\" \/>\n<meta property=\"og:type\" content=\"article\" \/>\n<meta property=\"og:title\" content=\"Banco Safra aumenta proje\u00e7\u00e3o de queda do PIB para 2,8%\" \/>\n<meta property=\"og:description\" content=\"O banco Safra aumentou a previs\u00e3o para a contra\u00e7\u00e3o do Produto Interno Bruto (PIB) do Brasil em 2020. Clique aqui para saber mais.\" \/>\n<meta property=\"og:url\" content=\"https:\/\/www.suno.com.br\/noticias\/banco-safra-aumenta-projecao-queda-pib\/\" \/>\n<meta property=\"og:site_name\" content=\"Suno Not\u00edcias\" \/>\n<meta property=\"article:publisher\" content=\"https:\/\/facebook.com\/sunoresearch\" \/>\n<meta property=\"og:image\" content=\"https:\/\/files.sunoresearch.com.br\/n\/uploads\/2019\/04\/00fd9396-banco-safra.jpeg\" \/>\n\t<meta property=\"og:image:width\" content=\"3000\" \/>\n\t<meta property=\"og:image:height\" content=\"2002\" \/>\n\t<meta property=\"og:image:type\" content=\"image\/jpeg\" \/>\n<meta name=\"author\" content=\"Carlo Cauti\" \/>\n<meta name=\"twitter:card\" content=\"summary_large_image\" \/>\n<meta name=\"twitter:creator\" content=\"@sunoresearch\" \/>\n<meta name=\"twitter:site\" content=\"@sunoresearch\" \/>\n<meta name=\"twitter:label1\" content=\"Escrito por\" \/>\n\t<meta name=\"twitter:data1\" content=\"Carlo Cauti\" \/>\n\t<meta name=\"twitter:label2\" content=\"Est. tempo de leitura\" \/>\n\t<meta name=\"twitter:data2\" content=\"3 minutos\" \/>\n<script type=\"application\/ld+json\" class=\"yoast-schema-graph\">{\"@context\":\"https:\/\/schema.org\",\"@graph\":[{\"@type\":\"NewsArticle\",\"@id\":\"https:\/\/www.suno.com.br\/noticias\/banco-safra-aumenta-projecao-queda-pib\/#article\",\"isPartOf\":{\"@id\":\"https:\/\/www.suno.com.br\/noticias\/banco-safra-aumenta-projecao-queda-pib\/\"},\"author\":{\"name\":\"Carlo Cauti\",\"@id\":\"https:\/\/www.suno.com.br\/noticias\/#\/schema\/person\/e6e0f723cc177805027f4566c1d5e0c8\"},\"headline\":\"Banco Safra aumenta proje\u00e7\u00e3o de queda do PIB para 2,8%\",\"datePublished\":\"2020-03-28T22:25:57+00:00\",\"mainEntityOfPage\":{\"@id\":\"https:\/\/www.suno.com.br\/noticias\/banco-safra-aumenta-projecao-queda-pib\/\"},\"wordCount\":580,\"publisher\":{\"@id\":\"https:\/\/www.suno.com.br\/noticias\/#organization\"},\"image\":{\"@id\":\"https:\/\/www.suno.com.br\/noticias\/banco-safra-aumenta-projecao-queda-pib\/#primaryimage\"},\"thumbnailUrl\":\"https:\/\/files.sunoresearch.com.br\/n\/uploads\/2019\/04\/00fd9396-banco-safra-scaled.webp\",\"keywords\":[\"Banco Safra\",\"coronav\u00edrus\",\"Produto Interno Bruto (PIB)\"],\"articleSection\":[\"Neg\u00f3cios\"],\"inLanguage\":\"pt-BR\"},{\"@type\":\"WebPage\",\"@id\":\"https:\/\/www.suno.com.br\/noticias\/banco-safra-aumenta-projecao-queda-pib\/\",\"url\":\"https:\/\/www.suno.com.br\/noticias\/banco-safra-aumenta-projecao-queda-pib\/\",\"name\":\"Banco Safra aumenta proje\u00e7\u00e3o de queda do PIB para 2,8%\",\"isPartOf\":{\"@id\":\"https:\/\/www.suno.com.br\/noticias\/#website\"},\"primaryImageOfPage\":{\"@id\":\"https:\/\/www.suno.com.br\/noticias\/banco-safra-aumenta-projecao-queda-pib\/#primaryimage\"},\"image\":{\"@id\":\"https:\/\/www.suno.com.br\/noticias\/banco-safra-aumenta-projecao-queda-pib\/#primaryimage\"},\"thumbnailUrl\":\"https:\/\/files.sunoresearch.com.br\/n\/uploads\/2019\/04\/00fd9396-banco-safra-scaled.webp\",\"datePublished\":\"2020-03-28T22:25:57+00:00\",\"description\":\"O banco Safra aumentou a previs\u00e3o para a contra\u00e7\u00e3o do Produto Interno Bruto (PIB) do Brasil em 2020. Clique aqui para saber mais.\",\"breadcrumb\":{\"@id\":\"https:\/\/www.suno.com.br\/noticias\/banco-safra-aumenta-projecao-queda-pib\/#breadcrumb\"},\"inLanguage\":\"pt-BR\",\"potentialAction\":[{\"@type\":\"ReadAction\",\"target\":[\"https:\/\/www.suno.com.br\/noticias\/banco-safra-aumenta-projecao-queda-pib\/\"]}]},{\"@type\":\"ImageObject\",\"inLanguage\":\"pt-BR\",\"@id\":\"https:\/\/www.suno.com.br\/noticias\/banco-safra-aumenta-projecao-queda-pib\/#primaryimage\",\"url\":\"https:\/\/files.sunoresearch.com.br\/n\/uploads\/2019\/04\/00fd9396-banco-safra-scaled.webp\",\"contentUrl\":\"https:\/\/files.sunoresearch.com.br\/n\/uploads\/2019\/04\/00fd9396-banco-safra-scaled.webp\",\"width\":2560,\"height\":1708,\"caption\":\"Banco Safra recomenda a\u00e7\u00f5es para 2022, prevendo ano fraco para o Ibovespa. Foto: divulga\u00e7\u00e3o.\"},{\"@type\":\"BreadcrumbList\",\"@id\":\"https:\/\/www.suno.com.br\/noticias\/banco-safra-aumenta-projecao-queda-pib\/#breadcrumb\",\"itemListElement\":[{\"@type\":\"ListItem\",\"position\":1,\"name\":\"Not\u00edcias\",\"item\":\"https:\/\/www.suno.com.br\/noticias\/\"},{\"@type\":\"ListItem\",\"position\":2,\"name\":\"Neg\u00f3cios\",\"item\":\"https:\/\/www.suno.com.br\/noticias\/negocios\/\"},{\"@type\":\"ListItem\",\"position\":3,\"name\":\"Banco Safra aumenta proje\u00e7\u00e3o de queda do PIB para 2,8%\"}]},{\"@type\":\"WebSite\",\"@id\":\"https:\/\/www.suno.com.br\/noticias\/#website\",\"url\":\"https:\/\/www.suno.com.br\/noticias\/\",\"name\":\"Suno Not\u00edcias\",\"description\":\"Seu portal de informa\u00e7\u00e3o sobre o mundo dos investimentos\",\"publisher\":{\"@id\":\"https:\/\/www.suno.com.br\/noticias\/#organization\"},\"potentialAction\":[{\"@type\":\"SearchAction\",\"target\":{\"@type\":\"EntryPoint\",\"urlTemplate\":\"https:\/\/www.suno.com.br\/noticias\/?s={search_term_string}\"},\"query-input\":{\"@type\":\"PropertyValueSpecification\",\"valueRequired\":true,\"valueName\":\"search_term_string\"}}],\"inLanguage\":\"pt-BR\"},{\"@type\":\"Organization\",\"@id\":\"https:\/\/www.suno.com.br\/noticias\/#organization\",\"name\":\"Suno Not\u00edcias\",\"url\":\"https:\/\/www.suno.com.br\/noticias\/\",\"logo\":{\"@type\":\"ImageObject\",\"inLanguage\":\"pt-BR\",\"@id\":\"https:\/\/www.suno.com.br\/noticias\/#\/schema\/logo\/image\/\",\"url\":\"https:\/\/files.sunoresearch.com.br\/n\/uploads\/2021\/09\/suno-logo.png\",\"contentUrl\":\"https:\/\/files.sunoresearch.com.br\/n\/uploads\/2021\/09\/suno-logo.png\",\"width\":180,\"height\":180,\"caption\":\"Suno Not\u00edcias\"},\"image\":{\"@id\":\"https:\/\/www.suno.com.br\/noticias\/#\/schema\/logo\/image\/\"},\"sameAs\":[\"https:\/\/facebook.com\/sunoresearch\",\"https:\/\/x.com\/sunoresearch\",\"https:\/\/www.instagram.com\/suno\",\"https:\/\/www.linkedin.com\/company\/suno-research\/\",\"https:\/\/www.youtube.com\/c\/sunoresearch\"]},{\"@type\":\"Person\",\"@id\":\"https:\/\/www.suno.com.br\/noticias\/#\/schema\/person\/e6e0f723cc177805027f4566c1d5e0c8\",\"name\":\"Carlo Cauti\",\"image\":{\"@type\":\"ImageObject\",\"inLanguage\":\"pt-BR\",\"@id\":\"https:\/\/www.suno.com.br\/noticias\/#\/schema\/person\/image\/\",\"url\":\"https:\/\/secure.gravatar.com\/avatar\/3ada9e0bd164c23abd4792a9606d583c?s=96&r=g\",\"contentUrl\":\"https:\/\/secure.gravatar.com\/avatar\/3ada9e0bd164c23abd4792a9606d583c?s=96&r=g\",\"caption\":\"Carlo Cauti\"},\"description\":\"Editor multim\u00eddia do SUNO Not\u00edcias. Italiano, formado em Ci\u00eancias Pol\u00edticas pela universidade LUISS G. Carli de Roma e mestre cum laude em Rela\u00e7\u00f5es Internacionais, Jornalismo Internacional e de Guerra e em Economia Internacional. Concluiu tamb\u00e9m um MBA em Finan\u00e7as na B3. No Brasil, teve passagem por ve\u00edculos como Estad\u00e3o, Globo, Veja e EXAME. e nas ag\u00eancias de not\u00edcias italianas ANSA e NOVA.\",\"url\":\"https:\/\/www.suno.com.br\/noticias\/author\/carlo-cauti\/\"}]}<\/script>\n<!-- \/ Yoast SEO plugin. -->","yoast_head_json":{"title":"Banco Safra aumenta proje\u00e7\u00e3o de queda do PIB para 2,8%","description":"O banco Safra aumentou a previs\u00e3o para a contra\u00e7\u00e3o do Produto Interno Bruto (PIB) do Brasil em 2020. Clique aqui para saber mais.","robots":{"index":"index","follow":"follow","max-snippet":"max-snippet:-1","max-image-preview":"max-image-preview:large","max-video-preview":"max-video-preview:-1"},"canonical":"https:\/\/www.suno.com.br\/noticias\/banco-safra-aumenta-projecao-queda-pib\/","og_locale":"pt_BR","og_type":"article","og_title":"Banco Safra aumenta proje\u00e7\u00e3o de queda do PIB para 2,8%","og_description":"O banco Safra aumentou a previs\u00e3o para a contra\u00e7\u00e3o do Produto Interno Bruto (PIB) do Brasil em 2020. Clique aqui para saber mais.","og_url":"https:\/\/www.suno.com.br\/noticias\/banco-safra-aumenta-projecao-queda-pib\/","og_site_name":"Suno Not\u00edcias","article_publisher":"https:\/\/facebook.com\/sunoresearch","og_image":[{"width":3000,"height":2002,"url":"https:\/\/files.sunoresearch.com.br\/n\/uploads\/2019\/04\/00fd9396-banco-safra.jpeg","type":"image\/jpeg"}],"author":"Carlo Cauti","twitter_card":"summary_large_image","twitter_creator":"@sunoresearch","twitter_site":"@sunoresearch","twitter_misc":{"Escrito por":"Carlo Cauti","Est. tempo de leitura":"3 minutos"},"schema":{"@context":"https:\/\/schema.org","@graph":[{"@type":"NewsArticle","@id":"https:\/\/www.suno.com.br\/noticias\/banco-safra-aumenta-projecao-queda-pib\/#article","isPartOf":{"@id":"https:\/\/www.suno.com.br\/noticias\/banco-safra-aumenta-projecao-queda-pib\/"},"author":{"name":"Carlo Cauti","@id":"https:\/\/www.suno.com.br\/noticias\/#\/schema\/person\/e6e0f723cc177805027f4566c1d5e0c8"},"headline":"Banco Safra aumenta proje\u00e7\u00e3o de queda do PIB para 2,8%","datePublished":"2020-03-28T22:25:57+00:00","mainEntityOfPage":{"@id":"https:\/\/www.suno.com.br\/noticias\/banco-safra-aumenta-projecao-queda-pib\/"},"wordCount":580,"publisher":{"@id":"https:\/\/www.suno.com.br\/noticias\/#organization"},"image":{"@id":"https:\/\/www.suno.com.br\/noticias\/banco-safra-aumenta-projecao-queda-pib\/#primaryimage"},"thumbnailUrl":"https:\/\/files.sunoresearch.com.br\/n\/uploads\/2019\/04\/00fd9396-banco-safra-scaled.webp","keywords":["Banco Safra","coronav\u00edrus","Produto Interno Bruto (PIB)"],"articleSection":["Neg\u00f3cios"],"inLanguage":"pt-BR"},{"@type":"WebPage","@id":"https:\/\/www.suno.com.br\/noticias\/banco-safra-aumenta-projecao-queda-pib\/","url":"https:\/\/www.suno.com.br\/noticias\/banco-safra-aumenta-projecao-queda-pib\/","name":"Banco Safra aumenta proje\u00e7\u00e3o de queda do PIB para 2,8%","isPartOf":{"@id":"https:\/\/www.suno.com.br\/noticias\/#website"},"primaryImageOfPage":{"@id":"https:\/\/www.suno.com.br\/noticias\/banco-safra-aumenta-projecao-queda-pib\/#primaryimage"},"image":{"@id":"https:\/\/www.suno.com.br\/noticias\/banco-safra-aumenta-projecao-queda-pib\/#primaryimage"},"thumbnailUrl":"https:\/\/files.sunoresearch.com.br\/n\/uploads\/2019\/04\/00fd9396-banco-safra-scaled.webp","datePublished":"2020-03-28T22:25:57+00:00","description":"O banco Safra aumentou a previs\u00e3o para a contra\u00e7\u00e3o do Produto Interno Bruto (PIB) do Brasil em 2020. Clique aqui para saber mais.","breadcrumb":{"@id":"https:\/\/www.suno.com.br\/noticias\/banco-safra-aumenta-projecao-queda-pib\/#breadcrumb"},"inLanguage":"pt-BR","potentialAction":[{"@type":"ReadAction","target":["https:\/\/www.suno.com.br\/noticias\/banco-safra-aumenta-projecao-queda-pib\/"]}]},{"@type":"ImageObject","inLanguage":"pt-BR","@id":"https:\/\/www.suno.com.br\/noticias\/banco-safra-aumenta-projecao-queda-pib\/#primaryimage","url":"https:\/\/files.sunoresearch.com.br\/n\/uploads\/2019\/04\/00fd9396-banco-safra-scaled.webp","contentUrl":"https:\/\/files.sunoresearch.com.br\/n\/uploads\/2019\/04\/00fd9396-banco-safra-scaled.webp","width":2560,"height":1708,"caption":"Banco Safra recomenda a\u00e7\u00f5es para 2022, prevendo ano fraco para o Ibovespa. Foto: divulga\u00e7\u00e3o."},{"@type":"BreadcrumbList","@id":"https:\/\/www.suno.com.br\/noticias\/banco-safra-aumenta-projecao-queda-pib\/#breadcrumb","itemListElement":[{"@type":"ListItem","position":1,"name":"Not\u00edcias","item":"https:\/\/www.suno.com.br\/noticias\/"},{"@type":"ListItem","position":2,"name":"Neg\u00f3cios","item":"https:\/\/www.suno.com.br\/noticias\/negocios\/"},{"@type":"ListItem","position":3,"name":"Banco Safra aumenta proje\u00e7\u00e3o de queda do PIB para 2,8%"}]},{"@type":"WebSite","@id":"https:\/\/www.suno.com.br\/noticias\/#website","url":"https:\/\/www.suno.com.br\/noticias\/","name":"Suno Not\u00edcias","description":"Seu portal de informa\u00e7\u00e3o sobre o mundo dos investimentos","publisher":{"@id":"https:\/\/www.suno.com.br\/noticias\/#organization"},"potentialAction":[{"@type":"SearchAction","target":{"@type":"EntryPoint","urlTemplate":"https:\/\/www.suno.com.br\/noticias\/?s={search_term_string}"},"query-input":{"@type":"PropertyValueSpecification","valueRequired":true,"valueName":"search_term_string"}}],"inLanguage":"pt-BR"},{"@type":"Organization","@id":"https:\/\/www.suno.com.br\/noticias\/#organization","name":"Suno Not\u00edcias","url":"https:\/\/www.suno.com.br\/noticias\/","logo":{"@type":"ImageObject","inLanguage":"pt-BR","@id":"https:\/\/www.suno.com.br\/noticias\/#\/schema\/logo\/image\/","url":"https:\/\/files.sunoresearch.com.br\/n\/uploads\/2021\/09\/suno-logo.png","contentUrl":"https:\/\/files.sunoresearch.com.br\/n\/uploads\/2021\/09\/suno-logo.png","width":180,"height":180,"caption":"Suno Not\u00edcias"},"image":{"@id":"https:\/\/www.suno.com.br\/noticias\/#\/schema\/logo\/image\/"},"sameAs":["https:\/\/facebook.com\/sunoresearch","https:\/\/x.com\/sunoresearch","https:\/\/www.instagram.com\/suno","https:\/\/www.linkedin.com\/company\/suno-research\/","https:\/\/www.youtube.com\/c\/sunoresearch"]},{"@type":"Person","@id":"https:\/\/www.suno.com.br\/noticias\/#\/schema\/person\/e6e0f723cc177805027f4566c1d5e0c8","name":"Carlo Cauti","image":{"@type":"ImageObject","inLanguage":"pt-BR","@id":"https:\/\/www.suno.com.br\/noticias\/#\/schema\/person\/image\/","url":"https:\/\/secure.gravatar.com\/avatar\/3ada9e0bd164c23abd4792a9606d583c?s=96&r=g","contentUrl":"https:\/\/secure.gravatar.com\/avatar\/3ada9e0bd164c23abd4792a9606d583c?s=96&r=g","caption":"Carlo Cauti"},"description":"Editor multim\u00eddia do SUNO Not\u00edcias. Italiano, formado em Ci\u00eancias Pol\u00edticas pela universidade LUISS G. Carli de Roma e mestre cum laude em Rela\u00e7\u00f5es Internacionais, Jornalismo Internacional e de Guerra e em Economia Internacional. Concluiu tamb\u00e9m um MBA em Finan\u00e7as na B3. No Brasil, teve passagem por ve\u00edculos como Estad\u00e3o, Globo, Veja e EXAME. e nas ag\u00eancias de not\u00edcias italianas ANSA e NOVA.","url":"https:\/\/www.suno.com.br\/noticias\/author\/carlo-cauti\/"}]}},"default_loop_html":"<div class=\"cardsPage__listCard__boxs\"><div class=\"cardsPage__listCard__boxs__img\"><a href=\"https:\/\/www.suno.com.br\/noticias\/banco-safra-aumenta-projecao-queda-pib\/\"><img class=\"mask\" src=\"https:\/\/www.suno.com.br\/noticias\/wp-content\/themes\/suno\/resources\/images\/spotlight\/spotlight1img\/bg-mask.png\" alt=\"Image Mask\"\/><img src=\"https:\/\/files.sunoresearch.com.br\/n\/uploads\/2019\/04\/00fd9396-banco-safra-400x200.webp\" alt=\"Banco Safra aumenta proje\u00e7\u00e3o de queda do PIB para 2,8%\"\/><\/a><span class=\"spotlightCategory\"><a href=\"https:\/\/www.suno.com.br\/noticias\/negocios\/\">Neg\u00f3cios<\/a><\/span><\/div><div class=\"cardsPage__listCard__boxs__content\"><a href=\"https:\/\/www.suno.com.br\/noticias\/banco-safra-aumenta-projecao-queda-pib\/\"><h2 class=\"content__title\">Banco Safra aumenta proje\u00e7\u00e3o de queda do PIB para 2,8%<\/h2><\/a><div class=\"newsContent__article__meta\"><div class=\"newsContent__article__meta__authorBox\"><a href=\"https:\/\/www.suno.com.br\/noticias\/author\/carlo-cauti\/\" class=\"authorBox__avatar noMobi\"><img src=\"https:\/\/files.sunoresearch.com.br\/n\/uploads\/2020\/08\/e3745f9a-perfil-carlo-cauti-150x150.webp\" alt=\"Carlo Cauti\"><\/a><div class=\"authorBox__name\"><span>por\n\t\t\t<a href=\"https:\/\/www.suno.com.br\/noticias\/author\/carlo-cauti\/\"><span itemprop=\"author\">Carlo Cauti<\/span><\/a><\/span><time datetime=\"2020-03-28T19:25:57-03:00\" itemprop=\"datePublished\">28\/03\/2020 19:25<\/time><\/div><\/div><\/div><\/div><\/div>","single_layout":"posts","amp_enabled":true,"_links":{"self":[{"href":"https:\/\/www.suno.com.br\/noticias\/wp-json\/wp\/v2\/posts\/59334"}],"collection":[{"href":"https:\/\/www.suno.com.br\/noticias\/wp-json\/wp\/v2\/posts"}],"about":[{"href":"https:\/\/www.suno.com.br\/noticias\/wp-json\/wp\/v2\/types\/post"}],"author":[{"embeddable":true,"href":"https:\/\/www.suno.com.br\/noticias\/wp-json\/wp\/v2\/users\/9"}],"replies":[{"embeddable":true,"href":"https:\/\/www.suno.com.br\/noticias\/wp-json\/wp\/v2\/comments?post=59334"}],"version-history":[{"count":0,"href":"https:\/\/www.suno.com.br\/noticias\/wp-json\/wp\/v2\/posts\/59334\/revisions"}],"wp:featuredmedia":[{"embeddable":true,"href":"https:\/\/www.suno.com.br\/noticias\/wp-json\/wp\/v2\/media\/20226"}],"wp:attachment":[{"href":"https:\/\/www.suno.com.br\/noticias\/wp-json\/wp\/v2\/media?parent=59334"}],"wp:term":[{"taxonomy":"category","embeddable":true,"href":"https:\/\/www.suno.com.br\/noticias\/wp-json\/wp\/v2\/categories?post=59334"},{"taxonomy":"post_tag","embeddable":true,"href":"https:\/\/www.suno.com.br\/noticias\/wp-json\/wp\/v2\/tags?post=59334"},{"taxonomy":"suno_strategy","embeddable":true,"href":"https:\/\/www.suno.com.br\/noticias\/wp-json\/wp\/v2\/suno_strategy?post=59334"}],"curies":[{"name":"wp","href":"https:\/\/api.w.org\/{rel}","templated":true}]}}