{"id":593331,"date":"2025-02-04T10:28:41","date_gmt":"2025-02-04T13:28:41","guid":{"rendered":"https:\/\/www.suno.com.br\/noticias\/?p=593331"},"modified":"2025-02-04T10:28:44","modified_gmt":"2025-02-04T13:28:44","slug":"ata-do-copom-0402025-gss","status":"publish","type":"post","link":"https:\/\/www.suno.com.br\/noticias\/ata-do-copom-0402025-gss\/","title":{"rendered":"Ata do Copom mant\u00e9m indica\u00e7\u00e3o de alta de 1pp na Selic em mar\u00e7o"},"content":{"rendered":"<p>Na <strong>ata do Copom<\/strong> divulgada nesta ter\u00e7a-feira (04), o comit\u00ea afirma que considera apropriada a eleva\u00e7\u00e3o de 1 ponto percentual (pp) na <a class=\"suno-keyword\" data-force=\"no\" data-priority=\"3\" href=\"https:\/\/www.suno.com.br\/artigos\/taxa-selic\/\" target=\"_blank\" rel=\"noopener\">taxa Selic<\/a> em mar\u00e7o, levando os juros dos atuais 13,25% para 14,25% ao ano. A decis\u00e3o estaria ancorada em fatores de curto e m\u00e9dio prazo que continuam a exigir uma <a class=\"suno-keyword\" data-force=\"no\" data-priority=\"1\" href=\"https:\/\/www.suno.com.br\/artigos\/politica-monetaria\/\" target=\"_blank\" rel=\"noopener\">pol\u00edtica monet\u00e1ria<\/a> mais contracionista para conter a infla\u00e7\u00e3o.<\/p>\t<div class=\"wrapper-featured-image\">\n\t\t<figure class=\"spotlightImg\">\n\n\t\t\t<picture>\n\t\t\t\t<source media=\"(max-width: 768px)\" srcset=\"https:\/\/files.sunoresearch.com.br\/n\/uploads\/2021\/11\/banco_central_sede-400x200.jpg\">\n\t\t\t\t<img loading=\"lazy\" decoding=\"async\" class=\"newsContent__article__imgCapa lazyloadDisabled \" src=\"https:\/\/files.sunoresearch.com.br\/n\/uploads\/2021\/11\/banco_central_sede-800x450.jpg\" width=\"800\" height=\"450\" alt=\"Ata do Copom mant\u00e9m indica\u00e7\u00e3o de alta de 1pp na Selic em mar\u00e7o\" fetchpriority=high \/>\n\t\t\t<\/picture>\n\n\t\t\t<figcaption class=\"wp-caption-text wp-caption-text--show\">Ata do Copom. Foto: Marcello Casal Jr.\/Ag\u00eancia Brasil<\/figcaption>\n\t\t<\/figure>\n\t<\/div>\n\n\n\n\n\n\n\n\t<p>\n\t\t<a href=\"\" target=\"_blank\" data-element=\"shortcode-suno-banner\" title=\"Banner SUNO, clique e saiba mais\">\n\t\t\t<picture>\n\t\t\t\t<source media=\"(max-width: 500px)\" srcset=\"\">\n\t\t\t\t<img class=\"newsContent__article__imgCapa newsContent__article__imgCapa--banner\"\n\t\t\t\t\tsrc=\"\"\n\t\t\t\t\tdata-promo-id=\"240038\"\t\t\t\t\t\t\t\t\t\t\t\t\t\t\talt=\"\"\n\t\t\t\t>\n\t\t\t<\/picture>\n\t\t<\/a>\n\t<\/p>\n\n\n\n\n\n<p>O colegiado destacou que a manuten\u00e7\u00e3o do compromisso com a converg\u00eancia da <strong>infla\u00e7\u00e3o<\/strong> \u00e0 meta ser\u00e1 determinante para a condu\u00e7\u00e3o da <strong>pol\u00edtica monet\u00e1ria<\/strong>. A partir da reuni\u00e3o de maio, diz o comit\u00ea, as decis\u00f5es ser\u00e3o tomadas com base na evolu\u00e7\u00e3o da din\u00e2mica inflacion\u00e1ria e no balan\u00e7o de riscos.<\/p>\n\n\n\n<h3 class=\"wp-block-heading\"><strong>Atividade dom\u00e9stica e cen\u00e1rio inflacion\u00e1rio<\/strong><\/h3>\n\n\n\n<p>Apesar da eleva\u00e7\u00e3o da <strong>Selic<\/strong> e das condi\u00e7\u00f5es financeiras mais restritivas, a atividade econ\u00f4mica brasileira segue mostrando resili\u00eancia, com o consumo das fam\u00edlias e os investimentos crescendo em ritmo intenso, diz a ata. Esse dinamismo tem sido sustentado pelo mercado de trabalho robusto, pol\u00edticas fiscais expansionistas e concess\u00f5es de cr\u00e9dito em alta.<\/p>\n\n\n\n<p>O <strong>Copom<\/strong>, entretanto, sinalizou que dados recentes come\u00e7am a apontar para uma modera\u00e7\u00e3o no crescimento econ\u00f4mico, especialmente em setores mais sens\u00edveis ao cr\u00e9dito, como <a class=\"suno-keyword\" target=\"_blank\" data-force=\"no\" data-priority=\"1\" href=\"https:\/\/www.suno.com.br\/artigos\/bens-de-consumo\/\" rel=\"noopener\">bens de consumo<\/a> dur\u00e1veis. Contudo, os n\u00fameros ainda s\u00e3o preliminares, e o Comit\u00ea alertou que conclus\u00f5es precipitadas podem ser revertidas pela volatilidade das s\u00e9ries hist\u00f3ricas.<\/p>\n\n\n\n<p>No <a class=\"suno-keyword\" target=\"_blank\" data-force=\"no\" data-priority=\"1\" href=\"https:\/\/www.suno.com.br\/artigos\/curto-prazo\/\" rel=\"noopener\">curto prazo<\/a>, o cen\u00e1rio inflacion\u00e1rio segue desafiador. O Copom alertou que a <a class=\"suno-keyword\" target=\"_blank\" data-force=\"no\" data-priority=\"1\" href=\"https:\/\/www.suno.com.br\/artigos\/inflacao-acumulada\/\" rel=\"noopener\">infla\u00e7\u00e3o acumulada<\/a> em 12 meses deve permanecer acima do limite superior da meta por pelo menos seis meses consecutivos, o que configuraria um descumprimento sob o novo regime de metas cont\u00ednuas. O aumento nos pre\u00e7os de alimentos, impulsionado pela estiagem e pelo ciclo de alta das carnes, somado \u00e0 infla\u00e7\u00e3o de servi\u00e7os persistente e \u00e0s press\u00f5es sobre bens industrializados, refor\u00e7a a necessidade de cautela.<\/p>\n\n\n\t<p>\n\t\t<a href=\"https:\/\/lp.suno.com.br\/ebook-gratuito-investindo-no-exterior\/\" target=\"_blank\" data-element=\"shortcode-suno-banner\" title=\"Banner SUNO, clique e saiba mais\">\n\t\t\t<picture>\n\t\t\t\t<source media=\"(max-width: 500px)\" srcset=\"https:\/\/files.sunoresearch.com.br\/n\/uploads\/2023\/03\/400x300-Investindo-no-exterior.png\">\n\t\t\t\t<img class=\"newsContent__article__imgCapa newsContent__article__imgCapa--banner\"\n\t\t\t\t\tsrc=\"https:\/\/files.sunoresearch.com.br\/n\/uploads\/2023\/03\/1420x240-Investindo-no-exterior.png\"\n\t\t\t\t\tdata-promo-id=\"383161\"\t\t\t\t\t\t\t\t\t\twidth='1420' height='240'\t\t\t\t\talt=\"https:\/\/files.sunoresearch.com.br\/n\/uploads\/2023\/03\/1420x240-Investindo-no-exterior.png\"\n\t\t\t\t>\n\t\t\t<\/picture>\n\t\t<\/a>\n\t<\/p>\n\n\n\n\n\n<h3 class=\"wp-block-heading\"><strong>Riscos fiscais e incertezas externas<\/strong><\/h3>\n\n\n\n<p>O Comit\u00ea voltou a enfatizar a import\u00e2ncia da harmonia entre as pol\u00edticas fiscal e monet\u00e1ria. A percep\u00e7\u00e3o de agentes econ\u00f4micos sobre a sustentabilidade da <a class=\"suno-keyword\" target=\"_blank\" data-force=\"no\" data-priority=\"1\" href=\"https:\/\/www.suno.com.br\/artigos\/divida-publica\/\" rel=\"noopener\">d\u00edvida p\u00fablica<\/a> e o regime fiscal continua impactando os pre\u00e7os de ativos e as <strong>expectativas de infla\u00e7\u00e3o<\/strong>, elevando o <a class=\"suno-keyword\" target=\"_blank\" data-force=\"no\" data-priority=\"1\" href=\"https:\/\/www.suno.com.br\/artigos\/premio-de-risco\/\" rel=\"noopener\">pr\u00eamio de risco<\/a>. O Copom alertou que a aus\u00eancia de disciplina fiscal pode aumentar a taxa de juros neutra da economia, prejudicando a efic\u00e1cia da pol\u00edtica monet\u00e1ria.<\/p>\n\n\n\n<p>No cen\u00e1rio internacional, as incertezas econ\u00f4micas e geopol\u00edticas permanecem relevantes. Embora o cen\u00e1rio-base aponte para uma desacelera\u00e7\u00e3o gradual da economia dos Estados Unidos, d\u00favidas sobre est\u00edmulos fiscais, restri\u00e7\u00f5es na oferta de trabalho e mudan\u00e7as na matriz energ\u00e9tica podem gerar impactos adversos sobre as condi\u00e7\u00f5es financeiras globais e os fluxos de capital para emergentes, diz o documento.<\/p>\n\n\n\n<h3 class=\"wp-block-heading\"><strong>Credibilidade e compromisso com a meta de infla\u00e7\u00e3o<\/strong><\/h3>\n\n\n\n<p>A desancoragem das expectativas de infla\u00e7\u00e3o \u00e9 vista como um ponto cr\u00edtico pelo colegiado. O aumento significativo das proje\u00e7\u00f5es inflacion\u00e1rias para todos os prazos indica um cen\u00e1rio mais adverso, aumentando o custo da desinfla\u00e7\u00e3o em termos de atividade econ\u00f4mica.<\/p>\n\n\n\n<p>O comit\u00ea reiterou que o comprometimento com a <a class=\"suno-keyword\" target=\"_blank\" data-force=\"no\" data-priority=\"1\" href=\"https:\/\/www.suno.com.br\/artigos\/meta-de-inflacao\/\" rel=\"noopener\">meta de infla\u00e7\u00e3o<\/a> \u00e9 essencial para sustentar a confian\u00e7a no regime monet\u00e1rio. &#8220;A manuten\u00e7\u00e3o de uma <a class=\"suno-keyword\" target=\"_blank\" data-force=\"no\" data-priority=\"1\" href=\"https:\/\/www.suno.com.br\/artigos\/politica-economica\/\" rel=\"noopener\">pol\u00edtica econ\u00f4mica<\/a> previs\u00edvel, cr\u00edvel e antic\u00edclica \u00e9 fundamental para a efic\u00e1cia da pol\u00edtica monet\u00e1ria&#8221;, concluiu a <strong>ata do Copom<\/strong>.<\/p>\n\n\n\t<p>\n\t\t<a href=\"https:\/\/lp.suno.com.br\/planilha-da-vida-financeira\/\" target=\"_blank\" data-element=\"shortcode-suno-banner\" title=\"Banner SUNO, clique e saiba mais\">\n\t\t\t<picture>\n\t\t\t\t<source media=\"(max-width: 500px)\" srcset=\"https:\/\/files.sunoresearch.com.br\/n\/uploads\/2023\/04\/400x300-Planilha-vida-financeira-true.png\">\n\t\t\t\t<img class=\"newsContent__article__imgCapa newsContent__article__imgCapa--banner\"\n\t\t\t\t\tsrc=\"https:\/\/files.sunoresearch.com.br\/n\/uploads\/2023\/04\/1420x240-Planilha-vida-financeira-true.png\"\n\t\t\t\t\tdata-promo-id=\"383123\"\t\t\t\t\t\t\t\t\t\twidth='1420' height='240'\t\t\t\t\talt=\"https:\/\/files.sunoresearch.com.br\/n\/uploads\/2023\/04\/1420x240-Planilha-vida-financeira-true.png\"\n\t\t\t\t>\n\t\t\t<\/picture>\n\t\t<\/a>\n\t<\/p>\n\n\n","protected":false},"excerpt":{"rendered":"<p>Na ata do Copom divulgada nesta ter\u00e7a-feira (04), o comit\u00ea afirma que considera apropriada a eleva\u00e7\u00e3o de 1 ponto percentual (pp) na taxa Selic em mar\u00e7o, levando os juros dos atuais 13,25% para 14,25% ao ano. A decis\u00e3o estaria ancorada em fatores de curto e m\u00e9dio prazo que continuam a exigir uma pol\u00edtica monet\u00e1ria mais [&hellip;]<\/p>\n","protected":false},"author":376,"featured_media":200420,"comment_status":"closed","ping_status":"closed","sticky":false,"template":"","format":"standard","meta":[],"categories":[64],"tags":[290],"suno_strategy":[],"class_list":["post-593331","post","type-post","status-publish","format-standard","has-post-thumbnail","hentry","category-negocios","tag-taxa-selic"],"yoast_head":"<!-- This site is optimized with the Yoast SEO plugin v24.4 - https:\/\/yoast.com\/wordpress\/plugins\/seo\/ -->\n<title>Ata do Copom mant\u00e9m indica\u00e7\u00e3o de alta de 1pp na Selic em mar\u00e7o<\/title>\n<meta name=\"description\" content=\"Na ata do Copom divulgada nesta ter\u00e7a (04), o comit\u00ea volta a destacar a necessidade de uma nova alta de 1pp na taxa Selic.\" \/>\n<meta name=\"robots\" content=\"index, follow, max-snippet:-1, max-image-preview:large, max-video-preview:-1\" \/>\n<link rel=\"canonical\" href=\"https:\/\/www.suno.com.br\/noticias\/ata-do-copom-0402025-gss\/\" \/>\n<meta property=\"og:locale\" content=\"pt_BR\" \/>\n<meta property=\"og:type\" content=\"article\" \/>\n<meta property=\"og:title\" content=\"Ata do Copom mant\u00e9m indica\u00e7\u00e3o de alta de 1pp na Selic em mar\u00e7o\" \/>\n<meta property=\"og:description\" content=\"Na ata do Copom divulgada nesta ter\u00e7a (04), o comit\u00ea volta a destacar a necessidade de uma nova alta de 1pp na taxa Selic.\" \/>\n<meta property=\"og:url\" content=\"https:\/\/www.suno.com.br\/noticias\/ata-do-copom-0402025-gss\/\" \/>\n<meta property=\"og:site_name\" content=\"Suno Not\u00edcias\" \/>\n<meta property=\"article:publisher\" content=\"https:\/\/facebook.com\/sunoresearch\" \/>\n<meta property=\"og:image\" content=\"https:\/\/files.sunoresearch.com.br\/n\/uploads\/2021\/11\/banco_central_sede-scaled.jpg\" \/>\n\t<meta property=\"og:image:width\" content=\"2560\" \/>\n\t<meta property=\"og:image:height\" content=\"1704\" \/>\n\t<meta property=\"og:image:type\" content=\"image\/jpeg\" \/>\n<meta name=\"author\" content=\"Guilherme Serrano\" \/>\n<meta name=\"twitter:card\" content=\"summary_large_image\" \/>\n<meta name=\"twitter:creator\" content=\"@sunoresearch\" \/>\n<meta name=\"twitter:site\" content=\"@sunoresearch\" \/>\n<meta name=\"twitter:label1\" content=\"Escrito por\" \/>\n\t<meta name=\"twitter:data1\" content=\"Guilherme Serrano\" \/>\n\t<meta name=\"twitter:label2\" content=\"Est. tempo de leitura\" \/>\n\t<meta name=\"twitter:data2\" content=\"3 minutos\" \/>\n<script type=\"application\/ld+json\" class=\"yoast-schema-graph\">{\"@context\":\"https:\/\/schema.org\",\"@graph\":[{\"@type\":\"NewsArticle\",\"@id\":\"https:\/\/www.suno.com.br\/noticias\/ata-do-copom-0402025-gss\/#article\",\"isPartOf\":{\"@id\":\"https:\/\/www.suno.com.br\/noticias\/ata-do-copom-0402025-gss\/\"},\"author\":{\"name\":\"Guilherme Serrano\",\"@id\":\"https:\/\/www.suno.com.br\/noticias\/#\/schema\/person\/d0f07e64bce64aa671feadfb844f04ca\"},\"headline\":\"Ata do Copom mant\u00e9m indica\u00e7\u00e3o de alta de 1pp na Selic em mar\u00e7o\",\"datePublished\":\"2025-02-04T13:28:41+00:00\",\"dateModified\":\"2025-02-04T13:28:44+00:00\",\"mainEntityOfPage\":{\"@id\":\"https:\/\/www.suno.com.br\/noticias\/ata-do-copom-0402025-gss\/\"},\"wordCount\":624,\"publisher\":{\"@id\":\"https:\/\/www.suno.com.br\/noticias\/#organization\"},\"image\":{\"@id\":\"https:\/\/www.suno.com.br\/noticias\/ata-do-copom-0402025-gss\/#primaryimage\"},\"thumbnailUrl\":\"https:\/\/files.sunoresearch.com.br\/n\/uploads\/2021\/11\/banco_central_sede-scaled.jpg\",\"keywords\":[\"Taxa Selic\"],\"articleSection\":[\"Neg\u00f3cios\"],\"inLanguage\":\"pt-BR\"},{\"@type\":\"WebPage\",\"@id\":\"https:\/\/www.suno.com.br\/noticias\/ata-do-copom-0402025-gss\/\",\"url\":\"https:\/\/www.suno.com.br\/noticias\/ata-do-copom-0402025-gss\/\",\"name\":\"Ata do Copom mant\u00e9m indica\u00e7\u00e3o de alta de 1pp na Selic em mar\u00e7o\",\"isPartOf\":{\"@id\":\"https:\/\/www.suno.com.br\/noticias\/#website\"},\"primaryImageOfPage\":{\"@id\":\"https:\/\/www.suno.com.br\/noticias\/ata-do-copom-0402025-gss\/#primaryimage\"},\"image\":{\"@id\":\"https:\/\/www.suno.com.br\/noticias\/ata-do-copom-0402025-gss\/#primaryimage\"},\"thumbnailUrl\":\"https:\/\/files.sunoresearch.com.br\/n\/uploads\/2021\/11\/banco_central_sede-scaled.jpg\",\"datePublished\":\"2025-02-04T13:28:41+00:00\",\"dateModified\":\"2025-02-04T13:28:44+00:00\",\"description\":\"Na ata do Copom divulgada nesta ter\u00e7a (04), o comit\u00ea volta a destacar a necessidade de uma nova alta de 1pp na taxa Selic.\",\"breadcrumb\":{\"@id\":\"https:\/\/www.suno.com.br\/noticias\/ata-do-copom-0402025-gss\/#breadcrumb\"},\"inLanguage\":\"pt-BR\",\"potentialAction\":[{\"@type\":\"ReadAction\",\"target\":[\"https:\/\/www.suno.com.br\/noticias\/ata-do-copom-0402025-gss\/\"]}]},{\"@type\":\"ImageObject\",\"inLanguage\":\"pt-BR\",\"@id\":\"https:\/\/www.suno.com.br\/noticias\/ata-do-copom-0402025-gss\/#primaryimage\",\"url\":\"https:\/\/files.sunoresearch.com.br\/n\/uploads\/2021\/11\/banco_central_sede-scaled.jpg\",\"contentUrl\":\"https:\/\/files.sunoresearch.com.br\/n\/uploads\/2021\/11\/banco_central_sede-scaled.jpg\",\"width\":2560,\"height\":1704,\"caption\":\"Ata do Copom. Foto: Marcello Casal Jr.\/Ag\u00eancia Brasil\"},{\"@type\":\"BreadcrumbList\",\"@id\":\"https:\/\/www.suno.com.br\/noticias\/ata-do-copom-0402025-gss\/#breadcrumb\",\"itemListElement\":[{\"@type\":\"ListItem\",\"position\":1,\"name\":\"Not\u00edcias\",\"item\":\"https:\/\/www.suno.com.br\/noticias\/\"},{\"@type\":\"ListItem\",\"position\":2,\"name\":\"Neg\u00f3cios\",\"item\":\"https:\/\/www.suno.com.br\/noticias\/negocios\/\"},{\"@type\":\"ListItem\",\"position\":3,\"name\":\"Ata do Copom mant\u00e9m indica\u00e7\u00e3o de alta de 1pp na Selic em mar\u00e7o\"}]},{\"@type\":\"WebSite\",\"@id\":\"https:\/\/www.suno.com.br\/noticias\/#website\",\"url\":\"https:\/\/www.suno.com.br\/noticias\/\",\"name\":\"Suno Not\u00edcias\",\"description\":\"Seu portal de informa\u00e7\u00e3o sobre o mundo dos investimentos\",\"publisher\":{\"@id\":\"https:\/\/www.suno.com.br\/noticias\/#organization\"},\"potentialAction\":[{\"@type\":\"SearchAction\",\"target\":{\"@type\":\"EntryPoint\",\"urlTemplate\":\"https:\/\/www.suno.com.br\/noticias\/?s={search_term_string}\"},\"query-input\":{\"@type\":\"PropertyValueSpecification\",\"valueRequired\":true,\"valueName\":\"search_term_string\"}}],\"inLanguage\":\"pt-BR\"},{\"@type\":\"Organization\",\"@id\":\"https:\/\/www.suno.com.br\/noticias\/#organization\",\"name\":\"Suno Not\u00edcias\",\"url\":\"https:\/\/www.suno.com.br\/noticias\/\",\"logo\":{\"@type\":\"ImageObject\",\"inLanguage\":\"pt-BR\",\"@id\":\"https:\/\/www.suno.com.br\/noticias\/#\/schema\/logo\/image\/\",\"url\":\"https:\/\/files.sunoresearch.com.br\/n\/uploads\/2021\/09\/suno-logo.png\",\"contentUrl\":\"https:\/\/files.sunoresearch.com.br\/n\/uploads\/2021\/09\/suno-logo.png\",\"width\":180,\"height\":180,\"caption\":\"Suno Not\u00edcias\"},\"image\":{\"@id\":\"https:\/\/www.suno.com.br\/noticias\/#\/schema\/logo\/image\/\"},\"sameAs\":[\"https:\/\/facebook.com\/sunoresearch\",\"https:\/\/x.com\/sunoresearch\",\"https:\/\/www.instagram.com\/suno\",\"https:\/\/www.linkedin.com\/company\/suno-research\/\",\"https:\/\/www.youtube.com\/c\/sunoresearch\"]},{\"@type\":\"Person\",\"@id\":\"https:\/\/www.suno.com.br\/noticias\/#\/schema\/person\/d0f07e64bce64aa671feadfb844f04ca\",\"name\":\"Guilherme Serrano\",\"image\":{\"@type\":\"ImageObject\",\"inLanguage\":\"pt-BR\",\"@id\":\"https:\/\/www.suno.com.br\/noticias\/#\/schema\/person\/image\/\",\"url\":\"https:\/\/secure.gravatar.com\/avatar\/a90be19d8c67bef61497e4522de30ac4?s=96&r=g\",\"contentUrl\":\"https:\/\/secure.gravatar.com\/avatar\/a90be19d8c67bef61497e4522de30ac4?s=96&r=g\",\"caption\":\"Guilherme Serrano\"},\"description\":\"Jornalista formado pela Faculdade C\u00e1sper L\u00edbero e p\u00f3s-graduado em Can\u00e7\u00e3o Popular pela Faculdade Santa Marcelina. Passagens por R\u00e1dio Gazeta AM, gazetaesportiva.com e TC R\u00e1dio.\",\"url\":\"https:\/\/www.suno.com.br\/noticias\/author\/guilherme-silvasuno-com-br\/\"}]}<\/script>\n<!-- \/ Yoast SEO plugin. -->","yoast_head_json":{"title":"Ata do Copom mant\u00e9m indica\u00e7\u00e3o de alta de 1pp na Selic em mar\u00e7o","description":"Na ata do Copom divulgada nesta ter\u00e7a (04), o comit\u00ea volta a destacar a necessidade de uma nova alta de 1pp na taxa Selic.","robots":{"index":"index","follow":"follow","max-snippet":"max-snippet:-1","max-image-preview":"max-image-preview:large","max-video-preview":"max-video-preview:-1"},"canonical":"https:\/\/www.suno.com.br\/noticias\/ata-do-copom-0402025-gss\/","og_locale":"pt_BR","og_type":"article","og_title":"Ata do Copom mant\u00e9m indica\u00e7\u00e3o de alta de 1pp na Selic em mar\u00e7o","og_description":"Na ata do Copom divulgada nesta ter\u00e7a (04), o comit\u00ea volta a destacar a necessidade de uma nova alta de 1pp na taxa Selic.","og_url":"https:\/\/www.suno.com.br\/noticias\/ata-do-copom-0402025-gss\/","og_site_name":"Suno Not\u00edcias","article_publisher":"https:\/\/facebook.com\/sunoresearch","og_image":[{"width":2560,"height":1704,"url":"https:\/\/files.sunoresearch.com.br\/n\/uploads\/2021\/11\/banco_central_sede-scaled.jpg","type":"image\/jpeg"}],"author":"Guilherme Serrano","twitter_card":"summary_large_image","twitter_creator":"@sunoresearch","twitter_site":"@sunoresearch","twitter_misc":{"Escrito por":"Guilherme Serrano","Est. tempo de leitura":"3 minutos"},"schema":{"@context":"https:\/\/schema.org","@graph":[{"@type":"NewsArticle","@id":"https:\/\/www.suno.com.br\/noticias\/ata-do-copom-0402025-gss\/#article","isPartOf":{"@id":"https:\/\/www.suno.com.br\/noticias\/ata-do-copom-0402025-gss\/"},"author":{"name":"Guilherme Serrano","@id":"https:\/\/www.suno.com.br\/noticias\/#\/schema\/person\/d0f07e64bce64aa671feadfb844f04ca"},"headline":"Ata do Copom mant\u00e9m indica\u00e7\u00e3o de alta de 1pp na Selic em mar\u00e7o","datePublished":"2025-02-04T13:28:41+00:00","dateModified":"2025-02-04T13:28:44+00:00","mainEntityOfPage":{"@id":"https:\/\/www.suno.com.br\/noticias\/ata-do-copom-0402025-gss\/"},"wordCount":624,"publisher":{"@id":"https:\/\/www.suno.com.br\/noticias\/#organization"},"image":{"@id":"https:\/\/www.suno.com.br\/noticias\/ata-do-copom-0402025-gss\/#primaryimage"},"thumbnailUrl":"https:\/\/files.sunoresearch.com.br\/n\/uploads\/2021\/11\/banco_central_sede-scaled.jpg","keywords":["Taxa Selic"],"articleSection":["Neg\u00f3cios"],"inLanguage":"pt-BR"},{"@type":"WebPage","@id":"https:\/\/www.suno.com.br\/noticias\/ata-do-copom-0402025-gss\/","url":"https:\/\/www.suno.com.br\/noticias\/ata-do-copom-0402025-gss\/","name":"Ata do Copom mant\u00e9m indica\u00e7\u00e3o de alta de 1pp na Selic em mar\u00e7o","isPartOf":{"@id":"https:\/\/www.suno.com.br\/noticias\/#website"},"primaryImageOfPage":{"@id":"https:\/\/www.suno.com.br\/noticias\/ata-do-copom-0402025-gss\/#primaryimage"},"image":{"@id":"https:\/\/www.suno.com.br\/noticias\/ata-do-copom-0402025-gss\/#primaryimage"},"thumbnailUrl":"https:\/\/files.sunoresearch.com.br\/n\/uploads\/2021\/11\/banco_central_sede-scaled.jpg","datePublished":"2025-02-04T13:28:41+00:00","dateModified":"2025-02-04T13:28:44+00:00","description":"Na ata do Copom divulgada nesta ter\u00e7a (04), o comit\u00ea volta a destacar a necessidade de uma nova alta de 1pp na taxa Selic.","breadcrumb":{"@id":"https:\/\/www.suno.com.br\/noticias\/ata-do-copom-0402025-gss\/#breadcrumb"},"inLanguage":"pt-BR","potentialAction":[{"@type":"ReadAction","target":["https:\/\/www.suno.com.br\/noticias\/ata-do-copom-0402025-gss\/"]}]},{"@type":"ImageObject","inLanguage":"pt-BR","@id":"https:\/\/www.suno.com.br\/noticias\/ata-do-copom-0402025-gss\/#primaryimage","url":"https:\/\/files.sunoresearch.com.br\/n\/uploads\/2021\/11\/banco_central_sede-scaled.jpg","contentUrl":"https:\/\/files.sunoresearch.com.br\/n\/uploads\/2021\/11\/banco_central_sede-scaled.jpg","width":2560,"height":1704,"caption":"Ata do Copom. Foto: Marcello Casal Jr.\/Ag\u00eancia Brasil"},{"@type":"BreadcrumbList","@id":"https:\/\/www.suno.com.br\/noticias\/ata-do-copom-0402025-gss\/#breadcrumb","itemListElement":[{"@type":"ListItem","position":1,"name":"Not\u00edcias","item":"https:\/\/www.suno.com.br\/noticias\/"},{"@type":"ListItem","position":2,"name":"Neg\u00f3cios","item":"https:\/\/www.suno.com.br\/noticias\/negocios\/"},{"@type":"ListItem","position":3,"name":"Ata do Copom mant\u00e9m indica\u00e7\u00e3o de alta de 1pp na Selic em mar\u00e7o"}]},{"@type":"WebSite","@id":"https:\/\/www.suno.com.br\/noticias\/#website","url":"https:\/\/www.suno.com.br\/noticias\/","name":"Suno Not\u00edcias","description":"Seu portal de informa\u00e7\u00e3o sobre o mundo dos investimentos","publisher":{"@id":"https:\/\/www.suno.com.br\/noticias\/#organization"},"potentialAction":[{"@type":"SearchAction","target":{"@type":"EntryPoint","urlTemplate":"https:\/\/www.suno.com.br\/noticias\/?s={search_term_string}"},"query-input":{"@type":"PropertyValueSpecification","valueRequired":true,"valueName":"search_term_string"}}],"inLanguage":"pt-BR"},{"@type":"Organization","@id":"https:\/\/www.suno.com.br\/noticias\/#organization","name":"Suno Not\u00edcias","url":"https:\/\/www.suno.com.br\/noticias\/","logo":{"@type":"ImageObject","inLanguage":"pt-BR","@id":"https:\/\/www.suno.com.br\/noticias\/#\/schema\/logo\/image\/","url":"https:\/\/files.sunoresearch.com.br\/n\/uploads\/2021\/09\/suno-logo.png","contentUrl":"https:\/\/files.sunoresearch.com.br\/n\/uploads\/2021\/09\/suno-logo.png","width":180,"height":180,"caption":"Suno Not\u00edcias"},"image":{"@id":"https:\/\/www.suno.com.br\/noticias\/#\/schema\/logo\/image\/"},"sameAs":["https:\/\/facebook.com\/sunoresearch","https:\/\/x.com\/sunoresearch","https:\/\/www.instagram.com\/suno","https:\/\/www.linkedin.com\/company\/suno-research\/","https:\/\/www.youtube.com\/c\/sunoresearch"]},{"@type":"Person","@id":"https:\/\/www.suno.com.br\/noticias\/#\/schema\/person\/d0f07e64bce64aa671feadfb844f04ca","name":"Guilherme Serrano","image":{"@type":"ImageObject","inLanguage":"pt-BR","@id":"https:\/\/www.suno.com.br\/noticias\/#\/schema\/person\/image\/","url":"https:\/\/secure.gravatar.com\/avatar\/a90be19d8c67bef61497e4522de30ac4?s=96&r=g","contentUrl":"https:\/\/secure.gravatar.com\/avatar\/a90be19d8c67bef61497e4522de30ac4?s=96&r=g","caption":"Guilherme Serrano"},"description":"Jornalista formado pela Faculdade C\u00e1sper L\u00edbero e p\u00f3s-graduado em Can\u00e7\u00e3o Popular pela Faculdade Santa Marcelina. Passagens por R\u00e1dio Gazeta AM, gazetaesportiva.com e TC R\u00e1dio.","url":"https:\/\/www.suno.com.br\/noticias\/author\/guilherme-silvasuno-com-br\/"}]}},"default_loop_html":"<div class=\"cardsPage__listCard__boxs\"><div class=\"cardsPage__listCard__boxs__img\"><a href=\"https:\/\/www.suno.com.br\/noticias\/ata-do-copom-0402025-gss\/\"><img class=\"mask\" src=\"https:\/\/www.suno.com.br\/noticias\/wp-content\/themes\/suno\/resources\/images\/spotlight\/spotlight1img\/bg-mask.png\" alt=\"Image Mask\"\/><img src=\"https:\/\/files.sunoresearch.com.br\/n\/uploads\/2021\/11\/banco_central_sede-400x200.jpg\" alt=\"Ata do Copom mant\u00e9m indica\u00e7\u00e3o de alta de 1pp na Selic em mar\u00e7o\"\/><\/a><span class=\"spotlightCategory\"><a href=\"https:\/\/www.suno.com.br\/noticias\/negocios\/\">Neg\u00f3cios<\/a><\/span><\/div><div class=\"cardsPage__listCard__boxs__content\"><a href=\"https:\/\/www.suno.com.br\/noticias\/ata-do-copom-0402025-gss\/\"><h2 class=\"content__title\">Ata do Copom mant\u00e9m indica\u00e7\u00e3o de alta de 1pp na Selic em mar\u00e7o<\/h2><\/a><div class=\"newsContent__article__meta\"><div class=\"newsContent__article__meta__authorBox\"><a href=\"https:\/\/www.suno.com.br\/noticias\/author\/guilherme-silvasuno-com-br\/\" class=\"authorBox__avatar noMobi\"><img src=\"https:\/\/secure.gravatar.com\/avatar\/a90be19d8c67bef61497e4522de30ac4?s=96&#038;r=g\" alt=\"Guilherme Serrano\"><\/a><div class=\"authorBox__name\"><span>por\n\t\t\t<a href=\"https:\/\/www.suno.com.br\/noticias\/author\/guilherme-silvasuno-com-br\/\"><span itemprop=\"author\">Guilherme Serrano<\/span><\/a><\/span><time datetime=\"2025-02-04T10:28:41-03:00\" itemprop=\"datePublished\">04\/02\/2025 10:28<\/time><\/div><\/div><\/div><\/div><\/div>","single_layout":"posts","amp_enabled":true,"_links":{"self":[{"href":"https:\/\/www.suno.com.br\/noticias\/wp-json\/wp\/v2\/posts\/593331"}],"collection":[{"href":"https:\/\/www.suno.com.br\/noticias\/wp-json\/wp\/v2\/posts"}],"about":[{"href":"https:\/\/www.suno.com.br\/noticias\/wp-json\/wp\/v2\/types\/post"}],"author":[{"embeddable":true,"href":"https:\/\/www.suno.com.br\/noticias\/wp-json\/wp\/v2\/users\/376"}],"replies":[{"embeddable":true,"href":"https:\/\/www.suno.com.br\/noticias\/wp-json\/wp\/v2\/comments?post=593331"}],"version-history":[{"count":2,"href":"https:\/\/www.suno.com.br\/noticias\/wp-json\/wp\/v2\/posts\/593331\/revisions"}],"predecessor-version":[{"id":593335,"href":"https:\/\/www.suno.com.br\/noticias\/wp-json\/wp\/v2\/posts\/593331\/revisions\/593335"}],"wp:featuredmedia":[{"embeddable":true,"href":"https:\/\/www.suno.com.br\/noticias\/wp-json\/wp\/v2\/media\/200420"}],"wp:attachment":[{"href":"https:\/\/www.suno.com.br\/noticias\/wp-json\/wp\/v2\/media?parent=593331"}],"wp:term":[{"taxonomy":"category","embeddable":true,"href":"https:\/\/www.suno.com.br\/noticias\/wp-json\/wp\/v2\/categories?post=593331"},{"taxonomy":"post_tag","embeddable":true,"href":"https:\/\/www.suno.com.br\/noticias\/wp-json\/wp\/v2\/tags?post=593331"},{"taxonomy":"suno_strategy","embeddable":true,"href":"https:\/\/www.suno.com.br\/noticias\/wp-json\/wp\/v2\/suno_strategy?post=593331"}],"curies":[{"name":"wp","href":"https:\/\/api.w.org\/{rel}","templated":true}]}}