{"id":59325,"date":"2020-03-28T12:02:34","date_gmt":"2020-03-28T15:02:34","guid":{"rendered":"https:\/\/www.suno.com.br\/noticias\/?p=59325"},"modified":"2020-03-28T12:02:34","modified_gmt":"2020-03-28T15:02:34","slug":"senado-votara-coronavoucher-segunda","status":"publish","type":"post","link":"https:\/\/www.suno.com.br\/noticias\/senado-votara-coronavoucher-segunda\/","title":{"rendered":"Senado votar\u00e1 coronavoucher nesta segunda-feira"},"content":{"rendered":"<p>O <strong>Senado Federal<\/strong> votar\u00e1 o projeto que cria os <strong>&#8220;coronavoucher&#8221;<\/strong> na pr\u00f3xima segunda-feira (30). O aux\u00edlio emergencial de R$ 600 ser\u00e1 concedido a trabalhadores informais que est\u00e3o em dificuldade por causa da crise do <a href=\"https:\/\/www.suno.com.br\/noticias\/coronavirus\/\"><strong>coronav\u00edrus (covid-19)<\/strong><\/a>, podendo chegar at\u00e9 R$ 1200 no caso de mulheres que sustentam a fam\u00edlia sozinhas.<\/p>\t<div class=\"wrapper-featured-image\">\n\t\t<figure class=\"spotlightImg\">\n\n\t\t\t<picture>\n\t\t\t\t<source media=\"(max-width: 768px)\" srcset=\"https:\/\/files.sunoresearch.com.br\/n\/uploads\/2019\/06\/79fc497b-congresso-nacional-credito-400x200.webp\">\n\t\t\t\t<img loading=\"lazy\" decoding=\"async\" class=\"newsContent__article__imgCapa lazyloadDisabled newsContent__article__imgCapa--noCaption\" src=\"https:\/\/files.sunoresearch.com.br\/n\/uploads\/2019\/06\/79fc497b-congresso-nacional-credito-800x450.webp\" width=\"800\" height=\"450\" alt=\"Senado votar\u00e1 coronavoucher nesta segunda-feira\" fetchpriority=high \/>\n\t\t\t<\/picture>\n\n\t\t\t<figcaption class=\"wp-caption-text wp-caption-text--hide\">Senado votar\u00e1 projeto que suspende pagamento de alugu\u00e9is<\/figcaption>\n\t\t<\/figure>\n\t<\/div>\n\n\n\n<p>A informa\u00e7\u00e3o sobre a vota\u00e7\u00e3o dos coronavoucher foi divulgada pelo presidente do Senado, Davi Alcolumbre (DEM-AP), em sua conta no Twitter.<\/p>\n<p><a href=\"https:\/\/www.suno.com.br\/noticias\/coronavoucher-entenda-como-funciona-auxilio-emergencial\/\">Saiba mais: Coronavoucher: Entenda como funciona o aux\u00edlio emergencial<\/a><\/p>\n<p>\u201cDiante da import\u00e2ncia do repasse de R$ 600 a R$ 1.200, por tr\u00eas meses, aos trabalhadores aut\u00f4nomos, o Senado cumprir\u00e1 o seu papel em nome do povo<br \/>\nbrasileiro e votar\u00e1 o projeto na segunda-feira\u201d, escreveu Alcolumbre.<\/p>\n<p>A aprova\u00e7\u00e3o pelo Senado \u00e9 o \u00faltimo passo no Legislativo, antes da san\u00e7\u00e3o do presidente <strong>Jair Bolsonaro,<\/strong> que permitir\u00e1 que a ajuda se concretize. Ap\u00f3s a publica\u00e7\u00e3o no Di\u00e1rio Oficial da Uni\u00e3o, o dinheiro poder\u00e1 ser pago para as fam\u00edlias brasileiras.<\/p>\n<p>Os trabalhadores informais poder\u00e3o receber R$ 600, enquanto as mulheres respons\u00e1veis pelo sustento da fam\u00edlia inteira R$ 1.200. Al\u00e9m disso, tamb\u00e9m ser\u00e1 pago um aux\u00edlio de R$ 600 para as pessoas com defici\u00eancia que aguardam na fila de espera do <strong>Instituto Nacional de Seguridade Social (INSS)<\/strong> para obter do <strong>Benef\u00edcio de Presta\u00e7\u00e3o Continuada (BPC)<\/strong>.<\/p>\n<p>A proposta prev\u00ea que os coronavoucher ser\u00e3o pagos por tr\u00eas meses. Entretanto, esse pagamento poder\u00e1 ser prorrogado por todo o tempo de dura\u00e7\u00e3o da calamidade p\u00fablica.<\/p>\n<p>O impacto nas contas p\u00fablicas poderia chegar at\u00e9 R$ 60 bilh\u00f5es. Um montante dividido entre R$ 45 bilh\u00f5es dos gastos com o voucher, e mais R$ 15 bilh\u00f5es com a amplia\u00e7\u00e3o do BPC.<\/p>\n<p>A C\u00e2mara dos Deputados tinha aprovado, na \u00faltima quinta-feira (26), o pacote de aux\u00edlio emergencial destinado aos trabalhadores informais.<\/p>\n<p>Os recursos poder\u00e3o ser retirados em ag\u00eancias da <strong>Caixa Econ\u00f4mica Federal<\/strong> ou em redes lot\u00e9ricas. O cronograma para os saques ser\u00e1 disponibilizado ap\u00f3s o INSS mapear quem s\u00e3o as pessoas que possuem direito ao benef\u00edcio.<\/p>\n<p><a href=\"https:\/\/www.suno.com.br\/nossas-assinaturas\/suno-premium\/\">Bolsa em queda livre!? Aproveita as maiores oportunidades da bolsa brasileira com nosso acesso Suno Premium<\/a><\/p>\n<p>Para ter direito ao aux\u00edlio, os trabalhadores informais precisar\u00e3o somente de uma inscri\u00e7\u00e3o no Cadastro \u00danico para Programas Sociais do Governo Federal (<strong>Cad\u00danico<\/strong>). Al\u00e9m disso, o governo disponibilizar\u00e1 tamb\u00e9m uma plataforma digital, que ainda n\u00e3o foi informada, para a realiza\u00e7\u00e3o de autodeclara\u00e7\u00f5es.<\/p>\n<p>De acordo com o texto aprovado pelos parlamentares, 24 milh\u00f5es de pessoas dever\u00e3o receber o benef\u00edcio, que custar\u00e1 cerca de R$ 40 bilh\u00f5es aos cofres p\u00fablicos.<\/p>\n<h2>Quem poder\u00e1 receber o coronavoucher?<\/h2>\n<p>Confira quais s\u00e3o os requisitos para receber o aux\u00edlio emergencial:<\/p>\n<ul>\n<li>Ter mais de 18 anos;<\/li>\n<li>N\u00e3o ter emprego formal, podendo ser aut\u00f4nomo ou <a href=\"https:\/\/www.suno.com.br\/noticias\/mei-microempreendedor-individual\/\">microempreendedor individual (MEI)<\/a>;<\/li>\n<li>N\u00e3o receber outros benef\u00edcios previdenci\u00e1rios, assistenciais, seguro-desemprego ou de outro programa do governo federal \u2014 exceto o Bolsa Fam\u00edlia.<\/li>\n<li>Ser contribuinte do <a href=\"https:\/\/www.suno.com.br\/artigos\/rpps\/\">Regime Geral de Previd\u00eancia Social (RGPS)<\/a>;<\/li>\n<li>Ter renda familiar total de no m\u00e1ximo tr\u00eas sal\u00e1rios m\u00ednimos (R$ 3.135) ou renda mensal familiar per capita de at\u00e9 meio sal\u00e1rio m\u00ednimo (R$ 522,50);<\/li>\n<li>N\u00e3o ter recebido rendimentos tribut\u00e1veis acima de R$ 28.559,70 em 2018.<\/li>\n<\/ul>\n\t<p>\n\t\t<a href=\"https:\/\/lp.suno.com.br\/ao\/sessao-estrategica-consultoria-c\/?utm_source=suno-noticias&#038;utm_medium=banner&#038;utm_campaing=banco-master-cdbs\" target=\"_blank\" data-element=\"shortcode-suno-banner\" title=\"Banner SUNO, clique e saiba mais\">\n\t\t\t<picture>\n\t\t\t\t<source media=\"(max-width: 500px)\" srcset=\"https:\/\/files.sunoresearch.com.br\/n\/uploads\/2025\/09\/300x400.webp\">\n\t\t\t\t<img class=\"newsContent__article__imgCapa newsContent__article__imgCapa--banner\"\n\t\t\t\t\tsrc=\"https:\/\/files.sunoresearch.com.br\/n\/uploads\/2025\/09\/SN-DT-1420x240-1.webp\"\n\t\t\t\t\tdata-promo-id=\"624064\"\t\t\t\t\t\t\t\t\t\twidth='1420' height='240'\t\t\t\t\talt=\"https:\/\/files.sunoresearch.com.br\/n\/uploads\/2025\/09\/SN-DT-1420x240-1.webp\"\n\t\t\t\t>\n\t\t\t<\/picture>\n\t\t<\/a>\n\t<\/p>\n\n\n<p>De acordo com o texto, at\u00e9 dois membros da mesma fam\u00edlia poder\u00e3o receber o aux\u00edlio, somando R$ 1.200. No entanto, se um destes dois membros receber o Bolsa Fam\u00edlia, ser\u00e1 necess\u00e1rio optar por um dos dois benef\u00edcios.<\/p>\n<p>Al\u00e9m disso, as mulheres que possuem empregos informais e que s\u00e3o chefes de fam\u00edlia tamb\u00e9m ter\u00e3o direito a duas cotas do <strong>coronavoucher<\/strong>, totalizando R$ 1.200. A mesma regra de optar entre o aux\u00edlio emergencial e o Bolsa Fam\u00edlia, caso receba o benef\u00edcio, \u00e9 v\u00e1lida neste caso.<\/p>\n\n","protected":false},"excerpt":{"rendered":"<p>O Senado Federal votar\u00e1 o projeto que cria os &#8220;coronavoucher&#8221; na pr\u00f3xima segunda-feira (30). O aux\u00edlio emergencial de R$ 600 ser\u00e1 concedido a trabalhadores informais que est\u00e3o em dificuldade por causa da crise do coronav\u00edrus (covid-19), podendo chegar at\u00e9 R$ 1200 no caso de mulheres que sustentam a fam\u00edlia sozinhas. Senado votar\u00e1 projeto que suspende [&hellip;]<\/p>\n","protected":false},"author":9,"featured_media":27812,"comment_status":"closed","ping_status":"closed","sticky":false,"template":"","format":"standard","meta":[],"categories":[61],"tags":[2487,12737,1556,1068],"suno_strategy":[],"class_list":["post-59325","post","type-post","status-publish","format-standard","has-post-thumbnail","hentry","category-politica","tag-coronavirus","tag-coronavoucher","tag-governo-federal","tag-senado-federal"],"yoast_head":"<!-- This site is optimized with the Yoast SEO plugin v24.4 - https:\/\/yoast.com\/wordpress\/plugins\/seo\/ -->\n<title>Senado votar\u00e1 coronavoucher nesta segunda-feira<\/title>\n<meta name=\"description\" content=\"O Senado Federal votar\u00e1 o projeto que cria os &quot;coronavoucher&quot; na pr\u00f3xima segunda-feira (30). Clique aqui para saber mais.\" \/>\n<meta name=\"robots\" content=\"index, follow, max-snippet:-1, max-image-preview:large, max-video-preview:-1\" \/>\n<link rel=\"canonical\" href=\"https:\/\/www.suno.com.br\/noticias\/senado-votara-coronavoucher-segunda\/\" \/>\n<meta property=\"og:locale\" content=\"pt_BR\" \/>\n<meta property=\"og:type\" content=\"article\" \/>\n<meta property=\"og:title\" content=\"Senado votar\u00e1 coronavoucher nesta segunda-feira\" \/>\n<meta property=\"og:description\" content=\"O Senado Federal votar\u00e1 o projeto que cria os &quot;coronavoucher&quot; na pr\u00f3xima segunda-feira (30). Clique aqui para saber mais.\" \/>\n<meta property=\"og:url\" content=\"https:\/\/www.suno.com.br\/noticias\/senado-votara-coronavoucher-segunda\/\" \/>\n<meta property=\"og:site_name\" content=\"Suno Not\u00edcias\" \/>\n<meta property=\"article:publisher\" content=\"https:\/\/facebook.com\/sunoresearch\" \/>\n<meta property=\"og:image\" content=\"https:\/\/files.sunoresearch.com.br\/n\/uploads\/2019\/06\/79fc497b-congresso-nacional-credito.jpg\" \/>\n\t<meta property=\"og:image:width\" content=\"2272\" \/>\n\t<meta property=\"og:image:height\" content=\"1455\" \/>\n\t<meta property=\"og:image:type\" content=\"image\/jpeg\" \/>\n<meta name=\"author\" content=\"Carlo Cauti\" \/>\n<meta name=\"twitter:card\" content=\"summary_large_image\" \/>\n<meta name=\"twitter:creator\" content=\"@sunoresearch\" \/>\n<meta name=\"twitter:site\" content=\"@sunoresearch\" \/>\n<meta name=\"twitter:label1\" content=\"Escrito por\" \/>\n\t<meta name=\"twitter:data1\" content=\"Carlo Cauti\" \/>\n\t<meta name=\"twitter:label2\" content=\"Est. tempo de leitura\" \/>\n\t<meta name=\"twitter:data2\" content=\"3 minutos\" \/>\n<script type=\"application\/ld+json\" class=\"yoast-schema-graph\">{\"@context\":\"https:\/\/schema.org\",\"@graph\":[{\"@type\":\"NewsArticle\",\"@id\":\"https:\/\/www.suno.com.br\/noticias\/senado-votara-coronavoucher-segunda\/#article\",\"isPartOf\":{\"@id\":\"https:\/\/www.suno.com.br\/noticias\/senado-votara-coronavoucher-segunda\/\"},\"author\":{\"name\":\"Carlo Cauti\",\"@id\":\"https:\/\/www.suno.com.br\/noticias\/#\/schema\/person\/e6e0f723cc177805027f4566c1d5e0c8\"},\"headline\":\"Senado votar\u00e1 coronavoucher nesta segunda-feira\",\"datePublished\":\"2020-03-28T15:02:34+00:00\",\"mainEntityOfPage\":{\"@id\":\"https:\/\/www.suno.com.br\/noticias\/senado-votara-coronavoucher-segunda\/\"},\"wordCount\":669,\"publisher\":{\"@id\":\"https:\/\/www.suno.com.br\/noticias\/#organization\"},\"image\":{\"@id\":\"https:\/\/www.suno.com.br\/noticias\/senado-votara-coronavoucher-segunda\/#primaryimage\"},\"thumbnailUrl\":\"https:\/\/files.sunoresearch.com.br\/n\/uploads\/2019\/06\/79fc497b-congresso-nacional-credito-jpg.webp\",\"keywords\":[\"coronav\u00edrus\",\"coronavoucher\",\"governo federal\",\"Senado Federal\"],\"articleSection\":[\"Pol\u00edtica\"],\"inLanguage\":\"pt-BR\"},{\"@type\":\"WebPage\",\"@id\":\"https:\/\/www.suno.com.br\/noticias\/senado-votara-coronavoucher-segunda\/\",\"url\":\"https:\/\/www.suno.com.br\/noticias\/senado-votara-coronavoucher-segunda\/\",\"name\":\"Senado votar\u00e1 coronavoucher nesta segunda-feira\",\"isPartOf\":{\"@id\":\"https:\/\/www.suno.com.br\/noticias\/#website\"},\"primaryImageOfPage\":{\"@id\":\"https:\/\/www.suno.com.br\/noticias\/senado-votara-coronavoucher-segunda\/#primaryimage\"},\"image\":{\"@id\":\"https:\/\/www.suno.com.br\/noticias\/senado-votara-coronavoucher-segunda\/#primaryimage\"},\"thumbnailUrl\":\"https:\/\/files.sunoresearch.com.br\/n\/uploads\/2019\/06\/79fc497b-congresso-nacional-credito-jpg.webp\",\"datePublished\":\"2020-03-28T15:02:34+00:00\",\"description\":\"O Senado Federal votar\u00e1 o projeto que cria os \\\"coronavoucher\\\" na pr\u00f3xima segunda-feira (30). Clique aqui para saber mais.\",\"breadcrumb\":{\"@id\":\"https:\/\/www.suno.com.br\/noticias\/senado-votara-coronavoucher-segunda\/#breadcrumb\"},\"inLanguage\":\"pt-BR\",\"potentialAction\":[{\"@type\":\"ReadAction\",\"target\":[\"https:\/\/www.suno.com.br\/noticias\/senado-votara-coronavoucher-segunda\/\"]}]},{\"@type\":\"ImageObject\",\"inLanguage\":\"pt-BR\",\"@id\":\"https:\/\/www.suno.com.br\/noticias\/senado-votara-coronavoucher-segunda\/#primaryimage\",\"url\":\"https:\/\/files.sunoresearch.com.br\/n\/uploads\/2019\/06\/79fc497b-congresso-nacional-credito-jpg.webp\",\"contentUrl\":\"https:\/\/files.sunoresearch.com.br\/n\/uploads\/2019\/06\/79fc497b-congresso-nacional-credito-jpg.webp\",\"width\":2272,\"height\":1455,\"caption\":\"Senado votar\u00e1 projeto que suspende pagamento de alugu\u00e9is\"},{\"@type\":\"BreadcrumbList\",\"@id\":\"https:\/\/www.suno.com.br\/noticias\/senado-votara-coronavoucher-segunda\/#breadcrumb\",\"itemListElement\":[{\"@type\":\"ListItem\",\"position\":1,\"name\":\"Not\u00edcias\",\"item\":\"https:\/\/www.suno.com.br\/noticias\/\"},{\"@type\":\"ListItem\",\"position\":2,\"name\":\"Pol\u00edtica\",\"item\":\"https:\/\/www.suno.com.br\/noticias\/politica\/\"},{\"@type\":\"ListItem\",\"position\":3,\"name\":\"Senado votar\u00e1 coronavoucher nesta segunda-feira\"}]},{\"@type\":\"WebSite\",\"@id\":\"https:\/\/www.suno.com.br\/noticias\/#website\",\"url\":\"https:\/\/www.suno.com.br\/noticias\/\",\"name\":\"Suno Not\u00edcias\",\"description\":\"Seu portal de informa\u00e7\u00e3o sobre o mundo dos investimentos\",\"publisher\":{\"@id\":\"https:\/\/www.suno.com.br\/noticias\/#organization\"},\"potentialAction\":[{\"@type\":\"SearchAction\",\"target\":{\"@type\":\"EntryPoint\",\"urlTemplate\":\"https:\/\/www.suno.com.br\/noticias\/?s={search_term_string}\"},\"query-input\":{\"@type\":\"PropertyValueSpecification\",\"valueRequired\":true,\"valueName\":\"search_term_string\"}}],\"inLanguage\":\"pt-BR\"},{\"@type\":\"Organization\",\"@id\":\"https:\/\/www.suno.com.br\/noticias\/#organization\",\"name\":\"Suno Not\u00edcias\",\"url\":\"https:\/\/www.suno.com.br\/noticias\/\",\"logo\":{\"@type\":\"ImageObject\",\"inLanguage\":\"pt-BR\",\"@id\":\"https:\/\/www.suno.com.br\/noticias\/#\/schema\/logo\/image\/\",\"url\":\"https:\/\/files.sunoresearch.com.br\/n\/uploads\/2021\/09\/suno-logo.png\",\"contentUrl\":\"https:\/\/files.sunoresearch.com.br\/n\/uploads\/2021\/09\/suno-logo.png\",\"width\":180,\"height\":180,\"caption\":\"Suno Not\u00edcias\"},\"image\":{\"@id\":\"https:\/\/www.suno.com.br\/noticias\/#\/schema\/logo\/image\/\"},\"sameAs\":[\"https:\/\/facebook.com\/sunoresearch\",\"https:\/\/x.com\/sunoresearch\",\"https:\/\/www.instagram.com\/suno\",\"https:\/\/www.linkedin.com\/company\/suno-research\/\",\"https:\/\/www.youtube.com\/c\/sunoresearch\"]},{\"@type\":\"Person\",\"@id\":\"https:\/\/www.suno.com.br\/noticias\/#\/schema\/person\/e6e0f723cc177805027f4566c1d5e0c8\",\"name\":\"Carlo Cauti\",\"image\":{\"@type\":\"ImageObject\",\"inLanguage\":\"pt-BR\",\"@id\":\"https:\/\/www.suno.com.br\/noticias\/#\/schema\/person\/image\/\",\"url\":\"https:\/\/secure.gravatar.com\/avatar\/3ada9e0bd164c23abd4792a9606d583c?s=96&r=g\",\"contentUrl\":\"https:\/\/secure.gravatar.com\/avatar\/3ada9e0bd164c23abd4792a9606d583c?s=96&r=g\",\"caption\":\"Carlo Cauti\"},\"description\":\"Editor multim\u00eddia do SUNO Not\u00edcias. Italiano, formado em Ci\u00eancias Pol\u00edticas pela universidade LUISS G. Carli de Roma e mestre cum laude em Rela\u00e7\u00f5es Internacionais, Jornalismo Internacional e de Guerra e em Economia Internacional. Concluiu tamb\u00e9m um MBA em Finan\u00e7as na B3. No Brasil, teve passagem por ve\u00edculos como Estad\u00e3o, Globo, Veja e EXAME. e nas ag\u00eancias de not\u00edcias italianas ANSA e NOVA.\",\"url\":\"https:\/\/www.suno.com.br\/noticias\/author\/carlo-cauti\/\"}]}<\/script>\n<!-- \/ Yoast SEO plugin. -->","yoast_head_json":{"title":"Senado votar\u00e1 coronavoucher nesta segunda-feira","description":"O Senado Federal votar\u00e1 o projeto que cria os \"coronavoucher\" na pr\u00f3xima segunda-feira (30). Clique aqui para saber mais.","robots":{"index":"index","follow":"follow","max-snippet":"max-snippet:-1","max-image-preview":"max-image-preview:large","max-video-preview":"max-video-preview:-1"},"canonical":"https:\/\/www.suno.com.br\/noticias\/senado-votara-coronavoucher-segunda\/","og_locale":"pt_BR","og_type":"article","og_title":"Senado votar\u00e1 coronavoucher nesta segunda-feira","og_description":"O Senado Federal votar\u00e1 o projeto que cria os \"coronavoucher\" na pr\u00f3xima segunda-feira (30). Clique aqui para saber mais.","og_url":"https:\/\/www.suno.com.br\/noticias\/senado-votara-coronavoucher-segunda\/","og_site_name":"Suno Not\u00edcias","article_publisher":"https:\/\/facebook.com\/sunoresearch","og_image":[{"width":2272,"height":1455,"url":"https:\/\/files.sunoresearch.com.br\/n\/uploads\/2019\/06\/79fc497b-congresso-nacional-credito.jpg","type":"image\/jpeg"}],"author":"Carlo Cauti","twitter_card":"summary_large_image","twitter_creator":"@sunoresearch","twitter_site":"@sunoresearch","twitter_misc":{"Escrito por":"Carlo Cauti","Est. tempo de leitura":"3 minutos"},"schema":{"@context":"https:\/\/schema.org","@graph":[{"@type":"NewsArticle","@id":"https:\/\/www.suno.com.br\/noticias\/senado-votara-coronavoucher-segunda\/#article","isPartOf":{"@id":"https:\/\/www.suno.com.br\/noticias\/senado-votara-coronavoucher-segunda\/"},"author":{"name":"Carlo Cauti","@id":"https:\/\/www.suno.com.br\/noticias\/#\/schema\/person\/e6e0f723cc177805027f4566c1d5e0c8"},"headline":"Senado votar\u00e1 coronavoucher nesta segunda-feira","datePublished":"2020-03-28T15:02:34+00:00","mainEntityOfPage":{"@id":"https:\/\/www.suno.com.br\/noticias\/senado-votara-coronavoucher-segunda\/"},"wordCount":669,"publisher":{"@id":"https:\/\/www.suno.com.br\/noticias\/#organization"},"image":{"@id":"https:\/\/www.suno.com.br\/noticias\/senado-votara-coronavoucher-segunda\/#primaryimage"},"thumbnailUrl":"https:\/\/files.sunoresearch.com.br\/n\/uploads\/2019\/06\/79fc497b-congresso-nacional-credito-jpg.webp","keywords":["coronav\u00edrus","coronavoucher","governo federal","Senado Federal"],"articleSection":["Pol\u00edtica"],"inLanguage":"pt-BR"},{"@type":"WebPage","@id":"https:\/\/www.suno.com.br\/noticias\/senado-votara-coronavoucher-segunda\/","url":"https:\/\/www.suno.com.br\/noticias\/senado-votara-coronavoucher-segunda\/","name":"Senado votar\u00e1 coronavoucher nesta segunda-feira","isPartOf":{"@id":"https:\/\/www.suno.com.br\/noticias\/#website"},"primaryImageOfPage":{"@id":"https:\/\/www.suno.com.br\/noticias\/senado-votara-coronavoucher-segunda\/#primaryimage"},"image":{"@id":"https:\/\/www.suno.com.br\/noticias\/senado-votara-coronavoucher-segunda\/#primaryimage"},"thumbnailUrl":"https:\/\/files.sunoresearch.com.br\/n\/uploads\/2019\/06\/79fc497b-congresso-nacional-credito-jpg.webp","datePublished":"2020-03-28T15:02:34+00:00","description":"O Senado Federal votar\u00e1 o projeto que cria os \"coronavoucher\" na pr\u00f3xima segunda-feira (30). Clique aqui para saber mais.","breadcrumb":{"@id":"https:\/\/www.suno.com.br\/noticias\/senado-votara-coronavoucher-segunda\/#breadcrumb"},"inLanguage":"pt-BR","potentialAction":[{"@type":"ReadAction","target":["https:\/\/www.suno.com.br\/noticias\/senado-votara-coronavoucher-segunda\/"]}]},{"@type":"ImageObject","inLanguage":"pt-BR","@id":"https:\/\/www.suno.com.br\/noticias\/senado-votara-coronavoucher-segunda\/#primaryimage","url":"https:\/\/files.sunoresearch.com.br\/n\/uploads\/2019\/06\/79fc497b-congresso-nacional-credito-jpg.webp","contentUrl":"https:\/\/files.sunoresearch.com.br\/n\/uploads\/2019\/06\/79fc497b-congresso-nacional-credito-jpg.webp","width":2272,"height":1455,"caption":"Senado votar\u00e1 projeto que suspende pagamento de alugu\u00e9is"},{"@type":"BreadcrumbList","@id":"https:\/\/www.suno.com.br\/noticias\/senado-votara-coronavoucher-segunda\/#breadcrumb","itemListElement":[{"@type":"ListItem","position":1,"name":"Not\u00edcias","item":"https:\/\/www.suno.com.br\/noticias\/"},{"@type":"ListItem","position":2,"name":"Pol\u00edtica","item":"https:\/\/www.suno.com.br\/noticias\/politica\/"},{"@type":"ListItem","position":3,"name":"Senado votar\u00e1 coronavoucher nesta segunda-feira"}]},{"@type":"WebSite","@id":"https:\/\/www.suno.com.br\/noticias\/#website","url":"https:\/\/www.suno.com.br\/noticias\/","name":"Suno Not\u00edcias","description":"Seu portal de informa\u00e7\u00e3o sobre o mundo dos investimentos","publisher":{"@id":"https:\/\/www.suno.com.br\/noticias\/#organization"},"potentialAction":[{"@type":"SearchAction","target":{"@type":"EntryPoint","urlTemplate":"https:\/\/www.suno.com.br\/noticias\/?s={search_term_string}"},"query-input":{"@type":"PropertyValueSpecification","valueRequired":true,"valueName":"search_term_string"}}],"inLanguage":"pt-BR"},{"@type":"Organization","@id":"https:\/\/www.suno.com.br\/noticias\/#organization","name":"Suno Not\u00edcias","url":"https:\/\/www.suno.com.br\/noticias\/","logo":{"@type":"ImageObject","inLanguage":"pt-BR","@id":"https:\/\/www.suno.com.br\/noticias\/#\/schema\/logo\/image\/","url":"https:\/\/files.sunoresearch.com.br\/n\/uploads\/2021\/09\/suno-logo.png","contentUrl":"https:\/\/files.sunoresearch.com.br\/n\/uploads\/2021\/09\/suno-logo.png","width":180,"height":180,"caption":"Suno Not\u00edcias"},"image":{"@id":"https:\/\/www.suno.com.br\/noticias\/#\/schema\/logo\/image\/"},"sameAs":["https:\/\/facebook.com\/sunoresearch","https:\/\/x.com\/sunoresearch","https:\/\/www.instagram.com\/suno","https:\/\/www.linkedin.com\/company\/suno-research\/","https:\/\/www.youtube.com\/c\/sunoresearch"]},{"@type":"Person","@id":"https:\/\/www.suno.com.br\/noticias\/#\/schema\/person\/e6e0f723cc177805027f4566c1d5e0c8","name":"Carlo Cauti","image":{"@type":"ImageObject","inLanguage":"pt-BR","@id":"https:\/\/www.suno.com.br\/noticias\/#\/schema\/person\/image\/","url":"https:\/\/secure.gravatar.com\/avatar\/3ada9e0bd164c23abd4792a9606d583c?s=96&r=g","contentUrl":"https:\/\/secure.gravatar.com\/avatar\/3ada9e0bd164c23abd4792a9606d583c?s=96&r=g","caption":"Carlo Cauti"},"description":"Editor multim\u00eddia do SUNO Not\u00edcias. Italiano, formado em Ci\u00eancias Pol\u00edticas pela universidade LUISS G. Carli de Roma e mestre cum laude em Rela\u00e7\u00f5es Internacionais, Jornalismo Internacional e de Guerra e em Economia Internacional. Concluiu tamb\u00e9m um MBA em Finan\u00e7as na B3. No Brasil, teve passagem por ve\u00edculos como Estad\u00e3o, Globo, Veja e EXAME. e nas ag\u00eancias de not\u00edcias italianas ANSA e NOVA.","url":"https:\/\/www.suno.com.br\/noticias\/author\/carlo-cauti\/"}]}},"default_loop_html":"<div class=\"cardsPage__listCard__boxs\"><div class=\"cardsPage__listCard__boxs__img\"><a href=\"https:\/\/www.suno.com.br\/noticias\/senado-votara-coronavoucher-segunda\/\"><img class=\"mask\" src=\"https:\/\/www.suno.com.br\/noticias\/wp-content\/themes\/suno\/resources\/images\/spotlight\/spotlight1img\/bg-mask.png\" alt=\"Image Mask\"\/><img src=\"https:\/\/files.sunoresearch.com.br\/n\/uploads\/2019\/06\/79fc497b-congresso-nacional-credito-400x200.webp\" alt=\"Senado votar\u00e1 coronavoucher nesta segunda-feira\"\/><\/a><span class=\"spotlightCategory\"><a href=\"https:\/\/www.suno.com.br\/noticias\/politica\/\">Pol\u00edtica<\/a><\/span><\/div><div class=\"cardsPage__listCard__boxs__content\"><a href=\"https:\/\/www.suno.com.br\/noticias\/senado-votara-coronavoucher-segunda\/\"><h2 class=\"content__title\">Senado votar\u00e1 coronavoucher nesta segunda-feira<\/h2><\/a><div class=\"newsContent__article__meta\"><div class=\"newsContent__article__meta__authorBox\"><a href=\"https:\/\/www.suno.com.br\/noticias\/author\/carlo-cauti\/\" class=\"authorBox__avatar noMobi\"><img src=\"https:\/\/files.sunoresearch.com.br\/n\/uploads\/2020\/08\/e3745f9a-perfil-carlo-cauti-150x150.webp\" alt=\"Carlo Cauti\"><\/a><div class=\"authorBox__name\"><span>por\n\t\t\t<a href=\"https:\/\/www.suno.com.br\/noticias\/author\/carlo-cauti\/\"><span itemprop=\"author\">Carlo Cauti<\/span><\/a><\/span><time datetime=\"2020-03-28T12:02:34-03:00\" itemprop=\"datePublished\">28\/03\/2020 12:02<\/time><\/div><\/div><\/div><\/div><\/div>","single_layout":"posts","amp_enabled":true,"_links":{"self":[{"href":"https:\/\/www.suno.com.br\/noticias\/wp-json\/wp\/v2\/posts\/59325"}],"collection":[{"href":"https:\/\/www.suno.com.br\/noticias\/wp-json\/wp\/v2\/posts"}],"about":[{"href":"https:\/\/www.suno.com.br\/noticias\/wp-json\/wp\/v2\/types\/post"}],"author":[{"embeddable":true,"href":"https:\/\/www.suno.com.br\/noticias\/wp-json\/wp\/v2\/users\/9"}],"replies":[{"embeddable":true,"href":"https:\/\/www.suno.com.br\/noticias\/wp-json\/wp\/v2\/comments?post=59325"}],"version-history":[{"count":0,"href":"https:\/\/www.suno.com.br\/noticias\/wp-json\/wp\/v2\/posts\/59325\/revisions"}],"wp:featuredmedia":[{"embeddable":true,"href":"https:\/\/www.suno.com.br\/noticias\/wp-json\/wp\/v2\/media\/27812"}],"wp:attachment":[{"href":"https:\/\/www.suno.com.br\/noticias\/wp-json\/wp\/v2\/media?parent=59325"}],"wp:term":[{"taxonomy":"category","embeddable":true,"href":"https:\/\/www.suno.com.br\/noticias\/wp-json\/wp\/v2\/categories?post=59325"},{"taxonomy":"post_tag","embeddable":true,"href":"https:\/\/www.suno.com.br\/noticias\/wp-json\/wp\/v2\/tags?post=59325"},{"taxonomy":"suno_strategy","embeddable":true,"href":"https:\/\/www.suno.com.br\/noticias\/wp-json\/wp\/v2\/suno_strategy?post=59325"}],"curies":[{"name":"wp","href":"https:\/\/api.w.org\/{rel}","templated":true}]}}