{"id":593185,"date":"2025-02-03T11:25:35","date_gmt":"2025-02-03T14:25:35","guid":{"rendered":"https:\/\/www.suno.com.br\/noticias\/?p=593185"},"modified":"2025-02-03T11:25:38","modified_gmt":"2025-02-03T14:25:38","slug":"equatorial-eqtl3-dividendos-btg-gss","status":"publish","type":"post","link":"https:\/\/www.suno.com.br\/noticias\/equatorial-eqtl3-dividendos-btg-gss\/","title":{"rendered":"Equatorial (EQTL3) \u00e9 boa op\u00e7\u00e3o para dividendos?"},"content":{"rendered":"<p>O BTG Pactual divulgou sua nova <a class=\"suno-keyword\" data-force=\"no\" data-priority=\"1\" href=\"https:\/\/www.suno.com.br\/artigos\/carteira-recomendada\/\" target=\"_blank\" rel=\"noopener\">carteira recomendada<\/a> de <a class=\"suno-keyword\" data-force=\"no\" data-priority=\"1\" href=\"https:\/\/www.suno.com.br\/guias\/dividendos\/\" target=\"_blank\" rel=\"noopener\">dividendos<\/a> para o m\u00eas de fevereiro, e um dos destaques foi a inclus\u00e3o da <strong>Equatorial<\/strong> (<a class=\"suno-keyword\" data-force=\"yes\" data-priority=\"2\" href=\"https:\/\/www.suno.com.br\/analitica\/acoes\/eqtl3\/\" target=\"_blank\" rel=\"noopener\">EQTL3<\/a>) no portf\u00f3lio.<\/p>\t<div class=\"wrapper-featured-image\">\n\t\t<figure class=\"spotlightImg\">\n\n\t\t\t<picture>\n\t\t\t\t<source media=\"(max-width: 768px)\" srcset=\"https:\/\/files.sunoresearch.com.br\/n\/uploads\/2023\/05\/energia-transmissora-eletrica-400x200.jpg\">\n\t\t\t\t<img loading=\"lazy\" decoding=\"async\" class=\"newsContent__article__imgCapa lazyloadDisabled \" src=\"https:\/\/files.sunoresearch.com.br\/n\/uploads\/2023\/05\/energia-transmissora-eletrica-800x450.jpg\" width=\"800\" height=\"450\" alt=\"Equatorial (EQTL3) \u00e9 boa op\u00e7\u00e3o para dividendos?\" fetchpriority=high \/>\n\t\t\t<\/picture>\n\n\t\t\t<figcaption class=\"wp-caption-text wp-caption-text--show\">Equatorial (EQTL3). Foto: iStock<\/figcaption>\n\t\t<\/figure>\n\t<\/div>\n\n\n\n\n\n\n\n\t<p>\n\t\t<a href=\"\" target=\"_blank\" data-element=\"shortcode-suno-banner\" title=\"Banner SUNO, clique e saiba mais\">\n\t\t\t<picture>\n\t\t\t\t<source media=\"(max-width: 500px)\" srcset=\"\">\n\t\t\t\t<img class=\"newsContent__article__imgCapa newsContent__article__imgCapa--banner\"\n\t\t\t\t\tsrc=\"\"\n\t\t\t\t\tdata-promo-id=\"89005\"\t\t\t\t\t\t\t\t\t\t\t\t\t\t\talt=\"\"\n\t\t\t\t>\n\t\t\t<\/picture>\n\t\t<\/a>\n\t<\/p>\n\n\n\n\n\n<p>A <strong>EQTL3<\/strong> ganhou destaque no mercado ap\u00f3s ter garantido a posi\u00e7\u00e3o da acionista de refer\u00eancia da <strong>Sabesp<\/strong> (<a class=\"suno-keyword\" data-force=\"yes\" data-priority=\"2\" href=\"https:\/\/www.suno.com.br\/analitica\/acoes\/sbsp3\/\" target=\"_blank\" rel=\"noopener\">SBSP3<\/a>), no \u00e2mbito da privatiza\u00e7\u00e3o da companhia de saneamento, e agora pode se destacar como pagadora de <strong>dividendos<\/strong>.<\/p>\n\n\n\n<p>&#8220;A transa\u00e7\u00e3o n\u00e3o foi apenas altamente geradora de valor, mas tamb\u00e9m abre uma importante avenida de crescimento em saneamento para a Equatorial. Vemos a a\u00e7\u00e3o sendo negociada a uma atraente TIR real de 10,8%, a qual \u00e9 ainda impulsionada quando inclu\u00edmos a aquisi\u00e7\u00e3o da Sabesp&#8221;, diz o relat\u00f3rio do BTG.<\/p>\n\n\n\n<p>Os analistas afirmam que, do ponto de vista operacional, a Equatorial tem apresentado consistentemente n\u00fameros s\u00f3lidos, com redu\u00e7\u00e3o das perdas de energia e controle r\u00edgido dos custos, bem como progresso nas recupera\u00e7\u00f5es de distribui\u00e7\u00e3o recentemente adquiridas.<\/p>\n\n\n\n<p>&#8220;Nossa recomenda\u00e7\u00e3o de compra \u00e9 baseada em um valuation atraente e seu excelente hist\u00f3rico em opera\u00e7\u00f5es de distribui\u00e7\u00e3o e aloca\u00e7\u00e3o de capital&#8221;, afirma o BTG Pactual.<\/p>\n\n\n\n<p>As <strong>a\u00e7\u00f5es da Equatorial<\/strong> entraram no lugar da <a class=\"suno-keyword\" data-force=\"yes\" data-priority=\"2\" href=\"https:\/\/www.suno.com.br\/analitica\/acoes\/GGBR4\/\" target=\"_blank\" rel=\"noopener\">Gerdau (GGBR4)<\/a> na <strong>carteira recomendada de dividendos <\/strong>da casa. Confira a seguir o portf\u00f3lio completo para fevereiro:<\/p>\n\n\n\t<p>\n\t\t<a href=\"https:\/\/lp.suno.com.br\/minicurso-investindo-fiis\/\" target=\"_blank\" data-element=\"shortcode-suno-banner\" title=\"Banner SUNO, clique e saiba mais\">\n\t\t\t<picture>\n\t\t\t\t<source media=\"(max-width: 500px)\" srcset=\"https:\/\/files.sunoresearch.com.br\/n\/uploads\/2023\/03\/400x300-Minicurso-FIIS.png\">\n\t\t\t\t<img class=\"newsContent__article__imgCapa newsContent__article__imgCapa--banner\"\n\t\t\t\t\tsrc=\"https:\/\/files.sunoresearch.com.br\/n\/uploads\/2023\/03\/1420x240-Minicurso-FIIS.png\"\n\t\t\t\t\tdata-promo-id=\"383125\"\t\t\t\t\t\t\t\t\t\twidth='1420' height='240'\t\t\t\t\talt=\"https:\/\/files.sunoresearch.com.br\/n\/uploads\/2023\/03\/1420x240-Minicurso-FIIS.png\"\n\t\t\t\t>\n\t\t\t<\/picture>\n\t\t<\/a>\n\t<\/p>\n\n\n\n\n\n<figure class=\"wp-block-table\"><table><thead><tr><th>Empresa<\/th><th>C\u00f3digo<\/th><th>Peso (%)<\/th><th>Dividend Yield 2025E (%)<\/th><\/tr><\/thead><tbody><tr><td>Petrobras<\/td><td>PETR4<\/td><td>10%<\/td><td>14,4%<\/td><\/tr><tr><td>Ita\u00fa Unibanco<\/td><td>ITUB4<\/td><td>10%<\/td><td>7,0%<\/td><\/tr><tr><td>Vale<\/td><td>VALE3<\/td><td>5%<\/td><td>9,2%<\/td><\/tr><tr><td>Banco do Brasil<\/td><td>BBAS3<\/td><td>10%<\/td><td>11,4%<\/td><\/tr><tr><td>Telef\u00f4nica<\/td><td>VIVT3<\/td><td>5%<\/td><td>7,4%<\/td><\/tr><tr><td>Eletrobras<\/td><td>ELET6<\/td><td>10%<\/td><td>4,8%<\/td><\/tr><tr><td>JBS<\/td><td>JBSS3<\/td><td>5%<\/td><td>3,1%<\/td><\/tr><tr><td>Equatorial<\/td><td>EQTL3<\/td><td>10%<\/td><td>2,5%<\/td><\/tr><tr><td>Tim<\/td><td>TIMS3<\/td><td>5%<\/td><td>8,9%<\/td><\/tr><tr><td>Klabin<\/td><td>KLBN11<\/td><td>10%<\/td><td>5,3%<\/td><\/tr><tr><td>Copel<\/td><td>CPLE6<\/td><td>10%<\/td><td>4,3%<\/td><\/tr><tr><td>Marcopolo<\/td><td>POMO4<\/td><td>5%<\/td><td>6,6%<\/td><\/tr><tr><td>Direcional<\/td><td>DIRR3<\/td><td>5%<\/td><td>3,2%<\/td><\/tr><\/tbody><\/table><\/figure>\n\n\n\n<p>Por volta das 11h desta segunda-feira (03), a <strong>Equatorial<\/strong> (EQTL3) operava em queda de 0,17% no Ibovespa, cotada a R$ 30,11.<\/p>\n\n\n\t<p>\n\t\t<a href=\"https:\/\/lp.suno.com.br\/planilha-da-vida-financeira\/\" target=\"_blank\" data-element=\"shortcode-suno-banner\" title=\"Banner SUNO, clique e saiba mais\">\n\t\t\t<picture>\n\t\t\t\t<source media=\"(max-width: 500px)\" srcset=\"https:\/\/files.sunoresearch.com.br\/n\/uploads\/2023\/04\/400x300-Planilha-vida-financeira-true.png\">\n\t\t\t\t<img class=\"newsContent__article__imgCapa newsContent__article__imgCapa--banner\"\n\t\t\t\t\tsrc=\"https:\/\/files.sunoresearch.com.br\/n\/uploads\/2023\/04\/1420x240-Planilha-vida-financeira-true.png\"\n\t\t\t\t\tdata-promo-id=\"383123\"\t\t\t\t\t\t\t\t\t\twidth='1420' height='240'\t\t\t\t\talt=\"https:\/\/files.sunoresearch.com.br\/n\/uploads\/2023\/04\/1420x240-Planilha-vida-financeira-true.png\"\n\t\t\t\t>\n\t\t\t<\/picture>\n\t\t<\/a>\n\t<\/p>\n\n\n","protected":false},"excerpt":{"rendered":"<p>O BTG Pactual divulgou sua nova carteira recomendada de dividendos para o m\u00eas de fevereiro, e um dos destaques foi a inclus\u00e3o da Equatorial (EQTL3) no portf\u00f3lio. Equatorial (EQTL3). Foto: iStock A EQTL3 ganhou destaque no mercado ap\u00f3s ter garantido a posi\u00e7\u00e3o da acionista de refer\u00eancia da Sabesp (SBSP3), no \u00e2mbito da privatiza\u00e7\u00e3o da companhia [&hellip;]<\/p>\n","protected":false},"author":376,"featured_media":408470,"comment_status":"closed","ping_status":"closed","sticky":false,"template":"","format":"standard","meta":[],"categories":[64],"tags":[295,105039],"suno_strategy":[],"class_list":["post-593185","post","type-post","status-publish","format-standard","has-post-thumbnail","hentry","category-negocios","tag-dividendos","tag-equatorial-eqtl3"],"yoast_head":"<!-- This site is optimized with the Yoast SEO plugin v24.4 - https:\/\/yoast.com\/wordpress\/plugins\/seo\/ -->\n<title>Equatorial (EQTL3) \u00e9 boa op\u00e7\u00e3o para dividendos?<\/title>\n<meta name=\"description\" content=\"A Equatorial entrou na carteira recomendada de dividendos do BTG Pactual para fevereiro. Clique para saber mais.\" \/>\n<meta name=\"robots\" content=\"index, follow, max-snippet:-1, max-image-preview:large, max-video-preview:-1\" \/>\n<link rel=\"canonical\" href=\"https:\/\/www.suno.com.br\/noticias\/equatorial-eqtl3-dividendos-btg-gss\/\" \/>\n<meta property=\"og:locale\" content=\"pt_BR\" \/>\n<meta property=\"og:type\" content=\"article\" \/>\n<meta property=\"og:title\" content=\"Equatorial (EQTL3) \u00e9 boa op\u00e7\u00e3o para dividendos?\" \/>\n<meta property=\"og:description\" content=\"A Equatorial entrou na carteira recomendada de dividendos do BTG Pactual para fevereiro. Clique para saber mais.\" \/>\n<meta property=\"og:url\" content=\"https:\/\/www.suno.com.br\/noticias\/equatorial-eqtl3-dividendos-btg-gss\/\" \/>\n<meta property=\"og:site_name\" content=\"Suno Not\u00edcias\" \/>\n<meta property=\"article:publisher\" content=\"https:\/\/facebook.com\/sunoresearch\" \/>\n<meta property=\"og:image\" content=\"https:\/\/files.sunoresearch.com.br\/n\/uploads\/2023\/05\/energia-transmissora-eletrica.jpg\" \/>\n\t<meta property=\"og:image:width\" content=\"1200\" \/>\n\t<meta property=\"og:image:height\" content=\"800\" \/>\n\t<meta property=\"og:image:type\" content=\"image\/jpeg\" \/>\n<meta name=\"author\" content=\"Guilherme Serrano\" \/>\n<meta name=\"twitter:card\" content=\"summary_large_image\" \/>\n<meta name=\"twitter:creator\" content=\"@sunoresearch\" \/>\n<meta name=\"twitter:site\" content=\"@sunoresearch\" \/>\n<meta name=\"twitter:label1\" content=\"Escrito por\" \/>\n\t<meta name=\"twitter:data1\" content=\"Guilherme Serrano\" \/>\n\t<meta name=\"twitter:label2\" content=\"Est. tempo de leitura\" \/>\n\t<meta name=\"twitter:data2\" content=\"2 minutos\" \/>\n<script type=\"application\/ld+json\" class=\"yoast-schema-graph\">{\"@context\":\"https:\/\/schema.org\",\"@graph\":[{\"@type\":\"NewsArticle\",\"@id\":\"https:\/\/www.suno.com.br\/noticias\/equatorial-eqtl3-dividendos-btg-gss\/#article\",\"isPartOf\":{\"@id\":\"https:\/\/www.suno.com.br\/noticias\/equatorial-eqtl3-dividendos-btg-gss\/\"},\"author\":{\"name\":\"Guilherme Serrano\",\"@id\":\"https:\/\/www.suno.com.br\/noticias\/#\/schema\/person\/d0f07e64bce64aa671feadfb844f04ca\"},\"headline\":\"Equatorial (EQTL3) \u00e9 boa op\u00e7\u00e3o para dividendos?\",\"datePublished\":\"2025-02-03T14:25:35+00:00\",\"dateModified\":\"2025-02-03T14:25:38+00:00\",\"mainEntityOfPage\":{\"@id\":\"https:\/\/www.suno.com.br\/noticias\/equatorial-eqtl3-dividendos-btg-gss\/\"},\"wordCount\":294,\"publisher\":{\"@id\":\"https:\/\/www.suno.com.br\/noticias\/#organization\"},\"image\":{\"@id\":\"https:\/\/www.suno.com.br\/noticias\/equatorial-eqtl3-dividendos-btg-gss\/#primaryimage\"},\"thumbnailUrl\":\"https:\/\/files.sunoresearch.com.br\/n\/uploads\/2023\/05\/energia-transmissora-eletrica.jpg\",\"keywords\":[\"dividendos\",\"Equatorial (EQTL3)\"],\"articleSection\":[\"Neg\u00f3cios\"],\"inLanguage\":\"pt-BR\"},{\"@type\":\"WebPage\",\"@id\":\"https:\/\/www.suno.com.br\/noticias\/equatorial-eqtl3-dividendos-btg-gss\/\",\"url\":\"https:\/\/www.suno.com.br\/noticias\/equatorial-eqtl3-dividendos-btg-gss\/\",\"name\":\"Equatorial (EQTL3) \u00e9 boa op\u00e7\u00e3o para dividendos?\",\"isPartOf\":{\"@id\":\"https:\/\/www.suno.com.br\/noticias\/#website\"},\"primaryImageOfPage\":{\"@id\":\"https:\/\/www.suno.com.br\/noticias\/equatorial-eqtl3-dividendos-btg-gss\/#primaryimage\"},\"image\":{\"@id\":\"https:\/\/www.suno.com.br\/noticias\/equatorial-eqtl3-dividendos-btg-gss\/#primaryimage\"},\"thumbnailUrl\":\"https:\/\/files.sunoresearch.com.br\/n\/uploads\/2023\/05\/energia-transmissora-eletrica.jpg\",\"datePublished\":\"2025-02-03T14:25:35+00:00\",\"dateModified\":\"2025-02-03T14:25:38+00:00\",\"description\":\"A Equatorial entrou na carteira recomendada de dividendos do BTG Pactual para fevereiro. Clique para saber mais.\",\"breadcrumb\":{\"@id\":\"https:\/\/www.suno.com.br\/noticias\/equatorial-eqtl3-dividendos-btg-gss\/#breadcrumb\"},\"inLanguage\":\"pt-BR\",\"potentialAction\":[{\"@type\":\"ReadAction\",\"target\":[\"https:\/\/www.suno.com.br\/noticias\/equatorial-eqtl3-dividendos-btg-gss\/\"]}]},{\"@type\":\"ImageObject\",\"inLanguage\":\"pt-BR\",\"@id\":\"https:\/\/www.suno.com.br\/noticias\/equatorial-eqtl3-dividendos-btg-gss\/#primaryimage\",\"url\":\"https:\/\/files.sunoresearch.com.br\/n\/uploads\/2023\/05\/energia-transmissora-eletrica.jpg\",\"contentUrl\":\"https:\/\/files.sunoresearch.com.br\/n\/uploads\/2023\/05\/energia-transmissora-eletrica.jpg\",\"width\":1200,\"height\":800,\"caption\":\"Equatorial (EQTL3). Foto: iStock\"},{\"@type\":\"BreadcrumbList\",\"@id\":\"https:\/\/www.suno.com.br\/noticias\/equatorial-eqtl3-dividendos-btg-gss\/#breadcrumb\",\"itemListElement\":[{\"@type\":\"ListItem\",\"position\":1,\"name\":\"Not\u00edcias\",\"item\":\"https:\/\/www.suno.com.br\/noticias\/\"},{\"@type\":\"ListItem\",\"position\":2,\"name\":\"Neg\u00f3cios\",\"item\":\"https:\/\/www.suno.com.br\/noticias\/negocios\/\"},{\"@type\":\"ListItem\",\"position\":3,\"name\":\"Equatorial (EQTL3) \u00e9 boa op\u00e7\u00e3o para dividendos?\"}]},{\"@type\":\"WebSite\",\"@id\":\"https:\/\/www.suno.com.br\/noticias\/#website\",\"url\":\"https:\/\/www.suno.com.br\/noticias\/\",\"name\":\"Suno Not\u00edcias\",\"description\":\"Seu portal de informa\u00e7\u00e3o sobre o mundo dos investimentos\",\"publisher\":{\"@id\":\"https:\/\/www.suno.com.br\/noticias\/#organization\"},\"potentialAction\":[{\"@type\":\"SearchAction\",\"target\":{\"@type\":\"EntryPoint\",\"urlTemplate\":\"https:\/\/www.suno.com.br\/noticias\/?s={search_term_string}\"},\"query-input\":{\"@type\":\"PropertyValueSpecification\",\"valueRequired\":true,\"valueName\":\"search_term_string\"}}],\"inLanguage\":\"pt-BR\"},{\"@type\":\"Organization\",\"@id\":\"https:\/\/www.suno.com.br\/noticias\/#organization\",\"name\":\"Suno Not\u00edcias\",\"url\":\"https:\/\/www.suno.com.br\/noticias\/\",\"logo\":{\"@type\":\"ImageObject\",\"inLanguage\":\"pt-BR\",\"@id\":\"https:\/\/www.suno.com.br\/noticias\/#\/schema\/logo\/image\/\",\"url\":\"https:\/\/files.sunoresearch.com.br\/n\/uploads\/2021\/09\/suno-logo.png\",\"contentUrl\":\"https:\/\/files.sunoresearch.com.br\/n\/uploads\/2021\/09\/suno-logo.png\",\"width\":180,\"height\":180,\"caption\":\"Suno Not\u00edcias\"},\"image\":{\"@id\":\"https:\/\/www.suno.com.br\/noticias\/#\/schema\/logo\/image\/\"},\"sameAs\":[\"https:\/\/facebook.com\/sunoresearch\",\"https:\/\/x.com\/sunoresearch\",\"https:\/\/www.instagram.com\/suno\",\"https:\/\/www.linkedin.com\/company\/suno-research\/\",\"https:\/\/www.youtube.com\/c\/sunoresearch\"]},{\"@type\":\"Person\",\"@id\":\"https:\/\/www.suno.com.br\/noticias\/#\/schema\/person\/d0f07e64bce64aa671feadfb844f04ca\",\"name\":\"Guilherme Serrano\",\"image\":{\"@type\":\"ImageObject\",\"inLanguage\":\"pt-BR\",\"@id\":\"https:\/\/www.suno.com.br\/noticias\/#\/schema\/person\/image\/\",\"url\":\"https:\/\/secure.gravatar.com\/avatar\/a90be19d8c67bef61497e4522de30ac4?s=96&r=g\",\"contentUrl\":\"https:\/\/secure.gravatar.com\/avatar\/a90be19d8c67bef61497e4522de30ac4?s=96&r=g\",\"caption\":\"Guilherme Serrano\"},\"description\":\"Jornalista formado pela Faculdade C\u00e1sper L\u00edbero e p\u00f3s-graduado em Can\u00e7\u00e3o Popular pela Faculdade Santa Marcelina. Passagens por R\u00e1dio Gazeta AM, gazetaesportiva.com e TC R\u00e1dio.\",\"url\":\"https:\/\/www.suno.com.br\/noticias\/author\/guilherme-silvasuno-com-br\/\"}]}<\/script>\n<!-- \/ Yoast SEO plugin. -->","yoast_head_json":{"title":"Equatorial (EQTL3) \u00e9 boa op\u00e7\u00e3o para dividendos?","description":"A Equatorial entrou na carteira recomendada de dividendos do BTG Pactual para fevereiro. Clique para saber mais.","robots":{"index":"index","follow":"follow","max-snippet":"max-snippet:-1","max-image-preview":"max-image-preview:large","max-video-preview":"max-video-preview:-1"},"canonical":"https:\/\/www.suno.com.br\/noticias\/equatorial-eqtl3-dividendos-btg-gss\/","og_locale":"pt_BR","og_type":"article","og_title":"Equatorial (EQTL3) \u00e9 boa op\u00e7\u00e3o para dividendos?","og_description":"A Equatorial entrou na carteira recomendada de dividendos do BTG Pactual para fevereiro. Clique para saber mais.","og_url":"https:\/\/www.suno.com.br\/noticias\/equatorial-eqtl3-dividendos-btg-gss\/","og_site_name":"Suno Not\u00edcias","article_publisher":"https:\/\/facebook.com\/sunoresearch","og_image":[{"width":1200,"height":800,"url":"https:\/\/files.sunoresearch.com.br\/n\/uploads\/2023\/05\/energia-transmissora-eletrica.jpg","type":"image\/jpeg"}],"author":"Guilherme Serrano","twitter_card":"summary_large_image","twitter_creator":"@sunoresearch","twitter_site":"@sunoresearch","twitter_misc":{"Escrito por":"Guilherme Serrano","Est. tempo de leitura":"2 minutos"},"schema":{"@context":"https:\/\/schema.org","@graph":[{"@type":"NewsArticle","@id":"https:\/\/www.suno.com.br\/noticias\/equatorial-eqtl3-dividendos-btg-gss\/#article","isPartOf":{"@id":"https:\/\/www.suno.com.br\/noticias\/equatorial-eqtl3-dividendos-btg-gss\/"},"author":{"name":"Guilherme Serrano","@id":"https:\/\/www.suno.com.br\/noticias\/#\/schema\/person\/d0f07e64bce64aa671feadfb844f04ca"},"headline":"Equatorial (EQTL3) \u00e9 boa op\u00e7\u00e3o para dividendos?","datePublished":"2025-02-03T14:25:35+00:00","dateModified":"2025-02-03T14:25:38+00:00","mainEntityOfPage":{"@id":"https:\/\/www.suno.com.br\/noticias\/equatorial-eqtl3-dividendos-btg-gss\/"},"wordCount":294,"publisher":{"@id":"https:\/\/www.suno.com.br\/noticias\/#organization"},"image":{"@id":"https:\/\/www.suno.com.br\/noticias\/equatorial-eqtl3-dividendos-btg-gss\/#primaryimage"},"thumbnailUrl":"https:\/\/files.sunoresearch.com.br\/n\/uploads\/2023\/05\/energia-transmissora-eletrica.jpg","keywords":["dividendos","Equatorial (EQTL3)"],"articleSection":["Neg\u00f3cios"],"inLanguage":"pt-BR"},{"@type":"WebPage","@id":"https:\/\/www.suno.com.br\/noticias\/equatorial-eqtl3-dividendos-btg-gss\/","url":"https:\/\/www.suno.com.br\/noticias\/equatorial-eqtl3-dividendos-btg-gss\/","name":"Equatorial (EQTL3) \u00e9 boa op\u00e7\u00e3o para dividendos?","isPartOf":{"@id":"https:\/\/www.suno.com.br\/noticias\/#website"},"primaryImageOfPage":{"@id":"https:\/\/www.suno.com.br\/noticias\/equatorial-eqtl3-dividendos-btg-gss\/#primaryimage"},"image":{"@id":"https:\/\/www.suno.com.br\/noticias\/equatorial-eqtl3-dividendos-btg-gss\/#primaryimage"},"thumbnailUrl":"https:\/\/files.sunoresearch.com.br\/n\/uploads\/2023\/05\/energia-transmissora-eletrica.jpg","datePublished":"2025-02-03T14:25:35+00:00","dateModified":"2025-02-03T14:25:38+00:00","description":"A Equatorial entrou na carteira recomendada de dividendos do BTG Pactual para fevereiro. Clique para saber mais.","breadcrumb":{"@id":"https:\/\/www.suno.com.br\/noticias\/equatorial-eqtl3-dividendos-btg-gss\/#breadcrumb"},"inLanguage":"pt-BR","potentialAction":[{"@type":"ReadAction","target":["https:\/\/www.suno.com.br\/noticias\/equatorial-eqtl3-dividendos-btg-gss\/"]}]},{"@type":"ImageObject","inLanguage":"pt-BR","@id":"https:\/\/www.suno.com.br\/noticias\/equatorial-eqtl3-dividendos-btg-gss\/#primaryimage","url":"https:\/\/files.sunoresearch.com.br\/n\/uploads\/2023\/05\/energia-transmissora-eletrica.jpg","contentUrl":"https:\/\/files.sunoresearch.com.br\/n\/uploads\/2023\/05\/energia-transmissora-eletrica.jpg","width":1200,"height":800,"caption":"Equatorial (EQTL3). Foto: iStock"},{"@type":"BreadcrumbList","@id":"https:\/\/www.suno.com.br\/noticias\/equatorial-eqtl3-dividendos-btg-gss\/#breadcrumb","itemListElement":[{"@type":"ListItem","position":1,"name":"Not\u00edcias","item":"https:\/\/www.suno.com.br\/noticias\/"},{"@type":"ListItem","position":2,"name":"Neg\u00f3cios","item":"https:\/\/www.suno.com.br\/noticias\/negocios\/"},{"@type":"ListItem","position":3,"name":"Equatorial (EQTL3) \u00e9 boa op\u00e7\u00e3o para dividendos?"}]},{"@type":"WebSite","@id":"https:\/\/www.suno.com.br\/noticias\/#website","url":"https:\/\/www.suno.com.br\/noticias\/","name":"Suno Not\u00edcias","description":"Seu portal de informa\u00e7\u00e3o sobre o mundo dos investimentos","publisher":{"@id":"https:\/\/www.suno.com.br\/noticias\/#organization"},"potentialAction":[{"@type":"SearchAction","target":{"@type":"EntryPoint","urlTemplate":"https:\/\/www.suno.com.br\/noticias\/?s={search_term_string}"},"query-input":{"@type":"PropertyValueSpecification","valueRequired":true,"valueName":"search_term_string"}}],"inLanguage":"pt-BR"},{"@type":"Organization","@id":"https:\/\/www.suno.com.br\/noticias\/#organization","name":"Suno Not\u00edcias","url":"https:\/\/www.suno.com.br\/noticias\/","logo":{"@type":"ImageObject","inLanguage":"pt-BR","@id":"https:\/\/www.suno.com.br\/noticias\/#\/schema\/logo\/image\/","url":"https:\/\/files.sunoresearch.com.br\/n\/uploads\/2021\/09\/suno-logo.png","contentUrl":"https:\/\/files.sunoresearch.com.br\/n\/uploads\/2021\/09\/suno-logo.png","width":180,"height":180,"caption":"Suno Not\u00edcias"},"image":{"@id":"https:\/\/www.suno.com.br\/noticias\/#\/schema\/logo\/image\/"},"sameAs":["https:\/\/facebook.com\/sunoresearch","https:\/\/x.com\/sunoresearch","https:\/\/www.instagram.com\/suno","https:\/\/www.linkedin.com\/company\/suno-research\/","https:\/\/www.youtube.com\/c\/sunoresearch"]},{"@type":"Person","@id":"https:\/\/www.suno.com.br\/noticias\/#\/schema\/person\/d0f07e64bce64aa671feadfb844f04ca","name":"Guilherme Serrano","image":{"@type":"ImageObject","inLanguage":"pt-BR","@id":"https:\/\/www.suno.com.br\/noticias\/#\/schema\/person\/image\/","url":"https:\/\/secure.gravatar.com\/avatar\/a90be19d8c67bef61497e4522de30ac4?s=96&r=g","contentUrl":"https:\/\/secure.gravatar.com\/avatar\/a90be19d8c67bef61497e4522de30ac4?s=96&r=g","caption":"Guilherme Serrano"},"description":"Jornalista formado pela Faculdade C\u00e1sper L\u00edbero e p\u00f3s-graduado em Can\u00e7\u00e3o Popular pela Faculdade Santa Marcelina. Passagens por R\u00e1dio Gazeta AM, gazetaesportiva.com e TC R\u00e1dio.","url":"https:\/\/www.suno.com.br\/noticias\/author\/guilherme-silvasuno-com-br\/"}]}},"default_loop_html":"<div class=\"cardsPage__listCard__boxs\"><div class=\"cardsPage__listCard__boxs__img\"><a href=\"https:\/\/www.suno.com.br\/noticias\/equatorial-eqtl3-dividendos-btg-gss\/\"><img class=\"mask\" src=\"https:\/\/www.suno.com.br\/noticias\/wp-content\/themes\/suno\/resources\/images\/spotlight\/spotlight1img\/bg-mask.png\" alt=\"Image Mask\"\/><img src=\"https:\/\/files.sunoresearch.com.br\/n\/uploads\/2023\/05\/energia-transmissora-eletrica-400x200.jpg\" alt=\"Equatorial (EQTL3) \u00e9 boa op\u00e7\u00e3o para dividendos?\"\/><\/a><span class=\"spotlightCategory\"><a href=\"https:\/\/www.suno.com.br\/noticias\/negocios\/\">Neg\u00f3cios<\/a><\/span><\/div><div class=\"cardsPage__listCard__boxs__content\"><a href=\"https:\/\/www.suno.com.br\/noticias\/equatorial-eqtl3-dividendos-btg-gss\/\"><h2 class=\"content__title\">Equatorial (EQTL3) \u00e9 boa op\u00e7\u00e3o para dividendos?<\/h2><\/a><div class=\"newsContent__article__meta\"><div class=\"newsContent__article__meta__authorBox\"><a href=\"https:\/\/www.suno.com.br\/noticias\/author\/guilherme-silvasuno-com-br\/\" class=\"authorBox__avatar noMobi\"><img src=\"https:\/\/secure.gravatar.com\/avatar\/a90be19d8c67bef61497e4522de30ac4?s=96&#038;r=g\" alt=\"Guilherme Serrano\"><\/a><div class=\"authorBox__name\"><span>por\n\t\t\t<a href=\"https:\/\/www.suno.com.br\/noticias\/author\/guilherme-silvasuno-com-br\/\"><span itemprop=\"author\">Guilherme Serrano<\/span><\/a><\/span><time datetime=\"2025-02-03T11:25:35-03:00\" itemprop=\"datePublished\">03\/02\/2025 11:25<\/time><\/div><\/div><\/div><\/div><\/div>","single_layout":"posts","amp_enabled":true,"_links":{"self":[{"href":"https:\/\/www.suno.com.br\/noticias\/wp-json\/wp\/v2\/posts\/593185"}],"collection":[{"href":"https:\/\/www.suno.com.br\/noticias\/wp-json\/wp\/v2\/posts"}],"about":[{"href":"https:\/\/www.suno.com.br\/noticias\/wp-json\/wp\/v2\/types\/post"}],"author":[{"embeddable":true,"href":"https:\/\/www.suno.com.br\/noticias\/wp-json\/wp\/v2\/users\/376"}],"replies":[{"embeddable":true,"href":"https:\/\/www.suno.com.br\/noticias\/wp-json\/wp\/v2\/comments?post=593185"}],"version-history":[{"count":2,"href":"https:\/\/www.suno.com.br\/noticias\/wp-json\/wp\/v2\/posts\/593185\/revisions"}],"predecessor-version":[{"id":593188,"href":"https:\/\/www.suno.com.br\/noticias\/wp-json\/wp\/v2\/posts\/593185\/revisions\/593188"}],"wp:featuredmedia":[{"embeddable":true,"href":"https:\/\/www.suno.com.br\/noticias\/wp-json\/wp\/v2\/media\/408470"}],"wp:attachment":[{"href":"https:\/\/www.suno.com.br\/noticias\/wp-json\/wp\/v2\/media?parent=593185"}],"wp:term":[{"taxonomy":"category","embeddable":true,"href":"https:\/\/www.suno.com.br\/noticias\/wp-json\/wp\/v2\/categories?post=593185"},{"taxonomy":"post_tag","embeddable":true,"href":"https:\/\/www.suno.com.br\/noticias\/wp-json\/wp\/v2\/tags?post=593185"},{"taxonomy":"suno_strategy","embeddable":true,"href":"https:\/\/www.suno.com.br\/noticias\/wp-json\/wp\/v2\/suno_strategy?post=593185"}],"curies":[{"name":"wp","href":"https:\/\/api.w.org\/{rel}","templated":true}]}}