{"id":59271,"date":"2020-03-27T19:08:36","date_gmt":"2020-03-27T22:08:36","guid":{"rendered":"https:\/\/www.suno.com.br\/noticias\/?p=59271"},"modified":"2020-03-27T19:08:36","modified_gmt":"2020-03-27T22:08:36","slug":"varejo-queda-quase-50-surto-coronavirus","status":"publish","type":"post","link":"https:\/\/www.suno.com.br\/noticias\/varejo-queda-quase-50-surto-coronavirus\/","title":{"rendered":"Varejo tem queda de quase 50% com surto de coronav\u00edrus"},"content":{"rendered":"<p>O faturamento nas vendas do <strong>varejo<\/strong> brasileiro caiu cerca de 50% ao longo das duas \u00faltimas semanas por conta dos impactos da pandemia do novo <a href=\"https:\/\/www.suno.com.br\/noticias\/coronavirus\/\">coronav\u00edrus (covid-19)<\/a>. A informa\u00e7\u00e3o faz parte de uma pesquisa realizada pela Elo Performance e Insights.<\/p>\t<div class=\"wrapper-featured-image\">\n\t\t<figure class=\"spotlightImg\">\n\n\t\t\t<picture>\n\t\t\t\t<source media=\"(max-width: 768px)\" srcset=\"https:\/\/files.sunoresearch.com.br\/n\/uploads\/2020\/03\/64c4f589-queda-400x200.webp\">\n\t\t\t\t<img loading=\"lazy\" decoding=\"async\" class=\"newsContent__article__imgCapa lazyloadDisabled newsContent__article__imgCapa--noCaption\" src=\"https:\/\/files.sunoresearch.com.br\/n\/uploads\/2020\/03\/64c4f589-queda-800x450.webp\" width=\"800\" height=\"450\" alt=\"Varejo tem queda de quase 50% com surto de coronav\u00edrus\" fetchpriority=high \/>\n\t\t\t<\/picture>\n\n\t\t\t<figcaption class=\"wp-caption-text wp-caption-text--hide\">Opini\u00e3o: coronav\u00edrus provocar\u00e1 nova crise econ\u00f4mica, veja os 10 sinais<\/figcaption>\n\t\t<\/figure>\n\t<\/div>\n\n\n\n<p>O levantamento realizado pela <strong>Elo<\/strong> compara as vendas do varejo das \u00faltimas semanas de mar\u00e7o com uma m\u00e9dia di\u00e1ria de um per\u00edodo anterior, entre os dias 5 de janeiro a 22 de fevereiro. Neste segundo intervalo, ainda n\u00e3o havia nenhum caso de <strong>coronav\u00edrus<\/strong> no Brasil e a economia n\u00e3o enfrentava fortes impactos.<\/p>\n<p>Os dados analisados s\u00e3o de vendas nos <a href=\"https:\/\/www.suno.com.br\/artigos\/credito-ou-debito\/\"><strong>cart\u00f5es de cr\u00e9dito e d\u00e9bito<\/strong><\/a>, que possuem a bandeira Elo, realizadas em lojas f\u00edsicas de S\u00e3o Paulo e Rio de Janeiro, al\u00e9m de redes de e-commerce de todo o Brasil.<\/p>\n<p><a href=\"https:\/\/www.suno.com.br\/nossas-assinaturas\/suno-premium\/\">Bolsa em queda livre!? Aproveita as maiores oportunidades da bolsa brasileira com nosso acesso Suno Premium<\/a><\/p>\n<p>Entre os setores avaliados, o de vestu\u00e1rios foi o mais afetado, com queda de 91%. Por outro lado, os supermercados foram menos afetados, com leve baixa de 1%. Confira o desempenho dos outros segmentos:<\/p>\n<ul>\n<li>Estacionamentos (-90%);<\/li>\n<li>Turismo (-83%);<\/li>\n<li>Lojas de departamento (-71%);<\/li>\n<li>Bares e restaurantes (-71%);<\/li>\n<li>Varejos especializados, como cosm\u00e9ticos, autope\u00e7as, m\u00f3veis, etc (65%);<\/li>\n<li>Materiais de constru\u00e7\u00e3o (-56%);<\/li>\n<li>Postos de combust\u00edvel (-43%);<\/li>\n<li>Farm\u00e1cias (-10%).<\/li>\n<\/ul>\n<h2>Vendas do varejo em cada segmento<\/h2>\n<p>Ao considerar somente as vendas com o <strong>cart\u00e3o de d\u00e9bito<\/strong>, a queda no faturamento foi de 45%. O setor mais afetado foi tamb\u00e9m o de vestu\u00e1rio, com baixa de 93%. O segmento de supermercados se manteve est\u00e1vel.<\/p>\n\t<p>\n\t\t<a href=\"https:\/\/lp.statusinvest.com.br\/ao\/assessoria-status-invest\/\" target=\"_blank\" data-element=\"shortcode-suno-banner\" title=\"Banner SUNO, clique e saiba mais\">\n\t\t\t<picture>\n\t\t\t\t<source media=\"(max-width: 500px)\" srcset=\"https:\/\/files.sunoresearch.com.br\/n\/uploads\/2024\/03\/400x300-Mobile-1.png\">\n\t\t\t\t<img class=\"newsContent__article__imgCapa newsContent__article__imgCapa--banner\"\n\t\t\t\t\tsrc=\"https:\/\/files.sunoresearch.com.br\/n\/uploads\/2024\/03\/1420-x-240-Desktop.png\"\n\t\t\t\t\tdata-promo-id=\"537299\"\t\t\t\t\t\t\t\t\t\twidth='1420' height='250'\t\t\t\t\talt=\"https:\/\/files.sunoresearch.com.br\/n\/uploads\/2024\/03\/1420-x-240-Desktop.png\"\n\t\t\t\t>\n\t\t\t<\/picture>\n\t\t<\/a>\n\t<\/p>\n\n\n<p>Por outro lado, ao avaliar o faturamento no <strong>cart\u00e3o de cr\u00e9dito<\/strong>, o impacto foi ainda maior, de aproximadamente 49%. Neste caso, o segmento mais afetado foi o de estacionamentos, com baixa de 88%. O setor de supermercados segue como o menos impactado, por\u00e9m, com uma queda de 7% nas vendas no cr\u00e9dito.<\/p>\n<p>Al\u00e9m disso, mesmo no e-commerce o faturamento tamb\u00e9m caiu 35% nas \u00faltimas semanas de mar\u00e7o. Nas vendas do <strong>varejo<\/strong> realizadas pela internet, os estacionamentos tamb\u00e9m lideraram as baixas, com -89%. Em contrapartida, os bares e restaurantes conseguiram apresentar bons resultados e tiveram aumento de 85% no faturamento.<\/p>\n\n","protected":false},"excerpt":{"rendered":"<p>O faturamento nas vendas do varejo brasileiro caiu cerca de 50% ao longo das duas \u00faltimas semanas por conta dos impactos da pandemia do novo coronav\u00edrus (covid-19). A informa\u00e7\u00e3o faz parte de uma pesquisa realizada pela Elo Performance e Insights. Opini\u00e3o: coronav\u00edrus provocar\u00e1 nova crise econ\u00f4mica, veja os 10 sinais O levantamento realizado pela Elo [&hellip;]<\/p>\n","protected":false},"author":18,"featured_media":55350,"comment_status":"closed","ping_status":"closed","sticky":false,"template":"","format":"standard","meta":[],"categories":[62],"tags":[1188,2487,2073,803],"suno_strategy":[],"class_list":["post-59271","post","type-post","status-publish","format-standard","has-post-thumbnail","hentry","category-economia","tag-cartoes-de-credito","tag-coronavirus","tag-e-commerce","tag-varejo"],"yoast_head":"<!-- This site is optimized with the Yoast SEO plugin v24.4 - https:\/\/yoast.com\/wordpress\/plugins\/seo\/ -->\n<title>Varejo tem queda de quase 50% com surto de coronav\u00edrus<\/title>\n<meta name=\"description\" content=\"O faturamento do varejo caiu cerca de 50% por conta dos impactos da pandemia do novo coronav\u00edrus (covid-19). Clique para saber mais.\" \/>\n<meta name=\"robots\" content=\"index, follow, max-snippet:-1, max-image-preview:large, max-video-preview:-1\" \/>\n<link rel=\"canonical\" href=\"https:\/\/www.suno.com.br\/noticias\/varejo-queda-quase-50-surto-coronavirus\/\" \/>\n<meta property=\"og:locale\" content=\"pt_BR\" \/>\n<meta property=\"og:type\" content=\"article\" \/>\n<meta property=\"og:title\" content=\"Varejo tem queda de quase 50% com surto de coronav\u00edrus\" \/>\n<meta property=\"og:description\" content=\"O faturamento do varejo caiu cerca de 50% por conta dos impactos da pandemia do novo coronav\u00edrus (covid-19). Clique para saber mais.\" \/>\n<meta property=\"og:url\" content=\"https:\/\/www.suno.com.br\/noticias\/varejo-queda-quase-50-surto-coronavirus\/\" \/>\n<meta property=\"og:site_name\" content=\"Suno Not\u00edcias\" \/>\n<meta property=\"article:publisher\" content=\"https:\/\/facebook.com\/sunoresearch\" \/>\n<meta property=\"og:image\" content=\"https:\/\/files.sunoresearch.com.br\/n\/uploads\/2020\/03\/64c4f589-queda.jpg\" \/>\n\t<meta property=\"og:image:width\" content=\"900\" \/>\n\t<meta property=\"og:image:height\" content=\"601\" \/>\n\t<meta property=\"og:image:type\" content=\"image\/jpeg\" \/>\n<meta name=\"author\" content=\"Giovanna Oliveira\" \/>\n<meta name=\"twitter:card\" content=\"summary_large_image\" \/>\n<meta name=\"twitter:creator\" content=\"@sunoresearch\" \/>\n<meta name=\"twitter:site\" content=\"@sunoresearch\" \/>\n<meta name=\"twitter:label1\" content=\"Escrito por\" \/>\n\t<meta name=\"twitter:data1\" content=\"Giovanna Oliveira\" \/>\n\t<meta name=\"twitter:label2\" content=\"Est. tempo de leitura\" \/>\n\t<meta name=\"twitter:data2\" content=\"2 minutos\" \/>\n<script type=\"application\/ld+json\" class=\"yoast-schema-graph\">{\"@context\":\"https:\/\/schema.org\",\"@graph\":[{\"@type\":\"NewsArticle\",\"@id\":\"https:\/\/www.suno.com.br\/noticias\/varejo-queda-quase-50-surto-coronavirus\/#article\",\"isPartOf\":{\"@id\":\"https:\/\/www.suno.com.br\/noticias\/varejo-queda-quase-50-surto-coronavirus\/\"},\"author\":{\"name\":\"Giovanna Oliveira\",\"@id\":\"https:\/\/www.suno.com.br\/noticias\/#\/schema\/person\/4e19e3d2575736e5283d58eb3199d120\"},\"headline\":\"Varejo tem queda de quase 50% com surto de coronav\u00edrus\",\"datePublished\":\"2020-03-27T22:08:36+00:00\",\"mainEntityOfPage\":{\"@id\":\"https:\/\/www.suno.com.br\/noticias\/varejo-queda-quase-50-surto-coronavirus\/\"},\"wordCount\":395,\"publisher\":{\"@id\":\"https:\/\/www.suno.com.br\/noticias\/#organization\"},\"image\":{\"@id\":\"https:\/\/www.suno.com.br\/noticias\/varejo-queda-quase-50-surto-coronavirus\/#primaryimage\"},\"thumbnailUrl\":\"https:\/\/files.sunoresearch.com.br\/n\/uploads\/2020\/03\/64c4f589-queda-jpg.webp\",\"keywords\":[\"cart\u00f5es de cr\u00e9dito\",\"coronav\u00edrus\",\"e-commerce\",\"varejo\"],\"articleSection\":[\"Economia\"],\"inLanguage\":\"pt-BR\"},{\"@type\":\"WebPage\",\"@id\":\"https:\/\/www.suno.com.br\/noticias\/varejo-queda-quase-50-surto-coronavirus\/\",\"url\":\"https:\/\/www.suno.com.br\/noticias\/varejo-queda-quase-50-surto-coronavirus\/\",\"name\":\"Varejo tem queda de quase 50% com surto de coronav\u00edrus\",\"isPartOf\":{\"@id\":\"https:\/\/www.suno.com.br\/noticias\/#website\"},\"primaryImageOfPage\":{\"@id\":\"https:\/\/www.suno.com.br\/noticias\/varejo-queda-quase-50-surto-coronavirus\/#primaryimage\"},\"image\":{\"@id\":\"https:\/\/www.suno.com.br\/noticias\/varejo-queda-quase-50-surto-coronavirus\/#primaryimage\"},\"thumbnailUrl\":\"https:\/\/files.sunoresearch.com.br\/n\/uploads\/2020\/03\/64c4f589-queda-jpg.webp\",\"datePublished\":\"2020-03-27T22:08:36+00:00\",\"description\":\"O faturamento do varejo caiu cerca de 50% por conta dos impactos da pandemia do novo coronav\u00edrus (covid-19). Clique para saber mais.\",\"breadcrumb\":{\"@id\":\"https:\/\/www.suno.com.br\/noticias\/varejo-queda-quase-50-surto-coronavirus\/#breadcrumb\"},\"inLanguage\":\"pt-BR\",\"potentialAction\":[{\"@type\":\"ReadAction\",\"target\":[\"https:\/\/www.suno.com.br\/noticias\/varejo-queda-quase-50-surto-coronavirus\/\"]}]},{\"@type\":\"ImageObject\",\"inLanguage\":\"pt-BR\",\"@id\":\"https:\/\/www.suno.com.br\/noticias\/varejo-queda-quase-50-surto-coronavirus\/#primaryimage\",\"url\":\"https:\/\/files.sunoresearch.com.br\/n\/uploads\/2020\/03\/64c4f589-queda-jpg.webp\",\"contentUrl\":\"https:\/\/files.sunoresearch.com.br\/n\/uploads\/2020\/03\/64c4f589-queda-jpg.webp\",\"width\":900,\"height\":601,\"caption\":\"Opini\u00e3o: coronav\u00edrus provocar\u00e1 nova crise econ\u00f4mica, veja os 10 sinais\"},{\"@type\":\"BreadcrumbList\",\"@id\":\"https:\/\/www.suno.com.br\/noticias\/varejo-queda-quase-50-surto-coronavirus\/#breadcrumb\",\"itemListElement\":[{\"@type\":\"ListItem\",\"position\":1,\"name\":\"Not\u00edcias\",\"item\":\"https:\/\/www.suno.com.br\/noticias\/\"},{\"@type\":\"ListItem\",\"position\":2,\"name\":\"Economia\",\"item\":\"https:\/\/www.suno.com.br\/noticias\/economia\/\"},{\"@type\":\"ListItem\",\"position\":3,\"name\":\"Varejo tem queda de quase 50% com surto de coronav\u00edrus\"}]},{\"@type\":\"WebSite\",\"@id\":\"https:\/\/www.suno.com.br\/noticias\/#website\",\"url\":\"https:\/\/www.suno.com.br\/noticias\/\",\"name\":\"Suno Not\u00edcias\",\"description\":\"Seu portal de informa\u00e7\u00e3o sobre o mundo dos investimentos\",\"publisher\":{\"@id\":\"https:\/\/www.suno.com.br\/noticias\/#organization\"},\"potentialAction\":[{\"@type\":\"SearchAction\",\"target\":{\"@type\":\"EntryPoint\",\"urlTemplate\":\"https:\/\/www.suno.com.br\/noticias\/?s={search_term_string}\"},\"query-input\":{\"@type\":\"PropertyValueSpecification\",\"valueRequired\":true,\"valueName\":\"search_term_string\"}}],\"inLanguage\":\"pt-BR\"},{\"@type\":\"Organization\",\"@id\":\"https:\/\/www.suno.com.br\/noticias\/#organization\",\"name\":\"Suno Not\u00edcias\",\"url\":\"https:\/\/www.suno.com.br\/noticias\/\",\"logo\":{\"@type\":\"ImageObject\",\"inLanguage\":\"pt-BR\",\"@id\":\"https:\/\/www.suno.com.br\/noticias\/#\/schema\/logo\/image\/\",\"url\":\"https:\/\/files.sunoresearch.com.br\/n\/uploads\/2021\/09\/suno-logo.png\",\"contentUrl\":\"https:\/\/files.sunoresearch.com.br\/n\/uploads\/2021\/09\/suno-logo.png\",\"width\":180,\"height\":180,\"caption\":\"Suno Not\u00edcias\"},\"image\":{\"@id\":\"https:\/\/www.suno.com.br\/noticias\/#\/schema\/logo\/image\/\"},\"sameAs\":[\"https:\/\/facebook.com\/sunoresearch\",\"https:\/\/x.com\/sunoresearch\",\"https:\/\/www.instagram.com\/suno\",\"https:\/\/www.linkedin.com\/company\/suno-research\/\",\"https:\/\/www.youtube.com\/c\/sunoresearch\"]},{\"@type\":\"Person\",\"@id\":\"https:\/\/www.suno.com.br\/noticias\/#\/schema\/person\/4e19e3d2575736e5283d58eb3199d120\",\"name\":\"Giovanna Oliveira\",\"image\":{\"@type\":\"ImageObject\",\"inLanguage\":\"pt-BR\",\"@id\":\"https:\/\/www.suno.com.br\/noticias\/#\/schema\/person\/image\/\",\"url\":\"https:\/\/secure.gravatar.com\/avatar\/9a37b3ae208962ac568992d0ffdbc2eb?s=96&r=g\",\"contentUrl\":\"https:\/\/secure.gravatar.com\/avatar\/9a37b3ae208962ac568992d0ffdbc2eb?s=96&r=g\",\"caption\":\"Giovanna Oliveira\"},\"description\":\"Giovanna Oliveira escreve sobre economia e pol\u00edtica. Foi rep\u00f3rter do portal de jornalismo da ESPM-SP e produziu conte\u00fado para a Corinthians TV. \u00c9 estudante da ESPM.\",\"url\":\"https:\/\/www.suno.com.br\/noticias\/author\/giovanna\/\"}]}<\/script>\n<!-- \/ Yoast SEO plugin. -->","yoast_head_json":{"title":"Varejo tem queda de quase 50% com surto de coronav\u00edrus","description":"O faturamento do varejo caiu cerca de 50% por conta dos impactos da pandemia do novo coronav\u00edrus (covid-19). Clique para saber mais.","robots":{"index":"index","follow":"follow","max-snippet":"max-snippet:-1","max-image-preview":"max-image-preview:large","max-video-preview":"max-video-preview:-1"},"canonical":"https:\/\/www.suno.com.br\/noticias\/varejo-queda-quase-50-surto-coronavirus\/","og_locale":"pt_BR","og_type":"article","og_title":"Varejo tem queda de quase 50% com surto de coronav\u00edrus","og_description":"O faturamento do varejo caiu cerca de 50% por conta dos impactos da pandemia do novo coronav\u00edrus (covid-19). Clique para saber mais.","og_url":"https:\/\/www.suno.com.br\/noticias\/varejo-queda-quase-50-surto-coronavirus\/","og_site_name":"Suno Not\u00edcias","article_publisher":"https:\/\/facebook.com\/sunoresearch","og_image":[{"width":900,"height":601,"url":"https:\/\/files.sunoresearch.com.br\/n\/uploads\/2020\/03\/64c4f589-queda.jpg","type":"image\/jpeg"}],"author":"Giovanna Oliveira","twitter_card":"summary_large_image","twitter_creator":"@sunoresearch","twitter_site":"@sunoresearch","twitter_misc":{"Escrito por":"Giovanna Oliveira","Est. tempo de leitura":"2 minutos"},"schema":{"@context":"https:\/\/schema.org","@graph":[{"@type":"NewsArticle","@id":"https:\/\/www.suno.com.br\/noticias\/varejo-queda-quase-50-surto-coronavirus\/#article","isPartOf":{"@id":"https:\/\/www.suno.com.br\/noticias\/varejo-queda-quase-50-surto-coronavirus\/"},"author":{"name":"Giovanna Oliveira","@id":"https:\/\/www.suno.com.br\/noticias\/#\/schema\/person\/4e19e3d2575736e5283d58eb3199d120"},"headline":"Varejo tem queda de quase 50% com surto de coronav\u00edrus","datePublished":"2020-03-27T22:08:36+00:00","mainEntityOfPage":{"@id":"https:\/\/www.suno.com.br\/noticias\/varejo-queda-quase-50-surto-coronavirus\/"},"wordCount":395,"publisher":{"@id":"https:\/\/www.suno.com.br\/noticias\/#organization"},"image":{"@id":"https:\/\/www.suno.com.br\/noticias\/varejo-queda-quase-50-surto-coronavirus\/#primaryimage"},"thumbnailUrl":"https:\/\/files.sunoresearch.com.br\/n\/uploads\/2020\/03\/64c4f589-queda-jpg.webp","keywords":["cart\u00f5es de cr\u00e9dito","coronav\u00edrus","e-commerce","varejo"],"articleSection":["Economia"],"inLanguage":"pt-BR"},{"@type":"WebPage","@id":"https:\/\/www.suno.com.br\/noticias\/varejo-queda-quase-50-surto-coronavirus\/","url":"https:\/\/www.suno.com.br\/noticias\/varejo-queda-quase-50-surto-coronavirus\/","name":"Varejo tem queda de quase 50% com surto de coronav\u00edrus","isPartOf":{"@id":"https:\/\/www.suno.com.br\/noticias\/#website"},"primaryImageOfPage":{"@id":"https:\/\/www.suno.com.br\/noticias\/varejo-queda-quase-50-surto-coronavirus\/#primaryimage"},"image":{"@id":"https:\/\/www.suno.com.br\/noticias\/varejo-queda-quase-50-surto-coronavirus\/#primaryimage"},"thumbnailUrl":"https:\/\/files.sunoresearch.com.br\/n\/uploads\/2020\/03\/64c4f589-queda-jpg.webp","datePublished":"2020-03-27T22:08:36+00:00","description":"O faturamento do varejo caiu cerca de 50% por conta dos impactos da pandemia do novo coronav\u00edrus (covid-19). Clique para saber mais.","breadcrumb":{"@id":"https:\/\/www.suno.com.br\/noticias\/varejo-queda-quase-50-surto-coronavirus\/#breadcrumb"},"inLanguage":"pt-BR","potentialAction":[{"@type":"ReadAction","target":["https:\/\/www.suno.com.br\/noticias\/varejo-queda-quase-50-surto-coronavirus\/"]}]},{"@type":"ImageObject","inLanguage":"pt-BR","@id":"https:\/\/www.suno.com.br\/noticias\/varejo-queda-quase-50-surto-coronavirus\/#primaryimage","url":"https:\/\/files.sunoresearch.com.br\/n\/uploads\/2020\/03\/64c4f589-queda-jpg.webp","contentUrl":"https:\/\/files.sunoresearch.com.br\/n\/uploads\/2020\/03\/64c4f589-queda-jpg.webp","width":900,"height":601,"caption":"Opini\u00e3o: coronav\u00edrus provocar\u00e1 nova crise econ\u00f4mica, veja os 10 sinais"},{"@type":"BreadcrumbList","@id":"https:\/\/www.suno.com.br\/noticias\/varejo-queda-quase-50-surto-coronavirus\/#breadcrumb","itemListElement":[{"@type":"ListItem","position":1,"name":"Not\u00edcias","item":"https:\/\/www.suno.com.br\/noticias\/"},{"@type":"ListItem","position":2,"name":"Economia","item":"https:\/\/www.suno.com.br\/noticias\/economia\/"},{"@type":"ListItem","position":3,"name":"Varejo tem queda de quase 50% com surto de coronav\u00edrus"}]},{"@type":"WebSite","@id":"https:\/\/www.suno.com.br\/noticias\/#website","url":"https:\/\/www.suno.com.br\/noticias\/","name":"Suno Not\u00edcias","description":"Seu portal de informa\u00e7\u00e3o sobre o mundo dos investimentos","publisher":{"@id":"https:\/\/www.suno.com.br\/noticias\/#organization"},"potentialAction":[{"@type":"SearchAction","target":{"@type":"EntryPoint","urlTemplate":"https:\/\/www.suno.com.br\/noticias\/?s={search_term_string}"},"query-input":{"@type":"PropertyValueSpecification","valueRequired":true,"valueName":"search_term_string"}}],"inLanguage":"pt-BR"},{"@type":"Organization","@id":"https:\/\/www.suno.com.br\/noticias\/#organization","name":"Suno Not\u00edcias","url":"https:\/\/www.suno.com.br\/noticias\/","logo":{"@type":"ImageObject","inLanguage":"pt-BR","@id":"https:\/\/www.suno.com.br\/noticias\/#\/schema\/logo\/image\/","url":"https:\/\/files.sunoresearch.com.br\/n\/uploads\/2021\/09\/suno-logo.png","contentUrl":"https:\/\/files.sunoresearch.com.br\/n\/uploads\/2021\/09\/suno-logo.png","width":180,"height":180,"caption":"Suno Not\u00edcias"},"image":{"@id":"https:\/\/www.suno.com.br\/noticias\/#\/schema\/logo\/image\/"},"sameAs":["https:\/\/facebook.com\/sunoresearch","https:\/\/x.com\/sunoresearch","https:\/\/www.instagram.com\/suno","https:\/\/www.linkedin.com\/company\/suno-research\/","https:\/\/www.youtube.com\/c\/sunoresearch"]},{"@type":"Person","@id":"https:\/\/www.suno.com.br\/noticias\/#\/schema\/person\/4e19e3d2575736e5283d58eb3199d120","name":"Giovanna Oliveira","image":{"@type":"ImageObject","inLanguage":"pt-BR","@id":"https:\/\/www.suno.com.br\/noticias\/#\/schema\/person\/image\/","url":"https:\/\/secure.gravatar.com\/avatar\/9a37b3ae208962ac568992d0ffdbc2eb?s=96&r=g","contentUrl":"https:\/\/secure.gravatar.com\/avatar\/9a37b3ae208962ac568992d0ffdbc2eb?s=96&r=g","caption":"Giovanna Oliveira"},"description":"Giovanna Oliveira escreve sobre economia e pol\u00edtica. Foi rep\u00f3rter do portal de jornalismo da ESPM-SP e produziu conte\u00fado para a Corinthians TV. \u00c9 estudante da ESPM.","url":"https:\/\/www.suno.com.br\/noticias\/author\/giovanna\/"}]}},"default_loop_html":"<div class=\"cardsPage__listCard__boxs\"><div class=\"cardsPage__listCard__boxs__img\"><a href=\"https:\/\/www.suno.com.br\/noticias\/varejo-queda-quase-50-surto-coronavirus\/\"><img class=\"mask\" src=\"https:\/\/www.suno.com.br\/noticias\/wp-content\/themes\/suno\/resources\/images\/spotlight\/spotlight1img\/bg-mask.png\" alt=\"Image Mask\"\/><img src=\"https:\/\/files.sunoresearch.com.br\/n\/uploads\/2020\/03\/64c4f589-queda-400x200.webp\" alt=\"Varejo tem queda de quase 50% com surto de coronav\u00edrus\"\/><\/a><span class=\"spotlightCategory\"><a href=\"https:\/\/www.suno.com.br\/noticias\/economia\/\">Economia<\/a><\/span><\/div><div class=\"cardsPage__listCard__boxs__content\"><a href=\"https:\/\/www.suno.com.br\/noticias\/varejo-queda-quase-50-surto-coronavirus\/\"><h2 class=\"content__title\">Varejo tem queda de quase 50% com surto de coronav\u00edrus<\/h2><\/a><div class=\"newsContent__article__meta\"><div class=\"newsContent__article__meta__authorBox\"><a href=\"https:\/\/www.suno.com.br\/noticias\/author\/giovanna\/\" class=\"authorBox__avatar noMobi\"><img src=\"https:\/\/files.sunoresearch.com.br\/n\/uploads\/2019\/06\/952a89ca-screenshot_20190608-171507-150x150.webp\" alt=\"Giovanna Oliveira\"><\/a><div class=\"authorBox__name\"><span>por\n\t\t\t<a href=\"https:\/\/www.suno.com.br\/noticias\/author\/giovanna\/\"><span itemprop=\"author\">Giovanna Oliveira<\/span><\/a><\/span><time datetime=\"2020-03-27T19:08:36-03:00\" itemprop=\"datePublished\">27\/03\/2020 19:08<\/time><\/div><\/div><\/div><\/div><\/div>","single_layout":"posts","amp_enabled":true,"_links":{"self":[{"href":"https:\/\/www.suno.com.br\/noticias\/wp-json\/wp\/v2\/posts\/59271"}],"collection":[{"href":"https:\/\/www.suno.com.br\/noticias\/wp-json\/wp\/v2\/posts"}],"about":[{"href":"https:\/\/www.suno.com.br\/noticias\/wp-json\/wp\/v2\/types\/post"}],"author":[{"embeddable":true,"href":"https:\/\/www.suno.com.br\/noticias\/wp-json\/wp\/v2\/users\/18"}],"replies":[{"embeddable":true,"href":"https:\/\/www.suno.com.br\/noticias\/wp-json\/wp\/v2\/comments?post=59271"}],"version-history":[{"count":0,"href":"https:\/\/www.suno.com.br\/noticias\/wp-json\/wp\/v2\/posts\/59271\/revisions"}],"wp:featuredmedia":[{"embeddable":true,"href":"https:\/\/www.suno.com.br\/noticias\/wp-json\/wp\/v2\/media\/55350"}],"wp:attachment":[{"href":"https:\/\/www.suno.com.br\/noticias\/wp-json\/wp\/v2\/media?parent=59271"}],"wp:term":[{"taxonomy":"category","embeddable":true,"href":"https:\/\/www.suno.com.br\/noticias\/wp-json\/wp\/v2\/categories?post=59271"},{"taxonomy":"post_tag","embeddable":true,"href":"https:\/\/www.suno.com.br\/noticias\/wp-json\/wp\/v2\/tags?post=59271"},{"taxonomy":"suno_strategy","embeddable":true,"href":"https:\/\/www.suno.com.br\/noticias\/wp-json\/wp\/v2\/suno_strategy?post=59271"}],"curies":[{"name":"wp","href":"https:\/\/api.w.org\/{rel}","templated":true}]}}