{"id":592694,"date":"2025-01-30T14:05:18","date_gmt":"2025-01-30T17:05:18","guid":{"rendered":"https:\/\/www.suno.com.br\/noticias\/?p=592694"},"modified":"2025-01-30T14:05:20","modified_gmt":"2025-01-30T17:05:20","slug":"weg-wege3-cade-aprova-aquisicao-reivax-ec-gss","status":"publish","type":"post","link":"https:\/\/www.suno.com.br\/noticias\/weg-wege3-cade-aprova-aquisicao-reivax-ec-gss\/","title":{"rendered":"Weg (WEGE3): Cade aprova aquisi\u00e7\u00e3o da Reivax"},"content":{"rendered":"<p>A Superintend\u00eancia-Geral do <a class=\"suno-keyword\" data-force=\"no\" data-priority=\"2\" href=\"https:\/\/www.suno.com.br\/artigos\/cade\/\" target=\"_blank\" rel=\"noopener\">Conselho Administrativo de Defesa Econ\u00f4mica (Cade)<\/a> aprovou, sem restri\u00e7\u00f5es, a aquisi\u00e7\u00e3o da Reivax e suas subsidi\u00e1rias pela <strong>Weg<\/strong> (<a class=\"suno-keyword\" data-force=\"yes\" data-priority=\"2\" href=\"https:\/\/www.suno.com.br\/analitica\/acoes\/wege3\/\" target=\"_blank\" rel=\"noopener\">WEGE3<\/a>). O despacho foi<a href=\"https:\/\/www.in.gov.br\/web\/dou\/-\/despachos-sg-de-28-de-janeiro-de-2025-609760373\"> publicado no <i>Di\u00e1rio Oficial da Uni\u00e3o (DOU)<\/i>.<\/a><\/p>\t<div class=\"wrapper-featured-image\">\n\t\t<figure class=\"spotlightImg\">\n\n\t\t\t<picture>\n\t\t\t\t<source media=\"(max-width: 768px)\" srcset=\"https:\/\/files.sunoresearch.com.br\/n\/uploads\/2022\/12\/Weg-wege3-400x200.jpg\">\n\t\t\t\t<img loading=\"lazy\" decoding=\"async\" class=\"newsContent__article__imgCapa lazyloadDisabled \" src=\"https:\/\/files.sunoresearch.com.br\/n\/uploads\/2022\/12\/Weg-wege3-800x450.jpg\" width=\"800\" height=\"450\" alt=\"Weg (WEGE3): Cade aprova aquisi\u00e7\u00e3o da Reivax\" fetchpriority=high \/>\n\t\t\t<\/picture>\n\n\t\t\t<figcaption class=\"wp-caption-text wp-caption-text--show\">Weg (WEGE3) - Foto: Divulga\u00e7\u00e3o\n<\/figcaption>\n\t\t<\/figure>\n\t<\/div>\n\n\n\n\n\n\n\n\t<p>\n\t\t<a href=\"https:\/\/lp.suno.com.br\/planilha-da-vida-financeira\/\" target=\"_blank\" data-element=\"shortcode-suno-banner\" title=\"Banner SUNO, clique e saiba mais\">\n\t\t\t<picture>\n\t\t\t\t<source media=\"(max-width: 500px)\" srcset=\"https:\/\/files.sunoresearch.com.br\/n\/uploads\/2023\/04\/400x300-Planilha-vida-financeira-true.png\">\n\t\t\t\t<img class=\"newsContent__article__imgCapa newsContent__article__imgCapa--banner\"\n\t\t\t\t\tsrc=\"https:\/\/files.sunoresearch.com.br\/n\/uploads\/2023\/04\/1420x240-Planilha-vida-financeira-true.png\"\n\t\t\t\t\tdata-promo-id=\"106682\"\t\t\t\t\t\t\t\t\t\twidth='1420' height='240'\t\t\t\t\talt=\"https:\/\/files.sunoresearch.com.br\/n\/uploads\/2023\/04\/1420x240-Planilha-vida-financeira-true.png\"\n\t\t\t\t>\n\t\t\t<\/picture>\n\t\t<\/a>\n\t<\/p>\n\n\n\n\n\n<p>A <strong>Reivax<\/strong> \u00e9 uma empresa brasileira atuante no setor de sistemas de controle para gera\u00e7\u00e3o de energia que tamb\u00e9m tem presen\u00e7a presen\u00e7a na Am\u00e9rica do Norte, bem como vendas em locais como \u00cdndia, Europa e sudeste asi\u00e1tico.<\/p>\n\n\n\n<p>A matriz est\u00e1 localizada em Florian\u00f3polis, com filiais na Su\u00ed\u00e7a e no Canad\u00e1, e conta com uma equipe de aproximadamente 220 colaboradores.<\/p>\n\n\n\t<div data-element=\"shortcode-read-more\" class=\"knowMore\">\n\t\t\t\t<span class=\"knowMore__title\">Leia mais<\/span>\n\t\t\t\t<a class=\"knowMore__link\" href=\"https:\/\/www.suno.com.br\/noticias\/weg-wege3-deepseek-decodificador-de-investimentos-status-assessoria-gss\/\">\n\t\t\tWeg (WEGE3): qual o verdadeiro impacto da DeepSeek?\t\t<\/a>\n\t<\/div>\n\n\n\n\n<p>&#8220;Para a WEG, a opera\u00e7\u00e3o representa uma oportunidade estrat\u00e9gica de expans\u00e3o de suas solu\u00e7\u00f5es de automa\u00e7\u00e3o e controle, uma vez que a empresa atualmente n\u00e3o possui oferta de sistemas de controle para o setor de energia. As capacidades da Reivax ser\u00e3o capazes de ampliar significativamente a capacidade da WEG de continuar a atender \u00e0s demandas de seus clientes no setor de energia. J\u00e1 para os atuais controladores da Reivax, a opera\u00e7\u00e3o representa uma oportunidade de perpetua\u00e7\u00e3o dos neg\u00f3cios da companhia, ao mesmo tempo em que lhe permite adicionar maior capacidade de concorr\u00eancia frente \u00e0s suas rivais multinacionais, como Andritz, ABB e Voith&#8221;, afirmaram as empresas no processo.<\/p>\n\n\n\n<p><em>Com Estad\u00e3o Conte\u00fado<\/em><\/p>\n\n\n\t<p>\n\t\t<a href=\"https:\/\/lp.suno.com.br\/ebook-como-analisar-uma-acao\/\" target=\"_blank\" data-element=\"shortcode-suno-banner\" title=\"Banner SUNO, clique e saiba mais\">\n\t\t\t<picture>\n\t\t\t\t<source media=\"(max-width: 500px)\" srcset=\"https:\/\/files.sunoresearch.com.br\/n\/uploads\/2023\/03\/Ebook-Acoes-Mobile.jpg\">\n\t\t\t\t<img class=\"newsContent__article__imgCapa newsContent__article__imgCapa--banner\"\n\t\t\t\t\tsrc=\"https:\/\/files.sunoresearch.com.br\/n\/uploads\/2023\/03\/Ebook-Acoes-Desktop.jpg\"\n\t\t\t\t\tdata-promo-id=\"378302\"\t\t\t\t\t\t\t\t\t\twidth='1420' height='286'\t\t\t\t\talt=\"https:\/\/files.sunoresearch.com.br\/n\/uploads\/2023\/03\/Ebook-Acoes-Desktop.jpg\"\n\t\t\t\t>\n\t\t\t<\/picture>\n\t\t<\/a>\n\t<\/p>\n\n\n","protected":false},"excerpt":{"rendered":"<p>A Superintend\u00eancia-Geral do Conselho Administrativo de Defesa Econ\u00f4mica (Cade) aprovou, sem restri\u00e7\u00f5es, a aquisi\u00e7\u00e3o da Reivax e suas subsidi\u00e1rias pela Weg (WEGE3). O despacho foi publicado no Di\u00e1rio Oficial da Uni\u00e3o (DOU). Weg (WEGE3) &#8211; Foto: Divulga\u00e7\u00e3o A Reivax \u00e9 uma empresa brasileira atuante no setor de sistemas de controle para gera\u00e7\u00e3o de energia que [&hellip;]<\/p>\n","protected":false},"author":43,"featured_media":336059,"comment_status":"closed","ping_status":"closed","sticky":false,"template":"","format":"standard","meta":[],"categories":[64],"tags":[681],"suno_strategy":[],"class_list":["post-592694","post","type-post","status-publish","format-standard","has-post-thumbnail","hentry","category-negocios","tag-weg-wege3"],"yoast_head":"<!-- This site is optimized with the Yoast SEO plugin v24.4 - https:\/\/yoast.com\/wordpress\/plugins\/seo\/ -->\n<title>Weg (WEGE3): Cade aprova aquisi\u00e7\u00e3o da Reivax<\/title>\n<meta name=\"description\" content=\"A aquisi\u00e7\u00e3o da Reivax pela Weg foi aprovada pela Superintend\u00eancia-Geral do Conselho Administrativo de Defesa Econ\u00f4mica (Cade) sem restri\u00e7\u00f5es.\" \/>\n<meta name=\"robots\" content=\"index, follow, max-snippet:-1, max-image-preview:large, max-video-preview:-1\" \/>\n<link rel=\"canonical\" href=\"https:\/\/www.suno.com.br\/noticias\/weg-wege3-cade-aprova-aquisicao-reivax-ec-gss\/\" \/>\n<meta property=\"og:locale\" content=\"pt_BR\" \/>\n<meta property=\"og:type\" content=\"article\" \/>\n<meta property=\"og:title\" content=\"Weg (WEGE3): Cade aprova aquisi\u00e7\u00e3o da Reivax\" \/>\n<meta property=\"og:description\" content=\"A aquisi\u00e7\u00e3o da Reivax pela Weg foi aprovada pela Superintend\u00eancia-Geral do Conselho Administrativo de Defesa Econ\u00f4mica (Cade) sem restri\u00e7\u00f5es.\" \/>\n<meta property=\"og:url\" content=\"https:\/\/www.suno.com.br\/noticias\/weg-wege3-cade-aprova-aquisicao-reivax-ec-gss\/\" \/>\n<meta property=\"og:site_name\" content=\"Suno Not\u00edcias\" \/>\n<meta property=\"article:publisher\" content=\"https:\/\/facebook.com\/sunoresearch\" \/>\n<meta property=\"article:author\" content=\"https:\/\/www.facebook.com\/sunonoticias\/\" \/>\n<meta property=\"og:image\" content=\"https:\/\/files.sunoresearch.com.br\/n\/uploads\/2022\/12\/Weg-wege3.jpg\" \/>\n\t<meta property=\"og:image:width\" content=\"2560\" \/>\n\t<meta property=\"og:image:height\" content=\"1708\" \/>\n\t<meta property=\"og:image:type\" content=\"image\/jpeg\" \/>\n<meta name=\"author\" content=\"Reda\u00e7\u00e3o Suno Not\u00edcias\" \/>\n<meta name=\"twitter:card\" content=\"summary_large_image\" \/>\n<meta name=\"twitter:creator\" content=\"@https:\/\/twitter.com\/sunoresearch\" \/>\n<meta name=\"twitter:site\" content=\"@sunoresearch\" \/>\n<meta name=\"twitter:label1\" content=\"Escrito por\" \/>\n\t<meta name=\"twitter:data1\" content=\"Reda\u00e7\u00e3o Suno Not\u00edcias\" \/>\n\t<meta name=\"twitter:label2\" content=\"Est. tempo de leitura\" \/>\n\t<meta name=\"twitter:data2\" content=\"2 minutos\" \/>\n<script type=\"application\/ld+json\" class=\"yoast-schema-graph\">{\"@context\":\"https:\/\/schema.org\",\"@graph\":[{\"@type\":\"NewsArticle\",\"@id\":\"https:\/\/www.suno.com.br\/noticias\/weg-wege3-cade-aprova-aquisicao-reivax-ec-gss\/#article\",\"isPartOf\":{\"@id\":\"https:\/\/www.suno.com.br\/noticias\/weg-wege3-cade-aprova-aquisicao-reivax-ec-gss\/\"},\"author\":{\"name\":\"Reda\u00e7\u00e3o Suno Not\u00edcias\",\"@id\":\"https:\/\/www.suno.com.br\/noticias\/#\/schema\/person\/c1b1bd3727fa852bd045e9dbff3673ea\"},\"headline\":\"Weg (WEGE3): Cade aprova aquisi\u00e7\u00e3o da Reivax\",\"datePublished\":\"2025-01-30T17:05:18+00:00\",\"dateModified\":\"2025-01-30T17:05:20+00:00\",\"mainEntityOfPage\":{\"@id\":\"https:\/\/www.suno.com.br\/noticias\/weg-wege3-cade-aprova-aquisicao-reivax-ec-gss\/\"},\"wordCount\":241,\"publisher\":{\"@id\":\"https:\/\/www.suno.com.br\/noticias\/#organization\"},\"image\":{\"@id\":\"https:\/\/www.suno.com.br\/noticias\/weg-wege3-cade-aprova-aquisicao-reivax-ec-gss\/#primaryimage\"},\"thumbnailUrl\":\"https:\/\/files.sunoresearch.com.br\/n\/uploads\/2022\/12\/Weg-wege3.jpg\",\"keywords\":[\"Weg (WEGE3)\"],\"articleSection\":[\"Neg\u00f3cios\"],\"inLanguage\":\"pt-BR\"},{\"@type\":\"WebPage\",\"@id\":\"https:\/\/www.suno.com.br\/noticias\/weg-wege3-cade-aprova-aquisicao-reivax-ec-gss\/\",\"url\":\"https:\/\/www.suno.com.br\/noticias\/weg-wege3-cade-aprova-aquisicao-reivax-ec-gss\/\",\"name\":\"Weg (WEGE3): Cade aprova aquisi\u00e7\u00e3o da Reivax\",\"isPartOf\":{\"@id\":\"https:\/\/www.suno.com.br\/noticias\/#website\"},\"primaryImageOfPage\":{\"@id\":\"https:\/\/www.suno.com.br\/noticias\/weg-wege3-cade-aprova-aquisicao-reivax-ec-gss\/#primaryimage\"},\"image\":{\"@id\":\"https:\/\/www.suno.com.br\/noticias\/weg-wege3-cade-aprova-aquisicao-reivax-ec-gss\/#primaryimage\"},\"thumbnailUrl\":\"https:\/\/files.sunoresearch.com.br\/n\/uploads\/2022\/12\/Weg-wege3.jpg\",\"datePublished\":\"2025-01-30T17:05:18+00:00\",\"dateModified\":\"2025-01-30T17:05:20+00:00\",\"description\":\"A aquisi\u00e7\u00e3o da Reivax pela Weg foi aprovada pela Superintend\u00eancia-Geral do Conselho Administrativo de Defesa Econ\u00f4mica (Cade) sem restri\u00e7\u00f5es.\",\"breadcrumb\":{\"@id\":\"https:\/\/www.suno.com.br\/noticias\/weg-wege3-cade-aprova-aquisicao-reivax-ec-gss\/#breadcrumb\"},\"inLanguage\":\"pt-BR\",\"potentialAction\":[{\"@type\":\"ReadAction\",\"target\":[\"https:\/\/www.suno.com.br\/noticias\/weg-wege3-cade-aprova-aquisicao-reivax-ec-gss\/\"]}]},{\"@type\":\"ImageObject\",\"inLanguage\":\"pt-BR\",\"@id\":\"https:\/\/www.suno.com.br\/noticias\/weg-wege3-cade-aprova-aquisicao-reivax-ec-gss\/#primaryimage\",\"url\":\"https:\/\/files.sunoresearch.com.br\/n\/uploads\/2022\/12\/Weg-wege3.jpg\",\"contentUrl\":\"https:\/\/files.sunoresearch.com.br\/n\/uploads\/2022\/12\/Weg-wege3.jpg\",\"width\":2560,\"height\":1708,\"caption\":\"Weg (WEGE3) - Foto: Divulga\u00e7\u00e3o\"},{\"@type\":\"BreadcrumbList\",\"@id\":\"https:\/\/www.suno.com.br\/noticias\/weg-wege3-cade-aprova-aquisicao-reivax-ec-gss\/#breadcrumb\",\"itemListElement\":[{\"@type\":\"ListItem\",\"position\":1,\"name\":\"Not\u00edcias\",\"item\":\"https:\/\/www.suno.com.br\/noticias\/\"},{\"@type\":\"ListItem\",\"position\":2,\"name\":\"Neg\u00f3cios\",\"item\":\"https:\/\/www.suno.com.br\/noticias\/negocios\/\"},{\"@type\":\"ListItem\",\"position\":3,\"name\":\"Weg (WEGE3): Cade aprova aquisi\u00e7\u00e3o da Reivax\"}]},{\"@type\":\"WebSite\",\"@id\":\"https:\/\/www.suno.com.br\/noticias\/#website\",\"url\":\"https:\/\/www.suno.com.br\/noticias\/\",\"name\":\"Suno Not\u00edcias\",\"description\":\"Seu portal de informa\u00e7\u00e3o sobre o mundo dos investimentos\",\"publisher\":{\"@id\":\"https:\/\/www.suno.com.br\/noticias\/#organization\"},\"potentialAction\":[{\"@type\":\"SearchAction\",\"target\":{\"@type\":\"EntryPoint\",\"urlTemplate\":\"https:\/\/www.suno.com.br\/noticias\/?s={search_term_string}\"},\"query-input\":{\"@type\":\"PropertyValueSpecification\",\"valueRequired\":true,\"valueName\":\"search_term_string\"}}],\"inLanguage\":\"pt-BR\"},{\"@type\":\"Organization\",\"@id\":\"https:\/\/www.suno.com.br\/noticias\/#organization\",\"name\":\"Suno Not\u00edcias\",\"url\":\"https:\/\/www.suno.com.br\/noticias\/\",\"logo\":{\"@type\":\"ImageObject\",\"inLanguage\":\"pt-BR\",\"@id\":\"https:\/\/www.suno.com.br\/noticias\/#\/schema\/logo\/image\/\",\"url\":\"https:\/\/files.sunoresearch.com.br\/n\/uploads\/2021\/09\/suno-logo.png\",\"contentUrl\":\"https:\/\/files.sunoresearch.com.br\/n\/uploads\/2021\/09\/suno-logo.png\",\"width\":180,\"height\":180,\"caption\":\"Suno Not\u00edcias\"},\"image\":{\"@id\":\"https:\/\/www.suno.com.br\/noticias\/#\/schema\/logo\/image\/\"},\"sameAs\":[\"https:\/\/facebook.com\/sunoresearch\",\"https:\/\/x.com\/sunoresearch\",\"https:\/\/www.instagram.com\/suno\",\"https:\/\/www.linkedin.com\/company\/suno-research\/\",\"https:\/\/www.youtube.com\/c\/sunoresearch\"]},{\"@type\":\"Person\",\"@id\":\"https:\/\/www.suno.com.br\/noticias\/#\/schema\/person\/c1b1bd3727fa852bd045e9dbff3673ea\",\"name\":\"Reda\u00e7\u00e3o Suno Not\u00edcias\",\"image\":{\"@type\":\"ImageObject\",\"inLanguage\":\"pt-BR\",\"@id\":\"https:\/\/www.suno.com.br\/noticias\/#\/schema\/person\/image\/\",\"url\":\"https:\/\/secure.gravatar.com\/avatar\/b8104b9b5a71985d5238ee59fbe418af?s=96&r=g\",\"contentUrl\":\"https:\/\/secure.gravatar.com\/avatar\/b8104b9b5a71985d5238ee59fbe418af?s=96&r=g\",\"caption\":\"Reda\u00e7\u00e3o Suno Not\u00edcias\"},\"description\":\"O Suno Not\u00edcias \u00e9 um portal de informa\u00e7\u00f5es sobre Mercado Financeiro, Pol\u00edtica, Neg\u00f3cios, Economia e Finan\u00e7as Pessoais.\",\"sameAs\":[\"https:\/\/www.suno.com.br\/noticias\",\"https:\/\/www.facebook.com\/sunonoticias\/\",\"https:\/\/www.instagram.com\/sunonoticias\/\",\"https:\/\/x.com\/https:\/\/twitter.com\/sunoresearch\",\"https:\/\/www.youtube.com\/sunonoticias\"],\"url\":\"https:\/\/www.suno.com.br\/noticias\/author\/redacao-suno\/\"}]}<\/script>\n<!-- \/ Yoast SEO plugin. -->","yoast_head_json":{"title":"Weg (WEGE3): Cade aprova aquisi\u00e7\u00e3o da Reivax","description":"A aquisi\u00e7\u00e3o da Reivax pela Weg foi aprovada pela Superintend\u00eancia-Geral do Conselho Administrativo de Defesa Econ\u00f4mica (Cade) sem restri\u00e7\u00f5es.","robots":{"index":"index","follow":"follow","max-snippet":"max-snippet:-1","max-image-preview":"max-image-preview:large","max-video-preview":"max-video-preview:-1"},"canonical":"https:\/\/www.suno.com.br\/noticias\/weg-wege3-cade-aprova-aquisicao-reivax-ec-gss\/","og_locale":"pt_BR","og_type":"article","og_title":"Weg (WEGE3): Cade aprova aquisi\u00e7\u00e3o da Reivax","og_description":"A aquisi\u00e7\u00e3o da Reivax pela Weg foi aprovada pela Superintend\u00eancia-Geral do Conselho Administrativo de Defesa Econ\u00f4mica (Cade) sem restri\u00e7\u00f5es.","og_url":"https:\/\/www.suno.com.br\/noticias\/weg-wege3-cade-aprova-aquisicao-reivax-ec-gss\/","og_site_name":"Suno Not\u00edcias","article_publisher":"https:\/\/facebook.com\/sunoresearch","article_author":"https:\/\/www.facebook.com\/sunonoticias\/","og_image":[{"width":2560,"height":1708,"url":"https:\/\/files.sunoresearch.com.br\/n\/uploads\/2022\/12\/Weg-wege3.jpg","type":"image\/jpeg"}],"author":"Reda\u00e7\u00e3o Suno Not\u00edcias","twitter_card":"summary_large_image","twitter_creator":"@https:\/\/twitter.com\/sunoresearch","twitter_site":"@sunoresearch","twitter_misc":{"Escrito por":"Reda\u00e7\u00e3o Suno Not\u00edcias","Est. tempo de leitura":"2 minutos"},"schema":{"@context":"https:\/\/schema.org","@graph":[{"@type":"NewsArticle","@id":"https:\/\/www.suno.com.br\/noticias\/weg-wege3-cade-aprova-aquisicao-reivax-ec-gss\/#article","isPartOf":{"@id":"https:\/\/www.suno.com.br\/noticias\/weg-wege3-cade-aprova-aquisicao-reivax-ec-gss\/"},"author":{"name":"Reda\u00e7\u00e3o Suno Not\u00edcias","@id":"https:\/\/www.suno.com.br\/noticias\/#\/schema\/person\/c1b1bd3727fa852bd045e9dbff3673ea"},"headline":"Weg (WEGE3): Cade aprova aquisi\u00e7\u00e3o da Reivax","datePublished":"2025-01-30T17:05:18+00:00","dateModified":"2025-01-30T17:05:20+00:00","mainEntityOfPage":{"@id":"https:\/\/www.suno.com.br\/noticias\/weg-wege3-cade-aprova-aquisicao-reivax-ec-gss\/"},"wordCount":241,"publisher":{"@id":"https:\/\/www.suno.com.br\/noticias\/#organization"},"image":{"@id":"https:\/\/www.suno.com.br\/noticias\/weg-wege3-cade-aprova-aquisicao-reivax-ec-gss\/#primaryimage"},"thumbnailUrl":"https:\/\/files.sunoresearch.com.br\/n\/uploads\/2022\/12\/Weg-wege3.jpg","keywords":["Weg (WEGE3)"],"articleSection":["Neg\u00f3cios"],"inLanguage":"pt-BR"},{"@type":"WebPage","@id":"https:\/\/www.suno.com.br\/noticias\/weg-wege3-cade-aprova-aquisicao-reivax-ec-gss\/","url":"https:\/\/www.suno.com.br\/noticias\/weg-wege3-cade-aprova-aquisicao-reivax-ec-gss\/","name":"Weg (WEGE3): Cade aprova aquisi\u00e7\u00e3o da Reivax","isPartOf":{"@id":"https:\/\/www.suno.com.br\/noticias\/#website"},"primaryImageOfPage":{"@id":"https:\/\/www.suno.com.br\/noticias\/weg-wege3-cade-aprova-aquisicao-reivax-ec-gss\/#primaryimage"},"image":{"@id":"https:\/\/www.suno.com.br\/noticias\/weg-wege3-cade-aprova-aquisicao-reivax-ec-gss\/#primaryimage"},"thumbnailUrl":"https:\/\/files.sunoresearch.com.br\/n\/uploads\/2022\/12\/Weg-wege3.jpg","datePublished":"2025-01-30T17:05:18+00:00","dateModified":"2025-01-30T17:05:20+00:00","description":"A aquisi\u00e7\u00e3o da Reivax pela Weg foi aprovada pela Superintend\u00eancia-Geral do Conselho Administrativo de Defesa Econ\u00f4mica (Cade) sem restri\u00e7\u00f5es.","breadcrumb":{"@id":"https:\/\/www.suno.com.br\/noticias\/weg-wege3-cade-aprova-aquisicao-reivax-ec-gss\/#breadcrumb"},"inLanguage":"pt-BR","potentialAction":[{"@type":"ReadAction","target":["https:\/\/www.suno.com.br\/noticias\/weg-wege3-cade-aprova-aquisicao-reivax-ec-gss\/"]}]},{"@type":"ImageObject","inLanguage":"pt-BR","@id":"https:\/\/www.suno.com.br\/noticias\/weg-wege3-cade-aprova-aquisicao-reivax-ec-gss\/#primaryimage","url":"https:\/\/files.sunoresearch.com.br\/n\/uploads\/2022\/12\/Weg-wege3.jpg","contentUrl":"https:\/\/files.sunoresearch.com.br\/n\/uploads\/2022\/12\/Weg-wege3.jpg","width":2560,"height":1708,"caption":"Weg (WEGE3) - Foto: Divulga\u00e7\u00e3o"},{"@type":"BreadcrumbList","@id":"https:\/\/www.suno.com.br\/noticias\/weg-wege3-cade-aprova-aquisicao-reivax-ec-gss\/#breadcrumb","itemListElement":[{"@type":"ListItem","position":1,"name":"Not\u00edcias","item":"https:\/\/www.suno.com.br\/noticias\/"},{"@type":"ListItem","position":2,"name":"Neg\u00f3cios","item":"https:\/\/www.suno.com.br\/noticias\/negocios\/"},{"@type":"ListItem","position":3,"name":"Weg (WEGE3): Cade aprova aquisi\u00e7\u00e3o da Reivax"}]},{"@type":"WebSite","@id":"https:\/\/www.suno.com.br\/noticias\/#website","url":"https:\/\/www.suno.com.br\/noticias\/","name":"Suno Not\u00edcias","description":"Seu portal de informa\u00e7\u00e3o sobre o mundo dos investimentos","publisher":{"@id":"https:\/\/www.suno.com.br\/noticias\/#organization"},"potentialAction":[{"@type":"SearchAction","target":{"@type":"EntryPoint","urlTemplate":"https:\/\/www.suno.com.br\/noticias\/?s={search_term_string}"},"query-input":{"@type":"PropertyValueSpecification","valueRequired":true,"valueName":"search_term_string"}}],"inLanguage":"pt-BR"},{"@type":"Organization","@id":"https:\/\/www.suno.com.br\/noticias\/#organization","name":"Suno Not\u00edcias","url":"https:\/\/www.suno.com.br\/noticias\/","logo":{"@type":"ImageObject","inLanguage":"pt-BR","@id":"https:\/\/www.suno.com.br\/noticias\/#\/schema\/logo\/image\/","url":"https:\/\/files.sunoresearch.com.br\/n\/uploads\/2021\/09\/suno-logo.png","contentUrl":"https:\/\/files.sunoresearch.com.br\/n\/uploads\/2021\/09\/suno-logo.png","width":180,"height":180,"caption":"Suno Not\u00edcias"},"image":{"@id":"https:\/\/www.suno.com.br\/noticias\/#\/schema\/logo\/image\/"},"sameAs":["https:\/\/facebook.com\/sunoresearch","https:\/\/x.com\/sunoresearch","https:\/\/www.instagram.com\/suno","https:\/\/www.linkedin.com\/company\/suno-research\/","https:\/\/www.youtube.com\/c\/sunoresearch"]},{"@type":"Person","@id":"https:\/\/www.suno.com.br\/noticias\/#\/schema\/person\/c1b1bd3727fa852bd045e9dbff3673ea","name":"Reda\u00e7\u00e3o Suno Not\u00edcias","image":{"@type":"ImageObject","inLanguage":"pt-BR","@id":"https:\/\/www.suno.com.br\/noticias\/#\/schema\/person\/image\/","url":"https:\/\/secure.gravatar.com\/avatar\/b8104b9b5a71985d5238ee59fbe418af?s=96&r=g","contentUrl":"https:\/\/secure.gravatar.com\/avatar\/b8104b9b5a71985d5238ee59fbe418af?s=96&r=g","caption":"Reda\u00e7\u00e3o Suno Not\u00edcias"},"description":"O Suno Not\u00edcias \u00e9 um portal de informa\u00e7\u00f5es sobre Mercado Financeiro, Pol\u00edtica, Neg\u00f3cios, Economia e Finan\u00e7as Pessoais.","sameAs":["https:\/\/www.suno.com.br\/noticias","https:\/\/www.facebook.com\/sunonoticias\/","https:\/\/www.instagram.com\/sunonoticias\/","https:\/\/x.com\/https:\/\/twitter.com\/sunoresearch","https:\/\/www.youtube.com\/sunonoticias"],"url":"https:\/\/www.suno.com.br\/noticias\/author\/redacao-suno\/"}]}},"default_loop_html":"<div class=\"cardsPage__listCard__boxs\"><div class=\"cardsPage__listCard__boxs__img\"><a href=\"https:\/\/www.suno.com.br\/noticias\/weg-wege3-cade-aprova-aquisicao-reivax-ec-gss\/\"><img class=\"mask\" src=\"https:\/\/www.suno.com.br\/noticias\/wp-content\/themes\/suno\/resources\/images\/spotlight\/spotlight1img\/bg-mask.png\" alt=\"Image Mask\"\/><img src=\"https:\/\/files.sunoresearch.com.br\/n\/uploads\/2022\/12\/Weg-wege3-400x200.jpg\" alt=\"Weg (WEGE3): Cade aprova aquisi\u00e7\u00e3o da Reivax\"\/><\/a><span class=\"spotlightCategory\"><a href=\"https:\/\/www.suno.com.br\/noticias\/negocios\/\">Neg\u00f3cios<\/a><\/span><\/div><div class=\"cardsPage__listCard__boxs__content\"><a href=\"https:\/\/www.suno.com.br\/noticias\/weg-wege3-cade-aprova-aquisicao-reivax-ec-gss\/\"><h2 class=\"content__title\">Weg (WEGE3): Cade aprova aquisi\u00e7\u00e3o da Reivax<\/h2><\/a><div class=\"newsContent__article__meta\"><div class=\"newsContent__article__meta__authorBox\"><a href=\"https:\/\/www.suno.com.br\/noticias\/author\/redacao-suno\/\" class=\"authorBox__avatar noMobi\"><img src=\"https:\/\/files.sunoresearch.com.br\/n\/uploads\/2020\/08\/0ace682d-redacao-1-150x150.webp\" alt=\"Reda\u00e7\u00e3o Suno Not\u00edcias\"><\/a><div class=\"authorBox__name\"><span>por\n\t\t\t<a href=\"https:\/\/www.suno.com.br\/noticias\/author\/redacao-suno\/\"><span itemprop=\"author\">Reda\u00e7\u00e3o Suno Not\u00edcias<\/span><\/a><\/span><time datetime=\"2025-01-30T14:05:18-03:00\" itemprop=\"datePublished\">30\/01\/2025 14:05<\/time><\/div><\/div><\/div><\/div><\/div>","single_layout":"posts","amp_enabled":true,"_links":{"self":[{"href":"https:\/\/www.suno.com.br\/noticias\/wp-json\/wp\/v2\/posts\/592694"}],"collection":[{"href":"https:\/\/www.suno.com.br\/noticias\/wp-json\/wp\/v2\/posts"}],"about":[{"href":"https:\/\/www.suno.com.br\/noticias\/wp-json\/wp\/v2\/types\/post"}],"author":[{"embeddable":true,"href":"https:\/\/www.suno.com.br\/noticias\/wp-json\/wp\/v2\/users\/43"}],"replies":[{"embeddable":true,"href":"https:\/\/www.suno.com.br\/noticias\/wp-json\/wp\/v2\/comments?post=592694"}],"version-history":[{"count":2,"href":"https:\/\/www.suno.com.br\/noticias\/wp-json\/wp\/v2\/posts\/592694\/revisions"}],"predecessor-version":[{"id":592724,"href":"https:\/\/www.suno.com.br\/noticias\/wp-json\/wp\/v2\/posts\/592694\/revisions\/592724"}],"wp:featuredmedia":[{"embeddable":true,"href":"https:\/\/www.suno.com.br\/noticias\/wp-json\/wp\/v2\/media\/336059"}],"wp:attachment":[{"href":"https:\/\/www.suno.com.br\/noticias\/wp-json\/wp\/v2\/media?parent=592694"}],"wp:term":[{"taxonomy":"category","embeddable":true,"href":"https:\/\/www.suno.com.br\/noticias\/wp-json\/wp\/v2\/categories?post=592694"},{"taxonomy":"post_tag","embeddable":true,"href":"https:\/\/www.suno.com.br\/noticias\/wp-json\/wp\/v2\/tags?post=592694"},{"taxonomy":"suno_strategy","embeddable":true,"href":"https:\/\/www.suno.com.br\/noticias\/wp-json\/wp\/v2\/suno_strategy?post=592694"}],"curies":[{"name":"wp","href":"https:\/\/api.w.org\/{rel}","templated":true}]}}