{"id":592528,"date":"2025-01-29T19:58:58","date_gmt":"2025-01-29T22:58:58","guid":{"rendered":"https:\/\/www.suno.com.br\/noticias\/?p=592528"},"modified":"2025-01-29T19:59:01","modified_gmt":"2025-01-29T22:59:01","slug":"imposto-de-renda-2025-como-declarar-go","status":"publish","type":"post","link":"https:\/\/www.suno.com.br\/noticias\/imposto-de-renda-2025-como-declarar-go\/","title":{"rendered":"Imposto de Renda 2025: saiba como declarar e n\u00e3o cair na malha fina"},"content":{"rendered":"<p>A declara\u00e7\u00e3o do <strong>Imposto de Renda<\/strong> \u00e9 uma responsabilidade que marca o primeiro semestre do ano. Para 2025, a previs\u00e3o \u00e9 que o per\u00edodo para o envio das declara\u00e7\u00f5es aconte\u00e7a entre mar\u00e7o e maio, como ocorreu nos anos anteriores.&nbsp;<\/p>\t<div class=\"wrapper-featured-image\">\n\t\t<figure class=\"spotlightImg\">\n\n\t\t\t<picture>\n\t\t\t\t<source media=\"(max-width: 768px)\" srcset=\"https:\/\/files.sunoresearch.com.br\/n\/uploads\/2024\/03\/ballots-1195056_1280-400x200.jpg\">\n\t\t\t\t<img loading=\"lazy\" decoding=\"async\" class=\"newsContent__article__imgCapa lazyloadDisabled \" src=\"https:\/\/files.sunoresearch.com.br\/n\/uploads\/2024\/03\/ballots-1195056_1280-800x450.jpg\" width=\"800\" height=\"450\" alt=\"Imposto de Renda 2025: saiba como declarar e n\u00e3o cair na malha fina\" fetchpriority=high \/>\n\t\t\t<\/picture>\n\n\t\t\t<figcaption class=\"wp-caption-text wp-caption-text--show\">Quanto rende em dividendos R$ 50 mil em FIIs de tijolo? Foto: Pixabay.<\/figcaption>\n\t\t<\/figure>\n\t<\/div>\n\n\n\n\n\n\n\n\t<p>\n\t\t<a href=\"https:\/\/lp.suno.com.br\/planilha-da-vida-financeira\/\" target=\"_blank\" data-element=\"shortcode-suno-banner\" title=\"Banner SUNO, clique e saiba mais\">\n\t\t\t<picture>\n\t\t\t\t<source media=\"(max-width: 500px)\" srcset=\"https:\/\/files.sunoresearch.com.br\/n\/uploads\/2023\/04\/400x300-Planilha-vida-financeira-true.png\">\n\t\t\t\t<img class=\"newsContent__article__imgCapa newsContent__article__imgCapa--banner\"\n\t\t\t\t\tsrc=\"https:\/\/files.sunoresearch.com.br\/n\/uploads\/2023\/04\/1420x240-Planilha-vida-financeira-true.png\"\n\t\t\t\t\tdata-promo-id=\"106682\"\t\t\t\t\t\t\t\t\t\twidth='1420' height='240'\t\t\t\t\talt=\"https:\/\/files.sunoresearch.com.br\/n\/uploads\/2023\/04\/1420x240-Planilha-vida-financeira-true.png\"\n\t\t\t\t>\n\t\t\t<\/picture>\n\t\t<\/a>\n\t<\/p>\n\n\n\n\n\n<p>At\u00e9 a data de publica\u00e7\u00e3o desta mat\u00e9ria, em 29 de janeiro, a <strong>Receita Federal<\/strong> ainda n\u00e3o divulgou o calend\u00e1rio e as regras para a declara\u00e7\u00e3o deste ano.&nbsp;No entanto, com base nas vig\u00eancias do \u00faltimo ano, j\u00e1 \u00e9 poss\u00edvel que os contribuintes comecem a se organizar para n\u00e3o perder o prazo.<\/p>\n\n\n\n<p>A organiza\u00e7\u00e3o antecipada \u00e9 fundamental para que a declara\u00e7\u00e3o seja entregue de maneira correta. Dessa forma, \u00e9 poss\u00edvel evitar a t\u00e3o temida <strong><a href=\"http:\/\/suno.com.br\/artigos\/malha-fina\/\">malha fina<\/a><\/strong>, revis\u00e3o detalhada da <a class=\"suno-keyword\" data-force=\"no\" data-priority=\"3\" href=\"https:\/\/www.suno.com.br\/artigos\/receita-federal\/\" target=\"_blank\" rel=\"noopener\">Receita Federal<\/a> que identifica inconsist\u00eancias na entrega do IR.<\/p>\n\n\n\n<h2 class=\"wp-block-heading\">Quem deve declarar o Imposto de Renda 2025?<\/h2>\n\n\n\n<p>A Receita Federal ainda n\u00e3o divulgou oficialmente as regras para a declara\u00e7\u00e3o do Imposto de Renda 2025. No entanto, segundo Wesley Fernandes Santiago, contador e diretor executivo da Macro Contabilidade e Consultoria, \u00e9 importante que os contribuintes j\u00e1 comecem a se organizar. <\/p>\n\n\n\n<p>\u201c\u00c9 muito importante que os contribuintes j\u00e1 comecem a se organizar, separar toda a documenta\u00e7\u00e3o e entender o que ser\u00e1 necess\u00e1rio informar quando o prazo de entrega for aberto&#8221;, destaca ele.<\/p>\n\n\n\n<p>No \u00faltimo ano, estavam obrigados a declarar os contribuintes que se enquadravam nos seguintes crit\u00e9rios:<\/p>\n\n\n\n<ul class=\"wp-block-list\">\n<li>Recebimento de rendimentos tribut\u00e1veis acima de R$ 30.639,90;<\/li>\n\n\n\n<li>Rendimentos isentos, n\u00e3o tribut\u00e1veis ou tributados exclusivamente na fonte acima de R$ 200 mil;<\/li>\n\n\n\n<li>Ganho de capital na aliena\u00e7\u00e3o de bens e direitos;<\/li>\n\n\n\n<li>Opera\u00e7\u00f5es em bolsa de valores;<\/li>\n\n\n\n<li>Posse ou propriedade de bens acima de R$ 800 mil;<\/li>\n\n\n\n<li>Recebimento de rendimentos oriundos da atividade rural superiores a R$ 153.199,50;<\/li>\n\n\n\n<li>Passou \u00e0 condi\u00e7\u00e3o de residente fiscal no Brasil durante 2023 e se manteve nesta situa\u00e7\u00e3o at\u00e9 o dia 31 de dezembro deste mesmo ano.<\/li>\n<\/ul>\n\n\n\n<p>De acordo com Jhonny Martins, vice-presidente do SERAC, a Receita Federal fixa essas regras anualmente por meio de instru\u00e7\u00e3o normativa, o que significa que alguns pontos podem mudar para 2025. \u201cA instru\u00e7\u00e3o normativa para a declara\u00e7\u00e3o de 2025 ainda n\u00e3o foi publicada, e algumas regras podem mudar, ou n\u00e3o, de um ano para o outro\u201d, alerta o especialista.<\/p>\n\n\n\t<p>\n\t\t<a href=\"https:\/\/lp.suno.com.br\/ebook-como-analisar-uma-acao\/\" target=\"_blank\" data-element=\"shortcode-suno-banner\" title=\"Banner SUNO, clique e saiba mais\">\n\t\t\t<picture>\n\t\t\t\t<source media=\"(max-width: 500px)\" srcset=\"https:\/\/files.sunoresearch.com.br\/n\/uploads\/2023\/03\/Ebook-Acoes-Mobile.jpg\">\n\t\t\t\t<img class=\"newsContent__article__imgCapa newsContent__article__imgCapa--banner\"\n\t\t\t\t\tsrc=\"https:\/\/files.sunoresearch.com.br\/n\/uploads\/2023\/03\/Ebook-Acoes-Desktop.jpg\"\n\t\t\t\t\tdata-promo-id=\"378302\"\t\t\t\t\t\t\t\t\t\twidth='1420' height='286'\t\t\t\t\talt=\"https:\/\/files.sunoresearch.com.br\/n\/uploads\/2023\/03\/Ebook-Acoes-Desktop.jpg\"\n\t\t\t\t>\n\t\t\t<\/picture>\n\t\t<\/a>\n\t<\/p>\n\n\n\n\n\n<h2 class=\"wp-block-heading\">Como n\u00e3o cair na malha fina?<\/h2>\n\n\n\n<p>Evitar a malha fina requer aten\u00e7\u00e3o aos detalhes. Segundo Santiago, um dos principais motivos para inconsist\u00eancias na declara\u00e7\u00e3o \u00e9 o erro na digita\u00e7\u00e3o. <\/p>\n\n\n\n<p>&#8220;Hoje, temos a declara\u00e7\u00e3o pr\u00e9-preenchida, uma modalidade que j\u00e1 traz todas as informa\u00e7\u00f5es que o Fisco possui. Isso ajuda bastante, mas \u00e9 obriga\u00e7\u00e3o do contribuinte conferir todos os dados, verificar se as informa\u00e7\u00f5es est\u00e3o corretas e se condizem com seus informes de rendimento, recebidos e pagamentos, para evitar qualquer questionamento&#8221;, explica o especialista. <\/p>\n\n\n\n<p>Al\u00e9m disso, a diverg\u00eancia entre os valores informados pelos contribuintes e aqueles declarados pelas fontes pagadoras tamb\u00e9m deve ser um ponto de aten\u00e7\u00e3o na hora de fazer a declara\u00e7\u00e3o.&nbsp;<\/p>\n\n\n\n<p>&#8220;Guardar os comprovantes \u00e9 essencial, assim como n\u00e3o esquecer de declarar nenhuma <a class=\"suno-keyword\" target=\"_blank\" data-force=\"no\" data-priority=\"1\" href=\"https:\/\/www.suno.com.br\/artigos\/fonte-de-renda\/\" rel=\"noopener\">fonte de renda<\/a>. Muitas vezes, o trabalhador tem uma renda principal e fundamental, mas tamb\u00e9m possui uma renda secund\u00e1ria que complementa seus ganhos. Essa tamb\u00e9m precisa ser declarada ao Fisco&#8221;, diz o diretor executivo da Macro Contabilidade e Consultoria.<\/p>\n\n\n\n<p>Os investidores tamb\u00e9m devem se atentar para evitar a malha fina, inclusive ao investir em renda vari\u00e1vel.<\/p>\n\n\n\n<p>&#8220;Para os que investem em renda vari\u00e1vel, \u00e9 importante fazer um controle mensal das a\u00e7\u00f5es ou cotas em cust\u00f3dia a cada, m\u00eas, das compras, vendas, ganhos e perdas apurados ao longo do ano, bem como do imposto de renda pago sobre os ganhos obtidos com renda vari\u00e1vel, quando for o caso&#8221;, explica ele. <\/p>\n\n\n\n<p>Para declarar o <strong>imposto de renda<\/strong>, os contribuintes devem acessar o <a href=\"https:\/\/www.gov.br\/pt-br\/servicos\/declarar-meu-imposto-de-renda\">site da Receita Federal<\/a>, dentro do prazo a ser divulgado pelo \u00f3rg\u00e3o p\u00fablico, e instalar o programa dedicado \u00e0 entrega. <\/p>\n\n\n\t<p>\n\t\t<a href=\"https:\/\/lp.suno.com.br\/planilha-da-vida-financeira\/\" target=\"_blank\" data-element=\"shortcode-suno-banner\" title=\"Banner SUNO, clique e saiba mais\">\n\t\t\t<picture>\n\t\t\t\t<source media=\"(max-width: 500px)\" srcset=\"https:\/\/files.sunoresearch.com.br\/n\/uploads\/2023\/04\/400x300-Planilha-vida-financeira-true.png\">\n\t\t\t\t<img class=\"newsContent__article__imgCapa newsContent__article__imgCapa--banner\"\n\t\t\t\t\tsrc=\"https:\/\/files.sunoresearch.com.br\/n\/uploads\/2023\/04\/1420x240-Planilha-vida-financeira-true.png\"\n\t\t\t\t\tdata-promo-id=\"383123\"\t\t\t\t\t\t\t\t\t\twidth='1420' height='240'\t\t\t\t\talt=\"https:\/\/files.sunoresearch.com.br\/n\/uploads\/2023\/04\/1420x240-Planilha-vida-financeira-true.png\"\n\t\t\t\t>\n\t\t\t<\/picture>\n\t\t<\/a>\n\t<\/p>\n\n\n","protected":false},"excerpt":{"rendered":"<p>A declara\u00e7\u00e3o do Imposto de Renda \u00e9 uma responsabilidade que marca o primeiro semestre do ano. Para 2025, a previs\u00e3o \u00e9 que o per\u00edodo para o envio das declara\u00e7\u00f5es aconte\u00e7a entre mar\u00e7o e maio, como ocorreu nos anos anteriores.&nbsp; Quanto rende em dividendos R$ 50 mil em FIIs de tijolo? Foto: Pixabay. At\u00e9 a data [&hellip;]<\/p>\n","protected":false},"author":379,"featured_media":538150,"comment_status":"closed","ping_status":"closed","sticky":false,"template":"","format":"standard","meta":[],"categories":[65],"tags":[303,847],"suno_strategy":[],"class_list":["post-592528","post","type-post","status-publish","format-standard","has-post-thumbnail","hentry","category-financas-pessoais","tag-imposto-de-renda","tag-receita-federal"],"yoast_head":"<!-- This site is optimized with the Yoast SEO plugin v24.4 - https:\/\/yoast.com\/wordpress\/plugins\/seo\/ -->\n<title>Imposto de Renda 2025: como declarar e n\u00e3o cair na malha fina<\/title>\n<meta name=\"description\" content=\"Em 2025, previs\u00e3o \u00e9 que o per\u00edodo para o envio das declara\u00e7\u00f5es do imposto de renda aconte\u00e7a entre mar\u00e7o e maio. Clique e saiba mais!\" \/>\n<meta name=\"robots\" content=\"index, follow, max-snippet:-1, max-image-preview:large, max-video-preview:-1\" \/>\n<link rel=\"canonical\" href=\"https:\/\/www.suno.com.br\/noticias\/imposto-de-renda-2025-como-declarar-go\/\" \/>\n<meta property=\"og:locale\" content=\"pt_BR\" \/>\n<meta property=\"og:type\" content=\"article\" \/>\n<meta property=\"og:title\" content=\"Imposto de Renda 2025: como declarar e n\u00e3o cair na malha fina\" \/>\n<meta property=\"og:description\" content=\"Em 2025, previs\u00e3o \u00e9 que o per\u00edodo para o envio das declara\u00e7\u00f5es do imposto de renda aconte\u00e7a entre mar\u00e7o e maio. Clique e saiba mais!\" \/>\n<meta property=\"og:url\" content=\"https:\/\/www.suno.com.br\/noticias\/imposto-de-renda-2025-como-declarar-go\/\" \/>\n<meta property=\"og:site_name\" content=\"Suno Not\u00edcias\" \/>\n<meta property=\"article:publisher\" content=\"https:\/\/facebook.com\/sunoresearch\" \/>\n<meta property=\"og:image\" content=\"https:\/\/files.sunoresearch.com.br\/n\/uploads\/2024\/03\/ballots-1195056_1280.jpg\" \/>\n\t<meta property=\"og:image:width\" content=\"1280\" \/>\n\t<meta property=\"og:image:height\" content=\"853\" \/>\n\t<meta property=\"og:image:type\" content=\"image\/jpeg\" \/>\n<meta name=\"author\" content=\"Giovanna Oliveira\" \/>\n<meta name=\"twitter:card\" content=\"summary_large_image\" \/>\n<meta name=\"twitter:creator\" content=\"@sunoresearch\" \/>\n<meta name=\"twitter:site\" content=\"@sunoresearch\" \/>\n<meta name=\"twitter:label1\" content=\"Escrito por\" \/>\n\t<meta name=\"twitter:data1\" content=\"Giovanna Oliveira\" \/>\n\t<meta name=\"twitter:label2\" content=\"Est. tempo de leitura\" \/>\n\t<meta name=\"twitter:data2\" content=\"4 minutos\" \/>\n<script type=\"application\/ld+json\" class=\"yoast-schema-graph\">{\"@context\":\"https:\/\/schema.org\",\"@graph\":[{\"@type\":\"NewsArticle\",\"@id\":\"https:\/\/www.suno.com.br\/noticias\/imposto-de-renda-2025-como-declarar-go\/#article\",\"isPartOf\":{\"@id\":\"https:\/\/www.suno.com.br\/noticias\/imposto-de-renda-2025-como-declarar-go\/\"},\"author\":{\"name\":\"Giovanna Oliveira\",\"@id\":\"https:\/\/www.suno.com.br\/noticias\/#\/schema\/person\/9c7f36e39460ab5b22c646d81cd0dc11\"},\"headline\":\"Imposto de Renda 2025: saiba como declarar e n\u00e3o cair na malha fina\",\"datePublished\":\"2025-01-29T22:58:58+00:00\",\"dateModified\":\"2025-01-29T22:59:01+00:00\",\"mainEntityOfPage\":{\"@id\":\"https:\/\/www.suno.com.br\/noticias\/imposto-de-renda-2025-como-declarar-go\/\"},\"wordCount\":690,\"publisher\":{\"@id\":\"https:\/\/www.suno.com.br\/noticias\/#organization\"},\"image\":{\"@id\":\"https:\/\/www.suno.com.br\/noticias\/imposto-de-renda-2025-como-declarar-go\/#primaryimage\"},\"thumbnailUrl\":\"https:\/\/files.sunoresearch.com.br\/n\/uploads\/2024\/03\/ballots-1195056_1280.jpg\",\"keywords\":[\"Imposto de Renda\",\"Receita Federal\"],\"articleSection\":[\"Finan\u00e7as Pessoais\"],\"inLanguage\":\"pt-BR\"},{\"@type\":\"WebPage\",\"@id\":\"https:\/\/www.suno.com.br\/noticias\/imposto-de-renda-2025-como-declarar-go\/\",\"url\":\"https:\/\/www.suno.com.br\/noticias\/imposto-de-renda-2025-como-declarar-go\/\",\"name\":\"Imposto de Renda 2025: como declarar e n\u00e3o cair na malha fina\",\"isPartOf\":{\"@id\":\"https:\/\/www.suno.com.br\/noticias\/#website\"},\"primaryImageOfPage\":{\"@id\":\"https:\/\/www.suno.com.br\/noticias\/imposto-de-renda-2025-como-declarar-go\/#primaryimage\"},\"image\":{\"@id\":\"https:\/\/www.suno.com.br\/noticias\/imposto-de-renda-2025-como-declarar-go\/#primaryimage\"},\"thumbnailUrl\":\"https:\/\/files.sunoresearch.com.br\/n\/uploads\/2024\/03\/ballots-1195056_1280.jpg\",\"datePublished\":\"2025-01-29T22:58:58+00:00\",\"dateModified\":\"2025-01-29T22:59:01+00:00\",\"description\":\"Em 2025, previs\u00e3o \u00e9 que o per\u00edodo para o envio das declara\u00e7\u00f5es do imposto de renda aconte\u00e7a entre mar\u00e7o e maio. Clique e saiba mais!\",\"breadcrumb\":{\"@id\":\"https:\/\/www.suno.com.br\/noticias\/imposto-de-renda-2025-como-declarar-go\/#breadcrumb\"},\"inLanguage\":\"pt-BR\",\"potentialAction\":[{\"@type\":\"ReadAction\",\"target\":[\"https:\/\/www.suno.com.br\/noticias\/imposto-de-renda-2025-como-declarar-go\/\"]}]},{\"@type\":\"ImageObject\",\"inLanguage\":\"pt-BR\",\"@id\":\"https:\/\/www.suno.com.br\/noticias\/imposto-de-renda-2025-como-declarar-go\/#primaryimage\",\"url\":\"https:\/\/files.sunoresearch.com.br\/n\/uploads\/2024\/03\/ballots-1195056_1280.jpg\",\"contentUrl\":\"https:\/\/files.sunoresearch.com.br\/n\/uploads\/2024\/03\/ballots-1195056_1280.jpg\",\"width\":1280,\"height\":853,\"caption\":\"Quanto rende em dividendos R$ 50 mil em FIIs de tijolo? Foto: Pixabay.\"},{\"@type\":\"BreadcrumbList\",\"@id\":\"https:\/\/www.suno.com.br\/noticias\/imposto-de-renda-2025-como-declarar-go\/#breadcrumb\",\"itemListElement\":[{\"@type\":\"ListItem\",\"position\":1,\"name\":\"Not\u00edcias\",\"item\":\"https:\/\/www.suno.com.br\/noticias\/\"},{\"@type\":\"ListItem\",\"position\":2,\"name\":\"Finan\u00e7as Pessoais\",\"item\":\"https:\/\/www.suno.com.br\/noticias\/financas-pessoais\/\"},{\"@type\":\"ListItem\",\"position\":3,\"name\":\"Imposto de Renda 2025: saiba como declarar e n\u00e3o cair na malha fina\"}]},{\"@type\":\"WebSite\",\"@id\":\"https:\/\/www.suno.com.br\/noticias\/#website\",\"url\":\"https:\/\/www.suno.com.br\/noticias\/\",\"name\":\"Suno Not\u00edcias\",\"description\":\"Seu portal de informa\u00e7\u00e3o sobre o mundo dos investimentos\",\"publisher\":{\"@id\":\"https:\/\/www.suno.com.br\/noticias\/#organization\"},\"potentialAction\":[{\"@type\":\"SearchAction\",\"target\":{\"@type\":\"EntryPoint\",\"urlTemplate\":\"https:\/\/www.suno.com.br\/noticias\/?s={search_term_string}\"},\"query-input\":{\"@type\":\"PropertyValueSpecification\",\"valueRequired\":true,\"valueName\":\"search_term_string\"}}],\"inLanguage\":\"pt-BR\"},{\"@type\":\"Organization\",\"@id\":\"https:\/\/www.suno.com.br\/noticias\/#organization\",\"name\":\"Suno Not\u00edcias\",\"url\":\"https:\/\/www.suno.com.br\/noticias\/\",\"logo\":{\"@type\":\"ImageObject\",\"inLanguage\":\"pt-BR\",\"@id\":\"https:\/\/www.suno.com.br\/noticias\/#\/schema\/logo\/image\/\",\"url\":\"https:\/\/files.sunoresearch.com.br\/n\/uploads\/2021\/09\/suno-logo.png\",\"contentUrl\":\"https:\/\/files.sunoresearch.com.br\/n\/uploads\/2021\/09\/suno-logo.png\",\"width\":180,\"height\":180,\"caption\":\"Suno Not\u00edcias\"},\"image\":{\"@id\":\"https:\/\/www.suno.com.br\/noticias\/#\/schema\/logo\/image\/\"},\"sameAs\":[\"https:\/\/facebook.com\/sunoresearch\",\"https:\/\/x.com\/sunoresearch\",\"https:\/\/www.instagram.com\/suno\",\"https:\/\/www.linkedin.com\/company\/suno-research\/\",\"https:\/\/www.youtube.com\/c\/sunoresearch\"]},{\"@type\":\"Person\",\"@id\":\"https:\/\/www.suno.com.br\/noticias\/#\/schema\/person\/9c7f36e39460ab5b22c646d81cd0dc11\",\"name\":\"Giovanna Oliveira\",\"image\":{\"@type\":\"ImageObject\",\"inLanguage\":\"pt-BR\",\"@id\":\"https:\/\/www.suno.com.br\/noticias\/#\/schema\/person\/image\/\",\"url\":\"https:\/\/secure.gravatar.com\/avatar\/ec6427940966efe49e11226fcbcd5d68?s=96&r=g\",\"contentUrl\":\"https:\/\/secure.gravatar.com\/avatar\/ec6427940966efe49e11226fcbcd5d68?s=96&r=g\",\"caption\":\"Giovanna Oliveira\"},\"description\":\"Jornalista com experi\u00eancia em gest\u00e3o de projetos, produ\u00e7\u00e3o de conte\u00fado multiplataforma, reda\u00e7\u00e3o, SEO e apresenta\u00e7\u00e3o em v\u00eddeo. Escrevo sobre economia, investimentos, neg\u00f3cios, pol\u00edtica e internacional.\",\"url\":\"https:\/\/www.suno.com.br\/noticias\/author\/giovannalmdoliveiragmail-com\/\"}]}<\/script>\n<!-- \/ Yoast SEO plugin. -->","yoast_head_json":{"title":"Imposto de Renda 2025: como declarar e n\u00e3o cair na malha fina","description":"Em 2025, previs\u00e3o \u00e9 que o per\u00edodo para o envio das declara\u00e7\u00f5es do imposto de renda aconte\u00e7a entre mar\u00e7o e maio. Clique e saiba mais!","robots":{"index":"index","follow":"follow","max-snippet":"max-snippet:-1","max-image-preview":"max-image-preview:large","max-video-preview":"max-video-preview:-1"},"canonical":"https:\/\/www.suno.com.br\/noticias\/imposto-de-renda-2025-como-declarar-go\/","og_locale":"pt_BR","og_type":"article","og_title":"Imposto de Renda 2025: como declarar e n\u00e3o cair na malha fina","og_description":"Em 2025, previs\u00e3o \u00e9 que o per\u00edodo para o envio das declara\u00e7\u00f5es do imposto de renda aconte\u00e7a entre mar\u00e7o e maio. Clique e saiba mais!","og_url":"https:\/\/www.suno.com.br\/noticias\/imposto-de-renda-2025-como-declarar-go\/","og_site_name":"Suno Not\u00edcias","article_publisher":"https:\/\/facebook.com\/sunoresearch","og_image":[{"width":1280,"height":853,"url":"https:\/\/files.sunoresearch.com.br\/n\/uploads\/2024\/03\/ballots-1195056_1280.jpg","type":"image\/jpeg"}],"author":"Giovanna Oliveira","twitter_card":"summary_large_image","twitter_creator":"@sunoresearch","twitter_site":"@sunoresearch","twitter_misc":{"Escrito por":"Giovanna Oliveira","Est. tempo de leitura":"4 minutos"},"schema":{"@context":"https:\/\/schema.org","@graph":[{"@type":"NewsArticle","@id":"https:\/\/www.suno.com.br\/noticias\/imposto-de-renda-2025-como-declarar-go\/#article","isPartOf":{"@id":"https:\/\/www.suno.com.br\/noticias\/imposto-de-renda-2025-como-declarar-go\/"},"author":{"name":"Giovanna Oliveira","@id":"https:\/\/www.suno.com.br\/noticias\/#\/schema\/person\/9c7f36e39460ab5b22c646d81cd0dc11"},"headline":"Imposto de Renda 2025: saiba como declarar e n\u00e3o cair na malha fina","datePublished":"2025-01-29T22:58:58+00:00","dateModified":"2025-01-29T22:59:01+00:00","mainEntityOfPage":{"@id":"https:\/\/www.suno.com.br\/noticias\/imposto-de-renda-2025-como-declarar-go\/"},"wordCount":690,"publisher":{"@id":"https:\/\/www.suno.com.br\/noticias\/#organization"},"image":{"@id":"https:\/\/www.suno.com.br\/noticias\/imposto-de-renda-2025-como-declarar-go\/#primaryimage"},"thumbnailUrl":"https:\/\/files.sunoresearch.com.br\/n\/uploads\/2024\/03\/ballots-1195056_1280.jpg","keywords":["Imposto de Renda","Receita Federal"],"articleSection":["Finan\u00e7as Pessoais"],"inLanguage":"pt-BR"},{"@type":"WebPage","@id":"https:\/\/www.suno.com.br\/noticias\/imposto-de-renda-2025-como-declarar-go\/","url":"https:\/\/www.suno.com.br\/noticias\/imposto-de-renda-2025-como-declarar-go\/","name":"Imposto de Renda 2025: como declarar e n\u00e3o cair na malha fina","isPartOf":{"@id":"https:\/\/www.suno.com.br\/noticias\/#website"},"primaryImageOfPage":{"@id":"https:\/\/www.suno.com.br\/noticias\/imposto-de-renda-2025-como-declarar-go\/#primaryimage"},"image":{"@id":"https:\/\/www.suno.com.br\/noticias\/imposto-de-renda-2025-como-declarar-go\/#primaryimage"},"thumbnailUrl":"https:\/\/files.sunoresearch.com.br\/n\/uploads\/2024\/03\/ballots-1195056_1280.jpg","datePublished":"2025-01-29T22:58:58+00:00","dateModified":"2025-01-29T22:59:01+00:00","description":"Em 2025, previs\u00e3o \u00e9 que o per\u00edodo para o envio das declara\u00e7\u00f5es do imposto de renda aconte\u00e7a entre mar\u00e7o e maio. Clique e saiba mais!","breadcrumb":{"@id":"https:\/\/www.suno.com.br\/noticias\/imposto-de-renda-2025-como-declarar-go\/#breadcrumb"},"inLanguage":"pt-BR","potentialAction":[{"@type":"ReadAction","target":["https:\/\/www.suno.com.br\/noticias\/imposto-de-renda-2025-como-declarar-go\/"]}]},{"@type":"ImageObject","inLanguage":"pt-BR","@id":"https:\/\/www.suno.com.br\/noticias\/imposto-de-renda-2025-como-declarar-go\/#primaryimage","url":"https:\/\/files.sunoresearch.com.br\/n\/uploads\/2024\/03\/ballots-1195056_1280.jpg","contentUrl":"https:\/\/files.sunoresearch.com.br\/n\/uploads\/2024\/03\/ballots-1195056_1280.jpg","width":1280,"height":853,"caption":"Quanto rende em dividendos R$ 50 mil em FIIs de tijolo? Foto: Pixabay."},{"@type":"BreadcrumbList","@id":"https:\/\/www.suno.com.br\/noticias\/imposto-de-renda-2025-como-declarar-go\/#breadcrumb","itemListElement":[{"@type":"ListItem","position":1,"name":"Not\u00edcias","item":"https:\/\/www.suno.com.br\/noticias\/"},{"@type":"ListItem","position":2,"name":"Finan\u00e7as Pessoais","item":"https:\/\/www.suno.com.br\/noticias\/financas-pessoais\/"},{"@type":"ListItem","position":3,"name":"Imposto de Renda 2025: saiba como declarar e n\u00e3o cair na malha fina"}]},{"@type":"WebSite","@id":"https:\/\/www.suno.com.br\/noticias\/#website","url":"https:\/\/www.suno.com.br\/noticias\/","name":"Suno Not\u00edcias","description":"Seu portal de informa\u00e7\u00e3o sobre o mundo dos investimentos","publisher":{"@id":"https:\/\/www.suno.com.br\/noticias\/#organization"},"potentialAction":[{"@type":"SearchAction","target":{"@type":"EntryPoint","urlTemplate":"https:\/\/www.suno.com.br\/noticias\/?s={search_term_string}"},"query-input":{"@type":"PropertyValueSpecification","valueRequired":true,"valueName":"search_term_string"}}],"inLanguage":"pt-BR"},{"@type":"Organization","@id":"https:\/\/www.suno.com.br\/noticias\/#organization","name":"Suno Not\u00edcias","url":"https:\/\/www.suno.com.br\/noticias\/","logo":{"@type":"ImageObject","inLanguage":"pt-BR","@id":"https:\/\/www.suno.com.br\/noticias\/#\/schema\/logo\/image\/","url":"https:\/\/files.sunoresearch.com.br\/n\/uploads\/2021\/09\/suno-logo.png","contentUrl":"https:\/\/files.sunoresearch.com.br\/n\/uploads\/2021\/09\/suno-logo.png","width":180,"height":180,"caption":"Suno Not\u00edcias"},"image":{"@id":"https:\/\/www.suno.com.br\/noticias\/#\/schema\/logo\/image\/"},"sameAs":["https:\/\/facebook.com\/sunoresearch","https:\/\/x.com\/sunoresearch","https:\/\/www.instagram.com\/suno","https:\/\/www.linkedin.com\/company\/suno-research\/","https:\/\/www.youtube.com\/c\/sunoresearch"]},{"@type":"Person","@id":"https:\/\/www.suno.com.br\/noticias\/#\/schema\/person\/9c7f36e39460ab5b22c646d81cd0dc11","name":"Giovanna Oliveira","image":{"@type":"ImageObject","inLanguage":"pt-BR","@id":"https:\/\/www.suno.com.br\/noticias\/#\/schema\/person\/image\/","url":"https:\/\/secure.gravatar.com\/avatar\/ec6427940966efe49e11226fcbcd5d68?s=96&r=g","contentUrl":"https:\/\/secure.gravatar.com\/avatar\/ec6427940966efe49e11226fcbcd5d68?s=96&r=g","caption":"Giovanna Oliveira"},"description":"Jornalista com experi\u00eancia em gest\u00e3o de projetos, produ\u00e7\u00e3o de conte\u00fado multiplataforma, reda\u00e7\u00e3o, SEO e apresenta\u00e7\u00e3o em v\u00eddeo. Escrevo sobre economia, investimentos, neg\u00f3cios, pol\u00edtica e internacional.","url":"https:\/\/www.suno.com.br\/noticias\/author\/giovannalmdoliveiragmail-com\/"}]}},"default_loop_html":"<div class=\"cardsPage__listCard__boxs\"><div class=\"cardsPage__listCard__boxs__img\"><a href=\"https:\/\/www.suno.com.br\/noticias\/imposto-de-renda-2025-como-declarar-go\/\"><img class=\"mask\" src=\"https:\/\/www.suno.com.br\/noticias\/wp-content\/themes\/suno\/resources\/images\/spotlight\/spotlight1img\/bg-mask.png\" alt=\"Image Mask\"\/><img src=\"https:\/\/files.sunoresearch.com.br\/n\/uploads\/2024\/03\/ballots-1195056_1280-400x200.jpg\" alt=\"Imposto de Renda 2025: saiba como declarar e n\u00e3o cair na malha fina\"\/><\/a><span class=\"spotlightCategory\"><a href=\"https:\/\/www.suno.com.br\/noticias\/financas-pessoais\/\">Finan\u00e7as Pessoais<\/a><\/span><\/div><div class=\"cardsPage__listCard__boxs__content\"><a href=\"https:\/\/www.suno.com.br\/noticias\/imposto-de-renda-2025-como-declarar-go\/\"><h2 class=\"content__title\">Imposto de Renda 2025: saiba como declarar e n\u00e3o cair na malha fina<\/h2><\/a><div class=\"newsContent__article__meta\"><div class=\"newsContent__article__meta__authorBox\"><a href=\"https:\/\/www.suno.com.br\/noticias\/author\/giovannalmdoliveiragmail-com\/\" class=\"authorBox__avatar noMobi\"><img src=\"https:\/\/files.sunoresearch.com.br\/n\/uploads\/2024\/05\/FOTOS_SA_GI8-1-150x150.jpg\" alt=\"Giovanna Oliveira\"><\/a><div class=\"authorBox__name\"><span>por\n\t\t\t<a href=\"https:\/\/www.suno.com.br\/noticias\/author\/giovannalmdoliveiragmail-com\/\"><span itemprop=\"author\">Giovanna Oliveira<\/span><\/a><\/span><time datetime=\"2025-01-29T19:58:58-03:00\" itemprop=\"datePublished\">29\/01\/2025 19:58<\/time><\/div><\/div><\/div><\/div><\/div>","single_layout":"posts","amp_enabled":true,"_links":{"self":[{"href":"https:\/\/www.suno.com.br\/noticias\/wp-json\/wp\/v2\/posts\/592528"}],"collection":[{"href":"https:\/\/www.suno.com.br\/noticias\/wp-json\/wp\/v2\/posts"}],"about":[{"href":"https:\/\/www.suno.com.br\/noticias\/wp-json\/wp\/v2\/types\/post"}],"author":[{"embeddable":true,"href":"https:\/\/www.suno.com.br\/noticias\/wp-json\/wp\/v2\/users\/379"}],"replies":[{"embeddable":true,"href":"https:\/\/www.suno.com.br\/noticias\/wp-json\/wp\/v2\/comments?post=592528"}],"version-history":[{"count":2,"href":"https:\/\/www.suno.com.br\/noticias\/wp-json\/wp\/v2\/posts\/592528\/revisions"}],"predecessor-version":[{"id":592602,"href":"https:\/\/www.suno.com.br\/noticias\/wp-json\/wp\/v2\/posts\/592528\/revisions\/592602"}],"wp:featuredmedia":[{"embeddable":true,"href":"https:\/\/www.suno.com.br\/noticias\/wp-json\/wp\/v2\/media\/538150"}],"wp:attachment":[{"href":"https:\/\/www.suno.com.br\/noticias\/wp-json\/wp\/v2\/media?parent=592528"}],"wp:term":[{"taxonomy":"category","embeddable":true,"href":"https:\/\/www.suno.com.br\/noticias\/wp-json\/wp\/v2\/categories?post=592528"},{"taxonomy":"post_tag","embeddable":true,"href":"https:\/\/www.suno.com.br\/noticias\/wp-json\/wp\/v2\/tags?post=592528"},{"taxonomy":"suno_strategy","embeddable":true,"href":"https:\/\/www.suno.com.br\/noticias\/wp-json\/wp\/v2\/suno_strategy?post=592528"}],"curies":[{"name":"wp","href":"https:\/\/api.w.org\/{rel}","templated":true}]}}