{"id":592348,"date":"2025-01-28T15:46:22","date_gmt":"2025-01-28T18:46:22","guid":{"rendered":"https:\/\/www.suno.com.br\/noticias\/?p=592348"},"modified":"2025-01-28T15:46:25","modified_gmt":"2025-01-28T18:46:25","slug":"vale-vale3-previsao-citi-minerio-gss","status":"publish","type":"post","link":"https:\/\/www.suno.com.br\/noticias\/vale-vale3-previsao-citi-minerio-gss\/","title":{"rendered":"Vale (VALE3) cai com previs\u00e3o pessimista do Citi sobre o min\u00e9rio"},"content":{"rendered":"<p>A <strong>Vale<\/strong> (<a class=\"suno-keyword\" data-force=\"yes\" data-priority=\"2\" href=\"https:\/\/www.suno.com.br\/analitica\/acoes\/vale3\/\" target=\"_blank\" rel=\"noopener\">VALE3<\/a>) figura entre as quedas do Ibovespa nesta ter\u00e7a-feira (28). Por volta das 15h20, o papel da mineradora recuava 2,09% a R$ 52,38.<\/p>\t<div class=\"wrapper-featured-image\">\n\t\t<figure class=\"spotlightImg\">\n\n\t\t\t<picture>\n\t\t\t\t<source media=\"(max-width: 768px)\" srcset=\"https:\/\/files.sunoresearch.com.br\/n\/uploads\/2024\/03\/iStock-1401515286-400x200.jpg\">\n\t\t\t\t<img loading=\"lazy\" decoding=\"async\" class=\"newsContent__article__imgCapa lazyloadDisabled \" src=\"https:\/\/files.sunoresearch.com.br\/n\/uploads\/2024\/03\/iStock-1401515286-800x450.jpg\" width=\"800\" height=\"450\" alt=\"Vale (VALE3) cai com previs\u00e3o pessimista do Citi sobre o min\u00e9rio\" fetchpriority=high \/>\n\t\t\t<\/picture>\n\n\t\t\t<figcaption class=\"wp-caption-text wp-caption-text--show\">Vale (VALE3). Foto: iStock.<\/figcaption>\n\t\t<\/figure>\n\t<\/div>\n\n\n\n\n\n\n\n\t<p>\n\t\t<a href=\"https:\/\/lp.suno.com.br\/planilha-da-vida-financeira\/\" target=\"_blank\" data-element=\"shortcode-suno-banner\" title=\"Banner SUNO, clique e saiba mais\">\n\t\t\t<picture>\n\t\t\t\t<source media=\"(max-width: 500px)\" srcset=\"https:\/\/files.sunoresearch.com.br\/n\/uploads\/2023\/04\/400x300-Planilha-vida-financeira-true.png\">\n\t\t\t\t<img class=\"newsContent__article__imgCapa newsContent__article__imgCapa--banner\"\n\t\t\t\t\tsrc=\"https:\/\/files.sunoresearch.com.br\/n\/uploads\/2023\/04\/1420x240-Planilha-vida-financeira-true.png\"\n\t\t\t\t\tdata-promo-id=\"106682\"\t\t\t\t\t\t\t\t\t\twidth='1420' height='240'\t\t\t\t\talt=\"https:\/\/files.sunoresearch.com.br\/n\/uploads\/2023\/04\/1420x240-Planilha-vida-financeira-true.png\"\n\t\t\t\t>\n\t\t\t<\/picture>\n\t\t<\/a>\n\t<\/p>\n\n\n\n\n\n<p>A queda nas <strong>a\u00e7\u00f5es da Vale<\/strong> ocorre em linha com uma previs\u00e3o pessimista feita pelo Citi em rela\u00e7\u00e3o ao <strong>min\u00e9rio de ferro<\/strong>.<\/p>\n\n\n\n<p>A casa afirma que, diante de problemas internos enfrentados pela China, a demanda chinesa pela commodity deve cair. <\/p>\n\n\n\n<p>Nos c\u00e1lculos dos analistas, o apetite chin\u00eas pelo <strong>min\u00e9rio<\/strong> deve ser at\u00e9 80 milh\u00f5es de toneladas mais baixo, o que tende a reduzir as <strong>vendas da Vale<\/strong> e tamb\u00e9m o valor da commodity.<\/p>\n\n\n\n<p>\u201cUma recupera\u00e7\u00e3o sustentada \u00e9 improv\u00e1vel, devido \u00e0 fraca perspectiva de demanda por a\u00e7o\u201d, diz o relat\u00f3rio do Citi.<\/p>\n\n\n\n<p>A <strong>VALE3<\/strong> reporta seus resultados operacionais do quarto trimestre de 2024 nesta ter\u00e7a-feira ap\u00f3s o <a class=\"suno-keyword\" data-force=\"no\" data-priority=\"1\" href=\"https:\/\/www.suno.com.br\/artigos\/fechamento-do-mercado\/\" target=\"_blank\" rel=\"noopener\">fechamento do mercado<\/a>. Segundo a Genial, a empresa deve indicar avan\u00e7os importantes na estrat\u00e9gia comercial, que busca priorizar nichos de maior valor agregado e flexibilizar a gest\u00e3o operacional.<\/p>\n\n\n\t<p>\n\t\t<a href=\"https:\/\/lp.suno.com.br\/ebook-como-analisar-uma-acao\/\" target=\"_blank\" data-element=\"shortcode-suno-banner\" title=\"Banner SUNO, clique e saiba mais\">\n\t\t\t<picture>\n\t\t\t\t<source media=\"(max-width: 500px)\" srcset=\"https:\/\/files.sunoresearch.com.br\/n\/uploads\/2023\/03\/Ebook-Acoes-Mobile.jpg\">\n\t\t\t\t<img class=\"newsContent__article__imgCapa newsContent__article__imgCapa--banner\"\n\t\t\t\t\tsrc=\"https:\/\/files.sunoresearch.com.br\/n\/uploads\/2023\/03\/Ebook-Acoes-Desktop.jpg\"\n\t\t\t\t\tdata-promo-id=\"378302\"\t\t\t\t\t\t\t\t\t\twidth='1420' height='286'\t\t\t\t\talt=\"https:\/\/files.sunoresearch.com.br\/n\/uploads\/2023\/03\/Ebook-Acoes-Desktop.jpg\"\n\t\t\t\t>\n\t\t\t<\/picture>\n\t\t<\/a>\n\t<\/p>\n\n\n\n\n\n<p>A Genial estima que a produ\u00e7\u00e3o de finos de min\u00e9rio de ferro no 4T24 ser\u00e1 de 85,8 milh\u00f5es de toneladas (Mt), uma queda de 5,7% na compara\u00e7\u00e3o trimestral e de 4,1% no comparativo anual. Esse desempenho reflete tanto a sazonalidade comum no \u00faltimo trimestre quanto ajustes estrat\u00e9gicos que priorizam um mix de maior qualidade.<\/p>\n\n\n\n<p>J\u00e1 os embarques devem atingir 69,7Mt, indicando estabilidade em rela\u00e7\u00e3o ao trimestre anterior (+0,5%), mas uma retra\u00e7\u00e3o anual de 10,6%, impactada pelo ac\u00famulo de estoques nos portos chineses.<\/p>\n\n\n\n<p>O custo C1 por tonelada, excluindo compras de terceiros, foi projetado em US$19,6, uma redu\u00e7\u00e3o de 4,9% na compara\u00e7\u00e3o trimestral e de 5,5% anual. Esse movimento \u00e9 sustentado pela busca por <a class=\"suno-keyword\" target=\"_blank\" data-force=\"no\" data-priority=\"1\" href=\"https:\/\/www.suno.com.br\/artigos\/eficiencia-operacional\/\" rel=\"noopener\">efici\u00eancia operacional<\/a> e ajustes no <a class=\"suno-keyword\" target=\"_blank\" data-force=\"no\" data-priority=\"1\" href=\"https:\/\/www.suno.com.br\/artigos\/mix-de-produtos\/\" rel=\"noopener\">mix de produtos<\/a>.<\/p>\n\n\n\n<p>O pre\u00e7o realizado para finos de min\u00e9rio de ferro da <strong>Vale<\/strong> deve alcan\u00e7ar US$92\/t, diz a Genial, com leve alta de 1,5% em rela\u00e7\u00e3o ao 3T24, mas uma queda expressiva de 22,2% no comparativo anual.<\/p>\n\n\n\t<p>\n\t\t<a href=\"https:\/\/lp.suno.com.br\/planilha-da-vida-financeira\/\" target=\"_blank\" data-element=\"shortcode-suno-banner\" title=\"Banner SUNO, clique e saiba mais\">\n\t\t\t<picture>\n\t\t\t\t<source media=\"(max-width: 500px)\" srcset=\"https:\/\/files.sunoresearch.com.br\/n\/uploads\/2023\/04\/400x300-Planilha-vida-financeira-true.png\">\n\t\t\t\t<img class=\"newsContent__article__imgCapa newsContent__article__imgCapa--banner\"\n\t\t\t\t\tsrc=\"https:\/\/files.sunoresearch.com.br\/n\/uploads\/2023\/04\/1420x240-Planilha-vida-financeira-true.png\"\n\t\t\t\t\tdata-promo-id=\"383123\"\t\t\t\t\t\t\t\t\t\twidth='1420' height='240'\t\t\t\t\talt=\"https:\/\/files.sunoresearch.com.br\/n\/uploads\/2023\/04\/1420x240-Planilha-vida-financeira-true.png\"\n\t\t\t\t>\n\t\t\t<\/picture>\n\t\t<\/a>\n\t<\/p>\n\n\n","protected":false},"excerpt":{"rendered":"<p>A Vale (VALE3) figura entre as quedas do Ibovespa nesta ter\u00e7a-feira (28). Por volta das 15h20, o papel da mineradora recuava 2,09% a R$ 52,38. Vale (VALE3). Foto: iStock. A queda nas a\u00e7\u00f5es da Vale ocorre em linha com uma previs\u00e3o pessimista feita pelo Citi em rela\u00e7\u00e3o ao min\u00e9rio de ferro. A casa afirma que, [&hellip;]<\/p>\n","protected":false},"author":376,"featured_media":531705,"comment_status":"closed","ping_status":"closed","sticky":false,"template":"","format":"standard","meta":[],"categories":[64],"tags":[825,676],"suno_strategy":[],"class_list":["post-592348","post","type-post","status-publish","format-standard","has-post-thumbnail","hentry","category-negocios","tag-minerio-de-ferro","tag-vale-vale3"],"yoast_head":"<!-- This site is optimized with the Yoast SEO plugin v24.4 - https:\/\/yoast.com\/wordpress\/plugins\/seo\/ -->\n<title>Vale (VALE3) cai com previs\u00e3o pessimista do Citi sobre o min\u00e9rio<\/title>\n<meta name=\"description\" content=\"A Vale recua diante de perspectivas negativas para o min\u00e9rio de ferro e em dia de divulga\u00e7\u00e3o da sua pr\u00e9via operacional do 4T24.\" \/>\n<meta name=\"robots\" content=\"index, follow, max-snippet:-1, max-image-preview:large, max-video-preview:-1\" \/>\n<link rel=\"canonical\" href=\"https:\/\/www.suno.com.br\/noticias\/vale-vale3-previsao-citi-minerio-gss\/\" \/>\n<meta property=\"og:locale\" content=\"pt_BR\" \/>\n<meta property=\"og:type\" content=\"article\" \/>\n<meta property=\"og:title\" content=\"Vale (VALE3) cai com previs\u00e3o pessimista do Citi sobre o min\u00e9rio\" \/>\n<meta property=\"og:description\" content=\"A Vale recua diante de perspectivas negativas para o min\u00e9rio de ferro e em dia de divulga\u00e7\u00e3o da sua pr\u00e9via operacional do 4T24.\" \/>\n<meta property=\"og:url\" content=\"https:\/\/www.suno.com.br\/noticias\/vale-vale3-previsao-citi-minerio-gss\/\" \/>\n<meta property=\"og:site_name\" content=\"Suno Not\u00edcias\" \/>\n<meta property=\"article:publisher\" content=\"https:\/\/facebook.com\/sunoresearch\" \/>\n<meta property=\"og:image\" content=\"https:\/\/files.sunoresearch.com.br\/n\/uploads\/2024\/03\/iStock-1401515286.jpg\" \/>\n\t<meta property=\"og:image:width\" content=\"1254\" \/>\n\t<meta property=\"og:image:height\" content=\"836\" \/>\n\t<meta property=\"og:image:type\" content=\"image\/jpeg\" \/>\n<meta name=\"author\" content=\"Guilherme Serrano\" \/>\n<meta name=\"twitter:card\" content=\"summary_large_image\" \/>\n<meta name=\"twitter:creator\" content=\"@sunoresearch\" \/>\n<meta name=\"twitter:site\" content=\"@sunoresearch\" \/>\n<meta name=\"twitter:label1\" content=\"Escrito por\" \/>\n\t<meta name=\"twitter:data1\" content=\"Guilherme Serrano\" \/>\n\t<meta name=\"twitter:label2\" content=\"Est. tempo de leitura\" \/>\n\t<meta name=\"twitter:data2\" content=\"2 minutos\" \/>\n<script type=\"application\/ld+json\" class=\"yoast-schema-graph\">{\"@context\":\"https:\/\/schema.org\",\"@graph\":[{\"@type\":\"NewsArticle\",\"@id\":\"https:\/\/www.suno.com.br\/noticias\/vale-vale3-previsao-citi-minerio-gss\/#article\",\"isPartOf\":{\"@id\":\"https:\/\/www.suno.com.br\/noticias\/vale-vale3-previsao-citi-minerio-gss\/\"},\"author\":{\"name\":\"Guilherme Serrano\",\"@id\":\"https:\/\/www.suno.com.br\/noticias\/#\/schema\/person\/d0f07e64bce64aa671feadfb844f04ca\"},\"headline\":\"Vale (VALE3) cai com previs\u00e3o pessimista do Citi sobre o min\u00e9rio\",\"datePublished\":\"2025-01-28T18:46:22+00:00\",\"dateModified\":\"2025-01-28T18:46:25+00:00\",\"mainEntityOfPage\":{\"@id\":\"https:\/\/www.suno.com.br\/noticias\/vale-vale3-previsao-citi-minerio-gss\/\"},\"wordCount\":355,\"publisher\":{\"@id\":\"https:\/\/www.suno.com.br\/noticias\/#organization\"},\"image\":{\"@id\":\"https:\/\/www.suno.com.br\/noticias\/vale-vale3-previsao-citi-minerio-gss\/#primaryimage\"},\"thumbnailUrl\":\"https:\/\/files.sunoresearch.com.br\/n\/uploads\/2024\/03\/iStock-1401515286.jpg\",\"keywords\":[\"min\u00e9rio de ferro\",\"Vale (VALE3)\"],\"articleSection\":[\"Neg\u00f3cios\"],\"inLanguage\":\"pt-BR\"},{\"@type\":\"WebPage\",\"@id\":\"https:\/\/www.suno.com.br\/noticias\/vale-vale3-previsao-citi-minerio-gss\/\",\"url\":\"https:\/\/www.suno.com.br\/noticias\/vale-vale3-previsao-citi-minerio-gss\/\",\"name\":\"Vale (VALE3) cai com previs\u00e3o pessimista do Citi sobre o min\u00e9rio\",\"isPartOf\":{\"@id\":\"https:\/\/www.suno.com.br\/noticias\/#website\"},\"primaryImageOfPage\":{\"@id\":\"https:\/\/www.suno.com.br\/noticias\/vale-vale3-previsao-citi-minerio-gss\/#primaryimage\"},\"image\":{\"@id\":\"https:\/\/www.suno.com.br\/noticias\/vale-vale3-previsao-citi-minerio-gss\/#primaryimage\"},\"thumbnailUrl\":\"https:\/\/files.sunoresearch.com.br\/n\/uploads\/2024\/03\/iStock-1401515286.jpg\",\"datePublished\":\"2025-01-28T18:46:22+00:00\",\"dateModified\":\"2025-01-28T18:46:25+00:00\",\"description\":\"A Vale recua diante de perspectivas negativas para o min\u00e9rio de ferro e em dia de divulga\u00e7\u00e3o da sua pr\u00e9via operacional do 4T24.\",\"breadcrumb\":{\"@id\":\"https:\/\/www.suno.com.br\/noticias\/vale-vale3-previsao-citi-minerio-gss\/#breadcrumb\"},\"inLanguage\":\"pt-BR\",\"potentialAction\":[{\"@type\":\"ReadAction\",\"target\":[\"https:\/\/www.suno.com.br\/noticias\/vale-vale3-previsao-citi-minerio-gss\/\"]}]},{\"@type\":\"ImageObject\",\"inLanguage\":\"pt-BR\",\"@id\":\"https:\/\/www.suno.com.br\/noticias\/vale-vale3-previsao-citi-minerio-gss\/#primaryimage\",\"url\":\"https:\/\/files.sunoresearch.com.br\/n\/uploads\/2024\/03\/iStock-1401515286.jpg\",\"contentUrl\":\"https:\/\/files.sunoresearch.com.br\/n\/uploads\/2024\/03\/iStock-1401515286.jpg\",\"width\":1254,\"height\":836,\"caption\":\"Vale (VALE3). Foto: iStock.\"},{\"@type\":\"BreadcrumbList\",\"@id\":\"https:\/\/www.suno.com.br\/noticias\/vale-vale3-previsao-citi-minerio-gss\/#breadcrumb\",\"itemListElement\":[{\"@type\":\"ListItem\",\"position\":1,\"name\":\"Not\u00edcias\",\"item\":\"https:\/\/www.suno.com.br\/noticias\/\"},{\"@type\":\"ListItem\",\"position\":2,\"name\":\"Neg\u00f3cios\",\"item\":\"https:\/\/www.suno.com.br\/noticias\/negocios\/\"},{\"@type\":\"ListItem\",\"position\":3,\"name\":\"Vale (VALE3) cai com previs\u00e3o pessimista do Citi sobre o min\u00e9rio\"}]},{\"@type\":\"WebSite\",\"@id\":\"https:\/\/www.suno.com.br\/noticias\/#website\",\"url\":\"https:\/\/www.suno.com.br\/noticias\/\",\"name\":\"Suno Not\u00edcias\",\"description\":\"Seu portal de informa\u00e7\u00e3o sobre o mundo dos investimentos\",\"publisher\":{\"@id\":\"https:\/\/www.suno.com.br\/noticias\/#organization\"},\"potentialAction\":[{\"@type\":\"SearchAction\",\"target\":{\"@type\":\"EntryPoint\",\"urlTemplate\":\"https:\/\/www.suno.com.br\/noticias\/?s={search_term_string}\"},\"query-input\":{\"@type\":\"PropertyValueSpecification\",\"valueRequired\":true,\"valueName\":\"search_term_string\"}}],\"inLanguage\":\"pt-BR\"},{\"@type\":\"Organization\",\"@id\":\"https:\/\/www.suno.com.br\/noticias\/#organization\",\"name\":\"Suno Not\u00edcias\",\"url\":\"https:\/\/www.suno.com.br\/noticias\/\",\"logo\":{\"@type\":\"ImageObject\",\"inLanguage\":\"pt-BR\",\"@id\":\"https:\/\/www.suno.com.br\/noticias\/#\/schema\/logo\/image\/\",\"url\":\"https:\/\/files.sunoresearch.com.br\/n\/uploads\/2021\/09\/suno-logo.png\",\"contentUrl\":\"https:\/\/files.sunoresearch.com.br\/n\/uploads\/2021\/09\/suno-logo.png\",\"width\":180,\"height\":180,\"caption\":\"Suno Not\u00edcias\"},\"image\":{\"@id\":\"https:\/\/www.suno.com.br\/noticias\/#\/schema\/logo\/image\/\"},\"sameAs\":[\"https:\/\/facebook.com\/sunoresearch\",\"https:\/\/x.com\/sunoresearch\",\"https:\/\/www.instagram.com\/suno\",\"https:\/\/www.linkedin.com\/company\/suno-research\/\",\"https:\/\/www.youtube.com\/c\/sunoresearch\"]},{\"@type\":\"Person\",\"@id\":\"https:\/\/www.suno.com.br\/noticias\/#\/schema\/person\/d0f07e64bce64aa671feadfb844f04ca\",\"name\":\"Guilherme Serrano\",\"image\":{\"@type\":\"ImageObject\",\"inLanguage\":\"pt-BR\",\"@id\":\"https:\/\/www.suno.com.br\/noticias\/#\/schema\/person\/image\/\",\"url\":\"https:\/\/secure.gravatar.com\/avatar\/a90be19d8c67bef61497e4522de30ac4?s=96&r=g\",\"contentUrl\":\"https:\/\/secure.gravatar.com\/avatar\/a90be19d8c67bef61497e4522de30ac4?s=96&r=g\",\"caption\":\"Guilherme Serrano\"},\"description\":\"Jornalista formado pela Faculdade C\u00e1sper L\u00edbero e p\u00f3s-graduado em Can\u00e7\u00e3o Popular pela Faculdade Santa Marcelina. Passagens por R\u00e1dio Gazeta AM, gazetaesportiva.com e TC R\u00e1dio.\",\"url\":\"https:\/\/www.suno.com.br\/noticias\/author\/guilherme-silvasuno-com-br\/\"}]}<\/script>\n<!-- \/ Yoast SEO plugin. -->","yoast_head_json":{"title":"Vale (VALE3) cai com previs\u00e3o pessimista do Citi sobre o min\u00e9rio","description":"A Vale recua diante de perspectivas negativas para o min\u00e9rio de ferro e em dia de divulga\u00e7\u00e3o da sua pr\u00e9via operacional do 4T24.","robots":{"index":"index","follow":"follow","max-snippet":"max-snippet:-1","max-image-preview":"max-image-preview:large","max-video-preview":"max-video-preview:-1"},"canonical":"https:\/\/www.suno.com.br\/noticias\/vale-vale3-previsao-citi-minerio-gss\/","og_locale":"pt_BR","og_type":"article","og_title":"Vale (VALE3) cai com previs\u00e3o pessimista do Citi sobre o min\u00e9rio","og_description":"A Vale recua diante de perspectivas negativas para o min\u00e9rio de ferro e em dia de divulga\u00e7\u00e3o da sua pr\u00e9via operacional do 4T24.","og_url":"https:\/\/www.suno.com.br\/noticias\/vale-vale3-previsao-citi-minerio-gss\/","og_site_name":"Suno Not\u00edcias","article_publisher":"https:\/\/facebook.com\/sunoresearch","og_image":[{"width":1254,"height":836,"url":"https:\/\/files.sunoresearch.com.br\/n\/uploads\/2024\/03\/iStock-1401515286.jpg","type":"image\/jpeg"}],"author":"Guilherme Serrano","twitter_card":"summary_large_image","twitter_creator":"@sunoresearch","twitter_site":"@sunoresearch","twitter_misc":{"Escrito por":"Guilherme Serrano","Est. tempo de leitura":"2 minutos"},"schema":{"@context":"https:\/\/schema.org","@graph":[{"@type":"NewsArticle","@id":"https:\/\/www.suno.com.br\/noticias\/vale-vale3-previsao-citi-minerio-gss\/#article","isPartOf":{"@id":"https:\/\/www.suno.com.br\/noticias\/vale-vale3-previsao-citi-minerio-gss\/"},"author":{"name":"Guilherme Serrano","@id":"https:\/\/www.suno.com.br\/noticias\/#\/schema\/person\/d0f07e64bce64aa671feadfb844f04ca"},"headline":"Vale (VALE3) cai com previs\u00e3o pessimista do Citi sobre o min\u00e9rio","datePublished":"2025-01-28T18:46:22+00:00","dateModified":"2025-01-28T18:46:25+00:00","mainEntityOfPage":{"@id":"https:\/\/www.suno.com.br\/noticias\/vale-vale3-previsao-citi-minerio-gss\/"},"wordCount":355,"publisher":{"@id":"https:\/\/www.suno.com.br\/noticias\/#organization"},"image":{"@id":"https:\/\/www.suno.com.br\/noticias\/vale-vale3-previsao-citi-minerio-gss\/#primaryimage"},"thumbnailUrl":"https:\/\/files.sunoresearch.com.br\/n\/uploads\/2024\/03\/iStock-1401515286.jpg","keywords":["min\u00e9rio de ferro","Vale (VALE3)"],"articleSection":["Neg\u00f3cios"],"inLanguage":"pt-BR"},{"@type":"WebPage","@id":"https:\/\/www.suno.com.br\/noticias\/vale-vale3-previsao-citi-minerio-gss\/","url":"https:\/\/www.suno.com.br\/noticias\/vale-vale3-previsao-citi-minerio-gss\/","name":"Vale (VALE3) cai com previs\u00e3o pessimista do Citi sobre o min\u00e9rio","isPartOf":{"@id":"https:\/\/www.suno.com.br\/noticias\/#website"},"primaryImageOfPage":{"@id":"https:\/\/www.suno.com.br\/noticias\/vale-vale3-previsao-citi-minerio-gss\/#primaryimage"},"image":{"@id":"https:\/\/www.suno.com.br\/noticias\/vale-vale3-previsao-citi-minerio-gss\/#primaryimage"},"thumbnailUrl":"https:\/\/files.sunoresearch.com.br\/n\/uploads\/2024\/03\/iStock-1401515286.jpg","datePublished":"2025-01-28T18:46:22+00:00","dateModified":"2025-01-28T18:46:25+00:00","description":"A Vale recua diante de perspectivas negativas para o min\u00e9rio de ferro e em dia de divulga\u00e7\u00e3o da sua pr\u00e9via operacional do 4T24.","breadcrumb":{"@id":"https:\/\/www.suno.com.br\/noticias\/vale-vale3-previsao-citi-minerio-gss\/#breadcrumb"},"inLanguage":"pt-BR","potentialAction":[{"@type":"ReadAction","target":["https:\/\/www.suno.com.br\/noticias\/vale-vale3-previsao-citi-minerio-gss\/"]}]},{"@type":"ImageObject","inLanguage":"pt-BR","@id":"https:\/\/www.suno.com.br\/noticias\/vale-vale3-previsao-citi-minerio-gss\/#primaryimage","url":"https:\/\/files.sunoresearch.com.br\/n\/uploads\/2024\/03\/iStock-1401515286.jpg","contentUrl":"https:\/\/files.sunoresearch.com.br\/n\/uploads\/2024\/03\/iStock-1401515286.jpg","width":1254,"height":836,"caption":"Vale (VALE3). Foto: iStock."},{"@type":"BreadcrumbList","@id":"https:\/\/www.suno.com.br\/noticias\/vale-vale3-previsao-citi-minerio-gss\/#breadcrumb","itemListElement":[{"@type":"ListItem","position":1,"name":"Not\u00edcias","item":"https:\/\/www.suno.com.br\/noticias\/"},{"@type":"ListItem","position":2,"name":"Neg\u00f3cios","item":"https:\/\/www.suno.com.br\/noticias\/negocios\/"},{"@type":"ListItem","position":3,"name":"Vale (VALE3) cai com previs\u00e3o pessimista do Citi sobre o min\u00e9rio"}]},{"@type":"WebSite","@id":"https:\/\/www.suno.com.br\/noticias\/#website","url":"https:\/\/www.suno.com.br\/noticias\/","name":"Suno Not\u00edcias","description":"Seu portal de informa\u00e7\u00e3o sobre o mundo dos investimentos","publisher":{"@id":"https:\/\/www.suno.com.br\/noticias\/#organization"},"potentialAction":[{"@type":"SearchAction","target":{"@type":"EntryPoint","urlTemplate":"https:\/\/www.suno.com.br\/noticias\/?s={search_term_string}"},"query-input":{"@type":"PropertyValueSpecification","valueRequired":true,"valueName":"search_term_string"}}],"inLanguage":"pt-BR"},{"@type":"Organization","@id":"https:\/\/www.suno.com.br\/noticias\/#organization","name":"Suno Not\u00edcias","url":"https:\/\/www.suno.com.br\/noticias\/","logo":{"@type":"ImageObject","inLanguage":"pt-BR","@id":"https:\/\/www.suno.com.br\/noticias\/#\/schema\/logo\/image\/","url":"https:\/\/files.sunoresearch.com.br\/n\/uploads\/2021\/09\/suno-logo.png","contentUrl":"https:\/\/files.sunoresearch.com.br\/n\/uploads\/2021\/09\/suno-logo.png","width":180,"height":180,"caption":"Suno Not\u00edcias"},"image":{"@id":"https:\/\/www.suno.com.br\/noticias\/#\/schema\/logo\/image\/"},"sameAs":["https:\/\/facebook.com\/sunoresearch","https:\/\/x.com\/sunoresearch","https:\/\/www.instagram.com\/suno","https:\/\/www.linkedin.com\/company\/suno-research\/","https:\/\/www.youtube.com\/c\/sunoresearch"]},{"@type":"Person","@id":"https:\/\/www.suno.com.br\/noticias\/#\/schema\/person\/d0f07e64bce64aa671feadfb844f04ca","name":"Guilherme Serrano","image":{"@type":"ImageObject","inLanguage":"pt-BR","@id":"https:\/\/www.suno.com.br\/noticias\/#\/schema\/person\/image\/","url":"https:\/\/secure.gravatar.com\/avatar\/a90be19d8c67bef61497e4522de30ac4?s=96&r=g","contentUrl":"https:\/\/secure.gravatar.com\/avatar\/a90be19d8c67bef61497e4522de30ac4?s=96&r=g","caption":"Guilherme Serrano"},"description":"Jornalista formado pela Faculdade C\u00e1sper L\u00edbero e p\u00f3s-graduado em Can\u00e7\u00e3o Popular pela Faculdade Santa Marcelina. Passagens por R\u00e1dio Gazeta AM, gazetaesportiva.com e TC R\u00e1dio.","url":"https:\/\/www.suno.com.br\/noticias\/author\/guilherme-silvasuno-com-br\/"}]}},"default_loop_html":"<div class=\"cardsPage__listCard__boxs\"><div class=\"cardsPage__listCard__boxs__img\"><a href=\"https:\/\/www.suno.com.br\/noticias\/vale-vale3-previsao-citi-minerio-gss\/\"><img class=\"mask\" src=\"https:\/\/www.suno.com.br\/noticias\/wp-content\/themes\/suno\/resources\/images\/spotlight\/spotlight1img\/bg-mask.png\" alt=\"Image Mask\"\/><img src=\"https:\/\/files.sunoresearch.com.br\/n\/uploads\/2024\/03\/iStock-1401515286-400x200.jpg\" alt=\"Vale (VALE3) cai com previs\u00e3o pessimista do Citi sobre o min\u00e9rio\"\/><\/a><span class=\"spotlightCategory\"><a href=\"https:\/\/www.suno.com.br\/noticias\/negocios\/\">Neg\u00f3cios<\/a><\/span><\/div><div class=\"cardsPage__listCard__boxs__content\"><a href=\"https:\/\/www.suno.com.br\/noticias\/vale-vale3-previsao-citi-minerio-gss\/\"><h2 class=\"content__title\">Vale (VALE3) cai com previs\u00e3o pessimista do Citi sobre o min\u00e9rio<\/h2><\/a><div class=\"newsContent__article__meta\"><div class=\"newsContent__article__meta__authorBox\"><a href=\"https:\/\/www.suno.com.br\/noticias\/author\/guilherme-silvasuno-com-br\/\" class=\"authorBox__avatar noMobi\"><img src=\"https:\/\/secure.gravatar.com\/avatar\/a90be19d8c67bef61497e4522de30ac4?s=96&#038;r=g\" alt=\"Guilherme Serrano\"><\/a><div class=\"authorBox__name\"><span>por\n\t\t\t<a href=\"https:\/\/www.suno.com.br\/noticias\/author\/guilherme-silvasuno-com-br\/\"><span itemprop=\"author\">Guilherme Serrano<\/span><\/a><\/span><time datetime=\"2025-01-28T15:46:22-03:00\" itemprop=\"datePublished\">28\/01\/2025 15:46<\/time><\/div><\/div><\/div><\/div><\/div>","single_layout":"posts","amp_enabled":true,"_links":{"self":[{"href":"https:\/\/www.suno.com.br\/noticias\/wp-json\/wp\/v2\/posts\/592348"}],"collection":[{"href":"https:\/\/www.suno.com.br\/noticias\/wp-json\/wp\/v2\/posts"}],"about":[{"href":"https:\/\/www.suno.com.br\/noticias\/wp-json\/wp\/v2\/types\/post"}],"author":[{"embeddable":true,"href":"https:\/\/www.suno.com.br\/noticias\/wp-json\/wp\/v2\/users\/376"}],"replies":[{"embeddable":true,"href":"https:\/\/www.suno.com.br\/noticias\/wp-json\/wp\/v2\/comments?post=592348"}],"version-history":[{"count":2,"href":"https:\/\/www.suno.com.br\/noticias\/wp-json\/wp\/v2\/posts\/592348\/revisions"}],"predecessor-version":[{"id":592350,"href":"https:\/\/www.suno.com.br\/noticias\/wp-json\/wp\/v2\/posts\/592348\/revisions\/592350"}],"wp:featuredmedia":[{"embeddable":true,"href":"https:\/\/www.suno.com.br\/noticias\/wp-json\/wp\/v2\/media\/531705"}],"wp:attachment":[{"href":"https:\/\/www.suno.com.br\/noticias\/wp-json\/wp\/v2\/media?parent=592348"}],"wp:term":[{"taxonomy":"category","embeddable":true,"href":"https:\/\/www.suno.com.br\/noticias\/wp-json\/wp\/v2\/categories?post=592348"},{"taxonomy":"post_tag","embeddable":true,"href":"https:\/\/www.suno.com.br\/noticias\/wp-json\/wp\/v2\/tags?post=592348"},{"taxonomy":"suno_strategy","embeddable":true,"href":"https:\/\/www.suno.com.br\/noticias\/wp-json\/wp\/v2\/suno_strategy?post=592348"}],"curies":[{"name":"wp","href":"https:\/\/api.w.org\/{rel}","templated":true}]}}