{"id":592099,"date":"2025-01-27T09:37:43","date_gmt":"2025-01-27T12:37:43","guid":{"rendered":"https:\/\/www.suno.com.br\/noticias\/?p=592099"},"modified":"2025-01-27T09:37:46","modified_gmt":"2025-01-27T12:37:46","slug":"selic-boletim-focus-27012025-ec-gss","status":"publish","type":"post","link":"https:\/\/www.suno.com.br\/noticias\/selic-boletim-focus-27012025-ec-gss\/","title":{"rendered":"Selic e d\u00f3lar est\u00e1veis, IPCA e PIB em alta: veja proje\u00e7\u00f5es do Boletim Focus desta semana"},"content":{"rendered":"<p>A mediana do <a class=\"suno-keyword\" data-force=\"no\" data-priority=\"1\" href=\"https:\/\/www.suno.com.br\/artigos\/boletim-focus\/\" target=\"_blank\" rel=\"noopener\">relat\u00f3rio Focus<\/a> para a <strong>Selic<\/strong> no fim de 2025 ficou est\u00e1vel em 15,00%. Um m\u00eas atr\u00e1s, estava em 14,75%. Na sua \u00faltima reuni\u00e3o, de dezembro, o Comit\u00ea de <a class=\"suno-keyword\" data-force=\"no\" data-priority=\"1\" href=\"https:\/\/www.suno.com.br\/artigos\/politica-monetaria\/\" target=\"_blank\" rel=\"noopener\">Pol\u00edtica Monet\u00e1ria<\/a> (Copom) aumentou a taxa b\u00e1sica para 12,25% ao ano e sinalizou mais duas eleva\u00e7\u00f5es de 1 ponto porcentual cada, que levariam os juros a 14,25% em mar\u00e7o.<\/p>\t<div class=\"wrapper-featured-image\">\n\t\t<figure class=\"spotlightImg\">\n\n\t\t\t<picture>\n\t\t\t\t<source media=\"(max-width: 768px)\" srcset=\"https:\/\/files.sunoresearch.com.br\/n\/uploads\/2024\/03\/iStock-1294366144-400x200.jpg\">\n\t\t\t\t<img loading=\"lazy\" decoding=\"async\" class=\"newsContent__article__imgCapa lazyloadDisabled \" src=\"https:\/\/files.sunoresearch.com.br\/n\/uploads\/2024\/03\/iStock-1294366144-800x450.jpg\" width=\"800\" height=\"450\" alt=\"Selic e d\u00f3lar est\u00e1veis, IPCA e PIB em alta: veja proje\u00e7\u00f5es do Boletim Focus desta semana\" fetchpriority=high \/>\n\t\t\t<\/picture>\n\n\t\t\t<figcaption class=\"wp-caption-text wp-caption-text--show\">BC abre consulta p\u00fablica sobre regras do eFX-Br: iStock<\/figcaption>\n\t\t<\/figure>\n\t<\/div>\n\n\n\n\n\n\n\n\t<p>\n\t\t<a href=\"\" target=\"_blank\" data-element=\"shortcode-suno-banner\" title=\"Banner SUNO, clique e saiba mais\">\n\t\t\t<picture>\n\t\t\t\t<source media=\"(max-width: 500px)\" srcset=\"\">\n\t\t\t\t<img class=\"newsContent__article__imgCapa newsContent__article__imgCapa--banner\"\n\t\t\t\t\tsrc=\"\"\n\t\t\t\t\tdata-promo-id=\"240038\"\t\t\t\t\t\t\t\t\t\t\t\t\t\t\talt=\"\"\n\t\t\t\t>\n\t\t\t<\/picture>\n\t\t<\/a>\n\t<\/p>\n\n\n\n\n\n<p>Considerando apenas as 98 proje\u00e7\u00f5es atualizadas nos \u00faltimos cinco dias \u00fateis, mais sens\u00edveis a novidades, a estimativa intermedi\u00e1ria para a <strong>taxa b\u00e1sica de juros<\/strong> no fim de 2025 passou de 15,00% para 15,13%.<\/p>\n\n\n\n<p>O <strong>Copom<\/strong> volta a se reunir amanh\u00e3 e quarta-feira, 28 e 29, para definir a taxa Selic. De 51 institui\u00e7\u00f5es ouvidas pelo Proje\u00e7\u00f5es Broadcast, 50 esperam que o comit\u00ea cumpra o <a class=\"suno-keyword\" target=\"_blank\" data-force=\"no\" data-priority=\"1\" href=\"https:\/\/www.suno.com.br\/artigos\/forward-guidance\/\" rel=\"noopener\">forward guidance<\/a> e eleve a taxa Selic a 13,25%.<\/p>\n\n\n\n<p>A mediana para os juros no fim de 2026 aumentou de 12,25% para 12,50%. Um m\u00eas antes, era de 12,00%. Levando em conta apenas as 94 proje\u00e7\u00f5es atualizadas nos \u00faltimos cinco dias \u00fateis, seguiu em 12,50%.<\/p>\n\n\n\n<p>A estimativa intermedi\u00e1ria para o fim de 2027 passou de 10,25% para 10,38%, ante 10,00% quatro semanas antes. A mediana para a <strong>taxa Selic<\/strong> no fim de 2028 se manteve em 10,00% pela quinta semana consecutiva.<\/p>\n\n\n\n<p>O Relat\u00f3rio Trimestral de Infla\u00e7\u00e3o (RTI) de dezembro do Banco Central refor\u00e7ou o cen\u00e1rio de deteriora\u00e7\u00e3o da infla\u00e7\u00e3o e firmou a percep\u00e7\u00e3o do mercado de que ser\u00e1 preciso uma <a class=\"suno-keyword\" target=\"_blank\" data-force=\"no\" data-priority=\"2\" href=\"https:\/\/www.suno.com.br\/artigos\/juros\/\" rel=\"noopener\">taxa de juros<\/a> rodando acima de 13,75% &#8211; estimativa adotada como pico do juro b\u00e1sico no cen\u00e1rio de refer\u00eancia do RTI &#8211; para a converg\u00eancia da infla\u00e7\u00e3o \u00e0 meta de 3%.<\/p>\n\n\n\n<h2 class=\"wp-block-heading\">IPCA vai a 5,50%<\/h2>\n\n\n\n<p>A mediana do <strong>relat\u00f3rio Focus<\/strong> para o<strong> IPCA<\/strong> de 2025 subiu pela 15\u00aa semana consecutiva, e desta vez saltou de 5,08% para 5,50% &#8211; exatamente 1 ponto porcentual acima do teto da meta, de 4,50%. Um m\u00eas antes, era de 4,96%. Considerando apenas as 113 estimativas atualizadas nos \u00faltimos cinco dias \u00fateis, a estimativa intermedi\u00e1ria ficou ainda maior, passando de 5,11% para 5,64%.<\/p>\n\n\n\n<p>A partir deste ano, a meta come\u00e7a a ser apurada de forma cont\u00ednua, com base na <a class=\"suno-keyword\" target=\"_blank\" data-force=\"no\" data-priority=\"1\" href=\"https:\/\/www.suno.com.br\/artigos\/inflacao-acumulada\/\" rel=\"noopener\">infla\u00e7\u00e3o acumulada<\/a> em 12 meses. O centro continua em 3%, com toler\u00e2ncia de 1,5 ponto porcentual para mais ou para menos. Se o IPCA ficar fora desse intervalo por seis meses consecutivos, considera-se que o Banco Central perdeu o alvo.<\/p>\n\n\n\n<p>A mediana do <strong>boletim Focus<\/strong> para o IPCA de 2026 subiu pela quinta semana seguida, de 4,10% para 4,22%. Um m\u00eas antes, estava em 4,01%. Considerando apenas as 109 estimativas atualizadas nos \u00faltimos cinco dias \u00fateis, a proje\u00e7\u00e3o aumentou de 4,10% para 4,26%.<\/p>\n\n\n\n<p>A estimativa intermedi\u00e1ria para a infla\u00e7\u00e3o de 2027 permaneceu em 3,90%, contra 3,83% de quatro semanas atr\u00e1s. A proje\u00e7\u00e3o para o IPCA de 2028 passou de 3,58% para 3,73%, ante 3,50% um m\u00eas antes.<\/p>\n\n\n\n<p>O Comit\u00ea de Pol\u00edtica Monet\u00e1ria (Copom) considera o segundo trimestre de 2026 como horizonte relevante da pol\u00edtica monet\u00e1ria. O colegiado espera um IPCA de 4,0% nos quatro trimestres fechados nesse per\u00edodo, no cen\u00e1rio com a taxa Selic do Focus (de 6 de dezembro) e d\u00f3lar come\u00e7ando em R$ 5,95 e evoluindo conforme a <a class=\"suno-keyword\" target=\"_blank\" data-force=\"no\" data-priority=\"1\" href=\"https:\/\/www.suno.com.br\/artigos\/paridade-de-poder-de-compra-ppc\/\" rel=\"noopener\">paridade do poder de compra<\/a> (PPC).<\/p>\n\n\n\n<p>Tamb\u00e9m no cen\u00e1rio de refer\u00eancia, o Banco Central espera que o IPCA termine 2025 em 4,50% e desacelere a 3,60% em 2026.<\/p>\n\n\n\t<p>\n\t\t<a href=\"https:\/\/lp.suno.com.br\/ebook-gratuito-investindo-no-exterior\/\" target=\"_blank\" data-element=\"shortcode-suno-banner\" title=\"Banner SUNO, clique e saiba mais\">\n\t\t\t<picture>\n\t\t\t\t<source media=\"(max-width: 500px)\" srcset=\"https:\/\/files.sunoresearch.com.br\/n\/uploads\/2023\/03\/400x300-Investindo-no-exterior.png\">\n\t\t\t\t<img class=\"newsContent__article__imgCapa newsContent__article__imgCapa--banner\"\n\t\t\t\t\tsrc=\"https:\/\/files.sunoresearch.com.br\/n\/uploads\/2023\/03\/1420x240-Investindo-no-exterior.png\"\n\t\t\t\t\tdata-promo-id=\"383161\"\t\t\t\t\t\t\t\t\t\twidth='1420' height='240'\t\t\t\t\talt=\"https:\/\/files.sunoresearch.com.br\/n\/uploads\/2023\/03\/1420x240-Investindo-no-exterior.png\"\n\t\t\t\t>\n\t\t\t<\/picture>\n\t\t<\/a>\n\t<\/p>\n\n\n\n\n\n<h2 class=\"wp-block-heading\">PIB tem leve alta<\/h2>\n\n\n\n<p>A mediana do relat\u00f3rio <strong>Focus<\/strong> para o crescimento do Produto Interno Bruto (<strong>PIB<\/strong>) brasileiro em 2025 aumentou de 2,04% para 2,06%. Um m\u00eas antes, estava em 2,01%. Considerando apenas as 81 proje\u00e7\u00f5es atualizadas nos \u00faltimos cinco dias \u00fateis, passou de 2,10% para 2,06%.<\/p>\n\n\n\n<p>A estimativa intermedi\u00e1ria para 2026 caiu de 1,77% para 1,72%. Um m\u00eas atr\u00e1s, era de 1,80%. Levando em conta apenas as 69 proje\u00e7\u00f5es atualizadas nos \u00faltimos cinco dias \u00fateis, recuou de 1,74% para 1,55%.<\/p>\n\n\n\n<p>Ap\u00f3s 78 semanas de estabilidade, a mediana para o crescimento do PIB de 2027 passou de 2,0% para 1,96%. A estimativa intermedi\u00e1ria para 2028 continuou indicando alta de 2,0% para a atividade econ\u00f4mica, est\u00e1vel h\u00e1 46 semanas.<\/p>\n\n\n\n<p>O Banco Central espera que a economia brasileira cres\u00e7a 3,50% em 2024 e 2,10% este ano, conforme o mais recente Relat\u00f3rio Trimestral de Infla\u00e7\u00e3o (RTI).<\/p>\n\n\n\n<h2 class=\"wp-block-heading\">D\u00f3lar fica est\u00e1vel<\/h2>\n\n\n\n<p>As medianas do relat\u00f3rio Focus para a <strong>cota\u00e7\u00e3o do d\u00f3lar<\/strong> no <a class=\"suno-keyword\" target=\"_blank\" data-force=\"no\" data-priority=\"1\" href=\"https:\/\/www.suno.com.br\/artigos\/longo-prazo\/\" rel=\"noopener\">longo prazo<\/a> continuam se aproximando da linha de R$ 6,00. A estimativa intermedi\u00e1ria para o fim de 2027 subiu de R$ 5,92 para R$ 5,93 nesta segunda-feira, 27. A proje\u00e7\u00e3o para o fim de 2028 seguiu em R$ 5,99.<\/p>\n\n\n\n<p>As estimativas para o<strong> d\u00f3lar<\/strong> ao fim de 2025 e 2026 se mantiveram em R$ 6,00. Um m\u00eas antes, estavam em R$ 5,96 e R$ 5,90, respectivamente.<\/p>\n\n\n\n<p>A proje\u00e7\u00e3o anual de <strong>c\u00e2mbio<\/strong> publicada no Focus \u00e9 calculada com base na m\u00e9dia para a taxa no m\u00eas de dezembro, e n\u00e3o mais no valor projetado para o \u00faltimo dia \u00fatil de cada ano, como era at\u00e9 2020. Com isso, o BC espera trazer maior precis\u00e3o para as proje\u00e7\u00f5es cambiais do <a class=\"suno-keyword\" target=\"_blank\" data-force=\"no\" data-priority=\"2\" href=\"https:\/\/www.suno.com.br\/guias\/mercado-financeiro\/\" rel=\"noopener\">mercado financeiro<\/a>.<\/p>\n\n\n\n<p><em>Com Estad\u00e3o Conte\u00fado<\/em><\/p>\n\n\n\n<p>O Boletim Focus \u00e9 elaborado semanalmente pelo Banco Central. Para a composi\u00e7\u00e3o do boletim, s\u00e3o utilizadas as proje\u00e7\u00f5es dos especialistas das 100 principais institui\u00e7\u00f5es ligadas ao mercado financeiro do Brasil para juros, IPCA, c\u00e2mbio, taxa <strong>Selic<\/strong> e outros indicadores.<\/p>\n\n\n\t<p>\n\t\t<a href=\"https:\/\/lp.suno.com.br\/planilha-da-vida-financeira\/\" target=\"_blank\" data-element=\"shortcode-suno-banner\" title=\"Banner SUNO, clique e saiba mais\">\n\t\t\t<picture>\n\t\t\t\t<source media=\"(max-width: 500px)\" srcset=\"https:\/\/files.sunoresearch.com.br\/n\/uploads\/2023\/04\/400x300-Planilha-vida-financeira-true.png\">\n\t\t\t\t<img class=\"newsContent__article__imgCapa newsContent__article__imgCapa--banner\"\n\t\t\t\t\tsrc=\"https:\/\/files.sunoresearch.com.br\/n\/uploads\/2023\/04\/1420x240-Planilha-vida-financeira-true.png\"\n\t\t\t\t\tdata-promo-id=\"383123\"\t\t\t\t\t\t\t\t\t\twidth='1420' height='240'\t\t\t\t\talt=\"https:\/\/files.sunoresearch.com.br\/n\/uploads\/2023\/04\/1420x240-Planilha-vida-financeira-true.png\"\n\t\t\t\t>\n\t\t\t<\/picture>\n\t\t<\/a>\n\t<\/p>\n\n\n","protected":false},"excerpt":{"rendered":"<p>A mediana do relat\u00f3rio Focus para a Selic no fim de 2025 ficou est\u00e1vel em 15,00%. Um m\u00eas atr\u00e1s, estava em 14,75%. Na sua \u00faltima reuni\u00e3o, de dezembro, o Comit\u00ea de Pol\u00edtica Monet\u00e1ria (Copom) aumentou a taxa b\u00e1sica para 12,25% ao ano e sinalizou mais duas eleva\u00e7\u00f5es de 1 ponto porcentual cada, que levariam os [&hellip;]<\/p>\n","protected":false},"author":43,"featured_media":532465,"comment_status":"closed","ping_status":"closed","sticky":false,"template":"","format":"standard","meta":[],"categories":[64],"tags":[834],"suno_strategy":[],"class_list":["post-592099","post","type-post","status-publish","format-standard","has-post-thumbnail","hentry","category-negocios","tag-boletim-focus"],"yoast_head":"<!-- This site is optimized with the Yoast SEO plugin v24.4 - https:\/\/yoast.com\/wordpress\/plugins\/seo\/ -->\n<title>Selic e d\u00f3lar est\u00e1veis, IPCA e PIB em alta: veja Boletim Focus<\/title>\n<meta name=\"description\" content=\"O Boletim Focus desta semana manteve est\u00e1veis as previs\u00f5es de Selic e d\u00f3lar. Clique para saber mais detalhes do relat\u00f3rio.\" \/>\n<meta name=\"robots\" content=\"index, follow, max-snippet:-1, max-image-preview:large, max-video-preview:-1\" \/>\n<link rel=\"canonical\" href=\"https:\/\/www.suno.com.br\/noticias\/selic-boletim-focus-27012025-ec-gss\/\" \/>\n<meta property=\"og:locale\" content=\"pt_BR\" \/>\n<meta property=\"og:type\" content=\"article\" \/>\n<meta property=\"og:title\" content=\"Selic e d\u00f3lar est\u00e1veis, IPCA e PIB em alta: veja Boletim Focus\" \/>\n<meta property=\"og:description\" content=\"O Boletim Focus desta semana manteve est\u00e1veis as previs\u00f5es de Selic e d\u00f3lar. Clique para saber mais detalhes do relat\u00f3rio.\" \/>\n<meta property=\"og:url\" content=\"https:\/\/www.suno.com.br\/noticias\/selic-boletim-focus-27012025-ec-gss\/\" \/>\n<meta property=\"og:site_name\" content=\"Suno Not\u00edcias\" \/>\n<meta property=\"article:publisher\" content=\"https:\/\/facebook.com\/sunoresearch\" \/>\n<meta property=\"article:author\" content=\"https:\/\/www.facebook.com\/sunonoticias\/\" \/>\n<meta property=\"og:image\" content=\"https:\/\/files.sunoresearch.com.br\/n\/uploads\/2024\/03\/iStock-1294366144.jpg\" \/>\n\t<meta property=\"og:image:width\" content=\"1254\" \/>\n\t<meta property=\"og:image:height\" content=\"836\" \/>\n\t<meta property=\"og:image:type\" content=\"image\/jpeg\" \/>\n<meta name=\"author\" content=\"Reda\u00e7\u00e3o Suno Not\u00edcias\" \/>\n<meta name=\"twitter:card\" content=\"summary_large_image\" \/>\n<meta name=\"twitter:creator\" content=\"@https:\/\/twitter.com\/sunoresearch\" \/>\n<meta name=\"twitter:site\" content=\"@sunoresearch\" \/>\n<meta name=\"twitter:label1\" content=\"Escrito por\" \/>\n\t<meta name=\"twitter:data1\" content=\"Reda\u00e7\u00e3o Suno Not\u00edcias\" \/>\n\t<meta name=\"twitter:label2\" content=\"Est. tempo de leitura\" \/>\n\t<meta name=\"twitter:data2\" content=\"5 minutos\" \/>\n<script type=\"application\/ld+json\" class=\"yoast-schema-graph\">{\"@context\":\"https:\/\/schema.org\",\"@graph\":[{\"@type\":\"NewsArticle\",\"@id\":\"https:\/\/www.suno.com.br\/noticias\/selic-boletim-focus-27012025-ec-gss\/#article\",\"isPartOf\":{\"@id\":\"https:\/\/www.suno.com.br\/noticias\/selic-boletim-focus-27012025-ec-gss\/\"},\"author\":{\"name\":\"Reda\u00e7\u00e3o Suno Not\u00edcias\",\"@id\":\"https:\/\/www.suno.com.br\/noticias\/#\/schema\/person\/c1b1bd3727fa852bd045e9dbff3673ea\"},\"headline\":\"Selic e d\u00f3lar est\u00e1veis, IPCA e PIB em alta: veja proje\u00e7\u00f5es do Boletim Focus desta semana\",\"datePublished\":\"2025-01-27T12:37:43+00:00\",\"dateModified\":\"2025-01-27T12:37:46+00:00\",\"mainEntityOfPage\":{\"@id\":\"https:\/\/www.suno.com.br\/noticias\/selic-boletim-focus-27012025-ec-gss\/\"},\"wordCount\":880,\"publisher\":{\"@id\":\"https:\/\/www.suno.com.br\/noticias\/#organization\"},\"image\":{\"@id\":\"https:\/\/www.suno.com.br\/noticias\/selic-boletim-focus-27012025-ec-gss\/#primaryimage\"},\"thumbnailUrl\":\"https:\/\/files.sunoresearch.com.br\/n\/uploads\/2024\/03\/iStock-1294366144.jpg\",\"keywords\":[\"Boletim Focus\"],\"articleSection\":[\"Neg\u00f3cios\"],\"inLanguage\":\"pt-BR\"},{\"@type\":\"WebPage\",\"@id\":\"https:\/\/www.suno.com.br\/noticias\/selic-boletim-focus-27012025-ec-gss\/\",\"url\":\"https:\/\/www.suno.com.br\/noticias\/selic-boletim-focus-27012025-ec-gss\/\",\"name\":\"Selic e d\u00f3lar est\u00e1veis, IPCA e PIB em alta: veja Boletim Focus\",\"isPartOf\":{\"@id\":\"https:\/\/www.suno.com.br\/noticias\/#website\"},\"primaryImageOfPage\":{\"@id\":\"https:\/\/www.suno.com.br\/noticias\/selic-boletim-focus-27012025-ec-gss\/#primaryimage\"},\"image\":{\"@id\":\"https:\/\/www.suno.com.br\/noticias\/selic-boletim-focus-27012025-ec-gss\/#primaryimage\"},\"thumbnailUrl\":\"https:\/\/files.sunoresearch.com.br\/n\/uploads\/2024\/03\/iStock-1294366144.jpg\",\"datePublished\":\"2025-01-27T12:37:43+00:00\",\"dateModified\":\"2025-01-27T12:37:46+00:00\",\"description\":\"O Boletim Focus desta semana manteve est\u00e1veis as previs\u00f5es de Selic e d\u00f3lar. Clique para saber mais detalhes do relat\u00f3rio.\",\"breadcrumb\":{\"@id\":\"https:\/\/www.suno.com.br\/noticias\/selic-boletim-focus-27012025-ec-gss\/#breadcrumb\"},\"inLanguage\":\"pt-BR\",\"potentialAction\":[{\"@type\":\"ReadAction\",\"target\":[\"https:\/\/www.suno.com.br\/noticias\/selic-boletim-focus-27012025-ec-gss\/\"]}]},{\"@type\":\"ImageObject\",\"inLanguage\":\"pt-BR\",\"@id\":\"https:\/\/www.suno.com.br\/noticias\/selic-boletim-focus-27012025-ec-gss\/#primaryimage\",\"url\":\"https:\/\/files.sunoresearch.com.br\/n\/uploads\/2024\/03\/iStock-1294366144.jpg\",\"contentUrl\":\"https:\/\/files.sunoresearch.com.br\/n\/uploads\/2024\/03\/iStock-1294366144.jpg\",\"width\":1254,\"height\":836,\"caption\":\"BC abre consulta p\u00fablica sobre regras do eFX-Br: iStock\"},{\"@type\":\"BreadcrumbList\",\"@id\":\"https:\/\/www.suno.com.br\/noticias\/selic-boletim-focus-27012025-ec-gss\/#breadcrumb\",\"itemListElement\":[{\"@type\":\"ListItem\",\"position\":1,\"name\":\"Not\u00edcias\",\"item\":\"https:\/\/www.suno.com.br\/noticias\/\"},{\"@type\":\"ListItem\",\"position\":2,\"name\":\"Neg\u00f3cios\",\"item\":\"https:\/\/www.suno.com.br\/noticias\/negocios\/\"},{\"@type\":\"ListItem\",\"position\":3,\"name\":\"Selic e d\u00f3lar est\u00e1veis, IPCA e PIB em alta: veja proje\u00e7\u00f5es do Boletim Focus desta semana\"}]},{\"@type\":\"WebSite\",\"@id\":\"https:\/\/www.suno.com.br\/noticias\/#website\",\"url\":\"https:\/\/www.suno.com.br\/noticias\/\",\"name\":\"Suno Not\u00edcias\",\"description\":\"Seu portal de informa\u00e7\u00e3o sobre o mundo dos investimentos\",\"publisher\":{\"@id\":\"https:\/\/www.suno.com.br\/noticias\/#organization\"},\"potentialAction\":[{\"@type\":\"SearchAction\",\"target\":{\"@type\":\"EntryPoint\",\"urlTemplate\":\"https:\/\/www.suno.com.br\/noticias\/?s={search_term_string}\"},\"query-input\":{\"@type\":\"PropertyValueSpecification\",\"valueRequired\":true,\"valueName\":\"search_term_string\"}}],\"inLanguage\":\"pt-BR\"},{\"@type\":\"Organization\",\"@id\":\"https:\/\/www.suno.com.br\/noticias\/#organization\",\"name\":\"Suno Not\u00edcias\",\"url\":\"https:\/\/www.suno.com.br\/noticias\/\",\"logo\":{\"@type\":\"ImageObject\",\"inLanguage\":\"pt-BR\",\"@id\":\"https:\/\/www.suno.com.br\/noticias\/#\/schema\/logo\/image\/\",\"url\":\"https:\/\/files.sunoresearch.com.br\/n\/uploads\/2021\/09\/suno-logo.png\",\"contentUrl\":\"https:\/\/files.sunoresearch.com.br\/n\/uploads\/2021\/09\/suno-logo.png\",\"width\":180,\"height\":180,\"caption\":\"Suno Not\u00edcias\"},\"image\":{\"@id\":\"https:\/\/www.suno.com.br\/noticias\/#\/schema\/logo\/image\/\"},\"sameAs\":[\"https:\/\/facebook.com\/sunoresearch\",\"https:\/\/x.com\/sunoresearch\",\"https:\/\/www.instagram.com\/suno\",\"https:\/\/www.linkedin.com\/company\/suno-research\/\",\"https:\/\/www.youtube.com\/c\/sunoresearch\"]},{\"@type\":\"Person\",\"@id\":\"https:\/\/www.suno.com.br\/noticias\/#\/schema\/person\/c1b1bd3727fa852bd045e9dbff3673ea\",\"name\":\"Reda\u00e7\u00e3o Suno Not\u00edcias\",\"image\":{\"@type\":\"ImageObject\",\"inLanguage\":\"pt-BR\",\"@id\":\"https:\/\/www.suno.com.br\/noticias\/#\/schema\/person\/image\/\",\"url\":\"https:\/\/secure.gravatar.com\/avatar\/b8104b9b5a71985d5238ee59fbe418af?s=96&r=g\",\"contentUrl\":\"https:\/\/secure.gravatar.com\/avatar\/b8104b9b5a71985d5238ee59fbe418af?s=96&r=g\",\"caption\":\"Reda\u00e7\u00e3o Suno Not\u00edcias\"},\"description\":\"O Suno Not\u00edcias \u00e9 um portal de informa\u00e7\u00f5es sobre Mercado Financeiro, Pol\u00edtica, Neg\u00f3cios, Economia e Finan\u00e7as Pessoais.\",\"sameAs\":[\"https:\/\/www.suno.com.br\/noticias\",\"https:\/\/www.facebook.com\/sunonoticias\/\",\"https:\/\/www.instagram.com\/sunonoticias\/\",\"https:\/\/x.com\/https:\/\/twitter.com\/sunoresearch\",\"https:\/\/www.youtube.com\/sunonoticias\"],\"url\":\"https:\/\/www.suno.com.br\/noticias\/author\/redacao-suno\/\"}]}<\/script>\n<!-- \/ Yoast SEO plugin. -->","yoast_head_json":{"title":"Selic e d\u00f3lar est\u00e1veis, IPCA e PIB em alta: veja Boletim Focus","description":"O Boletim Focus desta semana manteve est\u00e1veis as previs\u00f5es de Selic e d\u00f3lar. Clique para saber mais detalhes do relat\u00f3rio.","robots":{"index":"index","follow":"follow","max-snippet":"max-snippet:-1","max-image-preview":"max-image-preview:large","max-video-preview":"max-video-preview:-1"},"canonical":"https:\/\/www.suno.com.br\/noticias\/selic-boletim-focus-27012025-ec-gss\/","og_locale":"pt_BR","og_type":"article","og_title":"Selic e d\u00f3lar est\u00e1veis, IPCA e PIB em alta: veja Boletim Focus","og_description":"O Boletim Focus desta semana manteve est\u00e1veis as previs\u00f5es de Selic e d\u00f3lar. Clique para saber mais detalhes do relat\u00f3rio.","og_url":"https:\/\/www.suno.com.br\/noticias\/selic-boletim-focus-27012025-ec-gss\/","og_site_name":"Suno Not\u00edcias","article_publisher":"https:\/\/facebook.com\/sunoresearch","article_author":"https:\/\/www.facebook.com\/sunonoticias\/","og_image":[{"width":1254,"height":836,"url":"https:\/\/files.sunoresearch.com.br\/n\/uploads\/2024\/03\/iStock-1294366144.jpg","type":"image\/jpeg"}],"author":"Reda\u00e7\u00e3o Suno Not\u00edcias","twitter_card":"summary_large_image","twitter_creator":"@https:\/\/twitter.com\/sunoresearch","twitter_site":"@sunoresearch","twitter_misc":{"Escrito por":"Reda\u00e7\u00e3o Suno Not\u00edcias","Est. tempo de leitura":"5 minutos"},"schema":{"@context":"https:\/\/schema.org","@graph":[{"@type":"NewsArticle","@id":"https:\/\/www.suno.com.br\/noticias\/selic-boletim-focus-27012025-ec-gss\/#article","isPartOf":{"@id":"https:\/\/www.suno.com.br\/noticias\/selic-boletim-focus-27012025-ec-gss\/"},"author":{"name":"Reda\u00e7\u00e3o Suno Not\u00edcias","@id":"https:\/\/www.suno.com.br\/noticias\/#\/schema\/person\/c1b1bd3727fa852bd045e9dbff3673ea"},"headline":"Selic e d\u00f3lar est\u00e1veis, IPCA e PIB em alta: veja proje\u00e7\u00f5es do Boletim Focus desta semana","datePublished":"2025-01-27T12:37:43+00:00","dateModified":"2025-01-27T12:37:46+00:00","mainEntityOfPage":{"@id":"https:\/\/www.suno.com.br\/noticias\/selic-boletim-focus-27012025-ec-gss\/"},"wordCount":880,"publisher":{"@id":"https:\/\/www.suno.com.br\/noticias\/#organization"},"image":{"@id":"https:\/\/www.suno.com.br\/noticias\/selic-boletim-focus-27012025-ec-gss\/#primaryimage"},"thumbnailUrl":"https:\/\/files.sunoresearch.com.br\/n\/uploads\/2024\/03\/iStock-1294366144.jpg","keywords":["Boletim Focus"],"articleSection":["Neg\u00f3cios"],"inLanguage":"pt-BR"},{"@type":"WebPage","@id":"https:\/\/www.suno.com.br\/noticias\/selic-boletim-focus-27012025-ec-gss\/","url":"https:\/\/www.suno.com.br\/noticias\/selic-boletim-focus-27012025-ec-gss\/","name":"Selic e d\u00f3lar est\u00e1veis, IPCA e PIB em alta: veja Boletim Focus","isPartOf":{"@id":"https:\/\/www.suno.com.br\/noticias\/#website"},"primaryImageOfPage":{"@id":"https:\/\/www.suno.com.br\/noticias\/selic-boletim-focus-27012025-ec-gss\/#primaryimage"},"image":{"@id":"https:\/\/www.suno.com.br\/noticias\/selic-boletim-focus-27012025-ec-gss\/#primaryimage"},"thumbnailUrl":"https:\/\/files.sunoresearch.com.br\/n\/uploads\/2024\/03\/iStock-1294366144.jpg","datePublished":"2025-01-27T12:37:43+00:00","dateModified":"2025-01-27T12:37:46+00:00","description":"O Boletim Focus desta semana manteve est\u00e1veis as previs\u00f5es de Selic e d\u00f3lar. Clique para saber mais detalhes do relat\u00f3rio.","breadcrumb":{"@id":"https:\/\/www.suno.com.br\/noticias\/selic-boletim-focus-27012025-ec-gss\/#breadcrumb"},"inLanguage":"pt-BR","potentialAction":[{"@type":"ReadAction","target":["https:\/\/www.suno.com.br\/noticias\/selic-boletim-focus-27012025-ec-gss\/"]}]},{"@type":"ImageObject","inLanguage":"pt-BR","@id":"https:\/\/www.suno.com.br\/noticias\/selic-boletim-focus-27012025-ec-gss\/#primaryimage","url":"https:\/\/files.sunoresearch.com.br\/n\/uploads\/2024\/03\/iStock-1294366144.jpg","contentUrl":"https:\/\/files.sunoresearch.com.br\/n\/uploads\/2024\/03\/iStock-1294366144.jpg","width":1254,"height":836,"caption":"BC abre consulta p\u00fablica sobre regras do eFX-Br: iStock"},{"@type":"BreadcrumbList","@id":"https:\/\/www.suno.com.br\/noticias\/selic-boletim-focus-27012025-ec-gss\/#breadcrumb","itemListElement":[{"@type":"ListItem","position":1,"name":"Not\u00edcias","item":"https:\/\/www.suno.com.br\/noticias\/"},{"@type":"ListItem","position":2,"name":"Neg\u00f3cios","item":"https:\/\/www.suno.com.br\/noticias\/negocios\/"},{"@type":"ListItem","position":3,"name":"Selic e d\u00f3lar est\u00e1veis, IPCA e PIB em alta: veja proje\u00e7\u00f5es do Boletim Focus desta semana"}]},{"@type":"WebSite","@id":"https:\/\/www.suno.com.br\/noticias\/#website","url":"https:\/\/www.suno.com.br\/noticias\/","name":"Suno Not\u00edcias","description":"Seu portal de informa\u00e7\u00e3o sobre o mundo dos investimentos","publisher":{"@id":"https:\/\/www.suno.com.br\/noticias\/#organization"},"potentialAction":[{"@type":"SearchAction","target":{"@type":"EntryPoint","urlTemplate":"https:\/\/www.suno.com.br\/noticias\/?s={search_term_string}"},"query-input":{"@type":"PropertyValueSpecification","valueRequired":true,"valueName":"search_term_string"}}],"inLanguage":"pt-BR"},{"@type":"Organization","@id":"https:\/\/www.suno.com.br\/noticias\/#organization","name":"Suno Not\u00edcias","url":"https:\/\/www.suno.com.br\/noticias\/","logo":{"@type":"ImageObject","inLanguage":"pt-BR","@id":"https:\/\/www.suno.com.br\/noticias\/#\/schema\/logo\/image\/","url":"https:\/\/files.sunoresearch.com.br\/n\/uploads\/2021\/09\/suno-logo.png","contentUrl":"https:\/\/files.sunoresearch.com.br\/n\/uploads\/2021\/09\/suno-logo.png","width":180,"height":180,"caption":"Suno Not\u00edcias"},"image":{"@id":"https:\/\/www.suno.com.br\/noticias\/#\/schema\/logo\/image\/"},"sameAs":["https:\/\/facebook.com\/sunoresearch","https:\/\/x.com\/sunoresearch","https:\/\/www.instagram.com\/suno","https:\/\/www.linkedin.com\/company\/suno-research\/","https:\/\/www.youtube.com\/c\/sunoresearch"]},{"@type":"Person","@id":"https:\/\/www.suno.com.br\/noticias\/#\/schema\/person\/c1b1bd3727fa852bd045e9dbff3673ea","name":"Reda\u00e7\u00e3o Suno Not\u00edcias","image":{"@type":"ImageObject","inLanguage":"pt-BR","@id":"https:\/\/www.suno.com.br\/noticias\/#\/schema\/person\/image\/","url":"https:\/\/secure.gravatar.com\/avatar\/b8104b9b5a71985d5238ee59fbe418af?s=96&r=g","contentUrl":"https:\/\/secure.gravatar.com\/avatar\/b8104b9b5a71985d5238ee59fbe418af?s=96&r=g","caption":"Reda\u00e7\u00e3o Suno Not\u00edcias"},"description":"O Suno Not\u00edcias \u00e9 um portal de informa\u00e7\u00f5es sobre Mercado Financeiro, Pol\u00edtica, Neg\u00f3cios, Economia e Finan\u00e7as Pessoais.","sameAs":["https:\/\/www.suno.com.br\/noticias","https:\/\/www.facebook.com\/sunonoticias\/","https:\/\/www.instagram.com\/sunonoticias\/","https:\/\/x.com\/https:\/\/twitter.com\/sunoresearch","https:\/\/www.youtube.com\/sunonoticias"],"url":"https:\/\/www.suno.com.br\/noticias\/author\/redacao-suno\/"}]}},"default_loop_html":"<div class=\"cardsPage__listCard__boxs\"><div class=\"cardsPage__listCard__boxs__img\"><a href=\"https:\/\/www.suno.com.br\/noticias\/selic-boletim-focus-27012025-ec-gss\/\"><img class=\"mask\" src=\"https:\/\/www.suno.com.br\/noticias\/wp-content\/themes\/suno\/resources\/images\/spotlight\/spotlight1img\/bg-mask.png\" alt=\"Image Mask\"\/><img src=\"https:\/\/files.sunoresearch.com.br\/n\/uploads\/2024\/03\/iStock-1294366144-400x200.jpg\" alt=\"Selic e d\u00f3lar est\u00e1veis, IPCA e PIB em alta: veja proje\u00e7\u00f5es do Boletim Focus desta semana\"\/><\/a><span class=\"spotlightCategory\"><a href=\"https:\/\/www.suno.com.br\/noticias\/negocios\/\">Neg\u00f3cios<\/a><\/span><\/div><div class=\"cardsPage__listCard__boxs__content\"><a href=\"https:\/\/www.suno.com.br\/noticias\/selic-boletim-focus-27012025-ec-gss\/\"><h2 class=\"content__title\">Selic e d\u00f3lar est\u00e1veis, IPCA e PIB em alta: veja proje\u00e7\u00f5es do Boletim Focus desta semana<\/h2><\/a><div class=\"newsContent__article__meta\"><div class=\"newsContent__article__meta__authorBox\"><a href=\"https:\/\/www.suno.com.br\/noticias\/author\/redacao-suno\/\" class=\"authorBox__avatar noMobi\"><img src=\"https:\/\/files.sunoresearch.com.br\/n\/uploads\/2020\/08\/0ace682d-redacao-1-150x150.webp\" alt=\"Reda\u00e7\u00e3o Suno Not\u00edcias\"><\/a><div class=\"authorBox__name\"><span>por\n\t\t\t<a href=\"https:\/\/www.suno.com.br\/noticias\/author\/redacao-suno\/\"><span itemprop=\"author\">Reda\u00e7\u00e3o Suno Not\u00edcias<\/span><\/a><\/span><time datetime=\"2025-01-27T09:37:43-03:00\" itemprop=\"datePublished\">27\/01\/2025 09:37<\/time><\/div><\/div><\/div><\/div><\/div>","single_layout":"posts","amp_enabled":true,"_links":{"self":[{"href":"https:\/\/www.suno.com.br\/noticias\/wp-json\/wp\/v2\/posts\/592099"}],"collection":[{"href":"https:\/\/www.suno.com.br\/noticias\/wp-json\/wp\/v2\/posts"}],"about":[{"href":"https:\/\/www.suno.com.br\/noticias\/wp-json\/wp\/v2\/types\/post"}],"author":[{"embeddable":true,"href":"https:\/\/www.suno.com.br\/noticias\/wp-json\/wp\/v2\/users\/43"}],"replies":[{"embeddable":true,"href":"https:\/\/www.suno.com.br\/noticias\/wp-json\/wp\/v2\/comments?post=592099"}],"version-history":[{"count":2,"href":"https:\/\/www.suno.com.br\/noticias\/wp-json\/wp\/v2\/posts\/592099\/revisions"}],"predecessor-version":[{"id":592108,"href":"https:\/\/www.suno.com.br\/noticias\/wp-json\/wp\/v2\/posts\/592099\/revisions\/592108"}],"wp:featuredmedia":[{"embeddable":true,"href":"https:\/\/www.suno.com.br\/noticias\/wp-json\/wp\/v2\/media\/532465"}],"wp:attachment":[{"href":"https:\/\/www.suno.com.br\/noticias\/wp-json\/wp\/v2\/media?parent=592099"}],"wp:term":[{"taxonomy":"category","embeddable":true,"href":"https:\/\/www.suno.com.br\/noticias\/wp-json\/wp\/v2\/categories?post=592099"},{"taxonomy":"post_tag","embeddable":true,"href":"https:\/\/www.suno.com.br\/noticias\/wp-json\/wp\/v2\/tags?post=592099"},{"taxonomy":"suno_strategy","embeddable":true,"href":"https:\/\/www.suno.com.br\/noticias\/wp-json\/wp\/v2\/suno_strategy?post=592099"}],"curies":[{"name":"wp","href":"https:\/\/api.w.org\/{rel}","templated":true}]}}