{"id":591997,"date":"2025-01-24T14:12:09","date_gmt":"2025-01-24T17:12:09","guid":{"rendered":"https:\/\/www.suno.com.br\/noticias\/?p=591997"},"modified":"2025-01-24T14:12:11","modified_gmt":"2025-01-24T17:12:11","slug":"azul-azul4-suspende-voos-gss","status":"publish","type":"post","link":"https:\/\/www.suno.com.br\/noticias\/azul-azul4-suspende-voos-gss\/","title":{"rendered":"Azul (AZUL4) suspende voos para 12 cidades; entenda motivos"},"content":{"rendered":"<p>A <strong>Azul<\/strong> (<a class=\"suno-keyword\" target=\"_blank\" data-force=\"yes\" data-priority=\"2\" href=\"https:\/\/www.suno.com.br\/analitica\/acoes\/azul4\/\" rel=\"noopener\">AZUL4<\/a>) anunciou a suspens\u00e3o de voos para 12 cidades brasileiras, em meio \u00e0s expectativas sobre a aprova\u00e7\u00e3o de sua fus\u00e3o com a <a class=\"suno-keyword\" target=\"_blank\" data-force=\"yes\" data-priority=\"2\" href=\"https:\/\/www.suno.com.br\/analitica\/acoes\/GOLL4\/\" rel=\"noopener\">Gol (<\/a><a class=\"suno-keyword\" target=\"_blank\" data-force=\"yes\" data-priority=\"2\" href=\"https:\/\/www.suno.com.br\/analitica\/acoes\/goll4\/\" rel=\"noopener\">GOLL4<\/a>) pelo Conselho Administrativo de Defesa Econ\u00f4mica (Cade).<\/p>\t<div class=\"wrapper-featured-image\">\n\t\t<figure class=\"spotlightImg\">\n\n\t\t\t<picture>\n\t\t\t\t<source media=\"(max-width: 768px)\" srcset=\"https:\/\/files.sunoresearch.com.br\/n\/uploads\/2023\/05\/azul-aerea-cia-400x200.jpg\">\n\t\t\t\t<img loading=\"lazy\" decoding=\"async\" class=\"newsContent__article__imgCapa lazyloadDisabled \" src=\"https:\/\/files.sunoresearch.com.br\/n\/uploads\/2023\/05\/azul-aerea-cia-800x450.jpg\" width=\"800\" height=\"450\" alt=\"Azul (AZUL4) suspende voos para 12 cidades; entenda motivos\" fetchpriority=high \/>\n\t\t\t<\/picture>\n\n\t\t\t<figcaption class=\"wp-caption-text wp-caption-text--show\">Azul (AZUL44). Foto: iStock<\/figcaption>\n\t\t<\/figure>\n\t<\/div>\n\n\n\n\n\n\n<p>A companhia atribuiu a decis\u00e3o ao aumento dos custos operacionais da avia\u00e7\u00e3o, \u00e0 <a class=\"suno-keyword\" target=\"_blank\" data-force=\"no\" data-priority=\"1\" href=\"https:\/\/www.suno.com.br\/artigos\/alta-do-dolar\/\" rel=\"noopener\">alta do d\u00f3lar<\/a> e \u00e0 necessidade de ajustar a oferta \u00e0 demanda.<\/p>\n\n\n\n<p>A partir de 10 de mar\u00e7o, a <strong>AZUL4<\/strong> deixar\u00e1 de operar voos nos seguintes munic\u00edpios:<\/p>\n\n\n\n<ul class=\"wp-block-list\">\n<li>Barreirinhas (MA)<\/li>\n\n\n\n<li>Cabo Frio (RJ)<\/li>\n\n\n\n<li>Campos (RJ)<\/li>\n\n\n\n<li>Correia Pinto (SC)<\/li>\n\n\n\n<li>Crat\u00e9us (CE)<\/li>\n\n\n\n<li>Iguat\u00fa (CE)<\/li>\n\n\n\n<li>Mossor\u00f3 (RN)<\/li>\n\n\n\n<li>Parna\u00edba (PI)<\/li>\n\n\n\n<li>Rio Verde (GO)<\/li>\n\n\n\n<li>S\u00e3o Benedito (CE)<\/li>\n\n\n\n<li>S\u00e3o Raimundo Nonato (PI)<\/li>\n\n\n\n<li>Sobral (CE)<\/li>\n<\/ul>\n\n\n\n<p>Al\u00e9m disso, os voos para Fernando de Noronha (PE) ser\u00e3o operados exclusivamente a partir de Recife a partir de 3 de mar\u00e7o.<\/p>\n\n\n\n<p>A Azul tamb\u00e9m anunciou altera\u00e7\u00f5es em outros destinos:<\/p>\n\n\n\n<ul class=\"wp-block-list\">\n<li>Juazeiro do Norte (CE)<strong>:<\/strong> Os voos passar\u00e3o a ter como destino o aeroporto de Viracopos, em Campinas (SP), principal hub da Azul, a partir de 10 de mar\u00e7o.<\/li>\n\n\n\n<li>Caruaru (PE): Devido \u00e0 baixa ocupa\u00e7\u00e3o, os voos ser\u00e3o readequados para serem operados com aeronaves Cessna Grand Caravan, que t\u00eam capacidade para nove passageiros.<\/li>\n<\/ul>\n\n\n\n<p>Em comunicado \u00e0 imprensa, a Azul garantiu que os clientes afetados pelas mudan\u00e7as est\u00e3o sendo previamente notificados e receber\u00e3o a assist\u00eancia necess\u00e1ria, conforme estabelece a Resolu\u00e7\u00e3o 400 da Ag\u00eancia Nacional de Avia\u00e7\u00e3o Civil (Anac).<\/p>\n\n\n\n<h2 class=\"wp-block-heading\">Azul (AZUL4) e Gol (GOLL4): quais benef\u00edcios a fus\u00e3o trar\u00e1?<\/h2>\n\n\n\n<p>O BTG Pactual avalia que os desafios recentes do setor, como o aumento do endividamento e press\u00f5es cambiais, foram determinantes para acelerar o interesse na fus\u00e3o entre Gol e Azul. <\/p>\n\n\n\n<p>Entre os principais benef\u00edcios esperados, o BTG Pactual cita:<\/p>\n\n\n\n<ul class=\"wp-block-list\">\n<li>Otimiza\u00e7\u00e3o de frota e expans\u00e3o de rede: A nova empresa, apelidada de \u201cNewCo\u201d, teria cerca de 200 destinos e poderia otimizar rotas estrat\u00e9gicas, como Rio-S\u00e3o Paulo, relocando aeronaves para voos de maior demanda.<\/li>\n\n\n\n<li>Benef\u00edcio fiscal de ICMS: A ampla rede de destinos, que soma 160 cidades da Azul e 55 da\u00a0GOLL4, ampliar\u00e1 a captura de cr\u00e9ditos fiscais sobre combust\u00edveis, gerando economia tribut\u00e1ria.<\/li>\n\n\n\n<li>Novas rotas internacionais: O plano inclui a abertura de rotas para os EUA e Europa, especialmente a partir do Centro-Oeste e Nordeste.<\/li>\n<\/ul>\n\n\n\n<p>Por volta das 14h desta sexta-feira (24), a <strong>Azul<\/strong> operava em queda de 0,22% no Ibovespa, com as a\u00e7\u00f5es AZUL4 cotadas a R$ 4,58.<\/p>\n","protected":false},"excerpt":{"rendered":"<p>A Azul (AZUL4) anunciou a suspens\u00e3o de voos para 12 cidades brasileiras, em meio \u00e0s expectativas sobre a aprova\u00e7\u00e3o de sua fus\u00e3o com a Gol (GOLL4) pelo Conselho Administrativo de Defesa Econ\u00f4mica (Cade). Azul (AZUL44). Foto: iStock A companhia atribuiu a decis\u00e3o ao aumento dos custos operacionais da avia\u00e7\u00e3o, \u00e0 alta do d\u00f3lar e \u00e0 [&hellip;]<\/p>\n","protected":false},"author":376,"featured_media":406422,"comment_status":"closed","ping_status":"closed","sticky":false,"template":"","format":"standard","meta":[],"categories":[64],"tags":[106932],"suno_strategy":[],"class_list":["post-591997","post","type-post","status-publish","format-standard","has-post-thumbnail","hentry","category-negocios","tag-azul-azul4"],"yoast_head":"<!-- This site is optimized with the Yoast SEO plugin v24.4 - https:\/\/yoast.com\/wordpress\/plugins\/seo\/ -->\n<title>Azul (AZUL4) suspende voos para 12 cidades; entenda motivos<\/title>\n<meta name=\"description\" content=\"A Azul anunciou a suspens\u00e3o de voos para 12 cidades brasileiras. Clique para saber os motivos e as rotas afetadas pela decis\u00e3o.\" \/>\n<meta name=\"robots\" content=\"index, follow, max-snippet:-1, max-image-preview:large, max-video-preview:-1\" \/>\n<link rel=\"canonical\" href=\"https:\/\/www.suno.com.br\/noticias\/azul-azul4-suspende-voos-gss\/\" \/>\n<meta property=\"og:locale\" content=\"pt_BR\" \/>\n<meta property=\"og:type\" content=\"article\" \/>\n<meta property=\"og:title\" content=\"Azul (AZUL4) suspende voos para 12 cidades; entenda motivos\" \/>\n<meta property=\"og:description\" content=\"A Azul anunciou a suspens\u00e3o de voos para 12 cidades brasileiras. Clique para saber os motivos e as rotas afetadas pela decis\u00e3o.\" \/>\n<meta property=\"og:url\" content=\"https:\/\/www.suno.com.br\/noticias\/azul-azul4-suspende-voos-gss\/\" \/>\n<meta property=\"og:site_name\" content=\"Suno Not\u00edcias\" \/>\n<meta property=\"article:publisher\" content=\"https:\/\/facebook.com\/sunoresearch\" \/>\n<meta property=\"og:image\" content=\"https:\/\/files.sunoresearch.com.br\/n\/uploads\/2023\/05\/azul-aerea-cia.jpg\" \/>\n\t<meta property=\"og:image:width\" content=\"1200\" \/>\n\t<meta property=\"og:image:height\" content=\"800\" \/>\n\t<meta property=\"og:image:type\" content=\"image\/jpeg\" \/>\n<meta name=\"author\" content=\"Guilherme Serrano\" \/>\n<meta name=\"twitter:card\" content=\"summary_large_image\" \/>\n<meta name=\"twitter:creator\" content=\"@sunoresearch\" \/>\n<meta name=\"twitter:site\" content=\"@sunoresearch\" \/>\n<meta name=\"twitter:label1\" content=\"Escrito por\" \/>\n\t<meta name=\"twitter:data1\" content=\"Guilherme Serrano\" \/>\n\t<meta name=\"twitter:label2\" content=\"Est. tempo de leitura\" \/>\n\t<meta name=\"twitter:data2\" content=\"3 minutos\" \/>\n<script type=\"application\/ld+json\" class=\"yoast-schema-graph\">{\"@context\":\"https:\/\/schema.org\",\"@graph\":[{\"@type\":\"NewsArticle\",\"@id\":\"https:\/\/www.suno.com.br\/noticias\/azul-azul4-suspende-voos-gss\/#article\",\"isPartOf\":{\"@id\":\"https:\/\/www.suno.com.br\/noticias\/azul-azul4-suspende-voos-gss\/\"},\"author\":{\"name\":\"Guilherme Serrano\",\"@id\":\"https:\/\/www.suno.com.br\/noticias\/#\/schema\/person\/d0f07e64bce64aa671feadfb844f04ca\"},\"headline\":\"Azul (AZUL4) suspende voos para 12 cidades; entenda motivos\",\"datePublished\":\"2025-01-24T17:12:09+00:00\",\"dateModified\":\"2025-01-24T17:12:11+00:00\",\"mainEntityOfPage\":{\"@id\":\"https:\/\/www.suno.com.br\/noticias\/azul-azul4-suspende-voos-gss\/\"},\"wordCount\":414,\"publisher\":{\"@id\":\"https:\/\/www.suno.com.br\/noticias\/#organization\"},\"image\":{\"@id\":\"https:\/\/www.suno.com.br\/noticias\/azul-azul4-suspende-voos-gss\/#primaryimage\"},\"thumbnailUrl\":\"https:\/\/files.sunoresearch.com.br\/n\/uploads\/2023\/05\/azul-aerea-cia.jpg\",\"keywords\":[\"Azul (AZUL4)\"],\"articleSection\":[\"Neg\u00f3cios\"],\"inLanguage\":\"pt-BR\"},{\"@type\":\"WebPage\",\"@id\":\"https:\/\/www.suno.com.br\/noticias\/azul-azul4-suspende-voos-gss\/\",\"url\":\"https:\/\/www.suno.com.br\/noticias\/azul-azul4-suspende-voos-gss\/\",\"name\":\"Azul (AZUL4) suspende voos para 12 cidades; entenda motivos\",\"isPartOf\":{\"@id\":\"https:\/\/www.suno.com.br\/noticias\/#website\"},\"primaryImageOfPage\":{\"@id\":\"https:\/\/www.suno.com.br\/noticias\/azul-azul4-suspende-voos-gss\/#primaryimage\"},\"image\":{\"@id\":\"https:\/\/www.suno.com.br\/noticias\/azul-azul4-suspende-voos-gss\/#primaryimage\"},\"thumbnailUrl\":\"https:\/\/files.sunoresearch.com.br\/n\/uploads\/2023\/05\/azul-aerea-cia.jpg\",\"datePublished\":\"2025-01-24T17:12:09+00:00\",\"dateModified\":\"2025-01-24T17:12:11+00:00\",\"description\":\"A Azul anunciou a suspens\u00e3o de voos para 12 cidades brasileiras. Clique para saber os motivos e as rotas afetadas pela decis\u00e3o.\",\"breadcrumb\":{\"@id\":\"https:\/\/www.suno.com.br\/noticias\/azul-azul4-suspende-voos-gss\/#breadcrumb\"},\"inLanguage\":\"pt-BR\",\"potentialAction\":[{\"@type\":\"ReadAction\",\"target\":[\"https:\/\/www.suno.com.br\/noticias\/azul-azul4-suspende-voos-gss\/\"]}]},{\"@type\":\"ImageObject\",\"inLanguage\":\"pt-BR\",\"@id\":\"https:\/\/www.suno.com.br\/noticias\/azul-azul4-suspende-voos-gss\/#primaryimage\",\"url\":\"https:\/\/files.sunoresearch.com.br\/n\/uploads\/2023\/05\/azul-aerea-cia.jpg\",\"contentUrl\":\"https:\/\/files.sunoresearch.com.br\/n\/uploads\/2023\/05\/azul-aerea-cia.jpg\",\"width\":1200,\"height\":800,\"caption\":\"Azul (AZUL44). Foto: iStock\"},{\"@type\":\"BreadcrumbList\",\"@id\":\"https:\/\/www.suno.com.br\/noticias\/azul-azul4-suspende-voos-gss\/#breadcrumb\",\"itemListElement\":[{\"@type\":\"ListItem\",\"position\":1,\"name\":\"Not\u00edcias\",\"item\":\"https:\/\/www.suno.com.br\/noticias\/\"},{\"@type\":\"ListItem\",\"position\":2,\"name\":\"Neg\u00f3cios\",\"item\":\"https:\/\/www.suno.com.br\/noticias\/negocios\/\"},{\"@type\":\"ListItem\",\"position\":3,\"name\":\"Azul (AZUL4) suspende voos para 12 cidades; entenda motivos\"}]},{\"@type\":\"WebSite\",\"@id\":\"https:\/\/www.suno.com.br\/noticias\/#website\",\"url\":\"https:\/\/www.suno.com.br\/noticias\/\",\"name\":\"Suno Not\u00edcias\",\"description\":\"Seu portal de informa\u00e7\u00e3o sobre o mundo dos investimentos\",\"publisher\":{\"@id\":\"https:\/\/www.suno.com.br\/noticias\/#organization\"},\"potentialAction\":[{\"@type\":\"SearchAction\",\"target\":{\"@type\":\"EntryPoint\",\"urlTemplate\":\"https:\/\/www.suno.com.br\/noticias\/?s={search_term_string}\"},\"query-input\":{\"@type\":\"PropertyValueSpecification\",\"valueRequired\":true,\"valueName\":\"search_term_string\"}}],\"inLanguage\":\"pt-BR\"},{\"@type\":\"Organization\",\"@id\":\"https:\/\/www.suno.com.br\/noticias\/#organization\",\"name\":\"Suno Not\u00edcias\",\"url\":\"https:\/\/www.suno.com.br\/noticias\/\",\"logo\":{\"@type\":\"ImageObject\",\"inLanguage\":\"pt-BR\",\"@id\":\"https:\/\/www.suno.com.br\/noticias\/#\/schema\/logo\/image\/\",\"url\":\"https:\/\/files.sunoresearch.com.br\/n\/uploads\/2021\/09\/suno-logo.png\",\"contentUrl\":\"https:\/\/files.sunoresearch.com.br\/n\/uploads\/2021\/09\/suno-logo.png\",\"width\":180,\"height\":180,\"caption\":\"Suno Not\u00edcias\"},\"image\":{\"@id\":\"https:\/\/www.suno.com.br\/noticias\/#\/schema\/logo\/image\/\"},\"sameAs\":[\"https:\/\/facebook.com\/sunoresearch\",\"https:\/\/x.com\/sunoresearch\",\"https:\/\/www.instagram.com\/suno\",\"https:\/\/www.linkedin.com\/company\/suno-research\/\",\"https:\/\/www.youtube.com\/c\/sunoresearch\"]},{\"@type\":\"Person\",\"@id\":\"https:\/\/www.suno.com.br\/noticias\/#\/schema\/person\/d0f07e64bce64aa671feadfb844f04ca\",\"name\":\"Guilherme Serrano\",\"image\":{\"@type\":\"ImageObject\",\"inLanguage\":\"pt-BR\",\"@id\":\"https:\/\/www.suno.com.br\/noticias\/#\/schema\/person\/image\/\",\"url\":\"https:\/\/secure.gravatar.com\/avatar\/a90be19d8c67bef61497e4522de30ac4?s=96&r=g\",\"contentUrl\":\"https:\/\/secure.gravatar.com\/avatar\/a90be19d8c67bef61497e4522de30ac4?s=96&r=g\",\"caption\":\"Guilherme Serrano\"},\"description\":\"Jornalista formado pela Faculdade C\u00e1sper L\u00edbero e p\u00f3s-graduado em Can\u00e7\u00e3o Popular pela Faculdade Santa Marcelina. Passagens por R\u00e1dio Gazeta AM, gazetaesportiva.com e TC R\u00e1dio.\",\"url\":\"https:\/\/www.suno.com.br\/noticias\/author\/guilherme-silvasuno-com-br\/\"}]}<\/script>\n<!-- \/ Yoast SEO plugin. -->","yoast_head_json":{"title":"Azul (AZUL4) suspende voos para 12 cidades; entenda motivos","description":"A Azul anunciou a suspens\u00e3o de voos para 12 cidades brasileiras. Clique para saber os motivos e as rotas afetadas pela decis\u00e3o.","robots":{"index":"index","follow":"follow","max-snippet":"max-snippet:-1","max-image-preview":"max-image-preview:large","max-video-preview":"max-video-preview:-1"},"canonical":"https:\/\/www.suno.com.br\/noticias\/azul-azul4-suspende-voos-gss\/","og_locale":"pt_BR","og_type":"article","og_title":"Azul (AZUL4) suspende voos para 12 cidades; entenda motivos","og_description":"A Azul anunciou a suspens\u00e3o de voos para 12 cidades brasileiras. Clique para saber os motivos e as rotas afetadas pela decis\u00e3o.","og_url":"https:\/\/www.suno.com.br\/noticias\/azul-azul4-suspende-voos-gss\/","og_site_name":"Suno Not\u00edcias","article_publisher":"https:\/\/facebook.com\/sunoresearch","og_image":[{"width":1200,"height":800,"url":"https:\/\/files.sunoresearch.com.br\/n\/uploads\/2023\/05\/azul-aerea-cia.jpg","type":"image\/jpeg"}],"author":"Guilherme Serrano","twitter_card":"summary_large_image","twitter_creator":"@sunoresearch","twitter_site":"@sunoresearch","twitter_misc":{"Escrito por":"Guilherme Serrano","Est. tempo de leitura":"3 minutos"},"schema":{"@context":"https:\/\/schema.org","@graph":[{"@type":"NewsArticle","@id":"https:\/\/www.suno.com.br\/noticias\/azul-azul4-suspende-voos-gss\/#article","isPartOf":{"@id":"https:\/\/www.suno.com.br\/noticias\/azul-azul4-suspende-voos-gss\/"},"author":{"name":"Guilherme Serrano","@id":"https:\/\/www.suno.com.br\/noticias\/#\/schema\/person\/d0f07e64bce64aa671feadfb844f04ca"},"headline":"Azul (AZUL4) suspende voos para 12 cidades; entenda motivos","datePublished":"2025-01-24T17:12:09+00:00","dateModified":"2025-01-24T17:12:11+00:00","mainEntityOfPage":{"@id":"https:\/\/www.suno.com.br\/noticias\/azul-azul4-suspende-voos-gss\/"},"wordCount":414,"publisher":{"@id":"https:\/\/www.suno.com.br\/noticias\/#organization"},"image":{"@id":"https:\/\/www.suno.com.br\/noticias\/azul-azul4-suspende-voos-gss\/#primaryimage"},"thumbnailUrl":"https:\/\/files.sunoresearch.com.br\/n\/uploads\/2023\/05\/azul-aerea-cia.jpg","keywords":["Azul (AZUL4)"],"articleSection":["Neg\u00f3cios"],"inLanguage":"pt-BR"},{"@type":"WebPage","@id":"https:\/\/www.suno.com.br\/noticias\/azul-azul4-suspende-voos-gss\/","url":"https:\/\/www.suno.com.br\/noticias\/azul-azul4-suspende-voos-gss\/","name":"Azul (AZUL4) suspende voos para 12 cidades; entenda motivos","isPartOf":{"@id":"https:\/\/www.suno.com.br\/noticias\/#website"},"primaryImageOfPage":{"@id":"https:\/\/www.suno.com.br\/noticias\/azul-azul4-suspende-voos-gss\/#primaryimage"},"image":{"@id":"https:\/\/www.suno.com.br\/noticias\/azul-azul4-suspende-voos-gss\/#primaryimage"},"thumbnailUrl":"https:\/\/files.sunoresearch.com.br\/n\/uploads\/2023\/05\/azul-aerea-cia.jpg","datePublished":"2025-01-24T17:12:09+00:00","dateModified":"2025-01-24T17:12:11+00:00","description":"A Azul anunciou a suspens\u00e3o de voos para 12 cidades brasileiras. Clique para saber os motivos e as rotas afetadas pela decis\u00e3o.","breadcrumb":{"@id":"https:\/\/www.suno.com.br\/noticias\/azul-azul4-suspende-voos-gss\/#breadcrumb"},"inLanguage":"pt-BR","potentialAction":[{"@type":"ReadAction","target":["https:\/\/www.suno.com.br\/noticias\/azul-azul4-suspende-voos-gss\/"]}]},{"@type":"ImageObject","inLanguage":"pt-BR","@id":"https:\/\/www.suno.com.br\/noticias\/azul-azul4-suspende-voos-gss\/#primaryimage","url":"https:\/\/files.sunoresearch.com.br\/n\/uploads\/2023\/05\/azul-aerea-cia.jpg","contentUrl":"https:\/\/files.sunoresearch.com.br\/n\/uploads\/2023\/05\/azul-aerea-cia.jpg","width":1200,"height":800,"caption":"Azul (AZUL44). Foto: iStock"},{"@type":"BreadcrumbList","@id":"https:\/\/www.suno.com.br\/noticias\/azul-azul4-suspende-voos-gss\/#breadcrumb","itemListElement":[{"@type":"ListItem","position":1,"name":"Not\u00edcias","item":"https:\/\/www.suno.com.br\/noticias\/"},{"@type":"ListItem","position":2,"name":"Neg\u00f3cios","item":"https:\/\/www.suno.com.br\/noticias\/negocios\/"},{"@type":"ListItem","position":3,"name":"Azul (AZUL4) suspende voos para 12 cidades; entenda motivos"}]},{"@type":"WebSite","@id":"https:\/\/www.suno.com.br\/noticias\/#website","url":"https:\/\/www.suno.com.br\/noticias\/","name":"Suno Not\u00edcias","description":"Seu portal de informa\u00e7\u00e3o sobre o mundo dos investimentos","publisher":{"@id":"https:\/\/www.suno.com.br\/noticias\/#organization"},"potentialAction":[{"@type":"SearchAction","target":{"@type":"EntryPoint","urlTemplate":"https:\/\/www.suno.com.br\/noticias\/?s={search_term_string}"},"query-input":{"@type":"PropertyValueSpecification","valueRequired":true,"valueName":"search_term_string"}}],"inLanguage":"pt-BR"},{"@type":"Organization","@id":"https:\/\/www.suno.com.br\/noticias\/#organization","name":"Suno Not\u00edcias","url":"https:\/\/www.suno.com.br\/noticias\/","logo":{"@type":"ImageObject","inLanguage":"pt-BR","@id":"https:\/\/www.suno.com.br\/noticias\/#\/schema\/logo\/image\/","url":"https:\/\/files.sunoresearch.com.br\/n\/uploads\/2021\/09\/suno-logo.png","contentUrl":"https:\/\/files.sunoresearch.com.br\/n\/uploads\/2021\/09\/suno-logo.png","width":180,"height":180,"caption":"Suno Not\u00edcias"},"image":{"@id":"https:\/\/www.suno.com.br\/noticias\/#\/schema\/logo\/image\/"},"sameAs":["https:\/\/facebook.com\/sunoresearch","https:\/\/x.com\/sunoresearch","https:\/\/www.instagram.com\/suno","https:\/\/www.linkedin.com\/company\/suno-research\/","https:\/\/www.youtube.com\/c\/sunoresearch"]},{"@type":"Person","@id":"https:\/\/www.suno.com.br\/noticias\/#\/schema\/person\/d0f07e64bce64aa671feadfb844f04ca","name":"Guilherme Serrano","image":{"@type":"ImageObject","inLanguage":"pt-BR","@id":"https:\/\/www.suno.com.br\/noticias\/#\/schema\/person\/image\/","url":"https:\/\/secure.gravatar.com\/avatar\/a90be19d8c67bef61497e4522de30ac4?s=96&r=g","contentUrl":"https:\/\/secure.gravatar.com\/avatar\/a90be19d8c67bef61497e4522de30ac4?s=96&r=g","caption":"Guilherme Serrano"},"description":"Jornalista formado pela Faculdade C\u00e1sper L\u00edbero e p\u00f3s-graduado em Can\u00e7\u00e3o Popular pela Faculdade Santa Marcelina. Passagens por R\u00e1dio Gazeta AM, gazetaesportiva.com e TC R\u00e1dio.","url":"https:\/\/www.suno.com.br\/noticias\/author\/guilherme-silvasuno-com-br\/"}]}},"default_loop_html":"<div class=\"cardsPage__listCard__boxs\"><div class=\"cardsPage__listCard__boxs__img\"><a href=\"https:\/\/www.suno.com.br\/noticias\/azul-azul4-suspende-voos-gss\/\"><img class=\"mask\" src=\"https:\/\/www.suno.com.br\/noticias\/wp-content\/themes\/suno\/resources\/images\/spotlight\/spotlight1img\/bg-mask.png\" alt=\"Image Mask\"\/><img src=\"https:\/\/files.sunoresearch.com.br\/n\/uploads\/2023\/05\/azul-aerea-cia-400x200.jpg\" alt=\"Azul (AZUL4) suspende voos para 12 cidades; entenda motivos\"\/><\/a><span class=\"spotlightCategory\"><a href=\"https:\/\/www.suno.com.br\/noticias\/negocios\/\">Neg\u00f3cios<\/a><\/span><\/div><div class=\"cardsPage__listCard__boxs__content\"><a href=\"https:\/\/www.suno.com.br\/noticias\/azul-azul4-suspende-voos-gss\/\"><h2 class=\"content__title\">Azul (AZUL4) suspende voos para 12 cidades; entenda motivos<\/h2><\/a><div class=\"newsContent__article__meta\"><div class=\"newsContent__article__meta__authorBox\"><a href=\"https:\/\/www.suno.com.br\/noticias\/author\/guilherme-silvasuno-com-br\/\" class=\"authorBox__avatar noMobi\"><img src=\"https:\/\/secure.gravatar.com\/avatar\/a90be19d8c67bef61497e4522de30ac4?s=96&#038;r=g\" alt=\"Guilherme Serrano\"><\/a><div class=\"authorBox__name\"><span>por\n\t\t\t<a href=\"https:\/\/www.suno.com.br\/noticias\/author\/guilherme-silvasuno-com-br\/\"><span itemprop=\"author\">Guilherme Serrano<\/span><\/a><\/span><time datetime=\"2025-01-24T14:12:09-03:00\" itemprop=\"datePublished\">24\/01\/2025 14:12<\/time><\/div><\/div><\/div><\/div><\/div>","single_layout":"posts","amp_enabled":true,"_links":{"self":[{"href":"https:\/\/www.suno.com.br\/noticias\/wp-json\/wp\/v2\/posts\/591997"}],"collection":[{"href":"https:\/\/www.suno.com.br\/noticias\/wp-json\/wp\/v2\/posts"}],"about":[{"href":"https:\/\/www.suno.com.br\/noticias\/wp-json\/wp\/v2\/types\/post"}],"author":[{"embeddable":true,"href":"https:\/\/www.suno.com.br\/noticias\/wp-json\/wp\/v2\/users\/376"}],"replies":[{"embeddable":true,"href":"https:\/\/www.suno.com.br\/noticias\/wp-json\/wp\/v2\/comments?post=591997"}],"version-history":[{"count":2,"href":"https:\/\/www.suno.com.br\/noticias\/wp-json\/wp\/v2\/posts\/591997\/revisions"}],"predecessor-version":[{"id":592000,"href":"https:\/\/www.suno.com.br\/noticias\/wp-json\/wp\/v2\/posts\/591997\/revisions\/592000"}],"wp:featuredmedia":[{"embeddable":true,"href":"https:\/\/www.suno.com.br\/noticias\/wp-json\/wp\/v2\/media\/406422"}],"wp:attachment":[{"href":"https:\/\/www.suno.com.br\/noticias\/wp-json\/wp\/v2\/media?parent=591997"}],"wp:term":[{"taxonomy":"category","embeddable":true,"href":"https:\/\/www.suno.com.br\/noticias\/wp-json\/wp\/v2\/categories?post=591997"},{"taxonomy":"post_tag","embeddable":true,"href":"https:\/\/www.suno.com.br\/noticias\/wp-json\/wp\/v2\/tags?post=591997"},{"taxonomy":"suno_strategy","embeddable":true,"href":"https:\/\/www.suno.com.br\/noticias\/wp-json\/wp\/v2\/suno_strategy?post=591997"}],"curies":[{"name":"wp","href":"https:\/\/api.w.org\/{rel}","templated":true}]}}