{"id":591454,"date":"2025-01-21T09:30:00","date_gmt":"2025-01-21T12:30:00","guid":{"rendered":"https:\/\/www.suno.com.br\/noticias\/?p=591454"},"modified":"2025-01-21T09:30:00","modified_gmt":"2025-01-21T12:30:00","slug":"bolsas-mundiais-21012025-ec-gss","status":"publish","type":"post","link":"https:\/\/www.suno.com.br\/noticias\/bolsas-mundiais-21012025-ec-gss\/","title":{"rendered":"Bolsas mundiais: \u00c1sia fecha sem dire\u00e7\u00e3o e Europa opera mista"},"content":{"rendered":"<p>Entre as <strong>bolsas mundiais<\/strong> hoje (21), as da \u00c1sia fecharam sem dire\u00e7\u00e3o \u00fanica, em sess\u00e3o marcada por volatilidade, conforme investidores ponderam sobre o in\u00edcio da gest\u00e3o de <a class=\"suno-keyword\" data-force=\"no\" data-priority=\"2\" href=\"https:\/\/www.suno.com.br\/tudo-sobre\/donald-trump\/\" target=\"_blank\" rel=\"noopener\">Donald Trump<\/a> como presidente dos EUA. Trump reiterou promessas de ampliar tarifas comerciais em escala global, mas n\u00e3o come\u00e7ou seu primeiro dia de mandato j\u00e1 impondo novas restri\u00e7\u00f5es sobre a China, o que era temido pelos mercados.<\/p>\t<div class=\"wrapper-featured-image\">\n\t\t<figure class=\"spotlightImg\">\n\n\t\t\t<picture>\n\t\t\t\t<source media=\"(max-width: 768px)\" srcset=\"https:\/\/files.sunoresearch.com.br\/n\/uploads\/2024\/02\/iStock-1024776016-400x200.jpg\">\n\t\t\t\t<img loading=\"lazy\" decoding=\"async\" class=\"newsContent__article__imgCapa lazyloadDisabled \" src=\"https:\/\/files.sunoresearch.com.br\/n\/uploads\/2024\/02\/iStock-1024776016-800x450.jpg\" width=\"800\" height=\"450\" alt=\"Bolsas mundiais: \u00c1sia fecha sem dire\u00e7\u00e3o e Europa opera mista\" fetchpriority=high \/>\n\t\t\t<\/picture>\n\n\t\t\t<figcaption class=\"wp-caption-text wp-caption-text--show\">bolsa de valores. Foto: iStock.<\/figcaption>\n\t\t<\/figure>\n\t<\/div>\n\n\n\n\n\n\n\n\t<p>\n\t\t<a href=\"https:\/\/lp.suno.com.br\/planilha-da-vida-financeira\/\" target=\"_blank\" data-element=\"shortcode-suno-banner\" title=\"Banner SUNO, clique e saiba mais\">\n\t\t\t<picture>\n\t\t\t\t<source media=\"(max-width: 500px)\" srcset=\"https:\/\/files.sunoresearch.com.br\/n\/uploads\/2023\/04\/400x300-Planilha-vida-financeira-true.png\">\n\t\t\t\t<img class=\"newsContent__article__imgCapa newsContent__article__imgCapa--banner\"\n\t\t\t\t\tsrc=\"https:\/\/files.sunoresearch.com.br\/n\/uploads\/2023\/04\/1420x240-Planilha-vida-financeira-true.png\"\n\t\t\t\t\tdata-promo-id=\"106682\"\t\t\t\t\t\t\t\t\t\twidth='1420' height='240'\t\t\t\t\talt=\"https:\/\/files.sunoresearch.com.br\/n\/uploads\/2023\/04\/1420x240-Planilha-vida-financeira-true.png\"\n\t\t\t\t>\n\t\t\t<\/picture>\n\t\t<\/a>\n\t<\/p>\n\n\n\n\n\n<p>Na China continental, o <strong>Xangai Composto<\/strong> encerrou em queda de 0,05%, a 3.242,62 pontos, enquanto o menos abrangente Shenzhen Composto subiu 0,25% a 1.939,70 pontos.<\/p>\n\n\n\n<p>Em Hong Kong, o <strong>Hang Seng<\/strong> teve alta de 0,91%, a 20.106,55 pontos. Entre a\u00e7\u00f5es de destaque, a incorporadora Country Garden saltou 17,5%, em seu primeiro dia de retorno \u00e0s negocia\u00e7\u00f5es, ap\u00f3s anunciar que est\u00e1 pr\u00f3xima de acordo com credores. Segundo a Pepperstone, a\u00e7\u00f5es de Hong Kong devem ter uma consolida\u00e7\u00e3o no <a class=\"suno-keyword\" target=\"_blank\" data-force=\"no\" data-priority=\"1\" href=\"https:\/\/www.suno.com.br\/artigos\/curto-prazo\/\" rel=\"noopener\">curto prazo<\/a> diante da cautela com os detalhes pendentes sobre as tarifas de Trump nos EUA e incerteza quanto a recupera\u00e7\u00e3o econ\u00f4mica da China.<\/p>\n\n\n\n<p>O cientista pol\u00edtico e CEO da Eurasia, Ian Bremmer, disse que v\u00ea o mundo caminhando para uma <a class=\"suno-keyword\" target=\"_blank\" data-force=\"no\" data-priority=\"1\" href=\"https:\/\/www.suno.com.br\/artigos\/guerra-comercial\/\" rel=\"noopener\">guerra comercial<\/a> e maior desconex\u00e3o entre economias com o retorno de Trump \u00e0 Casa Branca, tendo em vista que, al\u00e9m da China, o republicano olha para diversos pa\u00edses na quest\u00e3o das tarifas &#8211; incluindo outros pa\u00edses da \u00c1sia, como \u00cdndia e Vietn\u00e3.<\/p>\n\n\n\n<p>Em T\u00f3quio, investidores se posicionam ainda para a aguardada decis\u00e3o do Banco do Jap\u00e3o (BoJ, em ingl\u00eas). O \u00edndice <strong>Nikkei<\/strong> fechou em alta de 0,32%, a 39.027,98 pontos, \u00e0 medida que o iene fraco melhora perspectivas para o aumento nos lucros corporativos japoneses. Vice-ministro das Finan\u00e7as para Assuntos Internacionais do Jap\u00e3o e principal autoridade cambial do pa\u00eds, Atsushi Mimura reiterou promessa de monitorar o c\u00e2mbio todos os dias e que a volatilidade do iene n\u00e3o \u00e9 desejada.<\/p>\n\n\n\n<p>Em outras partes da \u00c1sia, o \u00edndice <strong>Taiex<\/strong> subiu 0,14%, a 23.300,01 pontos, em Taiwan. Na Coreia do Sul, o \u00edndice <strong>Kospi<\/strong> caiu 0,08%, a 2.518,03 pontos, em Seul.<\/p>\n\n\n\n<p>Na Oceania, o \u00edndice <strong>S&amp;P\/ASX 200<\/strong> teve alta de 0,66% em Sydney, a 8.402,40 pontos.<\/p>\n\n\n\t<p>\n\t\t<a href=\"https:\/\/lp.suno.com.br\/ebook-como-analisar-uma-acao\/\" target=\"_blank\" data-element=\"shortcode-suno-banner\" title=\"Banner SUNO, clique e saiba mais\">\n\t\t\t<picture>\n\t\t\t\t<source media=\"(max-width: 500px)\" srcset=\"https:\/\/files.sunoresearch.com.br\/n\/uploads\/2023\/03\/Ebook-Acoes-Mobile.jpg\">\n\t\t\t\t<img class=\"newsContent__article__imgCapa newsContent__article__imgCapa--banner\"\n\t\t\t\t\tsrc=\"https:\/\/files.sunoresearch.com.br\/n\/uploads\/2023\/03\/Ebook-Acoes-Desktop.jpg\"\n\t\t\t\t\tdata-promo-id=\"378302\"\t\t\t\t\t\t\t\t\t\twidth='1420' height='286'\t\t\t\t\talt=\"https:\/\/files.sunoresearch.com.br\/n\/uploads\/2023\/03\/Ebook-Acoes-Desktop.jpg\"\n\t\t\t\t>\n\t\t\t<\/picture>\n\t\t<\/a>\n\t<\/p>\n\n\n\n\n\n<h2 class=\"wp-block-heading\">Europa opera mista<\/h2>\n\n\n\n<p>As bolsas da Europa operam sem sinal \u00fanico, oscilando pr\u00f3ximas \u00e0 estabilidade. Investidores europeus ponderam dados locais e perspectivas para as pol\u00edticas econ\u00f4micas de Donald Trump nos EUA. Apesar de abordagem mais branda que a esperada, o republicano j\u00e1 anunciou tarifas contra Canad\u00e1 e M\u00e9xico em seu primeiro dia de mandato e assinou ordens executivas para priorizar a explora\u00e7\u00e3o de combust\u00edveis f\u00f3sseis nos EUA.<\/p>\n\n\n\n<p>Por volta das 7h15 (de Bras\u00edlia), o \u00edndice pan-europeu Stoxx 600 tinha alta de 0,20%, a 524,90 pontos.<\/p>\n\n\n\n<p>A\u00e7\u00f5es europeias de montadoras de ve\u00edculos, de energia e\u00f3lica e ligadas \u00e0 commodities foram os principais grupos abalados pelo in\u00edcio da gest\u00e3o de Trump e sua s\u00e9rie de ordens executivas. \u00c0s 07h25 (de Bras\u00edlia), o \u00edndice Ibex 35 ca\u00eda 0,36% em Madri. Em Lisboa, o PSI 20 cedia 0,62%. Em Paris, o <a class=\"suno-keyword\" target=\"_blank\" data-force=\"no\" data-priority=\"1\" href=\"https:\/\/www.suno.com.br\/artigos\/cac-40\/\" rel=\"noopener\">CAC 40<\/a> subia 0,23%<\/p>\n\n\n\n<p>Os pap\u00e9is da dinamarquesa Orsted tombavam 15% em Copenhagen, ap\u00f3s a empresa revelar perdas de 12,1 bilh\u00f5es de coroas dinamarquesas (cerca de US$ 1,7 bilh\u00f5es) ligadas aos seus projetos de turbinas e\u00f3licas nos EUA. Ontem, Trump anunciou interrup\u00e7\u00e3o de arrendamento de energia e\u00f3lica federal e permiss\u00f5es para novas iniciativas de explora\u00e7\u00e3o.<\/p>\n\n\n\n<p>J\u00e1 as montadoras Stellantis (-1,07%) e Volkswagen (-0,31%) tinham queda, ante temores sobre redu\u00e7\u00e3o na competitividade com os EUA diante das novas tarifas, colocando em segundo plano o crescimento nos registros de novos carros na Uni\u00e3o Europeia em 2024. Em Mil\u00e3o, o <a class=\"suno-keyword\" target=\"_blank\" data-force=\"no\" data-priority=\"1\" href=\"https:\/\/www.suno.com.br\/artigos\/ftse-mib\/\" rel=\"noopener\">FTSE MIB<\/a> ca\u00eda 0,20. Em Frankfurt, o DAX tinha queda marginal de 0,04%, praticamente est\u00e1vel, apesar da piora significativa nas expectativas econ\u00f4micas da Alemanha em janeiro.<\/p>\n\n\n\n<p>Assim, o mercado europeu operava vol\u00e1til e com dificuldade de firmar dire\u00e7\u00e3o, monitorando tamb\u00e9m nova rodada de balan\u00e7os nos EUA e o <a class=\"suno-keyword\" target=\"_blank\" data-force=\"no\" data-priority=\"1\" href=\"https:\/\/www.suno.com.br\/artigos\/forum-economico-mundial\/\" rel=\"noopener\">F\u00f3rum Econ\u00f4mico Mundial<\/a> em Davos.<\/p>\n\n\n\n<p>Em Londres, o <a class=\"suno-keyword\" target=\"_blank\" data-force=\"no\" data-priority=\"1\" href=\"https:\/\/www.suno.com.br\/artigos\/ftse-100\/\" rel=\"noopener\">FTSE 100<\/a> avan\u00e7ava 0,11%, limitado pelas a\u00e7\u00f5es da Glencore (-0,88%), Anglo American (-1,55%) e Antofagasta (-0,96%), em meio a forte baixa de commodities met\u00e1licas. A leve alta no mercado brit\u00e2nico reflete o avan\u00e7o na taxa de desemprego do Reino Unido a 4,4% no trimestre at\u00e9 novembro, o que voltou a alimentar expectativas por cortes de juros do Banco da Inglaterra (BoE, em ingl\u00eas), colocando em segundo plano nova acelera\u00e7\u00e3o dos sal\u00e1rios.<\/p>\n\n\n\n<p><em>Com informa\u00e7\u00f5es da Dow Jones Newswires e Estad\u00e3o Conte\u00fado<\/em><\/p>\n\n\n\t<p>\n\t\t<a href=\"https:\/\/lp.suno.com.br\/planilha-da-vida-financeira\/\" target=\"_blank\" data-element=\"shortcode-suno-banner\" title=\"Banner SUNO, clique e saiba mais\">\n\t\t\t<picture>\n\t\t\t\t<source media=\"(max-width: 500px)\" srcset=\"https:\/\/files.sunoresearch.com.br\/n\/uploads\/2023\/04\/400x300-Planilha-vida-financeira-true.png\">\n\t\t\t\t<img class=\"newsContent__article__imgCapa newsContent__article__imgCapa--banner\"\n\t\t\t\t\tsrc=\"https:\/\/files.sunoresearch.com.br\/n\/uploads\/2023\/04\/1420x240-Planilha-vida-financeira-true.png\"\n\t\t\t\t\tdata-promo-id=\"383123\"\t\t\t\t\t\t\t\t\t\twidth='1420' height='240'\t\t\t\t\talt=\"https:\/\/files.sunoresearch.com.br\/n\/uploads\/2023\/04\/1420x240-Planilha-vida-financeira-true.png\"\n\t\t\t\t>\n\t\t\t<\/picture>\n\t\t<\/a>\n\t<\/p>\n\n\n","protected":false},"excerpt":{"rendered":"<p>Entre as bolsas mundiais hoje (21), as da \u00c1sia fecharam sem dire\u00e7\u00e3o \u00fanica, em sess\u00e3o marcada por volatilidade, conforme investidores ponderam sobre o in\u00edcio da gest\u00e3o de Donald Trump como presidente dos EUA. Trump reiterou promessas de ampliar tarifas comerciais em escala global, mas n\u00e3o come\u00e7ou seu primeiro dia de mandato j\u00e1 impondo novas restri\u00e7\u00f5es [&hellip;]<\/p>\n","protected":false},"author":43,"featured_media":526970,"comment_status":"closed","ping_status":"closed","sticky":false,"template":"","format":"standard","meta":[],"categories":[64],"tags":[],"suno_strategy":[],"class_list":["post-591454","post","type-post","status-publish","format-standard","has-post-thumbnail","hentry","category-negocios"],"yoast_head":"<!-- This site is optimized with the Yoast SEO plugin v24.4 - https:\/\/yoast.com\/wordpress\/plugins\/seo\/ -->\n<title>Bolsas mundiais: \u00c1sia fecha sem dire\u00e7\u00e3o e Europa opera mista<\/title>\n<meta name=\"robots\" content=\"index, follow, max-snippet:-1, max-image-preview:large, max-video-preview:-1\" \/>\n<link rel=\"canonical\" href=\"https:\/\/www.suno.com.br\/noticias\/bolsas-mundiais-21012025-ec-gss\/\" \/>\n<meta property=\"og:locale\" content=\"pt_BR\" \/>\n<meta property=\"og:type\" content=\"article\" \/>\n<meta property=\"og:title\" content=\"Bolsas mundiais: \u00c1sia fecha sem dire\u00e7\u00e3o e Europa opera mista\" \/>\n<meta property=\"og:description\" content=\"Entre as bolsas mundiais hoje (21), as da \u00c1sia fecharam sem dire\u00e7\u00e3o \u00fanica, em sess\u00e3o marcada por volatilidade, conforme investidores ponderam sobre o in\u00edcio da gest\u00e3o de Donald Trump como presidente dos EUA. Trump reiterou promessas de ampliar tarifas comerciais em escala global, mas n\u00e3o come\u00e7ou seu primeiro dia de mandato j\u00e1 impondo novas restri\u00e7\u00f5es [&hellip;]\" \/>\n<meta property=\"og:url\" content=\"https:\/\/www.suno.com.br\/noticias\/bolsas-mundiais-21012025-ec-gss\/\" \/>\n<meta property=\"og:site_name\" content=\"Suno Not\u00edcias\" \/>\n<meta property=\"article:publisher\" content=\"https:\/\/facebook.com\/sunoresearch\" \/>\n<meta property=\"article:author\" content=\"https:\/\/www.facebook.com\/sunonoticias\/\" \/>\n<meta property=\"og:image\" content=\"https:\/\/files.sunoresearch.com.br\/n\/uploads\/2022\/06\/Modelo2.jpg\" \/>\n\t<meta property=\"og:image:width\" content=\"1200\" \/>\n\t<meta property=\"og:image:height\" content=\"627\" \/>\n\t<meta property=\"og:image:type\" content=\"image\/jpeg\" \/>\n<meta name=\"author\" content=\"Reda\u00e7\u00e3o Suno Not\u00edcias\" \/>\n<meta name=\"twitter:card\" content=\"summary_large_image\" \/>\n<meta name=\"twitter:creator\" content=\"@https:\/\/twitter.com\/sunoresearch\" \/>\n<meta name=\"twitter:site\" content=\"@sunoresearch\" \/>\n<meta name=\"twitter:label1\" content=\"Escrito por\" \/>\n\t<meta name=\"twitter:data1\" content=\"Reda\u00e7\u00e3o Suno Not\u00edcias\" \/>\n\t<meta name=\"twitter:label2\" content=\"Est. tempo de leitura\" \/>\n\t<meta name=\"twitter:data2\" content=\"4 minutos\" \/>\n<script type=\"application\/ld+json\" class=\"yoast-schema-graph\">{\"@context\":\"https:\/\/schema.org\",\"@graph\":[{\"@type\":\"NewsArticle\",\"@id\":\"https:\/\/www.suno.com.br\/noticias\/bolsas-mundiais-21012025-ec-gss\/#article\",\"isPartOf\":{\"@id\":\"https:\/\/www.suno.com.br\/noticias\/bolsas-mundiais-21012025-ec-gss\/\"},\"author\":{\"name\":\"Reda\u00e7\u00e3o Suno Not\u00edcias\",\"@id\":\"https:\/\/www.suno.com.br\/noticias\/#\/schema\/person\/c1b1bd3727fa852bd045e9dbff3673ea\"},\"headline\":\"Bolsas mundiais: \u00c1sia fecha sem dire\u00e7\u00e3o e Europa opera mista\",\"datePublished\":\"2025-01-21T12:30:00+00:00\",\"mainEntityOfPage\":{\"@id\":\"https:\/\/www.suno.com.br\/noticias\/bolsas-mundiais-21012025-ec-gss\/\"},\"wordCount\":776,\"publisher\":{\"@id\":\"https:\/\/www.suno.com.br\/noticias\/#organization\"},\"image\":{\"@id\":\"https:\/\/www.suno.com.br\/noticias\/bolsas-mundiais-21012025-ec-gss\/#primaryimage\"},\"thumbnailUrl\":\"https:\/\/files.sunoresearch.com.br\/n\/uploads\/2024\/02\/iStock-1024776016.jpg\",\"articleSection\":[\"Neg\u00f3cios\"],\"inLanguage\":\"pt-BR\"},{\"@type\":\"WebPage\",\"@id\":\"https:\/\/www.suno.com.br\/noticias\/bolsas-mundiais-21012025-ec-gss\/\",\"url\":\"https:\/\/www.suno.com.br\/noticias\/bolsas-mundiais-21012025-ec-gss\/\",\"name\":\"Bolsas mundiais: \u00c1sia fecha sem dire\u00e7\u00e3o e Europa opera mista\",\"isPartOf\":{\"@id\":\"https:\/\/www.suno.com.br\/noticias\/#website\"},\"primaryImageOfPage\":{\"@id\":\"https:\/\/www.suno.com.br\/noticias\/bolsas-mundiais-21012025-ec-gss\/#primaryimage\"},\"image\":{\"@id\":\"https:\/\/www.suno.com.br\/noticias\/bolsas-mundiais-21012025-ec-gss\/#primaryimage\"},\"thumbnailUrl\":\"https:\/\/files.sunoresearch.com.br\/n\/uploads\/2024\/02\/iStock-1024776016.jpg\",\"datePublished\":\"2025-01-21T12:30:00+00:00\",\"breadcrumb\":{\"@id\":\"https:\/\/www.suno.com.br\/noticias\/bolsas-mundiais-21012025-ec-gss\/#breadcrumb\"},\"inLanguage\":\"pt-BR\",\"potentialAction\":[{\"@type\":\"ReadAction\",\"target\":[\"https:\/\/www.suno.com.br\/noticias\/bolsas-mundiais-21012025-ec-gss\/\"]}]},{\"@type\":\"ImageObject\",\"inLanguage\":\"pt-BR\",\"@id\":\"https:\/\/www.suno.com.br\/noticias\/bolsas-mundiais-21012025-ec-gss\/#primaryimage\",\"url\":\"https:\/\/files.sunoresearch.com.br\/n\/uploads\/2024\/02\/iStock-1024776016.jpg\",\"contentUrl\":\"https:\/\/files.sunoresearch.com.br\/n\/uploads\/2024\/02\/iStock-1024776016.jpg\",\"width\":1254,\"height\":836,\"caption\":\"bolsa de valores. Foto: iStock.\"},{\"@type\":\"BreadcrumbList\",\"@id\":\"https:\/\/www.suno.com.br\/noticias\/bolsas-mundiais-21012025-ec-gss\/#breadcrumb\",\"itemListElement\":[{\"@type\":\"ListItem\",\"position\":1,\"name\":\"Not\u00edcias\",\"item\":\"https:\/\/www.suno.com.br\/noticias\/\"},{\"@type\":\"ListItem\",\"position\":2,\"name\":\"Neg\u00f3cios\",\"item\":\"https:\/\/www.suno.com.br\/noticias\/negocios\/\"},{\"@type\":\"ListItem\",\"position\":3,\"name\":\"Bolsas mundiais: \u00c1sia fecha sem dire\u00e7\u00e3o e Europa opera mista\"}]},{\"@type\":\"WebSite\",\"@id\":\"https:\/\/www.suno.com.br\/noticias\/#website\",\"url\":\"https:\/\/www.suno.com.br\/noticias\/\",\"name\":\"Suno Not\u00edcias\",\"description\":\"Seu portal de informa\u00e7\u00e3o sobre o mundo dos investimentos\",\"publisher\":{\"@id\":\"https:\/\/www.suno.com.br\/noticias\/#organization\"},\"potentialAction\":[{\"@type\":\"SearchAction\",\"target\":{\"@type\":\"EntryPoint\",\"urlTemplate\":\"https:\/\/www.suno.com.br\/noticias\/?s={search_term_string}\"},\"query-input\":{\"@type\":\"PropertyValueSpecification\",\"valueRequired\":true,\"valueName\":\"search_term_string\"}}],\"inLanguage\":\"pt-BR\"},{\"@type\":\"Organization\",\"@id\":\"https:\/\/www.suno.com.br\/noticias\/#organization\",\"name\":\"Suno Not\u00edcias\",\"url\":\"https:\/\/www.suno.com.br\/noticias\/\",\"logo\":{\"@type\":\"ImageObject\",\"inLanguage\":\"pt-BR\",\"@id\":\"https:\/\/www.suno.com.br\/noticias\/#\/schema\/logo\/image\/\",\"url\":\"https:\/\/files.sunoresearch.com.br\/n\/uploads\/2021\/09\/suno-logo.png\",\"contentUrl\":\"https:\/\/files.sunoresearch.com.br\/n\/uploads\/2021\/09\/suno-logo.png\",\"width\":180,\"height\":180,\"caption\":\"Suno Not\u00edcias\"},\"image\":{\"@id\":\"https:\/\/www.suno.com.br\/noticias\/#\/schema\/logo\/image\/\"},\"sameAs\":[\"https:\/\/facebook.com\/sunoresearch\",\"https:\/\/x.com\/sunoresearch\",\"https:\/\/www.instagram.com\/suno\",\"https:\/\/www.linkedin.com\/company\/suno-research\/\",\"https:\/\/www.youtube.com\/c\/sunoresearch\"]},{\"@type\":\"Person\",\"@id\":\"https:\/\/www.suno.com.br\/noticias\/#\/schema\/person\/c1b1bd3727fa852bd045e9dbff3673ea\",\"name\":\"Reda\u00e7\u00e3o Suno Not\u00edcias\",\"image\":{\"@type\":\"ImageObject\",\"inLanguage\":\"pt-BR\",\"@id\":\"https:\/\/www.suno.com.br\/noticias\/#\/schema\/person\/image\/\",\"url\":\"https:\/\/secure.gravatar.com\/avatar\/b8104b9b5a71985d5238ee59fbe418af?s=96&r=g\",\"contentUrl\":\"https:\/\/secure.gravatar.com\/avatar\/b8104b9b5a71985d5238ee59fbe418af?s=96&r=g\",\"caption\":\"Reda\u00e7\u00e3o Suno Not\u00edcias\"},\"description\":\"O Suno Not\u00edcias \u00e9 um portal de informa\u00e7\u00f5es sobre Mercado Financeiro, Pol\u00edtica, Neg\u00f3cios, Economia e Finan\u00e7as Pessoais.\",\"sameAs\":[\"https:\/\/www.suno.com.br\/noticias\",\"https:\/\/www.facebook.com\/sunonoticias\/\",\"https:\/\/www.instagram.com\/sunonoticias\/\",\"https:\/\/x.com\/https:\/\/twitter.com\/sunoresearch\",\"https:\/\/www.youtube.com\/sunonoticias\"],\"url\":\"https:\/\/www.suno.com.br\/noticias\/author\/redacao-suno\/\"}]}<\/script>\n<!-- \/ Yoast SEO plugin. -->","yoast_head_json":{"title":"Bolsas mundiais: \u00c1sia fecha sem dire\u00e7\u00e3o e Europa opera mista","robots":{"index":"index","follow":"follow","max-snippet":"max-snippet:-1","max-image-preview":"max-image-preview:large","max-video-preview":"max-video-preview:-1"},"canonical":"https:\/\/www.suno.com.br\/noticias\/bolsas-mundiais-21012025-ec-gss\/","og_locale":"pt_BR","og_type":"article","og_title":"Bolsas mundiais: \u00c1sia fecha sem dire\u00e7\u00e3o e Europa opera mista","og_description":"Entre as bolsas mundiais hoje (21), as da \u00c1sia fecharam sem dire\u00e7\u00e3o \u00fanica, em sess\u00e3o marcada por volatilidade, conforme investidores ponderam sobre o in\u00edcio da gest\u00e3o de Donald Trump como presidente dos EUA. Trump reiterou promessas de ampliar tarifas comerciais em escala global, mas n\u00e3o come\u00e7ou seu primeiro dia de mandato j\u00e1 impondo novas restri\u00e7\u00f5es [&hellip;]","og_url":"https:\/\/www.suno.com.br\/noticias\/bolsas-mundiais-21012025-ec-gss\/","og_site_name":"Suno Not\u00edcias","article_publisher":"https:\/\/facebook.com\/sunoresearch","article_author":"https:\/\/www.facebook.com\/sunonoticias\/","og_image":[{"width":1200,"height":627,"url":"https:\/\/files.sunoresearch.com.br\/n\/uploads\/2022\/06\/Modelo2.jpg","type":"image\/jpeg"}],"author":"Reda\u00e7\u00e3o Suno Not\u00edcias","twitter_card":"summary_large_image","twitter_creator":"@https:\/\/twitter.com\/sunoresearch","twitter_site":"@sunoresearch","twitter_misc":{"Escrito por":"Reda\u00e7\u00e3o Suno Not\u00edcias","Est. tempo de leitura":"4 minutos"},"schema":{"@context":"https:\/\/schema.org","@graph":[{"@type":"NewsArticle","@id":"https:\/\/www.suno.com.br\/noticias\/bolsas-mundiais-21012025-ec-gss\/#article","isPartOf":{"@id":"https:\/\/www.suno.com.br\/noticias\/bolsas-mundiais-21012025-ec-gss\/"},"author":{"name":"Reda\u00e7\u00e3o Suno Not\u00edcias","@id":"https:\/\/www.suno.com.br\/noticias\/#\/schema\/person\/c1b1bd3727fa852bd045e9dbff3673ea"},"headline":"Bolsas mundiais: \u00c1sia fecha sem dire\u00e7\u00e3o e Europa opera mista","datePublished":"2025-01-21T12:30:00+00:00","mainEntityOfPage":{"@id":"https:\/\/www.suno.com.br\/noticias\/bolsas-mundiais-21012025-ec-gss\/"},"wordCount":776,"publisher":{"@id":"https:\/\/www.suno.com.br\/noticias\/#organization"},"image":{"@id":"https:\/\/www.suno.com.br\/noticias\/bolsas-mundiais-21012025-ec-gss\/#primaryimage"},"thumbnailUrl":"https:\/\/files.sunoresearch.com.br\/n\/uploads\/2024\/02\/iStock-1024776016.jpg","articleSection":["Neg\u00f3cios"],"inLanguage":"pt-BR"},{"@type":"WebPage","@id":"https:\/\/www.suno.com.br\/noticias\/bolsas-mundiais-21012025-ec-gss\/","url":"https:\/\/www.suno.com.br\/noticias\/bolsas-mundiais-21012025-ec-gss\/","name":"Bolsas mundiais: \u00c1sia fecha sem dire\u00e7\u00e3o e Europa opera mista","isPartOf":{"@id":"https:\/\/www.suno.com.br\/noticias\/#website"},"primaryImageOfPage":{"@id":"https:\/\/www.suno.com.br\/noticias\/bolsas-mundiais-21012025-ec-gss\/#primaryimage"},"image":{"@id":"https:\/\/www.suno.com.br\/noticias\/bolsas-mundiais-21012025-ec-gss\/#primaryimage"},"thumbnailUrl":"https:\/\/files.sunoresearch.com.br\/n\/uploads\/2024\/02\/iStock-1024776016.jpg","datePublished":"2025-01-21T12:30:00+00:00","breadcrumb":{"@id":"https:\/\/www.suno.com.br\/noticias\/bolsas-mundiais-21012025-ec-gss\/#breadcrumb"},"inLanguage":"pt-BR","potentialAction":[{"@type":"ReadAction","target":["https:\/\/www.suno.com.br\/noticias\/bolsas-mundiais-21012025-ec-gss\/"]}]},{"@type":"ImageObject","inLanguage":"pt-BR","@id":"https:\/\/www.suno.com.br\/noticias\/bolsas-mundiais-21012025-ec-gss\/#primaryimage","url":"https:\/\/files.sunoresearch.com.br\/n\/uploads\/2024\/02\/iStock-1024776016.jpg","contentUrl":"https:\/\/files.sunoresearch.com.br\/n\/uploads\/2024\/02\/iStock-1024776016.jpg","width":1254,"height":836,"caption":"bolsa de valores. Foto: iStock."},{"@type":"BreadcrumbList","@id":"https:\/\/www.suno.com.br\/noticias\/bolsas-mundiais-21012025-ec-gss\/#breadcrumb","itemListElement":[{"@type":"ListItem","position":1,"name":"Not\u00edcias","item":"https:\/\/www.suno.com.br\/noticias\/"},{"@type":"ListItem","position":2,"name":"Neg\u00f3cios","item":"https:\/\/www.suno.com.br\/noticias\/negocios\/"},{"@type":"ListItem","position":3,"name":"Bolsas mundiais: \u00c1sia fecha sem dire\u00e7\u00e3o e Europa opera mista"}]},{"@type":"WebSite","@id":"https:\/\/www.suno.com.br\/noticias\/#website","url":"https:\/\/www.suno.com.br\/noticias\/","name":"Suno Not\u00edcias","description":"Seu portal de informa\u00e7\u00e3o sobre o mundo dos investimentos","publisher":{"@id":"https:\/\/www.suno.com.br\/noticias\/#organization"},"potentialAction":[{"@type":"SearchAction","target":{"@type":"EntryPoint","urlTemplate":"https:\/\/www.suno.com.br\/noticias\/?s={search_term_string}"},"query-input":{"@type":"PropertyValueSpecification","valueRequired":true,"valueName":"search_term_string"}}],"inLanguage":"pt-BR"},{"@type":"Organization","@id":"https:\/\/www.suno.com.br\/noticias\/#organization","name":"Suno Not\u00edcias","url":"https:\/\/www.suno.com.br\/noticias\/","logo":{"@type":"ImageObject","inLanguage":"pt-BR","@id":"https:\/\/www.suno.com.br\/noticias\/#\/schema\/logo\/image\/","url":"https:\/\/files.sunoresearch.com.br\/n\/uploads\/2021\/09\/suno-logo.png","contentUrl":"https:\/\/files.sunoresearch.com.br\/n\/uploads\/2021\/09\/suno-logo.png","width":180,"height":180,"caption":"Suno Not\u00edcias"},"image":{"@id":"https:\/\/www.suno.com.br\/noticias\/#\/schema\/logo\/image\/"},"sameAs":["https:\/\/facebook.com\/sunoresearch","https:\/\/x.com\/sunoresearch","https:\/\/www.instagram.com\/suno","https:\/\/www.linkedin.com\/company\/suno-research\/","https:\/\/www.youtube.com\/c\/sunoresearch"]},{"@type":"Person","@id":"https:\/\/www.suno.com.br\/noticias\/#\/schema\/person\/c1b1bd3727fa852bd045e9dbff3673ea","name":"Reda\u00e7\u00e3o Suno Not\u00edcias","image":{"@type":"ImageObject","inLanguage":"pt-BR","@id":"https:\/\/www.suno.com.br\/noticias\/#\/schema\/person\/image\/","url":"https:\/\/secure.gravatar.com\/avatar\/b8104b9b5a71985d5238ee59fbe418af?s=96&r=g","contentUrl":"https:\/\/secure.gravatar.com\/avatar\/b8104b9b5a71985d5238ee59fbe418af?s=96&r=g","caption":"Reda\u00e7\u00e3o Suno Not\u00edcias"},"description":"O Suno Not\u00edcias \u00e9 um portal de informa\u00e7\u00f5es sobre Mercado Financeiro, Pol\u00edtica, Neg\u00f3cios, Economia e Finan\u00e7as Pessoais.","sameAs":["https:\/\/www.suno.com.br\/noticias","https:\/\/www.facebook.com\/sunonoticias\/","https:\/\/www.instagram.com\/sunonoticias\/","https:\/\/x.com\/https:\/\/twitter.com\/sunoresearch","https:\/\/www.youtube.com\/sunonoticias"],"url":"https:\/\/www.suno.com.br\/noticias\/author\/redacao-suno\/"}]}},"default_loop_html":"<div class=\"cardsPage__listCard__boxs\"><div class=\"cardsPage__listCard__boxs__img\"><a href=\"https:\/\/www.suno.com.br\/noticias\/bolsas-mundiais-21012025-ec-gss\/\"><img class=\"mask\" src=\"https:\/\/www.suno.com.br\/noticias\/wp-content\/themes\/suno\/resources\/images\/spotlight\/spotlight1img\/bg-mask.png\" alt=\"Image Mask\"\/><img src=\"https:\/\/files.sunoresearch.com.br\/n\/uploads\/2024\/02\/iStock-1024776016-400x200.jpg\" alt=\"Bolsas mundiais: \u00c1sia fecha sem dire\u00e7\u00e3o e Europa opera mista\"\/><\/a><span class=\"spotlightCategory\"><a href=\"https:\/\/www.suno.com.br\/noticias\/negocios\/\">Neg\u00f3cios<\/a><\/span><\/div><div class=\"cardsPage__listCard__boxs__content\"><a href=\"https:\/\/www.suno.com.br\/noticias\/bolsas-mundiais-21012025-ec-gss\/\"><h2 class=\"content__title\">Bolsas mundiais: \u00c1sia fecha sem dire\u00e7\u00e3o e Europa opera mista<\/h2><\/a><div class=\"newsContent__article__meta\"><div class=\"newsContent__article__meta__authorBox\"><a href=\"https:\/\/www.suno.com.br\/noticias\/author\/redacao-suno\/\" class=\"authorBox__avatar noMobi\"><img src=\"https:\/\/files.sunoresearch.com.br\/n\/uploads\/2020\/08\/0ace682d-redacao-1-150x150.webp\" alt=\"Reda\u00e7\u00e3o Suno Not\u00edcias\"><\/a><div class=\"authorBox__name\"><span>por\n\t\t\t<a href=\"https:\/\/www.suno.com.br\/noticias\/author\/redacao-suno\/\"><span itemprop=\"author\">Reda\u00e7\u00e3o Suno Not\u00edcias<\/span><\/a><\/span><time datetime=\"2025-01-21T09:30:00-03:00\" itemprop=\"datePublished\">21\/01\/2025 09:30<\/time><\/div><\/div><\/div><\/div><\/div>","single_layout":"posts","amp_enabled":true,"_links":{"self":[{"href":"https:\/\/www.suno.com.br\/noticias\/wp-json\/wp\/v2\/posts\/591454"}],"collection":[{"href":"https:\/\/www.suno.com.br\/noticias\/wp-json\/wp\/v2\/posts"}],"about":[{"href":"https:\/\/www.suno.com.br\/noticias\/wp-json\/wp\/v2\/types\/post"}],"author":[{"embeddable":true,"href":"https:\/\/www.suno.com.br\/noticias\/wp-json\/wp\/v2\/users\/43"}],"replies":[{"embeddable":true,"href":"https:\/\/www.suno.com.br\/noticias\/wp-json\/wp\/v2\/comments?post=591454"}],"version-history":[{"count":2,"href":"https:\/\/www.suno.com.br\/noticias\/wp-json\/wp\/v2\/posts\/591454\/revisions"}],"predecessor-version":[{"id":591469,"href":"https:\/\/www.suno.com.br\/noticias\/wp-json\/wp\/v2\/posts\/591454\/revisions\/591469"}],"wp:featuredmedia":[{"embeddable":true,"href":"https:\/\/www.suno.com.br\/noticias\/wp-json\/wp\/v2\/media\/526970"}],"wp:attachment":[{"href":"https:\/\/www.suno.com.br\/noticias\/wp-json\/wp\/v2\/media?parent=591454"}],"wp:term":[{"taxonomy":"category","embeddable":true,"href":"https:\/\/www.suno.com.br\/noticias\/wp-json\/wp\/v2\/categories?post=591454"},{"taxonomy":"post_tag","embeddable":true,"href":"https:\/\/www.suno.com.br\/noticias\/wp-json\/wp\/v2\/tags?post=591454"},{"taxonomy":"suno_strategy","embeddable":true,"href":"https:\/\/www.suno.com.br\/noticias\/wp-json\/wp\/v2\/suno_strategy?post=591454"}],"curies":[{"name":"wp","href":"https:\/\/api.w.org\/{rel}","templated":true}]}}