{"id":59132,"date":"2020-03-27T10:23:12","date_gmt":"2020-03-27T13:23:12","guid":{"rendered":"https:\/\/www.suno.com.br\/noticias\/?p=59132"},"modified":"2020-03-27T10:42:32","modified_gmt":"2020-03-27T13:42:32","slug":"coronavirus-primeiro-ministro-do-reino-unido-testa-positivo","status":"publish","type":"post","link":"https:\/\/www.suno.com.br\/noticias\/coronavirus-primeiro-ministro-do-reino-unido-testa-positivo\/","title":{"rendered":"Coronav\u00edrus: primeiro-ministro do Reino Unido testa positivo"},"content":{"rendered":"<p>O primeiro-ministro do Reino Unido, <strong>Boris Johnson<\/strong>, testou positivo para o <a href=\"https:\/\/www.youtube.com\/watch?v=nUaf1yjK7m0\"><strong>novo coronav\u00edrus<\/strong> (covid-19)<\/a>. A informa\u00e7\u00e3o foi divulgada nesta sexta-feira (27) por meio de uma nota do governo brit\u00e2nico.<\/p>\t<div class=\"wrapper-featured-image\">\n\t\t<figure class=\"spotlightImg\">\n\n\t\t\t<picture>\n\t\t\t\t<source media=\"(max-width: 768px)\" srcset=\"https:\/\/files.sunoresearch.com.br\/n\/uploads\/2019\/09\/511e4890-boris1-400x200.webp\">\n\t\t\t\t<img loading=\"lazy\" decoding=\"async\" class=\"newsContent__article__imgCapa lazyloadDisabled newsContent__article__imgCapa--noCaption\" src=\"https:\/\/files.sunoresearch.com.br\/n\/uploads\/2019\/09\/511e4890-boris1-800x450.webp\" width=\"800\" height=\"450\" alt=\"Coronav\u00edrus: primeiro-ministro do Reino Unido testa positivo\" fetchpriority=high \/>\n\t\t\t<\/picture>\n\n\t\t\t<figcaption class=\"wp-caption-text wp-caption-text--hide\">coronav\u00edrus<\/figcaption>\n\t\t<\/figure>\n\t<\/div>\n\n\n\n<p>Segundo a nota, Johnson apresenta sintomas leves do coronav\u00edrus e vai se isolar. Apesar do isolamento, o pol\u00edtico permanecer\u00e1 liderando os &#8220;esfor\u00e7os contra a pandemia&#8221;.<\/p>\n<p class=\"twitter-tweet\">\n<p dir=\"ltr\" lang=\"en\">Over the last 24 hours I have developed mild symptoms and tested positive for coronavirus.<\/p>\n<p>I am now self-isolating, but I will continue to lead the government\u2019s response via video-conference as we fight this virus.<\/p>\n<p>Together we will beat this. <a href=\"https:\/\/twitter.com\/hashtag\/StayHomeSaveLives?src=hash&amp;ref_src=twsrc%5Etfw\">#StayHomeSaveLives<\/a> <a href=\"https:\/\/t.co\/9Te6aFP0Ri\">pic.twitter.com\/9Te6aFP0Ri<\/a><\/p>\n<p>\u2014 Boris Johnson #StayHomeSaveLives (@BorisJohnson) <a href=\"https:\/\/twitter.com\/BorisJohnson\/status\/1243496858095411200?ref_src=twsrc%5Etfw\">March 27, 2020<\/a><\/p>\n<p><script async src=\"https:\/\/platform.twitter.com\/widgets.js\" charset=\"utf-8\"><\/script><\/p>\n<p>&#8220;Nas \u00faltimas 24 horas eu apresentei sintomas leves e o teste do coronav\u00edrus foi positivo. Agora estou me auto-isolando, mas vou continuar a liderar a resposta do governo via videoconfer\u00eancia enquanto n\u00f3s lutamos contra esse v\u00edrus&#8221;, escreveu o primeiro-ministro em sua rede social.<\/p>\n<p>Al\u00e9m disso, Johnson agradeceu aos brit\u00e2nicos que est\u00e3o trabalhando em home office e ao sistema p\u00fablico do Reino Unido que est\u00e1 ajudamdo o pa\u00eds a atravessar a pandemia.<\/p>\n\t<p>\n\t\t<a href=\"https:\/\/lp.suno.com.br\/asset\/suno-fundo-de-fundos-snff11\/\" target=\"_blank\" data-element=\"shortcode-suno-banner\" title=\"Banner SUNO, clique e saiba mais\">\n\t\t\t<picture>\n\t\t\t\t<source media=\"(max-width: 500px)\" srcset=\"https:\/\/files.sunoresearch.com.br\/n\/uploads\/2024\/01\/400x300-Mobile-Artigos-3-SNFF-AO.png\">\n\t\t\t\t<img class=\"newsContent__article__imgCapa newsContent__article__imgCapa--banner\"\n\t\t\t\t\tsrc=\"https:\/\/files.sunoresearch.com.br\/n\/uploads\/2024\/01\/1420x240-Banner-Artigos-1-_-Banner-Materias-1-SNFF-AO.png\"\n\t\t\t\t\tdata-promo-id=\"364418\"\t\t\t\t\t\t\t\t\t\twidth='1420' height='240'\t\t\t\t\talt=\"https:\/\/files.sunoresearch.com.br\/n\/uploads\/2024\/01\/1420x240-Banner-Artigos-1-_-Banner-Materias-1-SNFF-AO.png\"\n\t\t\t\t>\n\t\t\t<\/picture>\n\t\t<\/a>\n\t<\/p>\n\n\n<p>Por fim, o primeiro-ministro afirmou que ficar em casa \u00e9 essencial para impedir a dissemina\u00e7\u00e3o da covid-19.<\/p>\n<h2>Alguns pol\u00edticos brasileiros testam positivo para coronav\u00edrus<\/h2>\n<p>O ministro-chefe do Gabinete de Seguran\u00e7a Institucional, general Augusto Heleno, testou positivo para o novo coronav\u00edrus<strong>.<\/strong>\u00a0A soma de pessoas que estavam na comitiva presidencial nos Estados Unidos e que est\u00e3o com o v\u00edrus chega a 16.<\/p>\n<p><a href=\"https:\/\/www.suno.com.br\/nossas-assinaturas\/suno-premium\/\">Coronav\u00edrus e Mercado Financeiro | Saiba quais oportunidades voc\u00ea pode estar perdendo<\/a><\/p>\n<p>O secret\u00e1rio Especial de Com\u00e9rcio Exterior e Assuntos Internacionais do Minist\u00e9rio da Economia, Marcos Troyjo, realizou o teste para a covid-19 e o diagn\u00f3stico deu positivo.<\/p>\n<p>De acordo com a mulher do secret\u00e1rio de Comunica\u00e7\u00e3o da Presid\u00eancia da Rep\u00fablica, Sophie Wajgarten, o secret\u00e1rio do governo, F\u00e1bio Wajngarten, fez o teste do <strong>coronav\u00edrus<\/strong> e acabou dando positivo. O secret\u00e1rio fez uma viagem com Bolsonaro, por\u00e9m o mandat\u00e1rio testou negativo.<\/p>\n\n","protected":false},"excerpt":{"rendered":"<p>O primeiro-ministro do Reino Unido, Boris Johnson, testou positivo para o novo coronav\u00edrus (covid-19). A informa\u00e7\u00e3o foi divulgada nesta sexta-feira (27) por meio de uma nota do governo brit\u00e2nico. coronav\u00edrus Segundo a nota, Johnson apresenta sintomas leves do coronav\u00edrus e vai se isolar. Apesar do isolamento, o pol\u00edtico permanecer\u00e1 liderando os &#8220;esfor\u00e7os contra a pandemia&#8221;. [&hellip;]<\/p>\n","protected":false},"author":15,"featured_media":36461,"comment_status":"closed","ping_status":"closed","sticky":false,"template":"","format":"standard","meta":[],"categories":[63],"tags":[1648,2487],"suno_strategy":[],"class_list":["post-59132","post","type-post","status-publish","format-standard","has-post-thumbnail","hentry","category-internacional","tag-boris-johnson","tag-coronavirus"],"yoast_head":"<!-- This site is optimized with the Yoast SEO plugin v24.4 - https:\/\/yoast.com\/wordpress\/plugins\/seo\/ -->\n<title>Coronav\u00edrus: primeiro-ministro do Reino Unido testa positivo<\/title>\n<meta name=\"description\" content=\"O primeiro-ministro do Reino Unido, Boris Johnson, testou positivo para o novo coronav\u00edrus (covid-19). Clique aqui e saiba mais\" \/>\n<meta name=\"robots\" content=\"index, follow, max-snippet:-1, max-image-preview:large, max-video-preview:-1\" \/>\n<link rel=\"canonical\" href=\"https:\/\/www.suno.com.br\/noticias\/coronavirus-primeiro-ministro-do-reino-unido-testa-positivo\/\" \/>\n<meta property=\"og:locale\" content=\"pt_BR\" \/>\n<meta property=\"og:type\" content=\"article\" \/>\n<meta property=\"og:title\" content=\"Coronav\u00edrus: primeiro-ministro do Reino Unido testa positivo\" \/>\n<meta property=\"og:description\" content=\"O primeiro-ministro do Reino Unido, Boris Johnson, testou positivo para o novo coronav\u00edrus (covid-19). Clique aqui e saiba mais\" \/>\n<meta property=\"og:url\" content=\"https:\/\/www.suno.com.br\/noticias\/coronavirus-primeiro-ministro-do-reino-unido-testa-positivo\/\" \/>\n<meta property=\"og:site_name\" content=\"Suno Not\u00edcias\" \/>\n<meta property=\"article:publisher\" content=\"https:\/\/facebook.com\/sunoresearch\" \/>\n<meta property=\"og:image\" content=\"https:\/\/files.sunoresearch.com.br\/n\/uploads\/2019\/09\/511e4890-boris1.jpg\" \/>\n\t<meta property=\"og:image:width\" content=\"1484\" \/>\n\t<meta property=\"og:image:height\" content=\"933\" \/>\n\t<meta property=\"og:image:type\" content=\"image\/jpeg\" \/>\n<meta name=\"author\" content=\"Poliana Santos\" \/>\n<meta name=\"twitter:card\" content=\"summary_large_image\" \/>\n<meta name=\"twitter:creator\" content=\"@sunoresearch\" \/>\n<meta name=\"twitter:site\" content=\"@sunoresearch\" \/>\n<meta name=\"twitter:label1\" content=\"Escrito por\" \/>\n\t<meta name=\"twitter:data1\" content=\"Poliana Santos\" \/>\n\t<meta name=\"twitter:label2\" content=\"Est. tempo de leitura\" \/>\n\t<meta name=\"twitter:data2\" content=\"2 minutos\" \/>\n<script type=\"application\/ld+json\" class=\"yoast-schema-graph\">{\"@context\":\"https:\/\/schema.org\",\"@graph\":[{\"@type\":\"NewsArticle\",\"@id\":\"https:\/\/www.suno.com.br\/noticias\/coronavirus-primeiro-ministro-do-reino-unido-testa-positivo\/#article\",\"isPartOf\":{\"@id\":\"https:\/\/www.suno.com.br\/noticias\/coronavirus-primeiro-ministro-do-reino-unido-testa-positivo\/\"},\"author\":{\"name\":\"Poliana Santos\",\"@id\":\"https:\/\/www.suno.com.br\/noticias\/#\/schema\/person\/02ec1f752758247878a2bf4abee1aeda\"},\"headline\":\"Coronav\u00edrus: primeiro-ministro do Reino Unido testa positivo\",\"datePublished\":\"2020-03-27T13:23:12+00:00\",\"dateModified\":\"2020-03-27T13:42:32+00:00\",\"mainEntityOfPage\":{\"@id\":\"https:\/\/www.suno.com.br\/noticias\/coronavirus-primeiro-ministro-do-reino-unido-testa-positivo\/\"},\"wordCount\":369,\"publisher\":{\"@id\":\"https:\/\/www.suno.com.br\/noticias\/#organization\"},\"image\":{\"@id\":\"https:\/\/www.suno.com.br\/noticias\/coronavirus-primeiro-ministro-do-reino-unido-testa-positivo\/#primaryimage\"},\"thumbnailUrl\":\"https:\/\/files.sunoresearch.com.br\/n\/uploads\/2019\/09\/511e4890-boris1-jpg.webp\",\"keywords\":[\"Boris Johnson\",\"coronav\u00edrus\"],\"articleSection\":[\"Internacional\"],\"inLanguage\":\"pt-BR\"},{\"@type\":\"WebPage\",\"@id\":\"https:\/\/www.suno.com.br\/noticias\/coronavirus-primeiro-ministro-do-reino-unido-testa-positivo\/\",\"url\":\"https:\/\/www.suno.com.br\/noticias\/coronavirus-primeiro-ministro-do-reino-unido-testa-positivo\/\",\"name\":\"Coronav\u00edrus: primeiro-ministro do Reino Unido testa positivo\",\"isPartOf\":{\"@id\":\"https:\/\/www.suno.com.br\/noticias\/#website\"},\"primaryImageOfPage\":{\"@id\":\"https:\/\/www.suno.com.br\/noticias\/coronavirus-primeiro-ministro-do-reino-unido-testa-positivo\/#primaryimage\"},\"image\":{\"@id\":\"https:\/\/www.suno.com.br\/noticias\/coronavirus-primeiro-ministro-do-reino-unido-testa-positivo\/#primaryimage\"},\"thumbnailUrl\":\"https:\/\/files.sunoresearch.com.br\/n\/uploads\/2019\/09\/511e4890-boris1-jpg.webp\",\"datePublished\":\"2020-03-27T13:23:12+00:00\",\"dateModified\":\"2020-03-27T13:42:32+00:00\",\"description\":\"O primeiro-ministro do Reino Unido, Boris Johnson, testou positivo para o novo coronav\u00edrus (covid-19). Clique aqui e saiba mais\",\"breadcrumb\":{\"@id\":\"https:\/\/www.suno.com.br\/noticias\/coronavirus-primeiro-ministro-do-reino-unido-testa-positivo\/#breadcrumb\"},\"inLanguage\":\"pt-BR\",\"potentialAction\":[{\"@type\":\"ReadAction\",\"target\":[\"https:\/\/www.suno.com.br\/noticias\/coronavirus-primeiro-ministro-do-reino-unido-testa-positivo\/\"]}]},{\"@type\":\"ImageObject\",\"inLanguage\":\"pt-BR\",\"@id\":\"https:\/\/www.suno.com.br\/noticias\/coronavirus-primeiro-ministro-do-reino-unido-testa-positivo\/#primaryimage\",\"url\":\"https:\/\/files.sunoresearch.com.br\/n\/uploads\/2019\/09\/511e4890-boris1-jpg.webp\",\"contentUrl\":\"https:\/\/files.sunoresearch.com.br\/n\/uploads\/2019\/09\/511e4890-boris1-jpg.webp\",\"width\":1484,\"height\":933,\"caption\":\"coronav\u00edrus\"},{\"@type\":\"BreadcrumbList\",\"@id\":\"https:\/\/www.suno.com.br\/noticias\/coronavirus-primeiro-ministro-do-reino-unido-testa-positivo\/#breadcrumb\",\"itemListElement\":[{\"@type\":\"ListItem\",\"position\":1,\"name\":\"Not\u00edcias\",\"item\":\"https:\/\/www.suno.com.br\/noticias\/\"},{\"@type\":\"ListItem\",\"position\":2,\"name\":\"Internacional\",\"item\":\"https:\/\/www.suno.com.br\/noticias\/internacional\/\"},{\"@type\":\"ListItem\",\"position\":3,\"name\":\"Coronav\u00edrus: primeiro-ministro do Reino Unido testa positivo\"}]},{\"@type\":\"WebSite\",\"@id\":\"https:\/\/www.suno.com.br\/noticias\/#website\",\"url\":\"https:\/\/www.suno.com.br\/noticias\/\",\"name\":\"Suno Not\u00edcias\",\"description\":\"Seu portal de informa\u00e7\u00e3o sobre o mundo dos investimentos\",\"publisher\":{\"@id\":\"https:\/\/www.suno.com.br\/noticias\/#organization\"},\"potentialAction\":[{\"@type\":\"SearchAction\",\"target\":{\"@type\":\"EntryPoint\",\"urlTemplate\":\"https:\/\/www.suno.com.br\/noticias\/?s={search_term_string}\"},\"query-input\":{\"@type\":\"PropertyValueSpecification\",\"valueRequired\":true,\"valueName\":\"search_term_string\"}}],\"inLanguage\":\"pt-BR\"},{\"@type\":\"Organization\",\"@id\":\"https:\/\/www.suno.com.br\/noticias\/#organization\",\"name\":\"Suno Not\u00edcias\",\"url\":\"https:\/\/www.suno.com.br\/noticias\/\",\"logo\":{\"@type\":\"ImageObject\",\"inLanguage\":\"pt-BR\",\"@id\":\"https:\/\/www.suno.com.br\/noticias\/#\/schema\/logo\/image\/\",\"url\":\"https:\/\/files.sunoresearch.com.br\/n\/uploads\/2021\/09\/suno-logo.png\",\"contentUrl\":\"https:\/\/files.sunoresearch.com.br\/n\/uploads\/2021\/09\/suno-logo.png\",\"width\":180,\"height\":180,\"caption\":\"Suno Not\u00edcias\"},\"image\":{\"@id\":\"https:\/\/www.suno.com.br\/noticias\/#\/schema\/logo\/image\/\"},\"sameAs\":[\"https:\/\/facebook.com\/sunoresearch\",\"https:\/\/x.com\/sunoresearch\",\"https:\/\/www.instagram.com\/suno\",\"https:\/\/www.linkedin.com\/company\/suno-research\/\",\"https:\/\/www.youtube.com\/c\/sunoresearch\"]},{\"@type\":\"Person\",\"@id\":\"https:\/\/www.suno.com.br\/noticias\/#\/schema\/person\/02ec1f752758247878a2bf4abee1aeda\",\"name\":\"Poliana Santos\",\"image\":{\"@type\":\"ImageObject\",\"inLanguage\":\"pt-BR\",\"@id\":\"https:\/\/www.suno.com.br\/noticias\/#\/schema\/person\/image\/\",\"url\":\"https:\/\/secure.gravatar.com\/avatar\/0645bd32f23d87b2130f2b2dff1d3f8d?s=96&r=g\",\"contentUrl\":\"https:\/\/secure.gravatar.com\/avatar\/0645bd32f23d87b2130f2b2dff1d3f8d?s=96&r=g\",\"caption\":\"Poliana Santos\"},\"description\":\"Rep\u00f3rter no Suno Not\u00edcias, com cobertura em mercado financeiro, economia, finan\u00e7as pessoais, renda fixa e varejo. Jornalista formada pela Faculdade C\u00e1sper L\u00edbero e possui passagem na R\u00e1dio Gazeta AM com a produ\u00e7\u00e3o de conte\u00fado sobre economia, pol\u00edtica, sa\u00fade, moda e m\u00fasica. Possui certificado de conclus\u00e3o do curso de An\u00e1lise de Balan\u00e7os pela Funda\u00e7\u00e3o Bradesco, Agenda Brasil pela FAAP, Educa\u00e7\u00e3o Pol\u00edtica por Alexandre Garcia e do Tesouro Direto e Mercado de A\u00e7\u00f5es pela B3.\",\"url\":\"https:\/\/www.suno.com.br\/noticias\/author\/poliana-santos\/\"}]}<\/script>\n<!-- \/ Yoast SEO plugin. -->","yoast_head_json":{"title":"Coronav\u00edrus: primeiro-ministro do Reino Unido testa positivo","description":"O primeiro-ministro do Reino Unido, Boris Johnson, testou positivo para o novo coronav\u00edrus (covid-19). Clique aqui e saiba mais","robots":{"index":"index","follow":"follow","max-snippet":"max-snippet:-1","max-image-preview":"max-image-preview:large","max-video-preview":"max-video-preview:-1"},"canonical":"https:\/\/www.suno.com.br\/noticias\/coronavirus-primeiro-ministro-do-reino-unido-testa-positivo\/","og_locale":"pt_BR","og_type":"article","og_title":"Coronav\u00edrus: primeiro-ministro do Reino Unido testa positivo","og_description":"O primeiro-ministro do Reino Unido, Boris Johnson, testou positivo para o novo coronav\u00edrus (covid-19). Clique aqui e saiba mais","og_url":"https:\/\/www.suno.com.br\/noticias\/coronavirus-primeiro-ministro-do-reino-unido-testa-positivo\/","og_site_name":"Suno Not\u00edcias","article_publisher":"https:\/\/facebook.com\/sunoresearch","og_image":[{"width":1484,"height":933,"url":"https:\/\/files.sunoresearch.com.br\/n\/uploads\/2019\/09\/511e4890-boris1.jpg","type":"image\/jpeg"}],"author":"Poliana Santos","twitter_card":"summary_large_image","twitter_creator":"@sunoresearch","twitter_site":"@sunoresearch","twitter_misc":{"Escrito por":"Poliana Santos","Est. tempo de leitura":"2 minutos"},"schema":{"@context":"https:\/\/schema.org","@graph":[{"@type":"NewsArticle","@id":"https:\/\/www.suno.com.br\/noticias\/coronavirus-primeiro-ministro-do-reino-unido-testa-positivo\/#article","isPartOf":{"@id":"https:\/\/www.suno.com.br\/noticias\/coronavirus-primeiro-ministro-do-reino-unido-testa-positivo\/"},"author":{"name":"Poliana Santos","@id":"https:\/\/www.suno.com.br\/noticias\/#\/schema\/person\/02ec1f752758247878a2bf4abee1aeda"},"headline":"Coronav\u00edrus: primeiro-ministro do Reino Unido testa positivo","datePublished":"2020-03-27T13:23:12+00:00","dateModified":"2020-03-27T13:42:32+00:00","mainEntityOfPage":{"@id":"https:\/\/www.suno.com.br\/noticias\/coronavirus-primeiro-ministro-do-reino-unido-testa-positivo\/"},"wordCount":369,"publisher":{"@id":"https:\/\/www.suno.com.br\/noticias\/#organization"},"image":{"@id":"https:\/\/www.suno.com.br\/noticias\/coronavirus-primeiro-ministro-do-reino-unido-testa-positivo\/#primaryimage"},"thumbnailUrl":"https:\/\/files.sunoresearch.com.br\/n\/uploads\/2019\/09\/511e4890-boris1-jpg.webp","keywords":["Boris Johnson","coronav\u00edrus"],"articleSection":["Internacional"],"inLanguage":"pt-BR"},{"@type":"WebPage","@id":"https:\/\/www.suno.com.br\/noticias\/coronavirus-primeiro-ministro-do-reino-unido-testa-positivo\/","url":"https:\/\/www.suno.com.br\/noticias\/coronavirus-primeiro-ministro-do-reino-unido-testa-positivo\/","name":"Coronav\u00edrus: primeiro-ministro do Reino Unido testa positivo","isPartOf":{"@id":"https:\/\/www.suno.com.br\/noticias\/#website"},"primaryImageOfPage":{"@id":"https:\/\/www.suno.com.br\/noticias\/coronavirus-primeiro-ministro-do-reino-unido-testa-positivo\/#primaryimage"},"image":{"@id":"https:\/\/www.suno.com.br\/noticias\/coronavirus-primeiro-ministro-do-reino-unido-testa-positivo\/#primaryimage"},"thumbnailUrl":"https:\/\/files.sunoresearch.com.br\/n\/uploads\/2019\/09\/511e4890-boris1-jpg.webp","datePublished":"2020-03-27T13:23:12+00:00","dateModified":"2020-03-27T13:42:32+00:00","description":"O primeiro-ministro do Reino Unido, Boris Johnson, testou positivo para o novo coronav\u00edrus (covid-19). Clique aqui e saiba mais","breadcrumb":{"@id":"https:\/\/www.suno.com.br\/noticias\/coronavirus-primeiro-ministro-do-reino-unido-testa-positivo\/#breadcrumb"},"inLanguage":"pt-BR","potentialAction":[{"@type":"ReadAction","target":["https:\/\/www.suno.com.br\/noticias\/coronavirus-primeiro-ministro-do-reino-unido-testa-positivo\/"]}]},{"@type":"ImageObject","inLanguage":"pt-BR","@id":"https:\/\/www.suno.com.br\/noticias\/coronavirus-primeiro-ministro-do-reino-unido-testa-positivo\/#primaryimage","url":"https:\/\/files.sunoresearch.com.br\/n\/uploads\/2019\/09\/511e4890-boris1-jpg.webp","contentUrl":"https:\/\/files.sunoresearch.com.br\/n\/uploads\/2019\/09\/511e4890-boris1-jpg.webp","width":1484,"height":933,"caption":"coronav\u00edrus"},{"@type":"BreadcrumbList","@id":"https:\/\/www.suno.com.br\/noticias\/coronavirus-primeiro-ministro-do-reino-unido-testa-positivo\/#breadcrumb","itemListElement":[{"@type":"ListItem","position":1,"name":"Not\u00edcias","item":"https:\/\/www.suno.com.br\/noticias\/"},{"@type":"ListItem","position":2,"name":"Internacional","item":"https:\/\/www.suno.com.br\/noticias\/internacional\/"},{"@type":"ListItem","position":3,"name":"Coronav\u00edrus: primeiro-ministro do Reino Unido testa positivo"}]},{"@type":"WebSite","@id":"https:\/\/www.suno.com.br\/noticias\/#website","url":"https:\/\/www.suno.com.br\/noticias\/","name":"Suno Not\u00edcias","description":"Seu portal de informa\u00e7\u00e3o sobre o mundo dos investimentos","publisher":{"@id":"https:\/\/www.suno.com.br\/noticias\/#organization"},"potentialAction":[{"@type":"SearchAction","target":{"@type":"EntryPoint","urlTemplate":"https:\/\/www.suno.com.br\/noticias\/?s={search_term_string}"},"query-input":{"@type":"PropertyValueSpecification","valueRequired":true,"valueName":"search_term_string"}}],"inLanguage":"pt-BR"},{"@type":"Organization","@id":"https:\/\/www.suno.com.br\/noticias\/#organization","name":"Suno Not\u00edcias","url":"https:\/\/www.suno.com.br\/noticias\/","logo":{"@type":"ImageObject","inLanguage":"pt-BR","@id":"https:\/\/www.suno.com.br\/noticias\/#\/schema\/logo\/image\/","url":"https:\/\/files.sunoresearch.com.br\/n\/uploads\/2021\/09\/suno-logo.png","contentUrl":"https:\/\/files.sunoresearch.com.br\/n\/uploads\/2021\/09\/suno-logo.png","width":180,"height":180,"caption":"Suno Not\u00edcias"},"image":{"@id":"https:\/\/www.suno.com.br\/noticias\/#\/schema\/logo\/image\/"},"sameAs":["https:\/\/facebook.com\/sunoresearch","https:\/\/x.com\/sunoresearch","https:\/\/www.instagram.com\/suno","https:\/\/www.linkedin.com\/company\/suno-research\/","https:\/\/www.youtube.com\/c\/sunoresearch"]},{"@type":"Person","@id":"https:\/\/www.suno.com.br\/noticias\/#\/schema\/person\/02ec1f752758247878a2bf4abee1aeda","name":"Poliana Santos","image":{"@type":"ImageObject","inLanguage":"pt-BR","@id":"https:\/\/www.suno.com.br\/noticias\/#\/schema\/person\/image\/","url":"https:\/\/secure.gravatar.com\/avatar\/0645bd32f23d87b2130f2b2dff1d3f8d?s=96&r=g","contentUrl":"https:\/\/secure.gravatar.com\/avatar\/0645bd32f23d87b2130f2b2dff1d3f8d?s=96&r=g","caption":"Poliana Santos"},"description":"Rep\u00f3rter no Suno Not\u00edcias, com cobertura em mercado financeiro, economia, finan\u00e7as pessoais, renda fixa e varejo. Jornalista formada pela Faculdade C\u00e1sper L\u00edbero e possui passagem na R\u00e1dio Gazeta AM com a produ\u00e7\u00e3o de conte\u00fado sobre economia, pol\u00edtica, sa\u00fade, moda e m\u00fasica. Possui certificado de conclus\u00e3o do curso de An\u00e1lise de Balan\u00e7os pela Funda\u00e7\u00e3o Bradesco, Agenda Brasil pela FAAP, Educa\u00e7\u00e3o Pol\u00edtica por Alexandre Garcia e do Tesouro Direto e Mercado de A\u00e7\u00f5es pela B3.","url":"https:\/\/www.suno.com.br\/noticias\/author\/poliana-santos\/"}]}},"default_loop_html":"<div class=\"cardsPage__listCard__boxs\"><div class=\"cardsPage__listCard__boxs__img\"><a href=\"https:\/\/www.suno.com.br\/noticias\/coronavirus-primeiro-ministro-do-reino-unido-testa-positivo\/\"><img class=\"mask\" src=\"https:\/\/www.suno.com.br\/noticias\/wp-content\/themes\/suno\/resources\/images\/spotlight\/spotlight1img\/bg-mask.png\" alt=\"Image Mask\"\/><img src=\"https:\/\/files.sunoresearch.com.br\/n\/uploads\/2019\/09\/511e4890-boris1-400x200.webp\" alt=\"Coronav\u00edrus: primeiro-ministro do Reino Unido testa positivo\"\/><\/a><span class=\"spotlightCategory\"><a href=\"https:\/\/www.suno.com.br\/noticias\/internacional\/\">Internacional<\/a><\/span><\/div><div class=\"cardsPage__listCard__boxs__content\"><a href=\"https:\/\/www.suno.com.br\/noticias\/coronavirus-primeiro-ministro-do-reino-unido-testa-positivo\/\"><h2 class=\"content__title\">Coronav\u00edrus: primeiro-ministro do Reino Unido testa positivo<\/h2><\/a><div class=\"newsContent__article__meta\"><div class=\"newsContent__article__meta__authorBox\"><a href=\"https:\/\/www.suno.com.br\/noticias\/author\/poliana-santos\/\" class=\"authorBox__avatar noMobi\"><img src=\"https:\/\/files.sunoresearch.com.br\/n\/uploads\/2020\/08\/7ef34026-whatsapp-image-2020-08-03-at-12.37.57-150x150.webp\" alt=\"Poliana Santos\"><\/a><div class=\"authorBox__name\"><span>por\n\t\t\t<a href=\"https:\/\/www.suno.com.br\/noticias\/author\/poliana-santos\/\"><span itemprop=\"author\">Poliana Santos<\/span><\/a><\/span><time datetime=\"2020-03-27T10:23:12-03:00\" itemprop=\"datePublished\">27\/03\/2020 10:23<\/time><\/div><\/div><\/div><\/div><\/div>","single_layout":"posts","amp_enabled":true,"_links":{"self":[{"href":"https:\/\/www.suno.com.br\/noticias\/wp-json\/wp\/v2\/posts\/59132"}],"collection":[{"href":"https:\/\/www.suno.com.br\/noticias\/wp-json\/wp\/v2\/posts"}],"about":[{"href":"https:\/\/www.suno.com.br\/noticias\/wp-json\/wp\/v2\/types\/post"}],"author":[{"embeddable":true,"href":"https:\/\/www.suno.com.br\/noticias\/wp-json\/wp\/v2\/users\/15"}],"replies":[{"embeddable":true,"href":"https:\/\/www.suno.com.br\/noticias\/wp-json\/wp\/v2\/comments?post=59132"}],"version-history":[{"count":0,"href":"https:\/\/www.suno.com.br\/noticias\/wp-json\/wp\/v2\/posts\/59132\/revisions"}],"wp:featuredmedia":[{"embeddable":true,"href":"https:\/\/www.suno.com.br\/noticias\/wp-json\/wp\/v2\/media\/36461"}],"wp:attachment":[{"href":"https:\/\/www.suno.com.br\/noticias\/wp-json\/wp\/v2\/media?parent=59132"}],"wp:term":[{"taxonomy":"category","embeddable":true,"href":"https:\/\/www.suno.com.br\/noticias\/wp-json\/wp\/v2\/categories?post=59132"},{"taxonomy":"post_tag","embeddable":true,"href":"https:\/\/www.suno.com.br\/noticias\/wp-json\/wp\/v2\/tags?post=59132"},{"taxonomy":"suno_strategy","embeddable":true,"href":"https:\/\/www.suno.com.br\/noticias\/wp-json\/wp\/v2\/suno_strategy?post=59132"}],"curies":[{"name":"wp","href":"https:\/\/api.w.org\/{rel}","templated":true}]}}