{"id":591262,"date":"2025-01-17T18:11:37","date_gmt":"2025-01-17T21:11:37","guid":{"rendered":"https:\/\/www.suno.com.br\/noticias\/?p=591262"},"modified":"2025-01-17T18:11:40","modified_gmt":"2025-01-17T21:11:40","slug":"veto-isencao-dos-fundos-deputado-arnaldo-jardim-gss","status":"publish","type":"post","link":"https:\/\/www.suno.com.br\/noticias\/veto-isencao-dos-fundos-deputado-arnaldo-jardim-gss\/","title":{"rendered":"Isen\u00e7\u00e3o dos fundos: deputado explica poss\u00edvel derrubada de veto"},"content":{"rendered":"<p>O veto \u00e0 <strong>isen\u00e7\u00e3o dos fundos<\/strong> no \u00e2mbito do projeto de regulamenta\u00e7\u00e3o da <a class=\"suno-keyword\" data-force=\"no\" data-priority=\"2\" href=\"https:\/\/www.suno.com.br\/artigos\/reforma-tributaria\/\" target=\"_blank\" rel=\"noopener\">reforma tribut\u00e1ria<\/a> vem gerando preocupa\u00e7\u00e3o no mercado financeiro, e nesta sexta-feira (17), a Suno promoveu uma live com Tiago Reis, o deputado Arnaldo Jardim e o professor Marcos Baroni para tratar do assunto.<\/p>\t<div class=\"wrapper-featured-image\">\n\t\t<figure class=\"spotlightImg\">\n\n\t\t\t<picture>\n\t\t\t\t<source media=\"(max-width: 768px)\" srcset=\"https:\/\/files.sunoresearch.com.br\/n\/uploads\/2025\/01\/Screenshot_30-400x200.png\">\n\t\t\t\t<img loading=\"lazy\" decoding=\"async\" class=\"newsContent__article__imgCapa lazyloadDisabled \" src=\"https:\/\/files.sunoresearch.com.br\/n\/uploads\/2025\/01\/Screenshot_30-800x450.png\" width=\"800\" height=\"450\" alt=\"Isen\u00e7\u00e3o dos fundos: deputado explica poss\u00edvel derrubada de veto\" fetchpriority=high \/>\n\t\t\t<\/picture>\n\n\t\t\t<figcaption class=\"wp-caption-text wp-caption-text--show\">Foto: Reprodu\u00e7\u00e3o<\/figcaption>\n\t\t<\/figure>\n\t<\/div>\n\n\n\n\n\n\n\n\t<p>\n\t\t<a href=\"https:\/\/lp.suno.com.br\/plataforma-de-controle-de-investimentos\/\" target=\"_blank\" data-element=\"shortcode-suno-banner\" title=\"Banner SUNO, clique e saiba mais\">\n\t\t\t<picture>\n\t\t\t\t<source media=\"(max-width: 500px)\" srcset=\"https:\/\/files.sunoresearch.com.br\/n\/uploads\/2023\/03\/400x300-Controle-de-Investimentos.png\">\n\t\t\t\t<img class=\"newsContent__article__imgCapa newsContent__article__imgCapa--banner\"\n\t\t\t\t\tsrc=\"https:\/\/files.sunoresearch.com.br\/n\/uploads\/2023\/03\/1420x240-Controle-de-Investimentos.png\"\n\t\t\t\t\tdata-promo-id=\"383162\"\t\t\t\t\t\t\t\t\t\twidth='1420' height='240'\t\t\t\t\talt=\"https:\/\/files.sunoresearch.com.br\/n\/uploads\/2023\/03\/1420x240-Controle-de-Investimentos.png\"\n\t\t\t\t>\n\t\t\t<\/picture>\n\t\t<\/a>\n\t<\/p>\n\n\n\n\n\n<p>Durante a transmiss\u00e3o, o deputado <strong>Arnaldo Jardim<\/strong> afirmou que a retirada da garantia de que os <strong>fundos de investimento<\/strong> n\u00e3o sejam contribuintes \u00e9 um &#8220;sinal preocupante&#8221; que pode indicar a inten\u00e7\u00e3o do governo de rever a tributa\u00e7\u00e3o dos fundos no futuro.<\/p>\n\n\n\n<p>\u201cHoje n\u00e3o h\u00e1 tributa\u00e7\u00e3o sobre esses fundos. Portanto, n\u00e3o se trata de uma <a class=\"suno-keyword\" target=\"_blank\" data-force=\"no\" data-priority=\"1\" href=\"https:\/\/www.suno.com.br\/artigos\/renuncia-fiscal\/\" rel=\"noopener\">ren\u00fancia fiscal<\/a>, mas de manter as regras atuais. A retirada dessa previs\u00e3o cria incerteza e pode desestabilizar um mercado que j\u00e1 mobiliza trilh\u00f5es de reais, essencial para o financiamento do setor produtivo\u201d, explicou o parlamentar.<\/p>\n\n\n\n<p>Os especialistas destacaram que a falta de seguran\u00e7a jur\u00eddica afeta diretamente a confian\u00e7a dos investidores, prejudicando o planejamento de <a class=\"suno-keyword\" target=\"_blank\" data-force=\"no\" data-priority=\"1\" href=\"https:\/\/www.suno.com.br\/artigos\/longo-prazo\/\" rel=\"noopener\">longo prazo<\/a>. O professor <strong>Marcos Baroni<\/strong>, por exemplo, ressaltou que os <strong>fundos imobili\u00e1rios<\/strong>, os <strong>Fiagros<\/strong> e outros ve\u00edculos financeiros t\u00eam desempenhado um papel fundamental na canaliza\u00e7\u00e3o de recursos para setores como constru\u00e7\u00e3o civil e agroneg\u00f3cio, aliviando a depend\u00eancia de subs\u00eddios governamentais.<\/p>\n\n\n\n<figure class=\"wp-block-embed is-type-video is-provider-youtube wp-block-embed-youtube wp-embed-aspect-16-9 wp-has-aspect-ratio\"><div class=\"wp-block-embed__wrapper\">\n<iframe loading=\"lazy\" title=\"\ud83d\udea8GOVERNO QUER TRIBUTAR A RECEITA DOS FUNDOS - Convidado Deputado Arnaldo Jardim\" width=\"1080\" height=\"608\" src=\"https:\/\/www.youtube.com\/embed\/lxLIai62JTc?feature=oembed\" frameborder=\"0\" allow=\"accelerometer; autoplay; clipboard-write; encrypted-media; gyroscope; picture-in-picture; web-share\" referrerpolicy=\"strict-origin-when-cross-origin\" allowfullscreen><\/iframe>\n<\/div><\/figure>\n\n\n\n<h2 class=\"wp-block-heading\"><strong>Possibilidade de derrubada do veto<\/strong><\/h2>\n\n\n\n<p>De acordo com o <strong>deputado Arnaldo Jardim<\/strong>, o caminho agora passa pela mobiliza\u00e7\u00e3o do Congresso Nacional para tentar derrubar o veto. Ele destacou que duas importantes frentes parlamentares j\u00e1 manifestaram apoio \u00e0 causa: a <strong>Frente Parlamentar Agropecu\u00e1ria<\/strong> (<strong>FPA<\/strong>) e a Frente Parlamentar do Empreendedorismo (FPE).<\/p>\n\n\n\n<p>\u201cA FPA \u00e9 a maior frente do Congresso, com ampla representatividade. Quando ela se posiciona, o impacto sobre as vota\u00e7\u00f5es \u00e9 significativo. A FPE tamb\u00e9m tem liderado debates fundamentais para o setor produtivo. Com o apoio dessas frentes, estou otimista de que conseguiremos reverter esse veto\u201d, afirmou o deputado.<\/p>\n\n\n\n\t<div data-element=\"shortcode-read-more\" class=\"readToo\">\n\t\t\t\t<span class=\"readToo__title\">Leia mais<\/span>\n\t\t\t\t<ul class=\"readToo__list\">\n\t\t\t<li><a href=\"https:\/\/www.suno.com.br\/noticias\/fpa-posiciona-veto-isencao-fundos-gss\/\">FPA se posiciona sobre veto \u00e0 isen\u00e7\u00e3o aos fundos<\/a><\/li><li><a href=\"https:\/\/www.suno.com.br\/noticias\/isencao-dos-fundos-mobilizacao-derrubada-veto-gss\/\">Isen\u00e7\u00e3o dos fundos: deputado diz que j\u00e1 h\u00e1 mobiliza\u00e7\u00e3o por derrubada do veto<\/a><\/li><li><a href=\"https:\/\/www.suno.com.br\/noticias\/isencao-aos-fundos-veto-impactos-gss\/\">Quais s\u00e3o os impactos econ\u00f4micos do fim da isen\u00e7\u00e3o aos fundos?<\/a><\/li><li><a href=\"https:\/\/www.suno.com.br\/noticias\/fundos-de-investimento-veto-entenda-baroni-gss\/\">Fundos de investimento: saiba tudo sobre o veto \u00e0 isen\u00e7\u00e3o de impostos<\/a><\/li><li><a href=\"https:\/\/www.suno.com.br\/noticias\/reforma-tributaria-lula-veta-isencao-gss\/\">Reforma tribut\u00e1ria: Lula veta isen\u00e7\u00e3o para fundos de investimento<\/a><\/li>\t\t<\/ul>\n\t<\/div>\n\n\n\n\n<p>O processo para derrubar o veto exige a convoca\u00e7\u00e3o de uma sess\u00e3o conjunta da C\u00e2mara e do Senado, algo que depende do presidente do Congresso Nacional. Segundo Jardim, a partir de fevereiro, com a retomada dos trabalhos legislativos, as articula\u00e7\u00f5es ser\u00e3o intensificadas para garantir que o tema seja inclu\u00eddo na pauta o mais r\u00e1pido poss\u00edvel.<\/p>\n\n\n\n<p>Em entrevista ao Suno Not\u00edcias, o deputado Evair Vieira de Melo (PP-ES) j\u00e1 havia afirmado que h\u00e1 mobiliza\u00e7\u00e3o pol\u00edtica pela derrubada do veto \u00e0 <strong>isen\u00e7\u00e3o aos fundos<\/strong>.<\/p>\n\n\n\n<p>\u201c\u00c9 essencial que a sociedade e o Congresso Nacional reflitam sobre os impactos dessa decis\u00e3o. J\u00e1 estamos nos mobilizando para, na primeira oportunidade, derrubarmos esse veto. N\u00e3o faltar\u00e1 esfor\u00e7o de nossa parte para derrotar o governo e dar liberdade ao setor rural\u201d, afirmou<\/p>\n\n\n\n<h2 class=\"wp-block-heading\">Entenda o contexto<\/h2>\n\n\n\n<p>Nesta quinta-feira (16), o presidente Luiz In\u00e1cio Lula da Silva sancionou o primeiro projeto de regulamenta\u00e7\u00e3o da&nbsp;<strong>reforma tribut\u00e1ria<\/strong>, mas vetou o trecho que previa a isen\u00e7\u00e3o de novos tributos para&nbsp;<a target=\"_blank\" href=\"https:\/\/www.suno.com.br\/artigos\/fundos-de-investimento-exterior\/\" rel=\"noreferrer noopener\">fundos de investimento<\/a>&nbsp;e patrimoniais.<\/p>\n\n\n\n<p>A medida, portanto, exclui os os Fundos de Investimento Imobili\u00e1rio (<strong>FIIs<\/strong>) e os Fundos de Investimento nas Cadeias Produtivas do Agroneg\u00f3cio (Fiagro) das exce\u00e7\u00f5es \u00e0 Contribui\u00e7\u00e3o sobre Bens e Servi\u00e7os (<strong>CBS<\/strong>) e ao Imposto sobre Bens e Servi\u00e7os (<strong>IBS<\/strong>).<\/p>\n\n\n\n<p>Nesta sexta-feira (17), o professor Marcos Baroni tamb\u00e9m realizou uma live extraordin\u00e1ria para falar sobre o veto \u00e0&nbsp;<strong>isen\u00e7\u00e3o dos fundos<\/strong>&nbsp;de investimento.&nbsp;<a href=\"https:\/\/www.youtube.com\/watch?v=Aq3u9DrEVgg\">Clique aqui para assisti-la<\/a>&nbsp;e saber mais sobre o assunto.<\/p>\n\n\n\t<p>\n\t\t<a href=\"https:\/\/lp.suno.com.br\/planilha-da-vida-financeira\/\" target=\"_blank\" data-element=\"shortcode-suno-banner\" title=\"Banner SUNO, clique e saiba mais\">\n\t\t\t<picture>\n\t\t\t\t<source media=\"(max-width: 500px)\" srcset=\"https:\/\/files.sunoresearch.com.br\/n\/uploads\/2023\/04\/400x300-Planilha-vida-financeira-true.png\">\n\t\t\t\t<img class=\"newsContent__article__imgCapa newsContent__article__imgCapa--banner\"\n\t\t\t\t\tsrc=\"https:\/\/files.sunoresearch.com.br\/n\/uploads\/2023\/04\/1420x240-Planilha-vida-financeira-true.png\"\n\t\t\t\t\tdata-promo-id=\"383123\"\t\t\t\t\t\t\t\t\t\twidth='1420' height='240'\t\t\t\t\talt=\"https:\/\/files.sunoresearch.com.br\/n\/uploads\/2023\/04\/1420x240-Planilha-vida-financeira-true.png\"\n\t\t\t\t>\n\t\t\t<\/picture>\n\t\t<\/a>\n\t<\/p>\n\n\n","protected":false},"excerpt":{"rendered":"<p>O veto \u00e0 isen\u00e7\u00e3o dos fundos no \u00e2mbito do projeto de regulamenta\u00e7\u00e3o da reforma tribut\u00e1ria vem gerando preocupa\u00e7\u00e3o no mercado financeiro, e nesta sexta-feira (17), a Suno promoveu uma live com Tiago Reis, o deputado Arnaldo Jardim e o professor Marcos Baroni para tratar do assunto. Foto: Reprodu\u00e7\u00e3o Durante a transmiss\u00e3o, o deputado Arnaldo Jardim [&hellip;]<\/p>\n","protected":false},"author":376,"featured_media":591265,"comment_status":"closed","ping_status":"closed","sticky":false,"template":"","format":"standard","meta":[],"categories":[64],"tags":[313],"suno_strategy":[],"class_list":["post-591262","post","type-post","status-publish","format-standard","has-post-thumbnail","hentry","category-negocios","tag-fundos-de-investimento"],"yoast_head":"<!-- This site is optimized with the Yoast SEO plugin v24.4 - https:\/\/yoast.com\/wordpress\/plugins\/seo\/ -->\n<title>Isen\u00e7\u00e3o dos fundos: deputado explica poss\u00edvel derrubada de veto<\/title>\n<meta name=\"description\" content=\"O deputado Arnaldo Jardim participou de live promovida pela Suno para falar sobre o veto \u00e0 isen\u00e7\u00e3o dos fundos.\" \/>\n<meta name=\"robots\" content=\"index, follow, max-snippet:-1, max-image-preview:large, max-video-preview:-1\" \/>\n<link rel=\"canonical\" href=\"https:\/\/www.suno.com.br\/noticias\/veto-isencao-dos-fundos-deputado-arnaldo-jardim-gss\/\" \/>\n<meta property=\"og:locale\" content=\"pt_BR\" \/>\n<meta property=\"og:type\" content=\"article\" \/>\n<meta property=\"og:title\" content=\"Isen\u00e7\u00e3o dos fundos: deputado explica poss\u00edvel derrubada de veto\" \/>\n<meta property=\"og:description\" content=\"O deputado Arnaldo Jardim participou de live promovida pela Suno para falar sobre o veto \u00e0 isen\u00e7\u00e3o dos fundos.\" \/>\n<meta property=\"og:url\" content=\"https:\/\/www.suno.com.br\/noticias\/veto-isencao-dos-fundos-deputado-arnaldo-jardim-gss\/\" \/>\n<meta property=\"og:site_name\" content=\"Suno Not\u00edcias\" \/>\n<meta property=\"article:publisher\" content=\"https:\/\/facebook.com\/sunoresearch\" \/>\n<meta property=\"og:image\" content=\"https:\/\/files.sunoresearch.com.br\/n\/uploads\/2025\/01\/Screenshot_30.png\" \/>\n\t<meta property=\"og:image:width\" content=\"1439\" \/>\n\t<meta property=\"og:image:height\" content=\"782\" \/>\n\t<meta property=\"og:image:type\" content=\"image\/png\" \/>\n<meta name=\"author\" content=\"Guilherme Serrano\" \/>\n<meta name=\"twitter:card\" content=\"summary_large_image\" \/>\n<meta name=\"twitter:creator\" content=\"@sunoresearch\" \/>\n<meta name=\"twitter:site\" content=\"@sunoresearch\" \/>\n<meta name=\"twitter:label1\" content=\"Escrito por\" \/>\n\t<meta name=\"twitter:data1\" content=\"Guilherme Serrano\" \/>\n\t<meta name=\"twitter:label2\" content=\"Est. tempo de leitura\" \/>\n\t<meta name=\"twitter:data2\" content=\"3 minutos\" \/>\n<script type=\"application\/ld+json\" class=\"yoast-schema-graph\">{\"@context\":\"https:\/\/schema.org\",\"@graph\":[{\"@type\":\"NewsArticle\",\"@id\":\"https:\/\/www.suno.com.br\/noticias\/veto-isencao-dos-fundos-deputado-arnaldo-jardim-gss\/#article\",\"isPartOf\":{\"@id\":\"https:\/\/www.suno.com.br\/noticias\/veto-isencao-dos-fundos-deputado-arnaldo-jardim-gss\/\"},\"author\":{\"name\":\"Guilherme Serrano\",\"@id\":\"https:\/\/www.suno.com.br\/noticias\/#\/schema\/person\/d0f07e64bce64aa671feadfb844f04ca\"},\"headline\":\"Isen\u00e7\u00e3o dos fundos: deputado explica poss\u00edvel derrubada de veto\",\"datePublished\":\"2025-01-17T21:11:37+00:00\",\"dateModified\":\"2025-01-17T21:11:40+00:00\",\"mainEntityOfPage\":{\"@id\":\"https:\/\/www.suno.com.br\/noticias\/veto-isencao-dos-fundos-deputado-arnaldo-jardim-gss\/\"},\"wordCount\":607,\"publisher\":{\"@id\":\"https:\/\/www.suno.com.br\/noticias\/#organization\"},\"image\":{\"@id\":\"https:\/\/www.suno.com.br\/noticias\/veto-isencao-dos-fundos-deputado-arnaldo-jardim-gss\/#primaryimage\"},\"thumbnailUrl\":\"https:\/\/files.sunoresearch.com.br\/n\/uploads\/2025\/01\/Screenshot_30.png\",\"keywords\":[\"Fundos de investimento\"],\"articleSection\":[\"Neg\u00f3cios\"],\"inLanguage\":\"pt-BR\"},{\"@type\":\"WebPage\",\"@id\":\"https:\/\/www.suno.com.br\/noticias\/veto-isencao-dos-fundos-deputado-arnaldo-jardim-gss\/\",\"url\":\"https:\/\/www.suno.com.br\/noticias\/veto-isencao-dos-fundos-deputado-arnaldo-jardim-gss\/\",\"name\":\"Isen\u00e7\u00e3o dos fundos: deputado explica poss\u00edvel derrubada de veto\",\"isPartOf\":{\"@id\":\"https:\/\/www.suno.com.br\/noticias\/#website\"},\"primaryImageOfPage\":{\"@id\":\"https:\/\/www.suno.com.br\/noticias\/veto-isencao-dos-fundos-deputado-arnaldo-jardim-gss\/#primaryimage\"},\"image\":{\"@id\":\"https:\/\/www.suno.com.br\/noticias\/veto-isencao-dos-fundos-deputado-arnaldo-jardim-gss\/#primaryimage\"},\"thumbnailUrl\":\"https:\/\/files.sunoresearch.com.br\/n\/uploads\/2025\/01\/Screenshot_30.png\",\"datePublished\":\"2025-01-17T21:11:37+00:00\",\"dateModified\":\"2025-01-17T21:11:40+00:00\",\"description\":\"O deputado Arnaldo Jardim participou de live promovida pela Suno para falar sobre o veto \u00e0 isen\u00e7\u00e3o dos fundos.\",\"breadcrumb\":{\"@id\":\"https:\/\/www.suno.com.br\/noticias\/veto-isencao-dos-fundos-deputado-arnaldo-jardim-gss\/#breadcrumb\"},\"inLanguage\":\"pt-BR\",\"potentialAction\":[{\"@type\":\"ReadAction\",\"target\":[\"https:\/\/www.suno.com.br\/noticias\/veto-isencao-dos-fundos-deputado-arnaldo-jardim-gss\/\"]}]},{\"@type\":\"ImageObject\",\"inLanguage\":\"pt-BR\",\"@id\":\"https:\/\/www.suno.com.br\/noticias\/veto-isencao-dos-fundos-deputado-arnaldo-jardim-gss\/#primaryimage\",\"url\":\"https:\/\/files.sunoresearch.com.br\/n\/uploads\/2025\/01\/Screenshot_30.png\",\"contentUrl\":\"https:\/\/files.sunoresearch.com.br\/n\/uploads\/2025\/01\/Screenshot_30.png\",\"width\":1439,\"height\":782,\"caption\":\"Foto: Reprodu\u00e7\u00e3o\"},{\"@type\":\"BreadcrumbList\",\"@id\":\"https:\/\/www.suno.com.br\/noticias\/veto-isencao-dos-fundos-deputado-arnaldo-jardim-gss\/#breadcrumb\",\"itemListElement\":[{\"@type\":\"ListItem\",\"position\":1,\"name\":\"Not\u00edcias\",\"item\":\"https:\/\/www.suno.com.br\/noticias\/\"},{\"@type\":\"ListItem\",\"position\":2,\"name\":\"Neg\u00f3cios\",\"item\":\"https:\/\/www.suno.com.br\/noticias\/negocios\/\"},{\"@type\":\"ListItem\",\"position\":3,\"name\":\"Isen\u00e7\u00e3o dos fundos: deputado explica poss\u00edvel derrubada de veto\"}]},{\"@type\":\"WebSite\",\"@id\":\"https:\/\/www.suno.com.br\/noticias\/#website\",\"url\":\"https:\/\/www.suno.com.br\/noticias\/\",\"name\":\"Suno Not\u00edcias\",\"description\":\"Seu portal de informa\u00e7\u00e3o sobre o mundo dos investimentos\",\"publisher\":{\"@id\":\"https:\/\/www.suno.com.br\/noticias\/#organization\"},\"potentialAction\":[{\"@type\":\"SearchAction\",\"target\":{\"@type\":\"EntryPoint\",\"urlTemplate\":\"https:\/\/www.suno.com.br\/noticias\/?s={search_term_string}\"},\"query-input\":{\"@type\":\"PropertyValueSpecification\",\"valueRequired\":true,\"valueName\":\"search_term_string\"}}],\"inLanguage\":\"pt-BR\"},{\"@type\":\"Organization\",\"@id\":\"https:\/\/www.suno.com.br\/noticias\/#organization\",\"name\":\"Suno Not\u00edcias\",\"url\":\"https:\/\/www.suno.com.br\/noticias\/\",\"logo\":{\"@type\":\"ImageObject\",\"inLanguage\":\"pt-BR\",\"@id\":\"https:\/\/www.suno.com.br\/noticias\/#\/schema\/logo\/image\/\",\"url\":\"https:\/\/files.sunoresearch.com.br\/n\/uploads\/2021\/09\/suno-logo.png\",\"contentUrl\":\"https:\/\/files.sunoresearch.com.br\/n\/uploads\/2021\/09\/suno-logo.png\",\"width\":180,\"height\":180,\"caption\":\"Suno Not\u00edcias\"},\"image\":{\"@id\":\"https:\/\/www.suno.com.br\/noticias\/#\/schema\/logo\/image\/\"},\"sameAs\":[\"https:\/\/facebook.com\/sunoresearch\",\"https:\/\/x.com\/sunoresearch\",\"https:\/\/www.instagram.com\/suno\",\"https:\/\/www.linkedin.com\/company\/suno-research\/\",\"https:\/\/www.youtube.com\/c\/sunoresearch\"]},{\"@type\":\"Person\",\"@id\":\"https:\/\/www.suno.com.br\/noticias\/#\/schema\/person\/d0f07e64bce64aa671feadfb844f04ca\",\"name\":\"Guilherme Serrano\",\"image\":{\"@type\":\"ImageObject\",\"inLanguage\":\"pt-BR\",\"@id\":\"https:\/\/www.suno.com.br\/noticias\/#\/schema\/person\/image\/\",\"url\":\"https:\/\/secure.gravatar.com\/avatar\/a90be19d8c67bef61497e4522de30ac4?s=96&r=g\",\"contentUrl\":\"https:\/\/secure.gravatar.com\/avatar\/a90be19d8c67bef61497e4522de30ac4?s=96&r=g\",\"caption\":\"Guilherme Serrano\"},\"description\":\"Jornalista formado pela Faculdade C\u00e1sper L\u00edbero e p\u00f3s-graduado em Can\u00e7\u00e3o Popular pela Faculdade Santa Marcelina. Passagens por R\u00e1dio Gazeta AM, gazetaesportiva.com e TC R\u00e1dio.\",\"url\":\"https:\/\/www.suno.com.br\/noticias\/author\/guilherme-silvasuno-com-br\/\"}]}<\/script>\n<!-- \/ Yoast SEO plugin. -->","yoast_head_json":{"title":"Isen\u00e7\u00e3o dos fundos: deputado explica poss\u00edvel derrubada de veto","description":"O deputado Arnaldo Jardim participou de live promovida pela Suno para falar sobre o veto \u00e0 isen\u00e7\u00e3o dos fundos.","robots":{"index":"index","follow":"follow","max-snippet":"max-snippet:-1","max-image-preview":"max-image-preview:large","max-video-preview":"max-video-preview:-1"},"canonical":"https:\/\/www.suno.com.br\/noticias\/veto-isencao-dos-fundos-deputado-arnaldo-jardim-gss\/","og_locale":"pt_BR","og_type":"article","og_title":"Isen\u00e7\u00e3o dos fundos: deputado explica poss\u00edvel derrubada de veto","og_description":"O deputado Arnaldo Jardim participou de live promovida pela Suno para falar sobre o veto \u00e0 isen\u00e7\u00e3o dos fundos.","og_url":"https:\/\/www.suno.com.br\/noticias\/veto-isencao-dos-fundos-deputado-arnaldo-jardim-gss\/","og_site_name":"Suno Not\u00edcias","article_publisher":"https:\/\/facebook.com\/sunoresearch","og_image":[{"width":1439,"height":782,"url":"https:\/\/files.sunoresearch.com.br\/n\/uploads\/2025\/01\/Screenshot_30.png","type":"image\/png"}],"author":"Guilherme Serrano","twitter_card":"summary_large_image","twitter_creator":"@sunoresearch","twitter_site":"@sunoresearch","twitter_misc":{"Escrito por":"Guilherme Serrano","Est. tempo de leitura":"3 minutos"},"schema":{"@context":"https:\/\/schema.org","@graph":[{"@type":"NewsArticle","@id":"https:\/\/www.suno.com.br\/noticias\/veto-isencao-dos-fundos-deputado-arnaldo-jardim-gss\/#article","isPartOf":{"@id":"https:\/\/www.suno.com.br\/noticias\/veto-isencao-dos-fundos-deputado-arnaldo-jardim-gss\/"},"author":{"name":"Guilherme Serrano","@id":"https:\/\/www.suno.com.br\/noticias\/#\/schema\/person\/d0f07e64bce64aa671feadfb844f04ca"},"headline":"Isen\u00e7\u00e3o dos fundos: deputado explica poss\u00edvel derrubada de veto","datePublished":"2025-01-17T21:11:37+00:00","dateModified":"2025-01-17T21:11:40+00:00","mainEntityOfPage":{"@id":"https:\/\/www.suno.com.br\/noticias\/veto-isencao-dos-fundos-deputado-arnaldo-jardim-gss\/"},"wordCount":607,"publisher":{"@id":"https:\/\/www.suno.com.br\/noticias\/#organization"},"image":{"@id":"https:\/\/www.suno.com.br\/noticias\/veto-isencao-dos-fundos-deputado-arnaldo-jardim-gss\/#primaryimage"},"thumbnailUrl":"https:\/\/files.sunoresearch.com.br\/n\/uploads\/2025\/01\/Screenshot_30.png","keywords":["Fundos de investimento"],"articleSection":["Neg\u00f3cios"],"inLanguage":"pt-BR"},{"@type":"WebPage","@id":"https:\/\/www.suno.com.br\/noticias\/veto-isencao-dos-fundos-deputado-arnaldo-jardim-gss\/","url":"https:\/\/www.suno.com.br\/noticias\/veto-isencao-dos-fundos-deputado-arnaldo-jardim-gss\/","name":"Isen\u00e7\u00e3o dos fundos: deputado explica poss\u00edvel derrubada de veto","isPartOf":{"@id":"https:\/\/www.suno.com.br\/noticias\/#website"},"primaryImageOfPage":{"@id":"https:\/\/www.suno.com.br\/noticias\/veto-isencao-dos-fundos-deputado-arnaldo-jardim-gss\/#primaryimage"},"image":{"@id":"https:\/\/www.suno.com.br\/noticias\/veto-isencao-dos-fundos-deputado-arnaldo-jardim-gss\/#primaryimage"},"thumbnailUrl":"https:\/\/files.sunoresearch.com.br\/n\/uploads\/2025\/01\/Screenshot_30.png","datePublished":"2025-01-17T21:11:37+00:00","dateModified":"2025-01-17T21:11:40+00:00","description":"O deputado Arnaldo Jardim participou de live promovida pela Suno para falar sobre o veto \u00e0 isen\u00e7\u00e3o dos fundos.","breadcrumb":{"@id":"https:\/\/www.suno.com.br\/noticias\/veto-isencao-dos-fundos-deputado-arnaldo-jardim-gss\/#breadcrumb"},"inLanguage":"pt-BR","potentialAction":[{"@type":"ReadAction","target":["https:\/\/www.suno.com.br\/noticias\/veto-isencao-dos-fundos-deputado-arnaldo-jardim-gss\/"]}]},{"@type":"ImageObject","inLanguage":"pt-BR","@id":"https:\/\/www.suno.com.br\/noticias\/veto-isencao-dos-fundos-deputado-arnaldo-jardim-gss\/#primaryimage","url":"https:\/\/files.sunoresearch.com.br\/n\/uploads\/2025\/01\/Screenshot_30.png","contentUrl":"https:\/\/files.sunoresearch.com.br\/n\/uploads\/2025\/01\/Screenshot_30.png","width":1439,"height":782,"caption":"Foto: Reprodu\u00e7\u00e3o"},{"@type":"BreadcrumbList","@id":"https:\/\/www.suno.com.br\/noticias\/veto-isencao-dos-fundos-deputado-arnaldo-jardim-gss\/#breadcrumb","itemListElement":[{"@type":"ListItem","position":1,"name":"Not\u00edcias","item":"https:\/\/www.suno.com.br\/noticias\/"},{"@type":"ListItem","position":2,"name":"Neg\u00f3cios","item":"https:\/\/www.suno.com.br\/noticias\/negocios\/"},{"@type":"ListItem","position":3,"name":"Isen\u00e7\u00e3o dos fundos: deputado explica poss\u00edvel derrubada de veto"}]},{"@type":"WebSite","@id":"https:\/\/www.suno.com.br\/noticias\/#website","url":"https:\/\/www.suno.com.br\/noticias\/","name":"Suno Not\u00edcias","description":"Seu portal de informa\u00e7\u00e3o sobre o mundo dos investimentos","publisher":{"@id":"https:\/\/www.suno.com.br\/noticias\/#organization"},"potentialAction":[{"@type":"SearchAction","target":{"@type":"EntryPoint","urlTemplate":"https:\/\/www.suno.com.br\/noticias\/?s={search_term_string}"},"query-input":{"@type":"PropertyValueSpecification","valueRequired":true,"valueName":"search_term_string"}}],"inLanguage":"pt-BR"},{"@type":"Organization","@id":"https:\/\/www.suno.com.br\/noticias\/#organization","name":"Suno Not\u00edcias","url":"https:\/\/www.suno.com.br\/noticias\/","logo":{"@type":"ImageObject","inLanguage":"pt-BR","@id":"https:\/\/www.suno.com.br\/noticias\/#\/schema\/logo\/image\/","url":"https:\/\/files.sunoresearch.com.br\/n\/uploads\/2021\/09\/suno-logo.png","contentUrl":"https:\/\/files.sunoresearch.com.br\/n\/uploads\/2021\/09\/suno-logo.png","width":180,"height":180,"caption":"Suno Not\u00edcias"},"image":{"@id":"https:\/\/www.suno.com.br\/noticias\/#\/schema\/logo\/image\/"},"sameAs":["https:\/\/facebook.com\/sunoresearch","https:\/\/x.com\/sunoresearch","https:\/\/www.instagram.com\/suno","https:\/\/www.linkedin.com\/company\/suno-research\/","https:\/\/www.youtube.com\/c\/sunoresearch"]},{"@type":"Person","@id":"https:\/\/www.suno.com.br\/noticias\/#\/schema\/person\/d0f07e64bce64aa671feadfb844f04ca","name":"Guilherme Serrano","image":{"@type":"ImageObject","inLanguage":"pt-BR","@id":"https:\/\/www.suno.com.br\/noticias\/#\/schema\/person\/image\/","url":"https:\/\/secure.gravatar.com\/avatar\/a90be19d8c67bef61497e4522de30ac4?s=96&r=g","contentUrl":"https:\/\/secure.gravatar.com\/avatar\/a90be19d8c67bef61497e4522de30ac4?s=96&r=g","caption":"Guilherme Serrano"},"description":"Jornalista formado pela Faculdade C\u00e1sper L\u00edbero e p\u00f3s-graduado em Can\u00e7\u00e3o Popular pela Faculdade Santa Marcelina. Passagens por R\u00e1dio Gazeta AM, gazetaesportiva.com e TC R\u00e1dio.","url":"https:\/\/www.suno.com.br\/noticias\/author\/guilherme-silvasuno-com-br\/"}]}},"default_loop_html":"<div class=\"cardsPage__listCard__boxs\"><div class=\"cardsPage__listCard__boxs__img\"><a href=\"https:\/\/www.suno.com.br\/noticias\/veto-isencao-dos-fundos-deputado-arnaldo-jardim-gss\/\"><img class=\"mask\" src=\"https:\/\/www.suno.com.br\/noticias\/wp-content\/themes\/suno\/resources\/images\/spotlight\/spotlight1img\/bg-mask.png\" alt=\"Image Mask\"\/><img src=\"https:\/\/files.sunoresearch.com.br\/n\/uploads\/2025\/01\/Screenshot_30-400x200.png\" alt=\"Isen\u00e7\u00e3o dos fundos: deputado explica poss\u00edvel derrubada de veto\"\/><\/a><span class=\"spotlightCategory\"><a href=\"https:\/\/www.suno.com.br\/noticias\/negocios\/\">Neg\u00f3cios<\/a><\/span><\/div><div class=\"cardsPage__listCard__boxs__content\"><a href=\"https:\/\/www.suno.com.br\/noticias\/veto-isencao-dos-fundos-deputado-arnaldo-jardim-gss\/\"><h2 class=\"content__title\">Isen\u00e7\u00e3o dos fundos: deputado explica poss\u00edvel derrubada de veto<\/h2><\/a><div class=\"newsContent__article__meta\"><div class=\"newsContent__article__meta__authorBox\"><a href=\"https:\/\/www.suno.com.br\/noticias\/author\/guilherme-silvasuno-com-br\/\" class=\"authorBox__avatar noMobi\"><img src=\"https:\/\/secure.gravatar.com\/avatar\/a90be19d8c67bef61497e4522de30ac4?s=96&#038;r=g\" alt=\"Guilherme Serrano\"><\/a><div class=\"authorBox__name\"><span>por\n\t\t\t<a href=\"https:\/\/www.suno.com.br\/noticias\/author\/guilherme-silvasuno-com-br\/\"><span itemprop=\"author\">Guilherme Serrano<\/span><\/a><\/span><time datetime=\"2025-01-17T18:11:37-03:00\" itemprop=\"datePublished\">17\/01\/2025 18:11<\/time><\/div><\/div><\/div><\/div><\/div>","single_layout":"posts","amp_enabled":true,"_links":{"self":[{"href":"https:\/\/www.suno.com.br\/noticias\/wp-json\/wp\/v2\/posts\/591262"}],"collection":[{"href":"https:\/\/www.suno.com.br\/noticias\/wp-json\/wp\/v2\/posts"}],"about":[{"href":"https:\/\/www.suno.com.br\/noticias\/wp-json\/wp\/v2\/types\/post"}],"author":[{"embeddable":true,"href":"https:\/\/www.suno.com.br\/noticias\/wp-json\/wp\/v2\/users\/376"}],"replies":[{"embeddable":true,"href":"https:\/\/www.suno.com.br\/noticias\/wp-json\/wp\/v2\/comments?post=591262"}],"version-history":[{"count":2,"href":"https:\/\/www.suno.com.br\/noticias\/wp-json\/wp\/v2\/posts\/591262\/revisions"}],"predecessor-version":[{"id":591267,"href":"https:\/\/www.suno.com.br\/noticias\/wp-json\/wp\/v2\/posts\/591262\/revisions\/591267"}],"wp:featuredmedia":[{"embeddable":true,"href":"https:\/\/www.suno.com.br\/noticias\/wp-json\/wp\/v2\/media\/591265"}],"wp:attachment":[{"href":"https:\/\/www.suno.com.br\/noticias\/wp-json\/wp\/v2\/media?parent=591262"}],"wp:term":[{"taxonomy":"category","embeddable":true,"href":"https:\/\/www.suno.com.br\/noticias\/wp-json\/wp\/v2\/categories?post=591262"},{"taxonomy":"post_tag","embeddable":true,"href":"https:\/\/www.suno.com.br\/noticias\/wp-json\/wp\/v2\/tags?post=591262"},{"taxonomy":"suno_strategy","embeddable":true,"href":"https:\/\/www.suno.com.br\/noticias\/wp-json\/wp\/v2\/suno_strategy?post=591262"}],"curies":[{"name":"wp","href":"https:\/\/api.w.org\/{rel}","templated":true}]}}