{"id":591246,"date":"2025-01-17T17:39:13","date_gmt":"2025-01-17T20:39:13","guid":{"rendered":"https:\/\/www.suno.com.br\/noticias\/?p=591246"},"modified":"2025-01-17T17:39:16","modified_gmt":"2025-01-17T20:39:16","slug":"fpa-posiciona-veto-isencao-fundos-gss","status":"publish","type":"post","link":"https:\/\/www.suno.com.br\/noticias\/fpa-posiciona-veto-isencao-fundos-gss\/","title":{"rendered":"FPA se posiciona sobre veto \u00e0 isen\u00e7\u00e3o aos fundos"},"content":{"rendered":"<p>A Frente Parlamentar da Agropecu\u00e1ria (FPA) divulgou uma nota manifestando sua insatisfa\u00e7\u00e3o com o veto presidencial \u00e0 isen\u00e7\u00e3o tribut\u00e1ria dos <strong>fundos<\/strong> de investimento. <\/p>\t<div class=\"wrapper-featured-image\">\n\t\t<figure class=\"spotlightImg\">\n\n\t\t\t<picture>\n\t\t\t\t<source media=\"(max-width: 768px)\" srcset=\"https:\/\/files.sunoresearch.com.br\/n\/uploads\/2025\/01\/14937-400x200.jpg\">\n\t\t\t\t<img loading=\"lazy\" decoding=\"async\" class=\"newsContent__article__imgCapa lazyloadDisabled \" src=\"https:\/\/files.sunoresearch.com.br\/n\/uploads\/2025\/01\/14937-800x450.jpg\" width=\"800\" height=\"450\" alt=\"FPA se posiciona sobre veto \u00e0 isen\u00e7\u00e3o aos fundos\" fetchpriority=high \/>\n\t\t\t<\/picture>\n\n\t\t\t<figcaption class=\"wp-caption-text wp-caption-text--show\">Foto: Freepik<\/figcaption>\n\t\t<\/figure>\n\t<\/div>\n\n\n\n\n\n\n\n\t<p>\n\t\t<a href=\"https:\/\/lp.suno.com.br\/plataforma-de-controle-de-investimentos\/\" target=\"_blank\" data-element=\"shortcode-suno-banner\" title=\"Banner SUNO, clique e saiba mais\">\n\t\t\t<picture>\n\t\t\t\t<source media=\"(max-width: 500px)\" srcset=\"https:\/\/files.sunoresearch.com.br\/n\/uploads\/2023\/03\/400x300-Controle-de-Investimentos.png\">\n\t\t\t\t<img class=\"newsContent__article__imgCapa newsContent__article__imgCapa--banner\"\n\t\t\t\t\tsrc=\"https:\/\/files.sunoresearch.com.br\/n\/uploads\/2023\/03\/1420x240-Controle-de-Investimentos.png\"\n\t\t\t\t\tdata-promo-id=\"383162\"\t\t\t\t\t\t\t\t\t\twidth='1420' height='240'\t\t\t\t\talt=\"https:\/\/files.sunoresearch.com.br\/n\/uploads\/2023\/03\/1420x240-Controle-de-Investimentos.png\"\n\t\t\t\t>\n\t\t\t<\/picture>\n\t\t<\/a>\n\t<\/p>\n\n\n\n\n\n<p>A decis\u00e3o, parte da <strong>Reforma Tribut\u00e1ria<\/strong>, \u00e9 vista como prejudicial aos setores do agroneg\u00f3cio e da constru\u00e7\u00e3o civil, al\u00e9m de ter potencial para limitar o acesso de pequenos investidores ao <a class=\"suno-keyword\" target=\"_blank\" data-force=\"no\" data-priority=\"1\" href=\"https:\/\/www.suno.com.br\/artigos\/mercado-de-capitais-conceito\/\" rel=\"noopener\">mercado de capitais<\/a>.<\/p>\n\n\n\n<p>Os <strong>FIIs<\/strong>, com patrim\u00f4nio superior a R$ 300 bilh\u00f5es e uma base de quase 3 milh\u00f5es de investidores, s\u00e3o fundamentais para o financiamento de projetos imobili\u00e1rios e para a <a class=\"suno-keyword\" target=\"_blank\" data-force=\"no\" data-priority=\"1\" href=\"https:\/\/www.suno.com.br\/artigos\/concessao-de-credito\/\" rel=\"noopener\">concess\u00e3o de cr\u00e9dito<\/a>, diz a <strong>FPA<\/strong>. J\u00e1 os Fiagros, criados em 2021, acumulam mais de R$ 40 bilh\u00f5es em patrim\u00f4nio, quase inteiramente alocados no <a class=\"suno-keyword\" target=\"_blank\" data-force=\"no\" data-priority=\"1\" href=\"https:\/\/www.suno.com.br\/artigos\/credito-rural\/\" rel=\"noopener\">cr\u00e9dito rural<\/a>. <\/p>\n\n\n\n<p>Segundo a FPA, esses fundos democratizam o acesso a investimentos, com aportes acess\u00edveis a partir de R$ 6,00, e s\u00e3o essenciais para sustentar o desenvolvimento de setores estrat\u00e9gicos da economia.<\/p>\n\n\n\n<p>No caso do agroneg\u00f3cio, que responde por quase 25% do PIB nacional e emprega 28,6 milh\u00f5es de brasileiros, os <strong>Fiagros<\/strong> preenchem a lacuna deixada pelo cr\u00e9dito p\u00fablico e banc\u00e1rio. <\/p>\n\n\n\n\t<div data-element=\"shortcode-read-more\" class=\"readToo\">\n\t\t\t\t<span class=\"readToo__title\">Leia mais<\/span>\n\t\t\t\t<ul class=\"readToo__list\">\n\t\t\t<li><a href=\"https:\/\/www.suno.com.br\/noticias\/dividendos-o-que-muda-fiis-fiagros-veto-isencao\/\">Dividendos podem cair? O que muda em FIIs e Fiagros com veto \u00e0 isen\u00e7\u00e3o?<\/a><\/li><li><a href=\"https:\/\/www.suno.com.br\/noticias\/isencao-dos-fundos-mobilizacao-derrubada-veto-gss\/\">Isen\u00e7\u00e3o dos fundos: deputado diz que j\u00e1 h\u00e1 mobiliza\u00e7\u00e3o por derrubada do veto<\/a><\/li><li><a href=\"https:\/\/www.suno.com.br\/noticias\/isencao-aos-fundos-veto-impactos-gss\/\">Quais s\u00e3o os impactos econ\u00f4micos do fim da isen\u00e7\u00e3o aos fundos?<\/a><\/li><li><a href=\"https:\/\/www.suno.com.br\/noticias\/fundos-de-investimento-veto-entenda-baroni-gss\/\">Fundos de investimento: saiba tudo sobre o veto \u00e0 isen\u00e7\u00e3o de impostos<\/a><\/li><li><a href=\"https:\/\/www.suno.com.br\/noticias\/reforma-tributaria-lula-veta-isencao-gss\/\">Reforma tribut\u00e1ria: Lula veta isen\u00e7\u00e3o para fundos de investimento<\/a><\/li>\t\t<\/ul>\n\t<\/div>\n\n\n\n\n<p>&#8220;A taxa\u00e7\u00e3o desses fundos compromete a competitividade, aumenta os custos para produtores e afeta diretamente a oferta de cr\u00e9dito ao setor&#8221;, alerta a <strong>Frente Parlamentar da Agropecu\u00e1ria<\/strong>.<\/p>\n\n\n\n<p>A Frente destaca ainda que o veto pode gerar um efeito cascata sobre a economia. Com o aumento dos custos financeiros, a expectativa \u00e9 de eleva\u00e7\u00e3o dos juros, redu\u00e7\u00e3o do cr\u00e9dito dispon\u00edvel e desacelera\u00e7\u00e3o em setores como o imobili\u00e1rio e o agroneg\u00f3cio, considerados motores do crescimento econ\u00f4mico brasileiro.<\/p>\n\n\n\n<p>&#8220;A taxa\u00e7\u00e3o atinge n\u00e3o s\u00f3 grandes investidores, mas tamb\u00e9m pequenos poupadores, que veem nesses fundos uma oportunidade acess\u00edvel de aplicar seus recursos&#8221;, afirma a nota. <\/p>\n\n\n\n<p>Segundo a FPA, essas medidas penalizam justamente os grupos que mais contribuem para a inclus\u00e3o no mercado de capitais.<\/p>\n\n\n\n<p>Diante do cen\u00e1rio, a FPA anunciou que trabalhar\u00e1 no Congresso Nacional para derrubar o veto presidencial. A Frente pretende articular um movimento que garanta o tratamento tribut\u00e1rio diferenciado para os <strong>fundos<\/strong> de investimento, preservando a competitividade e o <a class=\"suno-keyword\" target=\"_blank\" data-force=\"no\" data-priority=\"1\" href=\"https:\/\/www.suno.com.br\/artigos\/desenvolvimento-economico\/\" rel=\"noopener\">desenvolvimento econ\u00f4mico<\/a> sustent\u00e1vel do pa\u00eds.<\/p>\n\n\n\t<p>\n\t\t<a href=\"\" target=\"_blank\" data-element=\"shortcode-suno-banner\" title=\"Banner SUNO, clique e saiba mais\">\n\t\t\t<picture>\n\t\t\t\t<source media=\"(max-width: 500px)\" srcset=\"\">\n\t\t\t\t<img class=\"newsContent__article__imgCapa newsContent__article__imgCapa--banner\"\n\t\t\t\t\tsrc=\"\"\n\t\t\t\t\tdata-promo-id=\"77014\"\t\t\t\t\t\t\t\t\t\t\t\t\t\t\talt=\"\"\n\t\t\t\t>\n\t\t\t<\/picture>\n\t\t<\/a>\n\t<\/p>\n\n\n","protected":false},"excerpt":{"rendered":"<p>A Frente Parlamentar da Agropecu\u00e1ria (FPA) divulgou uma nota manifestando sua insatisfa\u00e7\u00e3o com o veto presidencial \u00e0 isen\u00e7\u00e3o tribut\u00e1ria dos fundos de investimento. Foto: Freepik A decis\u00e3o, parte da Reforma Tribut\u00e1ria, \u00e9 vista como prejudicial aos setores do agroneg\u00f3cio e da constru\u00e7\u00e3o civil, al\u00e9m de ter potencial para limitar o acesso de pequenos investidores ao [&hellip;]<\/p>\n","protected":false},"author":376,"featured_media":591253,"comment_status":"closed","ping_status":"closed","sticky":false,"template":"","format":"standard","meta":[],"categories":[64],"tags":[313],"suno_strategy":[],"class_list":["post-591246","post","type-post","status-publish","format-standard","has-post-thumbnail","hentry","category-negocios","tag-fundos-de-investimento"],"yoast_head":"<!-- This site is optimized with the Yoast SEO plugin v24.4 - https:\/\/yoast.com\/wordpress\/plugins\/seo\/ -->\n<title>FPA se posiciona sobre veto \u00e0 isen\u00e7\u00e3o aos fundos<\/title>\n<meta name=\"description\" content=\"A Frente Parlamentar da Agropecu\u00e1ria (FPA) manifestou sua insatisfa\u00e7\u00e3o com o veto \u00e0 isen\u00e7\u00e3o tribut\u00e1ria dos fundos de investimento.\" \/>\n<meta name=\"robots\" content=\"index, follow, max-snippet:-1, max-image-preview:large, max-video-preview:-1\" \/>\n<link rel=\"canonical\" href=\"https:\/\/www.suno.com.br\/noticias\/fpa-posiciona-veto-isencao-fundos-gss\/\" \/>\n<meta property=\"og:locale\" content=\"pt_BR\" \/>\n<meta property=\"og:type\" content=\"article\" \/>\n<meta property=\"og:title\" content=\"FPA se posiciona sobre veto \u00e0 isen\u00e7\u00e3o aos fundos\" \/>\n<meta property=\"og:description\" content=\"A Frente Parlamentar da Agropecu\u00e1ria (FPA) manifestou sua insatisfa\u00e7\u00e3o com o veto \u00e0 isen\u00e7\u00e3o tribut\u00e1ria dos fundos de investimento.\" \/>\n<meta property=\"og:url\" content=\"https:\/\/www.suno.com.br\/noticias\/fpa-posiciona-veto-isencao-fundos-gss\/\" \/>\n<meta property=\"og:site_name\" content=\"Suno Not\u00edcias\" \/>\n<meta property=\"article:publisher\" content=\"https:\/\/facebook.com\/sunoresearch\" \/>\n<meta property=\"og:image\" content=\"https:\/\/files.sunoresearch.com.br\/n\/uploads\/2025\/01\/14937.jpg\" \/>\n\t<meta property=\"og:image:width\" content=\"1500\" \/>\n\t<meta property=\"og:image:height\" content=\"1000\" \/>\n\t<meta property=\"og:image:type\" content=\"image\/jpeg\" \/>\n<meta name=\"author\" content=\"Guilherme Serrano\" \/>\n<meta name=\"twitter:card\" content=\"summary_large_image\" \/>\n<meta name=\"twitter:creator\" content=\"@sunoresearch\" \/>\n<meta name=\"twitter:site\" content=\"@sunoresearch\" \/>\n<meta name=\"twitter:label1\" content=\"Escrito por\" \/>\n\t<meta name=\"twitter:data1\" content=\"Guilherme Serrano\" \/>\n\t<meta name=\"twitter:label2\" content=\"Est. tempo de leitura\" \/>\n\t<meta name=\"twitter:data2\" content=\"2 minutos\" \/>\n<script type=\"application\/ld+json\" class=\"yoast-schema-graph\">{\"@context\":\"https:\/\/schema.org\",\"@graph\":[{\"@type\":\"NewsArticle\",\"@id\":\"https:\/\/www.suno.com.br\/noticias\/fpa-posiciona-veto-isencao-fundos-gss\/#article\",\"isPartOf\":{\"@id\":\"https:\/\/www.suno.com.br\/noticias\/fpa-posiciona-veto-isencao-fundos-gss\/\"},\"author\":{\"name\":\"Guilherme Serrano\",\"@id\":\"https:\/\/www.suno.com.br\/noticias\/#\/schema\/person\/d0f07e64bce64aa671feadfb844f04ca\"},\"headline\":\"FPA se posiciona sobre veto \u00e0 isen\u00e7\u00e3o aos fundos\",\"datePublished\":\"2025-01-17T20:39:13+00:00\",\"dateModified\":\"2025-01-17T20:39:16+00:00\",\"mainEntityOfPage\":{\"@id\":\"https:\/\/www.suno.com.br\/noticias\/fpa-posiciona-veto-isencao-fundos-gss\/\"},\"wordCount\":385,\"publisher\":{\"@id\":\"https:\/\/www.suno.com.br\/noticias\/#organization\"},\"image\":{\"@id\":\"https:\/\/www.suno.com.br\/noticias\/fpa-posiciona-veto-isencao-fundos-gss\/#primaryimage\"},\"thumbnailUrl\":\"https:\/\/files.sunoresearch.com.br\/n\/uploads\/2025\/01\/14937.jpg\",\"keywords\":[\"Fundos de investimento\"],\"articleSection\":[\"Neg\u00f3cios\"],\"inLanguage\":\"pt-BR\"},{\"@type\":\"WebPage\",\"@id\":\"https:\/\/www.suno.com.br\/noticias\/fpa-posiciona-veto-isencao-fundos-gss\/\",\"url\":\"https:\/\/www.suno.com.br\/noticias\/fpa-posiciona-veto-isencao-fundos-gss\/\",\"name\":\"FPA se posiciona sobre veto \u00e0 isen\u00e7\u00e3o aos fundos\",\"isPartOf\":{\"@id\":\"https:\/\/www.suno.com.br\/noticias\/#website\"},\"primaryImageOfPage\":{\"@id\":\"https:\/\/www.suno.com.br\/noticias\/fpa-posiciona-veto-isencao-fundos-gss\/#primaryimage\"},\"image\":{\"@id\":\"https:\/\/www.suno.com.br\/noticias\/fpa-posiciona-veto-isencao-fundos-gss\/#primaryimage\"},\"thumbnailUrl\":\"https:\/\/files.sunoresearch.com.br\/n\/uploads\/2025\/01\/14937.jpg\",\"datePublished\":\"2025-01-17T20:39:13+00:00\",\"dateModified\":\"2025-01-17T20:39:16+00:00\",\"description\":\"A Frente Parlamentar da Agropecu\u00e1ria (FPA) manifestou sua insatisfa\u00e7\u00e3o com o veto \u00e0 isen\u00e7\u00e3o tribut\u00e1ria dos fundos de investimento.\",\"breadcrumb\":{\"@id\":\"https:\/\/www.suno.com.br\/noticias\/fpa-posiciona-veto-isencao-fundos-gss\/#breadcrumb\"},\"inLanguage\":\"pt-BR\",\"potentialAction\":[{\"@type\":\"ReadAction\",\"target\":[\"https:\/\/www.suno.com.br\/noticias\/fpa-posiciona-veto-isencao-fundos-gss\/\"]}]},{\"@type\":\"ImageObject\",\"inLanguage\":\"pt-BR\",\"@id\":\"https:\/\/www.suno.com.br\/noticias\/fpa-posiciona-veto-isencao-fundos-gss\/#primaryimage\",\"url\":\"https:\/\/files.sunoresearch.com.br\/n\/uploads\/2025\/01\/14937.jpg\",\"contentUrl\":\"https:\/\/files.sunoresearch.com.br\/n\/uploads\/2025\/01\/14937.jpg\",\"width\":1500,\"height\":1000,\"caption\":\"Foto: Freepik\"},{\"@type\":\"BreadcrumbList\",\"@id\":\"https:\/\/www.suno.com.br\/noticias\/fpa-posiciona-veto-isencao-fundos-gss\/#breadcrumb\",\"itemListElement\":[{\"@type\":\"ListItem\",\"position\":1,\"name\":\"Not\u00edcias\",\"item\":\"https:\/\/www.suno.com.br\/noticias\/\"},{\"@type\":\"ListItem\",\"position\":2,\"name\":\"Neg\u00f3cios\",\"item\":\"https:\/\/www.suno.com.br\/noticias\/negocios\/\"},{\"@type\":\"ListItem\",\"position\":3,\"name\":\"FPA se posiciona sobre veto \u00e0 isen\u00e7\u00e3o aos fundos\"}]},{\"@type\":\"WebSite\",\"@id\":\"https:\/\/www.suno.com.br\/noticias\/#website\",\"url\":\"https:\/\/www.suno.com.br\/noticias\/\",\"name\":\"Suno Not\u00edcias\",\"description\":\"Seu portal de informa\u00e7\u00e3o sobre o mundo dos investimentos\",\"publisher\":{\"@id\":\"https:\/\/www.suno.com.br\/noticias\/#organization\"},\"potentialAction\":[{\"@type\":\"SearchAction\",\"target\":{\"@type\":\"EntryPoint\",\"urlTemplate\":\"https:\/\/www.suno.com.br\/noticias\/?s={search_term_string}\"},\"query-input\":{\"@type\":\"PropertyValueSpecification\",\"valueRequired\":true,\"valueName\":\"search_term_string\"}}],\"inLanguage\":\"pt-BR\"},{\"@type\":\"Organization\",\"@id\":\"https:\/\/www.suno.com.br\/noticias\/#organization\",\"name\":\"Suno Not\u00edcias\",\"url\":\"https:\/\/www.suno.com.br\/noticias\/\",\"logo\":{\"@type\":\"ImageObject\",\"inLanguage\":\"pt-BR\",\"@id\":\"https:\/\/www.suno.com.br\/noticias\/#\/schema\/logo\/image\/\",\"url\":\"https:\/\/files.sunoresearch.com.br\/n\/uploads\/2021\/09\/suno-logo.png\",\"contentUrl\":\"https:\/\/files.sunoresearch.com.br\/n\/uploads\/2021\/09\/suno-logo.png\",\"width\":180,\"height\":180,\"caption\":\"Suno Not\u00edcias\"},\"image\":{\"@id\":\"https:\/\/www.suno.com.br\/noticias\/#\/schema\/logo\/image\/\"},\"sameAs\":[\"https:\/\/facebook.com\/sunoresearch\",\"https:\/\/x.com\/sunoresearch\",\"https:\/\/www.instagram.com\/suno\",\"https:\/\/www.linkedin.com\/company\/suno-research\/\",\"https:\/\/www.youtube.com\/c\/sunoresearch\"]},{\"@type\":\"Person\",\"@id\":\"https:\/\/www.suno.com.br\/noticias\/#\/schema\/person\/d0f07e64bce64aa671feadfb844f04ca\",\"name\":\"Guilherme Serrano\",\"image\":{\"@type\":\"ImageObject\",\"inLanguage\":\"pt-BR\",\"@id\":\"https:\/\/www.suno.com.br\/noticias\/#\/schema\/person\/image\/\",\"url\":\"https:\/\/secure.gravatar.com\/avatar\/a90be19d8c67bef61497e4522de30ac4?s=96&r=g\",\"contentUrl\":\"https:\/\/secure.gravatar.com\/avatar\/a90be19d8c67bef61497e4522de30ac4?s=96&r=g\",\"caption\":\"Guilherme Serrano\"},\"description\":\"Jornalista formado pela Faculdade C\u00e1sper L\u00edbero e p\u00f3s-graduado em Can\u00e7\u00e3o Popular pela Faculdade Santa Marcelina. Passagens por R\u00e1dio Gazeta AM, gazetaesportiva.com e TC R\u00e1dio.\",\"url\":\"https:\/\/www.suno.com.br\/noticias\/author\/guilherme-silvasuno-com-br\/\"}]}<\/script>\n<!-- \/ Yoast SEO plugin. -->","yoast_head_json":{"title":"FPA se posiciona sobre veto \u00e0 isen\u00e7\u00e3o aos fundos","description":"A Frente Parlamentar da Agropecu\u00e1ria (FPA) manifestou sua insatisfa\u00e7\u00e3o com o veto \u00e0 isen\u00e7\u00e3o tribut\u00e1ria dos fundos de investimento.","robots":{"index":"index","follow":"follow","max-snippet":"max-snippet:-1","max-image-preview":"max-image-preview:large","max-video-preview":"max-video-preview:-1"},"canonical":"https:\/\/www.suno.com.br\/noticias\/fpa-posiciona-veto-isencao-fundos-gss\/","og_locale":"pt_BR","og_type":"article","og_title":"FPA se posiciona sobre veto \u00e0 isen\u00e7\u00e3o aos fundos","og_description":"A Frente Parlamentar da Agropecu\u00e1ria (FPA) manifestou sua insatisfa\u00e7\u00e3o com o veto \u00e0 isen\u00e7\u00e3o tribut\u00e1ria dos fundos de investimento.","og_url":"https:\/\/www.suno.com.br\/noticias\/fpa-posiciona-veto-isencao-fundos-gss\/","og_site_name":"Suno Not\u00edcias","article_publisher":"https:\/\/facebook.com\/sunoresearch","og_image":[{"width":1500,"height":1000,"url":"https:\/\/files.sunoresearch.com.br\/n\/uploads\/2025\/01\/14937.jpg","type":"image\/jpeg"}],"author":"Guilherme Serrano","twitter_card":"summary_large_image","twitter_creator":"@sunoresearch","twitter_site":"@sunoresearch","twitter_misc":{"Escrito por":"Guilherme Serrano","Est. tempo de leitura":"2 minutos"},"schema":{"@context":"https:\/\/schema.org","@graph":[{"@type":"NewsArticle","@id":"https:\/\/www.suno.com.br\/noticias\/fpa-posiciona-veto-isencao-fundos-gss\/#article","isPartOf":{"@id":"https:\/\/www.suno.com.br\/noticias\/fpa-posiciona-veto-isencao-fundos-gss\/"},"author":{"name":"Guilherme Serrano","@id":"https:\/\/www.suno.com.br\/noticias\/#\/schema\/person\/d0f07e64bce64aa671feadfb844f04ca"},"headline":"FPA se posiciona sobre veto \u00e0 isen\u00e7\u00e3o aos fundos","datePublished":"2025-01-17T20:39:13+00:00","dateModified":"2025-01-17T20:39:16+00:00","mainEntityOfPage":{"@id":"https:\/\/www.suno.com.br\/noticias\/fpa-posiciona-veto-isencao-fundos-gss\/"},"wordCount":385,"publisher":{"@id":"https:\/\/www.suno.com.br\/noticias\/#organization"},"image":{"@id":"https:\/\/www.suno.com.br\/noticias\/fpa-posiciona-veto-isencao-fundos-gss\/#primaryimage"},"thumbnailUrl":"https:\/\/files.sunoresearch.com.br\/n\/uploads\/2025\/01\/14937.jpg","keywords":["Fundos de investimento"],"articleSection":["Neg\u00f3cios"],"inLanguage":"pt-BR"},{"@type":"WebPage","@id":"https:\/\/www.suno.com.br\/noticias\/fpa-posiciona-veto-isencao-fundos-gss\/","url":"https:\/\/www.suno.com.br\/noticias\/fpa-posiciona-veto-isencao-fundos-gss\/","name":"FPA se posiciona sobre veto \u00e0 isen\u00e7\u00e3o aos fundos","isPartOf":{"@id":"https:\/\/www.suno.com.br\/noticias\/#website"},"primaryImageOfPage":{"@id":"https:\/\/www.suno.com.br\/noticias\/fpa-posiciona-veto-isencao-fundos-gss\/#primaryimage"},"image":{"@id":"https:\/\/www.suno.com.br\/noticias\/fpa-posiciona-veto-isencao-fundos-gss\/#primaryimage"},"thumbnailUrl":"https:\/\/files.sunoresearch.com.br\/n\/uploads\/2025\/01\/14937.jpg","datePublished":"2025-01-17T20:39:13+00:00","dateModified":"2025-01-17T20:39:16+00:00","description":"A Frente Parlamentar da Agropecu\u00e1ria (FPA) manifestou sua insatisfa\u00e7\u00e3o com o veto \u00e0 isen\u00e7\u00e3o tribut\u00e1ria dos fundos de investimento.","breadcrumb":{"@id":"https:\/\/www.suno.com.br\/noticias\/fpa-posiciona-veto-isencao-fundos-gss\/#breadcrumb"},"inLanguage":"pt-BR","potentialAction":[{"@type":"ReadAction","target":["https:\/\/www.suno.com.br\/noticias\/fpa-posiciona-veto-isencao-fundos-gss\/"]}]},{"@type":"ImageObject","inLanguage":"pt-BR","@id":"https:\/\/www.suno.com.br\/noticias\/fpa-posiciona-veto-isencao-fundos-gss\/#primaryimage","url":"https:\/\/files.sunoresearch.com.br\/n\/uploads\/2025\/01\/14937.jpg","contentUrl":"https:\/\/files.sunoresearch.com.br\/n\/uploads\/2025\/01\/14937.jpg","width":1500,"height":1000,"caption":"Foto: Freepik"},{"@type":"BreadcrumbList","@id":"https:\/\/www.suno.com.br\/noticias\/fpa-posiciona-veto-isencao-fundos-gss\/#breadcrumb","itemListElement":[{"@type":"ListItem","position":1,"name":"Not\u00edcias","item":"https:\/\/www.suno.com.br\/noticias\/"},{"@type":"ListItem","position":2,"name":"Neg\u00f3cios","item":"https:\/\/www.suno.com.br\/noticias\/negocios\/"},{"@type":"ListItem","position":3,"name":"FPA se posiciona sobre veto \u00e0 isen\u00e7\u00e3o aos fundos"}]},{"@type":"WebSite","@id":"https:\/\/www.suno.com.br\/noticias\/#website","url":"https:\/\/www.suno.com.br\/noticias\/","name":"Suno Not\u00edcias","description":"Seu portal de informa\u00e7\u00e3o sobre o mundo dos investimentos","publisher":{"@id":"https:\/\/www.suno.com.br\/noticias\/#organization"},"potentialAction":[{"@type":"SearchAction","target":{"@type":"EntryPoint","urlTemplate":"https:\/\/www.suno.com.br\/noticias\/?s={search_term_string}"},"query-input":{"@type":"PropertyValueSpecification","valueRequired":true,"valueName":"search_term_string"}}],"inLanguage":"pt-BR"},{"@type":"Organization","@id":"https:\/\/www.suno.com.br\/noticias\/#organization","name":"Suno Not\u00edcias","url":"https:\/\/www.suno.com.br\/noticias\/","logo":{"@type":"ImageObject","inLanguage":"pt-BR","@id":"https:\/\/www.suno.com.br\/noticias\/#\/schema\/logo\/image\/","url":"https:\/\/files.sunoresearch.com.br\/n\/uploads\/2021\/09\/suno-logo.png","contentUrl":"https:\/\/files.sunoresearch.com.br\/n\/uploads\/2021\/09\/suno-logo.png","width":180,"height":180,"caption":"Suno Not\u00edcias"},"image":{"@id":"https:\/\/www.suno.com.br\/noticias\/#\/schema\/logo\/image\/"},"sameAs":["https:\/\/facebook.com\/sunoresearch","https:\/\/x.com\/sunoresearch","https:\/\/www.instagram.com\/suno","https:\/\/www.linkedin.com\/company\/suno-research\/","https:\/\/www.youtube.com\/c\/sunoresearch"]},{"@type":"Person","@id":"https:\/\/www.suno.com.br\/noticias\/#\/schema\/person\/d0f07e64bce64aa671feadfb844f04ca","name":"Guilherme Serrano","image":{"@type":"ImageObject","inLanguage":"pt-BR","@id":"https:\/\/www.suno.com.br\/noticias\/#\/schema\/person\/image\/","url":"https:\/\/secure.gravatar.com\/avatar\/a90be19d8c67bef61497e4522de30ac4?s=96&r=g","contentUrl":"https:\/\/secure.gravatar.com\/avatar\/a90be19d8c67bef61497e4522de30ac4?s=96&r=g","caption":"Guilherme Serrano"},"description":"Jornalista formado pela Faculdade C\u00e1sper L\u00edbero e p\u00f3s-graduado em Can\u00e7\u00e3o Popular pela Faculdade Santa Marcelina. Passagens por R\u00e1dio Gazeta AM, gazetaesportiva.com e TC R\u00e1dio.","url":"https:\/\/www.suno.com.br\/noticias\/author\/guilherme-silvasuno-com-br\/"}]}},"default_loop_html":"<div class=\"cardsPage__listCard__boxs\"><div class=\"cardsPage__listCard__boxs__img\"><a href=\"https:\/\/www.suno.com.br\/noticias\/fpa-posiciona-veto-isencao-fundos-gss\/\"><img class=\"mask\" src=\"https:\/\/www.suno.com.br\/noticias\/wp-content\/themes\/suno\/resources\/images\/spotlight\/spotlight1img\/bg-mask.png\" alt=\"Image Mask\"\/><img src=\"https:\/\/files.sunoresearch.com.br\/n\/uploads\/2025\/01\/14937-400x200.jpg\" alt=\"FPA se posiciona sobre veto \u00e0 isen\u00e7\u00e3o aos fundos\"\/><\/a><span class=\"spotlightCategory\"><a href=\"https:\/\/www.suno.com.br\/noticias\/negocios\/\">Neg\u00f3cios<\/a><\/span><\/div><div class=\"cardsPage__listCard__boxs__content\"><a href=\"https:\/\/www.suno.com.br\/noticias\/fpa-posiciona-veto-isencao-fundos-gss\/\"><h2 class=\"content__title\">FPA se posiciona sobre veto \u00e0 isen\u00e7\u00e3o aos fundos<\/h2><\/a><div class=\"newsContent__article__meta\"><div class=\"newsContent__article__meta__authorBox\"><a href=\"https:\/\/www.suno.com.br\/noticias\/author\/guilherme-silvasuno-com-br\/\" class=\"authorBox__avatar noMobi\"><img src=\"https:\/\/secure.gravatar.com\/avatar\/a90be19d8c67bef61497e4522de30ac4?s=96&#038;r=g\" alt=\"Guilherme Serrano\"><\/a><div class=\"authorBox__name\"><span>por\n\t\t\t<a href=\"https:\/\/www.suno.com.br\/noticias\/author\/guilherme-silvasuno-com-br\/\"><span itemprop=\"author\">Guilherme Serrano<\/span><\/a><\/span><time datetime=\"2025-01-17T17:39:13-03:00\" itemprop=\"datePublished\">17\/01\/2025 17:39<\/time><\/div><\/div><\/div><\/div><\/div>","single_layout":"posts","amp_enabled":true,"_links":{"self":[{"href":"https:\/\/www.suno.com.br\/noticias\/wp-json\/wp\/v2\/posts\/591246"}],"collection":[{"href":"https:\/\/www.suno.com.br\/noticias\/wp-json\/wp\/v2\/posts"}],"about":[{"href":"https:\/\/www.suno.com.br\/noticias\/wp-json\/wp\/v2\/types\/post"}],"author":[{"embeddable":true,"href":"https:\/\/www.suno.com.br\/noticias\/wp-json\/wp\/v2\/users\/376"}],"replies":[{"embeddable":true,"href":"https:\/\/www.suno.com.br\/noticias\/wp-json\/wp\/v2\/comments?post=591246"}],"version-history":[{"count":2,"href":"https:\/\/www.suno.com.br\/noticias\/wp-json\/wp\/v2\/posts\/591246\/revisions"}],"predecessor-version":[{"id":591258,"href":"https:\/\/www.suno.com.br\/noticias\/wp-json\/wp\/v2\/posts\/591246\/revisions\/591258"}],"wp:featuredmedia":[{"embeddable":true,"href":"https:\/\/www.suno.com.br\/noticias\/wp-json\/wp\/v2\/media\/591253"}],"wp:attachment":[{"href":"https:\/\/www.suno.com.br\/noticias\/wp-json\/wp\/v2\/media?parent=591246"}],"wp:term":[{"taxonomy":"category","embeddable":true,"href":"https:\/\/www.suno.com.br\/noticias\/wp-json\/wp\/v2\/categories?post=591246"},{"taxonomy":"post_tag","embeddable":true,"href":"https:\/\/www.suno.com.br\/noticias\/wp-json\/wp\/v2\/tags?post=591246"},{"taxonomy":"suno_strategy","embeddable":true,"href":"https:\/\/www.suno.com.br\/noticias\/wp-json\/wp\/v2\/suno_strategy?post=591246"}],"curies":[{"name":"wp","href":"https:\/\/api.w.org\/{rel}","templated":true}]}}