{"id":591208,"date":"2025-01-17T14:26:21","date_gmt":"2025-01-17T17:26:21","guid":{"rendered":"https:\/\/www.suno.com.br\/noticias\/?p=591208"},"modified":"2025-01-17T14:26:25","modified_gmt":"2025-01-17T17:26:25","slug":"isencao-aos-fundos-veto-impactos-gss","status":"publish","type":"post","link":"https:\/\/www.suno.com.br\/noticias\/isencao-aos-fundos-veto-impactos-gss\/","title":{"rendered":"Quais s\u00e3o os impactos econ\u00f4micos do fim da isen\u00e7\u00e3o aos fundos?"},"content":{"rendered":"<p>Nesta sexta-feira (17), o mercado digere o veto \u00e0 <strong>isen\u00e7\u00e3o aos fundos<\/strong> de investimento, no \u00e2mbito do projeto de regulamenta\u00e7\u00e3o da <a class=\"suno-keyword\" data-force=\"no\" data-priority=\"2\" href=\"https:\/\/www.suno.com.br\/artigos\/reforma-tributaria\/\" target=\"_blank\" rel=\"noopener\">reforma tribut\u00e1ria<\/a>. Em rea\u00e7\u00e3o \u00e0 not\u00edcia, o IFIX opera em queda, enquanto os investidores buscam entender a medida com maior clareza.<\/p>\t<div class=\"wrapper-featured-image\">\n\t\t<figure class=\"spotlightImg\">\n\n\t\t\t<picture>\n\t\t\t\t<source media=\"(max-width: 768px)\" srcset=\"https:\/\/files.sunoresearch.com.br\/n\/uploads\/2024\/08\/iStock-1483901514-400x200.jpg\">\n\t\t\t\t<img loading=\"lazy\" decoding=\"async\" class=\"newsContent__article__imgCapa lazyloadDisabled \" src=\"https:\/\/files.sunoresearch.com.br\/n\/uploads\/2024\/08\/iStock-1483901514-800x450.jpg\" width=\"800\" height=\"450\" alt=\"Quais s\u00e3o os impactos econ\u00f4micos do fim da isen\u00e7\u00e3o aos fundos?\" fetchpriority=high \/>\n\t\t\t<\/picture>\n\n\t\t\t<figcaption class=\"wp-caption-text wp-caption-text--show\">CPSH11 aprova venda milion\u00e1ria no Catarina Fashion Outlet e anuncia dividendos. Foto: iStock<\/figcaption>\n\t\t<\/figure>\n\t<\/div>\n\n\n\n\n\n\n\n\t<p>\n\t\t<a href=\"https:\/\/lp.suno.com.br\/plataforma-de-controle-de-investimentos\/\" target=\"_blank\" data-element=\"shortcode-suno-banner\" title=\"Banner SUNO, clique e saiba mais\">\n\t\t\t<picture>\n\t\t\t\t<source media=\"(max-width: 500px)\" srcset=\"https:\/\/files.sunoresearch.com.br\/n\/uploads\/2023\/03\/400x300-Controle-de-Investimentos.png\">\n\t\t\t\t<img class=\"newsContent__article__imgCapa newsContent__article__imgCapa--banner\"\n\t\t\t\t\tsrc=\"https:\/\/files.sunoresearch.com.br\/n\/uploads\/2023\/03\/1420x240-Controle-de-Investimentos.png\"\n\t\t\t\t\tdata-promo-id=\"383162\"\t\t\t\t\t\t\t\t\t\twidth='1420' height='240'\t\t\t\t\talt=\"https:\/\/files.sunoresearch.com.br\/n\/uploads\/2023\/03\/1420x240-Controle-de-Investimentos.png\"\n\t\t\t\t>\n\t\t\t<\/picture>\n\t\t<\/a>\n\t<\/p>\n\n\n\n\n\n<p>Gustavo Sung, economista-chefe da Suno Research, e o professor Marcos Baroni explicam a seguir os principais impactos que o fim da isen\u00e7\u00e3o tribut\u00e1ria aos <strong>fundos de investimento<\/strong> representaria na economia.<\/p>\n\n\n\n<p>Em primeiro lugar, os especialistas destacam que a medida pode acarretar um aumento nos custos, em fun\u00e7\u00e3o de quest\u00f5es como:<\/p>\n\n\n\n<ul class=\"wp-block-list\">\n<li>Tributa\u00e7\u00e3o direta: A incid\u00eancia da Contribui\u00e7\u00e3o sobre Bens e Servi\u00e7os (CBS) e do Imposto sobre Bens e Servi\u00e7os (IBS) sobre as receitas dos fundos eleva os custos operacionais.<\/li>\n\n\n\n<li>Repasse aos consumidores finais: Fundos podem transferir os custos adicionais para alugu\u00e9is, im\u00f3veis novos ou outras tarifas, pressionando o custo e impactando consumidores e empresas, al\u00e9m de possivelmente gerar press\u00f5es sobre os pre\u00e7os da economia.<\/li>\n\n\n\n<li>Poss\u00edvel redu\u00e7\u00e3o da atratividade de alguns fundos pode impactar negativamente a liquidez e a capacidade de financiamento privado de novos empreendimentos.<\/li>\n\n\n\n<li>Menos projetos vi\u00e1veis significam menos gera\u00e7\u00e3o de empregos e desacelera\u00e7\u00e3o no setor, por exemplo, da constru\u00e7\u00e3o civil.<\/li>\n\n\n\n<li>Fiagros, criados para financiar opera\u00e7\u00f5es agr\u00edcolas, tamb\u00e9m sofrem redu\u00e7\u00e3o de competitividade. Isso pode limitar a capta\u00e7\u00e3o de recursos para o setor, impactando exporta\u00e7\u00f5es e produ\u00e7\u00e3o agr\u00edcola.<\/li>\n<\/ul>\n\n\n\n<figure class=\"wp-block-embed is-type-video is-provider-youtube wp-block-embed-youtube wp-embed-aspect-16-9 wp-has-aspect-ratio\"><div class=\"wp-block-embed__wrapper\">\n<iframe loading=\"lazy\" title=\"TRIBUTA\u00c7\u00c3O EM FIIS? - Destaques da Semana - 11 a 17\/01 | Prof. Baroni\" width=\"1080\" height=\"608\" src=\"https:\/\/www.youtube.com\/embed\/Aq3u9DrEVgg?feature=oembed\" frameborder=\"0\" allow=\"accelerometer; autoplay; clipboard-write; encrypted-media; gyroscope; picture-in-picture; web-share\" referrerpolicy=\"strict-origin-when-cross-origin\" allowfullscreen><\/iframe>\n<\/div><\/figure>\n\n\n\n<p>No curto e m\u00e9dio prazo, o <strong>veto \u00e0 isen\u00e7\u00e3o<\/strong> dos fundos, segundo os especialistas, causa tamb\u00e9m uma menor liquidez no <a class=\"suno-keyword\" target=\"_blank\" data-force=\"no\" data-priority=\"1\" href=\"https:\/\/www.suno.com.br\/artigos\/mercado-de-capitais-conceito\/\" rel=\"noopener\">mercado de capitais<\/a>, podendo dificultar o financiamento de empresas e setores estrat\u00e9gicos.<\/p>\n\n\n\n<p>Outros fatores a serem monitorados no curto e m\u00e9dio prazo s\u00e3o:<\/p>\n\n\n\n<ul class=\"wp-block-list\">\n<li>Inseguran\u00e7a jur\u00eddica.<\/li>\n\n\n\n<li>D\u00favidas em rela\u00e7\u00e3o \u00e0 operacionaliza\u00e7\u00e3o dos cr\u00e9ditos tribut\u00e1rios.<\/li>\n\n\n\n<li>Aumento nos custos de opera\u00e7\u00e3o de cr\u00e9dito.<\/li>\n\n\n\n<li>Redu\u00e7\u00e3o na diversifica\u00e7\u00e3o de investimentos para pessoas f\u00edsicas, que podem ser menos incentivadas a participar do mercado financeiro.<\/li>\n<\/ul>\n\n\n\n\t<div data-element=\"shortcode-read-more\" class=\"readToo\">\n\t\t\t\t<span class=\"readToo__title\">Leia mais<\/span>\n\t\t\t\t<ul class=\"readToo__list\">\n\t\t\t<li><a href=\"https:\/\/www.suno.com.br\/noticias\/fundos-de-investimento-veto-entenda-baroni-gss\/\">Fundos de investimento: saiba tudo sobre o veto \u00e0 isen\u00e7\u00e3o de impostos<\/a><\/li><li><a href=\"https:\/\/www.suno.com.br\/noticias\/reforma-tributaria-lula-veta-isencao-gss\/\">Reforma tribut\u00e1ria: Lula veta isen\u00e7\u00e3o para fundos de investimento<\/a><\/li>\t\t<\/ul>\n\t<\/div>\n\n\n\n\n<p>J\u00e1 no <a class=\"suno-keyword\" target=\"_blank\" data-force=\"no\" data-priority=\"1\" href=\"https:\/\/www.suno.com.br\/artigos\/longo-prazo\/\" rel=\"noopener\">longo prazo<\/a>, <strong>Gustavo Sung<\/strong> e <strong>Marcos Baroni<\/strong> afirmam que a uniformiza\u00e7\u00e3o tribut\u00e1ria pode promover maior efici\u00eancia econ\u00f4mica, mas a falta de incentivos transit\u00f3rios pode prejudicar o desenvolvimento de setores ainda em crescimento.<\/p>\n\n\n\n<p>Por fim, os especialistas destacam tamb\u00e9m que os <strong>Fiagros<\/strong>, <strong>FIIs<\/strong> e <strong>Fi-infras<\/strong>, entre outros, ainda n\u00e3o alcan\u00e7aram maturidade suficiente para competir em igualdade de condi\u00e7\u00f5es com <a class=\"suno-keyword\" target=\"_blank\" data-force=\"no\" data-priority=\"1\" href=\"https:\/\/www.suno.com.br\/artigos\/instrumentos-financeiros\/\" rel=\"noopener\">instrumentos financeiros<\/a> mais consolidados. Sem incentivos, o crescimento desses setores pode ser prejudicado no <a class=\"suno-keyword\" target=\"_blank\" data-force=\"no\" data-priority=\"1\" href=\"https:\/\/www.suno.com.br\/artigos\/curto-prazo\/\" rel=\"noopener\">curto prazo<\/a>.<\/p>\n\n\n\n<p>Nesta sexta-feira (17), o professor Marcos Baroni realizou uma live extraordin\u00e1ria para falar sobre o veto \u00e0 <strong>isen\u00e7\u00e3o aos fundos<\/strong> de investimento. <a href=\"https:\/\/www.youtube.com\/watch?v=Aq3u9DrEVgg\">Clique aqui para assisti-la<\/a> e saber mais sobre o assunto.<\/p>\n\n\n\t<p>\n\t\t<a href=\"https:\/\/lp.suno.com.br\/planilha-da-vida-financeira\/\" target=\"_blank\" data-element=\"shortcode-suno-banner\" title=\"Banner SUNO, clique e saiba mais\">\n\t\t\t<picture>\n\t\t\t\t<source media=\"(max-width: 500px)\" srcset=\"https:\/\/files.sunoresearch.com.br\/n\/uploads\/2023\/04\/400x300-Planilha-vida-financeira-true.png\">\n\t\t\t\t<img class=\"newsContent__article__imgCapa newsContent__article__imgCapa--banner\"\n\t\t\t\t\tsrc=\"https:\/\/files.sunoresearch.com.br\/n\/uploads\/2023\/04\/1420x240-Planilha-vida-financeira-true.png\"\n\t\t\t\t\tdata-promo-id=\"383123\"\t\t\t\t\t\t\t\t\t\twidth='1420' height='240'\t\t\t\t\talt=\"https:\/\/files.sunoresearch.com.br\/n\/uploads\/2023\/04\/1420x240-Planilha-vida-financeira-true.png\"\n\t\t\t\t>\n\t\t\t<\/picture>\n\t\t<\/a>\n\t<\/p>\n\n\n","protected":false},"excerpt":{"rendered":"<p>Nesta sexta-feira (17), o mercado digere o veto \u00e0 isen\u00e7\u00e3o aos fundos de investimento, no \u00e2mbito do projeto de regulamenta\u00e7\u00e3o da reforma tribut\u00e1ria. Em rea\u00e7\u00e3o \u00e0 not\u00edcia, o IFIX opera em queda, enquanto os investidores buscam entender a medida com maior clareza. CPSH11 aprova venda milion\u00e1ria no Catarina Fashion Outlet e anuncia dividendos. Foto: iStock [&hellip;]<\/p>\n","protected":false},"author":376,"featured_media":571886,"comment_status":"closed","ping_status":"closed","sticky":false,"template":"","format":"standard","meta":[],"categories":[66],"tags":[313],"suno_strategy":[],"class_list":["post-591208","post","type-post","status-publish","format-standard","has-post-thumbnail","hentry","category-fiis","tag-fundos-de-investimento"],"yoast_head":"<!-- This site is optimized with the Yoast SEO plugin v24.4 - https:\/\/yoast.com\/wordpress\/plugins\/seo\/ -->\n<title>Quais s\u00e3o os impactos econ\u00f4micos do fim da isen\u00e7\u00e3o aos fundos?<\/title>\n<meta name=\"description\" content=\"Gustavo Sung, economista-chefe da Suno Research, e o professor Marcos Baroni explicam os principais impactos do veto \u00e0 isen\u00e7\u00e3o aos fundos.\" \/>\n<meta name=\"robots\" content=\"index, follow, max-snippet:-1, max-image-preview:large, max-video-preview:-1\" \/>\n<link rel=\"canonical\" href=\"https:\/\/www.suno.com.br\/noticias\/isencao-aos-fundos-veto-impactos-gss\/\" \/>\n<meta property=\"og:locale\" content=\"pt_BR\" \/>\n<meta property=\"og:type\" content=\"article\" \/>\n<meta property=\"og:title\" content=\"Quais s\u00e3o os impactos econ\u00f4micos do fim da isen\u00e7\u00e3o aos fundos?\" \/>\n<meta property=\"og:description\" content=\"Gustavo Sung, economista-chefe da Suno Research, e o professor Marcos Baroni explicam os principais impactos do veto \u00e0 isen\u00e7\u00e3o aos fundos.\" \/>\n<meta property=\"og:url\" content=\"https:\/\/www.suno.com.br\/noticias\/isencao-aos-fundos-veto-impactos-gss\/\" \/>\n<meta property=\"og:site_name\" content=\"Suno Not\u00edcias\" \/>\n<meta property=\"article:publisher\" content=\"https:\/\/facebook.com\/sunoresearch\" \/>\n<meta property=\"og:image\" content=\"https:\/\/files.sunoresearch.com.br\/n\/uploads\/2024\/08\/iStock-1483901514.jpg\" \/>\n\t<meta property=\"og:image:width\" content=\"1289\" \/>\n\t<meta property=\"og:image:height\" content=\"813\" \/>\n\t<meta property=\"og:image:type\" content=\"image\/jpeg\" \/>\n<meta name=\"author\" content=\"Guilherme Serrano\" \/>\n<meta name=\"twitter:card\" content=\"summary_large_image\" \/>\n<meta name=\"twitter:creator\" content=\"@sunoresearch\" \/>\n<meta name=\"twitter:site\" content=\"@sunoresearch\" \/>\n<meta name=\"twitter:label1\" content=\"Escrito por\" \/>\n\t<meta name=\"twitter:data1\" content=\"Guilherme Serrano\" \/>\n\t<meta name=\"twitter:label2\" content=\"Est. tempo de leitura\" \/>\n\t<meta name=\"twitter:data2\" content=\"3 minutos\" \/>\n<script type=\"application\/ld+json\" class=\"yoast-schema-graph\">{\"@context\":\"https:\/\/schema.org\",\"@graph\":[{\"@type\":\"NewsArticle\",\"@id\":\"https:\/\/www.suno.com.br\/noticias\/isencao-aos-fundos-veto-impactos-gss\/#article\",\"isPartOf\":{\"@id\":\"https:\/\/www.suno.com.br\/noticias\/isencao-aos-fundos-veto-impactos-gss\/\"},\"author\":{\"name\":\"Guilherme Serrano\",\"@id\":\"https:\/\/www.suno.com.br\/noticias\/#\/schema\/person\/d0f07e64bce64aa671feadfb844f04ca\"},\"headline\":\"Quais s\u00e3o os impactos econ\u00f4micos do fim da isen\u00e7\u00e3o aos fundos?\",\"datePublished\":\"2025-01-17T17:26:21+00:00\",\"dateModified\":\"2025-01-17T17:26:25+00:00\",\"mainEntityOfPage\":{\"@id\":\"https:\/\/www.suno.com.br\/noticias\/isencao-aos-fundos-veto-impactos-gss\/\"},\"wordCount\":489,\"publisher\":{\"@id\":\"https:\/\/www.suno.com.br\/noticias\/#organization\"},\"image\":{\"@id\":\"https:\/\/www.suno.com.br\/noticias\/isencao-aos-fundos-veto-impactos-gss\/#primaryimage\"},\"thumbnailUrl\":\"https:\/\/files.sunoresearch.com.br\/n\/uploads\/2024\/08\/iStock-1483901514.jpg\",\"keywords\":[\"Fundos de investimento\"],\"articleSection\":[\"FIIs\"],\"inLanguage\":\"pt-BR\"},{\"@type\":\"WebPage\",\"@id\":\"https:\/\/www.suno.com.br\/noticias\/isencao-aos-fundos-veto-impactos-gss\/\",\"url\":\"https:\/\/www.suno.com.br\/noticias\/isencao-aos-fundos-veto-impactos-gss\/\",\"name\":\"Quais s\u00e3o os impactos econ\u00f4micos do fim da isen\u00e7\u00e3o aos fundos?\",\"isPartOf\":{\"@id\":\"https:\/\/www.suno.com.br\/noticias\/#website\"},\"primaryImageOfPage\":{\"@id\":\"https:\/\/www.suno.com.br\/noticias\/isencao-aos-fundos-veto-impactos-gss\/#primaryimage\"},\"image\":{\"@id\":\"https:\/\/www.suno.com.br\/noticias\/isencao-aos-fundos-veto-impactos-gss\/#primaryimage\"},\"thumbnailUrl\":\"https:\/\/files.sunoresearch.com.br\/n\/uploads\/2024\/08\/iStock-1483901514.jpg\",\"datePublished\":\"2025-01-17T17:26:21+00:00\",\"dateModified\":\"2025-01-17T17:26:25+00:00\",\"description\":\"Gustavo Sung, economista-chefe da Suno Research, e o professor Marcos Baroni explicam os principais impactos do veto \u00e0 isen\u00e7\u00e3o aos fundos.\",\"breadcrumb\":{\"@id\":\"https:\/\/www.suno.com.br\/noticias\/isencao-aos-fundos-veto-impactos-gss\/#breadcrumb\"},\"inLanguage\":\"pt-BR\",\"potentialAction\":[{\"@type\":\"ReadAction\",\"target\":[\"https:\/\/www.suno.com.br\/noticias\/isencao-aos-fundos-veto-impactos-gss\/\"]}]},{\"@type\":\"ImageObject\",\"inLanguage\":\"pt-BR\",\"@id\":\"https:\/\/www.suno.com.br\/noticias\/isencao-aos-fundos-veto-impactos-gss\/#primaryimage\",\"url\":\"https:\/\/files.sunoresearch.com.br\/n\/uploads\/2024\/08\/iStock-1483901514.jpg\",\"contentUrl\":\"https:\/\/files.sunoresearch.com.br\/n\/uploads\/2024\/08\/iStock-1483901514.jpg\",\"width\":1289,\"height\":813,\"caption\":\"CPSH11 aprova venda milion\u00e1ria no Catarina Fashion Outlet e anuncia dividendos. Foto: iStock\"},{\"@type\":\"BreadcrumbList\",\"@id\":\"https:\/\/www.suno.com.br\/noticias\/isencao-aos-fundos-veto-impactos-gss\/#breadcrumb\",\"itemListElement\":[{\"@type\":\"ListItem\",\"position\":1,\"name\":\"Not\u00edcias\",\"item\":\"https:\/\/www.suno.com.br\/noticias\/\"},{\"@type\":\"ListItem\",\"position\":2,\"name\":\"FIIs\",\"item\":\"https:\/\/www.suno.com.br\/noticias\/fiis\/\"},{\"@type\":\"ListItem\",\"position\":3,\"name\":\"Quais s\u00e3o os impactos econ\u00f4micos do fim da isen\u00e7\u00e3o aos fundos?\"}]},{\"@type\":\"WebSite\",\"@id\":\"https:\/\/www.suno.com.br\/noticias\/#website\",\"url\":\"https:\/\/www.suno.com.br\/noticias\/\",\"name\":\"Suno Not\u00edcias\",\"description\":\"Seu portal de informa\u00e7\u00e3o sobre o mundo dos investimentos\",\"publisher\":{\"@id\":\"https:\/\/www.suno.com.br\/noticias\/#organization\"},\"potentialAction\":[{\"@type\":\"SearchAction\",\"target\":{\"@type\":\"EntryPoint\",\"urlTemplate\":\"https:\/\/www.suno.com.br\/noticias\/?s={search_term_string}\"},\"query-input\":{\"@type\":\"PropertyValueSpecification\",\"valueRequired\":true,\"valueName\":\"search_term_string\"}}],\"inLanguage\":\"pt-BR\"},{\"@type\":\"Organization\",\"@id\":\"https:\/\/www.suno.com.br\/noticias\/#organization\",\"name\":\"Suno Not\u00edcias\",\"url\":\"https:\/\/www.suno.com.br\/noticias\/\",\"logo\":{\"@type\":\"ImageObject\",\"inLanguage\":\"pt-BR\",\"@id\":\"https:\/\/www.suno.com.br\/noticias\/#\/schema\/logo\/image\/\",\"url\":\"https:\/\/files.sunoresearch.com.br\/n\/uploads\/2021\/09\/suno-logo.png\",\"contentUrl\":\"https:\/\/files.sunoresearch.com.br\/n\/uploads\/2021\/09\/suno-logo.png\",\"width\":180,\"height\":180,\"caption\":\"Suno Not\u00edcias\"},\"image\":{\"@id\":\"https:\/\/www.suno.com.br\/noticias\/#\/schema\/logo\/image\/\"},\"sameAs\":[\"https:\/\/facebook.com\/sunoresearch\",\"https:\/\/x.com\/sunoresearch\",\"https:\/\/www.instagram.com\/suno\",\"https:\/\/www.linkedin.com\/company\/suno-research\/\",\"https:\/\/www.youtube.com\/c\/sunoresearch\"]},{\"@type\":\"Person\",\"@id\":\"https:\/\/www.suno.com.br\/noticias\/#\/schema\/person\/d0f07e64bce64aa671feadfb844f04ca\",\"name\":\"Guilherme Serrano\",\"image\":{\"@type\":\"ImageObject\",\"inLanguage\":\"pt-BR\",\"@id\":\"https:\/\/www.suno.com.br\/noticias\/#\/schema\/person\/image\/\",\"url\":\"https:\/\/secure.gravatar.com\/avatar\/a90be19d8c67bef61497e4522de30ac4?s=96&r=g\",\"contentUrl\":\"https:\/\/secure.gravatar.com\/avatar\/a90be19d8c67bef61497e4522de30ac4?s=96&r=g\",\"caption\":\"Guilherme Serrano\"},\"description\":\"Jornalista formado pela Faculdade C\u00e1sper L\u00edbero e p\u00f3s-graduado em Can\u00e7\u00e3o Popular pela Faculdade Santa Marcelina. Passagens por R\u00e1dio Gazeta AM, gazetaesportiva.com e TC R\u00e1dio.\",\"url\":\"https:\/\/www.suno.com.br\/noticias\/author\/guilherme-silvasuno-com-br\/\"}]}<\/script>\n<!-- \/ Yoast SEO plugin. -->","yoast_head_json":{"title":"Quais s\u00e3o os impactos econ\u00f4micos do fim da isen\u00e7\u00e3o aos fundos?","description":"Gustavo Sung, economista-chefe da Suno Research, e o professor Marcos Baroni explicam os principais impactos do veto \u00e0 isen\u00e7\u00e3o aos fundos.","robots":{"index":"index","follow":"follow","max-snippet":"max-snippet:-1","max-image-preview":"max-image-preview:large","max-video-preview":"max-video-preview:-1"},"canonical":"https:\/\/www.suno.com.br\/noticias\/isencao-aos-fundos-veto-impactos-gss\/","og_locale":"pt_BR","og_type":"article","og_title":"Quais s\u00e3o os impactos econ\u00f4micos do fim da isen\u00e7\u00e3o aos fundos?","og_description":"Gustavo Sung, economista-chefe da Suno Research, e o professor Marcos Baroni explicam os principais impactos do veto \u00e0 isen\u00e7\u00e3o aos fundos.","og_url":"https:\/\/www.suno.com.br\/noticias\/isencao-aos-fundos-veto-impactos-gss\/","og_site_name":"Suno Not\u00edcias","article_publisher":"https:\/\/facebook.com\/sunoresearch","og_image":[{"width":1289,"height":813,"url":"https:\/\/files.sunoresearch.com.br\/n\/uploads\/2024\/08\/iStock-1483901514.jpg","type":"image\/jpeg"}],"author":"Guilherme Serrano","twitter_card":"summary_large_image","twitter_creator":"@sunoresearch","twitter_site":"@sunoresearch","twitter_misc":{"Escrito por":"Guilherme Serrano","Est. tempo de leitura":"3 minutos"},"schema":{"@context":"https:\/\/schema.org","@graph":[{"@type":"NewsArticle","@id":"https:\/\/www.suno.com.br\/noticias\/isencao-aos-fundos-veto-impactos-gss\/#article","isPartOf":{"@id":"https:\/\/www.suno.com.br\/noticias\/isencao-aos-fundos-veto-impactos-gss\/"},"author":{"name":"Guilherme Serrano","@id":"https:\/\/www.suno.com.br\/noticias\/#\/schema\/person\/d0f07e64bce64aa671feadfb844f04ca"},"headline":"Quais s\u00e3o os impactos econ\u00f4micos do fim da isen\u00e7\u00e3o aos fundos?","datePublished":"2025-01-17T17:26:21+00:00","dateModified":"2025-01-17T17:26:25+00:00","mainEntityOfPage":{"@id":"https:\/\/www.suno.com.br\/noticias\/isencao-aos-fundos-veto-impactos-gss\/"},"wordCount":489,"publisher":{"@id":"https:\/\/www.suno.com.br\/noticias\/#organization"},"image":{"@id":"https:\/\/www.suno.com.br\/noticias\/isencao-aos-fundos-veto-impactos-gss\/#primaryimage"},"thumbnailUrl":"https:\/\/files.sunoresearch.com.br\/n\/uploads\/2024\/08\/iStock-1483901514.jpg","keywords":["Fundos de investimento"],"articleSection":["FIIs"],"inLanguage":"pt-BR"},{"@type":"WebPage","@id":"https:\/\/www.suno.com.br\/noticias\/isencao-aos-fundos-veto-impactos-gss\/","url":"https:\/\/www.suno.com.br\/noticias\/isencao-aos-fundos-veto-impactos-gss\/","name":"Quais s\u00e3o os impactos econ\u00f4micos do fim da isen\u00e7\u00e3o aos fundos?","isPartOf":{"@id":"https:\/\/www.suno.com.br\/noticias\/#website"},"primaryImageOfPage":{"@id":"https:\/\/www.suno.com.br\/noticias\/isencao-aos-fundos-veto-impactos-gss\/#primaryimage"},"image":{"@id":"https:\/\/www.suno.com.br\/noticias\/isencao-aos-fundos-veto-impactos-gss\/#primaryimage"},"thumbnailUrl":"https:\/\/files.sunoresearch.com.br\/n\/uploads\/2024\/08\/iStock-1483901514.jpg","datePublished":"2025-01-17T17:26:21+00:00","dateModified":"2025-01-17T17:26:25+00:00","description":"Gustavo Sung, economista-chefe da Suno Research, e o professor Marcos Baroni explicam os principais impactos do veto \u00e0 isen\u00e7\u00e3o aos fundos.","breadcrumb":{"@id":"https:\/\/www.suno.com.br\/noticias\/isencao-aos-fundos-veto-impactos-gss\/#breadcrumb"},"inLanguage":"pt-BR","potentialAction":[{"@type":"ReadAction","target":["https:\/\/www.suno.com.br\/noticias\/isencao-aos-fundos-veto-impactos-gss\/"]}]},{"@type":"ImageObject","inLanguage":"pt-BR","@id":"https:\/\/www.suno.com.br\/noticias\/isencao-aos-fundos-veto-impactos-gss\/#primaryimage","url":"https:\/\/files.sunoresearch.com.br\/n\/uploads\/2024\/08\/iStock-1483901514.jpg","contentUrl":"https:\/\/files.sunoresearch.com.br\/n\/uploads\/2024\/08\/iStock-1483901514.jpg","width":1289,"height":813,"caption":"CPSH11 aprova venda milion\u00e1ria no Catarina Fashion Outlet e anuncia dividendos. Foto: iStock"},{"@type":"BreadcrumbList","@id":"https:\/\/www.suno.com.br\/noticias\/isencao-aos-fundos-veto-impactos-gss\/#breadcrumb","itemListElement":[{"@type":"ListItem","position":1,"name":"Not\u00edcias","item":"https:\/\/www.suno.com.br\/noticias\/"},{"@type":"ListItem","position":2,"name":"FIIs","item":"https:\/\/www.suno.com.br\/noticias\/fiis\/"},{"@type":"ListItem","position":3,"name":"Quais s\u00e3o os impactos econ\u00f4micos do fim da isen\u00e7\u00e3o aos fundos?"}]},{"@type":"WebSite","@id":"https:\/\/www.suno.com.br\/noticias\/#website","url":"https:\/\/www.suno.com.br\/noticias\/","name":"Suno Not\u00edcias","description":"Seu portal de informa\u00e7\u00e3o sobre o mundo dos investimentos","publisher":{"@id":"https:\/\/www.suno.com.br\/noticias\/#organization"},"potentialAction":[{"@type":"SearchAction","target":{"@type":"EntryPoint","urlTemplate":"https:\/\/www.suno.com.br\/noticias\/?s={search_term_string}"},"query-input":{"@type":"PropertyValueSpecification","valueRequired":true,"valueName":"search_term_string"}}],"inLanguage":"pt-BR"},{"@type":"Organization","@id":"https:\/\/www.suno.com.br\/noticias\/#organization","name":"Suno Not\u00edcias","url":"https:\/\/www.suno.com.br\/noticias\/","logo":{"@type":"ImageObject","inLanguage":"pt-BR","@id":"https:\/\/www.suno.com.br\/noticias\/#\/schema\/logo\/image\/","url":"https:\/\/files.sunoresearch.com.br\/n\/uploads\/2021\/09\/suno-logo.png","contentUrl":"https:\/\/files.sunoresearch.com.br\/n\/uploads\/2021\/09\/suno-logo.png","width":180,"height":180,"caption":"Suno Not\u00edcias"},"image":{"@id":"https:\/\/www.suno.com.br\/noticias\/#\/schema\/logo\/image\/"},"sameAs":["https:\/\/facebook.com\/sunoresearch","https:\/\/x.com\/sunoresearch","https:\/\/www.instagram.com\/suno","https:\/\/www.linkedin.com\/company\/suno-research\/","https:\/\/www.youtube.com\/c\/sunoresearch"]},{"@type":"Person","@id":"https:\/\/www.suno.com.br\/noticias\/#\/schema\/person\/d0f07e64bce64aa671feadfb844f04ca","name":"Guilherme Serrano","image":{"@type":"ImageObject","inLanguage":"pt-BR","@id":"https:\/\/www.suno.com.br\/noticias\/#\/schema\/person\/image\/","url":"https:\/\/secure.gravatar.com\/avatar\/a90be19d8c67bef61497e4522de30ac4?s=96&r=g","contentUrl":"https:\/\/secure.gravatar.com\/avatar\/a90be19d8c67bef61497e4522de30ac4?s=96&r=g","caption":"Guilherme Serrano"},"description":"Jornalista formado pela Faculdade C\u00e1sper L\u00edbero e p\u00f3s-graduado em Can\u00e7\u00e3o Popular pela Faculdade Santa Marcelina. Passagens por R\u00e1dio Gazeta AM, gazetaesportiva.com e TC R\u00e1dio.","url":"https:\/\/www.suno.com.br\/noticias\/author\/guilherme-silvasuno-com-br\/"}]}},"default_loop_html":"<div class=\"cardsPage__listCard__boxs\"><div class=\"cardsPage__listCard__boxs__img\"><a href=\"https:\/\/www.suno.com.br\/noticias\/isencao-aos-fundos-veto-impactos-gss\/\"><img class=\"mask\" src=\"https:\/\/www.suno.com.br\/noticias\/wp-content\/themes\/suno\/resources\/images\/spotlight\/spotlight1img\/bg-mask.png\" alt=\"Image Mask\"\/><img src=\"https:\/\/files.sunoresearch.com.br\/n\/uploads\/2024\/08\/iStock-1483901514-400x200.jpg\" alt=\"Quais s\u00e3o os impactos econ\u00f4micos do fim da isen\u00e7\u00e3o aos fundos?\"\/><\/a><span class=\"spotlightCategory\"><a href=\"https:\/\/www.suno.com.br\/noticias\/fiis\/\">FIIs<\/a><\/span><\/div><div class=\"cardsPage__listCard__boxs__content\"><a href=\"https:\/\/www.suno.com.br\/noticias\/isencao-aos-fundos-veto-impactos-gss\/\"><h2 class=\"content__title\">Quais s\u00e3o os impactos econ\u00f4micos do fim da isen\u00e7\u00e3o aos fundos?<\/h2><\/a><div class=\"newsContent__article__meta\"><div class=\"newsContent__article__meta__authorBox\"><a href=\"https:\/\/www.suno.com.br\/noticias\/author\/guilherme-silvasuno-com-br\/\" class=\"authorBox__avatar noMobi\"><img src=\"https:\/\/secure.gravatar.com\/avatar\/a90be19d8c67bef61497e4522de30ac4?s=96&#038;r=g\" alt=\"Guilherme Serrano\"><\/a><div class=\"authorBox__name\"><span>por\n\t\t\t<a href=\"https:\/\/www.suno.com.br\/noticias\/author\/guilherme-silvasuno-com-br\/\"><span itemprop=\"author\">Guilherme Serrano<\/span><\/a><\/span><time datetime=\"2025-01-17T14:26:21-03:00\" itemprop=\"datePublished\">17\/01\/2025 14:26<\/time><\/div><\/div><\/div><\/div><\/div>","single_layout":"posts","amp_enabled":true,"_links":{"self":[{"href":"https:\/\/www.suno.com.br\/noticias\/wp-json\/wp\/v2\/posts\/591208"}],"collection":[{"href":"https:\/\/www.suno.com.br\/noticias\/wp-json\/wp\/v2\/posts"}],"about":[{"href":"https:\/\/www.suno.com.br\/noticias\/wp-json\/wp\/v2\/types\/post"}],"author":[{"embeddable":true,"href":"https:\/\/www.suno.com.br\/noticias\/wp-json\/wp\/v2\/users\/376"}],"replies":[{"embeddable":true,"href":"https:\/\/www.suno.com.br\/noticias\/wp-json\/wp\/v2\/comments?post=591208"}],"version-history":[{"count":2,"href":"https:\/\/www.suno.com.br\/noticias\/wp-json\/wp\/v2\/posts\/591208\/revisions"}],"predecessor-version":[{"id":591213,"href":"https:\/\/www.suno.com.br\/noticias\/wp-json\/wp\/v2\/posts\/591208\/revisions\/591213"}],"wp:featuredmedia":[{"embeddable":true,"href":"https:\/\/www.suno.com.br\/noticias\/wp-json\/wp\/v2\/media\/571886"}],"wp:attachment":[{"href":"https:\/\/www.suno.com.br\/noticias\/wp-json\/wp\/v2\/media?parent=591208"}],"wp:term":[{"taxonomy":"category","embeddable":true,"href":"https:\/\/www.suno.com.br\/noticias\/wp-json\/wp\/v2\/categories?post=591208"},{"taxonomy":"post_tag","embeddable":true,"href":"https:\/\/www.suno.com.br\/noticias\/wp-json\/wp\/v2\/tags?post=591208"},{"taxonomy":"suno_strategy","embeddable":true,"href":"https:\/\/www.suno.com.br\/noticias\/wp-json\/wp\/v2\/suno_strategy?post=591208"}],"curies":[{"name":"wp","href":"https:\/\/api.w.org\/{rel}","templated":true}]}}