{"id":591205,"date":"2025-01-17T16:21:13","date_gmt":"2025-01-17T19:21:13","guid":{"rendered":"https:\/\/www.suno.com.br\/noticias\/?p=591205"},"modified":"2025-01-17T16:21:15","modified_gmt":"2025-01-17T19:21:15","slug":"vale-vale3-assumiu-compromissos-brumadinho-ec-gss","status":"publish","type":"post","link":"https:\/\/www.suno.com.br\/noticias\/vale-vale3-assumiu-compromissos-brumadinho-ec-gss\/","title":{"rendered":"Vale (VALE3) assumiu R$ 64,5 bi em compromissos por Brumadinho"},"content":{"rendered":"<p>Perto de completar 6 anos da ruptura de uma barragem sobre Brumadinho (MG), que matou 272 pessoas, a <strong>Vale<\/strong> (<a class=\"suno-keyword\" data-force=\"yes\" data-priority=\"2\" href=\"https:\/\/www.suno.com.br\/analitica\/acoes\/vale3\/\" target=\"_blank\" rel=\"noopener\">VALE3<\/a>) informou que assumiu cerca de R$ 64,5 bilh\u00f5es em compromissos de repara\u00e7\u00e3o. Desse total, a mineradora diz j\u00e1 ter desembolsado R$ 48,55 bilh\u00f5es.<\/p>\t<div class=\"wrapper-featured-image\">\n\t\t<figure class=\"spotlightImg\">\n\n\t\t\t<picture>\n\t\t\t\t<source media=\"(max-width: 768px)\" srcset=\"https:\/\/files.sunoresearch.com.br\/n\/uploads\/2021\/10\/1280px-Brumadinho_Minas_Gerais-400x200.jpg\">\n\t\t\t\t<img loading=\"lazy\" decoding=\"async\" class=\"newsContent__article__imgCapa lazyloadDisabled \" src=\"https:\/\/files.sunoresearch.com.br\/n\/uploads\/2021\/10\/1280px-Brumadinho_Minas_Gerais-800x450.jpg\" width=\"800\" height=\"450\" alt=\"Vale (VALE3) assumiu R$ 64,5 bi em compromissos por Brumadinho\" fetchpriority=high \/>\n\t\t\t<\/picture>\n\n\t\t\t<figcaption class=\"wp-caption-text wp-caption-text--show\">Rompimento da barragem de Brumadinho, Vale. Foto: Wikimedia Commons<\/figcaption>\n\t\t<\/figure>\n\t<\/div>\n\n\n\n\n\n\n\n\t<p>\n\t\t<a href=\"https:\/\/lp.suno.com.br\/planilha-da-vida-financeira\/\" target=\"_blank\" data-element=\"shortcode-suno-banner\" title=\"Banner SUNO, clique e saiba mais\">\n\t\t\t<picture>\n\t\t\t\t<source media=\"(max-width: 500px)\" srcset=\"https:\/\/files.sunoresearch.com.br\/n\/uploads\/2023\/04\/400x300-Planilha-vida-financeira-true.png\">\n\t\t\t\t<img class=\"newsContent__article__imgCapa newsContent__article__imgCapa--banner\"\n\t\t\t\t\tsrc=\"https:\/\/files.sunoresearch.com.br\/n\/uploads\/2023\/04\/1420x240-Planilha-vida-financeira-true.png\"\n\t\t\t\t\tdata-promo-id=\"106682\"\t\t\t\t\t\t\t\t\t\twidth='1420' height='240'\t\t\t\t\talt=\"https:\/\/files.sunoresearch.com.br\/n\/uploads\/2023\/04\/1420x240-Planilha-vida-financeira-true.png\"\n\t\t\t\t>\n\t\t\t<\/picture>\n\t\t<\/a>\n\t<\/p>\n\n\n\n\n\n<p>Ao <i>Broadcast<\/i> (sistema de not\u00edcias em tempo real do Grupo Estado), a diretora de repara\u00e7\u00e3o da companhia, <strong>Gleuza Jesu\u00e9<\/strong>, lembra que ainda \u00e9 preciso localizar o corpo de tr\u00eas v\u00edtimas e reconhece as limita\u00e7\u00f5es da repara\u00e7\u00e3o de perdas humanas. <\/p>\n\n\n\n<p>&#8220;A Vale tem a obriga\u00e7\u00e3o de fazer o melhor pelos familiares que ficaram, dar qualidade de vida para a regi\u00e3o&#8221;, diz.<\/p>\n\n\n\n<p>Al\u00e9m de indeniza\u00e7\u00f5es (R$ 3,8 bilh\u00f5es para 17 mil pessoas), melhorias f\u00edsicas e projetos de desenvolvimento da economia da regi\u00e3o tocados pela Vale, a executiva argumenta que a qualidade da \u00e1gua na bacia do <strong>Rio Paraopeba<\/strong> j\u00e1 estaria &#8220;igual ou melhor&#8221; do que antes da trag\u00e9dia.<\/p>\n\n\n\n<p>O rio, entretanto, ainda n\u00e3o foi liberado pelo poder p\u00fablico para qualquer tipo de uso. Dos 10 milh\u00f5es de metros c\u00fabicos de lama que ca\u00edram sobre <strong>Brumadinho<\/strong> e ganharam o leito de rios, marca aparente da trag\u00e9dia, a Vale alega j\u00e1 ter removido 88% do material. O destino final dessa lama ser\u00e1 a pr\u00f3pria cava da Mina do Feij\u00e3o, desativada.<\/p>\n\n\n\n<p>No que diz respeito \u00e0s opera\u00e7\u00f5es da Vale, Gleuza Jesu\u00e9 diz que a companhia segue eliminando barragens de rejeitos de minera\u00e7\u00e3o, hoje uma obriga\u00e7\u00e3o legal, e j\u00e1 tem 70% da produ\u00e7\u00e3o com tecnologia de processamento a seco, ou seja, sem uso de \u00e1gua e, portanto, sem barragens.<\/p>\n\n\n\n<h2 class=\"wp-block-heading\"><b>Acordo de 2021<\/b><\/h2>\n\n\n\n<p>Em uma esp\u00e9cie de balan\u00e7o sobre o Acordo de Repara\u00e7\u00e3o Integral firmado com governo, Minist\u00e9rio P\u00fablico e Defensoria P\u00fablica de Minas Gerais em 2021, a <strong>VALE3<\/strong> alega j\u00e1 ter desembolsado 75% ou R$ 32,05 bilh\u00f5es, dos R$ 37,7 bilh\u00f5es fixados.<\/p>\n\n\n\n<p>Gleuza explica que o acordo se divide em tr\u00eas frentes. A primeira, de R$ 6,3 bilh\u00f5es, diz respeito aos custos do poder p\u00fablico com o acidente integralmente devolvidos ao or\u00e7amento pela Vale. Depois, h\u00e1 R$ 19,9 bilh\u00f5es na forma de &#8220;obriga\u00e7\u00f5es a pagar&#8221;, dos quais 91% j\u00e1 foram desembolsados para obras e interven\u00e7\u00f5es feitas em conjunto com governo e prefeituras de Brumadinho e outros 25 munic\u00edpios atingidos.<\/p>\n\n\n\t<p>\n\t\t<a href=\"https:\/\/lp.suno.com.br\/ebook-como-analisar-uma-acao\/\" target=\"_blank\" data-element=\"shortcode-suno-banner\" title=\"Banner SUNO, clique e saiba mais\">\n\t\t\t<picture>\n\t\t\t\t<source media=\"(max-width: 500px)\" srcset=\"https:\/\/files.sunoresearch.com.br\/n\/uploads\/2023\/03\/Ebook-Acoes-Mobile.jpg\">\n\t\t\t\t<img class=\"newsContent__article__imgCapa newsContent__article__imgCapa--banner\"\n\t\t\t\t\tsrc=\"https:\/\/files.sunoresearch.com.br\/n\/uploads\/2023\/03\/Ebook-Acoes-Desktop.jpg\"\n\t\t\t\t\tdata-promo-id=\"378302\"\t\t\t\t\t\t\t\t\t\twidth='1420' height='286'\t\t\t\t\talt=\"https:\/\/files.sunoresearch.com.br\/n\/uploads\/2023\/03\/Ebook-Acoes-Desktop.jpg\"\n\t\t\t\t>\n\t\t\t<\/picture>\n\t\t<\/a>\n\t<\/p>\n\n\n\n\n\n<p>A terceira e \u00faltima parte perfaz R$ 11,4 bilh\u00f5es para o que a Vale chama de &#8220;obriga\u00e7\u00f5es a fazer&#8221;. Desse montante, foram desembolsados 39% at\u00e9 o momento. Trata-se de um pacote com projetos priorit\u00e1rios em \u00e1reas como sa\u00fade, educa\u00e7\u00e3o, agricultura, transporte e energia.<\/p>\n\n\n\n<p>O porcentual menor, segundo Gleuza, se deve ao tempo de discuss\u00e3o e aprova\u00e7\u00e3o final dos projetos com comunidades e participantes do acordo. Os projetos, diz ela, s\u00f3 come\u00e7aram a sair do papel em meados de 2022 e t\u00eam at\u00e9 2031 para serem conclu\u00eddos.<\/p>\n\n\n\n<p>Em n\u00fameros, a Vale fala em 373 projetos aprovados, sendo 104 conclu\u00eddos e 164 em andamento. Os outros 105 projetos entram na segunda frente, como &#8220;obriga\u00e7\u00e3o de pagar&#8221;. Eles acontecem nas \u00e1reas de educa\u00e7\u00e3o; envolvem obras de creches, escolas, hospitais, unidades b\u00e1sicas de sa\u00fade e casas populares; equipagem de unidades de sa\u00fade com materiais e ve\u00edculos; e apoio \u00e0 agropecu\u00e1ria e melhoria de servi\u00e7os rurais.<\/p>\n\n\n\n<h2 class=\"wp-block-heading\"><b>Diversifica\u00e7\u00e3o econ\u00f4mica<\/b><\/h2>\n\n\n\n<p>A diretora explica ainda que para compensar a desativa\u00e7\u00e3o da Mina do Feij\u00e3o e n\u00e3o deixar a economia local minguar, a <strong>Vale<\/strong> desenvolve o Programa de Turismo de Brumadinho, que assessora 39 empreendimentos, e prepara um terreno para abrigar ind\u00fastrias a um investimento previsto de R$ 170 milh\u00f5es. Trata-se de uma \u00e1rea de 1,2 milh\u00e3o de metros quadrados em fase de terraplanagem.<\/p>\n\n\n\n<p><em>Com Estad\u00e3o Conte\u00fado<\/em><\/p>\n\n\n\t<p>\n\t\t<a href=\"https:\/\/lp.suno.com.br\/planilha-da-vida-financeira\/\" target=\"_blank\" data-element=\"shortcode-suno-banner\" title=\"Banner SUNO, clique e saiba mais\">\n\t\t\t<picture>\n\t\t\t\t<source media=\"(max-width: 500px)\" srcset=\"https:\/\/files.sunoresearch.com.br\/n\/uploads\/2023\/04\/400x300-Planilha-vida-financeira-true.png\">\n\t\t\t\t<img class=\"newsContent__article__imgCapa newsContent__article__imgCapa--banner\"\n\t\t\t\t\tsrc=\"https:\/\/files.sunoresearch.com.br\/n\/uploads\/2023\/04\/1420x240-Planilha-vida-financeira-true.png\"\n\t\t\t\t\tdata-promo-id=\"383123\"\t\t\t\t\t\t\t\t\t\twidth='1420' height='240'\t\t\t\t\talt=\"https:\/\/files.sunoresearch.com.br\/n\/uploads\/2023\/04\/1420x240-Planilha-vida-financeira-true.png\"\n\t\t\t\t>\n\t\t\t<\/picture>\n\t\t<\/a>\n\t<\/p>\n\n\n","protected":false},"excerpt":{"rendered":"<p>Perto de completar 6 anos da ruptura de uma barragem sobre Brumadinho (MG), que matou 272 pessoas, a Vale (VALE3) informou que assumiu cerca de R$ 64,5 bilh\u00f5es em compromissos de repara\u00e7\u00e3o. Desse total, a mineradora diz j\u00e1 ter desembolsado R$ 48,55 bilh\u00f5es. Rompimento da barragem de Brumadinho, Vale. Foto: Wikimedia Commons Ao Broadcast (sistema [&hellip;]<\/p>\n","protected":false},"author":43,"featured_media":190727,"comment_status":"closed","ping_status":"closed","sticky":false,"template":"","format":"standard","meta":[],"categories":[64],"tags":[676],"suno_strategy":[],"class_list":["post-591205","post","type-post","status-publish","format-standard","has-post-thumbnail","hentry","category-negocios","tag-vale-vale3"],"yoast_head":"<!-- This site is optimized with the Yoast SEO plugin v24.4 - https:\/\/yoast.com\/wordpress\/plugins\/seo\/ -->\n<title>Vale (VALE3) assumiu R$ 64,5 bi em compromissos por Brumadinho<\/title>\n<meta name=\"description\" content=\"A Vale (VALE3) informou que assumiu cerca de R$ 64,5 bilh\u00f5es em compromissos de repara\u00e7\u00e3o por Brumadinho. Clique e saiba mais.\" \/>\n<meta name=\"robots\" content=\"index, follow, max-snippet:-1, max-image-preview:large, max-video-preview:-1\" \/>\n<link rel=\"canonical\" href=\"https:\/\/www.suno.com.br\/noticias\/vale-vale3-assumiu-compromissos-brumadinho-ec-gss\/\" \/>\n<meta property=\"og:locale\" content=\"pt_BR\" \/>\n<meta property=\"og:type\" content=\"article\" \/>\n<meta property=\"og:title\" content=\"Vale (VALE3) assumiu R$ 64,5 bi em compromissos por Brumadinho\" \/>\n<meta property=\"og:description\" content=\"A Vale (VALE3) informou que assumiu cerca de R$ 64,5 bilh\u00f5es em compromissos de repara\u00e7\u00e3o por Brumadinho. Clique e saiba mais.\" \/>\n<meta property=\"og:url\" content=\"https:\/\/www.suno.com.br\/noticias\/vale-vale3-assumiu-compromissos-brumadinho-ec-gss\/\" \/>\n<meta property=\"og:site_name\" content=\"Suno Not\u00edcias\" \/>\n<meta property=\"article:publisher\" content=\"https:\/\/facebook.com\/sunoresearch\" \/>\n<meta property=\"article:author\" content=\"https:\/\/www.facebook.com\/sunonoticias\/\" \/>\n<meta property=\"og:image\" content=\"https:\/\/files.sunoresearch.com.br\/n\/uploads\/2021\/10\/1280px-Brumadinho_Minas_Gerais.jpg\" \/>\n\t<meta property=\"og:image:width\" content=\"1280\" \/>\n\t<meta property=\"og:image:height\" content=\"853\" \/>\n\t<meta property=\"og:image:type\" content=\"image\/jpeg\" \/>\n<meta name=\"author\" content=\"Reda\u00e7\u00e3o Suno Not\u00edcias\" \/>\n<meta name=\"twitter:card\" content=\"summary_large_image\" \/>\n<meta name=\"twitter:creator\" content=\"@https:\/\/twitter.com\/sunoresearch\" \/>\n<meta name=\"twitter:site\" content=\"@sunoresearch\" \/>\n<meta name=\"twitter:label1\" content=\"Escrito por\" \/>\n\t<meta name=\"twitter:data1\" content=\"Reda\u00e7\u00e3o Suno Not\u00edcias\" \/>\n\t<meta name=\"twitter:label2\" content=\"Est. tempo de leitura\" \/>\n\t<meta name=\"twitter:data2\" content=\"4 minutos\" \/>\n<script type=\"application\/ld+json\" class=\"yoast-schema-graph\">{\"@context\":\"https:\/\/schema.org\",\"@graph\":[{\"@type\":\"NewsArticle\",\"@id\":\"https:\/\/www.suno.com.br\/noticias\/vale-vale3-assumiu-compromissos-brumadinho-ec-gss\/#article\",\"isPartOf\":{\"@id\":\"https:\/\/www.suno.com.br\/noticias\/vale-vale3-assumiu-compromissos-brumadinho-ec-gss\/\"},\"author\":{\"name\":\"Reda\u00e7\u00e3o Suno Not\u00edcias\",\"@id\":\"https:\/\/www.suno.com.br\/noticias\/#\/schema\/person\/c1b1bd3727fa852bd045e9dbff3673ea\"},\"headline\":\"Vale (VALE3) assumiu R$ 64,5 bi em compromissos por Brumadinho\",\"datePublished\":\"2025-01-17T19:21:13+00:00\",\"dateModified\":\"2025-01-17T19:21:15+00:00\",\"mainEntityOfPage\":{\"@id\":\"https:\/\/www.suno.com.br\/noticias\/vale-vale3-assumiu-compromissos-brumadinho-ec-gss\/\"},\"wordCount\":646,\"publisher\":{\"@id\":\"https:\/\/www.suno.com.br\/noticias\/#organization\"},\"image\":{\"@id\":\"https:\/\/www.suno.com.br\/noticias\/vale-vale3-assumiu-compromissos-brumadinho-ec-gss\/#primaryimage\"},\"thumbnailUrl\":\"https:\/\/files.sunoresearch.com.br\/n\/uploads\/2021\/10\/1280px-Brumadinho_Minas_Gerais.jpg\",\"keywords\":[\"Vale (VALE3)\"],\"articleSection\":[\"Neg\u00f3cios\"],\"inLanguage\":\"pt-BR\"},{\"@type\":\"WebPage\",\"@id\":\"https:\/\/www.suno.com.br\/noticias\/vale-vale3-assumiu-compromissos-brumadinho-ec-gss\/\",\"url\":\"https:\/\/www.suno.com.br\/noticias\/vale-vale3-assumiu-compromissos-brumadinho-ec-gss\/\",\"name\":\"Vale (VALE3) assumiu R$ 64,5 bi em compromissos por Brumadinho\",\"isPartOf\":{\"@id\":\"https:\/\/www.suno.com.br\/noticias\/#website\"},\"primaryImageOfPage\":{\"@id\":\"https:\/\/www.suno.com.br\/noticias\/vale-vale3-assumiu-compromissos-brumadinho-ec-gss\/#primaryimage\"},\"image\":{\"@id\":\"https:\/\/www.suno.com.br\/noticias\/vale-vale3-assumiu-compromissos-brumadinho-ec-gss\/#primaryimage\"},\"thumbnailUrl\":\"https:\/\/files.sunoresearch.com.br\/n\/uploads\/2021\/10\/1280px-Brumadinho_Minas_Gerais.jpg\",\"datePublished\":\"2025-01-17T19:21:13+00:00\",\"dateModified\":\"2025-01-17T19:21:15+00:00\",\"description\":\"A Vale (VALE3) informou que assumiu cerca de R$ 64,5 bilh\u00f5es em compromissos de repara\u00e7\u00e3o por Brumadinho. Clique e saiba mais.\",\"breadcrumb\":{\"@id\":\"https:\/\/www.suno.com.br\/noticias\/vale-vale3-assumiu-compromissos-brumadinho-ec-gss\/#breadcrumb\"},\"inLanguage\":\"pt-BR\",\"potentialAction\":[{\"@type\":\"ReadAction\",\"target\":[\"https:\/\/www.suno.com.br\/noticias\/vale-vale3-assumiu-compromissos-brumadinho-ec-gss\/\"]}]},{\"@type\":\"ImageObject\",\"inLanguage\":\"pt-BR\",\"@id\":\"https:\/\/www.suno.com.br\/noticias\/vale-vale3-assumiu-compromissos-brumadinho-ec-gss\/#primaryimage\",\"url\":\"https:\/\/files.sunoresearch.com.br\/n\/uploads\/2021\/10\/1280px-Brumadinho_Minas_Gerais.jpg\",\"contentUrl\":\"https:\/\/files.sunoresearch.com.br\/n\/uploads\/2021\/10\/1280px-Brumadinho_Minas_Gerais.jpg\",\"width\":1280,\"height\":853,\"caption\":\"Rompimento da barragem de Brumadinho, Vale. Foto: Wikimedia Commons\"},{\"@type\":\"BreadcrumbList\",\"@id\":\"https:\/\/www.suno.com.br\/noticias\/vale-vale3-assumiu-compromissos-brumadinho-ec-gss\/#breadcrumb\",\"itemListElement\":[{\"@type\":\"ListItem\",\"position\":1,\"name\":\"Not\u00edcias\",\"item\":\"https:\/\/www.suno.com.br\/noticias\/\"},{\"@type\":\"ListItem\",\"position\":2,\"name\":\"Neg\u00f3cios\",\"item\":\"https:\/\/www.suno.com.br\/noticias\/negocios\/\"},{\"@type\":\"ListItem\",\"position\":3,\"name\":\"Vale (VALE3) assumiu R$ 64,5 bi em compromissos por Brumadinho\"}]},{\"@type\":\"WebSite\",\"@id\":\"https:\/\/www.suno.com.br\/noticias\/#website\",\"url\":\"https:\/\/www.suno.com.br\/noticias\/\",\"name\":\"Suno Not\u00edcias\",\"description\":\"Seu portal de informa\u00e7\u00e3o sobre o mundo dos investimentos\",\"publisher\":{\"@id\":\"https:\/\/www.suno.com.br\/noticias\/#organization\"},\"potentialAction\":[{\"@type\":\"SearchAction\",\"target\":{\"@type\":\"EntryPoint\",\"urlTemplate\":\"https:\/\/www.suno.com.br\/noticias\/?s={search_term_string}\"},\"query-input\":{\"@type\":\"PropertyValueSpecification\",\"valueRequired\":true,\"valueName\":\"search_term_string\"}}],\"inLanguage\":\"pt-BR\"},{\"@type\":\"Organization\",\"@id\":\"https:\/\/www.suno.com.br\/noticias\/#organization\",\"name\":\"Suno Not\u00edcias\",\"url\":\"https:\/\/www.suno.com.br\/noticias\/\",\"logo\":{\"@type\":\"ImageObject\",\"inLanguage\":\"pt-BR\",\"@id\":\"https:\/\/www.suno.com.br\/noticias\/#\/schema\/logo\/image\/\",\"url\":\"https:\/\/files.sunoresearch.com.br\/n\/uploads\/2021\/09\/suno-logo.png\",\"contentUrl\":\"https:\/\/files.sunoresearch.com.br\/n\/uploads\/2021\/09\/suno-logo.png\",\"width\":180,\"height\":180,\"caption\":\"Suno Not\u00edcias\"},\"image\":{\"@id\":\"https:\/\/www.suno.com.br\/noticias\/#\/schema\/logo\/image\/\"},\"sameAs\":[\"https:\/\/facebook.com\/sunoresearch\",\"https:\/\/x.com\/sunoresearch\",\"https:\/\/www.instagram.com\/suno\",\"https:\/\/www.linkedin.com\/company\/suno-research\/\",\"https:\/\/www.youtube.com\/c\/sunoresearch\"]},{\"@type\":\"Person\",\"@id\":\"https:\/\/www.suno.com.br\/noticias\/#\/schema\/person\/c1b1bd3727fa852bd045e9dbff3673ea\",\"name\":\"Reda\u00e7\u00e3o Suno Not\u00edcias\",\"image\":{\"@type\":\"ImageObject\",\"inLanguage\":\"pt-BR\",\"@id\":\"https:\/\/www.suno.com.br\/noticias\/#\/schema\/person\/image\/\",\"url\":\"https:\/\/secure.gravatar.com\/avatar\/b8104b9b5a71985d5238ee59fbe418af?s=96&r=g\",\"contentUrl\":\"https:\/\/secure.gravatar.com\/avatar\/b8104b9b5a71985d5238ee59fbe418af?s=96&r=g\",\"caption\":\"Reda\u00e7\u00e3o Suno Not\u00edcias\"},\"description\":\"O Suno Not\u00edcias \u00e9 um portal de informa\u00e7\u00f5es sobre Mercado Financeiro, Pol\u00edtica, Neg\u00f3cios, Economia e Finan\u00e7as Pessoais.\",\"sameAs\":[\"https:\/\/www.suno.com.br\/noticias\",\"https:\/\/www.facebook.com\/sunonoticias\/\",\"https:\/\/www.instagram.com\/sunonoticias\/\",\"https:\/\/x.com\/https:\/\/twitter.com\/sunoresearch\",\"https:\/\/www.youtube.com\/sunonoticias\"],\"url\":\"https:\/\/www.suno.com.br\/noticias\/author\/redacao-suno\/\"}]}<\/script>\n<!-- \/ Yoast SEO plugin. -->","yoast_head_json":{"title":"Vale (VALE3) assumiu R$ 64,5 bi em compromissos por Brumadinho","description":"A Vale (VALE3) informou que assumiu cerca de R$ 64,5 bilh\u00f5es em compromissos de repara\u00e7\u00e3o por Brumadinho. Clique e saiba mais.","robots":{"index":"index","follow":"follow","max-snippet":"max-snippet:-1","max-image-preview":"max-image-preview:large","max-video-preview":"max-video-preview:-1"},"canonical":"https:\/\/www.suno.com.br\/noticias\/vale-vale3-assumiu-compromissos-brumadinho-ec-gss\/","og_locale":"pt_BR","og_type":"article","og_title":"Vale (VALE3) assumiu R$ 64,5 bi em compromissos por Brumadinho","og_description":"A Vale (VALE3) informou que assumiu cerca de R$ 64,5 bilh\u00f5es em compromissos de repara\u00e7\u00e3o por Brumadinho. Clique e saiba mais.","og_url":"https:\/\/www.suno.com.br\/noticias\/vale-vale3-assumiu-compromissos-brumadinho-ec-gss\/","og_site_name":"Suno Not\u00edcias","article_publisher":"https:\/\/facebook.com\/sunoresearch","article_author":"https:\/\/www.facebook.com\/sunonoticias\/","og_image":[{"width":1280,"height":853,"url":"https:\/\/files.sunoresearch.com.br\/n\/uploads\/2021\/10\/1280px-Brumadinho_Minas_Gerais.jpg","type":"image\/jpeg"}],"author":"Reda\u00e7\u00e3o Suno Not\u00edcias","twitter_card":"summary_large_image","twitter_creator":"@https:\/\/twitter.com\/sunoresearch","twitter_site":"@sunoresearch","twitter_misc":{"Escrito por":"Reda\u00e7\u00e3o Suno Not\u00edcias","Est. tempo de leitura":"4 minutos"},"schema":{"@context":"https:\/\/schema.org","@graph":[{"@type":"NewsArticle","@id":"https:\/\/www.suno.com.br\/noticias\/vale-vale3-assumiu-compromissos-brumadinho-ec-gss\/#article","isPartOf":{"@id":"https:\/\/www.suno.com.br\/noticias\/vale-vale3-assumiu-compromissos-brumadinho-ec-gss\/"},"author":{"name":"Reda\u00e7\u00e3o Suno Not\u00edcias","@id":"https:\/\/www.suno.com.br\/noticias\/#\/schema\/person\/c1b1bd3727fa852bd045e9dbff3673ea"},"headline":"Vale (VALE3) assumiu R$ 64,5 bi em compromissos por Brumadinho","datePublished":"2025-01-17T19:21:13+00:00","dateModified":"2025-01-17T19:21:15+00:00","mainEntityOfPage":{"@id":"https:\/\/www.suno.com.br\/noticias\/vale-vale3-assumiu-compromissos-brumadinho-ec-gss\/"},"wordCount":646,"publisher":{"@id":"https:\/\/www.suno.com.br\/noticias\/#organization"},"image":{"@id":"https:\/\/www.suno.com.br\/noticias\/vale-vale3-assumiu-compromissos-brumadinho-ec-gss\/#primaryimage"},"thumbnailUrl":"https:\/\/files.sunoresearch.com.br\/n\/uploads\/2021\/10\/1280px-Brumadinho_Minas_Gerais.jpg","keywords":["Vale (VALE3)"],"articleSection":["Neg\u00f3cios"],"inLanguage":"pt-BR"},{"@type":"WebPage","@id":"https:\/\/www.suno.com.br\/noticias\/vale-vale3-assumiu-compromissos-brumadinho-ec-gss\/","url":"https:\/\/www.suno.com.br\/noticias\/vale-vale3-assumiu-compromissos-brumadinho-ec-gss\/","name":"Vale (VALE3) assumiu R$ 64,5 bi em compromissos por Brumadinho","isPartOf":{"@id":"https:\/\/www.suno.com.br\/noticias\/#website"},"primaryImageOfPage":{"@id":"https:\/\/www.suno.com.br\/noticias\/vale-vale3-assumiu-compromissos-brumadinho-ec-gss\/#primaryimage"},"image":{"@id":"https:\/\/www.suno.com.br\/noticias\/vale-vale3-assumiu-compromissos-brumadinho-ec-gss\/#primaryimage"},"thumbnailUrl":"https:\/\/files.sunoresearch.com.br\/n\/uploads\/2021\/10\/1280px-Brumadinho_Minas_Gerais.jpg","datePublished":"2025-01-17T19:21:13+00:00","dateModified":"2025-01-17T19:21:15+00:00","description":"A Vale (VALE3) informou que assumiu cerca de R$ 64,5 bilh\u00f5es em compromissos de repara\u00e7\u00e3o por Brumadinho. Clique e saiba mais.","breadcrumb":{"@id":"https:\/\/www.suno.com.br\/noticias\/vale-vale3-assumiu-compromissos-brumadinho-ec-gss\/#breadcrumb"},"inLanguage":"pt-BR","potentialAction":[{"@type":"ReadAction","target":["https:\/\/www.suno.com.br\/noticias\/vale-vale3-assumiu-compromissos-brumadinho-ec-gss\/"]}]},{"@type":"ImageObject","inLanguage":"pt-BR","@id":"https:\/\/www.suno.com.br\/noticias\/vale-vale3-assumiu-compromissos-brumadinho-ec-gss\/#primaryimage","url":"https:\/\/files.sunoresearch.com.br\/n\/uploads\/2021\/10\/1280px-Brumadinho_Minas_Gerais.jpg","contentUrl":"https:\/\/files.sunoresearch.com.br\/n\/uploads\/2021\/10\/1280px-Brumadinho_Minas_Gerais.jpg","width":1280,"height":853,"caption":"Rompimento da barragem de Brumadinho, Vale. Foto: Wikimedia Commons"},{"@type":"BreadcrumbList","@id":"https:\/\/www.suno.com.br\/noticias\/vale-vale3-assumiu-compromissos-brumadinho-ec-gss\/#breadcrumb","itemListElement":[{"@type":"ListItem","position":1,"name":"Not\u00edcias","item":"https:\/\/www.suno.com.br\/noticias\/"},{"@type":"ListItem","position":2,"name":"Neg\u00f3cios","item":"https:\/\/www.suno.com.br\/noticias\/negocios\/"},{"@type":"ListItem","position":3,"name":"Vale (VALE3) assumiu R$ 64,5 bi em compromissos por Brumadinho"}]},{"@type":"WebSite","@id":"https:\/\/www.suno.com.br\/noticias\/#website","url":"https:\/\/www.suno.com.br\/noticias\/","name":"Suno Not\u00edcias","description":"Seu portal de informa\u00e7\u00e3o sobre o mundo dos investimentos","publisher":{"@id":"https:\/\/www.suno.com.br\/noticias\/#organization"},"potentialAction":[{"@type":"SearchAction","target":{"@type":"EntryPoint","urlTemplate":"https:\/\/www.suno.com.br\/noticias\/?s={search_term_string}"},"query-input":{"@type":"PropertyValueSpecification","valueRequired":true,"valueName":"search_term_string"}}],"inLanguage":"pt-BR"},{"@type":"Organization","@id":"https:\/\/www.suno.com.br\/noticias\/#organization","name":"Suno Not\u00edcias","url":"https:\/\/www.suno.com.br\/noticias\/","logo":{"@type":"ImageObject","inLanguage":"pt-BR","@id":"https:\/\/www.suno.com.br\/noticias\/#\/schema\/logo\/image\/","url":"https:\/\/files.sunoresearch.com.br\/n\/uploads\/2021\/09\/suno-logo.png","contentUrl":"https:\/\/files.sunoresearch.com.br\/n\/uploads\/2021\/09\/suno-logo.png","width":180,"height":180,"caption":"Suno Not\u00edcias"},"image":{"@id":"https:\/\/www.suno.com.br\/noticias\/#\/schema\/logo\/image\/"},"sameAs":["https:\/\/facebook.com\/sunoresearch","https:\/\/x.com\/sunoresearch","https:\/\/www.instagram.com\/suno","https:\/\/www.linkedin.com\/company\/suno-research\/","https:\/\/www.youtube.com\/c\/sunoresearch"]},{"@type":"Person","@id":"https:\/\/www.suno.com.br\/noticias\/#\/schema\/person\/c1b1bd3727fa852bd045e9dbff3673ea","name":"Reda\u00e7\u00e3o Suno Not\u00edcias","image":{"@type":"ImageObject","inLanguage":"pt-BR","@id":"https:\/\/www.suno.com.br\/noticias\/#\/schema\/person\/image\/","url":"https:\/\/secure.gravatar.com\/avatar\/b8104b9b5a71985d5238ee59fbe418af?s=96&r=g","contentUrl":"https:\/\/secure.gravatar.com\/avatar\/b8104b9b5a71985d5238ee59fbe418af?s=96&r=g","caption":"Reda\u00e7\u00e3o Suno Not\u00edcias"},"description":"O Suno Not\u00edcias \u00e9 um portal de informa\u00e7\u00f5es sobre Mercado Financeiro, Pol\u00edtica, Neg\u00f3cios, Economia e Finan\u00e7as Pessoais.","sameAs":["https:\/\/www.suno.com.br\/noticias","https:\/\/www.facebook.com\/sunonoticias\/","https:\/\/www.instagram.com\/sunonoticias\/","https:\/\/x.com\/https:\/\/twitter.com\/sunoresearch","https:\/\/www.youtube.com\/sunonoticias"],"url":"https:\/\/www.suno.com.br\/noticias\/author\/redacao-suno\/"}]}},"default_loop_html":"<div class=\"cardsPage__listCard__boxs\"><div class=\"cardsPage__listCard__boxs__img\"><a href=\"https:\/\/www.suno.com.br\/noticias\/vale-vale3-assumiu-compromissos-brumadinho-ec-gss\/\"><img class=\"mask\" src=\"https:\/\/www.suno.com.br\/noticias\/wp-content\/themes\/suno\/resources\/images\/spotlight\/spotlight1img\/bg-mask.png\" alt=\"Image Mask\"\/><img src=\"https:\/\/files.sunoresearch.com.br\/n\/uploads\/2021\/10\/1280px-Brumadinho_Minas_Gerais-400x200.jpg\" alt=\"Vale (VALE3) assumiu R$ 64,5 bi em compromissos por Brumadinho\"\/><\/a><span class=\"spotlightCategory\"><a href=\"https:\/\/www.suno.com.br\/noticias\/negocios\/\">Neg\u00f3cios<\/a><\/span><\/div><div class=\"cardsPage__listCard__boxs__content\"><a href=\"https:\/\/www.suno.com.br\/noticias\/vale-vale3-assumiu-compromissos-brumadinho-ec-gss\/\"><h2 class=\"content__title\">Vale (VALE3) assumiu R$ 64,5 bi em compromissos por Brumadinho<\/h2><\/a><div class=\"newsContent__article__meta\"><div class=\"newsContent__article__meta__authorBox\"><a href=\"https:\/\/www.suno.com.br\/noticias\/author\/redacao-suno\/\" class=\"authorBox__avatar noMobi\"><img src=\"https:\/\/files.sunoresearch.com.br\/n\/uploads\/2020\/08\/0ace682d-redacao-1-150x150.webp\" alt=\"Reda\u00e7\u00e3o Suno Not\u00edcias\"><\/a><div class=\"authorBox__name\"><span>por\n\t\t\t<a href=\"https:\/\/www.suno.com.br\/noticias\/author\/redacao-suno\/\"><span itemprop=\"author\">Reda\u00e7\u00e3o Suno Not\u00edcias<\/span><\/a><\/span><time datetime=\"2025-01-17T16:21:13-03:00\" itemprop=\"datePublished\">17\/01\/2025 16:21<\/time><\/div><\/div><\/div><\/div><\/div>","single_layout":"posts","amp_enabled":true,"_links":{"self":[{"href":"https:\/\/www.suno.com.br\/noticias\/wp-json\/wp\/v2\/posts\/591205"}],"collection":[{"href":"https:\/\/www.suno.com.br\/noticias\/wp-json\/wp\/v2\/posts"}],"about":[{"href":"https:\/\/www.suno.com.br\/noticias\/wp-json\/wp\/v2\/types\/post"}],"author":[{"embeddable":true,"href":"https:\/\/www.suno.com.br\/noticias\/wp-json\/wp\/v2\/users\/43"}],"replies":[{"embeddable":true,"href":"https:\/\/www.suno.com.br\/noticias\/wp-json\/wp\/v2\/comments?post=591205"}],"version-history":[{"count":2,"href":"https:\/\/www.suno.com.br\/noticias\/wp-json\/wp\/v2\/posts\/591205\/revisions"}],"predecessor-version":[{"id":591227,"href":"https:\/\/www.suno.com.br\/noticias\/wp-json\/wp\/v2\/posts\/591205\/revisions\/591227"}],"wp:featuredmedia":[{"embeddable":true,"href":"https:\/\/www.suno.com.br\/noticias\/wp-json\/wp\/v2\/media\/190727"}],"wp:attachment":[{"href":"https:\/\/www.suno.com.br\/noticias\/wp-json\/wp\/v2\/media?parent=591205"}],"wp:term":[{"taxonomy":"category","embeddable":true,"href":"https:\/\/www.suno.com.br\/noticias\/wp-json\/wp\/v2\/categories?post=591205"},{"taxonomy":"post_tag","embeddable":true,"href":"https:\/\/www.suno.com.br\/noticias\/wp-json\/wp\/v2\/tags?post=591205"},{"taxonomy":"suno_strategy","embeddable":true,"href":"https:\/\/www.suno.com.br\/noticias\/wp-json\/wp\/v2\/suno_strategy?post=591205"}],"curies":[{"name":"wp","href":"https:\/\/api.w.org\/{rel}","templated":true}]}}