{"id":591197,"date":"2025-01-17T13:12:19","date_gmt":"2025-01-17T16:12:19","guid":{"rendered":"https:\/\/www.suno.com.br\/noticias\/?p=591197"},"modified":"2025-01-17T14:11:53","modified_gmt":"2025-01-17T17:11:53","slug":"fundos-de-investimento-veto-entenda-baroni-gss","status":"publish","type":"post","link":"https:\/\/www.suno.com.br\/noticias\/fundos-de-investimento-veto-entenda-baroni-gss\/","title":{"rendered":"Fundos de investimento: saiba tudo sobre o veto \u00e0 isen\u00e7\u00e3o de impostos"},"content":{"rendered":"<p>O mercado est\u00e1 em sinal de alerta nesta sexta-feira (17), em linha com o <a href=\"https:\/\/www.suno.com.br\/noticias\/reforma-tributaria-lula-veta-isencao-gss\/\">veto do presidente Lula<\/a> ao trecho do projeto de regulamenta\u00e7\u00e3o da reforma tribut\u00e1ria que previa a isen\u00e7\u00e3o de novos tributos para <strong>fundos de investimento<\/strong> e patrimoniais. Por conta disso, o professor Marcos Baroni realizou uma live extraordin\u00e1ria a fim de esclarecer as d\u00favidas dos investidores sobre o tema.<\/p>\t<div class=\"wrapper-featured-image\">\n\t\t<figure class=\"spotlightImg\">\n\n\t\t\t<picture>\n\t\t\t\t<source media=\"(max-width: 768px)\" srcset=\"https:\/\/files.sunoresearch.com.br\/n\/uploads\/2025\/01\/Screenshot_29-400x200.png\">\n\t\t\t\t<img loading=\"lazy\" decoding=\"async\" class=\"newsContent__article__imgCapa lazyloadDisabled \" src=\"https:\/\/files.sunoresearch.com.br\/n\/uploads\/2025\/01\/Screenshot_29-800x450.png\" width=\"800\" height=\"450\" alt=\"Fundos de investimento: saiba tudo sobre o veto \u00e0 isen\u00e7\u00e3o de impostos\" fetchpriority=high \/>\n\t\t\t<\/picture>\n\n\t\t\t<figcaption class=\"wp-caption-text wp-caption-text--show\">Foto: Reprodu\u00e7\u00e3o<\/figcaption>\n\t\t<\/figure>\n\t<\/div>\n\n\n\n\n\n\n\n\t<p>\n\t\t<a href=\"https:\/\/lp.suno.com.br\/plataforma-de-controle-de-investimentos\/\" target=\"_blank\" data-element=\"shortcode-suno-banner\" title=\"Banner SUNO, clique e saiba mais\">\n\t\t\t<picture>\n\t\t\t\t<source media=\"(max-width: 500px)\" srcset=\"https:\/\/files.sunoresearch.com.br\/n\/uploads\/2023\/03\/400x300-Controle-de-Investimentos.png\">\n\t\t\t\t<img class=\"newsContent__article__imgCapa newsContent__article__imgCapa--banner\"\n\t\t\t\t\tsrc=\"https:\/\/files.sunoresearch.com.br\/n\/uploads\/2023\/03\/1420x240-Controle-de-Investimentos.png\"\n\t\t\t\t\tdata-promo-id=\"383162\"\t\t\t\t\t\t\t\t\t\twidth='1420' height='240'\t\t\t\t\talt=\"https:\/\/files.sunoresearch.com.br\/n\/uploads\/2023\/03\/1420x240-Controle-de-Investimentos.png\"\n\t\t\t\t>\n\t\t\t<\/picture>\n\t\t<\/a>\n\t<\/p>\n\n\n\n\n\n<p>Segundo o especialista, a medida vetada n\u00e3o significa o fim da <strong>isen\u00e7\u00e3o de imposto de renda para fundos imobili\u00e1rios<\/strong>, como foi amplamente discutido na m\u00eddia. <\/p>\n\n\n\n<p>Em vez disso, diz o professor, o veto amplia a abrang\u00eancia dos fundos de investimento dentro da nova estrutura tribut\u00e1ria proposta pela reforma. <\/p>\n\n\n\n<p>\u201cN\u00e3o tem absolutamente nenhuma conex\u00e3o com a ideia de que os <a class=\"suno-keyword\" target=\"_blank\" data-force=\"no\" data-priority=\"2\" href=\"https:\/\/www.suno.com.br\/fundos-imobiliarios\/\" rel=\"noopener\">fundos imobili\u00e1rios<\/a> perder\u00e3o <strong>isen\u00e7\u00e3o de imposto de renda<\/strong>. Estamos falando de um enquadramento tribut\u00e1rio mais amplo\u201d, afirmou Baroni.<\/p>\n\n\n\n<h2 class=\"wp-block-heading\"><strong>Impacto no bolso dos brasileiros<\/strong><\/h2>\n\n\n\n<p>Para investidores, o impacto direto n\u00e3o ser\u00e1 imediato. O professor explicou que as mudan\u00e7as mais relevantes ser\u00e3o sentidas entre 2027 e 2028, at\u00e9 que haja uma grande virada em 2032.<\/p>\n\n\n\n<p>&#8220;Para quem est\u00e1 vendendo cotas hoje, \u00e9 preciso deixar bem claro que em 2025 e 2026 n\u00e3o vai mudar nada. A transi\u00e7\u00e3o come\u00e7a em 2027, ainda que muito parcialmente. O impacto mais consistente para os fundos come\u00e7a em 2029&#8221;, diz.<\/p>\n\n\n\n<p>Contudo, o professor destaca que a medida tende a gerar mais infla\u00e7\u00e3o, uma vez que o mercado vai querer repassar esses custos na taxa de spread do <strong>fundo de papel<\/strong> ou no <a class=\"suno-keyword\" target=\"_blank\" data-force=\"no\" data-priority=\"2\" href=\"https:\/\/www.suno.com.br\/artigos\/contrato-de-aluguel\/\" rel=\"noopener\">contrato de aluguel<\/a>, por exemplo.<\/p>\n\n\n\n<p>Assim, dependendo da al\u00edquota final e da capacidade de repasse de custos aos locat\u00e1rios, a rentabilidade dos fundos pode ser reduzida entre 8% e 10% no <a class=\"suno-keyword\" data-force=\"no\" data-priority=\"1\" href=\"https:\/\/www.suno.com.br\/artigos\/longo-prazo\/\" target=\"_blank\" rel=\"noopener\">longo prazo<\/a>, diz Baroni.<\/p>\n\n\n\n<figure class=\"wp-block-embed is-type-video is-provider-youtube wp-block-embed-youtube wp-embed-aspect-16-9 wp-has-aspect-ratio\"><div class=\"wp-block-embed__wrapper\">\n<iframe loading=\"lazy\" title=\"TRIBUTA\u00c7\u00c3O EM FIIS? - Destaques da Semana - 11 a 17\/01 | Prof. Baroni\" width=\"1080\" height=\"608\" src=\"https:\/\/www.youtube.com\/embed\/Aq3u9DrEVgg?feature=oembed\" frameborder=\"0\" allow=\"accelerometer; autoplay; clipboard-write; encrypted-media; gyroscope; picture-in-picture; web-share\" referrerpolicy=\"strict-origin-when-cross-origin\" allowfullscreen><\/iframe>\n<\/div><\/figure>\n\n\n\n<p>Essa perda de atratividade pode afetar n\u00e3o s\u00f3 os cotistas, mas tamb\u00e9m a economia em geral, uma vez que fundos imobili\u00e1rios, de infraestrutura e do setor agroindustrial t\u00eam relev\u00e2ncia estrat\u00e9gica para o PIB brasileiro.<\/p>\n\n\n\n<p>H\u00e1, no entanto, um otimismo cauteloso sobre a possibilidade de revers\u00e3o do veto. Baroni destacou que a medida ser\u00e1 discutida ap\u00f3s o recesso parlamentar e que parlamentares como o deputado Arnaldo Jardim j\u00e1 sinalizaram esfor\u00e7os nesse sentido. Ele tamb\u00e9m apontou que o tema pode ser judicializado.<\/p>\n\n\n\n<h2 class=\"wp-block-heading\"><strong>Incertezas no mercado<\/strong><\/h2>\n\n\n\n<p>O veto gerou volatilidade imediata no mercado, com <a href=\"https:\/\/www.suno.com.br\/noticias\/ifix-17012025-gss\/\">quedas significativas nas cota\u00e7\u00f5es de fundos de investimento<\/a> logo ap\u00f3s o an\u00fancio. Segundo <strong>Baroni<\/strong>, essa rea\u00e7\u00e3o reflete a falta de clareza sobre como a tributa\u00e7\u00e3o ser\u00e1 aplicada. Quest\u00f5es como a forma de tributa\u00e7\u00e3o de <a class=\"suno-keyword\" target=\"_blank\" data-force=\"no\" data-priority=\"1\" href=\"https:\/\/www.suno.com.br\/artigos\/fundos-de-papel-valem-a-pena\/\" rel=\"noopener\">fundos de papel<\/a> e a incid\u00eancia de impostos sobre contratos existentes ainda est\u00e3o indefinidas.<\/p>\n\n\n\n<p>\u201cN\u00e3o sabemos se a tributa\u00e7\u00e3o ser\u00e1 sobre o spread ou sobre o valor cheio. Esse n\u00edvel de incerteza cria um ambiente de desconfian\u00e7a e instabilidade, prejudicando a percep\u00e7\u00e3o do mercado sobre esses ativos\u201d, ressaltou.<\/p>\n\n\n\n<p>Por volta das 12h47 desta sexta-feira (17), o IFIX, principal \u00edndice do mercado de <strong>Fundos de Investimento Imobili\u00e1rio<\/strong> (FIIs) opera em queda de 1,29%, aos 3.044,39 pontos.<\/p>\n\n\n\t<p>\n\t\t<a href=\"https:\/\/lp.suno.com.br\/minicurso-investindo-fiis\/\" target=\"_blank\" data-element=\"shortcode-suno-banner\" title=\"Banner SUNO, clique e saiba mais\">\n\t\t\t<picture>\n\t\t\t\t<source media=\"(max-width: 500px)\" srcset=\"https:\/\/files.sunoresearch.com.br\/n\/uploads\/2023\/03\/400x300-Minicurso-FIIS.png\">\n\t\t\t\t<img class=\"newsContent__article__imgCapa newsContent__article__imgCapa--banner\"\n\t\t\t\t\tsrc=\"https:\/\/files.sunoresearch.com.br\/n\/uploads\/2023\/03\/1420x240-Minicurso-FIIS.png\"\n\t\t\t\t\tdata-promo-id=\"383125\"\t\t\t\t\t\t\t\t\t\twidth='1420' height='240'\t\t\t\t\talt=\"https:\/\/files.sunoresearch.com.br\/n\/uploads\/2023\/03\/1420x240-Minicurso-FIIS.png\"\n\t\t\t\t>\n\t\t\t<\/picture>\n\t\t<\/a>\n\t<\/p>\n\n\n\n\n\t<p>\n\t\t<a href=\"https:\/\/lp.suno.com.br\/planilha-da-vida-financeira\/\" target=\"_blank\" data-element=\"shortcode-suno-banner\" title=\"Banner SUNO, clique e saiba mais\">\n\t\t\t<picture>\n\t\t\t\t<source media=\"(max-width: 500px)\" srcset=\"https:\/\/files.sunoresearch.com.br\/n\/uploads\/2023\/04\/400x300-Planilha-vida-financeira-true.png\">\n\t\t\t\t<img class=\"newsContent__article__imgCapa newsContent__article__imgCapa--banner\"\n\t\t\t\t\tsrc=\"https:\/\/files.sunoresearch.com.br\/n\/uploads\/2023\/04\/1420x240-Planilha-vida-financeira-true.png\"\n\t\t\t\t\tdata-promo-id=\"383123\"\t\t\t\t\t\t\t\t\t\twidth='1420' height='240'\t\t\t\t\talt=\"https:\/\/files.sunoresearch.com.br\/n\/uploads\/2023\/04\/1420x240-Planilha-vida-financeira-true.png\"\n\t\t\t\t>\n\t\t\t<\/picture>\n\t\t<\/a>\n\t<\/p>\n\n\n","protected":false},"excerpt":{"rendered":"<p>O mercado est\u00e1 em sinal de alerta nesta sexta-feira (17), em linha com o veto do presidente Lula ao trecho do projeto de regulamenta\u00e7\u00e3o da reforma tribut\u00e1ria que previa a isen\u00e7\u00e3o de novos tributos para fundos de investimento e patrimoniais. Por conta disso, o professor Marcos Baroni realizou uma live extraordin\u00e1ria a fim de esclarecer [&hellip;]<\/p>\n","protected":false},"author":376,"featured_media":591201,"comment_status":"closed","ping_status":"closed","sticky":false,"template":"","format":"standard","meta":[],"categories":[66,64],"tags":[313,1286],"suno_strategy":[],"class_list":["post-591197","post","type-post","status-publish","format-standard","has-post-thumbnail","hentry","category-fiis","category-negocios","tag-fundos-de-investimento","tag-reforma-tributaria"],"yoast_head":"<!-- This site is optimized with the Yoast SEO plugin v24.4 - https:\/\/yoast.com\/wordpress\/plugins\/seo\/ -->\n<title>Fundos de investimento: entenda o veto \u00e0 isen\u00e7\u00e3o de impostos<\/title>\n<meta name=\"description\" content=\"O professor Marcos Baroni realizou uma live para esclarecer o veto \u00e0 isen\u00e7\u00e3o de novos tributos para fundos de investimento e patrimoniais.\" \/>\n<meta name=\"robots\" content=\"index, follow, max-snippet:-1, max-image-preview:large, max-video-preview:-1\" \/>\n<link rel=\"canonical\" href=\"https:\/\/www.suno.com.br\/noticias\/fundos-de-investimento-veto-entenda-baroni-gss\/\" \/>\n<meta property=\"og:locale\" content=\"pt_BR\" \/>\n<meta property=\"og:type\" content=\"article\" \/>\n<meta property=\"og:title\" content=\"Fundos de investimento: entenda o veto \u00e0 isen\u00e7\u00e3o de impostos\" \/>\n<meta property=\"og:description\" content=\"O professor Marcos Baroni realizou uma live para esclarecer o veto \u00e0 isen\u00e7\u00e3o de novos tributos para fundos de investimento e patrimoniais.\" \/>\n<meta property=\"og:url\" content=\"https:\/\/www.suno.com.br\/noticias\/fundos-de-investimento-veto-entenda-baroni-gss\/\" \/>\n<meta property=\"og:site_name\" content=\"Suno Not\u00edcias\" \/>\n<meta property=\"article:publisher\" content=\"https:\/\/facebook.com\/sunoresearch\" \/>\n<meta property=\"og:image\" content=\"https:\/\/files.sunoresearch.com.br\/n\/uploads\/2025\/01\/Screenshot_29.png\" \/>\n\t<meta property=\"og:image:width\" content=\"1435\" \/>\n\t<meta property=\"og:image:height\" content=\"786\" \/>\n\t<meta property=\"og:image:type\" content=\"image\/png\" \/>\n<meta name=\"author\" content=\"Guilherme Serrano\" \/>\n<meta name=\"twitter:card\" content=\"summary_large_image\" \/>\n<meta name=\"twitter:creator\" content=\"@sunoresearch\" \/>\n<meta name=\"twitter:site\" content=\"@sunoresearch\" \/>\n<meta name=\"twitter:label1\" content=\"Escrito por\" \/>\n\t<meta name=\"twitter:data1\" content=\"Guilherme Serrano\" \/>\n\t<meta name=\"twitter:label2\" content=\"Est. tempo de leitura\" \/>\n\t<meta name=\"twitter:data2\" content=\"3 minutos\" \/>\n<script type=\"application\/ld+json\" class=\"yoast-schema-graph\">{\"@context\":\"https:\/\/schema.org\",\"@graph\":[{\"@type\":\"NewsArticle\",\"@id\":\"https:\/\/www.suno.com.br\/noticias\/fundos-de-investimento-veto-entenda-baroni-gss\/#article\",\"isPartOf\":{\"@id\":\"https:\/\/www.suno.com.br\/noticias\/fundos-de-investimento-veto-entenda-baroni-gss\/\"},\"author\":{\"name\":\"Guilherme Serrano\",\"@id\":\"https:\/\/www.suno.com.br\/noticias\/#\/schema\/person\/d0f07e64bce64aa671feadfb844f04ca\"},\"headline\":\"Fundos de investimento: saiba tudo sobre o veto \u00e0 isen\u00e7\u00e3o de impostos\",\"datePublished\":\"2025-01-17T16:12:19+00:00\",\"dateModified\":\"2025-01-17T17:11:53+00:00\",\"mainEntityOfPage\":{\"@id\":\"https:\/\/www.suno.com.br\/noticias\/fundos-de-investimento-veto-entenda-baroni-gss\/\"},\"wordCount\":553,\"publisher\":{\"@id\":\"https:\/\/www.suno.com.br\/noticias\/#organization\"},\"image\":{\"@id\":\"https:\/\/www.suno.com.br\/noticias\/fundos-de-investimento-veto-entenda-baroni-gss\/#primaryimage\"},\"thumbnailUrl\":\"https:\/\/files.sunoresearch.com.br\/n\/uploads\/2025\/01\/Screenshot_29.png\",\"keywords\":[\"Fundos de investimento\",\"reforma tribut\u00e1ria\"],\"articleSection\":[\"FIIs\",\"Neg\u00f3cios\"],\"inLanguage\":\"pt-BR\"},{\"@type\":\"WebPage\",\"@id\":\"https:\/\/www.suno.com.br\/noticias\/fundos-de-investimento-veto-entenda-baroni-gss\/\",\"url\":\"https:\/\/www.suno.com.br\/noticias\/fundos-de-investimento-veto-entenda-baroni-gss\/\",\"name\":\"Fundos de investimento: entenda o veto \u00e0 isen\u00e7\u00e3o de impostos\",\"isPartOf\":{\"@id\":\"https:\/\/www.suno.com.br\/noticias\/#website\"},\"primaryImageOfPage\":{\"@id\":\"https:\/\/www.suno.com.br\/noticias\/fundos-de-investimento-veto-entenda-baroni-gss\/#primaryimage\"},\"image\":{\"@id\":\"https:\/\/www.suno.com.br\/noticias\/fundos-de-investimento-veto-entenda-baroni-gss\/#primaryimage\"},\"thumbnailUrl\":\"https:\/\/files.sunoresearch.com.br\/n\/uploads\/2025\/01\/Screenshot_29.png\",\"datePublished\":\"2025-01-17T16:12:19+00:00\",\"dateModified\":\"2025-01-17T17:11:53+00:00\",\"description\":\"O professor Marcos Baroni realizou uma live para esclarecer o veto \u00e0 isen\u00e7\u00e3o de novos tributos para fundos de investimento e patrimoniais.\",\"breadcrumb\":{\"@id\":\"https:\/\/www.suno.com.br\/noticias\/fundos-de-investimento-veto-entenda-baroni-gss\/#breadcrumb\"},\"inLanguage\":\"pt-BR\",\"potentialAction\":[{\"@type\":\"ReadAction\",\"target\":[\"https:\/\/www.suno.com.br\/noticias\/fundos-de-investimento-veto-entenda-baroni-gss\/\"]}]},{\"@type\":\"ImageObject\",\"inLanguage\":\"pt-BR\",\"@id\":\"https:\/\/www.suno.com.br\/noticias\/fundos-de-investimento-veto-entenda-baroni-gss\/#primaryimage\",\"url\":\"https:\/\/files.sunoresearch.com.br\/n\/uploads\/2025\/01\/Screenshot_29.png\",\"contentUrl\":\"https:\/\/files.sunoresearch.com.br\/n\/uploads\/2025\/01\/Screenshot_29.png\",\"width\":1435,\"height\":786,\"caption\":\"Foto: Reprodu\u00e7\u00e3o\"},{\"@type\":\"BreadcrumbList\",\"@id\":\"https:\/\/www.suno.com.br\/noticias\/fundos-de-investimento-veto-entenda-baroni-gss\/#breadcrumb\",\"itemListElement\":[{\"@type\":\"ListItem\",\"position\":1,\"name\":\"Not\u00edcias\",\"item\":\"https:\/\/www.suno.com.br\/noticias\/\"},{\"@type\":\"ListItem\",\"position\":2,\"name\":\"Neg\u00f3cios\",\"item\":\"https:\/\/www.suno.com.br\/noticias\/negocios\/\"},{\"@type\":\"ListItem\",\"position\":3,\"name\":\"Fundos de investimento: saiba tudo sobre o veto \u00e0 isen\u00e7\u00e3o de impostos\"}]},{\"@type\":\"WebSite\",\"@id\":\"https:\/\/www.suno.com.br\/noticias\/#website\",\"url\":\"https:\/\/www.suno.com.br\/noticias\/\",\"name\":\"Suno Not\u00edcias\",\"description\":\"Seu portal de informa\u00e7\u00e3o sobre o mundo dos investimentos\",\"publisher\":{\"@id\":\"https:\/\/www.suno.com.br\/noticias\/#organization\"},\"potentialAction\":[{\"@type\":\"SearchAction\",\"target\":{\"@type\":\"EntryPoint\",\"urlTemplate\":\"https:\/\/www.suno.com.br\/noticias\/?s={search_term_string}\"},\"query-input\":{\"@type\":\"PropertyValueSpecification\",\"valueRequired\":true,\"valueName\":\"search_term_string\"}}],\"inLanguage\":\"pt-BR\"},{\"@type\":\"Organization\",\"@id\":\"https:\/\/www.suno.com.br\/noticias\/#organization\",\"name\":\"Suno Not\u00edcias\",\"url\":\"https:\/\/www.suno.com.br\/noticias\/\",\"logo\":{\"@type\":\"ImageObject\",\"inLanguage\":\"pt-BR\",\"@id\":\"https:\/\/www.suno.com.br\/noticias\/#\/schema\/logo\/image\/\",\"url\":\"https:\/\/files.sunoresearch.com.br\/n\/uploads\/2021\/09\/suno-logo.png\",\"contentUrl\":\"https:\/\/files.sunoresearch.com.br\/n\/uploads\/2021\/09\/suno-logo.png\",\"width\":180,\"height\":180,\"caption\":\"Suno Not\u00edcias\"},\"image\":{\"@id\":\"https:\/\/www.suno.com.br\/noticias\/#\/schema\/logo\/image\/\"},\"sameAs\":[\"https:\/\/facebook.com\/sunoresearch\",\"https:\/\/x.com\/sunoresearch\",\"https:\/\/www.instagram.com\/suno\",\"https:\/\/www.linkedin.com\/company\/suno-research\/\",\"https:\/\/www.youtube.com\/c\/sunoresearch\"]},{\"@type\":\"Person\",\"@id\":\"https:\/\/www.suno.com.br\/noticias\/#\/schema\/person\/d0f07e64bce64aa671feadfb844f04ca\",\"name\":\"Guilherme Serrano\",\"image\":{\"@type\":\"ImageObject\",\"inLanguage\":\"pt-BR\",\"@id\":\"https:\/\/www.suno.com.br\/noticias\/#\/schema\/person\/image\/\",\"url\":\"https:\/\/secure.gravatar.com\/avatar\/a90be19d8c67bef61497e4522de30ac4?s=96&r=g\",\"contentUrl\":\"https:\/\/secure.gravatar.com\/avatar\/a90be19d8c67bef61497e4522de30ac4?s=96&r=g\",\"caption\":\"Guilherme Serrano\"},\"description\":\"Jornalista formado pela Faculdade C\u00e1sper L\u00edbero e p\u00f3s-graduado em Can\u00e7\u00e3o Popular pela Faculdade Santa Marcelina. Passagens por R\u00e1dio Gazeta AM, gazetaesportiva.com e TC R\u00e1dio.\",\"url\":\"https:\/\/www.suno.com.br\/noticias\/author\/guilherme-silvasuno-com-br\/\"}]}<\/script>\n<!-- \/ Yoast SEO plugin. -->","yoast_head_json":{"title":"Fundos de investimento: entenda o veto \u00e0 isen\u00e7\u00e3o de impostos","description":"O professor Marcos Baroni realizou uma live para esclarecer o veto \u00e0 isen\u00e7\u00e3o de novos tributos para fundos de investimento e patrimoniais.","robots":{"index":"index","follow":"follow","max-snippet":"max-snippet:-1","max-image-preview":"max-image-preview:large","max-video-preview":"max-video-preview:-1"},"canonical":"https:\/\/www.suno.com.br\/noticias\/fundos-de-investimento-veto-entenda-baroni-gss\/","og_locale":"pt_BR","og_type":"article","og_title":"Fundos de investimento: entenda o veto \u00e0 isen\u00e7\u00e3o de impostos","og_description":"O professor Marcos Baroni realizou uma live para esclarecer o veto \u00e0 isen\u00e7\u00e3o de novos tributos para fundos de investimento e patrimoniais.","og_url":"https:\/\/www.suno.com.br\/noticias\/fundos-de-investimento-veto-entenda-baroni-gss\/","og_site_name":"Suno Not\u00edcias","article_publisher":"https:\/\/facebook.com\/sunoresearch","og_image":[{"width":1435,"height":786,"url":"https:\/\/files.sunoresearch.com.br\/n\/uploads\/2025\/01\/Screenshot_29.png","type":"image\/png"}],"author":"Guilherme Serrano","twitter_card":"summary_large_image","twitter_creator":"@sunoresearch","twitter_site":"@sunoresearch","twitter_misc":{"Escrito por":"Guilherme Serrano","Est. tempo de leitura":"3 minutos"},"schema":{"@context":"https:\/\/schema.org","@graph":[{"@type":"NewsArticle","@id":"https:\/\/www.suno.com.br\/noticias\/fundos-de-investimento-veto-entenda-baroni-gss\/#article","isPartOf":{"@id":"https:\/\/www.suno.com.br\/noticias\/fundos-de-investimento-veto-entenda-baroni-gss\/"},"author":{"name":"Guilherme Serrano","@id":"https:\/\/www.suno.com.br\/noticias\/#\/schema\/person\/d0f07e64bce64aa671feadfb844f04ca"},"headline":"Fundos de investimento: saiba tudo sobre o veto \u00e0 isen\u00e7\u00e3o de impostos","datePublished":"2025-01-17T16:12:19+00:00","dateModified":"2025-01-17T17:11:53+00:00","mainEntityOfPage":{"@id":"https:\/\/www.suno.com.br\/noticias\/fundos-de-investimento-veto-entenda-baroni-gss\/"},"wordCount":553,"publisher":{"@id":"https:\/\/www.suno.com.br\/noticias\/#organization"},"image":{"@id":"https:\/\/www.suno.com.br\/noticias\/fundos-de-investimento-veto-entenda-baroni-gss\/#primaryimage"},"thumbnailUrl":"https:\/\/files.sunoresearch.com.br\/n\/uploads\/2025\/01\/Screenshot_29.png","keywords":["Fundos de investimento","reforma tribut\u00e1ria"],"articleSection":["FIIs","Neg\u00f3cios"],"inLanguage":"pt-BR"},{"@type":"WebPage","@id":"https:\/\/www.suno.com.br\/noticias\/fundos-de-investimento-veto-entenda-baroni-gss\/","url":"https:\/\/www.suno.com.br\/noticias\/fundos-de-investimento-veto-entenda-baroni-gss\/","name":"Fundos de investimento: entenda o veto \u00e0 isen\u00e7\u00e3o de impostos","isPartOf":{"@id":"https:\/\/www.suno.com.br\/noticias\/#website"},"primaryImageOfPage":{"@id":"https:\/\/www.suno.com.br\/noticias\/fundos-de-investimento-veto-entenda-baroni-gss\/#primaryimage"},"image":{"@id":"https:\/\/www.suno.com.br\/noticias\/fundos-de-investimento-veto-entenda-baroni-gss\/#primaryimage"},"thumbnailUrl":"https:\/\/files.sunoresearch.com.br\/n\/uploads\/2025\/01\/Screenshot_29.png","datePublished":"2025-01-17T16:12:19+00:00","dateModified":"2025-01-17T17:11:53+00:00","description":"O professor Marcos Baroni realizou uma live para esclarecer o veto \u00e0 isen\u00e7\u00e3o de novos tributos para fundos de investimento e patrimoniais.","breadcrumb":{"@id":"https:\/\/www.suno.com.br\/noticias\/fundos-de-investimento-veto-entenda-baroni-gss\/#breadcrumb"},"inLanguage":"pt-BR","potentialAction":[{"@type":"ReadAction","target":["https:\/\/www.suno.com.br\/noticias\/fundos-de-investimento-veto-entenda-baroni-gss\/"]}]},{"@type":"ImageObject","inLanguage":"pt-BR","@id":"https:\/\/www.suno.com.br\/noticias\/fundos-de-investimento-veto-entenda-baroni-gss\/#primaryimage","url":"https:\/\/files.sunoresearch.com.br\/n\/uploads\/2025\/01\/Screenshot_29.png","contentUrl":"https:\/\/files.sunoresearch.com.br\/n\/uploads\/2025\/01\/Screenshot_29.png","width":1435,"height":786,"caption":"Foto: Reprodu\u00e7\u00e3o"},{"@type":"BreadcrumbList","@id":"https:\/\/www.suno.com.br\/noticias\/fundos-de-investimento-veto-entenda-baroni-gss\/#breadcrumb","itemListElement":[{"@type":"ListItem","position":1,"name":"Not\u00edcias","item":"https:\/\/www.suno.com.br\/noticias\/"},{"@type":"ListItem","position":2,"name":"Neg\u00f3cios","item":"https:\/\/www.suno.com.br\/noticias\/negocios\/"},{"@type":"ListItem","position":3,"name":"Fundos de investimento: saiba tudo sobre o veto \u00e0 isen\u00e7\u00e3o de impostos"}]},{"@type":"WebSite","@id":"https:\/\/www.suno.com.br\/noticias\/#website","url":"https:\/\/www.suno.com.br\/noticias\/","name":"Suno Not\u00edcias","description":"Seu portal de informa\u00e7\u00e3o sobre o mundo dos investimentos","publisher":{"@id":"https:\/\/www.suno.com.br\/noticias\/#organization"},"potentialAction":[{"@type":"SearchAction","target":{"@type":"EntryPoint","urlTemplate":"https:\/\/www.suno.com.br\/noticias\/?s={search_term_string}"},"query-input":{"@type":"PropertyValueSpecification","valueRequired":true,"valueName":"search_term_string"}}],"inLanguage":"pt-BR"},{"@type":"Organization","@id":"https:\/\/www.suno.com.br\/noticias\/#organization","name":"Suno Not\u00edcias","url":"https:\/\/www.suno.com.br\/noticias\/","logo":{"@type":"ImageObject","inLanguage":"pt-BR","@id":"https:\/\/www.suno.com.br\/noticias\/#\/schema\/logo\/image\/","url":"https:\/\/files.sunoresearch.com.br\/n\/uploads\/2021\/09\/suno-logo.png","contentUrl":"https:\/\/files.sunoresearch.com.br\/n\/uploads\/2021\/09\/suno-logo.png","width":180,"height":180,"caption":"Suno Not\u00edcias"},"image":{"@id":"https:\/\/www.suno.com.br\/noticias\/#\/schema\/logo\/image\/"},"sameAs":["https:\/\/facebook.com\/sunoresearch","https:\/\/x.com\/sunoresearch","https:\/\/www.instagram.com\/suno","https:\/\/www.linkedin.com\/company\/suno-research\/","https:\/\/www.youtube.com\/c\/sunoresearch"]},{"@type":"Person","@id":"https:\/\/www.suno.com.br\/noticias\/#\/schema\/person\/d0f07e64bce64aa671feadfb844f04ca","name":"Guilherme Serrano","image":{"@type":"ImageObject","inLanguage":"pt-BR","@id":"https:\/\/www.suno.com.br\/noticias\/#\/schema\/person\/image\/","url":"https:\/\/secure.gravatar.com\/avatar\/a90be19d8c67bef61497e4522de30ac4?s=96&r=g","contentUrl":"https:\/\/secure.gravatar.com\/avatar\/a90be19d8c67bef61497e4522de30ac4?s=96&r=g","caption":"Guilherme Serrano"},"description":"Jornalista formado pela Faculdade C\u00e1sper L\u00edbero e p\u00f3s-graduado em Can\u00e7\u00e3o Popular pela Faculdade Santa Marcelina. Passagens por R\u00e1dio Gazeta AM, gazetaesportiva.com e TC R\u00e1dio.","url":"https:\/\/www.suno.com.br\/noticias\/author\/guilherme-silvasuno-com-br\/"}]}},"default_loop_html":"<div class=\"cardsPage__listCard__boxs\"><div class=\"cardsPage__listCard__boxs__img\"><a href=\"https:\/\/www.suno.com.br\/noticias\/fundos-de-investimento-veto-entenda-baroni-gss\/\"><img class=\"mask\" src=\"https:\/\/www.suno.com.br\/noticias\/wp-content\/themes\/suno\/resources\/images\/spotlight\/spotlight1img\/bg-mask.png\" alt=\"Image Mask\"\/><img src=\"https:\/\/files.sunoresearch.com.br\/n\/uploads\/2025\/01\/Screenshot_29-400x200.png\" alt=\"Fundos de investimento: saiba tudo sobre o veto \u00e0 isen\u00e7\u00e3o de impostos\"\/><\/a><span class=\"spotlightCategory\"><a href=\"https:\/\/www.suno.com.br\/noticias\/fiis\/\">FIIs<\/a><\/span><\/div><div class=\"cardsPage__listCard__boxs__content\"><a href=\"https:\/\/www.suno.com.br\/noticias\/fundos-de-investimento-veto-entenda-baroni-gss\/\"><h2 class=\"content__title\">Fundos de investimento: saiba tudo sobre o veto \u00e0 isen\u00e7\u00e3o de impostos<\/h2><\/a><div class=\"newsContent__article__meta\"><div class=\"newsContent__article__meta__authorBox\"><a href=\"https:\/\/www.suno.com.br\/noticias\/author\/guilherme-silvasuno-com-br\/\" class=\"authorBox__avatar noMobi\"><img src=\"https:\/\/secure.gravatar.com\/avatar\/a90be19d8c67bef61497e4522de30ac4?s=96&#038;r=g\" alt=\"Guilherme Serrano\"><\/a><div class=\"authorBox__name\"><span>por\n\t\t\t<a href=\"https:\/\/www.suno.com.br\/noticias\/author\/guilherme-silvasuno-com-br\/\"><span itemprop=\"author\">Guilherme Serrano<\/span><\/a><\/span><time datetime=\"2025-01-17T13:12:19-03:00\" itemprop=\"datePublished\">17\/01\/2025 13:12<\/time><\/div><\/div><\/div><\/div><\/div>","single_layout":"posts","amp_enabled":true,"_links":{"self":[{"href":"https:\/\/www.suno.com.br\/noticias\/wp-json\/wp\/v2\/posts\/591197"}],"collection":[{"href":"https:\/\/www.suno.com.br\/noticias\/wp-json\/wp\/v2\/posts"}],"about":[{"href":"https:\/\/www.suno.com.br\/noticias\/wp-json\/wp\/v2\/types\/post"}],"author":[{"embeddable":true,"href":"https:\/\/www.suno.com.br\/noticias\/wp-json\/wp\/v2\/users\/376"}],"replies":[{"embeddable":true,"href":"https:\/\/www.suno.com.br\/noticias\/wp-json\/wp\/v2\/comments?post=591197"}],"version-history":[{"count":3,"href":"https:\/\/www.suno.com.br\/noticias\/wp-json\/wp\/v2\/posts\/591197\/revisions"}],"predecessor-version":[{"id":591209,"href":"https:\/\/www.suno.com.br\/noticias\/wp-json\/wp\/v2\/posts\/591197\/revisions\/591209"}],"wp:featuredmedia":[{"embeddable":true,"href":"https:\/\/www.suno.com.br\/noticias\/wp-json\/wp\/v2\/media\/591201"}],"wp:attachment":[{"href":"https:\/\/www.suno.com.br\/noticias\/wp-json\/wp\/v2\/media?parent=591197"}],"wp:term":[{"taxonomy":"category","embeddable":true,"href":"https:\/\/www.suno.com.br\/noticias\/wp-json\/wp\/v2\/categories?post=591197"},{"taxonomy":"post_tag","embeddable":true,"href":"https:\/\/www.suno.com.br\/noticias\/wp-json\/wp\/v2\/tags?post=591197"},{"taxonomy":"suno_strategy","embeddable":true,"href":"https:\/\/www.suno.com.br\/noticias\/wp-json\/wp\/v2\/suno_strategy?post=591197"}],"curies":[{"name":"wp","href":"https:\/\/api.w.org\/{rel}","templated":true}]}}