{"id":591051,"date":"2025-01-16T16:46:37","date_gmt":"2025-01-16T19:46:37","guid":{"rendered":"https:\/\/www.suno.com.br\/noticias\/?p=591051"},"modified":"2025-01-16T16:46:40","modified_gmt":"2025-01-16T19:46:40","slug":"mp-proibe-cobranca-tributo-pix-ab-gss","status":"publish","type":"post","link":"https:\/\/www.suno.com.br\/noticias\/mp-proibe-cobranca-tributo-pix-ab-gss\/","title":{"rendered":"Pix: governo publica MP que pro\u00edbe cobran\u00e7a de tributos"},"content":{"rendered":"<p class=\"has-text-align-center\">O governo federal publicou, na edi\u00e7\u00e3o desta quinta-feira (16) do <em>Di\u00e1rio Oficial da Uni\u00e3o<\/em>, <a href=\"https:\/\/pesquisa.in.gov.br\/imprensa\/jsp\/visualiza\/index.jsp?jornal=600&amp;pagina=1&amp;data=16\/01\/2025&amp;totalArquivos=1\" target=\"_blank\" rel=\"noopener\">medida provis\u00f3ria (MP)<\/a> que pro\u00edbe a cobran\u00e7a de tributos e valores adicionais em pagamentos e transa\u00e7\u00f5es via <strong>Pix<\/strong>.<img decoding=\"async\" style=\"width: 1px; height: 1px; display: inline;\" src=\"https:\/\/agenciabrasil.ebc.com.br\/ebc.png?id=1627019&amp;o=rss\"><img decoding=\"async\" style=\"width: 1px; height: 1px; display: inline;\" src=\"https:\/\/agenciabrasil.ebc.com.br\/ebc.gif?id=1627019&amp;o=rss\"><\/p>\t<div class=\"wrapper-featured-image\">\n\t\t<figure class=\"spotlightImg\">\n\n\t\t\t<picture>\n\t\t\t\t<source media=\"(max-width: 768px)\" srcset=\"https:\/\/files.sunoresearch.com.br\/n\/uploads\/2024\/06\/iStock-1765860554-400x200.jpg\">\n\t\t\t\t<img loading=\"lazy\" decoding=\"async\" class=\"newsContent__article__imgCapa lazyloadDisabled \" src=\"https:\/\/files.sunoresearch.com.br\/n\/uploads\/2024\/06\/iStock-1765860554-800x450.jpg\" width=\"800\" height=\"450\" alt=\"Pix: governo publica MP que pro\u00edbe cobran\u00e7a de tributos\" fetchpriority=high \/>\n\t\t\t<\/picture>\n\n\t\t\t<figcaption class=\"wp-caption-text wp-caption-text--show\">Pix. Foto: iStock<\/figcaption>\n\t\t<\/figure>\n\t<\/div>\n\n\n<p class=\"has-text-align-center\">O governo federal publicou, na edi\u00e7\u00e3o desta quinta-feira (16) do <em>Di\u00e1rio Oficial da Uni\u00e3o<\/em>, <a href=\"https:\/\/pesquisa.in.gov.br\/imprensa\/jsp\/visualiza\/index.jsp?jornal=600&amp;pagina=1&amp;data=16\/01\/2025&amp;totalArquivos=1\" target=\"_blank\" rel=\"noopener\">medida provis\u00f3ria (MP)<\/a> que pro\u00edbe a cobran\u00e7a de tributos e valores adicionais em pagamentos e transa\u00e7\u00f5es via <strong>Pix<\/strong>.<img decoding=\"async\" style=\"width: 1px; height: 1px; display: inline;\" src=\"https:\/\/agenciabrasil.ebc.com.br\/ebc.png?id=1627019&amp;o=rss\"><img decoding=\"async\" style=\"width: 1px; height: 1px; display: inline;\" src=\"https:\/\/agenciabrasil.ebc.com.br\/ebc.gif?id=1627019&amp;o=rss\"><\/p>\n\n\n\n\n\t<p>\n\t\t<a href=\"\" target=\"_blank\" data-element=\"shortcode-suno-banner\" title=\"Banner SUNO, clique e saiba mais\">\n\t\t\t<picture>\n\t\t\t\t<source media=\"(max-width: 500px)\" srcset=\"\">\n\t\t\t\t<img class=\"newsContent__article__imgCapa newsContent__article__imgCapa--banner\"\n\t\t\t\t\tsrc=\"\"\n\t\t\t\t\tdata-promo-id=\"240038\"\t\t\t\t\t\t\t\t\t\t\t\t\t\t\talt=\"\"\n\t\t\t\t>\n\t\t\t<\/picture>\n\t\t<\/a>\n\t<\/p>\n\n\n\n\n\n<p class=\"has-text-align-center\">O texto classifica como pr\u00e1tica abusiva a exig\u00eancia, pelo fornecedor de produtos ou servi\u00e7os, em estabelecimentos f\u00edsicos ou virtuais, de pre\u00e7o superior, valor ou encargo adicional em raz\u00e3o da realiza\u00e7\u00e3o de <strong>pagamentos com Pix<\/strong>.<\/p>\n\n\n\n\n\n\n\n<p>Ainda segundo o texto, o Minist\u00e9rio da Justi\u00e7a e Seguran\u00e7a P\u00fablica vai disponibilizar um canal digital de orienta\u00e7\u00e3o e recebimento de den\u00fancias de il\u00edcitos e crimes contra a rela\u00e7\u00e3o de consumo.<\/p>\n\n\n\n<p>\u201cO pagamento realizado por meio de Pix \u00e0 vista equipara-se ao pagamento em esp\u00e9cie. N\u00e3o incide tributo, seja imposto, taxa ou contribui\u00e7\u00e3o, no uso do Pix\u201d. A medida provis\u00f3ria entra em vigor na data da publica\u00e7\u00e3o.<\/p>\n\n\n\t<p>\n\t\t<a href=\"https:\/\/lp.suno.com.br\/ebook-gratuito-investindo-no-exterior\/\" target=\"_blank\" data-element=\"shortcode-suno-banner\" title=\"Banner SUNO, clique e saiba mais\">\n\t\t\t<picture>\n\t\t\t\t<source media=\"(max-width: 500px)\" srcset=\"https:\/\/files.sunoresearch.com.br\/n\/uploads\/2023\/03\/400x300-Investindo-no-exterior.png\">\n\t\t\t\t<img class=\"newsContent__article__imgCapa newsContent__article__imgCapa--banner\"\n\t\t\t\t\tsrc=\"https:\/\/files.sunoresearch.com.br\/n\/uploads\/2023\/03\/1420x240-Investindo-no-exterior.png\"\n\t\t\t\t\tdata-promo-id=\"383161\"\t\t\t\t\t\t\t\t\t\twidth='1420' height='240'\t\t\t\t\talt=\"https:\/\/files.sunoresearch.com.br\/n\/uploads\/2023\/03\/1420x240-Investindo-no-exterior.png\"\n\t\t\t\t>\n\t\t\t<\/picture>\n\t\t<\/a>\n\t<\/p>\n\n\n\n\n\n<h2 class=\"wp-block-heading\">Revoga\u00e7\u00e3o<\/h2>\n\n\n\n<p>Diante da onda de <em>fake news<\/em> (not\u00edcias falsas) em torno da moderniza\u00e7\u00e3o da <strong>fiscaliza\u00e7\u00e3o do Pix<\/strong>, a <a class=\"suno-keyword\" target=\"_blank\" data-force=\"no\" data-priority=\"3\" href=\"https:\/\/www.suno.com.br\/artigos\/receita-federal\/\" rel=\"noopener\">Receita Federal<\/a> <a href=\"https:\/\/agenciabrasil.ebc.com.br\/economia\/noticia\/2025-01\/receita-revoga-ato-normativo-que-previa-fiscalizacao-do-pix\" target=\"_blank\" rel=\"noopener\">revogou<\/a> nesta quarta-feira (16) o ato normativo que estendia o monitoramento das transa\u00e7\u00f5es aos bancos digitais, fintechs e institui\u00e7\u00f5es de pagamento.<\/p>\n\n\n\n<p>O ministro da Fazenda, Fernando Haddad, e o secret\u00e1rio especial da Receita Federal, Robinson Barreirinhas, anunciaram a revoga\u00e7\u00e3o da instru\u00e7\u00e3o normativa e a edi\u00e7\u00e3o da medida provis\u00f3ria.<\/p>\n\n\n\n<p>Segundo o governo, a MP refor\u00e7a princ\u00edpios garantidos pela Constitui\u00e7\u00e3o nas transa\u00e7\u00f5es por Pix, como o <a class=\"suno-keyword\" target=\"_blank\" data-force=\"no\" data-priority=\"1\" href=\"https:\/\/www.suno.com.br\/artigos\/sigilo-bancario\/\" rel=\"noopener\">sigilo banc\u00e1rio<\/a> e a n\u00e3o cobran\u00e7a de impostos nas transfer\u00eancias pela modalidade, al\u00e9m de garantir a gratuidade desse meio de pagamento para pessoas f\u00edsicas.<\/p>\n\n\n\n<p>\u201cEssa revoga\u00e7\u00e3o se d\u00e1 por dois motivos: tirar isso que tristemente virou uma arma nas m\u00e3os desses criminosos e inescrupulosos. A segunda raz\u00e3o \u00e9 n\u00e3o prejudicar a tramita\u00e7\u00e3o do ato que ser\u00e1 anunciado [a medida provis\u00f3ria]\u201d, explicou Barreirinhas.<\/p>\n\n\n\n<p>Com a edi\u00e7\u00e3o da MP, nenhum comerciante pode cobrar pre\u00e7os diferentes entre pagamentos via Pix e em dinheiro, pr\u00e1tica que come\u00e7ou a ser detectada nos \u00faltimos dias. Para Haddad, a medida provis\u00f3ria deve extinguir a onda de <em>fake news<\/em> em rela\u00e7\u00e3o \u00e0 taxa\u00e7\u00e3o do <strong>Pix<\/strong>, que tomou conta das redes sociais desde o in\u00edcio do ano.<\/p>\n\n\n\n<p><em>Com Ag\u00eancia Brasil<\/em><\/p>\n\n\n\t<p>\n\t\t<a href=\"https:\/\/lp.suno.com.br\/planilha-da-vida-financeira\/\" target=\"_blank\" data-element=\"shortcode-suno-banner\" title=\"Banner SUNO, clique e saiba mais\">\n\t\t\t<picture>\n\t\t\t\t<source media=\"(max-width: 500px)\" srcset=\"https:\/\/files.sunoresearch.com.br\/n\/uploads\/2023\/04\/400x300-Planilha-vida-financeira-true.png\">\n\t\t\t\t<img class=\"newsContent__article__imgCapa newsContent__article__imgCapa--banner\"\n\t\t\t\t\tsrc=\"https:\/\/files.sunoresearch.com.br\/n\/uploads\/2023\/04\/1420x240-Planilha-vida-financeira-true.png\"\n\t\t\t\t\tdata-promo-id=\"383123\"\t\t\t\t\t\t\t\t\t\twidth='1420' height='240'\t\t\t\t\talt=\"https:\/\/files.sunoresearch.com.br\/n\/uploads\/2023\/04\/1420x240-Planilha-vida-financeira-true.png\"\n\t\t\t\t>\n\t\t\t<\/picture>\n\t\t<\/a>\n\t<\/p>\n\n\n","protected":false},"excerpt":{"rendered":"<p>O governo federal publicou, na edi\u00e7\u00e3o desta quinta-feira (16) do Di\u00e1rio Oficial da Uni\u00e3o, medida provis\u00f3ria (MP) que pro\u00edbe a cobran\u00e7a de tributos e valores adicionais em pagamentos e transa\u00e7\u00f5es via Pix. Pix. Foto: iStock O governo federal publicou, na edi\u00e7\u00e3o desta quinta-feira (16) do Di\u00e1rio Oficial da Uni\u00e3o, medida provis\u00f3ria (MP) que pro\u00edbe a [&hellip;]<\/p>\n","protected":false},"author":43,"featured_media":559486,"comment_status":"closed","ping_status":"closed","sticky":false,"template":"","format":"standard","meta":[],"categories":[62],"tags":[2637],"suno_strategy":[],"class_list":["post-591051","post","type-post","status-publish","format-standard","has-post-thumbnail","hentry","category-economia","tag-pix"],"yoast_head":"<!-- This site is optimized with the Yoast SEO plugin v24.4 - https:\/\/yoast.com\/wordpress\/plugins\/seo\/ -->\n<title>Pix: governo publica MP que pro\u00edbe cobran\u00e7a de tributos<\/title>\n<meta name=\"description\" content=\"O governo federal publicou medida provis\u00f3ria (MP) que pro\u00edbe a cobran\u00e7a de tributos e valores adicionais em pagamentos e transa\u00e7\u00f5es via Pix.\" \/>\n<meta name=\"robots\" content=\"index, follow, max-snippet:-1, max-image-preview:large, max-video-preview:-1\" \/>\n<link rel=\"canonical\" href=\"https:\/\/www.suno.com.br\/noticias\/mp-proibe-cobranca-tributo-pix-ab-gss\/\" \/>\n<meta property=\"og:locale\" content=\"pt_BR\" \/>\n<meta property=\"og:type\" content=\"article\" \/>\n<meta property=\"og:title\" content=\"Pix: governo publica MP que pro\u00edbe cobran\u00e7a de tributos\" \/>\n<meta property=\"og:description\" content=\"O governo federal publicou medida provis\u00f3ria (MP) que pro\u00edbe a cobran\u00e7a de tributos e valores adicionais em pagamentos e transa\u00e7\u00f5es via Pix.\" \/>\n<meta property=\"og:url\" content=\"https:\/\/www.suno.com.br\/noticias\/mp-proibe-cobranca-tributo-pix-ab-gss\/\" \/>\n<meta property=\"og:site_name\" content=\"Suno Not\u00edcias\" \/>\n<meta property=\"article:publisher\" content=\"https:\/\/facebook.com\/sunoresearch\" \/>\n<meta property=\"article:author\" content=\"https:\/\/www.facebook.com\/sunonoticias\/\" \/>\n<meta property=\"og:image\" content=\"https:\/\/files.sunoresearch.com.br\/n\/uploads\/2024\/06\/iStock-1765860554.jpg\" \/>\n\t<meta property=\"og:image:width\" content=\"1254\" \/>\n\t<meta property=\"og:image:height\" content=\"836\" \/>\n\t<meta property=\"og:image:type\" content=\"image\/jpeg\" \/>\n<meta name=\"author\" content=\"Reda\u00e7\u00e3o Suno Not\u00edcias\" \/>\n<meta name=\"twitter:card\" content=\"summary_large_image\" \/>\n<meta name=\"twitter:creator\" content=\"@https:\/\/twitter.com\/sunoresearch\" \/>\n<meta name=\"twitter:site\" content=\"@sunoresearch\" \/>\n<meta name=\"twitter:label1\" content=\"Escrito por\" \/>\n\t<meta name=\"twitter:data1\" content=\"Reda\u00e7\u00e3o Suno Not\u00edcias\" \/>\n\t<meta name=\"twitter:label2\" content=\"Est. tempo de leitura\" \/>\n\t<meta name=\"twitter:data2\" content=\"3 minutos\" \/>\n<script type=\"application\/ld+json\" class=\"yoast-schema-graph\">{\"@context\":\"https:\/\/schema.org\",\"@graph\":[{\"@type\":\"NewsArticle\",\"@id\":\"https:\/\/www.suno.com.br\/noticias\/mp-proibe-cobranca-tributo-pix-ab-gss\/#article\",\"isPartOf\":{\"@id\":\"https:\/\/www.suno.com.br\/noticias\/mp-proibe-cobranca-tributo-pix-ab-gss\/\"},\"author\":{\"name\":\"Reda\u00e7\u00e3o Suno Not\u00edcias\",\"@id\":\"https:\/\/www.suno.com.br\/noticias\/#\/schema\/person\/c1b1bd3727fa852bd045e9dbff3673ea\"},\"headline\":\"Pix: governo publica MP que pro\u00edbe cobran\u00e7a de tributos\",\"datePublished\":\"2025-01-16T19:46:37+00:00\",\"dateModified\":\"2025-01-16T19:46:40+00:00\",\"mainEntityOfPage\":{\"@id\":\"https:\/\/www.suno.com.br\/noticias\/mp-proibe-cobranca-tributo-pix-ab-gss\/\"},\"wordCount\":483,\"publisher\":{\"@id\":\"https:\/\/www.suno.com.br\/noticias\/#organization\"},\"image\":{\"@id\":\"https:\/\/www.suno.com.br\/noticias\/mp-proibe-cobranca-tributo-pix-ab-gss\/#primaryimage\"},\"thumbnailUrl\":\"https:\/\/files.sunoresearch.com.br\/n\/uploads\/2024\/06\/iStock-1765860554.jpg\",\"keywords\":[\"PIX\"],\"articleSection\":[\"Economia\"],\"inLanguage\":\"pt-BR\"},{\"@type\":\"WebPage\",\"@id\":\"https:\/\/www.suno.com.br\/noticias\/mp-proibe-cobranca-tributo-pix-ab-gss\/\",\"url\":\"https:\/\/www.suno.com.br\/noticias\/mp-proibe-cobranca-tributo-pix-ab-gss\/\",\"name\":\"Pix: governo publica MP que pro\u00edbe cobran\u00e7a de tributos\",\"isPartOf\":{\"@id\":\"https:\/\/www.suno.com.br\/noticias\/#website\"},\"primaryImageOfPage\":{\"@id\":\"https:\/\/www.suno.com.br\/noticias\/mp-proibe-cobranca-tributo-pix-ab-gss\/#primaryimage\"},\"image\":{\"@id\":\"https:\/\/www.suno.com.br\/noticias\/mp-proibe-cobranca-tributo-pix-ab-gss\/#primaryimage\"},\"thumbnailUrl\":\"https:\/\/files.sunoresearch.com.br\/n\/uploads\/2024\/06\/iStock-1765860554.jpg\",\"datePublished\":\"2025-01-16T19:46:37+00:00\",\"dateModified\":\"2025-01-16T19:46:40+00:00\",\"description\":\"O governo federal publicou medida provis\u00f3ria (MP) que pro\u00edbe a cobran\u00e7a de tributos e valores adicionais em pagamentos e transa\u00e7\u00f5es via Pix.\",\"breadcrumb\":{\"@id\":\"https:\/\/www.suno.com.br\/noticias\/mp-proibe-cobranca-tributo-pix-ab-gss\/#breadcrumb\"},\"inLanguage\":\"pt-BR\",\"potentialAction\":[{\"@type\":\"ReadAction\",\"target\":[\"https:\/\/www.suno.com.br\/noticias\/mp-proibe-cobranca-tributo-pix-ab-gss\/\"]}]},{\"@type\":\"ImageObject\",\"inLanguage\":\"pt-BR\",\"@id\":\"https:\/\/www.suno.com.br\/noticias\/mp-proibe-cobranca-tributo-pix-ab-gss\/#primaryimage\",\"url\":\"https:\/\/files.sunoresearch.com.br\/n\/uploads\/2024\/06\/iStock-1765860554.jpg\",\"contentUrl\":\"https:\/\/files.sunoresearch.com.br\/n\/uploads\/2024\/06\/iStock-1765860554.jpg\",\"width\":1254,\"height\":836,\"caption\":\"Pix. Foto: iStock\"},{\"@type\":\"BreadcrumbList\",\"@id\":\"https:\/\/www.suno.com.br\/noticias\/mp-proibe-cobranca-tributo-pix-ab-gss\/#breadcrumb\",\"itemListElement\":[{\"@type\":\"ListItem\",\"position\":1,\"name\":\"Not\u00edcias\",\"item\":\"https:\/\/www.suno.com.br\/noticias\/\"},{\"@type\":\"ListItem\",\"position\":2,\"name\":\"Economia\",\"item\":\"https:\/\/www.suno.com.br\/noticias\/economia\/\"},{\"@type\":\"ListItem\",\"position\":3,\"name\":\"Pix: governo publica MP que pro\u00edbe cobran\u00e7a de tributos\"}]},{\"@type\":\"WebSite\",\"@id\":\"https:\/\/www.suno.com.br\/noticias\/#website\",\"url\":\"https:\/\/www.suno.com.br\/noticias\/\",\"name\":\"Suno Not\u00edcias\",\"description\":\"Seu portal de informa\u00e7\u00e3o sobre o mundo dos investimentos\",\"publisher\":{\"@id\":\"https:\/\/www.suno.com.br\/noticias\/#organization\"},\"potentialAction\":[{\"@type\":\"SearchAction\",\"target\":{\"@type\":\"EntryPoint\",\"urlTemplate\":\"https:\/\/www.suno.com.br\/noticias\/?s={search_term_string}\"},\"query-input\":{\"@type\":\"PropertyValueSpecification\",\"valueRequired\":true,\"valueName\":\"search_term_string\"}}],\"inLanguage\":\"pt-BR\"},{\"@type\":\"Organization\",\"@id\":\"https:\/\/www.suno.com.br\/noticias\/#organization\",\"name\":\"Suno Not\u00edcias\",\"url\":\"https:\/\/www.suno.com.br\/noticias\/\",\"logo\":{\"@type\":\"ImageObject\",\"inLanguage\":\"pt-BR\",\"@id\":\"https:\/\/www.suno.com.br\/noticias\/#\/schema\/logo\/image\/\",\"url\":\"https:\/\/files.sunoresearch.com.br\/n\/uploads\/2021\/09\/suno-logo.png\",\"contentUrl\":\"https:\/\/files.sunoresearch.com.br\/n\/uploads\/2021\/09\/suno-logo.png\",\"width\":180,\"height\":180,\"caption\":\"Suno Not\u00edcias\"},\"image\":{\"@id\":\"https:\/\/www.suno.com.br\/noticias\/#\/schema\/logo\/image\/\"},\"sameAs\":[\"https:\/\/facebook.com\/sunoresearch\",\"https:\/\/x.com\/sunoresearch\",\"https:\/\/www.instagram.com\/suno\",\"https:\/\/www.linkedin.com\/company\/suno-research\/\",\"https:\/\/www.youtube.com\/c\/sunoresearch\"]},{\"@type\":\"Person\",\"@id\":\"https:\/\/www.suno.com.br\/noticias\/#\/schema\/person\/c1b1bd3727fa852bd045e9dbff3673ea\",\"name\":\"Reda\u00e7\u00e3o Suno Not\u00edcias\",\"image\":{\"@type\":\"ImageObject\",\"inLanguage\":\"pt-BR\",\"@id\":\"https:\/\/www.suno.com.br\/noticias\/#\/schema\/person\/image\/\",\"url\":\"https:\/\/secure.gravatar.com\/avatar\/b8104b9b5a71985d5238ee59fbe418af?s=96&r=g\",\"contentUrl\":\"https:\/\/secure.gravatar.com\/avatar\/b8104b9b5a71985d5238ee59fbe418af?s=96&r=g\",\"caption\":\"Reda\u00e7\u00e3o Suno Not\u00edcias\"},\"description\":\"O Suno Not\u00edcias \u00e9 um portal de informa\u00e7\u00f5es sobre Mercado Financeiro, Pol\u00edtica, Neg\u00f3cios, Economia e Finan\u00e7as Pessoais.\",\"sameAs\":[\"https:\/\/www.suno.com.br\/noticias\",\"https:\/\/www.facebook.com\/sunonoticias\/\",\"https:\/\/www.instagram.com\/sunonoticias\/\",\"https:\/\/x.com\/https:\/\/twitter.com\/sunoresearch\",\"https:\/\/www.youtube.com\/sunonoticias\"],\"url\":\"https:\/\/www.suno.com.br\/noticias\/author\/redacao-suno\/\"}]}<\/script>\n<!-- \/ Yoast SEO plugin. -->","yoast_head_json":{"title":"Pix: governo publica MP que pro\u00edbe cobran\u00e7a de tributos","description":"O governo federal publicou medida provis\u00f3ria (MP) que pro\u00edbe a cobran\u00e7a de tributos e valores adicionais em pagamentos e transa\u00e7\u00f5es via Pix.","robots":{"index":"index","follow":"follow","max-snippet":"max-snippet:-1","max-image-preview":"max-image-preview:large","max-video-preview":"max-video-preview:-1"},"canonical":"https:\/\/www.suno.com.br\/noticias\/mp-proibe-cobranca-tributo-pix-ab-gss\/","og_locale":"pt_BR","og_type":"article","og_title":"Pix: governo publica MP que pro\u00edbe cobran\u00e7a de tributos","og_description":"O governo federal publicou medida provis\u00f3ria (MP) que pro\u00edbe a cobran\u00e7a de tributos e valores adicionais em pagamentos e transa\u00e7\u00f5es via Pix.","og_url":"https:\/\/www.suno.com.br\/noticias\/mp-proibe-cobranca-tributo-pix-ab-gss\/","og_site_name":"Suno Not\u00edcias","article_publisher":"https:\/\/facebook.com\/sunoresearch","article_author":"https:\/\/www.facebook.com\/sunonoticias\/","og_image":[{"width":1254,"height":836,"url":"https:\/\/files.sunoresearch.com.br\/n\/uploads\/2024\/06\/iStock-1765860554.jpg","type":"image\/jpeg"}],"author":"Reda\u00e7\u00e3o Suno Not\u00edcias","twitter_card":"summary_large_image","twitter_creator":"@https:\/\/twitter.com\/sunoresearch","twitter_site":"@sunoresearch","twitter_misc":{"Escrito por":"Reda\u00e7\u00e3o Suno Not\u00edcias","Est. tempo de leitura":"3 minutos"},"schema":{"@context":"https:\/\/schema.org","@graph":[{"@type":"NewsArticle","@id":"https:\/\/www.suno.com.br\/noticias\/mp-proibe-cobranca-tributo-pix-ab-gss\/#article","isPartOf":{"@id":"https:\/\/www.suno.com.br\/noticias\/mp-proibe-cobranca-tributo-pix-ab-gss\/"},"author":{"name":"Reda\u00e7\u00e3o Suno Not\u00edcias","@id":"https:\/\/www.suno.com.br\/noticias\/#\/schema\/person\/c1b1bd3727fa852bd045e9dbff3673ea"},"headline":"Pix: governo publica MP que pro\u00edbe cobran\u00e7a de tributos","datePublished":"2025-01-16T19:46:37+00:00","dateModified":"2025-01-16T19:46:40+00:00","mainEntityOfPage":{"@id":"https:\/\/www.suno.com.br\/noticias\/mp-proibe-cobranca-tributo-pix-ab-gss\/"},"wordCount":483,"publisher":{"@id":"https:\/\/www.suno.com.br\/noticias\/#organization"},"image":{"@id":"https:\/\/www.suno.com.br\/noticias\/mp-proibe-cobranca-tributo-pix-ab-gss\/#primaryimage"},"thumbnailUrl":"https:\/\/files.sunoresearch.com.br\/n\/uploads\/2024\/06\/iStock-1765860554.jpg","keywords":["PIX"],"articleSection":["Economia"],"inLanguage":"pt-BR"},{"@type":"WebPage","@id":"https:\/\/www.suno.com.br\/noticias\/mp-proibe-cobranca-tributo-pix-ab-gss\/","url":"https:\/\/www.suno.com.br\/noticias\/mp-proibe-cobranca-tributo-pix-ab-gss\/","name":"Pix: governo publica MP que pro\u00edbe cobran\u00e7a de tributos","isPartOf":{"@id":"https:\/\/www.suno.com.br\/noticias\/#website"},"primaryImageOfPage":{"@id":"https:\/\/www.suno.com.br\/noticias\/mp-proibe-cobranca-tributo-pix-ab-gss\/#primaryimage"},"image":{"@id":"https:\/\/www.suno.com.br\/noticias\/mp-proibe-cobranca-tributo-pix-ab-gss\/#primaryimage"},"thumbnailUrl":"https:\/\/files.sunoresearch.com.br\/n\/uploads\/2024\/06\/iStock-1765860554.jpg","datePublished":"2025-01-16T19:46:37+00:00","dateModified":"2025-01-16T19:46:40+00:00","description":"O governo federal publicou medida provis\u00f3ria (MP) que pro\u00edbe a cobran\u00e7a de tributos e valores adicionais em pagamentos e transa\u00e7\u00f5es via Pix.","breadcrumb":{"@id":"https:\/\/www.suno.com.br\/noticias\/mp-proibe-cobranca-tributo-pix-ab-gss\/#breadcrumb"},"inLanguage":"pt-BR","potentialAction":[{"@type":"ReadAction","target":["https:\/\/www.suno.com.br\/noticias\/mp-proibe-cobranca-tributo-pix-ab-gss\/"]}]},{"@type":"ImageObject","inLanguage":"pt-BR","@id":"https:\/\/www.suno.com.br\/noticias\/mp-proibe-cobranca-tributo-pix-ab-gss\/#primaryimage","url":"https:\/\/files.sunoresearch.com.br\/n\/uploads\/2024\/06\/iStock-1765860554.jpg","contentUrl":"https:\/\/files.sunoresearch.com.br\/n\/uploads\/2024\/06\/iStock-1765860554.jpg","width":1254,"height":836,"caption":"Pix. Foto: iStock"},{"@type":"BreadcrumbList","@id":"https:\/\/www.suno.com.br\/noticias\/mp-proibe-cobranca-tributo-pix-ab-gss\/#breadcrumb","itemListElement":[{"@type":"ListItem","position":1,"name":"Not\u00edcias","item":"https:\/\/www.suno.com.br\/noticias\/"},{"@type":"ListItem","position":2,"name":"Economia","item":"https:\/\/www.suno.com.br\/noticias\/economia\/"},{"@type":"ListItem","position":3,"name":"Pix: governo publica MP que pro\u00edbe cobran\u00e7a de tributos"}]},{"@type":"WebSite","@id":"https:\/\/www.suno.com.br\/noticias\/#website","url":"https:\/\/www.suno.com.br\/noticias\/","name":"Suno Not\u00edcias","description":"Seu portal de informa\u00e7\u00e3o sobre o mundo dos investimentos","publisher":{"@id":"https:\/\/www.suno.com.br\/noticias\/#organization"},"potentialAction":[{"@type":"SearchAction","target":{"@type":"EntryPoint","urlTemplate":"https:\/\/www.suno.com.br\/noticias\/?s={search_term_string}"},"query-input":{"@type":"PropertyValueSpecification","valueRequired":true,"valueName":"search_term_string"}}],"inLanguage":"pt-BR"},{"@type":"Organization","@id":"https:\/\/www.suno.com.br\/noticias\/#organization","name":"Suno Not\u00edcias","url":"https:\/\/www.suno.com.br\/noticias\/","logo":{"@type":"ImageObject","inLanguage":"pt-BR","@id":"https:\/\/www.suno.com.br\/noticias\/#\/schema\/logo\/image\/","url":"https:\/\/files.sunoresearch.com.br\/n\/uploads\/2021\/09\/suno-logo.png","contentUrl":"https:\/\/files.sunoresearch.com.br\/n\/uploads\/2021\/09\/suno-logo.png","width":180,"height":180,"caption":"Suno Not\u00edcias"},"image":{"@id":"https:\/\/www.suno.com.br\/noticias\/#\/schema\/logo\/image\/"},"sameAs":["https:\/\/facebook.com\/sunoresearch","https:\/\/x.com\/sunoresearch","https:\/\/www.instagram.com\/suno","https:\/\/www.linkedin.com\/company\/suno-research\/","https:\/\/www.youtube.com\/c\/sunoresearch"]},{"@type":"Person","@id":"https:\/\/www.suno.com.br\/noticias\/#\/schema\/person\/c1b1bd3727fa852bd045e9dbff3673ea","name":"Reda\u00e7\u00e3o Suno Not\u00edcias","image":{"@type":"ImageObject","inLanguage":"pt-BR","@id":"https:\/\/www.suno.com.br\/noticias\/#\/schema\/person\/image\/","url":"https:\/\/secure.gravatar.com\/avatar\/b8104b9b5a71985d5238ee59fbe418af?s=96&r=g","contentUrl":"https:\/\/secure.gravatar.com\/avatar\/b8104b9b5a71985d5238ee59fbe418af?s=96&r=g","caption":"Reda\u00e7\u00e3o Suno Not\u00edcias"},"description":"O Suno Not\u00edcias \u00e9 um portal de informa\u00e7\u00f5es sobre Mercado Financeiro, Pol\u00edtica, Neg\u00f3cios, Economia e Finan\u00e7as Pessoais.","sameAs":["https:\/\/www.suno.com.br\/noticias","https:\/\/www.facebook.com\/sunonoticias\/","https:\/\/www.instagram.com\/sunonoticias\/","https:\/\/x.com\/https:\/\/twitter.com\/sunoresearch","https:\/\/www.youtube.com\/sunonoticias"],"url":"https:\/\/www.suno.com.br\/noticias\/author\/redacao-suno\/"}]}},"default_loop_html":"<div class=\"cardsPage__listCard__boxs\"><div class=\"cardsPage__listCard__boxs__img\"><a href=\"https:\/\/www.suno.com.br\/noticias\/mp-proibe-cobranca-tributo-pix-ab-gss\/\"><img class=\"mask\" src=\"https:\/\/www.suno.com.br\/noticias\/wp-content\/themes\/suno\/resources\/images\/spotlight\/spotlight1img\/bg-mask.png\" alt=\"Image Mask\"\/><img src=\"https:\/\/files.sunoresearch.com.br\/n\/uploads\/2024\/06\/iStock-1765860554-400x200.jpg\" alt=\"Pix: governo publica MP que pro\u00edbe cobran\u00e7a de tributos\"\/><\/a><span class=\"spotlightCategory\"><a href=\"https:\/\/www.suno.com.br\/noticias\/economia\/\">Economia<\/a><\/span><\/div><div class=\"cardsPage__listCard__boxs__content\"><a href=\"https:\/\/www.suno.com.br\/noticias\/mp-proibe-cobranca-tributo-pix-ab-gss\/\"><h2 class=\"content__title\">Pix: governo publica MP que pro\u00edbe cobran\u00e7a de tributos<\/h2><\/a><div class=\"newsContent__article__meta\"><div class=\"newsContent__article__meta__authorBox\"><a href=\"https:\/\/www.suno.com.br\/noticias\/author\/redacao-suno\/\" class=\"authorBox__avatar noMobi\"><img src=\"https:\/\/files.sunoresearch.com.br\/n\/uploads\/2020\/08\/0ace682d-redacao-1-150x150.webp\" alt=\"Reda\u00e7\u00e3o Suno Not\u00edcias\"><\/a><div class=\"authorBox__name\"><span>por\n\t\t\t<a href=\"https:\/\/www.suno.com.br\/noticias\/author\/redacao-suno\/\"><span itemprop=\"author\">Reda\u00e7\u00e3o Suno Not\u00edcias<\/span><\/a><\/span><time datetime=\"2025-01-16T16:46:37-03:00\" itemprop=\"datePublished\">16\/01\/2025 16:46<\/time><\/div><\/div><\/div><\/div><\/div>","single_layout":"posts","amp_enabled":true,"_links":{"self":[{"href":"https:\/\/www.suno.com.br\/noticias\/wp-json\/wp\/v2\/posts\/591051"}],"collection":[{"href":"https:\/\/www.suno.com.br\/noticias\/wp-json\/wp\/v2\/posts"}],"about":[{"href":"https:\/\/www.suno.com.br\/noticias\/wp-json\/wp\/v2\/types\/post"}],"author":[{"embeddable":true,"href":"https:\/\/www.suno.com.br\/noticias\/wp-json\/wp\/v2\/users\/43"}],"replies":[{"embeddable":true,"href":"https:\/\/www.suno.com.br\/noticias\/wp-json\/wp\/v2\/comments?post=591051"}],"version-history":[{"count":2,"href":"https:\/\/www.suno.com.br\/noticias\/wp-json\/wp\/v2\/posts\/591051\/revisions"}],"predecessor-version":[{"id":591061,"href":"https:\/\/www.suno.com.br\/noticias\/wp-json\/wp\/v2\/posts\/591051\/revisions\/591061"}],"wp:featuredmedia":[{"embeddable":true,"href":"https:\/\/www.suno.com.br\/noticias\/wp-json\/wp\/v2\/media\/559486"}],"wp:attachment":[{"href":"https:\/\/www.suno.com.br\/noticias\/wp-json\/wp\/v2\/media?parent=591051"}],"wp:term":[{"taxonomy":"category","embeddable":true,"href":"https:\/\/www.suno.com.br\/noticias\/wp-json\/wp\/v2\/categories?post=591051"},{"taxonomy":"post_tag","embeddable":true,"href":"https:\/\/www.suno.com.br\/noticias\/wp-json\/wp\/v2\/tags?post=591051"},{"taxonomy":"suno_strategy","embeddable":true,"href":"https:\/\/www.suno.com.br\/noticias\/wp-json\/wp\/v2\/suno_strategy?post=591051"}],"curies":[{"name":"wp","href":"https:\/\/api.w.org\/{rel}","templated":true}]}}