{"id":59098,"date":"2020-03-27T09:05:04","date_gmt":"2020-03-27T12:05:04","guid":{"rendered":"https:\/\/www.suno.com.br\/noticias\/?p=59098"},"modified":"2021-05-10T13:15:03","modified_gmt":"2021-05-10T16:15:03","slug":"funcionarios-da-gol-goll4-e-da-latam-aceitam-reducao-de-salario","status":"publish","type":"post","link":"https:\/\/www.suno.com.br\/noticias\/funcionarios-da-gol-goll4-e-da-latam-aceitam-reducao-de-salario\/","title":{"rendered":"Funcion\u00e1rios da GOL (GOLL4) e da Latam aceitam redu\u00e7\u00e3o de sal\u00e1rio"},"content":{"rendered":"<p>Os funcion\u00e1rios da<a href=\"https:\/\/www.suno.com.br\/acoes\/goll4\/\"><strong> GOL<\/strong> (GOLL4)<\/a> e da <strong>Latam<\/strong> <strong>Airlines<\/strong> (<a href=\"https:\/\/www.suno.com.br\/artigos\/nyse\/\">NYSE<\/a>: LTM) aceitaram as propostas de <strong>redu\u00e7\u00e3o de sal\u00e1rios<\/strong> feito pelas companhias. O corte chegar\u00e1 a 80% da remunera\u00e7\u00e3o de pilotos e comiss\u00e1rios de bordo. A medida foi em raz\u00e3o \u00e0 crise que as companhias est\u00e3o enfrentando com a <a href=\"https:\/\/www.youtube.com\/watch?v=0snRYzfHan0&amp;t=16s\"><strong>pandemia do novo coronav\u00edrus<\/strong> (covid-19)<\/a>.<\/p>\t<div class=\"wrapper-featured-image\">\n\t\t<figure class=\"spotlightImg\">\n\n\t\t\t<picture>\n\t\t\t\t<source media=\"(max-width: 768px)\" srcset=\"https:\/\/files.sunoresearch.com.br\/n\/uploads\/2019\/12\/c6c902e0-gol-400x200.webp\">\n\t\t\t\t<img loading=\"lazy\" decoding=\"async\" class=\"newsContent__article__imgCapa lazyloadDisabled newsContent__article__imgCapa--noCaption\" src=\"https:\/\/files.sunoresearch.com.br\/n\/uploads\/2019\/12\/c6c902e0-gol-800x450.webp\" width=\"800\" height=\"450\" alt=\"Funcion\u00e1rios da GOL (GOLL4) e da Latam aceitam redu\u00e7\u00e3o de sal\u00e1rio\" fetchpriority=high \/>\n\t\t\t<\/picture>\n\n\t\t\t<figcaption class=\"wp-caption-text wp-caption-text--hide\">Gol (GOLL4). Foto: Divulga\u00e7\u00e3o.<\/figcaption>\n\t\t<\/figure>\n\t<\/div>\n\n\n\n<p>De acordo com o presidente do Sindicato Nacional dos Aeronautas (SNA), Ondino Dutra, os sal\u00e1rios foram cortados em consequ\u00eancia da redu\u00e7\u00e3o quase completa dos voos. As propostas apresentada pela Latam e GOL valem de abril a junho. A <a href=\"https:\/\/www.suno.com.br\/acoes\/azul4\/\"><strong>Azul<\/strong> (AZUL4) <\/a>ainda est\u00e1 em negocia\u00e7\u00e3o com seus funcion\u00e1rios.<\/p>\n<p>Na GOL, o corte vai ser gradual, no m\u00eas de abril a redu\u00e7\u00e3o ser\u00e1 de 30% na parte fixa da remunera\u00e7\u00e3o, de 40% em maio e de 50% em junho. A companhia explica que parte do sal\u00e1rio dos pilotos e comiss\u00e1rios \u00e9 um valor fixo. A outra depende do n\u00famero de horas voadas no m\u00eas.<\/p>\n\t<p>\n\t\t<a href=\"https:\/\/lp.suno.com.br\/ebook-como-analisar-uma-acao\/\" target=\"_blank\" data-element=\"shortcode-suno-banner\" title=\"Banner SUNO, clique e saiba mais\">\n\t\t\t<picture>\n\t\t\t\t<source media=\"(max-width: 500px)\" srcset=\"https:\/\/files.sunoresearch.com.br\/n\/uploads\/2023\/12\/Ebook-Acoes-Mobile.jpg\">\n\t\t\t\t<img class=\"newsContent__article__imgCapa newsContent__article__imgCapa--banner\"\n\t\t\t\t\tsrc=\"https:\/\/files.sunoresearch.com.br\/n\/uploads\/2023\/12\/Ebook-Acoes-Desktop.webp\"\n\t\t\t\t\tdata-promo-id=\"311260\"\t\t\t\t\t\t\t\t\t\twidth='1420' height='286'\t\t\t\t\talt=\"https:\/\/files.sunoresearch.com.br\/n\/uploads\/2023\/12\/Ebook-Acoes-Desktop.webp\"\n\t\t\t\t>\n\t\t\t<\/picture>\n\t\t<\/a>\n\t<\/p>\n\n\n<p>O aumento do n\u00famero de folgas ser\u00e1 gradual, 16 dias de folgas em abril, 18 em maio e 20 em junho. A companhia garante emprego aos seus colabores pelos pr\u00f3ximos tr\u00eas meses.<\/p>\n<p>Assim tamb\u00e9m garantiu a Latam, emprego pelos pr\u00f3ximos tr\u00eas meses. Cerca de 65% da remunera\u00e7\u00e3o \u00e9 fixa, a redu\u00e7\u00e3o ser\u00e1 de 50%. E as folgas ser\u00e3o 20 por m\u00eas.\u00a0Por sua vez, a Azul ainda est\u00e1 em negocia\u00e7\u00e3o, a companhia prop\u00f5e corte de 15% na remunera\u00e7\u00e3o fixa de abril.<\/p>\n<h2>GOL anuncia redu\u00e7\u00e3o de 92% na malha a\u00e9rea dom\u00e9stica<\/h2>\n<p>A companhia a\u00e9rea GOL anunciou, na ter\u00e7a-feira (24), que reduziu em 92% a sua malha dom\u00e9stica do dia 28 de mar\u00e7o a 3 de maio. A informa\u00e7\u00e3o foi divulgada por meio de um <a href=\"https:\/\/www.suno.com.br\/artigos\/fato-relevante\/\">fato relevante<\/a>, em raz\u00e3o do avan\u00e7o da Covid-19\u00a0no Pa\u00eds.<\/p>\n<p>Al\u00e9m disso, a GOL confirmou a interrup\u00e7\u00e3o total dos voos internacionais. Ser\u00e3o mantidos 50 voos di\u00e1rios entre o Aeroporto Internacional de S\u00e3o Paulo em Guarulhos (GRU) e as demais 26 capitais do Brasil.<\/p>\n<p><a href=\"https:\/\/www.suno.com.br\/nossas-assinaturas\/suno-premium\/\"><span data-sheets-value=\"{&quot;1&quot;:2,&quot;2&quot;:&quot;\\&quot;Black Friday\\&quot; na B3 | Saiba como usar o fator Coronav\u00edrus a seu favor tendo acesso aos melhores investimentos do mercado.&quot;}\" data-sheets-userformat=\"{&quot;2&quot;:513,&quot;3&quot;:{&quot;1&quot;:0},&quot;12&quot;:0}\">&#8220;Black Friday&#8221; na B3 | Saiba como usar o fator Coronav\u00edrus a seu favor tendo acesso aos melhores investimentos do mercado<\/span><\/a><\/p>\n<p>A companhia informou que sua oferta de servi\u00e7os ser\u00e1 ajustada conforme a demanda espec\u00edfica das capitais, podendo realizar voos extras de acordo com a necessidade para destinos regionais e internacionais.<\/p>\n<p>Quanto \u00e0s altera\u00e7\u00f5es nas passagens j\u00e1 compradas durante esse per\u00edodo de conten\u00e7\u00e3o da pandemia, a <strong>GOL<\/strong> informou que flexibilizou as regras e os procedimentos para as mudan\u00e7as. N\u00e3o ser\u00e3o cobradas taxas, &#8220;evitando poss\u00edveis restri\u00e7\u00f5es nessas acomoda\u00e7\u00f5es&#8221;.<\/p>\n\n","protected":false},"excerpt":{"rendered":"<p>Os funcion\u00e1rios da GOL (GOLL4) e da Latam Airlines (NYSE: LTM) aceitaram as propostas de redu\u00e7\u00e3o de sal\u00e1rios feito pelas companhias. O corte chegar\u00e1 a 80% da remunera\u00e7\u00e3o de pilotos e comiss\u00e1rios de bordo. A medida foi em raz\u00e3o \u00e0 crise que as companhias est\u00e3o enfrentando com a pandemia do novo coronav\u00edrus (covid-19). Gol (GOLL4). [&hellip;]<\/p>\n","protected":false},"author":15,"featured_media":46328,"comment_status":"closed","ping_status":"closed","sticky":false,"template":"","format":"standard","meta":[],"categories":[64],"tags":[106932,2487,489,739],"suno_strategy":[],"class_list":["post-59098","post","type-post","status-publish","format-standard","has-post-thumbnail","hentry","category-negocios","tag-azul-azul4","tag-coronavirus","tag-gol-linhas-aereas-goll11-goll4","tag-latam"],"yoast_head":"<!-- This site is optimized with the Yoast SEO plugin v24.4 - https:\/\/yoast.com\/wordpress\/plugins\/seo\/ -->\n<title>Pilotos da GOL (GOLL4) e da Latam aceitam redu\u00e7\u00e3o de sal\u00e1rio<\/title>\n<meta name=\"description\" content=\"Os funcion\u00e1rios da GOL (GOLL4) e da Latam Airlines aceitaram as propostas de redu\u00e7\u00e3o de sal\u00e1rios feito pelas companhias. Clique aqui\" \/>\n<meta name=\"robots\" content=\"index, follow, max-snippet:-1, max-image-preview:large, max-video-preview:-1\" \/>\n<link rel=\"canonical\" href=\"https:\/\/www.suno.com.br\/noticias\/funcionarios-da-gol-goll4-e-da-latam-aceitam-reducao-de-salario\/\" \/>\n<meta property=\"og:locale\" content=\"pt_BR\" \/>\n<meta property=\"og:type\" content=\"article\" \/>\n<meta property=\"og:title\" content=\"Pilotos da GOL (GOLL4) e da Latam aceitam redu\u00e7\u00e3o de sal\u00e1rio\" \/>\n<meta property=\"og:description\" content=\"Os funcion\u00e1rios da GOL (GOLL4) e da Latam Airlines aceitaram as propostas de redu\u00e7\u00e3o de sal\u00e1rios feito pelas companhias. Clique aqui\" \/>\n<meta property=\"og:url\" content=\"https:\/\/www.suno.com.br\/noticias\/funcionarios-da-gol-goll4-e-da-latam-aceitam-reducao-de-salario\/\" \/>\n<meta property=\"og:site_name\" content=\"Suno Not\u00edcias\" \/>\n<meta property=\"article:publisher\" content=\"https:\/\/facebook.com\/sunoresearch\" \/>\n<meta property=\"og:image\" content=\"https:\/\/files.sunoresearch.com.br\/n\/uploads\/2019\/12\/c6c902e0-gol.jpg\" \/>\n\t<meta property=\"og:image:width\" content=\"1200\" \/>\n\t<meta property=\"og:image:height\" content=\"800\" \/>\n\t<meta property=\"og:image:type\" content=\"image\/jpeg\" \/>\n<meta name=\"author\" content=\"Poliana Santos\" \/>\n<meta name=\"twitter:card\" content=\"summary_large_image\" \/>\n<meta name=\"twitter:creator\" content=\"@sunoresearch\" \/>\n<meta name=\"twitter:site\" content=\"@sunoresearch\" \/>\n<meta name=\"twitter:label1\" content=\"Escrito por\" \/>\n\t<meta name=\"twitter:data1\" content=\"Poliana Santos\" \/>\n\t<meta name=\"twitter:label2\" content=\"Est. tempo de leitura\" \/>\n\t<meta name=\"twitter:data2\" content=\"2 minutos\" \/>\n<script type=\"application\/ld+json\" class=\"yoast-schema-graph\">{\"@context\":\"https:\/\/schema.org\",\"@graph\":[{\"@type\":\"NewsArticle\",\"@id\":\"https:\/\/www.suno.com.br\/noticias\/funcionarios-da-gol-goll4-e-da-latam-aceitam-reducao-de-salario\/#article\",\"isPartOf\":{\"@id\":\"https:\/\/www.suno.com.br\/noticias\/funcionarios-da-gol-goll4-e-da-latam-aceitam-reducao-de-salario\/\"},\"author\":{\"name\":\"Poliana Santos\",\"@id\":\"https:\/\/www.suno.com.br\/noticias\/#\/schema\/person\/02ec1f752758247878a2bf4abee1aeda\"},\"headline\":\"Funcion\u00e1rios da GOL (GOLL4) e da Latam aceitam redu\u00e7\u00e3o de sal\u00e1rio\",\"datePublished\":\"2020-03-27T12:05:04+00:00\",\"dateModified\":\"2021-05-10T16:15:03+00:00\",\"mainEntityOfPage\":{\"@id\":\"https:\/\/www.suno.com.br\/noticias\/funcionarios-da-gol-goll4-e-da-latam-aceitam-reducao-de-salario\/\"},\"wordCount\":472,\"publisher\":{\"@id\":\"https:\/\/www.suno.com.br\/noticias\/#organization\"},\"image\":{\"@id\":\"https:\/\/www.suno.com.br\/noticias\/funcionarios-da-gol-goll4-e-da-latam-aceitam-reducao-de-salario\/#primaryimage\"},\"thumbnailUrl\":\"https:\/\/files.sunoresearch.com.br\/n\/uploads\/2019\/12\/c6c902e0-gol-jpg.webp\",\"keywords\":[\"Azul (AZUL4)\",\"coronav\u00edrus\",\"Gol Linhas A\u00e9reas (GOLL11\/GOLL4)\",\"Latam\"],\"articleSection\":[\"Neg\u00f3cios\"],\"inLanguage\":\"pt-BR\"},{\"@type\":\"WebPage\",\"@id\":\"https:\/\/www.suno.com.br\/noticias\/funcionarios-da-gol-goll4-e-da-latam-aceitam-reducao-de-salario\/\",\"url\":\"https:\/\/www.suno.com.br\/noticias\/funcionarios-da-gol-goll4-e-da-latam-aceitam-reducao-de-salario\/\",\"name\":\"Pilotos da GOL (GOLL4) e da Latam aceitam redu\u00e7\u00e3o de sal\u00e1rio\",\"isPartOf\":{\"@id\":\"https:\/\/www.suno.com.br\/noticias\/#website\"},\"primaryImageOfPage\":{\"@id\":\"https:\/\/www.suno.com.br\/noticias\/funcionarios-da-gol-goll4-e-da-latam-aceitam-reducao-de-salario\/#primaryimage\"},\"image\":{\"@id\":\"https:\/\/www.suno.com.br\/noticias\/funcionarios-da-gol-goll4-e-da-latam-aceitam-reducao-de-salario\/#primaryimage\"},\"thumbnailUrl\":\"https:\/\/files.sunoresearch.com.br\/n\/uploads\/2019\/12\/c6c902e0-gol-jpg.webp\",\"datePublished\":\"2020-03-27T12:05:04+00:00\",\"dateModified\":\"2021-05-10T16:15:03+00:00\",\"description\":\"Os funcion\u00e1rios da GOL (GOLL4) e da Latam Airlines aceitaram as propostas de redu\u00e7\u00e3o de sal\u00e1rios feito pelas companhias. Clique aqui\",\"breadcrumb\":{\"@id\":\"https:\/\/www.suno.com.br\/noticias\/funcionarios-da-gol-goll4-e-da-latam-aceitam-reducao-de-salario\/#breadcrumb\"},\"inLanguage\":\"pt-BR\",\"potentialAction\":[{\"@type\":\"ReadAction\",\"target\":[\"https:\/\/www.suno.com.br\/noticias\/funcionarios-da-gol-goll4-e-da-latam-aceitam-reducao-de-salario\/\"]}]},{\"@type\":\"ImageObject\",\"inLanguage\":\"pt-BR\",\"@id\":\"https:\/\/www.suno.com.br\/noticias\/funcionarios-da-gol-goll4-e-da-latam-aceitam-reducao-de-salario\/#primaryimage\",\"url\":\"https:\/\/files.sunoresearch.com.br\/n\/uploads\/2019\/12\/c6c902e0-gol-jpg.webp\",\"contentUrl\":\"https:\/\/files.sunoresearch.com.br\/n\/uploads\/2019\/12\/c6c902e0-gol-jpg.webp\",\"width\":1200,\"height\":800,\"caption\":\"Gol (GOLL4). Foto: Divulga\u00e7\u00e3o.\"},{\"@type\":\"BreadcrumbList\",\"@id\":\"https:\/\/www.suno.com.br\/noticias\/funcionarios-da-gol-goll4-e-da-latam-aceitam-reducao-de-salario\/#breadcrumb\",\"itemListElement\":[{\"@type\":\"ListItem\",\"position\":1,\"name\":\"Not\u00edcias\",\"item\":\"https:\/\/www.suno.com.br\/noticias\/\"},{\"@type\":\"ListItem\",\"position\":2,\"name\":\"Neg\u00f3cios\",\"item\":\"https:\/\/www.suno.com.br\/noticias\/negocios\/\"},{\"@type\":\"ListItem\",\"position\":3,\"name\":\"Funcion\u00e1rios da GOL (GOLL4) e da Latam aceitam redu\u00e7\u00e3o de sal\u00e1rio\"}]},{\"@type\":\"WebSite\",\"@id\":\"https:\/\/www.suno.com.br\/noticias\/#website\",\"url\":\"https:\/\/www.suno.com.br\/noticias\/\",\"name\":\"Suno Not\u00edcias\",\"description\":\"Seu portal de informa\u00e7\u00e3o sobre o mundo dos investimentos\",\"publisher\":{\"@id\":\"https:\/\/www.suno.com.br\/noticias\/#organization\"},\"potentialAction\":[{\"@type\":\"SearchAction\",\"target\":{\"@type\":\"EntryPoint\",\"urlTemplate\":\"https:\/\/www.suno.com.br\/noticias\/?s={search_term_string}\"},\"query-input\":{\"@type\":\"PropertyValueSpecification\",\"valueRequired\":true,\"valueName\":\"search_term_string\"}}],\"inLanguage\":\"pt-BR\"},{\"@type\":\"Organization\",\"@id\":\"https:\/\/www.suno.com.br\/noticias\/#organization\",\"name\":\"Suno Not\u00edcias\",\"url\":\"https:\/\/www.suno.com.br\/noticias\/\",\"logo\":{\"@type\":\"ImageObject\",\"inLanguage\":\"pt-BR\",\"@id\":\"https:\/\/www.suno.com.br\/noticias\/#\/schema\/logo\/image\/\",\"url\":\"https:\/\/files.sunoresearch.com.br\/n\/uploads\/2021\/09\/suno-logo.png\",\"contentUrl\":\"https:\/\/files.sunoresearch.com.br\/n\/uploads\/2021\/09\/suno-logo.png\",\"width\":180,\"height\":180,\"caption\":\"Suno Not\u00edcias\"},\"image\":{\"@id\":\"https:\/\/www.suno.com.br\/noticias\/#\/schema\/logo\/image\/\"},\"sameAs\":[\"https:\/\/facebook.com\/sunoresearch\",\"https:\/\/x.com\/sunoresearch\",\"https:\/\/www.instagram.com\/suno\",\"https:\/\/www.linkedin.com\/company\/suno-research\/\",\"https:\/\/www.youtube.com\/c\/sunoresearch\"]},{\"@type\":\"Person\",\"@id\":\"https:\/\/www.suno.com.br\/noticias\/#\/schema\/person\/02ec1f752758247878a2bf4abee1aeda\",\"name\":\"Poliana Santos\",\"image\":{\"@type\":\"ImageObject\",\"inLanguage\":\"pt-BR\",\"@id\":\"https:\/\/www.suno.com.br\/noticias\/#\/schema\/person\/image\/\",\"url\":\"https:\/\/secure.gravatar.com\/avatar\/0645bd32f23d87b2130f2b2dff1d3f8d?s=96&r=g\",\"contentUrl\":\"https:\/\/secure.gravatar.com\/avatar\/0645bd32f23d87b2130f2b2dff1d3f8d?s=96&r=g\",\"caption\":\"Poliana Santos\"},\"description\":\"Rep\u00f3rter no Suno Not\u00edcias, com cobertura em mercado financeiro, economia, finan\u00e7as pessoais, renda fixa e varejo. Jornalista formada pela Faculdade C\u00e1sper L\u00edbero e possui passagem na R\u00e1dio Gazeta AM com a produ\u00e7\u00e3o de conte\u00fado sobre economia, pol\u00edtica, sa\u00fade, moda e m\u00fasica. Possui certificado de conclus\u00e3o do curso de An\u00e1lise de Balan\u00e7os pela Funda\u00e7\u00e3o Bradesco, Agenda Brasil pela FAAP, Educa\u00e7\u00e3o Pol\u00edtica por Alexandre Garcia e do Tesouro Direto e Mercado de A\u00e7\u00f5es pela B3.\",\"url\":\"https:\/\/www.suno.com.br\/noticias\/author\/poliana-santos\/\"}]}<\/script>\n<!-- \/ Yoast SEO plugin. -->","yoast_head_json":{"title":"Pilotos da GOL (GOLL4) e da Latam aceitam redu\u00e7\u00e3o de sal\u00e1rio","description":"Os funcion\u00e1rios da GOL (GOLL4) e da Latam Airlines aceitaram as propostas de redu\u00e7\u00e3o de sal\u00e1rios feito pelas companhias. Clique aqui","robots":{"index":"index","follow":"follow","max-snippet":"max-snippet:-1","max-image-preview":"max-image-preview:large","max-video-preview":"max-video-preview:-1"},"canonical":"https:\/\/www.suno.com.br\/noticias\/funcionarios-da-gol-goll4-e-da-latam-aceitam-reducao-de-salario\/","og_locale":"pt_BR","og_type":"article","og_title":"Pilotos da GOL (GOLL4) e da Latam aceitam redu\u00e7\u00e3o de sal\u00e1rio","og_description":"Os funcion\u00e1rios da GOL (GOLL4) e da Latam Airlines aceitaram as propostas de redu\u00e7\u00e3o de sal\u00e1rios feito pelas companhias. Clique aqui","og_url":"https:\/\/www.suno.com.br\/noticias\/funcionarios-da-gol-goll4-e-da-latam-aceitam-reducao-de-salario\/","og_site_name":"Suno Not\u00edcias","article_publisher":"https:\/\/facebook.com\/sunoresearch","og_image":[{"width":1200,"height":800,"url":"https:\/\/files.sunoresearch.com.br\/n\/uploads\/2019\/12\/c6c902e0-gol.jpg","type":"image\/jpeg"}],"author":"Poliana Santos","twitter_card":"summary_large_image","twitter_creator":"@sunoresearch","twitter_site":"@sunoresearch","twitter_misc":{"Escrito por":"Poliana Santos","Est. tempo de leitura":"2 minutos"},"schema":{"@context":"https:\/\/schema.org","@graph":[{"@type":"NewsArticle","@id":"https:\/\/www.suno.com.br\/noticias\/funcionarios-da-gol-goll4-e-da-latam-aceitam-reducao-de-salario\/#article","isPartOf":{"@id":"https:\/\/www.suno.com.br\/noticias\/funcionarios-da-gol-goll4-e-da-latam-aceitam-reducao-de-salario\/"},"author":{"name":"Poliana Santos","@id":"https:\/\/www.suno.com.br\/noticias\/#\/schema\/person\/02ec1f752758247878a2bf4abee1aeda"},"headline":"Funcion\u00e1rios da GOL (GOLL4) e da Latam aceitam redu\u00e7\u00e3o de sal\u00e1rio","datePublished":"2020-03-27T12:05:04+00:00","dateModified":"2021-05-10T16:15:03+00:00","mainEntityOfPage":{"@id":"https:\/\/www.suno.com.br\/noticias\/funcionarios-da-gol-goll4-e-da-latam-aceitam-reducao-de-salario\/"},"wordCount":472,"publisher":{"@id":"https:\/\/www.suno.com.br\/noticias\/#organization"},"image":{"@id":"https:\/\/www.suno.com.br\/noticias\/funcionarios-da-gol-goll4-e-da-latam-aceitam-reducao-de-salario\/#primaryimage"},"thumbnailUrl":"https:\/\/files.sunoresearch.com.br\/n\/uploads\/2019\/12\/c6c902e0-gol-jpg.webp","keywords":["Azul (AZUL4)","coronav\u00edrus","Gol Linhas A\u00e9reas (GOLL11\/GOLL4)","Latam"],"articleSection":["Neg\u00f3cios"],"inLanguage":"pt-BR"},{"@type":"WebPage","@id":"https:\/\/www.suno.com.br\/noticias\/funcionarios-da-gol-goll4-e-da-latam-aceitam-reducao-de-salario\/","url":"https:\/\/www.suno.com.br\/noticias\/funcionarios-da-gol-goll4-e-da-latam-aceitam-reducao-de-salario\/","name":"Pilotos da GOL (GOLL4) e da Latam aceitam redu\u00e7\u00e3o de sal\u00e1rio","isPartOf":{"@id":"https:\/\/www.suno.com.br\/noticias\/#website"},"primaryImageOfPage":{"@id":"https:\/\/www.suno.com.br\/noticias\/funcionarios-da-gol-goll4-e-da-latam-aceitam-reducao-de-salario\/#primaryimage"},"image":{"@id":"https:\/\/www.suno.com.br\/noticias\/funcionarios-da-gol-goll4-e-da-latam-aceitam-reducao-de-salario\/#primaryimage"},"thumbnailUrl":"https:\/\/files.sunoresearch.com.br\/n\/uploads\/2019\/12\/c6c902e0-gol-jpg.webp","datePublished":"2020-03-27T12:05:04+00:00","dateModified":"2021-05-10T16:15:03+00:00","description":"Os funcion\u00e1rios da GOL (GOLL4) e da Latam Airlines aceitaram as propostas de redu\u00e7\u00e3o de sal\u00e1rios feito pelas companhias. Clique aqui","breadcrumb":{"@id":"https:\/\/www.suno.com.br\/noticias\/funcionarios-da-gol-goll4-e-da-latam-aceitam-reducao-de-salario\/#breadcrumb"},"inLanguage":"pt-BR","potentialAction":[{"@type":"ReadAction","target":["https:\/\/www.suno.com.br\/noticias\/funcionarios-da-gol-goll4-e-da-latam-aceitam-reducao-de-salario\/"]}]},{"@type":"ImageObject","inLanguage":"pt-BR","@id":"https:\/\/www.suno.com.br\/noticias\/funcionarios-da-gol-goll4-e-da-latam-aceitam-reducao-de-salario\/#primaryimage","url":"https:\/\/files.sunoresearch.com.br\/n\/uploads\/2019\/12\/c6c902e0-gol-jpg.webp","contentUrl":"https:\/\/files.sunoresearch.com.br\/n\/uploads\/2019\/12\/c6c902e0-gol-jpg.webp","width":1200,"height":800,"caption":"Gol (GOLL4). Foto: Divulga\u00e7\u00e3o."},{"@type":"BreadcrumbList","@id":"https:\/\/www.suno.com.br\/noticias\/funcionarios-da-gol-goll4-e-da-latam-aceitam-reducao-de-salario\/#breadcrumb","itemListElement":[{"@type":"ListItem","position":1,"name":"Not\u00edcias","item":"https:\/\/www.suno.com.br\/noticias\/"},{"@type":"ListItem","position":2,"name":"Neg\u00f3cios","item":"https:\/\/www.suno.com.br\/noticias\/negocios\/"},{"@type":"ListItem","position":3,"name":"Funcion\u00e1rios da GOL (GOLL4) e da Latam aceitam redu\u00e7\u00e3o de sal\u00e1rio"}]},{"@type":"WebSite","@id":"https:\/\/www.suno.com.br\/noticias\/#website","url":"https:\/\/www.suno.com.br\/noticias\/","name":"Suno Not\u00edcias","description":"Seu portal de informa\u00e7\u00e3o sobre o mundo dos investimentos","publisher":{"@id":"https:\/\/www.suno.com.br\/noticias\/#organization"},"potentialAction":[{"@type":"SearchAction","target":{"@type":"EntryPoint","urlTemplate":"https:\/\/www.suno.com.br\/noticias\/?s={search_term_string}"},"query-input":{"@type":"PropertyValueSpecification","valueRequired":true,"valueName":"search_term_string"}}],"inLanguage":"pt-BR"},{"@type":"Organization","@id":"https:\/\/www.suno.com.br\/noticias\/#organization","name":"Suno Not\u00edcias","url":"https:\/\/www.suno.com.br\/noticias\/","logo":{"@type":"ImageObject","inLanguage":"pt-BR","@id":"https:\/\/www.suno.com.br\/noticias\/#\/schema\/logo\/image\/","url":"https:\/\/files.sunoresearch.com.br\/n\/uploads\/2021\/09\/suno-logo.png","contentUrl":"https:\/\/files.sunoresearch.com.br\/n\/uploads\/2021\/09\/suno-logo.png","width":180,"height":180,"caption":"Suno Not\u00edcias"},"image":{"@id":"https:\/\/www.suno.com.br\/noticias\/#\/schema\/logo\/image\/"},"sameAs":["https:\/\/facebook.com\/sunoresearch","https:\/\/x.com\/sunoresearch","https:\/\/www.instagram.com\/suno","https:\/\/www.linkedin.com\/company\/suno-research\/","https:\/\/www.youtube.com\/c\/sunoresearch"]},{"@type":"Person","@id":"https:\/\/www.suno.com.br\/noticias\/#\/schema\/person\/02ec1f752758247878a2bf4abee1aeda","name":"Poliana Santos","image":{"@type":"ImageObject","inLanguage":"pt-BR","@id":"https:\/\/www.suno.com.br\/noticias\/#\/schema\/person\/image\/","url":"https:\/\/secure.gravatar.com\/avatar\/0645bd32f23d87b2130f2b2dff1d3f8d?s=96&r=g","contentUrl":"https:\/\/secure.gravatar.com\/avatar\/0645bd32f23d87b2130f2b2dff1d3f8d?s=96&r=g","caption":"Poliana Santos"},"description":"Rep\u00f3rter no Suno Not\u00edcias, com cobertura em mercado financeiro, economia, finan\u00e7as pessoais, renda fixa e varejo. Jornalista formada pela Faculdade C\u00e1sper L\u00edbero e possui passagem na R\u00e1dio Gazeta AM com a produ\u00e7\u00e3o de conte\u00fado sobre economia, pol\u00edtica, sa\u00fade, moda e m\u00fasica. Possui certificado de conclus\u00e3o do curso de An\u00e1lise de Balan\u00e7os pela Funda\u00e7\u00e3o Bradesco, Agenda Brasil pela FAAP, Educa\u00e7\u00e3o Pol\u00edtica por Alexandre Garcia e do Tesouro Direto e Mercado de A\u00e7\u00f5es pela B3.","url":"https:\/\/www.suno.com.br\/noticias\/author\/poliana-santos\/"}]}},"default_loop_html":"<div class=\"cardsPage__listCard__boxs\"><div class=\"cardsPage__listCard__boxs__img\"><a href=\"https:\/\/www.suno.com.br\/noticias\/funcionarios-da-gol-goll4-e-da-latam-aceitam-reducao-de-salario\/\"><img class=\"mask\" src=\"https:\/\/www.suno.com.br\/noticias\/wp-content\/themes\/suno\/resources\/images\/spotlight\/spotlight1img\/bg-mask.png\" alt=\"Image Mask\"\/><img src=\"https:\/\/files.sunoresearch.com.br\/n\/uploads\/2019\/12\/c6c902e0-gol-400x200.webp\" alt=\"Funcion\u00e1rios da GOL (GOLL4) e da Latam aceitam redu\u00e7\u00e3o de sal\u00e1rio\"\/><\/a><span class=\"spotlightCategory\"><a href=\"https:\/\/www.suno.com.br\/noticias\/negocios\/\">Neg\u00f3cios<\/a><\/span><\/div><div class=\"cardsPage__listCard__boxs__content\"><a href=\"https:\/\/www.suno.com.br\/noticias\/funcionarios-da-gol-goll4-e-da-latam-aceitam-reducao-de-salario\/\"><h2 class=\"content__title\">Funcion\u00e1rios da GOL (GOLL4) e da Latam aceitam redu\u00e7\u00e3o de sal\u00e1rio<\/h2><\/a><div class=\"newsContent__article__meta\"><div class=\"newsContent__article__meta__authorBox\"><a href=\"https:\/\/www.suno.com.br\/noticias\/author\/poliana-santos\/\" class=\"authorBox__avatar noMobi\"><img src=\"https:\/\/files.sunoresearch.com.br\/n\/uploads\/2020\/08\/7ef34026-whatsapp-image-2020-08-03-at-12.37.57-150x150.webp\" alt=\"Poliana Santos\"><\/a><div class=\"authorBox__name\"><span>por\n\t\t\t<a href=\"https:\/\/www.suno.com.br\/noticias\/author\/poliana-santos\/\"><span itemprop=\"author\">Poliana Santos<\/span><\/a><\/span><time datetime=\"2020-03-27T09:05:04-03:00\" itemprop=\"datePublished\">27\/03\/2020 09:05<\/time><\/div><\/div><\/div><\/div><\/div>","single_layout":"posts","amp_enabled":true,"_links":{"self":[{"href":"https:\/\/www.suno.com.br\/noticias\/wp-json\/wp\/v2\/posts\/59098"}],"collection":[{"href":"https:\/\/www.suno.com.br\/noticias\/wp-json\/wp\/v2\/posts"}],"about":[{"href":"https:\/\/www.suno.com.br\/noticias\/wp-json\/wp\/v2\/types\/post"}],"author":[{"embeddable":true,"href":"https:\/\/www.suno.com.br\/noticias\/wp-json\/wp\/v2\/users\/15"}],"replies":[{"embeddable":true,"href":"https:\/\/www.suno.com.br\/noticias\/wp-json\/wp\/v2\/comments?post=59098"}],"version-history":[{"count":1,"href":"https:\/\/www.suno.com.br\/noticias\/wp-json\/wp\/v2\/posts\/59098\/revisions"}],"predecessor-version":[{"id":146302,"href":"https:\/\/www.suno.com.br\/noticias\/wp-json\/wp\/v2\/posts\/59098\/revisions\/146302"}],"wp:featuredmedia":[{"embeddable":true,"href":"https:\/\/www.suno.com.br\/noticias\/wp-json\/wp\/v2\/media\/46328"}],"wp:attachment":[{"href":"https:\/\/www.suno.com.br\/noticias\/wp-json\/wp\/v2\/media?parent=59098"}],"wp:term":[{"taxonomy":"category","embeddable":true,"href":"https:\/\/www.suno.com.br\/noticias\/wp-json\/wp\/v2\/categories?post=59098"},{"taxonomy":"post_tag","embeddable":true,"href":"https:\/\/www.suno.com.br\/noticias\/wp-json\/wp\/v2\/tags?post=59098"},{"taxonomy":"suno_strategy","embeddable":true,"href":"https:\/\/www.suno.com.br\/noticias\/wp-json\/wp\/v2\/suno_strategy?post=59098"}],"curies":[{"name":"wp","href":"https:\/\/api.w.org\/{rel}","templated":true}]}}