{"id":590889,"date":"2025-01-15T16:55:54","date_gmt":"2025-01-15T19:55:54","guid":{"rendered":"https:\/\/www.suno.com.br\/noticias\/?p=590889"},"modified":"2025-01-15T16:55:57","modified_gmt":"2025-01-15T19:55:57","slug":"embraer-embr3-btg-2025-crescendo-gss","status":"publish","type":"post","link":"https:\/\/www.suno.com.br\/noticias\/embraer-embr3-btg-2025-crescendo-gss\/","title":{"rendered":"Embraer (EMBR3) seguir\u00e1 crescendo em 2025? Veja perspectivas"},"content":{"rendered":"<p>Em novo relat\u00f3rio sobre a <strong>Embraer<\/strong> (<a class=\"suno-keyword\" data-force=\"yes\" data-priority=\"2\" href=\"https:\/\/www.suno.com.br\/analitica\/acoes\/embr3\/\" target=\"_blank\" rel=\"noopener\">EMBR3<\/a>), o BTG Pactual projeta um quarto trimestre robusto com perspectivas de crescimento cont\u00ednuo para 2025. Segundo a casa, a fabricante brasileira deve reportar n\u00fameros s\u00f3lidos em sua performance financeira e operacional, alinhados ao seu guidance para o ano fiscal de 2024.<\/p>\t<div class=\"wrapper-featured-image\">\n\t\t<figure class=\"spotlightImg\">\n\n\t\t\t<picture>\n\t\t\t\t<source media=\"(max-width: 768px)\" srcset=\"https:\/\/files.sunoresearch.com.br\/n\/uploads\/2022\/12\/embraer-embr3--400x200.jpg\">\n\t\t\t\t<img loading=\"lazy\" decoding=\"async\" class=\"newsContent__article__imgCapa lazyloadDisabled \" src=\"https:\/\/files.sunoresearch.com.br\/n\/uploads\/2022\/12\/embraer-embr3--800x450.jpg\" width=\"800\" height=\"450\" alt=\"Embraer (EMBR3) seguir\u00e1 crescendo em 2025? Veja perspectivas\" fetchpriority=high \/>\n\t\t\t<\/picture>\n\n\t\t\t<figcaption class=\"wp-caption-text wp-caption-text--show\">Embraer (EMBR3). Foto: Divulga\u00e7\u00e3o<\/figcaption>\n\t\t<\/figure>\n\t<\/div>\n\n\n\n\n\n\n\n\t<p>\n\t\t<a href=\"https:\/\/lp.suno.com.br\/planilha-da-vida-financeira\/\" target=\"_blank\" data-element=\"shortcode-suno-banner\" title=\"Banner SUNO, clique e saiba mais\">\n\t\t\t<picture>\n\t\t\t\t<source media=\"(max-width: 500px)\" srcset=\"https:\/\/files.sunoresearch.com.br\/n\/uploads\/2023\/04\/400x300-Planilha-vida-financeira-true.png\">\n\t\t\t\t<img class=\"newsContent__article__imgCapa newsContent__article__imgCapa--banner\"\n\t\t\t\t\tsrc=\"https:\/\/files.sunoresearch.com.br\/n\/uploads\/2023\/04\/1420x240-Planilha-vida-financeira-true.png\"\n\t\t\t\t\tdata-promo-id=\"106682\"\t\t\t\t\t\t\t\t\t\twidth='1420' height='240'\t\t\t\t\talt=\"https:\/\/files.sunoresearch.com.br\/n\/uploads\/2023\/04\/1420x240-Planilha-vida-financeira-true.png\"\n\t\t\t\t>\n\t\t\t<\/picture>\n\t\t<\/a>\n\t<\/p>\n\n\n\n\n\n<p>A <strong>EMBR3<\/strong> j\u00e1 havia informado entregas de 75 aeronaves no quarto trimestre de 2024, totalizando 203 unidades no ano. Esse resultado coloca a empresa pr\u00f3xima ao ponto m\u00e9dio de sua meta anual (195-208 unidades). Historicamente, o \u00faltimo trimestre costuma ser o mais forte para a empresa, com destaque para entregas, <a class=\"suno-keyword\" data-force=\"no\" data-priority=\"1\" href=\"https:\/\/www.suno.com.br\/artigos\/geracao-de-caixa\/\" target=\"_blank\" rel=\"noopener\">gera\u00e7\u00e3o de caixa<\/a> e lucratividade.<\/p>\n\n\n\n<p>O BTG projeta uma receita de US$ 2,1 bilh\u00f5es para a <strong>Embraer no 4T24<\/strong>, um crescimento de 7% em rela\u00e7\u00e3o ao mesmo per\u00edodo do ano anterior, impulsionada por entregas de 44 jatos executivos e 31 aeronaves comerciais. <\/p>\n\n\n\n<p>O <a class=\"suno-keyword\" target=\"_blank\" data-force=\"no\" data-priority=\"1\" href=\"https:\/\/www.suno.com.br\/artigos\/lucro-operacional\/\" rel=\"noopener\">lucro operacional<\/a> (EBIT) \u00e9 estimado em US$ 188 milh\u00f5es, com uma margem de 9%, enquanto o EBITDA deve alcan\u00e7ar US$ 258 milh\u00f5es, representando uma margem de 12%. <\/p>\n\n\n\n<p>A estimativa de <strong>lucro l\u00edquido da Embraer<\/strong> \u00e9 de US$ 121 milh\u00f5es, refletindo a resili\u00eancia operacional da companhia, segundo os analistas.<\/p>\n\n\n\t<p>\n\t\t<a href=\"https:\/\/lp.suno.com.br\/ebook-como-analisar-uma-acao\/\" target=\"_blank\" data-element=\"shortcode-suno-banner\" title=\"Banner SUNO, clique e saiba mais\">\n\t\t\t<picture>\n\t\t\t\t<source media=\"(max-width: 500px)\" srcset=\"https:\/\/files.sunoresearch.com.br\/n\/uploads\/2023\/03\/Ebook-Acoes-Mobile.jpg\">\n\t\t\t\t<img class=\"newsContent__article__imgCapa newsContent__article__imgCapa--banner\"\n\t\t\t\t\tsrc=\"https:\/\/files.sunoresearch.com.br\/n\/uploads\/2023\/03\/Ebook-Acoes-Desktop.jpg\"\n\t\t\t\t\tdata-promo-id=\"378302\"\t\t\t\t\t\t\t\t\t\twidth='1420' height='286'\t\t\t\t\talt=\"https:\/\/files.sunoresearch.com.br\/n\/uploads\/2023\/03\/Ebook-Acoes-Desktop.jpg\"\n\t\t\t\t>\n\t\t\t<\/picture>\n\t\t<\/a>\n\t<\/p>\n\n\n\n\n\n<h3 class=\"wp-block-heading\"><strong>Perspectivas para 2025<\/strong><\/h3>\n\n\n\n<p>O BTG prev\u00ea mais um ano positivo para a Embraer, apoiado por quatro pilares principais:<\/p>\n\n\n\n<ol class=\"wp-block-list\">\n<li>Pedidos de Defesa: Novos contratos anunciados em dezembro devem sustentar o crescimento no segmento.<\/li>\n\n\n\n<li>Demanda Resiliente na Avia\u00e7\u00e3o Executiva: A expans\u00e3o do mercado deve continuar gerando resultados s\u00f3lidos.<\/li>\n\n\n\n<li>Melhorias na Cadeia de Suprimentos: Apesar de gargalos ainda presentes na avia\u00e7\u00e3o comercial, o banco espera avan\u00e7os em rela\u00e7\u00e3o a 2024.<\/li>\n\n\n\n<li>Impacto do Real mais Fraco: A deprecia\u00e7\u00e3o cambial deve favorecer os resultados financeiros da empresa.<\/li>\n<\/ol>\n\n\n\n<p>A casa estima que a Embraer projete para 2025 um volume de 78 a 82 entregas de aeronaves comerciais e de 145 a 150 no segmento executivo. <\/p>\n\n\n\n<p>A receita anual deve ficar entre US$ 7,1 e 7,5 bilh\u00f5es, enquanto a <a class=\"suno-keyword\" target=\"_blank\" data-force=\"no\" data-priority=\"1\" href=\"https:\/\/www.suno.com.br\/artigos\/margem-ebit\/\" rel=\"noopener\">margem EBIT<\/a> deve variar de 7,5% a 8,5%. A gera\u00e7\u00e3o de <a class=\"suno-keyword\" target=\"_blank\" data-force=\"no\" data-priority=\"1\" href=\"https:\/\/www.suno.com.br\/artigos\/fluxo-caixa-livre\/\" rel=\"noopener\">fluxo de caixa livre<\/a> (FCF) est\u00e1 estimada acima de US$ 350 milh\u00f5es.<\/p>\n\n\n\n<p>As <strong>a\u00e7\u00f5es da Embraer<\/strong> subiram 115% nos \u00faltimos 12 meses, mas o BTG acredita que a empresa ainda apresenta potencial de valoriza\u00e7\u00e3o, amparada por mudan\u00e7as estruturais em seus neg\u00f3cios e um cen\u00e1rio de crescimento consistente.<\/p>\n\n\n\n<p>Assim, a casa tem recomenda\u00e7\u00e3o de compra para a <strong>Embraer<\/strong>, com pre\u00e7o-alvo de US$ 37,26 para as ADRs negociadas em Nova York.<\/p>\n\n\n\t<p>\n\t\t<a href=\"https:\/\/lp.suno.com.br\/planilha-da-vida-financeira\/\" target=\"_blank\" data-element=\"shortcode-suno-banner\" title=\"Banner SUNO, clique e saiba mais\">\n\t\t\t<picture>\n\t\t\t\t<source media=\"(max-width: 500px)\" srcset=\"https:\/\/files.sunoresearch.com.br\/n\/uploads\/2023\/04\/400x300-Planilha-vida-financeira-true.png\">\n\t\t\t\t<img class=\"newsContent__article__imgCapa newsContent__article__imgCapa--banner\"\n\t\t\t\t\tsrc=\"https:\/\/files.sunoresearch.com.br\/n\/uploads\/2023\/04\/1420x240-Planilha-vida-financeira-true.png\"\n\t\t\t\t\tdata-promo-id=\"383123\"\t\t\t\t\t\t\t\t\t\twidth='1420' height='240'\t\t\t\t\talt=\"https:\/\/files.sunoresearch.com.br\/n\/uploads\/2023\/04\/1420x240-Planilha-vida-financeira-true.png\"\n\t\t\t\t>\n\t\t\t<\/picture>\n\t\t<\/a>\n\t<\/p>\n\n\n","protected":false},"excerpt":{"rendered":"<p>Em novo relat\u00f3rio sobre a Embraer (EMBR3), o BTG Pactual projeta um quarto trimestre robusto com perspectivas de crescimento cont\u00ednuo para 2025. Segundo a casa, a fabricante brasileira deve reportar n\u00fameros s\u00f3lidos em sua performance financeira e operacional, alinhados ao seu guidance para o ano fiscal de 2024. Embraer (EMBR3). Foto: Divulga\u00e7\u00e3o A EMBR3 j\u00e1 [&hellip;]<\/p>\n","protected":false},"author":376,"featured_media":330234,"comment_status":"closed","ping_status":"closed","sticky":false,"template":"","format":"standard","meta":[],"categories":[64],"tags":[460],"suno_strategy":[],"class_list":["post-590889","post","type-post","status-publish","format-standard","has-post-thumbnail","hentry","category-negocios","tag-embraer-embr3"],"yoast_head":"<!-- This site is optimized with the Yoast SEO plugin v24.4 - https:\/\/yoast.com\/wordpress\/plugins\/seo\/ -->\n<title>Embraer (EMBR3) seguir\u00e1 crescendo em 2025? Veja perspectivas<\/title>\n<meta name=\"description\" content=\"O BTG Pactual emitiu um novo relat\u00f3rio avaliando as perspectivas para a Embraer neste ano. Clique e saiba mais.\" \/>\n<meta name=\"robots\" content=\"index, follow, max-snippet:-1, max-image-preview:large, max-video-preview:-1\" \/>\n<link rel=\"canonical\" href=\"https:\/\/www.suno.com.br\/noticias\/embraer-embr3-btg-2025-crescendo-gss\/\" \/>\n<meta property=\"og:locale\" content=\"pt_BR\" \/>\n<meta property=\"og:type\" content=\"article\" \/>\n<meta property=\"og:title\" content=\"Embraer (EMBR3) seguir\u00e1 crescendo em 2025? Veja perspectivas\" \/>\n<meta property=\"og:description\" content=\"O BTG Pactual emitiu um novo relat\u00f3rio avaliando as perspectivas para a Embraer neste ano. Clique e saiba mais.\" \/>\n<meta property=\"og:url\" content=\"https:\/\/www.suno.com.br\/noticias\/embraer-embr3-btg-2025-crescendo-gss\/\" \/>\n<meta property=\"og:site_name\" content=\"Suno Not\u00edcias\" \/>\n<meta property=\"article:publisher\" content=\"https:\/\/facebook.com\/sunoresearch\" \/>\n<meta property=\"og:image\" content=\"https:\/\/files.sunoresearch.com.br\/n\/uploads\/2022\/12\/embraer-embr3-.jpg\" \/>\n\t<meta property=\"og:image:width\" content=\"1200\" \/>\n\t<meta property=\"og:image:height\" content=\"800\" \/>\n\t<meta property=\"og:image:type\" content=\"image\/jpeg\" \/>\n<meta name=\"author\" content=\"Guilherme Serrano\" \/>\n<meta name=\"twitter:card\" content=\"summary_large_image\" \/>\n<meta name=\"twitter:creator\" content=\"@sunoresearch\" \/>\n<meta name=\"twitter:site\" content=\"@sunoresearch\" \/>\n<meta name=\"twitter:label1\" content=\"Escrito por\" \/>\n\t<meta name=\"twitter:data1\" content=\"Guilherme Serrano\" \/>\n\t<meta name=\"twitter:label2\" content=\"Est. tempo de leitura\" \/>\n\t<meta name=\"twitter:data2\" content=\"3 minutos\" \/>\n<script type=\"application\/ld+json\" class=\"yoast-schema-graph\">{\"@context\":\"https:\/\/schema.org\",\"@graph\":[{\"@type\":\"NewsArticle\",\"@id\":\"https:\/\/www.suno.com.br\/noticias\/embraer-embr3-btg-2025-crescendo-gss\/#article\",\"isPartOf\":{\"@id\":\"https:\/\/www.suno.com.br\/noticias\/embraer-embr3-btg-2025-crescendo-gss\/\"},\"author\":{\"name\":\"Guilherme Serrano\",\"@id\":\"https:\/\/www.suno.com.br\/noticias\/#\/schema\/person\/d0f07e64bce64aa671feadfb844f04ca\"},\"headline\":\"Embraer (EMBR3) seguir\u00e1 crescendo em 2025? Veja perspectivas\",\"datePublished\":\"2025-01-15T19:55:54+00:00\",\"dateModified\":\"2025-01-15T19:55:57+00:00\",\"mainEntityOfPage\":{\"@id\":\"https:\/\/www.suno.com.br\/noticias\/embraer-embr3-btg-2025-crescendo-gss\/\"},\"wordCount\":409,\"publisher\":{\"@id\":\"https:\/\/www.suno.com.br\/noticias\/#organization\"},\"image\":{\"@id\":\"https:\/\/www.suno.com.br\/noticias\/embraer-embr3-btg-2025-crescendo-gss\/#primaryimage\"},\"thumbnailUrl\":\"https:\/\/files.sunoresearch.com.br\/n\/uploads\/2022\/12\/embraer-embr3-.jpg\",\"keywords\":[\"Embraer (EMBR3)\"],\"articleSection\":[\"Neg\u00f3cios\"],\"inLanguage\":\"pt-BR\"},{\"@type\":\"WebPage\",\"@id\":\"https:\/\/www.suno.com.br\/noticias\/embraer-embr3-btg-2025-crescendo-gss\/\",\"url\":\"https:\/\/www.suno.com.br\/noticias\/embraer-embr3-btg-2025-crescendo-gss\/\",\"name\":\"Embraer (EMBR3) seguir\u00e1 crescendo em 2025? Veja perspectivas\",\"isPartOf\":{\"@id\":\"https:\/\/www.suno.com.br\/noticias\/#website\"},\"primaryImageOfPage\":{\"@id\":\"https:\/\/www.suno.com.br\/noticias\/embraer-embr3-btg-2025-crescendo-gss\/#primaryimage\"},\"image\":{\"@id\":\"https:\/\/www.suno.com.br\/noticias\/embraer-embr3-btg-2025-crescendo-gss\/#primaryimage\"},\"thumbnailUrl\":\"https:\/\/files.sunoresearch.com.br\/n\/uploads\/2022\/12\/embraer-embr3-.jpg\",\"datePublished\":\"2025-01-15T19:55:54+00:00\",\"dateModified\":\"2025-01-15T19:55:57+00:00\",\"description\":\"O BTG Pactual emitiu um novo relat\u00f3rio avaliando as perspectivas para a Embraer neste ano. Clique e saiba mais.\",\"breadcrumb\":{\"@id\":\"https:\/\/www.suno.com.br\/noticias\/embraer-embr3-btg-2025-crescendo-gss\/#breadcrumb\"},\"inLanguage\":\"pt-BR\",\"potentialAction\":[{\"@type\":\"ReadAction\",\"target\":[\"https:\/\/www.suno.com.br\/noticias\/embraer-embr3-btg-2025-crescendo-gss\/\"]}]},{\"@type\":\"ImageObject\",\"inLanguage\":\"pt-BR\",\"@id\":\"https:\/\/www.suno.com.br\/noticias\/embraer-embr3-btg-2025-crescendo-gss\/#primaryimage\",\"url\":\"https:\/\/files.sunoresearch.com.br\/n\/uploads\/2022\/12\/embraer-embr3-.jpg\",\"contentUrl\":\"https:\/\/files.sunoresearch.com.br\/n\/uploads\/2022\/12\/embraer-embr3-.jpg\",\"width\":1200,\"height\":800,\"caption\":\"Embraer (EMBR3). Foto: Divulga\u00e7\u00e3o\"},{\"@type\":\"BreadcrumbList\",\"@id\":\"https:\/\/www.suno.com.br\/noticias\/embraer-embr3-btg-2025-crescendo-gss\/#breadcrumb\",\"itemListElement\":[{\"@type\":\"ListItem\",\"position\":1,\"name\":\"Not\u00edcias\",\"item\":\"https:\/\/www.suno.com.br\/noticias\/\"},{\"@type\":\"ListItem\",\"position\":2,\"name\":\"Neg\u00f3cios\",\"item\":\"https:\/\/www.suno.com.br\/noticias\/negocios\/\"},{\"@type\":\"ListItem\",\"position\":3,\"name\":\"Embraer (EMBR3) seguir\u00e1 crescendo em 2025? Veja perspectivas\"}]},{\"@type\":\"WebSite\",\"@id\":\"https:\/\/www.suno.com.br\/noticias\/#website\",\"url\":\"https:\/\/www.suno.com.br\/noticias\/\",\"name\":\"Suno Not\u00edcias\",\"description\":\"Seu portal de informa\u00e7\u00e3o sobre o mundo dos investimentos\",\"publisher\":{\"@id\":\"https:\/\/www.suno.com.br\/noticias\/#organization\"},\"potentialAction\":[{\"@type\":\"SearchAction\",\"target\":{\"@type\":\"EntryPoint\",\"urlTemplate\":\"https:\/\/www.suno.com.br\/noticias\/?s={search_term_string}\"},\"query-input\":{\"@type\":\"PropertyValueSpecification\",\"valueRequired\":true,\"valueName\":\"search_term_string\"}}],\"inLanguage\":\"pt-BR\"},{\"@type\":\"Organization\",\"@id\":\"https:\/\/www.suno.com.br\/noticias\/#organization\",\"name\":\"Suno Not\u00edcias\",\"url\":\"https:\/\/www.suno.com.br\/noticias\/\",\"logo\":{\"@type\":\"ImageObject\",\"inLanguage\":\"pt-BR\",\"@id\":\"https:\/\/www.suno.com.br\/noticias\/#\/schema\/logo\/image\/\",\"url\":\"https:\/\/files.sunoresearch.com.br\/n\/uploads\/2021\/09\/suno-logo.png\",\"contentUrl\":\"https:\/\/files.sunoresearch.com.br\/n\/uploads\/2021\/09\/suno-logo.png\",\"width\":180,\"height\":180,\"caption\":\"Suno Not\u00edcias\"},\"image\":{\"@id\":\"https:\/\/www.suno.com.br\/noticias\/#\/schema\/logo\/image\/\"},\"sameAs\":[\"https:\/\/facebook.com\/sunoresearch\",\"https:\/\/x.com\/sunoresearch\",\"https:\/\/www.instagram.com\/suno\",\"https:\/\/www.linkedin.com\/company\/suno-research\/\",\"https:\/\/www.youtube.com\/c\/sunoresearch\"]},{\"@type\":\"Person\",\"@id\":\"https:\/\/www.suno.com.br\/noticias\/#\/schema\/person\/d0f07e64bce64aa671feadfb844f04ca\",\"name\":\"Guilherme Serrano\",\"image\":{\"@type\":\"ImageObject\",\"inLanguage\":\"pt-BR\",\"@id\":\"https:\/\/www.suno.com.br\/noticias\/#\/schema\/person\/image\/\",\"url\":\"https:\/\/secure.gravatar.com\/avatar\/a90be19d8c67bef61497e4522de30ac4?s=96&r=g\",\"contentUrl\":\"https:\/\/secure.gravatar.com\/avatar\/a90be19d8c67bef61497e4522de30ac4?s=96&r=g\",\"caption\":\"Guilherme Serrano\"},\"description\":\"Jornalista formado pela Faculdade C\u00e1sper L\u00edbero e p\u00f3s-graduado em Can\u00e7\u00e3o Popular pela Faculdade Santa Marcelina. Passagens por R\u00e1dio Gazeta AM, gazetaesportiva.com e TC R\u00e1dio.\",\"url\":\"https:\/\/www.suno.com.br\/noticias\/author\/guilherme-silvasuno-com-br\/\"}]}<\/script>\n<!-- \/ Yoast SEO plugin. -->","yoast_head_json":{"title":"Embraer (EMBR3) seguir\u00e1 crescendo em 2025? Veja perspectivas","description":"O BTG Pactual emitiu um novo relat\u00f3rio avaliando as perspectivas para a Embraer neste ano. Clique e saiba mais.","robots":{"index":"index","follow":"follow","max-snippet":"max-snippet:-1","max-image-preview":"max-image-preview:large","max-video-preview":"max-video-preview:-1"},"canonical":"https:\/\/www.suno.com.br\/noticias\/embraer-embr3-btg-2025-crescendo-gss\/","og_locale":"pt_BR","og_type":"article","og_title":"Embraer (EMBR3) seguir\u00e1 crescendo em 2025? Veja perspectivas","og_description":"O BTG Pactual emitiu um novo relat\u00f3rio avaliando as perspectivas para a Embraer neste ano. Clique e saiba mais.","og_url":"https:\/\/www.suno.com.br\/noticias\/embraer-embr3-btg-2025-crescendo-gss\/","og_site_name":"Suno Not\u00edcias","article_publisher":"https:\/\/facebook.com\/sunoresearch","og_image":[{"width":1200,"height":800,"url":"https:\/\/files.sunoresearch.com.br\/n\/uploads\/2022\/12\/embraer-embr3-.jpg","type":"image\/jpeg"}],"author":"Guilherme Serrano","twitter_card":"summary_large_image","twitter_creator":"@sunoresearch","twitter_site":"@sunoresearch","twitter_misc":{"Escrito por":"Guilherme Serrano","Est. tempo de leitura":"3 minutos"},"schema":{"@context":"https:\/\/schema.org","@graph":[{"@type":"NewsArticle","@id":"https:\/\/www.suno.com.br\/noticias\/embraer-embr3-btg-2025-crescendo-gss\/#article","isPartOf":{"@id":"https:\/\/www.suno.com.br\/noticias\/embraer-embr3-btg-2025-crescendo-gss\/"},"author":{"name":"Guilherme Serrano","@id":"https:\/\/www.suno.com.br\/noticias\/#\/schema\/person\/d0f07e64bce64aa671feadfb844f04ca"},"headline":"Embraer (EMBR3) seguir\u00e1 crescendo em 2025? Veja perspectivas","datePublished":"2025-01-15T19:55:54+00:00","dateModified":"2025-01-15T19:55:57+00:00","mainEntityOfPage":{"@id":"https:\/\/www.suno.com.br\/noticias\/embraer-embr3-btg-2025-crescendo-gss\/"},"wordCount":409,"publisher":{"@id":"https:\/\/www.suno.com.br\/noticias\/#organization"},"image":{"@id":"https:\/\/www.suno.com.br\/noticias\/embraer-embr3-btg-2025-crescendo-gss\/#primaryimage"},"thumbnailUrl":"https:\/\/files.sunoresearch.com.br\/n\/uploads\/2022\/12\/embraer-embr3-.jpg","keywords":["Embraer (EMBR3)"],"articleSection":["Neg\u00f3cios"],"inLanguage":"pt-BR"},{"@type":"WebPage","@id":"https:\/\/www.suno.com.br\/noticias\/embraer-embr3-btg-2025-crescendo-gss\/","url":"https:\/\/www.suno.com.br\/noticias\/embraer-embr3-btg-2025-crescendo-gss\/","name":"Embraer (EMBR3) seguir\u00e1 crescendo em 2025? Veja perspectivas","isPartOf":{"@id":"https:\/\/www.suno.com.br\/noticias\/#website"},"primaryImageOfPage":{"@id":"https:\/\/www.suno.com.br\/noticias\/embraer-embr3-btg-2025-crescendo-gss\/#primaryimage"},"image":{"@id":"https:\/\/www.suno.com.br\/noticias\/embraer-embr3-btg-2025-crescendo-gss\/#primaryimage"},"thumbnailUrl":"https:\/\/files.sunoresearch.com.br\/n\/uploads\/2022\/12\/embraer-embr3-.jpg","datePublished":"2025-01-15T19:55:54+00:00","dateModified":"2025-01-15T19:55:57+00:00","description":"O BTG Pactual emitiu um novo relat\u00f3rio avaliando as perspectivas para a Embraer neste ano. Clique e saiba mais.","breadcrumb":{"@id":"https:\/\/www.suno.com.br\/noticias\/embraer-embr3-btg-2025-crescendo-gss\/#breadcrumb"},"inLanguage":"pt-BR","potentialAction":[{"@type":"ReadAction","target":["https:\/\/www.suno.com.br\/noticias\/embraer-embr3-btg-2025-crescendo-gss\/"]}]},{"@type":"ImageObject","inLanguage":"pt-BR","@id":"https:\/\/www.suno.com.br\/noticias\/embraer-embr3-btg-2025-crescendo-gss\/#primaryimage","url":"https:\/\/files.sunoresearch.com.br\/n\/uploads\/2022\/12\/embraer-embr3-.jpg","contentUrl":"https:\/\/files.sunoresearch.com.br\/n\/uploads\/2022\/12\/embraer-embr3-.jpg","width":1200,"height":800,"caption":"Embraer (EMBR3). Foto: Divulga\u00e7\u00e3o"},{"@type":"BreadcrumbList","@id":"https:\/\/www.suno.com.br\/noticias\/embraer-embr3-btg-2025-crescendo-gss\/#breadcrumb","itemListElement":[{"@type":"ListItem","position":1,"name":"Not\u00edcias","item":"https:\/\/www.suno.com.br\/noticias\/"},{"@type":"ListItem","position":2,"name":"Neg\u00f3cios","item":"https:\/\/www.suno.com.br\/noticias\/negocios\/"},{"@type":"ListItem","position":3,"name":"Embraer (EMBR3) seguir\u00e1 crescendo em 2025? Veja perspectivas"}]},{"@type":"WebSite","@id":"https:\/\/www.suno.com.br\/noticias\/#website","url":"https:\/\/www.suno.com.br\/noticias\/","name":"Suno Not\u00edcias","description":"Seu portal de informa\u00e7\u00e3o sobre o mundo dos investimentos","publisher":{"@id":"https:\/\/www.suno.com.br\/noticias\/#organization"},"potentialAction":[{"@type":"SearchAction","target":{"@type":"EntryPoint","urlTemplate":"https:\/\/www.suno.com.br\/noticias\/?s={search_term_string}"},"query-input":{"@type":"PropertyValueSpecification","valueRequired":true,"valueName":"search_term_string"}}],"inLanguage":"pt-BR"},{"@type":"Organization","@id":"https:\/\/www.suno.com.br\/noticias\/#organization","name":"Suno Not\u00edcias","url":"https:\/\/www.suno.com.br\/noticias\/","logo":{"@type":"ImageObject","inLanguage":"pt-BR","@id":"https:\/\/www.suno.com.br\/noticias\/#\/schema\/logo\/image\/","url":"https:\/\/files.sunoresearch.com.br\/n\/uploads\/2021\/09\/suno-logo.png","contentUrl":"https:\/\/files.sunoresearch.com.br\/n\/uploads\/2021\/09\/suno-logo.png","width":180,"height":180,"caption":"Suno Not\u00edcias"},"image":{"@id":"https:\/\/www.suno.com.br\/noticias\/#\/schema\/logo\/image\/"},"sameAs":["https:\/\/facebook.com\/sunoresearch","https:\/\/x.com\/sunoresearch","https:\/\/www.instagram.com\/suno","https:\/\/www.linkedin.com\/company\/suno-research\/","https:\/\/www.youtube.com\/c\/sunoresearch"]},{"@type":"Person","@id":"https:\/\/www.suno.com.br\/noticias\/#\/schema\/person\/d0f07e64bce64aa671feadfb844f04ca","name":"Guilherme Serrano","image":{"@type":"ImageObject","inLanguage":"pt-BR","@id":"https:\/\/www.suno.com.br\/noticias\/#\/schema\/person\/image\/","url":"https:\/\/secure.gravatar.com\/avatar\/a90be19d8c67bef61497e4522de30ac4?s=96&r=g","contentUrl":"https:\/\/secure.gravatar.com\/avatar\/a90be19d8c67bef61497e4522de30ac4?s=96&r=g","caption":"Guilherme Serrano"},"description":"Jornalista formado pela Faculdade C\u00e1sper L\u00edbero e p\u00f3s-graduado em Can\u00e7\u00e3o Popular pela Faculdade Santa Marcelina. Passagens por R\u00e1dio Gazeta AM, gazetaesportiva.com e TC R\u00e1dio.","url":"https:\/\/www.suno.com.br\/noticias\/author\/guilherme-silvasuno-com-br\/"}]}},"default_loop_html":"<div class=\"cardsPage__listCard__boxs\"><div class=\"cardsPage__listCard__boxs__img\"><a href=\"https:\/\/www.suno.com.br\/noticias\/embraer-embr3-btg-2025-crescendo-gss\/\"><img class=\"mask\" src=\"https:\/\/www.suno.com.br\/noticias\/wp-content\/themes\/suno\/resources\/images\/spotlight\/spotlight1img\/bg-mask.png\" alt=\"Image Mask\"\/><img src=\"https:\/\/files.sunoresearch.com.br\/n\/uploads\/2022\/12\/embraer-embr3--400x200.jpg\" alt=\"Embraer (EMBR3) seguir\u00e1 crescendo em 2025? Veja perspectivas\"\/><\/a><span class=\"spotlightCategory\"><a href=\"https:\/\/www.suno.com.br\/noticias\/negocios\/\">Neg\u00f3cios<\/a><\/span><\/div><div class=\"cardsPage__listCard__boxs__content\"><a href=\"https:\/\/www.suno.com.br\/noticias\/embraer-embr3-btg-2025-crescendo-gss\/\"><h2 class=\"content__title\">Embraer (EMBR3) seguir\u00e1 crescendo em 2025? Veja perspectivas<\/h2><\/a><div class=\"newsContent__article__meta\"><div class=\"newsContent__article__meta__authorBox\"><a href=\"https:\/\/www.suno.com.br\/noticias\/author\/guilherme-silvasuno-com-br\/\" class=\"authorBox__avatar noMobi\"><img src=\"https:\/\/secure.gravatar.com\/avatar\/a90be19d8c67bef61497e4522de30ac4?s=96&#038;r=g\" alt=\"Guilherme Serrano\"><\/a><div class=\"authorBox__name\"><span>por\n\t\t\t<a href=\"https:\/\/www.suno.com.br\/noticias\/author\/guilherme-silvasuno-com-br\/\"><span itemprop=\"author\">Guilherme Serrano<\/span><\/a><\/span><time datetime=\"2025-01-15T16:55:54-03:00\" itemprop=\"datePublished\">15\/01\/2025 16:55<\/time><\/div><\/div><\/div><\/div><\/div>","single_layout":"posts","amp_enabled":true,"_links":{"self":[{"href":"https:\/\/www.suno.com.br\/noticias\/wp-json\/wp\/v2\/posts\/590889"}],"collection":[{"href":"https:\/\/www.suno.com.br\/noticias\/wp-json\/wp\/v2\/posts"}],"about":[{"href":"https:\/\/www.suno.com.br\/noticias\/wp-json\/wp\/v2\/types\/post"}],"author":[{"embeddable":true,"href":"https:\/\/www.suno.com.br\/noticias\/wp-json\/wp\/v2\/users\/376"}],"replies":[{"embeddable":true,"href":"https:\/\/www.suno.com.br\/noticias\/wp-json\/wp\/v2\/comments?post=590889"}],"version-history":[{"count":2,"href":"https:\/\/www.suno.com.br\/noticias\/wp-json\/wp\/v2\/posts\/590889\/revisions"}],"predecessor-version":[{"id":590891,"href":"https:\/\/www.suno.com.br\/noticias\/wp-json\/wp\/v2\/posts\/590889\/revisions\/590891"}],"wp:featuredmedia":[{"embeddable":true,"href":"https:\/\/www.suno.com.br\/noticias\/wp-json\/wp\/v2\/media\/330234"}],"wp:attachment":[{"href":"https:\/\/www.suno.com.br\/noticias\/wp-json\/wp\/v2\/media?parent=590889"}],"wp:term":[{"taxonomy":"category","embeddable":true,"href":"https:\/\/www.suno.com.br\/noticias\/wp-json\/wp\/v2\/categories?post=590889"},{"taxonomy":"post_tag","embeddable":true,"href":"https:\/\/www.suno.com.br\/noticias\/wp-json\/wp\/v2\/tags?post=590889"},{"taxonomy":"suno_strategy","embeddable":true,"href":"https:\/\/www.suno.com.br\/noticias\/wp-json\/wp\/v2\/suno_strategy?post=590889"}],"curies":[{"name":"wp","href":"https:\/\/api.w.org\/{rel}","templated":true}]}}