{"id":59078,"date":"2020-03-27T06:54:01","date_gmt":"2020-03-27T09:54:01","guid":{"rendered":"https:\/\/www.suno.com.br\/noticias\/?p=59078"},"modified":"2020-03-27T06:54:01","modified_gmt":"2020-03-27T09:54:01","slug":"fleury-flry3-prorroga-prazo-dividendos-coronavirus","status":"publish","type":"post","link":"https:\/\/www.suno.com.br\/noticias\/fleury-flry3-prorroga-prazo-dividendos-coronavirus\/","title":{"rendered":"Coronav\u00edrus: Fleury (FLRY3) prorroga prazo para distribui\u00e7\u00e3o de dividendos"},"content":{"rendered":"<p>O <a href=\"https:\/\/www.suno.com.br\/acoes\/flry3\/\"><strong>Grupo Fleury<\/strong> (FLRY3)<\/a> comunicou na noite da \u00faltima quinta-feira (26) que aprovou a prorroga\u00e7\u00e3o do prazo para pagamento de dividendos, por meio de seu conselho de administra\u00e7\u00e3o. A raz\u00e3o para esta medida \u00e9 explicada pela maior volatilidade do mercado em meio a pandemia de coronav\u00edrus.<\/p>\t<div class=\"wrapper-featured-image\">\n\t\t<figure class=\"spotlightImg\">\n\n\t\t\t<picture>\n\t\t\t\t<source media=\"(max-width: 768px)\" srcset=\"https:\/\/files.sunoresearch.com.br\/n\/uploads\/2019\/02\/0c63e59b-fleury-400x200.webp\">\n\t\t\t\t<img loading=\"lazy\" decoding=\"async\" class=\"newsContent__article__imgCapa lazyloadDisabled newsContent__article__imgCapa--noCaption\" src=\"https:\/\/files.sunoresearch.com.br\/n\/uploads\/2019\/02\/0c63e59b-fleury-jpg.webp\" width=\"800\" height=\"450\" alt=\"Coronav\u00edrus: Fleury (FLRY3) prorroga prazo para distribui\u00e7\u00e3o de dividendos\" fetchpriority=high \/>\n\t\t\t<\/picture>\n\n\t\t\t<figcaption class=\"wp-caption-text wp-caption-text--hide\">Fleury (FLRY3)<\/figcaption>\n\t\t<\/figure>\n\t<\/div>\n\n\n\n<p>Com a prorroga\u00e7\u00e3o da distribui\u00e7\u00e3o de parte do lucro da empresa, o pagamento dos dividendos da <strong>Fleury<\/strong> acontecer\u00e1 no dia 15 de dezembro de 2020, sem incid\u00eancia de corre\u00e7\u00e3o monet\u00e1ria ou remunera\u00e7\u00e3o. As demais condi\u00e7\u00f5es da distribui\u00e7\u00e3o de dividendos permanecer\u00e3o sem nenhuma altera\u00e7\u00e3o.<\/p>\n<p>A Fleury tamb\u00e9m comunicou que avalia ser necess\u00e1rio, al\u00e9m da prorroga\u00e7\u00e3o, realizar a capta\u00e7\u00e3o de recursos financeiros para refor\u00e7ar o capital de giro. Com isso, a companhia espera ter recurso para passar pelo momento turbulento que vive o mercado financeiro, em linha com o atual momento do Brasil e do mundo por conta do Covid-19.<\/p>\n\t<p>\n\t\t<a href=\"https:\/\/lp.suno.com.br\/plataforma-de-controle-de-investimentos\/\" target=\"_blank\" data-element=\"shortcode-suno-banner\" title=\"Banner SUNO, clique e saiba mais\">\n\t\t\t<picture>\n\t\t\t\t<source media=\"(max-width: 500px)\" srcset=\"https:\/\/files.sunoresearch.com.br\/n\/uploads\/2023\/03\/400x300-Controle-de-Investimentos.png\">\n\t\t\t\t<img class=\"newsContent__article__imgCapa newsContent__article__imgCapa--banner\"\n\t\t\t\t\tsrc=\"https:\/\/files.sunoresearch.com.br\/n\/uploads\/2023\/03\/1420x240-Controle-de-Investimentos.png\"\n\t\t\t\t\tdata-promo-id=\"383162\"\t\t\t\t\t\t\t\t\t\twidth='1420' height='240'\t\t\t\t\talt=\"https:\/\/files.sunoresearch.com.br\/n\/uploads\/2023\/03\/1420x240-Controle-de-Investimentos.png\"\n\t\t\t\t>\n\t\t\t<\/picture>\n\t\t<\/a>\n\t<\/p>\n\n\n<p>&#8220;A Companhia est\u00e1 em processo final para a contrata\u00e7\u00e3o de opera\u00e7\u00f5es de capta\u00e7\u00e3o nos mercados financeiro e de capitais no montante aproximado de R$ 550 milh\u00f5es&#8221;, informa a empresa em seu fato relevante.<\/p>\n<h2>Resultados da Fleury em 2019<\/h2>\n<p>A Fleury apresentou, no dia 19 de fevereiro, seus resultados referentes ao ano passado. A empresa teve uma alta de 4,7% no <strong><a href=\"https:\/\/www.suno.com.br\/artigos\/lucro-liquido\/\">lucro l\u00edquido<\/a><\/strong> recorrente em 2019, atingindo R$ 347,1 milh\u00f5es. Apenas no quarto trimestre, o lucro foi de R$ 65,2 milh\u00f5es, uma alta de 12% frente aos R$ 58,2 milh\u00f5es registrados no mesmo per\u00edodo de 2018.<\/p>\n<p>A <a href=\"https:\/\/www.suno.com.br\/artigos\/o-que-receita-liquida\/\">receita l\u00edquida<\/a> do Fleury cresceu 9% em 2019, chegando a R$ 2,9 bilh\u00f5es. No \u00faltimo trimestre do ano passado, a receita l\u00edquida foi de R$ 720,1 milh\u00f5es, um crescimento de 10%.<\/p>\n<p>O <a href=\"https:\/\/www.suno.com.br\/artigos\/ebitda\/\"><strong>Ebitda<\/strong> (lucro antes de juros, impostos, deprecia\u00e7\u00e3o e amortiza\u00e7\u00e3o)<\/a>, que indica uma dimens\u00e3o sobre a gera\u00e7\u00e3o de caixa da empresa, cresceu 4% no ano, atingindo R$ 719,6 milh\u00f5es.<\/p>\n<p>J\u00e1 a Margem Ebitda caiu 1,2%, para 24,8%. A Margem L\u00edquida, por sua vez, caiu 0,9%, para 11,5%. Quanto \u00e0 gera\u00e7\u00e3o de caixa operacional, a companhia apresentou uma queda de 24,3%, para R$ 160,7 milh\u00f5es.<\/p>\n<p><a href=\"https:\/\/www.suno.com.br\/nossas-assinaturas\/suno-premium\/\">Bolsa em queda livre!? Aproveita as maiores oportunidades da bolsa brasileira com nosso acesso Suno Premium<\/a><\/p>\n<p>No intervalo de outubro a dezembro de 2019, o n\u00famero de atendimentos nas unidades do grupo Fleury atingiu 1,4 milh\u00e3o, um aumento de 15,9% em rela\u00e7\u00e3o ao ano anterior. Segundo a companhia, &#8220;as marcas a+ S\u00e3o Paulo e marcas Rio de Janeiro apresentaram o maior aumento, seguidas pela marca Fleury que tamb\u00e9m apresentou crescimento no n\u00famero de atendimentos&#8221;.<\/p>\n<p>No \u00faltimo trimestre do ano passado, os investimentos apresentaram um recuo de 45%, atingindo R$ 77,8 milh\u00f5es. A <strong>Fleury<\/strong> informou que &#8220;a redu\u00e7\u00e3o observada pode ser explicada, principalmente, pela diminui\u00e7\u00e3o dos investimentos com a abertura de novas unidades de atendimento e expans\u00e3o de servi\u00e7os no trimestre&#8221;.<\/p>\n\n","protected":false},"excerpt":{"rendered":"<p>O Grupo Fleury (FLRY3) comunicou na noite da \u00faltima quinta-feira (26) que aprovou a prorroga\u00e7\u00e3o do prazo para pagamento de dividendos, por meio de seu conselho de administra\u00e7\u00e3o. A raz\u00e3o para esta medida \u00e9 explicada pela maior volatilidade do mercado em meio a pandemia de coronav\u00edrus. Fleury (FLRY3) Com a prorroga\u00e7\u00e3o da distribui\u00e7\u00e3o de parte [&hellip;]<\/p>\n","protected":false},"author":19,"featured_media":16915,"comment_status":"closed","ping_status":"closed","sticky":false,"template":"","format":"standard","meta":[],"categories":[64],"tags":[2487,479],"suno_strategy":[],"class_list":["post-59078","post","type-post","status-publish","format-standard","has-post-thumbnail","hentry","category-negocios","tag-coronavirus","tag-fleury-flry3"],"yoast_head":"<!-- This site is optimized with the Yoast SEO plugin v24.4 - https:\/\/yoast.com\/wordpress\/plugins\/seo\/ -->\n<title>Coronav\u00edrus: Fleury (FLRY3) prorroga distribui\u00e7\u00e3o de dividendos<\/title>\n<meta name=\"description\" content=\"O Grupo Fleury (FLRY3) comunicou que aprovou a prorroga\u00e7\u00e3o do prazo para pagamento de dividendos por conta da pandemia de coronav\u00edrus.\" \/>\n<meta name=\"robots\" content=\"index, follow, max-snippet:-1, max-image-preview:large, max-video-preview:-1\" \/>\n<link rel=\"canonical\" href=\"https:\/\/www.suno.com.br\/noticias\/fleury-flry3-prorroga-prazo-dividendos-coronavirus\/\" \/>\n<meta property=\"og:locale\" content=\"pt_BR\" \/>\n<meta property=\"og:type\" content=\"article\" \/>\n<meta property=\"og:title\" content=\"Coronav\u00edrus: Fleury (FLRY3) prorroga distribui\u00e7\u00e3o de dividendos\" \/>\n<meta property=\"og:description\" content=\"O Grupo Fleury (FLRY3) comunicou que aprovou a prorroga\u00e7\u00e3o do prazo para pagamento de dividendos por conta da pandemia de coronav\u00edrus.\" \/>\n<meta property=\"og:url\" content=\"https:\/\/www.suno.com.br\/noticias\/fleury-flry3-prorroga-prazo-dividendos-coronavirus\/\" \/>\n<meta property=\"og:site_name\" content=\"Suno Not\u00edcias\" \/>\n<meta property=\"article:publisher\" content=\"https:\/\/facebook.com\/sunoresearch\" \/>\n<meta property=\"og:image\" content=\"https:\/\/files.sunoresearch.com.br\/n\/uploads\/2019\/02\/0c63e59b-fleury.jpg\" \/>\n\t<meta property=\"og:image:width\" content=\"680\" \/>\n\t<meta property=\"og:image:height\" content=\"453\" \/>\n\t<meta property=\"og:image:type\" content=\"image\/jpeg\" \/>\n<meta name=\"author\" content=\"Juliano Passaro\" \/>\n<meta name=\"twitter:card\" content=\"summary_large_image\" \/>\n<meta name=\"twitter:creator\" content=\"@sunoresearch\" \/>\n<meta name=\"twitter:site\" content=\"@sunoresearch\" \/>\n<meta name=\"twitter:label1\" content=\"Escrito por\" \/>\n\t<meta name=\"twitter:data1\" content=\"Juliano Passaro\" \/>\n\t<meta name=\"twitter:label2\" content=\"Est. tempo de leitura\" \/>\n\t<meta name=\"twitter:data2\" content=\"2 minutos\" \/>\n<script type=\"application\/ld+json\" class=\"yoast-schema-graph\">{\"@context\":\"https:\/\/schema.org\",\"@graph\":[{\"@type\":\"NewsArticle\",\"@id\":\"https:\/\/www.suno.com.br\/noticias\/fleury-flry3-prorroga-prazo-dividendos-coronavirus\/#article\",\"isPartOf\":{\"@id\":\"https:\/\/www.suno.com.br\/noticias\/fleury-flry3-prorroga-prazo-dividendos-coronavirus\/\"},\"author\":{\"name\":\"Juliano Passaro\",\"@id\":\"https:\/\/www.suno.com.br\/noticias\/#\/schema\/person\/1db762f78ffd8919a648a63e425953e3\"},\"headline\":\"Coronav\u00edrus: Fleury (FLRY3) prorroga prazo para distribui\u00e7\u00e3o de dividendos\",\"datePublished\":\"2020-03-27T09:54:01+00:00\",\"mainEntityOfPage\":{\"@id\":\"https:\/\/www.suno.com.br\/noticias\/fleury-flry3-prorroga-prazo-dividendos-coronavirus\/\"},\"wordCount\":496,\"publisher\":{\"@id\":\"https:\/\/www.suno.com.br\/noticias\/#organization\"},\"image\":{\"@id\":\"https:\/\/www.suno.com.br\/noticias\/fleury-flry3-prorroga-prazo-dividendos-coronavirus\/#primaryimage\"},\"thumbnailUrl\":\"https:\/\/files.sunoresearch.com.br\/n\/uploads\/2019\/02\/0c63e59b-fleury-jpg.webp\",\"keywords\":[\"coronav\u00edrus\",\"Fleury (FLRY3)\"],\"articleSection\":[\"Neg\u00f3cios\"],\"inLanguage\":\"pt-BR\"},{\"@type\":\"WebPage\",\"@id\":\"https:\/\/www.suno.com.br\/noticias\/fleury-flry3-prorroga-prazo-dividendos-coronavirus\/\",\"url\":\"https:\/\/www.suno.com.br\/noticias\/fleury-flry3-prorroga-prazo-dividendos-coronavirus\/\",\"name\":\"Coronav\u00edrus: Fleury (FLRY3) prorroga distribui\u00e7\u00e3o de dividendos\",\"isPartOf\":{\"@id\":\"https:\/\/www.suno.com.br\/noticias\/#website\"},\"primaryImageOfPage\":{\"@id\":\"https:\/\/www.suno.com.br\/noticias\/fleury-flry3-prorroga-prazo-dividendos-coronavirus\/#primaryimage\"},\"image\":{\"@id\":\"https:\/\/www.suno.com.br\/noticias\/fleury-flry3-prorroga-prazo-dividendos-coronavirus\/#primaryimage\"},\"thumbnailUrl\":\"https:\/\/files.sunoresearch.com.br\/n\/uploads\/2019\/02\/0c63e59b-fleury-jpg.webp\",\"datePublished\":\"2020-03-27T09:54:01+00:00\",\"description\":\"O Grupo Fleury (FLRY3) comunicou que aprovou a prorroga\u00e7\u00e3o do prazo para pagamento de dividendos por conta da pandemia de coronav\u00edrus.\",\"breadcrumb\":{\"@id\":\"https:\/\/www.suno.com.br\/noticias\/fleury-flry3-prorroga-prazo-dividendos-coronavirus\/#breadcrumb\"},\"inLanguage\":\"pt-BR\",\"potentialAction\":[{\"@type\":\"ReadAction\",\"target\":[\"https:\/\/www.suno.com.br\/noticias\/fleury-flry3-prorroga-prazo-dividendos-coronavirus\/\"]}]},{\"@type\":\"ImageObject\",\"inLanguage\":\"pt-BR\",\"@id\":\"https:\/\/www.suno.com.br\/noticias\/fleury-flry3-prorroga-prazo-dividendos-coronavirus\/#primaryimage\",\"url\":\"https:\/\/files.sunoresearch.com.br\/n\/uploads\/2019\/02\/0c63e59b-fleury-jpg.webp\",\"contentUrl\":\"https:\/\/files.sunoresearch.com.br\/n\/uploads\/2019\/02\/0c63e59b-fleury-jpg.webp\",\"width\":680,\"height\":453,\"caption\":\"Fleury (FLRY3)\"},{\"@type\":\"BreadcrumbList\",\"@id\":\"https:\/\/www.suno.com.br\/noticias\/fleury-flry3-prorroga-prazo-dividendos-coronavirus\/#breadcrumb\",\"itemListElement\":[{\"@type\":\"ListItem\",\"position\":1,\"name\":\"Not\u00edcias\",\"item\":\"https:\/\/www.suno.com.br\/noticias\/\"},{\"@type\":\"ListItem\",\"position\":2,\"name\":\"Neg\u00f3cios\",\"item\":\"https:\/\/www.suno.com.br\/noticias\/negocios\/\"},{\"@type\":\"ListItem\",\"position\":3,\"name\":\"Coronav\u00edrus: Fleury (FLRY3) prorroga prazo para distribui\u00e7\u00e3o de dividendos\"}]},{\"@type\":\"WebSite\",\"@id\":\"https:\/\/www.suno.com.br\/noticias\/#website\",\"url\":\"https:\/\/www.suno.com.br\/noticias\/\",\"name\":\"Suno Not\u00edcias\",\"description\":\"Seu portal de informa\u00e7\u00e3o sobre o mundo dos investimentos\",\"publisher\":{\"@id\":\"https:\/\/www.suno.com.br\/noticias\/#organization\"},\"potentialAction\":[{\"@type\":\"SearchAction\",\"target\":{\"@type\":\"EntryPoint\",\"urlTemplate\":\"https:\/\/www.suno.com.br\/noticias\/?s={search_term_string}\"},\"query-input\":{\"@type\":\"PropertyValueSpecification\",\"valueRequired\":true,\"valueName\":\"search_term_string\"}}],\"inLanguage\":\"pt-BR\"},{\"@type\":\"Organization\",\"@id\":\"https:\/\/www.suno.com.br\/noticias\/#organization\",\"name\":\"Suno Not\u00edcias\",\"url\":\"https:\/\/www.suno.com.br\/noticias\/\",\"logo\":{\"@type\":\"ImageObject\",\"inLanguage\":\"pt-BR\",\"@id\":\"https:\/\/www.suno.com.br\/noticias\/#\/schema\/logo\/image\/\",\"url\":\"https:\/\/files.sunoresearch.com.br\/n\/uploads\/2021\/09\/suno-logo.png\",\"contentUrl\":\"https:\/\/files.sunoresearch.com.br\/n\/uploads\/2021\/09\/suno-logo.png\",\"width\":180,\"height\":180,\"caption\":\"Suno Not\u00edcias\"},\"image\":{\"@id\":\"https:\/\/www.suno.com.br\/noticias\/#\/schema\/logo\/image\/\"},\"sameAs\":[\"https:\/\/facebook.com\/sunoresearch\",\"https:\/\/x.com\/sunoresearch\",\"https:\/\/www.instagram.com\/suno\",\"https:\/\/www.linkedin.com\/company\/suno-research\/\",\"https:\/\/www.youtube.com\/c\/sunoresearch\"]},{\"@type\":\"Person\",\"@id\":\"https:\/\/www.suno.com.br\/noticias\/#\/schema\/person\/1db762f78ffd8919a648a63e425953e3\",\"name\":\"Juliano Passaro\",\"image\":{\"@type\":\"ImageObject\",\"inLanguage\":\"pt-BR\",\"@id\":\"https:\/\/www.suno.com.br\/noticias\/#\/schema\/person\/image\/\",\"url\":\"https:\/\/secure.gravatar.com\/avatar\/743d4df28eebf6dcc46b4ad03c319e92?s=96&r=g\",\"contentUrl\":\"https:\/\/secure.gravatar.com\/avatar\/743d4df28eebf6dcc46b4ad03c319e92?s=96&r=g\",\"caption\":\"Juliano Passaro\"},\"description\":\"Juliano Passaro escreve sobre pol\u00edtica, economia e neg\u00f3cios para o portal da Suno Research. Antes da Suno, trabalhou no Portal da Band. \u00c9 formado em jornalismo pela Universidade Presbiteriana Mackenzie.\",\"url\":\"https:\/\/www.suno.com.br\/noticias\/author\/juliano\/\"}]}<\/script>\n<!-- \/ Yoast SEO plugin. -->","yoast_head_json":{"title":"Coronav\u00edrus: Fleury (FLRY3) prorroga distribui\u00e7\u00e3o de dividendos","description":"O Grupo Fleury (FLRY3) comunicou que aprovou a prorroga\u00e7\u00e3o do prazo para pagamento de dividendos por conta da pandemia de coronav\u00edrus.","robots":{"index":"index","follow":"follow","max-snippet":"max-snippet:-1","max-image-preview":"max-image-preview:large","max-video-preview":"max-video-preview:-1"},"canonical":"https:\/\/www.suno.com.br\/noticias\/fleury-flry3-prorroga-prazo-dividendos-coronavirus\/","og_locale":"pt_BR","og_type":"article","og_title":"Coronav\u00edrus: Fleury (FLRY3) prorroga distribui\u00e7\u00e3o de dividendos","og_description":"O Grupo Fleury (FLRY3) comunicou que aprovou a prorroga\u00e7\u00e3o do prazo para pagamento de dividendos por conta da pandemia de coronav\u00edrus.","og_url":"https:\/\/www.suno.com.br\/noticias\/fleury-flry3-prorroga-prazo-dividendos-coronavirus\/","og_site_name":"Suno Not\u00edcias","article_publisher":"https:\/\/facebook.com\/sunoresearch","og_image":[{"width":680,"height":453,"url":"https:\/\/files.sunoresearch.com.br\/n\/uploads\/2019\/02\/0c63e59b-fleury.jpg","type":"image\/jpeg"}],"author":"Juliano Passaro","twitter_card":"summary_large_image","twitter_creator":"@sunoresearch","twitter_site":"@sunoresearch","twitter_misc":{"Escrito por":"Juliano Passaro","Est. tempo de leitura":"2 minutos"},"schema":{"@context":"https:\/\/schema.org","@graph":[{"@type":"NewsArticle","@id":"https:\/\/www.suno.com.br\/noticias\/fleury-flry3-prorroga-prazo-dividendos-coronavirus\/#article","isPartOf":{"@id":"https:\/\/www.suno.com.br\/noticias\/fleury-flry3-prorroga-prazo-dividendos-coronavirus\/"},"author":{"name":"Juliano Passaro","@id":"https:\/\/www.suno.com.br\/noticias\/#\/schema\/person\/1db762f78ffd8919a648a63e425953e3"},"headline":"Coronav\u00edrus: Fleury (FLRY3) prorroga prazo para distribui\u00e7\u00e3o de dividendos","datePublished":"2020-03-27T09:54:01+00:00","mainEntityOfPage":{"@id":"https:\/\/www.suno.com.br\/noticias\/fleury-flry3-prorroga-prazo-dividendos-coronavirus\/"},"wordCount":496,"publisher":{"@id":"https:\/\/www.suno.com.br\/noticias\/#organization"},"image":{"@id":"https:\/\/www.suno.com.br\/noticias\/fleury-flry3-prorroga-prazo-dividendos-coronavirus\/#primaryimage"},"thumbnailUrl":"https:\/\/files.sunoresearch.com.br\/n\/uploads\/2019\/02\/0c63e59b-fleury-jpg.webp","keywords":["coronav\u00edrus","Fleury (FLRY3)"],"articleSection":["Neg\u00f3cios"],"inLanguage":"pt-BR"},{"@type":"WebPage","@id":"https:\/\/www.suno.com.br\/noticias\/fleury-flry3-prorroga-prazo-dividendos-coronavirus\/","url":"https:\/\/www.suno.com.br\/noticias\/fleury-flry3-prorroga-prazo-dividendos-coronavirus\/","name":"Coronav\u00edrus: Fleury (FLRY3) prorroga distribui\u00e7\u00e3o de dividendos","isPartOf":{"@id":"https:\/\/www.suno.com.br\/noticias\/#website"},"primaryImageOfPage":{"@id":"https:\/\/www.suno.com.br\/noticias\/fleury-flry3-prorroga-prazo-dividendos-coronavirus\/#primaryimage"},"image":{"@id":"https:\/\/www.suno.com.br\/noticias\/fleury-flry3-prorroga-prazo-dividendos-coronavirus\/#primaryimage"},"thumbnailUrl":"https:\/\/files.sunoresearch.com.br\/n\/uploads\/2019\/02\/0c63e59b-fleury-jpg.webp","datePublished":"2020-03-27T09:54:01+00:00","description":"O Grupo Fleury (FLRY3) comunicou que aprovou a prorroga\u00e7\u00e3o do prazo para pagamento de dividendos por conta da pandemia de coronav\u00edrus.","breadcrumb":{"@id":"https:\/\/www.suno.com.br\/noticias\/fleury-flry3-prorroga-prazo-dividendos-coronavirus\/#breadcrumb"},"inLanguage":"pt-BR","potentialAction":[{"@type":"ReadAction","target":["https:\/\/www.suno.com.br\/noticias\/fleury-flry3-prorroga-prazo-dividendos-coronavirus\/"]}]},{"@type":"ImageObject","inLanguage":"pt-BR","@id":"https:\/\/www.suno.com.br\/noticias\/fleury-flry3-prorroga-prazo-dividendos-coronavirus\/#primaryimage","url":"https:\/\/files.sunoresearch.com.br\/n\/uploads\/2019\/02\/0c63e59b-fleury-jpg.webp","contentUrl":"https:\/\/files.sunoresearch.com.br\/n\/uploads\/2019\/02\/0c63e59b-fleury-jpg.webp","width":680,"height":453,"caption":"Fleury (FLRY3)"},{"@type":"BreadcrumbList","@id":"https:\/\/www.suno.com.br\/noticias\/fleury-flry3-prorroga-prazo-dividendos-coronavirus\/#breadcrumb","itemListElement":[{"@type":"ListItem","position":1,"name":"Not\u00edcias","item":"https:\/\/www.suno.com.br\/noticias\/"},{"@type":"ListItem","position":2,"name":"Neg\u00f3cios","item":"https:\/\/www.suno.com.br\/noticias\/negocios\/"},{"@type":"ListItem","position":3,"name":"Coronav\u00edrus: Fleury (FLRY3) prorroga prazo para distribui\u00e7\u00e3o de dividendos"}]},{"@type":"WebSite","@id":"https:\/\/www.suno.com.br\/noticias\/#website","url":"https:\/\/www.suno.com.br\/noticias\/","name":"Suno Not\u00edcias","description":"Seu portal de informa\u00e7\u00e3o sobre o mundo dos investimentos","publisher":{"@id":"https:\/\/www.suno.com.br\/noticias\/#organization"},"potentialAction":[{"@type":"SearchAction","target":{"@type":"EntryPoint","urlTemplate":"https:\/\/www.suno.com.br\/noticias\/?s={search_term_string}"},"query-input":{"@type":"PropertyValueSpecification","valueRequired":true,"valueName":"search_term_string"}}],"inLanguage":"pt-BR"},{"@type":"Organization","@id":"https:\/\/www.suno.com.br\/noticias\/#organization","name":"Suno Not\u00edcias","url":"https:\/\/www.suno.com.br\/noticias\/","logo":{"@type":"ImageObject","inLanguage":"pt-BR","@id":"https:\/\/www.suno.com.br\/noticias\/#\/schema\/logo\/image\/","url":"https:\/\/files.sunoresearch.com.br\/n\/uploads\/2021\/09\/suno-logo.png","contentUrl":"https:\/\/files.sunoresearch.com.br\/n\/uploads\/2021\/09\/suno-logo.png","width":180,"height":180,"caption":"Suno Not\u00edcias"},"image":{"@id":"https:\/\/www.suno.com.br\/noticias\/#\/schema\/logo\/image\/"},"sameAs":["https:\/\/facebook.com\/sunoresearch","https:\/\/x.com\/sunoresearch","https:\/\/www.instagram.com\/suno","https:\/\/www.linkedin.com\/company\/suno-research\/","https:\/\/www.youtube.com\/c\/sunoresearch"]},{"@type":"Person","@id":"https:\/\/www.suno.com.br\/noticias\/#\/schema\/person\/1db762f78ffd8919a648a63e425953e3","name":"Juliano Passaro","image":{"@type":"ImageObject","inLanguage":"pt-BR","@id":"https:\/\/www.suno.com.br\/noticias\/#\/schema\/person\/image\/","url":"https:\/\/secure.gravatar.com\/avatar\/743d4df28eebf6dcc46b4ad03c319e92?s=96&r=g","contentUrl":"https:\/\/secure.gravatar.com\/avatar\/743d4df28eebf6dcc46b4ad03c319e92?s=96&r=g","caption":"Juliano Passaro"},"description":"Juliano Passaro escreve sobre pol\u00edtica, economia e neg\u00f3cios para o portal da Suno Research. Antes da Suno, trabalhou no Portal da Band. \u00c9 formado em jornalismo pela Universidade Presbiteriana Mackenzie.","url":"https:\/\/www.suno.com.br\/noticias\/author\/juliano\/"}]}},"default_loop_html":"<div class=\"cardsPage__listCard__boxs\"><div class=\"cardsPage__listCard__boxs__img\"><a href=\"https:\/\/www.suno.com.br\/noticias\/fleury-flry3-prorroga-prazo-dividendos-coronavirus\/\"><img class=\"mask\" src=\"https:\/\/www.suno.com.br\/noticias\/wp-content\/themes\/suno\/resources\/images\/spotlight\/spotlight1img\/bg-mask.png\" alt=\"Image Mask\"\/><img src=\"https:\/\/files.sunoresearch.com.br\/n\/uploads\/2019\/02\/0c63e59b-fleury-400x200.webp\" alt=\"Coronav\u00edrus: Fleury (FLRY3) prorroga prazo para distribui\u00e7\u00e3o de dividendos\"\/><\/a><span class=\"spotlightCategory\"><a href=\"https:\/\/www.suno.com.br\/noticias\/negocios\/\">Neg\u00f3cios<\/a><\/span><\/div><div class=\"cardsPage__listCard__boxs__content\"><a href=\"https:\/\/www.suno.com.br\/noticias\/fleury-flry3-prorroga-prazo-dividendos-coronavirus\/\"><h2 class=\"content__title\">Coronav\u00edrus: Fleury (FLRY3) prorroga prazo para distribui\u00e7\u00e3o de dividendos<\/h2><\/a><div class=\"newsContent__article__meta\"><div class=\"newsContent__article__meta__authorBox\"><a href=\"https:\/\/www.suno.com.br\/noticias\/author\/juliano\/\" class=\"authorBox__avatar noMobi\"><img src=\"https:\/\/files.sunoresearch.com.br\/n\/uploads\/2019\/06\/7cc3efea-whatsapp-image-2019-07-18-at-21.59.33-e1563499821209-150x150.webp\" alt=\"Juliano Passaro\"><\/a><div class=\"authorBox__name\"><span>por\n\t\t\t<a href=\"https:\/\/www.suno.com.br\/noticias\/author\/juliano\/\"><span itemprop=\"author\">Juliano Passaro<\/span><\/a><\/span><time datetime=\"2020-03-27T06:54:01-03:00\" itemprop=\"datePublished\">27\/03\/2020 06:54<\/time><\/div><\/div><\/div><\/div><\/div>","single_layout":"posts","amp_enabled":true,"_links":{"self":[{"href":"https:\/\/www.suno.com.br\/noticias\/wp-json\/wp\/v2\/posts\/59078"}],"collection":[{"href":"https:\/\/www.suno.com.br\/noticias\/wp-json\/wp\/v2\/posts"}],"about":[{"href":"https:\/\/www.suno.com.br\/noticias\/wp-json\/wp\/v2\/types\/post"}],"author":[{"embeddable":true,"href":"https:\/\/www.suno.com.br\/noticias\/wp-json\/wp\/v2\/users\/19"}],"replies":[{"embeddable":true,"href":"https:\/\/www.suno.com.br\/noticias\/wp-json\/wp\/v2\/comments?post=59078"}],"version-history":[{"count":0,"href":"https:\/\/www.suno.com.br\/noticias\/wp-json\/wp\/v2\/posts\/59078\/revisions"}],"wp:featuredmedia":[{"embeddable":true,"href":"https:\/\/www.suno.com.br\/noticias\/wp-json\/wp\/v2\/media\/16915"}],"wp:attachment":[{"href":"https:\/\/www.suno.com.br\/noticias\/wp-json\/wp\/v2\/media?parent=59078"}],"wp:term":[{"taxonomy":"category","embeddable":true,"href":"https:\/\/www.suno.com.br\/noticias\/wp-json\/wp\/v2\/categories?post=59078"},{"taxonomy":"post_tag","embeddable":true,"href":"https:\/\/www.suno.com.br\/noticias\/wp-json\/wp\/v2\/tags?post=59078"},{"taxonomy":"suno_strategy","embeddable":true,"href":"https:\/\/www.suno.com.br\/noticias\/wp-json\/wp\/v2\/suno_strategy?post=59078"}],"curies":[{"name":"wp","href":"https:\/\/api.w.org\/{rel}","templated":true}]}}