{"id":590549,"date":"2025-01-13T15:00:32","date_gmt":"2025-01-13T18:00:32","guid":{"rendered":"https:\/\/www.suno.com.br\/noticias\/?p=590549"},"modified":"2025-01-13T15:00:35","modified_gmt":"2025-01-13T18:00:35","slug":"gol-goll4-azul-azul4-nega-avanco-fusao-gss","status":"publish","type":"post","link":"https:\/\/www.suno.com.br\/noticias\/gol-goll4-azul-azul4-nega-avanco-fusao-gss\/","title":{"rendered":"Gol (GOLL4) nega avan\u00e7o em poss\u00edvel fus\u00e3o com Azul (AZUL4)"},"content":{"rendered":"<p>A <strong>Gol <\/strong>(<a class=\"suno-keyword\" data-force=\"yes\" data-priority=\"2\" href=\"https:\/\/www.suno.com.br\/analitica\/acoes\/goll4\/\" target=\"_blank\" rel=\"noopener\">GOLL4<\/a>) informou que n\u00e3o tem ci\u00eancia de nenhum fato ou ato relevante sobre uma poss\u00edvel fus\u00e3o com a <a class=\"suno-keyword\" data-force=\"yes\" data-priority=\"2\" href=\"https:\/\/www.suno.com.br\/analitica\/acoes\/AZUL4\/\" target=\"_blank\" rel=\"noopener\">Azul (<\/a><a class=\"suno-keyword\" data-force=\"yes\" data-priority=\"2\" href=\"https:\/\/www.suno.com.br\/analitica\/acoes\/azul4\/\" target=\"_blank\" rel=\"noopener\">AZUL4<\/a>) que n\u00e3o seja de conhecimento p\u00fablico. O esclarecimento foi divulgado na \u00faltima sexta-feira (10) em resposta \u00e0 Comiss\u00e3o de Valores Mobili\u00e1rios (CVM).<\/p>\t<div class=\"wrapper-featured-image\">\n\t\t<figure class=\"spotlightImg\">\n\n\t\t\t<picture>\n\t\t\t\t<source media=\"(max-width: 768px)\" srcset=\"https:\/\/files.sunoresearch.com.br\/n\/uploads\/2024\/05\/azul-gol-azul4-goll4-1-400x200.jpg\">\n\t\t\t\t<img loading=\"lazy\" decoding=\"async\" class=\"newsContent__article__imgCapa lazyloadDisabled \" src=\"https:\/\/files.sunoresearch.com.br\/n\/uploads\/2024\/05\/azul-gol-azul4-goll4-1-800x450.jpg\" width=\"800\" height=\"450\" alt=\"Gol (GOLL4) nega avan\u00e7o em poss\u00edvel fus\u00e3o com Azul (AZUL4)\" fetchpriority=high \/>\n\t\t\t<\/picture>\n\n\t\t\t<figcaption class=\"wp-caption-text wp-caption-text--show\">Azul (AZUL4) rompe acordo com Gol (GOLL4) e corta codeshare - Fotos: iStock<\/figcaption>\n\t\t<\/figure>\n\t<\/div>\n\n\n\n\n\n\n\n\t<p>\n\t\t<a href=\"https:\/\/lp.suno.com.br\/planilha-da-vida-financeira\/\" target=\"_blank\" data-element=\"shortcode-suno-banner\" title=\"Banner SUNO, clique e saiba mais\">\n\t\t\t<picture>\n\t\t\t\t<source media=\"(max-width: 500px)\" srcset=\"https:\/\/files.sunoresearch.com.br\/n\/uploads\/2023\/04\/400x300-Planilha-vida-financeira-true.png\">\n\t\t\t\t<img class=\"newsContent__article__imgCapa newsContent__article__imgCapa--banner\"\n\t\t\t\t\tsrc=\"https:\/\/files.sunoresearch.com.br\/n\/uploads\/2023\/04\/1420x240-Planilha-vida-financeira-true.png\"\n\t\t\t\t\tdata-promo-id=\"106682\"\t\t\t\t\t\t\t\t\t\twidth='1420' height='240'\t\t\t\t\talt=\"https:\/\/files.sunoresearch.com.br\/n\/uploads\/2023\/04\/1420x240-Planilha-vida-financeira-true.png\"\n\t\t\t\t>\n\t\t\t<\/picture>\n\t\t<\/a>\n\t<\/p>\n\n\n\n\n\n<p>A manifesta\u00e7\u00e3o ocorre ap\u00f3s o jornal <em>Valor Econ\u00f4mico<\/em> divulgar que as duas companhias estariam prestes a assinar um Memorando de Entendimento (MoU, na sigla em ingl\u00eas) nas pr\u00f3ximas semanas para discutir os termos de uma eventual combina\u00e7\u00e3o de neg\u00f3cios.<\/p>\n\n\n\n<p>No comunicado, a Gol reiterou que o <strong>Grupo Abra<\/strong> \u2014 holding que controla a companhia \u2014 est\u00e1 em negocia\u00e7\u00f5es com a <strong>Azul<\/strong> para \u201cexplorar potenciais oportunidades relacionadas \u00e0 empresa\u201d. No entanto, destacou que qualquer acordo entre a Azul e o Grupo Abra seria de car\u00e1ter n\u00e3o vinculante.<\/p>\n\n\n\n<p>\u201cA companhia e seus assessores est\u00e3o conduzindo um processo competitivo, por meio do qual avaliar\u00e3o propostas de financiamento para sa\u00edda do procedimento de Chapter 11, al\u00e9m de outras transa\u00e7\u00f5es alternativas vi\u00e1veis e competitivas, incluindo oportunidades apresentadas por potenciais fontes de <a class=\"suno-keyword\" target=\"_blank\" data-force=\"no\" data-priority=\"1\" href=\"https:\/\/www.suno.com.br\/artigos\/capital-proprio\/\" rel=\"noopener\">capital pr\u00f3prio<\/a> e de d\u00edvida\u201d, concluiu a Gol.<\/p>\n\n\n\n<p>A possibilidade de fus\u00e3o entre as duas companhias a\u00e9reas vem sendo discutida desde o final do ano passado. Inclusive, a Azul j\u00e1 havia sinalizado a continuidade de conversas com o Grupo Abra, refor\u00e7ando os rumores sobre um poss\u00edvel acordo no setor a\u00e9reo brasileiro.<\/p>\n\n\n\t<p>\n\t\t<a href=\"https:\/\/lp.suno.com.br\/ebook-como-analisar-uma-acao\/\" target=\"_blank\" data-element=\"shortcode-suno-banner\" title=\"Banner SUNO, clique e saiba mais\">\n\t\t\t<picture>\n\t\t\t\t<source media=\"(max-width: 500px)\" srcset=\"https:\/\/files.sunoresearch.com.br\/n\/uploads\/2023\/03\/Ebook-Acoes-Mobile.jpg\">\n\t\t\t\t<img class=\"newsContent__article__imgCapa newsContent__article__imgCapa--banner\"\n\t\t\t\t\tsrc=\"https:\/\/files.sunoresearch.com.br\/n\/uploads\/2023\/03\/Ebook-Acoes-Desktop.jpg\"\n\t\t\t\t\tdata-promo-id=\"378302\"\t\t\t\t\t\t\t\t\t\twidth='1420' height='286'\t\t\t\t\talt=\"https:\/\/files.sunoresearch.com.br\/n\/uploads\/2023\/03\/Ebook-Acoes-Desktop.jpg\"\n\t\t\t\t>\n\t\t\t<\/picture>\n\t\t<\/a>\n\t<\/p>\n\n\n\n\n\n<h2 class=\"wp-block-heading\">Gol (GOLL4) e Azul (AZUL4): entenda detalhes de poss\u00edvel fus\u00e3o<\/h2>\n\n\n\n<p><strong>Gol e Azul<\/strong>&nbsp;representam cerca de 60% do mercado a\u00e9reo brasileiro, o que, em caso de fus\u00e3o, poderia gerar sinergias significativas, como maior conectividade nas rotas e condi\u00e7\u00f5es mais favor\u00e1veis para renegociar contratos de leasing.<\/p>\n\n\n\n<p>Segundo o BTG Pactual, a sobreposi\u00e7\u00e3o de rotas entre as duas empresas \u00e9 relativamente baixa, o que favorece a complementaridade operacional. A <strong>GOLL4 <\/strong>tem maior presen\u00e7a em hubs corporativos como Congonhas (CGH), Santos Dumont (SDU) e Bras\u00edlia (BSB), enquanto a&nbsp;<strong>AZUL4 <\/strong>\u00e9 mais forte em rotas regionais e no interior do pa\u00eds.<\/p>\n\n\n\n<p>Contudo, a&nbsp;<strong>fus\u00e3o entre Gol e Azul<\/strong>&nbsp;enfrentaria obst\u00e1culos como a aprova\u00e7\u00e3o de \u00f3rg\u00e3os reguladores devido \u00e0 alta concentra\u00e7\u00e3o de mercado.<\/p>\n\n\n\n<p>O BTG Pactual destaca que, embora a combina\u00e7\u00e3o de mercado das empresas possa ser questionada, o argumento de \u201cempresas em dificuldade\u201d pode ser utilizado para justificar a fus\u00e3o, especialmente considerando o atual cen\u00e1rio financeiro das duas companhias.<\/p>\n\n\n\n<p>Al\u00e9m disso, tanto a&nbsp;<strong>Gol<\/strong>&nbsp;quanto a&nbsp;Azul&nbsp;enfrentam desafios de capital. A d\u00edvida elevada e as press\u00f5es cambiais aumentam a necessidade de recursos para viabilizar a fus\u00e3o.<\/p>\n\n\n\t<p>\n\t\t<a href=\"https:\/\/lp.suno.com.br\/planilha-da-vida-financeira\/\" target=\"_blank\" data-element=\"shortcode-suno-banner\" title=\"Banner SUNO, clique e saiba mais\">\n\t\t\t<picture>\n\t\t\t\t<source media=\"(max-width: 500px)\" srcset=\"https:\/\/files.sunoresearch.com.br\/n\/uploads\/2023\/04\/400x300-Planilha-vida-financeira-true.png\">\n\t\t\t\t<img class=\"newsContent__article__imgCapa newsContent__article__imgCapa--banner\"\n\t\t\t\t\tsrc=\"https:\/\/files.sunoresearch.com.br\/n\/uploads\/2023\/04\/1420x240-Planilha-vida-financeira-true.png\"\n\t\t\t\t\tdata-promo-id=\"383123\"\t\t\t\t\t\t\t\t\t\twidth='1420' height='240'\t\t\t\t\talt=\"https:\/\/files.sunoresearch.com.br\/n\/uploads\/2023\/04\/1420x240-Planilha-vida-financeira-true.png\"\n\t\t\t\t>\n\t\t\t<\/picture>\n\t\t<\/a>\n\t<\/p>\n\n\n","protected":false},"excerpt":{"rendered":"<p>A Gol (GOLL4) informou que n\u00e3o tem ci\u00eancia de nenhum fato ou ato relevante sobre uma poss\u00edvel fus\u00e3o com a Azul (AZUL4) que n\u00e3o seja de conhecimento p\u00fablico. O esclarecimento foi divulgado na \u00faltima sexta-feira (10) em resposta \u00e0 Comiss\u00e3o de Valores Mobili\u00e1rios (CVM). Azul (AZUL4) rompe acordo com Gol (GOLL4) e corta codeshare &#8211; [&hellip;]<\/p>\n","protected":false},"author":376,"featured_media":556859,"comment_status":"closed","ping_status":"closed","sticky":false,"template":"","format":"standard","meta":[],"categories":[64],"tags":[106932,489],"suno_strategy":[],"class_list":["post-590549","post","type-post","status-publish","format-standard","has-post-thumbnail","hentry","category-negocios","tag-azul-azul4","tag-gol-linhas-aereas-goll11-goll4"],"yoast_head":"<!-- This site is optimized with the Yoast SEO plugin v24.4 - https:\/\/yoast.com\/wordpress\/plugins\/seo\/ -->\n<title>Gol (GOLL4) nega avan\u00e7o em poss\u00edvel fus\u00e3o com Azul (AZUL4)<\/title>\n<meta name=\"description\" content=\"Ap\u00f3s reportagens publicadas na imprensa, a Gol se manifestou sobre uma poss\u00edvel fus\u00e3o com a Azul. Clique para saber mais.\" \/>\n<meta name=\"robots\" content=\"index, follow, max-snippet:-1, max-image-preview:large, max-video-preview:-1\" \/>\n<link rel=\"canonical\" href=\"https:\/\/www.suno.com.br\/noticias\/gol-goll4-azul-azul4-nega-avanco-fusao-gss\/\" \/>\n<meta property=\"og:locale\" content=\"pt_BR\" \/>\n<meta property=\"og:type\" content=\"article\" \/>\n<meta property=\"og:title\" content=\"Gol (GOLL4) nega avan\u00e7o em poss\u00edvel fus\u00e3o com Azul (AZUL4)\" \/>\n<meta property=\"og:description\" content=\"Ap\u00f3s reportagens publicadas na imprensa, a Gol se manifestou sobre uma poss\u00edvel fus\u00e3o com a Azul. Clique para saber mais.\" \/>\n<meta property=\"og:url\" content=\"https:\/\/www.suno.com.br\/noticias\/gol-goll4-azul-azul4-nega-avanco-fusao-gss\/\" \/>\n<meta property=\"og:site_name\" content=\"Suno Not\u00edcias\" \/>\n<meta property=\"article:publisher\" content=\"https:\/\/facebook.com\/sunoresearch\" \/>\n<meta property=\"og:image\" content=\"https:\/\/files.sunoresearch.com.br\/n\/uploads\/2024\/05\/azul-gol-azul4-goll4-1.jpg\" \/>\n\t<meta property=\"og:image:width\" content=\"1200\" \/>\n\t<meta property=\"og:image:height\" content=\"800\" \/>\n\t<meta property=\"og:image:type\" content=\"image\/jpeg\" \/>\n<meta name=\"author\" content=\"Guilherme Serrano\" \/>\n<meta name=\"twitter:card\" content=\"summary_large_image\" \/>\n<meta name=\"twitter:creator\" content=\"@sunoresearch\" \/>\n<meta name=\"twitter:site\" content=\"@sunoresearch\" \/>\n<meta name=\"twitter:label1\" content=\"Escrito por\" \/>\n\t<meta name=\"twitter:data1\" content=\"Guilherme Serrano\" \/>\n\t<meta name=\"twitter:label2\" content=\"Est. tempo de leitura\" \/>\n\t<meta name=\"twitter:data2\" content=\"3 minutos\" \/>\n<script type=\"application\/ld+json\" class=\"yoast-schema-graph\">{\"@context\":\"https:\/\/schema.org\",\"@graph\":[{\"@type\":\"NewsArticle\",\"@id\":\"https:\/\/www.suno.com.br\/noticias\/gol-goll4-azul-azul4-nega-avanco-fusao-gss\/#article\",\"isPartOf\":{\"@id\":\"https:\/\/www.suno.com.br\/noticias\/gol-goll4-azul-azul4-nega-avanco-fusao-gss\/\"},\"author\":{\"name\":\"Guilherme Serrano\",\"@id\":\"https:\/\/www.suno.com.br\/noticias\/#\/schema\/person\/d0f07e64bce64aa671feadfb844f04ca\"},\"headline\":\"Gol (GOLL4) nega avan\u00e7o em poss\u00edvel fus\u00e3o com Azul (AZUL4)\",\"datePublished\":\"2025-01-13T18:00:32+00:00\",\"dateModified\":\"2025-01-13T18:00:35+00:00\",\"mainEntityOfPage\":{\"@id\":\"https:\/\/www.suno.com.br\/noticias\/gol-goll4-azul-azul4-nega-avanco-fusao-gss\/\"},\"wordCount\":477,\"publisher\":{\"@id\":\"https:\/\/www.suno.com.br\/noticias\/#organization\"},\"image\":{\"@id\":\"https:\/\/www.suno.com.br\/noticias\/gol-goll4-azul-azul4-nega-avanco-fusao-gss\/#primaryimage\"},\"thumbnailUrl\":\"https:\/\/files.sunoresearch.com.br\/n\/uploads\/2024\/05\/azul-gol-azul4-goll4-1.jpg\",\"keywords\":[\"Azul (AZUL4)\",\"Gol Linhas A\u00e9reas (GOLL11\/GOLL4)\"],\"articleSection\":[\"Neg\u00f3cios\"],\"inLanguage\":\"pt-BR\"},{\"@type\":\"WebPage\",\"@id\":\"https:\/\/www.suno.com.br\/noticias\/gol-goll4-azul-azul4-nega-avanco-fusao-gss\/\",\"url\":\"https:\/\/www.suno.com.br\/noticias\/gol-goll4-azul-azul4-nega-avanco-fusao-gss\/\",\"name\":\"Gol (GOLL4) nega avan\u00e7o em poss\u00edvel fus\u00e3o com Azul (AZUL4)\",\"isPartOf\":{\"@id\":\"https:\/\/www.suno.com.br\/noticias\/#website\"},\"primaryImageOfPage\":{\"@id\":\"https:\/\/www.suno.com.br\/noticias\/gol-goll4-azul-azul4-nega-avanco-fusao-gss\/#primaryimage\"},\"image\":{\"@id\":\"https:\/\/www.suno.com.br\/noticias\/gol-goll4-azul-azul4-nega-avanco-fusao-gss\/#primaryimage\"},\"thumbnailUrl\":\"https:\/\/files.sunoresearch.com.br\/n\/uploads\/2024\/05\/azul-gol-azul4-goll4-1.jpg\",\"datePublished\":\"2025-01-13T18:00:32+00:00\",\"dateModified\":\"2025-01-13T18:00:35+00:00\",\"description\":\"Ap\u00f3s reportagens publicadas na imprensa, a Gol se manifestou sobre uma poss\u00edvel fus\u00e3o com a Azul. Clique para saber mais.\",\"breadcrumb\":{\"@id\":\"https:\/\/www.suno.com.br\/noticias\/gol-goll4-azul-azul4-nega-avanco-fusao-gss\/#breadcrumb\"},\"inLanguage\":\"pt-BR\",\"potentialAction\":[{\"@type\":\"ReadAction\",\"target\":[\"https:\/\/www.suno.com.br\/noticias\/gol-goll4-azul-azul4-nega-avanco-fusao-gss\/\"]}]},{\"@type\":\"ImageObject\",\"inLanguage\":\"pt-BR\",\"@id\":\"https:\/\/www.suno.com.br\/noticias\/gol-goll4-azul-azul4-nega-avanco-fusao-gss\/#primaryimage\",\"url\":\"https:\/\/files.sunoresearch.com.br\/n\/uploads\/2024\/05\/azul-gol-azul4-goll4-1.jpg\",\"contentUrl\":\"https:\/\/files.sunoresearch.com.br\/n\/uploads\/2024\/05\/azul-gol-azul4-goll4-1.jpg\",\"width\":1200,\"height\":800,\"caption\":\"Azul (AZUL4) rompe acordo com Gol (GOLL4) e corta codeshare - Fotos: iStock\"},{\"@type\":\"BreadcrumbList\",\"@id\":\"https:\/\/www.suno.com.br\/noticias\/gol-goll4-azul-azul4-nega-avanco-fusao-gss\/#breadcrumb\",\"itemListElement\":[{\"@type\":\"ListItem\",\"position\":1,\"name\":\"Not\u00edcias\",\"item\":\"https:\/\/www.suno.com.br\/noticias\/\"},{\"@type\":\"ListItem\",\"position\":2,\"name\":\"Neg\u00f3cios\",\"item\":\"https:\/\/www.suno.com.br\/noticias\/negocios\/\"},{\"@type\":\"ListItem\",\"position\":3,\"name\":\"Gol (GOLL4) nega avan\u00e7o em poss\u00edvel fus\u00e3o com Azul (AZUL4)\"}]},{\"@type\":\"WebSite\",\"@id\":\"https:\/\/www.suno.com.br\/noticias\/#website\",\"url\":\"https:\/\/www.suno.com.br\/noticias\/\",\"name\":\"Suno Not\u00edcias\",\"description\":\"Seu portal de informa\u00e7\u00e3o sobre o mundo dos investimentos\",\"publisher\":{\"@id\":\"https:\/\/www.suno.com.br\/noticias\/#organization\"},\"potentialAction\":[{\"@type\":\"SearchAction\",\"target\":{\"@type\":\"EntryPoint\",\"urlTemplate\":\"https:\/\/www.suno.com.br\/noticias\/?s={search_term_string}\"},\"query-input\":{\"@type\":\"PropertyValueSpecification\",\"valueRequired\":true,\"valueName\":\"search_term_string\"}}],\"inLanguage\":\"pt-BR\"},{\"@type\":\"Organization\",\"@id\":\"https:\/\/www.suno.com.br\/noticias\/#organization\",\"name\":\"Suno Not\u00edcias\",\"url\":\"https:\/\/www.suno.com.br\/noticias\/\",\"logo\":{\"@type\":\"ImageObject\",\"inLanguage\":\"pt-BR\",\"@id\":\"https:\/\/www.suno.com.br\/noticias\/#\/schema\/logo\/image\/\",\"url\":\"https:\/\/files.sunoresearch.com.br\/n\/uploads\/2021\/09\/suno-logo.png\",\"contentUrl\":\"https:\/\/files.sunoresearch.com.br\/n\/uploads\/2021\/09\/suno-logo.png\",\"width\":180,\"height\":180,\"caption\":\"Suno Not\u00edcias\"},\"image\":{\"@id\":\"https:\/\/www.suno.com.br\/noticias\/#\/schema\/logo\/image\/\"},\"sameAs\":[\"https:\/\/facebook.com\/sunoresearch\",\"https:\/\/x.com\/sunoresearch\",\"https:\/\/www.instagram.com\/suno\",\"https:\/\/www.linkedin.com\/company\/suno-research\/\",\"https:\/\/www.youtube.com\/c\/sunoresearch\"]},{\"@type\":\"Person\",\"@id\":\"https:\/\/www.suno.com.br\/noticias\/#\/schema\/person\/d0f07e64bce64aa671feadfb844f04ca\",\"name\":\"Guilherme Serrano\",\"image\":{\"@type\":\"ImageObject\",\"inLanguage\":\"pt-BR\",\"@id\":\"https:\/\/www.suno.com.br\/noticias\/#\/schema\/person\/image\/\",\"url\":\"https:\/\/secure.gravatar.com\/avatar\/a90be19d8c67bef61497e4522de30ac4?s=96&r=g\",\"contentUrl\":\"https:\/\/secure.gravatar.com\/avatar\/a90be19d8c67bef61497e4522de30ac4?s=96&r=g\",\"caption\":\"Guilherme Serrano\"},\"description\":\"Jornalista formado pela Faculdade C\u00e1sper L\u00edbero e p\u00f3s-graduado em Can\u00e7\u00e3o Popular pela Faculdade Santa Marcelina. Passagens por R\u00e1dio Gazeta AM, gazetaesportiva.com e TC R\u00e1dio.\",\"url\":\"https:\/\/www.suno.com.br\/noticias\/author\/guilherme-silvasuno-com-br\/\"}]}<\/script>\n<!-- \/ Yoast SEO plugin. -->","yoast_head_json":{"title":"Gol (GOLL4) nega avan\u00e7o em poss\u00edvel fus\u00e3o com Azul (AZUL4)","description":"Ap\u00f3s reportagens publicadas na imprensa, a Gol se manifestou sobre uma poss\u00edvel fus\u00e3o com a Azul. Clique para saber mais.","robots":{"index":"index","follow":"follow","max-snippet":"max-snippet:-1","max-image-preview":"max-image-preview:large","max-video-preview":"max-video-preview:-1"},"canonical":"https:\/\/www.suno.com.br\/noticias\/gol-goll4-azul-azul4-nega-avanco-fusao-gss\/","og_locale":"pt_BR","og_type":"article","og_title":"Gol (GOLL4) nega avan\u00e7o em poss\u00edvel fus\u00e3o com Azul (AZUL4)","og_description":"Ap\u00f3s reportagens publicadas na imprensa, a Gol se manifestou sobre uma poss\u00edvel fus\u00e3o com a Azul. Clique para saber mais.","og_url":"https:\/\/www.suno.com.br\/noticias\/gol-goll4-azul-azul4-nega-avanco-fusao-gss\/","og_site_name":"Suno Not\u00edcias","article_publisher":"https:\/\/facebook.com\/sunoresearch","og_image":[{"width":1200,"height":800,"url":"https:\/\/files.sunoresearch.com.br\/n\/uploads\/2024\/05\/azul-gol-azul4-goll4-1.jpg","type":"image\/jpeg"}],"author":"Guilherme Serrano","twitter_card":"summary_large_image","twitter_creator":"@sunoresearch","twitter_site":"@sunoresearch","twitter_misc":{"Escrito por":"Guilherme Serrano","Est. tempo de leitura":"3 minutos"},"schema":{"@context":"https:\/\/schema.org","@graph":[{"@type":"NewsArticle","@id":"https:\/\/www.suno.com.br\/noticias\/gol-goll4-azul-azul4-nega-avanco-fusao-gss\/#article","isPartOf":{"@id":"https:\/\/www.suno.com.br\/noticias\/gol-goll4-azul-azul4-nega-avanco-fusao-gss\/"},"author":{"name":"Guilherme Serrano","@id":"https:\/\/www.suno.com.br\/noticias\/#\/schema\/person\/d0f07e64bce64aa671feadfb844f04ca"},"headline":"Gol (GOLL4) nega avan\u00e7o em poss\u00edvel fus\u00e3o com Azul (AZUL4)","datePublished":"2025-01-13T18:00:32+00:00","dateModified":"2025-01-13T18:00:35+00:00","mainEntityOfPage":{"@id":"https:\/\/www.suno.com.br\/noticias\/gol-goll4-azul-azul4-nega-avanco-fusao-gss\/"},"wordCount":477,"publisher":{"@id":"https:\/\/www.suno.com.br\/noticias\/#organization"},"image":{"@id":"https:\/\/www.suno.com.br\/noticias\/gol-goll4-azul-azul4-nega-avanco-fusao-gss\/#primaryimage"},"thumbnailUrl":"https:\/\/files.sunoresearch.com.br\/n\/uploads\/2024\/05\/azul-gol-azul4-goll4-1.jpg","keywords":["Azul (AZUL4)","Gol Linhas A\u00e9reas (GOLL11\/GOLL4)"],"articleSection":["Neg\u00f3cios"],"inLanguage":"pt-BR"},{"@type":"WebPage","@id":"https:\/\/www.suno.com.br\/noticias\/gol-goll4-azul-azul4-nega-avanco-fusao-gss\/","url":"https:\/\/www.suno.com.br\/noticias\/gol-goll4-azul-azul4-nega-avanco-fusao-gss\/","name":"Gol (GOLL4) nega avan\u00e7o em poss\u00edvel fus\u00e3o com Azul (AZUL4)","isPartOf":{"@id":"https:\/\/www.suno.com.br\/noticias\/#website"},"primaryImageOfPage":{"@id":"https:\/\/www.suno.com.br\/noticias\/gol-goll4-azul-azul4-nega-avanco-fusao-gss\/#primaryimage"},"image":{"@id":"https:\/\/www.suno.com.br\/noticias\/gol-goll4-azul-azul4-nega-avanco-fusao-gss\/#primaryimage"},"thumbnailUrl":"https:\/\/files.sunoresearch.com.br\/n\/uploads\/2024\/05\/azul-gol-azul4-goll4-1.jpg","datePublished":"2025-01-13T18:00:32+00:00","dateModified":"2025-01-13T18:00:35+00:00","description":"Ap\u00f3s reportagens publicadas na imprensa, a Gol se manifestou sobre uma poss\u00edvel fus\u00e3o com a Azul. Clique para saber mais.","breadcrumb":{"@id":"https:\/\/www.suno.com.br\/noticias\/gol-goll4-azul-azul4-nega-avanco-fusao-gss\/#breadcrumb"},"inLanguage":"pt-BR","potentialAction":[{"@type":"ReadAction","target":["https:\/\/www.suno.com.br\/noticias\/gol-goll4-azul-azul4-nega-avanco-fusao-gss\/"]}]},{"@type":"ImageObject","inLanguage":"pt-BR","@id":"https:\/\/www.suno.com.br\/noticias\/gol-goll4-azul-azul4-nega-avanco-fusao-gss\/#primaryimage","url":"https:\/\/files.sunoresearch.com.br\/n\/uploads\/2024\/05\/azul-gol-azul4-goll4-1.jpg","contentUrl":"https:\/\/files.sunoresearch.com.br\/n\/uploads\/2024\/05\/azul-gol-azul4-goll4-1.jpg","width":1200,"height":800,"caption":"Azul (AZUL4) rompe acordo com Gol (GOLL4) e corta codeshare - Fotos: iStock"},{"@type":"BreadcrumbList","@id":"https:\/\/www.suno.com.br\/noticias\/gol-goll4-azul-azul4-nega-avanco-fusao-gss\/#breadcrumb","itemListElement":[{"@type":"ListItem","position":1,"name":"Not\u00edcias","item":"https:\/\/www.suno.com.br\/noticias\/"},{"@type":"ListItem","position":2,"name":"Neg\u00f3cios","item":"https:\/\/www.suno.com.br\/noticias\/negocios\/"},{"@type":"ListItem","position":3,"name":"Gol (GOLL4) nega avan\u00e7o em poss\u00edvel fus\u00e3o com Azul (AZUL4)"}]},{"@type":"WebSite","@id":"https:\/\/www.suno.com.br\/noticias\/#website","url":"https:\/\/www.suno.com.br\/noticias\/","name":"Suno Not\u00edcias","description":"Seu portal de informa\u00e7\u00e3o sobre o mundo dos investimentos","publisher":{"@id":"https:\/\/www.suno.com.br\/noticias\/#organization"},"potentialAction":[{"@type":"SearchAction","target":{"@type":"EntryPoint","urlTemplate":"https:\/\/www.suno.com.br\/noticias\/?s={search_term_string}"},"query-input":{"@type":"PropertyValueSpecification","valueRequired":true,"valueName":"search_term_string"}}],"inLanguage":"pt-BR"},{"@type":"Organization","@id":"https:\/\/www.suno.com.br\/noticias\/#organization","name":"Suno Not\u00edcias","url":"https:\/\/www.suno.com.br\/noticias\/","logo":{"@type":"ImageObject","inLanguage":"pt-BR","@id":"https:\/\/www.suno.com.br\/noticias\/#\/schema\/logo\/image\/","url":"https:\/\/files.sunoresearch.com.br\/n\/uploads\/2021\/09\/suno-logo.png","contentUrl":"https:\/\/files.sunoresearch.com.br\/n\/uploads\/2021\/09\/suno-logo.png","width":180,"height":180,"caption":"Suno Not\u00edcias"},"image":{"@id":"https:\/\/www.suno.com.br\/noticias\/#\/schema\/logo\/image\/"},"sameAs":["https:\/\/facebook.com\/sunoresearch","https:\/\/x.com\/sunoresearch","https:\/\/www.instagram.com\/suno","https:\/\/www.linkedin.com\/company\/suno-research\/","https:\/\/www.youtube.com\/c\/sunoresearch"]},{"@type":"Person","@id":"https:\/\/www.suno.com.br\/noticias\/#\/schema\/person\/d0f07e64bce64aa671feadfb844f04ca","name":"Guilherme Serrano","image":{"@type":"ImageObject","inLanguage":"pt-BR","@id":"https:\/\/www.suno.com.br\/noticias\/#\/schema\/person\/image\/","url":"https:\/\/secure.gravatar.com\/avatar\/a90be19d8c67bef61497e4522de30ac4?s=96&r=g","contentUrl":"https:\/\/secure.gravatar.com\/avatar\/a90be19d8c67bef61497e4522de30ac4?s=96&r=g","caption":"Guilherme Serrano"},"description":"Jornalista formado pela Faculdade C\u00e1sper L\u00edbero e p\u00f3s-graduado em Can\u00e7\u00e3o Popular pela Faculdade Santa Marcelina. Passagens por R\u00e1dio Gazeta AM, gazetaesportiva.com e TC R\u00e1dio.","url":"https:\/\/www.suno.com.br\/noticias\/author\/guilherme-silvasuno-com-br\/"}]}},"default_loop_html":"<div class=\"cardsPage__listCard__boxs\"><div class=\"cardsPage__listCard__boxs__img\"><a href=\"https:\/\/www.suno.com.br\/noticias\/gol-goll4-azul-azul4-nega-avanco-fusao-gss\/\"><img class=\"mask\" src=\"https:\/\/www.suno.com.br\/noticias\/wp-content\/themes\/suno\/resources\/images\/spotlight\/spotlight1img\/bg-mask.png\" alt=\"Image Mask\"\/><img src=\"https:\/\/files.sunoresearch.com.br\/n\/uploads\/2024\/05\/azul-gol-azul4-goll4-1-400x200.jpg\" alt=\"Gol (GOLL4) nega avan\u00e7o em poss\u00edvel fus\u00e3o com Azul (AZUL4)\"\/><\/a><span class=\"spotlightCategory\"><a href=\"https:\/\/www.suno.com.br\/noticias\/negocios\/\">Neg\u00f3cios<\/a><\/span><\/div><div class=\"cardsPage__listCard__boxs__content\"><a href=\"https:\/\/www.suno.com.br\/noticias\/gol-goll4-azul-azul4-nega-avanco-fusao-gss\/\"><h2 class=\"content__title\">Gol (GOLL4) nega avan\u00e7o em poss\u00edvel fus\u00e3o com Azul (AZUL4)<\/h2><\/a><div class=\"newsContent__article__meta\"><div class=\"newsContent__article__meta__authorBox\"><a href=\"https:\/\/www.suno.com.br\/noticias\/author\/guilherme-silvasuno-com-br\/\" class=\"authorBox__avatar noMobi\"><img src=\"https:\/\/secure.gravatar.com\/avatar\/a90be19d8c67bef61497e4522de30ac4?s=96&#038;r=g\" alt=\"Guilherme Serrano\"><\/a><div class=\"authorBox__name\"><span>por\n\t\t\t<a href=\"https:\/\/www.suno.com.br\/noticias\/author\/guilherme-silvasuno-com-br\/\"><span itemprop=\"author\">Guilherme Serrano<\/span><\/a><\/span><time datetime=\"2025-01-13T15:00:32-03:00\" itemprop=\"datePublished\">13\/01\/2025 15:00<\/time><\/div><\/div><\/div><\/div><\/div>","single_layout":"posts","amp_enabled":true,"_links":{"self":[{"href":"https:\/\/www.suno.com.br\/noticias\/wp-json\/wp\/v2\/posts\/590549"}],"collection":[{"href":"https:\/\/www.suno.com.br\/noticias\/wp-json\/wp\/v2\/posts"}],"about":[{"href":"https:\/\/www.suno.com.br\/noticias\/wp-json\/wp\/v2\/types\/post"}],"author":[{"embeddable":true,"href":"https:\/\/www.suno.com.br\/noticias\/wp-json\/wp\/v2\/users\/376"}],"replies":[{"embeddable":true,"href":"https:\/\/www.suno.com.br\/noticias\/wp-json\/wp\/v2\/comments?post=590549"}],"version-history":[{"count":2,"href":"https:\/\/www.suno.com.br\/noticias\/wp-json\/wp\/v2\/posts\/590549\/revisions"}],"predecessor-version":[{"id":590552,"href":"https:\/\/www.suno.com.br\/noticias\/wp-json\/wp\/v2\/posts\/590549\/revisions\/590552"}],"wp:featuredmedia":[{"embeddable":true,"href":"https:\/\/www.suno.com.br\/noticias\/wp-json\/wp\/v2\/media\/556859"}],"wp:attachment":[{"href":"https:\/\/www.suno.com.br\/noticias\/wp-json\/wp\/v2\/media?parent=590549"}],"wp:term":[{"taxonomy":"category","embeddable":true,"href":"https:\/\/www.suno.com.br\/noticias\/wp-json\/wp\/v2\/categories?post=590549"},{"taxonomy":"post_tag","embeddable":true,"href":"https:\/\/www.suno.com.br\/noticias\/wp-json\/wp\/v2\/tags?post=590549"},{"taxonomy":"suno_strategy","embeddable":true,"href":"https:\/\/www.suno.com.br\/noticias\/wp-json\/wp\/v2\/suno_strategy?post=590549"}],"curies":[{"name":"wp","href":"https:\/\/api.w.org\/{rel}","templated":true}]}}