{"id":589992,"date":"2025-01-08T11:11:23","date_gmt":"2025-01-08T14:11:23","guid":{"rendered":"https:\/\/www.suno.com.br\/noticias\/?p=589992"},"modified":"2025-01-08T11:11:26","modified_gmt":"2025-01-08T14:11:26","slug":"embraer-embr3-btg-compra-entregas-4t24-gss","status":"publish","type":"post","link":"https:\/\/www.suno.com.br\/noticias\/embraer-embr3-btg-compra-entregas-4t24-gss\/","title":{"rendered":"Embraer (EMBR3): BTG refor\u00e7a compra ap\u00f3s dados de entregas"},"content":{"rendered":"<p>A <strong>Embraer<\/strong> (<a class=\"suno-keyword\" data-force=\"yes\" data-priority=\"2\" href=\"https:\/\/www.suno.com.br\/analitica\/acoes\/embr3\/\" target=\"_blank\" rel=\"noopener\">EMBR3<\/a>) informou que entregou 75 aeronaves no quarto trimestre de 2024, um crescimento de 27% em rela\u00e7\u00e3o ao trimestre anterior. Ap\u00f3s a divulga\u00e7\u00e3o dos n\u00fameros, o BTG Pactual emitiu um relat\u00f3rio refor\u00e7ando recomenda\u00e7\u00e3o de compra para a companhia.<\/p>\t<div class=\"wrapper-featured-image\">\n\t\t<figure class=\"spotlightImg\">\n\n\t\t\t<picture>\n\t\t\t\t<source media=\"(max-width: 768px)\" srcset=\"https:\/\/files.sunoresearch.com.br\/n\/uploads\/2023\/10\/embraer-embr3-400x200.jpg\">\n\t\t\t\t<img loading=\"lazy\" decoding=\"async\" class=\"newsContent__article__imgCapa lazyloadDisabled newsContent__article__imgCapa--noCaption\" src=\"https:\/\/files.sunoresearch.com.br\/n\/uploads\/2023\/10\/embraer-embr3-800x450.jpg\" width=\"800\" height=\"450\" alt=\"Embraer (EMBR3): BTG refor\u00e7a compra ap\u00f3s dados de entregas\" fetchpriority=high \/>\n\t\t\t<\/picture>\n\n\t\t\t<figcaption class=\"wp-caption-text wp-caption-text--hide\"><\/figcaption>\n\t\t<\/figure>\n\t<\/div>\n\n\n\n\n\n\n\n\t<p>\n\t\t<a href=\"https:\/\/lp.suno.com.br\/planilha-da-vida-financeira\/\" target=\"_blank\" data-element=\"shortcode-suno-banner\" title=\"Banner SUNO, clique e saiba mais\">\n\t\t\t<picture>\n\t\t\t\t<source media=\"(max-width: 500px)\" srcset=\"https:\/\/files.sunoresearch.com.br\/n\/uploads\/2023\/04\/400x300-Planilha-vida-financeira-true.png\">\n\t\t\t\t<img class=\"newsContent__article__imgCapa newsContent__article__imgCapa--banner\"\n\t\t\t\t\tsrc=\"https:\/\/files.sunoresearch.com.br\/n\/uploads\/2023\/04\/1420x240-Planilha-vida-financeira-true.png\"\n\t\t\t\t\tdata-promo-id=\"106682\"\t\t\t\t\t\t\t\t\t\twidth='1420' height='240'\t\t\t\t\talt=\"https:\/\/files.sunoresearch.com.br\/n\/uploads\/2023\/04\/1420x240-Planilha-vida-financeira-true.png\"\n\t\t\t\t>\n\t\t\t<\/picture>\n\t\t<\/a>\n\t<\/p>\n\n\n\n\n\n<p>No acumulado de 2024, a Embraer entregou 206 aeronaves, representando um aumento de 14% na base anual. O segmento de avia\u00e7\u00e3o comercial teve papel fundamental nesse resultado, com 31 entregas no quarto trimestre, totalizando 73 unidades ao longo do ano. <\/p>\n\n\n\n<p>Esse n\u00famero est\u00e1 no limite superior da proje\u00e7\u00e3o revisada (de 70 a 73 aeronaves) e dentro do intervalo inicial de 72 a 80 unidades.<\/p>\n\n\n\n<p>Na avia\u00e7\u00e3o executiva, a Embraer tamb\u00e9m obteve resultados s\u00f3lidos, entregando 44 jatos no quarto trimestre e 130 no ano, atingindo o ponto m\u00e9dio da meta estipulada entre 125 e 135 unidades. <\/p>\n\n\n\n<p>J\u00e1 no segmento de Defesa e Seguran\u00e7a, foram entregues tr\u00eas aeronaves <strong>C-390 Millennium<\/strong>, um avan\u00e7o em rela\u00e7\u00e3o \u00e0s duas unidades de 2023, mas ligeiramente abaixo das expectativas de mercado, que projetavam de quatro a cinco entregas.<\/p>\n\n\n\n<p>A divulga\u00e7\u00e3o dos <strong>resultados da Embraer<\/strong> foi antecipada e, segundo o BTG, dissipou preocupa\u00e7\u00f5es sobre poss\u00edveis atrasos nas entregas do quarto trimestre. <\/p>\n\n\n\t<p>\n\t\t<a href=\"https:\/\/lp.suno.com.br\/ebook-como-analisar-uma-acao\/\" target=\"_blank\" data-element=\"shortcode-suno-banner\" title=\"Banner SUNO, clique e saiba mais\">\n\t\t\t<picture>\n\t\t\t\t<source media=\"(max-width: 500px)\" srcset=\"https:\/\/files.sunoresearch.com.br\/n\/uploads\/2023\/03\/Ebook-Acoes-Mobile.jpg\">\n\t\t\t\t<img class=\"newsContent__article__imgCapa newsContent__article__imgCapa--banner\"\n\t\t\t\t\tsrc=\"https:\/\/files.sunoresearch.com.br\/n\/uploads\/2023\/03\/Ebook-Acoes-Desktop.jpg\"\n\t\t\t\t\tdata-promo-id=\"378302\"\t\t\t\t\t\t\t\t\t\twidth='1420' height='286'\t\t\t\t\talt=\"https:\/\/files.sunoresearch.com.br\/n\/uploads\/2023\/03\/Ebook-Acoes-Desktop.jpg\"\n\t\t\t\t>\n\t\t\t<\/picture>\n\t\t<\/a>\n\t<\/p>\n\n\n\n\n\n<p>Al\u00e9m das entregas robustas, a casa espera que a <strong>EMBR3<\/strong> apresente tamb\u00e9m e um backlog expressivo, impulsionado por novos pedidos no segmento de defesa.<\/p>\n\n\n\n<p>Os analistas tamb\u00e9m projetam resultados financeiros s\u00f3lidos para a <strong>Embraer no 4T<\/strong>, com potencial de supera\u00e7\u00e3o nas estimativas de <a class=\"suno-keyword\" target=\"_blank\" data-force=\"no\" data-priority=\"1\" href=\"https:\/\/www.suno.com.br\/artigos\/fluxo-caixa-livre\/\" rel=\"noopener\">fluxo de caixa livre<\/a> (FCF), gra\u00e7as \u00e0s contribui\u00e7\u00f5es de pagamentos antecipados (PDPs).<\/p>\n\n\n\n<p>A casa afirma que a empresa segue em uma posi\u00e7\u00e3o competitiva favor\u00e1vel, sustentada pela demanda resiliente, exposi\u00e7\u00e3o cambial positiva e um mercado prop\u00edcio.<\/p>\n\n\n\n<p>Assim, apesar da valoriza\u00e7\u00e3o expressiva das a\u00e7\u00f5es nos \u00faltimos 12 meses (+113%), o BTG Pactual continua otimista e refor\u00e7a recomenda\u00e7\u00e3o de compra para as <strong>a\u00e7\u00f5es da Embraer<\/strong>, com pre\u00e7o-alvo de US$ 47 para as ADRs negociadas em Nova York.<\/p>\n\n\n\n<p>Por volta das 11h desta quarta-feira (08), a <strong>Embraer<\/strong> operava est\u00e1vel no Ibovespa, com as a\u00e7\u00f5es cotadas a R$ 58,06.<\/p>\n\n\n\t<p>\n\t\t<a href=\"https:\/\/lp.suno.com.br\/planilha-da-vida-financeira\/\" target=\"_blank\" data-element=\"shortcode-suno-banner\" title=\"Banner SUNO, clique e saiba mais\">\n\t\t\t<picture>\n\t\t\t\t<source media=\"(max-width: 500px)\" srcset=\"https:\/\/files.sunoresearch.com.br\/n\/uploads\/2023\/04\/400x300-Planilha-vida-financeira-true.png\">\n\t\t\t\t<img class=\"newsContent__article__imgCapa newsContent__article__imgCapa--banner\"\n\t\t\t\t\tsrc=\"https:\/\/files.sunoresearch.com.br\/n\/uploads\/2023\/04\/1420x240-Planilha-vida-financeira-true.png\"\n\t\t\t\t\tdata-promo-id=\"383123\"\t\t\t\t\t\t\t\t\t\twidth='1420' height='240'\t\t\t\t\talt=\"https:\/\/files.sunoresearch.com.br\/n\/uploads\/2023\/04\/1420x240-Planilha-vida-financeira-true.png\"\n\t\t\t\t>\n\t\t\t<\/picture>\n\t\t<\/a>\n\t<\/p>\n\n\n","protected":false},"excerpt":{"rendered":"<p>A Embraer (EMBR3) informou que entregou 75 aeronaves no quarto trimestre de 2024, um crescimento de 27% em rela\u00e7\u00e3o ao trimestre anterior. Ap\u00f3s a divulga\u00e7\u00e3o dos n\u00fameros, o BTG Pactual emitiu um relat\u00f3rio refor\u00e7ando recomenda\u00e7\u00e3o de compra para a companhia. No acumulado de 2024, a Embraer entregou 206 aeronaves, representando um aumento de 14% na [&hellip;]<\/p>\n","protected":false},"author":376,"featured_media":472057,"comment_status":"closed","ping_status":"closed","sticky":false,"template":"","format":"standard","meta":[],"categories":[64],"tags":[460],"suno_strategy":[],"class_list":["post-589992","post","type-post","status-publish","format-standard","has-post-thumbnail","hentry","category-negocios","tag-embraer-embr3"],"yoast_head":"<!-- This site is optimized with the Yoast SEO plugin v24.4 - https:\/\/yoast.com\/wordpress\/plugins\/seo\/ -->\n<title>Embraer (EMBR3): BTG refor\u00e7a compra ap\u00f3s dados de entregas<\/title>\n<meta name=\"description\" content=\"A Embraer divulgou seus n\u00fameros de entregas do quarto trimestre de 2024, e o BTG Pactual refor\u00e7ou o otimismo com a companhia.\" \/>\n<meta name=\"robots\" content=\"index, follow, max-snippet:-1, max-image-preview:large, max-video-preview:-1\" \/>\n<link rel=\"canonical\" href=\"https:\/\/www.suno.com.br\/noticias\/embraer-embr3-btg-compra-entregas-4t24-gss\/\" \/>\n<meta property=\"og:locale\" content=\"pt_BR\" \/>\n<meta property=\"og:type\" content=\"article\" \/>\n<meta property=\"og:title\" content=\"Embraer (EMBR3): BTG refor\u00e7a compra ap\u00f3s dados de entregas\" \/>\n<meta property=\"og:description\" content=\"A Embraer divulgou seus n\u00fameros de entregas do quarto trimestre de 2024, e o BTG Pactual refor\u00e7ou o otimismo com a companhia.\" \/>\n<meta property=\"og:url\" content=\"https:\/\/www.suno.com.br\/noticias\/embraer-embr3-btg-compra-entregas-4t24-gss\/\" \/>\n<meta property=\"og:site_name\" content=\"Suno Not\u00edcias\" \/>\n<meta property=\"article:publisher\" content=\"https:\/\/facebook.com\/sunoresearch\" \/>\n<meta property=\"og:image\" content=\"https:\/\/files.sunoresearch.com.br\/n\/uploads\/2023\/10\/embraer-embr3.jpg\" \/>\n\t<meta property=\"og:image:width\" content=\"1200\" \/>\n\t<meta property=\"og:image:height\" content=\"800\" \/>\n\t<meta property=\"og:image:type\" content=\"image\/jpeg\" \/>\n<meta name=\"author\" content=\"Guilherme Serrano\" \/>\n<meta name=\"twitter:card\" content=\"summary_large_image\" \/>\n<meta name=\"twitter:creator\" content=\"@sunoresearch\" \/>\n<meta name=\"twitter:site\" content=\"@sunoresearch\" \/>\n<meta name=\"twitter:label1\" content=\"Escrito por\" \/>\n\t<meta name=\"twitter:data1\" content=\"Guilherme Serrano\" \/>\n\t<meta name=\"twitter:label2\" content=\"Est. tempo de leitura\" \/>\n\t<meta name=\"twitter:data2\" content=\"2 minutos\" \/>\n<script type=\"application\/ld+json\" class=\"yoast-schema-graph\">{\"@context\":\"https:\/\/schema.org\",\"@graph\":[{\"@type\":\"NewsArticle\",\"@id\":\"https:\/\/www.suno.com.br\/noticias\/embraer-embr3-btg-compra-entregas-4t24-gss\/#article\",\"isPartOf\":{\"@id\":\"https:\/\/www.suno.com.br\/noticias\/embraer-embr3-btg-compra-entregas-4t24-gss\/\"},\"author\":{\"name\":\"Guilherme Serrano\",\"@id\":\"https:\/\/www.suno.com.br\/noticias\/#\/schema\/person\/d0f07e64bce64aa671feadfb844f04ca\"},\"headline\":\"Embraer (EMBR3): BTG refor\u00e7a compra ap\u00f3s dados de entregas\",\"datePublished\":\"2025-01-08T14:11:23+00:00\",\"dateModified\":\"2025-01-08T14:11:26+00:00\",\"mainEntityOfPage\":{\"@id\":\"https:\/\/www.suno.com.br\/noticias\/embraer-embr3-btg-compra-entregas-4t24-gss\/\"},\"wordCount\":368,\"publisher\":{\"@id\":\"https:\/\/www.suno.com.br\/noticias\/#organization\"},\"image\":{\"@id\":\"https:\/\/www.suno.com.br\/noticias\/embraer-embr3-btg-compra-entregas-4t24-gss\/#primaryimage\"},\"thumbnailUrl\":\"https:\/\/files.sunoresearch.com.br\/n\/uploads\/2023\/10\/embraer-embr3.jpg\",\"keywords\":[\"Embraer (EMBR3)\"],\"articleSection\":[\"Neg\u00f3cios\"],\"inLanguage\":\"pt-BR\"},{\"@type\":\"WebPage\",\"@id\":\"https:\/\/www.suno.com.br\/noticias\/embraer-embr3-btg-compra-entregas-4t24-gss\/\",\"url\":\"https:\/\/www.suno.com.br\/noticias\/embraer-embr3-btg-compra-entregas-4t24-gss\/\",\"name\":\"Embraer (EMBR3): BTG refor\u00e7a compra ap\u00f3s dados de entregas\",\"isPartOf\":{\"@id\":\"https:\/\/www.suno.com.br\/noticias\/#website\"},\"primaryImageOfPage\":{\"@id\":\"https:\/\/www.suno.com.br\/noticias\/embraer-embr3-btg-compra-entregas-4t24-gss\/#primaryimage\"},\"image\":{\"@id\":\"https:\/\/www.suno.com.br\/noticias\/embraer-embr3-btg-compra-entregas-4t24-gss\/#primaryimage\"},\"thumbnailUrl\":\"https:\/\/files.sunoresearch.com.br\/n\/uploads\/2023\/10\/embraer-embr3.jpg\",\"datePublished\":\"2025-01-08T14:11:23+00:00\",\"dateModified\":\"2025-01-08T14:11:26+00:00\",\"description\":\"A Embraer divulgou seus n\u00fameros de entregas do quarto trimestre de 2024, e o BTG Pactual refor\u00e7ou o otimismo com a companhia.\",\"breadcrumb\":{\"@id\":\"https:\/\/www.suno.com.br\/noticias\/embraer-embr3-btg-compra-entregas-4t24-gss\/#breadcrumb\"},\"inLanguage\":\"pt-BR\",\"potentialAction\":[{\"@type\":\"ReadAction\",\"target\":[\"https:\/\/www.suno.com.br\/noticias\/embraer-embr3-btg-compra-entregas-4t24-gss\/\"]}]},{\"@type\":\"ImageObject\",\"inLanguage\":\"pt-BR\",\"@id\":\"https:\/\/www.suno.com.br\/noticias\/embraer-embr3-btg-compra-entregas-4t24-gss\/#primaryimage\",\"url\":\"https:\/\/files.sunoresearch.com.br\/n\/uploads\/2023\/10\/embraer-embr3.jpg\",\"contentUrl\":\"https:\/\/files.sunoresearch.com.br\/n\/uploads\/2023\/10\/embraer-embr3.jpg\",\"width\":1200,\"height\":800},{\"@type\":\"BreadcrumbList\",\"@id\":\"https:\/\/www.suno.com.br\/noticias\/embraer-embr3-btg-compra-entregas-4t24-gss\/#breadcrumb\",\"itemListElement\":[{\"@type\":\"ListItem\",\"position\":1,\"name\":\"Not\u00edcias\",\"item\":\"https:\/\/www.suno.com.br\/noticias\/\"},{\"@type\":\"ListItem\",\"position\":2,\"name\":\"Neg\u00f3cios\",\"item\":\"https:\/\/www.suno.com.br\/noticias\/negocios\/\"},{\"@type\":\"ListItem\",\"position\":3,\"name\":\"Embraer (EMBR3): BTG refor\u00e7a compra ap\u00f3s dados de entregas\"}]},{\"@type\":\"WebSite\",\"@id\":\"https:\/\/www.suno.com.br\/noticias\/#website\",\"url\":\"https:\/\/www.suno.com.br\/noticias\/\",\"name\":\"Suno Not\u00edcias\",\"description\":\"Seu portal de informa\u00e7\u00e3o sobre o mundo dos investimentos\",\"publisher\":{\"@id\":\"https:\/\/www.suno.com.br\/noticias\/#organization\"},\"potentialAction\":[{\"@type\":\"SearchAction\",\"target\":{\"@type\":\"EntryPoint\",\"urlTemplate\":\"https:\/\/www.suno.com.br\/noticias\/?s={search_term_string}\"},\"query-input\":{\"@type\":\"PropertyValueSpecification\",\"valueRequired\":true,\"valueName\":\"search_term_string\"}}],\"inLanguage\":\"pt-BR\"},{\"@type\":\"Organization\",\"@id\":\"https:\/\/www.suno.com.br\/noticias\/#organization\",\"name\":\"Suno Not\u00edcias\",\"url\":\"https:\/\/www.suno.com.br\/noticias\/\",\"logo\":{\"@type\":\"ImageObject\",\"inLanguage\":\"pt-BR\",\"@id\":\"https:\/\/www.suno.com.br\/noticias\/#\/schema\/logo\/image\/\",\"url\":\"https:\/\/files.sunoresearch.com.br\/n\/uploads\/2021\/09\/suno-logo.png\",\"contentUrl\":\"https:\/\/files.sunoresearch.com.br\/n\/uploads\/2021\/09\/suno-logo.png\",\"width\":180,\"height\":180,\"caption\":\"Suno Not\u00edcias\"},\"image\":{\"@id\":\"https:\/\/www.suno.com.br\/noticias\/#\/schema\/logo\/image\/\"},\"sameAs\":[\"https:\/\/facebook.com\/sunoresearch\",\"https:\/\/x.com\/sunoresearch\",\"https:\/\/www.instagram.com\/suno\",\"https:\/\/www.linkedin.com\/company\/suno-research\/\",\"https:\/\/www.youtube.com\/c\/sunoresearch\"]},{\"@type\":\"Person\",\"@id\":\"https:\/\/www.suno.com.br\/noticias\/#\/schema\/person\/d0f07e64bce64aa671feadfb844f04ca\",\"name\":\"Guilherme Serrano\",\"image\":{\"@type\":\"ImageObject\",\"inLanguage\":\"pt-BR\",\"@id\":\"https:\/\/www.suno.com.br\/noticias\/#\/schema\/person\/image\/\",\"url\":\"https:\/\/secure.gravatar.com\/avatar\/a90be19d8c67bef61497e4522de30ac4?s=96&r=g\",\"contentUrl\":\"https:\/\/secure.gravatar.com\/avatar\/a90be19d8c67bef61497e4522de30ac4?s=96&r=g\",\"caption\":\"Guilherme Serrano\"},\"description\":\"Jornalista formado pela Faculdade C\u00e1sper L\u00edbero e p\u00f3s-graduado em Can\u00e7\u00e3o Popular pela Faculdade Santa Marcelina. Passagens por R\u00e1dio Gazeta AM, gazetaesportiva.com e TC R\u00e1dio.\",\"url\":\"https:\/\/www.suno.com.br\/noticias\/author\/guilherme-silvasuno-com-br\/\"}]}<\/script>\n<!-- \/ Yoast SEO plugin. -->","yoast_head_json":{"title":"Embraer (EMBR3): BTG refor\u00e7a compra ap\u00f3s dados de entregas","description":"A Embraer divulgou seus n\u00fameros de entregas do quarto trimestre de 2024, e o BTG Pactual refor\u00e7ou o otimismo com a companhia.","robots":{"index":"index","follow":"follow","max-snippet":"max-snippet:-1","max-image-preview":"max-image-preview:large","max-video-preview":"max-video-preview:-1"},"canonical":"https:\/\/www.suno.com.br\/noticias\/embraer-embr3-btg-compra-entregas-4t24-gss\/","og_locale":"pt_BR","og_type":"article","og_title":"Embraer (EMBR3): BTG refor\u00e7a compra ap\u00f3s dados de entregas","og_description":"A Embraer divulgou seus n\u00fameros de entregas do quarto trimestre de 2024, e o BTG Pactual refor\u00e7ou o otimismo com a companhia.","og_url":"https:\/\/www.suno.com.br\/noticias\/embraer-embr3-btg-compra-entregas-4t24-gss\/","og_site_name":"Suno Not\u00edcias","article_publisher":"https:\/\/facebook.com\/sunoresearch","og_image":[{"width":1200,"height":800,"url":"https:\/\/files.sunoresearch.com.br\/n\/uploads\/2023\/10\/embraer-embr3.jpg","type":"image\/jpeg"}],"author":"Guilherme Serrano","twitter_card":"summary_large_image","twitter_creator":"@sunoresearch","twitter_site":"@sunoresearch","twitter_misc":{"Escrito por":"Guilherme Serrano","Est. tempo de leitura":"2 minutos"},"schema":{"@context":"https:\/\/schema.org","@graph":[{"@type":"NewsArticle","@id":"https:\/\/www.suno.com.br\/noticias\/embraer-embr3-btg-compra-entregas-4t24-gss\/#article","isPartOf":{"@id":"https:\/\/www.suno.com.br\/noticias\/embraer-embr3-btg-compra-entregas-4t24-gss\/"},"author":{"name":"Guilherme Serrano","@id":"https:\/\/www.suno.com.br\/noticias\/#\/schema\/person\/d0f07e64bce64aa671feadfb844f04ca"},"headline":"Embraer (EMBR3): BTG refor\u00e7a compra ap\u00f3s dados de entregas","datePublished":"2025-01-08T14:11:23+00:00","dateModified":"2025-01-08T14:11:26+00:00","mainEntityOfPage":{"@id":"https:\/\/www.suno.com.br\/noticias\/embraer-embr3-btg-compra-entregas-4t24-gss\/"},"wordCount":368,"publisher":{"@id":"https:\/\/www.suno.com.br\/noticias\/#organization"},"image":{"@id":"https:\/\/www.suno.com.br\/noticias\/embraer-embr3-btg-compra-entregas-4t24-gss\/#primaryimage"},"thumbnailUrl":"https:\/\/files.sunoresearch.com.br\/n\/uploads\/2023\/10\/embraer-embr3.jpg","keywords":["Embraer (EMBR3)"],"articleSection":["Neg\u00f3cios"],"inLanguage":"pt-BR"},{"@type":"WebPage","@id":"https:\/\/www.suno.com.br\/noticias\/embraer-embr3-btg-compra-entregas-4t24-gss\/","url":"https:\/\/www.suno.com.br\/noticias\/embraer-embr3-btg-compra-entregas-4t24-gss\/","name":"Embraer (EMBR3): BTG refor\u00e7a compra ap\u00f3s dados de entregas","isPartOf":{"@id":"https:\/\/www.suno.com.br\/noticias\/#website"},"primaryImageOfPage":{"@id":"https:\/\/www.suno.com.br\/noticias\/embraer-embr3-btg-compra-entregas-4t24-gss\/#primaryimage"},"image":{"@id":"https:\/\/www.suno.com.br\/noticias\/embraer-embr3-btg-compra-entregas-4t24-gss\/#primaryimage"},"thumbnailUrl":"https:\/\/files.sunoresearch.com.br\/n\/uploads\/2023\/10\/embraer-embr3.jpg","datePublished":"2025-01-08T14:11:23+00:00","dateModified":"2025-01-08T14:11:26+00:00","description":"A Embraer divulgou seus n\u00fameros de entregas do quarto trimestre de 2024, e o BTG Pactual refor\u00e7ou o otimismo com a companhia.","breadcrumb":{"@id":"https:\/\/www.suno.com.br\/noticias\/embraer-embr3-btg-compra-entregas-4t24-gss\/#breadcrumb"},"inLanguage":"pt-BR","potentialAction":[{"@type":"ReadAction","target":["https:\/\/www.suno.com.br\/noticias\/embraer-embr3-btg-compra-entregas-4t24-gss\/"]}]},{"@type":"ImageObject","inLanguage":"pt-BR","@id":"https:\/\/www.suno.com.br\/noticias\/embraer-embr3-btg-compra-entregas-4t24-gss\/#primaryimage","url":"https:\/\/files.sunoresearch.com.br\/n\/uploads\/2023\/10\/embraer-embr3.jpg","contentUrl":"https:\/\/files.sunoresearch.com.br\/n\/uploads\/2023\/10\/embraer-embr3.jpg","width":1200,"height":800},{"@type":"BreadcrumbList","@id":"https:\/\/www.suno.com.br\/noticias\/embraer-embr3-btg-compra-entregas-4t24-gss\/#breadcrumb","itemListElement":[{"@type":"ListItem","position":1,"name":"Not\u00edcias","item":"https:\/\/www.suno.com.br\/noticias\/"},{"@type":"ListItem","position":2,"name":"Neg\u00f3cios","item":"https:\/\/www.suno.com.br\/noticias\/negocios\/"},{"@type":"ListItem","position":3,"name":"Embraer (EMBR3): BTG refor\u00e7a compra ap\u00f3s dados de entregas"}]},{"@type":"WebSite","@id":"https:\/\/www.suno.com.br\/noticias\/#website","url":"https:\/\/www.suno.com.br\/noticias\/","name":"Suno Not\u00edcias","description":"Seu portal de informa\u00e7\u00e3o sobre o mundo dos investimentos","publisher":{"@id":"https:\/\/www.suno.com.br\/noticias\/#organization"},"potentialAction":[{"@type":"SearchAction","target":{"@type":"EntryPoint","urlTemplate":"https:\/\/www.suno.com.br\/noticias\/?s={search_term_string}"},"query-input":{"@type":"PropertyValueSpecification","valueRequired":true,"valueName":"search_term_string"}}],"inLanguage":"pt-BR"},{"@type":"Organization","@id":"https:\/\/www.suno.com.br\/noticias\/#organization","name":"Suno Not\u00edcias","url":"https:\/\/www.suno.com.br\/noticias\/","logo":{"@type":"ImageObject","inLanguage":"pt-BR","@id":"https:\/\/www.suno.com.br\/noticias\/#\/schema\/logo\/image\/","url":"https:\/\/files.sunoresearch.com.br\/n\/uploads\/2021\/09\/suno-logo.png","contentUrl":"https:\/\/files.sunoresearch.com.br\/n\/uploads\/2021\/09\/suno-logo.png","width":180,"height":180,"caption":"Suno Not\u00edcias"},"image":{"@id":"https:\/\/www.suno.com.br\/noticias\/#\/schema\/logo\/image\/"},"sameAs":["https:\/\/facebook.com\/sunoresearch","https:\/\/x.com\/sunoresearch","https:\/\/www.instagram.com\/suno","https:\/\/www.linkedin.com\/company\/suno-research\/","https:\/\/www.youtube.com\/c\/sunoresearch"]},{"@type":"Person","@id":"https:\/\/www.suno.com.br\/noticias\/#\/schema\/person\/d0f07e64bce64aa671feadfb844f04ca","name":"Guilherme Serrano","image":{"@type":"ImageObject","inLanguage":"pt-BR","@id":"https:\/\/www.suno.com.br\/noticias\/#\/schema\/person\/image\/","url":"https:\/\/secure.gravatar.com\/avatar\/a90be19d8c67bef61497e4522de30ac4?s=96&r=g","contentUrl":"https:\/\/secure.gravatar.com\/avatar\/a90be19d8c67bef61497e4522de30ac4?s=96&r=g","caption":"Guilherme Serrano"},"description":"Jornalista formado pela Faculdade C\u00e1sper L\u00edbero e p\u00f3s-graduado em Can\u00e7\u00e3o Popular pela Faculdade Santa Marcelina. Passagens por R\u00e1dio Gazeta AM, gazetaesportiva.com e TC R\u00e1dio.","url":"https:\/\/www.suno.com.br\/noticias\/author\/guilherme-silvasuno-com-br\/"}]}},"default_loop_html":"<div class=\"cardsPage__listCard__boxs\"><div class=\"cardsPage__listCard__boxs__img\"><a href=\"https:\/\/www.suno.com.br\/noticias\/embraer-embr3-btg-compra-entregas-4t24-gss\/\"><img class=\"mask\" src=\"https:\/\/www.suno.com.br\/noticias\/wp-content\/themes\/suno\/resources\/images\/spotlight\/spotlight1img\/bg-mask.png\" alt=\"Image Mask\"\/><img src=\"https:\/\/files.sunoresearch.com.br\/n\/uploads\/2023\/10\/embraer-embr3-400x200.jpg\" alt=\"Embraer (EMBR3): BTG refor\u00e7a compra ap\u00f3s dados de entregas\"\/><\/a><span class=\"spotlightCategory\"><a href=\"https:\/\/www.suno.com.br\/noticias\/negocios\/\">Neg\u00f3cios<\/a><\/span><\/div><div class=\"cardsPage__listCard__boxs__content\"><a href=\"https:\/\/www.suno.com.br\/noticias\/embraer-embr3-btg-compra-entregas-4t24-gss\/\"><h2 class=\"content__title\">Embraer (EMBR3): BTG refor\u00e7a compra ap\u00f3s dados de entregas<\/h2><\/a><div class=\"newsContent__article__meta\"><div class=\"newsContent__article__meta__authorBox\"><a href=\"https:\/\/www.suno.com.br\/noticias\/author\/guilherme-silvasuno-com-br\/\" class=\"authorBox__avatar noMobi\"><img src=\"https:\/\/secure.gravatar.com\/avatar\/a90be19d8c67bef61497e4522de30ac4?s=96&#038;r=g\" alt=\"Guilherme Serrano\"><\/a><div class=\"authorBox__name\"><span>por\n\t\t\t<a href=\"https:\/\/www.suno.com.br\/noticias\/author\/guilherme-silvasuno-com-br\/\"><span itemprop=\"author\">Guilherme Serrano<\/span><\/a><\/span><time datetime=\"2025-01-08T11:11:23-03:00\" itemprop=\"datePublished\">08\/01\/2025 11:11<\/time><\/div><\/div><\/div><\/div><\/div>","single_layout":"posts","amp_enabled":true,"_links":{"self":[{"href":"https:\/\/www.suno.com.br\/noticias\/wp-json\/wp\/v2\/posts\/589992"}],"collection":[{"href":"https:\/\/www.suno.com.br\/noticias\/wp-json\/wp\/v2\/posts"}],"about":[{"href":"https:\/\/www.suno.com.br\/noticias\/wp-json\/wp\/v2\/types\/post"}],"author":[{"embeddable":true,"href":"https:\/\/www.suno.com.br\/noticias\/wp-json\/wp\/v2\/users\/376"}],"replies":[{"embeddable":true,"href":"https:\/\/www.suno.com.br\/noticias\/wp-json\/wp\/v2\/comments?post=589992"}],"version-history":[{"count":2,"href":"https:\/\/www.suno.com.br\/noticias\/wp-json\/wp\/v2\/posts\/589992\/revisions"}],"predecessor-version":[{"id":589995,"href":"https:\/\/www.suno.com.br\/noticias\/wp-json\/wp\/v2\/posts\/589992\/revisions\/589995"}],"wp:featuredmedia":[{"embeddable":true,"href":"https:\/\/www.suno.com.br\/noticias\/wp-json\/wp\/v2\/media\/472057"}],"wp:attachment":[{"href":"https:\/\/www.suno.com.br\/noticias\/wp-json\/wp\/v2\/media?parent=589992"}],"wp:term":[{"taxonomy":"category","embeddable":true,"href":"https:\/\/www.suno.com.br\/noticias\/wp-json\/wp\/v2\/categories?post=589992"},{"taxonomy":"post_tag","embeddable":true,"href":"https:\/\/www.suno.com.br\/noticias\/wp-json\/wp\/v2\/tags?post=589992"},{"taxonomy":"suno_strategy","embeddable":true,"href":"https:\/\/www.suno.com.br\/noticias\/wp-json\/wp\/v2\/suno_strategy?post=589992"}],"curies":[{"name":"wp","href":"https:\/\/api.w.org\/{rel}","templated":true}]}}