{"id":589873,"date":"2025-01-07T14:36:53","date_gmt":"2025-01-07T17:36:53","guid":{"rendered":"https:\/\/www.suno.com.br\/noticias\/?p=589873"},"modified":"2025-01-07T14:36:56","modified_gmt":"2025-01-07T17:36:56","slug":"petrobras-petr4-reajustar-combustiveis-ec-gss","status":"publish","type":"post","link":"https:\/\/www.suno.com.br\/noticias\/petrobras-petr4-reajustar-combustiveis-ec-gss\/","title":{"rendered":"Com d\u00f3lar em alta, Petrobras (PETR4) vai reajustar combust\u00edveis?"},"content":{"rendered":"<p>Alimentada pela escalada do d\u00f3lar, a defasagem entre os pre\u00e7os praticados pela <strong>Petrobras <\/strong>(<a class=\"suno-keyword\" data-force=\"yes\" data-priority=\"2\" href=\"https:\/\/www.suno.com.br\/analitica\/acoes\/petr4\/\" target=\"_blank\" rel=\"noopener\">PETR4<\/a>) em suas refinarias e as cota\u00e7\u00f5es internacionais dos derivados de petr\u00f3leo acelerou nos \u00faltimos dias, mas isso n\u00e3o coloca a empresa na rota do reajuste, sugerem fontes da empresa e analistas.<\/p>\t<div class=\"wrapper-featured-image\">\n\t\t<figure class=\"spotlightImg\">\n\n\t\t\t<picture>\n\t\t\t\t<source media=\"(max-width: 768px)\" srcset=\"https:\/\/files.sunoresearch.com.br\/n\/uploads\/2024\/07\/iStock-526060147-400x200.jpg\">\n\t\t\t\t<img loading=\"lazy\" decoding=\"async\" class=\"newsContent__article__imgCapa lazyloadDisabled \" src=\"https:\/\/files.sunoresearch.com.br\/n\/uploads\/2024\/07\/iStock-526060147-800x450.jpg\" width=\"800\" height=\"450\" alt=\"Com d\u00f3lar em alta, Petrobras (PETR4) vai reajustar combust\u00edveis?\" fetchpriority=high \/>\n\t\t\t<\/picture>\n\n\t\t\t<figcaption class=\"wp-caption-text wp-caption-text--show\">Gasolina Petrobras. Foto: iStock<\/figcaption>\n\t\t<\/figure>\n\t<\/div>\n\n\n\n\n\n\n\n\t<p>\n\t\t<a href=\"https:\/\/lp.suno.com.br\/planilha-da-vida-financeira\/\" target=\"_blank\" data-element=\"shortcode-suno-banner\" title=\"Banner SUNO, clique e saiba mais\">\n\t\t\t<picture>\n\t\t\t\t<source media=\"(max-width: 500px)\" srcset=\"https:\/\/files.sunoresearch.com.br\/n\/uploads\/2023\/04\/400x300-Planilha-vida-financeira-true.png\">\n\t\t\t\t<img class=\"newsContent__article__imgCapa newsContent__article__imgCapa--banner\"\n\t\t\t\t\tsrc=\"https:\/\/files.sunoresearch.com.br\/n\/uploads\/2023\/04\/1420x240-Planilha-vida-financeira-true.png\"\n\t\t\t\t\tdata-promo-id=\"106682\"\t\t\t\t\t\t\t\t\t\twidth='1420' height='240'\t\t\t\t\talt=\"https:\/\/files.sunoresearch.com.br\/n\/uploads\/2023\/04\/1420x240-Planilha-vida-financeira-true.png\"\n\t\t\t\t>\n\t\t\t<\/picture>\n\t\t<\/a>\n\t<\/p>\n\n\n\n\n\n<p>Segundo a Associa\u00e7\u00e3o Brasileira dos Importadores de Combust\u00edveis (<strong>Abicom<\/strong>), o pre\u00e7o do <strong>diesel da Petrobras <\/strong>est\u00e1 16% ou R$ 0,56 por litro abaixo do praticado no mercado internacional. <\/p>\n\n\n\n<p>Na sexta-feira passada, havia alcan\u00e7ado 19%, n\u00edvel observado pela \u00faltima vez em 3 de julho do ano passado. \u00c0 \u00e9poca, a estatal n\u00e3o reajustou os pre\u00e7os do combust\u00edvel.<\/p>\n\n\n\n<p>A defasagem da <strong>gasolina da Petrobras<\/strong> medida pela Abicom est\u00e1 em 11% ou R$ 0,32 por litro atualmente. Mas, da \u00faltima vez em que a companhia aumentou o pre\u00e7o do combust\u00edvel, em julho do ano passado, os pre\u00e7os estavam cerca de 20% menores que os praticados no exterior.<\/p>\n\n\n\n<p>Desde ent\u00e3o, a Petrobras n\u00e3o aumentou mais os pre\u00e7os. E, no momento, a tend\u00eancia \u00e9 que siga sem alterar os pre\u00e7os. A explica\u00e7\u00e3o est\u00e1 na cota\u00e7\u00e3o do barril do tipo <strong>Brent<\/strong>, que segue flutuando perto dos US$ 75, pre\u00e7o inferior \u00e0 m\u00e9dia de anos anteriores. Assim como o <strong>d\u00f3lar<\/strong>, o pre\u00e7o do barril \u00e9 um dos par\u00e2metros que influenciam a precifica\u00e7\u00e3o.<\/p>\n\n\n\n<p>Em que pese a valoriza\u00e7\u00e3o nos \u00faltimos dias, que levou o Brent a US$ 76,5 no fim da sess\u00e3o desta segunda-feira (06), a perspectiva da Petrobras e de analistas \u00e9 que esse pre\u00e7o permane\u00e7a est\u00e1vel ou caia ainda mais em 2025, compensando descolamentos ainda maiores do d\u00f3lar.<\/p>\n\n\n\n<p>Em entrevista ao <i>Broadcast<\/i> (sistema de not\u00edcias em tempo real do Grupo Estado) em 31 de dezembro, o diretor financeiro da Petrobras, Fernando <strong>Melgarejo<\/strong>, indicou n\u00e3o haver inclina\u00e7\u00e3o em mexer nos pre\u00e7os no momento. Questionado sobre o efeito d\u00f3lar sobre os pre\u00e7os da estatal, ele disse &#8220;n\u00e3o haver correria para reajustar&#8221;. &#8220;Consideramos que n\u00e3o h\u00e1 necessidade de ajuste de pre\u00e7o. A gente est\u00e1 num patamar confort\u00e1vel e seguindo a pol\u00edtica de comercializa\u00e7\u00e3o&#8221;, afirmou.<\/p>\n\n\n\n<p>Naqueles dias, a diferen\u00e7a entre o <strong>PPI <\/strong>e os pre\u00e7os Petrobras girava em torno de 13% e 15%, segundo a Abicom.<\/p>\n\n\n\n<p>Melgarejo disse, ainda, que &#8220;est\u00e1 cedo&#8221; para assumir um novo patamar para o d\u00f3lar. No mais, lembrou que a Petrobras precisa praticar pre\u00e7os competitivos para n\u00e3o perder share de mercado, citando o <strong>etanol<\/strong>, concorrente natural da <strong>gasolina<\/strong>, e os <strong>combust\u00edveis<\/strong> trazidos para o Pa\u00eds por importadores.<\/p>\n\n\n\t<p>\n\t\t<a href=\"https:\/\/lp.suno.com.br\/ebook-como-analisar-uma-acao\/\" target=\"_blank\" data-element=\"shortcode-suno-banner\" title=\"Banner SUNO, clique e saiba mais\">\n\t\t\t<picture>\n\t\t\t\t<source media=\"(max-width: 500px)\" srcset=\"https:\/\/files.sunoresearch.com.br\/n\/uploads\/2023\/03\/Ebook-Acoes-Mobile.jpg\">\n\t\t\t\t<img class=\"newsContent__article__imgCapa newsContent__article__imgCapa--banner\"\n\t\t\t\t\tsrc=\"https:\/\/files.sunoresearch.com.br\/n\/uploads\/2023\/03\/Ebook-Acoes-Desktop.jpg\"\n\t\t\t\t\tdata-promo-id=\"378302\"\t\t\t\t\t\t\t\t\t\twidth='1420' height='286'\t\t\t\t\talt=\"https:\/\/files.sunoresearch.com.br\/n\/uploads\/2023\/03\/Ebook-Acoes-Desktop.jpg\"\n\t\t\t\t>\n\t\t\t<\/picture>\n\t\t<\/a>\n\t<\/p>\n\n\n\n\n\n<h2 class=\"wp-block-heading\"><b>Discord\u00e2ncia <\/b><\/h2>\n\n\n\n<p>A Petrobras questiona o m\u00e9todo da Abicom para calcular a defasagem dos pre\u00e7os. A companhia alega ter maior escala do que importadores de pequeno e m\u00e9dio porte; que o PPI da Abicom \u00e9 baseado nos pre\u00e7os do Golfo do M\u00e9xico (EUA), enquanto o mercado brasileiro segue inundado por diesel russo mais barato; e que os n\u00fameros usam par\u00e2metros que n\u00e3o se aplicam \u00e0 realidade da estatal, como frete internacional.<\/p>\n\n\n\n<p>A varia\u00e7\u00e3o desse c\u00e1lculo caso a caso tanto \u00e9 verdadeira que a consultoria StoneX criou o PPI Golfo e o PPI m\u00ednimo, que considera pre\u00e7os de outras origens, como a russa. Na segunda-feira, conforme o PPI Golfo da StoneX, a defasagem do diesel era de 16% ou R$ 56 centavos, mas cai para 9,5% ou R$ 0,33 no PPI m\u00ednimo. No caso da gasolina, em que o Golfo ainda \u00e9 preponderante, essa defasagem era de 11,9% ou R$ 0,35.<\/p>\n\n\n\n<p>Uma fonte da Petrobras chega a contestar a tese de defasagem. &#8220;N\u00e3o se pode assumir que h\u00e1 defasagem. A gente n\u00e3o d\u00e1 essa informa\u00e7\u00e3o. \u00c9 preciso ter cuidado com isso&#8221;, diz.<\/p>\n\n\n\n<h2 class=\"wp-block-heading\"><b>Brent em queda<\/b><\/h2>\n\n\n\n<p>O diretor do Centro Brasileiro de Infraestrutura (CBIE), Bruno Pascon, prev\u00ea &#8220;mar calmo&#8221; para a precifica\u00e7\u00e3o de derivados da Petrobras em 2025.<\/p>\n\n\n\n<p>&#8220;Esse d\u00f3lar traz sim press\u00e3o de reajuste para o <strong>pre\u00e7o da Petrobras<\/strong>. Virou o ano acima dos R$ 6,00, valoriza\u00e7\u00e3o perto dos 20% no ano, e pode perdurar. \u00c9 uma inc\u00f3gnita onde isso vai parar. Mas, o que j\u00e1 trouxe al\u00edvio ao Jean Paul (Prates) e continua para a Magda (Chambriard) \u00e9 um pre\u00e7o de petr\u00f3leo mais baixo&#8221;, diz Pascon.<\/p>\n\n\n\n<p>Tudo leva a crer que vai ser um ano de tranquilidade para a commodity, com pre\u00e7o (do Brent) entre US$ 70 e US$ 80 por barril, o que n\u00e3o traz press\u00e3o de reajuste (para combust\u00edveis)&#8221;, continua o especialista.<\/p>\n\n\n\n<p>Segundo o especialista, o CBIE tem rebaixado as estimativas para o <a class=\"suno-keyword\" target=\"_blank\" data-force=\"no\" data-priority=\"1\" href=\"https:\/\/www.suno.com.br\/artigos\/preco-medio\/\" rel=\"noopener\">pre\u00e7o m\u00e9dio<\/a> anual do Brent, que j\u00e1 foi de US$ 85, caiu para US$ 79 e agora j\u00e1 est\u00e1 em US$ 75 por barril, muito em fun\u00e7\u00e3o da demanda chinesa menor e da transi\u00e7\u00e3o energ\u00e9tica em velocidade maior que a esperada no pa\u00eds asi\u00e1tico.<\/p>\n\n\n\n<p>O analista de Intelig\u00eancia de Mercado da StoneX, Bruno Cordeiro, faz coro. &#8220;O d\u00f3lar tem se comportado de maneira bem inesperada e n\u00e3o \u00e9 poss\u00edvel definir expectativas, mas no caso do Brent h\u00e1 sim uma tend\u00eancia de desacelera\u00e7\u00e3o, com um entendimento de que uma demanda global menor vai exercer press\u00f5es baixistas nas cota\u00e7\u00f5es&#8221;, disse Cordeiro, que prefere n\u00e3o comentar a precifica\u00e7\u00e3o da <strong>Petrobras<\/strong>.<\/p>\n\n\n\n<p><em>Com Estad\u00e3o Conte\u00fado<\/em><\/p>\n\n\n\t<p>\n\t\t<a href=\"https:\/\/lp.suno.com.br\/planilha-da-vida-financeira\/\" target=\"_blank\" data-element=\"shortcode-suno-banner\" title=\"Banner SUNO, clique e saiba mais\">\n\t\t\t<picture>\n\t\t\t\t<source media=\"(max-width: 500px)\" srcset=\"https:\/\/files.sunoresearch.com.br\/n\/uploads\/2023\/04\/400x300-Planilha-vida-financeira-true.png\">\n\t\t\t\t<img class=\"newsContent__article__imgCapa newsContent__article__imgCapa--banner\"\n\t\t\t\t\tsrc=\"https:\/\/files.sunoresearch.com.br\/n\/uploads\/2023\/04\/1420x240-Planilha-vida-financeira-true.png\"\n\t\t\t\t\tdata-promo-id=\"383123\"\t\t\t\t\t\t\t\t\t\twidth='1420' height='240'\t\t\t\t\talt=\"https:\/\/files.sunoresearch.com.br\/n\/uploads\/2023\/04\/1420x240-Planilha-vida-financeira-true.png\"\n\t\t\t\t>\n\t\t\t<\/picture>\n\t\t<\/a>\n\t<\/p>\n\n\n","protected":false},"excerpt":{"rendered":"<p>Alimentada pela escalada do d\u00f3lar, a defasagem entre os pre\u00e7os praticados pela Petrobras (PETR4) em suas refinarias e as cota\u00e7\u00f5es internacionais dos derivados de petr\u00f3leo acelerou nos \u00faltimos dias, mas isso n\u00e3o coloca a empresa na rota do reajuste, sugerem fontes da empresa e analistas. Gasolina Petrobras. Foto: iStock Segundo a Associa\u00e7\u00e3o Brasileira dos Importadores [&hellip;]<\/p>\n","protected":false},"author":43,"featured_media":565510,"comment_status":"closed","ping_status":"closed","sticky":false,"template":"","format":"standard","meta":[],"categories":[64],"tags":[595],"suno_strategy":[],"class_list":["post-589873","post","type-post","status-publish","format-standard","has-post-thumbnail","hentry","category-negocios","tag-petrobras-petr4"],"yoast_head":"<!-- This site is optimized with the Yoast SEO plugin v24.4 - https:\/\/yoast.com\/wordpress\/plugins\/seo\/ -->\n<title>Com d\u00f3lar em alta, Petrobras (PETR4) vai reajustar combust\u00edveis?<\/title>\n<meta name=\"description\" content=\"A escalada do d\u00f3lar traz questionamentos sobre a atual pol\u00edtica de precifica\u00e7\u00e3o da Petrobras. Clique para entender mais.\" \/>\n<meta name=\"robots\" content=\"index, follow, max-snippet:-1, max-image-preview:large, max-video-preview:-1\" \/>\n<link rel=\"canonical\" href=\"https:\/\/www.suno.com.br\/noticias\/petrobras-petr4-reajustar-combustiveis-ec-gss\/\" \/>\n<meta property=\"og:locale\" content=\"pt_BR\" \/>\n<meta property=\"og:type\" content=\"article\" \/>\n<meta property=\"og:title\" content=\"Com d\u00f3lar em alta, Petrobras (PETR4) vai reajustar combust\u00edveis?\" \/>\n<meta property=\"og:description\" content=\"A escalada do d\u00f3lar traz questionamentos sobre a atual pol\u00edtica de precifica\u00e7\u00e3o da Petrobras. Clique para entender mais.\" \/>\n<meta property=\"og:url\" content=\"https:\/\/www.suno.com.br\/noticias\/petrobras-petr4-reajustar-combustiveis-ec-gss\/\" \/>\n<meta property=\"og:site_name\" content=\"Suno Not\u00edcias\" \/>\n<meta property=\"article:publisher\" content=\"https:\/\/facebook.com\/sunoresearch\" \/>\n<meta property=\"article:author\" content=\"https:\/\/www.facebook.com\/sunonoticias\/\" \/>\n<meta property=\"og:image\" content=\"https:\/\/files.sunoresearch.com.br\/n\/uploads\/2024\/07\/iStock-526060147.jpg\" \/>\n\t<meta property=\"og:image:width\" content=\"1254\" \/>\n\t<meta property=\"og:image:height\" content=\"836\" \/>\n\t<meta property=\"og:image:type\" content=\"image\/jpeg\" \/>\n<meta name=\"author\" content=\"Reda\u00e7\u00e3o Suno Not\u00edcias\" \/>\n<meta name=\"twitter:card\" content=\"summary_large_image\" \/>\n<meta name=\"twitter:creator\" content=\"@https:\/\/twitter.com\/sunoresearch\" \/>\n<meta name=\"twitter:site\" content=\"@sunoresearch\" \/>\n<meta name=\"twitter:label1\" content=\"Escrito por\" \/>\n\t<meta name=\"twitter:data1\" content=\"Reda\u00e7\u00e3o Suno Not\u00edcias\" \/>\n\t<meta name=\"twitter:label2\" content=\"Est. tempo de leitura\" \/>\n\t<meta name=\"twitter:data2\" content=\"5 minutos\" \/>\n<script type=\"application\/ld+json\" class=\"yoast-schema-graph\">{\"@context\":\"https:\/\/schema.org\",\"@graph\":[{\"@type\":\"NewsArticle\",\"@id\":\"https:\/\/www.suno.com.br\/noticias\/petrobras-petr4-reajustar-combustiveis-ec-gss\/#article\",\"isPartOf\":{\"@id\":\"https:\/\/www.suno.com.br\/noticias\/petrobras-petr4-reajustar-combustiveis-ec-gss\/\"},\"author\":{\"name\":\"Reda\u00e7\u00e3o Suno Not\u00edcias\",\"@id\":\"https:\/\/www.suno.com.br\/noticias\/#\/schema\/person\/c1b1bd3727fa852bd045e9dbff3673ea\"},\"headline\":\"Com d\u00f3lar em alta, Petrobras (PETR4) vai reajustar combust\u00edveis?\",\"datePublished\":\"2025-01-07T17:36:53+00:00\",\"dateModified\":\"2025-01-07T17:36:56+00:00\",\"mainEntityOfPage\":{\"@id\":\"https:\/\/www.suno.com.br\/noticias\/petrobras-petr4-reajustar-combustiveis-ec-gss\/\"},\"wordCount\":903,\"publisher\":{\"@id\":\"https:\/\/www.suno.com.br\/noticias\/#organization\"},\"image\":{\"@id\":\"https:\/\/www.suno.com.br\/noticias\/petrobras-petr4-reajustar-combustiveis-ec-gss\/#primaryimage\"},\"thumbnailUrl\":\"https:\/\/files.sunoresearch.com.br\/n\/uploads\/2024\/07\/iStock-526060147.jpg\",\"keywords\":[\"Petrobras (PETR4)\"],\"articleSection\":[\"Neg\u00f3cios\"],\"inLanguage\":\"pt-BR\"},{\"@type\":\"WebPage\",\"@id\":\"https:\/\/www.suno.com.br\/noticias\/petrobras-petr4-reajustar-combustiveis-ec-gss\/\",\"url\":\"https:\/\/www.suno.com.br\/noticias\/petrobras-petr4-reajustar-combustiveis-ec-gss\/\",\"name\":\"Com d\u00f3lar em alta, Petrobras (PETR4) vai reajustar combust\u00edveis?\",\"isPartOf\":{\"@id\":\"https:\/\/www.suno.com.br\/noticias\/#website\"},\"primaryImageOfPage\":{\"@id\":\"https:\/\/www.suno.com.br\/noticias\/petrobras-petr4-reajustar-combustiveis-ec-gss\/#primaryimage\"},\"image\":{\"@id\":\"https:\/\/www.suno.com.br\/noticias\/petrobras-petr4-reajustar-combustiveis-ec-gss\/#primaryimage\"},\"thumbnailUrl\":\"https:\/\/files.sunoresearch.com.br\/n\/uploads\/2024\/07\/iStock-526060147.jpg\",\"datePublished\":\"2025-01-07T17:36:53+00:00\",\"dateModified\":\"2025-01-07T17:36:56+00:00\",\"description\":\"A escalada do d\u00f3lar traz questionamentos sobre a atual pol\u00edtica de precifica\u00e7\u00e3o da Petrobras. Clique para entender mais.\",\"breadcrumb\":{\"@id\":\"https:\/\/www.suno.com.br\/noticias\/petrobras-petr4-reajustar-combustiveis-ec-gss\/#breadcrumb\"},\"inLanguage\":\"pt-BR\",\"potentialAction\":[{\"@type\":\"ReadAction\",\"target\":[\"https:\/\/www.suno.com.br\/noticias\/petrobras-petr4-reajustar-combustiveis-ec-gss\/\"]}]},{\"@type\":\"ImageObject\",\"inLanguage\":\"pt-BR\",\"@id\":\"https:\/\/www.suno.com.br\/noticias\/petrobras-petr4-reajustar-combustiveis-ec-gss\/#primaryimage\",\"url\":\"https:\/\/files.sunoresearch.com.br\/n\/uploads\/2024\/07\/iStock-526060147.jpg\",\"contentUrl\":\"https:\/\/files.sunoresearch.com.br\/n\/uploads\/2024\/07\/iStock-526060147.jpg\",\"width\":1254,\"height\":836,\"caption\":\"Gasolina Petrobras. Foto: iStock\"},{\"@type\":\"BreadcrumbList\",\"@id\":\"https:\/\/www.suno.com.br\/noticias\/petrobras-petr4-reajustar-combustiveis-ec-gss\/#breadcrumb\",\"itemListElement\":[{\"@type\":\"ListItem\",\"position\":1,\"name\":\"Not\u00edcias\",\"item\":\"https:\/\/www.suno.com.br\/noticias\/\"},{\"@type\":\"ListItem\",\"position\":2,\"name\":\"Neg\u00f3cios\",\"item\":\"https:\/\/www.suno.com.br\/noticias\/negocios\/\"},{\"@type\":\"ListItem\",\"position\":3,\"name\":\"Com d\u00f3lar em alta, Petrobras (PETR4) vai reajustar combust\u00edveis?\"}]},{\"@type\":\"WebSite\",\"@id\":\"https:\/\/www.suno.com.br\/noticias\/#website\",\"url\":\"https:\/\/www.suno.com.br\/noticias\/\",\"name\":\"Suno Not\u00edcias\",\"description\":\"Seu portal de informa\u00e7\u00e3o sobre o mundo dos investimentos\",\"publisher\":{\"@id\":\"https:\/\/www.suno.com.br\/noticias\/#organization\"},\"potentialAction\":[{\"@type\":\"SearchAction\",\"target\":{\"@type\":\"EntryPoint\",\"urlTemplate\":\"https:\/\/www.suno.com.br\/noticias\/?s={search_term_string}\"},\"query-input\":{\"@type\":\"PropertyValueSpecification\",\"valueRequired\":true,\"valueName\":\"search_term_string\"}}],\"inLanguage\":\"pt-BR\"},{\"@type\":\"Organization\",\"@id\":\"https:\/\/www.suno.com.br\/noticias\/#organization\",\"name\":\"Suno Not\u00edcias\",\"url\":\"https:\/\/www.suno.com.br\/noticias\/\",\"logo\":{\"@type\":\"ImageObject\",\"inLanguage\":\"pt-BR\",\"@id\":\"https:\/\/www.suno.com.br\/noticias\/#\/schema\/logo\/image\/\",\"url\":\"https:\/\/files.sunoresearch.com.br\/n\/uploads\/2021\/09\/suno-logo.png\",\"contentUrl\":\"https:\/\/files.sunoresearch.com.br\/n\/uploads\/2021\/09\/suno-logo.png\",\"width\":180,\"height\":180,\"caption\":\"Suno Not\u00edcias\"},\"image\":{\"@id\":\"https:\/\/www.suno.com.br\/noticias\/#\/schema\/logo\/image\/\"},\"sameAs\":[\"https:\/\/facebook.com\/sunoresearch\",\"https:\/\/x.com\/sunoresearch\",\"https:\/\/www.instagram.com\/suno\",\"https:\/\/www.linkedin.com\/company\/suno-research\/\",\"https:\/\/www.youtube.com\/c\/sunoresearch\"]},{\"@type\":\"Person\",\"@id\":\"https:\/\/www.suno.com.br\/noticias\/#\/schema\/person\/c1b1bd3727fa852bd045e9dbff3673ea\",\"name\":\"Reda\u00e7\u00e3o Suno Not\u00edcias\",\"image\":{\"@type\":\"ImageObject\",\"inLanguage\":\"pt-BR\",\"@id\":\"https:\/\/www.suno.com.br\/noticias\/#\/schema\/person\/image\/\",\"url\":\"https:\/\/secure.gravatar.com\/avatar\/b8104b9b5a71985d5238ee59fbe418af?s=96&r=g\",\"contentUrl\":\"https:\/\/secure.gravatar.com\/avatar\/b8104b9b5a71985d5238ee59fbe418af?s=96&r=g\",\"caption\":\"Reda\u00e7\u00e3o Suno Not\u00edcias\"},\"description\":\"O Suno Not\u00edcias \u00e9 um portal de informa\u00e7\u00f5es sobre Mercado Financeiro, Pol\u00edtica, Neg\u00f3cios, Economia e Finan\u00e7as Pessoais.\",\"sameAs\":[\"https:\/\/www.suno.com.br\/noticias\",\"https:\/\/www.facebook.com\/sunonoticias\/\",\"https:\/\/www.instagram.com\/sunonoticias\/\",\"https:\/\/x.com\/https:\/\/twitter.com\/sunoresearch\",\"https:\/\/www.youtube.com\/sunonoticias\"],\"url\":\"https:\/\/www.suno.com.br\/noticias\/author\/redacao-suno\/\"}]}<\/script>\n<!-- \/ Yoast SEO plugin. -->","yoast_head_json":{"title":"Com d\u00f3lar em alta, Petrobras (PETR4) vai reajustar combust\u00edveis?","description":"A escalada do d\u00f3lar traz questionamentos sobre a atual pol\u00edtica de precifica\u00e7\u00e3o da Petrobras. Clique para entender mais.","robots":{"index":"index","follow":"follow","max-snippet":"max-snippet:-1","max-image-preview":"max-image-preview:large","max-video-preview":"max-video-preview:-1"},"canonical":"https:\/\/www.suno.com.br\/noticias\/petrobras-petr4-reajustar-combustiveis-ec-gss\/","og_locale":"pt_BR","og_type":"article","og_title":"Com d\u00f3lar em alta, Petrobras (PETR4) vai reajustar combust\u00edveis?","og_description":"A escalada do d\u00f3lar traz questionamentos sobre a atual pol\u00edtica de precifica\u00e7\u00e3o da Petrobras. Clique para entender mais.","og_url":"https:\/\/www.suno.com.br\/noticias\/petrobras-petr4-reajustar-combustiveis-ec-gss\/","og_site_name":"Suno Not\u00edcias","article_publisher":"https:\/\/facebook.com\/sunoresearch","article_author":"https:\/\/www.facebook.com\/sunonoticias\/","og_image":[{"width":1254,"height":836,"url":"https:\/\/files.sunoresearch.com.br\/n\/uploads\/2024\/07\/iStock-526060147.jpg","type":"image\/jpeg"}],"author":"Reda\u00e7\u00e3o Suno Not\u00edcias","twitter_card":"summary_large_image","twitter_creator":"@https:\/\/twitter.com\/sunoresearch","twitter_site":"@sunoresearch","twitter_misc":{"Escrito por":"Reda\u00e7\u00e3o Suno Not\u00edcias","Est. tempo de leitura":"5 minutos"},"schema":{"@context":"https:\/\/schema.org","@graph":[{"@type":"NewsArticle","@id":"https:\/\/www.suno.com.br\/noticias\/petrobras-petr4-reajustar-combustiveis-ec-gss\/#article","isPartOf":{"@id":"https:\/\/www.suno.com.br\/noticias\/petrobras-petr4-reajustar-combustiveis-ec-gss\/"},"author":{"name":"Reda\u00e7\u00e3o Suno Not\u00edcias","@id":"https:\/\/www.suno.com.br\/noticias\/#\/schema\/person\/c1b1bd3727fa852bd045e9dbff3673ea"},"headline":"Com d\u00f3lar em alta, Petrobras (PETR4) vai reajustar combust\u00edveis?","datePublished":"2025-01-07T17:36:53+00:00","dateModified":"2025-01-07T17:36:56+00:00","mainEntityOfPage":{"@id":"https:\/\/www.suno.com.br\/noticias\/petrobras-petr4-reajustar-combustiveis-ec-gss\/"},"wordCount":903,"publisher":{"@id":"https:\/\/www.suno.com.br\/noticias\/#organization"},"image":{"@id":"https:\/\/www.suno.com.br\/noticias\/petrobras-petr4-reajustar-combustiveis-ec-gss\/#primaryimage"},"thumbnailUrl":"https:\/\/files.sunoresearch.com.br\/n\/uploads\/2024\/07\/iStock-526060147.jpg","keywords":["Petrobras (PETR4)"],"articleSection":["Neg\u00f3cios"],"inLanguage":"pt-BR"},{"@type":"WebPage","@id":"https:\/\/www.suno.com.br\/noticias\/petrobras-petr4-reajustar-combustiveis-ec-gss\/","url":"https:\/\/www.suno.com.br\/noticias\/petrobras-petr4-reajustar-combustiveis-ec-gss\/","name":"Com d\u00f3lar em alta, Petrobras (PETR4) vai reajustar combust\u00edveis?","isPartOf":{"@id":"https:\/\/www.suno.com.br\/noticias\/#website"},"primaryImageOfPage":{"@id":"https:\/\/www.suno.com.br\/noticias\/petrobras-petr4-reajustar-combustiveis-ec-gss\/#primaryimage"},"image":{"@id":"https:\/\/www.suno.com.br\/noticias\/petrobras-petr4-reajustar-combustiveis-ec-gss\/#primaryimage"},"thumbnailUrl":"https:\/\/files.sunoresearch.com.br\/n\/uploads\/2024\/07\/iStock-526060147.jpg","datePublished":"2025-01-07T17:36:53+00:00","dateModified":"2025-01-07T17:36:56+00:00","description":"A escalada do d\u00f3lar traz questionamentos sobre a atual pol\u00edtica de precifica\u00e7\u00e3o da Petrobras. Clique para entender mais.","breadcrumb":{"@id":"https:\/\/www.suno.com.br\/noticias\/petrobras-petr4-reajustar-combustiveis-ec-gss\/#breadcrumb"},"inLanguage":"pt-BR","potentialAction":[{"@type":"ReadAction","target":["https:\/\/www.suno.com.br\/noticias\/petrobras-petr4-reajustar-combustiveis-ec-gss\/"]}]},{"@type":"ImageObject","inLanguage":"pt-BR","@id":"https:\/\/www.suno.com.br\/noticias\/petrobras-petr4-reajustar-combustiveis-ec-gss\/#primaryimage","url":"https:\/\/files.sunoresearch.com.br\/n\/uploads\/2024\/07\/iStock-526060147.jpg","contentUrl":"https:\/\/files.sunoresearch.com.br\/n\/uploads\/2024\/07\/iStock-526060147.jpg","width":1254,"height":836,"caption":"Gasolina Petrobras. Foto: iStock"},{"@type":"BreadcrumbList","@id":"https:\/\/www.suno.com.br\/noticias\/petrobras-petr4-reajustar-combustiveis-ec-gss\/#breadcrumb","itemListElement":[{"@type":"ListItem","position":1,"name":"Not\u00edcias","item":"https:\/\/www.suno.com.br\/noticias\/"},{"@type":"ListItem","position":2,"name":"Neg\u00f3cios","item":"https:\/\/www.suno.com.br\/noticias\/negocios\/"},{"@type":"ListItem","position":3,"name":"Com d\u00f3lar em alta, Petrobras (PETR4) vai reajustar combust\u00edveis?"}]},{"@type":"WebSite","@id":"https:\/\/www.suno.com.br\/noticias\/#website","url":"https:\/\/www.suno.com.br\/noticias\/","name":"Suno Not\u00edcias","description":"Seu portal de informa\u00e7\u00e3o sobre o mundo dos investimentos","publisher":{"@id":"https:\/\/www.suno.com.br\/noticias\/#organization"},"potentialAction":[{"@type":"SearchAction","target":{"@type":"EntryPoint","urlTemplate":"https:\/\/www.suno.com.br\/noticias\/?s={search_term_string}"},"query-input":{"@type":"PropertyValueSpecification","valueRequired":true,"valueName":"search_term_string"}}],"inLanguage":"pt-BR"},{"@type":"Organization","@id":"https:\/\/www.suno.com.br\/noticias\/#organization","name":"Suno Not\u00edcias","url":"https:\/\/www.suno.com.br\/noticias\/","logo":{"@type":"ImageObject","inLanguage":"pt-BR","@id":"https:\/\/www.suno.com.br\/noticias\/#\/schema\/logo\/image\/","url":"https:\/\/files.sunoresearch.com.br\/n\/uploads\/2021\/09\/suno-logo.png","contentUrl":"https:\/\/files.sunoresearch.com.br\/n\/uploads\/2021\/09\/suno-logo.png","width":180,"height":180,"caption":"Suno Not\u00edcias"},"image":{"@id":"https:\/\/www.suno.com.br\/noticias\/#\/schema\/logo\/image\/"},"sameAs":["https:\/\/facebook.com\/sunoresearch","https:\/\/x.com\/sunoresearch","https:\/\/www.instagram.com\/suno","https:\/\/www.linkedin.com\/company\/suno-research\/","https:\/\/www.youtube.com\/c\/sunoresearch"]},{"@type":"Person","@id":"https:\/\/www.suno.com.br\/noticias\/#\/schema\/person\/c1b1bd3727fa852bd045e9dbff3673ea","name":"Reda\u00e7\u00e3o Suno Not\u00edcias","image":{"@type":"ImageObject","inLanguage":"pt-BR","@id":"https:\/\/www.suno.com.br\/noticias\/#\/schema\/person\/image\/","url":"https:\/\/secure.gravatar.com\/avatar\/b8104b9b5a71985d5238ee59fbe418af?s=96&r=g","contentUrl":"https:\/\/secure.gravatar.com\/avatar\/b8104b9b5a71985d5238ee59fbe418af?s=96&r=g","caption":"Reda\u00e7\u00e3o Suno Not\u00edcias"},"description":"O Suno Not\u00edcias \u00e9 um portal de informa\u00e7\u00f5es sobre Mercado Financeiro, Pol\u00edtica, Neg\u00f3cios, Economia e Finan\u00e7as Pessoais.","sameAs":["https:\/\/www.suno.com.br\/noticias","https:\/\/www.facebook.com\/sunonoticias\/","https:\/\/www.instagram.com\/sunonoticias\/","https:\/\/x.com\/https:\/\/twitter.com\/sunoresearch","https:\/\/www.youtube.com\/sunonoticias"],"url":"https:\/\/www.suno.com.br\/noticias\/author\/redacao-suno\/"}]}},"default_loop_html":"<div class=\"cardsPage__listCard__boxs\"><div class=\"cardsPage__listCard__boxs__img\"><a href=\"https:\/\/www.suno.com.br\/noticias\/petrobras-petr4-reajustar-combustiveis-ec-gss\/\"><img class=\"mask\" src=\"https:\/\/www.suno.com.br\/noticias\/wp-content\/themes\/suno\/resources\/images\/spotlight\/spotlight1img\/bg-mask.png\" alt=\"Image Mask\"\/><img src=\"https:\/\/files.sunoresearch.com.br\/n\/uploads\/2024\/07\/iStock-526060147-400x200.jpg\" alt=\"Com d\u00f3lar em alta, Petrobras (PETR4) vai reajustar combust\u00edveis?\"\/><\/a><span class=\"spotlightCategory\"><a href=\"https:\/\/www.suno.com.br\/noticias\/negocios\/\">Neg\u00f3cios<\/a><\/span><\/div><div class=\"cardsPage__listCard__boxs__content\"><a href=\"https:\/\/www.suno.com.br\/noticias\/petrobras-petr4-reajustar-combustiveis-ec-gss\/\"><h2 class=\"content__title\">Com d\u00f3lar em alta, Petrobras (PETR4) vai reajustar combust\u00edveis?<\/h2><\/a><div class=\"newsContent__article__meta\"><div class=\"newsContent__article__meta__authorBox\"><a href=\"https:\/\/www.suno.com.br\/noticias\/author\/redacao-suno\/\" class=\"authorBox__avatar noMobi\"><img src=\"https:\/\/files.sunoresearch.com.br\/n\/uploads\/2020\/08\/0ace682d-redacao-1-150x150.webp\" alt=\"Reda\u00e7\u00e3o Suno Not\u00edcias\"><\/a><div class=\"authorBox__name\"><span>por\n\t\t\t<a href=\"https:\/\/www.suno.com.br\/noticias\/author\/redacao-suno\/\"><span itemprop=\"author\">Reda\u00e7\u00e3o Suno Not\u00edcias<\/span><\/a><\/span><time datetime=\"2025-01-07T14:36:53-03:00\" itemprop=\"datePublished\">07\/01\/2025 14:36<\/time><\/div><\/div><\/div><\/div><\/div>","single_layout":"posts","amp_enabled":true,"_links":{"self":[{"href":"https:\/\/www.suno.com.br\/noticias\/wp-json\/wp\/v2\/posts\/589873"}],"collection":[{"href":"https:\/\/www.suno.com.br\/noticias\/wp-json\/wp\/v2\/posts"}],"about":[{"href":"https:\/\/www.suno.com.br\/noticias\/wp-json\/wp\/v2\/types\/post"}],"author":[{"embeddable":true,"href":"https:\/\/www.suno.com.br\/noticias\/wp-json\/wp\/v2\/users\/43"}],"replies":[{"embeddable":true,"href":"https:\/\/www.suno.com.br\/noticias\/wp-json\/wp\/v2\/comments?post=589873"}],"version-history":[{"count":2,"href":"https:\/\/www.suno.com.br\/noticias\/wp-json\/wp\/v2\/posts\/589873\/revisions"}],"predecessor-version":[{"id":589878,"href":"https:\/\/www.suno.com.br\/noticias\/wp-json\/wp\/v2\/posts\/589873\/revisions\/589878"}],"wp:featuredmedia":[{"embeddable":true,"href":"https:\/\/www.suno.com.br\/noticias\/wp-json\/wp\/v2\/media\/565510"}],"wp:attachment":[{"href":"https:\/\/www.suno.com.br\/noticias\/wp-json\/wp\/v2\/media?parent=589873"}],"wp:term":[{"taxonomy":"category","embeddable":true,"href":"https:\/\/www.suno.com.br\/noticias\/wp-json\/wp\/v2\/categories?post=589873"},{"taxonomy":"post_tag","embeddable":true,"href":"https:\/\/www.suno.com.br\/noticias\/wp-json\/wp\/v2\/tags?post=589873"},{"taxonomy":"suno_strategy","embeddable":true,"href":"https:\/\/www.suno.com.br\/noticias\/wp-json\/wp\/v2\/suno_strategy?post=589873"}],"curies":[{"name":"wp","href":"https:\/\/api.w.org\/{rel}","templated":true}]}}