{"id":588430,"date":"2024-12-18T11:03:10","date_gmt":"2024-12-18T14:03:10","guid":{"rendered":"https:\/\/www.suno.com.br\/noticias\/?p=588430"},"modified":"2024-12-18T11:03:13","modified_gmt":"2024-12-18T14:03:13","slug":"eletrobras-elet3-avanca-negociacoes-bba-btg-gss","status":"publish","type":"post","link":"https:\/\/www.suno.com.br\/noticias\/eletrobras-elet3-avanca-negociacoes-bba-btg-gss\/","title":{"rendered":"Eletrobras (ELET3) avan\u00e7a em negocia\u00e7\u00f5es com governo; entenda"},"content":{"rendered":"<p>A <strong>Eletrobras<\/strong> (<a class=\"suno-keyword\" data-force=\"yes\" data-priority=\"2\" href=\"https:\/\/www.suno.com.br\/analitica\/acoes\/elet3\/\" target=\"_blank\" rel=\"noopener\">ELET3<\/a>) e o governo federal est\u00e3o pr\u00f3ximos de finalizar um acordo, no \u00e2mbito da disputa pelo direito ao voto no conselho da empresa. As negocia\u00e7\u00f5es mediadas pela C\u00e2mara de Concilia\u00e7\u00e3o e Arbitragem da Administra\u00e7\u00e3o Federal (CCAF) foram prorrogadas por mais 60 dias, com um desfecho esperado para janeiro de 2024.<\/p>\t<div class=\"wrapper-featured-image\">\n\t\t<figure class=\"spotlightImg\">\n\n\t\t\t<picture>\n\t\t\t\t<source media=\"(max-width: 768px)\" srcset=\"https:\/\/files.sunoresearch.com.br\/n\/uploads\/2021\/02\/8ddce5e3-eletrobras-1-2-400x200.webp\">\n\t\t\t\t<img loading=\"lazy\" decoding=\"async\" class=\"newsContent__article__imgCapa lazyloadDisabled \" src=\"https:\/\/files.sunoresearch.com.br\/n\/uploads\/2021\/02\/8ddce5e3-eletrobras-1-2-800x450.webp\" width=\"800\" height=\"450\" alt=\"Eletrobras (ELET3) avan\u00e7a em negocia\u00e7\u00f5es com governo; entenda\" fetchpriority=high \/>\n\t\t\t<\/picture>\n\n\t\t\t<figcaption class=\"wp-caption-text wp-caption-text--show\">Eletrobras (ELET3). Foto: Divulga\u00e7\u00e3o<\/figcaption>\n\t\t<\/figure>\n\t<\/div>\n\n\n\n\n\n\n\n\t<p>\n\t\t<a href=\"https:\/\/lp.suno.com.br\/planilha-da-vida-financeira\/\" target=\"_blank\" data-element=\"shortcode-suno-banner\" title=\"Banner SUNO, clique e saiba mais\">\n\t\t\t<picture>\n\t\t\t\t<source media=\"(max-width: 500px)\" srcset=\"https:\/\/files.sunoresearch.com.br\/n\/uploads\/2023\/04\/400x300-Planilha-vida-financeira-true.png\">\n\t\t\t\t<img class=\"newsContent__article__imgCapa newsContent__article__imgCapa--banner\"\n\t\t\t\t\tsrc=\"https:\/\/files.sunoresearch.com.br\/n\/uploads\/2023\/04\/1420x240-Planilha-vida-financeira-true.png\"\n\t\t\t\t\tdata-promo-id=\"106682\"\t\t\t\t\t\t\t\t\t\twidth='1420' height='240'\t\t\t\t\talt=\"https:\/\/files.sunoresearch.com.br\/n\/uploads\/2023\/04\/1420x240-Planilha-vida-financeira-true.png\"\n\t\t\t\t>\n\t\t\t<\/picture>\n\t\t<\/a>\n\t<\/p>\n\n\n\n\n\n<p>Em relat\u00f3rios, Ita\u00fa BBA e BTG Pactual destacam o tom positivo das conversas. De acordo com o Ita\u00fa BBA, os pr\u00f3ximos passos j\u00e1 est\u00e3o delineados:<\/p>\n\n\n\n<ul class=\"wp-block-list\">\n<li>Assembleia Geral Extraordin\u00e1ria (AGE): prevista para fevereiro, ser\u00e1 convocada at\u00e9 o final de janeiro para aprova\u00e7\u00e3o dos termos do acordo.<\/li>\n\n\n\n<li>Supremo Tribunal Federal (STF): a homologa\u00e7\u00e3o do acordo pelo STF est\u00e1 projetada para o final de fevereiro, com envio antecipado dos documentos para an\u00e1lise.<\/li>\n\n\n\n<li>Assembleia Geral Ordin\u00e1ria (AGO): acontecer\u00e1 at\u00e9 abril, com elei\u00e7\u00e3o do novo conselho de administra\u00e7\u00e3o da empresa.<\/li>\n<\/ul>\n\n\n\n<p>O BTG Pactual refor\u00e7a que o governo n\u00e3o exercer\u00e1 seus direitos de voto na AGE, e os fundos vinculados ao governo tamb\u00e9m permanecer\u00e3o neutros. Os termos do acordo seguem os divulgados recentemente, sem inclus\u00e3o de um pagamento antecipado ao fundo da Conta de Desenvolvimento Energ\u00e9tico (CDE).<\/p>\n\n\n\t<p>\n\t\t<a href=\"https:\/\/lp.suno.com.br\/ebook-como-analisar-uma-acao\/\" target=\"_blank\" data-element=\"shortcode-suno-banner\" title=\"Banner SUNO, clique e saiba mais\">\n\t\t\t<picture>\n\t\t\t\t<source media=\"(max-width: 500px)\" srcset=\"https:\/\/files.sunoresearch.com.br\/n\/uploads\/2023\/03\/Ebook-Acoes-Mobile.jpg\">\n\t\t\t\t<img class=\"newsContent__article__imgCapa newsContent__article__imgCapa--banner\"\n\t\t\t\t\tsrc=\"https:\/\/files.sunoresearch.com.br\/n\/uploads\/2023\/03\/Ebook-Acoes-Desktop.jpg\"\n\t\t\t\t\tdata-promo-id=\"378302\"\t\t\t\t\t\t\t\t\t\twidth='1420' height='286'\t\t\t\t\talt=\"https:\/\/files.sunoresearch.com.br\/n\/uploads\/2023\/03\/Ebook-Acoes-Desktop.jpg\"\n\t\t\t\t>\n\t\t\t<\/picture>\n\t\t<\/a>\n\t<\/p>\n\n\n\n\n\n<p>Al\u00e9m disso, os relat\u00f3rios destacam os avan\u00e7os significativos alcan\u00e7ados pela <strong>ELET3<\/strong> neste ano, incluindo:<\/p>\n\n\n\n<ul class=\"wp-block-list\">\n<li>Elimina\u00e7\u00e3o do risco relacionado \u00e0 Amazonas Energia;<\/li>\n\n\n\n<li>Revis\u00e3o tarif\u00e1ria positiva no segmento de transmiss\u00e3o;<\/li>\n\n\n\n<li>Aliena\u00e7\u00e3o de ativos e contratos de energia (PPAs);<\/li>\n\n\n\n<li>Redu\u00e7\u00e3o de custos operacionais.<\/li>\n<\/ul>\n\n\n\n<p>Para o BTG Pactual, mesmo que o acordo com o governo n\u00e3o seja conclu\u00eddo, o esfor\u00e7o da administra\u00e7\u00e3o da Eletrobras em avan\u00e7ar nas negocia\u00e7\u00f5es demonstra uma gest\u00e3o eficiente e focada em resultados.<\/p>\n\n\n\n<p>O Ita\u00fa BBA classifica os desenvolvimentos recentes como muito positivos, ressaltando a boa evolu\u00e7\u00e3o nas tratativas com o governo. J\u00e1 o BTG Pactual considera 2024 como um ano de grande avan\u00e7o para a Eletrobras, refor\u00e7ando a perspectiva de que a empresa continue entregando resultados s\u00f3lidos e avan\u00e7ando na reorganiza\u00e7\u00e3o de seus neg\u00f3cios.<\/p>\n\n\n\n<p>O Ita\u00fa BBA tem recomenda\u00e7\u00e3o outperform (compra) para as <strong>a\u00e7\u00f5es da Eletrobras<\/strong>, com pre\u00e7o-alvo de R$ 54,93. O BTG Pactual tamb\u00e9m recomenda compra para as <strong>a\u00e7\u00f5es ELET3<\/strong>, com alvo de R$ 59.<\/p>\n\n\n\n<p>Por volta das 10h45 desta quarta-feira (18), a <strong>Eletrobras<\/strong> operava est\u00e1vel no Ibovespa, com as a\u00e7\u00f5es ELET3 cotadas a R$ 35,16.<\/p>\n\n\n\t<p>\n\t\t<a href=\"https:\/\/lp.suno.com.br\/planilha-da-vida-financeira\/\" target=\"_blank\" data-element=\"shortcode-suno-banner\" title=\"Banner SUNO, clique e saiba mais\">\n\t\t\t<picture>\n\t\t\t\t<source media=\"(max-width: 500px)\" srcset=\"https:\/\/files.sunoresearch.com.br\/n\/uploads\/2023\/04\/400x300-Planilha-vida-financeira-true.png\">\n\t\t\t\t<img class=\"newsContent__article__imgCapa newsContent__article__imgCapa--banner\"\n\t\t\t\t\tsrc=\"https:\/\/files.sunoresearch.com.br\/n\/uploads\/2023\/04\/1420x240-Planilha-vida-financeira-true.png\"\n\t\t\t\t\tdata-promo-id=\"383123\"\t\t\t\t\t\t\t\t\t\twidth='1420' height='240'\t\t\t\t\talt=\"https:\/\/files.sunoresearch.com.br\/n\/uploads\/2023\/04\/1420x240-Planilha-vida-financeira-true.png\"\n\t\t\t\t>\n\t\t\t<\/picture>\n\t\t<\/a>\n\t<\/p>\n\n\n","protected":false},"excerpt":{"rendered":"<p>A Eletrobras (ELET3) e o governo federal est\u00e3o pr\u00f3ximos de finalizar um acordo, no \u00e2mbito da disputa pelo direito ao voto no conselho da empresa. As negocia\u00e7\u00f5es mediadas pela C\u00e2mara de Concilia\u00e7\u00e3o e Arbitragem da Administra\u00e7\u00e3o Federal (CCAF) foram prorrogadas por mais 60 dias, com um desfecho esperado para janeiro de 2024. Eletrobras (ELET3). Foto: [&hellip;]<\/p>\n","protected":false},"author":376,"featured_media":126027,"comment_status":"closed","ping_status":"closed","sticky":false,"template":"","format":"standard","meta":[],"categories":[64],"tags":[455],"suno_strategy":[],"class_list":["post-588430","post","type-post","status-publish","format-standard","has-post-thumbnail","hentry","category-negocios","tag-eletrobras-elet3-elet5-elet6"],"yoast_head":"<!-- This site is optimized with the Yoast SEO plugin v24.4 - https:\/\/yoast.com\/wordpress\/plugins\/seo\/ -->\n<title>Eletrobras (ELET3) avan\u00e7a em negocia\u00e7\u00f5es com governo; entenda<\/title>\n<meta name=\"description\" content=\"A Eletrobras avan\u00e7ou nas negocia\u00e7\u00f5es com o governo, no \u00e2mbito da discuss\u00e3o sobre os direitos de voto no conselho. Clique e entenda.\" \/>\n<meta name=\"robots\" content=\"index, follow, max-snippet:-1, max-image-preview:large, max-video-preview:-1\" \/>\n<link rel=\"canonical\" href=\"https:\/\/www.suno.com.br\/noticias\/eletrobras-elet3-avanca-negociacoes-bba-btg-gss\/\" \/>\n<meta property=\"og:locale\" content=\"pt_BR\" \/>\n<meta property=\"og:type\" content=\"article\" \/>\n<meta property=\"og:title\" content=\"Eletrobras (ELET3) avan\u00e7a em negocia\u00e7\u00f5es com governo; entenda\" \/>\n<meta property=\"og:description\" content=\"A Eletrobras avan\u00e7ou nas negocia\u00e7\u00f5es com o governo, no \u00e2mbito da discuss\u00e3o sobre os direitos de voto no conselho. Clique e entenda.\" \/>\n<meta property=\"og:url\" content=\"https:\/\/www.suno.com.br\/noticias\/eletrobras-elet3-avanca-negociacoes-bba-btg-gss\/\" \/>\n<meta property=\"og:site_name\" content=\"Suno Not\u00edcias\" \/>\n<meta property=\"article:publisher\" content=\"https:\/\/facebook.com\/sunoresearch\" \/>\n<meta property=\"og:image\" content=\"https:\/\/files.sunoresearch.com.br\/n\/uploads\/2021\/02\/8ddce5e3-eletrobras-1-2.jpg\" \/>\n\t<meta property=\"og:image:width\" content=\"1200\" \/>\n\t<meta property=\"og:image:height\" content=\"800\" \/>\n\t<meta property=\"og:image:type\" content=\"image\/jpeg\" \/>\n<meta name=\"author\" content=\"Guilherme Serrano\" \/>\n<meta name=\"twitter:card\" content=\"summary_large_image\" \/>\n<meta name=\"twitter:creator\" content=\"@sunoresearch\" \/>\n<meta name=\"twitter:site\" content=\"@sunoresearch\" \/>\n<meta name=\"twitter:label1\" content=\"Escrito por\" \/>\n\t<meta name=\"twitter:data1\" content=\"Guilherme Serrano\" \/>\n\t<meta name=\"twitter:label2\" content=\"Est. tempo de leitura\" \/>\n\t<meta name=\"twitter:data2\" content=\"3 minutos\" \/>\n<script type=\"application\/ld+json\" class=\"yoast-schema-graph\">{\"@context\":\"https:\/\/schema.org\",\"@graph\":[{\"@type\":\"NewsArticle\",\"@id\":\"https:\/\/www.suno.com.br\/noticias\/eletrobras-elet3-avanca-negociacoes-bba-btg-gss\/#article\",\"isPartOf\":{\"@id\":\"https:\/\/www.suno.com.br\/noticias\/eletrobras-elet3-avanca-negociacoes-bba-btg-gss\/\"},\"author\":{\"name\":\"Guilherme Serrano\",\"@id\":\"https:\/\/www.suno.com.br\/noticias\/#\/schema\/person\/d0f07e64bce64aa671feadfb844f04ca\"},\"headline\":\"Eletrobras (ELET3) avan\u00e7a em negocia\u00e7\u00f5es com governo; entenda\",\"datePublished\":\"2024-12-18T14:03:10+00:00\",\"dateModified\":\"2024-12-18T14:03:13+00:00\",\"mainEntityOfPage\":{\"@id\":\"https:\/\/www.suno.com.br\/noticias\/eletrobras-elet3-avanca-negociacoes-bba-btg-gss\/\"},\"wordCount\":424,\"publisher\":{\"@id\":\"https:\/\/www.suno.com.br\/noticias\/#organization\"},\"image\":{\"@id\":\"https:\/\/www.suno.com.br\/noticias\/eletrobras-elet3-avanca-negociacoes-bba-btg-gss\/#primaryimage\"},\"thumbnailUrl\":\"https:\/\/files.sunoresearch.com.br\/n\/uploads\/2021\/02\/8ddce5e3-eletrobras-1-2.jpg\",\"keywords\":[\"Eletrobras (ELET3\/ELET5\/ELET6)\"],\"articleSection\":[\"Neg\u00f3cios\"],\"inLanguage\":\"pt-BR\"},{\"@type\":\"WebPage\",\"@id\":\"https:\/\/www.suno.com.br\/noticias\/eletrobras-elet3-avanca-negociacoes-bba-btg-gss\/\",\"url\":\"https:\/\/www.suno.com.br\/noticias\/eletrobras-elet3-avanca-negociacoes-bba-btg-gss\/\",\"name\":\"Eletrobras (ELET3) avan\u00e7a em negocia\u00e7\u00f5es com governo; entenda\",\"isPartOf\":{\"@id\":\"https:\/\/www.suno.com.br\/noticias\/#website\"},\"primaryImageOfPage\":{\"@id\":\"https:\/\/www.suno.com.br\/noticias\/eletrobras-elet3-avanca-negociacoes-bba-btg-gss\/#primaryimage\"},\"image\":{\"@id\":\"https:\/\/www.suno.com.br\/noticias\/eletrobras-elet3-avanca-negociacoes-bba-btg-gss\/#primaryimage\"},\"thumbnailUrl\":\"https:\/\/files.sunoresearch.com.br\/n\/uploads\/2021\/02\/8ddce5e3-eletrobras-1-2.jpg\",\"datePublished\":\"2024-12-18T14:03:10+00:00\",\"dateModified\":\"2024-12-18T14:03:13+00:00\",\"description\":\"A Eletrobras avan\u00e7ou nas negocia\u00e7\u00f5es com o governo, no \u00e2mbito da discuss\u00e3o sobre os direitos de voto no conselho. Clique e entenda.\",\"breadcrumb\":{\"@id\":\"https:\/\/www.suno.com.br\/noticias\/eletrobras-elet3-avanca-negociacoes-bba-btg-gss\/#breadcrumb\"},\"inLanguage\":\"pt-BR\",\"potentialAction\":[{\"@type\":\"ReadAction\",\"target\":[\"https:\/\/www.suno.com.br\/noticias\/eletrobras-elet3-avanca-negociacoes-bba-btg-gss\/\"]}]},{\"@type\":\"ImageObject\",\"inLanguage\":\"pt-BR\",\"@id\":\"https:\/\/www.suno.com.br\/noticias\/eletrobras-elet3-avanca-negociacoes-bba-btg-gss\/#primaryimage\",\"url\":\"https:\/\/files.sunoresearch.com.br\/n\/uploads\/2021\/02\/8ddce5e3-eletrobras-1-2.jpg\",\"contentUrl\":\"https:\/\/files.sunoresearch.com.br\/n\/uploads\/2021\/02\/8ddce5e3-eletrobras-1-2.jpg\",\"width\":1200,\"height\":800,\"caption\":\"Eletrobras (ELET3). Foto: Divulga\u00e7\u00e3o\"},{\"@type\":\"BreadcrumbList\",\"@id\":\"https:\/\/www.suno.com.br\/noticias\/eletrobras-elet3-avanca-negociacoes-bba-btg-gss\/#breadcrumb\",\"itemListElement\":[{\"@type\":\"ListItem\",\"position\":1,\"name\":\"Not\u00edcias\",\"item\":\"https:\/\/www.suno.com.br\/noticias\/\"},{\"@type\":\"ListItem\",\"position\":2,\"name\":\"Neg\u00f3cios\",\"item\":\"https:\/\/www.suno.com.br\/noticias\/negocios\/\"},{\"@type\":\"ListItem\",\"position\":3,\"name\":\"Eletrobras (ELET3) avan\u00e7a em negocia\u00e7\u00f5es com governo; entenda\"}]},{\"@type\":\"WebSite\",\"@id\":\"https:\/\/www.suno.com.br\/noticias\/#website\",\"url\":\"https:\/\/www.suno.com.br\/noticias\/\",\"name\":\"Suno Not\u00edcias\",\"description\":\"Seu portal de informa\u00e7\u00e3o sobre o mundo dos investimentos\",\"publisher\":{\"@id\":\"https:\/\/www.suno.com.br\/noticias\/#organization\"},\"potentialAction\":[{\"@type\":\"SearchAction\",\"target\":{\"@type\":\"EntryPoint\",\"urlTemplate\":\"https:\/\/www.suno.com.br\/noticias\/?s={search_term_string}\"},\"query-input\":{\"@type\":\"PropertyValueSpecification\",\"valueRequired\":true,\"valueName\":\"search_term_string\"}}],\"inLanguage\":\"pt-BR\"},{\"@type\":\"Organization\",\"@id\":\"https:\/\/www.suno.com.br\/noticias\/#organization\",\"name\":\"Suno Not\u00edcias\",\"url\":\"https:\/\/www.suno.com.br\/noticias\/\",\"logo\":{\"@type\":\"ImageObject\",\"inLanguage\":\"pt-BR\",\"@id\":\"https:\/\/www.suno.com.br\/noticias\/#\/schema\/logo\/image\/\",\"url\":\"https:\/\/files.sunoresearch.com.br\/n\/uploads\/2021\/09\/suno-logo.png\",\"contentUrl\":\"https:\/\/files.sunoresearch.com.br\/n\/uploads\/2021\/09\/suno-logo.png\",\"width\":180,\"height\":180,\"caption\":\"Suno Not\u00edcias\"},\"image\":{\"@id\":\"https:\/\/www.suno.com.br\/noticias\/#\/schema\/logo\/image\/\"},\"sameAs\":[\"https:\/\/facebook.com\/sunoresearch\",\"https:\/\/x.com\/sunoresearch\",\"https:\/\/www.instagram.com\/suno\",\"https:\/\/www.linkedin.com\/company\/suno-research\/\",\"https:\/\/www.youtube.com\/c\/sunoresearch\"]},{\"@type\":\"Person\",\"@id\":\"https:\/\/www.suno.com.br\/noticias\/#\/schema\/person\/d0f07e64bce64aa671feadfb844f04ca\",\"name\":\"Guilherme Serrano\",\"image\":{\"@type\":\"ImageObject\",\"inLanguage\":\"pt-BR\",\"@id\":\"https:\/\/www.suno.com.br\/noticias\/#\/schema\/person\/image\/\",\"url\":\"https:\/\/secure.gravatar.com\/avatar\/a90be19d8c67bef61497e4522de30ac4?s=96&r=g\",\"contentUrl\":\"https:\/\/secure.gravatar.com\/avatar\/a90be19d8c67bef61497e4522de30ac4?s=96&r=g\",\"caption\":\"Guilherme Serrano\"},\"description\":\"Jornalista formado pela Faculdade C\u00e1sper L\u00edbero e p\u00f3s-graduado em Can\u00e7\u00e3o Popular pela Faculdade Santa Marcelina. Passagens por R\u00e1dio Gazeta AM, gazetaesportiva.com e TC R\u00e1dio.\",\"url\":\"https:\/\/www.suno.com.br\/noticias\/author\/guilherme-silvasuno-com-br\/\"}]}<\/script>\n<!-- \/ Yoast SEO plugin. -->","yoast_head_json":{"title":"Eletrobras (ELET3) avan\u00e7a em negocia\u00e7\u00f5es com governo; entenda","description":"A Eletrobras avan\u00e7ou nas negocia\u00e7\u00f5es com o governo, no \u00e2mbito da discuss\u00e3o sobre os direitos de voto no conselho. Clique e entenda.","robots":{"index":"index","follow":"follow","max-snippet":"max-snippet:-1","max-image-preview":"max-image-preview:large","max-video-preview":"max-video-preview:-1"},"canonical":"https:\/\/www.suno.com.br\/noticias\/eletrobras-elet3-avanca-negociacoes-bba-btg-gss\/","og_locale":"pt_BR","og_type":"article","og_title":"Eletrobras (ELET3) avan\u00e7a em negocia\u00e7\u00f5es com governo; entenda","og_description":"A Eletrobras avan\u00e7ou nas negocia\u00e7\u00f5es com o governo, no \u00e2mbito da discuss\u00e3o sobre os direitos de voto no conselho. Clique e entenda.","og_url":"https:\/\/www.suno.com.br\/noticias\/eletrobras-elet3-avanca-negociacoes-bba-btg-gss\/","og_site_name":"Suno Not\u00edcias","article_publisher":"https:\/\/facebook.com\/sunoresearch","og_image":[{"width":1200,"height":800,"url":"https:\/\/files.sunoresearch.com.br\/n\/uploads\/2021\/02\/8ddce5e3-eletrobras-1-2.jpg","type":"image\/jpeg"}],"author":"Guilherme Serrano","twitter_card":"summary_large_image","twitter_creator":"@sunoresearch","twitter_site":"@sunoresearch","twitter_misc":{"Escrito por":"Guilherme Serrano","Est. tempo de leitura":"3 minutos"},"schema":{"@context":"https:\/\/schema.org","@graph":[{"@type":"NewsArticle","@id":"https:\/\/www.suno.com.br\/noticias\/eletrobras-elet3-avanca-negociacoes-bba-btg-gss\/#article","isPartOf":{"@id":"https:\/\/www.suno.com.br\/noticias\/eletrobras-elet3-avanca-negociacoes-bba-btg-gss\/"},"author":{"name":"Guilherme Serrano","@id":"https:\/\/www.suno.com.br\/noticias\/#\/schema\/person\/d0f07e64bce64aa671feadfb844f04ca"},"headline":"Eletrobras (ELET3) avan\u00e7a em negocia\u00e7\u00f5es com governo; entenda","datePublished":"2024-12-18T14:03:10+00:00","dateModified":"2024-12-18T14:03:13+00:00","mainEntityOfPage":{"@id":"https:\/\/www.suno.com.br\/noticias\/eletrobras-elet3-avanca-negociacoes-bba-btg-gss\/"},"wordCount":424,"publisher":{"@id":"https:\/\/www.suno.com.br\/noticias\/#organization"},"image":{"@id":"https:\/\/www.suno.com.br\/noticias\/eletrobras-elet3-avanca-negociacoes-bba-btg-gss\/#primaryimage"},"thumbnailUrl":"https:\/\/files.sunoresearch.com.br\/n\/uploads\/2021\/02\/8ddce5e3-eletrobras-1-2.jpg","keywords":["Eletrobras (ELET3\/ELET5\/ELET6)"],"articleSection":["Neg\u00f3cios"],"inLanguage":"pt-BR"},{"@type":"WebPage","@id":"https:\/\/www.suno.com.br\/noticias\/eletrobras-elet3-avanca-negociacoes-bba-btg-gss\/","url":"https:\/\/www.suno.com.br\/noticias\/eletrobras-elet3-avanca-negociacoes-bba-btg-gss\/","name":"Eletrobras (ELET3) avan\u00e7a em negocia\u00e7\u00f5es com governo; entenda","isPartOf":{"@id":"https:\/\/www.suno.com.br\/noticias\/#website"},"primaryImageOfPage":{"@id":"https:\/\/www.suno.com.br\/noticias\/eletrobras-elet3-avanca-negociacoes-bba-btg-gss\/#primaryimage"},"image":{"@id":"https:\/\/www.suno.com.br\/noticias\/eletrobras-elet3-avanca-negociacoes-bba-btg-gss\/#primaryimage"},"thumbnailUrl":"https:\/\/files.sunoresearch.com.br\/n\/uploads\/2021\/02\/8ddce5e3-eletrobras-1-2.jpg","datePublished":"2024-12-18T14:03:10+00:00","dateModified":"2024-12-18T14:03:13+00:00","description":"A Eletrobras avan\u00e7ou nas negocia\u00e7\u00f5es com o governo, no \u00e2mbito da discuss\u00e3o sobre os direitos de voto no conselho. Clique e entenda.","breadcrumb":{"@id":"https:\/\/www.suno.com.br\/noticias\/eletrobras-elet3-avanca-negociacoes-bba-btg-gss\/#breadcrumb"},"inLanguage":"pt-BR","potentialAction":[{"@type":"ReadAction","target":["https:\/\/www.suno.com.br\/noticias\/eletrobras-elet3-avanca-negociacoes-bba-btg-gss\/"]}]},{"@type":"ImageObject","inLanguage":"pt-BR","@id":"https:\/\/www.suno.com.br\/noticias\/eletrobras-elet3-avanca-negociacoes-bba-btg-gss\/#primaryimage","url":"https:\/\/files.sunoresearch.com.br\/n\/uploads\/2021\/02\/8ddce5e3-eletrobras-1-2.jpg","contentUrl":"https:\/\/files.sunoresearch.com.br\/n\/uploads\/2021\/02\/8ddce5e3-eletrobras-1-2.jpg","width":1200,"height":800,"caption":"Eletrobras (ELET3). Foto: Divulga\u00e7\u00e3o"},{"@type":"BreadcrumbList","@id":"https:\/\/www.suno.com.br\/noticias\/eletrobras-elet3-avanca-negociacoes-bba-btg-gss\/#breadcrumb","itemListElement":[{"@type":"ListItem","position":1,"name":"Not\u00edcias","item":"https:\/\/www.suno.com.br\/noticias\/"},{"@type":"ListItem","position":2,"name":"Neg\u00f3cios","item":"https:\/\/www.suno.com.br\/noticias\/negocios\/"},{"@type":"ListItem","position":3,"name":"Eletrobras (ELET3) avan\u00e7a em negocia\u00e7\u00f5es com governo; entenda"}]},{"@type":"WebSite","@id":"https:\/\/www.suno.com.br\/noticias\/#website","url":"https:\/\/www.suno.com.br\/noticias\/","name":"Suno Not\u00edcias","description":"Seu portal de informa\u00e7\u00e3o sobre o mundo dos investimentos","publisher":{"@id":"https:\/\/www.suno.com.br\/noticias\/#organization"},"potentialAction":[{"@type":"SearchAction","target":{"@type":"EntryPoint","urlTemplate":"https:\/\/www.suno.com.br\/noticias\/?s={search_term_string}"},"query-input":{"@type":"PropertyValueSpecification","valueRequired":true,"valueName":"search_term_string"}}],"inLanguage":"pt-BR"},{"@type":"Organization","@id":"https:\/\/www.suno.com.br\/noticias\/#organization","name":"Suno Not\u00edcias","url":"https:\/\/www.suno.com.br\/noticias\/","logo":{"@type":"ImageObject","inLanguage":"pt-BR","@id":"https:\/\/www.suno.com.br\/noticias\/#\/schema\/logo\/image\/","url":"https:\/\/files.sunoresearch.com.br\/n\/uploads\/2021\/09\/suno-logo.png","contentUrl":"https:\/\/files.sunoresearch.com.br\/n\/uploads\/2021\/09\/suno-logo.png","width":180,"height":180,"caption":"Suno Not\u00edcias"},"image":{"@id":"https:\/\/www.suno.com.br\/noticias\/#\/schema\/logo\/image\/"},"sameAs":["https:\/\/facebook.com\/sunoresearch","https:\/\/x.com\/sunoresearch","https:\/\/www.instagram.com\/suno","https:\/\/www.linkedin.com\/company\/suno-research\/","https:\/\/www.youtube.com\/c\/sunoresearch"]},{"@type":"Person","@id":"https:\/\/www.suno.com.br\/noticias\/#\/schema\/person\/d0f07e64bce64aa671feadfb844f04ca","name":"Guilherme Serrano","image":{"@type":"ImageObject","inLanguage":"pt-BR","@id":"https:\/\/www.suno.com.br\/noticias\/#\/schema\/person\/image\/","url":"https:\/\/secure.gravatar.com\/avatar\/a90be19d8c67bef61497e4522de30ac4?s=96&r=g","contentUrl":"https:\/\/secure.gravatar.com\/avatar\/a90be19d8c67bef61497e4522de30ac4?s=96&r=g","caption":"Guilherme Serrano"},"description":"Jornalista formado pela Faculdade C\u00e1sper L\u00edbero e p\u00f3s-graduado em Can\u00e7\u00e3o Popular pela Faculdade Santa Marcelina. Passagens por R\u00e1dio Gazeta AM, gazetaesportiva.com e TC R\u00e1dio.","url":"https:\/\/www.suno.com.br\/noticias\/author\/guilherme-silvasuno-com-br\/"}]}},"default_loop_html":"<div class=\"cardsPage__listCard__boxs\"><div class=\"cardsPage__listCard__boxs__img\"><a href=\"https:\/\/www.suno.com.br\/noticias\/eletrobras-elet3-avanca-negociacoes-bba-btg-gss\/\"><img class=\"mask\" src=\"https:\/\/www.suno.com.br\/noticias\/wp-content\/themes\/suno\/resources\/images\/spotlight\/spotlight1img\/bg-mask.png\" alt=\"Image Mask\"\/><img src=\"https:\/\/files.sunoresearch.com.br\/n\/uploads\/2021\/02\/8ddce5e3-eletrobras-1-2-400x200.webp\" alt=\"Eletrobras (ELET3) avan\u00e7a em negocia\u00e7\u00f5es com governo; entenda\"\/><\/a><span class=\"spotlightCategory\"><a href=\"https:\/\/www.suno.com.br\/noticias\/negocios\/\">Neg\u00f3cios<\/a><\/span><\/div><div class=\"cardsPage__listCard__boxs__content\"><a href=\"https:\/\/www.suno.com.br\/noticias\/eletrobras-elet3-avanca-negociacoes-bba-btg-gss\/\"><h2 class=\"content__title\">Eletrobras (ELET3) avan\u00e7a em negocia\u00e7\u00f5es com governo; entenda<\/h2><\/a><div class=\"newsContent__article__meta\"><div class=\"newsContent__article__meta__authorBox\"><a href=\"https:\/\/www.suno.com.br\/noticias\/author\/guilherme-silvasuno-com-br\/\" class=\"authorBox__avatar noMobi\"><img src=\"https:\/\/secure.gravatar.com\/avatar\/a90be19d8c67bef61497e4522de30ac4?s=96&#038;r=g\" alt=\"Guilherme Serrano\"><\/a><div class=\"authorBox__name\"><span>por\n\t\t\t<a href=\"https:\/\/www.suno.com.br\/noticias\/author\/guilherme-silvasuno-com-br\/\"><span itemprop=\"author\">Guilherme Serrano<\/span><\/a><\/span><time datetime=\"2024-12-18T11:03:10-03:00\" itemprop=\"datePublished\">18\/12\/2024 11:03<\/time><\/div><\/div><\/div><\/div><\/div>","single_layout":"posts","amp_enabled":true,"_links":{"self":[{"href":"https:\/\/www.suno.com.br\/noticias\/wp-json\/wp\/v2\/posts\/588430"}],"collection":[{"href":"https:\/\/www.suno.com.br\/noticias\/wp-json\/wp\/v2\/posts"}],"about":[{"href":"https:\/\/www.suno.com.br\/noticias\/wp-json\/wp\/v2\/types\/post"}],"author":[{"embeddable":true,"href":"https:\/\/www.suno.com.br\/noticias\/wp-json\/wp\/v2\/users\/376"}],"replies":[{"embeddable":true,"href":"https:\/\/www.suno.com.br\/noticias\/wp-json\/wp\/v2\/comments?post=588430"}],"version-history":[{"count":2,"href":"https:\/\/www.suno.com.br\/noticias\/wp-json\/wp\/v2\/posts\/588430\/revisions"}],"predecessor-version":[{"id":588440,"href":"https:\/\/www.suno.com.br\/noticias\/wp-json\/wp\/v2\/posts\/588430\/revisions\/588440"}],"wp:featuredmedia":[{"embeddable":true,"href":"https:\/\/www.suno.com.br\/noticias\/wp-json\/wp\/v2\/media\/126027"}],"wp:attachment":[{"href":"https:\/\/www.suno.com.br\/noticias\/wp-json\/wp\/v2\/media?parent=588430"}],"wp:term":[{"taxonomy":"category","embeddable":true,"href":"https:\/\/www.suno.com.br\/noticias\/wp-json\/wp\/v2\/categories?post=588430"},{"taxonomy":"post_tag","embeddable":true,"href":"https:\/\/www.suno.com.br\/noticias\/wp-json\/wp\/v2\/tags?post=588430"},{"taxonomy":"suno_strategy","embeddable":true,"href":"https:\/\/www.suno.com.br\/noticias\/wp-json\/wp\/v2\/suno_strategy?post=588430"}],"curies":[{"name":"wp","href":"https:\/\/api.w.org\/{rel}","templated":true}]}}