{"id":588320,"date":"2024-12-17T16:50:04","date_gmt":"2024-12-17T19:50:04","guid":{"rendered":"https:\/\/www.suno.com.br\/noticias\/?p=588320"},"modified":"2024-12-17T16:50:08","modified_gmt":"2024-12-17T19:50:08","slug":"ambev-abev3-santander-eleva-recomendacao-alvo-gss","status":"publish","type":"post","link":"https:\/\/www.suno.com.br\/noticias\/ambev-abev3-santander-eleva-recomendacao-alvo-gss\/","title":{"rendered":"Ambev (ABEV3): Santander eleva recomenda\u00e7\u00e3o e pre\u00e7o-alvo"},"content":{"rendered":"<p>A research do Santander revisou sua recomenda\u00e7\u00e3o para a <strong>Ambev<\/strong> (<a class=\"suno-keyword\" data-force=\"yes\" data-priority=\"2\" href=\"https:\/\/www.suno.com.br\/analitica\/acoes\/abev3\/\" target=\"_blank\" rel=\"noopener\">ABEV3<\/a>) de neutra para outperform (compra), elevando o pre\u00e7o-alvo de R$ 15 para R$ 16, o que representa um potencial de alta de cerca de 28%.<\/p>\t<div class=\"wrapper-featured-image\">\n\t\t<figure class=\"spotlightImg\">\n\n\t\t\t<picture>\n\t\t\t\t<source media=\"(max-width: 768px)\" srcset=\"https:\/\/files.sunoresearch.com.br\/n\/uploads\/2024\/04\/ambev-abev3-cerveja-400x200.jpg\">\n\t\t\t\t<img loading=\"lazy\" decoding=\"async\" class=\"newsContent__article__imgCapa lazyloadDisabled \" src=\"https:\/\/files.sunoresearch.com.br\/n\/uploads\/2024\/04\/ambev-abev3-cerveja-800x450.jpg\" width=\"800\" height=\"450\" alt=\"Ambev (ABEV3): Santander eleva recomenda\u00e7\u00e3o e pre\u00e7o-alvo\" fetchpriority=high \/>\n\t\t\t<\/picture>\n\n\t\t\t<figcaption class=\"wp-caption-text wp-caption-text--show\">Ambev (ABEV3) - Foto: Unsplash<\/figcaption>\n\t\t<\/figure>\n\t<\/div>\n\n\n\n\n\n\n\n\t<p>\n\t\t<a href=\"https:\/\/lp.suno.com.br\/planilha-da-vida-financeira\/\" target=\"_blank\" data-element=\"shortcode-suno-banner\" title=\"Banner SUNO, clique e saiba mais\">\n\t\t\t<picture>\n\t\t\t\t<source media=\"(max-width: 500px)\" srcset=\"https:\/\/files.sunoresearch.com.br\/n\/uploads\/2023\/04\/400x300-Planilha-vida-financeira-true.png\">\n\t\t\t\t<img class=\"newsContent__article__imgCapa newsContent__article__imgCapa--banner\"\n\t\t\t\t\tsrc=\"https:\/\/files.sunoresearch.com.br\/n\/uploads\/2023\/04\/1420x240-Planilha-vida-financeira-true.png\"\n\t\t\t\t\tdata-promo-id=\"106682\"\t\t\t\t\t\t\t\t\t\twidth='1420' height='240'\t\t\t\t\talt=\"https:\/\/files.sunoresearch.com.br\/n\/uploads\/2023\/04\/1420x240-Planilha-vida-financeira-true.png\"\n\t\t\t\t>\n\t\t\t<\/picture>\n\t\t<\/a>\n\t<\/p>\n\n\n\n\n\n<p>De acordo com a casa, a an\u00e1lise otimista reflete melhorias no cen\u00e1rio competitivo no mercado brasileiro de cervejas, perspectivas de expans\u00e3o de margens e sinais de recupera\u00e7\u00e3o nos mercados internacionais.<\/p>\n\n\n\n<p>O relat\u00f3rio destaca que a concorr\u00eancia no setor de cervejas no Brasil est\u00e1 se tornando mais favor\u00e1vel para a <strong>ABEV3<\/strong>. A <strong>Petr\u00f3polis<\/strong>, terceira maior concorrente no pa\u00eds, enfrenta dificuldades, incluindo aumento de pre\u00e7os, perda de participa\u00e7\u00e3o de mercado e demiss\u00f5es de executivos e funcion\u00e1rios operacionais. <\/p>\n\n\n\n<p>Al\u00e9m disso, o Santander acredita que a Ambev ser\u00e1 capaz de repassar aumentos de custos unit\u00e1rios projetados em 5% para 2025, o que poder\u00e1 resultar em expans\u00e3o de margens. <\/p>\n\n\n\n<p>Essa melhora deve ser mais evidente no primeiro semestre do pr\u00f3ximo ano, diz a casa, antes da inaugura\u00e7\u00e3o da nova f\u00e1brica da <strong>Heineken<\/strong> no Brasil, prevista para a segunda metade de 2025.<\/p>\n\n\n\n<p>Apesar dos desafios enfrentados pela Ambev em mercados como a Argentina, onde a empresa tem reduzido margens para proteger volumes, o Santander enxerga sinais de recupera\u00e7\u00e3o. <\/p>\n\n\n\t<p>\n\t\t<a href=\"https:\/\/lp.suno.com.br\/ebook-como-analisar-uma-acao\/\" target=\"_blank\" data-element=\"shortcode-suno-banner\" title=\"Banner SUNO, clique e saiba mais\">\n\t\t\t<picture>\n\t\t\t\t<source media=\"(max-width: 500px)\" srcset=\"https:\/\/files.sunoresearch.com.br\/n\/uploads\/2023\/03\/Ebook-Acoes-Mobile.jpg\">\n\t\t\t\t<img class=\"newsContent__article__imgCapa newsContent__article__imgCapa--banner\"\n\t\t\t\t\tsrc=\"https:\/\/files.sunoresearch.com.br\/n\/uploads\/2023\/03\/Ebook-Acoes-Desktop.jpg\"\n\t\t\t\t\tdata-promo-id=\"378302\"\t\t\t\t\t\t\t\t\t\twidth='1420' height='286'\t\t\t\t\talt=\"https:\/\/files.sunoresearch.com.br\/n\/uploads\/2023\/03\/Ebook-Acoes-Desktop.jpg\"\n\t\t\t\t>\n\t\t\t<\/picture>\n\t\t<\/a>\n\t<\/p>\n\n\n\n\n\n<p>Com a melhoria da <a class=\"suno-keyword\" target=\"_blank\" data-force=\"no\" data-priority=\"1\" href=\"https:\/\/www.suno.com.br\/artigos\/confianca-do-consumidor\/\" rel=\"noopener\">confian\u00e7a do consumidor<\/a> e uma base de compara\u00e7\u00e3o mais favor\u00e1vel, o mercado argentino pode apresentar volumes melhores j\u00e1 no primeiro trimestre de 2025, projetam os analistas.<\/p>\n\n\n\n<p>Nos mercados do Caribe, a expectativa \u00e9 de melhora gradual com a desacelera\u00e7\u00e3o da infla\u00e7\u00e3o em regi\u00f5es-chave. <\/p>\n\n\n\n<p>No entanto, a casa avalia que essas perspectivas ainda n\u00e3o est\u00e3o refletidas nos n\u00fameros de consenso, o que pode gerar surpresas positivas no futuro.<\/p>\n\n\n\n<p>H\u00e1 tamb\u00e9m a expectativa pelo an\u00fancio da <strong>reestrutura\u00e7\u00e3o de capital da Ambev<\/strong> ap\u00f3s a reuni\u00e3o do conselho em dezembro. <\/p>\n\n\n\n<p>Embora o Santander veja esse movimento como positivo, destaca que o impacto para as <strong>a\u00e7\u00f5es da Ambev<\/strong> poderia ser limitado, considerando os potenciais desafios relacionados \u00e0 monetiza\u00e7\u00e3o de cr\u00e9ditos fiscais e \u00e0 redu\u00e7\u00e3o da base de capital pr\u00f3pria para o c\u00e1lculo de benef\u00edcios tribut\u00e1rios.<\/p>\n\n\n\n<p>Em suma, a casa afirma que as condi\u00e7\u00f5es de mercado est\u00e3o cada vez mais favor\u00e1veis para as <strong>a\u00e7\u00f5es ABEV3<\/strong>, permitindo repasse de custos e expans\u00e3o de margens. <\/p>\n\n\n\n<p>Assim, diz o Santander, com o cen\u00e1rio competitivo mais equilibrado e sinais de recupera\u00e7\u00e3o em mercados internacionais, a <strong>Ambev<\/strong> se apresenta como uma aposta s\u00f3lida para investidores em busca de crescimento no setor de bebidas.<\/p>\n\n\n\t<p>\n\t\t<a href=\"https:\/\/lp.suno.com.br\/planilha-da-vida-financeira\/\" target=\"_blank\" data-element=\"shortcode-suno-banner\" title=\"Banner SUNO, clique e saiba mais\">\n\t\t\t<picture>\n\t\t\t\t<source media=\"(max-width: 500px)\" srcset=\"https:\/\/files.sunoresearch.com.br\/n\/uploads\/2023\/04\/400x300-Planilha-vida-financeira-true.png\">\n\t\t\t\t<img class=\"newsContent__article__imgCapa newsContent__article__imgCapa--banner\"\n\t\t\t\t\tsrc=\"https:\/\/files.sunoresearch.com.br\/n\/uploads\/2023\/04\/1420x240-Planilha-vida-financeira-true.png\"\n\t\t\t\t\tdata-promo-id=\"383123\"\t\t\t\t\t\t\t\t\t\twidth='1420' height='240'\t\t\t\t\talt=\"https:\/\/files.sunoresearch.com.br\/n\/uploads\/2023\/04\/1420x240-Planilha-vida-financeira-true.png\"\n\t\t\t\t>\n\t\t\t<\/picture>\n\t\t<\/a>\n\t<\/p>\n\n\n","protected":false},"excerpt":{"rendered":"<p>A research do Santander revisou sua recomenda\u00e7\u00e3o para a Ambev (ABEV3) de neutra para outperform (compra), elevando o pre\u00e7o-alvo de R$ 15 para R$ 16, o que representa um potencial de alta de cerca de 28%. Ambev (ABEV3) &#8211; Foto: Unsplash De acordo com a casa, a an\u00e1lise otimista reflete melhorias no cen\u00e1rio competitivo no [&hellip;]<\/p>\n","protected":false},"author":376,"featured_media":544349,"comment_status":"closed","ping_status":"closed","sticky":false,"template":"","format":"standard","meta":[],"categories":[64],"tags":[359],"suno_strategy":[],"class_list":["post-588320","post","type-post","status-publish","format-standard","has-post-thumbnail","hentry","category-negocios","tag-ambev-abev3"],"yoast_head":"<!-- This site is optimized with the Yoast SEO plugin v24.4 - https:\/\/yoast.com\/wordpress\/plugins\/seo\/ -->\n<title>Ambev (ABEV3): Santander eleva recomenda\u00e7\u00e3o e pre\u00e7o-alvo<\/title>\n<meta name=\"description\" content=\"Em novo relat\u00f3rio sobre a Ambev, o Santander demonstrou uma vis\u00e3o construtiva para a empresa. Clique e saiba por qu\u00ea.\" \/>\n<meta name=\"robots\" content=\"index, follow, max-snippet:-1, max-image-preview:large, max-video-preview:-1\" \/>\n<link rel=\"canonical\" href=\"https:\/\/www.suno.com.br\/noticias\/ambev-abev3-santander-eleva-recomendacao-alvo-gss\/\" \/>\n<meta property=\"og:locale\" content=\"pt_BR\" \/>\n<meta property=\"og:type\" content=\"article\" \/>\n<meta property=\"og:title\" content=\"Ambev (ABEV3): Santander eleva recomenda\u00e7\u00e3o e pre\u00e7o-alvo\" \/>\n<meta property=\"og:description\" content=\"Em novo relat\u00f3rio sobre a Ambev, o Santander demonstrou uma vis\u00e3o construtiva para a empresa. Clique e saiba por qu\u00ea.\" \/>\n<meta property=\"og:url\" content=\"https:\/\/www.suno.com.br\/noticias\/ambev-abev3-santander-eleva-recomendacao-alvo-gss\/\" \/>\n<meta property=\"og:site_name\" content=\"Suno Not\u00edcias\" \/>\n<meta property=\"article:publisher\" content=\"https:\/\/facebook.com\/sunoresearch\" \/>\n<meta property=\"og:image\" content=\"https:\/\/files.sunoresearch.com.br\/n\/uploads\/2024\/04\/ambev-abev3-cerveja.jpg\" \/>\n\t<meta property=\"og:image:width\" content=\"1200\" \/>\n\t<meta property=\"og:image:height\" content=\"800\" \/>\n\t<meta property=\"og:image:type\" content=\"image\/jpeg\" \/>\n<meta name=\"author\" content=\"Guilherme Serrano\" \/>\n<meta name=\"twitter:card\" content=\"summary_large_image\" \/>\n<meta name=\"twitter:creator\" content=\"@sunoresearch\" \/>\n<meta name=\"twitter:site\" content=\"@sunoresearch\" \/>\n<meta name=\"twitter:label1\" content=\"Escrito por\" \/>\n\t<meta name=\"twitter:data1\" content=\"Guilherme Serrano\" \/>\n\t<meta name=\"twitter:label2\" content=\"Est. tempo de leitura\" \/>\n\t<meta name=\"twitter:data2\" content=\"3 minutos\" \/>\n<script type=\"application\/ld+json\" class=\"yoast-schema-graph\">{\"@context\":\"https:\/\/schema.org\",\"@graph\":[{\"@type\":\"NewsArticle\",\"@id\":\"https:\/\/www.suno.com.br\/noticias\/ambev-abev3-santander-eleva-recomendacao-alvo-gss\/#article\",\"isPartOf\":{\"@id\":\"https:\/\/www.suno.com.br\/noticias\/ambev-abev3-santander-eleva-recomendacao-alvo-gss\/\"},\"author\":{\"name\":\"Guilherme Serrano\",\"@id\":\"https:\/\/www.suno.com.br\/noticias\/#\/schema\/person\/d0f07e64bce64aa671feadfb844f04ca\"},\"headline\":\"Ambev (ABEV3): Santander eleva recomenda\u00e7\u00e3o e pre\u00e7o-alvo\",\"datePublished\":\"2024-12-17T19:50:04+00:00\",\"dateModified\":\"2024-12-17T19:50:08+00:00\",\"mainEntityOfPage\":{\"@id\":\"https:\/\/www.suno.com.br\/noticias\/ambev-abev3-santander-eleva-recomendacao-alvo-gss\/\"},\"wordCount\":454,\"publisher\":{\"@id\":\"https:\/\/www.suno.com.br\/noticias\/#organization\"},\"image\":{\"@id\":\"https:\/\/www.suno.com.br\/noticias\/ambev-abev3-santander-eleva-recomendacao-alvo-gss\/#primaryimage\"},\"thumbnailUrl\":\"https:\/\/files.sunoresearch.com.br\/n\/uploads\/2024\/04\/ambev-abev3-cerveja.jpg\",\"keywords\":[\"AMBEV (ABEV3)\"],\"articleSection\":[\"Neg\u00f3cios\"],\"inLanguage\":\"pt-BR\"},{\"@type\":\"WebPage\",\"@id\":\"https:\/\/www.suno.com.br\/noticias\/ambev-abev3-santander-eleva-recomendacao-alvo-gss\/\",\"url\":\"https:\/\/www.suno.com.br\/noticias\/ambev-abev3-santander-eleva-recomendacao-alvo-gss\/\",\"name\":\"Ambev (ABEV3): Santander eleva recomenda\u00e7\u00e3o e pre\u00e7o-alvo\",\"isPartOf\":{\"@id\":\"https:\/\/www.suno.com.br\/noticias\/#website\"},\"primaryImageOfPage\":{\"@id\":\"https:\/\/www.suno.com.br\/noticias\/ambev-abev3-santander-eleva-recomendacao-alvo-gss\/#primaryimage\"},\"image\":{\"@id\":\"https:\/\/www.suno.com.br\/noticias\/ambev-abev3-santander-eleva-recomendacao-alvo-gss\/#primaryimage\"},\"thumbnailUrl\":\"https:\/\/files.sunoresearch.com.br\/n\/uploads\/2024\/04\/ambev-abev3-cerveja.jpg\",\"datePublished\":\"2024-12-17T19:50:04+00:00\",\"dateModified\":\"2024-12-17T19:50:08+00:00\",\"description\":\"Em novo relat\u00f3rio sobre a Ambev, o Santander demonstrou uma vis\u00e3o construtiva para a empresa. Clique e saiba por qu\u00ea.\",\"breadcrumb\":{\"@id\":\"https:\/\/www.suno.com.br\/noticias\/ambev-abev3-santander-eleva-recomendacao-alvo-gss\/#breadcrumb\"},\"inLanguage\":\"pt-BR\",\"potentialAction\":[{\"@type\":\"ReadAction\",\"target\":[\"https:\/\/www.suno.com.br\/noticias\/ambev-abev3-santander-eleva-recomendacao-alvo-gss\/\"]}]},{\"@type\":\"ImageObject\",\"inLanguage\":\"pt-BR\",\"@id\":\"https:\/\/www.suno.com.br\/noticias\/ambev-abev3-santander-eleva-recomendacao-alvo-gss\/#primaryimage\",\"url\":\"https:\/\/files.sunoresearch.com.br\/n\/uploads\/2024\/04\/ambev-abev3-cerveja.jpg\",\"contentUrl\":\"https:\/\/files.sunoresearch.com.br\/n\/uploads\/2024\/04\/ambev-abev3-cerveja.jpg\",\"width\":1200,\"height\":800,\"caption\":\"Ambev (ABEV3) - Foto: Unsplash\"},{\"@type\":\"BreadcrumbList\",\"@id\":\"https:\/\/www.suno.com.br\/noticias\/ambev-abev3-santander-eleva-recomendacao-alvo-gss\/#breadcrumb\",\"itemListElement\":[{\"@type\":\"ListItem\",\"position\":1,\"name\":\"Not\u00edcias\",\"item\":\"https:\/\/www.suno.com.br\/noticias\/\"},{\"@type\":\"ListItem\",\"position\":2,\"name\":\"Neg\u00f3cios\",\"item\":\"https:\/\/www.suno.com.br\/noticias\/negocios\/\"},{\"@type\":\"ListItem\",\"position\":3,\"name\":\"Ambev (ABEV3): Santander eleva recomenda\u00e7\u00e3o e pre\u00e7o-alvo\"}]},{\"@type\":\"WebSite\",\"@id\":\"https:\/\/www.suno.com.br\/noticias\/#website\",\"url\":\"https:\/\/www.suno.com.br\/noticias\/\",\"name\":\"Suno Not\u00edcias\",\"description\":\"Seu portal de informa\u00e7\u00e3o sobre o mundo dos investimentos\",\"publisher\":{\"@id\":\"https:\/\/www.suno.com.br\/noticias\/#organization\"},\"potentialAction\":[{\"@type\":\"SearchAction\",\"target\":{\"@type\":\"EntryPoint\",\"urlTemplate\":\"https:\/\/www.suno.com.br\/noticias\/?s={search_term_string}\"},\"query-input\":{\"@type\":\"PropertyValueSpecification\",\"valueRequired\":true,\"valueName\":\"search_term_string\"}}],\"inLanguage\":\"pt-BR\"},{\"@type\":\"Organization\",\"@id\":\"https:\/\/www.suno.com.br\/noticias\/#organization\",\"name\":\"Suno Not\u00edcias\",\"url\":\"https:\/\/www.suno.com.br\/noticias\/\",\"logo\":{\"@type\":\"ImageObject\",\"inLanguage\":\"pt-BR\",\"@id\":\"https:\/\/www.suno.com.br\/noticias\/#\/schema\/logo\/image\/\",\"url\":\"https:\/\/files.sunoresearch.com.br\/n\/uploads\/2021\/09\/suno-logo.png\",\"contentUrl\":\"https:\/\/files.sunoresearch.com.br\/n\/uploads\/2021\/09\/suno-logo.png\",\"width\":180,\"height\":180,\"caption\":\"Suno Not\u00edcias\"},\"image\":{\"@id\":\"https:\/\/www.suno.com.br\/noticias\/#\/schema\/logo\/image\/\"},\"sameAs\":[\"https:\/\/facebook.com\/sunoresearch\",\"https:\/\/x.com\/sunoresearch\",\"https:\/\/www.instagram.com\/suno\",\"https:\/\/www.linkedin.com\/company\/suno-research\/\",\"https:\/\/www.youtube.com\/c\/sunoresearch\"]},{\"@type\":\"Person\",\"@id\":\"https:\/\/www.suno.com.br\/noticias\/#\/schema\/person\/d0f07e64bce64aa671feadfb844f04ca\",\"name\":\"Guilherme Serrano\",\"image\":{\"@type\":\"ImageObject\",\"inLanguage\":\"pt-BR\",\"@id\":\"https:\/\/www.suno.com.br\/noticias\/#\/schema\/person\/image\/\",\"url\":\"https:\/\/secure.gravatar.com\/avatar\/a90be19d8c67bef61497e4522de30ac4?s=96&r=g\",\"contentUrl\":\"https:\/\/secure.gravatar.com\/avatar\/a90be19d8c67bef61497e4522de30ac4?s=96&r=g\",\"caption\":\"Guilherme Serrano\"},\"description\":\"Jornalista formado pela Faculdade C\u00e1sper L\u00edbero e p\u00f3s-graduado em Can\u00e7\u00e3o Popular pela Faculdade Santa Marcelina. Passagens por R\u00e1dio Gazeta AM, gazetaesportiva.com e TC R\u00e1dio.\",\"url\":\"https:\/\/www.suno.com.br\/noticias\/author\/guilherme-silvasuno-com-br\/\"}]}<\/script>\n<!-- \/ Yoast SEO plugin. -->","yoast_head_json":{"title":"Ambev (ABEV3): Santander eleva recomenda\u00e7\u00e3o e pre\u00e7o-alvo","description":"Em novo relat\u00f3rio sobre a Ambev, o Santander demonstrou uma vis\u00e3o construtiva para a empresa. Clique e saiba por qu\u00ea.","robots":{"index":"index","follow":"follow","max-snippet":"max-snippet:-1","max-image-preview":"max-image-preview:large","max-video-preview":"max-video-preview:-1"},"canonical":"https:\/\/www.suno.com.br\/noticias\/ambev-abev3-santander-eleva-recomendacao-alvo-gss\/","og_locale":"pt_BR","og_type":"article","og_title":"Ambev (ABEV3): Santander eleva recomenda\u00e7\u00e3o e pre\u00e7o-alvo","og_description":"Em novo relat\u00f3rio sobre a Ambev, o Santander demonstrou uma vis\u00e3o construtiva para a empresa. Clique e saiba por qu\u00ea.","og_url":"https:\/\/www.suno.com.br\/noticias\/ambev-abev3-santander-eleva-recomendacao-alvo-gss\/","og_site_name":"Suno Not\u00edcias","article_publisher":"https:\/\/facebook.com\/sunoresearch","og_image":[{"width":1200,"height":800,"url":"https:\/\/files.sunoresearch.com.br\/n\/uploads\/2024\/04\/ambev-abev3-cerveja.jpg","type":"image\/jpeg"}],"author":"Guilherme Serrano","twitter_card":"summary_large_image","twitter_creator":"@sunoresearch","twitter_site":"@sunoresearch","twitter_misc":{"Escrito por":"Guilherme Serrano","Est. tempo de leitura":"3 minutos"},"schema":{"@context":"https:\/\/schema.org","@graph":[{"@type":"NewsArticle","@id":"https:\/\/www.suno.com.br\/noticias\/ambev-abev3-santander-eleva-recomendacao-alvo-gss\/#article","isPartOf":{"@id":"https:\/\/www.suno.com.br\/noticias\/ambev-abev3-santander-eleva-recomendacao-alvo-gss\/"},"author":{"name":"Guilherme Serrano","@id":"https:\/\/www.suno.com.br\/noticias\/#\/schema\/person\/d0f07e64bce64aa671feadfb844f04ca"},"headline":"Ambev (ABEV3): Santander eleva recomenda\u00e7\u00e3o e pre\u00e7o-alvo","datePublished":"2024-12-17T19:50:04+00:00","dateModified":"2024-12-17T19:50:08+00:00","mainEntityOfPage":{"@id":"https:\/\/www.suno.com.br\/noticias\/ambev-abev3-santander-eleva-recomendacao-alvo-gss\/"},"wordCount":454,"publisher":{"@id":"https:\/\/www.suno.com.br\/noticias\/#organization"},"image":{"@id":"https:\/\/www.suno.com.br\/noticias\/ambev-abev3-santander-eleva-recomendacao-alvo-gss\/#primaryimage"},"thumbnailUrl":"https:\/\/files.sunoresearch.com.br\/n\/uploads\/2024\/04\/ambev-abev3-cerveja.jpg","keywords":["AMBEV (ABEV3)"],"articleSection":["Neg\u00f3cios"],"inLanguage":"pt-BR"},{"@type":"WebPage","@id":"https:\/\/www.suno.com.br\/noticias\/ambev-abev3-santander-eleva-recomendacao-alvo-gss\/","url":"https:\/\/www.suno.com.br\/noticias\/ambev-abev3-santander-eleva-recomendacao-alvo-gss\/","name":"Ambev (ABEV3): Santander eleva recomenda\u00e7\u00e3o e pre\u00e7o-alvo","isPartOf":{"@id":"https:\/\/www.suno.com.br\/noticias\/#website"},"primaryImageOfPage":{"@id":"https:\/\/www.suno.com.br\/noticias\/ambev-abev3-santander-eleva-recomendacao-alvo-gss\/#primaryimage"},"image":{"@id":"https:\/\/www.suno.com.br\/noticias\/ambev-abev3-santander-eleva-recomendacao-alvo-gss\/#primaryimage"},"thumbnailUrl":"https:\/\/files.sunoresearch.com.br\/n\/uploads\/2024\/04\/ambev-abev3-cerveja.jpg","datePublished":"2024-12-17T19:50:04+00:00","dateModified":"2024-12-17T19:50:08+00:00","description":"Em novo relat\u00f3rio sobre a Ambev, o Santander demonstrou uma vis\u00e3o construtiva para a empresa. Clique e saiba por qu\u00ea.","breadcrumb":{"@id":"https:\/\/www.suno.com.br\/noticias\/ambev-abev3-santander-eleva-recomendacao-alvo-gss\/#breadcrumb"},"inLanguage":"pt-BR","potentialAction":[{"@type":"ReadAction","target":["https:\/\/www.suno.com.br\/noticias\/ambev-abev3-santander-eleva-recomendacao-alvo-gss\/"]}]},{"@type":"ImageObject","inLanguage":"pt-BR","@id":"https:\/\/www.suno.com.br\/noticias\/ambev-abev3-santander-eleva-recomendacao-alvo-gss\/#primaryimage","url":"https:\/\/files.sunoresearch.com.br\/n\/uploads\/2024\/04\/ambev-abev3-cerveja.jpg","contentUrl":"https:\/\/files.sunoresearch.com.br\/n\/uploads\/2024\/04\/ambev-abev3-cerveja.jpg","width":1200,"height":800,"caption":"Ambev (ABEV3) - Foto: Unsplash"},{"@type":"BreadcrumbList","@id":"https:\/\/www.suno.com.br\/noticias\/ambev-abev3-santander-eleva-recomendacao-alvo-gss\/#breadcrumb","itemListElement":[{"@type":"ListItem","position":1,"name":"Not\u00edcias","item":"https:\/\/www.suno.com.br\/noticias\/"},{"@type":"ListItem","position":2,"name":"Neg\u00f3cios","item":"https:\/\/www.suno.com.br\/noticias\/negocios\/"},{"@type":"ListItem","position":3,"name":"Ambev (ABEV3): Santander eleva recomenda\u00e7\u00e3o e pre\u00e7o-alvo"}]},{"@type":"WebSite","@id":"https:\/\/www.suno.com.br\/noticias\/#website","url":"https:\/\/www.suno.com.br\/noticias\/","name":"Suno Not\u00edcias","description":"Seu portal de informa\u00e7\u00e3o sobre o mundo dos investimentos","publisher":{"@id":"https:\/\/www.suno.com.br\/noticias\/#organization"},"potentialAction":[{"@type":"SearchAction","target":{"@type":"EntryPoint","urlTemplate":"https:\/\/www.suno.com.br\/noticias\/?s={search_term_string}"},"query-input":{"@type":"PropertyValueSpecification","valueRequired":true,"valueName":"search_term_string"}}],"inLanguage":"pt-BR"},{"@type":"Organization","@id":"https:\/\/www.suno.com.br\/noticias\/#organization","name":"Suno Not\u00edcias","url":"https:\/\/www.suno.com.br\/noticias\/","logo":{"@type":"ImageObject","inLanguage":"pt-BR","@id":"https:\/\/www.suno.com.br\/noticias\/#\/schema\/logo\/image\/","url":"https:\/\/files.sunoresearch.com.br\/n\/uploads\/2021\/09\/suno-logo.png","contentUrl":"https:\/\/files.sunoresearch.com.br\/n\/uploads\/2021\/09\/suno-logo.png","width":180,"height":180,"caption":"Suno Not\u00edcias"},"image":{"@id":"https:\/\/www.suno.com.br\/noticias\/#\/schema\/logo\/image\/"},"sameAs":["https:\/\/facebook.com\/sunoresearch","https:\/\/x.com\/sunoresearch","https:\/\/www.instagram.com\/suno","https:\/\/www.linkedin.com\/company\/suno-research\/","https:\/\/www.youtube.com\/c\/sunoresearch"]},{"@type":"Person","@id":"https:\/\/www.suno.com.br\/noticias\/#\/schema\/person\/d0f07e64bce64aa671feadfb844f04ca","name":"Guilherme Serrano","image":{"@type":"ImageObject","inLanguage":"pt-BR","@id":"https:\/\/www.suno.com.br\/noticias\/#\/schema\/person\/image\/","url":"https:\/\/secure.gravatar.com\/avatar\/a90be19d8c67bef61497e4522de30ac4?s=96&r=g","contentUrl":"https:\/\/secure.gravatar.com\/avatar\/a90be19d8c67bef61497e4522de30ac4?s=96&r=g","caption":"Guilherme Serrano"},"description":"Jornalista formado pela Faculdade C\u00e1sper L\u00edbero e p\u00f3s-graduado em Can\u00e7\u00e3o Popular pela Faculdade Santa Marcelina. Passagens por R\u00e1dio Gazeta AM, gazetaesportiva.com e TC R\u00e1dio.","url":"https:\/\/www.suno.com.br\/noticias\/author\/guilherme-silvasuno-com-br\/"}]}},"default_loop_html":"<div class=\"cardsPage__listCard__boxs\"><div class=\"cardsPage__listCard__boxs__img\"><a href=\"https:\/\/www.suno.com.br\/noticias\/ambev-abev3-santander-eleva-recomendacao-alvo-gss\/\"><img class=\"mask\" src=\"https:\/\/www.suno.com.br\/noticias\/wp-content\/themes\/suno\/resources\/images\/spotlight\/spotlight1img\/bg-mask.png\" alt=\"Image Mask\"\/><img src=\"https:\/\/files.sunoresearch.com.br\/n\/uploads\/2024\/04\/ambev-abev3-cerveja-400x200.jpg\" alt=\"Ambev (ABEV3): Santander eleva recomenda\u00e7\u00e3o e pre\u00e7o-alvo\"\/><\/a><span class=\"spotlightCategory\"><a href=\"https:\/\/www.suno.com.br\/noticias\/negocios\/\">Neg\u00f3cios<\/a><\/span><\/div><div class=\"cardsPage__listCard__boxs__content\"><a href=\"https:\/\/www.suno.com.br\/noticias\/ambev-abev3-santander-eleva-recomendacao-alvo-gss\/\"><h2 class=\"content__title\">Ambev (ABEV3): Santander eleva recomenda\u00e7\u00e3o e pre\u00e7o-alvo<\/h2><\/a><div class=\"newsContent__article__meta\"><div class=\"newsContent__article__meta__authorBox\"><a href=\"https:\/\/www.suno.com.br\/noticias\/author\/guilherme-silvasuno-com-br\/\" class=\"authorBox__avatar noMobi\"><img src=\"https:\/\/secure.gravatar.com\/avatar\/a90be19d8c67bef61497e4522de30ac4?s=96&#038;r=g\" alt=\"Guilherme Serrano\"><\/a><div class=\"authorBox__name\"><span>por\n\t\t\t<a href=\"https:\/\/www.suno.com.br\/noticias\/author\/guilherme-silvasuno-com-br\/\"><span itemprop=\"author\">Guilherme Serrano<\/span><\/a><\/span><time datetime=\"2024-12-17T16:50:04-03:00\" itemprop=\"datePublished\">17\/12\/2024 16:50<\/time><\/div><\/div><\/div><\/div><\/div>","single_layout":"posts","amp_enabled":true,"_links":{"self":[{"href":"https:\/\/www.suno.com.br\/noticias\/wp-json\/wp\/v2\/posts\/588320"}],"collection":[{"href":"https:\/\/www.suno.com.br\/noticias\/wp-json\/wp\/v2\/posts"}],"about":[{"href":"https:\/\/www.suno.com.br\/noticias\/wp-json\/wp\/v2\/types\/post"}],"author":[{"embeddable":true,"href":"https:\/\/www.suno.com.br\/noticias\/wp-json\/wp\/v2\/users\/376"}],"replies":[{"embeddable":true,"href":"https:\/\/www.suno.com.br\/noticias\/wp-json\/wp\/v2\/comments?post=588320"}],"version-history":[{"count":2,"href":"https:\/\/www.suno.com.br\/noticias\/wp-json\/wp\/v2\/posts\/588320\/revisions"}],"predecessor-version":[{"id":588323,"href":"https:\/\/www.suno.com.br\/noticias\/wp-json\/wp\/v2\/posts\/588320\/revisions\/588323"}],"wp:featuredmedia":[{"embeddable":true,"href":"https:\/\/www.suno.com.br\/noticias\/wp-json\/wp\/v2\/media\/544349"}],"wp:attachment":[{"href":"https:\/\/www.suno.com.br\/noticias\/wp-json\/wp\/v2\/media?parent=588320"}],"wp:term":[{"taxonomy":"category","embeddable":true,"href":"https:\/\/www.suno.com.br\/noticias\/wp-json\/wp\/v2\/categories?post=588320"},{"taxonomy":"post_tag","embeddable":true,"href":"https:\/\/www.suno.com.br\/noticias\/wp-json\/wp\/v2\/tags?post=588320"},{"taxonomy":"suno_strategy","embeddable":true,"href":"https:\/\/www.suno.com.br\/noticias\/wp-json\/wp\/v2\/suno_strategy?post=588320"}],"curies":[{"name":"wp","href":"https:\/\/api.w.org\/{rel}","templated":true}]}}