{"id":58791,"date":"2020-03-25T17:17:47","date_gmt":"2020-03-25T20:17:47","guid":{"rendered":"https:\/\/www.suno.com.br\/noticias\/?p=58791"},"modified":"2021-02-18T14:21:36","modified_gmt":"2021-02-18T17:21:36","slug":"barclays-revisa-pib-queda","status":"publish","type":"post","link":"https:\/\/www.suno.com.br\/noticias\/barclays-revisa-pib-queda\/","title":{"rendered":"Barclays revisa proje\u00e7\u00e3o do PIB de 2020 e passa a ver queda de 0,5%"},"content":{"rendered":"<p>O <strong>Barclays<\/strong> divulgou nesta quarta-feira (25) a proje\u00e7\u00e3o do desempenho do <a href=\"https:\/\/www.suno.com.br\/artigos\/pib-produto-interno-bruto\/\">Produto Interno Bruto (PIB)<\/a> brasileiro neste ano. O banco revisou as estimativas para uma previs\u00e3o de queda de 0,5%.<\/p>\t<div class=\"wrapper-featured-image\">\n\t\t<figure class=\"spotlightImg\">\n\n\t\t\t<picture>\n\t\t\t\t<source media=\"(max-width: 768px)\" srcset=\"https:\/\/files.sunoresearch.com.br\/n\/uploads\/2020\/03\/4841b894-economia-400x200.webp\">\n\t\t\t\t<img loading=\"lazy\" decoding=\"async\" class=\"newsContent__article__imgCapa lazyloadDisabled newsContent__article__imgCapa--noCaption\" src=\"https:\/\/files.sunoresearch.com.br\/n\/uploads\/2020\/03\/4841b894-economia-800x450.webp\" width=\"800\" height=\"450\" alt=\"Barclays revisa proje\u00e7\u00e3o do PIB de 2020 e passa a ver queda de 0,5%\" fetchpriority=high \/>\n\t\t\t<\/picture>\n\n\t\t\t<figcaption class=\"wp-caption-text wp-caption-text--hide\">d\u00f3lar IPCA Boletim Focus. Foto: Pixabay. <\/figcaption>\n\t\t<\/figure>\n\t<\/div>\n\n\n\n<p>Na \u00faltima sexta-feira (20), o <strong>Barclays<\/strong> havia cortado sua proje\u00e7\u00e3o de aumento de 1,7% para uma alta de 0,4%. As novas estimativas contemplam os 15 dias de quarentena no estado de S\u00e3o Paulo, no entanto o economista-chefe do banco no Brasil, Roberto Secemki, afirmou que o\u00a0 <strong>PIB<\/strong> poderia recuar 3% em 2020, a depender da extens\u00e3o das paralisa\u00e7\u00f5es.<\/p>\n<p>No in\u00edcio deste ano, o banco brit\u00e2nico projetava uma expans\u00e3o de 2,3% da economia do Brasil. Em seguida, no m\u00eas de fevereiro, o institui\u00e7\u00e3o financeira cortou a previs\u00e3o para 2%, ap\u00f3s considerar os efeitos do novo <strong>coronav\u00edrus<\/strong> (covid-19) para a China e a, consequente, redu\u00e7\u00e3o da <a href=\"https:\/\/www.suno.com.br\/artigos\/oferta-demanda\/\">demanda<\/a> por importa\u00e7\u00f5es.<\/p>\n<p><a href=\"https:\/\/www.suno.com.br\/noticias\/moodys-preve-queda-pib-brasil-2020\/\">Saiba mais: Moody&#8217;s prev\u00ea queda de 1,6% do PIB do Brasil em 2020<\/a><\/p>\n<p>Segundo Secemki, a dissemina\u00e7\u00e3o do novo <strong>coronav\u00edrus<\/strong> em escala global levou a tomada de medidas preventivas e a queda da confian\u00e7a dos investidores. Da mesma forma, as reocupa\u00e7\u00f5es acerca da pandemia levaram a piora das condi\u00e7\u00f5es financeiras globais e as incertezas pol\u00edticas dom\u00e9sticas no Brasil contribu\u00edram para a proje\u00e7\u00e3o.<\/p>\n<h2>Mais proje\u00e7\u00f5es do Barclays<\/h2>\n<p>Para o economista, o <strong>PIB<\/strong> dever\u00e1 apresentar redu\u00e7\u00e3o no primeiro trimestre, em compara\u00e7\u00e3o com os tr\u00eas meses anteriores. Em seguida, dever\u00e1 haver um recuo de 3,5% a 4% no segundo trimestre. No entanto, Secemki aponta recupera\u00e7\u00e3o da economia na segunda metade do ano.<\/p>\n<p>O impacto nas atividades econ\u00f4micas entre abril e junho, assim como a possibilidade de retra\u00e7\u00e3o no terceiro trimestre, tamb\u00e9m podem adicionam risco para um queda na proje\u00e7\u00e3o anual.<\/p>\n<p>&#8220;Dependendo de quanto tempo as restri\u00e7\u00f5es atuais continuarem valendo, particularmente no estado de S\u00e3o Paulo, o <strong>PIB<\/strong> pode cair perto de 3% no ano&#8221;, apontou o economista. O cen\u00e1rio do crescimento de longo prazo do pa\u00eds n\u00e3o \u00e9 otimista, segundo Secemki que coloca o <strong>PIB<\/strong> potencial do Brasil entre 0,7% e 1%.<\/p>\n\t<p>\n\t\t<a href=\"https:\/\/www.suno.com.br\/wealth\/\" target=\"_blank\" data-element=\"shortcode-suno-banner\" title=\"Banner SUNO, clique e saiba mais\">\n\t\t\t<picture>\n\t\t\t\t<source media=\"(max-width: 500px)\" srcset=\"https:\/\/files.sunoresearch.com.br\/n\/uploads\/2024\/01\/400x300-Mobile-WEALTH.png\">\n\t\t\t\t<img class=\"newsContent__article__imgCapa newsContent__article__imgCapa--banner\"\n\t\t\t\t\tsrc=\"https:\/\/files.sunoresearch.com.br\/n\/uploads\/2024\/01\/1420x240-Banner-Artigos-1-_-Banner-Materias-1-6.png\"\n\t\t\t\t\tdata-promo-id=\"512147\"\t\t\t\t\t\t\t\t\t\twidth='1420' height='240'\t\t\t\t\talt=\"https:\/\/files.sunoresearch.com.br\/n\/uploads\/2024\/01\/1420x240-Banner-Artigos-1-_-Banner-Materias-1-6.png\"\n\t\t\t\t>\n\t\t\t<\/picture>\n\t\t<\/a>\n\t<\/p>\n\n\n<p>Ap\u00f3s todos os est\u00edmulos e o decreto de calamidade p\u00fablica, medida que\u00a0 flexibiliza a meta do resultado prim\u00e1rio, o economista estima que o governo federal registrar\u00e1 um <a href=\"https:\/\/www.suno.com.br\/artigos\/deficit-primario\/\">d\u00e9ficit<\/a> de R$ 204,5 bilh\u00f5es. O valor representa 2,7% do PIB total do Brasil, frente aos R$ 100 bilh\u00f5es anteriormente.<\/p>\n<p>O <strong>Barclays<\/strong> previa estabilidade no n\u00edvel da <a href=\"https:\/\/www.suno.com.br\/artigos\/taxa-selic\/\">taxa b\u00e1sica de juros<\/a>, no entanto, agora, o banco projeta um novo corte na Selic de 0,5%. A redu\u00e7\u00e3o deve acontecer na medida em que os impactos negativos continuem a atingir a atividade econ\u00f4mica. Contudo, o economista aponta que os est\u00edmulos devem vir mais por medidas macroprudenciais do que por redu\u00e7\u00e3o nos juros.<\/p>\n\n","protected":false},"excerpt":{"rendered":"<p>O Barclays divulgou nesta quarta-feira (25) a proje\u00e7\u00e3o do desempenho do Produto Interno Bruto (PIB) brasileiro neste ano. O banco revisou as estimativas para uma previs\u00e3o de queda de 0,5%. d\u00f3lar IPCA Boletim Focus. Foto: Pixabay. Na \u00faltima sexta-feira (20), o Barclays havia cortado sua proje\u00e7\u00e3o de aumento de 1,7% para uma alta de 0,4%. [&hellip;]<\/p>\n","protected":false},"author":35,"featured_media":54595,"comment_status":"closed","ping_status":"closed","sticky":false,"template":"","format":"standard","meta":[],"categories":[62],"tags":[807,1752],"suno_strategy":[],"class_list":["post-58791","post","type-post","status-publish","format-standard","has-post-thumbnail","hentry","category-economia","tag-produto-interno-bruto-pib","tag-taxa-de-juros"],"yoast_head":"<!-- This site is optimized with the Yoast SEO plugin v24.4 - https:\/\/yoast.com\/wordpress\/plugins\/seo\/ -->\n<title>Barclays revisa proje\u00e7\u00e3o do PIB de 2020 e passa a ver queda de 0,5%<\/title>\n<meta name=\"description\" content=\"O Barclays revisou as proje\u00e7\u00f5es do desempenho do PIB brasileiro de uma alta de 0,4% para uma retra\u00e7\u00e3o de 0,5%. Clique para saber mais\" \/>\n<meta name=\"robots\" content=\"index, follow, max-snippet:-1, max-image-preview:large, max-video-preview:-1\" \/>\n<link rel=\"canonical\" href=\"https:\/\/www.suno.com.br\/noticias\/barclays-revisa-pib-queda\/\" \/>\n<meta property=\"og:locale\" content=\"pt_BR\" \/>\n<meta property=\"og:type\" content=\"article\" \/>\n<meta property=\"og:title\" content=\"Barclays revisa proje\u00e7\u00e3o do PIB de 2020 e passa a ver queda de 0,5%\" \/>\n<meta property=\"og:description\" content=\"O Barclays revisou as proje\u00e7\u00f5es do desempenho do PIB brasileiro de uma alta de 0,4% para uma retra\u00e7\u00e3o de 0,5%. Clique para saber mais\" \/>\n<meta property=\"og:url\" content=\"https:\/\/www.suno.com.br\/noticias\/barclays-revisa-pib-queda\/\" \/>\n<meta property=\"og:site_name\" content=\"Suno Not\u00edcias\" \/>\n<meta property=\"article:publisher\" content=\"https:\/\/facebook.com\/sunoresearch\" \/>\n<meta property=\"og:image\" content=\"https:\/\/files.sunoresearch.com.br\/n\/uploads\/2020\/03\/4841b894-economia.jpg\" \/>\n\t<meta property=\"og:image:width\" content=\"1540\" \/>\n\t<meta property=\"og:image:height\" content=\"800\" \/>\n\t<meta property=\"og:image:type\" content=\"image\/jpeg\" \/>\n<meta name=\"author\" content=\"Arthur Guimar\u00e3es\" \/>\n<meta name=\"twitter:card\" content=\"summary_large_image\" \/>\n<meta name=\"twitter:creator\" content=\"@sunoresearch\" \/>\n<meta name=\"twitter:site\" content=\"@sunoresearch\" \/>\n<meta name=\"twitter:label1\" content=\"Escrito por\" \/>\n\t<meta name=\"twitter:data1\" content=\"Arthur Guimar\u00e3es\" \/>\n\t<meta name=\"twitter:label2\" content=\"Est. tempo de leitura\" \/>\n\t<meta name=\"twitter:data2\" content=\"2 minutos\" \/>\n<script type=\"application\/ld+json\" class=\"yoast-schema-graph\">{\"@context\":\"https:\/\/schema.org\",\"@graph\":[{\"@type\":\"NewsArticle\",\"@id\":\"https:\/\/www.suno.com.br\/noticias\/barclays-revisa-pib-queda\/#article\",\"isPartOf\":{\"@id\":\"https:\/\/www.suno.com.br\/noticias\/barclays-revisa-pib-queda\/\"},\"author\":{\"name\":\"Arthur Guimar\u00e3es\",\"@id\":\"https:\/\/www.suno.com.br\/noticias\/#\/schema\/person\/053a750a709a263919a20f976caae91c\"},\"headline\":\"Barclays revisa proje\u00e7\u00e3o do PIB de 2020 e passa a ver queda de 0,5%\",\"datePublished\":\"2020-03-25T20:17:47+00:00\",\"dateModified\":\"2021-02-18T17:21:36+00:00\",\"mainEntityOfPage\":{\"@id\":\"https:\/\/www.suno.com.br\/noticias\/barclays-revisa-pib-queda\/\"},\"wordCount\":488,\"publisher\":{\"@id\":\"https:\/\/www.suno.com.br\/noticias\/#organization\"},\"image\":{\"@id\":\"https:\/\/www.suno.com.br\/noticias\/barclays-revisa-pib-queda\/#primaryimage\"},\"thumbnailUrl\":\"https:\/\/files.sunoresearch.com.br\/n\/uploads\/2020\/03\/4841b894-economia-jpg.webp\",\"keywords\":[\"Produto Interno Bruto (PIB)\",\"taxa de juros\"],\"articleSection\":[\"Economia\"],\"inLanguage\":\"pt-BR\"},{\"@type\":\"WebPage\",\"@id\":\"https:\/\/www.suno.com.br\/noticias\/barclays-revisa-pib-queda\/\",\"url\":\"https:\/\/www.suno.com.br\/noticias\/barclays-revisa-pib-queda\/\",\"name\":\"Barclays revisa proje\u00e7\u00e3o do PIB de 2020 e passa a ver queda de 0,5%\",\"isPartOf\":{\"@id\":\"https:\/\/www.suno.com.br\/noticias\/#website\"},\"primaryImageOfPage\":{\"@id\":\"https:\/\/www.suno.com.br\/noticias\/barclays-revisa-pib-queda\/#primaryimage\"},\"image\":{\"@id\":\"https:\/\/www.suno.com.br\/noticias\/barclays-revisa-pib-queda\/#primaryimage\"},\"thumbnailUrl\":\"https:\/\/files.sunoresearch.com.br\/n\/uploads\/2020\/03\/4841b894-economia-jpg.webp\",\"datePublished\":\"2020-03-25T20:17:47+00:00\",\"dateModified\":\"2021-02-18T17:21:36+00:00\",\"description\":\"O Barclays revisou as proje\u00e7\u00f5es do desempenho do PIB brasileiro de uma alta de 0,4% para uma retra\u00e7\u00e3o de 0,5%. Clique para saber mais\",\"breadcrumb\":{\"@id\":\"https:\/\/www.suno.com.br\/noticias\/barclays-revisa-pib-queda\/#breadcrumb\"},\"inLanguage\":\"pt-BR\",\"potentialAction\":[{\"@type\":\"ReadAction\",\"target\":[\"https:\/\/www.suno.com.br\/noticias\/barclays-revisa-pib-queda\/\"]}]},{\"@type\":\"ImageObject\",\"inLanguage\":\"pt-BR\",\"@id\":\"https:\/\/www.suno.com.br\/noticias\/barclays-revisa-pib-queda\/#primaryimage\",\"url\":\"https:\/\/files.sunoresearch.com.br\/n\/uploads\/2020\/03\/4841b894-economia-jpg.webp\",\"contentUrl\":\"https:\/\/files.sunoresearch.com.br\/n\/uploads\/2020\/03\/4841b894-economia-jpg.webp\",\"width\":1540,\"height\":800,\"caption\":\"d\u00f3lar IPCA Boletim Focus. Foto: Pixabay.\"},{\"@type\":\"BreadcrumbList\",\"@id\":\"https:\/\/www.suno.com.br\/noticias\/barclays-revisa-pib-queda\/#breadcrumb\",\"itemListElement\":[{\"@type\":\"ListItem\",\"position\":1,\"name\":\"Not\u00edcias\",\"item\":\"https:\/\/www.suno.com.br\/noticias\/\"},{\"@type\":\"ListItem\",\"position\":2,\"name\":\"Economia\",\"item\":\"https:\/\/www.suno.com.br\/noticias\/economia\/\"},{\"@type\":\"ListItem\",\"position\":3,\"name\":\"Barclays revisa proje\u00e7\u00e3o do PIB de 2020 e passa a ver queda de 0,5%\"}]},{\"@type\":\"WebSite\",\"@id\":\"https:\/\/www.suno.com.br\/noticias\/#website\",\"url\":\"https:\/\/www.suno.com.br\/noticias\/\",\"name\":\"Suno Not\u00edcias\",\"description\":\"Seu portal de informa\u00e7\u00e3o sobre o mundo dos investimentos\",\"publisher\":{\"@id\":\"https:\/\/www.suno.com.br\/noticias\/#organization\"},\"potentialAction\":[{\"@type\":\"SearchAction\",\"target\":{\"@type\":\"EntryPoint\",\"urlTemplate\":\"https:\/\/www.suno.com.br\/noticias\/?s={search_term_string}\"},\"query-input\":{\"@type\":\"PropertyValueSpecification\",\"valueRequired\":true,\"valueName\":\"search_term_string\"}}],\"inLanguage\":\"pt-BR\"},{\"@type\":\"Organization\",\"@id\":\"https:\/\/www.suno.com.br\/noticias\/#organization\",\"name\":\"Suno Not\u00edcias\",\"url\":\"https:\/\/www.suno.com.br\/noticias\/\",\"logo\":{\"@type\":\"ImageObject\",\"inLanguage\":\"pt-BR\",\"@id\":\"https:\/\/www.suno.com.br\/noticias\/#\/schema\/logo\/image\/\",\"url\":\"https:\/\/files.sunoresearch.com.br\/n\/uploads\/2021\/09\/suno-logo.png\",\"contentUrl\":\"https:\/\/files.sunoresearch.com.br\/n\/uploads\/2021\/09\/suno-logo.png\",\"width\":180,\"height\":180,\"caption\":\"Suno Not\u00edcias\"},\"image\":{\"@id\":\"https:\/\/www.suno.com.br\/noticias\/#\/schema\/logo\/image\/\"},\"sameAs\":[\"https:\/\/facebook.com\/sunoresearch\",\"https:\/\/x.com\/sunoresearch\",\"https:\/\/www.instagram.com\/suno\",\"https:\/\/www.linkedin.com\/company\/suno-research\/\",\"https:\/\/www.youtube.com\/c\/sunoresearch\"]},{\"@type\":\"Person\",\"@id\":\"https:\/\/www.suno.com.br\/noticias\/#\/schema\/person\/053a750a709a263919a20f976caae91c\",\"name\":\"Arthur Guimar\u00e3es\",\"image\":{\"@type\":\"ImageObject\",\"inLanguage\":\"pt-BR\",\"@id\":\"https:\/\/www.suno.com.br\/noticias\/#\/schema\/person\/image\/\",\"url\":\"https:\/\/secure.gravatar.com\/avatar\/1affd86a11209ae09eb6dd3bcad3e96c?s=96&r=g\",\"contentUrl\":\"https:\/\/secure.gravatar.com\/avatar\/1affd86a11209ae09eb6dd3bcad3e96c?s=96&r=g\",\"caption\":\"Arthur Guimar\u00e3es\"},\"description\":\"Arthur Guimar\u00e3es escreve sobre pol\u00edtica, economia e neg\u00f3cios para o portal de not\u00edcias da Suno Research. Atualmente, \u00e9 estudante de jornalismo pela Faculdade C\u00e1sper L\u00edbero.\",\"url\":\"https:\/\/www.suno.com.br\/noticias\/author\/arthur-guimaraes\/\"}]}<\/script>\n<!-- \/ Yoast SEO plugin. -->","yoast_head_json":{"title":"Barclays revisa proje\u00e7\u00e3o do PIB de 2020 e passa a ver queda de 0,5%","description":"O Barclays revisou as proje\u00e7\u00f5es do desempenho do PIB brasileiro de uma alta de 0,4% para uma retra\u00e7\u00e3o de 0,5%. Clique para saber mais","robots":{"index":"index","follow":"follow","max-snippet":"max-snippet:-1","max-image-preview":"max-image-preview:large","max-video-preview":"max-video-preview:-1"},"canonical":"https:\/\/www.suno.com.br\/noticias\/barclays-revisa-pib-queda\/","og_locale":"pt_BR","og_type":"article","og_title":"Barclays revisa proje\u00e7\u00e3o do PIB de 2020 e passa a ver queda de 0,5%","og_description":"O Barclays revisou as proje\u00e7\u00f5es do desempenho do PIB brasileiro de uma alta de 0,4% para uma retra\u00e7\u00e3o de 0,5%. Clique para saber mais","og_url":"https:\/\/www.suno.com.br\/noticias\/barclays-revisa-pib-queda\/","og_site_name":"Suno Not\u00edcias","article_publisher":"https:\/\/facebook.com\/sunoresearch","og_image":[{"width":1540,"height":800,"url":"https:\/\/files.sunoresearch.com.br\/n\/uploads\/2020\/03\/4841b894-economia.jpg","type":"image\/jpeg"}],"author":"Arthur Guimar\u00e3es","twitter_card":"summary_large_image","twitter_creator":"@sunoresearch","twitter_site":"@sunoresearch","twitter_misc":{"Escrito por":"Arthur Guimar\u00e3es","Est. tempo de leitura":"2 minutos"},"schema":{"@context":"https:\/\/schema.org","@graph":[{"@type":"NewsArticle","@id":"https:\/\/www.suno.com.br\/noticias\/barclays-revisa-pib-queda\/#article","isPartOf":{"@id":"https:\/\/www.suno.com.br\/noticias\/barclays-revisa-pib-queda\/"},"author":{"name":"Arthur Guimar\u00e3es","@id":"https:\/\/www.suno.com.br\/noticias\/#\/schema\/person\/053a750a709a263919a20f976caae91c"},"headline":"Barclays revisa proje\u00e7\u00e3o do PIB de 2020 e passa a ver queda de 0,5%","datePublished":"2020-03-25T20:17:47+00:00","dateModified":"2021-02-18T17:21:36+00:00","mainEntityOfPage":{"@id":"https:\/\/www.suno.com.br\/noticias\/barclays-revisa-pib-queda\/"},"wordCount":488,"publisher":{"@id":"https:\/\/www.suno.com.br\/noticias\/#organization"},"image":{"@id":"https:\/\/www.suno.com.br\/noticias\/barclays-revisa-pib-queda\/#primaryimage"},"thumbnailUrl":"https:\/\/files.sunoresearch.com.br\/n\/uploads\/2020\/03\/4841b894-economia-jpg.webp","keywords":["Produto Interno Bruto (PIB)","taxa de juros"],"articleSection":["Economia"],"inLanguage":"pt-BR"},{"@type":"WebPage","@id":"https:\/\/www.suno.com.br\/noticias\/barclays-revisa-pib-queda\/","url":"https:\/\/www.suno.com.br\/noticias\/barclays-revisa-pib-queda\/","name":"Barclays revisa proje\u00e7\u00e3o do PIB de 2020 e passa a ver queda de 0,5%","isPartOf":{"@id":"https:\/\/www.suno.com.br\/noticias\/#website"},"primaryImageOfPage":{"@id":"https:\/\/www.suno.com.br\/noticias\/barclays-revisa-pib-queda\/#primaryimage"},"image":{"@id":"https:\/\/www.suno.com.br\/noticias\/barclays-revisa-pib-queda\/#primaryimage"},"thumbnailUrl":"https:\/\/files.sunoresearch.com.br\/n\/uploads\/2020\/03\/4841b894-economia-jpg.webp","datePublished":"2020-03-25T20:17:47+00:00","dateModified":"2021-02-18T17:21:36+00:00","description":"O Barclays revisou as proje\u00e7\u00f5es do desempenho do PIB brasileiro de uma alta de 0,4% para uma retra\u00e7\u00e3o de 0,5%. Clique para saber mais","breadcrumb":{"@id":"https:\/\/www.suno.com.br\/noticias\/barclays-revisa-pib-queda\/#breadcrumb"},"inLanguage":"pt-BR","potentialAction":[{"@type":"ReadAction","target":["https:\/\/www.suno.com.br\/noticias\/barclays-revisa-pib-queda\/"]}]},{"@type":"ImageObject","inLanguage":"pt-BR","@id":"https:\/\/www.suno.com.br\/noticias\/barclays-revisa-pib-queda\/#primaryimage","url":"https:\/\/files.sunoresearch.com.br\/n\/uploads\/2020\/03\/4841b894-economia-jpg.webp","contentUrl":"https:\/\/files.sunoresearch.com.br\/n\/uploads\/2020\/03\/4841b894-economia-jpg.webp","width":1540,"height":800,"caption":"d\u00f3lar IPCA Boletim Focus. Foto: Pixabay."},{"@type":"BreadcrumbList","@id":"https:\/\/www.suno.com.br\/noticias\/barclays-revisa-pib-queda\/#breadcrumb","itemListElement":[{"@type":"ListItem","position":1,"name":"Not\u00edcias","item":"https:\/\/www.suno.com.br\/noticias\/"},{"@type":"ListItem","position":2,"name":"Economia","item":"https:\/\/www.suno.com.br\/noticias\/economia\/"},{"@type":"ListItem","position":3,"name":"Barclays revisa proje\u00e7\u00e3o do PIB de 2020 e passa a ver queda de 0,5%"}]},{"@type":"WebSite","@id":"https:\/\/www.suno.com.br\/noticias\/#website","url":"https:\/\/www.suno.com.br\/noticias\/","name":"Suno Not\u00edcias","description":"Seu portal de informa\u00e7\u00e3o sobre o mundo dos investimentos","publisher":{"@id":"https:\/\/www.suno.com.br\/noticias\/#organization"},"potentialAction":[{"@type":"SearchAction","target":{"@type":"EntryPoint","urlTemplate":"https:\/\/www.suno.com.br\/noticias\/?s={search_term_string}"},"query-input":{"@type":"PropertyValueSpecification","valueRequired":true,"valueName":"search_term_string"}}],"inLanguage":"pt-BR"},{"@type":"Organization","@id":"https:\/\/www.suno.com.br\/noticias\/#organization","name":"Suno Not\u00edcias","url":"https:\/\/www.suno.com.br\/noticias\/","logo":{"@type":"ImageObject","inLanguage":"pt-BR","@id":"https:\/\/www.suno.com.br\/noticias\/#\/schema\/logo\/image\/","url":"https:\/\/files.sunoresearch.com.br\/n\/uploads\/2021\/09\/suno-logo.png","contentUrl":"https:\/\/files.sunoresearch.com.br\/n\/uploads\/2021\/09\/suno-logo.png","width":180,"height":180,"caption":"Suno Not\u00edcias"},"image":{"@id":"https:\/\/www.suno.com.br\/noticias\/#\/schema\/logo\/image\/"},"sameAs":["https:\/\/facebook.com\/sunoresearch","https:\/\/x.com\/sunoresearch","https:\/\/www.instagram.com\/suno","https:\/\/www.linkedin.com\/company\/suno-research\/","https:\/\/www.youtube.com\/c\/sunoresearch"]},{"@type":"Person","@id":"https:\/\/www.suno.com.br\/noticias\/#\/schema\/person\/053a750a709a263919a20f976caae91c","name":"Arthur Guimar\u00e3es","image":{"@type":"ImageObject","inLanguage":"pt-BR","@id":"https:\/\/www.suno.com.br\/noticias\/#\/schema\/person\/image\/","url":"https:\/\/secure.gravatar.com\/avatar\/1affd86a11209ae09eb6dd3bcad3e96c?s=96&r=g","contentUrl":"https:\/\/secure.gravatar.com\/avatar\/1affd86a11209ae09eb6dd3bcad3e96c?s=96&r=g","caption":"Arthur Guimar\u00e3es"},"description":"Arthur Guimar\u00e3es escreve sobre pol\u00edtica, economia e neg\u00f3cios para o portal de not\u00edcias da Suno Research. Atualmente, \u00e9 estudante de jornalismo pela Faculdade C\u00e1sper L\u00edbero.","url":"https:\/\/www.suno.com.br\/noticias\/author\/arthur-guimaraes\/"}]}},"default_loop_html":"<div class=\"cardsPage__listCard__boxs\"><div class=\"cardsPage__listCard__boxs__img\"><a href=\"https:\/\/www.suno.com.br\/noticias\/barclays-revisa-pib-queda\/\"><img class=\"mask\" src=\"https:\/\/www.suno.com.br\/noticias\/wp-content\/themes\/suno\/resources\/images\/spotlight\/spotlight1img\/bg-mask.png\" alt=\"Image Mask\"\/><img src=\"https:\/\/files.sunoresearch.com.br\/n\/uploads\/2020\/03\/4841b894-economia-400x200.webp\" alt=\"Barclays revisa proje\u00e7\u00e3o do PIB de 2020 e passa a ver queda de 0,5%\"\/><\/a><span class=\"spotlightCategory\"><a href=\"https:\/\/www.suno.com.br\/noticias\/economia\/\">Economia<\/a><\/span><\/div><div class=\"cardsPage__listCard__boxs__content\"><a href=\"https:\/\/www.suno.com.br\/noticias\/barclays-revisa-pib-queda\/\"><h2 class=\"content__title\">Barclays revisa proje\u00e7\u00e3o do PIB de 2020 e passa a ver queda de 0,5%<\/h2><\/a><div class=\"newsContent__article__meta\"><div class=\"newsContent__article__meta__authorBox\"><a href=\"https:\/\/www.suno.com.br\/noticias\/author\/arthur-guimaraes\/\" class=\"authorBox__avatar noMobi\"><img src=\"https:\/\/files.sunoresearch.com.br\/n\/uploads\/2020\/02\/dfb40897-eu-150x150.webp\" alt=\"Arthur Guimar\u00e3es\"><\/a><div class=\"authorBox__name\"><span>por\n\t\t\t<a href=\"https:\/\/www.suno.com.br\/noticias\/author\/arthur-guimaraes\/\"><span itemprop=\"author\">Arthur Guimar\u00e3es<\/span><\/a><\/span><time datetime=\"2020-03-25T17:17:47-03:00\" itemprop=\"datePublished\">25\/03\/2020 17:17<\/time><\/div><\/div><\/div><\/div><\/div>","single_layout":"posts","amp_enabled":true,"_links":{"self":[{"href":"https:\/\/www.suno.com.br\/noticias\/wp-json\/wp\/v2\/posts\/58791"}],"collection":[{"href":"https:\/\/www.suno.com.br\/noticias\/wp-json\/wp\/v2\/posts"}],"about":[{"href":"https:\/\/www.suno.com.br\/noticias\/wp-json\/wp\/v2\/types\/post"}],"author":[{"embeddable":true,"href":"https:\/\/www.suno.com.br\/noticias\/wp-json\/wp\/v2\/users\/35"}],"replies":[{"embeddable":true,"href":"https:\/\/www.suno.com.br\/noticias\/wp-json\/wp\/v2\/comments?post=58791"}],"version-history":[{"count":0,"href":"https:\/\/www.suno.com.br\/noticias\/wp-json\/wp\/v2\/posts\/58791\/revisions"}],"wp:featuredmedia":[{"embeddable":true,"href":"https:\/\/www.suno.com.br\/noticias\/wp-json\/wp\/v2\/media\/54595"}],"wp:attachment":[{"href":"https:\/\/www.suno.com.br\/noticias\/wp-json\/wp\/v2\/media?parent=58791"}],"wp:term":[{"taxonomy":"category","embeddable":true,"href":"https:\/\/www.suno.com.br\/noticias\/wp-json\/wp\/v2\/categories?post=58791"},{"taxonomy":"post_tag","embeddable":true,"href":"https:\/\/www.suno.com.br\/noticias\/wp-json\/wp\/v2\/tags?post=58791"},{"taxonomy":"suno_strategy","embeddable":true,"href":"https:\/\/www.suno.com.br\/noticias\/wp-json\/wp\/v2\/suno_strategy?post=58791"}],"curies":[{"name":"wp","href":"https:\/\/api.w.org\/{rel}","templated":true}]}}