{"id":587471,"date":"2024-12-11T15:26:46","date_gmt":"2024-12-11T18:26:46","guid":{"rendered":"https:\/\/www.suno.com.br\/noticias\/?p=587471"},"modified":"2024-12-11T15:26:49","modified_gmt":"2024-12-11T18:26:49","slug":"natal-2024-gasto-presentes-pretensao-gss","status":"publish","type":"post","link":"https:\/\/www.suno.com.br\/noticias\/natal-2024-gasto-presentes-pretensao-gss\/","title":{"rendered":"Natal: quanto o brasileiro pretende gastar em presentes?"},"content":{"rendered":"<p>Os brasileiros planejam gastar, em m\u00e9dia, R$ 446 com presentes de <strong>Natal<\/strong> este ano, um aumento de cerca de 7% em compara\u00e7\u00e3o aos R$ 418 registrados em 2023. <\/p>\t<div class=\"wrapper-featured-image\">\n\t\t<figure class=\"spotlightImg\">\n\n\t\t\t<picture>\n\t\t\t\t<source media=\"(max-width: 768px)\" srcset=\"https:\/\/files.sunoresearch.com.br\/n\/uploads\/2024\/12\/mel-poole-LUPXhXj2ip0-unsplash-400x200.jpg\">\n\t\t\t\t<img loading=\"lazy\" decoding=\"async\" class=\"newsContent__article__imgCapa lazyloadDisabled \" src=\"https:\/\/files.sunoresearch.com.br\/n\/uploads\/2024\/12\/mel-poole-LUPXhXj2ip0-unsplash-800x450.jpg\" width=\"800\" height=\"450\" alt=\"Natal: quanto o brasileiro pretende gastar em presentes?\" fetchpriority=high \/>\n\t\t\t<\/picture>\n\n\t\t\t<figcaption class=\"wp-caption-text wp-caption-text--show\">Foto: Unsplash<\/figcaption>\n\t\t<\/figure>\n\t<\/div>\n\n\n\n\n\n\n\n\t<p>\n\t\t<a href=\"\" target=\"_blank\" data-element=\"shortcode-suno-banner\" title=\"Banner SUNO, clique e saiba mais\">\n\t\t\t<picture>\n\t\t\t\t<source media=\"(max-width: 500px)\" srcset=\"\">\n\t\t\t\t<img class=\"newsContent__article__imgCapa newsContent__article__imgCapa--banner\"\n\t\t\t\t\tsrc=\"\"\n\t\t\t\t\tdata-promo-id=\"240038\"\t\t\t\t\t\t\t\t\t\t\t\t\t\t\talt=\"\"\n\t\t\t\t>\n\t\t\t<\/picture>\n\t\t<\/a>\n\t<\/p>\n\n\n\n\n\n<p>Os dados s\u00e3o de uma pesquisa realizada pela Abecs em parceria com o Instituto Datafolha, e revelam que a data pode movimentar R$ 50 bilh\u00f5es em 2024, um crescimento de 15,8% em rela\u00e7\u00e3o ao ano anterior.<\/p>\n\n\n\n<p>Cerca de 62% dos brasileiros afirmam que pretendem comprar <strong>presentes neste Natal<\/strong>, mesmo patamar do ano passado. Entre os m\u00e9todos de pagamento, o cart\u00e3o \u00e9 o mais escolhido, com 49% de inten\u00e7\u00e3o de uso. O Pix aparece em segundo lugar, com 40%, seguido por dinheiro em esp\u00e9cie (35%), boleto banc\u00e1rio (2%) e cart\u00e3o de loja (1%). Entre os que preferem o <a class=\"suno-keyword\" target=\"_blank\" data-force=\"no\" data-priority=\"3\" href=\"https:\/\/www.suno.com.br\/artigos\/cartao-de-credito\/\" rel=\"noopener\">cart\u00e3o de cr\u00e9dito<\/a>, 77% planejam parcelar suas compras.<\/p>\n\n\n\n<p>Os itens mais mencionados pelos consumidores s\u00e3o roupas (60%), seguidas de brinquedos (42%). Em terceiro lugar est\u00e3o os cal\u00e7ados (18%), seguidos por perfumes e cosm\u00e9ticos (15%). Outros itens, como eletr\u00f4nicos (5%), acess\u00f3rios (4%), eletrodom\u00e9sticos (3%), utens\u00edlios dom\u00e9sticos e livros (2% cada), tiveram menor destaque.<\/p>\n\n\n\t<p>\n\t\t<a href=\"https:\/\/lp.suno.com.br\/ebook-gratuito-investindo-no-exterior\/\" target=\"_blank\" data-element=\"shortcode-suno-banner\" title=\"Banner SUNO, clique e saiba mais\">\n\t\t\t<picture>\n\t\t\t\t<source media=\"(max-width: 500px)\" srcset=\"https:\/\/files.sunoresearch.com.br\/n\/uploads\/2023\/03\/400x300-Investindo-no-exterior.png\">\n\t\t\t\t<img class=\"newsContent__article__imgCapa newsContent__article__imgCapa--banner\"\n\t\t\t\t\tsrc=\"https:\/\/files.sunoresearch.com.br\/n\/uploads\/2023\/03\/1420x240-Investindo-no-exterior.png\"\n\t\t\t\t\tdata-promo-id=\"383161\"\t\t\t\t\t\t\t\t\t\twidth='1420' height='240'\t\t\t\t\talt=\"https:\/\/files.sunoresearch.com.br\/n\/uploads\/2023\/03\/1420x240-Investindo-no-exterior.png\"\n\t\t\t\t>\n\t\t\t<\/picture>\n\t\t<\/a>\n\t<\/p>\n\n\n\n\n\n<p>Embora as compras online estejam crescendo, 73% dos consumidores optam pelas lojas f\u00edsicas, enquanto 31% preferem o e-commerce. Essa prefer\u00eancia por compras presenciais se mant\u00e9m em todas as regi\u00f5es do Brasil, liderada pelo Norte (83%) e seguida pelo Centro-Oeste (78%), Nordeste (77%), Sul (76%) e Sudeste (68%).<\/p>\n\n\n\n<p>Por classe econ\u00f4mica, a inten\u00e7\u00e3o de compra \u00e9 maior nas classes A\/B (75%), seguida pela classe C (64%) e pelas classes D\/E (49%). <\/p>\n\n\n\n<p>A m\u00e9dia de <strong>gasto no Natal<\/strong> aumenta conforme a faixa et\u00e1ria: pessoas com 60 anos ou mais planejam desembolsar R$ 498, o maior valor registrado. Na sequ\u00eancia, aparecem os grupos de 45 a 59 anos (R$ 481), 35 a 44 anos (R$ 460), 25 a 34 anos (R$ 426) e 18 a 24 anos (R$ 351).<\/p>\n\n\n\n<p>No recorte por g\u00eanero, os homens pretendem gastar R$ 509, enquanto as mulheres planejam desembolsar R$ 379 com presentes de <strong>Natal<\/strong>.<\/p>\n\n\n\t<p>\n\t\t<a href=\"https:\/\/lp.suno.com.br\/planilha-da-vida-financeira\/\" target=\"_blank\" data-element=\"shortcode-suno-banner\" title=\"Banner SUNO, clique e saiba mais\">\n\t\t\t<picture>\n\t\t\t\t<source media=\"(max-width: 500px)\" srcset=\"https:\/\/files.sunoresearch.com.br\/n\/uploads\/2023\/04\/400x300-Planilha-vida-financeira-true.png\">\n\t\t\t\t<img class=\"newsContent__article__imgCapa newsContent__article__imgCapa--banner\"\n\t\t\t\t\tsrc=\"https:\/\/files.sunoresearch.com.br\/n\/uploads\/2023\/04\/1420x240-Planilha-vida-financeira-true.png\"\n\t\t\t\t\tdata-promo-id=\"383123\"\t\t\t\t\t\t\t\t\t\twidth='1420' height='240'\t\t\t\t\talt=\"https:\/\/files.sunoresearch.com.br\/n\/uploads\/2023\/04\/1420x240-Planilha-vida-financeira-true.png\"\n\t\t\t\t>\n\t\t\t<\/picture>\n\t\t<\/a>\n\t<\/p>\n\n\n","protected":false},"excerpt":{"rendered":"<p>Os brasileiros planejam gastar, em m\u00e9dia, R$ 446 com presentes de Natal este ano, um aumento de cerca de 7% em compara\u00e7\u00e3o aos R$ 418 registrados em 2023. Foto: Unsplash Os dados s\u00e3o de uma pesquisa realizada pela Abecs em parceria com o Instituto Datafolha, e revelam que a data pode movimentar R$ 50 bilh\u00f5es [&hellip;]<\/p>\n","protected":false},"author":376,"featured_media":587475,"comment_status":"closed","ping_status":"closed","sticky":false,"template":"","format":"standard","meta":[],"categories":[64],"tags":[],"suno_strategy":[],"class_list":["post-587471","post","type-post","status-publish","format-standard","has-post-thumbnail","hentry","category-negocios"],"yoast_head":"<!-- This site is optimized with the Yoast SEO plugin v24.4 - https:\/\/yoast.com\/wordpress\/plugins\/seo\/ -->\n<title>Natal: quanto o brasileiro pretende gastar em presentes?<\/title>\n<meta name=\"description\" content=\"Confira quando o brasileiro pretende gastar neste Natal, bem como quais s\u00e3o os itens mais procurados para a data.\" \/>\n<meta name=\"robots\" content=\"index, follow, max-snippet:-1, max-image-preview:large, max-video-preview:-1\" \/>\n<link rel=\"canonical\" href=\"https:\/\/www.suno.com.br\/noticias\/natal-2024-gasto-presentes-pretensao-gss\/\" \/>\n<meta property=\"og:locale\" content=\"pt_BR\" \/>\n<meta property=\"og:type\" content=\"article\" \/>\n<meta property=\"og:title\" content=\"Natal: quanto o brasileiro pretende gastar em presentes?\" \/>\n<meta property=\"og:description\" content=\"Confira quando o brasileiro pretende gastar neste Natal, bem como quais s\u00e3o os itens mais procurados para a data.\" \/>\n<meta property=\"og:url\" content=\"https:\/\/www.suno.com.br\/noticias\/natal-2024-gasto-presentes-pretensao-gss\/\" \/>\n<meta property=\"og:site_name\" content=\"Suno Not\u00edcias\" \/>\n<meta property=\"article:publisher\" content=\"https:\/\/facebook.com\/sunoresearch\" \/>\n<meta property=\"og:image\" content=\"https:\/\/files.sunoresearch.com.br\/n\/uploads\/2024\/12\/mel-poole-LUPXhXj2ip0-unsplash.jpg\" \/>\n\t<meta property=\"og:image:width\" content=\"1920\" \/>\n\t<meta property=\"og:image:height\" content=\"1277\" \/>\n\t<meta property=\"og:image:type\" content=\"image\/jpeg\" \/>\n<meta name=\"author\" content=\"Guilherme Serrano\" \/>\n<meta name=\"twitter:card\" content=\"summary_large_image\" \/>\n<meta name=\"twitter:creator\" content=\"@sunoresearch\" \/>\n<meta name=\"twitter:site\" content=\"@sunoresearch\" \/>\n<meta name=\"twitter:label1\" content=\"Escrito por\" \/>\n\t<meta name=\"twitter:data1\" content=\"Guilherme Serrano\" \/>\n\t<meta name=\"twitter:label2\" content=\"Est. tempo de leitura\" \/>\n\t<meta name=\"twitter:data2\" content=\"2 minutos\" \/>\n<script type=\"application\/ld+json\" class=\"yoast-schema-graph\">{\"@context\":\"https:\/\/schema.org\",\"@graph\":[{\"@type\":\"NewsArticle\",\"@id\":\"https:\/\/www.suno.com.br\/noticias\/natal-2024-gasto-presentes-pretensao-gss\/#article\",\"isPartOf\":{\"@id\":\"https:\/\/www.suno.com.br\/noticias\/natal-2024-gasto-presentes-pretensao-gss\/\"},\"author\":{\"name\":\"Guilherme Serrano\",\"@id\":\"https:\/\/www.suno.com.br\/noticias\/#\/schema\/person\/d0f07e64bce64aa671feadfb844f04ca\"},\"headline\":\"Natal: quanto o brasileiro pretende gastar em presentes?\",\"datePublished\":\"2024-12-11T18:26:46+00:00\",\"dateModified\":\"2024-12-11T18:26:49+00:00\",\"mainEntityOfPage\":{\"@id\":\"https:\/\/www.suno.com.br\/noticias\/natal-2024-gasto-presentes-pretensao-gss\/\"},\"wordCount\":325,\"publisher\":{\"@id\":\"https:\/\/www.suno.com.br\/noticias\/#organization\"},\"image\":{\"@id\":\"https:\/\/www.suno.com.br\/noticias\/natal-2024-gasto-presentes-pretensao-gss\/#primaryimage\"},\"thumbnailUrl\":\"https:\/\/files.sunoresearch.com.br\/n\/uploads\/2024\/12\/mel-poole-LUPXhXj2ip0-unsplash.jpg\",\"articleSection\":[\"Neg\u00f3cios\"],\"inLanguage\":\"pt-BR\"},{\"@type\":\"WebPage\",\"@id\":\"https:\/\/www.suno.com.br\/noticias\/natal-2024-gasto-presentes-pretensao-gss\/\",\"url\":\"https:\/\/www.suno.com.br\/noticias\/natal-2024-gasto-presentes-pretensao-gss\/\",\"name\":\"Natal: quanto o brasileiro pretende gastar em presentes?\",\"isPartOf\":{\"@id\":\"https:\/\/www.suno.com.br\/noticias\/#website\"},\"primaryImageOfPage\":{\"@id\":\"https:\/\/www.suno.com.br\/noticias\/natal-2024-gasto-presentes-pretensao-gss\/#primaryimage\"},\"image\":{\"@id\":\"https:\/\/www.suno.com.br\/noticias\/natal-2024-gasto-presentes-pretensao-gss\/#primaryimage\"},\"thumbnailUrl\":\"https:\/\/files.sunoresearch.com.br\/n\/uploads\/2024\/12\/mel-poole-LUPXhXj2ip0-unsplash.jpg\",\"datePublished\":\"2024-12-11T18:26:46+00:00\",\"dateModified\":\"2024-12-11T18:26:49+00:00\",\"description\":\"Confira quando o brasileiro pretende gastar neste Natal, bem como quais s\u00e3o os itens mais procurados para a data.\",\"breadcrumb\":{\"@id\":\"https:\/\/www.suno.com.br\/noticias\/natal-2024-gasto-presentes-pretensao-gss\/#breadcrumb\"},\"inLanguage\":\"pt-BR\",\"potentialAction\":[{\"@type\":\"ReadAction\",\"target\":[\"https:\/\/www.suno.com.br\/noticias\/natal-2024-gasto-presentes-pretensao-gss\/\"]}]},{\"@type\":\"ImageObject\",\"inLanguage\":\"pt-BR\",\"@id\":\"https:\/\/www.suno.com.br\/noticias\/natal-2024-gasto-presentes-pretensao-gss\/#primaryimage\",\"url\":\"https:\/\/files.sunoresearch.com.br\/n\/uploads\/2024\/12\/mel-poole-LUPXhXj2ip0-unsplash.jpg\",\"contentUrl\":\"https:\/\/files.sunoresearch.com.br\/n\/uploads\/2024\/12\/mel-poole-LUPXhXj2ip0-unsplash.jpg\",\"width\":1920,\"height\":1277,\"caption\":\"Foto: Unsplash\"},{\"@type\":\"BreadcrumbList\",\"@id\":\"https:\/\/www.suno.com.br\/noticias\/natal-2024-gasto-presentes-pretensao-gss\/#breadcrumb\",\"itemListElement\":[{\"@type\":\"ListItem\",\"position\":1,\"name\":\"Not\u00edcias\",\"item\":\"https:\/\/www.suno.com.br\/noticias\/\"},{\"@type\":\"ListItem\",\"position\":2,\"name\":\"Neg\u00f3cios\",\"item\":\"https:\/\/www.suno.com.br\/noticias\/negocios\/\"},{\"@type\":\"ListItem\",\"position\":3,\"name\":\"Natal: quanto o brasileiro pretende gastar em presentes?\"}]},{\"@type\":\"WebSite\",\"@id\":\"https:\/\/www.suno.com.br\/noticias\/#website\",\"url\":\"https:\/\/www.suno.com.br\/noticias\/\",\"name\":\"Suno Not\u00edcias\",\"description\":\"Seu portal de informa\u00e7\u00e3o sobre o mundo dos investimentos\",\"publisher\":{\"@id\":\"https:\/\/www.suno.com.br\/noticias\/#organization\"},\"potentialAction\":[{\"@type\":\"SearchAction\",\"target\":{\"@type\":\"EntryPoint\",\"urlTemplate\":\"https:\/\/www.suno.com.br\/noticias\/?s={search_term_string}\"},\"query-input\":{\"@type\":\"PropertyValueSpecification\",\"valueRequired\":true,\"valueName\":\"search_term_string\"}}],\"inLanguage\":\"pt-BR\"},{\"@type\":\"Organization\",\"@id\":\"https:\/\/www.suno.com.br\/noticias\/#organization\",\"name\":\"Suno Not\u00edcias\",\"url\":\"https:\/\/www.suno.com.br\/noticias\/\",\"logo\":{\"@type\":\"ImageObject\",\"inLanguage\":\"pt-BR\",\"@id\":\"https:\/\/www.suno.com.br\/noticias\/#\/schema\/logo\/image\/\",\"url\":\"https:\/\/files.sunoresearch.com.br\/n\/uploads\/2021\/09\/suno-logo.png\",\"contentUrl\":\"https:\/\/files.sunoresearch.com.br\/n\/uploads\/2021\/09\/suno-logo.png\",\"width\":180,\"height\":180,\"caption\":\"Suno Not\u00edcias\"},\"image\":{\"@id\":\"https:\/\/www.suno.com.br\/noticias\/#\/schema\/logo\/image\/\"},\"sameAs\":[\"https:\/\/facebook.com\/sunoresearch\",\"https:\/\/x.com\/sunoresearch\",\"https:\/\/www.instagram.com\/suno\",\"https:\/\/www.linkedin.com\/company\/suno-research\/\",\"https:\/\/www.youtube.com\/c\/sunoresearch\"]},{\"@type\":\"Person\",\"@id\":\"https:\/\/www.suno.com.br\/noticias\/#\/schema\/person\/d0f07e64bce64aa671feadfb844f04ca\",\"name\":\"Guilherme Serrano\",\"image\":{\"@type\":\"ImageObject\",\"inLanguage\":\"pt-BR\",\"@id\":\"https:\/\/www.suno.com.br\/noticias\/#\/schema\/person\/image\/\",\"url\":\"https:\/\/secure.gravatar.com\/avatar\/a90be19d8c67bef61497e4522de30ac4?s=96&r=g\",\"contentUrl\":\"https:\/\/secure.gravatar.com\/avatar\/a90be19d8c67bef61497e4522de30ac4?s=96&r=g\",\"caption\":\"Guilherme Serrano\"},\"description\":\"Jornalista formado pela Faculdade C\u00e1sper L\u00edbero e p\u00f3s-graduado em Can\u00e7\u00e3o Popular pela Faculdade Santa Marcelina. Passagens por R\u00e1dio Gazeta AM, gazetaesportiva.com e TC R\u00e1dio.\",\"url\":\"https:\/\/www.suno.com.br\/noticias\/author\/guilherme-silvasuno-com-br\/\"}]}<\/script>\n<!-- \/ Yoast SEO plugin. -->","yoast_head_json":{"title":"Natal: quanto o brasileiro pretende gastar em presentes?","description":"Confira quando o brasileiro pretende gastar neste Natal, bem como quais s\u00e3o os itens mais procurados para a data.","robots":{"index":"index","follow":"follow","max-snippet":"max-snippet:-1","max-image-preview":"max-image-preview:large","max-video-preview":"max-video-preview:-1"},"canonical":"https:\/\/www.suno.com.br\/noticias\/natal-2024-gasto-presentes-pretensao-gss\/","og_locale":"pt_BR","og_type":"article","og_title":"Natal: quanto o brasileiro pretende gastar em presentes?","og_description":"Confira quando o brasileiro pretende gastar neste Natal, bem como quais s\u00e3o os itens mais procurados para a data.","og_url":"https:\/\/www.suno.com.br\/noticias\/natal-2024-gasto-presentes-pretensao-gss\/","og_site_name":"Suno Not\u00edcias","article_publisher":"https:\/\/facebook.com\/sunoresearch","og_image":[{"width":1920,"height":1277,"url":"https:\/\/files.sunoresearch.com.br\/n\/uploads\/2024\/12\/mel-poole-LUPXhXj2ip0-unsplash.jpg","type":"image\/jpeg"}],"author":"Guilherme Serrano","twitter_card":"summary_large_image","twitter_creator":"@sunoresearch","twitter_site":"@sunoresearch","twitter_misc":{"Escrito por":"Guilherme Serrano","Est. tempo de leitura":"2 minutos"},"schema":{"@context":"https:\/\/schema.org","@graph":[{"@type":"NewsArticle","@id":"https:\/\/www.suno.com.br\/noticias\/natal-2024-gasto-presentes-pretensao-gss\/#article","isPartOf":{"@id":"https:\/\/www.suno.com.br\/noticias\/natal-2024-gasto-presentes-pretensao-gss\/"},"author":{"name":"Guilherme Serrano","@id":"https:\/\/www.suno.com.br\/noticias\/#\/schema\/person\/d0f07e64bce64aa671feadfb844f04ca"},"headline":"Natal: quanto o brasileiro pretende gastar em presentes?","datePublished":"2024-12-11T18:26:46+00:00","dateModified":"2024-12-11T18:26:49+00:00","mainEntityOfPage":{"@id":"https:\/\/www.suno.com.br\/noticias\/natal-2024-gasto-presentes-pretensao-gss\/"},"wordCount":325,"publisher":{"@id":"https:\/\/www.suno.com.br\/noticias\/#organization"},"image":{"@id":"https:\/\/www.suno.com.br\/noticias\/natal-2024-gasto-presentes-pretensao-gss\/#primaryimage"},"thumbnailUrl":"https:\/\/files.sunoresearch.com.br\/n\/uploads\/2024\/12\/mel-poole-LUPXhXj2ip0-unsplash.jpg","articleSection":["Neg\u00f3cios"],"inLanguage":"pt-BR"},{"@type":"WebPage","@id":"https:\/\/www.suno.com.br\/noticias\/natal-2024-gasto-presentes-pretensao-gss\/","url":"https:\/\/www.suno.com.br\/noticias\/natal-2024-gasto-presentes-pretensao-gss\/","name":"Natal: quanto o brasileiro pretende gastar em presentes?","isPartOf":{"@id":"https:\/\/www.suno.com.br\/noticias\/#website"},"primaryImageOfPage":{"@id":"https:\/\/www.suno.com.br\/noticias\/natal-2024-gasto-presentes-pretensao-gss\/#primaryimage"},"image":{"@id":"https:\/\/www.suno.com.br\/noticias\/natal-2024-gasto-presentes-pretensao-gss\/#primaryimage"},"thumbnailUrl":"https:\/\/files.sunoresearch.com.br\/n\/uploads\/2024\/12\/mel-poole-LUPXhXj2ip0-unsplash.jpg","datePublished":"2024-12-11T18:26:46+00:00","dateModified":"2024-12-11T18:26:49+00:00","description":"Confira quando o brasileiro pretende gastar neste Natal, bem como quais s\u00e3o os itens mais procurados para a data.","breadcrumb":{"@id":"https:\/\/www.suno.com.br\/noticias\/natal-2024-gasto-presentes-pretensao-gss\/#breadcrumb"},"inLanguage":"pt-BR","potentialAction":[{"@type":"ReadAction","target":["https:\/\/www.suno.com.br\/noticias\/natal-2024-gasto-presentes-pretensao-gss\/"]}]},{"@type":"ImageObject","inLanguage":"pt-BR","@id":"https:\/\/www.suno.com.br\/noticias\/natal-2024-gasto-presentes-pretensao-gss\/#primaryimage","url":"https:\/\/files.sunoresearch.com.br\/n\/uploads\/2024\/12\/mel-poole-LUPXhXj2ip0-unsplash.jpg","contentUrl":"https:\/\/files.sunoresearch.com.br\/n\/uploads\/2024\/12\/mel-poole-LUPXhXj2ip0-unsplash.jpg","width":1920,"height":1277,"caption":"Foto: Unsplash"},{"@type":"BreadcrumbList","@id":"https:\/\/www.suno.com.br\/noticias\/natal-2024-gasto-presentes-pretensao-gss\/#breadcrumb","itemListElement":[{"@type":"ListItem","position":1,"name":"Not\u00edcias","item":"https:\/\/www.suno.com.br\/noticias\/"},{"@type":"ListItem","position":2,"name":"Neg\u00f3cios","item":"https:\/\/www.suno.com.br\/noticias\/negocios\/"},{"@type":"ListItem","position":3,"name":"Natal: quanto o brasileiro pretende gastar em presentes?"}]},{"@type":"WebSite","@id":"https:\/\/www.suno.com.br\/noticias\/#website","url":"https:\/\/www.suno.com.br\/noticias\/","name":"Suno Not\u00edcias","description":"Seu portal de informa\u00e7\u00e3o sobre o mundo dos investimentos","publisher":{"@id":"https:\/\/www.suno.com.br\/noticias\/#organization"},"potentialAction":[{"@type":"SearchAction","target":{"@type":"EntryPoint","urlTemplate":"https:\/\/www.suno.com.br\/noticias\/?s={search_term_string}"},"query-input":{"@type":"PropertyValueSpecification","valueRequired":true,"valueName":"search_term_string"}}],"inLanguage":"pt-BR"},{"@type":"Organization","@id":"https:\/\/www.suno.com.br\/noticias\/#organization","name":"Suno Not\u00edcias","url":"https:\/\/www.suno.com.br\/noticias\/","logo":{"@type":"ImageObject","inLanguage":"pt-BR","@id":"https:\/\/www.suno.com.br\/noticias\/#\/schema\/logo\/image\/","url":"https:\/\/files.sunoresearch.com.br\/n\/uploads\/2021\/09\/suno-logo.png","contentUrl":"https:\/\/files.sunoresearch.com.br\/n\/uploads\/2021\/09\/suno-logo.png","width":180,"height":180,"caption":"Suno Not\u00edcias"},"image":{"@id":"https:\/\/www.suno.com.br\/noticias\/#\/schema\/logo\/image\/"},"sameAs":["https:\/\/facebook.com\/sunoresearch","https:\/\/x.com\/sunoresearch","https:\/\/www.instagram.com\/suno","https:\/\/www.linkedin.com\/company\/suno-research\/","https:\/\/www.youtube.com\/c\/sunoresearch"]},{"@type":"Person","@id":"https:\/\/www.suno.com.br\/noticias\/#\/schema\/person\/d0f07e64bce64aa671feadfb844f04ca","name":"Guilherme Serrano","image":{"@type":"ImageObject","inLanguage":"pt-BR","@id":"https:\/\/www.suno.com.br\/noticias\/#\/schema\/person\/image\/","url":"https:\/\/secure.gravatar.com\/avatar\/a90be19d8c67bef61497e4522de30ac4?s=96&r=g","contentUrl":"https:\/\/secure.gravatar.com\/avatar\/a90be19d8c67bef61497e4522de30ac4?s=96&r=g","caption":"Guilherme Serrano"},"description":"Jornalista formado pela Faculdade C\u00e1sper L\u00edbero e p\u00f3s-graduado em Can\u00e7\u00e3o Popular pela Faculdade Santa Marcelina. Passagens por R\u00e1dio Gazeta AM, gazetaesportiva.com e TC R\u00e1dio.","url":"https:\/\/www.suno.com.br\/noticias\/author\/guilherme-silvasuno-com-br\/"}]}},"default_loop_html":"<div class=\"cardsPage__listCard__boxs\"><div class=\"cardsPage__listCard__boxs__img\"><a href=\"https:\/\/www.suno.com.br\/noticias\/natal-2024-gasto-presentes-pretensao-gss\/\"><img class=\"mask\" src=\"https:\/\/www.suno.com.br\/noticias\/wp-content\/themes\/suno\/resources\/images\/spotlight\/spotlight1img\/bg-mask.png\" alt=\"Image Mask\"\/><img src=\"https:\/\/files.sunoresearch.com.br\/n\/uploads\/2024\/12\/mel-poole-LUPXhXj2ip0-unsplash-400x200.jpg\" alt=\"Natal: quanto o brasileiro pretende gastar em presentes?\"\/><\/a><span class=\"spotlightCategory\"><a href=\"https:\/\/www.suno.com.br\/noticias\/negocios\/\">Neg\u00f3cios<\/a><\/span><\/div><div class=\"cardsPage__listCard__boxs__content\"><a href=\"https:\/\/www.suno.com.br\/noticias\/natal-2024-gasto-presentes-pretensao-gss\/\"><h2 class=\"content__title\">Natal: quanto o brasileiro pretende gastar em presentes?<\/h2><\/a><div class=\"newsContent__article__meta\"><div class=\"newsContent__article__meta__authorBox\"><a href=\"https:\/\/www.suno.com.br\/noticias\/author\/guilherme-silvasuno-com-br\/\" class=\"authorBox__avatar noMobi\"><img src=\"https:\/\/secure.gravatar.com\/avatar\/a90be19d8c67bef61497e4522de30ac4?s=96&#038;r=g\" alt=\"Guilherme Serrano\"><\/a><div class=\"authorBox__name\"><span>por\n\t\t\t<a href=\"https:\/\/www.suno.com.br\/noticias\/author\/guilherme-silvasuno-com-br\/\"><span itemprop=\"author\">Guilherme Serrano<\/span><\/a><\/span><time datetime=\"2024-12-11T15:26:46-03:00\" itemprop=\"datePublished\">11\/12\/2024 15:26<\/time><\/div><\/div><\/div><\/div><\/div>","single_layout":"posts","amp_enabled":true,"_links":{"self":[{"href":"https:\/\/www.suno.com.br\/noticias\/wp-json\/wp\/v2\/posts\/587471"}],"collection":[{"href":"https:\/\/www.suno.com.br\/noticias\/wp-json\/wp\/v2\/posts"}],"about":[{"href":"https:\/\/www.suno.com.br\/noticias\/wp-json\/wp\/v2\/types\/post"}],"author":[{"embeddable":true,"href":"https:\/\/www.suno.com.br\/noticias\/wp-json\/wp\/v2\/users\/376"}],"replies":[{"embeddable":true,"href":"https:\/\/www.suno.com.br\/noticias\/wp-json\/wp\/v2\/comments?post=587471"}],"version-history":[{"count":2,"href":"https:\/\/www.suno.com.br\/noticias\/wp-json\/wp\/v2\/posts\/587471\/revisions"}],"predecessor-version":[{"id":587478,"href":"https:\/\/www.suno.com.br\/noticias\/wp-json\/wp\/v2\/posts\/587471\/revisions\/587478"}],"wp:featuredmedia":[{"embeddable":true,"href":"https:\/\/www.suno.com.br\/noticias\/wp-json\/wp\/v2\/media\/587475"}],"wp:attachment":[{"href":"https:\/\/www.suno.com.br\/noticias\/wp-json\/wp\/v2\/media?parent=587471"}],"wp:term":[{"taxonomy":"category","embeddable":true,"href":"https:\/\/www.suno.com.br\/noticias\/wp-json\/wp\/v2\/categories?post=587471"},{"taxonomy":"post_tag","embeddable":true,"href":"https:\/\/www.suno.com.br\/noticias\/wp-json\/wp\/v2\/tags?post=587471"},{"taxonomy":"suno_strategy","embeddable":true,"href":"https:\/\/www.suno.com.br\/noticias\/wp-json\/wp\/v2\/suno_strategy?post=587471"}],"curies":[{"name":"wp","href":"https:\/\/api.w.org\/{rel}","templated":true}]}}