{"id":587422,"date":"2024-12-11T11:00:00","date_gmt":"2024-12-11T14:00:00","guid":{"rendered":"https:\/\/www.suno.com.br\/noticias\/?p=587422"},"modified":"2024-12-11T11:00:05","modified_gmt":"2024-12-11T14:00:05","slug":"weg-wege3-btg-expansao-compra-gss","status":"publish","type":"post","link":"https:\/\/www.suno.com.br\/noticias\/weg-wege3-btg-expansao-compra-gss\/","title":{"rendered":"Weg (WEGE3): BTG indica compra com perspectivas de expans\u00e3o"},"content":{"rendered":"<p>Em novo relat\u00f3rio sobre a <strong>Weg<\/strong> (<a class=\"suno-keyword\" data-force=\"yes\" data-priority=\"2\" href=\"https:\/\/www.suno.com.br\/analitica\/acoes\/wege3\/\" target=\"_blank\" rel=\"noopener\">WEGE3<\/a>), os BTG Pactual refor\u00e7a a recomenda\u00e7\u00e3o de compra para a empresa, ciando um potencial significativo de crescimento em diversos setores estrat\u00e9gicos.<\/p>\t<div class=\"wrapper-featured-image\">\n\t\t<figure class=\"spotlightImg\">\n\n\t\t\t<picture>\n\t\t\t\t<source media=\"(max-width: 768px)\" srcset=\"https:\/\/files.sunoresearch.com.br\/n\/uploads\/2023\/02\/weg-wege3-previa-4t22-foto-divulgacao-400x200.jpg\">\n\t\t\t\t<img loading=\"lazy\" decoding=\"async\" class=\"newsContent__article__imgCapa lazyloadDisabled \" src=\"https:\/\/files.sunoresearch.com.br\/n\/uploads\/2023\/02\/weg-wege3-previa-4t22-foto-divulgacao-800x450.jpg\" width=\"800\" height=\"450\" alt=\"Weg (WEGE3): BTG indica compra com perspectivas de expans\u00e3o\" fetchpriority=high \/>\n\t\t\t<\/picture>\n\n\t\t\t<figcaption class=\"wp-caption-text wp-caption-text--show\">Weg (WEGE3). Foto: Divulga\u00e7\u00e3o<\/figcaption>\n\t\t<\/figure>\n\t<\/div>\n\n\n\n\n\n\n\n\t<p>\n\t\t<a href=\"https:\/\/lp.suno.com.br\/planilha-da-vida-financeira\/\" target=\"_blank\" data-element=\"shortcode-suno-banner\" title=\"Banner SUNO, clique e saiba mais\">\n\t\t\t<picture>\n\t\t\t\t<source media=\"(max-width: 500px)\" srcset=\"https:\/\/files.sunoresearch.com.br\/n\/uploads\/2023\/04\/400x300-Planilha-vida-financeira-true.png\">\n\t\t\t\t<img class=\"newsContent__article__imgCapa newsContent__article__imgCapa--banner\"\n\t\t\t\t\tsrc=\"https:\/\/files.sunoresearch.com.br\/n\/uploads\/2023\/04\/1420x240-Planilha-vida-financeira-true.png\"\n\t\t\t\t\tdata-promo-id=\"106682\"\t\t\t\t\t\t\t\t\t\twidth='1420' height='240'\t\t\t\t\talt=\"https:\/\/files.sunoresearch.com.br\/n\/uploads\/2023\/04\/1420x240-Planilha-vida-financeira-true.png\"\n\t\t\t\t>\n\t\t\t<\/picture>\n\t\t<\/a>\n\t<\/p>\n\n\n\n\n\n<p>Os analistas do BTG Pactual se reuniram com <strong>Alberto Kuba<\/strong>, <strong>CEO da Weg<\/strong>, e durante o encontro foram discutidas as oportunidades de expans\u00e3o, que se baseiam em tend\u00eancias de transforma\u00e7\u00e3o no setor de energia e na s\u00f3lida posi\u00e7\u00e3o competitiva da empresa em seus mercados principais.<\/p>\n\n\n\n<p>Confira os principais pontos destacados pelo BTG sobre os planos de <strong>expans\u00e3o da Weg<\/strong>:<\/p>\n\n\n\n<h2 class=\"wp-block-heading\">Transmiss\u00e3o e distribui\u00e7\u00e3o<\/h2>\n\n\n\n<p>A divis\u00e3o de Transmiss\u00e3o e Distribui\u00e7\u00e3o (T&amp;D) da Weg tem sido um dos destaques do portf\u00f3lio, segundo o BTG, beneficiando-se da necessidade global de moderniza\u00e7\u00e3o de infraestruturas el\u00e9tricas antigas. Essa demanda \u00e9 acentuada pela transi\u00e7\u00e3o para fontes renov\u00e1veis, que exigem tecnologias avan\u00e7adas para lidar com a intermit\u00eancia de gera\u00e7\u00e3o.<\/p>\n\n\n\n<p>A <a class=\"suno-keyword\" target=\"_blank\" data-force=\"no\" data-priority=\"1\" href=\"https:\/\/www.suno.com.br\/artigos\/integracao-vertical\/\" rel=\"noopener\">integra\u00e7\u00e3o vertical<\/a>, como o recente investimento em capacidade de produ\u00e7\u00e3o de fia\u00e7\u00e3o no M\u00e9xico, fortalece a capacidade da <strong>WEGE3<\/strong> de atender \u00e0 crescente demanda por transformadores em v\u00e1rias escalas, de acordo com os analistas. Esse movimento permite \u00e0 empresa sustentar o crescimento mesmo em cen\u00e1rios de normaliza\u00e7\u00e3o na oferta do setor.<\/p>\n\n\n\n<h2 class=\"wp-block-heading\">Motores el\u00e9tricos<\/h2>\n\n\n\n<p>Conforme destaca o BTG, o segmento de <strong>motores el\u00e9tricos da Weg<\/strong> permanece como a for\u00e7a motriz da expans\u00e3o internacional da empresa, com f\u00e1bricas estrategicamente localizadas na \u00cdndia, M\u00e9xico e China.<\/p>\n\n\n\n<p>A amplia\u00e7\u00e3o para motores de m\u00e9dia tens\u00e3o, que demandam maior especializa\u00e7\u00e3o e oferecem margens superiores, \u00e9 um destaque do portf\u00f3lio, segundo a casa. Na China, a Weg j\u00e1 produz drives de m\u00e9dia tens\u00e3o e, recentemente, inaugurou uma unidade dedicada \u00e0 fabrica\u00e7\u00e3o de motores de grande porte.<\/p>\n\n\n\n<h2 class=\"wp-block-heading\">Energia armazenada<\/h2>\n\n\n\n<p>Com o avan\u00e7o da intelig\u00eancia artificial e da computa\u00e7\u00e3o em nuvem, a necessidade por solu\u00e7\u00f5es de armazenamento de energia tem crescido exponencialmente. A Weg refor\u00e7ou sua posi\u00e7\u00e3o nesse mercado ao adquirir a <strong>REIVAX<\/strong>, especialista em gest\u00e3o integrada de energia.<\/p>\n\n\n\n<p>A redu\u00e7\u00e3o de custos de baterias, estimada em 25% entre 2023 e 2024, torna os sistemas de armazenamento de energia (BESS) cada vez mais vi\u00e1veis. A empresa v\u00ea no leil\u00e3o de BESS de 2025, no Brasil, uma oportunidade estrat\u00e9gica para ampliar sua atua\u00e7\u00e3o no mercado de energia armazenada em larga escala.<\/p>\n\n\n\t<p>\n\t\t<a href=\"https:\/\/lp.suno.com.br\/ebook-como-analisar-uma-acao\/\" target=\"_blank\" data-element=\"shortcode-suno-banner\" title=\"Banner SUNO, clique e saiba mais\">\n\t\t\t<picture>\n\t\t\t\t<source media=\"(max-width: 500px)\" srcset=\"https:\/\/files.sunoresearch.com.br\/n\/uploads\/2023\/03\/Ebook-Acoes-Mobile.jpg\">\n\t\t\t\t<img class=\"newsContent__article__imgCapa newsContent__article__imgCapa--banner\"\n\t\t\t\t\tsrc=\"https:\/\/files.sunoresearch.com.br\/n\/uploads\/2023\/03\/Ebook-Acoes-Desktop.jpg\"\n\t\t\t\t\tdata-promo-id=\"378302\"\t\t\t\t\t\t\t\t\t\twidth='1420' height='286'\t\t\t\t\talt=\"https:\/\/files.sunoresearch.com.br\/n\/uploads\/2023\/03\/Ebook-Acoes-Desktop.jpg\"\n\t\t\t\t>\n\t\t\t<\/picture>\n\t\t<\/a>\n\t<\/p>\n\n\n\n\n\n<h2 class=\"wp-block-heading\">Cen\u00e1rio geopol\u00edtico<\/h2>\n\n\n\n<p>A Weg mant\u00e9m uma forte presen\u00e7a na Am\u00e9rica do Norte, com o M\u00e9xico sendo sua maior opera\u00e7\u00e3o fora do Brasil, al\u00e9m de v\u00e1rias instala\u00e7\u00f5es nos Estados Unidos. Essa abordagem regional, segundo o BTG, permite flexibilidade diante de poss\u00edveis mudan\u00e7as nas pol\u00edticas comerciais, como tarifas mais altas. <\/p>\n\n\n\n<p>A casa afirma que a depend\u00eancia do mercado americano por transformadores refor\u00e7a a resili\u00eancia da Weg, enquanto motores fabricados no Brasil permanecem como alternativa estrat\u00e9gica.<\/p>\n\n\n\n<h2 class=\"wp-block-heading\">Perspectiva de Investimento<\/h2>\n\n\n\n<p>Mesmo com sua posi\u00e7\u00e3o de destaque em motores de baixa tens\u00e3o, onde det\u00e9m 15% do mercado global, o BTG entende que a Weg ainda possui amplo espa\u00e7o para crescer em outros segmentos, como drives de m\u00e9dia\/alta tens\u00e3o e T&amp;D, nos quais sua participa\u00e7\u00e3o global \u00e9 inferior a 2,5%.<\/p>\n\n\n\n<p>O planejamento de <a class=\"suno-keyword\" target=\"_blank\" data-force=\"no\" data-priority=\"1\" href=\"https:\/\/www.suno.com.br\/artigos\/longo-prazo\/\" rel=\"noopener\">longo prazo<\/a> da empresa, aliado \u00e0 sua abordagem disciplinada, sustenta uma perspectiva otimista de crescimento na casa dos dois d\u00edgitos anuais. Os analistas afirmam que, com um portf\u00f3lio diversificado e foco em inova\u00e7\u00e3o, a Weg reafirma seu papel como protagonista em um mercado cada vez mais din\u00e2mico.<\/p>\n\n\n\n<p>Assim, o BTG Pactual mant\u00e9m recomenda\u00e7\u00e3o de compra para as <strong>a\u00e7\u00f5es da Weg<\/strong>, com pre\u00e7o-alvo de R$ 68 para as <strong>a\u00e7\u00f5es WEGE3<\/strong>.<\/p>\n\n\n\n<p>Por volta das 10h40 desta quarta-feira (11), a <strong>Weg<\/strong> operava pr\u00f3xima \u00e0 estabilidade no Ibovespa, em queda de 0,03% a R$ 56,86.<\/p>\n\n\n\t<p>\n\t\t<a href=\"https:\/\/lp.suno.com.br\/planilha-da-vida-financeira\/\" target=\"_blank\" data-element=\"shortcode-suno-banner\" title=\"Banner SUNO, clique e saiba mais\">\n\t\t\t<picture>\n\t\t\t\t<source media=\"(max-width: 500px)\" srcset=\"https:\/\/files.sunoresearch.com.br\/n\/uploads\/2023\/04\/400x300-Planilha-vida-financeira-true.png\">\n\t\t\t\t<img class=\"newsContent__article__imgCapa newsContent__article__imgCapa--banner\"\n\t\t\t\t\tsrc=\"https:\/\/files.sunoresearch.com.br\/n\/uploads\/2023\/04\/1420x240-Planilha-vida-financeira-true.png\"\n\t\t\t\t\tdata-promo-id=\"383123\"\t\t\t\t\t\t\t\t\t\twidth='1420' height='240'\t\t\t\t\talt=\"https:\/\/files.sunoresearch.com.br\/n\/uploads\/2023\/04\/1420x240-Planilha-vida-financeira-true.png\"\n\t\t\t\t>\n\t\t\t<\/picture>\n\t\t<\/a>\n\t<\/p>\n\n\n","protected":false},"excerpt":{"rendered":"<p>Em novo relat\u00f3rio sobre a Weg (WEGE3), os BTG Pactual refor\u00e7a a recomenda\u00e7\u00e3o de compra para a empresa, ciando um potencial significativo de crescimento em diversos setores estrat\u00e9gicos. Weg (WEGE3). Foto: Divulga\u00e7\u00e3o Os analistas do BTG Pactual se reuniram com Alberto Kuba, CEO da Weg, e durante o encontro foram discutidas as oportunidades de expans\u00e3o, [&hellip;]<\/p>\n","protected":false},"author":376,"featured_media":363046,"comment_status":"closed","ping_status":"closed","sticky":false,"template":"","format":"standard","meta":[],"categories":[64],"tags":[681],"suno_strategy":[],"class_list":["post-587422","post","type-post","status-publish","format-standard","has-post-thumbnail","hentry","category-negocios","tag-weg-wege3"],"yoast_head":"<!-- This site is optimized with the Yoast SEO plugin v24.4 - https:\/\/yoast.com\/wordpress\/plugins\/seo\/ -->\n<title>Weg (WEGE3): BTG indica compra com perspectivas de expans\u00e3o<\/title>\n<meta name=\"description\" content=\"Em novo relat\u00f3rio sobre a Weg, os analistas do BTG citam oportunidades de expans\u00e3o para a empresa. Clique e saiba mais.\" \/>\n<meta name=\"robots\" content=\"index, follow, max-snippet:-1, max-image-preview:large, max-video-preview:-1\" \/>\n<link rel=\"canonical\" href=\"https:\/\/www.suno.com.br\/noticias\/weg-wege3-btg-expansao-compra-gss\/\" \/>\n<meta property=\"og:locale\" content=\"pt_BR\" \/>\n<meta property=\"og:type\" content=\"article\" \/>\n<meta property=\"og:title\" content=\"Weg (WEGE3): BTG indica compra com perspectivas de expans\u00e3o\" \/>\n<meta property=\"og:description\" content=\"Em novo relat\u00f3rio sobre a Weg, os analistas do BTG citam oportunidades de expans\u00e3o para a empresa. Clique e saiba mais.\" \/>\n<meta property=\"og:url\" content=\"https:\/\/www.suno.com.br\/noticias\/weg-wege3-btg-expansao-compra-gss\/\" \/>\n<meta property=\"og:site_name\" content=\"Suno Not\u00edcias\" \/>\n<meta property=\"article:publisher\" content=\"https:\/\/facebook.com\/sunoresearch\" \/>\n<meta property=\"og:image\" content=\"https:\/\/files.sunoresearch.com.br\/n\/uploads\/2023\/02\/weg-wege3-previa-4t22-foto-divulgacao.jpg\" \/>\n\t<meta property=\"og:image:width\" content=\"1200\" \/>\n\t<meta property=\"og:image:height\" content=\"675\" \/>\n\t<meta property=\"og:image:type\" content=\"image\/jpeg\" \/>\n<meta name=\"author\" content=\"Guilherme Serrano\" \/>\n<meta name=\"twitter:card\" content=\"summary_large_image\" \/>\n<meta name=\"twitter:creator\" content=\"@sunoresearch\" \/>\n<meta name=\"twitter:site\" content=\"@sunoresearch\" \/>\n<meta name=\"twitter:label1\" content=\"Escrito por\" \/>\n\t<meta name=\"twitter:data1\" content=\"Guilherme Serrano\" \/>\n\t<meta name=\"twitter:label2\" content=\"Est. tempo de leitura\" \/>\n\t<meta name=\"twitter:data2\" content=\"4 minutos\" \/>\n<script type=\"application\/ld+json\" class=\"yoast-schema-graph\">{\"@context\":\"https:\/\/schema.org\",\"@graph\":[{\"@type\":\"NewsArticle\",\"@id\":\"https:\/\/www.suno.com.br\/noticias\/weg-wege3-btg-expansao-compra-gss\/#article\",\"isPartOf\":{\"@id\":\"https:\/\/www.suno.com.br\/noticias\/weg-wege3-btg-expansao-compra-gss\/\"},\"author\":{\"name\":\"Guilherme Serrano\",\"@id\":\"https:\/\/www.suno.com.br\/noticias\/#\/schema\/person\/d0f07e64bce64aa671feadfb844f04ca\"},\"headline\":\"Weg (WEGE3): BTG indica compra com perspectivas de expans\u00e3o\",\"datePublished\":\"2024-12-11T14:00:00+00:00\",\"dateModified\":\"2024-12-11T14:00:05+00:00\",\"mainEntityOfPage\":{\"@id\":\"https:\/\/www.suno.com.br\/noticias\/weg-wege3-btg-expansao-compra-gss\/\"},\"wordCount\":675,\"publisher\":{\"@id\":\"https:\/\/www.suno.com.br\/noticias\/#organization\"},\"image\":{\"@id\":\"https:\/\/www.suno.com.br\/noticias\/weg-wege3-btg-expansao-compra-gss\/#primaryimage\"},\"thumbnailUrl\":\"https:\/\/files.sunoresearch.com.br\/n\/uploads\/2023\/02\/weg-wege3-previa-4t22-foto-divulgacao.jpg\",\"keywords\":[\"Weg (WEGE3)\"],\"articleSection\":[\"Neg\u00f3cios\"],\"inLanguage\":\"pt-BR\"},{\"@type\":\"WebPage\",\"@id\":\"https:\/\/www.suno.com.br\/noticias\/weg-wege3-btg-expansao-compra-gss\/\",\"url\":\"https:\/\/www.suno.com.br\/noticias\/weg-wege3-btg-expansao-compra-gss\/\",\"name\":\"Weg (WEGE3): BTG indica compra com perspectivas de expans\u00e3o\",\"isPartOf\":{\"@id\":\"https:\/\/www.suno.com.br\/noticias\/#website\"},\"primaryImageOfPage\":{\"@id\":\"https:\/\/www.suno.com.br\/noticias\/weg-wege3-btg-expansao-compra-gss\/#primaryimage\"},\"image\":{\"@id\":\"https:\/\/www.suno.com.br\/noticias\/weg-wege3-btg-expansao-compra-gss\/#primaryimage\"},\"thumbnailUrl\":\"https:\/\/files.sunoresearch.com.br\/n\/uploads\/2023\/02\/weg-wege3-previa-4t22-foto-divulgacao.jpg\",\"datePublished\":\"2024-12-11T14:00:00+00:00\",\"dateModified\":\"2024-12-11T14:00:05+00:00\",\"description\":\"Em novo relat\u00f3rio sobre a Weg, os analistas do BTG citam oportunidades de expans\u00e3o para a empresa. Clique e saiba mais.\",\"breadcrumb\":{\"@id\":\"https:\/\/www.suno.com.br\/noticias\/weg-wege3-btg-expansao-compra-gss\/#breadcrumb\"},\"inLanguage\":\"pt-BR\",\"potentialAction\":[{\"@type\":\"ReadAction\",\"target\":[\"https:\/\/www.suno.com.br\/noticias\/weg-wege3-btg-expansao-compra-gss\/\"]}]},{\"@type\":\"ImageObject\",\"inLanguage\":\"pt-BR\",\"@id\":\"https:\/\/www.suno.com.br\/noticias\/weg-wege3-btg-expansao-compra-gss\/#primaryimage\",\"url\":\"https:\/\/files.sunoresearch.com.br\/n\/uploads\/2023\/02\/weg-wege3-previa-4t22-foto-divulgacao.jpg\",\"contentUrl\":\"https:\/\/files.sunoresearch.com.br\/n\/uploads\/2023\/02\/weg-wege3-previa-4t22-foto-divulgacao.jpg\",\"width\":1200,\"height\":675,\"caption\":\"Weg (WEGE3). Foto: Divulga\u00e7\u00e3o\"},{\"@type\":\"BreadcrumbList\",\"@id\":\"https:\/\/www.suno.com.br\/noticias\/weg-wege3-btg-expansao-compra-gss\/#breadcrumb\",\"itemListElement\":[{\"@type\":\"ListItem\",\"position\":1,\"name\":\"Not\u00edcias\",\"item\":\"https:\/\/www.suno.com.br\/noticias\/\"},{\"@type\":\"ListItem\",\"position\":2,\"name\":\"Neg\u00f3cios\",\"item\":\"https:\/\/www.suno.com.br\/noticias\/negocios\/\"},{\"@type\":\"ListItem\",\"position\":3,\"name\":\"Weg (WEGE3): BTG indica compra com perspectivas de expans\u00e3o\"}]},{\"@type\":\"WebSite\",\"@id\":\"https:\/\/www.suno.com.br\/noticias\/#website\",\"url\":\"https:\/\/www.suno.com.br\/noticias\/\",\"name\":\"Suno Not\u00edcias\",\"description\":\"Seu portal de informa\u00e7\u00e3o sobre o mundo dos investimentos\",\"publisher\":{\"@id\":\"https:\/\/www.suno.com.br\/noticias\/#organization\"},\"potentialAction\":[{\"@type\":\"SearchAction\",\"target\":{\"@type\":\"EntryPoint\",\"urlTemplate\":\"https:\/\/www.suno.com.br\/noticias\/?s={search_term_string}\"},\"query-input\":{\"@type\":\"PropertyValueSpecification\",\"valueRequired\":true,\"valueName\":\"search_term_string\"}}],\"inLanguage\":\"pt-BR\"},{\"@type\":\"Organization\",\"@id\":\"https:\/\/www.suno.com.br\/noticias\/#organization\",\"name\":\"Suno Not\u00edcias\",\"url\":\"https:\/\/www.suno.com.br\/noticias\/\",\"logo\":{\"@type\":\"ImageObject\",\"inLanguage\":\"pt-BR\",\"@id\":\"https:\/\/www.suno.com.br\/noticias\/#\/schema\/logo\/image\/\",\"url\":\"https:\/\/files.sunoresearch.com.br\/n\/uploads\/2021\/09\/suno-logo.png\",\"contentUrl\":\"https:\/\/files.sunoresearch.com.br\/n\/uploads\/2021\/09\/suno-logo.png\",\"width\":180,\"height\":180,\"caption\":\"Suno Not\u00edcias\"},\"image\":{\"@id\":\"https:\/\/www.suno.com.br\/noticias\/#\/schema\/logo\/image\/\"},\"sameAs\":[\"https:\/\/facebook.com\/sunoresearch\",\"https:\/\/x.com\/sunoresearch\",\"https:\/\/www.instagram.com\/suno\",\"https:\/\/www.linkedin.com\/company\/suno-research\/\",\"https:\/\/www.youtube.com\/c\/sunoresearch\"]},{\"@type\":\"Person\",\"@id\":\"https:\/\/www.suno.com.br\/noticias\/#\/schema\/person\/d0f07e64bce64aa671feadfb844f04ca\",\"name\":\"Guilherme Serrano\",\"image\":{\"@type\":\"ImageObject\",\"inLanguage\":\"pt-BR\",\"@id\":\"https:\/\/www.suno.com.br\/noticias\/#\/schema\/person\/image\/\",\"url\":\"https:\/\/secure.gravatar.com\/avatar\/a90be19d8c67bef61497e4522de30ac4?s=96&r=g\",\"contentUrl\":\"https:\/\/secure.gravatar.com\/avatar\/a90be19d8c67bef61497e4522de30ac4?s=96&r=g\",\"caption\":\"Guilherme Serrano\"},\"description\":\"Jornalista formado pela Faculdade C\u00e1sper L\u00edbero e p\u00f3s-graduado em Can\u00e7\u00e3o Popular pela Faculdade Santa Marcelina. Passagens por R\u00e1dio Gazeta AM, gazetaesportiva.com e TC R\u00e1dio.\",\"url\":\"https:\/\/www.suno.com.br\/noticias\/author\/guilherme-silvasuno-com-br\/\"}]}<\/script>\n<!-- \/ Yoast SEO plugin. -->","yoast_head_json":{"title":"Weg (WEGE3): BTG indica compra com perspectivas de expans\u00e3o","description":"Em novo relat\u00f3rio sobre a Weg, os analistas do BTG citam oportunidades de expans\u00e3o para a empresa. Clique e saiba mais.","robots":{"index":"index","follow":"follow","max-snippet":"max-snippet:-1","max-image-preview":"max-image-preview:large","max-video-preview":"max-video-preview:-1"},"canonical":"https:\/\/www.suno.com.br\/noticias\/weg-wege3-btg-expansao-compra-gss\/","og_locale":"pt_BR","og_type":"article","og_title":"Weg (WEGE3): BTG indica compra com perspectivas de expans\u00e3o","og_description":"Em novo relat\u00f3rio sobre a Weg, os analistas do BTG citam oportunidades de expans\u00e3o para a empresa. Clique e saiba mais.","og_url":"https:\/\/www.suno.com.br\/noticias\/weg-wege3-btg-expansao-compra-gss\/","og_site_name":"Suno Not\u00edcias","article_publisher":"https:\/\/facebook.com\/sunoresearch","og_image":[{"width":1200,"height":675,"url":"https:\/\/files.sunoresearch.com.br\/n\/uploads\/2023\/02\/weg-wege3-previa-4t22-foto-divulgacao.jpg","type":"image\/jpeg"}],"author":"Guilherme Serrano","twitter_card":"summary_large_image","twitter_creator":"@sunoresearch","twitter_site":"@sunoresearch","twitter_misc":{"Escrito por":"Guilherme Serrano","Est. tempo de leitura":"4 minutos"},"schema":{"@context":"https:\/\/schema.org","@graph":[{"@type":"NewsArticle","@id":"https:\/\/www.suno.com.br\/noticias\/weg-wege3-btg-expansao-compra-gss\/#article","isPartOf":{"@id":"https:\/\/www.suno.com.br\/noticias\/weg-wege3-btg-expansao-compra-gss\/"},"author":{"name":"Guilherme Serrano","@id":"https:\/\/www.suno.com.br\/noticias\/#\/schema\/person\/d0f07e64bce64aa671feadfb844f04ca"},"headline":"Weg (WEGE3): BTG indica compra com perspectivas de expans\u00e3o","datePublished":"2024-12-11T14:00:00+00:00","dateModified":"2024-12-11T14:00:05+00:00","mainEntityOfPage":{"@id":"https:\/\/www.suno.com.br\/noticias\/weg-wege3-btg-expansao-compra-gss\/"},"wordCount":675,"publisher":{"@id":"https:\/\/www.suno.com.br\/noticias\/#organization"},"image":{"@id":"https:\/\/www.suno.com.br\/noticias\/weg-wege3-btg-expansao-compra-gss\/#primaryimage"},"thumbnailUrl":"https:\/\/files.sunoresearch.com.br\/n\/uploads\/2023\/02\/weg-wege3-previa-4t22-foto-divulgacao.jpg","keywords":["Weg (WEGE3)"],"articleSection":["Neg\u00f3cios"],"inLanguage":"pt-BR"},{"@type":"WebPage","@id":"https:\/\/www.suno.com.br\/noticias\/weg-wege3-btg-expansao-compra-gss\/","url":"https:\/\/www.suno.com.br\/noticias\/weg-wege3-btg-expansao-compra-gss\/","name":"Weg (WEGE3): BTG indica compra com perspectivas de expans\u00e3o","isPartOf":{"@id":"https:\/\/www.suno.com.br\/noticias\/#website"},"primaryImageOfPage":{"@id":"https:\/\/www.suno.com.br\/noticias\/weg-wege3-btg-expansao-compra-gss\/#primaryimage"},"image":{"@id":"https:\/\/www.suno.com.br\/noticias\/weg-wege3-btg-expansao-compra-gss\/#primaryimage"},"thumbnailUrl":"https:\/\/files.sunoresearch.com.br\/n\/uploads\/2023\/02\/weg-wege3-previa-4t22-foto-divulgacao.jpg","datePublished":"2024-12-11T14:00:00+00:00","dateModified":"2024-12-11T14:00:05+00:00","description":"Em novo relat\u00f3rio sobre a Weg, os analistas do BTG citam oportunidades de expans\u00e3o para a empresa. Clique e saiba mais.","breadcrumb":{"@id":"https:\/\/www.suno.com.br\/noticias\/weg-wege3-btg-expansao-compra-gss\/#breadcrumb"},"inLanguage":"pt-BR","potentialAction":[{"@type":"ReadAction","target":["https:\/\/www.suno.com.br\/noticias\/weg-wege3-btg-expansao-compra-gss\/"]}]},{"@type":"ImageObject","inLanguage":"pt-BR","@id":"https:\/\/www.suno.com.br\/noticias\/weg-wege3-btg-expansao-compra-gss\/#primaryimage","url":"https:\/\/files.sunoresearch.com.br\/n\/uploads\/2023\/02\/weg-wege3-previa-4t22-foto-divulgacao.jpg","contentUrl":"https:\/\/files.sunoresearch.com.br\/n\/uploads\/2023\/02\/weg-wege3-previa-4t22-foto-divulgacao.jpg","width":1200,"height":675,"caption":"Weg (WEGE3). Foto: Divulga\u00e7\u00e3o"},{"@type":"BreadcrumbList","@id":"https:\/\/www.suno.com.br\/noticias\/weg-wege3-btg-expansao-compra-gss\/#breadcrumb","itemListElement":[{"@type":"ListItem","position":1,"name":"Not\u00edcias","item":"https:\/\/www.suno.com.br\/noticias\/"},{"@type":"ListItem","position":2,"name":"Neg\u00f3cios","item":"https:\/\/www.suno.com.br\/noticias\/negocios\/"},{"@type":"ListItem","position":3,"name":"Weg (WEGE3): BTG indica compra com perspectivas de expans\u00e3o"}]},{"@type":"WebSite","@id":"https:\/\/www.suno.com.br\/noticias\/#website","url":"https:\/\/www.suno.com.br\/noticias\/","name":"Suno Not\u00edcias","description":"Seu portal de informa\u00e7\u00e3o sobre o mundo dos investimentos","publisher":{"@id":"https:\/\/www.suno.com.br\/noticias\/#organization"},"potentialAction":[{"@type":"SearchAction","target":{"@type":"EntryPoint","urlTemplate":"https:\/\/www.suno.com.br\/noticias\/?s={search_term_string}"},"query-input":{"@type":"PropertyValueSpecification","valueRequired":true,"valueName":"search_term_string"}}],"inLanguage":"pt-BR"},{"@type":"Organization","@id":"https:\/\/www.suno.com.br\/noticias\/#organization","name":"Suno Not\u00edcias","url":"https:\/\/www.suno.com.br\/noticias\/","logo":{"@type":"ImageObject","inLanguage":"pt-BR","@id":"https:\/\/www.suno.com.br\/noticias\/#\/schema\/logo\/image\/","url":"https:\/\/files.sunoresearch.com.br\/n\/uploads\/2021\/09\/suno-logo.png","contentUrl":"https:\/\/files.sunoresearch.com.br\/n\/uploads\/2021\/09\/suno-logo.png","width":180,"height":180,"caption":"Suno Not\u00edcias"},"image":{"@id":"https:\/\/www.suno.com.br\/noticias\/#\/schema\/logo\/image\/"},"sameAs":["https:\/\/facebook.com\/sunoresearch","https:\/\/x.com\/sunoresearch","https:\/\/www.instagram.com\/suno","https:\/\/www.linkedin.com\/company\/suno-research\/","https:\/\/www.youtube.com\/c\/sunoresearch"]},{"@type":"Person","@id":"https:\/\/www.suno.com.br\/noticias\/#\/schema\/person\/d0f07e64bce64aa671feadfb844f04ca","name":"Guilherme Serrano","image":{"@type":"ImageObject","inLanguage":"pt-BR","@id":"https:\/\/www.suno.com.br\/noticias\/#\/schema\/person\/image\/","url":"https:\/\/secure.gravatar.com\/avatar\/a90be19d8c67bef61497e4522de30ac4?s=96&r=g","contentUrl":"https:\/\/secure.gravatar.com\/avatar\/a90be19d8c67bef61497e4522de30ac4?s=96&r=g","caption":"Guilherme Serrano"},"description":"Jornalista formado pela Faculdade C\u00e1sper L\u00edbero e p\u00f3s-graduado em Can\u00e7\u00e3o Popular pela Faculdade Santa Marcelina. Passagens por R\u00e1dio Gazeta AM, gazetaesportiva.com e TC R\u00e1dio.","url":"https:\/\/www.suno.com.br\/noticias\/author\/guilherme-silvasuno-com-br\/"}]}},"default_loop_html":"<div class=\"cardsPage__listCard__boxs\"><div class=\"cardsPage__listCard__boxs__img\"><a href=\"https:\/\/www.suno.com.br\/noticias\/weg-wege3-btg-expansao-compra-gss\/\"><img class=\"mask\" src=\"https:\/\/www.suno.com.br\/noticias\/wp-content\/themes\/suno\/resources\/images\/spotlight\/spotlight1img\/bg-mask.png\" alt=\"Image Mask\"\/><img src=\"https:\/\/files.sunoresearch.com.br\/n\/uploads\/2023\/02\/weg-wege3-previa-4t22-foto-divulgacao-400x200.jpg\" alt=\"Weg (WEGE3): BTG indica compra com perspectivas de expans\u00e3o\"\/><\/a><span class=\"spotlightCategory\"><a href=\"https:\/\/www.suno.com.br\/noticias\/negocios\/\">Neg\u00f3cios<\/a><\/span><\/div><div class=\"cardsPage__listCard__boxs__content\"><a href=\"https:\/\/www.suno.com.br\/noticias\/weg-wege3-btg-expansao-compra-gss\/\"><h2 class=\"content__title\">Weg (WEGE3): BTG indica compra com perspectivas de expans\u00e3o<\/h2><\/a><div class=\"newsContent__article__meta\"><div class=\"newsContent__article__meta__authorBox\"><a href=\"https:\/\/www.suno.com.br\/noticias\/author\/guilherme-silvasuno-com-br\/\" class=\"authorBox__avatar noMobi\"><img src=\"https:\/\/secure.gravatar.com\/avatar\/a90be19d8c67bef61497e4522de30ac4?s=96&#038;r=g\" alt=\"Guilherme Serrano\"><\/a><div class=\"authorBox__name\"><span>por\n\t\t\t<a href=\"https:\/\/www.suno.com.br\/noticias\/author\/guilherme-silvasuno-com-br\/\"><span itemprop=\"author\">Guilherme Serrano<\/span><\/a><\/span><time datetime=\"2024-12-11T11:00:00-03:00\" itemprop=\"datePublished\">11\/12\/2024 11:00<\/time><\/div><\/div><\/div><\/div><\/div>","single_layout":"posts","amp_enabled":true,"_links":{"self":[{"href":"https:\/\/www.suno.com.br\/noticias\/wp-json\/wp\/v2\/posts\/587422"}],"collection":[{"href":"https:\/\/www.suno.com.br\/noticias\/wp-json\/wp\/v2\/posts"}],"about":[{"href":"https:\/\/www.suno.com.br\/noticias\/wp-json\/wp\/v2\/types\/post"}],"author":[{"embeddable":true,"href":"https:\/\/www.suno.com.br\/noticias\/wp-json\/wp\/v2\/users\/376"}],"replies":[{"embeddable":true,"href":"https:\/\/www.suno.com.br\/noticias\/wp-json\/wp\/v2\/comments?post=587422"}],"version-history":[{"count":2,"href":"https:\/\/www.suno.com.br\/noticias\/wp-json\/wp\/v2\/posts\/587422\/revisions"}],"predecessor-version":[{"id":587438,"href":"https:\/\/www.suno.com.br\/noticias\/wp-json\/wp\/v2\/posts\/587422\/revisions\/587438"}],"wp:featuredmedia":[{"embeddable":true,"href":"https:\/\/www.suno.com.br\/noticias\/wp-json\/wp\/v2\/media\/363046"}],"wp:attachment":[{"href":"https:\/\/www.suno.com.br\/noticias\/wp-json\/wp\/v2\/media?parent=587422"}],"wp:term":[{"taxonomy":"category","embeddable":true,"href":"https:\/\/www.suno.com.br\/noticias\/wp-json\/wp\/v2\/categories?post=587422"},{"taxonomy":"post_tag","embeddable":true,"href":"https:\/\/www.suno.com.br\/noticias\/wp-json\/wp\/v2\/tags?post=587422"},{"taxonomy":"suno_strategy","embeddable":true,"href":"https:\/\/www.suno.com.br\/noticias\/wp-json\/wp\/v2\/suno_strategy?post=587422"}],"curies":[{"name":"wp","href":"https:\/\/api.w.org\/{rel}","templated":true}]}}