{"id":587107,"date":"2024-12-09T16:17:33","date_gmt":"2024-12-09T19:17:33","guid":{"rendered":"https:\/\/www.suno.com.br\/noticias\/?p=587107"},"modified":"2024-12-09T16:17:36","modified_gmt":"2024-12-09T19:17:36","slug":"conta-de-luz-parcelas-enel-gss","status":"publish","type":"post","link":"https:\/\/www.suno.com.br\/noticias\/conta-de-luz-parcelas-enel-gss\/","title":{"rendered":"Conta de luz atrasada poder\u00e1 ser paga em parcelas; entenda"},"content":{"rendered":"<p>A Enel anunciou, nesta segunda-feira (09), uma campanha especial para facilitar a regulariza\u00e7\u00e3o de pessoas que tenham <strong>conta de luz<\/strong> em atraso. <\/p>\t<div class=\"wrapper-featured-image\">\n\t\t<figure class=\"spotlightImg\">\n\n\t\t\t<picture>\n\t\t\t\t<source media=\"(max-width: 768px)\" srcset=\"https:\/\/files.sunoresearch.com.br\/n\/uploads\/2021\/06\/09da3fb7-leilao-de-energia-400x200.webp\">\n\t\t\t\t<img loading=\"lazy\" decoding=\"async\" class=\"newsContent__article__imgCapa lazyloadDisabled \" src=\"https:\/\/files.sunoresearch.com.br\/n\/uploads\/2021\/06\/09da3fb7-leilao-de-energia-800x450.webp\" width=\"800\" height=\"450\" alt=\"Conta de luz atrasada poder\u00e1 ser paga em parcelas; entenda\" fetchpriority=high \/>\n\t\t\t<\/picture>\n\n\t\t\t<figcaption class=\"wp-caption-text wp-caption-text--show\">Conta de luz. Foto: Pixabay.<\/figcaption>\n\t\t<\/figure>\n\t<\/div>\n\n\n\n\n\n\n\n\t<p>\n\t\t<a href=\"\" target=\"_blank\" data-element=\"shortcode-suno-banner\" title=\"Banner SUNO, clique e saiba mais\">\n\t\t\t<picture>\n\t\t\t\t<source media=\"(max-width: 500px)\" srcset=\"\">\n\t\t\t\t<img class=\"newsContent__article__imgCapa newsContent__article__imgCapa--banner\"\n\t\t\t\t\tsrc=\"\"\n\t\t\t\t\tdata-promo-id=\"240038\"\t\t\t\t\t\t\t\t\t\t\t\t\t\t\talt=\"\"\n\t\t\t\t>\n\t\t\t<\/picture>\n\t\t<\/a>\n\t<\/p>\n\n\n\n\n\n<p>A iniciativa, v\u00e1lida at\u00e9 31 de dezembro, oferece condi\u00e7\u00f5es diferenciadas, como parcelamento em at\u00e9 7 vezes e entrada m\u00ednima de 10% para d\u00edvidas vencidas h\u00e1 mais de 60 dias.<\/p>\n\n\n\n<p>Para atender os consumidores, a <strong>Enel<\/strong> disponibiliza m\u00faltiplos canais de negocia\u00e7\u00e3o, incluindo lojas f\u00edsicas que ter\u00e3o hor\u00e1rio especial no s\u00e1bado, dia 14 de dezembro, funcionando das 8h \u00e0s 13h. <\/p>\n\n\n\n<p>A negocia\u00e7\u00e3o tamb\u00e9m pode ser feita de forma online, pelo site oficial, aplicativo da companhia, WhatsApp no n\u00famero (21) 99601-9608, ou pela Central de Relacionamento no telefone 0800 72 72 120.<\/p>\n\n\n\n<p>De acordo com a companhia, o principal objetivo da a\u00e7\u00e3o \u00e9 evitar a suspens\u00e3o do <strong>fornecimento de energia<\/strong> para consumidores inadimplentes, sobretudo com a proximidade das festas de final de ano.<\/p>\n\n\n\t<p>\n\t\t<a href=\"https:\/\/lp.suno.com.br\/ebook-gratuito-investindo-no-exterior\/\" target=\"_blank\" data-element=\"shortcode-suno-banner\" title=\"Banner SUNO, clique e saiba mais\">\n\t\t\t<picture>\n\t\t\t\t<source media=\"(max-width: 500px)\" srcset=\"https:\/\/files.sunoresearch.com.br\/n\/uploads\/2023\/03\/400x300-Investindo-no-exterior.png\">\n\t\t\t\t<img class=\"newsContent__article__imgCapa newsContent__article__imgCapa--banner\"\n\t\t\t\t\tsrc=\"https:\/\/files.sunoresearch.com.br\/n\/uploads\/2023\/03\/1420x240-Investindo-no-exterior.png\"\n\t\t\t\t\tdata-promo-id=\"383161\"\t\t\t\t\t\t\t\t\t\twidth='1420' height='240'\t\t\t\t\talt=\"https:\/\/files.sunoresearch.com.br\/n\/uploads\/2023\/03\/1420x240-Investindo-no-exterior.png\"\n\t\t\t\t>\n\t\t\t<\/picture>\n\t\t<\/a>\n\t<\/p>\n\n\n\n\n\n<p>\u201cCom essa campanha, queremos oferecer aos nossos clientes a oportunidade de quitar suas d\u00edvidas. Muitos recebem o 13\u00ba sal\u00e1rio nesse per\u00edodo, tornando-se uma chance ideal para regularizar suas contas e iniciar o pr\u00f3ximo ano com tranquilidade\u201d, destaca Andr\u00e9 Oswaldo, respons\u00e1vel pela \u00e1rea de mercado da Enel.<\/p>\n\n\n\n<p>Os interessados em participar da campanha devem possuir, pelo menos, uma fatura vencida h\u00e1 mais de 60 dias. Al\u00e9m disso, \u00e9 necess\u00e1rio apresentar a documenta\u00e7\u00e3o nos canais de atendimento. Clientes com parcelamentos vigentes n\u00e3o est\u00e3o eleg\u00edveis para a campanha.<\/p>\n\n\n\n<p>A Enel ressalta que as condi\u00e7\u00f5es de negocia\u00e7\u00e3o das <strong><a href=\"https:\/\/www.suno.com.br\/noticias\/conta-de-luz-dezembro-bandeira-verde-ec-gss\/\">contas de luz<\/a><\/strong> variam de acordo com a situa\u00e7\u00e3o de cada cliente. D\u00e9bitos estar\u00e3o sujeitos a encargos (IPCA + juros) e juros de parcelamento, que ser\u00e3o incorporados \u00e0s contas mensais de energia.<\/p>\n\n\n\n<p>A campanha \u00e9 vista como uma oportunidade estrat\u00e9gica para os consumidores colocarem suas finan\u00e7as em dia e come\u00e7arem 2025 com a <strong>conta de luz<\/strong> em dia, aproveitando o per\u00edodo de recebimento do 13\u00ba sal\u00e1rio.<\/p>\n\n\n\t<p>\n\t\t<a href=\"https:\/\/lp.suno.com.br\/planilha-da-vida-financeira\/\" target=\"_blank\" data-element=\"shortcode-suno-banner\" title=\"Banner SUNO, clique e saiba mais\">\n\t\t\t<picture>\n\t\t\t\t<source media=\"(max-width: 500px)\" srcset=\"https:\/\/files.sunoresearch.com.br\/n\/uploads\/2023\/04\/400x300-Planilha-vida-financeira-true.png\">\n\t\t\t\t<img class=\"newsContent__article__imgCapa newsContent__article__imgCapa--banner\"\n\t\t\t\t\tsrc=\"https:\/\/files.sunoresearch.com.br\/n\/uploads\/2023\/04\/1420x240-Planilha-vida-financeira-true.png\"\n\t\t\t\t\tdata-promo-id=\"383123\"\t\t\t\t\t\t\t\t\t\twidth='1420' height='240'\t\t\t\t\talt=\"https:\/\/files.sunoresearch.com.br\/n\/uploads\/2023\/04\/1420x240-Planilha-vida-financeira-true.png\"\n\t\t\t\t>\n\t\t\t<\/picture>\n\t\t<\/a>\n\t<\/p>\n\n\n","protected":false},"excerpt":{"rendered":"<p>A Enel anunciou, nesta segunda-feira (09), uma campanha especial para facilitar a regulariza\u00e7\u00e3o de pessoas que tenham conta de luz em atraso. Conta de luz. Foto: Pixabay. A iniciativa, v\u00e1lida at\u00e9 31 de dezembro, oferece condi\u00e7\u00f5es diferenciadas, como parcelamento em at\u00e9 7 vezes e entrada m\u00ednima de 10% para d\u00edvidas vencidas h\u00e1 mais de 60 [&hellip;]<\/p>\n","protected":false},"author":376,"featured_media":155242,"comment_status":"closed","ping_status":"closed","sticky":false,"template":"","format":"standard","meta":[],"categories":[64],"tags":[816,2153],"suno_strategy":[],"class_list":["post-587107","post","type-post","status-publish","format-standard","has-post-thumbnail","hentry","category-negocios","tag-enel","tag-energia-eletrica"],"yoast_head":"<!-- This site is optimized with the Yoast SEO plugin v24.4 - https:\/\/yoast.com\/wordpress\/plugins\/seo\/ -->\n<title>Conta de luz atrasada poder\u00e1 ser paga em parcelas; entenda<\/title>\n<meta name=\"description\" content=\"Est\u00e1 com a conta de luz atrasada? A Enel lan\u00e7ou uma campanha para facilitar a negocia\u00e7\u00e3o de d\u00edvidas. Clique e saiba mais.\" \/>\n<meta name=\"robots\" content=\"index, follow, max-snippet:-1, max-image-preview:large, max-video-preview:-1\" \/>\n<link rel=\"canonical\" href=\"https:\/\/www.suno.com.br\/noticias\/conta-de-luz-parcelas-enel-gss\/\" \/>\n<meta property=\"og:locale\" content=\"pt_BR\" \/>\n<meta property=\"og:type\" content=\"article\" \/>\n<meta property=\"og:title\" content=\"Conta de luz atrasada poder\u00e1 ser paga em parcelas; entenda\" \/>\n<meta property=\"og:description\" content=\"Est\u00e1 com a conta de luz atrasada? A Enel lan\u00e7ou uma campanha para facilitar a negocia\u00e7\u00e3o de d\u00edvidas. Clique e saiba mais.\" \/>\n<meta property=\"og:url\" content=\"https:\/\/www.suno.com.br\/noticias\/conta-de-luz-parcelas-enel-gss\/\" \/>\n<meta property=\"og:site_name\" content=\"Suno Not\u00edcias\" \/>\n<meta property=\"article:publisher\" content=\"https:\/\/facebook.com\/sunoresearch\" \/>\n<meta property=\"og:image\" content=\"https:\/\/files.sunoresearch.com.br\/n\/uploads\/2021\/06\/09da3fb7-leilao-de-energia.jpg\" \/>\n\t<meta property=\"og:image:width\" content=\"1920\" \/>\n\t<meta property=\"og:image:height\" content=\"1280\" \/>\n\t<meta property=\"og:image:type\" content=\"image\/jpeg\" \/>\n<meta name=\"author\" content=\"Guilherme Serrano\" \/>\n<meta name=\"twitter:card\" content=\"summary_large_image\" \/>\n<meta name=\"twitter:creator\" content=\"@sunoresearch\" \/>\n<meta name=\"twitter:site\" content=\"@sunoresearch\" \/>\n<meta name=\"twitter:label1\" content=\"Escrito por\" \/>\n\t<meta name=\"twitter:data1\" content=\"Guilherme Serrano\" \/>\n\t<meta name=\"twitter:label2\" content=\"Est. tempo de leitura\" \/>\n\t<meta name=\"twitter:data2\" content=\"2 minutos\" \/>\n<script type=\"application\/ld+json\" class=\"yoast-schema-graph\">{\"@context\":\"https:\/\/schema.org\",\"@graph\":[{\"@type\":\"NewsArticle\",\"@id\":\"https:\/\/www.suno.com.br\/noticias\/conta-de-luz-parcelas-enel-gss\/#article\",\"isPartOf\":{\"@id\":\"https:\/\/www.suno.com.br\/noticias\/conta-de-luz-parcelas-enel-gss\/\"},\"author\":{\"name\":\"Guilherme Serrano\",\"@id\":\"https:\/\/www.suno.com.br\/noticias\/#\/schema\/person\/d0f07e64bce64aa671feadfb844f04ca\"},\"headline\":\"Conta de luz atrasada poder\u00e1 ser paga em parcelas; entenda\",\"datePublished\":\"2024-12-09T19:17:33+00:00\",\"dateModified\":\"2024-12-09T19:17:36+00:00\",\"mainEntityOfPage\":{\"@id\":\"https:\/\/www.suno.com.br\/noticias\/conta-de-luz-parcelas-enel-gss\/\"},\"wordCount\":340,\"publisher\":{\"@id\":\"https:\/\/www.suno.com.br\/noticias\/#organization\"},\"image\":{\"@id\":\"https:\/\/www.suno.com.br\/noticias\/conta-de-luz-parcelas-enel-gss\/#primaryimage\"},\"thumbnailUrl\":\"https:\/\/files.sunoresearch.com.br\/n\/uploads\/2021\/06\/09da3fb7-leilao-de-energia-jpg.webp\",\"keywords\":[\"Enel\",\"energia el\u00e9trica\"],\"articleSection\":[\"Neg\u00f3cios\"],\"inLanguage\":\"pt-BR\"},{\"@type\":\"WebPage\",\"@id\":\"https:\/\/www.suno.com.br\/noticias\/conta-de-luz-parcelas-enel-gss\/\",\"url\":\"https:\/\/www.suno.com.br\/noticias\/conta-de-luz-parcelas-enel-gss\/\",\"name\":\"Conta de luz atrasada poder\u00e1 ser paga em parcelas; entenda\",\"isPartOf\":{\"@id\":\"https:\/\/www.suno.com.br\/noticias\/#website\"},\"primaryImageOfPage\":{\"@id\":\"https:\/\/www.suno.com.br\/noticias\/conta-de-luz-parcelas-enel-gss\/#primaryimage\"},\"image\":{\"@id\":\"https:\/\/www.suno.com.br\/noticias\/conta-de-luz-parcelas-enel-gss\/#primaryimage\"},\"thumbnailUrl\":\"https:\/\/files.sunoresearch.com.br\/n\/uploads\/2021\/06\/09da3fb7-leilao-de-energia-jpg.webp\",\"datePublished\":\"2024-12-09T19:17:33+00:00\",\"dateModified\":\"2024-12-09T19:17:36+00:00\",\"description\":\"Est\u00e1 com a conta de luz atrasada? A Enel lan\u00e7ou uma campanha para facilitar a negocia\u00e7\u00e3o de d\u00edvidas. Clique e saiba mais.\",\"breadcrumb\":{\"@id\":\"https:\/\/www.suno.com.br\/noticias\/conta-de-luz-parcelas-enel-gss\/#breadcrumb\"},\"inLanguage\":\"pt-BR\",\"potentialAction\":[{\"@type\":\"ReadAction\",\"target\":[\"https:\/\/www.suno.com.br\/noticias\/conta-de-luz-parcelas-enel-gss\/\"]}]},{\"@type\":\"ImageObject\",\"inLanguage\":\"pt-BR\",\"@id\":\"https:\/\/www.suno.com.br\/noticias\/conta-de-luz-parcelas-enel-gss\/#primaryimage\",\"url\":\"https:\/\/files.sunoresearch.com.br\/n\/uploads\/2021\/06\/09da3fb7-leilao-de-energia-jpg.webp\",\"contentUrl\":\"https:\/\/files.sunoresearch.com.br\/n\/uploads\/2021\/06\/09da3fb7-leilao-de-energia-jpg.webp\",\"width\":1920,\"height\":1280,\"caption\":\"Conta de luz. Foto: Pixabay.\"},{\"@type\":\"BreadcrumbList\",\"@id\":\"https:\/\/www.suno.com.br\/noticias\/conta-de-luz-parcelas-enel-gss\/#breadcrumb\",\"itemListElement\":[{\"@type\":\"ListItem\",\"position\":1,\"name\":\"Not\u00edcias\",\"item\":\"https:\/\/www.suno.com.br\/noticias\/\"},{\"@type\":\"ListItem\",\"position\":2,\"name\":\"Neg\u00f3cios\",\"item\":\"https:\/\/www.suno.com.br\/noticias\/negocios\/\"},{\"@type\":\"ListItem\",\"position\":3,\"name\":\"Conta de luz atrasada poder\u00e1 ser paga em parcelas; entenda\"}]},{\"@type\":\"WebSite\",\"@id\":\"https:\/\/www.suno.com.br\/noticias\/#website\",\"url\":\"https:\/\/www.suno.com.br\/noticias\/\",\"name\":\"Suno Not\u00edcias\",\"description\":\"Seu portal de informa\u00e7\u00e3o sobre o mundo dos investimentos\",\"publisher\":{\"@id\":\"https:\/\/www.suno.com.br\/noticias\/#organization\"},\"potentialAction\":[{\"@type\":\"SearchAction\",\"target\":{\"@type\":\"EntryPoint\",\"urlTemplate\":\"https:\/\/www.suno.com.br\/noticias\/?s={search_term_string}\"},\"query-input\":{\"@type\":\"PropertyValueSpecification\",\"valueRequired\":true,\"valueName\":\"search_term_string\"}}],\"inLanguage\":\"pt-BR\"},{\"@type\":\"Organization\",\"@id\":\"https:\/\/www.suno.com.br\/noticias\/#organization\",\"name\":\"Suno Not\u00edcias\",\"url\":\"https:\/\/www.suno.com.br\/noticias\/\",\"logo\":{\"@type\":\"ImageObject\",\"inLanguage\":\"pt-BR\",\"@id\":\"https:\/\/www.suno.com.br\/noticias\/#\/schema\/logo\/image\/\",\"url\":\"https:\/\/files.sunoresearch.com.br\/n\/uploads\/2021\/09\/suno-logo.png\",\"contentUrl\":\"https:\/\/files.sunoresearch.com.br\/n\/uploads\/2021\/09\/suno-logo.png\",\"width\":180,\"height\":180,\"caption\":\"Suno Not\u00edcias\"},\"image\":{\"@id\":\"https:\/\/www.suno.com.br\/noticias\/#\/schema\/logo\/image\/\"},\"sameAs\":[\"https:\/\/facebook.com\/sunoresearch\",\"https:\/\/x.com\/sunoresearch\",\"https:\/\/www.instagram.com\/suno\",\"https:\/\/www.linkedin.com\/company\/suno-research\/\",\"https:\/\/www.youtube.com\/c\/sunoresearch\"]},{\"@type\":\"Person\",\"@id\":\"https:\/\/www.suno.com.br\/noticias\/#\/schema\/person\/d0f07e64bce64aa671feadfb844f04ca\",\"name\":\"Guilherme Serrano\",\"image\":{\"@type\":\"ImageObject\",\"inLanguage\":\"pt-BR\",\"@id\":\"https:\/\/www.suno.com.br\/noticias\/#\/schema\/person\/image\/\",\"url\":\"https:\/\/secure.gravatar.com\/avatar\/a90be19d8c67bef61497e4522de30ac4?s=96&r=g\",\"contentUrl\":\"https:\/\/secure.gravatar.com\/avatar\/a90be19d8c67bef61497e4522de30ac4?s=96&r=g\",\"caption\":\"Guilherme Serrano\"},\"description\":\"Jornalista formado pela Faculdade C\u00e1sper L\u00edbero e p\u00f3s-graduado em Can\u00e7\u00e3o Popular pela Faculdade Santa Marcelina. Passagens por R\u00e1dio Gazeta AM, gazetaesportiva.com e TC R\u00e1dio.\",\"url\":\"https:\/\/www.suno.com.br\/noticias\/author\/guilherme-silvasuno-com-br\/\"}]}<\/script>\n<!-- \/ Yoast SEO plugin. -->","yoast_head_json":{"title":"Conta de luz atrasada poder\u00e1 ser paga em parcelas; entenda","description":"Est\u00e1 com a conta de luz atrasada? A Enel lan\u00e7ou uma campanha para facilitar a negocia\u00e7\u00e3o de d\u00edvidas. Clique e saiba mais.","robots":{"index":"index","follow":"follow","max-snippet":"max-snippet:-1","max-image-preview":"max-image-preview:large","max-video-preview":"max-video-preview:-1"},"canonical":"https:\/\/www.suno.com.br\/noticias\/conta-de-luz-parcelas-enel-gss\/","og_locale":"pt_BR","og_type":"article","og_title":"Conta de luz atrasada poder\u00e1 ser paga em parcelas; entenda","og_description":"Est\u00e1 com a conta de luz atrasada? A Enel lan\u00e7ou uma campanha para facilitar a negocia\u00e7\u00e3o de d\u00edvidas. Clique e saiba mais.","og_url":"https:\/\/www.suno.com.br\/noticias\/conta-de-luz-parcelas-enel-gss\/","og_site_name":"Suno Not\u00edcias","article_publisher":"https:\/\/facebook.com\/sunoresearch","og_image":[{"width":1920,"height":1280,"url":"https:\/\/files.sunoresearch.com.br\/n\/uploads\/2021\/06\/09da3fb7-leilao-de-energia.jpg","type":"image\/jpeg"}],"author":"Guilherme Serrano","twitter_card":"summary_large_image","twitter_creator":"@sunoresearch","twitter_site":"@sunoresearch","twitter_misc":{"Escrito por":"Guilherme Serrano","Est. tempo de leitura":"2 minutos"},"schema":{"@context":"https:\/\/schema.org","@graph":[{"@type":"NewsArticle","@id":"https:\/\/www.suno.com.br\/noticias\/conta-de-luz-parcelas-enel-gss\/#article","isPartOf":{"@id":"https:\/\/www.suno.com.br\/noticias\/conta-de-luz-parcelas-enel-gss\/"},"author":{"name":"Guilherme Serrano","@id":"https:\/\/www.suno.com.br\/noticias\/#\/schema\/person\/d0f07e64bce64aa671feadfb844f04ca"},"headline":"Conta de luz atrasada poder\u00e1 ser paga em parcelas; entenda","datePublished":"2024-12-09T19:17:33+00:00","dateModified":"2024-12-09T19:17:36+00:00","mainEntityOfPage":{"@id":"https:\/\/www.suno.com.br\/noticias\/conta-de-luz-parcelas-enel-gss\/"},"wordCount":340,"publisher":{"@id":"https:\/\/www.suno.com.br\/noticias\/#organization"},"image":{"@id":"https:\/\/www.suno.com.br\/noticias\/conta-de-luz-parcelas-enel-gss\/#primaryimage"},"thumbnailUrl":"https:\/\/files.sunoresearch.com.br\/n\/uploads\/2021\/06\/09da3fb7-leilao-de-energia-jpg.webp","keywords":["Enel","energia el\u00e9trica"],"articleSection":["Neg\u00f3cios"],"inLanguage":"pt-BR"},{"@type":"WebPage","@id":"https:\/\/www.suno.com.br\/noticias\/conta-de-luz-parcelas-enel-gss\/","url":"https:\/\/www.suno.com.br\/noticias\/conta-de-luz-parcelas-enel-gss\/","name":"Conta de luz atrasada poder\u00e1 ser paga em parcelas; entenda","isPartOf":{"@id":"https:\/\/www.suno.com.br\/noticias\/#website"},"primaryImageOfPage":{"@id":"https:\/\/www.suno.com.br\/noticias\/conta-de-luz-parcelas-enel-gss\/#primaryimage"},"image":{"@id":"https:\/\/www.suno.com.br\/noticias\/conta-de-luz-parcelas-enel-gss\/#primaryimage"},"thumbnailUrl":"https:\/\/files.sunoresearch.com.br\/n\/uploads\/2021\/06\/09da3fb7-leilao-de-energia-jpg.webp","datePublished":"2024-12-09T19:17:33+00:00","dateModified":"2024-12-09T19:17:36+00:00","description":"Est\u00e1 com a conta de luz atrasada? A Enel lan\u00e7ou uma campanha para facilitar a negocia\u00e7\u00e3o de d\u00edvidas. Clique e saiba mais.","breadcrumb":{"@id":"https:\/\/www.suno.com.br\/noticias\/conta-de-luz-parcelas-enel-gss\/#breadcrumb"},"inLanguage":"pt-BR","potentialAction":[{"@type":"ReadAction","target":["https:\/\/www.suno.com.br\/noticias\/conta-de-luz-parcelas-enel-gss\/"]}]},{"@type":"ImageObject","inLanguage":"pt-BR","@id":"https:\/\/www.suno.com.br\/noticias\/conta-de-luz-parcelas-enel-gss\/#primaryimage","url":"https:\/\/files.sunoresearch.com.br\/n\/uploads\/2021\/06\/09da3fb7-leilao-de-energia-jpg.webp","contentUrl":"https:\/\/files.sunoresearch.com.br\/n\/uploads\/2021\/06\/09da3fb7-leilao-de-energia-jpg.webp","width":1920,"height":1280,"caption":"Conta de luz. Foto: Pixabay."},{"@type":"BreadcrumbList","@id":"https:\/\/www.suno.com.br\/noticias\/conta-de-luz-parcelas-enel-gss\/#breadcrumb","itemListElement":[{"@type":"ListItem","position":1,"name":"Not\u00edcias","item":"https:\/\/www.suno.com.br\/noticias\/"},{"@type":"ListItem","position":2,"name":"Neg\u00f3cios","item":"https:\/\/www.suno.com.br\/noticias\/negocios\/"},{"@type":"ListItem","position":3,"name":"Conta de luz atrasada poder\u00e1 ser paga em parcelas; entenda"}]},{"@type":"WebSite","@id":"https:\/\/www.suno.com.br\/noticias\/#website","url":"https:\/\/www.suno.com.br\/noticias\/","name":"Suno Not\u00edcias","description":"Seu portal de informa\u00e7\u00e3o sobre o mundo dos investimentos","publisher":{"@id":"https:\/\/www.suno.com.br\/noticias\/#organization"},"potentialAction":[{"@type":"SearchAction","target":{"@type":"EntryPoint","urlTemplate":"https:\/\/www.suno.com.br\/noticias\/?s={search_term_string}"},"query-input":{"@type":"PropertyValueSpecification","valueRequired":true,"valueName":"search_term_string"}}],"inLanguage":"pt-BR"},{"@type":"Organization","@id":"https:\/\/www.suno.com.br\/noticias\/#organization","name":"Suno Not\u00edcias","url":"https:\/\/www.suno.com.br\/noticias\/","logo":{"@type":"ImageObject","inLanguage":"pt-BR","@id":"https:\/\/www.suno.com.br\/noticias\/#\/schema\/logo\/image\/","url":"https:\/\/files.sunoresearch.com.br\/n\/uploads\/2021\/09\/suno-logo.png","contentUrl":"https:\/\/files.sunoresearch.com.br\/n\/uploads\/2021\/09\/suno-logo.png","width":180,"height":180,"caption":"Suno Not\u00edcias"},"image":{"@id":"https:\/\/www.suno.com.br\/noticias\/#\/schema\/logo\/image\/"},"sameAs":["https:\/\/facebook.com\/sunoresearch","https:\/\/x.com\/sunoresearch","https:\/\/www.instagram.com\/suno","https:\/\/www.linkedin.com\/company\/suno-research\/","https:\/\/www.youtube.com\/c\/sunoresearch"]},{"@type":"Person","@id":"https:\/\/www.suno.com.br\/noticias\/#\/schema\/person\/d0f07e64bce64aa671feadfb844f04ca","name":"Guilherme Serrano","image":{"@type":"ImageObject","inLanguage":"pt-BR","@id":"https:\/\/www.suno.com.br\/noticias\/#\/schema\/person\/image\/","url":"https:\/\/secure.gravatar.com\/avatar\/a90be19d8c67bef61497e4522de30ac4?s=96&r=g","contentUrl":"https:\/\/secure.gravatar.com\/avatar\/a90be19d8c67bef61497e4522de30ac4?s=96&r=g","caption":"Guilherme Serrano"},"description":"Jornalista formado pela Faculdade C\u00e1sper L\u00edbero e p\u00f3s-graduado em Can\u00e7\u00e3o Popular pela Faculdade Santa Marcelina. Passagens por R\u00e1dio Gazeta AM, gazetaesportiva.com e TC R\u00e1dio.","url":"https:\/\/www.suno.com.br\/noticias\/author\/guilherme-silvasuno-com-br\/"}]}},"default_loop_html":"<div class=\"cardsPage__listCard__boxs\"><div class=\"cardsPage__listCard__boxs__img\"><a href=\"https:\/\/www.suno.com.br\/noticias\/conta-de-luz-parcelas-enel-gss\/\"><img class=\"mask\" src=\"https:\/\/www.suno.com.br\/noticias\/wp-content\/themes\/suno\/resources\/images\/spotlight\/spotlight1img\/bg-mask.png\" alt=\"Image Mask\"\/><img src=\"https:\/\/files.sunoresearch.com.br\/n\/uploads\/2021\/06\/09da3fb7-leilao-de-energia-400x200.webp\" alt=\"Conta de luz atrasada poder\u00e1 ser paga em parcelas; entenda\"\/><\/a><span class=\"spotlightCategory\"><a href=\"https:\/\/www.suno.com.br\/noticias\/negocios\/\">Neg\u00f3cios<\/a><\/span><\/div><div class=\"cardsPage__listCard__boxs__content\"><a href=\"https:\/\/www.suno.com.br\/noticias\/conta-de-luz-parcelas-enel-gss\/\"><h2 class=\"content__title\">Conta de luz atrasada poder\u00e1 ser paga em parcelas; entenda<\/h2><\/a><div class=\"newsContent__article__meta\"><div class=\"newsContent__article__meta__authorBox\"><a href=\"https:\/\/www.suno.com.br\/noticias\/author\/guilherme-silvasuno-com-br\/\" class=\"authorBox__avatar noMobi\"><img src=\"https:\/\/secure.gravatar.com\/avatar\/a90be19d8c67bef61497e4522de30ac4?s=96&#038;r=g\" alt=\"Guilherme Serrano\"><\/a><div class=\"authorBox__name\"><span>por\n\t\t\t<a href=\"https:\/\/www.suno.com.br\/noticias\/author\/guilherme-silvasuno-com-br\/\"><span itemprop=\"author\">Guilherme Serrano<\/span><\/a><\/span><time datetime=\"2024-12-09T16:17:33-03:00\" itemprop=\"datePublished\">09\/12\/2024 16:17<\/time><\/div><\/div><\/div><\/div><\/div>","single_layout":"posts","amp_enabled":true,"_links":{"self":[{"href":"https:\/\/www.suno.com.br\/noticias\/wp-json\/wp\/v2\/posts\/587107"}],"collection":[{"href":"https:\/\/www.suno.com.br\/noticias\/wp-json\/wp\/v2\/posts"}],"about":[{"href":"https:\/\/www.suno.com.br\/noticias\/wp-json\/wp\/v2\/types\/post"}],"author":[{"embeddable":true,"href":"https:\/\/www.suno.com.br\/noticias\/wp-json\/wp\/v2\/users\/376"}],"replies":[{"embeddable":true,"href":"https:\/\/www.suno.com.br\/noticias\/wp-json\/wp\/v2\/comments?post=587107"}],"version-history":[{"count":2,"href":"https:\/\/www.suno.com.br\/noticias\/wp-json\/wp\/v2\/posts\/587107\/revisions"}],"predecessor-version":[{"id":587109,"href":"https:\/\/www.suno.com.br\/noticias\/wp-json\/wp\/v2\/posts\/587107\/revisions\/587109"}],"wp:featuredmedia":[{"embeddable":true,"href":"https:\/\/www.suno.com.br\/noticias\/wp-json\/wp\/v2\/media\/155242"}],"wp:attachment":[{"href":"https:\/\/www.suno.com.br\/noticias\/wp-json\/wp\/v2\/media?parent=587107"}],"wp:term":[{"taxonomy":"category","embeddable":true,"href":"https:\/\/www.suno.com.br\/noticias\/wp-json\/wp\/v2\/categories?post=587107"},{"taxonomy":"post_tag","embeddable":true,"href":"https:\/\/www.suno.com.br\/noticias\/wp-json\/wp\/v2\/tags?post=587107"},{"taxonomy":"suno_strategy","embeddable":true,"href":"https:\/\/www.suno.com.br\/noticias\/wp-json\/wp\/v2\/suno_strategy?post=587107"}],"curies":[{"name":"wp","href":"https:\/\/api.w.org\/{rel}","templated":true}]}}