{"id":587094,"date":"2024-12-09T14:49:47","date_gmt":"2024-12-09T17:49:47","guid":{"rendered":"https:\/\/www.suno.com.br\/noticias\/?p=587094"},"modified":"2024-12-09T14:49:50","modified_gmt":"2024-12-09T17:49:50","slug":"azul-azul4-salta-avanco-acordo-credores-gss","status":"publish","type":"post","link":"https:\/\/www.suno.com.br\/noticias\/azul-azul4-salta-avanco-acordo-credores-gss\/","title":{"rendered":"Azul (AZUL4) salta com avan\u00e7o em negocia\u00e7\u00e3o com credores"},"content":{"rendered":"<p>Nesta segunda-feira (09), a <strong>Azul<\/strong> (<a class=\"suno-keyword\" data-force=\"yes\" data-priority=\"2\" href=\"https:\/\/www.suno.com.br\/analitica\/acoes\/azul4\/\" target=\"_blank\" rel=\"noopener\">AZUL4<\/a>) atualizou o mercado sobre as negocia\u00e7\u00f5es com seus credores, que fazem parte de um amplo processo de reestrutura\u00e7\u00e3o financeira. A companhia informou que concluiu as discuss\u00f5es com os detentores de t\u00edtulos de d\u00edvida, etapa que pode garantir acesso a mais de R$ 3 bilh\u00f5es em financiamento j\u00e1 no in\u00edcio de 2025.<\/p>\t<div class=\"wrapper-featured-image\">\n\t\t<figure class=\"spotlightImg\">\n\n\t\t\t<picture>\n\t\t\t\t<source media=\"(max-width: 768px)\" srcset=\"https:\/\/files.sunoresearch.com.br\/n\/uploads\/2022\/12\/azul-azul4-400x200.jpg\">\n\t\t\t\t<img loading=\"lazy\" decoding=\"async\" class=\"newsContent__article__imgCapa lazyloadDisabled \" src=\"https:\/\/files.sunoresearch.com.br\/n\/uploads\/2022\/12\/azul-azul4-800x450.jpg\" width=\"800\" height=\"450\" alt=\"Azul (AZUL4) salta com avan\u00e7o em negocia\u00e7\u00e3o com credores\" fetchpriority=high \/>\n\t\t\t<\/picture>\n\n\t\t\t<figcaption class=\"wp-caption-text wp-caption-text--show\">Azul (AZUL53) anuncia oferta de US$ 1,375 bilh\u00e3o para financiar sa\u00edda do Chapter 11. Foto: Divulga\u00e7\u00e3o\/Azul<\/figcaption>\n\t\t<\/figure>\n\t<\/div>\n\n\n\n\n\n\n\n\t<p>\n\t\t<a href=\"https:\/\/lp.suno.com.br\/planilha-da-vida-financeira\/\" target=\"_blank\" data-element=\"shortcode-suno-banner\" title=\"Banner SUNO, clique e saiba mais\">\n\t\t\t<picture>\n\t\t\t\t<source media=\"(max-width: 500px)\" srcset=\"https:\/\/files.sunoresearch.com.br\/n\/uploads\/2023\/04\/400x300-Planilha-vida-financeira-true.png\">\n\t\t\t\t<img class=\"newsContent__article__imgCapa newsContent__article__imgCapa--banner\"\n\t\t\t\t\tsrc=\"https:\/\/files.sunoresearch.com.br\/n\/uploads\/2023\/04\/1420x240-Planilha-vida-financeira-true.png\"\n\t\t\t\t\tdata-promo-id=\"106682\"\t\t\t\t\t\t\t\t\t\twidth='1420' height='240'\t\t\t\t\talt=\"https:\/\/files.sunoresearch.com.br\/n\/uploads\/2023\/04\/1420x240-Planilha-vida-financeira-true.png\"\n\t\t\t\t>\n\t\t\t<\/picture>\n\t\t<\/a>\n\t<\/p>\n\n\n\n\n\n<p>Al\u00e9m disso, a a\u00e9rea anunciou que espera lan\u00e7ar ofertas de permuta e solicita\u00e7\u00f5es de consentimento no come\u00e7o da pr\u00f3xima semana. Essas ofertas est\u00e3o relacionadas \u00e0s notas de primeiro e segundo grau da empresa e s\u00e3o uma condi\u00e7\u00e3o para a emiss\u00e3o de US$ 500 milh\u00f5es em notas superpriorit\u00e1rias, previstas para meados de janeiro.<\/p>\n\n\n\n<p>Diante das not\u00edcias, por volta das 14h30 desta segunda-feira as <strong>a\u00e7\u00f5es da Azul<\/strong> (<strong>AZUL4<\/strong>) subiam 2,97%, cotadas a R$ 4,50.<\/p>\n\n\n\n<h2 class=\"wp-block-heading\"><strong>Detalhes das negocia\u00e7\u00f5es<\/strong><\/h2>\n\n\n\n<p>As discuss\u00f5es inclu\u00edram acordos com um grupo ad hoc de credores para definir termos como governan\u00e7a p\u00f3s-transa\u00e7\u00e3o, planos de incentivo \u00e0 administra\u00e7\u00e3o e compromissos para migrar para uma \u00fanica classe de a\u00e7\u00f5es dentro de um per\u00edodo especificado. Al\u00e9m disso, foram ajustadas quest\u00f5es relacionadas ao <a class=\"suno-keyword\" data-force=\"no\" data-priority=\"2\" href=\"https:\/\/www.suno.com.br\/artigos\/capital-social\/\" target=\"_blank\" rel=\"noopener\">capital social<\/a> e \u00e0 convers\u00e3o de <a class=\"suno-keyword\" data-force=\"no\" data-priority=\"1\" href=\"https:\/\/www.suno.com.br\/artigos\/o-que-sao-acoes-ordinarias-preferenciais-e-units\/\" target=\"_blank\" rel=\"noopener\">a\u00e7\u00f5es ordin\u00e1rias<\/a>.<\/p>\n\n\n\t<p>\n\t\t<a href=\"https:\/\/lp.suno.com.br\/ebook-como-analisar-uma-acao\/\" target=\"_blank\" data-element=\"shortcode-suno-banner\" title=\"Banner SUNO, clique e saiba mais\">\n\t\t\t<picture>\n\t\t\t\t<source media=\"(max-width: 500px)\" srcset=\"https:\/\/files.sunoresearch.com.br\/n\/uploads\/2023\/03\/Ebook-Acoes-Mobile.jpg\">\n\t\t\t\t<img class=\"newsContent__article__imgCapa newsContent__article__imgCapa--banner\"\n\t\t\t\t\tsrc=\"https:\/\/files.sunoresearch.com.br\/n\/uploads\/2023\/03\/Ebook-Acoes-Desktop.jpg\"\n\t\t\t\t\tdata-promo-id=\"378302\"\t\t\t\t\t\t\t\t\t\twidth='1420' height='286'\t\t\t\t\talt=\"https:\/\/files.sunoresearch.com.br\/n\/uploads\/2023\/03\/Ebook-Acoes-Desktop.jpg\"\n\t\t\t\t>\n\t\t\t<\/picture>\n\t\t<\/a>\n\t<\/p>\n\n\n\n\n\n<p>Entre as opera\u00e7\u00f5es previstas, est\u00e3o duas capta\u00e7\u00f5es principais:<\/p>\n\n\n\n<ul class=\"wp-block-list\">\n<li><strong>Notas superpriorit\u00e1rias<\/strong>: Totalizando US$ 500 milh\u00f5es (cerca de R$ 3,02 bilh\u00f5es), com US$ 150 milh\u00f5es j\u00e1 liberados em outubro de 2024 e mais US$ 350 milh\u00f5es esperados para janeiro de 2025, dos quais US$ 100 milh\u00f5es dependem do cumprimento de condi\u00e7\u00f5es espec\u00edficas.<\/li>\n\n\n\n<li><strong>Bridge Notes<\/strong>: Financiamento s\u00eanior de curto prazo no valor de US$ 150 milh\u00f5es (aproximadamente R$ 908 milh\u00f5es).<\/li>\n<\/ul>\n\n\n\n<p><strong>Fortalecimento financeiro e liquidez<\/strong><\/p>\n\n\n\n<p>A <strong>Azul<\/strong> afirmou que a conclus\u00e3o dessas opera\u00e7\u00f5es deve &#8220;fortalecer consideravelmente sua liquidez e posi\u00e7\u00e3o financeira&#8221;, permitindo acesso pleno ao montante total de US$ 500 milh\u00f5es no in\u00edcio do pr\u00f3ximo ano. Esse refor\u00e7o financeiro \u00e9 crucial para apoiar as opera\u00e7\u00f5es da companhia e impulsionar sua recupera\u00e7\u00e3o no cen\u00e1rio p\u00f3s-pandemia.<\/p>\n\n\n\t<p>\n\t\t<a href=\"https:\/\/lp.suno.com.br\/planilha-da-vida-financeira\/\" target=\"_blank\" data-element=\"shortcode-suno-banner\" title=\"Banner SUNO, clique e saiba mais\">\n\t\t\t<picture>\n\t\t\t\t<source media=\"(max-width: 500px)\" srcset=\"https:\/\/files.sunoresearch.com.br\/n\/uploads\/2023\/04\/400x300-Planilha-vida-financeira-true.png\">\n\t\t\t\t<img class=\"newsContent__article__imgCapa newsContent__article__imgCapa--banner\"\n\t\t\t\t\tsrc=\"https:\/\/files.sunoresearch.com.br\/n\/uploads\/2023\/04\/1420x240-Planilha-vida-financeira-true.png\"\n\t\t\t\t\tdata-promo-id=\"383123\"\t\t\t\t\t\t\t\t\t\twidth='1420' height='240'\t\t\t\t\talt=\"https:\/\/files.sunoresearch.com.br\/n\/uploads\/2023\/04\/1420x240-Planilha-vida-financeira-true.png\"\n\t\t\t\t>\n\t\t\t<\/picture>\n\t\t<\/a>\n\t<\/p>\n\n\n","protected":false},"excerpt":{"rendered":"<p>Nesta segunda-feira (09), a Azul (AZUL4) atualizou o mercado sobre as negocia\u00e7\u00f5es com seus credores, que fazem parte de um amplo processo de reestrutura\u00e7\u00e3o financeira. A companhia informou que concluiu as discuss\u00f5es com os detentores de t\u00edtulos de d\u00edvida, etapa que pode garantir acesso a mais de R$ 3 bilh\u00f5es em financiamento j\u00e1 no in\u00edcio [&hellip;]<\/p>\n","protected":false},"author":376,"featured_media":332301,"comment_status":"closed","ping_status":"closed","sticky":false,"template":"","format":"standard","meta":[],"categories":[64],"tags":[106932],"suno_strategy":[],"class_list":["post-587094","post","type-post","status-publish","format-standard","has-post-thumbnail","hentry","category-negocios","tag-azul-azul4"],"yoast_head":"<!-- This site is optimized with the Yoast SEO plugin v24.4 - https:\/\/yoast.com\/wordpress\/plugins\/seo\/ -->\n<title>Azul (AZUL4) salta com avan\u00e7o em negocia\u00e7\u00e3o com credores<\/title>\n<meta name=\"description\" content=\"A Azul (AZUL4) atualizou o mercado sobre as negocia\u00e7\u00f5es com seus credores e v\u00ea suas a\u00e7\u00f5es operarem em forte alta hoje (09).\" \/>\n<meta name=\"robots\" content=\"index, follow, max-snippet:-1, max-image-preview:large, max-video-preview:-1\" \/>\n<link rel=\"canonical\" href=\"https:\/\/www.suno.com.br\/noticias\/azul-azul4-salta-avanco-acordo-credores-gss\/\" \/>\n<meta property=\"og:locale\" content=\"pt_BR\" \/>\n<meta property=\"og:type\" content=\"article\" \/>\n<meta property=\"og:title\" content=\"Azul (AZUL4) salta com avan\u00e7o em negocia\u00e7\u00e3o com credores\" \/>\n<meta property=\"og:description\" content=\"A Azul (AZUL4) atualizou o mercado sobre as negocia\u00e7\u00f5es com seus credores e v\u00ea suas a\u00e7\u00f5es operarem em forte alta hoje (09).\" \/>\n<meta property=\"og:url\" content=\"https:\/\/www.suno.com.br\/noticias\/azul-azul4-salta-avanco-acordo-credores-gss\/\" \/>\n<meta property=\"og:site_name\" content=\"Suno Not\u00edcias\" \/>\n<meta property=\"article:publisher\" content=\"https:\/\/facebook.com\/sunoresearch\" \/>\n<meta property=\"og:image\" content=\"https:\/\/files.sunoresearch.com.br\/n\/uploads\/2022\/12\/azul-azul4.jpg\" \/>\n\t<meta property=\"og:image:width\" content=\"1200\" \/>\n\t<meta property=\"og:image:height\" content=\"800\" \/>\n\t<meta property=\"og:image:type\" content=\"image\/jpeg\" \/>\n<meta name=\"author\" content=\"Guilherme Serrano\" \/>\n<meta name=\"twitter:card\" content=\"summary_large_image\" \/>\n<meta name=\"twitter:creator\" content=\"@sunoresearch\" \/>\n<meta name=\"twitter:site\" content=\"@sunoresearch\" \/>\n<meta name=\"twitter:label1\" content=\"Escrito por\" \/>\n\t<meta name=\"twitter:data1\" content=\"Guilherme Serrano\" \/>\n\t<meta name=\"twitter:label2\" content=\"Est. tempo de leitura\" \/>\n\t<meta name=\"twitter:data2\" content=\"2 minutos\" \/>\n<script type=\"application\/ld+json\" class=\"yoast-schema-graph\">{\"@context\":\"https:\/\/schema.org\",\"@graph\":[{\"@type\":\"NewsArticle\",\"@id\":\"https:\/\/www.suno.com.br\/noticias\/azul-azul4-salta-avanco-acordo-credores-gss\/#article\",\"isPartOf\":{\"@id\":\"https:\/\/www.suno.com.br\/noticias\/azul-azul4-salta-avanco-acordo-credores-gss\/\"},\"author\":{\"name\":\"Guilherme Serrano\",\"@id\":\"https:\/\/www.suno.com.br\/noticias\/#\/schema\/person\/d0f07e64bce64aa671feadfb844f04ca\"},\"headline\":\"Azul (AZUL4) salta com avan\u00e7o em negocia\u00e7\u00e3o com credores\",\"datePublished\":\"2024-12-09T17:49:47+00:00\",\"dateModified\":\"2024-12-09T17:49:50+00:00\",\"mainEntityOfPage\":{\"@id\":\"https:\/\/www.suno.com.br\/noticias\/azul-azul4-salta-avanco-acordo-credores-gss\/\"},\"wordCount\":365,\"publisher\":{\"@id\":\"https:\/\/www.suno.com.br\/noticias\/#organization\"},\"image\":{\"@id\":\"https:\/\/www.suno.com.br\/noticias\/azul-azul4-salta-avanco-acordo-credores-gss\/#primaryimage\"},\"thumbnailUrl\":\"https:\/\/files.sunoresearch.com.br\/n\/uploads\/2022\/12\/azul-azul4.jpg\",\"keywords\":[\"Azul (AZUL4)\"],\"articleSection\":[\"Neg\u00f3cios\"],\"inLanguage\":\"pt-BR\"},{\"@type\":\"WebPage\",\"@id\":\"https:\/\/www.suno.com.br\/noticias\/azul-azul4-salta-avanco-acordo-credores-gss\/\",\"url\":\"https:\/\/www.suno.com.br\/noticias\/azul-azul4-salta-avanco-acordo-credores-gss\/\",\"name\":\"Azul (AZUL4) salta com avan\u00e7o em negocia\u00e7\u00e3o com credores\",\"isPartOf\":{\"@id\":\"https:\/\/www.suno.com.br\/noticias\/#website\"},\"primaryImageOfPage\":{\"@id\":\"https:\/\/www.suno.com.br\/noticias\/azul-azul4-salta-avanco-acordo-credores-gss\/#primaryimage\"},\"image\":{\"@id\":\"https:\/\/www.suno.com.br\/noticias\/azul-azul4-salta-avanco-acordo-credores-gss\/#primaryimage\"},\"thumbnailUrl\":\"https:\/\/files.sunoresearch.com.br\/n\/uploads\/2022\/12\/azul-azul4.jpg\",\"datePublished\":\"2024-12-09T17:49:47+00:00\",\"dateModified\":\"2024-12-09T17:49:50+00:00\",\"description\":\"A Azul (AZUL4) atualizou o mercado sobre as negocia\u00e7\u00f5es com seus credores e v\u00ea suas a\u00e7\u00f5es operarem em forte alta hoje (09).\",\"breadcrumb\":{\"@id\":\"https:\/\/www.suno.com.br\/noticias\/azul-azul4-salta-avanco-acordo-credores-gss\/#breadcrumb\"},\"inLanguage\":\"pt-BR\",\"potentialAction\":[{\"@type\":\"ReadAction\",\"target\":[\"https:\/\/www.suno.com.br\/noticias\/azul-azul4-salta-avanco-acordo-credores-gss\/\"]}]},{\"@type\":\"ImageObject\",\"inLanguage\":\"pt-BR\",\"@id\":\"https:\/\/www.suno.com.br\/noticias\/azul-azul4-salta-avanco-acordo-credores-gss\/#primaryimage\",\"url\":\"https:\/\/files.sunoresearch.com.br\/n\/uploads\/2022\/12\/azul-azul4.jpg\",\"contentUrl\":\"https:\/\/files.sunoresearch.com.br\/n\/uploads\/2022\/12\/azul-azul4.jpg\",\"width\":1200,\"height\":800,\"caption\":\"Azul (AZUL53) anuncia oferta de US$ 1,375 bilh\u00e3o para financiar sa\u00edda do Chapter 11. Foto: Divulga\u00e7\u00e3o\/Azul\"},{\"@type\":\"BreadcrumbList\",\"@id\":\"https:\/\/www.suno.com.br\/noticias\/azul-azul4-salta-avanco-acordo-credores-gss\/#breadcrumb\",\"itemListElement\":[{\"@type\":\"ListItem\",\"position\":1,\"name\":\"Not\u00edcias\",\"item\":\"https:\/\/www.suno.com.br\/noticias\/\"},{\"@type\":\"ListItem\",\"position\":2,\"name\":\"Neg\u00f3cios\",\"item\":\"https:\/\/www.suno.com.br\/noticias\/negocios\/\"},{\"@type\":\"ListItem\",\"position\":3,\"name\":\"Azul (AZUL4) salta com avan\u00e7o em negocia\u00e7\u00e3o com credores\"}]},{\"@type\":\"WebSite\",\"@id\":\"https:\/\/www.suno.com.br\/noticias\/#website\",\"url\":\"https:\/\/www.suno.com.br\/noticias\/\",\"name\":\"Suno Not\u00edcias\",\"description\":\"Seu portal de informa\u00e7\u00e3o sobre o mundo dos investimentos\",\"publisher\":{\"@id\":\"https:\/\/www.suno.com.br\/noticias\/#organization\"},\"potentialAction\":[{\"@type\":\"SearchAction\",\"target\":{\"@type\":\"EntryPoint\",\"urlTemplate\":\"https:\/\/www.suno.com.br\/noticias\/?s={search_term_string}\"},\"query-input\":{\"@type\":\"PropertyValueSpecification\",\"valueRequired\":true,\"valueName\":\"search_term_string\"}}],\"inLanguage\":\"pt-BR\"},{\"@type\":\"Organization\",\"@id\":\"https:\/\/www.suno.com.br\/noticias\/#organization\",\"name\":\"Suno Not\u00edcias\",\"url\":\"https:\/\/www.suno.com.br\/noticias\/\",\"logo\":{\"@type\":\"ImageObject\",\"inLanguage\":\"pt-BR\",\"@id\":\"https:\/\/www.suno.com.br\/noticias\/#\/schema\/logo\/image\/\",\"url\":\"https:\/\/files.sunoresearch.com.br\/n\/uploads\/2021\/09\/suno-logo.png\",\"contentUrl\":\"https:\/\/files.sunoresearch.com.br\/n\/uploads\/2021\/09\/suno-logo.png\",\"width\":180,\"height\":180,\"caption\":\"Suno Not\u00edcias\"},\"image\":{\"@id\":\"https:\/\/www.suno.com.br\/noticias\/#\/schema\/logo\/image\/\"},\"sameAs\":[\"https:\/\/facebook.com\/sunoresearch\",\"https:\/\/x.com\/sunoresearch\",\"https:\/\/www.instagram.com\/suno\",\"https:\/\/www.linkedin.com\/company\/suno-research\/\",\"https:\/\/www.youtube.com\/c\/sunoresearch\"]},{\"@type\":\"Person\",\"@id\":\"https:\/\/www.suno.com.br\/noticias\/#\/schema\/person\/d0f07e64bce64aa671feadfb844f04ca\",\"name\":\"Guilherme Serrano\",\"image\":{\"@type\":\"ImageObject\",\"inLanguage\":\"pt-BR\",\"@id\":\"https:\/\/www.suno.com.br\/noticias\/#\/schema\/person\/image\/\",\"url\":\"https:\/\/secure.gravatar.com\/avatar\/a90be19d8c67bef61497e4522de30ac4?s=96&r=g\",\"contentUrl\":\"https:\/\/secure.gravatar.com\/avatar\/a90be19d8c67bef61497e4522de30ac4?s=96&r=g\",\"caption\":\"Guilherme Serrano\"},\"description\":\"Jornalista formado pela Faculdade C\u00e1sper L\u00edbero e p\u00f3s-graduado em Can\u00e7\u00e3o Popular pela Faculdade Santa Marcelina. Passagens por R\u00e1dio Gazeta AM, gazetaesportiva.com e TC R\u00e1dio.\",\"url\":\"https:\/\/www.suno.com.br\/noticias\/author\/guilherme-silvasuno-com-br\/\"}]}<\/script>\n<!-- \/ Yoast SEO plugin. -->","yoast_head_json":{"title":"Azul (AZUL4) salta com avan\u00e7o em negocia\u00e7\u00e3o com credores","description":"A Azul (AZUL4) atualizou o mercado sobre as negocia\u00e7\u00f5es com seus credores e v\u00ea suas a\u00e7\u00f5es operarem em forte alta hoje (09).","robots":{"index":"index","follow":"follow","max-snippet":"max-snippet:-1","max-image-preview":"max-image-preview:large","max-video-preview":"max-video-preview:-1"},"canonical":"https:\/\/www.suno.com.br\/noticias\/azul-azul4-salta-avanco-acordo-credores-gss\/","og_locale":"pt_BR","og_type":"article","og_title":"Azul (AZUL4) salta com avan\u00e7o em negocia\u00e7\u00e3o com credores","og_description":"A Azul (AZUL4) atualizou o mercado sobre as negocia\u00e7\u00f5es com seus credores e v\u00ea suas a\u00e7\u00f5es operarem em forte alta hoje (09).","og_url":"https:\/\/www.suno.com.br\/noticias\/azul-azul4-salta-avanco-acordo-credores-gss\/","og_site_name":"Suno Not\u00edcias","article_publisher":"https:\/\/facebook.com\/sunoresearch","og_image":[{"width":1200,"height":800,"url":"https:\/\/files.sunoresearch.com.br\/n\/uploads\/2022\/12\/azul-azul4.jpg","type":"image\/jpeg"}],"author":"Guilherme Serrano","twitter_card":"summary_large_image","twitter_creator":"@sunoresearch","twitter_site":"@sunoresearch","twitter_misc":{"Escrito por":"Guilherme Serrano","Est. tempo de leitura":"2 minutos"},"schema":{"@context":"https:\/\/schema.org","@graph":[{"@type":"NewsArticle","@id":"https:\/\/www.suno.com.br\/noticias\/azul-azul4-salta-avanco-acordo-credores-gss\/#article","isPartOf":{"@id":"https:\/\/www.suno.com.br\/noticias\/azul-azul4-salta-avanco-acordo-credores-gss\/"},"author":{"name":"Guilherme Serrano","@id":"https:\/\/www.suno.com.br\/noticias\/#\/schema\/person\/d0f07e64bce64aa671feadfb844f04ca"},"headline":"Azul (AZUL4) salta com avan\u00e7o em negocia\u00e7\u00e3o com credores","datePublished":"2024-12-09T17:49:47+00:00","dateModified":"2024-12-09T17:49:50+00:00","mainEntityOfPage":{"@id":"https:\/\/www.suno.com.br\/noticias\/azul-azul4-salta-avanco-acordo-credores-gss\/"},"wordCount":365,"publisher":{"@id":"https:\/\/www.suno.com.br\/noticias\/#organization"},"image":{"@id":"https:\/\/www.suno.com.br\/noticias\/azul-azul4-salta-avanco-acordo-credores-gss\/#primaryimage"},"thumbnailUrl":"https:\/\/files.sunoresearch.com.br\/n\/uploads\/2022\/12\/azul-azul4.jpg","keywords":["Azul (AZUL4)"],"articleSection":["Neg\u00f3cios"],"inLanguage":"pt-BR"},{"@type":"WebPage","@id":"https:\/\/www.suno.com.br\/noticias\/azul-azul4-salta-avanco-acordo-credores-gss\/","url":"https:\/\/www.suno.com.br\/noticias\/azul-azul4-salta-avanco-acordo-credores-gss\/","name":"Azul (AZUL4) salta com avan\u00e7o em negocia\u00e7\u00e3o com credores","isPartOf":{"@id":"https:\/\/www.suno.com.br\/noticias\/#website"},"primaryImageOfPage":{"@id":"https:\/\/www.suno.com.br\/noticias\/azul-azul4-salta-avanco-acordo-credores-gss\/#primaryimage"},"image":{"@id":"https:\/\/www.suno.com.br\/noticias\/azul-azul4-salta-avanco-acordo-credores-gss\/#primaryimage"},"thumbnailUrl":"https:\/\/files.sunoresearch.com.br\/n\/uploads\/2022\/12\/azul-azul4.jpg","datePublished":"2024-12-09T17:49:47+00:00","dateModified":"2024-12-09T17:49:50+00:00","description":"A Azul (AZUL4) atualizou o mercado sobre as negocia\u00e7\u00f5es com seus credores e v\u00ea suas a\u00e7\u00f5es operarem em forte alta hoje (09).","breadcrumb":{"@id":"https:\/\/www.suno.com.br\/noticias\/azul-azul4-salta-avanco-acordo-credores-gss\/#breadcrumb"},"inLanguage":"pt-BR","potentialAction":[{"@type":"ReadAction","target":["https:\/\/www.suno.com.br\/noticias\/azul-azul4-salta-avanco-acordo-credores-gss\/"]}]},{"@type":"ImageObject","inLanguage":"pt-BR","@id":"https:\/\/www.suno.com.br\/noticias\/azul-azul4-salta-avanco-acordo-credores-gss\/#primaryimage","url":"https:\/\/files.sunoresearch.com.br\/n\/uploads\/2022\/12\/azul-azul4.jpg","contentUrl":"https:\/\/files.sunoresearch.com.br\/n\/uploads\/2022\/12\/azul-azul4.jpg","width":1200,"height":800,"caption":"Azul (AZUL53) anuncia oferta de US$ 1,375 bilh\u00e3o para financiar sa\u00edda do Chapter 11. Foto: Divulga\u00e7\u00e3o\/Azul"},{"@type":"BreadcrumbList","@id":"https:\/\/www.suno.com.br\/noticias\/azul-azul4-salta-avanco-acordo-credores-gss\/#breadcrumb","itemListElement":[{"@type":"ListItem","position":1,"name":"Not\u00edcias","item":"https:\/\/www.suno.com.br\/noticias\/"},{"@type":"ListItem","position":2,"name":"Neg\u00f3cios","item":"https:\/\/www.suno.com.br\/noticias\/negocios\/"},{"@type":"ListItem","position":3,"name":"Azul (AZUL4) salta com avan\u00e7o em negocia\u00e7\u00e3o com credores"}]},{"@type":"WebSite","@id":"https:\/\/www.suno.com.br\/noticias\/#website","url":"https:\/\/www.suno.com.br\/noticias\/","name":"Suno Not\u00edcias","description":"Seu portal de informa\u00e7\u00e3o sobre o mundo dos investimentos","publisher":{"@id":"https:\/\/www.suno.com.br\/noticias\/#organization"},"potentialAction":[{"@type":"SearchAction","target":{"@type":"EntryPoint","urlTemplate":"https:\/\/www.suno.com.br\/noticias\/?s={search_term_string}"},"query-input":{"@type":"PropertyValueSpecification","valueRequired":true,"valueName":"search_term_string"}}],"inLanguage":"pt-BR"},{"@type":"Organization","@id":"https:\/\/www.suno.com.br\/noticias\/#organization","name":"Suno Not\u00edcias","url":"https:\/\/www.suno.com.br\/noticias\/","logo":{"@type":"ImageObject","inLanguage":"pt-BR","@id":"https:\/\/www.suno.com.br\/noticias\/#\/schema\/logo\/image\/","url":"https:\/\/files.sunoresearch.com.br\/n\/uploads\/2021\/09\/suno-logo.png","contentUrl":"https:\/\/files.sunoresearch.com.br\/n\/uploads\/2021\/09\/suno-logo.png","width":180,"height":180,"caption":"Suno Not\u00edcias"},"image":{"@id":"https:\/\/www.suno.com.br\/noticias\/#\/schema\/logo\/image\/"},"sameAs":["https:\/\/facebook.com\/sunoresearch","https:\/\/x.com\/sunoresearch","https:\/\/www.instagram.com\/suno","https:\/\/www.linkedin.com\/company\/suno-research\/","https:\/\/www.youtube.com\/c\/sunoresearch"]},{"@type":"Person","@id":"https:\/\/www.suno.com.br\/noticias\/#\/schema\/person\/d0f07e64bce64aa671feadfb844f04ca","name":"Guilherme Serrano","image":{"@type":"ImageObject","inLanguage":"pt-BR","@id":"https:\/\/www.suno.com.br\/noticias\/#\/schema\/person\/image\/","url":"https:\/\/secure.gravatar.com\/avatar\/a90be19d8c67bef61497e4522de30ac4?s=96&r=g","contentUrl":"https:\/\/secure.gravatar.com\/avatar\/a90be19d8c67bef61497e4522de30ac4?s=96&r=g","caption":"Guilherme Serrano"},"description":"Jornalista formado pela Faculdade C\u00e1sper L\u00edbero e p\u00f3s-graduado em Can\u00e7\u00e3o Popular pela Faculdade Santa Marcelina. Passagens por R\u00e1dio Gazeta AM, gazetaesportiva.com e TC R\u00e1dio.","url":"https:\/\/www.suno.com.br\/noticias\/author\/guilherme-silvasuno-com-br\/"}]}},"default_loop_html":"<div class=\"cardsPage__listCard__boxs\"><div class=\"cardsPage__listCard__boxs__img\"><a href=\"https:\/\/www.suno.com.br\/noticias\/azul-azul4-salta-avanco-acordo-credores-gss\/\"><img class=\"mask\" src=\"https:\/\/www.suno.com.br\/noticias\/wp-content\/themes\/suno\/resources\/images\/spotlight\/spotlight1img\/bg-mask.png\" alt=\"Image Mask\"\/><img src=\"https:\/\/files.sunoresearch.com.br\/n\/uploads\/2022\/12\/azul-azul4-400x200.jpg\" alt=\"Azul (AZUL4) salta com avan\u00e7o em negocia\u00e7\u00e3o com credores\"\/><\/a><span class=\"spotlightCategory\"><a href=\"https:\/\/www.suno.com.br\/noticias\/negocios\/\">Neg\u00f3cios<\/a><\/span><\/div><div class=\"cardsPage__listCard__boxs__content\"><a href=\"https:\/\/www.suno.com.br\/noticias\/azul-azul4-salta-avanco-acordo-credores-gss\/\"><h2 class=\"content__title\">Azul (AZUL4) salta com avan\u00e7o em negocia\u00e7\u00e3o com credores<\/h2><\/a><div class=\"newsContent__article__meta\"><div class=\"newsContent__article__meta__authorBox\"><a href=\"https:\/\/www.suno.com.br\/noticias\/author\/guilherme-silvasuno-com-br\/\" class=\"authorBox__avatar noMobi\"><img src=\"https:\/\/secure.gravatar.com\/avatar\/a90be19d8c67bef61497e4522de30ac4?s=96&#038;r=g\" alt=\"Guilherme Serrano\"><\/a><div class=\"authorBox__name\"><span>por\n\t\t\t<a href=\"https:\/\/www.suno.com.br\/noticias\/author\/guilherme-silvasuno-com-br\/\"><span itemprop=\"author\">Guilherme Serrano<\/span><\/a><\/span><time datetime=\"2024-12-09T14:49:47-03:00\" itemprop=\"datePublished\">09\/12\/2024 14:49<\/time><\/div><\/div><\/div><\/div><\/div>","single_layout":"posts","amp_enabled":true,"_links":{"self":[{"href":"https:\/\/www.suno.com.br\/noticias\/wp-json\/wp\/v2\/posts\/587094"}],"collection":[{"href":"https:\/\/www.suno.com.br\/noticias\/wp-json\/wp\/v2\/posts"}],"about":[{"href":"https:\/\/www.suno.com.br\/noticias\/wp-json\/wp\/v2\/types\/post"}],"author":[{"embeddable":true,"href":"https:\/\/www.suno.com.br\/noticias\/wp-json\/wp\/v2\/users\/376"}],"replies":[{"embeddable":true,"href":"https:\/\/www.suno.com.br\/noticias\/wp-json\/wp\/v2\/comments?post=587094"}],"version-history":[{"count":2,"href":"https:\/\/www.suno.com.br\/noticias\/wp-json\/wp\/v2\/posts\/587094\/revisions"}],"predecessor-version":[{"id":587096,"href":"https:\/\/www.suno.com.br\/noticias\/wp-json\/wp\/v2\/posts\/587094\/revisions\/587096"}],"wp:featuredmedia":[{"embeddable":true,"href":"https:\/\/www.suno.com.br\/noticias\/wp-json\/wp\/v2\/media\/332301"}],"wp:attachment":[{"href":"https:\/\/www.suno.com.br\/noticias\/wp-json\/wp\/v2\/media?parent=587094"}],"wp:term":[{"taxonomy":"category","embeddable":true,"href":"https:\/\/www.suno.com.br\/noticias\/wp-json\/wp\/v2\/categories?post=587094"},{"taxonomy":"post_tag","embeddable":true,"href":"https:\/\/www.suno.com.br\/noticias\/wp-json\/wp\/v2\/tags?post=587094"},{"taxonomy":"suno_strategy","embeddable":true,"href":"https:\/\/www.suno.com.br\/noticias\/wp-json\/wp\/v2\/suno_strategy?post=587094"}],"curies":[{"name":"wp","href":"https:\/\/api.w.org\/{rel}","templated":true}]}}