{"id":586713,"date":"2024-12-05T15:07:49","date_gmt":"2024-12-05T18:07:49","guid":{"rendered":"https:\/\/www.suno.com.br\/noticias\/?p=586713"},"modified":"2024-12-05T15:07:52","modified_gmt":"2024-12-05T18:07:52","slug":"ambev-abev3-dividendos-extraordinarios-xp-gss","status":"publish","type":"post","link":"https:\/\/www.suno.com.br\/noticias\/ambev-abev3-dividendos-extraordinarios-xp-gss\/","title":{"rendered":"Ambev (ABEV3) pagar\u00e1 dividendos extraordin\u00e1rios? Entenda"},"content":{"rendered":"<p>Em novo relat\u00f3rio sobre a <strong>Ambev<\/strong> (<a class=\"suno-keyword\" data-force=\"yes\" data-priority=\"2\" href=\"https:\/\/www.suno.com.br\/analitica\/acoes\/abev3\/\" target=\"_blank\" rel=\"noopener\">ABEV3<\/a>), a XP Investimentos refor\u00e7ou uma posi\u00e7\u00e3o cautelosa sobre a empresa e citou a possibilidade de pagamento extraordin\u00e1rio de <a class=\"suno-keyword\" data-force=\"no\" data-priority=\"1\" href=\"https:\/\/www.suno.com.br\/guias\/dividendos\/\" target=\"_blank\" rel=\"noopener\">dividendos<\/a>.<\/p>\t<div class=\"wrapper-featured-image\">\n\t\t<figure class=\"spotlightImg\">\n\n\t\t\t<picture>\n\t\t\t\t<source media=\"(max-width: 768px)\" srcset=\"https:\/\/files.sunoresearch.com.br\/n\/uploads\/2024\/04\/beer-2689537_1920-400x200.jpg\">\n\t\t\t\t<img loading=\"lazy\" decoding=\"async\" class=\"newsContent__article__imgCapa lazyloadDisabled \" src=\"https:\/\/files.sunoresearch.com.br\/n\/uploads\/2024\/04\/beer-2689537_1920-800x450.jpg\" width=\"800\" height=\"450\" alt=\"Ambev (ABEV3) pagar\u00e1 dividendos extraordin\u00e1rios? Entenda\" fetchpriority=high \/>\n\t\t\t<\/picture>\n\n\t\t\t<figcaption class=\"wp-caption-text wp-caption-text--show\">Ambev (ABEV3). Foto: Pixabay<\/figcaption>\n\t\t<\/figure>\n\t<\/div>\n\n\n\n\n\n\n\n\t<p>\n\t\t<a href=\"\" target=\"_blank\" data-element=\"shortcode-suno-banner\" title=\"Banner SUNO, clique e saiba mais\">\n\t\t\t<picture>\n\t\t\t\t<source media=\"(max-width: 500px)\" srcset=\"\">\n\t\t\t\t<img class=\"newsContent__article__imgCapa newsContent__article__imgCapa--banner\"\n\t\t\t\t\tsrc=\"\"\n\t\t\t\t\tdata-promo-id=\"89005\"\t\t\t\t\t\t\t\t\t\t\t\t\t\t\talt=\"\"\n\t\t\t\t>\n\t\t\t<\/picture>\n\t\t<\/a>\n\t<\/p>\n\n\n\n\n\n<p>A casa explica que, historicamente, a <strong>ABEV3<\/strong> paga <strong>dividendos<\/strong>\/JCP no in\u00edcio de dezembro, e que o mercado especula um potencial pagamento de <strong>dividendos extraordin\u00e1rios<\/strong> no <a class=\"suno-keyword\" data-force=\"no\" data-priority=\"1\" href=\"https:\/\/www.suno.com.br\/artigos\/curto-prazo\/\" target=\"_blank\" rel=\"noopener\">curto prazo<\/a>, como uma forma de otimizar a <a class=\"suno-keyword\" data-force=\"no\" data-priority=\"1\" href=\"https:\/\/www.suno.com.br\/artigos\/indicadores-estrutura-capital\/\" target=\"_blank\" rel=\"noopener\">estrutura de capital<\/a> e compensar impostos mais altos.<\/p>\n\n\n\n<p>&#8220;No entanto, n\u00e3o \u00e9 nosso caso base, dado a recente mudan\u00e7a de CEO e o aumento das taxas de juros. A AmBev ainda possui cerca de R$ 10 bilh\u00f5es em cr\u00e9ditos fiscais, e acreditamos que a monetiza\u00e7\u00e3o dos cr\u00e9ditos fiscais \u00e9 uma prioridade para criar valor para os acionistas. Projetamos um total de dividendos de R$ 12,1 bilh\u00f5es (Div. yield de 5,6%)&#8221;, pontua a casa.<\/p>\n\n\n\n<p>Confira a seguir os principais pontos citados pela XP para justificar uma vis\u00e3o cautelosa sobre as <strong>a\u00e7\u00f5es ABEV3<\/strong>:<\/p>\n\n\n\n<h4 class=\"wp-block-heading\">Press\u00f5es de custo e impacto nos lucros<\/h4>\n\n\n\n<p>Um dos principais desafios para a Ambev nos pr\u00f3ximos anos, segundo a XP, ser\u00e1 lidar com o aumento dos custos das commodities, especialmente alum\u00ednio, e o impacto de um real mais fraco. <\/p>\n\n\n\n<p>Embora a infla\u00e7\u00e3o elevada no Brasil possa dar suporte \u00e0 capacidade da companhia de reajustar pre\u00e7os, ela tamb\u00e9m reduz o <a class=\"suno-keyword\" target=\"_blank\" data-force=\"no\" data-priority=\"1\" href=\"https:\/\/www.suno.com.br\/artigos\/poder-de-compra\/\" rel=\"noopener\">poder de compra<\/a> do consumidor, limitando a possibilidade de repasse integral dos custos ao mercado.<\/p>\n\n\n\n<p>Al\u00e9m disso, a concorr\u00eancia acirrada no setor de bebidas no Brasil \u00e9 outro fator que pode pressionar as margens da Ambev. <\/p>\n\n\n\t<p>\n\t\t<a href=\"https:\/\/lp.suno.com.br\/minicurso-investindo-fiis\/\" target=\"_blank\" data-element=\"shortcode-suno-banner\" title=\"Banner SUNO, clique e saiba mais\">\n\t\t\t<picture>\n\t\t\t\t<source media=\"(max-width: 500px)\" srcset=\"https:\/\/files.sunoresearch.com.br\/n\/uploads\/2023\/03\/400x300-Minicurso-FIIS.png\">\n\t\t\t\t<img class=\"newsContent__article__imgCapa newsContent__article__imgCapa--banner\"\n\t\t\t\t\tsrc=\"https:\/\/files.sunoresearch.com.br\/n\/uploads\/2023\/03\/1420x240-Minicurso-FIIS.png\"\n\t\t\t\t\tdata-promo-id=\"383125\"\t\t\t\t\t\t\t\t\t\twidth='1420' height='240'\t\t\t\t\talt=\"https:\/\/files.sunoresearch.com.br\/n\/uploads\/2023\/03\/1420x240-Minicurso-FIIS.png\"\n\t\t\t\t>\n\t\t\t<\/picture>\n\t\t<\/a>\n\t<\/p>\n\n\n\n\n\n<h4 class=\"wp-block-heading\">Setor em desacelera\u00e7\u00e3o<\/h4>\n\n\n\n<p>Os dados mais recentes do IBGE mostram uma queda de 5% na produ\u00e7\u00e3o de bebidas em rela\u00e7\u00e3o ao ano anterior, apontando para um setor em desacelera\u00e7\u00e3o. Para o quarto trimestre, a Ambev enfrenta o desafio de manter volumes est\u00e1veis no mercado de <strong>cervejas no Brasil<\/strong>, com riscos vindos de uma ind\u00fastria menos aquecida e de compara\u00e7\u00f5es dif\u00edceis com o mesmo per\u00edodo do ano passado.<\/p>\n\n\n\n<p>Por outro lado, o <strong>Grupo Petr\u00f3polis<\/strong> reportou uma queda de produ\u00e7\u00e3o ainda mais acentuada e indicou novos aumentos de pre\u00e7os, o que pode beneficiar indiretamente a Ambev. Apesar disso, os analistas mantiveram suas estimativas de volume para o trimestre praticamente inalteradas, destacando que o ambiente competitivo e a din\u00e2mica do mercado precisam ser monitorados de perto.<\/p>\n\n\n\n<h4 class=\"wp-block-heading\">Valuation e expectativas<\/h4>\n\n\n\n<p>Atualmente, diz a XP, as <strong>a\u00e7\u00f5es da Ambev<\/strong> s\u00e3o negociadas a um P\/E de 14,6 vezes para 2025, o que ainda \u00e9 considerado atrativo. No entanto, a casa v\u00ea a empresa como uma das a\u00e7\u00f5es do setor com maior potencial de desempenho inferior ao \u00edndice Ibovespa ao longo de 2025.<\/p>\n\n\n\n<p>Assim, os analistas afirmam que, embora Ambev tenha mostrado resili\u00eancia em meio \u00e0s turbul\u00eancias recentes, os desafios estruturais indicam a necessidade de cautela por parte dos investidores, especialmente diante de um cen\u00e1rio de custos elevados e incertezas econ\u00f4micas no Brasil e no exterior. <\/p>\n\n\n\n<p>Diante desse cen\u00e1rio, a XP reduziu o pre\u00e7o-alvo para as a\u00e7\u00f5es da <strong>Ambev<\/strong> (ABEV3) de R$ 13,90 para R$ 13,10.<\/p>\n\n\n\t<p>\n\t\t<a href=\"https:\/\/lp.suno.com.br\/planilha-da-vida-financeira\/\" target=\"_blank\" data-element=\"shortcode-suno-banner\" title=\"Banner SUNO, clique e saiba mais\">\n\t\t\t<picture>\n\t\t\t\t<source media=\"(max-width: 500px)\" srcset=\"https:\/\/files.sunoresearch.com.br\/n\/uploads\/2023\/04\/400x300-Planilha-vida-financeira-true.png\">\n\t\t\t\t<img class=\"newsContent__article__imgCapa newsContent__article__imgCapa--banner\"\n\t\t\t\t\tsrc=\"https:\/\/files.sunoresearch.com.br\/n\/uploads\/2023\/04\/1420x240-Planilha-vida-financeira-true.png\"\n\t\t\t\t\tdata-promo-id=\"383123\"\t\t\t\t\t\t\t\t\t\twidth='1420' height='240'\t\t\t\t\talt=\"https:\/\/files.sunoresearch.com.br\/n\/uploads\/2023\/04\/1420x240-Planilha-vida-financeira-true.png\"\n\t\t\t\t>\n\t\t\t<\/picture>\n\t\t<\/a>\n\t<\/p>\n\n\n","protected":false},"excerpt":{"rendered":"<p>Em novo relat\u00f3rio sobre a Ambev (ABEV3), a XP Investimentos refor\u00e7ou uma posi\u00e7\u00e3o cautelosa sobre a empresa e citou a possibilidade de pagamento extraordin\u00e1rio de dividendos. Ambev (ABEV3). Foto: Pixabay A casa explica que, historicamente, a ABEV3 paga dividendos\/JCP no in\u00edcio de dezembro, e que o mercado especula um potencial pagamento de dividendos extraordin\u00e1rios no [&hellip;]<\/p>\n","protected":false},"author":376,"featured_media":543883,"comment_status":"closed","ping_status":"closed","sticky":false,"template":"","format":"standard","meta":[],"categories":[64],"tags":[359,295],"suno_strategy":[],"class_list":["post-586713","post","type-post","status-publish","format-standard","has-post-thumbnail","hentry","category-negocios","tag-ambev-abev3","tag-dividendos"],"yoast_head":"<!-- This site is optimized with the Yoast SEO plugin v24.4 - https:\/\/yoast.com\/wordpress\/plugins\/seo\/ -->\n<title>Ambev (ABEV3) pagar\u00e1 dividendos extraordin\u00e1rios? Entenda<\/title>\n<meta name=\"description\" content=\"Em novo relat\u00f3rio sobre a Ambev, a XP Investimentos falou sobre a possibilidade da empresa pagar dividendos extraordin\u00e1rios. Clique e saiba,\" \/>\n<meta name=\"robots\" content=\"index, follow, max-snippet:-1, max-image-preview:large, max-video-preview:-1\" \/>\n<link rel=\"canonical\" href=\"https:\/\/www.suno.com.br\/noticias\/ambev-abev3-dividendos-extraordinarios-xp-gss\/\" \/>\n<meta property=\"og:locale\" content=\"pt_BR\" \/>\n<meta property=\"og:type\" content=\"article\" \/>\n<meta property=\"og:title\" content=\"Ambev (ABEV3) pagar\u00e1 dividendos extraordin\u00e1rios? Entenda\" \/>\n<meta property=\"og:description\" content=\"Em novo relat\u00f3rio sobre a Ambev, a XP Investimentos falou sobre a possibilidade da empresa pagar dividendos extraordin\u00e1rios. Clique e saiba,\" \/>\n<meta property=\"og:url\" content=\"https:\/\/www.suno.com.br\/noticias\/ambev-abev3-dividendos-extraordinarios-xp-gss\/\" \/>\n<meta property=\"og:site_name\" content=\"Suno Not\u00edcias\" \/>\n<meta property=\"article:publisher\" content=\"https:\/\/facebook.com\/sunoresearch\" \/>\n<meta property=\"og:image\" content=\"https:\/\/files.sunoresearch.com.br\/n\/uploads\/2024\/04\/beer-2689537_1920.jpg\" \/>\n\t<meta property=\"og:image:width\" content=\"1920\" \/>\n\t<meta property=\"og:image:height\" content=\"1080\" \/>\n\t<meta property=\"og:image:type\" content=\"image\/jpeg\" \/>\n<meta name=\"author\" content=\"Guilherme Serrano\" \/>\n<meta name=\"twitter:card\" content=\"summary_large_image\" \/>\n<meta name=\"twitter:creator\" content=\"@sunoresearch\" \/>\n<meta name=\"twitter:site\" content=\"@sunoresearch\" \/>\n<meta name=\"twitter:label1\" content=\"Escrito por\" \/>\n\t<meta name=\"twitter:data1\" content=\"Guilherme Serrano\" \/>\n\t<meta name=\"twitter:label2\" content=\"Est. tempo de leitura\" \/>\n\t<meta name=\"twitter:data2\" content=\"3 minutos\" \/>\n<script type=\"application\/ld+json\" class=\"yoast-schema-graph\">{\"@context\":\"https:\/\/schema.org\",\"@graph\":[{\"@type\":\"NewsArticle\",\"@id\":\"https:\/\/www.suno.com.br\/noticias\/ambev-abev3-dividendos-extraordinarios-xp-gss\/#article\",\"isPartOf\":{\"@id\":\"https:\/\/www.suno.com.br\/noticias\/ambev-abev3-dividendos-extraordinarios-xp-gss\/\"},\"author\":{\"name\":\"Guilherme Serrano\",\"@id\":\"https:\/\/www.suno.com.br\/noticias\/#\/schema\/person\/d0f07e64bce64aa671feadfb844f04ca\"},\"headline\":\"Ambev (ABEV3) pagar\u00e1 dividendos extraordin\u00e1rios? Entenda\",\"datePublished\":\"2024-12-05T18:07:49+00:00\",\"dateModified\":\"2024-12-05T18:07:52+00:00\",\"mainEntityOfPage\":{\"@id\":\"https:\/\/www.suno.com.br\/noticias\/ambev-abev3-dividendos-extraordinarios-xp-gss\/\"},\"wordCount\":534,\"publisher\":{\"@id\":\"https:\/\/www.suno.com.br\/noticias\/#organization\"},\"image\":{\"@id\":\"https:\/\/www.suno.com.br\/noticias\/ambev-abev3-dividendos-extraordinarios-xp-gss\/#primaryimage\"},\"thumbnailUrl\":\"https:\/\/files.sunoresearch.com.br\/n\/uploads\/2024\/04\/beer-2689537_1920.jpg\",\"keywords\":[\"AMBEV (ABEV3)\",\"dividendos\"],\"articleSection\":[\"Neg\u00f3cios\"],\"inLanguage\":\"pt-BR\"},{\"@type\":\"WebPage\",\"@id\":\"https:\/\/www.suno.com.br\/noticias\/ambev-abev3-dividendos-extraordinarios-xp-gss\/\",\"url\":\"https:\/\/www.suno.com.br\/noticias\/ambev-abev3-dividendos-extraordinarios-xp-gss\/\",\"name\":\"Ambev (ABEV3) pagar\u00e1 dividendos extraordin\u00e1rios? Entenda\",\"isPartOf\":{\"@id\":\"https:\/\/www.suno.com.br\/noticias\/#website\"},\"primaryImageOfPage\":{\"@id\":\"https:\/\/www.suno.com.br\/noticias\/ambev-abev3-dividendos-extraordinarios-xp-gss\/#primaryimage\"},\"image\":{\"@id\":\"https:\/\/www.suno.com.br\/noticias\/ambev-abev3-dividendos-extraordinarios-xp-gss\/#primaryimage\"},\"thumbnailUrl\":\"https:\/\/files.sunoresearch.com.br\/n\/uploads\/2024\/04\/beer-2689537_1920.jpg\",\"datePublished\":\"2024-12-05T18:07:49+00:00\",\"dateModified\":\"2024-12-05T18:07:52+00:00\",\"description\":\"Em novo relat\u00f3rio sobre a Ambev, a XP Investimentos falou sobre a possibilidade da empresa pagar dividendos extraordin\u00e1rios. Clique e saiba,\",\"breadcrumb\":{\"@id\":\"https:\/\/www.suno.com.br\/noticias\/ambev-abev3-dividendos-extraordinarios-xp-gss\/#breadcrumb\"},\"inLanguage\":\"pt-BR\",\"potentialAction\":[{\"@type\":\"ReadAction\",\"target\":[\"https:\/\/www.suno.com.br\/noticias\/ambev-abev3-dividendos-extraordinarios-xp-gss\/\"]}]},{\"@type\":\"ImageObject\",\"inLanguage\":\"pt-BR\",\"@id\":\"https:\/\/www.suno.com.br\/noticias\/ambev-abev3-dividendos-extraordinarios-xp-gss\/#primaryimage\",\"url\":\"https:\/\/files.sunoresearch.com.br\/n\/uploads\/2024\/04\/beer-2689537_1920.jpg\",\"contentUrl\":\"https:\/\/files.sunoresearch.com.br\/n\/uploads\/2024\/04\/beer-2689537_1920.jpg\",\"width\":1920,\"height\":1080,\"caption\":\"Ambev (ABEV3). Foto: Pixabay\"},{\"@type\":\"BreadcrumbList\",\"@id\":\"https:\/\/www.suno.com.br\/noticias\/ambev-abev3-dividendos-extraordinarios-xp-gss\/#breadcrumb\",\"itemListElement\":[{\"@type\":\"ListItem\",\"position\":1,\"name\":\"Not\u00edcias\",\"item\":\"https:\/\/www.suno.com.br\/noticias\/\"},{\"@type\":\"ListItem\",\"position\":2,\"name\":\"Neg\u00f3cios\",\"item\":\"https:\/\/www.suno.com.br\/noticias\/negocios\/\"},{\"@type\":\"ListItem\",\"position\":3,\"name\":\"Ambev (ABEV3) pagar\u00e1 dividendos extraordin\u00e1rios? Entenda\"}]},{\"@type\":\"WebSite\",\"@id\":\"https:\/\/www.suno.com.br\/noticias\/#website\",\"url\":\"https:\/\/www.suno.com.br\/noticias\/\",\"name\":\"Suno Not\u00edcias\",\"description\":\"Seu portal de informa\u00e7\u00e3o sobre o mundo dos investimentos\",\"publisher\":{\"@id\":\"https:\/\/www.suno.com.br\/noticias\/#organization\"},\"potentialAction\":[{\"@type\":\"SearchAction\",\"target\":{\"@type\":\"EntryPoint\",\"urlTemplate\":\"https:\/\/www.suno.com.br\/noticias\/?s={search_term_string}\"},\"query-input\":{\"@type\":\"PropertyValueSpecification\",\"valueRequired\":true,\"valueName\":\"search_term_string\"}}],\"inLanguage\":\"pt-BR\"},{\"@type\":\"Organization\",\"@id\":\"https:\/\/www.suno.com.br\/noticias\/#organization\",\"name\":\"Suno Not\u00edcias\",\"url\":\"https:\/\/www.suno.com.br\/noticias\/\",\"logo\":{\"@type\":\"ImageObject\",\"inLanguage\":\"pt-BR\",\"@id\":\"https:\/\/www.suno.com.br\/noticias\/#\/schema\/logo\/image\/\",\"url\":\"https:\/\/files.sunoresearch.com.br\/n\/uploads\/2021\/09\/suno-logo.png\",\"contentUrl\":\"https:\/\/files.sunoresearch.com.br\/n\/uploads\/2021\/09\/suno-logo.png\",\"width\":180,\"height\":180,\"caption\":\"Suno Not\u00edcias\"},\"image\":{\"@id\":\"https:\/\/www.suno.com.br\/noticias\/#\/schema\/logo\/image\/\"},\"sameAs\":[\"https:\/\/facebook.com\/sunoresearch\",\"https:\/\/x.com\/sunoresearch\",\"https:\/\/www.instagram.com\/suno\",\"https:\/\/www.linkedin.com\/company\/suno-research\/\",\"https:\/\/www.youtube.com\/c\/sunoresearch\"]},{\"@type\":\"Person\",\"@id\":\"https:\/\/www.suno.com.br\/noticias\/#\/schema\/person\/d0f07e64bce64aa671feadfb844f04ca\",\"name\":\"Guilherme Serrano\",\"image\":{\"@type\":\"ImageObject\",\"inLanguage\":\"pt-BR\",\"@id\":\"https:\/\/www.suno.com.br\/noticias\/#\/schema\/person\/image\/\",\"url\":\"https:\/\/secure.gravatar.com\/avatar\/a90be19d8c67bef61497e4522de30ac4?s=96&r=g\",\"contentUrl\":\"https:\/\/secure.gravatar.com\/avatar\/a90be19d8c67bef61497e4522de30ac4?s=96&r=g\",\"caption\":\"Guilherme Serrano\"},\"description\":\"Jornalista formado pela Faculdade C\u00e1sper L\u00edbero e p\u00f3s-graduado em Can\u00e7\u00e3o Popular pela Faculdade Santa Marcelina. Passagens por R\u00e1dio Gazeta AM, gazetaesportiva.com e TC R\u00e1dio.\",\"url\":\"https:\/\/www.suno.com.br\/noticias\/author\/guilherme-silvasuno-com-br\/\"}]}<\/script>\n<!-- \/ Yoast SEO plugin. -->","yoast_head_json":{"title":"Ambev (ABEV3) pagar\u00e1 dividendos extraordin\u00e1rios? Entenda","description":"Em novo relat\u00f3rio sobre a Ambev, a XP Investimentos falou sobre a possibilidade da empresa pagar dividendos extraordin\u00e1rios. Clique e saiba,","robots":{"index":"index","follow":"follow","max-snippet":"max-snippet:-1","max-image-preview":"max-image-preview:large","max-video-preview":"max-video-preview:-1"},"canonical":"https:\/\/www.suno.com.br\/noticias\/ambev-abev3-dividendos-extraordinarios-xp-gss\/","og_locale":"pt_BR","og_type":"article","og_title":"Ambev (ABEV3) pagar\u00e1 dividendos extraordin\u00e1rios? Entenda","og_description":"Em novo relat\u00f3rio sobre a Ambev, a XP Investimentos falou sobre a possibilidade da empresa pagar dividendos extraordin\u00e1rios. Clique e saiba,","og_url":"https:\/\/www.suno.com.br\/noticias\/ambev-abev3-dividendos-extraordinarios-xp-gss\/","og_site_name":"Suno Not\u00edcias","article_publisher":"https:\/\/facebook.com\/sunoresearch","og_image":[{"width":1920,"height":1080,"url":"https:\/\/files.sunoresearch.com.br\/n\/uploads\/2024\/04\/beer-2689537_1920.jpg","type":"image\/jpeg"}],"author":"Guilherme Serrano","twitter_card":"summary_large_image","twitter_creator":"@sunoresearch","twitter_site":"@sunoresearch","twitter_misc":{"Escrito por":"Guilherme Serrano","Est. tempo de leitura":"3 minutos"},"schema":{"@context":"https:\/\/schema.org","@graph":[{"@type":"NewsArticle","@id":"https:\/\/www.suno.com.br\/noticias\/ambev-abev3-dividendos-extraordinarios-xp-gss\/#article","isPartOf":{"@id":"https:\/\/www.suno.com.br\/noticias\/ambev-abev3-dividendos-extraordinarios-xp-gss\/"},"author":{"name":"Guilherme Serrano","@id":"https:\/\/www.suno.com.br\/noticias\/#\/schema\/person\/d0f07e64bce64aa671feadfb844f04ca"},"headline":"Ambev (ABEV3) pagar\u00e1 dividendos extraordin\u00e1rios? Entenda","datePublished":"2024-12-05T18:07:49+00:00","dateModified":"2024-12-05T18:07:52+00:00","mainEntityOfPage":{"@id":"https:\/\/www.suno.com.br\/noticias\/ambev-abev3-dividendos-extraordinarios-xp-gss\/"},"wordCount":534,"publisher":{"@id":"https:\/\/www.suno.com.br\/noticias\/#organization"},"image":{"@id":"https:\/\/www.suno.com.br\/noticias\/ambev-abev3-dividendos-extraordinarios-xp-gss\/#primaryimage"},"thumbnailUrl":"https:\/\/files.sunoresearch.com.br\/n\/uploads\/2024\/04\/beer-2689537_1920.jpg","keywords":["AMBEV (ABEV3)","dividendos"],"articleSection":["Neg\u00f3cios"],"inLanguage":"pt-BR"},{"@type":"WebPage","@id":"https:\/\/www.suno.com.br\/noticias\/ambev-abev3-dividendos-extraordinarios-xp-gss\/","url":"https:\/\/www.suno.com.br\/noticias\/ambev-abev3-dividendos-extraordinarios-xp-gss\/","name":"Ambev (ABEV3) pagar\u00e1 dividendos extraordin\u00e1rios? Entenda","isPartOf":{"@id":"https:\/\/www.suno.com.br\/noticias\/#website"},"primaryImageOfPage":{"@id":"https:\/\/www.suno.com.br\/noticias\/ambev-abev3-dividendos-extraordinarios-xp-gss\/#primaryimage"},"image":{"@id":"https:\/\/www.suno.com.br\/noticias\/ambev-abev3-dividendos-extraordinarios-xp-gss\/#primaryimage"},"thumbnailUrl":"https:\/\/files.sunoresearch.com.br\/n\/uploads\/2024\/04\/beer-2689537_1920.jpg","datePublished":"2024-12-05T18:07:49+00:00","dateModified":"2024-12-05T18:07:52+00:00","description":"Em novo relat\u00f3rio sobre a Ambev, a XP Investimentos falou sobre a possibilidade da empresa pagar dividendos extraordin\u00e1rios. Clique e saiba,","breadcrumb":{"@id":"https:\/\/www.suno.com.br\/noticias\/ambev-abev3-dividendos-extraordinarios-xp-gss\/#breadcrumb"},"inLanguage":"pt-BR","potentialAction":[{"@type":"ReadAction","target":["https:\/\/www.suno.com.br\/noticias\/ambev-abev3-dividendos-extraordinarios-xp-gss\/"]}]},{"@type":"ImageObject","inLanguage":"pt-BR","@id":"https:\/\/www.suno.com.br\/noticias\/ambev-abev3-dividendos-extraordinarios-xp-gss\/#primaryimage","url":"https:\/\/files.sunoresearch.com.br\/n\/uploads\/2024\/04\/beer-2689537_1920.jpg","contentUrl":"https:\/\/files.sunoresearch.com.br\/n\/uploads\/2024\/04\/beer-2689537_1920.jpg","width":1920,"height":1080,"caption":"Ambev (ABEV3). Foto: Pixabay"},{"@type":"BreadcrumbList","@id":"https:\/\/www.suno.com.br\/noticias\/ambev-abev3-dividendos-extraordinarios-xp-gss\/#breadcrumb","itemListElement":[{"@type":"ListItem","position":1,"name":"Not\u00edcias","item":"https:\/\/www.suno.com.br\/noticias\/"},{"@type":"ListItem","position":2,"name":"Neg\u00f3cios","item":"https:\/\/www.suno.com.br\/noticias\/negocios\/"},{"@type":"ListItem","position":3,"name":"Ambev (ABEV3) pagar\u00e1 dividendos extraordin\u00e1rios? Entenda"}]},{"@type":"WebSite","@id":"https:\/\/www.suno.com.br\/noticias\/#website","url":"https:\/\/www.suno.com.br\/noticias\/","name":"Suno Not\u00edcias","description":"Seu portal de informa\u00e7\u00e3o sobre o mundo dos investimentos","publisher":{"@id":"https:\/\/www.suno.com.br\/noticias\/#organization"},"potentialAction":[{"@type":"SearchAction","target":{"@type":"EntryPoint","urlTemplate":"https:\/\/www.suno.com.br\/noticias\/?s={search_term_string}"},"query-input":{"@type":"PropertyValueSpecification","valueRequired":true,"valueName":"search_term_string"}}],"inLanguage":"pt-BR"},{"@type":"Organization","@id":"https:\/\/www.suno.com.br\/noticias\/#organization","name":"Suno Not\u00edcias","url":"https:\/\/www.suno.com.br\/noticias\/","logo":{"@type":"ImageObject","inLanguage":"pt-BR","@id":"https:\/\/www.suno.com.br\/noticias\/#\/schema\/logo\/image\/","url":"https:\/\/files.sunoresearch.com.br\/n\/uploads\/2021\/09\/suno-logo.png","contentUrl":"https:\/\/files.sunoresearch.com.br\/n\/uploads\/2021\/09\/suno-logo.png","width":180,"height":180,"caption":"Suno Not\u00edcias"},"image":{"@id":"https:\/\/www.suno.com.br\/noticias\/#\/schema\/logo\/image\/"},"sameAs":["https:\/\/facebook.com\/sunoresearch","https:\/\/x.com\/sunoresearch","https:\/\/www.instagram.com\/suno","https:\/\/www.linkedin.com\/company\/suno-research\/","https:\/\/www.youtube.com\/c\/sunoresearch"]},{"@type":"Person","@id":"https:\/\/www.suno.com.br\/noticias\/#\/schema\/person\/d0f07e64bce64aa671feadfb844f04ca","name":"Guilherme Serrano","image":{"@type":"ImageObject","inLanguage":"pt-BR","@id":"https:\/\/www.suno.com.br\/noticias\/#\/schema\/person\/image\/","url":"https:\/\/secure.gravatar.com\/avatar\/a90be19d8c67bef61497e4522de30ac4?s=96&r=g","contentUrl":"https:\/\/secure.gravatar.com\/avatar\/a90be19d8c67bef61497e4522de30ac4?s=96&r=g","caption":"Guilherme Serrano"},"description":"Jornalista formado pela Faculdade C\u00e1sper L\u00edbero e p\u00f3s-graduado em Can\u00e7\u00e3o Popular pela Faculdade Santa Marcelina. Passagens por R\u00e1dio Gazeta AM, gazetaesportiva.com e TC R\u00e1dio.","url":"https:\/\/www.suno.com.br\/noticias\/author\/guilherme-silvasuno-com-br\/"}]}},"default_loop_html":"<div class=\"cardsPage__listCard__boxs\"><div class=\"cardsPage__listCard__boxs__img\"><a href=\"https:\/\/www.suno.com.br\/noticias\/ambev-abev3-dividendos-extraordinarios-xp-gss\/\"><img class=\"mask\" src=\"https:\/\/www.suno.com.br\/noticias\/wp-content\/themes\/suno\/resources\/images\/spotlight\/spotlight1img\/bg-mask.png\" alt=\"Image Mask\"\/><img src=\"https:\/\/files.sunoresearch.com.br\/n\/uploads\/2024\/04\/beer-2689537_1920-400x200.jpg\" alt=\"Ambev (ABEV3) pagar\u00e1 dividendos extraordin\u00e1rios? Entenda\"\/><\/a><span class=\"spotlightCategory\"><a href=\"https:\/\/www.suno.com.br\/noticias\/negocios\/\">Neg\u00f3cios<\/a><\/span><\/div><div class=\"cardsPage__listCard__boxs__content\"><a href=\"https:\/\/www.suno.com.br\/noticias\/ambev-abev3-dividendos-extraordinarios-xp-gss\/\"><h2 class=\"content__title\">Ambev (ABEV3) pagar\u00e1 dividendos extraordin\u00e1rios? Entenda<\/h2><\/a><div class=\"newsContent__article__meta\"><div class=\"newsContent__article__meta__authorBox\"><a href=\"https:\/\/www.suno.com.br\/noticias\/author\/guilherme-silvasuno-com-br\/\" class=\"authorBox__avatar noMobi\"><img src=\"https:\/\/secure.gravatar.com\/avatar\/a90be19d8c67bef61497e4522de30ac4?s=96&#038;r=g\" alt=\"Guilherme Serrano\"><\/a><div class=\"authorBox__name\"><span>por\n\t\t\t<a href=\"https:\/\/www.suno.com.br\/noticias\/author\/guilherme-silvasuno-com-br\/\"><span itemprop=\"author\">Guilherme Serrano<\/span><\/a><\/span><time datetime=\"2024-12-05T15:07:49-03:00\" itemprop=\"datePublished\">05\/12\/2024 15:07<\/time><\/div><\/div><\/div><\/div><\/div>","single_layout":"posts","amp_enabled":true,"_links":{"self":[{"href":"https:\/\/www.suno.com.br\/noticias\/wp-json\/wp\/v2\/posts\/586713"}],"collection":[{"href":"https:\/\/www.suno.com.br\/noticias\/wp-json\/wp\/v2\/posts"}],"about":[{"href":"https:\/\/www.suno.com.br\/noticias\/wp-json\/wp\/v2\/types\/post"}],"author":[{"embeddable":true,"href":"https:\/\/www.suno.com.br\/noticias\/wp-json\/wp\/v2\/users\/376"}],"replies":[{"embeddable":true,"href":"https:\/\/www.suno.com.br\/noticias\/wp-json\/wp\/v2\/comments?post=586713"}],"version-history":[{"count":2,"href":"https:\/\/www.suno.com.br\/noticias\/wp-json\/wp\/v2\/posts\/586713\/revisions"}],"predecessor-version":[{"id":586715,"href":"https:\/\/www.suno.com.br\/noticias\/wp-json\/wp\/v2\/posts\/586713\/revisions\/586715"}],"wp:featuredmedia":[{"embeddable":true,"href":"https:\/\/www.suno.com.br\/noticias\/wp-json\/wp\/v2\/media\/543883"}],"wp:attachment":[{"href":"https:\/\/www.suno.com.br\/noticias\/wp-json\/wp\/v2\/media?parent=586713"}],"wp:term":[{"taxonomy":"category","embeddable":true,"href":"https:\/\/www.suno.com.br\/noticias\/wp-json\/wp\/v2\/categories?post=586713"},{"taxonomy":"post_tag","embeddable":true,"href":"https:\/\/www.suno.com.br\/noticias\/wp-json\/wp\/v2\/tags?post=586713"},{"taxonomy":"suno_strategy","embeddable":true,"href":"https:\/\/www.suno.com.br\/noticias\/wp-json\/wp\/v2\/suno_strategy?post=586713"}],"curies":[{"name":"wp","href":"https:\/\/api.w.org\/{rel}","templated":true}]}}