{"id":58631,"date":"2020-03-25T08:25:24","date_gmt":"2020-03-25T11:25:24","guid":{"rendered":"https:\/\/www.suno.com.br\/noticias\/?p=58631"},"modified":"2021-06-14T00:21:50","modified_gmt":"2021-06-14T03:21:50","slug":"agenda-do-dia-grupo-votorantim-natura-mrv-usiminas","status":"publish","type":"post","link":"https:\/\/www.suno.com.br\/noticias\/agenda-do-dia-grupo-votorantim-natura-mrv-usiminas\/","title":{"rendered":"Agenda do Dia: Natura; MRV; Grupo Votorantim; Usiminas"},"content":{"rendered":"<p>Os assuntos da <strong>Agenda<\/strong> <strong>do<\/strong> <strong>Dia<\/strong> desta quarta-feira (25) prometem mexer com o mercado interno e o externo.<\/p>\t<div class=\"wrapper-featured-image\">\n\t\t<figure class=\"spotlightImg\">\n\n\t\t\t<picture>\n\t\t\t\t<source media=\"(max-width: 768px)\" srcset=\"https:\/\/files.sunoresearch.com.br\/n\/uploads\/2019\/06\/ca0f871f-natura-400x200.webp\">\n\t\t\t\t<img loading=\"lazy\" decoding=\"async\" class=\"newsContent__article__imgCapa lazyloadDisabled newsContent__article__imgCapa--noCaption\" src=\"https:\/\/files.sunoresearch.com.br\/n\/uploads\/2019\/06\/ca0f871f-natura-800x450.webp\" width=\"800\" height=\"450\" alt=\"Agenda do Dia: Natura; MRV; Grupo Votorantim; Usiminas\" fetchpriority=high \/>\n\t\t\t<\/picture>\n\n\t\t\t<figcaption class=\"wp-caption-text wp-caption-text--hide\">A Natura &amp; CO (NTCO3) informou que realizou o pr\u00e9-pagamento de t\u00edtulos de d\u00edvida (&quot;bonds&quot;) de sua subsidi\u00e1ria Avon.<\/figcaption>\n\t\t<\/figure>\n\t<\/div>\n\n\n<p>A <strong>Natura &amp;Co<\/strong> anunciou que ir\u00e1 suspender sua produ\u00e7\u00e3o de maquiagens e perfumes. O conselho de administra\u00e7\u00e3o da <strong>MRV<\/strong> aprovou o plano de recompra de a\u00e7\u00f5es da empresa.<\/p>\n\n<p>Al\u00e9m disso, a Agenda do Dia conta tamb\u00e9m com a not\u00edcia sobre o <strong>Grupo Votorantim<\/strong>, que anunciou que haver\u00e1 mudan\u00e7a em sua presid\u00eancia.<\/p>\n<p>Confira os principais pontos da Agenda do Dia:<\/p>\n<h2>Natura<\/h2>\n<p>De acordo com informa\u00e7\u00f5es do jornal &#8220;Valor Econ\u00f4mico&#8221;, a <strong>Natura&amp;CO<\/strong> ir\u00e1 suspender, temporariamente, a partir desta quarta-feira (25), a sua produ\u00e7\u00e3o de maquiagens e perfumes em f\u00e1bricas da <strong>Avon<\/strong> e da <strong>Natura<\/strong>.<\/p>\n<p><a href=\"https:\/\/www.suno.com.br\/nossas-assinaturas\/suno-premium\/\">Bolsa em queda livre!? Aproveita as maiores oportunidades da bolsa brasileira com nosso acesso Suno Premium.<\/a><\/p>\n<p>Essas unidades se dedicar\u00e3o na fabrica\u00e7\u00e3o de produtos de higiene pessoal que podem ser essenciais no combate \u00e0 dissemina\u00e7\u00e3o do <strong>coronav\u00edrus<\/strong>.<\/p>\n<p>A empresa de cosm\u00e9ticos tamb\u00e9m liberou o trabalho &#8220;home office&#8221; para funcion\u00e1rios que n\u00e3o precisam ir aos escrit\u00f3rios e f\u00e1bricas para realizar os servi\u00e7os.<\/p>\n<h2>MRV Engenharia<\/h2>\n<p>A <a href=\"https:\/\/www.suno.com.br\/acoes\/mrve3\/\"><strong>MRV Engenharia (MRVE3)<\/strong><\/a> comunicou na \u00faltima ter\u00e7a-feira (24) que seu <a href=\"https:\/\/www.suno.com.br\/artigos\/conselho-administracao\/\">Conselho de Administra\u00e7\u00e3o<\/a> aprovou o <a href=\"https:\/\/www.suno.com.br\/artigos\/recompra-de-acoes-o-que-e-e-como-funciona\/\">programa de recompra de a\u00e7\u00f5es<\/a> da empresa.<\/p>\n<p><a href=\"https:\/\/www.suno.com.br\/nossas-assinaturas\/suno-premium\/\">Oportunidades \u00fanicas surgiram com a queda na bolsa! Aproveite e acesse agora nossos relat\u00f3rios para assinantes.<\/a><\/p>\n<p>O comunicado informa que caber\u00e1 a diretoria da empresa definir o melhor momento para executar o programa de recompra e quantas a\u00e7\u00f5es dever\u00e3o ser recompradas. A empresa possui 293.845.542 a\u00e7\u00f5es em circula\u00e7\u00e3o e 1.348 em tesouraria.<\/p>\n<p>A MRV informa que as a\u00e7\u00f5es adquiridas no plano de recompra ser\u00e3o &#8220;mantidas em tesouraria, canceladas ou recolocadas no mercado, ou, ainda, destinada aos planos de Outorga de Op\u00e7\u00f5es de A\u00e7\u00f5es ou a outros planos que venham a ser aprovados pela Assembleia Geral da empresa&#8221;.<\/p>\n<h2>Votorantim<\/h2>\n<p>O <strong>Grupo Votorantim<\/strong> anunciou que acontecer\u00e1 uma altera\u00e7\u00e3o em sua presid\u00eancia. Jo\u00e3o Miranda, que esteve por 11 anos na empresa, tendo come\u00e7ado na diretoria financeira, e depois passado 6 anos na presid\u00eancia do Votorantim S.A, deixar\u00e1 o cargo para a entrada de Jo\u00e3o Schmidt.<\/p>\n\t<p>\n\t\t<a href=\"https:\/\/lp.statusinvest.com.br\/ao\/assessoria-status-invest\/\" target=\"_blank\" data-element=\"shortcode-suno-banner\" title=\"Banner SUNO, clique e saiba mais\">\n\t\t\t<picture>\n\t\t\t\t<source media=\"(max-width: 500px)\" srcset=\"https:\/\/files.sunoresearch.com.br\/n\/uploads\/2024\/03\/400x300-Mobile-1.png\">\n\t\t\t\t<img class=\"newsContent__article__imgCapa newsContent__article__imgCapa--banner\"\n\t\t\t\t\tsrc=\"https:\/\/files.sunoresearch.com.br\/n\/uploads\/2024\/03\/1420-x-240-Desktop.png\"\n\t\t\t\t\tdata-promo-id=\"537299\"\t\t\t\t\t\t\t\t\t\twidth='1420' height='250'\t\t\t\t\talt=\"https:\/\/files.sunoresearch.com.br\/n\/uploads\/2024\/03\/1420-x-240-Desktop.png\"\n\t\t\t\t>\n\t\t\t<\/picture>\n\t\t<\/a>\n\t<\/p>\n\n\n<p>Atualmente, Schmidt ocupa o cargo de diretor de desenvolvimento corporativo da VSA, controladora que administra os neg\u00f3cios da fam\u00edlia Erm\u00edrio de Moraes.<\/p>\n<h2>Usiminas<\/h2>\n<p>A <a href=\"https:\/\/www.suno.com.br\/acoes\/usim5\/\"><strong>Usiminas<\/strong> (USIM5)<\/a> declarou f\u00e9rias coletivas para parte do quadro de colaboradores de suas subsidi\u00e1rias. O motivo \u00e9 a queda da atividade relacionada diretamente a pandemia do<strong> coronav\u00edrus<\/strong> (Covid-19).<\/p>\n<p>Cerca de 29,6% dos funcion\u00e1rios da Solu\u00e7\u00f5es em A\u00e7o Usiminas est\u00e3o de f\u00e9rias e 46,3% da Usiminas Mec\u00e2nica tamb\u00e9m. Al\u00e9m disso, como medida de combate a dissemina\u00e7\u00e3o do coronav\u00edrus, a sider\u00fargica implementou o trabalho remoto para colaboradores do setor de atividades administrativas.<\/p>\n<h2>Divulga\u00e7\u00e3o de resultados de empresas nesta quarta<\/h2>\n<ul>\n<li>Via Varejo<\/li>\n<li>Oi<\/li>\n<li>Eternit<\/li>\n<li>Eucatex<\/li>\n<\/ul>\n<p>A <strong>Agenda<\/strong> <strong>do<\/strong> <strong>Dia<\/strong> da <a href=\"https:\/\/www.youtube.com\/channel\/UCWDeEIDAIi_oYKDiqwfGyRg\">Suno<\/a> mostra os principais acontecimentos que prometem movimentar o mercado durante o dia.<\/p>\n\n","protected":false},"excerpt":{"rendered":"<p>Os assuntos da Agenda do Dia desta quarta-feira (25) prometem mexer com o mercado interno e o externo. A Natura &amp; CO (NTCO3) informou que realizou o pr\u00e9-pagamento de t\u00edtulos de d\u00edvida (&quot;bonds&quot;) de sua subsidi\u00e1ria Avon. A Natura &amp;Co anunciou que ir\u00e1 suspender sua produ\u00e7\u00e3o de maquiagens e perfumes. O conselho de administra\u00e7\u00e3o da [&hellip;]<\/p>\n","protected":false},"author":19,"featured_media":28571,"comment_status":"closed","ping_status":"closed","sticky":false,"template":"","format":"standard","meta":[],"categories":[64],"tags":[1980,1279,2054,574],"suno_strategy":[],"class_list":["post-58631","post","type-post","status-publish","format-standard","has-post-thumbnail","hentry","category-negocios","tag-agenda-do-dia","tag-grupo-votorantim","tag-mrv-mrve3","tag-natura-ntco3"],"yoast_head":"<!-- This site is optimized with the Yoast SEO plugin v24.4 - https:\/\/yoast.com\/wordpress\/plugins\/seo\/ -->\n<title>Agenda do Dia: Natura; MRV; Grupo Votorantim; Usiminas<\/title>\n<meta name=\"description\" content=\"Agenda do Dia: suspens\u00e3o de produ\u00e7\u00e3o em f\u00e1bricas da Natura; recompra de a\u00e7\u00f5es da MRV; Grupo Votorantim; Usiminas. Clique aqui e saiba mais.\" \/>\n<meta name=\"robots\" content=\"index, follow, max-snippet:-1, max-image-preview:large, max-video-preview:-1\" \/>\n<link rel=\"canonical\" href=\"https:\/\/www.suno.com.br\/noticias\/agenda-do-dia-grupo-votorantim-natura-mrv-usiminas\/\" \/>\n<meta property=\"og:locale\" content=\"pt_BR\" \/>\n<meta property=\"og:type\" content=\"article\" \/>\n<meta property=\"og:title\" content=\"Agenda do Dia: Natura; MRV; Grupo Votorantim; Usiminas\" \/>\n<meta property=\"og:description\" content=\"Agenda do Dia: suspens\u00e3o de produ\u00e7\u00e3o em f\u00e1bricas da Natura; recompra de a\u00e7\u00f5es da MRV; Grupo Votorantim; Usiminas. Clique aqui e saiba mais.\" \/>\n<meta property=\"og:url\" content=\"https:\/\/www.suno.com.br\/noticias\/agenda-do-dia-grupo-votorantim-natura-mrv-usiminas\/\" \/>\n<meta property=\"og:site_name\" content=\"Suno Not\u00edcias\" \/>\n<meta property=\"article:publisher\" content=\"https:\/\/facebook.com\/sunoresearch\" \/>\n<meta property=\"og:image\" content=\"https:\/\/files.sunoresearch.com.br\/n\/uploads\/2019\/06\/ca0f871f-natura.jpg\" \/>\n\t<meta property=\"og:image:width\" content=\"810\" \/>\n\t<meta property=\"og:image:height\" content=\"455\" \/>\n\t<meta property=\"og:image:type\" content=\"image\/jpeg\" \/>\n<meta name=\"author\" content=\"Juliano Passaro\" \/>\n<meta name=\"twitter:card\" content=\"summary_large_image\" \/>\n<meta name=\"twitter:creator\" content=\"@sunoresearch\" \/>\n<meta name=\"twitter:site\" content=\"@sunoresearch\" \/>\n<meta name=\"twitter:label1\" content=\"Escrito por\" \/>\n\t<meta name=\"twitter:data1\" content=\"Juliano Passaro\" \/>\n\t<meta name=\"twitter:label2\" content=\"Est. tempo de leitura\" \/>\n\t<meta name=\"twitter:data2\" content=\"3 minutos\" \/>\n<script type=\"application\/ld+json\" class=\"yoast-schema-graph\">{\"@context\":\"https:\/\/schema.org\",\"@graph\":[{\"@type\":\"NewsArticle\",\"@id\":\"https:\/\/www.suno.com.br\/noticias\/agenda-do-dia-grupo-votorantim-natura-mrv-usiminas\/#article\",\"isPartOf\":{\"@id\":\"https:\/\/www.suno.com.br\/noticias\/agenda-do-dia-grupo-votorantim-natura-mrv-usiminas\/\"},\"author\":{\"name\":\"Juliano Passaro\",\"@id\":\"https:\/\/www.suno.com.br\/noticias\/#\/schema\/person\/1db762f78ffd8919a648a63e425953e3\"},\"headline\":\"Agenda do Dia: Natura; MRV; Grupo Votorantim; Usiminas\",\"datePublished\":\"2020-03-25T11:25:24+00:00\",\"dateModified\":\"2021-06-14T03:21:50+00:00\",\"mainEntityOfPage\":{\"@id\":\"https:\/\/www.suno.com.br\/noticias\/agenda-do-dia-grupo-votorantim-natura-mrv-usiminas\/\"},\"wordCount\":533,\"publisher\":{\"@id\":\"https:\/\/www.suno.com.br\/noticias\/#organization\"},\"image\":{\"@id\":\"https:\/\/www.suno.com.br\/noticias\/agenda-do-dia-grupo-votorantim-natura-mrv-usiminas\/#primaryimage\"},\"thumbnailUrl\":\"https:\/\/files.sunoresearch.com.br\/n\/uploads\/2019\/06\/ca0f871f-natura.jpg\",\"keywords\":[\"agenda do dia\",\"Grupo Votorantim\",\"MRV (MRVE3)\",\"Natura (NTCO3)\"],\"articleSection\":[\"Neg\u00f3cios\"],\"inLanguage\":\"pt-BR\"},{\"@type\":\"WebPage\",\"@id\":\"https:\/\/www.suno.com.br\/noticias\/agenda-do-dia-grupo-votorantim-natura-mrv-usiminas\/\",\"url\":\"https:\/\/www.suno.com.br\/noticias\/agenda-do-dia-grupo-votorantim-natura-mrv-usiminas\/\",\"name\":\"Agenda do Dia: Natura; MRV; Grupo Votorantim; Usiminas\",\"isPartOf\":{\"@id\":\"https:\/\/www.suno.com.br\/noticias\/#website\"},\"primaryImageOfPage\":{\"@id\":\"https:\/\/www.suno.com.br\/noticias\/agenda-do-dia-grupo-votorantim-natura-mrv-usiminas\/#primaryimage\"},\"image\":{\"@id\":\"https:\/\/www.suno.com.br\/noticias\/agenda-do-dia-grupo-votorantim-natura-mrv-usiminas\/#primaryimage\"},\"thumbnailUrl\":\"https:\/\/files.sunoresearch.com.br\/n\/uploads\/2019\/06\/ca0f871f-natura.jpg\",\"datePublished\":\"2020-03-25T11:25:24+00:00\",\"dateModified\":\"2021-06-14T03:21:50+00:00\",\"description\":\"Agenda do Dia: suspens\u00e3o de produ\u00e7\u00e3o em f\u00e1bricas da Natura; recompra de a\u00e7\u00f5es da MRV; Grupo Votorantim; Usiminas. Clique aqui e saiba mais.\",\"breadcrumb\":{\"@id\":\"https:\/\/www.suno.com.br\/noticias\/agenda-do-dia-grupo-votorantim-natura-mrv-usiminas\/#breadcrumb\"},\"inLanguage\":\"pt-BR\",\"potentialAction\":[{\"@type\":\"ReadAction\",\"target\":[\"https:\/\/www.suno.com.br\/noticias\/agenda-do-dia-grupo-votorantim-natura-mrv-usiminas\/\"]}]},{\"@type\":\"ImageObject\",\"inLanguage\":\"pt-BR\",\"@id\":\"https:\/\/www.suno.com.br\/noticias\/agenda-do-dia-grupo-votorantim-natura-mrv-usiminas\/#primaryimage\",\"url\":\"https:\/\/files.sunoresearch.com.br\/n\/uploads\/2019\/06\/ca0f871f-natura.jpg\",\"contentUrl\":\"https:\/\/files.sunoresearch.com.br\/n\/uploads\/2019\/06\/ca0f871f-natura.jpg\",\"width\":810,\"height\":455,\"caption\":\"A Natura & CO (NTCO3) informou que realizou o pr\u00e9-pagamento de t\u00edtulos de d\u00edvida (\\\"bonds\\\") de sua subsidi\u00e1ria Avon.\"},{\"@type\":\"BreadcrumbList\",\"@id\":\"https:\/\/www.suno.com.br\/noticias\/agenda-do-dia-grupo-votorantim-natura-mrv-usiminas\/#breadcrumb\",\"itemListElement\":[{\"@type\":\"ListItem\",\"position\":1,\"name\":\"Not\u00edcias\",\"item\":\"https:\/\/www.suno.com.br\/noticias\/\"},{\"@type\":\"ListItem\",\"position\":2,\"name\":\"Neg\u00f3cios\",\"item\":\"https:\/\/www.suno.com.br\/noticias\/negocios\/\"},{\"@type\":\"ListItem\",\"position\":3,\"name\":\"Agenda do Dia: Natura; MRV; Grupo Votorantim; Usiminas\"}]},{\"@type\":\"WebSite\",\"@id\":\"https:\/\/www.suno.com.br\/noticias\/#website\",\"url\":\"https:\/\/www.suno.com.br\/noticias\/\",\"name\":\"Suno Not\u00edcias\",\"description\":\"Seu portal de informa\u00e7\u00e3o sobre o mundo dos investimentos\",\"publisher\":{\"@id\":\"https:\/\/www.suno.com.br\/noticias\/#organization\"},\"potentialAction\":[{\"@type\":\"SearchAction\",\"target\":{\"@type\":\"EntryPoint\",\"urlTemplate\":\"https:\/\/www.suno.com.br\/noticias\/?s={search_term_string}\"},\"query-input\":{\"@type\":\"PropertyValueSpecification\",\"valueRequired\":true,\"valueName\":\"search_term_string\"}}],\"inLanguage\":\"pt-BR\"},{\"@type\":\"Organization\",\"@id\":\"https:\/\/www.suno.com.br\/noticias\/#organization\",\"name\":\"Suno Not\u00edcias\",\"url\":\"https:\/\/www.suno.com.br\/noticias\/\",\"logo\":{\"@type\":\"ImageObject\",\"inLanguage\":\"pt-BR\",\"@id\":\"https:\/\/www.suno.com.br\/noticias\/#\/schema\/logo\/image\/\",\"url\":\"https:\/\/files.sunoresearch.com.br\/n\/uploads\/2021\/09\/suno-logo.png\",\"contentUrl\":\"https:\/\/files.sunoresearch.com.br\/n\/uploads\/2021\/09\/suno-logo.png\",\"width\":180,\"height\":180,\"caption\":\"Suno Not\u00edcias\"},\"image\":{\"@id\":\"https:\/\/www.suno.com.br\/noticias\/#\/schema\/logo\/image\/\"},\"sameAs\":[\"https:\/\/facebook.com\/sunoresearch\",\"https:\/\/x.com\/sunoresearch\",\"https:\/\/www.instagram.com\/suno\",\"https:\/\/www.linkedin.com\/company\/suno-research\/\",\"https:\/\/www.youtube.com\/c\/sunoresearch\"]},{\"@type\":\"Person\",\"@id\":\"https:\/\/www.suno.com.br\/noticias\/#\/schema\/person\/1db762f78ffd8919a648a63e425953e3\",\"name\":\"Juliano Passaro\",\"image\":{\"@type\":\"ImageObject\",\"inLanguage\":\"pt-BR\",\"@id\":\"https:\/\/www.suno.com.br\/noticias\/#\/schema\/person\/image\/\",\"url\":\"https:\/\/secure.gravatar.com\/avatar\/743d4df28eebf6dcc46b4ad03c319e92?s=96&r=g\",\"contentUrl\":\"https:\/\/secure.gravatar.com\/avatar\/743d4df28eebf6dcc46b4ad03c319e92?s=96&r=g\",\"caption\":\"Juliano Passaro\"},\"description\":\"Juliano Passaro escreve sobre pol\u00edtica, economia e neg\u00f3cios para o portal da Suno Research. Antes da Suno, trabalhou no Portal da Band. \u00c9 formado em jornalismo pela Universidade Presbiteriana Mackenzie.\",\"url\":\"https:\/\/www.suno.com.br\/noticias\/author\/juliano\/\"}]}<\/script>\n<!-- \/ Yoast SEO plugin. -->","yoast_head_json":{"title":"Agenda do Dia: Natura; MRV; Grupo Votorantim; Usiminas","description":"Agenda do Dia: suspens\u00e3o de produ\u00e7\u00e3o em f\u00e1bricas da Natura; recompra de a\u00e7\u00f5es da MRV; Grupo Votorantim; Usiminas. Clique aqui e saiba mais.","robots":{"index":"index","follow":"follow","max-snippet":"max-snippet:-1","max-image-preview":"max-image-preview:large","max-video-preview":"max-video-preview:-1"},"canonical":"https:\/\/www.suno.com.br\/noticias\/agenda-do-dia-grupo-votorantim-natura-mrv-usiminas\/","og_locale":"pt_BR","og_type":"article","og_title":"Agenda do Dia: Natura; MRV; Grupo Votorantim; Usiminas","og_description":"Agenda do Dia: suspens\u00e3o de produ\u00e7\u00e3o em f\u00e1bricas da Natura; recompra de a\u00e7\u00f5es da MRV; Grupo Votorantim; Usiminas. Clique aqui e saiba mais.","og_url":"https:\/\/www.suno.com.br\/noticias\/agenda-do-dia-grupo-votorantim-natura-mrv-usiminas\/","og_site_name":"Suno Not\u00edcias","article_publisher":"https:\/\/facebook.com\/sunoresearch","og_image":[{"width":810,"height":455,"url":"https:\/\/files.sunoresearch.com.br\/n\/uploads\/2019\/06\/ca0f871f-natura.jpg","type":"image\/jpeg"}],"author":"Juliano Passaro","twitter_card":"summary_large_image","twitter_creator":"@sunoresearch","twitter_site":"@sunoresearch","twitter_misc":{"Escrito por":"Juliano Passaro","Est. tempo de leitura":"3 minutos"},"schema":{"@context":"https:\/\/schema.org","@graph":[{"@type":"NewsArticle","@id":"https:\/\/www.suno.com.br\/noticias\/agenda-do-dia-grupo-votorantim-natura-mrv-usiminas\/#article","isPartOf":{"@id":"https:\/\/www.suno.com.br\/noticias\/agenda-do-dia-grupo-votorantim-natura-mrv-usiminas\/"},"author":{"name":"Juliano Passaro","@id":"https:\/\/www.suno.com.br\/noticias\/#\/schema\/person\/1db762f78ffd8919a648a63e425953e3"},"headline":"Agenda do Dia: Natura; MRV; Grupo Votorantim; Usiminas","datePublished":"2020-03-25T11:25:24+00:00","dateModified":"2021-06-14T03:21:50+00:00","mainEntityOfPage":{"@id":"https:\/\/www.suno.com.br\/noticias\/agenda-do-dia-grupo-votorantim-natura-mrv-usiminas\/"},"wordCount":533,"publisher":{"@id":"https:\/\/www.suno.com.br\/noticias\/#organization"},"image":{"@id":"https:\/\/www.suno.com.br\/noticias\/agenda-do-dia-grupo-votorantim-natura-mrv-usiminas\/#primaryimage"},"thumbnailUrl":"https:\/\/files.sunoresearch.com.br\/n\/uploads\/2019\/06\/ca0f871f-natura.jpg","keywords":["agenda do dia","Grupo Votorantim","MRV (MRVE3)","Natura (NTCO3)"],"articleSection":["Neg\u00f3cios"],"inLanguage":"pt-BR"},{"@type":"WebPage","@id":"https:\/\/www.suno.com.br\/noticias\/agenda-do-dia-grupo-votorantim-natura-mrv-usiminas\/","url":"https:\/\/www.suno.com.br\/noticias\/agenda-do-dia-grupo-votorantim-natura-mrv-usiminas\/","name":"Agenda do Dia: Natura; MRV; Grupo Votorantim; Usiminas","isPartOf":{"@id":"https:\/\/www.suno.com.br\/noticias\/#website"},"primaryImageOfPage":{"@id":"https:\/\/www.suno.com.br\/noticias\/agenda-do-dia-grupo-votorantim-natura-mrv-usiminas\/#primaryimage"},"image":{"@id":"https:\/\/www.suno.com.br\/noticias\/agenda-do-dia-grupo-votorantim-natura-mrv-usiminas\/#primaryimage"},"thumbnailUrl":"https:\/\/files.sunoresearch.com.br\/n\/uploads\/2019\/06\/ca0f871f-natura.jpg","datePublished":"2020-03-25T11:25:24+00:00","dateModified":"2021-06-14T03:21:50+00:00","description":"Agenda do Dia: suspens\u00e3o de produ\u00e7\u00e3o em f\u00e1bricas da Natura; recompra de a\u00e7\u00f5es da MRV; Grupo Votorantim; Usiminas. Clique aqui e saiba mais.","breadcrumb":{"@id":"https:\/\/www.suno.com.br\/noticias\/agenda-do-dia-grupo-votorantim-natura-mrv-usiminas\/#breadcrumb"},"inLanguage":"pt-BR","potentialAction":[{"@type":"ReadAction","target":["https:\/\/www.suno.com.br\/noticias\/agenda-do-dia-grupo-votorantim-natura-mrv-usiminas\/"]}]},{"@type":"ImageObject","inLanguage":"pt-BR","@id":"https:\/\/www.suno.com.br\/noticias\/agenda-do-dia-grupo-votorantim-natura-mrv-usiminas\/#primaryimage","url":"https:\/\/files.sunoresearch.com.br\/n\/uploads\/2019\/06\/ca0f871f-natura.jpg","contentUrl":"https:\/\/files.sunoresearch.com.br\/n\/uploads\/2019\/06\/ca0f871f-natura.jpg","width":810,"height":455,"caption":"A Natura & CO (NTCO3) informou que realizou o pr\u00e9-pagamento de t\u00edtulos de d\u00edvida (\"bonds\") de sua subsidi\u00e1ria Avon."},{"@type":"BreadcrumbList","@id":"https:\/\/www.suno.com.br\/noticias\/agenda-do-dia-grupo-votorantim-natura-mrv-usiminas\/#breadcrumb","itemListElement":[{"@type":"ListItem","position":1,"name":"Not\u00edcias","item":"https:\/\/www.suno.com.br\/noticias\/"},{"@type":"ListItem","position":2,"name":"Neg\u00f3cios","item":"https:\/\/www.suno.com.br\/noticias\/negocios\/"},{"@type":"ListItem","position":3,"name":"Agenda do Dia: Natura; MRV; Grupo Votorantim; Usiminas"}]},{"@type":"WebSite","@id":"https:\/\/www.suno.com.br\/noticias\/#website","url":"https:\/\/www.suno.com.br\/noticias\/","name":"Suno Not\u00edcias","description":"Seu portal de informa\u00e7\u00e3o sobre o mundo dos investimentos","publisher":{"@id":"https:\/\/www.suno.com.br\/noticias\/#organization"},"potentialAction":[{"@type":"SearchAction","target":{"@type":"EntryPoint","urlTemplate":"https:\/\/www.suno.com.br\/noticias\/?s={search_term_string}"},"query-input":{"@type":"PropertyValueSpecification","valueRequired":true,"valueName":"search_term_string"}}],"inLanguage":"pt-BR"},{"@type":"Organization","@id":"https:\/\/www.suno.com.br\/noticias\/#organization","name":"Suno Not\u00edcias","url":"https:\/\/www.suno.com.br\/noticias\/","logo":{"@type":"ImageObject","inLanguage":"pt-BR","@id":"https:\/\/www.suno.com.br\/noticias\/#\/schema\/logo\/image\/","url":"https:\/\/files.sunoresearch.com.br\/n\/uploads\/2021\/09\/suno-logo.png","contentUrl":"https:\/\/files.sunoresearch.com.br\/n\/uploads\/2021\/09\/suno-logo.png","width":180,"height":180,"caption":"Suno Not\u00edcias"},"image":{"@id":"https:\/\/www.suno.com.br\/noticias\/#\/schema\/logo\/image\/"},"sameAs":["https:\/\/facebook.com\/sunoresearch","https:\/\/x.com\/sunoresearch","https:\/\/www.instagram.com\/suno","https:\/\/www.linkedin.com\/company\/suno-research\/","https:\/\/www.youtube.com\/c\/sunoresearch"]},{"@type":"Person","@id":"https:\/\/www.suno.com.br\/noticias\/#\/schema\/person\/1db762f78ffd8919a648a63e425953e3","name":"Juliano Passaro","image":{"@type":"ImageObject","inLanguage":"pt-BR","@id":"https:\/\/www.suno.com.br\/noticias\/#\/schema\/person\/image\/","url":"https:\/\/secure.gravatar.com\/avatar\/743d4df28eebf6dcc46b4ad03c319e92?s=96&r=g","contentUrl":"https:\/\/secure.gravatar.com\/avatar\/743d4df28eebf6dcc46b4ad03c319e92?s=96&r=g","caption":"Juliano Passaro"},"description":"Juliano Passaro escreve sobre pol\u00edtica, economia e neg\u00f3cios para o portal da Suno Research. Antes da Suno, trabalhou no Portal da Band. \u00c9 formado em jornalismo pela Universidade Presbiteriana Mackenzie.","url":"https:\/\/www.suno.com.br\/noticias\/author\/juliano\/"}]}},"default_loop_html":"<div class=\"cardsPage__listCard__boxs\"><div class=\"cardsPage__listCard__boxs__img\"><a href=\"https:\/\/www.suno.com.br\/noticias\/agenda-do-dia-grupo-votorantim-natura-mrv-usiminas\/\"><img class=\"mask\" src=\"https:\/\/www.suno.com.br\/noticias\/wp-content\/themes\/suno\/resources\/images\/spotlight\/spotlight1img\/bg-mask.png\" alt=\"Image Mask\"\/><img src=\"https:\/\/files.sunoresearch.com.br\/n\/uploads\/2019\/06\/ca0f871f-natura-400x200.webp\" alt=\"Agenda do Dia: Natura; MRV; Grupo Votorantim; Usiminas\"\/><\/a><span class=\"spotlightCategory\"><a href=\"https:\/\/www.suno.com.br\/noticias\/negocios\/\">Neg\u00f3cios<\/a><\/span><\/div><div class=\"cardsPage__listCard__boxs__content\"><a href=\"https:\/\/www.suno.com.br\/noticias\/agenda-do-dia-grupo-votorantim-natura-mrv-usiminas\/\"><h2 class=\"content__title\">Agenda do Dia: Natura; MRV; Grupo Votorantim; Usiminas<\/h2><\/a><div class=\"newsContent__article__meta\"><div class=\"newsContent__article__meta__authorBox\"><a href=\"https:\/\/www.suno.com.br\/noticias\/author\/juliano\/\" class=\"authorBox__avatar noMobi\"><img src=\"https:\/\/files.sunoresearch.com.br\/n\/uploads\/2019\/06\/7cc3efea-whatsapp-image-2019-07-18-at-21.59.33-e1563499821209-150x150.webp\" alt=\"Juliano Passaro\"><\/a><div class=\"authorBox__name\"><span>por\n\t\t\t<a href=\"https:\/\/www.suno.com.br\/noticias\/author\/juliano\/\"><span itemprop=\"author\">Juliano Passaro<\/span><\/a><\/span><time datetime=\"2020-03-25T08:25:24-03:00\" itemprop=\"datePublished\">25\/03\/2020 08:25<\/time><\/div><\/div><\/div><\/div><\/div>","single_layout":"posts","amp_enabled":true,"_links":{"self":[{"href":"https:\/\/www.suno.com.br\/noticias\/wp-json\/wp\/v2\/posts\/58631"}],"collection":[{"href":"https:\/\/www.suno.com.br\/noticias\/wp-json\/wp\/v2\/posts"}],"about":[{"href":"https:\/\/www.suno.com.br\/noticias\/wp-json\/wp\/v2\/types\/post"}],"author":[{"embeddable":true,"href":"https:\/\/www.suno.com.br\/noticias\/wp-json\/wp\/v2\/users\/19"}],"replies":[{"embeddable":true,"href":"https:\/\/www.suno.com.br\/noticias\/wp-json\/wp\/v2\/comments?post=58631"}],"version-history":[{"count":1,"href":"https:\/\/www.suno.com.br\/noticias\/wp-json\/wp\/v2\/posts\/58631\/revisions"}],"predecessor-version":[{"id":157622,"href":"https:\/\/www.suno.com.br\/noticias\/wp-json\/wp\/v2\/posts\/58631\/revisions\/157622"}],"wp:featuredmedia":[{"embeddable":true,"href":"https:\/\/www.suno.com.br\/noticias\/wp-json\/wp\/v2\/media\/28571"}],"wp:attachment":[{"href":"https:\/\/www.suno.com.br\/noticias\/wp-json\/wp\/v2\/media?parent=58631"}],"wp:term":[{"taxonomy":"category","embeddable":true,"href":"https:\/\/www.suno.com.br\/noticias\/wp-json\/wp\/v2\/categories?post=58631"},{"taxonomy":"post_tag","embeddable":true,"href":"https:\/\/www.suno.com.br\/noticias\/wp-json\/wp\/v2\/tags?post=58631"},{"taxonomy":"suno_strategy","embeddable":true,"href":"https:\/\/www.suno.com.br\/noticias\/wp-json\/wp\/v2\/suno_strategy?post=58631"}],"curies":[{"name":"wp","href":"https:\/\/api.w.org\/{rel}","templated":true}]}}