{"id":58628,"date":"2020-03-25T07:34:57","date_gmt":"2020-03-25T10:34:57","guid":{"rendered":"https:\/\/www.suno.com.br\/noticias\/?p=58628"},"modified":"2020-03-25T07:34:57","modified_gmt":"2020-03-25T10:34:57","slug":"centauro-cnto3-fechamento-de-lojas-fisicas","status":"publish","type":"post","link":"https:\/\/www.suno.com.br\/noticias\/centauro-cnto3-fechamento-de-lojas-fisicas\/","title":{"rendered":"Centauro (CNTO3) anuncia o fechamento de todas as lojas f\u00edsicas"},"content":{"rendered":"<p>A <a href=\"https:\/\/www.suno.com.br\/acoes\/cnto3\/\"><strong>Centauro<\/strong> (CNTO3)<\/a> informou, na \u00faltima ter\u00e7a-feira (24), que ir\u00e1 fechar todas as suas lojas f\u00edsicas por tempo indeterminado, em raz\u00e3o do avan\u00e7o do <a href=\"https:\/\/www.youtube.com\/watch?v=nUaf1yjK7m0&amp;t=304s\">novo coronav\u00edrus (Covid-19)<\/a>. A companhia ressalta, por meio do <a href=\"https:\/\/www.suno.com.br\/artigos\/fato-relevante\/\">fato relevante<\/a>, que a decis\u00e3o foi tomada &#8220;em aten\u00e7\u00e3o \u00e0s orienta\u00e7\u00f5es e determina\u00e7\u00f5es das autoridades governamentais&#8221;.<\/p>\t<div class=\"wrapper-featured-image\">\n\t\t<figure class=\"spotlightImg\">\n\n\t\t\t<picture>\n\t\t\t\t<source media=\"(max-width: 768px)\" srcset=\"https:\/\/files.sunoresearch.com.br\/n\/uploads\/2019\/04\/d61daffe-loja-centauro-fachada-vitrine-400x200.webp\">\n\t\t\t\t<img loading=\"lazy\" decoding=\"async\" class=\"newsContent__article__imgCapa lazyloadDisabled newsContent__article__imgCapa--noCaption\" src=\"https:\/\/files.sunoresearch.com.br\/n\/uploads\/2019\/04\/d61daffe-loja-centauro-fachada-vitrine-800x450.webp\" width=\"800\" height=\"450\" alt=\"Centauro (CNTO3) anuncia o fechamento de todas as lojas f\u00edsicas\" fetchpriority=high \/>\n\t\t\t<\/picture>\n\n\t\t\t<figcaption class=\"wp-caption-text wp-caption-text--hide\">Centauro. Foto: Divulga\u00e7\u00e3o<\/figcaption>\n\t\t<\/figure>\n\t<\/div>\n\n\n\n<p>A Centauro informou que todos os seus colaboradores que atuam nas \u00e1reas administrativas permanecer\u00e3o trabalhando por meio de <strong><em>home office<\/em><\/strong>. Al\u00e9m disso, &#8220;com o prop\u00f3sito de atender \u00e0s necessidades de consumo de parcela significativa da comunidade que\u00a0dever\u00e1 permanecer em suas resid\u00eancias, empreenderemos todos os esfor\u00e7os necess\u00e1rios para manter o funcionamento das nossas atividades e-commerce&#8221;.<\/p>\n<p>O fato relevante assinado pelo Diretor de Rela\u00e7\u00f5es com Investidores, Jos\u00e9 Lu\u00eds Salazar, ressalta que a empresa possui uma &#8220;s\u00f3lida condi\u00e7\u00e3o econ\u00f4mica financeira&#8221;, o que faz com que as medidas de restri\u00e7\u00e3o impostas mitiguem os impactos do atual cen\u00e1rio na produtividade e rentabilidade dos neg\u00f3cios.<\/p>\n<p><a href=\"https:\/\/www.suno.com.br\/nossas-assinaturas\/suno-premium\/\">Bolsa em queda livre!? Aproveita as maiores oportunidades da bolsa brasileira com nosso acesso Suno Premium<\/a><\/p>\n<p>&#8220;Essas medidas s\u00e3o indispens\u00e1veis para cooperarmos com a estrat\u00e9gia das autoridades governamentais de conter a dissemina\u00e7\u00e3o do Covid-19 no territ\u00f3rio brasileiro, resguardando a sa\u00fade da comunidade, e preservarmos a a integridade de nossos colaboradores, clientes e fornecedores&#8221;, disse a administra\u00e7\u00e3o da companhia.<\/p>\n<h2>A Centauro n\u00e3o \u00e9 a \u00fanica<\/h2>\n<p>A rede de varejo em artigos esportivos n\u00e3o \u00e9 a \u00fanica a tomar tal decis\u00e3o em combate \u00e0 dissemina\u00e7\u00e3o do coronav\u00edrus. O <a href=\"https:\/\/www.suno.com.br\/acoes\/mglu3\/\">Magazine Luiza (MGLU3)<\/a> e a <a href=\"https:\/\/www.suno.com.br\/acoes\/hgtx3\/\">Hering (HGTX3)<\/a> tamb\u00e9m anunciaram o fechamento de suas unidades por tempo indeterminado.<\/p>\n\t<p>\n\t\t<a href=\"https:\/\/lp2.suno.com.br\/pv\/bolsa-para-iniciantes?utm_campaign=_SNC757A2733_rs.mpr26---meu-primeiro-rendimento---venda---not\u00edcias&#038;utm_source=suno-not\u00edcias&#038;utm_medium=banner.noticias\" target=\"_blank\" data-element=\"shortcode-suno-banner\" title=\"Banner SUNO, clique e saiba mais\">\n\t\t\t<picture>\n\t\t\t\t<source media=\"(max-width: 500px)\" srcset=\"https:\/\/files.sunoresearch.com.br\/n\/uploads\/2026\/04\/400x300-Banner-Materias-01-png.webp\">\n\t\t\t\t<img class=\"newsContent__article__imgCapa newsContent__article__imgCapa--banner\"\n\t\t\t\t\tsrc=\"https:\/\/files.sunoresearch.com.br\/n\/uploads\/2026\/04\/1420x240-Banner-Materias-01-png.webp\"\n\t\t\t\t\tdata-promo-id=\"647482\"\t\t\t\t\t\t\t\t\t\twidth='1420' height='240'\t\t\t\t\talt=\"https:\/\/files.sunoresearch.com.br\/n\/uploads\/2026\/04\/1420x240-Banner-Materias-01-png.webp\"\n\t\t\t\t>\n\t\t\t<\/picture>\n\t\t<\/a>\n\t<\/p>\n\n\n<p>A Hering informou, por meio de seu fato relevante, que as f\u00e1bricas e o centro de distribui\u00e7\u00e3o ser\u00e3o paralisados por um per\u00edodo de 15 dias, sujeito \u00e0 posterga\u00e7\u00e3o. &#8220;Reduzimos para 20% o contingente do centro de distribui\u00e7\u00e3o com foco em nossas opera\u00e7\u00f5es de <strong>e-commerce<\/strong>&#8220;.<\/p>\n<p>J\u00e1 o Magalu tamb\u00e9m informou que a oferta de produtos e categorias com frete gr\u00e1tis foi ampliada, sobretudo os produtos que ajudam no combate ao coronav\u00edrus, como \u00e1lcool em gel e produtos de higiene pessoal.<\/p>\n<p>A companhia salientou que, por mais que ningu\u00e9m consiga prever todos os eventos e impactos relacionados aos desdobramentos causados pelo coronav\u00edrus, possui uma &#8220;<a href=\"https:\/\/www.suno.com.br\/artigos\/estrutura-capital\/\">s\u00f3lida <strong>estrutura de capital<\/strong><\/a>&#8221; para sobreviver a essa crise. De acordo com a companhia, o quarto trimestre foi encerrado com uma posi\u00e7\u00e3o total de caixa e receb\u00edveis de mais de R$ 7 bilh\u00f5es.<\/p>\n<p>A <strong>Centauro<\/strong> possui R$ 105,30 milh\u00f5es em disponibilidades, segundo a divulga\u00e7\u00e3o dos resultados referentes a 2019. A companhia apresentou uma <a href=\"https:\/\/www.suno.com.br\/artigos\/divida-liquida\/\">d\u00edvida l\u00edquida<\/a> negativa de R$ 70,71 milh\u00f5es.<\/p>\n\n","protected":false},"excerpt":{"rendered":"<p>A Centauro (CNTO3) informou, na \u00faltima ter\u00e7a-feira (24), que ir\u00e1 fechar todas as suas lojas f\u00edsicas por tempo indeterminado, em raz\u00e3o do avan\u00e7o do novo coronav\u00edrus (Covid-19). A companhia ressalta, por meio do fato relevante, que a decis\u00e3o foi tomada &#8220;em aten\u00e7\u00e3o \u00e0s orienta\u00e7\u00f5es e determina\u00e7\u00f5es das autoridades governamentais&#8221;. Centauro. Foto: Divulga\u00e7\u00e3o A Centauro informou [&hellip;]<\/p>\n","protected":false},"author":24,"featured_media":20461,"comment_status":"closed","ping_status":"closed","sticky":false,"template":"","format":"standard","meta":[],"categories":[64],"tags":[1329,2487],"suno_strategy":[],"class_list":["post-58628","post","type-post","status-publish","format-standard","has-post-thumbnail","hentry","category-negocios","tag-centauro-cnto3","tag-coronavirus"],"yoast_head":"<!-- This site is optimized with the Yoast SEO plugin v24.4 - https:\/\/yoast.com\/wordpress\/plugins\/seo\/ -->\n<title>Centauro (CNTO3) anuncia o fechamento de todas as lojas f\u00edsicas<\/title>\n<meta name=\"description\" content=\"A Centauro informou que ir\u00e1 fechar todas as suas lojas f\u00edsicas por tempo indeterminado, em raz\u00e3o do avan\u00e7o do novo coronav\u00edrus. Saiba mais.\" \/>\n<meta name=\"robots\" content=\"index, follow, max-snippet:-1, max-image-preview:large, max-video-preview:-1\" \/>\n<link rel=\"canonical\" href=\"https:\/\/www.suno.com.br\/noticias\/centauro-cnto3-fechamento-de-lojas-fisicas\/\" \/>\n<meta property=\"og:locale\" content=\"pt_BR\" \/>\n<meta property=\"og:type\" content=\"article\" \/>\n<meta property=\"og:title\" content=\"Centauro (CNTO3) anuncia o fechamento de todas as lojas f\u00edsicas\" \/>\n<meta property=\"og:description\" content=\"A Centauro informou que ir\u00e1 fechar todas as suas lojas f\u00edsicas por tempo indeterminado, em raz\u00e3o do avan\u00e7o do novo coronav\u00edrus. Saiba mais.\" \/>\n<meta property=\"og:url\" content=\"https:\/\/www.suno.com.br\/noticias\/centauro-cnto3-fechamento-de-lojas-fisicas\/\" \/>\n<meta property=\"og:site_name\" content=\"Suno Not\u00edcias\" \/>\n<meta property=\"article:publisher\" content=\"https:\/\/facebook.com\/sunoresearch\" \/>\n<meta property=\"og:image\" content=\"https:\/\/files.sunoresearch.com.br\/n\/uploads\/2019\/04\/d61daffe-loja-centauro-fachada-vitrine.jpg\" \/>\n\t<meta property=\"og:image:width\" content=\"1555\" \/>\n\t<meta property=\"og:image:height\" content=\"1037\" \/>\n\t<meta property=\"og:image:type\" content=\"image\/jpeg\" \/>\n<meta name=\"author\" content=\"Jader Lazarini\" \/>\n<meta name=\"twitter:card\" content=\"summary_large_image\" \/>\n<meta name=\"twitter:creator\" content=\"@sunoresearch\" \/>\n<meta name=\"twitter:site\" content=\"@sunoresearch\" \/>\n<meta name=\"twitter:label1\" content=\"Escrito por\" \/>\n\t<meta name=\"twitter:data1\" content=\"Jader Lazarini\" \/>\n\t<meta name=\"twitter:label2\" content=\"Est. tempo de leitura\" \/>\n\t<meta name=\"twitter:data2\" content=\"2 minutos\" \/>\n<script type=\"application\/ld+json\" class=\"yoast-schema-graph\">{\"@context\":\"https:\/\/schema.org\",\"@graph\":[{\"@type\":\"NewsArticle\",\"@id\":\"https:\/\/www.suno.com.br\/noticias\/centauro-cnto3-fechamento-de-lojas-fisicas\/#article\",\"isPartOf\":{\"@id\":\"https:\/\/www.suno.com.br\/noticias\/centauro-cnto3-fechamento-de-lojas-fisicas\/\"},\"author\":{\"name\":\"Jader Lazarini\",\"@id\":\"https:\/\/www.suno.com.br\/noticias\/#\/schema\/person\/918d79de1f0281f01599b93f9ea6e23f\"},\"headline\":\"Centauro (CNTO3) anuncia o fechamento de todas as lojas f\u00edsicas\",\"datePublished\":\"2020-03-25T10:34:57+00:00\",\"mainEntityOfPage\":{\"@id\":\"https:\/\/www.suno.com.br\/noticias\/centauro-cnto3-fechamento-de-lojas-fisicas\/\"},\"wordCount\":482,\"publisher\":{\"@id\":\"https:\/\/www.suno.com.br\/noticias\/#organization\"},\"image\":{\"@id\":\"https:\/\/www.suno.com.br\/noticias\/centauro-cnto3-fechamento-de-lojas-fisicas\/#primaryimage\"},\"thumbnailUrl\":\"https:\/\/files.sunoresearch.com.br\/n\/uploads\/2019\/04\/d61daffe-loja-centauro-fachada-vitrine-jpg.webp\",\"keywords\":[\"Centauro (CNTO3)\",\"coronav\u00edrus\"],\"articleSection\":[\"Neg\u00f3cios\"],\"inLanguage\":\"pt-BR\"},{\"@type\":\"WebPage\",\"@id\":\"https:\/\/www.suno.com.br\/noticias\/centauro-cnto3-fechamento-de-lojas-fisicas\/\",\"url\":\"https:\/\/www.suno.com.br\/noticias\/centauro-cnto3-fechamento-de-lojas-fisicas\/\",\"name\":\"Centauro (CNTO3) anuncia o fechamento de todas as lojas f\u00edsicas\",\"isPartOf\":{\"@id\":\"https:\/\/www.suno.com.br\/noticias\/#website\"},\"primaryImageOfPage\":{\"@id\":\"https:\/\/www.suno.com.br\/noticias\/centauro-cnto3-fechamento-de-lojas-fisicas\/#primaryimage\"},\"image\":{\"@id\":\"https:\/\/www.suno.com.br\/noticias\/centauro-cnto3-fechamento-de-lojas-fisicas\/#primaryimage\"},\"thumbnailUrl\":\"https:\/\/files.sunoresearch.com.br\/n\/uploads\/2019\/04\/d61daffe-loja-centauro-fachada-vitrine-jpg.webp\",\"datePublished\":\"2020-03-25T10:34:57+00:00\",\"description\":\"A Centauro informou que ir\u00e1 fechar todas as suas lojas f\u00edsicas por tempo indeterminado, em raz\u00e3o do avan\u00e7o do novo coronav\u00edrus. Saiba mais.\",\"breadcrumb\":{\"@id\":\"https:\/\/www.suno.com.br\/noticias\/centauro-cnto3-fechamento-de-lojas-fisicas\/#breadcrumb\"},\"inLanguage\":\"pt-BR\",\"potentialAction\":[{\"@type\":\"ReadAction\",\"target\":[\"https:\/\/www.suno.com.br\/noticias\/centauro-cnto3-fechamento-de-lojas-fisicas\/\"]}]},{\"@type\":\"ImageObject\",\"inLanguage\":\"pt-BR\",\"@id\":\"https:\/\/www.suno.com.br\/noticias\/centauro-cnto3-fechamento-de-lojas-fisicas\/#primaryimage\",\"url\":\"https:\/\/files.sunoresearch.com.br\/n\/uploads\/2019\/04\/d61daffe-loja-centauro-fachada-vitrine-jpg.webp\",\"contentUrl\":\"https:\/\/files.sunoresearch.com.br\/n\/uploads\/2019\/04\/d61daffe-loja-centauro-fachada-vitrine-jpg.webp\",\"width\":1555,\"height\":1037,\"caption\":\"Centauro. Foto: Divulga\u00e7\u00e3o\"},{\"@type\":\"BreadcrumbList\",\"@id\":\"https:\/\/www.suno.com.br\/noticias\/centauro-cnto3-fechamento-de-lojas-fisicas\/#breadcrumb\",\"itemListElement\":[{\"@type\":\"ListItem\",\"position\":1,\"name\":\"Not\u00edcias\",\"item\":\"https:\/\/www.suno.com.br\/noticias\/\"},{\"@type\":\"ListItem\",\"position\":2,\"name\":\"Neg\u00f3cios\",\"item\":\"https:\/\/www.suno.com.br\/noticias\/negocios\/\"},{\"@type\":\"ListItem\",\"position\":3,\"name\":\"Centauro (CNTO3) anuncia o fechamento de todas as lojas f\u00edsicas\"}]},{\"@type\":\"WebSite\",\"@id\":\"https:\/\/www.suno.com.br\/noticias\/#website\",\"url\":\"https:\/\/www.suno.com.br\/noticias\/\",\"name\":\"Suno Not\u00edcias\",\"description\":\"Seu portal de informa\u00e7\u00e3o sobre o mundo dos investimentos\",\"publisher\":{\"@id\":\"https:\/\/www.suno.com.br\/noticias\/#organization\"},\"potentialAction\":[{\"@type\":\"SearchAction\",\"target\":{\"@type\":\"EntryPoint\",\"urlTemplate\":\"https:\/\/www.suno.com.br\/noticias\/?s={search_term_string}\"},\"query-input\":{\"@type\":\"PropertyValueSpecification\",\"valueRequired\":true,\"valueName\":\"search_term_string\"}}],\"inLanguage\":\"pt-BR\"},{\"@type\":\"Organization\",\"@id\":\"https:\/\/www.suno.com.br\/noticias\/#organization\",\"name\":\"Suno Not\u00edcias\",\"url\":\"https:\/\/www.suno.com.br\/noticias\/\",\"logo\":{\"@type\":\"ImageObject\",\"inLanguage\":\"pt-BR\",\"@id\":\"https:\/\/www.suno.com.br\/noticias\/#\/schema\/logo\/image\/\",\"url\":\"https:\/\/files.sunoresearch.com.br\/n\/uploads\/2021\/09\/suno-logo.png\",\"contentUrl\":\"https:\/\/files.sunoresearch.com.br\/n\/uploads\/2021\/09\/suno-logo.png\",\"width\":180,\"height\":180,\"caption\":\"Suno Not\u00edcias\"},\"image\":{\"@id\":\"https:\/\/www.suno.com.br\/noticias\/#\/schema\/logo\/image\/\"},\"sameAs\":[\"https:\/\/facebook.com\/sunoresearch\",\"https:\/\/x.com\/sunoresearch\",\"https:\/\/www.instagram.com\/suno\",\"https:\/\/www.linkedin.com\/company\/suno-research\/\",\"https:\/\/www.youtube.com\/c\/sunoresearch\"]},{\"@type\":\"Person\",\"@id\":\"https:\/\/www.suno.com.br\/noticias\/#\/schema\/person\/918d79de1f0281f01599b93f9ea6e23f\",\"name\":\"Jader Lazarini\",\"image\":{\"@type\":\"ImageObject\",\"inLanguage\":\"pt-BR\",\"@id\":\"https:\/\/www.suno.com.br\/noticias\/#\/schema\/person\/image\/\",\"url\":\"https:\/\/secure.gravatar.com\/avatar\/3c1ad8caa51589841baeb923fcddea97?s=96&r=g\",\"contentUrl\":\"https:\/\/secure.gravatar.com\/avatar\/3c1ad8caa51589841baeb923fcddea97?s=96&r=g\",\"caption\":\"Jader Lazarini\"},\"description\":\"Jader Lazarini escreve sobre investimentos, finan\u00e7as, economia e neg\u00f3cios. \u00c9 bacharel em Rela\u00e7\u00f5es Internacionais e analista CNPI (2619).\",\"url\":\"https:\/\/www.suno.com.br\/noticias\/author\/jader-lazarini\/\"}]}<\/script>\n<!-- \/ Yoast SEO plugin. -->","yoast_head_json":{"title":"Centauro (CNTO3) anuncia o fechamento de todas as lojas f\u00edsicas","description":"A Centauro informou que ir\u00e1 fechar todas as suas lojas f\u00edsicas por tempo indeterminado, em raz\u00e3o do avan\u00e7o do novo coronav\u00edrus. Saiba mais.","robots":{"index":"index","follow":"follow","max-snippet":"max-snippet:-1","max-image-preview":"max-image-preview:large","max-video-preview":"max-video-preview:-1"},"canonical":"https:\/\/www.suno.com.br\/noticias\/centauro-cnto3-fechamento-de-lojas-fisicas\/","og_locale":"pt_BR","og_type":"article","og_title":"Centauro (CNTO3) anuncia o fechamento de todas as lojas f\u00edsicas","og_description":"A Centauro informou que ir\u00e1 fechar todas as suas lojas f\u00edsicas por tempo indeterminado, em raz\u00e3o do avan\u00e7o do novo coronav\u00edrus. Saiba mais.","og_url":"https:\/\/www.suno.com.br\/noticias\/centauro-cnto3-fechamento-de-lojas-fisicas\/","og_site_name":"Suno Not\u00edcias","article_publisher":"https:\/\/facebook.com\/sunoresearch","og_image":[{"width":1555,"height":1037,"url":"https:\/\/files.sunoresearch.com.br\/n\/uploads\/2019\/04\/d61daffe-loja-centauro-fachada-vitrine.jpg","type":"image\/jpeg"}],"author":"Jader Lazarini","twitter_card":"summary_large_image","twitter_creator":"@sunoresearch","twitter_site":"@sunoresearch","twitter_misc":{"Escrito por":"Jader Lazarini","Est. tempo de leitura":"2 minutos"},"schema":{"@context":"https:\/\/schema.org","@graph":[{"@type":"NewsArticle","@id":"https:\/\/www.suno.com.br\/noticias\/centauro-cnto3-fechamento-de-lojas-fisicas\/#article","isPartOf":{"@id":"https:\/\/www.suno.com.br\/noticias\/centauro-cnto3-fechamento-de-lojas-fisicas\/"},"author":{"name":"Jader Lazarini","@id":"https:\/\/www.suno.com.br\/noticias\/#\/schema\/person\/918d79de1f0281f01599b93f9ea6e23f"},"headline":"Centauro (CNTO3) anuncia o fechamento de todas as lojas f\u00edsicas","datePublished":"2020-03-25T10:34:57+00:00","mainEntityOfPage":{"@id":"https:\/\/www.suno.com.br\/noticias\/centauro-cnto3-fechamento-de-lojas-fisicas\/"},"wordCount":482,"publisher":{"@id":"https:\/\/www.suno.com.br\/noticias\/#organization"},"image":{"@id":"https:\/\/www.suno.com.br\/noticias\/centauro-cnto3-fechamento-de-lojas-fisicas\/#primaryimage"},"thumbnailUrl":"https:\/\/files.sunoresearch.com.br\/n\/uploads\/2019\/04\/d61daffe-loja-centauro-fachada-vitrine-jpg.webp","keywords":["Centauro (CNTO3)","coronav\u00edrus"],"articleSection":["Neg\u00f3cios"],"inLanguage":"pt-BR"},{"@type":"WebPage","@id":"https:\/\/www.suno.com.br\/noticias\/centauro-cnto3-fechamento-de-lojas-fisicas\/","url":"https:\/\/www.suno.com.br\/noticias\/centauro-cnto3-fechamento-de-lojas-fisicas\/","name":"Centauro (CNTO3) anuncia o fechamento de todas as lojas f\u00edsicas","isPartOf":{"@id":"https:\/\/www.suno.com.br\/noticias\/#website"},"primaryImageOfPage":{"@id":"https:\/\/www.suno.com.br\/noticias\/centauro-cnto3-fechamento-de-lojas-fisicas\/#primaryimage"},"image":{"@id":"https:\/\/www.suno.com.br\/noticias\/centauro-cnto3-fechamento-de-lojas-fisicas\/#primaryimage"},"thumbnailUrl":"https:\/\/files.sunoresearch.com.br\/n\/uploads\/2019\/04\/d61daffe-loja-centauro-fachada-vitrine-jpg.webp","datePublished":"2020-03-25T10:34:57+00:00","description":"A Centauro informou que ir\u00e1 fechar todas as suas lojas f\u00edsicas por tempo indeterminado, em raz\u00e3o do avan\u00e7o do novo coronav\u00edrus. Saiba mais.","breadcrumb":{"@id":"https:\/\/www.suno.com.br\/noticias\/centauro-cnto3-fechamento-de-lojas-fisicas\/#breadcrumb"},"inLanguage":"pt-BR","potentialAction":[{"@type":"ReadAction","target":["https:\/\/www.suno.com.br\/noticias\/centauro-cnto3-fechamento-de-lojas-fisicas\/"]}]},{"@type":"ImageObject","inLanguage":"pt-BR","@id":"https:\/\/www.suno.com.br\/noticias\/centauro-cnto3-fechamento-de-lojas-fisicas\/#primaryimage","url":"https:\/\/files.sunoresearch.com.br\/n\/uploads\/2019\/04\/d61daffe-loja-centauro-fachada-vitrine-jpg.webp","contentUrl":"https:\/\/files.sunoresearch.com.br\/n\/uploads\/2019\/04\/d61daffe-loja-centauro-fachada-vitrine-jpg.webp","width":1555,"height":1037,"caption":"Centauro. Foto: Divulga\u00e7\u00e3o"},{"@type":"BreadcrumbList","@id":"https:\/\/www.suno.com.br\/noticias\/centauro-cnto3-fechamento-de-lojas-fisicas\/#breadcrumb","itemListElement":[{"@type":"ListItem","position":1,"name":"Not\u00edcias","item":"https:\/\/www.suno.com.br\/noticias\/"},{"@type":"ListItem","position":2,"name":"Neg\u00f3cios","item":"https:\/\/www.suno.com.br\/noticias\/negocios\/"},{"@type":"ListItem","position":3,"name":"Centauro (CNTO3) anuncia o fechamento de todas as lojas f\u00edsicas"}]},{"@type":"WebSite","@id":"https:\/\/www.suno.com.br\/noticias\/#website","url":"https:\/\/www.suno.com.br\/noticias\/","name":"Suno Not\u00edcias","description":"Seu portal de informa\u00e7\u00e3o sobre o mundo dos investimentos","publisher":{"@id":"https:\/\/www.suno.com.br\/noticias\/#organization"},"potentialAction":[{"@type":"SearchAction","target":{"@type":"EntryPoint","urlTemplate":"https:\/\/www.suno.com.br\/noticias\/?s={search_term_string}"},"query-input":{"@type":"PropertyValueSpecification","valueRequired":true,"valueName":"search_term_string"}}],"inLanguage":"pt-BR"},{"@type":"Organization","@id":"https:\/\/www.suno.com.br\/noticias\/#organization","name":"Suno Not\u00edcias","url":"https:\/\/www.suno.com.br\/noticias\/","logo":{"@type":"ImageObject","inLanguage":"pt-BR","@id":"https:\/\/www.suno.com.br\/noticias\/#\/schema\/logo\/image\/","url":"https:\/\/files.sunoresearch.com.br\/n\/uploads\/2021\/09\/suno-logo.png","contentUrl":"https:\/\/files.sunoresearch.com.br\/n\/uploads\/2021\/09\/suno-logo.png","width":180,"height":180,"caption":"Suno Not\u00edcias"},"image":{"@id":"https:\/\/www.suno.com.br\/noticias\/#\/schema\/logo\/image\/"},"sameAs":["https:\/\/facebook.com\/sunoresearch","https:\/\/x.com\/sunoresearch","https:\/\/www.instagram.com\/suno","https:\/\/www.linkedin.com\/company\/suno-research\/","https:\/\/www.youtube.com\/c\/sunoresearch"]},{"@type":"Person","@id":"https:\/\/www.suno.com.br\/noticias\/#\/schema\/person\/918d79de1f0281f01599b93f9ea6e23f","name":"Jader Lazarini","image":{"@type":"ImageObject","inLanguage":"pt-BR","@id":"https:\/\/www.suno.com.br\/noticias\/#\/schema\/person\/image\/","url":"https:\/\/secure.gravatar.com\/avatar\/3c1ad8caa51589841baeb923fcddea97?s=96&r=g","contentUrl":"https:\/\/secure.gravatar.com\/avatar\/3c1ad8caa51589841baeb923fcddea97?s=96&r=g","caption":"Jader Lazarini"},"description":"Jader Lazarini escreve sobre investimentos, finan\u00e7as, economia e neg\u00f3cios. \u00c9 bacharel em Rela\u00e7\u00f5es Internacionais e analista CNPI (2619).","url":"https:\/\/www.suno.com.br\/noticias\/author\/jader-lazarini\/"}]}},"default_loop_html":"<div class=\"cardsPage__listCard__boxs\"><div class=\"cardsPage__listCard__boxs__img\"><a href=\"https:\/\/www.suno.com.br\/noticias\/centauro-cnto3-fechamento-de-lojas-fisicas\/\"><img class=\"mask\" src=\"https:\/\/www.suno.com.br\/noticias\/wp-content\/themes\/suno\/resources\/images\/spotlight\/spotlight1img\/bg-mask.png\" alt=\"Image Mask\"\/><img src=\"https:\/\/files.sunoresearch.com.br\/n\/uploads\/2019\/04\/d61daffe-loja-centauro-fachada-vitrine-400x200.webp\" alt=\"Centauro (CNTO3) anuncia o fechamento de todas as lojas f\u00edsicas\"\/><\/a><span class=\"spotlightCategory\"><a href=\"https:\/\/www.suno.com.br\/noticias\/negocios\/\">Neg\u00f3cios<\/a><\/span><\/div><div class=\"cardsPage__listCard__boxs__content\"><a href=\"https:\/\/www.suno.com.br\/noticias\/centauro-cnto3-fechamento-de-lojas-fisicas\/\"><h2 class=\"content__title\">Centauro (CNTO3) anuncia o fechamento de todas as lojas f\u00edsicas<\/h2><\/a><div class=\"newsContent__article__meta\"><div class=\"newsContent__article__meta__authorBox\"><a href=\"https:\/\/www.suno.com.br\/noticias\/author\/jader-lazarini\/\" class=\"authorBox__avatar noMobi\"><img src=\"https:\/\/files.sunoresearch.com.br\/n\/uploads\/2021\/01\/178e6598-foto-perfil-2-150x150.jpg\" alt=\"Jader Lazarini\"><\/a><div class=\"authorBox__name\"><span>por\n\t\t\t<a href=\"https:\/\/www.suno.com.br\/noticias\/author\/jader-lazarini\/\"><span itemprop=\"author\">Jader Lazarini<\/span><\/a><\/span><time datetime=\"2020-03-25T07:34:57-03:00\" itemprop=\"datePublished\">25\/03\/2020 07:34<\/time><\/div><\/div><\/div><\/div><\/div>","single_layout":"posts","amp_enabled":true,"_links":{"self":[{"href":"https:\/\/www.suno.com.br\/noticias\/wp-json\/wp\/v2\/posts\/58628"}],"collection":[{"href":"https:\/\/www.suno.com.br\/noticias\/wp-json\/wp\/v2\/posts"}],"about":[{"href":"https:\/\/www.suno.com.br\/noticias\/wp-json\/wp\/v2\/types\/post"}],"author":[{"embeddable":true,"href":"https:\/\/www.suno.com.br\/noticias\/wp-json\/wp\/v2\/users\/24"}],"replies":[{"embeddable":true,"href":"https:\/\/www.suno.com.br\/noticias\/wp-json\/wp\/v2\/comments?post=58628"}],"version-history":[{"count":0,"href":"https:\/\/www.suno.com.br\/noticias\/wp-json\/wp\/v2\/posts\/58628\/revisions"}],"wp:featuredmedia":[{"embeddable":true,"href":"https:\/\/www.suno.com.br\/noticias\/wp-json\/wp\/v2\/media\/20461"}],"wp:attachment":[{"href":"https:\/\/www.suno.com.br\/noticias\/wp-json\/wp\/v2\/media?parent=58628"}],"wp:term":[{"taxonomy":"category","embeddable":true,"href":"https:\/\/www.suno.com.br\/noticias\/wp-json\/wp\/v2\/categories?post=58628"},{"taxonomy":"post_tag","embeddable":true,"href":"https:\/\/www.suno.com.br\/noticias\/wp-json\/wp\/v2\/tags?post=58628"},{"taxonomy":"suno_strategy","embeddable":true,"href":"https:\/\/www.suno.com.br\/noticias\/wp-json\/wp\/v2\/suno_strategy?post=58628"}],"curies":[{"name":"wp","href":"https:\/\/api.w.org\/{rel}","templated":true}]}}