{"id":58623,"date":"2020-03-25T16:00:39","date_gmt":"2020-03-25T19:00:39","guid":{"rendered":"https:\/\/www.suno.com.br\/noticias\/?p=58623"},"modified":"2020-03-26T15:54:54","modified_gmt":"2020-03-26T18:54:54","slug":"mandetta-nao-intencao-sair","status":"publish","type":"post","link":"https:\/\/www.suno.com.br\/noticias\/mandetta-nao-intencao-sair\/","title":{"rendered":"Mandetta afirma que n\u00e3o tem inten\u00e7\u00e3o de deixar o minist\u00e9rio da Sa\u00fade"},"content":{"rendered":"<p>O ministro da Sa\u00fade, <strong>Luiz Henrique Mandetta,<\/strong> afirmou nesta quarta-feira (25) que n\u00e3o pretende entregar o cargo. A declara\u00e7\u00e3o aconteceu ap\u00f3s o ministro ser desautorizado publicamente pelo presidente Jair Bolsonaro.<\/p>\t<div class=\"wrapper-featured-image\">\n\t\t<figure class=\"spotlightImg\">\n\n\t\t\t<picture>\n\t\t\t\t<source media=\"(max-width: 768px)\" srcset=\"https:\/\/files.sunoresearch.com.br\/n\/uploads\/2020\/03\/7c15356c-luiz_henrique_mandetta_e_jair_bolsonaro-400x200.webp\">\n\t\t\t\t<img loading=\"lazy\" decoding=\"async\" class=\"newsContent__article__imgCapa lazyloadDisabled newsContent__article__imgCapa--noCaption\" src=\"https:\/\/files.sunoresearch.com.br\/n\/uploads\/2020\/03\/7c15356c-luiz_henrique_mandetta_e_jair_bolsonaro-800x450.webp\" width=\"800\" height=\"450\" alt=\"Mandetta afirma que n\u00e3o tem inten\u00e7\u00e3o de deixar o minist\u00e9rio da Sa\u00fade\" fetchpriority=high \/>\n\t\t\t<\/picture>\n\n\t\t\t<figcaption class=\"wp-caption-text wp-caption-text--hide\">Mandetta afirma que n\u00e3o tem inten\u00e7\u00e3o de deixar o minist\u00e9rio da Sa\u00fade\nFoto: Marcos Corr\u00eaa\/PR<\/figcaption>\n\t\t<\/figure>\n\t<\/div>\n\n\n\n<p>A possibilidade da renuncia do ministro <strong>Mandetta<\/strong> surgiu ap\u00f3s, na noite da \u00faltima ter\u00e7a-feira (24), o presidente da Rep\u00fablica fazer um pronunciamento em rede nacional sobre os impactos do novo <strong>coronav\u00edrus<\/strong> (covid-19) no Brasil.<\/p>\n<p>Em sua fala, Bolsonaro defendeu o fim das medidas de isolamento social e voltou a chamar a doen\u00e7a de &#8220;resfriadinho&#8221;, indo contra as orienta\u00e7\u00f5es do minist\u00e9rio da Sa\u00fade. No entanto, de acordo com os auxiliares, a chance do ministro renunciar ao cargo &#8220;\u00e9 zero&#8221;.<\/p>\n<p>O discurso foi feito sem consulta da equipe ministerial e contestou as sugest\u00f5es do minist\u00e9rio da Sa\u00fade para permanecer em casa, a fim de reduzir a curva de cont\u00e1gio do v\u00edrus.<\/p>\n<p>A fala de Bolsonaro teve repercuss\u00e3o negativa entre os t\u00e9cnicos de sa\u00fade, principalmente, por se posicionar contra as orienta\u00e7\u00f5es da <strong>Organiza\u00e7\u00e3o Mundial da Sa\u00fade (OMS)<\/strong> e ir na contram\u00e3o das medidas tomadas em outros pa\u00edses frente a crise.<\/p>\n<p>O presidente substituto da Anvisa, Antonio Barra Torres, \u00e9 apontado como poss\u00edvel sucessor de Mandetta. O diretor \u00e9 amigo pessoal de Bolsonaro e atua como conselheiro na pandemia do coronav\u00edrus.<\/p>\n<p>Barra Torres \u00e9 mant\u00e9m posi\u00e7\u00f5es mais alinhadas ao de Bolsonaro. O diretor da Anvisa esteve nas manifesta\u00e7\u00f5es do dia 15, quando o presidente cumprimentou os manifestantes, mesmo contra as orienta\u00e7\u00f5es frente ao coronav\u00edrus.<\/p>\n<p>Entretanto, o ministro da Sa\u00fade comunicou a assessores e t\u00e9cnicos de sua equipe mais pr\u00f3xima que n\u00e3o pretende deixar o cargo \u00e0 disposi\u00e7\u00e3o. As informa\u00e7\u00f5es s\u00e3o do jornal Valor Econ\u00f4mico.<\/p>\n<h2>Repercuss\u00e3o da crise do ministro Mandetta<\/h2>\n<p>Mesmo ap\u00f3s a desaprova\u00e7\u00e3o do presidente da Rep\u00fablica, os integrantes do governo avaliam positivamente a postura do ministro da Sa\u00fade. Para os membros diretamente envolvidos no combate \u00e0 pandemia, Mandetta tem tido uma atua\u00e7\u00e3o &#8220;irrepreens\u00edvel&#8221; e virou s\u00edmbolo do governo federal. Por esse raz\u00e3o substitu\u00ed-lo representaria um &#8220;desastre&#8221;.<\/p>\n<p>Na mesma linha, o l\u00edder do governo no Congresso senador Eduardo Gomes (MDB-TO) procurou relativizar o discurso de presidente. O congressista defendeu fazer a diferen\u00e7a entre posi\u00e7\u00f5es amb\u00edguas de Bolsonaro.<\/p>\n\t<p>\n\t\t<a href=\"https:\/\/lp2.suno.com.br\/pv\/bolsa-para-iniciantes?utm_campaign=_SNC757A2733_rs.mpr26---meu-primeiro-rendimento---venda---not\u00edcias&#038;utm_source=suno-not\u00edcias&#038;utm_medium=banner.noticias\" target=\"_blank\" data-element=\"shortcode-suno-banner\" title=\"Banner SUNO, clique e saiba mais\">\n\t\t\t<picture>\n\t\t\t\t<source media=\"(max-width: 500px)\" srcset=\"https:\/\/files.sunoresearch.com.br\/n\/uploads\/2026\/04\/400x300-Banner-Materias-01-png.webp\">\n\t\t\t\t<img class=\"newsContent__article__imgCapa newsContent__article__imgCapa--banner\"\n\t\t\t\t\tsrc=\"https:\/\/files.sunoresearch.com.br\/n\/uploads\/2026\/04\/1420x240-Banner-Materias-01-png.webp\"\n\t\t\t\t\tdata-promo-id=\"647482\"\t\t\t\t\t\t\t\t\t\twidth='1420' height='240'\t\t\t\t\talt=\"https:\/\/files.sunoresearch.com.br\/n\/uploads\/2026\/04\/1420x240-Banner-Materias-01-png.webp\"\n\t\t\t\t>\n\t\t\t<\/picture>\n\t\t<\/a>\n\t<\/p>\n\n\n<p>De acordo com Eduardo Gomes, as declara\u00e7\u00f5es do presidente se referem ao &#8220;m\u00e9dio prazo&#8221;, enquanto as orienta\u00e7\u00f5es do ministro Mandetta abordam o combate \u00e0 doen\u00e7a &#8220;minuto a minuto&#8221;.<\/p>\n<p>O deputado federal F\u00e1bio Trad (PSD-MS), primo do ministro, fez uma publica\u00e7\u00e3o no Twitter defendendo a posi\u00e7\u00e3o de Mandetta e que se abra m\u00e3o do minist\u00e9rio, se esse for o custo de abandonar &#8220;a ci\u00eancia&#8221;.<\/p>\n<p><strong>&#8220;Mandetta,<\/strong> eu o conhe\u00e7o a mais de 40 anos. Permita-me um conselho de quem tem seu sangue nas veias: a dignidade de um homem est\u00e1 acima de cargos. N\u00e3o fuja do juramento que fez na sua formatura. Fique com a ci\u00eancia. Se isto lhe custar o minist\u00e9rio, paci\u00eancia. Sangue n\u00e3o vira \u00e1gua!&#8221;.<\/p>\n\n","protected":false},"excerpt":{"rendered":"<p>O ministro da Sa\u00fade, Luiz Henrique Mandetta, afirmou nesta quarta-feira (25) que n\u00e3o pretende entregar o cargo. A declara\u00e7\u00e3o aconteceu ap\u00f3s o ministro ser desautorizado publicamente pelo presidente Jair Bolsonaro. Mandetta afirma que n\u00e3o tem inten\u00e7\u00e3o de deixar o minist\u00e9rio da Sa\u00fade Foto: Marcos Corr\u00eaa\/PR A possibilidade da renuncia do ministro Mandetta surgiu ap\u00f3s, na [&hellip;]<\/p>\n","protected":false},"author":35,"featured_media":58782,"comment_status":"closed","ping_status":"closed","sticky":false,"template":"","format":"standard","meta":[],"categories":[61],"tags":[719,11518,2735],"suno_strategy":[],"class_list":["post-58623","post","type-post","status-publish","format-standard","has-post-thumbnail","hentry","category-politica","tag-jair-bolsonaro","tag-luiz-henrique-mandetta","tag-ministerio-da-saude"],"yoast_head":"<!-- This site is optimized with the Yoast SEO plugin v24.4 - https:\/\/yoast.com\/wordpress\/plugins\/seo\/ -->\n<title>Mandetta afirma que n\u00e3o tem inten\u00e7\u00e3o de deixar o minist\u00e9rio da Sa\u00fade<\/title>\n<meta name=\"description\" content=\"Mandetta, afirmou que n\u00e3o pretende entregar o cargo, ap\u00f3s ser desautorizado publicamente por Bolsonaro. Clique para saber mais\" \/>\n<meta name=\"robots\" content=\"index, follow, max-snippet:-1, max-image-preview:large, max-video-preview:-1\" \/>\n<link rel=\"canonical\" href=\"https:\/\/www.suno.com.br\/noticias\/mandetta-nao-intencao-sair\/\" \/>\n<meta property=\"og:locale\" content=\"pt_BR\" \/>\n<meta property=\"og:type\" content=\"article\" \/>\n<meta property=\"og:title\" content=\"Mandetta afirma que n\u00e3o tem inten\u00e7\u00e3o de deixar o minist\u00e9rio da Sa\u00fade\" \/>\n<meta property=\"og:description\" content=\"Mandetta, afirmou que n\u00e3o pretende entregar o cargo, ap\u00f3s ser desautorizado publicamente por Bolsonaro. Clique para saber mais\" \/>\n<meta property=\"og:url\" content=\"https:\/\/www.suno.com.br\/noticias\/mandetta-nao-intencao-sair\/\" \/>\n<meta property=\"og:site_name\" content=\"Suno Not\u00edcias\" \/>\n<meta property=\"article:publisher\" content=\"https:\/\/facebook.com\/sunoresearch\" \/>\n<meta property=\"og:image\" content=\"https:\/\/files.sunoresearch.com.br\/n\/uploads\/2020\/03\/7c15356c-luiz_henrique_mandetta_e_jair_bolsonaro.jpg\" \/>\n\t<meta property=\"og:image:width\" content=\"3506\" \/>\n\t<meta property=\"og:image:height\" content=\"2337\" \/>\n\t<meta property=\"og:image:type\" content=\"image\/jpeg\" \/>\n<meta name=\"author\" content=\"Arthur Guimar\u00e3es\" \/>\n<meta name=\"twitter:card\" content=\"summary_large_image\" \/>\n<meta name=\"twitter:creator\" content=\"@sunoresearch\" \/>\n<meta name=\"twitter:site\" content=\"@sunoresearch\" \/>\n<meta name=\"twitter:label1\" content=\"Escrito por\" \/>\n\t<meta name=\"twitter:data1\" content=\"Arthur Guimar\u00e3es\" \/>\n\t<meta name=\"twitter:label2\" content=\"Est. tempo de leitura\" \/>\n\t<meta name=\"twitter:data2\" content=\"3 minutos\" \/>\n<script type=\"application\/ld+json\" class=\"yoast-schema-graph\">{\"@context\":\"https:\/\/schema.org\",\"@graph\":[{\"@type\":\"NewsArticle\",\"@id\":\"https:\/\/www.suno.com.br\/noticias\/mandetta-nao-intencao-sair\/#article\",\"isPartOf\":{\"@id\":\"https:\/\/www.suno.com.br\/noticias\/mandetta-nao-intencao-sair\/\"},\"author\":{\"name\":\"Arthur Guimar\u00e3es\",\"@id\":\"https:\/\/www.suno.com.br\/noticias\/#\/schema\/person\/053a750a709a263919a20f976caae91c\"},\"headline\":\"Mandetta afirma que n\u00e3o tem inten\u00e7\u00e3o de deixar o minist\u00e9rio da Sa\u00fade\",\"datePublished\":\"2020-03-25T19:00:39+00:00\",\"dateModified\":\"2020-03-26T18:54:54+00:00\",\"mainEntityOfPage\":{\"@id\":\"https:\/\/www.suno.com.br\/noticias\/mandetta-nao-intencao-sair\/\"},\"wordCount\":555,\"publisher\":{\"@id\":\"https:\/\/www.suno.com.br\/noticias\/#organization\"},\"image\":{\"@id\":\"https:\/\/www.suno.com.br\/noticias\/mandetta-nao-intencao-sair\/#primaryimage\"},\"thumbnailUrl\":\"https:\/\/files.sunoresearch.com.br\/n\/uploads\/2020\/03\/7c15356c-luiz_henrique_mandetta_e_jair_bolsonaro-scaled.webp\",\"keywords\":[\"Jair Bolsonaro\",\"Luiz Henrique Mandetta\",\"Minist\u00e9rio da Sa\u00fade\"],\"articleSection\":[\"Pol\u00edtica\"],\"inLanguage\":\"pt-BR\"},{\"@type\":\"WebPage\",\"@id\":\"https:\/\/www.suno.com.br\/noticias\/mandetta-nao-intencao-sair\/\",\"url\":\"https:\/\/www.suno.com.br\/noticias\/mandetta-nao-intencao-sair\/\",\"name\":\"Mandetta afirma que n\u00e3o tem inten\u00e7\u00e3o de deixar o minist\u00e9rio da Sa\u00fade\",\"isPartOf\":{\"@id\":\"https:\/\/www.suno.com.br\/noticias\/#website\"},\"primaryImageOfPage\":{\"@id\":\"https:\/\/www.suno.com.br\/noticias\/mandetta-nao-intencao-sair\/#primaryimage\"},\"image\":{\"@id\":\"https:\/\/www.suno.com.br\/noticias\/mandetta-nao-intencao-sair\/#primaryimage\"},\"thumbnailUrl\":\"https:\/\/files.sunoresearch.com.br\/n\/uploads\/2020\/03\/7c15356c-luiz_henrique_mandetta_e_jair_bolsonaro-scaled.webp\",\"datePublished\":\"2020-03-25T19:00:39+00:00\",\"dateModified\":\"2020-03-26T18:54:54+00:00\",\"description\":\"Mandetta, afirmou que n\u00e3o pretende entregar o cargo, ap\u00f3s ser desautorizado publicamente por Bolsonaro. Clique para saber mais\",\"breadcrumb\":{\"@id\":\"https:\/\/www.suno.com.br\/noticias\/mandetta-nao-intencao-sair\/#breadcrumb\"},\"inLanguage\":\"pt-BR\",\"potentialAction\":[{\"@type\":\"ReadAction\",\"target\":[\"https:\/\/www.suno.com.br\/noticias\/mandetta-nao-intencao-sair\/\"]}]},{\"@type\":\"ImageObject\",\"inLanguage\":\"pt-BR\",\"@id\":\"https:\/\/www.suno.com.br\/noticias\/mandetta-nao-intencao-sair\/#primaryimage\",\"url\":\"https:\/\/files.sunoresearch.com.br\/n\/uploads\/2020\/03\/7c15356c-luiz_henrique_mandetta_e_jair_bolsonaro-scaled.webp\",\"contentUrl\":\"https:\/\/files.sunoresearch.com.br\/n\/uploads\/2020\/03\/7c15356c-luiz_henrique_mandetta_e_jair_bolsonaro-scaled.webp\",\"width\":2560,\"height\":1706,\"caption\":\"Mandetta afirma que n\u00e3o tem inten\u00e7\u00e3o de deixar o minist\u00e9rio da Sa\u00fade Foto: Marcos Corr\u00eaa\/PR\"},{\"@type\":\"BreadcrumbList\",\"@id\":\"https:\/\/www.suno.com.br\/noticias\/mandetta-nao-intencao-sair\/#breadcrumb\",\"itemListElement\":[{\"@type\":\"ListItem\",\"position\":1,\"name\":\"Not\u00edcias\",\"item\":\"https:\/\/www.suno.com.br\/noticias\/\"},{\"@type\":\"ListItem\",\"position\":2,\"name\":\"Pol\u00edtica\",\"item\":\"https:\/\/www.suno.com.br\/noticias\/politica\/\"},{\"@type\":\"ListItem\",\"position\":3,\"name\":\"Mandetta afirma que n\u00e3o tem inten\u00e7\u00e3o de deixar o minist\u00e9rio da Sa\u00fade\"}]},{\"@type\":\"WebSite\",\"@id\":\"https:\/\/www.suno.com.br\/noticias\/#website\",\"url\":\"https:\/\/www.suno.com.br\/noticias\/\",\"name\":\"Suno Not\u00edcias\",\"description\":\"Seu portal de informa\u00e7\u00e3o sobre o mundo dos investimentos\",\"publisher\":{\"@id\":\"https:\/\/www.suno.com.br\/noticias\/#organization\"},\"potentialAction\":[{\"@type\":\"SearchAction\",\"target\":{\"@type\":\"EntryPoint\",\"urlTemplate\":\"https:\/\/www.suno.com.br\/noticias\/?s={search_term_string}\"},\"query-input\":{\"@type\":\"PropertyValueSpecification\",\"valueRequired\":true,\"valueName\":\"search_term_string\"}}],\"inLanguage\":\"pt-BR\"},{\"@type\":\"Organization\",\"@id\":\"https:\/\/www.suno.com.br\/noticias\/#organization\",\"name\":\"Suno Not\u00edcias\",\"url\":\"https:\/\/www.suno.com.br\/noticias\/\",\"logo\":{\"@type\":\"ImageObject\",\"inLanguage\":\"pt-BR\",\"@id\":\"https:\/\/www.suno.com.br\/noticias\/#\/schema\/logo\/image\/\",\"url\":\"https:\/\/files.sunoresearch.com.br\/n\/uploads\/2021\/09\/suno-logo.png\",\"contentUrl\":\"https:\/\/files.sunoresearch.com.br\/n\/uploads\/2021\/09\/suno-logo.png\",\"width\":180,\"height\":180,\"caption\":\"Suno Not\u00edcias\"},\"image\":{\"@id\":\"https:\/\/www.suno.com.br\/noticias\/#\/schema\/logo\/image\/\"},\"sameAs\":[\"https:\/\/facebook.com\/sunoresearch\",\"https:\/\/x.com\/sunoresearch\",\"https:\/\/www.instagram.com\/suno\",\"https:\/\/www.linkedin.com\/company\/suno-research\/\",\"https:\/\/www.youtube.com\/c\/sunoresearch\"]},{\"@type\":\"Person\",\"@id\":\"https:\/\/www.suno.com.br\/noticias\/#\/schema\/person\/053a750a709a263919a20f976caae91c\",\"name\":\"Arthur Guimar\u00e3es\",\"image\":{\"@type\":\"ImageObject\",\"inLanguage\":\"pt-BR\",\"@id\":\"https:\/\/www.suno.com.br\/noticias\/#\/schema\/person\/image\/\",\"url\":\"https:\/\/secure.gravatar.com\/avatar\/1affd86a11209ae09eb6dd3bcad3e96c?s=96&r=g\",\"contentUrl\":\"https:\/\/secure.gravatar.com\/avatar\/1affd86a11209ae09eb6dd3bcad3e96c?s=96&r=g\",\"caption\":\"Arthur Guimar\u00e3es\"},\"description\":\"Arthur Guimar\u00e3es escreve sobre pol\u00edtica, economia e neg\u00f3cios para o portal de not\u00edcias da Suno Research. Atualmente, \u00e9 estudante de jornalismo pela Faculdade C\u00e1sper L\u00edbero.\",\"url\":\"https:\/\/www.suno.com.br\/noticias\/author\/arthur-guimaraes\/\"}]}<\/script>\n<!-- \/ Yoast SEO plugin. -->","yoast_head_json":{"title":"Mandetta afirma que n\u00e3o tem inten\u00e7\u00e3o de deixar o minist\u00e9rio da Sa\u00fade","description":"Mandetta, afirmou que n\u00e3o pretende entregar o cargo, ap\u00f3s ser desautorizado publicamente por Bolsonaro. Clique para saber mais","robots":{"index":"index","follow":"follow","max-snippet":"max-snippet:-1","max-image-preview":"max-image-preview:large","max-video-preview":"max-video-preview:-1"},"canonical":"https:\/\/www.suno.com.br\/noticias\/mandetta-nao-intencao-sair\/","og_locale":"pt_BR","og_type":"article","og_title":"Mandetta afirma que n\u00e3o tem inten\u00e7\u00e3o de deixar o minist\u00e9rio da Sa\u00fade","og_description":"Mandetta, afirmou que n\u00e3o pretende entregar o cargo, ap\u00f3s ser desautorizado publicamente por Bolsonaro. Clique para saber mais","og_url":"https:\/\/www.suno.com.br\/noticias\/mandetta-nao-intencao-sair\/","og_site_name":"Suno Not\u00edcias","article_publisher":"https:\/\/facebook.com\/sunoresearch","og_image":[{"width":3506,"height":2337,"url":"https:\/\/files.sunoresearch.com.br\/n\/uploads\/2020\/03\/7c15356c-luiz_henrique_mandetta_e_jair_bolsonaro.jpg","type":"image\/jpeg"}],"author":"Arthur Guimar\u00e3es","twitter_card":"summary_large_image","twitter_creator":"@sunoresearch","twitter_site":"@sunoresearch","twitter_misc":{"Escrito por":"Arthur Guimar\u00e3es","Est. tempo de leitura":"3 minutos"},"schema":{"@context":"https:\/\/schema.org","@graph":[{"@type":"NewsArticle","@id":"https:\/\/www.suno.com.br\/noticias\/mandetta-nao-intencao-sair\/#article","isPartOf":{"@id":"https:\/\/www.suno.com.br\/noticias\/mandetta-nao-intencao-sair\/"},"author":{"name":"Arthur Guimar\u00e3es","@id":"https:\/\/www.suno.com.br\/noticias\/#\/schema\/person\/053a750a709a263919a20f976caae91c"},"headline":"Mandetta afirma que n\u00e3o tem inten\u00e7\u00e3o de deixar o minist\u00e9rio da Sa\u00fade","datePublished":"2020-03-25T19:00:39+00:00","dateModified":"2020-03-26T18:54:54+00:00","mainEntityOfPage":{"@id":"https:\/\/www.suno.com.br\/noticias\/mandetta-nao-intencao-sair\/"},"wordCount":555,"publisher":{"@id":"https:\/\/www.suno.com.br\/noticias\/#organization"},"image":{"@id":"https:\/\/www.suno.com.br\/noticias\/mandetta-nao-intencao-sair\/#primaryimage"},"thumbnailUrl":"https:\/\/files.sunoresearch.com.br\/n\/uploads\/2020\/03\/7c15356c-luiz_henrique_mandetta_e_jair_bolsonaro-scaled.webp","keywords":["Jair Bolsonaro","Luiz Henrique Mandetta","Minist\u00e9rio da Sa\u00fade"],"articleSection":["Pol\u00edtica"],"inLanguage":"pt-BR"},{"@type":"WebPage","@id":"https:\/\/www.suno.com.br\/noticias\/mandetta-nao-intencao-sair\/","url":"https:\/\/www.suno.com.br\/noticias\/mandetta-nao-intencao-sair\/","name":"Mandetta afirma que n\u00e3o tem inten\u00e7\u00e3o de deixar o minist\u00e9rio da Sa\u00fade","isPartOf":{"@id":"https:\/\/www.suno.com.br\/noticias\/#website"},"primaryImageOfPage":{"@id":"https:\/\/www.suno.com.br\/noticias\/mandetta-nao-intencao-sair\/#primaryimage"},"image":{"@id":"https:\/\/www.suno.com.br\/noticias\/mandetta-nao-intencao-sair\/#primaryimage"},"thumbnailUrl":"https:\/\/files.sunoresearch.com.br\/n\/uploads\/2020\/03\/7c15356c-luiz_henrique_mandetta_e_jair_bolsonaro-scaled.webp","datePublished":"2020-03-25T19:00:39+00:00","dateModified":"2020-03-26T18:54:54+00:00","description":"Mandetta, afirmou que n\u00e3o pretende entregar o cargo, ap\u00f3s ser desautorizado publicamente por Bolsonaro. Clique para saber mais","breadcrumb":{"@id":"https:\/\/www.suno.com.br\/noticias\/mandetta-nao-intencao-sair\/#breadcrumb"},"inLanguage":"pt-BR","potentialAction":[{"@type":"ReadAction","target":["https:\/\/www.suno.com.br\/noticias\/mandetta-nao-intencao-sair\/"]}]},{"@type":"ImageObject","inLanguage":"pt-BR","@id":"https:\/\/www.suno.com.br\/noticias\/mandetta-nao-intencao-sair\/#primaryimage","url":"https:\/\/files.sunoresearch.com.br\/n\/uploads\/2020\/03\/7c15356c-luiz_henrique_mandetta_e_jair_bolsonaro-scaled.webp","contentUrl":"https:\/\/files.sunoresearch.com.br\/n\/uploads\/2020\/03\/7c15356c-luiz_henrique_mandetta_e_jair_bolsonaro-scaled.webp","width":2560,"height":1706,"caption":"Mandetta afirma que n\u00e3o tem inten\u00e7\u00e3o de deixar o minist\u00e9rio da Sa\u00fade Foto: Marcos Corr\u00eaa\/PR"},{"@type":"BreadcrumbList","@id":"https:\/\/www.suno.com.br\/noticias\/mandetta-nao-intencao-sair\/#breadcrumb","itemListElement":[{"@type":"ListItem","position":1,"name":"Not\u00edcias","item":"https:\/\/www.suno.com.br\/noticias\/"},{"@type":"ListItem","position":2,"name":"Pol\u00edtica","item":"https:\/\/www.suno.com.br\/noticias\/politica\/"},{"@type":"ListItem","position":3,"name":"Mandetta afirma que n\u00e3o tem inten\u00e7\u00e3o de deixar o minist\u00e9rio da Sa\u00fade"}]},{"@type":"WebSite","@id":"https:\/\/www.suno.com.br\/noticias\/#website","url":"https:\/\/www.suno.com.br\/noticias\/","name":"Suno Not\u00edcias","description":"Seu portal de informa\u00e7\u00e3o sobre o mundo dos investimentos","publisher":{"@id":"https:\/\/www.suno.com.br\/noticias\/#organization"},"potentialAction":[{"@type":"SearchAction","target":{"@type":"EntryPoint","urlTemplate":"https:\/\/www.suno.com.br\/noticias\/?s={search_term_string}"},"query-input":{"@type":"PropertyValueSpecification","valueRequired":true,"valueName":"search_term_string"}}],"inLanguage":"pt-BR"},{"@type":"Organization","@id":"https:\/\/www.suno.com.br\/noticias\/#organization","name":"Suno Not\u00edcias","url":"https:\/\/www.suno.com.br\/noticias\/","logo":{"@type":"ImageObject","inLanguage":"pt-BR","@id":"https:\/\/www.suno.com.br\/noticias\/#\/schema\/logo\/image\/","url":"https:\/\/files.sunoresearch.com.br\/n\/uploads\/2021\/09\/suno-logo.png","contentUrl":"https:\/\/files.sunoresearch.com.br\/n\/uploads\/2021\/09\/suno-logo.png","width":180,"height":180,"caption":"Suno Not\u00edcias"},"image":{"@id":"https:\/\/www.suno.com.br\/noticias\/#\/schema\/logo\/image\/"},"sameAs":["https:\/\/facebook.com\/sunoresearch","https:\/\/x.com\/sunoresearch","https:\/\/www.instagram.com\/suno","https:\/\/www.linkedin.com\/company\/suno-research\/","https:\/\/www.youtube.com\/c\/sunoresearch"]},{"@type":"Person","@id":"https:\/\/www.suno.com.br\/noticias\/#\/schema\/person\/053a750a709a263919a20f976caae91c","name":"Arthur Guimar\u00e3es","image":{"@type":"ImageObject","inLanguage":"pt-BR","@id":"https:\/\/www.suno.com.br\/noticias\/#\/schema\/person\/image\/","url":"https:\/\/secure.gravatar.com\/avatar\/1affd86a11209ae09eb6dd3bcad3e96c?s=96&r=g","contentUrl":"https:\/\/secure.gravatar.com\/avatar\/1affd86a11209ae09eb6dd3bcad3e96c?s=96&r=g","caption":"Arthur Guimar\u00e3es"},"description":"Arthur Guimar\u00e3es escreve sobre pol\u00edtica, economia e neg\u00f3cios para o portal de not\u00edcias da Suno Research. Atualmente, \u00e9 estudante de jornalismo pela Faculdade C\u00e1sper L\u00edbero.","url":"https:\/\/www.suno.com.br\/noticias\/author\/arthur-guimaraes\/"}]}},"default_loop_html":"<div class=\"cardsPage__listCard__boxs\"><div class=\"cardsPage__listCard__boxs__img\"><a href=\"https:\/\/www.suno.com.br\/noticias\/mandetta-nao-intencao-sair\/\"><img class=\"mask\" src=\"https:\/\/www.suno.com.br\/noticias\/wp-content\/themes\/suno\/resources\/images\/spotlight\/spotlight1img\/bg-mask.png\" alt=\"Image Mask\"\/><img src=\"https:\/\/files.sunoresearch.com.br\/n\/uploads\/2020\/03\/7c15356c-luiz_henrique_mandetta_e_jair_bolsonaro-400x200.webp\" alt=\"Mandetta afirma que n\u00e3o tem inten\u00e7\u00e3o de deixar o minist\u00e9rio da Sa\u00fade\"\/><\/a><span class=\"spotlightCategory\"><a href=\"https:\/\/www.suno.com.br\/noticias\/politica\/\">Pol\u00edtica<\/a><\/span><\/div><div class=\"cardsPage__listCard__boxs__content\"><a href=\"https:\/\/www.suno.com.br\/noticias\/mandetta-nao-intencao-sair\/\"><h2 class=\"content__title\">Mandetta afirma que n\u00e3o tem inten\u00e7\u00e3o de deixar o minist\u00e9rio da Sa\u00fade<\/h2><\/a><div class=\"newsContent__article__meta\"><div class=\"newsContent__article__meta__authorBox\"><a href=\"https:\/\/www.suno.com.br\/noticias\/author\/arthur-guimaraes\/\" class=\"authorBox__avatar noMobi\"><img src=\"https:\/\/files.sunoresearch.com.br\/n\/uploads\/2020\/02\/dfb40897-eu-150x150.webp\" alt=\"Arthur Guimar\u00e3es\"><\/a><div class=\"authorBox__name\"><span>por\n\t\t\t<a href=\"https:\/\/www.suno.com.br\/noticias\/author\/arthur-guimaraes\/\"><span itemprop=\"author\">Arthur Guimar\u00e3es<\/span><\/a><\/span><time datetime=\"2020-03-25T16:00:39-03:00\" itemprop=\"datePublished\">25\/03\/2020 16:00<\/time><\/div><\/div><\/div><\/div><\/div>","single_layout":"posts","amp_enabled":true,"_links":{"self":[{"href":"https:\/\/www.suno.com.br\/noticias\/wp-json\/wp\/v2\/posts\/58623"}],"collection":[{"href":"https:\/\/www.suno.com.br\/noticias\/wp-json\/wp\/v2\/posts"}],"about":[{"href":"https:\/\/www.suno.com.br\/noticias\/wp-json\/wp\/v2\/types\/post"}],"author":[{"embeddable":true,"href":"https:\/\/www.suno.com.br\/noticias\/wp-json\/wp\/v2\/users\/35"}],"replies":[{"embeddable":true,"href":"https:\/\/www.suno.com.br\/noticias\/wp-json\/wp\/v2\/comments?post=58623"}],"version-history":[{"count":0,"href":"https:\/\/www.suno.com.br\/noticias\/wp-json\/wp\/v2\/posts\/58623\/revisions"}],"wp:featuredmedia":[{"embeddable":true,"href":"https:\/\/www.suno.com.br\/noticias\/wp-json\/wp\/v2\/media\/58782"}],"wp:attachment":[{"href":"https:\/\/www.suno.com.br\/noticias\/wp-json\/wp\/v2\/media?parent=58623"}],"wp:term":[{"taxonomy":"category","embeddable":true,"href":"https:\/\/www.suno.com.br\/noticias\/wp-json\/wp\/v2\/categories?post=58623"},{"taxonomy":"post_tag","embeddable":true,"href":"https:\/\/www.suno.com.br\/noticias\/wp-json\/wp\/v2\/tags?post=58623"},{"taxonomy":"suno_strategy","embeddable":true,"href":"https:\/\/www.suno.com.br\/noticias\/wp-json\/wp\/v2\/suno_strategy?post=58623"}],"curies":[{"name":"wp","href":"https:\/\/api.w.org\/{rel}","templated":true}]}}