{"id":586195,"date":"2024-12-02T15:50:32","date_gmt":"2024-12-02T18:50:32","guid":{"rendered":"https:\/\/www.suno.com.br\/noticias\/?p=586195"},"modified":"2024-12-02T15:55:25","modified_gmt":"2024-12-02T18:55:25","slug":"ibovespa-rali-final-de-ano-2024-gss","status":"publish","type":"post","link":"https:\/\/www.suno.com.br\/noticias\/ibovespa-rali-final-de-ano-2024-gss\/","title":{"rendered":"Ibovespa ter\u00e1 rali de final de ano? Veja opini\u00e3o do BBA"},"content":{"rendered":"<p>\u00c9 tradi\u00e7\u00e3o no <a class=\"suno-keyword\" data-force=\"no\" data-priority=\"2\" href=\"https:\/\/www.suno.com.br\/guias\/mercado-financeiro\/\" target=\"_blank\" rel=\"noopener\">mercado financeiro<\/a>: com a chegada do m\u00eas de dezembro, cresce a expectativa por um rali de fim de ano no <strong>Ibovespa<\/strong>. No entanto, desta vez, parece que o \u00edndice n\u00e3o far\u00e1 a alegria dos investidores na reta final de 2024. Pelo menos \u00e9 o que afirma um relat\u00f3rio do Ita\u00fa BBA.<\/p>\t<div class=\"wrapper-featured-image\">\n\t\t<figure class=\"spotlightImg\">\n\n\t\t\t<picture>\n\t\t\t\t<source media=\"(max-width: 768px)\" srcset=\"https:\/\/files.sunoresearch.com.br\/n\/uploads\/2023\/12\/xadrez-economia-acoes-bolsa-de-valores-ibovespa-400x200.jpg\">\n\t\t\t\t<img loading=\"lazy\" decoding=\"async\" class=\"newsContent__article__imgCapa lazyloadDisabled \" src=\"https:\/\/files.sunoresearch.com.br\/n\/uploads\/2023\/12\/xadrez-economia-acoes-bolsa-de-valores-ibovespa-800x450.jpg\" width=\"800\" height=\"450\" alt=\"Ibovespa ter\u00e1 rali de final de ano? Veja opini\u00e3o do BBA\" fetchpriority=high \/>\n\t\t\t<\/picture>\n\n\t\t\t<figcaption class=\"wp-caption-text wp-caption-text--show\">nova ordem global - Foto: iStock<\/figcaption>\n\t\t<\/figure>\n\t<\/div>\n\n\n\n\n\n\n\n\t<p>\n\t\t<a href=\"https:\/\/lp.suno.com.br\/planilha-da-vida-financeira\/\" target=\"_blank\" data-element=\"shortcode-suno-banner\" title=\"Banner SUNO, clique e saiba mais\">\n\t\t\t<picture>\n\t\t\t\t<source media=\"(max-width: 500px)\" srcset=\"https:\/\/files.sunoresearch.com.br\/n\/uploads\/2023\/04\/400x300-Planilha-vida-financeira-true.png\">\n\t\t\t\t<img class=\"newsContent__article__imgCapa newsContent__article__imgCapa--banner\"\n\t\t\t\t\tsrc=\"https:\/\/files.sunoresearch.com.br\/n\/uploads\/2023\/04\/1420x240-Planilha-vida-financeira-true.png\"\n\t\t\t\t\tdata-promo-id=\"106682\"\t\t\t\t\t\t\t\t\t\twidth='1420' height='240'\t\t\t\t\talt=\"https:\/\/files.sunoresearch.com.br\/n\/uploads\/2023\/04\/1420x240-Planilha-vida-financeira-true.png\"\n\t\t\t\t>\n\t\t\t<\/picture>\n\t\t<\/a>\n\t<\/p>\n\n\n\n\n\n<p>A casa destaca o momento turbulento para o <strong>Ibov<\/strong>, evidenciado pela queda de 3,1% do \u00edndice em novembro. De acordo com os analistas, dois eventos s\u00e3o respons\u00e1veis por esse desempenho e tamb\u00e9m por afastarem a esperan\u00e7a de um <strong>rali de fim de ano<\/strong>.<\/p>\n\n\n\n<p>O primeiro foi o desfecho das elei\u00e7\u00f5es dos Estados Unidos, que segundo o BBA, trouxe um cen\u00e1rio menos favor\u00e1vel para <a class=\"suno-keyword\" target=\"_blank\" data-force=\"no\" data-priority=\"2\" href=\"https:\/\/www.suno.com.br\/artigos\/paises-emergentes\/\" rel=\"noopener\">pa\u00edses emergentes<\/a>, , com a perspectiva de uma pol\u00edtica mais protecionista a partir do ano que vem.<\/p>\n\n\n\n<p>Essa agenda mais protecionista, com tarifas de importa\u00e7\u00e3o mais altas, pode resultar em uma desacelera\u00e7\u00e3o da economia global e colocar press\u00e3o inflacion\u00e1ria nos EUA, diz a casa. <\/p>\n\n\n\n<p>Assim, segundo o BBA, um menor crescimento global deve impactar negativamente pa\u00edses exportadores, como o Brasil. Os analistas complementam dizendo que uma infla\u00e7\u00e3o mais persistente pode levar a um cen\u00e1rio de menos cortes de juros nos EUA \u2013 o que, por sua vez, pode pressionar as taxas de juros por aqui tamb\u00e9m.<\/p>\n\n\n\t<p>\n\t\t<a href=\"https:\/\/lp.suno.com.br\/ebook-como-analisar-uma-acao\/\" target=\"_blank\" data-element=\"shortcode-suno-banner\" title=\"Banner SUNO, clique e saiba mais\">\n\t\t\t<picture>\n\t\t\t\t<source media=\"(max-width: 500px)\" srcset=\"https:\/\/files.sunoresearch.com.br\/n\/uploads\/2023\/03\/Ebook-Acoes-Mobile.jpg\">\n\t\t\t\t<img class=\"newsContent__article__imgCapa newsContent__article__imgCapa--banner\"\n\t\t\t\t\tsrc=\"https:\/\/files.sunoresearch.com.br\/n\/uploads\/2023\/03\/Ebook-Acoes-Desktop.jpg\"\n\t\t\t\t\tdata-promo-id=\"378302\"\t\t\t\t\t\t\t\t\t\twidth='1420' height='286'\t\t\t\t\talt=\"https:\/\/files.sunoresearch.com.br\/n\/uploads\/2023\/03\/Ebook-Acoes-Desktop.jpg\"\n\t\t\t\t>\n\t\t\t<\/picture>\n\t\t<\/a>\n\t<\/p>\n\n\n\n\n\n<p>O segundo evento que impactou e impacta negativamente o <strong>\u00edndice Bovespa<\/strong>, segundo o BBA, foi a divulga\u00e7\u00e3o do pacote de gastos p\u00fablicos no Brasil. <\/p>\n\n\n\n<p>Al\u00e9m de ser visto como insuficiente para controlar a trajet\u00f3ria da <a class=\"suno-keyword\" target=\"_blank\" data-force=\"no\" data-priority=\"1\" href=\"https:\/\/www.suno.com.br\/artigos\/divida-publica\/\" rel=\"noopener\">d\u00edvida p\u00fablica<\/a>, ele trouxe um inesperado an\u00fancio de isen\u00e7\u00e3o do Imposto de Renda para contribuintes que recebem at\u00e9 R$ 5 mil por m\u00eas. <\/p>\n\n\n\n<p>&#8220;Apesar da promessa de compensa\u00e7\u00e3o em outras faixas de renda, h\u00e1 pouca confian\u00e7a no mercado de que a redu\u00e7\u00e3o de receita do governo seja plenamente recomposta, e a medida \u00e9 vista como potencialmente inflacion\u00e1ria, o que pode colocar ainda mais press\u00e3o sobre os juros&#8221;, diz o relat\u00f3rio.<\/p>\n\n\n\n<p>Diante desse cen\u00e1rio, a casa v\u00ea um maior pessimismo em rela\u00e7\u00e3o \u00e0s a\u00e7\u00f5es brasileiras, com &#8220;pouca ou  nenhuma perspectiva de mudan\u00e7a relevante para dezembro&#8221;.<\/p>\n\n\n\n<p>&#8220;Mais uma vez, simplesmente estar exposto ao Ibovespa n\u00e3o parece um bom neg\u00f3cio&#8221;, escreve o Ita\u00fa BBA em relat\u00f3rio.<\/p>\n\n\n\n<p>Por volta das 15h30 desta segunda-feira (02), o <strong>Ibovespa<\/strong> operava em leve queda de 0,09%, aos 125.543 pontos.<\/p>\n\n\n\t<p>\n\t\t<a href=\"https:\/\/lp.suno.com.br\/planilha-da-vida-financeira\/\" target=\"_blank\" data-element=\"shortcode-suno-banner\" title=\"Banner SUNO, clique e saiba mais\">\n\t\t\t<picture>\n\t\t\t\t<source media=\"(max-width: 500px)\" srcset=\"https:\/\/files.sunoresearch.com.br\/n\/uploads\/2023\/04\/400x300-Planilha-vida-financeira-true.png\">\n\t\t\t\t<img class=\"newsContent__article__imgCapa newsContent__article__imgCapa--banner\"\n\t\t\t\t\tsrc=\"https:\/\/files.sunoresearch.com.br\/n\/uploads\/2023\/04\/1420x240-Planilha-vida-financeira-true.png\"\n\t\t\t\t\tdata-promo-id=\"383123\"\t\t\t\t\t\t\t\t\t\twidth='1420' height='240'\t\t\t\t\talt=\"https:\/\/files.sunoresearch.com.br\/n\/uploads\/2023\/04\/1420x240-Planilha-vida-financeira-true.png\"\n\t\t\t\t>\n\t\t\t<\/picture>\n\t\t<\/a>\n\t<\/p>\n\n\n","protected":false},"excerpt":{"rendered":"<p>\u00c9 tradi\u00e7\u00e3o no mercado financeiro: com a chegada do m\u00eas de dezembro, cresce a expectativa por um rali de fim de ano no Ibovespa. No entanto, desta vez, parece que o \u00edndice n\u00e3o far\u00e1 a alegria dos investidores na reta final de 2024. Pelo menos \u00e9 o que afirma um relat\u00f3rio do Ita\u00fa BBA. nova [&hellip;]<\/p>\n","protected":false},"author":376,"featured_media":496275,"comment_status":"closed","ping_status":"closed","sticky":false,"template":"","format":"standard","meta":[],"categories":[64],"tags":[721],"suno_strategy":[],"class_list":["post-586195","post","type-post","status-publish","format-standard","has-post-thumbnail","hentry","category-negocios","tag-ibovespa"],"yoast_head":"<!-- This site is optimized with the Yoast SEO plugin v24.4 - https:\/\/yoast.com\/wordpress\/plugins\/seo\/ -->\n<title>Ibovespa ter\u00e1 rali de final de ano? Veja opini\u00e3o do BBA<\/title>\n<meta name=\"description\" content=\"Em relat\u00f3rio, o Ita\u00fa BBA avaliou a possibilidade de um rali de fim de ano para o Ibovespa em 2024. Clique e saiba as perspectivas.\" \/>\n<meta name=\"robots\" content=\"index, follow, max-snippet:-1, max-image-preview:large, max-video-preview:-1\" \/>\n<link rel=\"canonical\" href=\"https:\/\/www.suno.com.br\/noticias\/ibovespa-rali-final-de-ano-2024-gss\/\" \/>\n<meta property=\"og:locale\" content=\"pt_BR\" \/>\n<meta property=\"og:type\" content=\"article\" \/>\n<meta property=\"og:title\" content=\"Ibovespa ter\u00e1 rali de final de ano? Veja opini\u00e3o do BBA\" \/>\n<meta property=\"og:description\" content=\"Em relat\u00f3rio, o Ita\u00fa BBA avaliou a possibilidade de um rali de fim de ano para o Ibovespa em 2024. Clique e saiba as perspectivas.\" \/>\n<meta property=\"og:url\" content=\"https:\/\/www.suno.com.br\/noticias\/ibovespa-rali-final-de-ano-2024-gss\/\" \/>\n<meta property=\"og:site_name\" content=\"Suno Not\u00edcias\" \/>\n<meta property=\"article:publisher\" content=\"https:\/\/facebook.com\/sunoresearch\" \/>\n<meta property=\"og:image\" content=\"https:\/\/files.sunoresearch.com.br\/n\/uploads\/2023\/12\/xadrez-economia-acoes-bolsa-de-valores-ibovespa.jpg\" \/>\n\t<meta property=\"og:image:width\" content=\"1386\" \/>\n\t<meta property=\"og:image:height\" content=\"800\" \/>\n\t<meta property=\"og:image:type\" content=\"image\/jpeg\" \/>\n<meta name=\"author\" content=\"Guilherme Serrano\" \/>\n<meta name=\"twitter:card\" content=\"summary_large_image\" \/>\n<meta name=\"twitter:creator\" content=\"@sunoresearch\" \/>\n<meta name=\"twitter:site\" content=\"@sunoresearch\" \/>\n<meta name=\"twitter:label1\" content=\"Escrito por\" \/>\n\t<meta name=\"twitter:data1\" content=\"Guilherme Serrano\" \/>\n\t<meta name=\"twitter:label2\" content=\"Est. tempo de leitura\" \/>\n\t<meta name=\"twitter:data2\" content=\"3 minutos\" \/>\n<script type=\"application\/ld+json\" class=\"yoast-schema-graph\">{\"@context\":\"https:\/\/schema.org\",\"@graph\":[{\"@type\":\"NewsArticle\",\"@id\":\"https:\/\/www.suno.com.br\/noticias\/ibovespa-rali-final-de-ano-2024-gss\/#article\",\"isPartOf\":{\"@id\":\"https:\/\/www.suno.com.br\/noticias\/ibovespa-rali-final-de-ano-2024-gss\/\"},\"author\":{\"name\":\"Guilherme Serrano\",\"@id\":\"https:\/\/www.suno.com.br\/noticias\/#\/schema\/person\/d0f07e64bce64aa671feadfb844f04ca\"},\"headline\":\"Ibovespa ter\u00e1 rali de final de ano? Veja opini\u00e3o do BBA\",\"datePublished\":\"2024-12-02T18:50:32+00:00\",\"dateModified\":\"2024-12-02T18:55:25+00:00\",\"mainEntityOfPage\":{\"@id\":\"https:\/\/www.suno.com.br\/noticias\/ibovespa-rali-final-de-ano-2024-gss\/\"},\"wordCount\":432,\"publisher\":{\"@id\":\"https:\/\/www.suno.com.br\/noticias\/#organization\"},\"image\":{\"@id\":\"https:\/\/www.suno.com.br\/noticias\/ibovespa-rali-final-de-ano-2024-gss\/#primaryimage\"},\"thumbnailUrl\":\"https:\/\/files.sunoresearch.com.br\/n\/uploads\/2023\/12\/xadrez-economia-acoes-bolsa-de-valores-ibovespa.jpg\",\"keywords\":[\"Ibovespa\"],\"articleSection\":[\"Neg\u00f3cios\"],\"inLanguage\":\"pt-BR\"},{\"@type\":\"WebPage\",\"@id\":\"https:\/\/www.suno.com.br\/noticias\/ibovespa-rali-final-de-ano-2024-gss\/\",\"url\":\"https:\/\/www.suno.com.br\/noticias\/ibovespa-rali-final-de-ano-2024-gss\/\",\"name\":\"Ibovespa ter\u00e1 rali de final de ano? Veja opini\u00e3o do BBA\",\"isPartOf\":{\"@id\":\"https:\/\/www.suno.com.br\/noticias\/#website\"},\"primaryImageOfPage\":{\"@id\":\"https:\/\/www.suno.com.br\/noticias\/ibovespa-rali-final-de-ano-2024-gss\/#primaryimage\"},\"image\":{\"@id\":\"https:\/\/www.suno.com.br\/noticias\/ibovespa-rali-final-de-ano-2024-gss\/#primaryimage\"},\"thumbnailUrl\":\"https:\/\/files.sunoresearch.com.br\/n\/uploads\/2023\/12\/xadrez-economia-acoes-bolsa-de-valores-ibovespa.jpg\",\"datePublished\":\"2024-12-02T18:50:32+00:00\",\"dateModified\":\"2024-12-02T18:55:25+00:00\",\"description\":\"Em relat\u00f3rio, o Ita\u00fa BBA avaliou a possibilidade de um rali de fim de ano para o Ibovespa em 2024. Clique e saiba as perspectivas.\",\"breadcrumb\":{\"@id\":\"https:\/\/www.suno.com.br\/noticias\/ibovespa-rali-final-de-ano-2024-gss\/#breadcrumb\"},\"inLanguage\":\"pt-BR\",\"potentialAction\":[{\"@type\":\"ReadAction\",\"target\":[\"https:\/\/www.suno.com.br\/noticias\/ibovespa-rali-final-de-ano-2024-gss\/\"]}]},{\"@type\":\"ImageObject\",\"inLanguage\":\"pt-BR\",\"@id\":\"https:\/\/www.suno.com.br\/noticias\/ibovespa-rali-final-de-ano-2024-gss\/#primaryimage\",\"url\":\"https:\/\/files.sunoresearch.com.br\/n\/uploads\/2023\/12\/xadrez-economia-acoes-bolsa-de-valores-ibovespa.jpg\",\"contentUrl\":\"https:\/\/files.sunoresearch.com.br\/n\/uploads\/2023\/12\/xadrez-economia-acoes-bolsa-de-valores-ibovespa.jpg\",\"width\":1386,\"height\":800,\"caption\":\"nova ordem global - Foto: iStock\"},{\"@type\":\"BreadcrumbList\",\"@id\":\"https:\/\/www.suno.com.br\/noticias\/ibovespa-rali-final-de-ano-2024-gss\/#breadcrumb\",\"itemListElement\":[{\"@type\":\"ListItem\",\"position\":1,\"name\":\"Not\u00edcias\",\"item\":\"https:\/\/www.suno.com.br\/noticias\/\"},{\"@type\":\"ListItem\",\"position\":2,\"name\":\"Neg\u00f3cios\",\"item\":\"https:\/\/www.suno.com.br\/noticias\/negocios\/\"},{\"@type\":\"ListItem\",\"position\":3,\"name\":\"Ibovespa ter\u00e1 rali de final de ano? Veja opini\u00e3o do BBA\"}]},{\"@type\":\"WebSite\",\"@id\":\"https:\/\/www.suno.com.br\/noticias\/#website\",\"url\":\"https:\/\/www.suno.com.br\/noticias\/\",\"name\":\"Suno Not\u00edcias\",\"description\":\"Seu portal de informa\u00e7\u00e3o sobre o mundo dos investimentos\",\"publisher\":{\"@id\":\"https:\/\/www.suno.com.br\/noticias\/#organization\"},\"potentialAction\":[{\"@type\":\"SearchAction\",\"target\":{\"@type\":\"EntryPoint\",\"urlTemplate\":\"https:\/\/www.suno.com.br\/noticias\/?s={search_term_string}\"},\"query-input\":{\"@type\":\"PropertyValueSpecification\",\"valueRequired\":true,\"valueName\":\"search_term_string\"}}],\"inLanguage\":\"pt-BR\"},{\"@type\":\"Organization\",\"@id\":\"https:\/\/www.suno.com.br\/noticias\/#organization\",\"name\":\"Suno Not\u00edcias\",\"url\":\"https:\/\/www.suno.com.br\/noticias\/\",\"logo\":{\"@type\":\"ImageObject\",\"inLanguage\":\"pt-BR\",\"@id\":\"https:\/\/www.suno.com.br\/noticias\/#\/schema\/logo\/image\/\",\"url\":\"https:\/\/files.sunoresearch.com.br\/n\/uploads\/2021\/09\/suno-logo.png\",\"contentUrl\":\"https:\/\/files.sunoresearch.com.br\/n\/uploads\/2021\/09\/suno-logo.png\",\"width\":180,\"height\":180,\"caption\":\"Suno Not\u00edcias\"},\"image\":{\"@id\":\"https:\/\/www.suno.com.br\/noticias\/#\/schema\/logo\/image\/\"},\"sameAs\":[\"https:\/\/facebook.com\/sunoresearch\",\"https:\/\/x.com\/sunoresearch\",\"https:\/\/www.instagram.com\/suno\",\"https:\/\/www.linkedin.com\/company\/suno-research\/\",\"https:\/\/www.youtube.com\/c\/sunoresearch\"]},{\"@type\":\"Person\",\"@id\":\"https:\/\/www.suno.com.br\/noticias\/#\/schema\/person\/d0f07e64bce64aa671feadfb844f04ca\",\"name\":\"Guilherme Serrano\",\"image\":{\"@type\":\"ImageObject\",\"inLanguage\":\"pt-BR\",\"@id\":\"https:\/\/www.suno.com.br\/noticias\/#\/schema\/person\/image\/\",\"url\":\"https:\/\/secure.gravatar.com\/avatar\/a90be19d8c67bef61497e4522de30ac4?s=96&r=g\",\"contentUrl\":\"https:\/\/secure.gravatar.com\/avatar\/a90be19d8c67bef61497e4522de30ac4?s=96&r=g\",\"caption\":\"Guilherme Serrano\"},\"description\":\"Jornalista formado pela Faculdade C\u00e1sper L\u00edbero e p\u00f3s-graduado em Can\u00e7\u00e3o Popular pela Faculdade Santa Marcelina. Passagens por R\u00e1dio Gazeta AM, gazetaesportiva.com e TC R\u00e1dio.\",\"url\":\"https:\/\/www.suno.com.br\/noticias\/author\/guilherme-silvasuno-com-br\/\"}]}<\/script>\n<!-- \/ Yoast SEO plugin. -->","yoast_head_json":{"title":"Ibovespa ter\u00e1 rali de final de ano? Veja opini\u00e3o do BBA","description":"Em relat\u00f3rio, o Ita\u00fa BBA avaliou a possibilidade de um rali de fim de ano para o Ibovespa em 2024. Clique e saiba as perspectivas.","robots":{"index":"index","follow":"follow","max-snippet":"max-snippet:-1","max-image-preview":"max-image-preview:large","max-video-preview":"max-video-preview:-1"},"canonical":"https:\/\/www.suno.com.br\/noticias\/ibovespa-rali-final-de-ano-2024-gss\/","og_locale":"pt_BR","og_type":"article","og_title":"Ibovespa ter\u00e1 rali de final de ano? Veja opini\u00e3o do BBA","og_description":"Em relat\u00f3rio, o Ita\u00fa BBA avaliou a possibilidade de um rali de fim de ano para o Ibovespa em 2024. Clique e saiba as perspectivas.","og_url":"https:\/\/www.suno.com.br\/noticias\/ibovespa-rali-final-de-ano-2024-gss\/","og_site_name":"Suno Not\u00edcias","article_publisher":"https:\/\/facebook.com\/sunoresearch","og_image":[{"width":1386,"height":800,"url":"https:\/\/files.sunoresearch.com.br\/n\/uploads\/2023\/12\/xadrez-economia-acoes-bolsa-de-valores-ibovespa.jpg","type":"image\/jpeg"}],"author":"Guilherme Serrano","twitter_card":"summary_large_image","twitter_creator":"@sunoresearch","twitter_site":"@sunoresearch","twitter_misc":{"Escrito por":"Guilherme Serrano","Est. tempo de leitura":"3 minutos"},"schema":{"@context":"https:\/\/schema.org","@graph":[{"@type":"NewsArticle","@id":"https:\/\/www.suno.com.br\/noticias\/ibovespa-rali-final-de-ano-2024-gss\/#article","isPartOf":{"@id":"https:\/\/www.suno.com.br\/noticias\/ibovespa-rali-final-de-ano-2024-gss\/"},"author":{"name":"Guilherme Serrano","@id":"https:\/\/www.suno.com.br\/noticias\/#\/schema\/person\/d0f07e64bce64aa671feadfb844f04ca"},"headline":"Ibovespa ter\u00e1 rali de final de ano? Veja opini\u00e3o do BBA","datePublished":"2024-12-02T18:50:32+00:00","dateModified":"2024-12-02T18:55:25+00:00","mainEntityOfPage":{"@id":"https:\/\/www.suno.com.br\/noticias\/ibovespa-rali-final-de-ano-2024-gss\/"},"wordCount":432,"publisher":{"@id":"https:\/\/www.suno.com.br\/noticias\/#organization"},"image":{"@id":"https:\/\/www.suno.com.br\/noticias\/ibovespa-rali-final-de-ano-2024-gss\/#primaryimage"},"thumbnailUrl":"https:\/\/files.sunoresearch.com.br\/n\/uploads\/2023\/12\/xadrez-economia-acoes-bolsa-de-valores-ibovespa.jpg","keywords":["Ibovespa"],"articleSection":["Neg\u00f3cios"],"inLanguage":"pt-BR"},{"@type":"WebPage","@id":"https:\/\/www.suno.com.br\/noticias\/ibovespa-rali-final-de-ano-2024-gss\/","url":"https:\/\/www.suno.com.br\/noticias\/ibovespa-rali-final-de-ano-2024-gss\/","name":"Ibovespa ter\u00e1 rali de final de ano? Veja opini\u00e3o do BBA","isPartOf":{"@id":"https:\/\/www.suno.com.br\/noticias\/#website"},"primaryImageOfPage":{"@id":"https:\/\/www.suno.com.br\/noticias\/ibovespa-rali-final-de-ano-2024-gss\/#primaryimage"},"image":{"@id":"https:\/\/www.suno.com.br\/noticias\/ibovespa-rali-final-de-ano-2024-gss\/#primaryimage"},"thumbnailUrl":"https:\/\/files.sunoresearch.com.br\/n\/uploads\/2023\/12\/xadrez-economia-acoes-bolsa-de-valores-ibovespa.jpg","datePublished":"2024-12-02T18:50:32+00:00","dateModified":"2024-12-02T18:55:25+00:00","description":"Em relat\u00f3rio, o Ita\u00fa BBA avaliou a possibilidade de um rali de fim de ano para o Ibovespa em 2024. Clique e saiba as perspectivas.","breadcrumb":{"@id":"https:\/\/www.suno.com.br\/noticias\/ibovespa-rali-final-de-ano-2024-gss\/#breadcrumb"},"inLanguage":"pt-BR","potentialAction":[{"@type":"ReadAction","target":["https:\/\/www.suno.com.br\/noticias\/ibovespa-rali-final-de-ano-2024-gss\/"]}]},{"@type":"ImageObject","inLanguage":"pt-BR","@id":"https:\/\/www.suno.com.br\/noticias\/ibovespa-rali-final-de-ano-2024-gss\/#primaryimage","url":"https:\/\/files.sunoresearch.com.br\/n\/uploads\/2023\/12\/xadrez-economia-acoes-bolsa-de-valores-ibovespa.jpg","contentUrl":"https:\/\/files.sunoresearch.com.br\/n\/uploads\/2023\/12\/xadrez-economia-acoes-bolsa-de-valores-ibovespa.jpg","width":1386,"height":800,"caption":"nova ordem global - Foto: iStock"},{"@type":"BreadcrumbList","@id":"https:\/\/www.suno.com.br\/noticias\/ibovespa-rali-final-de-ano-2024-gss\/#breadcrumb","itemListElement":[{"@type":"ListItem","position":1,"name":"Not\u00edcias","item":"https:\/\/www.suno.com.br\/noticias\/"},{"@type":"ListItem","position":2,"name":"Neg\u00f3cios","item":"https:\/\/www.suno.com.br\/noticias\/negocios\/"},{"@type":"ListItem","position":3,"name":"Ibovespa ter\u00e1 rali de final de ano? Veja opini\u00e3o do BBA"}]},{"@type":"WebSite","@id":"https:\/\/www.suno.com.br\/noticias\/#website","url":"https:\/\/www.suno.com.br\/noticias\/","name":"Suno Not\u00edcias","description":"Seu portal de informa\u00e7\u00e3o sobre o mundo dos investimentos","publisher":{"@id":"https:\/\/www.suno.com.br\/noticias\/#organization"},"potentialAction":[{"@type":"SearchAction","target":{"@type":"EntryPoint","urlTemplate":"https:\/\/www.suno.com.br\/noticias\/?s={search_term_string}"},"query-input":{"@type":"PropertyValueSpecification","valueRequired":true,"valueName":"search_term_string"}}],"inLanguage":"pt-BR"},{"@type":"Organization","@id":"https:\/\/www.suno.com.br\/noticias\/#organization","name":"Suno Not\u00edcias","url":"https:\/\/www.suno.com.br\/noticias\/","logo":{"@type":"ImageObject","inLanguage":"pt-BR","@id":"https:\/\/www.suno.com.br\/noticias\/#\/schema\/logo\/image\/","url":"https:\/\/files.sunoresearch.com.br\/n\/uploads\/2021\/09\/suno-logo.png","contentUrl":"https:\/\/files.sunoresearch.com.br\/n\/uploads\/2021\/09\/suno-logo.png","width":180,"height":180,"caption":"Suno Not\u00edcias"},"image":{"@id":"https:\/\/www.suno.com.br\/noticias\/#\/schema\/logo\/image\/"},"sameAs":["https:\/\/facebook.com\/sunoresearch","https:\/\/x.com\/sunoresearch","https:\/\/www.instagram.com\/suno","https:\/\/www.linkedin.com\/company\/suno-research\/","https:\/\/www.youtube.com\/c\/sunoresearch"]},{"@type":"Person","@id":"https:\/\/www.suno.com.br\/noticias\/#\/schema\/person\/d0f07e64bce64aa671feadfb844f04ca","name":"Guilherme Serrano","image":{"@type":"ImageObject","inLanguage":"pt-BR","@id":"https:\/\/www.suno.com.br\/noticias\/#\/schema\/person\/image\/","url":"https:\/\/secure.gravatar.com\/avatar\/a90be19d8c67bef61497e4522de30ac4?s=96&r=g","contentUrl":"https:\/\/secure.gravatar.com\/avatar\/a90be19d8c67bef61497e4522de30ac4?s=96&r=g","caption":"Guilherme Serrano"},"description":"Jornalista formado pela Faculdade C\u00e1sper L\u00edbero e p\u00f3s-graduado em Can\u00e7\u00e3o Popular pela Faculdade Santa Marcelina. Passagens por R\u00e1dio Gazeta AM, gazetaesportiva.com e TC R\u00e1dio.","url":"https:\/\/www.suno.com.br\/noticias\/author\/guilherme-silvasuno-com-br\/"}]}},"default_loop_html":"<div class=\"cardsPage__listCard__boxs\"><div class=\"cardsPage__listCard__boxs__img\"><a href=\"https:\/\/www.suno.com.br\/noticias\/ibovespa-rali-final-de-ano-2024-gss\/\"><img class=\"mask\" src=\"https:\/\/www.suno.com.br\/noticias\/wp-content\/themes\/suno\/resources\/images\/spotlight\/spotlight1img\/bg-mask.png\" alt=\"Image Mask\"\/><img src=\"https:\/\/files.sunoresearch.com.br\/n\/uploads\/2023\/12\/xadrez-economia-acoes-bolsa-de-valores-ibovespa-400x200.jpg\" alt=\"Ibovespa ter\u00e1 rali de final de ano? Veja opini\u00e3o do BBA\"\/><\/a><span class=\"spotlightCategory\"><a href=\"https:\/\/www.suno.com.br\/noticias\/negocios\/\">Neg\u00f3cios<\/a><\/span><\/div><div class=\"cardsPage__listCard__boxs__content\"><a href=\"https:\/\/www.suno.com.br\/noticias\/ibovespa-rali-final-de-ano-2024-gss\/\"><h2 class=\"content__title\">Ibovespa ter\u00e1 rali de final de ano? Veja opini\u00e3o do BBA<\/h2><\/a><div class=\"newsContent__article__meta\"><div class=\"newsContent__article__meta__authorBox\"><a href=\"https:\/\/www.suno.com.br\/noticias\/author\/guilherme-silvasuno-com-br\/\" class=\"authorBox__avatar noMobi\"><img src=\"https:\/\/secure.gravatar.com\/avatar\/a90be19d8c67bef61497e4522de30ac4?s=96&#038;r=g\" alt=\"Guilherme Serrano\"><\/a><div class=\"authorBox__name\"><span>por\n\t\t\t<a href=\"https:\/\/www.suno.com.br\/noticias\/author\/guilherme-silvasuno-com-br\/\"><span itemprop=\"author\">Guilherme Serrano<\/span><\/a><\/span><time datetime=\"2024-12-02T15:50:32-03:00\" itemprop=\"datePublished\">02\/12\/2024 15:50<\/time><\/div><\/div><\/div><\/div><\/div>","single_layout":"posts","amp_enabled":true,"_links":{"self":[{"href":"https:\/\/www.suno.com.br\/noticias\/wp-json\/wp\/v2\/posts\/586195"}],"collection":[{"href":"https:\/\/www.suno.com.br\/noticias\/wp-json\/wp\/v2\/posts"}],"about":[{"href":"https:\/\/www.suno.com.br\/noticias\/wp-json\/wp\/v2\/types\/post"}],"author":[{"embeddable":true,"href":"https:\/\/www.suno.com.br\/noticias\/wp-json\/wp\/v2\/users\/376"}],"replies":[{"embeddable":true,"href":"https:\/\/www.suno.com.br\/noticias\/wp-json\/wp\/v2\/comments?post=586195"}],"version-history":[{"count":2,"href":"https:\/\/www.suno.com.br\/noticias\/wp-json\/wp\/v2\/posts\/586195\/revisions"}],"predecessor-version":[{"id":586203,"href":"https:\/\/www.suno.com.br\/noticias\/wp-json\/wp\/v2\/posts\/586195\/revisions\/586203"}],"wp:featuredmedia":[{"embeddable":true,"href":"https:\/\/www.suno.com.br\/noticias\/wp-json\/wp\/v2\/media\/496275"}],"wp:attachment":[{"href":"https:\/\/www.suno.com.br\/noticias\/wp-json\/wp\/v2\/media?parent=586195"}],"wp:term":[{"taxonomy":"category","embeddable":true,"href":"https:\/\/www.suno.com.br\/noticias\/wp-json\/wp\/v2\/categories?post=586195"},{"taxonomy":"post_tag","embeddable":true,"href":"https:\/\/www.suno.com.br\/noticias\/wp-json\/wp\/v2\/tags?post=586195"},{"taxonomy":"suno_strategy","embeddable":true,"href":"https:\/\/www.suno.com.br\/noticias\/wp-json\/wp\/v2\/suno_strategy?post=586195"}],"curies":[{"name":"wp","href":"https:\/\/api.w.org\/{rel}","templated":true}]}}