{"id":58613,"date":"2020-03-24T21:29:42","date_gmt":"2020-03-25T00:29:42","guid":{"rendered":"https:\/\/www.suno.com.br\/noticias\/?p=58613"},"modified":"2020-03-24T21:31:29","modified_gmt":"2020-03-25T00:31:29","slug":"uber-valesaude-sempre","status":"publish","type":"post","link":"https:\/\/www.suno.com.br\/noticias\/uber-valesaude-sempre\/","title":{"rendered":"Uber conceder\u00e1 &#8216;Vale Sa\u00fade Sempre&#8217; para seus colaboradores"},"content":{"rendered":"<p>A <strong>Uber<\/strong> anunciou nessa ter\u00e7a-feira (24) uma nova parceria que conceder\u00e1 a seus motoristas, entregadores e demais colaboradores acesso ao &#8220;Vale Sa\u00fade Sempre&#8221; durante a crise do novo coronav\u00edrus.<\/p>\t<div class=\"wrapper-featured-image\">\n\t\t<figure class=\"spotlightImg\">\n\n\t\t\t<picture>\n\t\t\t\t<source media=\"(max-width: 768px)\" srcset=\"https:\/\/files.sunoresearch.com.br\/n\/uploads\/2019\/04\/5de2b287-uber-400x200.webp\">\n\t\t\t\t<img loading=\"lazy\" decoding=\"async\" class=\"newsContent__article__imgCapa lazyloadDisabled newsContent__article__imgCapa--noCaption\" src=\"https:\/\/files.sunoresearch.com.br\/n\/uploads\/2019\/04\/5de2b287-uber-jpg.webp\" width=\"800\" height=\"450\" alt=\"Uber conceder\u00e1 &#8216;Vale Sa\u00fade Sempre&#8217; para seus colaboradores\" fetchpriority=high \/>\n\t\t\t<\/picture>\n\n\t\t\t<figcaption class=\"wp-caption-text wp-caption-text--hide\">Uber: diretor de tecnologia da companhia deixar\u00e1 o cargo<\/figcaption>\n\t\t<\/figure>\n\t<\/div>\n\n\n\n<p>O &#8220;Vale Sa\u00fade Sempre&#8221; cobra de seus associados cerca de R$ 358,00 por ano. Entretanto a Uber oferecer\u00e1 para seus parceiros de forma gratuita.<\/p>\n<p>Alguns dos servi\u00e7os inclusos s\u00e3o:<\/p>\n<ul>\n<li>Descontos em consultas m\u00e9dicas em redes privadas;<\/li>\n<li>Exames laboratoriais;<\/li>\n<li>Exames de imagem;<\/li>\n<li>Desconto de 20% em medicamentos de farm\u00e1cias associadas.<\/li>\n<\/ul>\n<p>Al\u00e9m do Vale, a Uber acrescentou que para seus colaboradores diagnosticados com o novo coronav\u00edrus ou para aqueles que devem ficar em quarentena por orienta\u00e7\u00f5es m\u00e9dicas, ser\u00e1 oferecido um auxilio financeiro pelo per\u00edodo de 14 dias.<\/p>\n<p><a href=\"https:\/\/www.suno.com.br\/noticias\/coronavirus-uber-suspende-uber-juntos-eua-canada\/\">Saiba mais: Coronav\u00edrus: Uber suspende \u201cUber Juntos\u201d nos EUA e no Canad\u00e1<\/a><\/p>\n<p>Ou seja, o pagamento acontecer\u00e1 para aqueles que foram \u201cimpossibilitados\u201d por m\u00e9dicos de exercer qualquer tipo de atividade, tendo que ficar em isolamento.<\/p>\n<p>Contudo, o valor do aux\u00edlio ser\u00e1 definido atrav\u00e9s da m\u00e9dia de ganhos di\u00e1rios do motorista nos \u00faltimos seis meses, at\u00e9 o dia 6 de mar\u00e7o.<\/p>\n\t<p>\n\t\t<a href=\"https:\/\/lp.suno.com.br\/minicurso-investindo-fiis\/\" target=\"_blank\" data-element=\"shortcode-suno-banner\" title=\"Banner SUNO, clique e saiba mais\">\n\t\t\t<picture>\n\t\t\t\t<source media=\"(max-width: 500px)\" srcset=\"https:\/\/files.sunoresearch.com.br\/n\/uploads\/2023\/07\/400x300-Minicurso-FIIS.png\">\n\t\t\t\t<img class=\"newsContent__article__imgCapa newsContent__article__imgCapa--banner\"\n\t\t\t\t\tsrc=\"https:\/\/files.sunoresearch.com.br\/n\/uploads\/2023\/07\/1420x240-Minicurso-FIIS.png\"\n\t\t\t\t\tdata-promo-id=\"311935\"\t\t\t\t\t\t\t\t\t\twidth='1420' height='240'\t\t\t\t\talt=\"https:\/\/files.sunoresearch.com.br\/n\/uploads\/2023\/07\/1420x240-Minicurso-FIIS.png\"\n\t\t\t\t>\n\t\t\t<\/picture>\n\t\t<\/a>\n\t<\/p>\n\n\n<p>No entanto, caso o motorista ou entregador tenha sido cadastrado a menos de seis meses, a m\u00e9dia ser\u00e1 calculada a partir do seu primeiro dia como colaborador.<\/p>\n<p>Al\u00e9m disso, os motoristas contam com recursos para manter seus carros limpos, para evitar que o novo v\u00edrus se espalhe.<\/p>\n<h2>Uber suspende &#8220;Uber Juntos&#8221;<\/h2>\n<p>Na \u00faltima ter\u00e7a-feira (17) o aplicativo suspendeu o servi\u00e7o de viagens compartilhadas, &#8220;Uber Juntos&#8221; nos Estados Unidos e no Canad\u00e1. A medida tamb\u00e9m foi motivada pela pandemia do novo coronav\u00edrus.<\/p>\n<p>&#8220;Nosso objetivo \u00e9 ajudar a achatar a curva (de cont\u00e1gio por Covid-19)\u201d, afirmou Andrew MacDonald, executivo da empresa.<\/p>\n<p>No come\u00e7o desse m\u00eas, a Uber alertou que poderia suspender temporariamente as contas de motoristas e usu\u00e1rios que testaram positivo para o coronav\u00edrus. A empresa j\u00e1 havia tomado a provid\u00eancia em outros mercados e afirmou que estava trabalhando com as autoridade de sa\u00fade para solucionar o problema.<\/p>\n<p>A diretora-geral da <strong>Uber<\/strong> no Brasil, Claudia Woods informou que: &#8220;a seguran\u00e7a e o bem-estar de todos os que usam nosso aplicativo para se deslocar ou para gerar renda \u00e9 a nossa prioridade\u201d.<\/p>\n\n","protected":false},"excerpt":{"rendered":"<p>A Uber anunciou nessa ter\u00e7a-feira (24) uma nova parceria que conceder\u00e1 a seus motoristas, entregadores e demais colaboradores acesso ao &#8220;Vale Sa\u00fade Sempre&#8221; durante a crise do novo coronav\u00edrus. Uber: diretor de tecnologia da companhia deixar\u00e1 o cargo O &#8220;Vale Sa\u00fade Sempre&#8221; cobra de seus associados cerca de R$ 358,00 por ano. Entretanto a Uber [&hellip;]<\/p>\n","protected":false},"author":39,"featured_media":21697,"comment_status":"closed","ping_status":"closed","sticky":false,"template":"","format":"standard","meta":[],"categories":[64],"tags":[2487,2748,954],"suno_strategy":[],"class_list":["post-58613","post","type-post","status-publish","format-standard","has-post-thumbnail","hentry","category-negocios","tag-coronavirus","tag-pandemia","tag-uber-u1be34"],"yoast_head":"<!-- This site is optimized with the Yoast SEO plugin v24.4 - https:\/\/yoast.com\/wordpress\/plugins\/seo\/ -->\n<title>Uber conceder\u00e1 &#039;Vale Sa\u00fade Sempre&#039; para seus colaboradores<\/title>\n<meta name=\"description\" content=\"A Uber anuncia parceria que conceder\u00e1 a seus colaboradores &quot;Vale Sa\u00fade Sempre&quot; durante a crise do coronav\u00edrus. Clique aqui para saber mais\" \/>\n<meta name=\"robots\" content=\"index, follow, max-snippet:-1, max-image-preview:large, max-video-preview:-1\" \/>\n<link rel=\"canonical\" href=\"https:\/\/www.suno.com.br\/noticias\/uber-valesaude-sempre\/\" \/>\n<meta property=\"og:locale\" content=\"pt_BR\" \/>\n<meta property=\"og:type\" content=\"article\" \/>\n<meta property=\"og:title\" content=\"Uber conceder\u00e1 &#039;Vale Sa\u00fade Sempre&#039; para seus colaboradores\" \/>\n<meta property=\"og:description\" content=\"A Uber anuncia parceria que conceder\u00e1 a seus colaboradores &quot;Vale Sa\u00fade Sempre&quot; durante a crise do coronav\u00edrus. Clique aqui para saber mais\" \/>\n<meta property=\"og:url\" content=\"https:\/\/www.suno.com.br\/noticias\/uber-valesaude-sempre\/\" \/>\n<meta property=\"og:site_name\" content=\"Suno Not\u00edcias\" \/>\n<meta property=\"article:publisher\" content=\"https:\/\/facebook.com\/sunoresearch\" \/>\n<meta property=\"og:image\" content=\"https:\/\/files.sunoresearch.com.br\/n\/uploads\/2019\/04\/5de2b287-uber.jpg\" \/>\n\t<meta property=\"og:image:width\" content=\"608\" \/>\n\t<meta property=\"og:image:height\" content=\"342\" \/>\n\t<meta property=\"og:image:type\" content=\"image\/jpeg\" \/>\n<meta name=\"author\" content=\"Laura Moutinho\" \/>\n<meta name=\"twitter:card\" content=\"summary_large_image\" \/>\n<meta name=\"twitter:creator\" content=\"@sunoresearch\" \/>\n<meta name=\"twitter:site\" content=\"@sunoresearch\" \/>\n<meta name=\"twitter:label1\" content=\"Escrito por\" \/>\n\t<meta name=\"twitter:data1\" content=\"Laura Moutinho\" \/>\n\t<meta name=\"twitter:label2\" content=\"Est. tempo de leitura\" \/>\n\t<meta name=\"twitter:data2\" content=\"2 minutos\" \/>\n<script type=\"application\/ld+json\" class=\"yoast-schema-graph\">{\"@context\":\"https:\/\/schema.org\",\"@graph\":[{\"@type\":\"NewsArticle\",\"@id\":\"https:\/\/www.suno.com.br\/noticias\/uber-valesaude-sempre\/#article\",\"isPartOf\":{\"@id\":\"https:\/\/www.suno.com.br\/noticias\/uber-valesaude-sempre\/\"},\"author\":{\"name\":\"Laura Moutinho\",\"@id\":\"https:\/\/www.suno.com.br\/noticias\/#\/schema\/person\/3df0d2808748b74496efe5dbeaef2c72\"},\"headline\":\"Uber conceder\u00e1 &#8216;Vale Sa\u00fade Sempre&#8217; para seus colaboradores\",\"datePublished\":\"2020-03-25T00:29:42+00:00\",\"dateModified\":\"2020-03-25T00:31:29+00:00\",\"mainEntityOfPage\":{\"@id\":\"https:\/\/www.suno.com.br\/noticias\/uber-valesaude-sempre\/\"},\"wordCount\":400,\"publisher\":{\"@id\":\"https:\/\/www.suno.com.br\/noticias\/#organization\"},\"image\":{\"@id\":\"https:\/\/www.suno.com.br\/noticias\/uber-valesaude-sempre\/#primaryimage\"},\"thumbnailUrl\":\"https:\/\/files.sunoresearch.com.br\/n\/uploads\/2019\/04\/5de2b287-uber-jpg.webp\",\"keywords\":[\"coronav\u00edrus\",\"pandemia\",\"Uber (U1BE34)\"],\"articleSection\":[\"Neg\u00f3cios\"],\"inLanguage\":\"pt-BR\"},{\"@type\":\"WebPage\",\"@id\":\"https:\/\/www.suno.com.br\/noticias\/uber-valesaude-sempre\/\",\"url\":\"https:\/\/www.suno.com.br\/noticias\/uber-valesaude-sempre\/\",\"name\":\"Uber conceder\u00e1 'Vale Sa\u00fade Sempre' para seus colaboradores\",\"isPartOf\":{\"@id\":\"https:\/\/www.suno.com.br\/noticias\/#website\"},\"primaryImageOfPage\":{\"@id\":\"https:\/\/www.suno.com.br\/noticias\/uber-valesaude-sempre\/#primaryimage\"},\"image\":{\"@id\":\"https:\/\/www.suno.com.br\/noticias\/uber-valesaude-sempre\/#primaryimage\"},\"thumbnailUrl\":\"https:\/\/files.sunoresearch.com.br\/n\/uploads\/2019\/04\/5de2b287-uber-jpg.webp\",\"datePublished\":\"2020-03-25T00:29:42+00:00\",\"dateModified\":\"2020-03-25T00:31:29+00:00\",\"description\":\"A Uber anuncia parceria que conceder\u00e1 a seus colaboradores \\\"Vale Sa\u00fade Sempre\\\" durante a crise do coronav\u00edrus. Clique aqui para saber mais\",\"breadcrumb\":{\"@id\":\"https:\/\/www.suno.com.br\/noticias\/uber-valesaude-sempre\/#breadcrumb\"},\"inLanguage\":\"pt-BR\",\"potentialAction\":[{\"@type\":\"ReadAction\",\"target\":[\"https:\/\/www.suno.com.br\/noticias\/uber-valesaude-sempre\/\"]}]},{\"@type\":\"ImageObject\",\"inLanguage\":\"pt-BR\",\"@id\":\"https:\/\/www.suno.com.br\/noticias\/uber-valesaude-sempre\/#primaryimage\",\"url\":\"https:\/\/files.sunoresearch.com.br\/n\/uploads\/2019\/04\/5de2b287-uber-jpg.webp\",\"contentUrl\":\"https:\/\/files.sunoresearch.com.br\/n\/uploads\/2019\/04\/5de2b287-uber-jpg.webp\",\"width\":608,\"height\":342,\"caption\":\"Uber: diretor de tecnologia da companhia deixar\u00e1 o cargo\"},{\"@type\":\"BreadcrumbList\",\"@id\":\"https:\/\/www.suno.com.br\/noticias\/uber-valesaude-sempre\/#breadcrumb\",\"itemListElement\":[{\"@type\":\"ListItem\",\"position\":1,\"name\":\"Not\u00edcias\",\"item\":\"https:\/\/www.suno.com.br\/noticias\/\"},{\"@type\":\"ListItem\",\"position\":2,\"name\":\"Neg\u00f3cios\",\"item\":\"https:\/\/www.suno.com.br\/noticias\/negocios\/\"},{\"@type\":\"ListItem\",\"position\":3,\"name\":\"Uber conceder\u00e1 &#8216;Vale Sa\u00fade Sempre&#8217; para seus colaboradores\"}]},{\"@type\":\"WebSite\",\"@id\":\"https:\/\/www.suno.com.br\/noticias\/#website\",\"url\":\"https:\/\/www.suno.com.br\/noticias\/\",\"name\":\"Suno Not\u00edcias\",\"description\":\"Seu portal de informa\u00e7\u00e3o sobre o mundo dos investimentos\",\"publisher\":{\"@id\":\"https:\/\/www.suno.com.br\/noticias\/#organization\"},\"potentialAction\":[{\"@type\":\"SearchAction\",\"target\":{\"@type\":\"EntryPoint\",\"urlTemplate\":\"https:\/\/www.suno.com.br\/noticias\/?s={search_term_string}\"},\"query-input\":{\"@type\":\"PropertyValueSpecification\",\"valueRequired\":true,\"valueName\":\"search_term_string\"}}],\"inLanguage\":\"pt-BR\"},{\"@type\":\"Organization\",\"@id\":\"https:\/\/www.suno.com.br\/noticias\/#organization\",\"name\":\"Suno Not\u00edcias\",\"url\":\"https:\/\/www.suno.com.br\/noticias\/\",\"logo\":{\"@type\":\"ImageObject\",\"inLanguage\":\"pt-BR\",\"@id\":\"https:\/\/www.suno.com.br\/noticias\/#\/schema\/logo\/image\/\",\"url\":\"https:\/\/files.sunoresearch.com.br\/n\/uploads\/2021\/09\/suno-logo.png\",\"contentUrl\":\"https:\/\/files.sunoresearch.com.br\/n\/uploads\/2021\/09\/suno-logo.png\",\"width\":180,\"height\":180,\"caption\":\"Suno Not\u00edcias\"},\"image\":{\"@id\":\"https:\/\/www.suno.com.br\/noticias\/#\/schema\/logo\/image\/\"},\"sameAs\":[\"https:\/\/facebook.com\/sunoresearch\",\"https:\/\/x.com\/sunoresearch\",\"https:\/\/www.instagram.com\/suno\",\"https:\/\/www.linkedin.com\/company\/suno-research\/\",\"https:\/\/www.youtube.com\/c\/sunoresearch\"]},{\"@type\":\"Person\",\"@id\":\"https:\/\/www.suno.com.br\/noticias\/#\/schema\/person\/3df0d2808748b74496efe5dbeaef2c72\",\"name\":\"Laura Moutinho\",\"image\":{\"@type\":\"ImageObject\",\"inLanguage\":\"pt-BR\",\"@id\":\"https:\/\/www.suno.com.br\/noticias\/#\/schema\/person\/image\/\",\"url\":\"https:\/\/secure.gravatar.com\/avatar\/7571c7c8ca3a6fca5e41384ece5557ff?s=96&r=g\",\"contentUrl\":\"https:\/\/secure.gravatar.com\/avatar\/7571c7c8ca3a6fca5e41384ece5557ff?s=96&r=g\",\"caption\":\"Laura Moutinho\"},\"description\":\"Estagi\u00e1ria na Suno Not\u00edcias, escreve not\u00edcias que afetam o mercado financeiro. Estuda administra\u00e7\u00e3o na Universidade Presbiteriana Mackenzie.\",\"url\":\"https:\/\/www.suno.com.br\/noticias\/author\/laura-moutinho\/\"}]}<\/script>\n<!-- \/ Yoast SEO plugin. -->","yoast_head_json":{"title":"Uber conceder\u00e1 'Vale Sa\u00fade Sempre' para seus colaboradores","description":"A Uber anuncia parceria que conceder\u00e1 a seus colaboradores \"Vale Sa\u00fade Sempre\" durante a crise do coronav\u00edrus. Clique aqui para saber mais","robots":{"index":"index","follow":"follow","max-snippet":"max-snippet:-1","max-image-preview":"max-image-preview:large","max-video-preview":"max-video-preview:-1"},"canonical":"https:\/\/www.suno.com.br\/noticias\/uber-valesaude-sempre\/","og_locale":"pt_BR","og_type":"article","og_title":"Uber conceder\u00e1 'Vale Sa\u00fade Sempre' para seus colaboradores","og_description":"A Uber anuncia parceria que conceder\u00e1 a seus colaboradores \"Vale Sa\u00fade Sempre\" durante a crise do coronav\u00edrus. Clique aqui para saber mais","og_url":"https:\/\/www.suno.com.br\/noticias\/uber-valesaude-sempre\/","og_site_name":"Suno Not\u00edcias","article_publisher":"https:\/\/facebook.com\/sunoresearch","og_image":[{"width":608,"height":342,"url":"https:\/\/files.sunoresearch.com.br\/n\/uploads\/2019\/04\/5de2b287-uber.jpg","type":"image\/jpeg"}],"author":"Laura Moutinho","twitter_card":"summary_large_image","twitter_creator":"@sunoresearch","twitter_site":"@sunoresearch","twitter_misc":{"Escrito por":"Laura Moutinho","Est. tempo de leitura":"2 minutos"},"schema":{"@context":"https:\/\/schema.org","@graph":[{"@type":"NewsArticle","@id":"https:\/\/www.suno.com.br\/noticias\/uber-valesaude-sempre\/#article","isPartOf":{"@id":"https:\/\/www.suno.com.br\/noticias\/uber-valesaude-sempre\/"},"author":{"name":"Laura Moutinho","@id":"https:\/\/www.suno.com.br\/noticias\/#\/schema\/person\/3df0d2808748b74496efe5dbeaef2c72"},"headline":"Uber conceder\u00e1 &#8216;Vale Sa\u00fade Sempre&#8217; para seus colaboradores","datePublished":"2020-03-25T00:29:42+00:00","dateModified":"2020-03-25T00:31:29+00:00","mainEntityOfPage":{"@id":"https:\/\/www.suno.com.br\/noticias\/uber-valesaude-sempre\/"},"wordCount":400,"publisher":{"@id":"https:\/\/www.suno.com.br\/noticias\/#organization"},"image":{"@id":"https:\/\/www.suno.com.br\/noticias\/uber-valesaude-sempre\/#primaryimage"},"thumbnailUrl":"https:\/\/files.sunoresearch.com.br\/n\/uploads\/2019\/04\/5de2b287-uber-jpg.webp","keywords":["coronav\u00edrus","pandemia","Uber (U1BE34)"],"articleSection":["Neg\u00f3cios"],"inLanguage":"pt-BR"},{"@type":"WebPage","@id":"https:\/\/www.suno.com.br\/noticias\/uber-valesaude-sempre\/","url":"https:\/\/www.suno.com.br\/noticias\/uber-valesaude-sempre\/","name":"Uber conceder\u00e1 'Vale Sa\u00fade Sempre' para seus colaboradores","isPartOf":{"@id":"https:\/\/www.suno.com.br\/noticias\/#website"},"primaryImageOfPage":{"@id":"https:\/\/www.suno.com.br\/noticias\/uber-valesaude-sempre\/#primaryimage"},"image":{"@id":"https:\/\/www.suno.com.br\/noticias\/uber-valesaude-sempre\/#primaryimage"},"thumbnailUrl":"https:\/\/files.sunoresearch.com.br\/n\/uploads\/2019\/04\/5de2b287-uber-jpg.webp","datePublished":"2020-03-25T00:29:42+00:00","dateModified":"2020-03-25T00:31:29+00:00","description":"A Uber anuncia parceria que conceder\u00e1 a seus colaboradores \"Vale Sa\u00fade Sempre\" durante a crise do coronav\u00edrus. Clique aqui para saber mais","breadcrumb":{"@id":"https:\/\/www.suno.com.br\/noticias\/uber-valesaude-sempre\/#breadcrumb"},"inLanguage":"pt-BR","potentialAction":[{"@type":"ReadAction","target":["https:\/\/www.suno.com.br\/noticias\/uber-valesaude-sempre\/"]}]},{"@type":"ImageObject","inLanguage":"pt-BR","@id":"https:\/\/www.suno.com.br\/noticias\/uber-valesaude-sempre\/#primaryimage","url":"https:\/\/files.sunoresearch.com.br\/n\/uploads\/2019\/04\/5de2b287-uber-jpg.webp","contentUrl":"https:\/\/files.sunoresearch.com.br\/n\/uploads\/2019\/04\/5de2b287-uber-jpg.webp","width":608,"height":342,"caption":"Uber: diretor de tecnologia da companhia deixar\u00e1 o cargo"},{"@type":"BreadcrumbList","@id":"https:\/\/www.suno.com.br\/noticias\/uber-valesaude-sempre\/#breadcrumb","itemListElement":[{"@type":"ListItem","position":1,"name":"Not\u00edcias","item":"https:\/\/www.suno.com.br\/noticias\/"},{"@type":"ListItem","position":2,"name":"Neg\u00f3cios","item":"https:\/\/www.suno.com.br\/noticias\/negocios\/"},{"@type":"ListItem","position":3,"name":"Uber conceder\u00e1 &#8216;Vale Sa\u00fade Sempre&#8217; para seus colaboradores"}]},{"@type":"WebSite","@id":"https:\/\/www.suno.com.br\/noticias\/#website","url":"https:\/\/www.suno.com.br\/noticias\/","name":"Suno Not\u00edcias","description":"Seu portal de informa\u00e7\u00e3o sobre o mundo dos investimentos","publisher":{"@id":"https:\/\/www.suno.com.br\/noticias\/#organization"},"potentialAction":[{"@type":"SearchAction","target":{"@type":"EntryPoint","urlTemplate":"https:\/\/www.suno.com.br\/noticias\/?s={search_term_string}"},"query-input":{"@type":"PropertyValueSpecification","valueRequired":true,"valueName":"search_term_string"}}],"inLanguage":"pt-BR"},{"@type":"Organization","@id":"https:\/\/www.suno.com.br\/noticias\/#organization","name":"Suno Not\u00edcias","url":"https:\/\/www.suno.com.br\/noticias\/","logo":{"@type":"ImageObject","inLanguage":"pt-BR","@id":"https:\/\/www.suno.com.br\/noticias\/#\/schema\/logo\/image\/","url":"https:\/\/files.sunoresearch.com.br\/n\/uploads\/2021\/09\/suno-logo.png","contentUrl":"https:\/\/files.sunoresearch.com.br\/n\/uploads\/2021\/09\/suno-logo.png","width":180,"height":180,"caption":"Suno Not\u00edcias"},"image":{"@id":"https:\/\/www.suno.com.br\/noticias\/#\/schema\/logo\/image\/"},"sameAs":["https:\/\/facebook.com\/sunoresearch","https:\/\/x.com\/sunoresearch","https:\/\/www.instagram.com\/suno","https:\/\/www.linkedin.com\/company\/suno-research\/","https:\/\/www.youtube.com\/c\/sunoresearch"]},{"@type":"Person","@id":"https:\/\/www.suno.com.br\/noticias\/#\/schema\/person\/3df0d2808748b74496efe5dbeaef2c72","name":"Laura Moutinho","image":{"@type":"ImageObject","inLanguage":"pt-BR","@id":"https:\/\/www.suno.com.br\/noticias\/#\/schema\/person\/image\/","url":"https:\/\/secure.gravatar.com\/avatar\/7571c7c8ca3a6fca5e41384ece5557ff?s=96&r=g","contentUrl":"https:\/\/secure.gravatar.com\/avatar\/7571c7c8ca3a6fca5e41384ece5557ff?s=96&r=g","caption":"Laura Moutinho"},"description":"Estagi\u00e1ria na Suno Not\u00edcias, escreve not\u00edcias que afetam o mercado financeiro. Estuda administra\u00e7\u00e3o na Universidade Presbiteriana Mackenzie.","url":"https:\/\/www.suno.com.br\/noticias\/author\/laura-moutinho\/"}]}},"default_loop_html":"<div class=\"cardsPage__listCard__boxs\"><div class=\"cardsPage__listCard__boxs__img\"><a href=\"https:\/\/www.suno.com.br\/noticias\/uber-valesaude-sempre\/\"><img class=\"mask\" src=\"https:\/\/www.suno.com.br\/noticias\/wp-content\/themes\/suno\/resources\/images\/spotlight\/spotlight1img\/bg-mask.png\" alt=\"Image Mask\"\/><img src=\"https:\/\/files.sunoresearch.com.br\/n\/uploads\/2019\/04\/5de2b287-uber-400x200.webp\" alt=\"Uber conceder\u00e1 &#8216;Vale Sa\u00fade Sempre&#8217; para seus colaboradores\"\/><\/a><span class=\"spotlightCategory\"><a href=\"https:\/\/www.suno.com.br\/noticias\/negocios\/\">Neg\u00f3cios<\/a><\/span><\/div><div class=\"cardsPage__listCard__boxs__content\"><a href=\"https:\/\/www.suno.com.br\/noticias\/uber-valesaude-sempre\/\"><h2 class=\"content__title\">Uber conceder\u00e1 &#8216;Vale Sa\u00fade Sempre&#8217; para seus colaboradores<\/h2><\/a><div class=\"newsContent__article__meta\"><div class=\"newsContent__article__meta__authorBox\"><a href=\"https:\/\/www.suno.com.br\/noticias\/author\/laura-moutinho\/\" class=\"authorBox__avatar noMobi\"><img src=\"https:\/\/files.sunoresearch.com.br\/n\/uploads\/2020\/08\/531ff69d-whatsapp-image-2020-08-03-at-14.54.38-150x150.webp\" alt=\"Laura Moutinho\"><\/a><div class=\"authorBox__name\"><span>por\n\t\t\t<a href=\"https:\/\/www.suno.com.br\/noticias\/author\/laura-moutinho\/\"><span itemprop=\"author\">Laura Moutinho<\/span><\/a><\/span><time datetime=\"2020-03-24T21:29:42-03:00\" itemprop=\"datePublished\">24\/03\/2020 21:29<\/time><\/div><\/div><\/div><\/div><\/div>","single_layout":"posts","amp_enabled":true,"_links":{"self":[{"href":"https:\/\/www.suno.com.br\/noticias\/wp-json\/wp\/v2\/posts\/58613"}],"collection":[{"href":"https:\/\/www.suno.com.br\/noticias\/wp-json\/wp\/v2\/posts"}],"about":[{"href":"https:\/\/www.suno.com.br\/noticias\/wp-json\/wp\/v2\/types\/post"}],"author":[{"embeddable":true,"href":"https:\/\/www.suno.com.br\/noticias\/wp-json\/wp\/v2\/users\/39"}],"replies":[{"embeddable":true,"href":"https:\/\/www.suno.com.br\/noticias\/wp-json\/wp\/v2\/comments?post=58613"}],"version-history":[{"count":0,"href":"https:\/\/www.suno.com.br\/noticias\/wp-json\/wp\/v2\/posts\/58613\/revisions"}],"wp:featuredmedia":[{"embeddable":true,"href":"https:\/\/www.suno.com.br\/noticias\/wp-json\/wp\/v2\/media\/21697"}],"wp:attachment":[{"href":"https:\/\/www.suno.com.br\/noticias\/wp-json\/wp\/v2\/media?parent=58613"}],"wp:term":[{"taxonomy":"category","embeddable":true,"href":"https:\/\/www.suno.com.br\/noticias\/wp-json\/wp\/v2\/categories?post=58613"},{"taxonomy":"post_tag","embeddable":true,"href":"https:\/\/www.suno.com.br\/noticias\/wp-json\/wp\/v2\/tags?post=58613"},{"taxonomy":"suno_strategy","embeddable":true,"href":"https:\/\/www.suno.com.br\/noticias\/wp-json\/wp\/v2\/suno_strategy?post=58613"}],"curies":[{"name":"wp","href":"https:\/\/api.w.org\/{rel}","templated":true}]}}