{"id":5861,"date":"2018-10-30T10:49:23","date_gmt":"2018-10-30T13:49:23","guid":{"rendered":"https:\/\/www.suno.com.br\/noticias\/?p=5861"},"modified":"2021-02-18T17:56:32","modified_gmt":"2021-02-18T20:56:32","slug":"ibovespa-abre-3010","status":"publish","type":"post","link":"https:\/\/www.suno.com.br\/noticias\/ibovespa-abre-3010\/","title":{"rendered":"Ibovespa abre ter\u00e7a-feira com alta de +0,56%; d\u00f3lar cai para R$ 3,69"},"content":{"rendered":"<p>A abertura do mercado desta ter\u00e7a-feira, 30 de outubro, do Ibovespa apresentou alta. Por volta de 10h30, o \u00edndice da Bolsa de Valores de S\u00e3o Paulo apresentava 84.109 de pontua\u00e7\u00e3o, com varia\u00e7\u00e3o de +0,56%. O d\u00f3lar teve queda de -0,27%, sendo avaliado em R$ 3,69.<\/p>\t<div class=\"wrapper-featured-image\">\n\t\t<figure class=\"spotlightImg\">\n\n\t\t\t<picture>\n\t\t\t\t<source media=\"(max-width: 768px)\" srcset=\"https:\/\/files.sunoresearch.com.br\/n\/uploads\/2018\/10\/0ccfc4a8-ibovespa-400x200.webp\">\n\t\t\t\t<img loading=\"lazy\" decoding=\"async\" class=\"newsContent__article__imgCapa lazyloadDisabled newsContent__article__imgCapa--noCaption\" src=\"https:\/\/files.sunoresearch.com.br\/n\/uploads\/2018\/10\/0ccfc4a8-ibovespa-800x450.webp\" width=\"800\" height=\"450\" alt=\"Ibovespa abre ter\u00e7a-feira com alta de +0,56%; d\u00f3lar cai para R$ 3,69\" fetchpriority=high \/>\n\t\t\t<\/picture>\n\n\t\t\t<figcaption class=\"wp-caption-text wp-caption-text--hide\">O Ibovespa abriu em queda nesta quarta-feira (17), ap\u00f3s o feriado de Carnaval, seguindo as bolsas mundiais. <\/figcaption>\n\t\t<\/figure>\n\t<\/div>\n\n\n<p>A alta no\u00a0<strong>Inbovespa <\/strong>acontece\u00a0ap\u00f3s fechar o dia de ontem em forte queda de -2,24%, em meio ao &#8220;mau-humor&#8221; do cen\u00e1rio externo.<\/p>\n<p><strong>Pol\u00edtica<\/strong><\/p>\n<p>O candidato do PSL se pronunciou sobre seu governo pela primeira vez.<\/p>\n<p>Destaque, principalmente, pela reforma da previd\u00eancia, \u00e1rea que o capit\u00e3o da reserva quer come\u00e7ar a resolver ainda este ano.<\/p>\n<p>O discurso atual \u00e9 oposto ao defendido por seu prov\u00e1vel chefe da Casa Civil, Onyx Lorenzoni, que havia afirmado anteriormente que deveria encaminhar uma nova reforma em 2019, diferente da proposta por Michel Temer.<\/p>\n<p><strong>Desemprego<\/strong><\/p>\n<p>Fique de olho na divulga\u00e7\u00e3o do IBGE sobre o \u00edndice de desemprego no m\u00eas de setembro.<\/p>\n<p>Especialistas apontam que deve acontecer uma queda em rela\u00e7\u00e3o ao \u00edndice.<\/p>\n<p><strong>Temporada de balan\u00e7os<\/strong><\/p>\n<p>Segue a temporada de balan\u00e7os referentes ao terceiro trimestre de 2018.<\/p>\n<p>A expectativa para o dia de hoje est\u00e1 ligada, principalmente, a divulga\u00e7\u00e3o dos n\u00fameros de: Cielo, Smiles e Telefonica.<\/p>\n<p>\u00c9 esperado que os dados sejam divulgados ap\u00f3s o fechamento do mercado.<\/p>\n<p><strong>Bolsas internacionais<\/strong><\/p>\n<p>As bolsas asi\u00e1ticas encerraram o dia no positivo, alta que acontece em meio as novas declara\u00e7\u00f5es do \u00f3rg\u00e3o regulador do mercado financeiro.<\/p>\n<p>A institui\u00e7\u00e3o anunciou que pretende aumentar a liquidez do mercado, facilitar as aquisi\u00e7\u00f5es e fus\u00f5es de neg\u00f3cios listados e incentivar a compra de a\u00e7\u00f5es.<\/p>\n<p>A maior parte das bolsas europeias operam em queda, enquanto a tens\u00e3o comercial entre EUA e China cresce.<\/p>\n<p>Os \u00edndices futuros do mercado estadunidense indicam alta, principalmente, pela expectativa sobre a divulga\u00e7\u00e3o de novos balan\u00e7os trimestrais.<\/p>\n","protected":false},"excerpt":{"rendered":"<p>A abertura do mercado desta ter\u00e7a-feira, 30 de outubro, do Ibovespa apresentou alta. Por volta de 10h30, o \u00edndice da Bolsa de Valores de S\u00e3o Paulo apresentava 84.109 de pontua\u00e7\u00e3o, com varia\u00e7\u00e3o de +0,56%. O d\u00f3lar teve queda de -0,27%, sendo avaliado em R$ 3,69. O Ibovespa abriu em queda nesta quarta-feira (17), ap\u00f3s o [&hellip;]<\/p>\n","protected":false},"author":7,"featured_media":4617,"comment_status":"closed","ping_status":"closed","sticky":false,"template":"","format":"standard","meta":[],"categories":[60],"tags":[286,309,711,326,793,710,721,719],"suno_strategy":[],"class_list":["post-5861","post","type-post","status-publish","format-standard","has-post-thumbnail","hentry","category-mercado","tag-acoes","tag-bolsa-de-valores","tag-china","tag-dolar","tag-estados-unidos-eua","tag-europa","tag-ibovespa","tag-jair-bolsonaro"],"yoast_head":"<!-- This site is optimized with the Yoast SEO plugin v24.4 - https:\/\/yoast.com\/wordpress\/plugins\/seo\/ -->\n<title>Ibovespa abre ter\u00e7a-feira com alta de +0,56%; d\u00f3lar cai para R$ 3,69<\/title>\n<meta name=\"description\" content=\"Ap\u00f3s fechar em queda de 2,24% ontem, o Ibovespa abre a ter\u00e7a-feira em alta de 0,56%, d\u00f3lar cai para R$ 3,69. Clique para saber mais.\" \/>\n<meta name=\"robots\" content=\"index, follow, max-snippet:-1, max-image-preview:large, max-video-preview:-1\" \/>\n<link rel=\"canonical\" href=\"https:\/\/www.suno.com.br\/noticias\/ibovespa-abre-3010\/\" \/>\n<meta property=\"og:locale\" content=\"pt_BR\" \/>\n<meta property=\"og:type\" content=\"article\" \/>\n<meta property=\"og:title\" content=\"Ibovespa abre ter\u00e7a-feira com alta de +0,56%; d\u00f3lar cai para R$ 3,69\" \/>\n<meta property=\"og:description\" content=\"Ap\u00f3s fechar em queda de 2,24% ontem, o Ibovespa abre a ter\u00e7a-feira em alta de 0,56%, d\u00f3lar cai para R$ 3,69. Clique para saber mais.\" \/>\n<meta property=\"og:url\" content=\"https:\/\/www.suno.com.br\/noticias\/ibovespa-abre-3010\/\" \/>\n<meta property=\"og:site_name\" content=\"Suno Not\u00edcias\" \/>\n<meta property=\"article:publisher\" content=\"https:\/\/facebook.com\/sunoresearch\" \/>\n<meta property=\"article:author\" content=\"https:\/\/www.linkedin.com\/in\/mateus-vasconcellos-4b3542123\/\" \/>\n<meta property=\"og:image\" content=\"https:\/\/files.sunoresearch.com.br\/n\/uploads\/2018\/10\/0ccfc4a8-ibovespa.jpg\" \/>\n\t<meta property=\"og:image:width\" content=\"1920\" \/>\n\t<meta property=\"og:image:height\" content=\"1440\" \/>\n\t<meta property=\"og:image:type\" content=\"image\/jpeg\" \/>\n<meta name=\"author\" content=\"Mateus Vasconcellos\" \/>\n<meta name=\"twitter:card\" content=\"summary_large_image\" \/>\n<meta name=\"twitter:creator\" content=\"@sunoresearch\" \/>\n<meta name=\"twitter:site\" content=\"@sunoresearch\" \/>\n<meta name=\"twitter:label1\" content=\"Escrito por\" \/>\n\t<meta name=\"twitter:data1\" content=\"Mateus Vasconcellos\" \/>\n\t<meta name=\"twitter:label2\" content=\"Est. tempo de leitura\" \/>\n\t<meta name=\"twitter:data2\" content=\"2 minutos\" \/>\n<script type=\"application\/ld+json\" class=\"yoast-schema-graph\">{\"@context\":\"https:\/\/schema.org\",\"@graph\":[{\"@type\":\"NewsArticle\",\"@id\":\"https:\/\/www.suno.com.br\/noticias\/ibovespa-abre-3010\/#article\",\"isPartOf\":{\"@id\":\"https:\/\/www.suno.com.br\/noticias\/ibovespa-abre-3010\/\"},\"author\":{\"name\":\"Mateus Vasconcellos\",\"@id\":\"https:\/\/www.suno.com.br\/noticias\/#\/schema\/person\/ff5cc30ec6c0b55b6d3f3cfc4378b74e\"},\"headline\":\"Ibovespa abre ter\u00e7a-feira com alta de +0,56%; d\u00f3lar cai para R$ 3,69\",\"datePublished\":\"2018-10-30T13:49:23+00:00\",\"dateModified\":\"2021-02-18T20:56:32+00:00\",\"mainEntityOfPage\":{\"@id\":\"https:\/\/www.suno.com.br\/noticias\/ibovespa-abre-3010\/\"},\"wordCount\":326,\"publisher\":{\"@id\":\"https:\/\/www.suno.com.br\/noticias\/#organization\"},\"image\":{\"@id\":\"https:\/\/www.suno.com.br\/noticias\/ibovespa-abre-3010\/#primaryimage\"},\"thumbnailUrl\":\"https:\/\/files.sunoresearch.com.br\/n\/uploads\/2018\/10\/0ccfc4a8-ibovespa-jpg.webp\",\"keywords\":[\"A\u00e7\u00f5es\",\"Bolsa de Valores\",\"China\",\"d\u00f3lar\",\"Estados Unidos (EUA)\",\"Europa\",\"Ibovespa\",\"Jair Bolsonaro\"],\"articleSection\":[\"Mercado\"],\"inLanguage\":\"pt-BR\"},{\"@type\":\"WebPage\",\"@id\":\"https:\/\/www.suno.com.br\/noticias\/ibovespa-abre-3010\/\",\"url\":\"https:\/\/www.suno.com.br\/noticias\/ibovespa-abre-3010\/\",\"name\":\"Ibovespa abre ter\u00e7a-feira com alta de +0,56%; d\u00f3lar cai para R$ 3,69\",\"isPartOf\":{\"@id\":\"https:\/\/www.suno.com.br\/noticias\/#website\"},\"primaryImageOfPage\":{\"@id\":\"https:\/\/www.suno.com.br\/noticias\/ibovespa-abre-3010\/#primaryimage\"},\"image\":{\"@id\":\"https:\/\/www.suno.com.br\/noticias\/ibovespa-abre-3010\/#primaryimage\"},\"thumbnailUrl\":\"https:\/\/files.sunoresearch.com.br\/n\/uploads\/2018\/10\/0ccfc4a8-ibovespa-jpg.webp\",\"datePublished\":\"2018-10-30T13:49:23+00:00\",\"dateModified\":\"2021-02-18T20:56:32+00:00\",\"description\":\"Ap\u00f3s fechar em queda de 2,24% ontem, o Ibovespa abre a ter\u00e7a-feira em alta de 0,56%, d\u00f3lar cai para R$ 3,69. Clique para saber mais.\",\"breadcrumb\":{\"@id\":\"https:\/\/www.suno.com.br\/noticias\/ibovespa-abre-3010\/#breadcrumb\"},\"inLanguage\":\"pt-BR\",\"potentialAction\":[{\"@type\":\"ReadAction\",\"target\":[\"https:\/\/www.suno.com.br\/noticias\/ibovespa-abre-3010\/\"]}]},{\"@type\":\"ImageObject\",\"inLanguage\":\"pt-BR\",\"@id\":\"https:\/\/www.suno.com.br\/noticias\/ibovespa-abre-3010\/#primaryimage\",\"url\":\"https:\/\/files.sunoresearch.com.br\/n\/uploads\/2018\/10\/0ccfc4a8-ibovespa-jpg.webp\",\"contentUrl\":\"https:\/\/files.sunoresearch.com.br\/n\/uploads\/2018\/10\/0ccfc4a8-ibovespa-jpg.webp\",\"width\":1920,\"height\":1440,\"caption\":\"O Ibovespa abriu em queda nesta quarta-feira (17), ap\u00f3s o feriado de Carnaval, seguindo as bolsas mundiais.\"},{\"@type\":\"BreadcrumbList\",\"@id\":\"https:\/\/www.suno.com.br\/noticias\/ibovespa-abre-3010\/#breadcrumb\",\"itemListElement\":[{\"@type\":\"ListItem\",\"position\":1,\"name\":\"Not\u00edcias\",\"item\":\"https:\/\/www.suno.com.br\/noticias\/\"},{\"@type\":\"ListItem\",\"position\":2,\"name\":\"Mercado\",\"item\":\"https:\/\/www.suno.com.br\/noticias\/mercado\/\"},{\"@type\":\"ListItem\",\"position\":3,\"name\":\"Ibovespa abre ter\u00e7a-feira com alta de +0,56%; d\u00f3lar cai para R$ 3,69\"}]},{\"@type\":\"WebSite\",\"@id\":\"https:\/\/www.suno.com.br\/noticias\/#website\",\"url\":\"https:\/\/www.suno.com.br\/noticias\/\",\"name\":\"Suno Not\u00edcias\",\"description\":\"Seu portal de informa\u00e7\u00e3o sobre o mundo dos investimentos\",\"publisher\":{\"@id\":\"https:\/\/www.suno.com.br\/noticias\/#organization\"},\"potentialAction\":[{\"@type\":\"SearchAction\",\"target\":{\"@type\":\"EntryPoint\",\"urlTemplate\":\"https:\/\/www.suno.com.br\/noticias\/?s={search_term_string}\"},\"query-input\":{\"@type\":\"PropertyValueSpecification\",\"valueRequired\":true,\"valueName\":\"search_term_string\"}}],\"inLanguage\":\"pt-BR\"},{\"@type\":\"Organization\",\"@id\":\"https:\/\/www.suno.com.br\/noticias\/#organization\",\"name\":\"Suno Not\u00edcias\",\"url\":\"https:\/\/www.suno.com.br\/noticias\/\",\"logo\":{\"@type\":\"ImageObject\",\"inLanguage\":\"pt-BR\",\"@id\":\"https:\/\/www.suno.com.br\/noticias\/#\/schema\/logo\/image\/\",\"url\":\"https:\/\/files.sunoresearch.com.br\/n\/uploads\/2021\/09\/suno-logo.png\",\"contentUrl\":\"https:\/\/files.sunoresearch.com.br\/n\/uploads\/2021\/09\/suno-logo.png\",\"width\":180,\"height\":180,\"caption\":\"Suno Not\u00edcias\"},\"image\":{\"@id\":\"https:\/\/www.suno.com.br\/noticias\/#\/schema\/logo\/image\/\"},\"sameAs\":[\"https:\/\/facebook.com\/sunoresearch\",\"https:\/\/x.com\/sunoresearch\",\"https:\/\/www.instagram.com\/suno\",\"https:\/\/www.linkedin.com\/company\/suno-research\/\",\"https:\/\/www.youtube.com\/c\/sunoresearch\"]},{\"@type\":\"Person\",\"@id\":\"https:\/\/www.suno.com.br\/noticias\/#\/schema\/person\/ff5cc30ec6c0b55b6d3f3cfc4378b74e\",\"name\":\"Mateus Vasconcellos\",\"image\":{\"@type\":\"ImageObject\",\"inLanguage\":\"pt-BR\",\"@id\":\"https:\/\/www.suno.com.br\/noticias\/#\/schema\/person\/image\/\",\"url\":\"https:\/\/secure.gravatar.com\/avatar\/8d725238a0ef7530bdf58578a222f948?s=96&r=g\",\"contentUrl\":\"https:\/\/secure.gravatar.com\/avatar\/8d725238a0ef7530bdf58578a222f948?s=96&r=g\",\"caption\":\"Mateus Vasconcellos\"},\"description\":\"Formado em jornalismo pela Universidade Presbiteriana Mackenzie, Mateus Vasconcellos escreve sobre o mercado financeiro para o portal de not\u00edcias da Suno Research. Antes da Suno, teve passagem pelo Observat\u00f3rio do Terceiro Setor e \u00e9 vencedor do 7\u00b0 Pr\u00eamio Jovem Jornalista Fernando Pacheco Jord\u00e3o.\",\"sameAs\":[\"https:\/\/www.suno.com.br\",\"https:\/\/www.linkedin.com\/in\/mateus-vasconcellos-4b3542123\/\"],\"url\":\"https:\/\/www.suno.com.br\/noticias\/author\/mateus-vasconcellos\/\"}]}<\/script>\n<!-- \/ Yoast SEO plugin. -->","yoast_head_json":{"title":"Ibovespa abre ter\u00e7a-feira com alta de +0,56%; d\u00f3lar cai para R$ 3,69","description":"Ap\u00f3s fechar em queda de 2,24% ontem, o Ibovespa abre a ter\u00e7a-feira em alta de 0,56%, d\u00f3lar cai para R$ 3,69. Clique para saber mais.","robots":{"index":"index","follow":"follow","max-snippet":"max-snippet:-1","max-image-preview":"max-image-preview:large","max-video-preview":"max-video-preview:-1"},"canonical":"https:\/\/www.suno.com.br\/noticias\/ibovespa-abre-3010\/","og_locale":"pt_BR","og_type":"article","og_title":"Ibovespa abre ter\u00e7a-feira com alta de +0,56%; d\u00f3lar cai para R$ 3,69","og_description":"Ap\u00f3s fechar em queda de 2,24% ontem, o Ibovespa abre a ter\u00e7a-feira em alta de 0,56%, d\u00f3lar cai para R$ 3,69. Clique para saber mais.","og_url":"https:\/\/www.suno.com.br\/noticias\/ibovespa-abre-3010\/","og_site_name":"Suno Not\u00edcias","article_publisher":"https:\/\/facebook.com\/sunoresearch","article_author":"https:\/\/www.linkedin.com\/in\/mateus-vasconcellos-4b3542123\/","og_image":[{"width":1920,"height":1440,"url":"https:\/\/files.sunoresearch.com.br\/n\/uploads\/2018\/10\/0ccfc4a8-ibovespa.jpg","type":"image\/jpeg"}],"author":"Mateus Vasconcellos","twitter_card":"summary_large_image","twitter_creator":"@sunoresearch","twitter_site":"@sunoresearch","twitter_misc":{"Escrito por":"Mateus Vasconcellos","Est. tempo de leitura":"2 minutos"},"schema":{"@context":"https:\/\/schema.org","@graph":[{"@type":"NewsArticle","@id":"https:\/\/www.suno.com.br\/noticias\/ibovespa-abre-3010\/#article","isPartOf":{"@id":"https:\/\/www.suno.com.br\/noticias\/ibovespa-abre-3010\/"},"author":{"name":"Mateus Vasconcellos","@id":"https:\/\/www.suno.com.br\/noticias\/#\/schema\/person\/ff5cc30ec6c0b55b6d3f3cfc4378b74e"},"headline":"Ibovespa abre ter\u00e7a-feira com alta de +0,56%; d\u00f3lar cai para R$ 3,69","datePublished":"2018-10-30T13:49:23+00:00","dateModified":"2021-02-18T20:56:32+00:00","mainEntityOfPage":{"@id":"https:\/\/www.suno.com.br\/noticias\/ibovespa-abre-3010\/"},"wordCount":326,"publisher":{"@id":"https:\/\/www.suno.com.br\/noticias\/#organization"},"image":{"@id":"https:\/\/www.suno.com.br\/noticias\/ibovespa-abre-3010\/#primaryimage"},"thumbnailUrl":"https:\/\/files.sunoresearch.com.br\/n\/uploads\/2018\/10\/0ccfc4a8-ibovespa-jpg.webp","keywords":["A\u00e7\u00f5es","Bolsa de Valores","China","d\u00f3lar","Estados Unidos (EUA)","Europa","Ibovespa","Jair Bolsonaro"],"articleSection":["Mercado"],"inLanguage":"pt-BR"},{"@type":"WebPage","@id":"https:\/\/www.suno.com.br\/noticias\/ibovespa-abre-3010\/","url":"https:\/\/www.suno.com.br\/noticias\/ibovespa-abre-3010\/","name":"Ibovespa abre ter\u00e7a-feira com alta de +0,56%; d\u00f3lar cai para R$ 3,69","isPartOf":{"@id":"https:\/\/www.suno.com.br\/noticias\/#website"},"primaryImageOfPage":{"@id":"https:\/\/www.suno.com.br\/noticias\/ibovespa-abre-3010\/#primaryimage"},"image":{"@id":"https:\/\/www.suno.com.br\/noticias\/ibovespa-abre-3010\/#primaryimage"},"thumbnailUrl":"https:\/\/files.sunoresearch.com.br\/n\/uploads\/2018\/10\/0ccfc4a8-ibovespa-jpg.webp","datePublished":"2018-10-30T13:49:23+00:00","dateModified":"2021-02-18T20:56:32+00:00","description":"Ap\u00f3s fechar em queda de 2,24% ontem, o Ibovespa abre a ter\u00e7a-feira em alta de 0,56%, d\u00f3lar cai para R$ 3,69. Clique para saber mais.","breadcrumb":{"@id":"https:\/\/www.suno.com.br\/noticias\/ibovespa-abre-3010\/#breadcrumb"},"inLanguage":"pt-BR","potentialAction":[{"@type":"ReadAction","target":["https:\/\/www.suno.com.br\/noticias\/ibovespa-abre-3010\/"]}]},{"@type":"ImageObject","inLanguage":"pt-BR","@id":"https:\/\/www.suno.com.br\/noticias\/ibovespa-abre-3010\/#primaryimage","url":"https:\/\/files.sunoresearch.com.br\/n\/uploads\/2018\/10\/0ccfc4a8-ibovespa-jpg.webp","contentUrl":"https:\/\/files.sunoresearch.com.br\/n\/uploads\/2018\/10\/0ccfc4a8-ibovespa-jpg.webp","width":1920,"height":1440,"caption":"O Ibovespa abriu em queda nesta quarta-feira (17), ap\u00f3s o feriado de Carnaval, seguindo as bolsas mundiais."},{"@type":"BreadcrumbList","@id":"https:\/\/www.suno.com.br\/noticias\/ibovespa-abre-3010\/#breadcrumb","itemListElement":[{"@type":"ListItem","position":1,"name":"Not\u00edcias","item":"https:\/\/www.suno.com.br\/noticias\/"},{"@type":"ListItem","position":2,"name":"Mercado","item":"https:\/\/www.suno.com.br\/noticias\/mercado\/"},{"@type":"ListItem","position":3,"name":"Ibovespa abre ter\u00e7a-feira com alta de +0,56%; d\u00f3lar cai para R$ 3,69"}]},{"@type":"WebSite","@id":"https:\/\/www.suno.com.br\/noticias\/#website","url":"https:\/\/www.suno.com.br\/noticias\/","name":"Suno Not\u00edcias","description":"Seu portal de informa\u00e7\u00e3o sobre o mundo dos investimentos","publisher":{"@id":"https:\/\/www.suno.com.br\/noticias\/#organization"},"potentialAction":[{"@type":"SearchAction","target":{"@type":"EntryPoint","urlTemplate":"https:\/\/www.suno.com.br\/noticias\/?s={search_term_string}"},"query-input":{"@type":"PropertyValueSpecification","valueRequired":true,"valueName":"search_term_string"}}],"inLanguage":"pt-BR"},{"@type":"Organization","@id":"https:\/\/www.suno.com.br\/noticias\/#organization","name":"Suno Not\u00edcias","url":"https:\/\/www.suno.com.br\/noticias\/","logo":{"@type":"ImageObject","inLanguage":"pt-BR","@id":"https:\/\/www.suno.com.br\/noticias\/#\/schema\/logo\/image\/","url":"https:\/\/files.sunoresearch.com.br\/n\/uploads\/2021\/09\/suno-logo.png","contentUrl":"https:\/\/files.sunoresearch.com.br\/n\/uploads\/2021\/09\/suno-logo.png","width":180,"height":180,"caption":"Suno Not\u00edcias"},"image":{"@id":"https:\/\/www.suno.com.br\/noticias\/#\/schema\/logo\/image\/"},"sameAs":["https:\/\/facebook.com\/sunoresearch","https:\/\/x.com\/sunoresearch","https:\/\/www.instagram.com\/suno","https:\/\/www.linkedin.com\/company\/suno-research\/","https:\/\/www.youtube.com\/c\/sunoresearch"]},{"@type":"Person","@id":"https:\/\/www.suno.com.br\/noticias\/#\/schema\/person\/ff5cc30ec6c0b55b6d3f3cfc4378b74e","name":"Mateus Vasconcellos","image":{"@type":"ImageObject","inLanguage":"pt-BR","@id":"https:\/\/www.suno.com.br\/noticias\/#\/schema\/person\/image\/","url":"https:\/\/secure.gravatar.com\/avatar\/8d725238a0ef7530bdf58578a222f948?s=96&r=g","contentUrl":"https:\/\/secure.gravatar.com\/avatar\/8d725238a0ef7530bdf58578a222f948?s=96&r=g","caption":"Mateus Vasconcellos"},"description":"Formado em jornalismo pela Universidade Presbiteriana Mackenzie, Mateus Vasconcellos escreve sobre o mercado financeiro para o portal de not\u00edcias da Suno Research. Antes da Suno, teve passagem pelo Observat\u00f3rio do Terceiro Setor e \u00e9 vencedor do 7\u00b0 Pr\u00eamio Jovem Jornalista Fernando Pacheco Jord\u00e3o.","sameAs":["https:\/\/www.suno.com.br","https:\/\/www.linkedin.com\/in\/mateus-vasconcellos-4b3542123\/"],"url":"https:\/\/www.suno.com.br\/noticias\/author\/mateus-vasconcellos\/"}]}},"default_loop_html":"<div class=\"cardsPage__listCard__boxs\"><div class=\"cardsPage__listCard__boxs__img\"><a href=\"https:\/\/www.suno.com.br\/noticias\/ibovespa-abre-3010\/\"><img class=\"mask\" src=\"https:\/\/www.suno.com.br\/noticias\/wp-content\/themes\/suno\/resources\/images\/spotlight\/spotlight1img\/bg-mask.png\" alt=\"Image Mask\"\/><img src=\"https:\/\/files.sunoresearch.com.br\/n\/uploads\/2018\/10\/0ccfc4a8-ibovespa-400x200.webp\" alt=\"Ibovespa abre ter\u00e7a-feira com alta de +0,56%; d\u00f3lar cai para R$ 3,69\"\/><\/a><span class=\"spotlightCategory\"><a href=\"https:\/\/www.suno.com.br\/noticias\/mercado\/\">Mercado<\/a><\/span><\/div><div class=\"cardsPage__listCard__boxs__content\"><a href=\"https:\/\/www.suno.com.br\/noticias\/ibovespa-abre-3010\/\"><h2 class=\"content__title\">Ibovespa abre ter\u00e7a-feira com alta de +0,56%; d\u00f3lar cai para R$ 3,69<\/h2><\/a><div class=\"newsContent__article__meta\"><div class=\"newsContent__article__meta__authorBox\"><a href=\"https:\/\/www.suno.com.br\/noticias\/author\/mateus-vasconcellos\/\" class=\"authorBox__avatar noMobi\"><img src=\"https:\/\/secure.gravatar.com\/avatar\/8d725238a0ef7530bdf58578a222f948?s=96&#038;r=g\" alt=\"Mateus Vasconcellos\"><\/a><div class=\"authorBox__name\"><span>por\n\t\t\t<a href=\"https:\/\/www.suno.com.br\/noticias\/author\/mateus-vasconcellos\/\"><span itemprop=\"author\">Mateus Vasconcellos<\/span><\/a><\/span><time datetime=\"2018-10-30T10:49:23-03:00\" itemprop=\"datePublished\">30\/10\/2018 10:49<\/time><\/div><\/div><\/div><\/div><\/div>","single_layout":"posts","amp_enabled":true,"_links":{"self":[{"href":"https:\/\/www.suno.com.br\/noticias\/wp-json\/wp\/v2\/posts\/5861"}],"collection":[{"href":"https:\/\/www.suno.com.br\/noticias\/wp-json\/wp\/v2\/posts"}],"about":[{"href":"https:\/\/www.suno.com.br\/noticias\/wp-json\/wp\/v2\/types\/post"}],"author":[{"embeddable":true,"href":"https:\/\/www.suno.com.br\/noticias\/wp-json\/wp\/v2\/users\/7"}],"replies":[{"embeddable":true,"href":"https:\/\/www.suno.com.br\/noticias\/wp-json\/wp\/v2\/comments?post=5861"}],"version-history":[{"count":0,"href":"https:\/\/www.suno.com.br\/noticias\/wp-json\/wp\/v2\/posts\/5861\/revisions"}],"wp:featuredmedia":[{"embeddable":true,"href":"https:\/\/www.suno.com.br\/noticias\/wp-json\/wp\/v2\/media\/4617"}],"wp:attachment":[{"href":"https:\/\/www.suno.com.br\/noticias\/wp-json\/wp\/v2\/media?parent=5861"}],"wp:term":[{"taxonomy":"category","embeddable":true,"href":"https:\/\/www.suno.com.br\/noticias\/wp-json\/wp\/v2\/categories?post=5861"},{"taxonomy":"post_tag","embeddable":true,"href":"https:\/\/www.suno.com.br\/noticias\/wp-json\/wp\/v2\/tags?post=5861"},{"taxonomy":"suno_strategy","embeddable":true,"href":"https:\/\/www.suno.com.br\/noticias\/wp-json\/wp\/v2\/suno_strategy?post=5861"}],"curies":[{"name":"wp","href":"https:\/\/api.w.org\/{rel}","templated":true}]}}